{"id":27721,"date":"2015-10-03T22:13:33","date_gmt":"2015-10-04T01:13:33","guid":{"rendered":"http:\/\/www.estrategiaconcursos.com.br\/blog\/?p=27721"},"modified":"2015-10-05T17:07:44","modified_gmt":"2015-10-05T20:07:44","slug":"prosa-tributaria-isencao-x-remissao-x-anistia","status":"publish","type":"post","link":"https:\/\/www.estrategiaconcursos.com.br\/blog\/prosa-tributaria-isencao-x-remissao-x-anistia\/","title":{"rendered":"Prosa Tribut\u00e1ria: Remiss\u00e3o x Isen\u00e7\u00e3o x Anistia"},"content":{"rendered":"<p>Ol\u00e1, amigas e amigos concurseiros!<\/p>\n<p>No \u00faltimo dia 30 de setembro recebi um e-mail de um aluno perguntando sobre o programa de anistia empreendido pelo Governo do Estado do Rio de Janeiro. Na oportunidade, ele me perguntou se era correto utilizar o temo para perdoar d\u00edvidas tribut\u00e1rias por esse ente pol\u00edtico, tanto em rela\u00e7\u00e3o a tributos (no caso, do IPVA) quanto a multa e a juros morat\u00f3rios.<\/p>\n<p>Confesso que n\u00e3o cheguei a ver a manchete, o tema e a propaganda por ele citadas, ent\u00e3o n\u00e3o posso dizer com certeza o que realmente foi veiculado. Tomarei por base apenas o que ele me contou. Na verdade, o que importa \u00e9 o pano de fundo para o nosso post de hoje, ok?<\/p>\n<p>Afr\u00e2nio, o ilustre que me mandou o e-mail, perguntou-me se seria correto anistiar o valor do IPVA, que \u00e9 um tributo, em regra, sujeito a lan\u00e7amento de of\u00edcio, bem como juros e multas devidos. Perguntou ainda se era correto anistiar apenas os juros e as multas, ou se deveria ser tudo.<\/p>\n<p>Inicialmente, a anistia, tecnicamente, \u00e9 o perd\u00e3o relativo a valores que seriam lan\u00e7ados relativamente a penalidades pecuni\u00e1rias a serem aplicadas ao sujeito passivo que descumpre o previsto na legisla\u00e7\u00e3o tribut\u00e1ria, no caso, do Estado do Rio de Janeiro.<\/p>\n<p>Por exemplo, Danilo, quanto ao ano-calend\u00e1rio 2013, deixou de pagar determinado valor de ICMS ao Fisco fluminense, o que, conforme a legisla\u00e7\u00e3o do Estado do Rio de Janeiro, importa em aplica\u00e7\u00e3o de multa por descumprimento de obriga\u00e7\u00e3o tribut\u00e1ria principal. Acontece que, at\u00e9 setembro de 2015, Danilo n\u00e3o efetuou qualquer pagamento, e nem o Fisco, em raz\u00e3o de alguma circunst\u00e2ncia, chegou a cobrar valor algum dele, seja quanto ao tributo seja quanto \u00e0 multa pecuni\u00e1ria.<\/p>\n<p>Contudo, em raz\u00e3o de alguma peculiaridade, por exemplo, a Assembleia Legislativa do Estado do Rio de Janeiro, em 1\u00ba de outubro, visando trazer os contribuintes para a regularidade, editou lei anistiando qualquer imposi\u00e7\u00e3o de multa quanto ao ICMS n\u00e3o pago nos anos-calend\u00e1rio 2010 a 2014, desde que fossem pagos os valores devidos quanto ao ICMS. Al\u00e9m da multa pecuni\u00e1ria, dispensou ainda os juros de mora devidos em raz\u00e3o do atraso.<\/p>\n<p>A anistia, juntamente com a isen\u00e7\u00e3o, \u00e9 uma modalidade de exclus\u00e3o do cr\u00e9dito tribut\u00e1rio, presente no artigo 175, II, do CNT (a isen\u00e7\u00e3o est\u00e1 presente no inciso I). Assim, a anistia, quando \u00e9 concedida, se verifica <strong>antes de qualquer lan\u00e7amento tribut\u00e1rio<\/strong> empreendido pela Fazenda P\u00fablica, o mesmo ocorrendo quanto \u00e0 isen\u00e7\u00e3o. Uma vez lan\u00e7ados os valores, n\u00e3o cabe mais falar em anistia, j\u00e1 que estaremos diante de cr\u00e9ditos j\u00e1 constitu\u00eddos, ainda que n\u00e3o definitivamente. O mesmo ocorre, novamente, quanto a isen\u00e7\u00e3o.<\/p>\n<p>A diferen\u00e7a entre a anistia e a <strong>isen\u00e7\u00e3o<\/strong> \u00e9 que essa \u00e9 o <strong>perd\u00e3o relativo a penalidades pecuni\u00e1rias<\/strong>, enquanto a <strong>isen\u00e7\u00e3o<\/strong> \u00e9 <strong>relativa aos tributos em si<\/strong>. Ambas, repito, se verificam <strong>antes<\/strong> do lan\u00e7amento tribut\u00e1rio.<\/p>\n<p>E se os valores j\u00e1 estiverem lan\u00e7ados, como ocorrer\u00e1 esse perd\u00e3o tribut\u00e1rio? N\u00e3o poder\u00e1 mais ser concedido? Simples: por meio da concess\u00e3o de uma remiss\u00e3o tribut\u00e1ria, que \u00e9 uma modalidade de extin\u00e7\u00e3o do cr\u00e9dito tribut\u00e1rio, presente nos artigos 156, IV, e 172, ambos do CTN. A remiss\u00e3o se d\u00e1 tanto em rela\u00e7\u00e3o ao tributo quanto em rela\u00e7\u00e3o a demais valores, como multas e juros de mora. Assim entende a maioria da doutrina e da jurisprud\u00eancia do nosso pa\u00eds.<\/p>\n<p>Para a doutrina minorit\u00e1ria, a anistia abrange o perd\u00e3o de penalidades devidas tanto antes quanto depois do lan\u00e7amento tribut\u00e1rio, enquanto que a isen\u00e7\u00e3o e a remiss\u00e3o, conforme o caso, cuidam apenas dos tributos, dispensando-os. Esse \u00e9 o posicionamento, por exemplo, do eminente Professor Luciano Amaro, mas que, repito, n\u00e3o \u00e9 seguido pela maior parte da doutrina. E, especialmente, pelas bancas organizadoras de concursos.<\/p>\n<p>Assim, para o caso do Rio de Janeiro, e que pode ser aplicado a qualquer ente pol\u00edtico, devemos analisar caso a caso para sabermos se estamos diante de uma anistia ou de uma remiss\u00e3o tribut\u00e1ria, a menos que estejamos adotando a teoria do citado Professor.<\/p>\n<p>Se o cr\u00e9dito tribut\u00e1rio relativo ao IPVA j\u00e1 estiver devidamente lan\u00e7ado, estaremos diante de uma remiss\u00e3o, o que abrange as multas e juros eventualmente tamb\u00e9m lan\u00e7ados (que \u00e9 o mais comum, j\u00e1 que estamos falando de tributos atrasados e ainda n\u00e3o pagos).<\/p>\n<p>Se estivermos diante de valores ainda a serem lan\u00e7ados, estaremos diante de uma anistia, considerando que, normalmente, os Governos n\u00e3o dispensam, tamb\u00e9m, o pagamento do tributo devido, e, sim, apenas as penalidades pecuni\u00e1rias que normalmente seriam aplicadas (e eventualmente os juros que seriam aplicados). Havendo o perd\u00e3o, inclusive, do tributo, teremos uma isen\u00e7\u00e3o, ainda que de forma parcial.<\/p>\n<p>E ent\u00e3o por que o Governo fala claramente em anistia? Tecnicamente n\u00e3o \u00e9, como comentei. Por\u00e9m, acredito que utilizar o termo \u201canistia\u201d seja bem mais chamativo e apelativo do que utilizar o termo remiss\u00e3o, para o caso de cr\u00e9dito tribut\u00e1rio j\u00e1 lan\u00e7ado. Se estivermos diante de cr\u00e9dito tribut\u00e1rio n\u00e3o lan\u00e7ado, a utiliza\u00e7\u00e3o do termo anistia est\u00e1 perfeitamente correta.<\/p>\n<p>Entendeu bem a diferen\u00e7a? Para cr\u00e9dito tribut\u00e1rio ainda a ser lan\u00e7ado, a dispensa do pagamento de tributo dar-se-\u00e1 por meio da concess\u00e3o de uma isen\u00e7\u00e3o (artigos 175, I, e 176 a 179 do CTN), enquanto que de penalidades pecuni\u00e1rias e juros de mora, por meio da concess\u00e3o de anistia (artigos 175, II, e 180 a 182 do CTN). Se estivermos diante da dispensa legal de pagamento de cr\u00e9dito tribut\u00e1rio j\u00e1 lan\u00e7ado, seja em rela\u00e7\u00e3o a tributo e\/ou multa pecuni\u00e1ria, estaremos diante da concess\u00e3o de uma remiss\u00e3o tribut\u00e1ria, regulada nos artigos 156, IV, e 172 do CTN. Exceto, como falei, se adotarmos a teoria sustentada pelo Professor Luciano Amaro, que representa o pensamento da doutrina minorit\u00e1ria.<\/p>\n<p><a href=\"https:\/\/dhg1h5j42swfq.cloudfront.net\/2015\/10\/03221033\/Sem-t%C3%ADtulo1.jpg\"><img loading=\"lazy\" decoding=\"async\" class=\"  wp-image-27722 aligncenter\" src=\"https:\/\/dhg1h5j42swfq.cloudfront.net\/2015\/10\/03221033\/Sem-t%C3%ADtulo1-300x168.jpg\" alt=\"Sem t\u00edtulo1\" width=\"513\" height=\"293\" \/><\/a><\/p>\n<p>Por hoje \u00e9 s\u00f3, espartanos! At\u00e9 a pr\u00f3xima! E bons estudos.<\/p>\n<p style=\"text-align: center\"><a href=\"www.facebook.com\/prosatributaria\" target=\"_blank\">www.facebook.com\/prosatributaria<\/a><\/p>\n<p style=\"text-align: center\"><a href=\"www.facebook\/aluisioalneto\" target=\"_blank\">www.facebook\/aluisioalneto<\/a><\/p>\n<p style=\"text-align: center\"><a href=\"mailto:aluisioalneto@gmail.com\">aluisioalneto@gmail.com<\/a><\/p>\n","protected":false},"excerpt":{"rendered":"<p>Ol\u00e1, amigas e amigos concurseiros! No \u00faltimo dia 30 de setembro recebi um e-mail de um aluno perguntando sobre o programa de anistia empreendido pelo Governo do Estado do Rio de Janeiro. Na oportunidade, ele me perguntou se era correto utilizar o temo para perdoar d\u00edvidas tribut\u00e1rias por esse ente pol\u00edtico, tanto em rela\u00e7\u00e3o a [&hellip;]<\/p>\n","protected":false},"author":3,"featured_media":0,"comment_status":"open","ping_status":"open","sticky":false,"template":"","format":"standard","meta":{"post_tipo":"article","footnotes":""},"categories":[],"tags":[535],"tax_estado":[],"class_list":["post-27721","post","type-post","status-publish","format-standard","hentry","tag-direito-tributario"],"acf":[],"yoast_head":"<!-- This site is optimized with the Yoast SEO Premium plugin v27.2 (Yoast SEO v27.2) - https:\/\/yoast.com\/product\/yoast-seo-premium-wordpress\/ -->\n<title>Prosa Tribut\u00e1ria: Remiss\u00e3o x Isen\u00e7\u00e3o x Anistia<\/title>\n<meta name=\"robots\" content=\"index, follow, max-snippet:-1, max-image-preview:large, max-video-preview:-1\" \/>\n<link rel=\"canonical\" href=\"https:\/\/www.estrategiaconcursos.com.br\/blog\/prosa-tributaria-isencao-x-remissao-x-anistia\/\" \/>\n<meta property=\"og:locale\" content=\"pt_BR\" \/>\n<meta property=\"og:type\" content=\"article\" \/>\n<meta property=\"og:title\" content=\"Prosa Tribut\u00e1ria: Remiss\u00e3o x Isen\u00e7\u00e3o x Anistia\" \/>\n<meta property=\"og:description\" content=\"Ol\u00e1, amigas e amigos concurseiros! No \u00faltimo dia 30 de setembro recebi um e-mail de um aluno perguntando sobre o programa de anistia empreendido pelo Governo do Estado do Rio de Janeiro. Na oportunidade, ele me perguntou se era correto utilizar o temo para perdoar d\u00edvidas tribut\u00e1rias por esse ente pol\u00edtico, tanto em rela\u00e7\u00e3o a [&hellip;]\" \/>\n<meta property=\"og:url\" content=\"https:\/\/www.estrategiaconcursos.com.br\/blog\/prosa-tributaria-isencao-x-remissao-x-anistia\/\" \/>\n<meta property=\"og:site_name\" content=\"Estrat\u00e9gia Concursos\" \/>\n<meta property=\"article:author\" content=\"http:\/\/www.facebook.com\/aluisioalneto\" \/>\n<meta property=\"article:published_time\" content=\"2015-10-04T01:13:33+00:00\" \/>\n<meta property=\"article:modified_time\" content=\"2015-10-05T20:07:44+00:00\" \/>\n<meta property=\"og:image\" content=\"https:\/\/dhg1h5j42swfq.cloudfront.net\/2015\/10\/03221033\/Sem-t%C3%ADtulo1-300x168.jpg\" \/>\n<meta name=\"author\" content=\"Aluisio Neto\" \/>\n<meta name=\"twitter:card\" content=\"summary_large_image\" \/>\n<meta name=\"twitter:creator\" content=\"@EstratConcursos\" \/>\n<meta name=\"twitter:site\" content=\"@EstratConcursos\" \/>\n<meta name=\"twitter:label1\" content=\"Escrito por\" \/>\n\t<meta name=\"twitter:data1\" content=\"Aluisio Neto\" \/>\n\t<meta name=\"twitter:label2\" content=\"Est. tempo de leitura\" \/>\n\t<meta name=\"twitter:data2\" content=\"5 minutos\" \/>\n<script type=\"application\/ld+json\" class=\"yoast-schema-graph\">{\"@context\":\"https:\/\/schema.org\",\"@graph\":[{\"@type\":\"NewsArticle\",\"@id\":\"https:\/\/www.estrategiaconcursos.com.br\/blog\/prosa-tributaria-isencao-x-remissao-x-anistia\/#article\",\"isPartOf\":{\"@id\":\"https:\/\/www.estrategiaconcursos.com.br\/blog\/prosa-tributaria-isencao-x-remissao-x-anistia\/\"},\"author\":{\"name\":\"Aluisio Neto\",\"@id\":\"https:\/\/www.estrategiaconcursos.com.br\/blog\/#\/schema\/person\/ffa88acf2785fd114e519e068a27ca9e\"},\"headline\":\"Prosa Tribut\u00e1ria: Remiss\u00e3o x Isen\u00e7\u00e3o x Anistia\",\"datePublished\":\"2015-10-04T01:13:33+00:00\",\"dateModified\":\"2015-10-05T20:07:44+00:00\",\"mainEntityOfPage\":{\"@id\":\"https:\/\/www.estrategiaconcursos.com.br\/blog\/prosa-tributaria-isencao-x-remissao-x-anistia\/\"},\"wordCount\":1049,\"commentCount\":9,\"publisher\":{\"@id\":\"https:\/\/www.estrategiaconcursos.com.br\/blog\/#organization\"},\"image\":{\"@id\":\"https:\/\/www.estrategiaconcursos.com.br\/blog\/prosa-tributaria-isencao-x-remissao-x-anistia\/#primaryimage\"},\"thumbnailUrl\":\"https:\/\/dhg1h5j42swfq.cloudfront.net\/2015\/10\/03221033\/Sem-t%C3%ADtulo1-300x168.jpg\",\"keywords\":[\"Direito Tribut\u00e1rio\"],\"inLanguage\":\"pt-BR\",\"potentialAction\":[{\"@type\":\"CommentAction\",\"name\":\"Comment\",\"target\":[\"https:\/\/www.estrategiaconcursos.com.br\/blog\/prosa-tributaria-isencao-x-remissao-x-anistia\/#respond\"]}],\"copyrightYear\":\"2015\",\"copyrightHolder\":{\"@id\":\"https:\/\/www.estrategiaconcursos.com.br\/blog\/#organization\"}},{\"@type\":\"WebPage\",\"@id\":\"https:\/\/www.estrategiaconcursos.com.br\/blog\/prosa-tributaria-isencao-x-remissao-x-anistia\/\",\"url\":\"https:\/\/www.estrategiaconcursos.com.br\/blog\/prosa-tributaria-isencao-x-remissao-x-anistia\/\",\"name\":\"Prosa Tribut\u00e1ria: Remiss\u00e3o x Isen\u00e7\u00e3o x Anistia\",\"isPartOf\":{\"@id\":\"https:\/\/www.estrategiaconcursos.com.br\/blog\/#website\"},\"primaryImageOfPage\":{\"@id\":\"https:\/\/www.estrategiaconcursos.com.br\/blog\/prosa-tributaria-isencao-x-remissao-x-anistia\/#primaryimage\"},\"image\":{\"@id\":\"https:\/\/www.estrategiaconcursos.com.br\/blog\/prosa-tributaria-isencao-x-remissao-x-anistia\/#primaryimage\"},\"thumbnailUrl\":\"https:\/\/dhg1h5j42swfq.cloudfront.net\/2015\/10\/03221033\/Sem-t%C3%ADtulo1-300x168.jpg\",\"datePublished\":\"2015-10-04T01:13:33+00:00\",\"dateModified\":\"2015-10-05T20:07:44+00:00\",\"breadcrumb\":{\"@id\":\"https:\/\/www.estrategiaconcursos.com.br\/blog\/prosa-tributaria-isencao-x-remissao-x-anistia\/#breadcrumb\"},\"inLanguage\":\"pt-BR\",\"potentialAction\":[{\"@type\":\"ReadAction\",\"target\":[\"https:\/\/www.estrategiaconcursos.com.br\/blog\/prosa-tributaria-isencao-x-remissao-x-anistia\/\"]}]},{\"@type\":\"ImageObject\",\"inLanguage\":\"pt-BR\",\"@id\":\"https:\/\/www.estrategiaconcursos.com.br\/blog\/prosa-tributaria-isencao-x-remissao-x-anistia\/#primaryimage\",\"url\":\"https:\/\/dhg1h5j42swfq.cloudfront.net\/2015\/10\/03221033\/Sem-t%C3%ADtulo1-300x168.jpg\",\"contentUrl\":\"https:\/\/dhg1h5j42swfq.cloudfront.net\/2015\/10\/03221033\/Sem-t%C3%ADtulo1-300x168.jpg\"},{\"@type\":\"BreadcrumbList\",\"@id\":\"https:\/\/www.estrategiaconcursos.com.br\/blog\/prosa-tributaria-isencao-x-remissao-x-anistia\/#breadcrumb\",\"itemListElement\":[{\"@type\":\"ListItem\",\"position\":1,\"name\":\"In\u00edcio\",\"item\":\"https:\/\/www.estrategiaconcursos.com.br\/blog\/\"},{\"@type\":\"ListItem\",\"position\":2,\"name\":\"Prosa Tribut\u00e1ria: Remiss\u00e3o x Isen\u00e7\u00e3o x Anistia\"}]},{\"@type\":\"WebSite\",\"@id\":\"https:\/\/www.estrategiaconcursos.com.br\/blog\/#website\",\"url\":\"https:\/\/www.estrategiaconcursos.com.br\/blog\/\",\"name\":\"Estrat\u00e9gia Concursos\",\"description\":\"O blog da Estrat\u00e9gia Concursos traz not\u00edcias sobre concursos e artigos de professores oferecendo cursos para concursos (pdf + videaulas) no site.\",\"publisher\":{\"@id\":\"https:\/\/www.estrategiaconcursos.com.br\/blog\/#organization\"},\"potentialAction\":[{\"@type\":\"SearchAction\",\"target\":{\"@type\":\"EntryPoint\",\"urlTemplate\":\"https:\/\/www.estrategiaconcursos.com.br\/blog\/?s={search_term_string}\"},\"query-input\":{\"@type\":\"PropertyValueSpecification\",\"valueRequired\":true,\"valueName\":\"search_term_string\"}}],\"inLanguage\":\"pt-BR\"},{\"@type\":\"Organization\",\"@id\":\"https:\/\/www.estrategiaconcursos.com.br\/blog\/#organization\",\"name\":\"Estrat\u00e9gia Concursos\",\"url\":\"https:\/\/www.estrategiaconcursos.com.br\/blog\/\",\"logo\":{\"@type\":\"ImageObject\",\"inLanguage\":\"pt-BR\",\"@id\":\"https:\/\/www.estrategiaconcursos.com.br\/blog\/#\/schema\/logo\/image\/\",\"url\":\"https:\/\/dhg1h5j42swfq.cloudfront.net\/2025\/06\/03203428\/logo_concursos-1.jpg\",\"contentUrl\":\"https:\/\/dhg1h5j42swfq.cloudfront.net\/2025\/06\/03203428\/logo_concursos-1.jpg\",\"width\":230,\"height\":60,\"caption\":\"Estrat\u00e9gia Concursos\"},\"image\":{\"@id\":\"https:\/\/www.estrategiaconcursos.com.br\/blog\/#\/schema\/logo\/image\/\"},\"sameAs\":[\"https:\/\/x.com\/EstratConcursos\"]},{\"@type\":\"Person\",\"@id\":\"https:\/\/www.estrategiaconcursos.com.br\/blog\/#\/schema\/person\/ffa88acf2785fd114e519e068a27ca9e\",\"name\":\"Aluisio Neto\",\"image\":{\"@type\":\"ImageObject\",\"inLanguage\":\"pt-BR\",\"@id\":\"https:\/\/secure.gravatar.com\/avatar\/5e333cb4a6d2e4dee8f33229d897634efd36084098a6da40059f6aa20b1c6dc2?s=96&d=mm&r=g\",\"url\":\"https:\/\/secure.gravatar.com\/avatar\/5e333cb4a6d2e4dee8f33229d897634efd36084098a6da40059f6aa20b1c6dc2?s=96&d=mm&r=g\",\"contentUrl\":\"https:\/\/secure.gravatar.com\/avatar\/5e333cb4a6d2e4dee8f33229d897634efd36084098a6da40059f6aa20b1c6dc2?s=96&d=mm&r=g\",\"caption\":\"Aluisio Neto\"},\"sameAs\":[\"http:\/\/www.facebook.com\/aluisioalneto\"],\"url\":\"https:\/\/www.estrategiaconcursos.com.br\/blog\/author\/aluisionetoestrategiaconcursos-com-br\/\"}]}<\/script>\n<!-- \/ Yoast SEO Premium plugin. -->","yoast_head_json":{"title":"Prosa Tribut\u00e1ria: Remiss\u00e3o x Isen\u00e7\u00e3o x Anistia","robots":{"index":"index","follow":"follow","max-snippet":"max-snippet:-1","max-image-preview":"max-image-preview:large","max-video-preview":"max-video-preview:-1"},"canonical":"https:\/\/www.estrategiaconcursos.com.br\/blog\/prosa-tributaria-isencao-x-remissao-x-anistia\/","og_locale":"pt_BR","og_type":"article","og_title":"Prosa Tribut\u00e1ria: Remiss\u00e3o x Isen\u00e7\u00e3o x Anistia","og_description":"Ol\u00e1, amigas e amigos concurseiros! No \u00faltimo dia 30 de setembro recebi um e-mail de um aluno perguntando sobre o programa de anistia empreendido pelo Governo do Estado do Rio de Janeiro. Na oportunidade, ele me perguntou se era correto utilizar o temo para perdoar d\u00edvidas tribut\u00e1rias por esse ente pol\u00edtico, tanto em rela\u00e7\u00e3o a [&hellip;]","og_url":"https:\/\/www.estrategiaconcursos.com.br\/blog\/prosa-tributaria-isencao-x-remissao-x-anistia\/","og_site_name":"Estrat\u00e9gia Concursos","article_author":"http:\/\/www.facebook.com\/aluisioalneto","article_published_time":"2015-10-04T01:13:33+00:00","article_modified_time":"2015-10-05T20:07:44+00:00","og_image":[{"url":"https:\/\/dhg1h5j42swfq.cloudfront.net\/2015\/10\/03221033\/Sem-t%C3%ADtulo1-300x168.jpg","type":"","width":"","height":""}],"author":"Aluisio Neto","twitter_card":"summary_large_image","twitter_creator":"@EstratConcursos","twitter_site":"@EstratConcursos","twitter_misc":{"Escrito por":"Aluisio Neto","Est. tempo de leitura":"5 minutos"},"schema":{"@context":"https:\/\/schema.org","@graph":[{"@type":"NewsArticle","@id":"https:\/\/www.estrategiaconcursos.com.br\/blog\/prosa-tributaria-isencao-x-remissao-x-anistia\/#article","isPartOf":{"@id":"https:\/\/www.estrategiaconcursos.com.br\/blog\/prosa-tributaria-isencao-x-remissao-x-anistia\/"},"author":{"name":"Aluisio Neto","@id":"https:\/\/www.estrategiaconcursos.com.br\/blog\/#\/schema\/person\/ffa88acf2785fd114e519e068a27ca9e"},"headline":"Prosa Tribut\u00e1ria: Remiss\u00e3o x Isen\u00e7\u00e3o x Anistia","datePublished":"2015-10-04T01:13:33+00:00","dateModified":"2015-10-05T20:07:44+00:00","mainEntityOfPage":{"@id":"https:\/\/www.estrategiaconcursos.com.br\/blog\/prosa-tributaria-isencao-x-remissao-x-anistia\/"},"wordCount":1049,"commentCount":9,"publisher":{"@id":"https:\/\/www.estrategiaconcursos.com.br\/blog\/#organization"},"image":{"@id":"https:\/\/www.estrategiaconcursos.com.br\/blog\/prosa-tributaria-isencao-x-remissao-x-anistia\/#primaryimage"},"thumbnailUrl":"https:\/\/dhg1h5j42swfq.cloudfront.net\/2015\/10\/03221033\/Sem-t%C3%ADtulo1-300x168.jpg","keywords":["Direito Tribut\u00e1rio"],"inLanguage":"pt-BR","potentialAction":[{"@type":"CommentAction","name":"Comment","target":["https:\/\/www.estrategiaconcursos.com.br\/blog\/prosa-tributaria-isencao-x-remissao-x-anistia\/#respond"]}],"copyrightYear":"2015","copyrightHolder":{"@id":"https:\/\/www.estrategiaconcursos.com.br\/blog\/#organization"}},{"@type":"WebPage","@id":"https:\/\/www.estrategiaconcursos.com.br\/blog\/prosa-tributaria-isencao-x-remissao-x-anistia\/","url":"https:\/\/www.estrategiaconcursos.com.br\/blog\/prosa-tributaria-isencao-x-remissao-x-anistia\/","name":"Prosa Tribut\u00e1ria: Remiss\u00e3o x Isen\u00e7\u00e3o x Anistia","isPartOf":{"@id":"https:\/\/www.estrategiaconcursos.com.br\/blog\/#website"},"primaryImageOfPage":{"@id":"https:\/\/www.estrategiaconcursos.com.br\/blog\/prosa-tributaria-isencao-x-remissao-x-anistia\/#primaryimage"},"image":{"@id":"https:\/\/www.estrategiaconcursos.com.br\/blog\/prosa-tributaria-isencao-x-remissao-x-anistia\/#primaryimage"},"thumbnailUrl":"https:\/\/dhg1h5j42swfq.cloudfront.net\/2015\/10\/03221033\/Sem-t%C3%ADtulo1-300x168.jpg","datePublished":"2015-10-04T01:13:33+00:00","dateModified":"2015-10-05T20:07:44+00:00","breadcrumb":{"@id":"https:\/\/www.estrategiaconcursos.com.br\/blog\/prosa-tributaria-isencao-x-remissao-x-anistia\/#breadcrumb"},"inLanguage":"pt-BR","potentialAction":[{"@type":"ReadAction","target":["https:\/\/www.estrategiaconcursos.com.br\/blog\/prosa-tributaria-isencao-x-remissao-x-anistia\/"]}]},{"@type":"ImageObject","inLanguage":"pt-BR","@id":"https:\/\/www.estrategiaconcursos.com.br\/blog\/prosa-tributaria-isencao-x-remissao-x-anistia\/#primaryimage","url":"https:\/\/dhg1h5j42swfq.cloudfront.net\/2015\/10\/03221033\/Sem-t%C3%ADtulo1-300x168.jpg","contentUrl":"https:\/\/dhg1h5j42swfq.cloudfront.net\/2015\/10\/03221033\/Sem-t%C3%ADtulo1-300x168.jpg"},{"@type":"BreadcrumbList","@id":"https:\/\/www.estrategiaconcursos.com.br\/blog\/prosa-tributaria-isencao-x-remissao-x-anistia\/#breadcrumb","itemListElement":[{"@type":"ListItem","position":1,"name":"In\u00edcio","item":"https:\/\/www.estrategiaconcursos.com.br\/blog\/"},{"@type":"ListItem","position":2,"name":"Prosa Tribut\u00e1ria: Remiss\u00e3o x Isen\u00e7\u00e3o x Anistia"}]},{"@type":"WebSite","@id":"https:\/\/www.estrategiaconcursos.com.br\/blog\/#website","url":"https:\/\/www.estrategiaconcursos.com.br\/blog\/","name":"Estrat\u00e9gia Concursos","description":"O blog da Estrat\u00e9gia Concursos traz not\u00edcias sobre concursos e artigos de professores oferecendo cursos para concursos (pdf + videaulas) no site.","publisher":{"@id":"https:\/\/www.estrategiaconcursos.com.br\/blog\/#organization"},"potentialAction":[{"@type":"SearchAction","target":{"@type":"EntryPoint","urlTemplate":"https:\/\/www.estrategiaconcursos.com.br\/blog\/?s={search_term_string}"},"query-input":{"@type":"PropertyValueSpecification","valueRequired":true,"valueName":"search_term_string"}}],"inLanguage":"pt-BR"},{"@type":"Organization","@id":"https:\/\/www.estrategiaconcursos.com.br\/blog\/#organization","name":"Estrat\u00e9gia Concursos","url":"https:\/\/www.estrategiaconcursos.com.br\/blog\/","logo":{"@type":"ImageObject","inLanguage":"pt-BR","@id":"https:\/\/www.estrategiaconcursos.com.br\/blog\/#\/schema\/logo\/image\/","url":"https:\/\/dhg1h5j42swfq.cloudfront.net\/2025\/06\/03203428\/logo_concursos-1.jpg","contentUrl":"https:\/\/dhg1h5j42swfq.cloudfront.net\/2025\/06\/03203428\/logo_concursos-1.jpg","width":230,"height":60,"caption":"Estrat\u00e9gia Concursos"},"image":{"@id":"https:\/\/www.estrategiaconcursos.com.br\/blog\/#\/schema\/logo\/image\/"},"sameAs":["https:\/\/x.com\/EstratConcursos"]},{"@type":"Person","@id":"https:\/\/www.estrategiaconcursos.com.br\/blog\/#\/schema\/person\/ffa88acf2785fd114e519e068a27ca9e","name":"Aluisio Neto","image":{"@type":"ImageObject","inLanguage":"pt-BR","@id":"https:\/\/secure.gravatar.com\/avatar\/5e333cb4a6d2e4dee8f33229d897634efd36084098a6da40059f6aa20b1c6dc2?s=96&d=mm&r=g","url":"https:\/\/secure.gravatar.com\/avatar\/5e333cb4a6d2e4dee8f33229d897634efd36084098a6da40059f6aa20b1c6dc2?s=96&d=mm&r=g","contentUrl":"https:\/\/secure.gravatar.com\/avatar\/5e333cb4a6d2e4dee8f33229d897634efd36084098a6da40059f6aa20b1c6dc2?s=96&d=mm&r=g","caption":"Aluisio Neto"},"sameAs":["http:\/\/www.facebook.com\/aluisioalneto"],"url":"https:\/\/www.estrategiaconcursos.com.br\/blog\/author\/aluisionetoestrategiaconcursos-com-br\/"}]}},"_links":{"self":[{"href":"https:\/\/www.estrategiaconcursos.com.br\/blog\/wp-json\/wp\/v2\/posts\/27721","targetHints":{"allow":["GET"]}}],"collection":[{"href":"https:\/\/www.estrategiaconcursos.com.br\/blog\/wp-json\/wp\/v2\/posts"}],"about":[{"href":"https:\/\/www.estrategiaconcursos.com.br\/blog\/wp-json\/wp\/v2\/types\/post"}],"author":[{"embeddable":true,"href":"https:\/\/www.estrategiaconcursos.com.br\/blog\/wp-json\/wp\/v2\/users\/3"}],"replies":[{"embeddable":true,"href":"https:\/\/www.estrategiaconcursos.com.br\/blog\/wp-json\/wp\/v2\/comments?post=27721"}],"version-history":[{"count":4,"href":"https:\/\/www.estrategiaconcursos.com.br\/blog\/wp-json\/wp\/v2\/posts\/27721\/revisions"}],"predecessor-version":[{"id":27726,"href":"https:\/\/www.estrategiaconcursos.com.br\/blog\/wp-json\/wp\/v2\/posts\/27721\/revisions\/27726"}],"wp:attachment":[{"href":"https:\/\/www.estrategiaconcursos.com.br\/blog\/wp-json\/wp\/v2\/media?parent=27721"}],"wp:term":[{"taxonomy":"category","embeddable":true,"href":"https:\/\/www.estrategiaconcursos.com.br\/blog\/wp-json\/wp\/v2\/categories?post=27721"},{"taxonomy":"post_tag","embeddable":true,"href":"https:\/\/www.estrategiaconcursos.com.br\/blog\/wp-json\/wp\/v2\/tags?post=27721"},{"taxonomy":"tax_estado","embeddable":true,"href":"https:\/\/www.estrategiaconcursos.com.br\/blog\/wp-json\/wp\/v2\/tax_estado?post=27721"}],"curies":[{"name":"wp","href":"https:\/\/api.w.org\/{rel}","templated":true}]}}