{"id":27709,"date":"2015-10-02T22:46:33","date_gmt":"2015-10-03T01:46:33","guid":{"rendered":"http:\/\/www.estrategiaconcursos.com.br\/blog\/?p=27709"},"modified":"2015-10-04T17:28:54","modified_gmt":"2015-10-04T20:28:54","slug":"curso-de-discursivas-de-conhecimentos-especificos-trt-da-9a-regiao-trtpr","status":"publish","type":"post","link":"https:\/\/www.estrategiaconcursos.com.br\/blog\/curso-de-discursivas-de-conhecimentos-especificos-trt-da-9a-regiao-trtpr\/","title":{"rendered":"Curso de Discursivas de Conhecimentos Espec\u00edficos &#8211; TRT da 9\u00aa Regi\u00e3o (TRT\/PR)"},"content":{"rendered":"<p style=\"text-align: justify\"><a href=\"https:\/\/dhg1h5j42swfq.cloudfront.net\/2015\/10\/02224543\/2hand_writing.jpg\"><img loading=\"lazy\" decoding=\"async\" class=\" size-medium wp-image-27710 alignleft\" src=\"https:\/\/dhg1h5j42swfq.cloudfront.net\/2015\/10\/02224543\/2hand_writing-300x300.jpg\" alt=\"2hand_writing\" width=\"300\" height=\"300\" srcset=\"https:\/\/dhg1h5j42swfq.cloudfront.net\/2015\/10\/02224543\/2hand_writing.jpg 300w, https:\/\/dhg1h5j42swfq.cloudfront.net\/2015\/10\/02224543\/2hand_writing.jpg 150w, https:\/\/dhg1h5j42swfq.cloudfront.net\/2015\/10\/02224543\/2hand_writing.jpg 420w\" sizes=\"auto, (max-width: 300px) 100vw, 300px\" \/><\/a>Ol\u00e1 pessoal! Estamos aqui para apresentar nosso <strong>Curso de Discursivas de Conhecimentos Espec\u00edficos<\/strong> para concurso do <strong>Tribunal Regional da 9\u00aa Regi\u00e3o (TRT\/PR) SEM CORRE\u00c7\u00c3O INDIVIDUAL<\/strong>, para cargos de <strong>Analista Judici\u00e1rio \u00c1rea Judici\u00e1ria (AJAJ) <\/strong>e<strong> Analista Judici\u00e1rio \u2013 Oficial de Justi\u00e7a Avaliador Federal<\/strong> <strong>(AJOJAF)<\/strong>.<\/p>\n<p style=\"text-align: justify\">Em raz\u00e3o da procura e dada a nossa experi\u00eancia positiva no concurso do TRT da 3\u00ba Regi\u00e3o em nossas aulas de Estudo de Caso, lan\u00e7amos o presente curso com a finalidade de tecer algumas orienta\u00e7\u00f5es para a prova discursiva do certame do pr\u00f3ximo 29.11.<\/p>\n<p style=\"text-align: justify\">Trata-se de curso focado no edital rec\u00e9m-lan\u00e7ado. Assim, para que voc\u00eas tenham ideia de como ser\u00e1 nosso curso, vejamos, inicialmente, algumas informa\u00e7\u00f5es do edital.<\/p>\n<p style=\"text-align: justify\">Inicialmente, gostaria de destacar a voc\u00eas a quantidade de quest\u00f5es discursivas que ser\u00e3o corrigidas. Segundo o edital:<\/p>\n<p style=\"text-align: justify\">Para o cargo de AJAJ, ser\u00e3o corrigidas as reda\u00e7\u00f5es dos primeiros:<\/p>\n<ul>\n<li style=\"text-align: justify\">1000 candidatos da classifica\u00e7\u00e3o geral<\/li>\n<li style=\"text-align: justify\">200 candidatos negros<\/li>\n<li style=\"text-align: justify\">200 candidatos com defici\u00eancia<\/li>\n<\/ul>\n<p style=\"text-align: justify\">Para o cargo de AJOJAF, ser\u00e3o corrigidas as reda\u00e7\u00f5es dos primeiros:<\/p>\n<ul>\n<li style=\"text-align: justify\">350 candidatos da classifica\u00e7\u00e3o geral<\/li>\n<li style=\"text-align: justify\">70 candidatos negros<\/li>\n<li style=\"text-align: justify\">70 candidatos com defici\u00eancia<\/li>\n<\/ul>\n<p style=\"text-align: justify\">Essa quantidade de quest\u00f5es corrigidas reflete a expectativa de nomea\u00e7\u00f5es. No \u00faltimo certamente, embora o edital previsse poucas vagas e, inclusive, cadastro de reserva, foram nomeados dezenas de candidatos.<\/p>\n<p style=\"text-align: center\"><strong>AJAJ \u2013 152 candidatos nomeados<\/strong><\/p>\n<p style=\"text-align: center\"><strong>AJOAF \u2013 29 candidatos nomeados<\/strong><\/p>\n<p style=\"text-align: justify\"><strong>N\u00e3o se enganem! H\u00e1 grande expectativa de nomeados para este concurso.<\/strong><\/p>\n<p style=\"text-align: justify\">Nesse contexto, a prova discursiva, com <strong>conhecimentos espec\u00edficos<\/strong>, desponta-se como um diferencial, notadamente em face da concorr\u00eancia que voc\u00eas enfrentar\u00e3o.<\/p>\n<p style=\"text-align: justify\">A prova discursiva consistir\u00e1 em texto dissertativo a partir de uma \u00fanica proposta, cujo tema versar\u00e1 sobre as seguintes mat\u00e9rias:<\/p>\n<ul>\n<li style=\"text-align: justify\">Direito do Trabalho<\/li>\n<li style=\"text-align: justify\">Direito Processual do Trabalho<\/li>\n<li style=\"text-align: justify\">Direito Civil<\/li>\n<li style=\"text-align: justify\">Direito Processual Civil<\/li>\n<li style=\"text-align: justify\">Direito Constitucional<\/li>\n<li style=\"text-align: justify\">Direito Administrativo<\/li>\n<\/ul>\n<p style=\"text-align: justify\">Voc\u00eas ser\u00e3o avaliados, portanto, tanto corre\u00e7\u00e3o de escrita como pelo conte\u00fado das disciplinas acima.<\/p>\n<p style=\"text-align: justify\">O texto dever\u00e1 ser desenvolvido, <strong>entre 20 e 30 linhas<\/strong>, ser\u00e1 equivalente a 100 pontos, sendo desclassificados todos os que obtiverem nota igual ou inferior a 50 pontos.<\/p>\n<p style=\"text-align: justify\">Desse modo, todas as aulas ser\u00e3o estruturadas em duas partes:<\/p>\n<p style=\"text-align: justify\"><strong>Orienta\u00e7\u00f5es de escrita e t\u00e9cnicas de reda\u00e7\u00e3o de textos jur\u00eddicos\/t\u00e9cnicos<\/strong>.<\/p>\n<p style=\"text-align: justify\">Essa primeira parte, que abranger\u00e1 metade da nossa aula, ser\u00e1 t\u00e9cnicas de reda\u00e7\u00e3o, nos padr\u00f5es da banca FCC, com an\u00e1lise do perfil de corre\u00e7\u00e3o e orienta\u00e7\u00f5es de escrita de textos discursivos.<\/p>\n<p style=\"text-align: justify\">\u00c9 importante registrar, ainda, que o edital elenca algumas hip\u00f3teses que implicam na anula\u00e7\u00e3o da discursiva. Veremos t\u00e9cnicas para evitar a incurs\u00e3o das proibi\u00e7\u00f5es abaixo:<\/p>\n<ol style=\"text-align: justify\">\n<li>fugir \u00e0 modalidade de texto solicitada e\/ou \u00e0s quest\u00f5es pr\u00e1ticas propostas;<\/li>\n<li>apresentar textos sob forma n\u00e3o articulada verbalmente (apenas com desenhos, n\u00fameros e palavras soltas ou em versos) ou qualquer fragmento do texto escrito fora do local apropriado;<\/li>\n<li>for assinada fora do local apropriado;<\/li>\n<li>apresentar qualquer sinal que, de alguma forma, possibilite a identifica\u00e7\u00e3o do candidato;<\/li>\n<li>for escrita a l\u00e1pis, em parte ou na sua totalidade;<\/li>\n<li>estiver em branco;<\/li>\n<li>apresentar letra ileg\u00edvel e\/ou incompreens\u00edvel.<\/li>\n<\/ol>\n<p style=\"text-align: justify\"><strong>An\u00e1lise de propostas de Reda\u00e7\u00f5es Discursivas<\/strong>.<\/p>\n<p style=\"text-align: justify\">Apresentaremos a cada aula, um conjunto de quatro propostas, que ser\u00e3o debatidas e estudas. Criaremos um roteiro de an\u00e1lise e de estrutura\u00e7\u00e3o das respostas, a fim de que voc\u00eas possam resolver a quest\u00e3o com seguran\u00e7a e profissionalismo.<\/p>\n<p style=\"text-align: justify\">Caso interesse, confiram a aula demonstrativa:<\/p>\n<p style=\"text-align: center\"><strong><a href=\"https:\/\/www.estrategiaconcursos.com.br\/curso\/redacao-p-trt-pr-analista-areas-jud-e-of-just-av-federal-sem-correcao-individual-8817\/\">https:\/\/www.estrategiaconcursos.com.br\/curso\/redacao-p-trt-pr-analista-areas-jud-e-of-just-av-federal-sem-correcao-individual-8817\/<\/a><\/strong><\/p>\n<p style=\"text-align: justify\">Qualquer d\u00favida, deixe seu coment\u00e1rio abaixo!<\/p>\n<p style=\"text-align: justify\">Um forte abra\u00e7o a todos e bons estudos!<\/p>\n","protected":false},"excerpt":{"rendered":"<p>Ol\u00e1 pessoal! Estamos aqui para apresentar nosso Curso de Discursivas de Conhecimentos Espec\u00edficos para concurso do Tribunal Regional da 9\u00aa Regi\u00e3o (TRT\/PR) SEM CORRE\u00c7\u00c3O INDIVIDUAL, para cargos de Analista Judici\u00e1rio \u00c1rea Judici\u00e1ria (AJAJ) e Analista Judici\u00e1rio \u2013 Oficial de Justi\u00e7a Avaliador Federal (AJOJAF). Em raz\u00e3o da procura e dada a nossa experi\u00eancia positiva no concurso [&hellip;]<\/p>\n","protected":false},"author":180,"featured_media":0,"comment_status":"closed","ping_status":"open","sticky":false,"template":"","format":"standard","meta":{"post_tipo":"article","footnotes":""},"categories":[1],"tags":[657],"tax_estado":[],"class_list":["post-27709","post","type-post","status-publish","format-standard","hentry","category-cursos-e-concursos","tag-trt-pr"],"acf":[],"yoast_head":"<!-- This site is optimized with the Yoast SEO Premium plugin v27.2 (Yoast SEO v27.2) - https:\/\/yoast.com\/product\/yoast-seo-premium-wordpress\/ -->\n<title>Curso de Discursivas de Conhecimentos Espec\u00edficos - TRT da 9\u00aa Regi\u00e3o (TRT\/PR)<\/title>\n<meta name=\"robots\" content=\"index, follow, max-snippet:-1, max-image-preview:large, max-video-preview:-1\" \/>\n<link rel=\"canonical\" href=\"https:\/\/www.estrategiaconcursos.com.br\/blog\/curso-de-discursivas-de-conhecimentos-especificos-trt-da-9a-regiao-trtpr\/\" \/>\n<meta property=\"og:locale\" content=\"pt_BR\" \/>\n<meta property=\"og:type\" content=\"article\" \/>\n<meta property=\"og:title\" content=\"Curso de Discursivas de Conhecimentos Espec\u00edficos - TRT da 9\u00aa Regi\u00e3o (TRT\/PR)\" \/>\n<meta property=\"og:description\" content=\"Ol\u00e1 pessoal! Estamos aqui para apresentar nosso Curso de Discursivas de Conhecimentos Espec\u00edficos para concurso do Tribunal Regional da 9\u00aa Regi\u00e3o (TRT\/PR) SEM CORRE\u00c7\u00c3O INDIVIDUAL, para cargos de Analista Judici\u00e1rio \u00c1rea Judici\u00e1ria (AJAJ) e Analista Judici\u00e1rio \u2013 Oficial de Justi\u00e7a Avaliador Federal (AJOJAF). Em raz\u00e3o da procura e dada a nossa experi\u00eancia positiva no concurso [&hellip;]\" \/>\n<meta property=\"og:url\" content=\"https:\/\/www.estrategiaconcursos.com.br\/blog\/curso-de-discursivas-de-conhecimentos-especificos-trt-da-9a-regiao-trtpr\/\" \/>\n<meta property=\"og:site_name\" content=\"Estrat\u00e9gia Concursos\" \/>\n<meta property=\"article:author\" content=\"https:\/\/www.facebook.com\/ricardo.s.torques\" \/>\n<meta property=\"article:published_time\" content=\"2015-10-03T01:46:33+00:00\" \/>\n<meta property=\"article:modified_time\" content=\"2015-10-04T20:28:54+00:00\" \/>\n<meta property=\"og:image\" content=\"https:\/\/dhg1h5j42swfq.cloudfront.net\/2015\/10\/02224543\/2hand_writing-300x300.jpg\" \/>\n<meta name=\"author\" content=\"Ricardo Torques\" \/>\n<meta name=\"twitter:card\" content=\"summary_large_image\" \/>\n<meta name=\"twitter:creator\" content=\"@EstratConcursos\" \/>\n<meta name=\"twitter:site\" content=\"@EstratConcursos\" \/>\n<meta name=\"twitter:label1\" content=\"Escrito por\" \/>\n\t<meta name=\"twitter:data1\" content=\"Ricardo Torques\" \/>\n\t<meta name=\"twitter:label2\" content=\"Est. tempo de leitura\" \/>\n\t<meta name=\"twitter:data2\" content=\"3 minutos\" \/>\n<script type=\"application\/ld+json\" class=\"yoast-schema-graph\">{\"@context\":\"https:\/\/schema.org\",\"@graph\":[{\"@type\":\"NewsArticle\",\"@id\":\"https:\/\/www.estrategiaconcursos.com.br\/blog\/curso-de-discursivas-de-conhecimentos-especificos-trt-da-9a-regiao-trtpr\/#article\",\"isPartOf\":{\"@id\":\"https:\/\/www.estrategiaconcursos.com.br\/blog\/curso-de-discursivas-de-conhecimentos-especificos-trt-da-9a-regiao-trtpr\/\"},\"author\":{\"name\":\"Ricardo Torques\",\"@id\":\"https:\/\/www.estrategiaconcursos.com.br\/blog\/#\/schema\/person\/aa39cf5ddb518e5bdce27c35788405e2\"},\"headline\":\"Curso de Discursivas de Conhecimentos Espec\u00edficos &#8211; TRT da 9\u00aa Regi\u00e3o (TRT\/PR)\",\"datePublished\":\"2015-10-03T01:46:33+00:00\",\"dateModified\":\"2015-10-04T20:28:54+00:00\",\"mainEntityOfPage\":{\"@id\":\"https:\/\/www.estrategiaconcursos.com.br\/blog\/curso-de-discursivas-de-conhecimentos-especificos-trt-da-9a-regiao-trtpr\/\"},\"wordCount\":616,\"publisher\":{\"@id\":\"https:\/\/www.estrategiaconcursos.com.br\/blog\/#organization\"},\"image\":{\"@id\":\"https:\/\/www.estrategiaconcursos.com.br\/blog\/curso-de-discursivas-de-conhecimentos-especificos-trt-da-9a-regiao-trtpr\/#primaryimage\"},\"thumbnailUrl\":\"https:\/\/dhg1h5j42swfq.cloudfront.net\/2015\/10\/02224543\/2hand_writing-300x300.jpg\",\"keywords\":[\"TRT-PR\"],\"articleSection\":[\"Concursos P\u00fablicos\"],\"inLanguage\":\"pt-BR\",\"copyrightYear\":\"2015\",\"copyrightHolder\":{\"@id\":\"https:\/\/www.estrategiaconcursos.com.br\/blog\/#organization\"}},{\"@type\":\"WebPage\",\"@id\":\"https:\/\/www.estrategiaconcursos.com.br\/blog\/curso-de-discursivas-de-conhecimentos-especificos-trt-da-9a-regiao-trtpr\/\",\"url\":\"https:\/\/www.estrategiaconcursos.com.br\/blog\/curso-de-discursivas-de-conhecimentos-especificos-trt-da-9a-regiao-trtpr\/\",\"name\":\"Curso de Discursivas de Conhecimentos Espec\u00edficos - TRT da 9\u00aa Regi\u00e3o (TRT\/PR)\",\"isPartOf\":{\"@id\":\"https:\/\/www.estrategiaconcursos.com.br\/blog\/#website\"},\"primaryImageOfPage\":{\"@id\":\"https:\/\/www.estrategiaconcursos.com.br\/blog\/curso-de-discursivas-de-conhecimentos-especificos-trt-da-9a-regiao-trtpr\/#primaryimage\"},\"image\":{\"@id\":\"https:\/\/www.estrategiaconcursos.com.br\/blog\/curso-de-discursivas-de-conhecimentos-especificos-trt-da-9a-regiao-trtpr\/#primaryimage\"},\"thumbnailUrl\":\"https:\/\/dhg1h5j42swfq.cloudfront.net\/2015\/10\/02224543\/2hand_writing-300x300.jpg\",\"datePublished\":\"2015-10-03T01:46:33+00:00\",\"dateModified\":\"2015-10-04T20:28:54+00:00\",\"breadcrumb\":{\"@id\":\"https:\/\/www.estrategiaconcursos.com.br\/blog\/curso-de-discursivas-de-conhecimentos-especificos-trt-da-9a-regiao-trtpr\/#breadcrumb\"},\"inLanguage\":\"pt-BR\",\"potentialAction\":[{\"@type\":\"ReadAction\",\"target\":[\"https:\/\/www.estrategiaconcursos.com.br\/blog\/curso-de-discursivas-de-conhecimentos-especificos-trt-da-9a-regiao-trtpr\/\"]}]},{\"@type\":\"ImageObject\",\"inLanguage\":\"pt-BR\",\"@id\":\"https:\/\/www.estrategiaconcursos.com.br\/blog\/curso-de-discursivas-de-conhecimentos-especificos-trt-da-9a-regiao-trtpr\/#primaryimage\",\"url\":\"https:\/\/dhg1h5j42swfq.cloudfront.net\/2015\/10\/02224543\/2hand_writing-300x300.jpg\",\"contentUrl\":\"https:\/\/dhg1h5j42swfq.cloudfront.net\/2015\/10\/02224543\/2hand_writing-300x300.jpg\"},{\"@type\":\"BreadcrumbList\",\"@id\":\"https:\/\/www.estrategiaconcursos.com.br\/blog\/curso-de-discursivas-de-conhecimentos-especificos-trt-da-9a-regiao-trtpr\/#breadcrumb\",\"itemListElement\":[{\"@type\":\"ListItem\",\"position\":1,\"name\":\"In\u00edcio\",\"item\":\"https:\/\/www.estrategiaconcursos.com.br\/blog\/\"},{\"@type\":\"ListItem\",\"position\":2,\"name\":\"Curso de Discursivas de Conhecimentos Espec\u00edficos &#8211; TRT da 9\u00aa Regi\u00e3o (TRT\/PR)\"}]},{\"@type\":\"WebSite\",\"@id\":\"https:\/\/www.estrategiaconcursos.com.br\/blog\/#website\",\"url\":\"https:\/\/www.estrategiaconcursos.com.br\/blog\/\",\"name\":\"Estrat\u00e9gia Concursos\",\"description\":\"O blog da Estrat\u00e9gia Concursos traz not\u00edcias sobre concursos e artigos de professores oferecendo cursos para concursos (pdf + videaulas) no site.\",\"publisher\":{\"@id\":\"https:\/\/www.estrategiaconcursos.com.br\/blog\/#organization\"},\"potentialAction\":[{\"@type\":\"SearchAction\",\"target\":{\"@type\":\"EntryPoint\",\"urlTemplate\":\"https:\/\/www.estrategiaconcursos.com.br\/blog\/?s={search_term_string}\"},\"query-input\":{\"@type\":\"PropertyValueSpecification\",\"valueRequired\":true,\"valueName\":\"search_term_string\"}}],\"inLanguage\":\"pt-BR\"},{\"@type\":\"Organization\",\"@id\":\"https:\/\/www.estrategiaconcursos.com.br\/blog\/#organization\",\"name\":\"Estrat\u00e9gia Concursos\",\"url\":\"https:\/\/www.estrategiaconcursos.com.br\/blog\/\",\"logo\":{\"@type\":\"ImageObject\",\"inLanguage\":\"pt-BR\",\"@id\":\"https:\/\/www.estrategiaconcursos.com.br\/blog\/#\/schema\/logo\/image\/\",\"url\":\"https:\/\/dhg1h5j42swfq.cloudfront.net\/2025\/06\/03203428\/logo_concursos-1.jpg\",\"contentUrl\":\"https:\/\/dhg1h5j42swfq.cloudfront.net\/2025\/06\/03203428\/logo_concursos-1.jpg\",\"width\":230,\"height\":60,\"caption\":\"Estrat\u00e9gia Concursos\"},\"image\":{\"@id\":\"https:\/\/www.estrategiaconcursos.com.br\/blog\/#\/schema\/logo\/image\/\"},\"sameAs\":[\"https:\/\/x.com\/EstratConcursos\"]},{\"@type\":\"Person\",\"@id\":\"https:\/\/www.estrategiaconcursos.com.br\/blog\/#\/schema\/person\/aa39cf5ddb518e5bdce27c35788405e2\",\"name\":\"Ricardo Torques\",\"image\":{\"@type\":\"ImageObject\",\"inLanguage\":\"pt-BR\",\"@id\":\"https:\/\/secure.gravatar.com\/avatar\/ce9ac6c3cff25fe86d15ed568ebc64d1724baf5c0693133bcb1f6073f712f92a?s=96&d=mm&r=g\",\"url\":\"https:\/\/secure.gravatar.com\/avatar\/ce9ac6c3cff25fe86d15ed568ebc64d1724baf5c0693133bcb1f6073f712f92a?s=96&d=mm&r=g\",\"contentUrl\":\"https:\/\/secure.gravatar.com\/avatar\/ce9ac6c3cff25fe86d15ed568ebc64d1724baf5c0693133bcb1f6073f712f92a?s=96&d=mm&r=g\",\"caption\":\"Ricardo Torques\"},\"sameAs\":[\"https:\/\/www.facebook.com\/ricardo.s.torques\"],\"url\":\"https:\/\/www.estrategiaconcursos.com.br\/blog\/author\/ricardotorquesestrategiaconcursos-com-br\/\"}]}<\/script>\n<!-- \/ Yoast SEO Premium plugin. -->","yoast_head_json":{"title":"Curso de Discursivas de Conhecimentos Espec\u00edficos - TRT da 9\u00aa Regi\u00e3o (TRT\/PR)","robots":{"index":"index","follow":"follow","max-snippet":"max-snippet:-1","max-image-preview":"max-image-preview:large","max-video-preview":"max-video-preview:-1"},"canonical":"https:\/\/www.estrategiaconcursos.com.br\/blog\/curso-de-discursivas-de-conhecimentos-especificos-trt-da-9a-regiao-trtpr\/","og_locale":"pt_BR","og_type":"article","og_title":"Curso de Discursivas de Conhecimentos Espec\u00edficos - TRT da 9\u00aa Regi\u00e3o (TRT\/PR)","og_description":"Ol\u00e1 pessoal! Estamos aqui para apresentar nosso Curso de Discursivas de Conhecimentos Espec\u00edficos para concurso do Tribunal Regional da 9\u00aa Regi\u00e3o (TRT\/PR) SEM CORRE\u00c7\u00c3O INDIVIDUAL, para cargos de Analista Judici\u00e1rio \u00c1rea Judici\u00e1ria (AJAJ) e Analista Judici\u00e1rio \u2013 Oficial de Justi\u00e7a Avaliador Federal (AJOJAF). Em raz\u00e3o da procura e dada a nossa experi\u00eancia positiva no concurso [&hellip;]","og_url":"https:\/\/www.estrategiaconcursos.com.br\/blog\/curso-de-discursivas-de-conhecimentos-especificos-trt-da-9a-regiao-trtpr\/","og_site_name":"Estrat\u00e9gia Concursos","article_author":"https:\/\/www.facebook.com\/ricardo.s.torques","article_published_time":"2015-10-03T01:46:33+00:00","article_modified_time":"2015-10-04T20:28:54+00:00","og_image":[{"url":"https:\/\/dhg1h5j42swfq.cloudfront.net\/2015\/10\/02224543\/2hand_writing-300x300.jpg","type":"","width":"","height":""}],"author":"Ricardo Torques","twitter_card":"summary_large_image","twitter_creator":"@EstratConcursos","twitter_site":"@EstratConcursos","twitter_misc":{"Escrito por":"Ricardo Torques","Est. tempo de leitura":"3 minutos"},"schema":{"@context":"https:\/\/schema.org","@graph":[{"@type":"NewsArticle","@id":"https:\/\/www.estrategiaconcursos.com.br\/blog\/curso-de-discursivas-de-conhecimentos-especificos-trt-da-9a-regiao-trtpr\/#article","isPartOf":{"@id":"https:\/\/www.estrategiaconcursos.com.br\/blog\/curso-de-discursivas-de-conhecimentos-especificos-trt-da-9a-regiao-trtpr\/"},"author":{"name":"Ricardo Torques","@id":"https:\/\/www.estrategiaconcursos.com.br\/blog\/#\/schema\/person\/aa39cf5ddb518e5bdce27c35788405e2"},"headline":"Curso de Discursivas de Conhecimentos Espec\u00edficos &#8211; TRT da 9\u00aa Regi\u00e3o (TRT\/PR)","datePublished":"2015-10-03T01:46:33+00:00","dateModified":"2015-10-04T20:28:54+00:00","mainEntityOfPage":{"@id":"https:\/\/www.estrategiaconcursos.com.br\/blog\/curso-de-discursivas-de-conhecimentos-especificos-trt-da-9a-regiao-trtpr\/"},"wordCount":616,"publisher":{"@id":"https:\/\/www.estrategiaconcursos.com.br\/blog\/#organization"},"image":{"@id":"https:\/\/www.estrategiaconcursos.com.br\/blog\/curso-de-discursivas-de-conhecimentos-especificos-trt-da-9a-regiao-trtpr\/#primaryimage"},"thumbnailUrl":"https:\/\/dhg1h5j42swfq.cloudfront.net\/2015\/10\/02224543\/2hand_writing-300x300.jpg","keywords":["TRT-PR"],"articleSection":["Concursos P\u00fablicos"],"inLanguage":"pt-BR","copyrightYear":"2015","copyrightHolder":{"@id":"https:\/\/www.estrategiaconcursos.com.br\/blog\/#organization"}},{"@type":"WebPage","@id":"https:\/\/www.estrategiaconcursos.com.br\/blog\/curso-de-discursivas-de-conhecimentos-especificos-trt-da-9a-regiao-trtpr\/","url":"https:\/\/www.estrategiaconcursos.com.br\/blog\/curso-de-discursivas-de-conhecimentos-especificos-trt-da-9a-regiao-trtpr\/","name":"Curso de Discursivas de Conhecimentos Espec\u00edficos - TRT da 9\u00aa Regi\u00e3o (TRT\/PR)","isPartOf":{"@id":"https:\/\/www.estrategiaconcursos.com.br\/blog\/#website"},"primaryImageOfPage":{"@id":"https:\/\/www.estrategiaconcursos.com.br\/blog\/curso-de-discursivas-de-conhecimentos-especificos-trt-da-9a-regiao-trtpr\/#primaryimage"},"image":{"@id":"https:\/\/www.estrategiaconcursos.com.br\/blog\/curso-de-discursivas-de-conhecimentos-especificos-trt-da-9a-regiao-trtpr\/#primaryimage"},"thumbnailUrl":"https:\/\/dhg1h5j42swfq.cloudfront.net\/2015\/10\/02224543\/2hand_writing-300x300.jpg","datePublished":"2015-10-03T01:46:33+00:00","dateModified":"2015-10-04T20:28:54+00:00","breadcrumb":{"@id":"https:\/\/www.estrategiaconcursos.com.br\/blog\/curso-de-discursivas-de-conhecimentos-especificos-trt-da-9a-regiao-trtpr\/#breadcrumb"},"inLanguage":"pt-BR","potentialAction":[{"@type":"ReadAction","target":["https:\/\/www.estrategiaconcursos.com.br\/blog\/curso-de-discursivas-de-conhecimentos-especificos-trt-da-9a-regiao-trtpr\/"]}]},{"@type":"ImageObject","inLanguage":"pt-BR","@id":"https:\/\/www.estrategiaconcursos.com.br\/blog\/curso-de-discursivas-de-conhecimentos-especificos-trt-da-9a-regiao-trtpr\/#primaryimage","url":"https:\/\/dhg1h5j42swfq.cloudfront.net\/2015\/10\/02224543\/2hand_writing-300x300.jpg","contentUrl":"https:\/\/dhg1h5j42swfq.cloudfront.net\/2015\/10\/02224543\/2hand_writing-300x300.jpg"},{"@type":"BreadcrumbList","@id":"https:\/\/www.estrategiaconcursos.com.br\/blog\/curso-de-discursivas-de-conhecimentos-especificos-trt-da-9a-regiao-trtpr\/#breadcrumb","itemListElement":[{"@type":"ListItem","position":1,"name":"In\u00edcio","item":"https:\/\/www.estrategiaconcursos.com.br\/blog\/"},{"@type":"ListItem","position":2,"name":"Curso de Discursivas de Conhecimentos Espec\u00edficos &#8211; TRT da 9\u00aa Regi\u00e3o (TRT\/PR)"}]},{"@type":"WebSite","@id":"https:\/\/www.estrategiaconcursos.com.br\/blog\/#website","url":"https:\/\/www.estrategiaconcursos.com.br\/blog\/","name":"Estrat\u00e9gia Concursos","description":"O blog da Estrat\u00e9gia Concursos traz not\u00edcias sobre concursos e artigos de professores oferecendo cursos para concursos (pdf + videaulas) no site.","publisher":{"@id":"https:\/\/www.estrategiaconcursos.com.br\/blog\/#organization"},"potentialAction":[{"@type":"SearchAction","target":{"@type":"EntryPoint","urlTemplate":"https:\/\/www.estrategiaconcursos.com.br\/blog\/?s={search_term_string}"},"query-input":{"@type":"PropertyValueSpecification","valueRequired":true,"valueName":"search_term_string"}}],"inLanguage":"pt-BR"},{"@type":"Organization","@id":"https:\/\/www.estrategiaconcursos.com.br\/blog\/#organization","name":"Estrat\u00e9gia Concursos","url":"https:\/\/www.estrategiaconcursos.com.br\/blog\/","logo":{"@type":"ImageObject","inLanguage":"pt-BR","@id":"https:\/\/www.estrategiaconcursos.com.br\/blog\/#\/schema\/logo\/image\/","url":"https:\/\/dhg1h5j42swfq.cloudfront.net\/2025\/06\/03203428\/logo_concursos-1.jpg","contentUrl":"https:\/\/dhg1h5j42swfq.cloudfront.net\/2025\/06\/03203428\/logo_concursos-1.jpg","width":230,"height":60,"caption":"Estrat\u00e9gia Concursos"},"image":{"@id":"https:\/\/www.estrategiaconcursos.com.br\/blog\/#\/schema\/logo\/image\/"},"sameAs":["https:\/\/x.com\/EstratConcursos"]},{"@type":"Person","@id":"https:\/\/www.estrategiaconcursos.com.br\/blog\/#\/schema\/person\/aa39cf5ddb518e5bdce27c35788405e2","name":"Ricardo Torques","image":{"@type":"ImageObject","inLanguage":"pt-BR","@id":"https:\/\/secure.gravatar.com\/avatar\/ce9ac6c3cff25fe86d15ed568ebc64d1724baf5c0693133bcb1f6073f712f92a?s=96&d=mm&r=g","url":"https:\/\/secure.gravatar.com\/avatar\/ce9ac6c3cff25fe86d15ed568ebc64d1724baf5c0693133bcb1f6073f712f92a?s=96&d=mm&r=g","contentUrl":"https:\/\/secure.gravatar.com\/avatar\/ce9ac6c3cff25fe86d15ed568ebc64d1724baf5c0693133bcb1f6073f712f92a?s=96&d=mm&r=g","caption":"Ricardo Torques"},"sameAs":["https:\/\/www.facebook.com\/ricardo.s.torques"],"url":"https:\/\/www.estrategiaconcursos.com.br\/blog\/author\/ricardotorquesestrategiaconcursos-com-br\/"}]}},"_links":{"self":[{"href":"https:\/\/www.estrategiaconcursos.com.br\/blog\/wp-json\/wp\/v2\/posts\/27709","targetHints":{"allow":["GET"]}}],"collection":[{"href":"https:\/\/www.estrategiaconcursos.com.br\/blog\/wp-json\/wp\/v2\/posts"}],"about":[{"href":"https:\/\/www.estrategiaconcursos.com.br\/blog\/wp-json\/wp\/v2\/types\/post"}],"author":[{"embeddable":true,"href":"https:\/\/www.estrategiaconcursos.com.br\/blog\/wp-json\/wp\/v2\/users\/180"}],"replies":[{"embeddable":true,"href":"https:\/\/www.estrategiaconcursos.com.br\/blog\/wp-json\/wp\/v2\/comments?post=27709"}],"version-history":[{"count":2,"href":"https:\/\/www.estrategiaconcursos.com.br\/blog\/wp-json\/wp\/v2\/posts\/27709\/revisions"}],"predecessor-version":[{"id":27712,"href":"https:\/\/www.estrategiaconcursos.com.br\/blog\/wp-json\/wp\/v2\/posts\/27709\/revisions\/27712"}],"wp:attachment":[{"href":"https:\/\/www.estrategiaconcursos.com.br\/blog\/wp-json\/wp\/v2\/media?parent=27709"}],"wp:term":[{"taxonomy":"category","embeddable":true,"href":"https:\/\/www.estrategiaconcursos.com.br\/blog\/wp-json\/wp\/v2\/categories?post=27709"},{"taxonomy":"post_tag","embeddable":true,"href":"https:\/\/www.estrategiaconcursos.com.br\/blog\/wp-json\/wp\/v2\/tags?post=27709"},{"taxonomy":"tax_estado","embeddable":true,"href":"https:\/\/www.estrategiaconcursos.com.br\/blog\/wp-json\/wp\/v2\/tax_estado?post=27709"}],"curies":[{"name":"wp","href":"https:\/\/api.w.org\/{rel}","templated":true}]}}