{"id":27643,"date":"2015-10-01T12:41:27","date_gmt":"2015-10-01T15:41:27","guid":{"rendered":"http:\/\/www.estrategiaconcursos.com.br\/blog\/?p=27643"},"modified":"2015-10-02T10:25:04","modified_gmt":"2015-10-02T13:25:04","slug":"concurso-tre-mt2015-prepara-se-com-o-curso-de-questoes-de-lingua-portuguesa","status":"publish","type":"post","link":"https:\/\/www.estrategiaconcursos.com.br\/blog\/concurso-tre-mt2015-prepara-se-com-o-curso-de-questoes-de-lingua-portuguesa\/","title":{"rendered":"CONCURSO TRE-MT\/2015: prepara-se com o curso de quest\u00f5es de L\u00edngua Portuguesa"},"content":{"rendered":"<p>Ol\u00e1, amigos do Estrat\u00e9gia.<\/p>\n<p>Como voc\u00eas devem saber, foi lan\u00e7ado o edital para Analista e T\u00e9cnico Judici\u00e1rio do TRE-MT. At\u00e9 a prova, s\u00e3o dois meses para estudo e revis\u00e3o dos assuntos.<\/p>\n<p>\u00c9 importante conhecer o m\u00e9todo de cobran\u00e7a da banca examinadora para se preparar adequadamente. Sabemos que o Cebraspe utilizar\u00e1 o m\u00e9todo CESPE de avali\u00e7\u00e3o nas provas. Dessa forma, vamos ver uma quest\u00e3o bastante recente do CESPE na prova do STJ\/2015:<\/p>\n<p style=\"text-align: center\">\u00a0(STJ-2015) Cargo 1: Analista Judici\u00e1rio: \u00e1rea Administrativa<\/p>\n<p style=\"text-align: center\">\u00a0(Texto adaptado)<\/p>\n<p style=\"text-align: justify\">O primeiro contato com a no\u00e7\u00e3o de solidariedade mostra uma rela\u00e7\u00e3o de pertin\u00eancia: as nossas a\u00e7\u00f5es sociais incidem, positiva ou negativamente, sobre todos os demais membros da comunidade. A solidariedade implica, por outro lado, a corresponsabilidade, a compreens\u00e3o da transcend\u00eancia social das a\u00e7\u00f5es humanas, do coexistir e do conviver comunit\u00e1rio. Percebe-se, aqui, igualmente, a sua ineg\u00e1vel dimens\u00e3o \u00e9tica, em virtude do necess\u00e1rio reconhecimento m\u00fatuo de todos como pessoas, iguais em direitos e obriga\u00e7\u00f5es, o que <span style=\"text-decoration: underline\">d\u00e1 suporte a exig\u00eancias rec\u00edprocas<\/span> de ajuda ou sustento.<\/p>\n<p style=\"text-align: right\">Marcio Augusto de Vasconcelos Diniz. <strong>Estado social e princ\u00edpio da solidariedade<\/strong>. In: <strong>Revista de Direitos e Garantias Fundamentais<\/strong>, Vit\u00f3ria, n. 3, p. 31-48, jul.-dez.\/2008. Internet: &lt;www.fdv.br&gt; (com adapta\u00e7\u00f5es).<\/p>\n<p style=\"text-align: justify\"><strong>Julgue o item que se segue, relativo \u00e0s estruturas lingu\u00edsticas do texto \u201cEstado social e princ\u00edpio da solidariedade\u201d.<\/strong><\/p>\n<p>&nbsp;<\/p>\n<p>A corre\u00e7\u00e3o gramatical do texto seria prejudicada caso se empregasse o sinal indicativo de crase no voc\u00e1bulo \u201ca\u201d em \u201cd\u00e1 suporte a exig\u00eancias rec\u00edprocas\u201d (grifado).<\/p>\n<p>Temos, acima, uma quest\u00e3o bastante recente do CESPE sobre o uso da crase. Como de costume, \u00e9 dada uma situa\u00e7\u00e3o hipot\u00e9tica para que o candidato avalie a corre\u00e7\u00e3o gramatical da substitui\u00e7\u00e3o.<\/p>\n<p>Observe que \u201cexig\u00eancias rec\u00edprocas\u201d completa o sentido de \u201cd\u00e1 suporte\u201d, enquanto a preposi\u00e7\u00e3o \u201ca\u201d une as express\u00f5es mencionadas (dar suporte <strong>a<\/strong> algo). A crase simboliza, em geral, a contra\u00e7\u00e3o de preposi\u00e7\u00e3o \u201ca\u201d com artigo \u201ca\u201d. Para utiliz\u00e1-la, neste caso, seria necess\u00e1rio unir a preposi\u00e7\u00e3o \u201ca\u201d ao artigo no plural \u201cas\u201d, o que resultaria na forma \u201c\u00e0s\u201d, da seguinte maneira: \u201co que d\u00e1 suporte \u00e0s exig\u00eancias rec\u00edprocas\u201d. Aplicar somente o sinal indicativo de crase sem flexibilizar o artigo para a forma plural \u00e9, portanto, equivocado, prejudicando a corre\u00e7\u00e3o gramatical do texto, tal qual se afirmou na quest\u00e3o. Item CORRETO.<\/p>\n<p>Para aprender mais sobre este e outros assuntos, aproveito para divulgar\u00a0<strong>o curso de Quest\u00f5es de L\u00edngua Portuguesa para o concurso do TRE-MT<\/strong>. Confira, no link abaixo, a p\u00e1gina com informa\u00e7\u00f5es mais detalhadas sobre o curso:<\/p>\n<p><strong>Veja o Curso completo\u00a0para Analista e T\u00e9cnico Judici\u00e1rio<\/strong><strong>\u00a0<\/strong><a title=\"Curso de Quest\u00f5es de L\u00edngua Portuguesa TRE-MT\/2015\" href=\"https:\/\/www.estrategiaconcursos.com.br\/curso\/questoes-comentadas-de-portugues-cespe-p-tre-mt-todos-os-cargos-8988\/\">https:\/\/www.estrategiaconcursos.com.br\/curso\/questoes-comentadas-de-portugues-cespe-p-tre-mt-todos-os-cargos-8988\/<\/a><\/p>\n<p>Contem comigo.<\/p>\n<p>Abra\u00e7os,<\/p>\n<p>Professora Ludimila.<\/p>\n","protected":false},"excerpt":{"rendered":"<p>Ol\u00e1, amigos do Estrat\u00e9gia. Como voc\u00eas devem saber, foi lan\u00e7ado o edital para Analista e T\u00e9cnico Judici\u00e1rio do TRE-MT. At\u00e9 a prova, s\u00e3o dois meses para estudo e revis\u00e3o dos assuntos. \u00c9 importante conhecer o m\u00e9todo de cobran\u00e7a da banca examinadora para se preparar adequadamente. Sabemos que o Cebraspe utilizar\u00e1 o m\u00e9todo CESPE de avali\u00e7\u00e3o [&hellip;]<\/p>\n","protected":false},"author":172,"featured_media":0,"comment_status":"open","ping_status":"open","sticky":false,"template":"","format":"standard","meta":{"post_tipo":"article","footnotes":""},"categories":[1],"tags":[366,858],"tax_estado":[],"class_list":["post-27643","post","type-post","status-publish","format-standard","hentry","category-cursos-e-concursos","tag-lingua-portuguesa","tag-tre-mt"],"acf":[],"yoast_head":"<!-- This site is optimized with the Yoast SEO Premium plugin v27.2 (Yoast SEO v27.2) - https:\/\/yoast.com\/product\/yoast-seo-premium-wordpress\/ -->\n<title>CONCURSO TRE-MT\/2015: prepara-se com o curso de quest\u00f5es de L\u00edngua Portuguesa<\/title>\n<meta name=\"robots\" content=\"index, follow, max-snippet:-1, max-image-preview:large, max-video-preview:-1\" \/>\n<link rel=\"canonical\" href=\"https:\/\/www.estrategiaconcursos.com.br\/blog\/concurso-tre-mt2015-prepara-se-com-o-curso-de-questoes-de-lingua-portuguesa\/\" \/>\n<meta property=\"og:locale\" content=\"pt_BR\" \/>\n<meta property=\"og:type\" content=\"article\" \/>\n<meta property=\"og:title\" content=\"CONCURSO TRE-MT\/2015: prepara-se com o curso de quest\u00f5es de L\u00edngua Portuguesa\" \/>\n<meta property=\"og:description\" content=\"Ol\u00e1, amigos do Estrat\u00e9gia. Como voc\u00eas devem saber, foi lan\u00e7ado o edital para Analista e T\u00e9cnico Judici\u00e1rio do TRE-MT. At\u00e9 a prova, s\u00e3o dois meses para estudo e revis\u00e3o dos assuntos. \u00c9 importante conhecer o m\u00e9todo de cobran\u00e7a da banca examinadora para se preparar adequadamente. Sabemos que o Cebraspe utilizar\u00e1 o m\u00e9todo CESPE de avali\u00e7\u00e3o [&hellip;]\" \/>\n<meta property=\"og:url\" content=\"https:\/\/www.estrategiaconcursos.com.br\/blog\/concurso-tre-mt2015-prepara-se-com-o-curso-de-questoes-de-lingua-portuguesa\/\" \/>\n<meta property=\"og:site_name\" content=\"Estrat\u00e9gia Concursos\" \/>\n<meta property=\"article:published_time\" content=\"2015-10-01T15:41:27+00:00\" \/>\n<meta property=\"article:modified_time\" content=\"2015-10-02T13:25:04+00:00\" \/>\n<meta name=\"author\" content=\"Ludimila Lamounier\" \/>\n<meta name=\"twitter:card\" content=\"summary_large_image\" \/>\n<meta name=\"twitter:creator\" content=\"@EstratConcursos\" \/>\n<meta name=\"twitter:site\" content=\"@EstratConcursos\" \/>\n<meta name=\"twitter:label1\" content=\"Escrito por\" \/>\n\t<meta name=\"twitter:data1\" content=\"Ludimila Lamounier\" \/>\n\t<meta name=\"twitter:label2\" content=\"Est. tempo de leitura\" \/>\n\t<meta name=\"twitter:data2\" content=\"2 minutos\" \/>\n<script type=\"application\/ld+json\" class=\"yoast-schema-graph\">{\"@context\":\"https:\/\/schema.org\",\"@graph\":[{\"@type\":\"NewsArticle\",\"@id\":\"https:\/\/www.estrategiaconcursos.com.br\/blog\/concurso-tre-mt2015-prepara-se-com-o-curso-de-questoes-de-lingua-portuguesa\/#article\",\"isPartOf\":{\"@id\":\"https:\/\/www.estrategiaconcursos.com.br\/blog\/concurso-tre-mt2015-prepara-se-com-o-curso-de-questoes-de-lingua-portuguesa\/\"},\"author\":{\"name\":\"Ludimila Lamounier\",\"@id\":\"https:\/\/www.estrategiaconcursos.com.br\/blog\/#\/schema\/person\/b4b4016a4b8b90b3cd88e745a31a08d8\"},\"headline\":\"CONCURSO TRE-MT\/2015: prepara-se com o curso de quest\u00f5es de L\u00edngua Portuguesa\",\"datePublished\":\"2015-10-01T15:41:27+00:00\",\"dateModified\":\"2015-10-02T13:25:04+00:00\",\"mainEntityOfPage\":{\"@id\":\"https:\/\/www.estrategiaconcursos.com.br\/blog\/concurso-tre-mt2015-prepara-se-com-o-curso-de-questoes-de-lingua-portuguesa\/\"},\"wordCount\":497,\"commentCount\":2,\"publisher\":{\"@id\":\"https:\/\/www.estrategiaconcursos.com.br\/blog\/#organization\"},\"keywords\":[\"L\u00edngua Portuguesa\",\"TRE-MT\"],\"articleSection\":[\"Concursos P\u00fablicos\"],\"inLanguage\":\"pt-BR\",\"potentialAction\":[{\"@type\":\"CommentAction\",\"name\":\"Comment\",\"target\":[\"https:\/\/www.estrategiaconcursos.com.br\/blog\/concurso-tre-mt2015-prepara-se-com-o-curso-de-questoes-de-lingua-portuguesa\/#respond\"]}],\"copyrightYear\":\"2015\",\"copyrightHolder\":{\"@id\":\"https:\/\/www.estrategiaconcursos.com.br\/blog\/#organization\"}},{\"@type\":\"WebPage\",\"@id\":\"https:\/\/www.estrategiaconcursos.com.br\/blog\/concurso-tre-mt2015-prepara-se-com-o-curso-de-questoes-de-lingua-portuguesa\/\",\"url\":\"https:\/\/www.estrategiaconcursos.com.br\/blog\/concurso-tre-mt2015-prepara-se-com-o-curso-de-questoes-de-lingua-portuguesa\/\",\"name\":\"CONCURSO TRE-MT\/2015: prepara-se com o curso de quest\u00f5es de L\u00edngua Portuguesa\",\"isPartOf\":{\"@id\":\"https:\/\/www.estrategiaconcursos.com.br\/blog\/#website\"},\"datePublished\":\"2015-10-01T15:41:27+00:00\",\"dateModified\":\"2015-10-02T13:25:04+00:00\",\"breadcrumb\":{\"@id\":\"https:\/\/www.estrategiaconcursos.com.br\/blog\/concurso-tre-mt2015-prepara-se-com-o-curso-de-questoes-de-lingua-portuguesa\/#breadcrumb\"},\"inLanguage\":\"pt-BR\",\"potentialAction\":[{\"@type\":\"ReadAction\",\"target\":[\"https:\/\/www.estrategiaconcursos.com.br\/blog\/concurso-tre-mt2015-prepara-se-com-o-curso-de-questoes-de-lingua-portuguesa\/\"]}]},{\"@type\":\"BreadcrumbList\",\"@id\":\"https:\/\/www.estrategiaconcursos.com.br\/blog\/concurso-tre-mt2015-prepara-se-com-o-curso-de-questoes-de-lingua-portuguesa\/#breadcrumb\",\"itemListElement\":[{\"@type\":\"ListItem\",\"position\":1,\"name\":\"In\u00edcio\",\"item\":\"https:\/\/www.estrategiaconcursos.com.br\/blog\/\"},{\"@type\":\"ListItem\",\"position\":2,\"name\":\"CONCURSO TRE-MT\/2015: prepara-se com o curso de quest\u00f5es de L\u00edngua Portuguesa\"}]},{\"@type\":\"WebSite\",\"@id\":\"https:\/\/www.estrategiaconcursos.com.br\/blog\/#website\",\"url\":\"https:\/\/www.estrategiaconcursos.com.br\/blog\/\",\"name\":\"Estrat\u00e9gia Concursos\",\"description\":\"O blog da Estrat\u00e9gia Concursos traz not\u00edcias sobre concursos e artigos de professores oferecendo cursos para concursos (pdf + videaulas) no site.\",\"publisher\":{\"@id\":\"https:\/\/www.estrategiaconcursos.com.br\/blog\/#organization\"},\"potentialAction\":[{\"@type\":\"SearchAction\",\"target\":{\"@type\":\"EntryPoint\",\"urlTemplate\":\"https:\/\/www.estrategiaconcursos.com.br\/blog\/?s={search_term_string}\"},\"query-input\":{\"@type\":\"PropertyValueSpecification\",\"valueRequired\":true,\"valueName\":\"search_term_string\"}}],\"inLanguage\":\"pt-BR\"},{\"@type\":\"Organization\",\"@id\":\"https:\/\/www.estrategiaconcursos.com.br\/blog\/#organization\",\"name\":\"Estrat\u00e9gia Concursos\",\"url\":\"https:\/\/www.estrategiaconcursos.com.br\/blog\/\",\"logo\":{\"@type\":\"ImageObject\",\"inLanguage\":\"pt-BR\",\"@id\":\"https:\/\/www.estrategiaconcursos.com.br\/blog\/#\/schema\/logo\/image\/\",\"url\":\"https:\/\/dhg1h5j42swfq.cloudfront.net\/2025\/06\/03203428\/logo_concursos-1.jpg\",\"contentUrl\":\"https:\/\/dhg1h5j42swfq.cloudfront.net\/2025\/06\/03203428\/logo_concursos-1.jpg\",\"width\":230,\"height\":60,\"caption\":\"Estrat\u00e9gia Concursos\"},\"image\":{\"@id\":\"https:\/\/www.estrategiaconcursos.com.br\/blog\/#\/schema\/logo\/image\/\"},\"sameAs\":[\"https:\/\/x.com\/EstratConcursos\"]},{\"@type\":\"Person\",\"@id\":\"https:\/\/www.estrategiaconcursos.com.br\/blog\/#\/schema\/person\/b4b4016a4b8b90b3cd88e745a31a08d8\",\"name\":\"Ludimila Lamounier\",\"image\":{\"@type\":\"ImageObject\",\"inLanguage\":\"pt-BR\",\"@id\":\"https:\/\/secure.gravatar.com\/avatar\/6a65684d0a8f67a5ea4895fd5140364da8ce4d1b8b1d5e2f99bfa33c901c1ebd?s=96&d=mm&r=g\",\"url\":\"https:\/\/secure.gravatar.com\/avatar\/6a65684d0a8f67a5ea4895fd5140364da8ce4d1b8b1d5e2f99bfa33c901c1ebd?s=96&d=mm&r=g\",\"contentUrl\":\"https:\/\/secure.gravatar.com\/avatar\/6a65684d0a8f67a5ea4895fd5140364da8ce4d1b8b1d5e2f99bfa33c901c1ebd?s=96&d=mm&r=g\",\"caption\":\"Ludimila Lamounier\"},\"url\":\"https:\/\/www.estrategiaconcursos.com.br\/blog\/author\/ludimilaestrategiaconcursos-com-br\/\"}]}<\/script>\n<!-- \/ Yoast SEO Premium plugin. -->","yoast_head_json":{"title":"CONCURSO TRE-MT\/2015: prepara-se com o curso de quest\u00f5es de L\u00edngua Portuguesa","robots":{"index":"index","follow":"follow","max-snippet":"max-snippet:-1","max-image-preview":"max-image-preview:large","max-video-preview":"max-video-preview:-1"},"canonical":"https:\/\/www.estrategiaconcursos.com.br\/blog\/concurso-tre-mt2015-prepara-se-com-o-curso-de-questoes-de-lingua-portuguesa\/","og_locale":"pt_BR","og_type":"article","og_title":"CONCURSO TRE-MT\/2015: prepara-se com o curso de quest\u00f5es de L\u00edngua Portuguesa","og_description":"Ol\u00e1, amigos do Estrat\u00e9gia. Como voc\u00eas devem saber, foi lan\u00e7ado o edital para Analista e T\u00e9cnico Judici\u00e1rio do TRE-MT. At\u00e9 a prova, s\u00e3o dois meses para estudo e revis\u00e3o dos assuntos. \u00c9 importante conhecer o m\u00e9todo de cobran\u00e7a da banca examinadora para se preparar adequadamente. Sabemos que o Cebraspe utilizar\u00e1 o m\u00e9todo CESPE de avali\u00e7\u00e3o [&hellip;]","og_url":"https:\/\/www.estrategiaconcursos.com.br\/blog\/concurso-tre-mt2015-prepara-se-com-o-curso-de-questoes-de-lingua-portuguesa\/","og_site_name":"Estrat\u00e9gia Concursos","article_published_time":"2015-10-01T15:41:27+00:00","article_modified_time":"2015-10-02T13:25:04+00:00","author":"Ludimila Lamounier","twitter_card":"summary_large_image","twitter_creator":"@EstratConcursos","twitter_site":"@EstratConcursos","twitter_misc":{"Escrito por":"Ludimila Lamounier","Est. tempo de leitura":"2 minutos"},"schema":{"@context":"https:\/\/schema.org","@graph":[{"@type":"NewsArticle","@id":"https:\/\/www.estrategiaconcursos.com.br\/blog\/concurso-tre-mt2015-prepara-se-com-o-curso-de-questoes-de-lingua-portuguesa\/#article","isPartOf":{"@id":"https:\/\/www.estrategiaconcursos.com.br\/blog\/concurso-tre-mt2015-prepara-se-com-o-curso-de-questoes-de-lingua-portuguesa\/"},"author":{"name":"Ludimila Lamounier","@id":"https:\/\/www.estrategiaconcursos.com.br\/blog\/#\/schema\/person\/b4b4016a4b8b90b3cd88e745a31a08d8"},"headline":"CONCURSO TRE-MT\/2015: prepara-se com o curso de quest\u00f5es de L\u00edngua Portuguesa","datePublished":"2015-10-01T15:41:27+00:00","dateModified":"2015-10-02T13:25:04+00:00","mainEntityOfPage":{"@id":"https:\/\/www.estrategiaconcursos.com.br\/blog\/concurso-tre-mt2015-prepara-se-com-o-curso-de-questoes-de-lingua-portuguesa\/"},"wordCount":497,"commentCount":2,"publisher":{"@id":"https:\/\/www.estrategiaconcursos.com.br\/blog\/#organization"},"keywords":["L\u00edngua Portuguesa","TRE-MT"],"articleSection":["Concursos P\u00fablicos"],"inLanguage":"pt-BR","potentialAction":[{"@type":"CommentAction","name":"Comment","target":["https:\/\/www.estrategiaconcursos.com.br\/blog\/concurso-tre-mt2015-prepara-se-com-o-curso-de-questoes-de-lingua-portuguesa\/#respond"]}],"copyrightYear":"2015","copyrightHolder":{"@id":"https:\/\/www.estrategiaconcursos.com.br\/blog\/#organization"}},{"@type":"WebPage","@id":"https:\/\/www.estrategiaconcursos.com.br\/blog\/concurso-tre-mt2015-prepara-se-com-o-curso-de-questoes-de-lingua-portuguesa\/","url":"https:\/\/www.estrategiaconcursos.com.br\/blog\/concurso-tre-mt2015-prepara-se-com-o-curso-de-questoes-de-lingua-portuguesa\/","name":"CONCURSO TRE-MT\/2015: prepara-se com o curso de quest\u00f5es de L\u00edngua Portuguesa","isPartOf":{"@id":"https:\/\/www.estrategiaconcursos.com.br\/blog\/#website"},"datePublished":"2015-10-01T15:41:27+00:00","dateModified":"2015-10-02T13:25:04+00:00","breadcrumb":{"@id":"https:\/\/www.estrategiaconcursos.com.br\/blog\/concurso-tre-mt2015-prepara-se-com-o-curso-de-questoes-de-lingua-portuguesa\/#breadcrumb"},"inLanguage":"pt-BR","potentialAction":[{"@type":"ReadAction","target":["https:\/\/www.estrategiaconcursos.com.br\/blog\/concurso-tre-mt2015-prepara-se-com-o-curso-de-questoes-de-lingua-portuguesa\/"]}]},{"@type":"BreadcrumbList","@id":"https:\/\/www.estrategiaconcursos.com.br\/blog\/concurso-tre-mt2015-prepara-se-com-o-curso-de-questoes-de-lingua-portuguesa\/#breadcrumb","itemListElement":[{"@type":"ListItem","position":1,"name":"In\u00edcio","item":"https:\/\/www.estrategiaconcursos.com.br\/blog\/"},{"@type":"ListItem","position":2,"name":"CONCURSO TRE-MT\/2015: prepara-se com o curso de quest\u00f5es de L\u00edngua Portuguesa"}]},{"@type":"WebSite","@id":"https:\/\/www.estrategiaconcursos.com.br\/blog\/#website","url":"https:\/\/www.estrategiaconcursos.com.br\/blog\/","name":"Estrat\u00e9gia Concursos","description":"O blog da Estrat\u00e9gia Concursos traz not\u00edcias sobre concursos e artigos de professores oferecendo cursos para concursos (pdf + videaulas) no site.","publisher":{"@id":"https:\/\/www.estrategiaconcursos.com.br\/blog\/#organization"},"potentialAction":[{"@type":"SearchAction","target":{"@type":"EntryPoint","urlTemplate":"https:\/\/www.estrategiaconcursos.com.br\/blog\/?s={search_term_string}"},"query-input":{"@type":"PropertyValueSpecification","valueRequired":true,"valueName":"search_term_string"}}],"inLanguage":"pt-BR"},{"@type":"Organization","@id":"https:\/\/www.estrategiaconcursos.com.br\/blog\/#organization","name":"Estrat\u00e9gia Concursos","url":"https:\/\/www.estrategiaconcursos.com.br\/blog\/","logo":{"@type":"ImageObject","inLanguage":"pt-BR","@id":"https:\/\/www.estrategiaconcursos.com.br\/blog\/#\/schema\/logo\/image\/","url":"https:\/\/dhg1h5j42swfq.cloudfront.net\/2025\/06\/03203428\/logo_concursos-1.jpg","contentUrl":"https:\/\/dhg1h5j42swfq.cloudfront.net\/2025\/06\/03203428\/logo_concursos-1.jpg","width":230,"height":60,"caption":"Estrat\u00e9gia Concursos"},"image":{"@id":"https:\/\/www.estrategiaconcursos.com.br\/blog\/#\/schema\/logo\/image\/"},"sameAs":["https:\/\/x.com\/EstratConcursos"]},{"@type":"Person","@id":"https:\/\/www.estrategiaconcursos.com.br\/blog\/#\/schema\/person\/b4b4016a4b8b90b3cd88e745a31a08d8","name":"Ludimila Lamounier","image":{"@type":"ImageObject","inLanguage":"pt-BR","@id":"https:\/\/secure.gravatar.com\/avatar\/6a65684d0a8f67a5ea4895fd5140364da8ce4d1b8b1d5e2f99bfa33c901c1ebd?s=96&d=mm&r=g","url":"https:\/\/secure.gravatar.com\/avatar\/6a65684d0a8f67a5ea4895fd5140364da8ce4d1b8b1d5e2f99bfa33c901c1ebd?s=96&d=mm&r=g","contentUrl":"https:\/\/secure.gravatar.com\/avatar\/6a65684d0a8f67a5ea4895fd5140364da8ce4d1b8b1d5e2f99bfa33c901c1ebd?s=96&d=mm&r=g","caption":"Ludimila Lamounier"},"url":"https:\/\/www.estrategiaconcursos.com.br\/blog\/author\/ludimilaestrategiaconcursos-com-br\/"}]}},"_links":{"self":[{"href":"https:\/\/www.estrategiaconcursos.com.br\/blog\/wp-json\/wp\/v2\/posts\/27643","targetHints":{"allow":["GET"]}}],"collection":[{"href":"https:\/\/www.estrategiaconcursos.com.br\/blog\/wp-json\/wp\/v2\/posts"}],"about":[{"href":"https:\/\/www.estrategiaconcursos.com.br\/blog\/wp-json\/wp\/v2\/types\/post"}],"author":[{"embeddable":true,"href":"https:\/\/www.estrategiaconcursos.com.br\/blog\/wp-json\/wp\/v2\/users\/172"}],"replies":[{"embeddable":true,"href":"https:\/\/www.estrategiaconcursos.com.br\/blog\/wp-json\/wp\/v2\/comments?post=27643"}],"version-history":[{"count":2,"href":"https:\/\/www.estrategiaconcursos.com.br\/blog\/wp-json\/wp\/v2\/posts\/27643\/revisions"}],"predecessor-version":[{"id":27645,"href":"https:\/\/www.estrategiaconcursos.com.br\/blog\/wp-json\/wp\/v2\/posts\/27643\/revisions\/27645"}],"wp:attachment":[{"href":"https:\/\/www.estrategiaconcursos.com.br\/blog\/wp-json\/wp\/v2\/media?parent=27643"}],"wp:term":[{"taxonomy":"category","embeddable":true,"href":"https:\/\/www.estrategiaconcursos.com.br\/blog\/wp-json\/wp\/v2\/categories?post=27643"},{"taxonomy":"post_tag","embeddable":true,"href":"https:\/\/www.estrategiaconcursos.com.br\/blog\/wp-json\/wp\/v2\/tags?post=27643"},{"taxonomy":"tax_estado","embeddable":true,"href":"https:\/\/www.estrategiaconcursos.com.br\/blog\/wp-json\/wp\/v2\/tax_estado?post=27643"}],"curies":[{"name":"wp","href":"https:\/\/api.w.org\/{rel}","templated":true}]}}