{"id":27602,"date":"2015-09-30T22:31:55","date_gmt":"2015-10-01T01:31:55","guid":{"rendered":"http:\/\/www.estrategiaconcursos.com.br\/blog\/?p=27602"},"modified":"2015-09-30T22:31:55","modified_gmt":"2015-10-01T01:31:55","slug":"stj-2015-portugues-de-duas-questoes-uma-e-passivel-de-recurso","status":"publish","type":"post","link":"https:\/\/www.estrategiaconcursos.com.br\/blog\/stj-2015-portugues-de-duas-questoes-uma-e-passivel-de-recurso\/","title":{"rendered":"STJ 2015: Portugu\u00eas! De duas quest\u00f5es, uma \u00e9 pass\u00edvel de recurso!"},"content":{"rendered":"<p>Ol\u00e1, pessoal!<\/p>\n<p>Quanto \u00e0 prova do STJ 2015, alguns alunos me enviaram e-mail sobre a possibilidade de recurso ou n\u00e3o das quest\u00f5es 12 e 19 (prova CB1_01).<\/p>\n<p>A quest\u00e3o 12 cobra a combina\u00e7\u00e3o de modo e tempo verbal. Veja:<\/p>\n<p><strong>Fragmento do texto<\/strong>: Embora hoje possa parecer pouco razo\u00e1vel a ideia de san\u00e7\u00e3o baseada na retalia\u00e7\u00e3o ou na pr\u00e1tica pelo ofendido de ato da mesma esp\u00e9cie da que o ofensor praticou contra ele, a <em>Lex Talionis<\/em>, em verdade, representou grande avan\u00e7o, pois, da vingan\u00e7a privada, passou-se a algo que se pode chamar de justi\u00e7a privada. Com a justi\u00e7a privada, o tipo de pena ou san\u00e7\u00e3o <span style=\"text-decoration: underline\">deixou<\/span> de ser uma surpresa para seu destinat\u00e1rio, e n\u00e3o mais <span style=\"text-decoration: underline\">correspondia<\/span> a todo e qualquer ato que o ofendido <strong>pretendesse<\/strong>; ao contr\u00e1rio, a puni\u00e7\u00e3o do ofensor <span style=\"text-decoration: underline\">passou<\/span> a sofrer os limites da extens\u00e3o e da intensidade do dano causado. Obviamente, isso quer dizer que, se o dano fosse f\u00edsico, a retalia\u00e7\u00e3o tamb\u00e9m o seria; por outro lado, fosse a ofensa apenas moral, n\u00e3o poderia ser de outra natureza o ato do ofendido contra o origin\u00e1rio ofensor.<\/p>\n<p><strong>Quest\u00e3o<\/strong>: A substitui\u00e7\u00e3o das formas verbais \u201cdeixou\u201d, \u201ccorrespondia\u201d e \u201cpassou\u201d por <strong>deixa<\/strong>, <strong>corresponde<\/strong> e <strong>passa<\/strong>, respectivamente, manteria a corre\u00e7\u00e3o e a coer\u00eancia do texto.<\/p>\n<p>A banca CESPE entendeu o gabarito como <strong>CERTO<\/strong>.<\/p>\n<p>Leia o texto com a substitui\u00e7\u00e3o pedida:<\/p>\n<p><strong>Fragmento do texto<\/strong>: Embora hoje possa parecer pouco razo\u00e1vel a ideia de san\u00e7\u00e3o baseada na retalia\u00e7\u00e3o ou na pr\u00e1tica pelo ofendido de ato da mesma esp\u00e9cie da que o ofensor praticou contra ele, a <em>Lex Talionis<\/em>, em verdade, representou grande avan\u00e7o, pois, da vingan\u00e7a privada, passou-se a algo que se pode chamar de justi\u00e7a privada. Com a justi\u00e7a privada, o tipo de pena ou san\u00e7\u00e3o <strong><span style=\"text-decoration: underline\">deixa<\/span><\/strong> de ser uma surpresa para seu destinat\u00e1rio, e n\u00e3o mais <strong><span style=\"text-decoration: underline\">corresponde<\/span><\/strong> a todo e qualquer ato que o ofendido <strong>pretendesse<\/strong>; ao contr\u00e1rio, a puni\u00e7\u00e3o do ofensor <strong><span style=\"text-decoration: underline\">passa<\/span><\/strong> a sofrer os limites da extens\u00e3o e da intensidade do dano causado. Obviamente, isso quer dizer que, se o dano fosse f\u00edsico, a retalia\u00e7\u00e3o tamb\u00e9m o seria; por outro lado, fosse a ofensa apenas moral, n\u00e3o poderia ser de outra natureza o ato do ofendido contra o origin\u00e1rio ofensor.<\/p>\n<p>Com a transposi\u00e7\u00e3o dos verbos para o presente do indicativo, a quest\u00e3o cobrou a possibilidade de se entender a justi\u00e7a privada como atual, o que realmente vem ocorrendo em nossa sociedade. Quanto a isso, n\u00e3o h\u00e1 d\u00favida, est\u00e1 correto. Por\u00e9m, alguns alunos perguntaram se o verbo \u201cpretendesse\u201d n\u00e3o ficaria incoerente nesta combina\u00e7\u00e3o.<\/p>\n<p>Bom, no contexto original, tal tempo verbal transmite ideia de hip\u00f3tese, algo que, com os verbos no presente do indicativo \u201cdeixa\u201d, \u201ccorresponde\u201d e \u201cpassa\u201d, seria natural o emprego do presente do subjuntivo (pretenda).<\/p>\n<p>Mas o emprego do pret\u00e9rito imperfeito estaria incoerente?<\/p>\n<p>Com o uso do presente do subjuntivo (pretenda), haveria ideia de possibilidade de a\u00e7\u00e3o no futuro. Com o verbo no presente do subjuntivo, manter-se-ia a ideia de hip\u00f3tese, isto \u00e9, algo <span style=\"text-decoration: underline\">corresponde<\/span> a todo e qualquer ato que o ofendido <strong>pretendesse<\/strong> \u00e0 \u00e9poca. Isso n\u00e3o fere a coer\u00eancia do trecho. Veja bem, a quest\u00e3o n\u00e3o pediu mudan\u00e7a de sentido, mas coer\u00eancia. Tal estrutura substituta mant\u00e9m a coer\u00eancia, mant\u00e9m a l\u00f3gica textual.<\/p>\n<p>Confronte essas duas possibilidades:<\/p>\n<p><strong>Fragmento do texto<\/strong>: Embora hoje possa parecer pouco razo\u00e1vel a ideia de san\u00e7\u00e3o baseada na retalia\u00e7\u00e3o ou na pr\u00e1tica pelo ofendido de ato da mesma esp\u00e9cie da que o ofensor praticou contra ele, a <em>Lex Talionis<\/em>, em verdade, representou grande avan\u00e7o, pois, da vingan\u00e7a privada, passou-se a algo que se pode chamar de justi\u00e7a privada. Com a justi\u00e7a privada, o tipo de pena ou san\u00e7\u00e3o <strong><span style=\"text-decoration: underline\">deixa<\/span><\/strong> de ser uma surpresa para seu destinat\u00e1rio, e n\u00e3o mais <strong><span style=\"text-decoration: underline\">corresponde<\/span><\/strong> a todo e qualquer ato que o ofendido <strong>pretendesse<\/strong>; ao contr\u00e1rio, a puni\u00e7\u00e3o do ofensor <strong><span style=\"text-decoration: underline\">passa<\/span><\/strong> a sofrer os limites da extens\u00e3o e da intensidade do dano causado. Obviamente, isso quer dizer que, se o dano fosse f\u00edsico, a retalia\u00e7\u00e3o tamb\u00e9m o seria; por outro lado, fosse a ofensa apenas moral, n\u00e3o poderia ser de outra natureza o ato do ofendido contra o origin\u00e1rio ofensor.<\/p>\n<p>&nbsp;<\/p>\n<p><strong>Fragmento do texto<\/strong>: Embora hoje possa parecer pouco razo\u00e1vel a ideia de san\u00e7\u00e3o baseada na retalia\u00e7\u00e3o ou na pr\u00e1tica pelo ofendido de ato da mesma esp\u00e9cie da que o ofensor praticou contra ele, a <em>Lex Talionis<\/em>, em verdade, representou grande avan\u00e7o, pois, da vingan\u00e7a privada, passou-se a algo que se pode chamar de justi\u00e7a privada. Com a justi\u00e7a privada, o tipo de pena ou san\u00e7\u00e3o <strong><span style=\"text-decoration: underline\">deixa<\/span><\/strong> de ser uma surpresa para seu destinat\u00e1rio, e n\u00e3o mais <strong><span style=\"text-decoration: underline\">corresponde<\/span><\/strong> a todo e qualquer ato que o ofendido <strong>pretenda<\/strong>; ao contr\u00e1rio, a puni\u00e7\u00e3o do ofensor <strong><span style=\"text-decoration: underline\">passa<\/span><\/strong> a sofrer os limites da extens\u00e3o e da intensidade do dano causado. Obviamente, isso quer dizer que, se o dano fosse f\u00edsico, a retalia\u00e7\u00e3o tamb\u00e9m o seria; por outro lado, fosse a ofensa apenas moral, n\u00e3o poderia ser de outra natureza o ato do ofendido contra o origin\u00e1rio ofensor.<\/p>\n<p>&nbsp;<\/p>\n<p>Agora, vamos verificar a <strong>quest\u00e3o 19<\/strong>:<\/p>\n<p>&nbsp;<\/p>\n<p>Assunto: encaminha processo.<\/p>\n<p>Excelent\u00edssimo Senhor Ministro,<\/p>\n<p>Ao cumpriment\u00e1-lo, encaminhamos processo, registrado sob n.\u00ba 1234567-00.2015.3.0.0000, para an\u00e1lise do mesmo e para emiss\u00e3o do parecer de Vossa Excel\u00eancia o Senhor Ministro.<\/p>\n<p>Atenciosamente,<\/p>\n<p style=\"text-align: center\">[assinatura]<\/p>\n<p style=\"text-align: center\">[identifica\u00e7\u00e3o do signat\u00e1rio]<\/p>\n<p>&nbsp;<\/p>\n<p>A estrutura do documento apresentado \u00e9 adequada \u00e0 composi\u00e7\u00e3o de um of\u00edcio.<\/p>\n<p>&nbsp;<\/p>\n<p>A estrutura deve ser analisada a partir do campo \u201cassunto\u201d, pois h\u00e1 um extrato do documento. Assim, o fato de n\u00e3o haver o local e a data n\u00e3o interfere nesta estrutura.<\/p>\n<p>Por\u00e9m, mesmo sabendo que a express\u00e3o \u201c<em>encaminha processo<\/em>\u201d diz respeito \u00e0 linguagem, devemos perceber que tamb\u00e9m se pode entender como estrutura, haja vista que a composi\u00e7\u00e3o do assunto tamb\u00e9m faz parte da composi\u00e7\u00e3o b\u00e1sica.<\/p>\n<p>Com base nos exemplos e nas informa\u00e7\u00f5es do Manual de Reda\u00e7\u00e3o da Presid\u00eancia da Rep\u00fablica, o assunto deve ter base numa express\u00e3o \u201cnominal\u201d. Assim, n\u00e3o cabe em sua estrutura o verbo no presente do indicativo \u201cencaminha\u201d, mas o substantivo \u201c<strong><em>encaminhamento<\/em><\/strong>\u201d.<\/p>\n<p>Dessa forma, cabe recurso nesta quest\u00e3o.<\/p>\n<p>&nbsp;<\/p>\n<p>Sugest\u00f5es, d\u00favidas ou observa\u00e7\u00f5es, pode entrar em contato comigo pelo whatsapp: <strong>(32) 8447 5981<\/strong><\/p>\n<p>&nbsp;<\/p>\n<p>Grande abra\u00e7o!<\/p>\n<p>Professor Terror<\/p>\n","protected":false},"excerpt":{"rendered":"<p>Ol\u00e1, pessoal! Quanto \u00e0 prova do STJ 2015, alguns alunos me enviaram e-mail sobre a possibilidade de recurso ou n\u00e3o das quest\u00f5es 12 e 19 (prova CB1_01). A quest\u00e3o 12 cobra a combina\u00e7\u00e3o de modo e tempo verbal. Veja: Fragmento do texto: Embora hoje possa parecer pouco razo\u00e1vel a ideia de san\u00e7\u00e3o baseada na retalia\u00e7\u00e3o [&hellip;]<\/p>\n","protected":false},"author":214,"featured_media":0,"comment_status":"open","ping_status":"open","sticky":false,"template":"","format":"standard","meta":{"post_tipo":"article","footnotes":""},"categories":[1],"tags":[869,72],"tax_estado":[],"class_list":["post-27602","post","type-post","status-publish","format-standard","hentry","category-cursos-e-concursos","tag-concurso-stj","tag-informativo-stj"],"acf":[],"yoast_head":"<!-- This site is optimized with the Yoast SEO Premium plugin v27.2 (Yoast SEO v27.2) - https:\/\/yoast.com\/product\/yoast-seo-premium-wordpress\/ -->\n<title>STJ 2015: Portugu\u00eas! De duas quest\u00f5es, uma \u00e9 pass\u00edvel de recurso!<\/title>\n<meta name=\"robots\" content=\"index, follow, max-snippet:-1, max-image-preview:large, max-video-preview:-1\" \/>\n<link rel=\"canonical\" href=\"https:\/\/www.estrategiaconcursos.com.br\/blog\/stj-2015-portugues-de-duas-questoes-uma-e-passivel-de-recurso\/\" \/>\n<meta property=\"og:locale\" content=\"pt_BR\" \/>\n<meta property=\"og:type\" content=\"article\" \/>\n<meta property=\"og:title\" content=\"STJ 2015: Portugu\u00eas! De duas quest\u00f5es, uma \u00e9 pass\u00edvel de recurso!\" \/>\n<meta property=\"og:description\" content=\"Ol\u00e1, pessoal! Quanto \u00e0 prova do STJ 2015, alguns alunos me enviaram e-mail sobre a possibilidade de recurso ou n\u00e3o das quest\u00f5es 12 e 19 (prova CB1_01). A quest\u00e3o 12 cobra a combina\u00e7\u00e3o de modo e tempo verbal. Veja: Fragmento do texto: Embora hoje possa parecer pouco razo\u00e1vel a ideia de san\u00e7\u00e3o baseada na retalia\u00e7\u00e3o [&hellip;]\" \/>\n<meta property=\"og:url\" content=\"https:\/\/www.estrategiaconcursos.com.br\/blog\/stj-2015-portugues-de-duas-questoes-uma-e-passivel-de-recurso\/\" \/>\n<meta property=\"og:site_name\" content=\"Estrat\u00e9gia Concursos\" \/>\n<meta property=\"article:published_time\" content=\"2015-10-01T01:31:55+00:00\" \/>\n<meta name=\"author\" content=\"D\u00e9cio Terror Filho\" \/>\n<meta name=\"twitter:card\" content=\"summary_large_image\" \/>\n<meta name=\"twitter:creator\" content=\"@EstratConcursos\" \/>\n<meta name=\"twitter:site\" content=\"@EstratConcursos\" \/>\n<meta name=\"twitter:label1\" content=\"Escrito por\" \/>\n\t<meta name=\"twitter:data1\" content=\"D\u00e9cio Terror Filho\" \/>\n\t<meta name=\"twitter:label2\" content=\"Est. tempo de leitura\" \/>\n\t<meta name=\"twitter:data2\" content=\"6 minutos\" \/>\n<script type=\"application\/ld+json\" class=\"yoast-schema-graph\">{\"@context\":\"https:\/\/schema.org\",\"@graph\":[{\"@type\":\"NewsArticle\",\"@id\":\"https:\/\/www.estrategiaconcursos.com.br\/blog\/stj-2015-portugues-de-duas-questoes-uma-e-passivel-de-recurso\/#article\",\"isPartOf\":{\"@id\":\"https:\/\/www.estrategiaconcursos.com.br\/blog\/stj-2015-portugues-de-duas-questoes-uma-e-passivel-de-recurso\/\"},\"author\":{\"name\":\"D\u00e9cio Terror Filho\",\"@id\":\"https:\/\/www.estrategiaconcursos.com.br\/blog\/#\/schema\/person\/e8165364027a31208914fc77c3314727\"},\"headline\":\"STJ 2015: Portugu\u00eas! De duas quest\u00f5es, uma \u00e9 pass\u00edvel de recurso!\",\"datePublished\":\"2015-10-01T01:31:55+00:00\",\"mainEntityOfPage\":{\"@id\":\"https:\/\/www.estrategiaconcursos.com.br\/blog\/stj-2015-portugues-de-duas-questoes-uma-e-passivel-de-recurso\/\"},\"wordCount\":1141,\"commentCount\":3,\"publisher\":{\"@id\":\"https:\/\/www.estrategiaconcursos.com.br\/blog\/#organization\"},\"keywords\":[\"concurso stj\",\"Informativo STJ\"],\"articleSection\":[\"Concursos P\u00fablicos\"],\"inLanguage\":\"pt-BR\",\"potentialAction\":[{\"@type\":\"CommentAction\",\"name\":\"Comment\",\"target\":[\"https:\/\/www.estrategiaconcursos.com.br\/blog\/stj-2015-portugues-de-duas-questoes-uma-e-passivel-de-recurso\/#respond\"]}],\"copyrightYear\":\"2015\",\"copyrightHolder\":{\"@id\":\"https:\/\/www.estrategiaconcursos.com.br\/blog\/#organization\"}},{\"@type\":\"WebPage\",\"@id\":\"https:\/\/www.estrategiaconcursos.com.br\/blog\/stj-2015-portugues-de-duas-questoes-uma-e-passivel-de-recurso\/\",\"url\":\"https:\/\/www.estrategiaconcursos.com.br\/blog\/stj-2015-portugues-de-duas-questoes-uma-e-passivel-de-recurso\/\",\"name\":\"STJ 2015: Portugu\u00eas! De duas quest\u00f5es, uma \u00e9 pass\u00edvel de recurso!\",\"isPartOf\":{\"@id\":\"https:\/\/www.estrategiaconcursos.com.br\/blog\/#website\"},\"datePublished\":\"2015-10-01T01:31:55+00:00\",\"breadcrumb\":{\"@id\":\"https:\/\/www.estrategiaconcursos.com.br\/blog\/stj-2015-portugues-de-duas-questoes-uma-e-passivel-de-recurso\/#breadcrumb\"},\"inLanguage\":\"pt-BR\",\"potentialAction\":[{\"@type\":\"ReadAction\",\"target\":[\"https:\/\/www.estrategiaconcursos.com.br\/blog\/stj-2015-portugues-de-duas-questoes-uma-e-passivel-de-recurso\/\"]}]},{\"@type\":\"BreadcrumbList\",\"@id\":\"https:\/\/www.estrategiaconcursos.com.br\/blog\/stj-2015-portugues-de-duas-questoes-uma-e-passivel-de-recurso\/#breadcrumb\",\"itemListElement\":[{\"@type\":\"ListItem\",\"position\":1,\"name\":\"In\u00edcio\",\"item\":\"https:\/\/www.estrategiaconcursos.com.br\/blog\/\"},{\"@type\":\"ListItem\",\"position\":2,\"name\":\"STJ 2015: Portugu\u00eas! De duas quest\u00f5es, uma \u00e9 pass\u00edvel de recurso!\"}]},{\"@type\":\"WebSite\",\"@id\":\"https:\/\/www.estrategiaconcursos.com.br\/blog\/#website\",\"url\":\"https:\/\/www.estrategiaconcursos.com.br\/blog\/\",\"name\":\"Estrat\u00e9gia Concursos\",\"description\":\"O blog da Estrat\u00e9gia Concursos traz not\u00edcias sobre concursos e artigos de professores oferecendo cursos para concursos (pdf + videaulas) no site.\",\"publisher\":{\"@id\":\"https:\/\/www.estrategiaconcursos.com.br\/blog\/#organization\"},\"potentialAction\":[{\"@type\":\"SearchAction\",\"target\":{\"@type\":\"EntryPoint\",\"urlTemplate\":\"https:\/\/www.estrategiaconcursos.com.br\/blog\/?s={search_term_string}\"},\"query-input\":{\"@type\":\"PropertyValueSpecification\",\"valueRequired\":true,\"valueName\":\"search_term_string\"}}],\"inLanguage\":\"pt-BR\"},{\"@type\":\"Organization\",\"@id\":\"https:\/\/www.estrategiaconcursos.com.br\/blog\/#organization\",\"name\":\"Estrat\u00e9gia Concursos\",\"url\":\"https:\/\/www.estrategiaconcursos.com.br\/blog\/\",\"logo\":{\"@type\":\"ImageObject\",\"inLanguage\":\"pt-BR\",\"@id\":\"https:\/\/www.estrategiaconcursos.com.br\/blog\/#\/schema\/logo\/image\/\",\"url\":\"https:\/\/dhg1h5j42swfq.cloudfront.net\/2025\/06\/03203428\/logo_concursos-1.jpg\",\"contentUrl\":\"https:\/\/dhg1h5j42swfq.cloudfront.net\/2025\/06\/03203428\/logo_concursos-1.jpg\",\"width\":230,\"height\":60,\"caption\":\"Estrat\u00e9gia Concursos\"},\"image\":{\"@id\":\"https:\/\/www.estrategiaconcursos.com.br\/blog\/#\/schema\/logo\/image\/\"},\"sameAs\":[\"https:\/\/x.com\/EstratConcursos\"]},{\"@type\":\"Person\",\"@id\":\"https:\/\/www.estrategiaconcursos.com.br\/blog\/#\/schema\/person\/e8165364027a31208914fc77c3314727\",\"name\":\"D\u00e9cio Terror Filho\",\"image\":{\"@type\":\"ImageObject\",\"inLanguage\":\"pt-BR\",\"@id\":\"https:\/\/secure.gravatar.com\/avatar\/a5b78e734de7c6482e965926e78344deb81abbc34282a3c9536cbb1a59728a37?s=96&d=mm&r=g\",\"url\":\"https:\/\/secure.gravatar.com\/avatar\/a5b78e734de7c6482e965926e78344deb81abbc34282a3c9536cbb1a59728a37?s=96&d=mm&r=g\",\"contentUrl\":\"https:\/\/secure.gravatar.com\/avatar\/a5b78e734de7c6482e965926e78344deb81abbc34282a3c9536cbb1a59728a37?s=96&d=mm&r=g\",\"caption\":\"D\u00e9cio Terror Filho\"},\"url\":\"https:\/\/www.estrategiaconcursos.com.br\/blog\/author\/contatoterrorportugues-com-br\/\"}]}<\/script>\n<!-- \/ Yoast SEO Premium plugin. -->","yoast_head_json":{"title":"STJ 2015: Portugu\u00eas! De duas quest\u00f5es, uma \u00e9 pass\u00edvel de recurso!","robots":{"index":"index","follow":"follow","max-snippet":"max-snippet:-1","max-image-preview":"max-image-preview:large","max-video-preview":"max-video-preview:-1"},"canonical":"https:\/\/www.estrategiaconcursos.com.br\/blog\/stj-2015-portugues-de-duas-questoes-uma-e-passivel-de-recurso\/","og_locale":"pt_BR","og_type":"article","og_title":"STJ 2015: Portugu\u00eas! De duas quest\u00f5es, uma \u00e9 pass\u00edvel de recurso!","og_description":"Ol\u00e1, pessoal! Quanto \u00e0 prova do STJ 2015, alguns alunos me enviaram e-mail sobre a possibilidade de recurso ou n\u00e3o das quest\u00f5es 12 e 19 (prova CB1_01). A quest\u00e3o 12 cobra a combina\u00e7\u00e3o de modo e tempo verbal. Veja: Fragmento do texto: Embora hoje possa parecer pouco razo\u00e1vel a ideia de san\u00e7\u00e3o baseada na retalia\u00e7\u00e3o [&hellip;]","og_url":"https:\/\/www.estrategiaconcursos.com.br\/blog\/stj-2015-portugues-de-duas-questoes-uma-e-passivel-de-recurso\/","og_site_name":"Estrat\u00e9gia Concursos","article_published_time":"2015-10-01T01:31:55+00:00","author":"D\u00e9cio Terror Filho","twitter_card":"summary_large_image","twitter_creator":"@EstratConcursos","twitter_site":"@EstratConcursos","twitter_misc":{"Escrito por":"D\u00e9cio Terror Filho","Est. tempo de leitura":"6 minutos"},"schema":{"@context":"https:\/\/schema.org","@graph":[{"@type":"NewsArticle","@id":"https:\/\/www.estrategiaconcursos.com.br\/blog\/stj-2015-portugues-de-duas-questoes-uma-e-passivel-de-recurso\/#article","isPartOf":{"@id":"https:\/\/www.estrategiaconcursos.com.br\/blog\/stj-2015-portugues-de-duas-questoes-uma-e-passivel-de-recurso\/"},"author":{"name":"D\u00e9cio Terror Filho","@id":"https:\/\/www.estrategiaconcursos.com.br\/blog\/#\/schema\/person\/e8165364027a31208914fc77c3314727"},"headline":"STJ 2015: Portugu\u00eas! De duas quest\u00f5es, uma \u00e9 pass\u00edvel de recurso!","datePublished":"2015-10-01T01:31:55+00:00","mainEntityOfPage":{"@id":"https:\/\/www.estrategiaconcursos.com.br\/blog\/stj-2015-portugues-de-duas-questoes-uma-e-passivel-de-recurso\/"},"wordCount":1141,"commentCount":3,"publisher":{"@id":"https:\/\/www.estrategiaconcursos.com.br\/blog\/#organization"},"keywords":["concurso stj","Informativo STJ"],"articleSection":["Concursos P\u00fablicos"],"inLanguage":"pt-BR","potentialAction":[{"@type":"CommentAction","name":"Comment","target":["https:\/\/www.estrategiaconcursos.com.br\/blog\/stj-2015-portugues-de-duas-questoes-uma-e-passivel-de-recurso\/#respond"]}],"copyrightYear":"2015","copyrightHolder":{"@id":"https:\/\/www.estrategiaconcursos.com.br\/blog\/#organization"}},{"@type":"WebPage","@id":"https:\/\/www.estrategiaconcursos.com.br\/blog\/stj-2015-portugues-de-duas-questoes-uma-e-passivel-de-recurso\/","url":"https:\/\/www.estrategiaconcursos.com.br\/blog\/stj-2015-portugues-de-duas-questoes-uma-e-passivel-de-recurso\/","name":"STJ 2015: Portugu\u00eas! De duas quest\u00f5es, uma \u00e9 pass\u00edvel de recurso!","isPartOf":{"@id":"https:\/\/www.estrategiaconcursos.com.br\/blog\/#website"},"datePublished":"2015-10-01T01:31:55+00:00","breadcrumb":{"@id":"https:\/\/www.estrategiaconcursos.com.br\/blog\/stj-2015-portugues-de-duas-questoes-uma-e-passivel-de-recurso\/#breadcrumb"},"inLanguage":"pt-BR","potentialAction":[{"@type":"ReadAction","target":["https:\/\/www.estrategiaconcursos.com.br\/blog\/stj-2015-portugues-de-duas-questoes-uma-e-passivel-de-recurso\/"]}]},{"@type":"BreadcrumbList","@id":"https:\/\/www.estrategiaconcursos.com.br\/blog\/stj-2015-portugues-de-duas-questoes-uma-e-passivel-de-recurso\/#breadcrumb","itemListElement":[{"@type":"ListItem","position":1,"name":"In\u00edcio","item":"https:\/\/www.estrategiaconcursos.com.br\/blog\/"},{"@type":"ListItem","position":2,"name":"STJ 2015: Portugu\u00eas! De duas quest\u00f5es, uma \u00e9 pass\u00edvel de recurso!"}]},{"@type":"WebSite","@id":"https:\/\/www.estrategiaconcursos.com.br\/blog\/#website","url":"https:\/\/www.estrategiaconcursos.com.br\/blog\/","name":"Estrat\u00e9gia Concursos","description":"O blog da Estrat\u00e9gia Concursos traz not\u00edcias sobre concursos e artigos de professores oferecendo cursos para concursos (pdf + videaulas) no site.","publisher":{"@id":"https:\/\/www.estrategiaconcursos.com.br\/blog\/#organization"},"potentialAction":[{"@type":"SearchAction","target":{"@type":"EntryPoint","urlTemplate":"https:\/\/www.estrategiaconcursos.com.br\/blog\/?s={search_term_string}"},"query-input":{"@type":"PropertyValueSpecification","valueRequired":true,"valueName":"search_term_string"}}],"inLanguage":"pt-BR"},{"@type":"Organization","@id":"https:\/\/www.estrategiaconcursos.com.br\/blog\/#organization","name":"Estrat\u00e9gia Concursos","url":"https:\/\/www.estrategiaconcursos.com.br\/blog\/","logo":{"@type":"ImageObject","inLanguage":"pt-BR","@id":"https:\/\/www.estrategiaconcursos.com.br\/blog\/#\/schema\/logo\/image\/","url":"https:\/\/dhg1h5j42swfq.cloudfront.net\/2025\/06\/03203428\/logo_concursos-1.jpg","contentUrl":"https:\/\/dhg1h5j42swfq.cloudfront.net\/2025\/06\/03203428\/logo_concursos-1.jpg","width":230,"height":60,"caption":"Estrat\u00e9gia Concursos"},"image":{"@id":"https:\/\/www.estrategiaconcursos.com.br\/blog\/#\/schema\/logo\/image\/"},"sameAs":["https:\/\/x.com\/EstratConcursos"]},{"@type":"Person","@id":"https:\/\/www.estrategiaconcursos.com.br\/blog\/#\/schema\/person\/e8165364027a31208914fc77c3314727","name":"D\u00e9cio Terror Filho","image":{"@type":"ImageObject","inLanguage":"pt-BR","@id":"https:\/\/secure.gravatar.com\/avatar\/a5b78e734de7c6482e965926e78344deb81abbc34282a3c9536cbb1a59728a37?s=96&d=mm&r=g","url":"https:\/\/secure.gravatar.com\/avatar\/a5b78e734de7c6482e965926e78344deb81abbc34282a3c9536cbb1a59728a37?s=96&d=mm&r=g","contentUrl":"https:\/\/secure.gravatar.com\/avatar\/a5b78e734de7c6482e965926e78344deb81abbc34282a3c9536cbb1a59728a37?s=96&d=mm&r=g","caption":"D\u00e9cio Terror Filho"},"url":"https:\/\/www.estrategiaconcursos.com.br\/blog\/author\/contatoterrorportugues-com-br\/"}]}},"_links":{"self":[{"href":"https:\/\/www.estrategiaconcursos.com.br\/blog\/wp-json\/wp\/v2\/posts\/27602","targetHints":{"allow":["GET"]}}],"collection":[{"href":"https:\/\/www.estrategiaconcursos.com.br\/blog\/wp-json\/wp\/v2\/posts"}],"about":[{"href":"https:\/\/www.estrategiaconcursos.com.br\/blog\/wp-json\/wp\/v2\/types\/post"}],"author":[{"embeddable":true,"href":"https:\/\/www.estrategiaconcursos.com.br\/blog\/wp-json\/wp\/v2\/users\/214"}],"replies":[{"embeddable":true,"href":"https:\/\/www.estrategiaconcursos.com.br\/blog\/wp-json\/wp\/v2\/comments?post=27602"}],"version-history":[{"count":1,"href":"https:\/\/www.estrategiaconcursos.com.br\/blog\/wp-json\/wp\/v2\/posts\/27602\/revisions"}],"predecessor-version":[{"id":27603,"href":"https:\/\/www.estrategiaconcursos.com.br\/blog\/wp-json\/wp\/v2\/posts\/27602\/revisions\/27603"}],"wp:attachment":[{"href":"https:\/\/www.estrategiaconcursos.com.br\/blog\/wp-json\/wp\/v2\/media?parent=27602"}],"wp:term":[{"taxonomy":"category","embeddable":true,"href":"https:\/\/www.estrategiaconcursos.com.br\/blog\/wp-json\/wp\/v2\/categories?post=27602"},{"taxonomy":"post_tag","embeddable":true,"href":"https:\/\/www.estrategiaconcursos.com.br\/blog\/wp-json\/wp\/v2\/tags?post=27602"},{"taxonomy":"tax_estado","embeddable":true,"href":"https:\/\/www.estrategiaconcursos.com.br\/blog\/wp-json\/wp\/v2\/tax_estado?post=27602"}],"curies":[{"name":"wp","href":"https:\/\/api.w.org\/{rel}","templated":true}]}}