{"id":27589,"date":"2015-09-30T18:54:25","date_gmt":"2015-09-30T21:54:25","guid":{"rendered":"http:\/\/www.estrategiaconcursos.com.br\/blog\/?p=27589"},"modified":"2019-04-09T15:48:06","modified_gmt":"2019-04-09T18:48:06","slug":"edital-do-xviii-exame-da-oab-informacoes-essenciais","status":"publish","type":"post","link":"https:\/\/www.estrategiaconcursos.com.br\/blog\/edital-do-xviii-exame-da-oab-informacoes-essenciais\/","title":{"rendered":"Edital do XVIII Exame da OAB &#8211; Informa\u00e7\u00f5es Essenciais!"},"content":{"rendered":"<p style=\"text-align: justify\"><a href=\"https:\/\/dhg1h5j42swfq.cloudfront.net\/2015\/09\/30185032\/oab-logo-1.jpg\"><img loading=\"lazy\" decoding=\"async\" class=\" size-medium wp-image-27590 alignleft\" src=\"https:\/\/dhg1h5j42swfq.cloudfront.net\/2015\/09\/30185032\/oab-logo-1.jpg\" alt=\"oab-logo-1\" width=\"300\" height=\"133\" srcset=\"https:\/\/dhg1h5j42swfq.cloudfront.net\/2015\/09\/30185032\/oab-logo-1.jpg 1022w, https:\/\/dhg1h5j42swfq.cloudfront.net\/2015\/09\/30185032\/oab-logo-1.jpg 300w, https:\/\/dhg1h5j42swfq.cloudfront.net\/2015\/09\/30185032\/oab-logo-1.jpg 500w\" sizes=\"auto, (max-width: 300px) 100vw, 300px\" \/><\/a>Em 28.09.2015 a FGV lan\u00e7ou o edital do <strong>XVIII Exame da OAB<\/strong>. Com o intuito auxili\u00e1-los, vamos sintetizar as principais informa\u00e7\u00f5es referentes a esse Exame, para a prepara\u00e7\u00e3o de primeira fase. Logo, se voc\u00ea ir\u00e1 prestar as provas, <strong>aten\u00e7\u00e3o<\/strong>!<\/p>\n<p style=\"text-align: justify\"><span style=\"text-decoration: underline\"><strong>Quem poder\u00e1 participar do Exame<\/strong><\/span><\/p>\n<p style=\"text-align: justify\">Segundo o edital de abertura de inscri\u00e7\u00f5es, poder\u00e3o se inscrever no Exame:<\/p>\n<ul>\n<li style=\"text-align: justify\"><strong>Bachar\u00e9is em Direito, ainda que esteja pendente a cola\u00e7\u00e3o de grau<\/strong>. Logo, se voc\u00ea concluiu o curso e aguarda a cola\u00e7\u00e3o de grau, poder\u00e1 se inscrever.<\/li>\n<li style=\"text-align: justify\"><strong>Estudantes de Direito que estejam, at\u00e9 o dia 28.10.2015, matriculados nos dois \u00faltimos semestres ou no \u00faltimo ano do curso de gradua\u00e7\u00e3o<\/strong>. Assim, se voc\u00ea estiver no 9\u00ba ou no 10\u00ba semestre (para cursos semestrais) ou no 5\u00ba ano (para cursos anuais), tamb\u00e9m poder\u00e1 participar do XVIII Exame.<\/li>\n<\/ul>\n<p style=\"text-align: justify\"><span style=\"text-decoration: underline\"><strong>Inscri\u00e7\u00f5es<\/strong><\/span><\/p>\n<p style=\"text-align: justify\">As inscri\u00e7\u00f5es para o XVIII iniciaram em 28.09 e ir\u00e3o apenas <strong>at\u00e9 o dia 09.10 \u00e0s 23:59<\/strong>! J\u00e1 o pagamento da taxa &#8211; de R$ 220,00 &#8211;\u00a0 poder\u00e1 ser realizado at\u00e9 o dia 28.10. Ao efetuar a inscri\u00e7\u00e3o o voc\u00ea\u00a0deve <strong>escolher entre as cidades<\/strong> dispon\u00edveis para a Seccional onde prestar\u00e1 as provas, objetiva e pr\u00e1tico-profissional.<\/p>\n<p style=\"text-align: justify\">Lembrem, <strong>n\u00e3o<\/strong> \u00e9 poss\u00edvel efetuar a primeira e segunda fases em <strong>locais diferentes<\/strong>!<\/p>\n<p style=\"text-align: justify\">Ap\u00f3s o pagamento da taxa de inscri\u00e7\u00e3o, <strong>n\u00e3o ser\u00e1 mais poss\u00edvel alterar a seccional ou local de provas<\/strong>. Contudo, se voc\u00ea se inscreveu, mas concluiu que necessitar\u00e1 fazer a prova em outro local, n\u00e3o pague a inscri\u00e7\u00e3o e efetue nova inscri\u00e7\u00e3o. De acordo com o edital, caso haja duas inscri\u00e7\u00f5es ser\u00e1 considerada v\u00e1lida a realizada por \u00faltimo.<\/p>\n<p style=\"text-align: justify\">Al\u00e9m disso, <strong>no momento da inscri\u00e7\u00e3o<\/strong>, voc\u00eas dever\u00e3o <strong>escolher a \u00e1rea que desejar\u00e3o realizar a prova pr\u00e1tico-profissional<\/strong>. \u00c9 importante pensar bem antes de escolher, pois, posteriormente, <strong>n\u00e3o ser\u00e1 permitido alterar a \u00e1rea escolhida<\/strong>. Entre as op\u00e7\u00f5es para a segunda fase temos: Direito Administrativo, Direito Civil, Direito Constitucional, Direito do Trabalho, Direito Empresarial, Direito Penal e Direito Tribut\u00e1rio.<\/p>\n<p style=\"text-align: justify\">Por fim, lembrem-se: se voc\u00ea foi aprovado na primeira fase do Exame XVII, n\u00e3o precisar\u00e1 realizar a prova objetiva do XVIII Exame. Fa\u00e7a o requerimento no site e intensifique os estudos para prova pr\u00e1tico-profissional.<\/p>\n<p style=\"text-align: justify\">Vamos ao que realmente interessa?!<\/p>\n<p style=\"text-align: justify\"><span style=\"text-decoration: underline\"><strong>Prova Objetiva<\/strong><\/span><\/p>\n<p style=\"text-align: justify\">N\u00e3o h\u00e1 altera\u00e7\u00f5es significativas em rela\u00e7\u00e3o ao XVII Exame. Contudo, vamos destacar algumas informa\u00e7\u00f5es fundamentais.<\/p>\n<p style=\"text-align: justify\">A prova objetiva ser\u00e1 <strong>realizada no dia 29.11<\/strong> e ter\u00e1 <strong>dura\u00e7\u00e3o de 5 horas<\/strong>, e aplicada no per\u00edodo da tarde.<\/p>\n<p style=\"text-align: justify\">A prova ser\u00e1 composta por <strong>80 quest\u00f5es<\/strong>, de <strong>m\u00faltipla escolha<\/strong>, com <strong>quatro alternativas<\/strong> cada (A, B, C e D). Lembrem-se, \u00e9 <strong>necess\u00e1rio acertar, ao menos, 40 quest\u00f5es<\/strong> para ser habilitado para a segunda fase. Embora, segundo entendemos, voc\u00ea n\u00e3o possa ignorar nenhuma disciplina,\u00a0 as normas da OAB,\u00a0 Direito Constitucional, Direito Civil, Direito Administrativo, Direito Processual Civil, Direito Penal e Direito do Trabalho representam a parte mais significativa da prova.<\/p>\n<p style=\"text-align: justify\">No XVII Exame essas <strong>sete disciplinas representaram 48 quest\u00f5es<\/strong>, ou seja, <strong>60% da prova<\/strong>. Ao passo que as outras <strong>10 disciplinas compuseram 40% da prova<\/strong>.<\/p>\n<p style=\"text-align: justify\"><strong>CONCLUS\u00c3O<\/strong>: <strong>voc\u00ea n\u00e3o pode deixar de estudar 40% da prova<\/strong>. Logo, estude esses assuntos com <strong>foco<\/strong>, notadamente naquilo que \u00e9 mais incidente em provas. <strong>Em rela\u00e7\u00e3o \u00e0s mat\u00e9rias mais cobradas voc\u00ea n\u00e3o tem alternativa a n\u00e3o ser intensificar os estudos<\/strong>!<\/p>\n<p style=\"text-align: justify\">Para voc\u00eas terem uma ideia do que estamos falando, vejamos a rela\u00e7\u00e3o de quest\u00f5es exigidas no \u00faltimo Exame:<\/p>\n<ul>\n<li style=\"text-align: justify\"><strong>Estatuto da Advocacia e da OAB, Regulamento Geral e C\u00f3digo de \u00c9tica e Disciplina da OAB<\/strong> \u2013 10 quest\u00f5es<\/li>\n<li style=\"text-align: justify\"><strong>Direto Constitucional<\/strong> \u2013 7 quest\u00f5es<\/li>\n<li style=\"text-align: justify\"><strong>Direito Civil<\/strong> \u2013 7 quest\u00f5es<\/li>\n<li style=\"text-align: justify\"><strong>Direito Administrativo<\/strong> \u2013 6 quest\u00f5es<\/li>\n<li style=\"text-align: justify\"><strong>Direito Processual Civil<\/strong> \u2013 6 quest\u00f5es<\/li>\n<li style=\"text-align: justify\"><strong>Direito Penal<\/strong>\u00a0\u00a0 \u2013 6 quest\u00f5es<\/li>\n<li style=\"text-align: justify\"><strong>Direito do Trabalho<\/strong> \u2013 6 quest\u00f5es<\/li>\n<li style=\"text-align: justify\"><strong>Direito Empresarial<\/strong> \u2013 5 quest\u00f5es<\/li>\n<li style=\"text-align: justify\"><strong>Direito Processual Penal<\/strong> \u2013 5 quest\u00f5es<\/li>\n<li style=\"text-align: justify\"><strong>Direito Processual do Trabalho<\/strong> \u2013 5 quest\u00f5es<\/li>\n<li style=\"text-align: justify\"><strong>Direito Tribut\u00e1rio<\/strong> \u2013 4 quest\u00f5es<\/li>\n<li style=\"text-align: justify\"><strong>Direitos Humanos<\/strong> \u2013 3 quest\u00f5es<\/li>\n<li style=\"text-align: justify\"><strong>Direito Ambiental<\/strong> \u2013 2 quest\u00f5es<\/li>\n<li style=\"text-align: justify\"><strong>Direito da Crian\u00e7a e do Adolescente<\/strong> \u2013 2 quest\u00f5es<\/li>\n<li style=\"text-align: justify\"><strong>Direito do Consumidor<\/strong> \u2013 2 quest\u00f5es<\/li>\n<li style=\"text-align: justify\"><strong>Filosofia do Direito<\/strong> \u2013 2 quest\u00f5es<\/li>\n<li style=\"text-align: justify\"><strong>Direito Internacional<\/strong> \u2013 2 quest\u00f5es<\/li>\n<\/ul>\n<p style=\"text-align: justify\">Portanto, nosso estudo de primeira fase deve ser com foco em quest\u00f5es, objetivo e direto!<\/p>\n<p style=\"text-align: justify\">Para quem est\u00e1 se preparando para o XVIII, elaboramos uma an\u00e1lise estat\u00edstica a fim de orientar voc\u00eas para os assuntos mais relevantes da prova objetiva . Destacamos os assuntos mais cobrados nas provas objetivas entre todos os exames realizados pela FGV. Confiram!<\/p>\n<p style=\"text-align: center\"><strong><a href=\"http:\/\/www.estrategiaconcursos.com.br\/blog\/exame-da-oab-veja-quais-sao-os-cinco-assuntos-mais-cobrados-de-cada-disciplina\/\">http:\/\/www.estrategiaconcursos.com.br\/blog\/exame-da-oab-veja-quais-sao-os-cinco-assuntos-mais-cobrados-de-cada-disciplina\/<\/a><\/strong><\/p>\n<p style=\"text-align: justify\">\u00c9 isso pessoal! Trouxemos um panorama geral do XVIII Exame e tratamos brevemente da <strong>prova objetiva<\/strong>, que <strong>\u00e9 o seu foco neste momento<\/strong>. Adiante trataremos da segunda fase do Exame.<\/p>\n<p style=\"text-align: justify\">Conhe\u00e7am, ainda, <strong>nossos cursos<\/strong> para a prova de m\u00faltipla escola:<\/p>\n<p style=\"text-align: center\"><strong><a href=\"https:\/\/www.estrategiaconcursos.com.br\/cursosPorConcurso\/exame-de-ordem-oab-146\/\">https:\/\/www.estrategiaconcursos.com.br\/cursosPorConcurso\/exame-de-ordem-oab-146\/<\/a><\/strong><\/p>\n<p style=\"text-align: justify\">Quaisquer d\u00favidas, deixe seu <strong>coment\u00e1rios<\/strong> abaixo.<\/p>\n<p style=\"text-align: justify\">E lembre-se, <strong>para a OAB \u00e9 fundamental estudar com Estrat\u00e9gia<\/strong>!<\/p>\n<p style=\"text-align: justify\">Bons estudos a todos!<\/p>\n","protected":false},"excerpt":{"rendered":"<p>Em 28.09.2015 a FGV lan\u00e7ou o edital do XVIII Exame da OAB. Com o intuito auxili\u00e1-los, vamos sintetizar as principais informa\u00e7\u00f5es referentes a esse Exame, para a prepara\u00e7\u00e3o de primeira fase. Logo, se voc\u00ea ir\u00e1 prestar as provas, aten\u00e7\u00e3o! Quem poder\u00e1 participar do Exame Segundo o edital de abertura de inscri\u00e7\u00f5es, poder\u00e3o se inscrever no [&hellip;]<\/p>\n","protected":false},"author":180,"featured_media":0,"comment_status":"open","ping_status":"open","sticky":false,"template":"","format":"standard","meta":{"post_tipo":"article","footnotes":""},"categories":[1],"tags":[71,1018],"tax_estado":[],"class_list":["post-27589","post","type-post","status-publish","format-standard","hentry","category-cursos-e-concursos","tag-oab","tag-prova-objetiva"],"acf":[],"yoast_head":"<!-- This site is optimized with the Yoast SEO Premium plugin v27.2 (Yoast SEO v27.2) - https:\/\/yoast.com\/product\/yoast-seo-premium-wordpress\/ -->\n<title>Edital do XVIII Exame da OAB - Informa\u00e7\u00f5es Essenciais!<\/title>\n<meta name=\"robots\" content=\"index, follow, max-snippet:-1, max-image-preview:large, max-video-preview:-1\" \/>\n<link rel=\"canonical\" href=\"https:\/\/www.estrategiaconcursos.com.br\/blog\/edital-do-xviii-exame-da-oab-informacoes-essenciais\/\" \/>\n<meta property=\"og:locale\" content=\"pt_BR\" \/>\n<meta property=\"og:type\" content=\"article\" \/>\n<meta property=\"og:title\" content=\"Edital do XVIII Exame da OAB - Informa\u00e7\u00f5es Essenciais!\" \/>\n<meta property=\"og:description\" content=\"Em 28.09.2015 a FGV lan\u00e7ou o edital do XVIII Exame da OAB. Com o intuito auxili\u00e1-los, vamos sintetizar as principais informa\u00e7\u00f5es referentes a esse Exame, para a prepara\u00e7\u00e3o de primeira fase. Logo, se voc\u00ea ir\u00e1 prestar as provas, aten\u00e7\u00e3o! Quem poder\u00e1 participar do Exame Segundo o edital de abertura de inscri\u00e7\u00f5es, poder\u00e3o se inscrever no [&hellip;]\" \/>\n<meta property=\"og:url\" content=\"https:\/\/www.estrategiaconcursos.com.br\/blog\/edital-do-xviii-exame-da-oab-informacoes-essenciais\/\" \/>\n<meta property=\"og:site_name\" content=\"Estrat\u00e9gia Concursos\" \/>\n<meta property=\"article:author\" content=\"https:\/\/www.facebook.com\/ricardo.s.torques\" \/>\n<meta property=\"article:published_time\" content=\"2015-09-30T21:54:25+00:00\" \/>\n<meta property=\"article:modified_time\" content=\"2019-04-09T18:48:06+00:00\" \/>\n<meta property=\"og:image\" content=\"https:\/\/www.estrategiaconcursos.com.br\/blog\/wp-content\/uploads\/2015\/09\/oab-logo-1-300x133.jpg\" \/>\n<meta name=\"author\" content=\"Ricardo Torques\" \/>\n<meta name=\"twitter:card\" content=\"summary_large_image\" \/>\n<meta name=\"twitter:creator\" content=\"@EstratConcursos\" \/>\n<meta name=\"twitter:site\" content=\"@EstratConcursos\" \/>\n<meta name=\"twitter:label1\" content=\"Escrito por\" \/>\n\t<meta name=\"twitter:data1\" content=\"Ricardo Torques\" \/>\n\t<meta name=\"twitter:label2\" content=\"Est. tempo de leitura\" \/>\n\t<meta name=\"twitter:data2\" content=\"4 minutos\" \/>\n<script type=\"application\/ld+json\" class=\"yoast-schema-graph\">{\"@context\":\"https:\/\/schema.org\",\"@graph\":[{\"@type\":\"NewsArticle\",\"@id\":\"https:\/\/www.estrategiaconcursos.com.br\/blog\/edital-do-xviii-exame-da-oab-informacoes-essenciais\/#article\",\"isPartOf\":{\"@id\":\"https:\/\/www.estrategiaconcursos.com.br\/blog\/edital-do-xviii-exame-da-oab-informacoes-essenciais\/\"},\"author\":{\"name\":\"Ricardo Torques\",\"@id\":\"https:\/\/www.estrategiaconcursos.com.br\/blog\/#\/schema\/person\/aa39cf5ddb518e5bdce27c35788405e2\"},\"headline\":\"Edital do XVIII Exame da OAB &#8211; Informa\u00e7\u00f5es Essenciais!\",\"datePublished\":\"2015-09-30T21:54:25+00:00\",\"dateModified\":\"2019-04-09T18:48:06+00:00\",\"mainEntityOfPage\":{\"@id\":\"https:\/\/www.estrategiaconcursos.com.br\/blog\/edital-do-xviii-exame-da-oab-informacoes-essenciais\/\"},\"wordCount\":823,\"commentCount\":0,\"publisher\":{\"@id\":\"https:\/\/www.estrategiaconcursos.com.br\/blog\/#organization\"},\"image\":{\"@id\":\"https:\/\/www.estrategiaconcursos.com.br\/blog\/edital-do-xviii-exame-da-oab-informacoes-essenciais\/#primaryimage\"},\"thumbnailUrl\":\"https:\/\/www.estrategiaconcursos.com.br\/blog\/wp-content\/uploads\/2015\/09\/oab-logo-1-300x133.jpg\",\"keywords\":[\"OAB\",\"prova objetiva\"],\"articleSection\":[\"Concursos P\u00fablicos\"],\"inLanguage\":\"pt-BR\",\"potentialAction\":[{\"@type\":\"CommentAction\",\"name\":\"Comment\",\"target\":[\"https:\/\/www.estrategiaconcursos.com.br\/blog\/edital-do-xviii-exame-da-oab-informacoes-essenciais\/#respond\"]}],\"copyrightYear\":\"2015\",\"copyrightHolder\":{\"@id\":\"https:\/\/www.estrategiaconcursos.com.br\/blog\/#organization\"}},{\"@type\":\"WebPage\",\"@id\":\"https:\/\/www.estrategiaconcursos.com.br\/blog\/edital-do-xviii-exame-da-oab-informacoes-essenciais\/\",\"url\":\"https:\/\/www.estrategiaconcursos.com.br\/blog\/edital-do-xviii-exame-da-oab-informacoes-essenciais\/\",\"name\":\"Edital do XVIII Exame da OAB - Informa\u00e7\u00f5es Essenciais!\",\"isPartOf\":{\"@id\":\"https:\/\/www.estrategiaconcursos.com.br\/blog\/#website\"},\"primaryImageOfPage\":{\"@id\":\"https:\/\/www.estrategiaconcursos.com.br\/blog\/edital-do-xviii-exame-da-oab-informacoes-essenciais\/#primaryimage\"},\"image\":{\"@id\":\"https:\/\/www.estrategiaconcursos.com.br\/blog\/edital-do-xviii-exame-da-oab-informacoes-essenciais\/#primaryimage\"},\"thumbnailUrl\":\"https:\/\/www.estrategiaconcursos.com.br\/blog\/wp-content\/uploads\/2015\/09\/oab-logo-1-300x133.jpg\",\"datePublished\":\"2015-09-30T21:54:25+00:00\",\"dateModified\":\"2019-04-09T18:48:06+00:00\",\"breadcrumb\":{\"@id\":\"https:\/\/www.estrategiaconcursos.com.br\/blog\/edital-do-xviii-exame-da-oab-informacoes-essenciais\/#breadcrumb\"},\"inLanguage\":\"pt-BR\",\"potentialAction\":[{\"@type\":\"ReadAction\",\"target\":[\"https:\/\/www.estrategiaconcursos.com.br\/blog\/edital-do-xviii-exame-da-oab-informacoes-essenciais\/\"]}]},{\"@type\":\"ImageObject\",\"inLanguage\":\"pt-BR\",\"@id\":\"https:\/\/www.estrategiaconcursos.com.br\/blog\/edital-do-xviii-exame-da-oab-informacoes-essenciais\/#primaryimage\",\"url\":\"https:\/\/dhg1h5j42swfq.cloudfront.net\/2015\/09\/30185032\/oab-logo-1.jpg\",\"contentUrl\":\"https:\/\/dhg1h5j42swfq.cloudfront.net\/2015\/09\/30185032\/oab-logo-1.jpg\",\"width\":1022,\"height\":454},{\"@type\":\"BreadcrumbList\",\"@id\":\"https:\/\/www.estrategiaconcursos.com.br\/blog\/edital-do-xviii-exame-da-oab-informacoes-essenciais\/#breadcrumb\",\"itemListElement\":[{\"@type\":\"ListItem\",\"position\":1,\"name\":\"In\u00edcio\",\"item\":\"https:\/\/www.estrategiaconcursos.com.br\/blog\/\"},{\"@type\":\"ListItem\",\"position\":2,\"name\":\"Edital do XVIII Exame da OAB &#8211; Informa\u00e7\u00f5es Essenciais!\"}]},{\"@type\":\"WebSite\",\"@id\":\"https:\/\/www.estrategiaconcursos.com.br\/blog\/#website\",\"url\":\"https:\/\/www.estrategiaconcursos.com.br\/blog\/\",\"name\":\"Estrat\u00e9gia Concursos\",\"description\":\"O blog da Estrat\u00e9gia Concursos traz not\u00edcias sobre concursos e artigos de professores oferecendo cursos para concursos (pdf + videaulas) no site.\",\"publisher\":{\"@id\":\"https:\/\/www.estrategiaconcursos.com.br\/blog\/#organization\"},\"potentialAction\":[{\"@type\":\"SearchAction\",\"target\":{\"@type\":\"EntryPoint\",\"urlTemplate\":\"https:\/\/www.estrategiaconcursos.com.br\/blog\/?s={search_term_string}\"},\"query-input\":{\"@type\":\"PropertyValueSpecification\",\"valueRequired\":true,\"valueName\":\"search_term_string\"}}],\"inLanguage\":\"pt-BR\"},{\"@type\":\"Organization\",\"@id\":\"https:\/\/www.estrategiaconcursos.com.br\/blog\/#organization\",\"name\":\"Estrat\u00e9gia Concursos\",\"url\":\"https:\/\/www.estrategiaconcursos.com.br\/blog\/\",\"logo\":{\"@type\":\"ImageObject\",\"inLanguage\":\"pt-BR\",\"@id\":\"https:\/\/www.estrategiaconcursos.com.br\/blog\/#\/schema\/logo\/image\/\",\"url\":\"https:\/\/dhg1h5j42swfq.cloudfront.net\/2025\/06\/03203428\/logo_concursos-1.jpg\",\"contentUrl\":\"https:\/\/dhg1h5j42swfq.cloudfront.net\/2025\/06\/03203428\/logo_concursos-1.jpg\",\"width\":230,\"height\":60,\"caption\":\"Estrat\u00e9gia Concursos\"},\"image\":{\"@id\":\"https:\/\/www.estrategiaconcursos.com.br\/blog\/#\/schema\/logo\/image\/\"},\"sameAs\":[\"https:\/\/x.com\/EstratConcursos\"]},{\"@type\":\"Person\",\"@id\":\"https:\/\/www.estrategiaconcursos.com.br\/blog\/#\/schema\/person\/aa39cf5ddb518e5bdce27c35788405e2\",\"name\":\"Ricardo Torques\",\"image\":{\"@type\":\"ImageObject\",\"inLanguage\":\"pt-BR\",\"@id\":\"https:\/\/secure.gravatar.com\/avatar\/ce9ac6c3cff25fe86d15ed568ebc64d1724baf5c0693133bcb1f6073f712f92a?s=96&d=mm&r=g\",\"url\":\"https:\/\/secure.gravatar.com\/avatar\/ce9ac6c3cff25fe86d15ed568ebc64d1724baf5c0693133bcb1f6073f712f92a?s=96&d=mm&r=g\",\"contentUrl\":\"https:\/\/secure.gravatar.com\/avatar\/ce9ac6c3cff25fe86d15ed568ebc64d1724baf5c0693133bcb1f6073f712f92a?s=96&d=mm&r=g\",\"caption\":\"Ricardo Torques\"},\"sameAs\":[\"https:\/\/www.facebook.com\/ricardo.s.torques\"],\"url\":\"https:\/\/www.estrategiaconcursos.com.br\/blog\/author\/ricardotorquesestrategiaconcursos-com-br\/\"}]}<\/script>\n<!-- \/ Yoast SEO Premium plugin. -->","yoast_head_json":{"title":"Edital do XVIII Exame da OAB - Informa\u00e7\u00f5es Essenciais!","robots":{"index":"index","follow":"follow","max-snippet":"max-snippet:-1","max-image-preview":"max-image-preview:large","max-video-preview":"max-video-preview:-1"},"canonical":"https:\/\/www.estrategiaconcursos.com.br\/blog\/edital-do-xviii-exame-da-oab-informacoes-essenciais\/","og_locale":"pt_BR","og_type":"article","og_title":"Edital do XVIII Exame da OAB - Informa\u00e7\u00f5es Essenciais!","og_description":"Em 28.09.2015 a FGV lan\u00e7ou o edital do XVIII Exame da OAB. Com o intuito auxili\u00e1-los, vamos sintetizar as principais informa\u00e7\u00f5es referentes a esse Exame, para a prepara\u00e7\u00e3o de primeira fase. Logo, se voc\u00ea ir\u00e1 prestar as provas, aten\u00e7\u00e3o! Quem poder\u00e1 participar do Exame Segundo o edital de abertura de inscri\u00e7\u00f5es, poder\u00e3o se inscrever no [&hellip;]","og_url":"https:\/\/www.estrategiaconcursos.com.br\/blog\/edital-do-xviii-exame-da-oab-informacoes-essenciais\/","og_site_name":"Estrat\u00e9gia Concursos","article_author":"https:\/\/www.facebook.com\/ricardo.s.torques","article_published_time":"2015-09-30T21:54:25+00:00","article_modified_time":"2019-04-09T18:48:06+00:00","og_image":[{"url":"https:\/\/www.estrategiaconcursos.com.br\/blog\/wp-content\/uploads\/2015\/09\/oab-logo-1-300x133.jpg","type":"","width":"","height":""}],"author":"Ricardo Torques","twitter_card":"summary_large_image","twitter_creator":"@EstratConcursos","twitter_site":"@EstratConcursos","twitter_misc":{"Escrito por":"Ricardo Torques","Est. tempo de leitura":"4 minutos"},"schema":{"@context":"https:\/\/schema.org","@graph":[{"@type":"NewsArticle","@id":"https:\/\/www.estrategiaconcursos.com.br\/blog\/edital-do-xviii-exame-da-oab-informacoes-essenciais\/#article","isPartOf":{"@id":"https:\/\/www.estrategiaconcursos.com.br\/blog\/edital-do-xviii-exame-da-oab-informacoes-essenciais\/"},"author":{"name":"Ricardo Torques","@id":"https:\/\/www.estrategiaconcursos.com.br\/blog\/#\/schema\/person\/aa39cf5ddb518e5bdce27c35788405e2"},"headline":"Edital do XVIII Exame da OAB &#8211; Informa\u00e7\u00f5es Essenciais!","datePublished":"2015-09-30T21:54:25+00:00","dateModified":"2019-04-09T18:48:06+00:00","mainEntityOfPage":{"@id":"https:\/\/www.estrategiaconcursos.com.br\/blog\/edital-do-xviii-exame-da-oab-informacoes-essenciais\/"},"wordCount":823,"commentCount":0,"publisher":{"@id":"https:\/\/www.estrategiaconcursos.com.br\/blog\/#organization"},"image":{"@id":"https:\/\/www.estrategiaconcursos.com.br\/blog\/edital-do-xviii-exame-da-oab-informacoes-essenciais\/#primaryimage"},"thumbnailUrl":"https:\/\/www.estrategiaconcursos.com.br\/blog\/wp-content\/uploads\/2015\/09\/oab-logo-1-300x133.jpg","keywords":["OAB","prova objetiva"],"articleSection":["Concursos P\u00fablicos"],"inLanguage":"pt-BR","potentialAction":[{"@type":"CommentAction","name":"Comment","target":["https:\/\/www.estrategiaconcursos.com.br\/blog\/edital-do-xviii-exame-da-oab-informacoes-essenciais\/#respond"]}],"copyrightYear":"2015","copyrightHolder":{"@id":"https:\/\/www.estrategiaconcursos.com.br\/blog\/#organization"}},{"@type":"WebPage","@id":"https:\/\/www.estrategiaconcursos.com.br\/blog\/edital-do-xviii-exame-da-oab-informacoes-essenciais\/","url":"https:\/\/www.estrategiaconcursos.com.br\/blog\/edital-do-xviii-exame-da-oab-informacoes-essenciais\/","name":"Edital do XVIII Exame da OAB - Informa\u00e7\u00f5es Essenciais!","isPartOf":{"@id":"https:\/\/www.estrategiaconcursos.com.br\/blog\/#website"},"primaryImageOfPage":{"@id":"https:\/\/www.estrategiaconcursos.com.br\/blog\/edital-do-xviii-exame-da-oab-informacoes-essenciais\/#primaryimage"},"image":{"@id":"https:\/\/www.estrategiaconcursos.com.br\/blog\/edital-do-xviii-exame-da-oab-informacoes-essenciais\/#primaryimage"},"thumbnailUrl":"https:\/\/www.estrategiaconcursos.com.br\/blog\/wp-content\/uploads\/2015\/09\/oab-logo-1-300x133.jpg","datePublished":"2015-09-30T21:54:25+00:00","dateModified":"2019-04-09T18:48:06+00:00","breadcrumb":{"@id":"https:\/\/www.estrategiaconcursos.com.br\/blog\/edital-do-xviii-exame-da-oab-informacoes-essenciais\/#breadcrumb"},"inLanguage":"pt-BR","potentialAction":[{"@type":"ReadAction","target":["https:\/\/www.estrategiaconcursos.com.br\/blog\/edital-do-xviii-exame-da-oab-informacoes-essenciais\/"]}]},{"@type":"ImageObject","inLanguage":"pt-BR","@id":"https:\/\/www.estrategiaconcursos.com.br\/blog\/edital-do-xviii-exame-da-oab-informacoes-essenciais\/#primaryimage","url":"https:\/\/dhg1h5j42swfq.cloudfront.net\/2015\/09\/30185032\/oab-logo-1.jpg","contentUrl":"https:\/\/dhg1h5j42swfq.cloudfront.net\/2015\/09\/30185032\/oab-logo-1.jpg","width":1022,"height":454},{"@type":"BreadcrumbList","@id":"https:\/\/www.estrategiaconcursos.com.br\/blog\/edital-do-xviii-exame-da-oab-informacoes-essenciais\/#breadcrumb","itemListElement":[{"@type":"ListItem","position":1,"name":"In\u00edcio","item":"https:\/\/www.estrategiaconcursos.com.br\/blog\/"},{"@type":"ListItem","position":2,"name":"Edital do XVIII Exame da OAB &#8211; Informa\u00e7\u00f5es Essenciais!"}]},{"@type":"WebSite","@id":"https:\/\/www.estrategiaconcursos.com.br\/blog\/#website","url":"https:\/\/www.estrategiaconcursos.com.br\/blog\/","name":"Estrat\u00e9gia Concursos","description":"O blog da Estrat\u00e9gia Concursos traz not\u00edcias sobre concursos e artigos de professores oferecendo cursos para concursos (pdf + videaulas) no site.","publisher":{"@id":"https:\/\/www.estrategiaconcursos.com.br\/blog\/#organization"},"potentialAction":[{"@type":"SearchAction","target":{"@type":"EntryPoint","urlTemplate":"https:\/\/www.estrategiaconcursos.com.br\/blog\/?s={search_term_string}"},"query-input":{"@type":"PropertyValueSpecification","valueRequired":true,"valueName":"search_term_string"}}],"inLanguage":"pt-BR"},{"@type":"Organization","@id":"https:\/\/www.estrategiaconcursos.com.br\/blog\/#organization","name":"Estrat\u00e9gia Concursos","url":"https:\/\/www.estrategiaconcursos.com.br\/blog\/","logo":{"@type":"ImageObject","inLanguage":"pt-BR","@id":"https:\/\/www.estrategiaconcursos.com.br\/blog\/#\/schema\/logo\/image\/","url":"https:\/\/dhg1h5j42swfq.cloudfront.net\/2025\/06\/03203428\/logo_concursos-1.jpg","contentUrl":"https:\/\/dhg1h5j42swfq.cloudfront.net\/2025\/06\/03203428\/logo_concursos-1.jpg","width":230,"height":60,"caption":"Estrat\u00e9gia Concursos"},"image":{"@id":"https:\/\/www.estrategiaconcursos.com.br\/blog\/#\/schema\/logo\/image\/"},"sameAs":["https:\/\/x.com\/EstratConcursos"]},{"@type":"Person","@id":"https:\/\/www.estrategiaconcursos.com.br\/blog\/#\/schema\/person\/aa39cf5ddb518e5bdce27c35788405e2","name":"Ricardo Torques","image":{"@type":"ImageObject","inLanguage":"pt-BR","@id":"https:\/\/secure.gravatar.com\/avatar\/ce9ac6c3cff25fe86d15ed568ebc64d1724baf5c0693133bcb1f6073f712f92a?s=96&d=mm&r=g","url":"https:\/\/secure.gravatar.com\/avatar\/ce9ac6c3cff25fe86d15ed568ebc64d1724baf5c0693133bcb1f6073f712f92a?s=96&d=mm&r=g","contentUrl":"https:\/\/secure.gravatar.com\/avatar\/ce9ac6c3cff25fe86d15ed568ebc64d1724baf5c0693133bcb1f6073f712f92a?s=96&d=mm&r=g","caption":"Ricardo Torques"},"sameAs":["https:\/\/www.facebook.com\/ricardo.s.torques"],"url":"https:\/\/www.estrategiaconcursos.com.br\/blog\/author\/ricardotorquesestrategiaconcursos-com-br\/"}]}},"_links":{"self":[{"href":"https:\/\/www.estrategiaconcursos.com.br\/blog\/wp-json\/wp\/v2\/posts\/27589","targetHints":{"allow":["GET"]}}],"collection":[{"href":"https:\/\/www.estrategiaconcursos.com.br\/blog\/wp-json\/wp\/v2\/posts"}],"about":[{"href":"https:\/\/www.estrategiaconcursos.com.br\/blog\/wp-json\/wp\/v2\/types\/post"}],"author":[{"embeddable":true,"href":"https:\/\/www.estrategiaconcursos.com.br\/blog\/wp-json\/wp\/v2\/users\/180"}],"replies":[{"embeddable":true,"href":"https:\/\/www.estrategiaconcursos.com.br\/blog\/wp-json\/wp\/v2\/comments?post=27589"}],"version-history":[{"count":3,"href":"https:\/\/www.estrategiaconcursos.com.br\/blog\/wp-json\/wp\/v2\/posts\/27589\/revisions"}],"predecessor-version":[{"id":182146,"href":"https:\/\/www.estrategiaconcursos.com.br\/blog\/wp-json\/wp\/v2\/posts\/27589\/revisions\/182146"}],"wp:attachment":[{"href":"https:\/\/www.estrategiaconcursos.com.br\/blog\/wp-json\/wp\/v2\/media?parent=27589"}],"wp:term":[{"taxonomy":"category","embeddable":true,"href":"https:\/\/www.estrategiaconcursos.com.br\/blog\/wp-json\/wp\/v2\/categories?post=27589"},{"taxonomy":"post_tag","embeddable":true,"href":"https:\/\/www.estrategiaconcursos.com.br\/blog\/wp-json\/wp\/v2\/tags?post=27589"},{"taxonomy":"tax_estado","embeddable":true,"href":"https:\/\/www.estrategiaconcursos.com.br\/blog\/wp-json\/wp\/v2\/tax_estado?post=27589"}],"curies":[{"name":"wp","href":"https:\/\/api.w.org\/{rel}","templated":true}]}}