{"id":27550,"date":"2015-09-30T14:33:10","date_gmt":"2015-09-30T17:33:10","guid":{"rendered":"http:\/\/www.estrategiaconcursos.com.br\/blog\/?p=27550"},"modified":"2015-09-30T14:33:10","modified_gmt":"2015-09-30T17:33:10","slug":"stj-recurso-da-questao-64-de-analista-judiciario-area-administrativa","status":"publish","type":"post","link":"https:\/\/www.estrategiaconcursos.com.br\/blog\/stj-recurso-da-questao-64-de-analista-judiciario-area-administrativa\/","title":{"rendered":"STJ: Recurso da quest\u00e3o 64 de Analista Judici\u00e1rio \u00c1rea Administrativa"},"content":{"rendered":"<p>Situa\u00e7\u00e3o hipot\u00e9tica<br \/>\nUm policial militar, durante per\u00edodo de folga, em sua resid\u00eancia, se desentendeu com seu vizinho, desferindo-lhe um tiro com arma pertencente \u00e0 corpora\u00e7\u00e3o.<br \/>\nAssertiva: Nessa situa\u00e7\u00e3o, n\u00e3o haver\u00e1 responsabilidade civil do Estado, pois o dano foi causado por policial fora de suas atribui\u00e7\u00f5es p\u00fablicas.<\/p>\n<p>A banca reputou a alternativa como correta.<br \/>\nContudo, esse tema n\u00e3o poderia ser cobrado em uma prova objetiva, uma vez que se relaciona a quest\u00e3o ALTAMENTE CONTROVERTIDA no \u00e2mbito da jurisprud\u00eancia do pr\u00f3prio SUPREMO TRIBUNAL FEDERAL. Assim, se nem mesmo a alta Corte do pa\u00eds chega a um consenso sobre o assunto, como se cobrar do examinando que traga uma resposta objetiva sobre o tema?<br \/>\nAdemais, verifica-se que o pr\u00f3prio CESPE j\u00e1 cobrou essa quest\u00e3o por diversas vezes em outras provas, conferindo \u00e0s quest\u00f5es gabaritos divergentes.<br \/>\nNesse sentido, vale apontar os julgados do STF CONTR\u00c1RIOS \u00e0 alternativa da quest\u00e3o acima proposta:<\/p>\n<p>EMENTA: AGRAVO REGIMENTAL NO RECURSO EXTRAORDIN\u00c1RIO. RESPONSABILIDADE CIVIL OBJETIVA DO ESTADO. ARTIGO 37, \u00a7 6\u00ba, DA CONSTITUI\u00c7\u00c3O. Crime praticado por policial militar durante o per\u00edodo de folga, usando arma da corpora\u00e7\u00e3o. Responsabilidade civil objetiva do Estado. Precedentes. Agravo regimental a que se nega provimento.<br \/>\n(RE 418023 AgR, Relator(a): Min. EROS GRAU, Segunda Turma, julgado em 09\/09\/2008, DJe-197 DIVULG 16-10-2008 PUBLIC 17-10-2008 EMENT VOL-02337-04 PP-00741 RTJ VOL-00207-03 PP-01206)<\/p>\n<p>Informativo 421 \u2013 STF:<br \/>\nResponsabilidade Civil do Estado &#8211; Policial Militar &#8211; Arma Pertencente \u00e0 Corpora\u00e7\u00e3o (Transcri\u00e7\u00f5es)<\/p>\n<p>RE 291035\/SP*<br \/>\nRELATOR: MINISTRO CELSO DE MELLO<\/p>\n<p>EMENTA: RESPONSABILIDADE CIVIL OBJETIVA DO ESTADO (CF, ART. 37, \u00a7 6\u00ba). POLICIAL MILITAR, QUE, EM SEU PER\u00cdODO DE FOLGA E EM TRAJES CIVIS, EFETUA DISPARO COM ARMA DE FOGO PERTENCENTE \u00c0 SUA CORPORA\u00c7\u00c3O, CAUSANDO A MORTE DE PESSOA INOCENTE. RECONHECIMENTO, NA ESP\u00c9CIE, DE QUE O USO E O PORTE DE ARMA DE FOGO PERTENCENTE \u00c0 POL\u00cdCIA MILITAR ERAM VEDADOS AOS SEUS INTEGRANTES NOS PER\u00cdODOS DE FOLGA. CONFIGURA\u00c7\u00c3O, MESMO ASSIM, DA RESPONSABILIDADE CIVIL OBJETIVA DO PODER P\u00daBLICO. PRECEDENTE (RTJ 170\/631). PRETENS\u00c3O DO ESTADO DE QUE SE ACHA AUSENTE, NA ESP\u00c9CIE, O NEXO DE CAUSALIDADE MATERIAL, N\u00c3O OBSTANTE RECONHECIDO PELO TRIBUNAL &#8220;A QUO&#8221;, COM APOIO NA APRECIA\u00c7\u00c3O SOBERANA DO CONJUNTO PROBAT\u00d3RIO. INADMISSIBILIDADE DE REEXAME DE PROVAS E FATOS EM SEDE RECURSAL EXTRAORDIN\u00c1RIA. PRECEDENTES ESPEC\u00cdFICOS EM TEMA DE RESPONSABILIDADE CIVIL OBJETIVA DO ESTADO. AC\u00d3RD\u00c3O RECORRIDO QUE SE AJUSTA \u00c0 JURISPRUD\u00caNCIA DO SUPREMO TRIBUNAL FEDERAL. RE CONHECIDO E IMPROVIDO.<\/p>\n<p>No seguinte RE, o STF deixa claro que o simples fato de o Estado deixar o agente p\u00fablico sair com a arma da corpora\u00e7\u00e3o j\u00e1 atrai a sua responsabilidade civil:<\/p>\n<p>CONSTITUCIONAL E ADMINISTRATIVO. AGRAVO REGIMENTAL EM RECURSO EXTRAORDIN\u00c1RIO. RESPONSABILIDADE EXTRACONTRATUAL DO ESTADO. ATO OMISSIVO. RESPONSABILIDADE SUBJETIVA. AGENTE P\u00daBLICO FORA DE SERVI\u00c7O. CRIME PRATICADO COM ARMA DA CORPORA\u00c7\u00c3O. ART. 37, \u00a7 6\u00ba, DA CF\/88. 1. Ocorr\u00eancia de rela\u00e7\u00e3o causal entre a omiss\u00e3o, consubstanciada no dever de vigil\u00e2ncia do patrim\u00f4nio p\u00fablico ao se permitir a sa\u00edda de policial em dia de folga, portando o rev\u00f3lver da corpora\u00e7\u00e3o, e o ato il\u00edcito praticado por este servidor. 2. Responsabilidade extracontratual do Estado caracterizada. 3. Inexist\u00eancia de argumento capaz de infirmar o entendimento adotado pela decis\u00e3o agravada. 4. Agravo regimental improvido.<br \/>\n(RE 213525 AgR, Relator(a): Min. ELLEN GRACIE, Segunda Turma, julgado em 09\/12\/2008, DJe-025 DIVULG 05-02-2009 PUBLIC 06-02-2009 EMENT VOL-02347-05 PP-00947 RTJ VOL-00209-02 PP-00855)<\/p>\n<p>No sentido do gabarito da quest\u00e3o, encontramos os seguintes julgados tamb\u00e9m do STF:<\/p>\n<p>Ementa: AGRAVO REGIMENTAL NO RECURSO EXTRAORDIN\u00c1RIO COM AGRAVO. RESPONSABILIDADE CIVIL DO ESTADO. ASSALTO PRATICADO POR POLICIAL FARDADO. RESPONSABILIDADE OBJETIVA DO ESTADO. REEXAME DO CONJUNTO F\u00c1TICO-PROBAT\u00d3RIO CARREADO AOS AUTOS. S\u00daMULA 279\/STF. 1. O Estado responde objetivamente pelos danos causados por seus agente, ainda que fora do hor\u00e1rio de expediente. Nesse sentido: CONSTITUCIONAL. ADMINISTRATIVO. responsabilidade civil DO estado. C.F., art. 37, \u00a7 6\u00ba. I. &#8211; Agress\u00e3o praticada por soldado, com a utiliza\u00e7\u00e3o de arma da corpora\u00e7\u00e3o militar: incid\u00eancia da responsabilidade objetiva do estado, mesmo porque, n\u00e3o obstante fora do servi\u00e7o, foi na condi\u00e7\u00e3o de policial-militar que o soldado foi corrigir as pessoas. O que deve ficar assentado \u00e9 que o preceito inscrito no art. 37, \u00a7 6\u00ba, da C.F., n\u00e3o exige que o agente p\u00fablico tenha agido no exerc\u00edcio de suas fun\u00e7\u00f5es, mas na qualidade de agente p\u00fablico. II. &#8211; R.E. n\u00e3o conhecido (RE 160401, Rel. Min. Carlos Velloso, Segunda Turma, Dj 04-06-1999). 2. A s\u00famula 279\/STF disp\u00f5e verbis: Para simples reexame de prova n\u00e3o cabe recurso extraordin\u00e1rio. 3. \u00c9 que o recurso extraordin\u00e1rio n\u00e3o se presta ao exame de quest\u00f5es que demandam revolvimento do contexto f\u00e1tico-probat\u00f3rio dos autos, adstringindo-se \u00e0 an\u00e1lise da viola\u00e7\u00e3o direta da ordem constitucional. 4.Agravo regimental a que se nega provimento.<br \/>\n(ARE 644395 AgR, Relator(a): Min. LUIZ FUX, Primeira Turma, julgado em 04\/10\/2011, DJe-202 DIVULG 19-10-2011 PUBLIC 20-10-2011 EMENT VOL-02611-02 PP-00212 RT v. 101, n. 916, 2012, p. 663-667)<\/p>\n<p>EMENTA: AGRAVO REGIMENTAL NO RECURSO EXTRAORDIN\u00c1RIO. CONSTITUCIONAL E ADMINISTRATIVO. POLICIAL MILITAR EM PER\u00cdODO DE FOLGA. DISPARO DE ARMA DE FOGO PERTENCENTE \u00c0 CORPORA\u00c7\u00c3O. RESPONSABILIDADE CIVIL DO ESTADO. INDENIZA\u00c7\u00c3O. IMPOSSIBILIDADE DO REEXAME DE PROVAS. S\u00daMULA 279 DO SUPREMO TRIBUNAL FEDERAL. AGRAVO REGIMENTAL AO QUAL SE NEGA PROVIMENTO.<br \/>\n(RE 508114 AgR, Relator(a): Min. C\u00c1RMEN L\u00daCIA, Primeira Turma, julgado em 16\/09\/2008, DJe-211 DIVULG 06-11-2008 PUBLIC 07-11-2008 EMENT VOL-02340-05 PP-00932)<\/p>\n<p>EMENTA: CONSTITUCIONAL. ADMINISTRATIVO. RECURSO EXTRAORDIN\u00c1RIO. RESPONSABILIDADE CIVIL DO ESTADO. LES\u00c3O CORPORAL. DISPARO DE ARMA DE FOGO PERTENCENTE \u00c0 CORPORA\u00c7\u00c3O. POLICIAL MILITAR EM PER\u00cdODO DE FOLGA. Caso em que o policial autor do disparo n\u00e3o se encontrava na qualidade de agente p\u00fablico. Nessa contextura, n\u00e3o h\u00e1 falar de responsabilidade civil do Estado. Recurso extraordin\u00e1rio conhecido e provido.<br \/>\n(RE 363423, Relator(a): Min. CARLOS BRITTO, Primeira Turma, julgado em 16\/11\/2004, DJe-047 DIVULG 13-03-2008 PUBLIC 14-03-2008 EMENT VOL-02311-03 PP-00467)<\/p>\n<p>Por outro lado, h\u00e1 diverg\u00eancia do pr\u00f3prio CESPE com rela\u00e7\u00e3o \u00e0s \u00faltimas provas que cobraram esse tema.<\/p>\n<p>Ano: 2013<br \/>\nBanca: CESPE<br \/>\n\u00d3rg\u00e3o: MS<br \/>\nProva: Analista T\u00e9cnico &#8211; Administrativo<br \/>\nA responsabilidade do Estado ser\u00e1 objetiva caso um sargento da pol\u00edcia militar estadual utilizando arma da corpora\u00e7\u00e3o, em dia de folga, efetue disparos contra um desafeto, gerando les\u00f5es graves, utilizando uma arma da corpora\u00e7\u00e3o.<\/p>\n<p>Nessa prova, o gabarito foi dado como \u201cCerto\u201d, adotando entendimento diametralmente oposto ao adotado na prova do STJ \u2013 AJAA.<\/p>\n<p>J\u00e1 na seguinte prova, assim como na do STJ, o entendimento foi de que n\u00e3o h\u00e1 responsabilidade civil do Estado (gabarito C):<\/p>\n<p>Ano: 2008<br \/>\nBanca: CESPE<br \/>\n\u00d3rg\u00e3o: PGE-PB<br \/>\nProva: Procurador do Estado<br \/>\nUm policial militar do estado da Para\u00edba, durante o per\u00edodo de folga, em sua resid\u00eancia, teve um desentendimento com sua companheira e lhe desferiu um tiro com uma arma pertencente \u00e0 corpora\u00e7\u00e3o. Considerando o ato hipot\u00e9tico praticado pelo referido policial, \u00e9 correto afirmar que<br \/>\na)<br \/>\nest\u00e1 configurada a responsabilidade civil do Estado, pois a arma pertencia \u00e0 corpora\u00e7\u00e3o.<br \/>\nb)<br \/>\nest\u00e1 configurada a responsabilidade civil do Estado, pois o disparo foi efetuado por um policial militar, e o fato de ele estar de folga n\u00e3o afasta a responsabilidade do Estado.<br \/>\nc)<br \/>\nn\u00e3o h\u00e1 responsabilidade civil do Estado, visto que o dano foi causado por policial fora de suas fun\u00e7\u00f5es p\u00fablicas.<br \/>\nd)<br \/>\nn\u00e3o h\u00e1 responsabilidade civil do Estado, pois o dano n\u00e3o foi causado nas depend\u00eancias de uma reparti\u00e7\u00e3o p\u00fablica.<br \/>\ne)<br \/>\nn\u00e3o h\u00e1 responsabilidade civil do Estado, uma vez que a conduta praticada pelo policial n\u00e3o configurou dano.<\/p>\n<p>Diante dessas constata\u00e7\u00f5es, a quest\u00e3o 64 da prova de Analista Judici\u00e1rio \u2013 \u00c1rea Administrativa (Cargo 1) do STJ deve ser anulada.<\/p>\n<p>Nesses termos,<\/p>\n<p>Pede deferimento.<\/p>\n","protected":false},"excerpt":{"rendered":"<p>Situa\u00e7\u00e3o hipot\u00e9tica Um policial militar, durante per\u00edodo de folga, em sua resid\u00eancia, se desentendeu com seu vizinho, desferindo-lhe um tiro com arma pertencente \u00e0 corpora\u00e7\u00e3o. Assertiva: Nessa situa\u00e7\u00e3o, n\u00e3o haver\u00e1 responsabilidade civil do Estado, pois o dano foi causado por policial fora de suas atribui\u00e7\u00f5es p\u00fablicas. A banca reputou a alternativa como correta. Contudo, esse [&hellip;]<\/p>\n","protected":false},"author":8,"featured_media":0,"comment_status":"open","ping_status":"open","sticky":false,"template":"","format":"standard","meta":{"post_tipo":"article","footnotes":""},"categories":[1],"tags":[],"tax_estado":[],"class_list":["post-27550","post","type-post","status-publish","format-standard","hentry","category-cursos-e-concursos"],"acf":[],"yoast_head":"<!-- This site is optimized with the Yoast SEO Premium plugin v27.2 (Yoast SEO v27.2) - https:\/\/yoast.com\/product\/yoast-seo-premium-wordpress\/ -->\n<title>STJ: Recurso da quest\u00e3o 64 de Analista Judici\u00e1rio \u00c1rea Administrativa<\/title>\n<meta name=\"robots\" content=\"index, follow, max-snippet:-1, max-image-preview:large, max-video-preview:-1\" \/>\n<link rel=\"canonical\" href=\"https:\/\/www.estrategiaconcursos.com.br\/blog\/stj-recurso-da-questao-64-de-analista-judiciario-area-administrativa\/\" \/>\n<meta property=\"og:locale\" content=\"pt_BR\" \/>\n<meta property=\"og:type\" content=\"article\" \/>\n<meta property=\"og:title\" content=\"STJ: Recurso da quest\u00e3o 64 de Analista Judici\u00e1rio \u00c1rea Administrativa\" \/>\n<meta property=\"og:description\" content=\"Situa\u00e7\u00e3o hipot\u00e9tica Um policial militar, durante per\u00edodo de folga, em sua resid\u00eancia, se desentendeu com seu vizinho, desferindo-lhe um tiro com arma pertencente \u00e0 corpora\u00e7\u00e3o. Assertiva: Nessa situa\u00e7\u00e3o, n\u00e3o haver\u00e1 responsabilidade civil do Estado, pois o dano foi causado por policial fora de suas atribui\u00e7\u00f5es p\u00fablicas. A banca reputou a alternativa como correta. Contudo, esse [&hellip;]\" \/>\n<meta property=\"og:url\" content=\"https:\/\/www.estrategiaconcursos.com.br\/blog\/stj-recurso-da-questao-64-de-analista-judiciario-area-administrativa\/\" \/>\n<meta property=\"og:site_name\" content=\"Estrat\u00e9gia Concursos\" \/>\n<meta property=\"article:published_time\" content=\"2015-09-30T17:33:10+00:00\" \/>\n<meta name=\"author\" content=\"Daniel Mesquita\" \/>\n<meta name=\"twitter:card\" content=\"summary_large_image\" \/>\n<meta name=\"twitter:creator\" content=\"@EstratConcursos\" \/>\n<meta name=\"twitter:site\" content=\"@EstratConcursos\" \/>\n<meta name=\"twitter:label1\" content=\"Escrito por\" \/>\n\t<meta name=\"twitter:data1\" content=\"Daniel Mesquita\" \/>\n\t<meta name=\"twitter:label2\" content=\"Est. tempo de leitura\" \/>\n\t<meta name=\"twitter:data2\" content=\"7 minutos\" \/>\n<script type=\"application\/ld+json\" class=\"yoast-schema-graph\">{\"@context\":\"https:\/\/schema.org\",\"@graph\":[{\"@type\":\"NewsArticle\",\"@id\":\"https:\/\/www.estrategiaconcursos.com.br\/blog\/stj-recurso-da-questao-64-de-analista-judiciario-area-administrativa\/#article\",\"isPartOf\":{\"@id\":\"https:\/\/www.estrategiaconcursos.com.br\/blog\/stj-recurso-da-questao-64-de-analista-judiciario-area-administrativa\/\"},\"author\":{\"name\":\"Daniel Mesquita\",\"@id\":\"https:\/\/www.estrategiaconcursos.com.br\/blog\/#\/schema\/person\/9eaf1124191babd2cd91ce9a50b4df1b\"},\"headline\":\"STJ: Recurso da quest\u00e3o 64 de Analista Judici\u00e1rio \u00c1rea Administrativa\",\"datePublished\":\"2015-09-30T17:33:10+00:00\",\"mainEntityOfPage\":{\"@id\":\"https:\/\/www.estrategiaconcursos.com.br\/blog\/stj-recurso-da-questao-64-de-analista-judiciario-area-administrativa\/\"},\"wordCount\":1316,\"commentCount\":3,\"publisher\":{\"@id\":\"https:\/\/www.estrategiaconcursos.com.br\/blog\/#organization\"},\"articleSection\":[\"Concursos P\u00fablicos\"],\"inLanguage\":\"pt-BR\",\"potentialAction\":[{\"@type\":\"CommentAction\",\"name\":\"Comment\",\"target\":[\"https:\/\/www.estrategiaconcursos.com.br\/blog\/stj-recurso-da-questao-64-de-analista-judiciario-area-administrativa\/#respond\"]}],\"copyrightYear\":\"2015\",\"copyrightHolder\":{\"@id\":\"https:\/\/www.estrategiaconcursos.com.br\/blog\/#organization\"}},{\"@type\":\"WebPage\",\"@id\":\"https:\/\/www.estrategiaconcursos.com.br\/blog\/stj-recurso-da-questao-64-de-analista-judiciario-area-administrativa\/\",\"url\":\"https:\/\/www.estrategiaconcursos.com.br\/blog\/stj-recurso-da-questao-64-de-analista-judiciario-area-administrativa\/\",\"name\":\"STJ: Recurso da quest\u00e3o 64 de Analista Judici\u00e1rio \u00c1rea Administrativa\",\"isPartOf\":{\"@id\":\"https:\/\/www.estrategiaconcursos.com.br\/blog\/#website\"},\"datePublished\":\"2015-09-30T17:33:10+00:00\",\"breadcrumb\":{\"@id\":\"https:\/\/www.estrategiaconcursos.com.br\/blog\/stj-recurso-da-questao-64-de-analista-judiciario-area-administrativa\/#breadcrumb\"},\"inLanguage\":\"pt-BR\",\"potentialAction\":[{\"@type\":\"ReadAction\",\"target\":[\"https:\/\/www.estrategiaconcursos.com.br\/blog\/stj-recurso-da-questao-64-de-analista-judiciario-area-administrativa\/\"]}]},{\"@type\":\"BreadcrumbList\",\"@id\":\"https:\/\/www.estrategiaconcursos.com.br\/blog\/stj-recurso-da-questao-64-de-analista-judiciario-area-administrativa\/#breadcrumb\",\"itemListElement\":[{\"@type\":\"ListItem\",\"position\":1,\"name\":\"In\u00edcio\",\"item\":\"https:\/\/www.estrategiaconcursos.com.br\/blog\/\"},{\"@type\":\"ListItem\",\"position\":2,\"name\":\"STJ: Recurso da quest\u00e3o 64 de Analista Judici\u00e1rio \u00c1rea Administrativa\"}]},{\"@type\":\"WebSite\",\"@id\":\"https:\/\/www.estrategiaconcursos.com.br\/blog\/#website\",\"url\":\"https:\/\/www.estrategiaconcursos.com.br\/blog\/\",\"name\":\"Estrat\u00e9gia Concursos\",\"description\":\"O blog da Estrat\u00e9gia Concursos traz not\u00edcias sobre concursos e artigos de professores oferecendo cursos para concursos (pdf + videaulas) no site.\",\"publisher\":{\"@id\":\"https:\/\/www.estrategiaconcursos.com.br\/blog\/#organization\"},\"potentialAction\":[{\"@type\":\"SearchAction\",\"target\":{\"@type\":\"EntryPoint\",\"urlTemplate\":\"https:\/\/www.estrategiaconcursos.com.br\/blog\/?s={search_term_string}\"},\"query-input\":{\"@type\":\"PropertyValueSpecification\",\"valueRequired\":true,\"valueName\":\"search_term_string\"}}],\"inLanguage\":\"pt-BR\"},{\"@type\":\"Organization\",\"@id\":\"https:\/\/www.estrategiaconcursos.com.br\/blog\/#organization\",\"name\":\"Estrat\u00e9gia Concursos\",\"url\":\"https:\/\/www.estrategiaconcursos.com.br\/blog\/\",\"logo\":{\"@type\":\"ImageObject\",\"inLanguage\":\"pt-BR\",\"@id\":\"https:\/\/www.estrategiaconcursos.com.br\/blog\/#\/schema\/logo\/image\/\",\"url\":\"https:\/\/dhg1h5j42swfq.cloudfront.net\/2025\/06\/03203428\/logo_concursos-1.jpg\",\"contentUrl\":\"https:\/\/dhg1h5j42swfq.cloudfront.net\/2025\/06\/03203428\/logo_concursos-1.jpg\",\"width\":230,\"height\":60,\"caption\":\"Estrat\u00e9gia Concursos\"},\"image\":{\"@id\":\"https:\/\/www.estrategiaconcursos.com.br\/blog\/#\/schema\/logo\/image\/\"},\"sameAs\":[\"https:\/\/x.com\/EstratConcursos\"]},{\"@type\":\"Person\",\"@id\":\"https:\/\/www.estrategiaconcursos.com.br\/blog\/#\/schema\/person\/9eaf1124191babd2cd91ce9a50b4df1b\",\"name\":\"Daniel Mesquita\",\"image\":{\"@type\":\"ImageObject\",\"inLanguage\":\"pt-BR\",\"@id\":\"https:\/\/secure.gravatar.com\/avatar\/706770cb0fb6fef61b228494b341a7865da68c2e586815b508303374d2dc2223?s=96&d=mm&r=g\",\"url\":\"https:\/\/secure.gravatar.com\/avatar\/706770cb0fb6fef61b228494b341a7865da68c2e586815b508303374d2dc2223?s=96&d=mm&r=g\",\"contentUrl\":\"https:\/\/secure.gravatar.com\/avatar\/706770cb0fb6fef61b228494b341a7865da68c2e586815b508303374d2dc2223?s=96&d=mm&r=g\",\"caption\":\"Daniel Mesquita\"},\"url\":\"https:\/\/www.estrategiaconcursos.com.br\/blog\/author\/danielmesquitaestrategiaconcursos-com-br\/\"}]}<\/script>\n<!-- \/ Yoast SEO Premium plugin. -->","yoast_head_json":{"title":"STJ: Recurso da quest\u00e3o 64 de Analista Judici\u00e1rio \u00c1rea Administrativa","robots":{"index":"index","follow":"follow","max-snippet":"max-snippet:-1","max-image-preview":"max-image-preview:large","max-video-preview":"max-video-preview:-1"},"canonical":"https:\/\/www.estrategiaconcursos.com.br\/blog\/stj-recurso-da-questao-64-de-analista-judiciario-area-administrativa\/","og_locale":"pt_BR","og_type":"article","og_title":"STJ: Recurso da quest\u00e3o 64 de Analista Judici\u00e1rio \u00c1rea Administrativa","og_description":"Situa\u00e7\u00e3o hipot\u00e9tica Um policial militar, durante per\u00edodo de folga, em sua resid\u00eancia, se desentendeu com seu vizinho, desferindo-lhe um tiro com arma pertencente \u00e0 corpora\u00e7\u00e3o. Assertiva: Nessa situa\u00e7\u00e3o, n\u00e3o haver\u00e1 responsabilidade civil do Estado, pois o dano foi causado por policial fora de suas atribui\u00e7\u00f5es p\u00fablicas. A banca reputou a alternativa como correta. Contudo, esse [&hellip;]","og_url":"https:\/\/www.estrategiaconcursos.com.br\/blog\/stj-recurso-da-questao-64-de-analista-judiciario-area-administrativa\/","og_site_name":"Estrat\u00e9gia Concursos","article_published_time":"2015-09-30T17:33:10+00:00","author":"Daniel Mesquita","twitter_card":"summary_large_image","twitter_creator":"@EstratConcursos","twitter_site":"@EstratConcursos","twitter_misc":{"Escrito por":"Daniel Mesquita","Est. tempo de leitura":"7 minutos"},"schema":{"@context":"https:\/\/schema.org","@graph":[{"@type":"NewsArticle","@id":"https:\/\/www.estrategiaconcursos.com.br\/blog\/stj-recurso-da-questao-64-de-analista-judiciario-area-administrativa\/#article","isPartOf":{"@id":"https:\/\/www.estrategiaconcursos.com.br\/blog\/stj-recurso-da-questao-64-de-analista-judiciario-area-administrativa\/"},"author":{"name":"Daniel Mesquita","@id":"https:\/\/www.estrategiaconcursos.com.br\/blog\/#\/schema\/person\/9eaf1124191babd2cd91ce9a50b4df1b"},"headline":"STJ: Recurso da quest\u00e3o 64 de Analista Judici\u00e1rio \u00c1rea Administrativa","datePublished":"2015-09-30T17:33:10+00:00","mainEntityOfPage":{"@id":"https:\/\/www.estrategiaconcursos.com.br\/blog\/stj-recurso-da-questao-64-de-analista-judiciario-area-administrativa\/"},"wordCount":1316,"commentCount":3,"publisher":{"@id":"https:\/\/www.estrategiaconcursos.com.br\/blog\/#organization"},"articleSection":["Concursos P\u00fablicos"],"inLanguage":"pt-BR","potentialAction":[{"@type":"CommentAction","name":"Comment","target":["https:\/\/www.estrategiaconcursos.com.br\/blog\/stj-recurso-da-questao-64-de-analista-judiciario-area-administrativa\/#respond"]}],"copyrightYear":"2015","copyrightHolder":{"@id":"https:\/\/www.estrategiaconcursos.com.br\/blog\/#organization"}},{"@type":"WebPage","@id":"https:\/\/www.estrategiaconcursos.com.br\/blog\/stj-recurso-da-questao-64-de-analista-judiciario-area-administrativa\/","url":"https:\/\/www.estrategiaconcursos.com.br\/blog\/stj-recurso-da-questao-64-de-analista-judiciario-area-administrativa\/","name":"STJ: Recurso da quest\u00e3o 64 de Analista Judici\u00e1rio \u00c1rea Administrativa","isPartOf":{"@id":"https:\/\/www.estrategiaconcursos.com.br\/blog\/#website"},"datePublished":"2015-09-30T17:33:10+00:00","breadcrumb":{"@id":"https:\/\/www.estrategiaconcursos.com.br\/blog\/stj-recurso-da-questao-64-de-analista-judiciario-area-administrativa\/#breadcrumb"},"inLanguage":"pt-BR","potentialAction":[{"@type":"ReadAction","target":["https:\/\/www.estrategiaconcursos.com.br\/blog\/stj-recurso-da-questao-64-de-analista-judiciario-area-administrativa\/"]}]},{"@type":"BreadcrumbList","@id":"https:\/\/www.estrategiaconcursos.com.br\/blog\/stj-recurso-da-questao-64-de-analista-judiciario-area-administrativa\/#breadcrumb","itemListElement":[{"@type":"ListItem","position":1,"name":"In\u00edcio","item":"https:\/\/www.estrategiaconcursos.com.br\/blog\/"},{"@type":"ListItem","position":2,"name":"STJ: Recurso da quest\u00e3o 64 de Analista Judici\u00e1rio \u00c1rea Administrativa"}]},{"@type":"WebSite","@id":"https:\/\/www.estrategiaconcursos.com.br\/blog\/#website","url":"https:\/\/www.estrategiaconcursos.com.br\/blog\/","name":"Estrat\u00e9gia Concursos","description":"O blog da Estrat\u00e9gia Concursos traz not\u00edcias sobre concursos e artigos de professores oferecendo cursos para concursos (pdf + videaulas) no site.","publisher":{"@id":"https:\/\/www.estrategiaconcursos.com.br\/blog\/#organization"},"potentialAction":[{"@type":"SearchAction","target":{"@type":"EntryPoint","urlTemplate":"https:\/\/www.estrategiaconcursos.com.br\/blog\/?s={search_term_string}"},"query-input":{"@type":"PropertyValueSpecification","valueRequired":true,"valueName":"search_term_string"}}],"inLanguage":"pt-BR"},{"@type":"Organization","@id":"https:\/\/www.estrategiaconcursos.com.br\/blog\/#organization","name":"Estrat\u00e9gia Concursos","url":"https:\/\/www.estrategiaconcursos.com.br\/blog\/","logo":{"@type":"ImageObject","inLanguage":"pt-BR","@id":"https:\/\/www.estrategiaconcursos.com.br\/blog\/#\/schema\/logo\/image\/","url":"https:\/\/dhg1h5j42swfq.cloudfront.net\/2025\/06\/03203428\/logo_concursos-1.jpg","contentUrl":"https:\/\/dhg1h5j42swfq.cloudfront.net\/2025\/06\/03203428\/logo_concursos-1.jpg","width":230,"height":60,"caption":"Estrat\u00e9gia Concursos"},"image":{"@id":"https:\/\/www.estrategiaconcursos.com.br\/blog\/#\/schema\/logo\/image\/"},"sameAs":["https:\/\/x.com\/EstratConcursos"]},{"@type":"Person","@id":"https:\/\/www.estrategiaconcursos.com.br\/blog\/#\/schema\/person\/9eaf1124191babd2cd91ce9a50b4df1b","name":"Daniel Mesquita","image":{"@type":"ImageObject","inLanguage":"pt-BR","@id":"https:\/\/secure.gravatar.com\/avatar\/706770cb0fb6fef61b228494b341a7865da68c2e586815b508303374d2dc2223?s=96&d=mm&r=g","url":"https:\/\/secure.gravatar.com\/avatar\/706770cb0fb6fef61b228494b341a7865da68c2e586815b508303374d2dc2223?s=96&d=mm&r=g","contentUrl":"https:\/\/secure.gravatar.com\/avatar\/706770cb0fb6fef61b228494b341a7865da68c2e586815b508303374d2dc2223?s=96&d=mm&r=g","caption":"Daniel Mesquita"},"url":"https:\/\/www.estrategiaconcursos.com.br\/blog\/author\/danielmesquitaestrategiaconcursos-com-br\/"}]}},"_links":{"self":[{"href":"https:\/\/www.estrategiaconcursos.com.br\/blog\/wp-json\/wp\/v2\/posts\/27550","targetHints":{"allow":["GET"]}}],"collection":[{"href":"https:\/\/www.estrategiaconcursos.com.br\/blog\/wp-json\/wp\/v2\/posts"}],"about":[{"href":"https:\/\/www.estrategiaconcursos.com.br\/blog\/wp-json\/wp\/v2\/types\/post"}],"author":[{"embeddable":true,"href":"https:\/\/www.estrategiaconcursos.com.br\/blog\/wp-json\/wp\/v2\/users\/8"}],"replies":[{"embeddable":true,"href":"https:\/\/www.estrategiaconcursos.com.br\/blog\/wp-json\/wp\/v2\/comments?post=27550"}],"version-history":[{"count":2,"href":"https:\/\/www.estrategiaconcursos.com.br\/blog\/wp-json\/wp\/v2\/posts\/27550\/revisions"}],"predecessor-version":[{"id":27573,"href":"https:\/\/www.estrategiaconcursos.com.br\/blog\/wp-json\/wp\/v2\/posts\/27550\/revisions\/27573"}],"wp:attachment":[{"href":"https:\/\/www.estrategiaconcursos.com.br\/blog\/wp-json\/wp\/v2\/media?parent=27550"}],"wp:term":[{"taxonomy":"category","embeddable":true,"href":"https:\/\/www.estrategiaconcursos.com.br\/blog\/wp-json\/wp\/v2\/categories?post=27550"},{"taxonomy":"post_tag","embeddable":true,"href":"https:\/\/www.estrategiaconcursos.com.br\/blog\/wp-json\/wp\/v2\/tags?post=27550"},{"taxonomy":"tax_estado","embeddable":true,"href":"https:\/\/www.estrategiaconcursos.com.br\/blog\/wp-json\/wp\/v2\/tax_estado?post=27550"}],"curies":[{"name":"wp","href":"https:\/\/api.w.org\/{rel}","templated":true}]}}