{"id":27536,"date":"2015-09-29T18:42:02","date_gmt":"2015-09-29T21:42:02","guid":{"rendered":"http:\/\/www.estrategiaconcursos.com.br\/blog\/?p=27536"},"modified":"2018-09-29T11:04:01","modified_gmt":"2018-09-29T14:04:01","slug":"confira-as-provas-e-os-gabaritos-preliminares-do-concurso-stj-nao-perca-nosso-aulao-de-correcao-das-provas-do-concurso-stj-faca-ja-sua-inscricao","status":"publish","type":"post","link":"https:\/\/www.estrategiaconcursos.com.br\/blog\/confira-as-provas-e-os-gabaritos-preliminares-do-concurso-stj-nao-perca-nosso-aulao-de-correcao-das-provas-do-concurso-stj-faca-ja-sua-inscricao\/","title":{"rendered":"Confira as provas e os gabaritos preliminares do concurso STJ. N\u00e3o perca nosso Aul\u00e3o de corre\u00e7\u00e3o das provas. Fa\u00e7a j\u00e1 sua inscri\u00e7\u00e3o!"},"content":{"rendered":"<p style=\"text-align: justify;\"><span style=\"color: #000000;\"><a href=\"https:\/\/dhg1h5j42swfq.cloudfront.net\/2015\/09\/29093439\/Banner-Aul%C3%A3o.png\"><img loading=\"lazy\" decoding=\"async\" class=\"aligncenter wp-image-27509 size-full\" src=\"https:\/\/dhg1h5j42swfq.cloudfront.net\/2015\/09\/29093439\/Banner-Aul%C3%A3o.png\" alt=\"Banner Aul\u00e3o concurso STJ\" width=\"970\" height=\"220\" srcset=\"https:\/\/dhg1h5j42swfq.cloudfront.net\/2015\/09\/29093439\/Banner-Aul%C3%A3o.png 970w, https:\/\/dhg1h5j42swfq.cloudfront.net\/2015\/09\/29093439\/Banner-Aul%C3%A3o.png 300w, https:\/\/dhg1h5j42swfq.cloudfront.net\/2015\/09\/29093439\/Banner-Aul%C3%A3o.png 500w\" sizes=\"auto, (max-width: 970px) 100vw, 970px\" \/><\/a>Foram divulgados nesta ter\u00e7a-feira, 29, as provas e os gabaritos preliminares do concurso\u00a0do\u00a0Superior Tribunal de Justi\u00e7a. Os recursos poder\u00e3o ser interpostos\u00a0das 9 horas do dia 30 de setembro de 2015 \u00e0s 18 horas do dia 1\u00ba de outubro de 2015, pelo site do<\/span> <a href=\"http:\/\/www.cespe.unb.br\/concursos\/stj_15\/\">Cespe<\/a>.<\/p>\n<p style=\"text-align: justify;\"><span style=\"color: #000000;\">Confira as provas e os gabaritos do concurso STJ em:<\/span><\/p>\n<p><a href=\"http:\/\/www.cespe.unb.br\/concursos\/stj_15\/\">http:\/\/www.cespe.unb.br\/concursos\/stj_15\/<\/a><\/p>\n<p style=\"text-align: justify;\"><span style=\"color: #000000;\"><strong>Concurso STJ<\/strong><\/span><\/p>\n<p style=\"text-align: justify;\"><span style=\"color: #000000;\">As provas do concurso STJ aconteceram no \u00faltimo domingo, dia 27. Mais de 71 mil inscritos est\u00e3o concorrendo a 65 vagas para as carreiras de n\u00edvel m\u00e9dio e superior. Somente para carreira de n\u00edvel m\u00e9dio, foram 39 mil participantes, que buscam ingresso na fun\u00e7\u00e3o de T\u00e9cnico Judici\u00e1rio, \u00e1rea Administrativa.<\/span><\/p>\n<p style=\"text-align: justify;\"><span style=\"color: #000000;\">O concurso STJ prev\u00ea o preenchimento de 65 vagas imediatas. Para o cargo de t\u00e9cnico judici\u00e1rio (ensino m\u00e9dio\/t\u00e9cnico), s\u00e3o oferecidas 24 vagas nas \u00e1reas, Administrativa (15), Sa\u00fade Bucal (3) e Tecnologia da Informa\u00e7\u00e3o (6). Para estes, a remunera\u00e7\u00e3o inicial \u00e9 de\u00a0R$ 5.365,92 para uma jornada de trabalho de 40 horas semanais.<\/span><\/p>\n<p style=\"text-align: justify;\"><span style=\"color: #000000;\">J\u00e1 para os portadores de diploma de n\u00edvel superior (analista), s\u00e3o\u00a041 vagas para as seguintes \u00e1reas:\u00a0Administrativa (12), Administrativa na especialidade de seguran\u00e7a (3), Apoio Especializado nas \u00e1reas de Sistemas de Informa\u00e7\u00e3o (3), Arquitetura (1), Arquivologia (1), Comunica\u00e7\u00e3o Social (2), Ci\u00eancias Cont\u00e1beis (5), Engenharia Civil (1), Engenharia El\u00e9trica (1), Fisioterapia (2), Medicina\/Pediatria (2), Pedagogia (2), Servi\u00e7o Social (1) e Suporte em Tecnologia da Informa\u00e7\u00e3o (5). A remunera\u00e7\u00e3o inicial \u00e9 de\u00a0R$ 8.803,97 e a jornada de trabalho varia entre 20 e 40 horas semanais.<\/span><\/p>\n<p style=\"text-align: justify;\"><span style=\"color: #000000;\">Ser\u00e1 reprovado nas provas e eliminado do concurso p\u00fablico, o candidato que obtiver nota inferior a 10,00 pontos na prova objetiva de Conhecimentos B\u00e1sicos, obtiver nota inferior a 21,00 pontos na prova objetiva de Conhecimentos Espec\u00edficos ou obtiver nota inferior a 36,00 pontos no conjunto das provas objetivas.<\/span><\/p>\n<p style=\"text-align: justify;\"><span style=\"color: #000000;\"><strong>Aul\u00e3o para corre\u00e7\u00e3o das provas<\/strong><\/span><\/p>\n<p style=\"text-align: justify;\"><span style=\"color: #000000;\">O Estrat\u00e9gia Concursos realiza nesta ter\u00e7a (29) e quarta-feira (30), \u00a0aul\u00f5es para corre\u00e7\u00e3o das provas do concurso do\u00a0Superior Tribunal de Justi\u00e7a. O evento ser\u00e1 ao vivo, online e gratuito e contar\u00e1 com a participa\u00e7\u00e3o dos professores Ricardo Vale, S\u00e9rgio Mendes, Carlos Xavier, Daniel Mesquita, Marcos Pi\u00f1on e Paulo Guimar\u00e3es.<\/span><\/p>\n<p style=\"text-align: justify;\"><span style=\"color: #000000;\">O aul\u00e3o de corre\u00e7\u00e3o das provas do concurso STJ de Analista Judici\u00e1rio \u00c1rea Administrativa, acontece nesta ter\u00e7a-feira, dia 29, \u00e0s 20h (hor\u00e1rio de bras\u00edlia). Para fazer sua inscri\u00e7\u00e3o, basta clicar no link abaixo:<\/span><\/p>\n<p><a href=\"http:\/\/app.webinarjam.net\/register\/14759\/72c99d8d7e\">http:\/\/app.webinarjam.net\/register\/14759\/72c99d8d7e<\/a><\/p>\n<p style=\"text-align: justify;\"><span style=\"color: #000000;\">J\u00e1 o aul\u00e3o\u00a0de corre\u00e7\u00e3o das provas do concurso STJ de\u00a0T\u00e9cnico Judici\u00e1rio \u00c1rea Administrativa, acontece nesta quarta-feira, 30, \u00e0s 20h (hor\u00e1rio de bras\u00edlia). Para fazer sua inscri\u00e7\u00e3o, basta clicar no link abaixo:\u00a0<\/span><\/p>\n<p><a href=\"http:\/\/app.webinarjam.net\/register\/14759\/52db8147c8\">http:\/\/app.webinarjam.net\/register\/14759\/52db8147c8<\/a><\/p>\n<p style=\"text-align: justify;\"><span style=\"color: #000000;\"><strong>Os professores do Estrat\u00e9gia Concursos tamb\u00e9m comentar\u00e3o, em seus artigos, sobre possibilidades de recurso. Acompanhe em:<\/strong><\/span><\/p>\n<p><a href=\"http:\/\/www.estrategiaconcursos.com.br\/blog\/\">http:\/\/www.estrategiaconcursos.com.br\/blog\/<\/a><\/p>\n<p style=\"text-align: justify;\"><span style=\"color: #000000;\">Assessoria de Comunica\u00e7\u00e3o<\/span><\/p>\n<p style=\"text-align: justify;\"><span style=\"color: #000000;\">comunicacao@estrategiaconcursos.com.br<\/span><\/p>\n","protected":false},"excerpt":{"rendered":"<p>Foram divulgados nesta ter\u00e7a-feira, 29, as provas e os gabaritos preliminares do concurso\u00a0do\u00a0Superior Tribunal de Justi\u00e7a. Os recursos poder\u00e3o ser interpostos\u00a0das 9 horas do dia 30 de setembro de 2015 \u00e0s 18 horas do dia 1\u00ba de outubro de 2015, pelo site do Cespe. Confira as provas e os gabaritos do concurso STJ em: http:\/\/www.cespe.unb.br\/concursos\/stj_15\/ [&hellip;]<\/p>\n","protected":false},"author":1,"featured_media":0,"comment_status":"open","ping_status":"open","sticky":false,"template":"","format":"standard","meta":{"post_tipo":"news","footnotes":""},"categories":[1],"tags":[697,712,818],"tax_estado":[],"class_list":["post-27536","post","type-post","status-publish","format-standard","hentry","category-cursos-e-concursos","tag-gabaritos","tag-provas","tag-stj"],"acf":[],"yoast_head":"<!-- This site is optimized with the Yoast SEO Premium plugin v27.2 (Yoast SEO v27.2) - https:\/\/yoast.com\/product\/yoast-seo-premium-wordpress\/ -->\n<title>Confira as provas e os gabaritos preliminares do concurso STJ. N\u00e3o perca nosso Aul\u00e3o de corre\u00e7\u00e3o das provas. Fa\u00e7a j\u00e1 sua inscri\u00e7\u00e3o!<\/title>\n<meta name=\"description\" content=\"Foram divulgados nesta ter\u00e7a-feira, 29, as provas e os gabaritos preliminares do concurso STJ. Confira!\" \/>\n<meta name=\"robots\" content=\"index, follow, max-snippet:-1, max-image-preview:large, max-video-preview:-1\" \/>\n<link rel=\"canonical\" href=\"https:\/\/www.estrategiaconcursos.com.br\/blog\/confira-as-provas-e-os-gabaritos-preliminares-do-concurso-stj-nao-perca-nosso-aulao-de-correcao-das-provas-do-concurso-stj-faca-ja-sua-inscricao\/\" \/>\n<meta property=\"og:locale\" content=\"pt_BR\" \/>\n<meta property=\"og:type\" content=\"article\" \/>\n<meta property=\"og:title\" content=\"Confira as provas e os gabaritos preliminares do concurso STJ. N\u00e3o perca nosso Aul\u00e3o de corre\u00e7\u00e3o das provas. Fa\u00e7a j\u00e1 sua inscri\u00e7\u00e3o!\" \/>\n<meta property=\"og:description\" content=\"Foram divulgados nesta ter\u00e7a-feira, 29, as provas e os gabaritos preliminares do concurso STJ. Confira!\" \/>\n<meta property=\"og:url\" content=\"https:\/\/www.estrategiaconcursos.com.br\/blog\/confira-as-provas-e-os-gabaritos-preliminares-do-concurso-stj-nao-perca-nosso-aulao-de-correcao-das-provas-do-concurso-stj-faca-ja-sua-inscricao\/\" \/>\n<meta property=\"og:site_name\" content=\"Estrat\u00e9gia Concursos\" \/>\n<meta property=\"article:author\" content=\"https:\/\/www.facebook.com\/EstrategiaConcursos\" \/>\n<meta property=\"article:published_time\" content=\"2015-09-29T21:42:02+00:00\" \/>\n<meta property=\"article:modified_time\" content=\"2018-09-29T14:04:01+00:00\" \/>\n<meta name=\"author\" content=\"Coordena\u00e7\u00e3o\" \/>\n<meta name=\"twitter:card\" content=\"summary_large_image\" \/>\n<meta name=\"twitter:creator\" content=\"@EstratConcursos\" \/>\n<meta name=\"twitter:site\" content=\"@EstratConcursos\" \/>\n<meta name=\"twitter:label1\" content=\"Escrito por\" \/>\n\t<meta name=\"twitter:data1\" content=\"Coordena\u00e7\u00e3o\" \/>\n\t<meta name=\"twitter:label2\" content=\"Est. tempo de leitura\" \/>\n\t<meta name=\"twitter:data2\" content=\"2 minutos\" \/>\n<script type=\"application\/ld+json\" class=\"yoast-schema-graph\">{\"@context\":\"https:\/\/schema.org\",\"@graph\":[{\"@type\":\"NewsArticle\",\"@id\":\"https:\/\/www.estrategiaconcursos.com.br\/blog\/confira-as-provas-e-os-gabaritos-preliminares-do-concurso-stj-nao-perca-nosso-aulao-de-correcao-das-provas-do-concurso-stj-faca-ja-sua-inscricao\/#article\",\"isPartOf\":{\"@id\":\"https:\/\/www.estrategiaconcursos.com.br\/blog\/confira-as-provas-e-os-gabaritos-preliminares-do-concurso-stj-nao-perca-nosso-aulao-de-correcao-das-provas-do-concurso-stj-faca-ja-sua-inscricao\/\"},\"author\":{\"name\":\"Coordena\u00e7\u00e3o\",\"@id\":\"https:\/\/www.estrategiaconcursos.com.br\/blog\/#\/schema\/person\/b4a388c97673c5f483d72185668afa1f\"},\"headline\":\"Confira as provas e os gabaritos preliminares do concurso STJ. N\u00e3o perca nosso Aul\u00e3o de corre\u00e7\u00e3o das provas. Fa\u00e7a j\u00e1 sua inscri\u00e7\u00e3o!\",\"datePublished\":\"2015-09-29T21:42:02+00:00\",\"dateModified\":\"2018-09-29T14:04:01+00:00\",\"mainEntityOfPage\":{\"@id\":\"https:\/\/www.estrategiaconcursos.com.br\/blog\/confira-as-provas-e-os-gabaritos-preliminares-do-concurso-stj-nao-perca-nosso-aulao-de-correcao-das-provas-do-concurso-stj-faca-ja-sua-inscricao\/\"},\"wordCount\":512,\"commentCount\":0,\"publisher\":{\"@id\":\"https:\/\/www.estrategiaconcursos.com.br\/blog\/#organization\"},\"keywords\":[\"Gabaritos\",\"Provas\",\"STJ\"],\"articleSection\":[\"Concursos P\u00fablicos\"],\"inLanguage\":\"pt-BR\",\"potentialAction\":[{\"@type\":\"CommentAction\",\"name\":\"Comment\",\"target\":[\"https:\/\/www.estrategiaconcursos.com.br\/blog\/confira-as-provas-e-os-gabaritos-preliminares-do-concurso-stj-nao-perca-nosso-aulao-de-correcao-das-provas-do-concurso-stj-faca-ja-sua-inscricao\/#respond\"]}],\"copyrightYear\":\"2015\",\"copyrightHolder\":{\"@id\":\"https:\/\/www.estrategiaconcursos.com.br\/blog\/#organization\"}},{\"@type\":\"WebPage\",\"@id\":\"https:\/\/www.estrategiaconcursos.com.br\/blog\/confira-as-provas-e-os-gabaritos-preliminares-do-concurso-stj-nao-perca-nosso-aulao-de-correcao-das-provas-do-concurso-stj-faca-ja-sua-inscricao\/\",\"url\":\"https:\/\/www.estrategiaconcursos.com.br\/blog\/confira-as-provas-e-os-gabaritos-preliminares-do-concurso-stj-nao-perca-nosso-aulao-de-correcao-das-provas-do-concurso-stj-faca-ja-sua-inscricao\/\",\"name\":\"Confira as provas e os gabaritos preliminares do concurso STJ. N\u00e3o perca nosso Aul\u00e3o de corre\u00e7\u00e3o das provas. Fa\u00e7a j\u00e1 sua inscri\u00e7\u00e3o!\",\"isPartOf\":{\"@id\":\"https:\/\/www.estrategiaconcursos.com.br\/blog\/#website\"},\"datePublished\":\"2015-09-29T21:42:02+00:00\",\"dateModified\":\"2018-09-29T14:04:01+00:00\",\"description\":\"Foram divulgados nesta ter\u00e7a-feira, 29, as provas e os gabaritos preliminares do concurso STJ. Confira!\",\"breadcrumb\":{\"@id\":\"https:\/\/www.estrategiaconcursos.com.br\/blog\/confira-as-provas-e-os-gabaritos-preliminares-do-concurso-stj-nao-perca-nosso-aulao-de-correcao-das-provas-do-concurso-stj-faca-ja-sua-inscricao\/#breadcrumb\"},\"inLanguage\":\"pt-BR\",\"potentialAction\":[{\"@type\":\"ReadAction\",\"target\":[\"https:\/\/www.estrategiaconcursos.com.br\/blog\/confira-as-provas-e-os-gabaritos-preliminares-do-concurso-stj-nao-perca-nosso-aulao-de-correcao-das-provas-do-concurso-stj-faca-ja-sua-inscricao\/\"]}]},{\"@type\":\"BreadcrumbList\",\"@id\":\"https:\/\/www.estrategiaconcursos.com.br\/blog\/confira-as-provas-e-os-gabaritos-preliminares-do-concurso-stj-nao-perca-nosso-aulao-de-correcao-das-provas-do-concurso-stj-faca-ja-sua-inscricao\/#breadcrumb\",\"itemListElement\":[{\"@type\":\"ListItem\",\"position\":1,\"name\":\"In\u00edcio\",\"item\":\"https:\/\/www.estrategiaconcursos.com.br\/blog\/\"},{\"@type\":\"ListItem\",\"position\":2,\"name\":\"Confira as provas e os gabaritos preliminares do concurso STJ. N\u00e3o perca nosso Aul\u00e3o de corre\u00e7\u00e3o das provas. Fa\u00e7a j\u00e1 sua inscri\u00e7\u00e3o!\"}]},{\"@type\":\"WebSite\",\"@id\":\"https:\/\/www.estrategiaconcursos.com.br\/blog\/#website\",\"url\":\"https:\/\/www.estrategiaconcursos.com.br\/blog\/\",\"name\":\"Estrat\u00e9gia Concursos\",\"description\":\"O blog da Estrat\u00e9gia Concursos traz not\u00edcias sobre concursos e artigos de professores oferecendo cursos para concursos (pdf + videaulas) no site.\",\"publisher\":{\"@id\":\"https:\/\/www.estrategiaconcursos.com.br\/blog\/#organization\"},\"potentialAction\":[{\"@type\":\"SearchAction\",\"target\":{\"@type\":\"EntryPoint\",\"urlTemplate\":\"https:\/\/www.estrategiaconcursos.com.br\/blog\/?s={search_term_string}\"},\"query-input\":{\"@type\":\"PropertyValueSpecification\",\"valueRequired\":true,\"valueName\":\"search_term_string\"}}],\"inLanguage\":\"pt-BR\"},{\"@type\":\"Organization\",\"@id\":\"https:\/\/www.estrategiaconcursos.com.br\/blog\/#organization\",\"name\":\"Estrat\u00e9gia Concursos\",\"url\":\"https:\/\/www.estrategiaconcursos.com.br\/blog\/\",\"logo\":{\"@type\":\"ImageObject\",\"inLanguage\":\"pt-BR\",\"@id\":\"https:\/\/www.estrategiaconcursos.com.br\/blog\/#\/schema\/logo\/image\/\",\"url\":\"https:\/\/dhg1h5j42swfq.cloudfront.net\/2025\/06\/03203428\/logo_concursos-1.jpg\",\"contentUrl\":\"https:\/\/dhg1h5j42swfq.cloudfront.net\/2025\/06\/03203428\/logo_concursos-1.jpg\",\"width\":230,\"height\":60,\"caption\":\"Estrat\u00e9gia Concursos\"},\"image\":{\"@id\":\"https:\/\/www.estrategiaconcursos.com.br\/blog\/#\/schema\/logo\/image\/\"},\"sameAs\":[\"https:\/\/x.com\/EstratConcursos\"]},{\"@type\":\"Person\",\"@id\":\"https:\/\/www.estrategiaconcursos.com.br\/blog\/#\/schema\/person\/b4a388c97673c5f483d72185668afa1f\",\"name\":\"Coordena\u00e7\u00e3o\",\"image\":{\"@type\":\"ImageObject\",\"inLanguage\":\"pt-BR\",\"@id\":\"https:\/\/secure.gravatar.com\/avatar\/b720319e4c9a967eb58678d110f4fe35452fc5d5f97b202bac7b8acceb18c6ad?s=96&d=mm&r=g\",\"url\":\"https:\/\/secure.gravatar.com\/avatar\/b720319e4c9a967eb58678d110f4fe35452fc5d5f97b202bac7b8acceb18c6ad?s=96&d=mm&r=g\",\"contentUrl\":\"https:\/\/secure.gravatar.com\/avatar\/b720319e4c9a967eb58678d110f4fe35452fc5d5f97b202bac7b8acceb18c6ad?s=96&d=mm&r=g\",\"caption\":\"Coordena\u00e7\u00e3o\"},\"sameAs\":[\"https:\/\/www.facebook.com\/EstrategiaConcursos\",\"https:\/\/x.com\/EstratConcursos\"],\"url\":\"https:\/\/www.estrategiaconcursos.com.br\/blog\/author\/estrategia2013\/\"}]}<\/script>\n<!-- \/ Yoast SEO Premium plugin. -->","yoast_head_json":{"title":"Confira as provas e os gabaritos preliminares do concurso STJ. N\u00e3o perca nosso Aul\u00e3o de corre\u00e7\u00e3o das provas. Fa\u00e7a j\u00e1 sua inscri\u00e7\u00e3o!","description":"Foram divulgados nesta ter\u00e7a-feira, 29, as provas e os gabaritos preliminares do concurso STJ. Confira!","robots":{"index":"index","follow":"follow","max-snippet":"max-snippet:-1","max-image-preview":"max-image-preview:large","max-video-preview":"max-video-preview:-1"},"canonical":"https:\/\/www.estrategiaconcursos.com.br\/blog\/confira-as-provas-e-os-gabaritos-preliminares-do-concurso-stj-nao-perca-nosso-aulao-de-correcao-das-provas-do-concurso-stj-faca-ja-sua-inscricao\/","og_locale":"pt_BR","og_type":"article","og_title":"Confira as provas e os gabaritos preliminares do concurso STJ. N\u00e3o perca nosso Aul\u00e3o de corre\u00e7\u00e3o das provas. Fa\u00e7a j\u00e1 sua inscri\u00e7\u00e3o!","og_description":"Foram divulgados nesta ter\u00e7a-feira, 29, as provas e os gabaritos preliminares do concurso STJ. Confira!","og_url":"https:\/\/www.estrategiaconcursos.com.br\/blog\/confira-as-provas-e-os-gabaritos-preliminares-do-concurso-stj-nao-perca-nosso-aulao-de-correcao-das-provas-do-concurso-stj-faca-ja-sua-inscricao\/","og_site_name":"Estrat\u00e9gia Concursos","article_author":"https:\/\/www.facebook.com\/EstrategiaConcursos","article_published_time":"2015-09-29T21:42:02+00:00","article_modified_time":"2018-09-29T14:04:01+00:00","author":"Coordena\u00e7\u00e3o","twitter_card":"summary_large_image","twitter_creator":"@EstratConcursos","twitter_site":"@EstratConcursos","twitter_misc":{"Escrito por":"Coordena\u00e7\u00e3o","Est. tempo de leitura":"2 minutos"},"schema":{"@context":"https:\/\/schema.org","@graph":[{"@type":"NewsArticle","@id":"https:\/\/www.estrategiaconcursos.com.br\/blog\/confira-as-provas-e-os-gabaritos-preliminares-do-concurso-stj-nao-perca-nosso-aulao-de-correcao-das-provas-do-concurso-stj-faca-ja-sua-inscricao\/#article","isPartOf":{"@id":"https:\/\/www.estrategiaconcursos.com.br\/blog\/confira-as-provas-e-os-gabaritos-preliminares-do-concurso-stj-nao-perca-nosso-aulao-de-correcao-das-provas-do-concurso-stj-faca-ja-sua-inscricao\/"},"author":{"name":"Coordena\u00e7\u00e3o","@id":"https:\/\/www.estrategiaconcursos.com.br\/blog\/#\/schema\/person\/b4a388c97673c5f483d72185668afa1f"},"headline":"Confira as provas e os gabaritos preliminares do concurso STJ. N\u00e3o perca nosso Aul\u00e3o de corre\u00e7\u00e3o das provas. Fa\u00e7a j\u00e1 sua inscri\u00e7\u00e3o!","datePublished":"2015-09-29T21:42:02+00:00","dateModified":"2018-09-29T14:04:01+00:00","mainEntityOfPage":{"@id":"https:\/\/www.estrategiaconcursos.com.br\/blog\/confira-as-provas-e-os-gabaritos-preliminares-do-concurso-stj-nao-perca-nosso-aulao-de-correcao-das-provas-do-concurso-stj-faca-ja-sua-inscricao\/"},"wordCount":512,"commentCount":0,"publisher":{"@id":"https:\/\/www.estrategiaconcursos.com.br\/blog\/#organization"},"keywords":["Gabaritos","Provas","STJ"],"articleSection":["Concursos P\u00fablicos"],"inLanguage":"pt-BR","potentialAction":[{"@type":"CommentAction","name":"Comment","target":["https:\/\/www.estrategiaconcursos.com.br\/blog\/confira-as-provas-e-os-gabaritos-preliminares-do-concurso-stj-nao-perca-nosso-aulao-de-correcao-das-provas-do-concurso-stj-faca-ja-sua-inscricao\/#respond"]}],"copyrightYear":"2015","copyrightHolder":{"@id":"https:\/\/www.estrategiaconcursos.com.br\/blog\/#organization"}},{"@type":"WebPage","@id":"https:\/\/www.estrategiaconcursos.com.br\/blog\/confira-as-provas-e-os-gabaritos-preliminares-do-concurso-stj-nao-perca-nosso-aulao-de-correcao-das-provas-do-concurso-stj-faca-ja-sua-inscricao\/","url":"https:\/\/www.estrategiaconcursos.com.br\/blog\/confira-as-provas-e-os-gabaritos-preliminares-do-concurso-stj-nao-perca-nosso-aulao-de-correcao-das-provas-do-concurso-stj-faca-ja-sua-inscricao\/","name":"Confira as provas e os gabaritos preliminares do concurso STJ. N\u00e3o perca nosso Aul\u00e3o de corre\u00e7\u00e3o das provas. Fa\u00e7a j\u00e1 sua inscri\u00e7\u00e3o!","isPartOf":{"@id":"https:\/\/www.estrategiaconcursos.com.br\/blog\/#website"},"datePublished":"2015-09-29T21:42:02+00:00","dateModified":"2018-09-29T14:04:01+00:00","description":"Foram divulgados nesta ter\u00e7a-feira, 29, as provas e os gabaritos preliminares do concurso STJ. Confira!","breadcrumb":{"@id":"https:\/\/www.estrategiaconcursos.com.br\/blog\/confira-as-provas-e-os-gabaritos-preliminares-do-concurso-stj-nao-perca-nosso-aulao-de-correcao-das-provas-do-concurso-stj-faca-ja-sua-inscricao\/#breadcrumb"},"inLanguage":"pt-BR","potentialAction":[{"@type":"ReadAction","target":["https:\/\/www.estrategiaconcursos.com.br\/blog\/confira-as-provas-e-os-gabaritos-preliminares-do-concurso-stj-nao-perca-nosso-aulao-de-correcao-das-provas-do-concurso-stj-faca-ja-sua-inscricao\/"]}]},{"@type":"BreadcrumbList","@id":"https:\/\/www.estrategiaconcursos.com.br\/blog\/confira-as-provas-e-os-gabaritos-preliminares-do-concurso-stj-nao-perca-nosso-aulao-de-correcao-das-provas-do-concurso-stj-faca-ja-sua-inscricao\/#breadcrumb","itemListElement":[{"@type":"ListItem","position":1,"name":"In\u00edcio","item":"https:\/\/www.estrategiaconcursos.com.br\/blog\/"},{"@type":"ListItem","position":2,"name":"Confira as provas e os gabaritos preliminares do concurso STJ. N\u00e3o perca nosso Aul\u00e3o de corre\u00e7\u00e3o das provas. Fa\u00e7a j\u00e1 sua inscri\u00e7\u00e3o!"}]},{"@type":"WebSite","@id":"https:\/\/www.estrategiaconcursos.com.br\/blog\/#website","url":"https:\/\/www.estrategiaconcursos.com.br\/blog\/","name":"Estrat\u00e9gia Concursos","description":"O blog da Estrat\u00e9gia Concursos traz not\u00edcias sobre concursos e artigos de professores oferecendo cursos para concursos (pdf + videaulas) no site.","publisher":{"@id":"https:\/\/www.estrategiaconcursos.com.br\/blog\/#organization"},"potentialAction":[{"@type":"SearchAction","target":{"@type":"EntryPoint","urlTemplate":"https:\/\/www.estrategiaconcursos.com.br\/blog\/?s={search_term_string}"},"query-input":{"@type":"PropertyValueSpecification","valueRequired":true,"valueName":"search_term_string"}}],"inLanguage":"pt-BR"},{"@type":"Organization","@id":"https:\/\/www.estrategiaconcursos.com.br\/blog\/#organization","name":"Estrat\u00e9gia Concursos","url":"https:\/\/www.estrategiaconcursos.com.br\/blog\/","logo":{"@type":"ImageObject","inLanguage":"pt-BR","@id":"https:\/\/www.estrategiaconcursos.com.br\/blog\/#\/schema\/logo\/image\/","url":"https:\/\/dhg1h5j42swfq.cloudfront.net\/2025\/06\/03203428\/logo_concursos-1.jpg","contentUrl":"https:\/\/dhg1h5j42swfq.cloudfront.net\/2025\/06\/03203428\/logo_concursos-1.jpg","width":230,"height":60,"caption":"Estrat\u00e9gia Concursos"},"image":{"@id":"https:\/\/www.estrategiaconcursos.com.br\/blog\/#\/schema\/logo\/image\/"},"sameAs":["https:\/\/x.com\/EstratConcursos"]},{"@type":"Person","@id":"https:\/\/www.estrategiaconcursos.com.br\/blog\/#\/schema\/person\/b4a388c97673c5f483d72185668afa1f","name":"Coordena\u00e7\u00e3o","image":{"@type":"ImageObject","inLanguage":"pt-BR","@id":"https:\/\/secure.gravatar.com\/avatar\/b720319e4c9a967eb58678d110f4fe35452fc5d5f97b202bac7b8acceb18c6ad?s=96&d=mm&r=g","url":"https:\/\/secure.gravatar.com\/avatar\/b720319e4c9a967eb58678d110f4fe35452fc5d5f97b202bac7b8acceb18c6ad?s=96&d=mm&r=g","contentUrl":"https:\/\/secure.gravatar.com\/avatar\/b720319e4c9a967eb58678d110f4fe35452fc5d5f97b202bac7b8acceb18c6ad?s=96&d=mm&r=g","caption":"Coordena\u00e7\u00e3o"},"sameAs":["https:\/\/www.facebook.com\/EstrategiaConcursos","https:\/\/x.com\/EstratConcursos"],"url":"https:\/\/www.estrategiaconcursos.com.br\/blog\/author\/estrategia2013\/"}]}},"_links":{"self":[{"href":"https:\/\/www.estrategiaconcursos.com.br\/blog\/wp-json\/wp\/v2\/posts\/27536","targetHints":{"allow":["GET"]}}],"collection":[{"href":"https:\/\/www.estrategiaconcursos.com.br\/blog\/wp-json\/wp\/v2\/posts"}],"about":[{"href":"https:\/\/www.estrategiaconcursos.com.br\/blog\/wp-json\/wp\/v2\/types\/post"}],"author":[{"embeddable":true,"href":"https:\/\/www.estrategiaconcursos.com.br\/blog\/wp-json\/wp\/v2\/users\/1"}],"replies":[{"embeddable":true,"href":"https:\/\/www.estrategiaconcursos.com.br\/blog\/wp-json\/wp\/v2\/comments?post=27536"}],"version-history":[{"count":4,"href":"https:\/\/www.estrategiaconcursos.com.br\/blog\/wp-json\/wp\/v2\/posts\/27536\/revisions"}],"predecessor-version":[{"id":144341,"href":"https:\/\/www.estrategiaconcursos.com.br\/blog\/wp-json\/wp\/v2\/posts\/27536\/revisions\/144341"}],"wp:attachment":[{"href":"https:\/\/www.estrategiaconcursos.com.br\/blog\/wp-json\/wp\/v2\/media?parent=27536"}],"wp:term":[{"taxonomy":"category","embeddable":true,"href":"https:\/\/www.estrategiaconcursos.com.br\/blog\/wp-json\/wp\/v2\/categories?post=27536"},{"taxonomy":"post_tag","embeddable":true,"href":"https:\/\/www.estrategiaconcursos.com.br\/blog\/wp-json\/wp\/v2\/tags?post=27536"},{"taxonomy":"tax_estado","embeddable":true,"href":"https:\/\/www.estrategiaconcursos.com.br\/blog\/wp-json\/wp\/v2\/tax_estado?post=27536"}],"curies":[{"name":"wp","href":"https:\/\/api.w.org\/{rel}","templated":true}]}}