{"id":27485,"date":"2015-09-28T08:12:10","date_gmt":"2015-09-28T11:12:10","guid":{"rendered":"http:\/\/www.estrategiaconcursos.com.br\/blog\/?p=27485"},"modified":"2015-09-28T11:45:46","modified_gmt":"2015-09-28T14:45:46","slug":"27485","status":"publish","type":"post","link":"https:\/\/www.estrategiaconcursos.com.br\/blog\/27485\/","title":{"rendered":"Prova STJ &#8211; Direito Constitucional &#8211; T\u00e9cnico Judici\u00e1rio"},"content":{"rendered":"<p>Ol\u00e1, pessoal, tudo bem?<\/p>\n<p>Aqui \u00e9 o Ricardo Vale, coordenador e professor do Estrat\u00e9gia Concursos.<\/p>\n<p>Agora, comento a prova de <em><strong>Direito Constitucional do STJ (T\u00e9cnico Judici\u00e1rio).<\/strong><\/em><\/p>\n<p><strong>ATEN\u00c7\u00c3O!<\/strong> Por incr\u00edvel que pare\u00e7a, a prova foi <em><strong>essencialmente doutrin\u00e1ria<\/strong><\/em>. \u00c9 o que sempre dizemos aos nossos alunos. <em><strong>N\u00e3o \u00e9 porque o concurso \u00e9 de T\u00e9cnico (n\u00edvel m\u00e9dio) que vai ser cobrada s\u00f3 a literalidade da Constitucional<\/strong><\/em>. Ali\u00e1s, tendo em vista a alta concorr\u00eancia dos concursos pra T\u00e9cnico, acaba sendo justo que as provas sejam mais dif\u00edceis.<\/p>\n<p>Quem fez o nosso curso, conseguir resolver as quest\u00f5es com tranquilidade, pois n\u00f3s n\u00e3o subestimamos as provas pra T\u00e9cnico! :)<\/p>\n<p>Vamos l\u00e1 aos coment\u00e1rios! Esse \u00e9 um gabarito extraoficial, antes do gabarito do CESPE.<\/p>\n<p><strong>1 &#8211; (CESPE \/ STJ \u2013 2015) A\u00e7\u00f5es afirmativas s\u00e3o mecanismos que visam viabilizar uma isonomia material em detrimento de uma isonomia formal por meio do incremento de oportunidades para determinados segmentos.<\/strong><\/p>\n<p><strong>Coment\u00e1rios: <\/strong><\/p>\n<p>As a\u00e7\u00f5es afirmativas (como as cotas raciais para ingresso em Universidades) s\u00e3o mecanismos tendentes \u00e0 concretiza\u00e7\u00e3o da isonomia material. S\u00e3o discrimina\u00e7\u00f5es positivas que buscam dar \u201cigualdade de oportunidades\u201d para segmentos espec\u00edficos da sociedade. Quest\u00e3o correta.<\/p>\n<p><strong>2 &#8211; (CESPE \/ STJ \u2013 2015) A dimens\u00e3o substancial da liberdade de express\u00e3o guarda rela\u00e7\u00e3o \u00edntima com o pluralismo pol\u00edtico na medida em que abarca, antes, a forma\u00e7\u00e3o da pr\u00f3pria opini\u00e3o como pressuposto para sua posterior manifesta\u00e7\u00e3o.<\/strong><\/p>\n<p><strong>Coment\u00e1rios: <\/strong><\/p>\n<p>O pluralismo pol\u00edtico abrange a possibilidade de as pessoas manifestarem livremente seu pensamento. Quest\u00e3o correta.<\/p>\n<p><strong>3- (CESPE \/ STJ \u2013 2015) A superveni\u00eancia de nova constitui\u00e7\u00e3o n\u00e3o afetar\u00e1 o direito adquirido na ordem constitucional anterior.<\/strong><\/p>\n<p><strong>Coment\u00e1rios: <\/strong><\/p>\n<p>Segundo o STF, n\u00e3o h\u00e1 direito adquirido frente a uma nova Constitui\u00e7\u00e3o. Quest\u00e3o errada.<\/p>\n<p><strong>4- (CESPE \/ STJ \u2013 2015) As constitui\u00e7\u00f5es dirigentes privilegiam as liberdades individuais, impondo ao estado um dever de absten\u00e7\u00e3o e um papel secund\u00e1rio na concretiza\u00e7\u00e3o dos valores fundamentais.<\/strong><\/p>\n<p><strong>Coment\u00e1rios: <\/strong><\/p>\n<p>A Constitui\u00e7\u00e3o-garantia \u00e9 que privilegia as liberdades individuais. As Constitui\u00e7\u00f5es-dirigentes, al\u00e9m de assegurarem as liberdades negativas (j\u00e1 alcan\u00e7adas), passam a exigir uma <strong><em>atua\u00e7\u00e3o positiva do Estado <\/em><\/strong>em favor dos indiv\u00edduos. Quest\u00e3o errada.<\/p>\n<p><strong>5- (CESPE \/ STJ \u2013 2015) Segundo o pensamento ideol\u00f3gico pol\u00edtico-liberal surgido a partir do s\u00e9culo XIX, toda constitui\u00e7\u00e3o deve consagrar direitos fundamentais e a separa\u00e7\u00e3o de poderes.<\/strong><\/p>\n<p><strong>Coment\u00e1rios: <\/strong><\/p>\n<p>A ideologia pol\u00edtico-liberal \u00e0 qual faz men\u00e7\u00e3o a quest\u00e3o se manifesta na Declara\u00e7\u00e3o Universal dos Direitos do Homem e do Cidad\u00e3o (1789), que, em seu art. 16, prev\u00ea que <em>\u201ctoda sociedade na qual n\u00e3o est\u00e1 assegurada a <strong>garantia dos direitos<\/strong> nem determinada a <strong>separa\u00e7\u00e3o de poderes<\/strong>, n\u00e3o tem constitui\u00e7\u00e3o. <\/em><\/p>\n<p>O fato de a quest\u00e3o ter dito que o pensamento pol\u00edtico-liberal surgiu a partir do s\u00e9culo XIX pode gerar d\u00favidas. Se f\u00f4ssemos seguir \u00e0 risca, a quest\u00e3o estaria errada, pois a Declara\u00e7\u00e3o Universal dos Direitos do Homem e do Cidad\u00e3o foi elaborada ainda no s\u00e9culo XVIII.<\/p>\n<p>No entanto, acredito que o CESPE n\u00e3o ir\u00e1 se apegar a essa quest\u00e3o de datas. A quest\u00e3o, muito provavelmente, ser\u00e1 considerada correta.<\/p>\n<p><strong>6- (CESPE \/ STJ \u2013 2015) A constitui\u00e7\u00e3o \u00e9 instituto multifuncional que engloba entre seus objetivos a limita\u00e7\u00e3o do poder e a conforma\u00e7\u00e3o e legitima\u00e7\u00e3o da ordem pol\u00edtica.<\/strong><\/p>\n<p><strong>Coment\u00e1rios: <\/strong><\/p>\n<p>A Constitui\u00e7\u00e3o determina a organiza\u00e7\u00e3o politico-jur\u00eddica do Estado (conforma\u00e7\u00e3o e legitima\u00e7\u00e3o da ordem pol\u00edtica) e estabelece a limita\u00e7\u00e3o do poder estatal. Quest\u00e3o correta.<\/p>\n<p>&#8230;<\/p>\n<p>Abra\u00e7os,<\/p>\n<p>Ricardo Vale<\/p>\n<p>&#8220;<em><strong>O segredo do sucesso \u00e9 a const\u00e2ncia no objetivo&#8221;<\/strong><\/em><\/p>\n<p><strong>Meu Canal do YouTube<\/strong>:\u00a0<a href=\"https:\/\/www.youtube.com\/channel\/UC32LlMyS96biplI715yzS9Q\">https:\/\/www.youtube.com\/channel\/UC32LlMyS96biplI715yzS9Q<\/a><\/p>\n<p><strong>Minha p\u00e1gina do Facebook<\/strong>:<\/p>\n<p><a href=\"https:\/\/www.facebook.com\/profricardovale\">https:\/\/www.facebook.com\/profricardovale<\/a><\/p>\n","protected":false},"excerpt":{"rendered":"<p>Ol\u00e1, pessoal, tudo bem? Aqui \u00e9 o Ricardo Vale, coordenador e professor do Estrat\u00e9gia Concursos. Agora, comento a prova de Direito Constitucional do STJ (T\u00e9cnico Judici\u00e1rio). ATEN\u00c7\u00c3O! Por incr\u00edvel que pare\u00e7a, a prova foi essencialmente doutrin\u00e1ria. \u00c9 o que sempre dizemos aos nossos alunos. N\u00e3o \u00e9 porque o concurso \u00e9 de T\u00e9cnico (n\u00edvel m\u00e9dio) que [&hellip;]<\/p>\n","protected":false},"author":26,"featured_media":0,"comment_status":"open","ping_status":"open","sticky":false,"template":"","format":"standard","meta":{"post_tipo":"article","footnotes":""},"categories":[],"tags":[506,818],"tax_estado":[],"class_list":["post-27485","post","type-post","status-publish","format-standard","hentry","tag-direito-constitucional","tag-stj"],"acf":[],"yoast_head":"<!-- This site is optimized with the Yoast SEO Premium plugin v27.2 (Yoast SEO v27.2) - https:\/\/yoast.com\/product\/yoast-seo-premium-wordpress\/ -->\n<title>Prova STJ - Direito Constitucional - T\u00e9cnico Judici\u00e1rio<\/title>\n<meta name=\"robots\" content=\"index, follow, max-snippet:-1, max-image-preview:large, max-video-preview:-1\" \/>\n<link rel=\"canonical\" href=\"https:\/\/www.estrategiaconcursos.com.br\/blog\/27485\/\" \/>\n<meta property=\"og:locale\" content=\"pt_BR\" \/>\n<meta property=\"og:type\" content=\"article\" \/>\n<meta property=\"og:title\" content=\"Prova STJ - Direito Constitucional - T\u00e9cnico Judici\u00e1rio\" \/>\n<meta property=\"og:description\" content=\"Ol\u00e1, pessoal, tudo bem? Aqui \u00e9 o Ricardo Vale, coordenador e professor do Estrat\u00e9gia Concursos. Agora, comento a prova de Direito Constitucional do STJ (T\u00e9cnico Judici\u00e1rio). ATEN\u00c7\u00c3O! Por incr\u00edvel que pare\u00e7a, a prova foi essencialmente doutrin\u00e1ria. \u00c9 o que sempre dizemos aos nossos alunos. N\u00e3o \u00e9 porque o concurso \u00e9 de T\u00e9cnico (n\u00edvel m\u00e9dio) que [&hellip;]\" \/>\n<meta property=\"og:url\" content=\"https:\/\/www.estrategiaconcursos.com.br\/blog\/27485\/\" \/>\n<meta property=\"og:site_name\" content=\"Estrat\u00e9gia Concursos\" \/>\n<meta property=\"article:author\" content=\"https:\/\/www.facebook.com\/rvale01\" \/>\n<meta property=\"article:published_time\" content=\"2015-09-28T11:12:10+00:00\" \/>\n<meta property=\"article:modified_time\" content=\"2015-09-28T14:45:46+00:00\" \/>\n<meta name=\"author\" content=\"Ricardo Vale\" \/>\n<meta name=\"twitter:card\" content=\"summary_large_image\" \/>\n<meta name=\"twitter:creator\" content=\"@https:\/\/twitter.com\/EstratConcursos\" \/>\n<meta name=\"twitter:site\" content=\"@EstratConcursos\" \/>\n<meta name=\"twitter:label1\" content=\"Escrito por\" \/>\n\t<meta name=\"twitter:data1\" content=\"Ricardo Vale\" \/>\n\t<meta name=\"twitter:label2\" content=\"Est. tempo de leitura\" \/>\n\t<meta name=\"twitter:data2\" content=\"3 minutos\" \/>\n<script type=\"application\/ld+json\" class=\"yoast-schema-graph\">{\"@context\":\"https:\/\/schema.org\",\"@graph\":[{\"@type\":\"NewsArticle\",\"@id\":\"https:\/\/www.estrategiaconcursos.com.br\/blog\/27485\/#article\",\"isPartOf\":{\"@id\":\"https:\/\/www.estrategiaconcursos.com.br\/blog\/27485\/\"},\"author\":{\"name\":\"Ricardo Vale\",\"@id\":\"https:\/\/www.estrategiaconcursos.com.br\/blog\/#\/schema\/person\/c32e47dba2159cafe7796a9569a6ff7e\"},\"headline\":\"Prova STJ &#8211; Direito Constitucional &#8211; T\u00e9cnico Judici\u00e1rio\",\"datePublished\":\"2015-09-28T11:12:10+00:00\",\"dateModified\":\"2015-09-28T14:45:46+00:00\",\"mainEntityOfPage\":{\"@id\":\"https:\/\/www.estrategiaconcursos.com.br\/blog\/27485\/\"},\"wordCount\":649,\"commentCount\":8,\"publisher\":{\"@id\":\"https:\/\/www.estrategiaconcursos.com.br\/blog\/#organization\"},\"keywords\":[\"Direito Constitucional\",\"STJ\"],\"inLanguage\":\"pt-BR\",\"potentialAction\":[{\"@type\":\"CommentAction\",\"name\":\"Comment\",\"target\":[\"https:\/\/www.estrategiaconcursos.com.br\/blog\/27485\/#respond\"]}],\"copyrightYear\":\"2015\",\"copyrightHolder\":{\"@id\":\"https:\/\/www.estrategiaconcursos.com.br\/blog\/#organization\"}},{\"@type\":\"WebPage\",\"@id\":\"https:\/\/www.estrategiaconcursos.com.br\/blog\/27485\/\",\"url\":\"https:\/\/www.estrategiaconcursos.com.br\/blog\/27485\/\",\"name\":\"Prova STJ - Direito Constitucional - T\u00e9cnico Judici\u00e1rio\",\"isPartOf\":{\"@id\":\"https:\/\/www.estrategiaconcursos.com.br\/blog\/#website\"},\"datePublished\":\"2015-09-28T11:12:10+00:00\",\"dateModified\":\"2015-09-28T14:45:46+00:00\",\"breadcrumb\":{\"@id\":\"https:\/\/www.estrategiaconcursos.com.br\/blog\/27485\/#breadcrumb\"},\"inLanguage\":\"pt-BR\",\"potentialAction\":[{\"@type\":\"ReadAction\",\"target\":[\"https:\/\/www.estrategiaconcursos.com.br\/blog\/27485\/\"]}]},{\"@type\":\"BreadcrumbList\",\"@id\":\"https:\/\/www.estrategiaconcursos.com.br\/blog\/27485\/#breadcrumb\",\"itemListElement\":[{\"@type\":\"ListItem\",\"position\":1,\"name\":\"In\u00edcio\",\"item\":\"https:\/\/www.estrategiaconcursos.com.br\/blog\/\"},{\"@type\":\"ListItem\",\"position\":2,\"name\":\"Prova STJ &#8211; Direito Constitucional &#8211; T\u00e9cnico Judici\u00e1rio\"}]},{\"@type\":\"WebSite\",\"@id\":\"https:\/\/www.estrategiaconcursos.com.br\/blog\/#website\",\"url\":\"https:\/\/www.estrategiaconcursos.com.br\/blog\/\",\"name\":\"Estrat\u00e9gia Concursos\",\"description\":\"O blog da Estrat\u00e9gia Concursos traz not\u00edcias sobre concursos e artigos de professores oferecendo cursos para concursos (pdf + videaulas) no site.\",\"publisher\":{\"@id\":\"https:\/\/www.estrategiaconcursos.com.br\/blog\/#organization\"},\"potentialAction\":[{\"@type\":\"SearchAction\",\"target\":{\"@type\":\"EntryPoint\",\"urlTemplate\":\"https:\/\/www.estrategiaconcursos.com.br\/blog\/?s={search_term_string}\"},\"query-input\":{\"@type\":\"PropertyValueSpecification\",\"valueRequired\":true,\"valueName\":\"search_term_string\"}}],\"inLanguage\":\"pt-BR\"},{\"@type\":\"Organization\",\"@id\":\"https:\/\/www.estrategiaconcursos.com.br\/blog\/#organization\",\"name\":\"Estrat\u00e9gia Concursos\",\"url\":\"https:\/\/www.estrategiaconcursos.com.br\/blog\/\",\"logo\":{\"@type\":\"ImageObject\",\"inLanguage\":\"pt-BR\",\"@id\":\"https:\/\/www.estrategiaconcursos.com.br\/blog\/#\/schema\/logo\/image\/\",\"url\":\"https:\/\/dhg1h5j42swfq.cloudfront.net\/2025\/06\/03203428\/logo_concursos-1.jpg\",\"contentUrl\":\"https:\/\/dhg1h5j42swfq.cloudfront.net\/2025\/06\/03203428\/logo_concursos-1.jpg\",\"width\":230,\"height\":60,\"caption\":\"Estrat\u00e9gia Concursos\"},\"image\":{\"@id\":\"https:\/\/www.estrategiaconcursos.com.br\/blog\/#\/schema\/logo\/image\/\"},\"sameAs\":[\"https:\/\/x.com\/EstratConcursos\"]},{\"@type\":\"Person\",\"@id\":\"https:\/\/www.estrategiaconcursos.com.br\/blog\/#\/schema\/person\/c32e47dba2159cafe7796a9569a6ff7e\",\"name\":\"Ricardo Vale\",\"image\":{\"@type\":\"ImageObject\",\"inLanguage\":\"pt-BR\",\"@id\":\"https:\/\/secure.gravatar.com\/avatar\/e5a5658c798bb49dd53314263f59f38c192d73370fb65839a372c2ae9027be74?s=96&d=mm&r=g\",\"url\":\"https:\/\/secure.gravatar.com\/avatar\/e5a5658c798bb49dd53314263f59f38c192d73370fb65839a372c2ae9027be74?s=96&d=mm&r=g\",\"contentUrl\":\"https:\/\/secure.gravatar.com\/avatar\/e5a5658c798bb49dd53314263f59f38c192d73370fb65839a372c2ae9027be74?s=96&d=mm&r=g\",\"caption\":\"Ricardo Vale\"},\"sameAs\":[\"https:\/\/www.facebook.com\/rvale01\",\"https:\/\/x.com\/https:\/\/twitter.com\/EstratConcursos\"],\"url\":\"https:\/\/www.estrategiaconcursos.com.br\/blog\/author\/ricardovaleestrategiaconcursos-com-br\/\"}]}<\/script>\n<!-- \/ Yoast SEO Premium plugin. -->","yoast_head_json":{"title":"Prova STJ - Direito Constitucional - T\u00e9cnico Judici\u00e1rio","robots":{"index":"index","follow":"follow","max-snippet":"max-snippet:-1","max-image-preview":"max-image-preview:large","max-video-preview":"max-video-preview:-1"},"canonical":"https:\/\/www.estrategiaconcursos.com.br\/blog\/27485\/","og_locale":"pt_BR","og_type":"article","og_title":"Prova STJ - Direito Constitucional - T\u00e9cnico Judici\u00e1rio","og_description":"Ol\u00e1, pessoal, tudo bem? Aqui \u00e9 o Ricardo Vale, coordenador e professor do Estrat\u00e9gia Concursos. Agora, comento a prova de Direito Constitucional do STJ (T\u00e9cnico Judici\u00e1rio). ATEN\u00c7\u00c3O! Por incr\u00edvel que pare\u00e7a, a prova foi essencialmente doutrin\u00e1ria. \u00c9 o que sempre dizemos aos nossos alunos. N\u00e3o \u00e9 porque o concurso \u00e9 de T\u00e9cnico (n\u00edvel m\u00e9dio) que [&hellip;]","og_url":"https:\/\/www.estrategiaconcursos.com.br\/blog\/27485\/","og_site_name":"Estrat\u00e9gia Concursos","article_author":"https:\/\/www.facebook.com\/rvale01","article_published_time":"2015-09-28T11:12:10+00:00","article_modified_time":"2015-09-28T14:45:46+00:00","author":"Ricardo Vale","twitter_card":"summary_large_image","twitter_creator":"@https:\/\/twitter.com\/EstratConcursos","twitter_site":"@EstratConcursos","twitter_misc":{"Escrito por":"Ricardo Vale","Est. tempo de leitura":"3 minutos"},"schema":{"@context":"https:\/\/schema.org","@graph":[{"@type":"NewsArticle","@id":"https:\/\/www.estrategiaconcursos.com.br\/blog\/27485\/#article","isPartOf":{"@id":"https:\/\/www.estrategiaconcursos.com.br\/blog\/27485\/"},"author":{"name":"Ricardo Vale","@id":"https:\/\/www.estrategiaconcursos.com.br\/blog\/#\/schema\/person\/c32e47dba2159cafe7796a9569a6ff7e"},"headline":"Prova STJ &#8211; Direito Constitucional &#8211; T\u00e9cnico Judici\u00e1rio","datePublished":"2015-09-28T11:12:10+00:00","dateModified":"2015-09-28T14:45:46+00:00","mainEntityOfPage":{"@id":"https:\/\/www.estrategiaconcursos.com.br\/blog\/27485\/"},"wordCount":649,"commentCount":8,"publisher":{"@id":"https:\/\/www.estrategiaconcursos.com.br\/blog\/#organization"},"keywords":["Direito Constitucional","STJ"],"inLanguage":"pt-BR","potentialAction":[{"@type":"CommentAction","name":"Comment","target":["https:\/\/www.estrategiaconcursos.com.br\/blog\/27485\/#respond"]}],"copyrightYear":"2015","copyrightHolder":{"@id":"https:\/\/www.estrategiaconcursos.com.br\/blog\/#organization"}},{"@type":"WebPage","@id":"https:\/\/www.estrategiaconcursos.com.br\/blog\/27485\/","url":"https:\/\/www.estrategiaconcursos.com.br\/blog\/27485\/","name":"Prova STJ - Direito Constitucional - T\u00e9cnico Judici\u00e1rio","isPartOf":{"@id":"https:\/\/www.estrategiaconcursos.com.br\/blog\/#website"},"datePublished":"2015-09-28T11:12:10+00:00","dateModified":"2015-09-28T14:45:46+00:00","breadcrumb":{"@id":"https:\/\/www.estrategiaconcursos.com.br\/blog\/27485\/#breadcrumb"},"inLanguage":"pt-BR","potentialAction":[{"@type":"ReadAction","target":["https:\/\/www.estrategiaconcursos.com.br\/blog\/27485\/"]}]},{"@type":"BreadcrumbList","@id":"https:\/\/www.estrategiaconcursos.com.br\/blog\/27485\/#breadcrumb","itemListElement":[{"@type":"ListItem","position":1,"name":"In\u00edcio","item":"https:\/\/www.estrategiaconcursos.com.br\/blog\/"},{"@type":"ListItem","position":2,"name":"Prova STJ &#8211; Direito Constitucional &#8211; T\u00e9cnico Judici\u00e1rio"}]},{"@type":"WebSite","@id":"https:\/\/www.estrategiaconcursos.com.br\/blog\/#website","url":"https:\/\/www.estrategiaconcursos.com.br\/blog\/","name":"Estrat\u00e9gia Concursos","description":"O blog da Estrat\u00e9gia Concursos traz not\u00edcias sobre concursos e artigos de professores oferecendo cursos para concursos (pdf + videaulas) no site.","publisher":{"@id":"https:\/\/www.estrategiaconcursos.com.br\/blog\/#organization"},"potentialAction":[{"@type":"SearchAction","target":{"@type":"EntryPoint","urlTemplate":"https:\/\/www.estrategiaconcursos.com.br\/blog\/?s={search_term_string}"},"query-input":{"@type":"PropertyValueSpecification","valueRequired":true,"valueName":"search_term_string"}}],"inLanguage":"pt-BR"},{"@type":"Organization","@id":"https:\/\/www.estrategiaconcursos.com.br\/blog\/#organization","name":"Estrat\u00e9gia Concursos","url":"https:\/\/www.estrategiaconcursos.com.br\/blog\/","logo":{"@type":"ImageObject","inLanguage":"pt-BR","@id":"https:\/\/www.estrategiaconcursos.com.br\/blog\/#\/schema\/logo\/image\/","url":"https:\/\/dhg1h5j42swfq.cloudfront.net\/2025\/06\/03203428\/logo_concursos-1.jpg","contentUrl":"https:\/\/dhg1h5j42swfq.cloudfront.net\/2025\/06\/03203428\/logo_concursos-1.jpg","width":230,"height":60,"caption":"Estrat\u00e9gia Concursos"},"image":{"@id":"https:\/\/www.estrategiaconcursos.com.br\/blog\/#\/schema\/logo\/image\/"},"sameAs":["https:\/\/x.com\/EstratConcursos"]},{"@type":"Person","@id":"https:\/\/www.estrategiaconcursos.com.br\/blog\/#\/schema\/person\/c32e47dba2159cafe7796a9569a6ff7e","name":"Ricardo Vale","image":{"@type":"ImageObject","inLanguage":"pt-BR","@id":"https:\/\/secure.gravatar.com\/avatar\/e5a5658c798bb49dd53314263f59f38c192d73370fb65839a372c2ae9027be74?s=96&d=mm&r=g","url":"https:\/\/secure.gravatar.com\/avatar\/e5a5658c798bb49dd53314263f59f38c192d73370fb65839a372c2ae9027be74?s=96&d=mm&r=g","contentUrl":"https:\/\/secure.gravatar.com\/avatar\/e5a5658c798bb49dd53314263f59f38c192d73370fb65839a372c2ae9027be74?s=96&d=mm&r=g","caption":"Ricardo Vale"},"sameAs":["https:\/\/www.facebook.com\/rvale01","https:\/\/x.com\/https:\/\/twitter.com\/EstratConcursos"],"url":"https:\/\/www.estrategiaconcursos.com.br\/blog\/author\/ricardovaleestrategiaconcursos-com-br\/"}]}},"_links":{"self":[{"href":"https:\/\/www.estrategiaconcursos.com.br\/blog\/wp-json\/wp\/v2\/posts\/27485","targetHints":{"allow":["GET"]}}],"collection":[{"href":"https:\/\/www.estrategiaconcursos.com.br\/blog\/wp-json\/wp\/v2\/posts"}],"about":[{"href":"https:\/\/www.estrategiaconcursos.com.br\/blog\/wp-json\/wp\/v2\/types\/post"}],"author":[{"embeddable":true,"href":"https:\/\/www.estrategiaconcursos.com.br\/blog\/wp-json\/wp\/v2\/users\/26"}],"replies":[{"embeddable":true,"href":"https:\/\/www.estrategiaconcursos.com.br\/blog\/wp-json\/wp\/v2\/comments?post=27485"}],"version-history":[{"count":3,"href":"https:\/\/www.estrategiaconcursos.com.br\/blog\/wp-json\/wp\/v2\/posts\/27485\/revisions"}],"predecessor-version":[{"id":27821,"href":"https:\/\/www.estrategiaconcursos.com.br\/blog\/wp-json\/wp\/v2\/posts\/27485\/revisions\/27821"}],"wp:attachment":[{"href":"https:\/\/www.estrategiaconcursos.com.br\/blog\/wp-json\/wp\/v2\/media?parent=27485"}],"wp:term":[{"taxonomy":"category","embeddable":true,"href":"https:\/\/www.estrategiaconcursos.com.br\/blog\/wp-json\/wp\/v2\/categories?post=27485"},{"taxonomy":"post_tag","embeddable":true,"href":"https:\/\/www.estrategiaconcursos.com.br\/blog\/wp-json\/wp\/v2\/tags?post=27485"},{"taxonomy":"tax_estado","embeddable":true,"href":"https:\/\/www.estrategiaconcursos.com.br\/blog\/wp-json\/wp\/v2\/tax_estado?post=27485"}],"curies":[{"name":"wp","href":"https:\/\/api.w.org\/{rel}","templated":true}]}}