{"id":27401,"date":"2015-09-23T21:59:24","date_gmt":"2015-09-24T00:59:24","guid":{"rendered":"http:\/\/www.estrategiaconcursos.com.br\/blog\/?p=27401"},"modified":"2021-02-09T08:32:12","modified_gmt":"2021-02-09T11:32:12","slug":"tj-ro-comentarios-as-questoes-de-processo-penal-tem-recurso","status":"publish","type":"post","link":"https:\/\/www.estrategiaconcursos.com.br\/blog\/tj-ro-comentarios-as-questoes-de-processo-penal-tem-recurso\/","title":{"rendered":"TJ-RO &#8211; Coment\u00e1rios \u00e0s quest\u00f5es de processo penal (Tem RECURSO!)"},"content":{"rendered":"<p style=\"text-align: justify\">Ol\u00e1, pessoal<\/p>\n<p style=\"text-align: justify\">Boa noite!<\/p>\n<p style=\"text-align: justify\">Neste artigo vou comentar as quatro quest\u00f5es de Direito Processual Penal que foram cobradas pela FGV na recente prova para T\u00e9cnico do TJ-RO. Achei que a prova teve um bom n\u00edvel, e <strong>vejo possibilidade de recurso em uma quest\u00e3o.<\/strong><\/p>\n<p style=\"text-align: justify\">Vamos aos coment\u00e1rios:<\/p>\n<p style=\"text-align: justify\"><strong>(FGV \u2013 2015 \u2013 TJ-RO \u2013 T\u00c9CNICO JUDICI\u00c1RIO)<\/strong><\/p>\n<p style=\"text-align: justify\"><strong>Gl\u00f3ria foi v\u00edtima de um crime de estupro praticado no interior de sua resid\u00eancia. Sendo a natureza da a\u00e7\u00e3o p\u00fablica condicionada \u00e0 representa\u00e7\u00e3o, compareceu, ent\u00e3o, \u00e0 Delegacia, narrou o ocorrido e manifestou o interesse na apura\u00e7\u00e3o do fato, raz\u00e3o pela qual foi instaurado inqu\u00e9rito. Considerando a hip\u00f3tese narrada e as caracter\u00edsticas do inqu\u00e9rito policial, \u00e9 correto afirmar que: <\/strong><\/p>\n<p style=\"text-align: justify\"><strong>(A) caso houvesse ind\u00edcios da autoria e prova da materialidade delitiva, a instaura\u00e7\u00e3o de inqu\u00e9rito policial seria prescind\u00edvel para propositura da a\u00e7\u00e3o penal;<\/strong><\/p>\n<p style=\"text-align: justify\"><strong>(B) o inqu\u00e9rito policial tem como algumas de suas principais caracter\u00edsticas a oralidade, a oficialidade e oficiosidade;<\/strong><\/p>\n<p style=\"text-align: justify\"><strong>(C) uma das caracter\u00edsticas do inqu\u00e9rito policial \u00e9 o sigilo, raz\u00e3o pela qual n\u00e3o poder\u00e1 o defensor do indiciado ter acesso aos autos, ainda que em rela\u00e7\u00e3o \u00e0quilo j\u00e1 documentado;<\/strong><\/p>\n<p style=\"text-align: justify\"><strong>(D) o inqu\u00e9rito policial \u00e9 dispon\u00edvel, de modo que a autoridade policial poder\u00e1 determinar seu arquivamento diretamente; <\/strong><\/p>\n<p style=\"text-align: justify\"><strong>(E) a natureza de a\u00e7\u00e3o p\u00fablica condicionada \u00e0 representa\u00e7\u00e3o do crime de estupro exige que a representa\u00e7\u00e3o seja ofertada para fins de propositura da a\u00e7\u00e3o penal, mas n\u00e3o para instaura\u00e7\u00e3o de inqu\u00e9rito.<\/strong><\/p>\n<p style=\"text-align: justify\"><strong>COMENT\u00c1RIOS:<\/strong><\/p>\n<p style=\"text-align: justify\">A) CORRETA: O IP \u00e9 um procedimento dispens\u00e1vel. Isto porque sua finalidade \u00e9 angariar prova da materialidade e ind\u00edcios de autoria do delito. Caso j\u00e1 existam estas provas (prova da materialidade e ind\u00edcios de autoria) a a\u00e7\u00e3o penal poder\u00e1 ser ajuizada, n\u00e3o havendo necessidade de instaura\u00e7\u00e3o do IP.<\/p>\n<p style=\"text-align: justify\">B) ERRADA: Item errado, pois o inqu\u00e9rito \u00e9 um procedimento escrito, n\u00e3o sendo pautado pelo princ\u00edpio da oralidade.<\/p>\n<p style=\"text-align: justify\">C) ERRADA: Item errado, pois conforme determina a S\u00famula Vinculante n\u00ba 14 do STF, \u00e9 direito do defensor, no interesse do representado, ter amplo acesso aos elementos de prova que, j\u00e1 documentados em procedimento investigat\u00f3rio realizado por \u00f3rg\u00e3o com compet\u00eancia de pol\u00edcia judici\u00e1ria, digam respeito ao exerc\u00edcio do direito de defesa.<\/p>\n<p style=\"text-align: justify\">D) ERRADA: A autoridade policial nunca poder\u00e1 mandar arquivar autos de IP, nos termos do art. 17 do CPP.<\/p>\n<p style=\"text-align: justify\">E) ERRADA: Em se tratando de crime de a\u00e7\u00e3o p\u00fablica CONDICIONADA \u00e0 representa\u00e7\u00e3o, a instaura\u00e7\u00e3o do IP depende desta, ou seja, depende de representa\u00e7\u00e3o da v\u00edtima (ou de quem a represente) neste sentido, conforme prev\u00ea o art. 5\u00ba, \u00a74\u00ba do CPP.<\/p>\n<p style=\"text-align: justify\"><span style=\"color: #0000ff\"><strong>Portanto, a ALTERNATIVA CORRETA \u00c9 A LETRA A.<\/strong><\/span><\/p>\n<p style=\"text-align: justify\"><strong>&nbsp;<\/strong><\/p>\n<p style=\"text-align: justify\"><strong>(FGV \u2013 2015 \u2013 TJ-RO \u2013 T\u00c9CNICO JUDICI\u00c1RIO)<\/strong><\/p>\n<p style=\"text-align: justify\"><strong>Jo\u00e3o foi v\u00edtima de um delito de dano, crime este de a\u00e7\u00e3o penal privada. Em raz\u00e3o disso, ofereceu queixa crime, de maneira regular, em desfavor de Renato, autor dos fatos. Ap\u00f3s o recebimento da queixa, intimados para audi\u00eancia de instru\u00e7\u00e3o e julgamento, o querelante e seu advogado n\u00e3o compareceram, de maneira injustificada. O magistrado entendeu por bem intimar o querelante para justificar a aus\u00eancia, mas este se manteve inerte por 30 dias. Diante disso, dever\u00e1 o juiz da causa reconhecer a: <\/strong><\/p>\n<p style=\"text-align: justify\"><strong>(A) decad\u00eancia, que poder\u00e1 ocorrer em a\u00e7\u00f5es penais de natureza p\u00fablica condicionada \u00e0 representa\u00e7\u00e3o e de natureza privada;<\/strong><\/p>\n<p style=\"text-align: justify\"><strong>(B) prescri\u00e7\u00e3o, que, em tese, poder\u00e1 ocorrer em crimes cuja a\u00e7\u00e3o penal seja de qualquer natureza;<\/strong><\/p>\n<p style=\"text-align: justify\"><strong>(C) peremp\u00e7\u00e3o, que s\u00f3 poder\u00e1 ocorrer em a\u00e7\u00f5es penais de natureza privada;<\/strong><\/p>\n<p style=\"text-align: justify\"><strong>(D) decad\u00eancia, que s\u00f3 poder\u00e1 ocorrer em a\u00e7\u00f5es penais de natureza privada;<\/strong><\/p>\n<p style=\"text-align: justify\"><strong>(E) peremp\u00e7\u00e3o, que poder\u00e1 ocorrer em a\u00e7\u00f5es penais de natureza p\u00fablica condicionada \u00e0 representa\u00e7\u00e3o e de natureza privada.<\/strong><\/p>\n<p style=\"text-align: justify\"><strong>COMENT\u00c1RIOS: <\/strong>No caso em tela ocorreu a PEREMP\u00c7\u00c3O, ou seja, a perda do direito de prosseguir com a a\u00e7\u00e3o penal privada, em raz\u00e3o da in\u00e9rcia do querelante, nos termos do art. 60, I do CPP.<\/p>\n<p style=\"text-align: justify\">A peremp\u00e7\u00e3o \u00e9 um instituto exclusivo das a\u00e7\u00f5es penais de natureza privada.<\/p>\n<p style=\"text-align: justify\"><span style=\"color: #0000ff\"><strong>Portanto, a ALTERNATIVA CORRETA \u00c9 A LETRA C.<\/strong><\/span><\/p>\n<p style=\"text-align: justify\"><strong>&nbsp;<\/strong><\/p>\n<p style=\"text-align: justify\"><strong>(FGV \u2013 2015 \u2013 TJ-RO \u2013 T\u00c9CNICO JUDICI\u00c1RIO)<\/strong><\/p>\n<p style=\"text-align: justify\"><strong>Fl\u00e1via foi denunciada pela pr\u00e1tica de um crime de extors\u00e3o perante a 1\u00aa Vara Criminal da Comarca de Porto Velho. O juiz em atua\u00e7\u00e3o nesta Vara, Jorge, contudo, era pai da autoridade policial que conduziu as investiga\u00e7\u00f5es que resultaram na den\u00fancia, havendo, inclusive, representa\u00e7\u00e3o deste no processo pela decreta\u00e7\u00e3o da pris\u00e3o preventiva. Por sua vez, o promotor de justi\u00e7a Lucas, que participaria da audi\u00eancia de instru\u00e7\u00e3o e julgamento, mas que n\u00e3o foi o que ofereceu den\u00fancia, era credor de Fl\u00e1via. Por fim, o serventu\u00e1rio da Justi\u00e7a Carlos, que atuaria no processo, era amigo \u00edntimo da acusada. Nesse caso, \u00e9 correto afirmar que: <\/strong><\/p>\n<p style=\"text-align: justify\"><strong>(A) Jorge est\u00e1 diante de causa de impedimento, enquanto Lucas e Carlos est\u00e3o diante de causas de suspei\u00e7\u00e3o;<\/strong><\/p>\n<p style=\"text-align: justify\"><strong>(B) Jorge e Lucas est\u00e3o diante de causa de impedimento, enquanto Carlos, de suspei\u00e7\u00e3o; <\/strong><\/p>\n<p style=\"text-align: justify\"><strong>(C) Jorge est\u00e1 diante de causa de impedimento; Lucas, de suspei\u00e7\u00e3o; e Carlos poder\u00e1 atuar normalmente, pois as causas de impedimento\/suspei\u00e7\u00e3o n\u00e3o se estendem aos serventu\u00e1rios da Justi\u00e7a;<\/strong><\/p>\n<p style=\"text-align: justify\"><strong>(D) Jorge, Lucas e Carlos est\u00e3o diante de causas de suspei\u00e7\u00e3o;<\/strong><\/p>\n<p style=\"text-align: justify\"><strong>(E) Jorge e Lucas est\u00e3o diante de causa de suspei\u00e7\u00e3o, enquanto Carlos poder\u00e1 atuar normalmente, pois as causas de impedimento\/suspei\u00e7\u00e3o n\u00e3o se estendem aos serventu\u00e1rios da Justi\u00e7a.<\/strong><\/p>\n<p style=\"text-align: justify\"><strong>COMENT\u00c1RIOS: <\/strong>Jorge, o Juiz, est\u00e1 IMPEDIDO de atuar na causa, por for\u00e7a do art. 252, I do CPP. Lucas incorre em situa\u00e7\u00e3o de SUSPEI\u00c7\u00c3O, pois \u00e9 credor de Fl\u00e1via, nos termos do art. 254, V c\/c art. 258 do CPP.<\/p>\n<p style=\"text-align: justify\">Por fim, Carlos tamb\u00e9m incorre em causa de SUSPEI\u00c7\u00c3O, por ser amigo \u00edntimo de uma das partes, nos termos do art. 254, I c\/c art. 274 do CPP.<\/p>\n<p style=\"text-align: justify\"><span style=\"color: #0000ff\"><strong>Portanto, a ALTERNATIVA CORRETA \u00c9 A LETRA A.<\/strong><\/span><\/p>\n<p style=\"text-align: justify\"><strong>&nbsp;<\/strong><\/p>\n<p style=\"text-align: justify\"><strong>(FGV \u2013 2015 \u2013 TJ-RO \u2013 T\u00c9CNICO JUDICI\u00c1RIO)<\/strong><\/p>\n<p style=\"text-align: justify\"><strong>O princ\u00edpio da ampla defesa, previsto constitucionalmente, imp\u00f5e que o acusado seja cientificado do in\u00edcio do processo e de todo o seu desenvolvimento. A ci\u00eancia da a\u00e7\u00e3o penal proposta \u00e9 realizada atrav\u00e9s da cita\u00e7\u00e3o, quando o denunciado toma conhecimento da imputa\u00e7\u00e3o delitiva. Sobre o instituto, \u00e9 correto afirmar que: <\/strong><\/p>\n<p style=\"text-align: justify\"><strong>(A) quando o r\u00e9u estiver em local conhecido, mas fora da unidade da federa\u00e7\u00e3o do juiz processante, ser\u00e1 citado por edital;<\/strong><\/p>\n<p style=\"text-align: justify\"><strong>(B) o edital de cita\u00e7\u00e3o poder\u00e1 indicar os sinais caracter\u00edsticos, resid\u00eancia e profiss\u00e3o do denunciado, ainda que n\u00e3o seja conhecido seu nome;<\/strong><\/p>\n<p style=\"text-align: justify\"><strong>(C) estando o r\u00e9u em local incerto e n\u00e3o sabido, dever\u00e1 ser realizada cita\u00e7\u00e3o com hora certa;<\/strong><\/p>\n<p style=\"text-align: justify\"><strong>(D) o C\u00f3digo de Processo Penal n\u00e3o admite o instituto da cita\u00e7\u00e3o com hora certa;<\/strong><\/p>\n<p style=\"text-align: justify\"><strong>(E) se o acusado, citado por edital, n\u00e3o comparecer e nem constituir advogado, o processo ficar\u00e1 suspenso, em que pese o prazo prescricional continue a correr.<\/strong><\/p>\n<p style=\"text-align: justify\"><strong>COMENT\u00c1RIOS:<\/strong><\/p>\n<p style=\"text-align: justify\">A) ERRADA: Neste caso dever\u00e1 ser citado por carta precat\u00f3ria, nos termos do art. 353 do CPP.<\/p>\n<p style=\"text-align: justify\">B) ERRADA: Item errado, pois os sinais caracter\u00edsticos, resid\u00eancia e profiss\u00e3o do denunciado s\u00e3o dados que somente devem constar no edital de cita\u00e7\u00e3o caso seu nome n\u00e3o seja conhecido, nos termos do art. 365, II do CPP.<\/p>\n<p style=\"text-align: justify\"><strong><span style=\"color: #ff0000\">A quest\u00e3o est\u00e1 errada, pois diz que tais dados podem constar AINDA que n\u00e3o seja conhecido seu nome<\/span><\/strong>. Esta afirma\u00e7\u00e3o est\u00e1 errada porque implica dizer que estes dados podem ser SEMPRE inseridos no edital, inclusive quando o nome n\u00e3o for conhecido. Isso est\u00e1 errado, pois <strong><span style=\"color: #ff0000\">tais dados podem ser colocados APENAS quando o nome n\u00e3o for conhecido.<\/span><\/strong><\/p>\n<p style=\"text-align: justify\">C) ERRADA: Estando o r\u00e9u em local incerto e n\u00e3o sabido dever\u00e1 ser citado por edital, nos termos do art. 361 do CPP.<\/p>\n<p style=\"text-align: justify\">D) ERRADA: A cita\u00e7\u00e3o por hora certa est\u00e1 prevista no CPP como uma das modalidades poss\u00edveis no processo penal, nos termos do art. 362 do CPP.<\/p>\n<p style=\"text-align: justify\">E) CORRETA: Neste caso ficar\u00e3o suspensos tanto o processo quanto o curso do prazo prescricional, nos termos do art. 366 do CPP.<\/p>\n<p style=\"text-align: justify\"><span style=\"color: #ff0000\"><strong>Verifica-se, assim, que nenhuma das alternativas est\u00e1 correta, motivo pelo qual a quest\u00e3o deve ser anulada.<\/strong><\/span><\/p>\n<p style=\"text-align: justify\"><strong>Bons estudos!<\/strong><\/p>\n<p style=\"text-align: justify\"><strong>Prof. Renan Araujo<\/strong><\/p>\n","protected":false},"excerpt":{"rendered":"<p>Ol\u00e1, pessoal Boa noite! Neste artigo vou comentar as quatro quest\u00f5es de Direito Processual Penal que foram cobradas pela FGV na recente prova para T\u00e9cnico do TJ-RO. Achei que a prova teve um bom n\u00edvel, e vejo possibilidade de recurso em uma quest\u00e3o. Vamos aos coment\u00e1rios: (FGV \u2013 2015 \u2013 TJ-RO \u2013 T\u00c9CNICO JUDICI\u00c1RIO) Gl\u00f3ria [&hellip;]<\/p>\n","protected":false},"author":39,"featured_media":0,"comment_status":"open","ping_status":"open","sticky":false,"template":"","format":"standard","meta":{"post_tipo":"article","footnotes":""},"categories":[1984],"tags":[8,802],"tax_estado":[219984],"class_list":["post-27401","post","type-post","status-publish","format-standard","hentry","category-tribunais","tag-recurso","tag-tj-ro","tax_estado-ro"],"acf":[],"yoast_head":"<!-- This site is optimized with the Yoast SEO Premium plugin v27.2 (Yoast SEO v27.2) - https:\/\/yoast.com\/product\/yoast-seo-premium-wordpress\/ -->\n<title>TJ-RO coment\u00e1rios processo penal recurso<\/title>\n<meta name=\"description\" content=\"TJ-RO coment\u00e1rios processo penal recurso\" \/>\n<meta name=\"robots\" content=\"index, follow, max-snippet:-1, max-image-preview:large, max-video-preview:-1\" \/>\n<link rel=\"canonical\" href=\"https:\/\/www.estrategiaconcursos.com.br\/blog\/tj-ro-comentarios-as-questoes-de-processo-penal-tem-recurso\/\" \/>\n<meta property=\"og:locale\" content=\"pt_BR\" \/>\n<meta property=\"og:type\" content=\"article\" \/>\n<meta property=\"og:title\" content=\"TJ-RO - Coment\u00e1rios \u00e0s quest\u00f5es de processo penal (Tem RECURSO!)\" \/>\n<meta property=\"og:description\" content=\"TJ-RO coment\u00e1rios processo penal recurso\" \/>\n<meta property=\"og:url\" content=\"https:\/\/www.estrategiaconcursos.com.br\/blog\/tj-ro-comentarios-as-questoes-de-processo-penal-tem-recurso\/\" \/>\n<meta property=\"og:site_name\" content=\"Estrat\u00e9gia Concursos\" \/>\n<meta property=\"article:published_time\" content=\"2015-09-24T00:59:24+00:00\" \/>\n<meta property=\"article:modified_time\" content=\"2021-02-09T11:32:12+00:00\" \/>\n<meta name=\"author\" content=\"Renan Araujo\" \/>\n<meta name=\"twitter:card\" content=\"summary_large_image\" \/>\n<meta name=\"twitter:creator\" content=\"@EstratConcursos\" \/>\n<meta name=\"twitter:site\" content=\"@EstratConcursos\" \/>\n<meta name=\"twitter:label1\" content=\"Escrito por\" \/>\n\t<meta name=\"twitter:data1\" content=\"Renan Araujo\" \/>\n\t<meta name=\"twitter:label2\" content=\"Est. tempo de leitura\" \/>\n\t<meta name=\"twitter:data2\" content=\"7 minutos\" \/>\n<script type=\"application\/ld+json\" class=\"yoast-schema-graph\">{\"@context\":\"https:\/\/schema.org\",\"@graph\":[{\"@type\":\"NewsArticle\",\"@id\":\"https:\/\/www.estrategiaconcursos.com.br\/blog\/tj-ro-comentarios-as-questoes-de-processo-penal-tem-recurso\/#article\",\"isPartOf\":{\"@id\":\"https:\/\/www.estrategiaconcursos.com.br\/blog\/tj-ro-comentarios-as-questoes-de-processo-penal-tem-recurso\/\"},\"author\":{\"name\":\"Renan Araujo\",\"@id\":\"https:\/\/www.estrategiaconcursos.com.br\/blog\/#\/schema\/person\/1a7a7af72da82939a6308b2ee292162b\"},\"headline\":\"TJ-RO &#8211; Coment\u00e1rios \u00e0s quest\u00f5es de processo penal (Tem RECURSO!)\",\"datePublished\":\"2015-09-24T00:59:24+00:00\",\"dateModified\":\"2021-02-09T11:32:12+00:00\",\"mainEntityOfPage\":{\"@id\":\"https:\/\/www.estrategiaconcursos.com.br\/blog\/tj-ro-comentarios-as-questoes-de-processo-penal-tem-recurso\/\"},\"wordCount\":1431,\"commentCount\":1,\"publisher\":{\"@id\":\"https:\/\/www.estrategiaconcursos.com.br\/blog\/#organization\"},\"keywords\":[\"Recurso\",\"TJ-RO\"],\"articleSection\":[\"Tribunais\"],\"inLanguage\":\"pt-BR\",\"potentialAction\":[{\"@type\":\"CommentAction\",\"name\":\"Comment\",\"target\":[\"https:\/\/www.estrategiaconcursos.com.br\/blog\/tj-ro-comentarios-as-questoes-de-processo-penal-tem-recurso\/#respond\"]}],\"copyrightYear\":\"2015\",\"copyrightHolder\":{\"@id\":\"https:\/\/www.estrategiaconcursos.com.br\/blog\/#organization\"}},{\"@type\":\"WebPage\",\"@id\":\"https:\/\/www.estrategiaconcursos.com.br\/blog\/tj-ro-comentarios-as-questoes-de-processo-penal-tem-recurso\/\",\"url\":\"https:\/\/www.estrategiaconcursos.com.br\/blog\/tj-ro-comentarios-as-questoes-de-processo-penal-tem-recurso\/\",\"name\":\"TJ-RO coment\u00e1rios processo penal recurso\",\"isPartOf\":{\"@id\":\"https:\/\/www.estrategiaconcursos.com.br\/blog\/#website\"},\"datePublished\":\"2015-09-24T00:59:24+00:00\",\"dateModified\":\"2021-02-09T11:32:12+00:00\",\"description\":\"TJ-RO coment\u00e1rios processo penal recurso\",\"breadcrumb\":{\"@id\":\"https:\/\/www.estrategiaconcursos.com.br\/blog\/tj-ro-comentarios-as-questoes-de-processo-penal-tem-recurso\/#breadcrumb\"},\"inLanguage\":\"pt-BR\",\"potentialAction\":[{\"@type\":\"ReadAction\",\"target\":[\"https:\/\/www.estrategiaconcursos.com.br\/blog\/tj-ro-comentarios-as-questoes-de-processo-penal-tem-recurso\/\"]}]},{\"@type\":\"BreadcrumbList\",\"@id\":\"https:\/\/www.estrategiaconcursos.com.br\/blog\/tj-ro-comentarios-as-questoes-de-processo-penal-tem-recurso\/#breadcrumb\",\"itemListElement\":[{\"@type\":\"ListItem\",\"position\":1,\"name\":\"In\u00edcio\",\"item\":\"https:\/\/www.estrategiaconcursos.com.br\/blog\/\"},{\"@type\":\"ListItem\",\"position\":2,\"name\":\"TJ-RO &#8211; Coment\u00e1rios \u00e0s quest\u00f5es de processo penal (Tem RECURSO!)\"}]},{\"@type\":\"WebSite\",\"@id\":\"https:\/\/www.estrategiaconcursos.com.br\/blog\/#website\",\"url\":\"https:\/\/www.estrategiaconcursos.com.br\/blog\/\",\"name\":\"Estrat\u00e9gia Concursos\",\"description\":\"O blog da Estrat\u00e9gia Concursos traz not\u00edcias sobre concursos e artigos de professores oferecendo cursos para concursos (pdf + videaulas) no site.\",\"publisher\":{\"@id\":\"https:\/\/www.estrategiaconcursos.com.br\/blog\/#organization\"},\"potentialAction\":[{\"@type\":\"SearchAction\",\"target\":{\"@type\":\"EntryPoint\",\"urlTemplate\":\"https:\/\/www.estrategiaconcursos.com.br\/blog\/?s={search_term_string}\"},\"query-input\":{\"@type\":\"PropertyValueSpecification\",\"valueRequired\":true,\"valueName\":\"search_term_string\"}}],\"inLanguage\":\"pt-BR\"},{\"@type\":\"Organization\",\"@id\":\"https:\/\/www.estrategiaconcursos.com.br\/blog\/#organization\",\"name\":\"Estrat\u00e9gia Concursos\",\"url\":\"https:\/\/www.estrategiaconcursos.com.br\/blog\/\",\"logo\":{\"@type\":\"ImageObject\",\"inLanguage\":\"pt-BR\",\"@id\":\"https:\/\/www.estrategiaconcursos.com.br\/blog\/#\/schema\/logo\/image\/\",\"url\":\"https:\/\/dhg1h5j42swfq.cloudfront.net\/2025\/06\/03203428\/logo_concursos-1.jpg\",\"contentUrl\":\"https:\/\/dhg1h5j42swfq.cloudfront.net\/2025\/06\/03203428\/logo_concursos-1.jpg\",\"width\":230,\"height\":60,\"caption\":\"Estrat\u00e9gia Concursos\"},\"image\":{\"@id\":\"https:\/\/www.estrategiaconcursos.com.br\/blog\/#\/schema\/logo\/image\/\"},\"sameAs\":[\"https:\/\/x.com\/EstratConcursos\"]},{\"@type\":\"Person\",\"@id\":\"https:\/\/www.estrategiaconcursos.com.br\/blog\/#\/schema\/person\/1a7a7af72da82939a6308b2ee292162b\",\"name\":\"Renan Araujo\",\"image\":{\"@type\":\"ImageObject\",\"inLanguage\":\"pt-BR\",\"@id\":\"https:\/\/secure.gravatar.com\/avatar\/ca6cb9ba5a547fbe93c05c63d6103dff6c2566555a601f1efb8590a69fb9ed76?s=96&d=mm&r=g\",\"url\":\"https:\/\/secure.gravatar.com\/avatar\/ca6cb9ba5a547fbe93c05c63d6103dff6c2566555a601f1efb8590a69fb9ed76?s=96&d=mm&r=g\",\"contentUrl\":\"https:\/\/secure.gravatar.com\/avatar\/ca6cb9ba5a547fbe93c05c63d6103dff6c2566555a601f1efb8590a69fb9ed76?s=96&d=mm&r=g\",\"caption\":\"Renan Araujo\"},\"url\":\"https:\/\/www.estrategiaconcursos.com.br\/blog\/author\/renanaraujoestrategiaconcursos-com-br\/\"}]}<\/script>\n<!-- \/ Yoast SEO Premium plugin. -->","yoast_head_json":{"title":"TJ-RO coment\u00e1rios processo penal recurso","description":"TJ-RO coment\u00e1rios processo penal recurso","robots":{"index":"index","follow":"follow","max-snippet":"max-snippet:-1","max-image-preview":"max-image-preview:large","max-video-preview":"max-video-preview:-1"},"canonical":"https:\/\/www.estrategiaconcursos.com.br\/blog\/tj-ro-comentarios-as-questoes-de-processo-penal-tem-recurso\/","og_locale":"pt_BR","og_type":"article","og_title":"TJ-RO - Coment\u00e1rios \u00e0s quest\u00f5es de processo penal (Tem RECURSO!)","og_description":"TJ-RO coment\u00e1rios processo penal recurso","og_url":"https:\/\/www.estrategiaconcursos.com.br\/blog\/tj-ro-comentarios-as-questoes-de-processo-penal-tem-recurso\/","og_site_name":"Estrat\u00e9gia Concursos","article_published_time":"2015-09-24T00:59:24+00:00","article_modified_time":"2021-02-09T11:32:12+00:00","author":"Renan Araujo","twitter_card":"summary_large_image","twitter_creator":"@EstratConcursos","twitter_site":"@EstratConcursos","twitter_misc":{"Escrito por":"Renan Araujo","Est. tempo de leitura":"7 minutos"},"schema":{"@context":"https:\/\/schema.org","@graph":[{"@type":"NewsArticle","@id":"https:\/\/www.estrategiaconcursos.com.br\/blog\/tj-ro-comentarios-as-questoes-de-processo-penal-tem-recurso\/#article","isPartOf":{"@id":"https:\/\/www.estrategiaconcursos.com.br\/blog\/tj-ro-comentarios-as-questoes-de-processo-penal-tem-recurso\/"},"author":{"name":"Renan Araujo","@id":"https:\/\/www.estrategiaconcursos.com.br\/blog\/#\/schema\/person\/1a7a7af72da82939a6308b2ee292162b"},"headline":"TJ-RO &#8211; Coment\u00e1rios \u00e0s quest\u00f5es de processo penal (Tem RECURSO!)","datePublished":"2015-09-24T00:59:24+00:00","dateModified":"2021-02-09T11:32:12+00:00","mainEntityOfPage":{"@id":"https:\/\/www.estrategiaconcursos.com.br\/blog\/tj-ro-comentarios-as-questoes-de-processo-penal-tem-recurso\/"},"wordCount":1431,"commentCount":1,"publisher":{"@id":"https:\/\/www.estrategiaconcursos.com.br\/blog\/#organization"},"keywords":["Recurso","TJ-RO"],"articleSection":["Tribunais"],"inLanguage":"pt-BR","potentialAction":[{"@type":"CommentAction","name":"Comment","target":["https:\/\/www.estrategiaconcursos.com.br\/blog\/tj-ro-comentarios-as-questoes-de-processo-penal-tem-recurso\/#respond"]}],"copyrightYear":"2015","copyrightHolder":{"@id":"https:\/\/www.estrategiaconcursos.com.br\/blog\/#organization"}},{"@type":"WebPage","@id":"https:\/\/www.estrategiaconcursos.com.br\/blog\/tj-ro-comentarios-as-questoes-de-processo-penal-tem-recurso\/","url":"https:\/\/www.estrategiaconcursos.com.br\/blog\/tj-ro-comentarios-as-questoes-de-processo-penal-tem-recurso\/","name":"TJ-RO coment\u00e1rios processo penal recurso","isPartOf":{"@id":"https:\/\/www.estrategiaconcursos.com.br\/blog\/#website"},"datePublished":"2015-09-24T00:59:24+00:00","dateModified":"2021-02-09T11:32:12+00:00","description":"TJ-RO coment\u00e1rios processo penal recurso","breadcrumb":{"@id":"https:\/\/www.estrategiaconcursos.com.br\/blog\/tj-ro-comentarios-as-questoes-de-processo-penal-tem-recurso\/#breadcrumb"},"inLanguage":"pt-BR","potentialAction":[{"@type":"ReadAction","target":["https:\/\/www.estrategiaconcursos.com.br\/blog\/tj-ro-comentarios-as-questoes-de-processo-penal-tem-recurso\/"]}]},{"@type":"BreadcrumbList","@id":"https:\/\/www.estrategiaconcursos.com.br\/blog\/tj-ro-comentarios-as-questoes-de-processo-penal-tem-recurso\/#breadcrumb","itemListElement":[{"@type":"ListItem","position":1,"name":"In\u00edcio","item":"https:\/\/www.estrategiaconcursos.com.br\/blog\/"},{"@type":"ListItem","position":2,"name":"TJ-RO &#8211; Coment\u00e1rios \u00e0s quest\u00f5es de processo penal (Tem RECURSO!)"}]},{"@type":"WebSite","@id":"https:\/\/www.estrategiaconcursos.com.br\/blog\/#website","url":"https:\/\/www.estrategiaconcursos.com.br\/blog\/","name":"Estrat\u00e9gia Concursos","description":"O blog da Estrat\u00e9gia Concursos traz not\u00edcias sobre concursos e artigos de professores oferecendo cursos para concursos (pdf + videaulas) no site.","publisher":{"@id":"https:\/\/www.estrategiaconcursos.com.br\/blog\/#organization"},"potentialAction":[{"@type":"SearchAction","target":{"@type":"EntryPoint","urlTemplate":"https:\/\/www.estrategiaconcursos.com.br\/blog\/?s={search_term_string}"},"query-input":{"@type":"PropertyValueSpecification","valueRequired":true,"valueName":"search_term_string"}}],"inLanguage":"pt-BR"},{"@type":"Organization","@id":"https:\/\/www.estrategiaconcursos.com.br\/blog\/#organization","name":"Estrat\u00e9gia Concursos","url":"https:\/\/www.estrategiaconcursos.com.br\/blog\/","logo":{"@type":"ImageObject","inLanguage":"pt-BR","@id":"https:\/\/www.estrategiaconcursos.com.br\/blog\/#\/schema\/logo\/image\/","url":"https:\/\/dhg1h5j42swfq.cloudfront.net\/2025\/06\/03203428\/logo_concursos-1.jpg","contentUrl":"https:\/\/dhg1h5j42swfq.cloudfront.net\/2025\/06\/03203428\/logo_concursos-1.jpg","width":230,"height":60,"caption":"Estrat\u00e9gia Concursos"},"image":{"@id":"https:\/\/www.estrategiaconcursos.com.br\/blog\/#\/schema\/logo\/image\/"},"sameAs":["https:\/\/x.com\/EstratConcursos"]},{"@type":"Person","@id":"https:\/\/www.estrategiaconcursos.com.br\/blog\/#\/schema\/person\/1a7a7af72da82939a6308b2ee292162b","name":"Renan Araujo","image":{"@type":"ImageObject","inLanguage":"pt-BR","@id":"https:\/\/secure.gravatar.com\/avatar\/ca6cb9ba5a547fbe93c05c63d6103dff6c2566555a601f1efb8590a69fb9ed76?s=96&d=mm&r=g","url":"https:\/\/secure.gravatar.com\/avatar\/ca6cb9ba5a547fbe93c05c63d6103dff6c2566555a601f1efb8590a69fb9ed76?s=96&d=mm&r=g","contentUrl":"https:\/\/secure.gravatar.com\/avatar\/ca6cb9ba5a547fbe93c05c63d6103dff6c2566555a601f1efb8590a69fb9ed76?s=96&d=mm&r=g","caption":"Renan Araujo"},"url":"https:\/\/www.estrategiaconcursos.com.br\/blog\/author\/renanaraujoestrategiaconcursos-com-br\/"}]}},"_links":{"self":[{"href":"https:\/\/www.estrategiaconcursos.com.br\/blog\/wp-json\/wp\/v2\/posts\/27401","targetHints":{"allow":["GET"]}}],"collection":[{"href":"https:\/\/www.estrategiaconcursos.com.br\/blog\/wp-json\/wp\/v2\/posts"}],"about":[{"href":"https:\/\/www.estrategiaconcursos.com.br\/blog\/wp-json\/wp\/v2\/types\/post"}],"author":[{"embeddable":true,"href":"https:\/\/www.estrategiaconcursos.com.br\/blog\/wp-json\/wp\/v2\/users\/39"}],"replies":[{"embeddable":true,"href":"https:\/\/www.estrategiaconcursos.com.br\/blog\/wp-json\/wp\/v2\/comments?post=27401"}],"version-history":[{"count":3,"href":"https:\/\/www.estrategiaconcursos.com.br\/blog\/wp-json\/wp\/v2\/posts\/27401\/revisions"}],"predecessor-version":[{"id":668555,"href":"https:\/\/www.estrategiaconcursos.com.br\/blog\/wp-json\/wp\/v2\/posts\/27401\/revisions\/668555"}],"wp:attachment":[{"href":"https:\/\/www.estrategiaconcursos.com.br\/blog\/wp-json\/wp\/v2\/media?parent=27401"}],"wp:term":[{"taxonomy":"category","embeddable":true,"href":"https:\/\/www.estrategiaconcursos.com.br\/blog\/wp-json\/wp\/v2\/categories?post=27401"},{"taxonomy":"post_tag","embeddable":true,"href":"https:\/\/www.estrategiaconcursos.com.br\/blog\/wp-json\/wp\/v2\/tags?post=27401"},{"taxonomy":"tax_estado","embeddable":true,"href":"https:\/\/www.estrategiaconcursos.com.br\/blog\/wp-json\/wp\/v2\/tax_estado?post=27401"}],"curies":[{"name":"wp","href":"https:\/\/api.w.org\/{rel}","templated":true}]}}