{"id":27347,"date":"2015-09-22T15:23:16","date_gmt":"2015-09-22T18:23:16","guid":{"rendered":"http:\/\/www.estrategiaconcursos.com.br\/blog\/?p=27347"},"modified":"2015-09-22T15:27:35","modified_gmt":"2015-09-22T18:27:35","slug":"definida-a-banca-organizadora-do-concurso-tre-rs-edital-em-breve","status":"publish","type":"post","link":"https:\/\/www.estrategiaconcursos.com.br\/blog\/definida-a-banca-organizadora-do-concurso-tre-rs-edital-em-breve\/","title":{"rendered":"Definida a banca organizadora do concurso TRE-RS. Edital em breve!"},"content":{"rendered":"<p style=\"text-align: justify;\"><span style=\"color: #000000;\"><a href=\"https:\/\/dhg1h5j42swfq.cloudfront.net\/2015\/09\/22152252\/concurso-TRE-RS.jpg\"><img loading=\"lazy\" decoding=\"async\" class=\"alignleft wp-image-27356 size-medium\" src=\"https:\/\/dhg1h5j42swfq.cloudfront.net\/2015\/09\/22152252\/concurso-TRE-RS-300x62.jpg\" alt=\"concurso TRE-RS\" width=\"300\" height=\"62\" srcset=\"https:\/\/dhg1h5j42swfq.cloudfront.net\/2015\/09\/22152252\/concurso-TRE-RS.jpg 300w, https:\/\/dhg1h5j42swfq.cloudfront.net\/2015\/09\/22152252\/concurso-TRE-RS.jpg 500w, https:\/\/dhg1h5j42swfq.cloudfront.net\/2015\/09\/22152252\/concurso-TRE-RS.jpg 554w\" sizes=\"auto, (max-width: 300px) 100vw, 300px\" \/><\/a>Foi publicado, na \u00faltima semana, o extrato de dispensa de licita\u00e7\u00e3o onde o Tribunal Regional Eleitoral do Rio Grande do Sul\u00a0contrata o CESPE\/UnB para organizar o pr\u00f3ximo certame.\u00a0Com a banca definida,\u00a0a previs\u00e3o \u00e9 de que o edital do <a href=\"https:\/\/www.estrategiaconcursos.com.br\/cursosPorConcurso\/tre-rs-tribunal-regional-eleitoral-do-rio-grande-do-sul-425\/\">concurso TRE-RS<\/a>\u00a0seja publicado ainda esse m\u00eas ou, no mais tardar, em outubro. O tempo at\u00e9 a aplica\u00e7\u00e3o das provas deve ser de dois meses, por isso os interessados neste certame devem acentuar seu ritmo de estudo.<\/span><\/p>\n<p style=\"text-align: justify;\"><span style=\"color: #000000;\">O concurso TRE-RS oferecer\u00e1 vagas para cargos de n\u00edvel t\u00e9cnico e superior e a previs\u00e3o \u00e9 de que as provas sejam aplicadas em Porto Alegre.<\/span><\/p>\n<p style=\"text-align: justify;\"><span style=\"color: #000000;\">Confira a\u00a0dispensa de licita\u00e7\u00e3o publicada no DOU:<\/span><\/p>\n<p style=\"text-align: center;\"><span style=\"color: #000000;\">TRIBUNAL REGIONAL ELEITORAL DO RIO\u00a0GRANDE DO SUL<\/span><\/p>\n<p style=\"text-align: center;\"><span style=\"color: #000000;\">SECRETARIA DE ADMINISTRA\u00c7\u00c3O<\/span><\/p>\n<p style=\"text-align: center;\"><span style=\"color: #000000;\">EXTRATO DE DISPENSA DE LICITA\u00c7\u00c3O<\/span><\/p>\n<p style=\"text-align: justify;\"><span style=\"color: #000000;\">PROCESSO ELETR\u00d4NICO: 794\/2014. OBJETO: Contrata\u00e7\u00e3o de\u00a0presta\u00e7\u00e3o de servi\u00e7os t\u00e9cnico-especializados para organiza\u00e7\u00e3o e realiza\u00e7\u00e3o\u00a0de concurso p\u00fablico visando ao provimento de cargos efetivos\u00a0vagos do Quadro de Pessoal do Tribunal Regional Eleitoral do Rio\u00a0Grande do Sul. <\/span><\/p>\n<p style=\"text-align: justify;\"><span style=\"color: #000000;\">CONTRATADO:\u00a0<strong>Centro Brasileiro de Pesquisa em\u00a0<\/strong><strong>Avalia\u00e7\u00e3o e Sele\u00e7\u00e3o e de Promo\u00e7\u00e3o de Eventos (CEBRASPE)<\/strong>. CNPJ:\u00a018.284.407\/0001-53.\u00a0VALOR ESTIMATIVO: R$ 2.500.000,00. FUNDAMENTA\u00c7\u00c3O\u00a0LEGAL: Arts. 24, XIII, e 26, da Lei n. 8.666\/93.\u00a0CLASSIFICA\u00c7\u00c3O OR\u00c7AMENT\u00c1RIA:\u00a0A\u00e7\u00e3o:\u00a002.122.0570.20GP.0043 &#8211; Julgamento de Causas e Gest\u00e3o Administrativa\u00a0na Justi\u00e7a Eleitoral &#8211; no Estado do Rio Grande do Sul. Elemento:\u00a03390.39 &#8211; Outros Servi\u00e7os de Terceiros &#8211; Pessoa Jur\u00eddica.\u00a0Plano: 0001 &#8211; Julgamento de Causas e Gest\u00e3o Administrativa, fonte\u00a00150.\u00a0DISPENSA DE LICITA\u00c7\u00c3O: Desembargador Luiz Felipe Brasil\u00a0Santos &#8211; Presidente TRE-RS. Ratifica\u00e7\u00e3o: Pleno TRE-RS &#8211;\u00a010.09.2015.<\/span><\/p>\n<p style=\"text-align: justify;\"><span style=\"color: #000000;\"><strong>\u00daltimo Concurso TRE-RS<\/strong><\/span><\/p>\n<p style=\"text-align: justify;\"><span style=\"color: #000000;\">O \u00faltimo concurso TRE-RS aconteceu em 2010 e foi organizado pela FCC. Na ocasi\u00e3o foram ofertadas 42 vagas, sendo 27 para analista e 15 para t\u00e9cnico. A expectativa \u00e9 de que o pr\u00f3ximo concurso ofere\u00e7a mais ou menos o mesmo n\u00famero de oportunidades.<\/span><\/p>\n<p style=\"text-align: justify;\"><span style=\"color: #000000;\">O sal\u00e1rio oferecido para os cargos de T\u00e9cnico e Analista Judici\u00e1rio, do quadro permanente de pessoal do Tribunal, eram de R$ 4.052,96 e R$ 6.611,39, respectivamente.<\/span><\/p>\n<p style=\"text-align: justify;\"><span style=\"color: #000000;\">As avalia\u00e7\u00f5es foram feitas por meio de provas objetivas e prova discursiva para candidatos de n\u00edvel superior. As provas objetivas foram sobre conhecimentos gerais e espec\u00edficos, divididos nas seguintes \u00e1reas: L\u00edngua Portuguesa, Normas Aplic\u00e1veis aos Servidores P\u00fablicos Federais, No\u00e7\u00f5es de Inform\u00e1tica, No\u00e7\u00f5es de Direito Eleitoral e No\u00e7\u00f5es de Direito Administrativo.<\/span><\/p>\n<p style=\"text-align: justify;\"><span style=\"color: #000000;\"><strong>O Estrat\u00e9gia Concursos j\u00e1 lan\u00e7ou cursos para o concurso TRE-RS. Confira em:<\/strong><\/span><\/p>\n<p><a href=\"https:\/\/www.estrategiaconcursos.com.br\/cursosPorConcurso\/tre-rs-tribunal-regional-eleitoral-do-rio-grande-do-sul-425\/\">https:\/\/www.estrategiaconcursos.com.br\/cursosPorConcurso\/tre-rs-tribunal-regional-eleitoral-do-rio-grande-do-sul-425\/<\/a><\/p>\n<p><span style=\"color: #000000;\">Assessoria de Comunica\u00e7\u00e3o<\/span><\/p>\n<p><span style=\"color: #000000;\">comunicacao@estrategiaconcursos.com.br<\/span><\/p>\n","protected":false},"excerpt":{"rendered":"<p>Foi publicado, na \u00faltima semana, o extrato de dispensa de licita\u00e7\u00e3o onde o Tribunal Regional Eleitoral do Rio Grande do Sul\u00a0contrata o CESPE\/UnB para organizar o pr\u00f3ximo certame.\u00a0Com a banca definida,\u00a0a previs\u00e3o \u00e9 de que o edital do concurso TRE-RS\u00a0seja publicado ainda esse m\u00eas ou, no mais tardar, em outubro. O tempo at\u00e9 a aplica\u00e7\u00e3o [&hellip;]<\/p>\n","protected":false},"author":1,"featured_media":0,"comment_status":"open","ping_status":"open","sticky":false,"template":"","format":"standard","meta":{"post_tipo":"news","footnotes":""},"categories":[1],"tags":[1007],"tax_estado":[],"class_list":["post-27347","post","type-post","status-publish","format-standard","hentry","category-cursos-e-concursos","tag-tre-rs"],"acf":[],"yoast_head":"<!-- This site is optimized with the Yoast SEO Premium plugin v27.2 (Yoast SEO v27.2) - https:\/\/yoast.com\/product\/yoast-seo-premium-wordpress\/ -->\n<title>Definida a banca organizadora do concurso TRE-RS. Edital em breve!<\/title>\n<meta name=\"description\" content=\"Com a banca definida a previs\u00e3o \u00e9 de que o edital do concurso TRE-RS seja publicado ainda esse m\u00eas ou, no mais tardar, em outubro.\" \/>\n<meta name=\"robots\" content=\"index, follow, max-snippet:-1, max-image-preview:large, max-video-preview:-1\" \/>\n<link rel=\"canonical\" href=\"https:\/\/www.estrategiaconcursos.com.br\/blog\/definida-a-banca-organizadora-do-concurso-tre-rs-edital-em-breve\/\" \/>\n<meta property=\"og:locale\" content=\"pt_BR\" \/>\n<meta property=\"og:type\" content=\"article\" \/>\n<meta property=\"og:title\" content=\"Definida a banca organizadora do concurso TRE-RS. Edital em breve!\" \/>\n<meta property=\"og:description\" content=\"Com a banca definida a previs\u00e3o \u00e9 de que o edital do concurso TRE-RS seja publicado ainda esse m\u00eas ou, no mais tardar, em outubro.\" \/>\n<meta property=\"og:url\" content=\"https:\/\/www.estrategiaconcursos.com.br\/blog\/definida-a-banca-organizadora-do-concurso-tre-rs-edital-em-breve\/\" \/>\n<meta property=\"og:site_name\" content=\"Estrat\u00e9gia Concursos\" \/>\n<meta property=\"article:author\" content=\"https:\/\/www.facebook.com\/EstrategiaConcursos\" \/>\n<meta property=\"article:published_time\" content=\"2015-09-22T18:23:16+00:00\" \/>\n<meta property=\"article:modified_time\" content=\"2015-09-22T18:27:35+00:00\" \/>\n<meta property=\"og:image\" content=\"https:\/\/dhg1h5j42swfq.cloudfront.net\/2015\/09\/22152252\/concurso-TRE-RS-300x62.jpg\" \/>\n<meta name=\"author\" content=\"Coordena\u00e7\u00e3o\" \/>\n<meta name=\"twitter:card\" content=\"summary_large_image\" \/>\n<meta name=\"twitter:creator\" content=\"@EstratConcursos\" \/>\n<meta name=\"twitter:site\" content=\"@EstratConcursos\" \/>\n<meta name=\"twitter:label1\" content=\"Escrito por\" \/>\n\t<meta name=\"twitter:data1\" content=\"Coordena\u00e7\u00e3o\" \/>\n\t<meta name=\"twitter:label2\" content=\"Est. tempo de leitura\" \/>\n\t<meta name=\"twitter:data2\" content=\"2 minutos\" \/>\n<script type=\"application\/ld+json\" class=\"yoast-schema-graph\">{\"@context\":\"https:\/\/schema.org\",\"@graph\":[{\"@type\":\"NewsArticle\",\"@id\":\"https:\/\/www.estrategiaconcursos.com.br\/blog\/definida-a-banca-organizadora-do-concurso-tre-rs-edital-em-breve\/#article\",\"isPartOf\":{\"@id\":\"https:\/\/www.estrategiaconcursos.com.br\/blog\/definida-a-banca-organizadora-do-concurso-tre-rs-edital-em-breve\/\"},\"author\":{\"name\":\"Coordena\u00e7\u00e3o\",\"@id\":\"https:\/\/www.estrategiaconcursos.com.br\/blog\/#\/schema\/person\/b4a388c97673c5f483d72185668afa1f\"},\"headline\":\"Definida a banca organizadora do concurso TRE-RS. Edital em breve!\",\"datePublished\":\"2015-09-22T18:23:16+00:00\",\"dateModified\":\"2015-09-22T18:27:35+00:00\",\"mainEntityOfPage\":{\"@id\":\"https:\/\/www.estrategiaconcursos.com.br\/blog\/definida-a-banca-organizadora-do-concurso-tre-rs-edital-em-breve\/\"},\"wordCount\":451,\"commentCount\":1,\"publisher\":{\"@id\":\"https:\/\/www.estrategiaconcursos.com.br\/blog\/#organization\"},\"image\":{\"@id\":\"https:\/\/www.estrategiaconcursos.com.br\/blog\/definida-a-banca-organizadora-do-concurso-tre-rs-edital-em-breve\/#primaryimage\"},\"thumbnailUrl\":\"https:\/\/dhg1h5j42swfq.cloudfront.net\/2015\/09\/22152252\/concurso-TRE-RS-300x62.jpg\",\"keywords\":[\"TRE-RS\"],\"articleSection\":[\"Concursos P\u00fablicos\"],\"inLanguage\":\"pt-BR\",\"potentialAction\":[{\"@type\":\"CommentAction\",\"name\":\"Comment\",\"target\":[\"https:\/\/www.estrategiaconcursos.com.br\/blog\/definida-a-banca-organizadora-do-concurso-tre-rs-edital-em-breve\/#respond\"]}],\"copyrightYear\":\"2015\",\"copyrightHolder\":{\"@id\":\"https:\/\/www.estrategiaconcursos.com.br\/blog\/#organization\"}},{\"@type\":\"WebPage\",\"@id\":\"https:\/\/www.estrategiaconcursos.com.br\/blog\/definida-a-banca-organizadora-do-concurso-tre-rs-edital-em-breve\/\",\"url\":\"https:\/\/www.estrategiaconcursos.com.br\/blog\/definida-a-banca-organizadora-do-concurso-tre-rs-edital-em-breve\/\",\"name\":\"Definida a banca organizadora do concurso TRE-RS. Edital em breve!\",\"isPartOf\":{\"@id\":\"https:\/\/www.estrategiaconcursos.com.br\/blog\/#website\"},\"primaryImageOfPage\":{\"@id\":\"https:\/\/www.estrategiaconcursos.com.br\/blog\/definida-a-banca-organizadora-do-concurso-tre-rs-edital-em-breve\/#primaryimage\"},\"image\":{\"@id\":\"https:\/\/www.estrategiaconcursos.com.br\/blog\/definida-a-banca-organizadora-do-concurso-tre-rs-edital-em-breve\/#primaryimage\"},\"thumbnailUrl\":\"https:\/\/dhg1h5j42swfq.cloudfront.net\/2015\/09\/22152252\/concurso-TRE-RS-300x62.jpg\",\"datePublished\":\"2015-09-22T18:23:16+00:00\",\"dateModified\":\"2015-09-22T18:27:35+00:00\",\"description\":\"Com a banca definida a previs\u00e3o \u00e9 de que o edital do concurso TRE-RS seja publicado ainda esse m\u00eas ou, no mais tardar, em outubro.\",\"breadcrumb\":{\"@id\":\"https:\/\/www.estrategiaconcursos.com.br\/blog\/definida-a-banca-organizadora-do-concurso-tre-rs-edital-em-breve\/#breadcrumb\"},\"inLanguage\":\"pt-BR\",\"potentialAction\":[{\"@type\":\"ReadAction\",\"target\":[\"https:\/\/www.estrategiaconcursos.com.br\/blog\/definida-a-banca-organizadora-do-concurso-tre-rs-edital-em-breve\/\"]}]},{\"@type\":\"ImageObject\",\"inLanguage\":\"pt-BR\",\"@id\":\"https:\/\/www.estrategiaconcursos.com.br\/blog\/definida-a-banca-organizadora-do-concurso-tre-rs-edital-em-breve\/#primaryimage\",\"url\":\"https:\/\/dhg1h5j42swfq.cloudfront.net\/2015\/09\/22152252\/concurso-TRE-RS-300x62.jpg\",\"contentUrl\":\"https:\/\/dhg1h5j42swfq.cloudfront.net\/2015\/09\/22152252\/concurso-TRE-RS-300x62.jpg\"},{\"@type\":\"BreadcrumbList\",\"@id\":\"https:\/\/www.estrategiaconcursos.com.br\/blog\/definida-a-banca-organizadora-do-concurso-tre-rs-edital-em-breve\/#breadcrumb\",\"itemListElement\":[{\"@type\":\"ListItem\",\"position\":1,\"name\":\"In\u00edcio\",\"item\":\"https:\/\/www.estrategiaconcursos.com.br\/blog\/\"},{\"@type\":\"ListItem\",\"position\":2,\"name\":\"Definida a banca organizadora do concurso TRE-RS. Edital em breve!\"}]},{\"@type\":\"WebSite\",\"@id\":\"https:\/\/www.estrategiaconcursos.com.br\/blog\/#website\",\"url\":\"https:\/\/www.estrategiaconcursos.com.br\/blog\/\",\"name\":\"Estrat\u00e9gia Concursos\",\"description\":\"O blog da Estrat\u00e9gia Concursos traz not\u00edcias sobre concursos e artigos de professores oferecendo cursos para concursos (pdf + videaulas) no site.\",\"publisher\":{\"@id\":\"https:\/\/www.estrategiaconcursos.com.br\/blog\/#organization\"},\"potentialAction\":[{\"@type\":\"SearchAction\",\"target\":{\"@type\":\"EntryPoint\",\"urlTemplate\":\"https:\/\/www.estrategiaconcursos.com.br\/blog\/?s={search_term_string}\"},\"query-input\":{\"@type\":\"PropertyValueSpecification\",\"valueRequired\":true,\"valueName\":\"search_term_string\"}}],\"inLanguage\":\"pt-BR\"},{\"@type\":\"Organization\",\"@id\":\"https:\/\/www.estrategiaconcursos.com.br\/blog\/#organization\",\"name\":\"Estrat\u00e9gia Concursos\",\"url\":\"https:\/\/www.estrategiaconcursos.com.br\/blog\/\",\"logo\":{\"@type\":\"ImageObject\",\"inLanguage\":\"pt-BR\",\"@id\":\"https:\/\/www.estrategiaconcursos.com.br\/blog\/#\/schema\/logo\/image\/\",\"url\":\"https:\/\/dhg1h5j42swfq.cloudfront.net\/2025\/06\/03203428\/logo_concursos-1.jpg\",\"contentUrl\":\"https:\/\/dhg1h5j42swfq.cloudfront.net\/2025\/06\/03203428\/logo_concursos-1.jpg\",\"width\":230,\"height\":60,\"caption\":\"Estrat\u00e9gia Concursos\"},\"image\":{\"@id\":\"https:\/\/www.estrategiaconcursos.com.br\/blog\/#\/schema\/logo\/image\/\"},\"sameAs\":[\"https:\/\/x.com\/EstratConcursos\"]},{\"@type\":\"Person\",\"@id\":\"https:\/\/www.estrategiaconcursos.com.br\/blog\/#\/schema\/person\/b4a388c97673c5f483d72185668afa1f\",\"name\":\"Coordena\u00e7\u00e3o\",\"image\":{\"@type\":\"ImageObject\",\"inLanguage\":\"pt-BR\",\"@id\":\"https:\/\/secure.gravatar.com\/avatar\/b720319e4c9a967eb58678d110f4fe35452fc5d5f97b202bac7b8acceb18c6ad?s=96&d=mm&r=g\",\"url\":\"https:\/\/secure.gravatar.com\/avatar\/b720319e4c9a967eb58678d110f4fe35452fc5d5f97b202bac7b8acceb18c6ad?s=96&d=mm&r=g\",\"contentUrl\":\"https:\/\/secure.gravatar.com\/avatar\/b720319e4c9a967eb58678d110f4fe35452fc5d5f97b202bac7b8acceb18c6ad?s=96&d=mm&r=g\",\"caption\":\"Coordena\u00e7\u00e3o\"},\"sameAs\":[\"https:\/\/www.facebook.com\/EstrategiaConcursos\",\"https:\/\/x.com\/EstratConcursos\"],\"url\":\"https:\/\/www.estrategiaconcursos.com.br\/blog\/author\/estrategia2013\/\"}]}<\/script>\n<!-- \/ Yoast SEO Premium plugin. -->","yoast_head_json":{"title":"Definida a banca organizadora do concurso TRE-RS. Edital em breve!","description":"Com a banca definida a previs\u00e3o \u00e9 de que o edital do concurso TRE-RS seja publicado ainda esse m\u00eas ou, no mais tardar, em outubro.","robots":{"index":"index","follow":"follow","max-snippet":"max-snippet:-1","max-image-preview":"max-image-preview:large","max-video-preview":"max-video-preview:-1"},"canonical":"https:\/\/www.estrategiaconcursos.com.br\/blog\/definida-a-banca-organizadora-do-concurso-tre-rs-edital-em-breve\/","og_locale":"pt_BR","og_type":"article","og_title":"Definida a banca organizadora do concurso TRE-RS. Edital em breve!","og_description":"Com a banca definida a previs\u00e3o \u00e9 de que o edital do concurso TRE-RS seja publicado ainda esse m\u00eas ou, no mais tardar, em outubro.","og_url":"https:\/\/www.estrategiaconcursos.com.br\/blog\/definida-a-banca-organizadora-do-concurso-tre-rs-edital-em-breve\/","og_site_name":"Estrat\u00e9gia Concursos","article_author":"https:\/\/www.facebook.com\/EstrategiaConcursos","article_published_time":"2015-09-22T18:23:16+00:00","article_modified_time":"2015-09-22T18:27:35+00:00","og_image":[{"url":"https:\/\/dhg1h5j42swfq.cloudfront.net\/2015\/09\/22152252\/concurso-TRE-RS-300x62.jpg","type":"","width":"","height":""}],"author":"Coordena\u00e7\u00e3o","twitter_card":"summary_large_image","twitter_creator":"@EstratConcursos","twitter_site":"@EstratConcursos","twitter_misc":{"Escrito por":"Coordena\u00e7\u00e3o","Est. tempo de leitura":"2 minutos"},"schema":{"@context":"https:\/\/schema.org","@graph":[{"@type":"NewsArticle","@id":"https:\/\/www.estrategiaconcursos.com.br\/blog\/definida-a-banca-organizadora-do-concurso-tre-rs-edital-em-breve\/#article","isPartOf":{"@id":"https:\/\/www.estrategiaconcursos.com.br\/blog\/definida-a-banca-organizadora-do-concurso-tre-rs-edital-em-breve\/"},"author":{"name":"Coordena\u00e7\u00e3o","@id":"https:\/\/www.estrategiaconcursos.com.br\/blog\/#\/schema\/person\/b4a388c97673c5f483d72185668afa1f"},"headline":"Definida a banca organizadora do concurso TRE-RS. Edital em breve!","datePublished":"2015-09-22T18:23:16+00:00","dateModified":"2015-09-22T18:27:35+00:00","mainEntityOfPage":{"@id":"https:\/\/www.estrategiaconcursos.com.br\/blog\/definida-a-banca-organizadora-do-concurso-tre-rs-edital-em-breve\/"},"wordCount":451,"commentCount":1,"publisher":{"@id":"https:\/\/www.estrategiaconcursos.com.br\/blog\/#organization"},"image":{"@id":"https:\/\/www.estrategiaconcursos.com.br\/blog\/definida-a-banca-organizadora-do-concurso-tre-rs-edital-em-breve\/#primaryimage"},"thumbnailUrl":"https:\/\/dhg1h5j42swfq.cloudfront.net\/2015\/09\/22152252\/concurso-TRE-RS-300x62.jpg","keywords":["TRE-RS"],"articleSection":["Concursos P\u00fablicos"],"inLanguage":"pt-BR","potentialAction":[{"@type":"CommentAction","name":"Comment","target":["https:\/\/www.estrategiaconcursos.com.br\/blog\/definida-a-banca-organizadora-do-concurso-tre-rs-edital-em-breve\/#respond"]}],"copyrightYear":"2015","copyrightHolder":{"@id":"https:\/\/www.estrategiaconcursos.com.br\/blog\/#organization"}},{"@type":"WebPage","@id":"https:\/\/www.estrategiaconcursos.com.br\/blog\/definida-a-banca-organizadora-do-concurso-tre-rs-edital-em-breve\/","url":"https:\/\/www.estrategiaconcursos.com.br\/blog\/definida-a-banca-organizadora-do-concurso-tre-rs-edital-em-breve\/","name":"Definida a banca organizadora do concurso TRE-RS. Edital em breve!","isPartOf":{"@id":"https:\/\/www.estrategiaconcursos.com.br\/blog\/#website"},"primaryImageOfPage":{"@id":"https:\/\/www.estrategiaconcursos.com.br\/blog\/definida-a-banca-organizadora-do-concurso-tre-rs-edital-em-breve\/#primaryimage"},"image":{"@id":"https:\/\/www.estrategiaconcursos.com.br\/blog\/definida-a-banca-organizadora-do-concurso-tre-rs-edital-em-breve\/#primaryimage"},"thumbnailUrl":"https:\/\/dhg1h5j42swfq.cloudfront.net\/2015\/09\/22152252\/concurso-TRE-RS-300x62.jpg","datePublished":"2015-09-22T18:23:16+00:00","dateModified":"2015-09-22T18:27:35+00:00","description":"Com a banca definida a previs\u00e3o \u00e9 de que o edital do concurso TRE-RS seja publicado ainda esse m\u00eas ou, no mais tardar, em outubro.","breadcrumb":{"@id":"https:\/\/www.estrategiaconcursos.com.br\/blog\/definida-a-banca-organizadora-do-concurso-tre-rs-edital-em-breve\/#breadcrumb"},"inLanguage":"pt-BR","potentialAction":[{"@type":"ReadAction","target":["https:\/\/www.estrategiaconcursos.com.br\/blog\/definida-a-banca-organizadora-do-concurso-tre-rs-edital-em-breve\/"]}]},{"@type":"ImageObject","inLanguage":"pt-BR","@id":"https:\/\/www.estrategiaconcursos.com.br\/blog\/definida-a-banca-organizadora-do-concurso-tre-rs-edital-em-breve\/#primaryimage","url":"https:\/\/dhg1h5j42swfq.cloudfront.net\/2015\/09\/22152252\/concurso-TRE-RS-300x62.jpg","contentUrl":"https:\/\/dhg1h5j42swfq.cloudfront.net\/2015\/09\/22152252\/concurso-TRE-RS-300x62.jpg"},{"@type":"BreadcrumbList","@id":"https:\/\/www.estrategiaconcursos.com.br\/blog\/definida-a-banca-organizadora-do-concurso-tre-rs-edital-em-breve\/#breadcrumb","itemListElement":[{"@type":"ListItem","position":1,"name":"In\u00edcio","item":"https:\/\/www.estrategiaconcursos.com.br\/blog\/"},{"@type":"ListItem","position":2,"name":"Definida a banca organizadora do concurso TRE-RS. Edital em breve!"}]},{"@type":"WebSite","@id":"https:\/\/www.estrategiaconcursos.com.br\/blog\/#website","url":"https:\/\/www.estrategiaconcursos.com.br\/blog\/","name":"Estrat\u00e9gia Concursos","description":"O blog da Estrat\u00e9gia Concursos traz not\u00edcias sobre concursos e artigos de professores oferecendo cursos para concursos (pdf + videaulas) no site.","publisher":{"@id":"https:\/\/www.estrategiaconcursos.com.br\/blog\/#organization"},"potentialAction":[{"@type":"SearchAction","target":{"@type":"EntryPoint","urlTemplate":"https:\/\/www.estrategiaconcursos.com.br\/blog\/?s={search_term_string}"},"query-input":{"@type":"PropertyValueSpecification","valueRequired":true,"valueName":"search_term_string"}}],"inLanguage":"pt-BR"},{"@type":"Organization","@id":"https:\/\/www.estrategiaconcursos.com.br\/blog\/#organization","name":"Estrat\u00e9gia Concursos","url":"https:\/\/www.estrategiaconcursos.com.br\/blog\/","logo":{"@type":"ImageObject","inLanguage":"pt-BR","@id":"https:\/\/www.estrategiaconcursos.com.br\/blog\/#\/schema\/logo\/image\/","url":"https:\/\/dhg1h5j42swfq.cloudfront.net\/2025\/06\/03203428\/logo_concursos-1.jpg","contentUrl":"https:\/\/dhg1h5j42swfq.cloudfront.net\/2025\/06\/03203428\/logo_concursos-1.jpg","width":230,"height":60,"caption":"Estrat\u00e9gia Concursos"},"image":{"@id":"https:\/\/www.estrategiaconcursos.com.br\/blog\/#\/schema\/logo\/image\/"},"sameAs":["https:\/\/x.com\/EstratConcursos"]},{"@type":"Person","@id":"https:\/\/www.estrategiaconcursos.com.br\/blog\/#\/schema\/person\/b4a388c97673c5f483d72185668afa1f","name":"Coordena\u00e7\u00e3o","image":{"@type":"ImageObject","inLanguage":"pt-BR","@id":"https:\/\/secure.gravatar.com\/avatar\/b720319e4c9a967eb58678d110f4fe35452fc5d5f97b202bac7b8acceb18c6ad?s=96&d=mm&r=g","url":"https:\/\/secure.gravatar.com\/avatar\/b720319e4c9a967eb58678d110f4fe35452fc5d5f97b202bac7b8acceb18c6ad?s=96&d=mm&r=g","contentUrl":"https:\/\/secure.gravatar.com\/avatar\/b720319e4c9a967eb58678d110f4fe35452fc5d5f97b202bac7b8acceb18c6ad?s=96&d=mm&r=g","caption":"Coordena\u00e7\u00e3o"},"sameAs":["https:\/\/www.facebook.com\/EstrategiaConcursos","https:\/\/x.com\/EstratConcursos"],"url":"https:\/\/www.estrategiaconcursos.com.br\/blog\/author\/estrategia2013\/"}]}},"_links":{"self":[{"href":"https:\/\/www.estrategiaconcursos.com.br\/blog\/wp-json\/wp\/v2\/posts\/27347","targetHints":{"allow":["GET"]}}],"collection":[{"href":"https:\/\/www.estrategiaconcursos.com.br\/blog\/wp-json\/wp\/v2\/posts"}],"about":[{"href":"https:\/\/www.estrategiaconcursos.com.br\/blog\/wp-json\/wp\/v2\/types\/post"}],"author":[{"embeddable":true,"href":"https:\/\/www.estrategiaconcursos.com.br\/blog\/wp-json\/wp\/v2\/users\/1"}],"replies":[{"embeddable":true,"href":"https:\/\/www.estrategiaconcursos.com.br\/blog\/wp-json\/wp\/v2\/comments?post=27347"}],"version-history":[{"count":5,"href":"https:\/\/www.estrategiaconcursos.com.br\/blog\/wp-json\/wp\/v2\/posts\/27347\/revisions"}],"predecessor-version":[{"id":27362,"href":"https:\/\/www.estrategiaconcursos.com.br\/blog\/wp-json\/wp\/v2\/posts\/27347\/revisions\/27362"}],"wp:attachment":[{"href":"https:\/\/www.estrategiaconcursos.com.br\/blog\/wp-json\/wp\/v2\/media?parent=27347"}],"wp:term":[{"taxonomy":"category","embeddable":true,"href":"https:\/\/www.estrategiaconcursos.com.br\/blog\/wp-json\/wp\/v2\/categories?post=27347"},{"taxonomy":"post_tag","embeddable":true,"href":"https:\/\/www.estrategiaconcursos.com.br\/blog\/wp-json\/wp\/v2\/tags?post=27347"},{"taxonomy":"tax_estado","embeddable":true,"href":"https:\/\/www.estrategiaconcursos.com.br\/blog\/wp-json\/wp\/v2\/tax_estado?post=27347"}],"curies":[{"name":"wp","href":"https:\/\/api.w.org\/{rel}","templated":true}]}}