{"id":27281,"date":"2015-09-21T15:58:08","date_gmt":"2015-09-21T18:58:08","guid":{"rendered":"http:\/\/www.estrategiaconcursos.com.br\/blog\/?p=27281"},"modified":"2015-09-21T18:40:32","modified_gmt":"2015-09-21T21:40:32","slug":"prova-comentada-de-procurador-da-fazenda-nacional-2015-direito-financeiro","status":"publish","type":"post","link":"https:\/\/www.estrategiaconcursos.com.br\/blog\/prova-comentada-de-procurador-da-fazenda-nacional-2015-direito-financeiro\/","title":{"rendered":"Prova comentada de Procurador da Fazenda Nacional &#8211; 2015 &#8211; Direito Financeiro"},"content":{"rendered":"<p style=\"text-align: justify;\"><span style=\"color: #000000;\"><a href=\"https:\/\/dhg1h5j42swfq.cloudfront.net\/2015\/07\/Concurso-para-Procurador-da-Fazenda-Nacional.jpg\"><img loading=\"lazy\" decoding=\"async\" class=\" size-full wp-image-24467 alignleft\" src=\"https:\/\/dhg1h5j42swfq.cloudfront.net\/2015\/07\/Concurso-para-Procurador-da-Fazenda-Nacional.jpg\" alt=\"Concurso para Procurador da Fazenda Nacional\" width=\"180\" height=\"180\" srcset=\"https:\/\/dhg1h5j42swfq.cloudfront.net\/2015\/07\/Concurso-para-Procurador-da-Fazenda-Nacional.jpg 180w, https:\/\/dhg1h5j42swfq.cloudfront.net\/2015\/07\/Concurso-para-Procurador-da-Fazenda-Nacional.jpg 150w\" sizes=\"auto, (max-width: 180px) 100vw, 180px\" \/><\/a>Ol\u00e1 amigos! Como \u00e9 bom estar aqui!<\/span><\/p>\n<p style=\"text-align: justify;\"><span style=\"color: #000000;\">Segue a prova comentada de Direito Financeiro para Procurador da Fazenda Nacional de 2015.<\/span><\/p>\n<p style=\"text-align: justify;\"><span style=\"color: #99ccff;\">.<\/span><\/p>\n<p style=\"text-align: justify;\"><span style=\"color: #000000;\"><strong>25 &#8211; <\/strong><strong>(ESAF \u2013 Procurador da Fazenda Nacional \u2013 2015) <\/strong><strong>A amortiza\u00e7\u00e3o de juros de d\u00edvida que a Uni\u00e3o Federal porventura tenha efetuado a alguma institui\u00e7\u00e3o financeira ser\u00e1 alocada, em conson\u00e2ncia com a Lei n. 4.320\/64, como:<\/strong><\/span><\/p>\n<p style=\"text-align: justify;\"><span style=\"color: #000000;\"><strong>a) Despesa de custeio.<\/strong><\/span><\/p>\n<p style=\"text-align: justify;\"><span style=\"color: #000000;\"><strong>b) Investimento.<\/strong><\/span><\/p>\n<p style=\"text-align: justify;\"><span style=\"color: #000000;\"><strong>c) Invers\u00e3o financeira.<\/strong><\/span><\/p>\n<p style=\"text-align: justify;\"><span style=\"color: #000000;\"><strong>d) Transfer\u00eancia corrente.<\/strong><\/span><\/p>\n<p style=\"text-align: justify;\"><span style=\"color: #000000;\"><strong>e) Transfer\u00eancia de capital.<\/strong><\/span><\/p>\n<p style=\"text-align: justify;\">.<\/p>\n<p style=\"text-align: justify;\"><span style=\"color: #000000;\">Juros da D\u00edvida P\u00fablica s\u00e3o <strong>transfer\u00eancias correntes<\/strong> (art. 13 da Lei 4320\/1964).<\/span><\/p>\n<p style=\"text-align: justify;\"><span style=\"color: #99ccff;\">.<\/span><\/p>\n<p style=\"text-align: justify;\"><span style=\"color: #000000;\">Resposta: Letra D<\/span><\/p>\n<p style=\"text-align: justify;\"><span style=\"color: #99ccff;\">.<\/span><\/p>\n<p style=\"text-align: justify;\"><span style=\"color: #000000;\"><strong>26 &#8211; <\/strong><strong>(ESAF \u2013 Procurador da Fazenda Nacional \u2013 2015) <\/strong><strong>O or\u00e7amento p\u00fablico \u00e9 instrumento de longa hist\u00f3ria, gozando de elevada import\u00e2ncia. N\u00e3o por acaso, tal instituto, no contexto brasileiro, possui ampla normatiza\u00e7\u00e3o, angariando, por conseguinte, grande exame pela doutrina jur\u00eddica. Considerando a tem\u00e1tica, assinale a op\u00e7\u00e3o correta. <\/strong><\/span><\/p>\n<p style=\"text-align: justify;\"><span style=\"color: #000000;\"><strong>a) A natureza jur\u00eddica do or\u00e7amento p\u00fablico, consoante o jurista alem\u00e3o Hoennel, \u00e9 de ato administrativo, n\u00e3o tendo sequer o status de lei formal. <\/strong><\/span><\/p>\n<p style=\"text-align: justify;\"><span style=\"color: #000000;\"><strong>b) O or\u00e7amento participativo abstratamente considerado vai de encontro ao processo de democracia deliberativa. <\/strong><\/span><\/p>\n<p style=\"text-align: justify;\"><span style=\"color: #000000;\"><strong>c) Segundo a jurisprud\u00eancia mais atualizada, n\u00e3o \u00e9 cab\u00edvel controle de constitucionalidade de lei or\u00e7ament\u00e1ria. <\/strong><\/span><\/p>\n<p style=\"text-align: justify;\"><span style=\"color: #000000;\"><strong>d) Em face de seu car\u00e1ter estrat\u00e9gico no \u00e2mbito do planejamento or\u00e7ament\u00e1rio, apenas a Uni\u00e3o pode elaborar o Plano Plurianual. <\/strong><\/span><\/p>\n<p style=\"text-align: justify;\"><span style=\"color: #000000;\"><strong>e) A lei de diretrizes or\u00e7ament\u00e1rias surgiu, na realidade brasileira, com a Constitui\u00e7\u00e3o Federal de 1988 e ter\u00e1, entre outras fun\u00e7\u00f5es, o mister de dispor sobre condi\u00e7\u00f5es e exig\u00eancias para transfer\u00eancia de recursos a entidades p\u00fablicas e privadas.<\/strong><\/span><\/p>\n<p style=\"text-align: justify;\"><span style=\"color: #99ccff;\">.<\/span><\/p>\n<p style=\"text-align: justify;\"><span style=\"color: #000000;\">a) Errada. A natureza jur\u00eddica do or\u00e7amento p\u00fablico, consoante <strong>Gaston J\u00e8ze<\/strong>, \u00e9 de ato administrativo, n\u00e3o tendo sequer o status de lei formal.<\/span><\/p>\n<p style=\"text-align: justify;\"><span style=\"color: #000000;\">A corrente liderada pelo alem\u00e3o Hoennel, disp\u00f5e que o or\u00e7amento \u00e9 sempre uma lei, porque emana do Poder Legislativo, um \u00f3rg\u00e3o legiferante. O aspecto formal e externo \u00e9 todo de uma lei, ainda que de vig\u00eancia determinada. Para o referido jurista e economista, tudo que \u00e9 revestido de lei, tamb\u00e9m tem conte\u00fado de uma lei. Isso ocorre porque a forma de lei constitui um preceito jur\u00eddico com a for\u00e7a de transformar em lei tudo que ela reveste. Assim, o or\u00e7amento \u00e9 uma lei em sentido formal e material.<\/span><\/p>\n<p style=\"text-align: justify;\"><span style=\"color: #99ccff;\">.<\/span><\/p>\n<p style=\"text-align: justify;\"><span style=\"color: #000000;\">b) Errada. O or\u00e7amento participativo abstratamente considerado vai <strong>ao<\/strong> encontro ao processo de democracia deliberativa. A democracia deliberativa defende que o exerc\u00edcio da cidadania estende-se para al\u00e9m da mera participa\u00e7\u00e3o no processo eleitoral, exigindo uma participa\u00e7\u00e3o mais direta dos indiv\u00edduos no dom\u00ednio da esfera p\u00fablica.<\/span><\/p>\n<p style=\"text-align: justify;\"><span style=\"color: #99ccff;\">.<\/span><\/p>\n<p style=\"text-align: justify;\"><span style=\"color: #000000;\">c) Errada. Segundo a jurisprud\u00eancia mais atualizada, <strong>\u00e9 cab\u00edvel<\/strong> controle de constitucionalidade de lei or\u00e7ament\u00e1ria. O Supremo Tribunal Federal deve exercer sua fun\u00e7\u00e3o prec\u00edpua de fiscaliza\u00e7\u00e3o da constitucionalidade das leis e dos atos normativos quando houver um tema ou uma controv\u00e9rsia constitucional suscitada em abstrato, independente do car\u00e1ter geral ou espec\u00edfico, concreto ou abstrato de seu objeto. Assim, h\u00e1 a possibilidade de submiss\u00e3o das normas or\u00e7ament\u00e1rias ao controle abstrato de constitucionalidade.<\/span><\/p>\n<p style=\"text-align: justify;\"><span style=\"color: #99ccff;\">.<\/span><\/p>\n<p style=\"text-align: justify;\"><span style=\"color: #000000;\">d) Errada. Em face de seu car\u00e1ter estrat\u00e9gico no \u00e2mbito do planejamento or\u00e7ament\u00e1rio, a Uni\u00e3o <strong>e os demais entes devem<\/strong> elaborar o Plano Plurianual.<\/span><\/p>\n<p style=\"text-align: justify;\"><span style=\"color: #99ccff;\">.<\/span><\/p>\n<p style=\"text-align: justify;\"><span style=\"color: #000000;\">e) Correta. A lei de diretrizes or\u00e7ament\u00e1rias \u00e9 inova\u00e7\u00e3o da Constitui\u00e7\u00e3o Federal de 1988. A LDO dispor\u00e1 tamb\u00e9m sobre demais condi\u00e7\u00f5es e exig\u00eancias para transfer\u00eancias de recursos a entidades p\u00fablicas e privadas (art. 4\u00ba, I, f, da LRF).<\/span><\/p>\n<p style=\"text-align: justify;\"><span style=\"color: #99ccff;\">.<\/span><\/p>\n<p style=\"text-align: justify;\"><span style=\"color: #000000;\">Resposta: Letra E<\/span><\/p>\n<p style=\"text-align: justify;\"><span style=\"color: #99ccff;\">.<\/span><\/p>\n<p style=\"text-align: justify;\"><span style=\"color: #000000;\"><strong>27 &#8211; <\/strong><strong>(ESAF \u2013 Procurador da Fazenda Nacional \u2013 2015) <\/strong><strong>O primado da legalidade \u00e9 medida de extrema relev\u00e2ncia no \u00e2mbito do Direito Financeiro, de sorte que condutas ocorridas nessa seara devem, em regra, previamente possuir autoriza\u00e7\u00e3o legislativa. Diante do exposto, assinale a op\u00e7\u00e3o incorreta. <\/strong><\/span><\/p>\n<p style=\"text-align: justify;\"><span style=\"color: #000000;\"><strong>a) Sempre h\u00e1 necessidade de autoriza\u00e7\u00e3o legislativa para a transposi\u00e7\u00e3o ou a transfer\u00eancia de recursos de uma categoria de programa\u00e7\u00e3o para outra. <\/strong><\/span><\/p>\n<p style=\"text-align: justify;\"><span style=\"color: #000000;\"><strong>b) Sempre h\u00e1 necessidade de autoriza\u00e7\u00e3o legislativa para abertura de cr\u00e9dito especial. <\/strong><\/span><\/p>\n<p style=\"text-align: justify;\"><span style=\"color: #000000;\"><strong>c) Sempre h\u00e1 necessidade de autoriza\u00e7\u00e3o legislativa para institui\u00e7\u00e3o de fundos. <\/strong><\/span><\/p>\n<p style=\"text-align: justify;\"><span style=\"color: #000000;\"><strong>d) Sempre h\u00e1 necessidade de autoriza\u00e7\u00e3o legislativa para utiliza\u00e7\u00e3o de recursos do or\u00e7amento fiscal para suprir necessidade ou cobrir d\u00e9ficit de empresas. <\/strong><\/span><\/p>\n<p style=\"text-align: justify;\"><span style=\"color: #000000;\"><strong>e) Sempre h\u00e1 necessidade de autoriza\u00e7\u00e3o legislativa para utiliza\u00e7\u00e3o de recursos p\u00fablicos para socorrer institui\u00e7\u00f5es financeiras.<\/strong><\/span><\/p>\n<p style=\"text-align: justify;\"><span style=\"color: #99ccff;\">.<\/span><\/p>\n<p style=\"text-align: justify;\"><span style=\"color: #000000;\">a) \u00c9 a incorreta. \u00c9 vedada a transposi\u00e7\u00e3o, o remanejamento ou a transfer\u00eancia de recursos de uma categoria de programa\u00e7\u00e3o para outra ou de um \u00f3rg\u00e3o para outro, sem pr\u00e9via autoriza\u00e7\u00e3o legislativa. Entretanto, a transposi\u00e7\u00e3o, o remanejamento ou a transfer\u00eancia de recursos de uma categoria de programa\u00e7\u00e3o para outra poder\u00e3o ser admitidos, <span style=\"text-decoration: underline;\">no \u00e2mbito das atividades de ci\u00eancia, tecnologia e inova\u00e7\u00e3o<\/span>, com o objetivo de viabilizar os resultados de projetos restritos a essas fun\u00e7\u00f5es, <strong>mediante ato do Poder Executivo, <span style=\"text-decoration: underline;\">sem<\/span> necessidade da pr\u00e9via autoriza\u00e7\u00e3o legislativa<\/strong> prevista no inciso VI deste artigo (art. 167, VI e \u00a7 5\u00ba da CF\/1988).<\/span><\/p>\n<p style=\"text-align: justify;\"><span style=\"color: #000000;\">Assim, <strong>nem sempre<\/strong> h\u00e1 necessidade de autoriza\u00e7\u00e3o legislativa para a transposi\u00e7\u00e3o ou a transfer\u00eancia de recursos de uma categoria de programa\u00e7\u00e3o para outra.<\/span><\/p>\n<p style=\"text-align: justify;\"><span style=\"color: #99ccff;\">.<\/span><\/p>\n<p style=\"text-align: justify;\"><span style=\"color: #000000;\">b) Correta. \u00c9 vedada a abertura de cr\u00e9dito suplementar ou especial sem pr\u00e9via autoriza\u00e7\u00e3o legislativa e sem indica\u00e7\u00e3o dos recursos correspondente (art. 167, V, da CF\/1988).<\/span><\/p>\n<p style=\"text-align: justify;\"><span style=\"color: #99ccff;\">.<\/span><\/p>\n<p style=\"text-align: justify;\"><span style=\"color: #000000;\">c) Correta. \u00c9 vedada a institui\u00e7\u00e3o de fundos de qualquer natureza, sem pr\u00e9via autoriza\u00e7\u00e3o legislativa (art. 167, IX, da CF\/1988).<\/span><\/p>\n<p style=\"text-align: justify;\"><span style=\"color: #99ccff;\">.<\/span><\/p>\n<p style=\"text-align: justify;\"><span style=\"color: #000000;\">d) Correta. \u00a0\u00c9 vedada a utiliza\u00e7\u00e3o, sem autoriza\u00e7\u00e3o legislativa espec\u00edfica, de recursos dos or\u00e7amentos fiscal e da seguridade social para suprir necessidade ou cobrir d\u00e9ficit de empresas, funda\u00e7\u00f5es e fundos, inclusive dos mencionados no art. 165, \u00a7 5\u00ba (art. 167, VIII, da CF\/1988).<\/span><\/p>\n<p style=\"text-align: justify;\"><span style=\"color: #99ccff;\">.<\/span><\/p>\n<p style=\"text-align: justify;\"><span style=\"color: #000000;\">e) Correta. Salvo mediante lei espec\u00edfica, n\u00e3o poder\u00e3o ser utilizados recursos p\u00fablicos, inclusive de opera\u00e7\u00f5es de cr\u00e9dito, para socorrer institui\u00e7\u00f5es do Sistema Financeiro Nacional, ainda que mediante a concess\u00e3o de empr\u00e9stimos de recupera\u00e7\u00e3o ou financiamentos para mudan\u00e7a de controle acion\u00e1rio (art. 28, <em>caput<\/em>, da LRF).<\/span><\/p>\n<p style=\"text-align: justify;\"><span style=\"color: #99ccff;\">.<\/span><\/p>\n<p style=\"text-align: justify;\"><span style=\"color: #000000;\">Resposta: Letra A<\/span><\/p>\n<p style=\"text-align: justify;\"><span style=\"color: #99ccff;\">.<\/span><\/p>\n<p style=\"text-align: justify;\"><span style=\"color: #000000;\"><strong>28 &#8211; <\/strong><strong>(ESAF \u2013 Procurador da Fazenda Nacional \u2013 2015) <\/strong><strong>Sobre a implementa\u00e7\u00e3o de cr\u00e9ditos suplementares, assinale a op\u00e7\u00e3o correta. <\/strong><\/span><\/p>\n<p style=\"text-align: justify;\"><span style=\"color: #000000;\"><strong>a) Os recursos que, em decorr\u00eancia de veto, ficarem sem despesas correspondentes n\u00e3o poder\u00e3o ser utilizados mediante cr\u00e9dito suplementar.<\/strong><\/span><\/p>\n<p style=\"text-align: justify;\"><span style=\"color: #000000;\"><strong>b) O cr\u00e9dito suplementar ter\u00e1 vig\u00eancia no exerc\u00edcio financeiro em que for autorizado, salvo se o ato de autoriza\u00e7\u00e3o for promulgado nos \u00faltimos quatro meses daquele exerc\u00edcio, caso em que, reaberto nos limites de seu saldo, ser\u00e1 incorporado ao or\u00e7amento do exerc\u00edcio financeiro subsequente. <\/strong><\/span><\/p>\n<p style=\"text-align: justify;\"><span style=\"color: #000000;\"><strong>c) Medida provis\u00f3ria \u00e9 instrumento id\u00f4neo para autoriza\u00e7\u00e3o de cr\u00e9dito suplementar. <\/strong><\/span><\/p>\n<p style=\"text-align: justify;\"><span style=\"color: #000000;\"><strong>d) O super\u00e1vit financeiro apurado em balan\u00e7o patrimonial de exerc\u00edcio anterior pode ser usado como recurso para dar cobertura ao cr\u00e9dito suplementar. <\/strong><\/span><\/p>\n<p style=\"text-align: justify;\"><span style=\"color: #000000;\"><strong>e) Cr\u00e9dito suplementar n\u00e3o pode ser aberto mediante decreto.<\/strong><\/span><\/p>\n<p style=\"text-align: justify;\"><span style=\"color: #99ccff;\">.<\/span><\/p>\n<p style=\"text-align: justify;\"><span style=\"color: #000000;\">a) Errada. Os recursos que, em decorr\u00eancia de veto, emenda ou rejei\u00e7\u00e3o do projeto de lei or\u00e7ament\u00e1ria anual, ficarem sem despesas correspondentes <strong>poder\u00e3o<\/strong> ser utilizados, conforme o caso, mediante cr\u00e9ditos especiais ou suplementares, com pr\u00e9via e espec\u00edfica autoriza\u00e7\u00e3o legislativa.<\/span><\/p>\n<p style=\"text-align: justify;\"><span style=\"color: #99ccff;\">.<\/span><\/p>\n<p style=\"text-align: justify;\"><span style=\"color: #000000;\">b) Errada. O cr\u00e9dito <strong>especial ou extraordin\u00e1rio<\/strong> ter\u00e1 vig\u00eancia no exerc\u00edcio financeiro em que for autorizado, salvo se o ato de autoriza\u00e7\u00e3o for promulgado nos \u00faltimos quatro meses daquele exerc\u00edcio, caso em que, reaberto nos limites de seu saldo, ser\u00e1 incorporado ao or\u00e7amento do exerc\u00edcio financeiro subsequente. O cr\u00e9dito suplementar \u00e9 limitado ao exerc\u00edcio em que foi autorizado.<\/span><\/p>\n<p style=\"text-align: justify;\"><span style=\"color: #99ccff;\">.<\/span><\/p>\n<p style=\"text-align: justify;\"><span style=\"color: #000000;\">c) Errada. Medida provis\u00f3ria \u00e9 instrumento id\u00f4neo para autoriza\u00e7\u00e3o de cr\u00e9dito <strong>extraordin\u00e1rio<\/strong>.<\/span><\/p>\n<p style=\"text-align: justify;\"><span style=\"color: #99ccff;\">.<\/span><\/p>\n<p style=\"text-align: justify;\"><span style=\"color: #000000;\">d) Correta. O super\u00e1vit financeiro apurado em balan\u00e7o patrimonial de exerc\u00edcio anterior \u00e9 uma das fontes para a abertura de cr\u00e9ditos adicionais.<\/span><\/p>\n<p style=\"text-align: justify;\"><span style=\"color: #99ccff;\">.<\/span><\/p>\n<p style=\"text-align: justify;\"><span style=\"color: #000000;\">e) Errada. Cr\u00e9dito suplementar, como regra geral, <strong>\u00e9 aberto<\/strong> mediante decreto.<\/span><\/p>\n<p style=\"text-align: justify;\"><span style=\"color: #99ccff;\">.<\/span><\/p>\n<p style=\"text-align: justify;\"><span style=\"color: #000000;\">Resposta: Letra D<\/span><\/p>\n<p style=\"text-align: justify;\"><span style=\"color: #99ccff;\">.<\/span><\/p>\n<p style=\"text-align: justify;\"><span style=\"color: #000000;\">Forte abra\u00e7o!<\/span><\/p>\n<p style=\"text-align: justify;\"><span style=\"color: #000000;\">S\u00e9rgio Mendes<\/span><\/p>\n<p style=\"text-align: justify;\"><span style=\"color: #99ccff;\">.<\/span><\/p>\n<p style=\"text-align: justify;\"><span style=\"color: #000000;\">Fa\u00e7a um curso\u00a0online espec\u00edfico para o seu concurso: <span style=\"color: #0000ff;\"><a style=\"color: #0000ff;\" href=\"http:\/\/www.estrategiaconcursos.com.br\/cursosPorProfessor\/sergio-mendes-3000\/\">http:\/\/www.estrategiaconcursos.com.br\/cursosPorProfessor\/sergio-mendes-3000\/<\/a><\/span><\/span><\/p>\n<p style=\"text-align: justify;\"><span style=\"color: #99ccff;\">.<\/span><\/p>\n<p style=\"text-align: justify;\"><span style=\"color: #000000;\">Quer uma prepara\u00e7\u00e3o mais geral para diversos concursos? Fa\u00e7a o curso regular de Administra\u00e7\u00e3o Financeira e Or\u00e7ament\u00e1ria e Lei de Responsabilidade Fiscal:<\/span><\/p>\n<p style=\"text-align: justify;\"><span style=\"color: #0000ff;\"><a style=\"color: #0000ff;\" href=\"https:\/\/www.estrategiaconcursos.com.br\/curso\/curso-regular-de-administracao-financeira-e-orcamentaria-e-lei-de-resp-fiscal-com-videoaulas-6129\/\">https:\/\/www.estrategiaconcursos.com.br\/curso\/curso-regular-de-administracao-financeira-e-orcamentaria-e-lei-de-resp-fiscal-com-videoaulas-6129\/<\/a><\/span><\/p>\n","protected":false},"excerpt":{"rendered":"<p>Ol\u00e1 amigos! Como \u00e9 bom estar aqui! Segue a prova comentada de Direito Financeiro para Procurador da Fazenda Nacional de 2015. . 25 &#8211; (ESAF \u2013 Procurador da Fazenda Nacional \u2013 2015) A amortiza\u00e7\u00e3o de juros de d\u00edvida que a Uni\u00e3o Federal porventura tenha efetuado a alguma institui\u00e7\u00e3o financeira ser\u00e1 alocada, em conson\u00e2ncia com a [&hellip;]<\/p>\n","protected":false},"author":29,"featured_media":0,"comment_status":"open","ping_status":"open","sticky":false,"template":"","format":"standard","meta":{"post_tipo":"article","footnotes":""},"categories":[],"tags":[562,644],"tax_estado":[],"class_list":["post-27281","post","type-post","status-publish","format-standard","hentry","tag-direito-financeiro","tag-pgfn"],"acf":[],"yoast_head":"<!-- This site is optimized with the Yoast SEO Premium plugin v27.2 (Yoast SEO v27.2) - https:\/\/yoast.com\/product\/yoast-seo-premium-wordpress\/ -->\n<title>Prova comentada de Procurador da Fazenda Nacional - 2015 - Direito Financeiro<\/title>\n<meta name=\"description\" content=\"Confira a prova comentada de Direito Financeiro para Procurador da Fazenda Nacional de 2015.\" \/>\n<meta name=\"robots\" content=\"index, follow, max-snippet:-1, max-image-preview:large, max-video-preview:-1\" \/>\n<link rel=\"canonical\" href=\"https:\/\/www.estrategiaconcursos.com.br\/blog\/prova-comentada-de-procurador-da-fazenda-nacional-2015-direito-financeiro\/\" \/>\n<meta property=\"og:locale\" content=\"pt_BR\" \/>\n<meta property=\"og:type\" content=\"article\" \/>\n<meta property=\"og:title\" content=\"Prova comentada de Procurador da Fazenda Nacional - 2015 - Direito Financeiro\" \/>\n<meta property=\"og:description\" content=\"Confira a prova comentada de Direito Financeiro para Procurador da Fazenda Nacional de 2015.\" \/>\n<meta property=\"og:url\" content=\"https:\/\/www.estrategiaconcursos.com.br\/blog\/prova-comentada-de-procurador-da-fazenda-nacional-2015-direito-financeiro\/\" \/>\n<meta property=\"og:site_name\" content=\"Estrat\u00e9gia Concursos\" \/>\n<meta property=\"article:author\" content=\"https:\/\/www.facebook.com\/profsergiomendes\" \/>\n<meta property=\"article:published_time\" content=\"2015-09-21T18:58:08+00:00\" \/>\n<meta property=\"article:modified_time\" content=\"2015-09-21T21:40:32+00:00\" \/>\n<meta property=\"og:image\" content=\"https:\/\/dhg1h5j42swfq.cloudfront.net\/2015\/07\/Concurso-para-Procurador-da-Fazenda-Nacional.jpg\" \/>\n<meta name=\"author\" content=\"S\u00e9rgio Mendes\" \/>\n<meta name=\"twitter:card\" content=\"summary_large_image\" \/>\n<meta name=\"twitter:creator\" content=\"@EstratConcursos\" \/>\n<meta name=\"twitter:site\" content=\"@EstratConcursos\" \/>\n<meta name=\"twitter:label1\" content=\"Escrito por\" \/>\n\t<meta name=\"twitter:data1\" content=\"S\u00e9rgio Mendes\" \/>\n\t<meta name=\"twitter:label2\" content=\"Est. tempo de leitura\" \/>\n\t<meta name=\"twitter:data2\" content=\"7 minutos\" \/>\n<script type=\"application\/ld+json\" class=\"yoast-schema-graph\">{\"@context\":\"https:\/\/schema.org\",\"@graph\":[{\"@type\":\"NewsArticle\",\"@id\":\"https:\/\/www.estrategiaconcursos.com.br\/blog\/prova-comentada-de-procurador-da-fazenda-nacional-2015-direito-financeiro\/#article\",\"isPartOf\":{\"@id\":\"https:\/\/www.estrategiaconcursos.com.br\/blog\/prova-comentada-de-procurador-da-fazenda-nacional-2015-direito-financeiro\/\"},\"author\":{\"name\":\"S\u00e9rgio Mendes\",\"@id\":\"https:\/\/www.estrategiaconcursos.com.br\/blog\/#\/schema\/person\/4ddc4a162b4fdffa2ea9956dbf62f583\"},\"headline\":\"Prova comentada de Procurador da Fazenda Nacional &#8211; 2015 &#8211; Direito Financeiro\",\"datePublished\":\"2015-09-21T18:58:08+00:00\",\"dateModified\":\"2015-09-21T21:40:32+00:00\",\"mainEntityOfPage\":{\"@id\":\"https:\/\/www.estrategiaconcursos.com.br\/blog\/prova-comentada-de-procurador-da-fazenda-nacional-2015-direito-financeiro\/\"},\"wordCount\":1422,\"commentCount\":0,\"publisher\":{\"@id\":\"https:\/\/www.estrategiaconcursos.com.br\/blog\/#organization\"},\"image\":{\"@id\":\"https:\/\/www.estrategiaconcursos.com.br\/blog\/prova-comentada-de-procurador-da-fazenda-nacional-2015-direito-financeiro\/#primaryimage\"},\"thumbnailUrl\":\"https:\/\/dhg1h5j42swfq.cloudfront.net\/2015\/07\/Concurso-para-Procurador-da-Fazenda-Nacional.jpg\",\"keywords\":[\"Direito Financeiro\",\"PGFN\"],\"inLanguage\":\"pt-BR\",\"potentialAction\":[{\"@type\":\"CommentAction\",\"name\":\"Comment\",\"target\":[\"https:\/\/www.estrategiaconcursos.com.br\/blog\/prova-comentada-de-procurador-da-fazenda-nacional-2015-direito-financeiro\/#respond\"]}],\"copyrightYear\":\"2015\",\"copyrightHolder\":{\"@id\":\"https:\/\/www.estrategiaconcursos.com.br\/blog\/#organization\"}},{\"@type\":\"WebPage\",\"@id\":\"https:\/\/www.estrategiaconcursos.com.br\/blog\/prova-comentada-de-procurador-da-fazenda-nacional-2015-direito-financeiro\/\",\"url\":\"https:\/\/www.estrategiaconcursos.com.br\/blog\/prova-comentada-de-procurador-da-fazenda-nacional-2015-direito-financeiro\/\",\"name\":\"Prova comentada de Procurador da Fazenda Nacional - 2015 - Direito Financeiro\",\"isPartOf\":{\"@id\":\"https:\/\/www.estrategiaconcursos.com.br\/blog\/#website\"},\"primaryImageOfPage\":{\"@id\":\"https:\/\/www.estrategiaconcursos.com.br\/blog\/prova-comentada-de-procurador-da-fazenda-nacional-2015-direito-financeiro\/#primaryimage\"},\"image\":{\"@id\":\"https:\/\/www.estrategiaconcursos.com.br\/blog\/prova-comentada-de-procurador-da-fazenda-nacional-2015-direito-financeiro\/#primaryimage\"},\"thumbnailUrl\":\"https:\/\/dhg1h5j42swfq.cloudfront.net\/2015\/07\/Concurso-para-Procurador-da-Fazenda-Nacional.jpg\",\"datePublished\":\"2015-09-21T18:58:08+00:00\",\"dateModified\":\"2015-09-21T21:40:32+00:00\",\"description\":\"Confira a prova comentada de Direito Financeiro para Procurador da Fazenda Nacional de 2015.\",\"breadcrumb\":{\"@id\":\"https:\/\/www.estrategiaconcursos.com.br\/blog\/prova-comentada-de-procurador-da-fazenda-nacional-2015-direito-financeiro\/#breadcrumb\"},\"inLanguage\":\"pt-BR\",\"potentialAction\":[{\"@type\":\"ReadAction\",\"target\":[\"https:\/\/www.estrategiaconcursos.com.br\/blog\/prova-comentada-de-procurador-da-fazenda-nacional-2015-direito-financeiro\/\"]}]},{\"@type\":\"ImageObject\",\"inLanguage\":\"pt-BR\",\"@id\":\"https:\/\/www.estrategiaconcursos.com.br\/blog\/prova-comentada-de-procurador-da-fazenda-nacional-2015-direito-financeiro\/#primaryimage\",\"url\":\"https:\/\/dhg1h5j42swfq.cloudfront.net\/2015\/07\/Concurso-para-Procurador-da-Fazenda-Nacional.jpg\",\"contentUrl\":\"https:\/\/dhg1h5j42swfq.cloudfront.net\/2015\/07\/Concurso-para-Procurador-da-Fazenda-Nacional.jpg\"},{\"@type\":\"BreadcrumbList\",\"@id\":\"https:\/\/www.estrategiaconcursos.com.br\/blog\/prova-comentada-de-procurador-da-fazenda-nacional-2015-direito-financeiro\/#breadcrumb\",\"itemListElement\":[{\"@type\":\"ListItem\",\"position\":1,\"name\":\"In\u00edcio\",\"item\":\"https:\/\/www.estrategiaconcursos.com.br\/blog\/\"},{\"@type\":\"ListItem\",\"position\":2,\"name\":\"Prova comentada de Procurador da Fazenda Nacional &#8211; 2015 &#8211; Direito Financeiro\"}]},{\"@type\":\"WebSite\",\"@id\":\"https:\/\/www.estrategiaconcursos.com.br\/blog\/#website\",\"url\":\"https:\/\/www.estrategiaconcursos.com.br\/blog\/\",\"name\":\"Estrat\u00e9gia Concursos\",\"description\":\"O blog da Estrat\u00e9gia Concursos traz not\u00edcias sobre concursos e artigos de professores oferecendo cursos para concursos (pdf + videaulas) no site.\",\"publisher\":{\"@id\":\"https:\/\/www.estrategiaconcursos.com.br\/blog\/#organization\"},\"potentialAction\":[{\"@type\":\"SearchAction\",\"target\":{\"@type\":\"EntryPoint\",\"urlTemplate\":\"https:\/\/www.estrategiaconcursos.com.br\/blog\/?s={search_term_string}\"},\"query-input\":{\"@type\":\"PropertyValueSpecification\",\"valueRequired\":true,\"valueName\":\"search_term_string\"}}],\"inLanguage\":\"pt-BR\"},{\"@type\":\"Organization\",\"@id\":\"https:\/\/www.estrategiaconcursos.com.br\/blog\/#organization\",\"name\":\"Estrat\u00e9gia Concursos\",\"url\":\"https:\/\/www.estrategiaconcursos.com.br\/blog\/\",\"logo\":{\"@type\":\"ImageObject\",\"inLanguage\":\"pt-BR\",\"@id\":\"https:\/\/www.estrategiaconcursos.com.br\/blog\/#\/schema\/logo\/image\/\",\"url\":\"https:\/\/dhg1h5j42swfq.cloudfront.net\/2025\/06\/03203428\/logo_concursos-1.jpg\",\"contentUrl\":\"https:\/\/dhg1h5j42swfq.cloudfront.net\/2025\/06\/03203428\/logo_concursos-1.jpg\",\"width\":230,\"height\":60,\"caption\":\"Estrat\u00e9gia Concursos\"},\"image\":{\"@id\":\"https:\/\/www.estrategiaconcursos.com.br\/blog\/#\/schema\/logo\/image\/\"},\"sameAs\":[\"https:\/\/x.com\/EstratConcursos\"]},{\"@type\":\"Person\",\"@id\":\"https:\/\/www.estrategiaconcursos.com.br\/blog\/#\/schema\/person\/4ddc4a162b4fdffa2ea9956dbf62f583\",\"name\":\"S\u00e9rgio Mendes\",\"image\":{\"@type\":\"ImageObject\",\"inLanguage\":\"pt-BR\",\"@id\":\"https:\/\/secure.gravatar.com\/avatar\/4eb4b562c33f40d6f7f76579da7e07350c69579df7db305d32a69ed32ecfd5ce?s=96&d=mm&r=g\",\"url\":\"https:\/\/secure.gravatar.com\/avatar\/4eb4b562c33f40d6f7f76579da7e07350c69579df7db305d32a69ed32ecfd5ce?s=96&d=mm&r=g\",\"contentUrl\":\"https:\/\/secure.gravatar.com\/avatar\/4eb4b562c33f40d6f7f76579da7e07350c69579df7db305d32a69ed32ecfd5ce?s=96&d=mm&r=g\",\"caption\":\"S\u00e9rgio Mendes\"},\"sameAs\":[\"https:\/\/www.facebook.com\/profsergiomendes\"],\"url\":\"https:\/\/www.estrategiaconcursos.com.br\/blog\/author\/sergiomendesestrategiaconcursos-com-br\/\"}]}<\/script>\n<!-- \/ Yoast SEO Premium plugin. -->","yoast_head_json":{"title":"Prova comentada de Procurador da Fazenda Nacional - 2015 - Direito Financeiro","description":"Confira a prova comentada de Direito Financeiro para Procurador da Fazenda Nacional de 2015.","robots":{"index":"index","follow":"follow","max-snippet":"max-snippet:-1","max-image-preview":"max-image-preview:large","max-video-preview":"max-video-preview:-1"},"canonical":"https:\/\/www.estrategiaconcursos.com.br\/blog\/prova-comentada-de-procurador-da-fazenda-nacional-2015-direito-financeiro\/","og_locale":"pt_BR","og_type":"article","og_title":"Prova comentada de Procurador da Fazenda Nacional - 2015 - Direito Financeiro","og_description":"Confira a prova comentada de Direito Financeiro para Procurador da Fazenda Nacional de 2015.","og_url":"https:\/\/www.estrategiaconcursos.com.br\/blog\/prova-comentada-de-procurador-da-fazenda-nacional-2015-direito-financeiro\/","og_site_name":"Estrat\u00e9gia Concursos","article_author":"https:\/\/www.facebook.com\/profsergiomendes","article_published_time":"2015-09-21T18:58:08+00:00","article_modified_time":"2015-09-21T21:40:32+00:00","og_image":[{"url":"https:\/\/dhg1h5j42swfq.cloudfront.net\/2015\/07\/Concurso-para-Procurador-da-Fazenda-Nacional.jpg","type":"","width":"","height":""}],"author":"S\u00e9rgio Mendes","twitter_card":"summary_large_image","twitter_creator":"@EstratConcursos","twitter_site":"@EstratConcursos","twitter_misc":{"Escrito por":"S\u00e9rgio Mendes","Est. tempo de leitura":"7 minutos"},"schema":{"@context":"https:\/\/schema.org","@graph":[{"@type":"NewsArticle","@id":"https:\/\/www.estrategiaconcursos.com.br\/blog\/prova-comentada-de-procurador-da-fazenda-nacional-2015-direito-financeiro\/#article","isPartOf":{"@id":"https:\/\/www.estrategiaconcursos.com.br\/blog\/prova-comentada-de-procurador-da-fazenda-nacional-2015-direito-financeiro\/"},"author":{"name":"S\u00e9rgio Mendes","@id":"https:\/\/www.estrategiaconcursos.com.br\/blog\/#\/schema\/person\/4ddc4a162b4fdffa2ea9956dbf62f583"},"headline":"Prova comentada de Procurador da Fazenda Nacional &#8211; 2015 &#8211; Direito Financeiro","datePublished":"2015-09-21T18:58:08+00:00","dateModified":"2015-09-21T21:40:32+00:00","mainEntityOfPage":{"@id":"https:\/\/www.estrategiaconcursos.com.br\/blog\/prova-comentada-de-procurador-da-fazenda-nacional-2015-direito-financeiro\/"},"wordCount":1422,"commentCount":0,"publisher":{"@id":"https:\/\/www.estrategiaconcursos.com.br\/blog\/#organization"},"image":{"@id":"https:\/\/www.estrategiaconcursos.com.br\/blog\/prova-comentada-de-procurador-da-fazenda-nacional-2015-direito-financeiro\/#primaryimage"},"thumbnailUrl":"https:\/\/dhg1h5j42swfq.cloudfront.net\/2015\/07\/Concurso-para-Procurador-da-Fazenda-Nacional.jpg","keywords":["Direito Financeiro","PGFN"],"inLanguage":"pt-BR","potentialAction":[{"@type":"CommentAction","name":"Comment","target":["https:\/\/www.estrategiaconcursos.com.br\/blog\/prova-comentada-de-procurador-da-fazenda-nacional-2015-direito-financeiro\/#respond"]}],"copyrightYear":"2015","copyrightHolder":{"@id":"https:\/\/www.estrategiaconcursos.com.br\/blog\/#organization"}},{"@type":"WebPage","@id":"https:\/\/www.estrategiaconcursos.com.br\/blog\/prova-comentada-de-procurador-da-fazenda-nacional-2015-direito-financeiro\/","url":"https:\/\/www.estrategiaconcursos.com.br\/blog\/prova-comentada-de-procurador-da-fazenda-nacional-2015-direito-financeiro\/","name":"Prova comentada de Procurador da Fazenda Nacional - 2015 - Direito Financeiro","isPartOf":{"@id":"https:\/\/www.estrategiaconcursos.com.br\/blog\/#website"},"primaryImageOfPage":{"@id":"https:\/\/www.estrategiaconcursos.com.br\/blog\/prova-comentada-de-procurador-da-fazenda-nacional-2015-direito-financeiro\/#primaryimage"},"image":{"@id":"https:\/\/www.estrategiaconcursos.com.br\/blog\/prova-comentada-de-procurador-da-fazenda-nacional-2015-direito-financeiro\/#primaryimage"},"thumbnailUrl":"https:\/\/dhg1h5j42swfq.cloudfront.net\/2015\/07\/Concurso-para-Procurador-da-Fazenda-Nacional.jpg","datePublished":"2015-09-21T18:58:08+00:00","dateModified":"2015-09-21T21:40:32+00:00","description":"Confira a prova comentada de Direito Financeiro para Procurador da Fazenda Nacional de 2015.","breadcrumb":{"@id":"https:\/\/www.estrategiaconcursos.com.br\/blog\/prova-comentada-de-procurador-da-fazenda-nacional-2015-direito-financeiro\/#breadcrumb"},"inLanguage":"pt-BR","potentialAction":[{"@type":"ReadAction","target":["https:\/\/www.estrategiaconcursos.com.br\/blog\/prova-comentada-de-procurador-da-fazenda-nacional-2015-direito-financeiro\/"]}]},{"@type":"ImageObject","inLanguage":"pt-BR","@id":"https:\/\/www.estrategiaconcursos.com.br\/blog\/prova-comentada-de-procurador-da-fazenda-nacional-2015-direito-financeiro\/#primaryimage","url":"https:\/\/dhg1h5j42swfq.cloudfront.net\/2015\/07\/Concurso-para-Procurador-da-Fazenda-Nacional.jpg","contentUrl":"https:\/\/dhg1h5j42swfq.cloudfront.net\/2015\/07\/Concurso-para-Procurador-da-Fazenda-Nacional.jpg"},{"@type":"BreadcrumbList","@id":"https:\/\/www.estrategiaconcursos.com.br\/blog\/prova-comentada-de-procurador-da-fazenda-nacional-2015-direito-financeiro\/#breadcrumb","itemListElement":[{"@type":"ListItem","position":1,"name":"In\u00edcio","item":"https:\/\/www.estrategiaconcursos.com.br\/blog\/"},{"@type":"ListItem","position":2,"name":"Prova comentada de Procurador da Fazenda Nacional &#8211; 2015 &#8211; Direito Financeiro"}]},{"@type":"WebSite","@id":"https:\/\/www.estrategiaconcursos.com.br\/blog\/#website","url":"https:\/\/www.estrategiaconcursos.com.br\/blog\/","name":"Estrat\u00e9gia Concursos","description":"O blog da Estrat\u00e9gia Concursos traz not\u00edcias sobre concursos e artigos de professores oferecendo cursos para concursos (pdf + videaulas) no site.","publisher":{"@id":"https:\/\/www.estrategiaconcursos.com.br\/blog\/#organization"},"potentialAction":[{"@type":"SearchAction","target":{"@type":"EntryPoint","urlTemplate":"https:\/\/www.estrategiaconcursos.com.br\/blog\/?s={search_term_string}"},"query-input":{"@type":"PropertyValueSpecification","valueRequired":true,"valueName":"search_term_string"}}],"inLanguage":"pt-BR"},{"@type":"Organization","@id":"https:\/\/www.estrategiaconcursos.com.br\/blog\/#organization","name":"Estrat\u00e9gia Concursos","url":"https:\/\/www.estrategiaconcursos.com.br\/blog\/","logo":{"@type":"ImageObject","inLanguage":"pt-BR","@id":"https:\/\/www.estrategiaconcursos.com.br\/blog\/#\/schema\/logo\/image\/","url":"https:\/\/dhg1h5j42swfq.cloudfront.net\/2025\/06\/03203428\/logo_concursos-1.jpg","contentUrl":"https:\/\/dhg1h5j42swfq.cloudfront.net\/2025\/06\/03203428\/logo_concursos-1.jpg","width":230,"height":60,"caption":"Estrat\u00e9gia Concursos"},"image":{"@id":"https:\/\/www.estrategiaconcursos.com.br\/blog\/#\/schema\/logo\/image\/"},"sameAs":["https:\/\/x.com\/EstratConcursos"]},{"@type":"Person","@id":"https:\/\/www.estrategiaconcursos.com.br\/blog\/#\/schema\/person\/4ddc4a162b4fdffa2ea9956dbf62f583","name":"S\u00e9rgio Mendes","image":{"@type":"ImageObject","inLanguage":"pt-BR","@id":"https:\/\/secure.gravatar.com\/avatar\/4eb4b562c33f40d6f7f76579da7e07350c69579df7db305d32a69ed32ecfd5ce?s=96&d=mm&r=g","url":"https:\/\/secure.gravatar.com\/avatar\/4eb4b562c33f40d6f7f76579da7e07350c69579df7db305d32a69ed32ecfd5ce?s=96&d=mm&r=g","contentUrl":"https:\/\/secure.gravatar.com\/avatar\/4eb4b562c33f40d6f7f76579da7e07350c69579df7db305d32a69ed32ecfd5ce?s=96&d=mm&r=g","caption":"S\u00e9rgio Mendes"},"sameAs":["https:\/\/www.facebook.com\/profsergiomendes"],"url":"https:\/\/www.estrategiaconcursos.com.br\/blog\/author\/sergiomendesestrategiaconcursos-com-br\/"}]}},"_links":{"self":[{"href":"https:\/\/www.estrategiaconcursos.com.br\/blog\/wp-json\/wp\/v2\/posts\/27281","targetHints":{"allow":["GET"]}}],"collection":[{"href":"https:\/\/www.estrategiaconcursos.com.br\/blog\/wp-json\/wp\/v2\/posts"}],"about":[{"href":"https:\/\/www.estrategiaconcursos.com.br\/blog\/wp-json\/wp\/v2\/types\/post"}],"author":[{"embeddable":true,"href":"https:\/\/www.estrategiaconcursos.com.br\/blog\/wp-json\/wp\/v2\/users\/29"}],"replies":[{"embeddable":true,"href":"https:\/\/www.estrategiaconcursos.com.br\/blog\/wp-json\/wp\/v2\/comments?post=27281"}],"version-history":[{"count":11,"href":"https:\/\/www.estrategiaconcursos.com.br\/blog\/wp-json\/wp\/v2\/posts\/27281\/revisions"}],"predecessor-version":[{"id":27307,"href":"https:\/\/www.estrategiaconcursos.com.br\/blog\/wp-json\/wp\/v2\/posts\/27281\/revisions\/27307"}],"wp:attachment":[{"href":"https:\/\/www.estrategiaconcursos.com.br\/blog\/wp-json\/wp\/v2\/media?parent=27281"}],"wp:term":[{"taxonomy":"category","embeddable":true,"href":"https:\/\/www.estrategiaconcursos.com.br\/blog\/wp-json\/wp\/v2\/categories?post=27281"},{"taxonomy":"post_tag","embeddable":true,"href":"https:\/\/www.estrategiaconcursos.com.br\/blog\/wp-json\/wp\/v2\/tags?post=27281"},{"taxonomy":"tax_estado","embeddable":true,"href":"https:\/\/www.estrategiaconcursos.com.br\/blog\/wp-json\/wp\/v2\/tax_estado?post=27281"}],"curies":[{"name":"wp","href":"https:\/\/api.w.org\/{rel}","templated":true}]}}