{"id":27258,"date":"2015-09-21T10:01:09","date_gmt":"2015-09-21T13:01:09","guid":{"rendered":"http:\/\/www.estrategiaconcursos.com.br\/blog\/?p=27258"},"modified":"2015-09-21T10:01:09","modified_gmt":"2015-09-21T13:01:09","slug":"aberto-o-periodo-de-inscricoes-para-o-concurso-pge-ro-vagas-para-cargos-em-niveis-medio-e-superior-saiba-mais","status":"publish","type":"post","link":"https:\/\/www.estrategiaconcursos.com.br\/blog\/aberto-o-periodo-de-inscricoes-para-o-concurso-pge-ro-vagas-para-cargos-em-niveis-medio-e-superior-saiba-mais\/","title":{"rendered":"Aberto o per\u00edodo de inscri\u00e7\u00f5es para o concurso PGE-RO. Vagas para cargos em n\u00edveis m\u00e9dio e superior. Saiba mais!"},"content":{"rendered":"<p style=\"text-align: justify;\"><a href=\"https:\/\/dhg1h5j42swfq.cloudfront.net\/2015\/09\/21095709\/concurso-PGE-RO.png\"><img loading=\"lazy\" decoding=\"async\" class=\" size-full wp-image-27259 alignleft\" src=\"https:\/\/dhg1h5j42swfq.cloudfront.net\/2015\/09\/21095709\/concurso-PGE-RO.png\" alt=\"concurso PGE-RO\" width=\"150\" height=\"200\" \/><\/a><span style=\"color: #000000;\">Come\u00e7a nesta segunda-feira,\u00a0dia 21 de setembro, a partir das 14 horas, o per\u00edodo de inscri\u00e7\u00f5es para o concurso da Procuradoria Geral do Estado de Rond\u00f4nia (<span style=\"color: #0000ff;\"><a style=\"color: #0000ff;\" href=\"https:\/\/www.estrategiaconcursos.com.br\/cursosPorConcurso\/pge-ro-procuradoria-geral-do-estado-de-rondonia-419\/\">concurso PGE-RO<\/a><\/span>). \u00a0 Os interessados t\u00eam at\u00e9 \u00e0s 23h59 do\u00a0dia 19 de outubro para realizar sua inscri\u00e7\u00e3o, atrav\u00e9s do link:\u00a0<span style=\"color: #0000ff;\"><a style=\"color: #0000ff;\" href=\"http:\/\/fgvprojetos.fgv.br\/concursos\/pgero\">http:\/\/fgvprojetos.fgv.br\/concursos\/pgero<\/a><\/span>. As taxas s\u00e3o de R$ 70,00 (n\u00edvel m\u00e9dio) e R$ 90,00 (n\u00edvel superior).<\/span><\/p>\n<p style=\"text-align: justify;\"><span style=\"color: #000000;\">O concurso PGE-RO oferece\u00a030 vagas em cargos de n\u00edveis m\u00e9dio e superior, com sal\u00e1rios que variam de R$ 2.750,00 a R$ 5.700,00. Para n\u00edvel superior, as vagas ofertadas s\u00e3o para as \u00e1reas de direito, administra\u00e7\u00e3o, comunica\u00e7\u00e3o social, ci\u00eancias cont\u00e1beis e analista de sistemas. Para n\u00edvel m\u00e9dio, \u00e9 necess\u00e1ria forma\u00e7\u00e3o t\u00e9cnica em tecnologia da informa\u00e7\u00e3o, contabilidade ou colegial.<\/span><\/p>\n<p style=\"text-align: justify;\"><span style=\"color: #000000;\">As provas do concurso PGE-RO ser\u00e3o realizadas no dia 13 de dezembro, nas cidades de Bras\u00edlia, no Distrito Federal, e em Rond\u00f4nia nas seguintes cidades: Porto Velho, Cacoal, Ji-Paran\u00e1, Rolim de Moura e Vilhena.<\/span><\/p>\n<p style=\"text-align: justify;\"><span style=\"color: #000000;\"> O candidato que optar por realizar a prova no munic\u00edpio de Bras\u00edlia &#8211; DF concorrer\u00e1, exclusivamente, para as vagas ofertadas nesta cidade. J\u00e1 o candidato que optar por realizar a prova em Rond\u00f4nia poder\u00e1 ser lotado em qualquer munic\u00edpio do estado, a crit\u00e9rio da PGE-RO<\/span><\/p>\n<p style=\"text-align: justify;\"><span style=\"color: #000000;\">Veja o edital: <span style=\"color: #0000ff;\"><a style=\"color: #0000ff;\" href=\"http:\/\/netstorage.fgv.br\/pgero\/Minuta_de_Edital_-_14.09.2015.pdf\">http:\/\/netstorage.fgv.br\/pgero\/Minuta_de_Edital_-_14.09.2015.pdf<\/a><\/span><\/span><\/p>\n<p style=\"text-align: justify;\"><span style=\"color: #000000;\"><strong>O Estrat\u00e9gia Concursos j\u00e1 lan\u00e7ou cursos para o concurso PGE-RO. Confira em:<\/strong><\/span><\/p>\n<p style=\"text-align: justify;\"><span style=\"color: #0000ff;\"><a style=\"color: #0000ff;\" href=\"https:\/\/www.estrategiaconcursos.com.br\/cursosPorConcurso\/pge-ro-procuradoria-geral-do-estado-de-rondonia-419\/\">https:\/\/www.estrategiaconcursos.com.br\/cursosPorConcurso\/pge-ro-procuradoria-geral-do-estado-de-rondonia-419\/<\/a><\/span><\/p>\n<p style=\"text-align: justify;\"><span style=\"color: #000000;\">Assessoria de Comunica\u00e7\u00e3o<\/span><\/p>\n<p style=\"text-align: justify;\"><span style=\"color: #000000;\">comunicacao@estrategiaconcursos.com.br<\/span><\/p>\n<p>&nbsp;<\/p>\n","protected":false},"excerpt":{"rendered":"<p>Come\u00e7a nesta segunda-feira,\u00a0dia 21 de setembro, a partir das 14 horas, o per\u00edodo de inscri\u00e7\u00f5es para o concurso da Procuradoria Geral do Estado de Rond\u00f4nia (concurso PGE-RO). \u00a0 Os interessados t\u00eam at\u00e9 \u00e0s 23h59 do\u00a0dia 19 de outubro para realizar sua inscri\u00e7\u00e3o, atrav\u00e9s do link:\u00a0http:\/\/fgvprojetos.fgv.br\/concursos\/pgero. As taxas s\u00e3o de R$ 70,00 (n\u00edvel m\u00e9dio) e R$ [&hellip;]<\/p>\n","protected":false},"author":1,"featured_media":0,"comment_status":"open","ping_status":"open","sticky":false,"template":"","format":"standard","meta":{"post_tipo":"news","footnotes":""},"categories":[1],"tags":[998,999],"tax_estado":[],"class_list":["post-27258","post","type-post","status-publish","format-standard","hentry","category-cursos-e-concursos","tag-pge-ro","tag-procurador-geral"],"acf":[],"yoast_head":"<!-- This site is optimized with the Yoast SEO Premium plugin v27.2 (Yoast SEO v27.2) - https:\/\/yoast.com\/product\/yoast-seo-premium-wordpress\/ -->\n<title>Aberto o per\u00edodo de inscri\u00e7\u00f5es para o concurso PGE-RO. Vagas para cargos em n\u00edveis m\u00e9dio e superior. Saiba mais!<\/title>\n<meta name=\"description\" content=\"Come\u00e7a nesta segunda-feira, dia 21 de setembro, a partir das 14 horas, o per\u00edodo de inscri\u00e7\u00f5es para o concurso PGE-RO.\" \/>\n<meta name=\"robots\" content=\"index, follow, max-snippet:-1, max-image-preview:large, max-video-preview:-1\" \/>\n<link rel=\"canonical\" href=\"https:\/\/www.estrategiaconcursos.com.br\/blog\/aberto-o-periodo-de-inscricoes-para-o-concurso-pge-ro-vagas-para-cargos-em-niveis-medio-e-superior-saiba-mais\/\" \/>\n<meta property=\"og:locale\" content=\"pt_BR\" \/>\n<meta property=\"og:type\" content=\"article\" \/>\n<meta property=\"og:title\" content=\"Aberto o per\u00edodo de inscri\u00e7\u00f5es para o concurso PGE-RO. Vagas para cargos em n\u00edveis m\u00e9dio e superior. Saiba mais!\" \/>\n<meta property=\"og:description\" content=\"Come\u00e7a nesta segunda-feira, dia 21 de setembro, a partir das 14 horas, o per\u00edodo de inscri\u00e7\u00f5es para o concurso PGE-RO.\" \/>\n<meta property=\"og:url\" content=\"https:\/\/www.estrategiaconcursos.com.br\/blog\/aberto-o-periodo-de-inscricoes-para-o-concurso-pge-ro-vagas-para-cargos-em-niveis-medio-e-superior-saiba-mais\/\" \/>\n<meta property=\"og:site_name\" content=\"Estrat\u00e9gia Concursos\" \/>\n<meta property=\"article:author\" content=\"https:\/\/www.facebook.com\/EstrategiaConcursos\" \/>\n<meta property=\"article:published_time\" content=\"2015-09-21T13:01:09+00:00\" \/>\n<meta property=\"og:image\" content=\"https:\/\/dhg1h5j42swfq.cloudfront.net\/2015\/09\/21095709\/concurso-PGE-RO.png\" \/>\n<meta name=\"author\" content=\"Coordena\u00e7\u00e3o\" \/>\n<meta name=\"twitter:card\" content=\"summary_large_image\" \/>\n<meta name=\"twitter:creator\" content=\"@EstratConcursos\" \/>\n<meta name=\"twitter:site\" content=\"@EstratConcursos\" \/>\n<meta name=\"twitter:label1\" content=\"Escrito por\" \/>\n\t<meta name=\"twitter:data1\" content=\"Coordena\u00e7\u00e3o\" \/>\n\t<meta name=\"twitter:label2\" content=\"Est. tempo de leitura\" \/>\n\t<meta name=\"twitter:data2\" content=\"1 minuto\" \/>\n<script type=\"application\/ld+json\" class=\"yoast-schema-graph\">{\"@context\":\"https:\/\/schema.org\",\"@graph\":[{\"@type\":\"NewsArticle\",\"@id\":\"https:\/\/www.estrategiaconcursos.com.br\/blog\/aberto-o-periodo-de-inscricoes-para-o-concurso-pge-ro-vagas-para-cargos-em-niveis-medio-e-superior-saiba-mais\/#article\",\"isPartOf\":{\"@id\":\"https:\/\/www.estrategiaconcursos.com.br\/blog\/aberto-o-periodo-de-inscricoes-para-o-concurso-pge-ro-vagas-para-cargos-em-niveis-medio-e-superior-saiba-mais\/\"},\"author\":{\"name\":\"Coordena\u00e7\u00e3o\",\"@id\":\"https:\/\/www.estrategiaconcursos.com.br\/blog\/#\/schema\/person\/b4a388c97673c5f483d72185668afa1f\"},\"headline\":\"Aberto o per\u00edodo de inscri\u00e7\u00f5es para o concurso PGE-RO. Vagas para cargos em n\u00edveis m\u00e9dio e superior. Saiba mais!\",\"datePublished\":\"2015-09-21T13:01:09+00:00\",\"mainEntityOfPage\":{\"@id\":\"https:\/\/www.estrategiaconcursos.com.br\/blog\/aberto-o-periodo-de-inscricoes-para-o-concurso-pge-ro-vagas-para-cargos-em-niveis-medio-e-superior-saiba-mais\/\"},\"wordCount\":292,\"commentCount\":0,\"publisher\":{\"@id\":\"https:\/\/www.estrategiaconcursos.com.br\/blog\/#organization\"},\"image\":{\"@id\":\"https:\/\/www.estrategiaconcursos.com.br\/blog\/aberto-o-periodo-de-inscricoes-para-o-concurso-pge-ro-vagas-para-cargos-em-niveis-medio-e-superior-saiba-mais\/#primaryimage\"},\"thumbnailUrl\":\"https:\/\/dhg1h5j42swfq.cloudfront.net\/2015\/09\/21095709\/concurso-PGE-RO.png\",\"keywords\":[\"PGE-RO\",\"Procurador Geral\"],\"articleSection\":[\"Concursos P\u00fablicos\"],\"inLanguage\":\"pt-BR\",\"potentialAction\":[{\"@type\":\"CommentAction\",\"name\":\"Comment\",\"target\":[\"https:\/\/www.estrategiaconcursos.com.br\/blog\/aberto-o-periodo-de-inscricoes-para-o-concurso-pge-ro-vagas-para-cargos-em-niveis-medio-e-superior-saiba-mais\/#respond\"]}],\"copyrightYear\":\"2015\",\"copyrightHolder\":{\"@id\":\"https:\/\/www.estrategiaconcursos.com.br\/blog\/#organization\"}},{\"@type\":\"WebPage\",\"@id\":\"https:\/\/www.estrategiaconcursos.com.br\/blog\/aberto-o-periodo-de-inscricoes-para-o-concurso-pge-ro-vagas-para-cargos-em-niveis-medio-e-superior-saiba-mais\/\",\"url\":\"https:\/\/www.estrategiaconcursos.com.br\/blog\/aberto-o-periodo-de-inscricoes-para-o-concurso-pge-ro-vagas-para-cargos-em-niveis-medio-e-superior-saiba-mais\/\",\"name\":\"Aberto o per\u00edodo de inscri\u00e7\u00f5es para o concurso PGE-RO. Vagas para cargos em n\u00edveis m\u00e9dio e superior. Saiba mais!\",\"isPartOf\":{\"@id\":\"https:\/\/www.estrategiaconcursos.com.br\/blog\/#website\"},\"primaryImageOfPage\":{\"@id\":\"https:\/\/www.estrategiaconcursos.com.br\/blog\/aberto-o-periodo-de-inscricoes-para-o-concurso-pge-ro-vagas-para-cargos-em-niveis-medio-e-superior-saiba-mais\/#primaryimage\"},\"image\":{\"@id\":\"https:\/\/www.estrategiaconcursos.com.br\/blog\/aberto-o-periodo-de-inscricoes-para-o-concurso-pge-ro-vagas-para-cargos-em-niveis-medio-e-superior-saiba-mais\/#primaryimage\"},\"thumbnailUrl\":\"https:\/\/dhg1h5j42swfq.cloudfront.net\/2015\/09\/21095709\/concurso-PGE-RO.png\",\"datePublished\":\"2015-09-21T13:01:09+00:00\",\"description\":\"Come\u00e7a nesta segunda-feira, dia 21 de setembro, a partir das 14 horas, o per\u00edodo de inscri\u00e7\u00f5es para o concurso PGE-RO.\",\"breadcrumb\":{\"@id\":\"https:\/\/www.estrategiaconcursos.com.br\/blog\/aberto-o-periodo-de-inscricoes-para-o-concurso-pge-ro-vagas-para-cargos-em-niveis-medio-e-superior-saiba-mais\/#breadcrumb\"},\"inLanguage\":\"pt-BR\",\"potentialAction\":[{\"@type\":\"ReadAction\",\"target\":[\"https:\/\/www.estrategiaconcursos.com.br\/blog\/aberto-o-periodo-de-inscricoes-para-o-concurso-pge-ro-vagas-para-cargos-em-niveis-medio-e-superior-saiba-mais\/\"]}]},{\"@type\":\"ImageObject\",\"inLanguage\":\"pt-BR\",\"@id\":\"https:\/\/www.estrategiaconcursos.com.br\/blog\/aberto-o-periodo-de-inscricoes-para-o-concurso-pge-ro-vagas-para-cargos-em-niveis-medio-e-superior-saiba-mais\/#primaryimage\",\"url\":\"https:\/\/dhg1h5j42swfq.cloudfront.net\/2015\/09\/21095709\/concurso-PGE-RO.png\",\"contentUrl\":\"https:\/\/dhg1h5j42swfq.cloudfront.net\/2015\/09\/21095709\/concurso-PGE-RO.png\"},{\"@type\":\"BreadcrumbList\",\"@id\":\"https:\/\/www.estrategiaconcursos.com.br\/blog\/aberto-o-periodo-de-inscricoes-para-o-concurso-pge-ro-vagas-para-cargos-em-niveis-medio-e-superior-saiba-mais\/#breadcrumb\",\"itemListElement\":[{\"@type\":\"ListItem\",\"position\":1,\"name\":\"In\u00edcio\",\"item\":\"https:\/\/www.estrategiaconcursos.com.br\/blog\/\"},{\"@type\":\"ListItem\",\"position\":2,\"name\":\"Aberto o per\u00edodo de inscri\u00e7\u00f5es para o concurso PGE-RO. Vagas para cargos em n\u00edveis m\u00e9dio e superior. Saiba mais!\"}]},{\"@type\":\"WebSite\",\"@id\":\"https:\/\/www.estrategiaconcursos.com.br\/blog\/#website\",\"url\":\"https:\/\/www.estrategiaconcursos.com.br\/blog\/\",\"name\":\"Estrat\u00e9gia Concursos\",\"description\":\"O blog da Estrat\u00e9gia Concursos traz not\u00edcias sobre concursos e artigos de professores oferecendo cursos para concursos (pdf + videaulas) no site.\",\"publisher\":{\"@id\":\"https:\/\/www.estrategiaconcursos.com.br\/blog\/#organization\"},\"potentialAction\":[{\"@type\":\"SearchAction\",\"target\":{\"@type\":\"EntryPoint\",\"urlTemplate\":\"https:\/\/www.estrategiaconcursos.com.br\/blog\/?s={search_term_string}\"},\"query-input\":{\"@type\":\"PropertyValueSpecification\",\"valueRequired\":true,\"valueName\":\"search_term_string\"}}],\"inLanguage\":\"pt-BR\"},{\"@type\":\"Organization\",\"@id\":\"https:\/\/www.estrategiaconcursos.com.br\/blog\/#organization\",\"name\":\"Estrat\u00e9gia Concursos\",\"url\":\"https:\/\/www.estrategiaconcursos.com.br\/blog\/\",\"logo\":{\"@type\":\"ImageObject\",\"inLanguage\":\"pt-BR\",\"@id\":\"https:\/\/www.estrategiaconcursos.com.br\/blog\/#\/schema\/logo\/image\/\",\"url\":\"https:\/\/dhg1h5j42swfq.cloudfront.net\/2025\/06\/03203428\/logo_concursos-1.jpg\",\"contentUrl\":\"https:\/\/dhg1h5j42swfq.cloudfront.net\/2025\/06\/03203428\/logo_concursos-1.jpg\",\"width\":230,\"height\":60,\"caption\":\"Estrat\u00e9gia Concursos\"},\"image\":{\"@id\":\"https:\/\/www.estrategiaconcursos.com.br\/blog\/#\/schema\/logo\/image\/\"},\"sameAs\":[\"https:\/\/x.com\/EstratConcursos\"]},{\"@type\":\"Person\",\"@id\":\"https:\/\/www.estrategiaconcursos.com.br\/blog\/#\/schema\/person\/b4a388c97673c5f483d72185668afa1f\",\"name\":\"Coordena\u00e7\u00e3o\",\"image\":{\"@type\":\"ImageObject\",\"inLanguage\":\"pt-BR\",\"@id\":\"https:\/\/secure.gravatar.com\/avatar\/b720319e4c9a967eb58678d110f4fe35452fc5d5f97b202bac7b8acceb18c6ad?s=96&d=mm&r=g\",\"url\":\"https:\/\/secure.gravatar.com\/avatar\/b720319e4c9a967eb58678d110f4fe35452fc5d5f97b202bac7b8acceb18c6ad?s=96&d=mm&r=g\",\"contentUrl\":\"https:\/\/secure.gravatar.com\/avatar\/b720319e4c9a967eb58678d110f4fe35452fc5d5f97b202bac7b8acceb18c6ad?s=96&d=mm&r=g\",\"caption\":\"Coordena\u00e7\u00e3o\"},\"sameAs\":[\"https:\/\/www.facebook.com\/EstrategiaConcursos\",\"https:\/\/x.com\/EstratConcursos\"],\"url\":\"https:\/\/www.estrategiaconcursos.com.br\/blog\/author\/estrategia2013\/\"}]}<\/script>\n<!-- \/ Yoast SEO Premium plugin. -->","yoast_head_json":{"title":"Aberto o per\u00edodo de inscri\u00e7\u00f5es para o concurso PGE-RO. Vagas para cargos em n\u00edveis m\u00e9dio e superior. Saiba mais!","description":"Come\u00e7a nesta segunda-feira, dia 21 de setembro, a partir das 14 horas, o per\u00edodo de inscri\u00e7\u00f5es para o concurso PGE-RO.","robots":{"index":"index","follow":"follow","max-snippet":"max-snippet:-1","max-image-preview":"max-image-preview:large","max-video-preview":"max-video-preview:-1"},"canonical":"https:\/\/www.estrategiaconcursos.com.br\/blog\/aberto-o-periodo-de-inscricoes-para-o-concurso-pge-ro-vagas-para-cargos-em-niveis-medio-e-superior-saiba-mais\/","og_locale":"pt_BR","og_type":"article","og_title":"Aberto o per\u00edodo de inscri\u00e7\u00f5es para o concurso PGE-RO. Vagas para cargos em n\u00edveis m\u00e9dio e superior. Saiba mais!","og_description":"Come\u00e7a nesta segunda-feira, dia 21 de setembro, a partir das 14 horas, o per\u00edodo de inscri\u00e7\u00f5es para o concurso PGE-RO.","og_url":"https:\/\/www.estrategiaconcursos.com.br\/blog\/aberto-o-periodo-de-inscricoes-para-o-concurso-pge-ro-vagas-para-cargos-em-niveis-medio-e-superior-saiba-mais\/","og_site_name":"Estrat\u00e9gia Concursos","article_author":"https:\/\/www.facebook.com\/EstrategiaConcursos","article_published_time":"2015-09-21T13:01:09+00:00","og_image":[{"url":"https:\/\/dhg1h5j42swfq.cloudfront.net\/2015\/09\/21095709\/concurso-PGE-RO.png","type":"","width":"","height":""}],"author":"Coordena\u00e7\u00e3o","twitter_card":"summary_large_image","twitter_creator":"@EstratConcursos","twitter_site":"@EstratConcursos","twitter_misc":{"Escrito por":"Coordena\u00e7\u00e3o","Est. tempo de leitura":"1 minuto"},"schema":{"@context":"https:\/\/schema.org","@graph":[{"@type":"NewsArticle","@id":"https:\/\/www.estrategiaconcursos.com.br\/blog\/aberto-o-periodo-de-inscricoes-para-o-concurso-pge-ro-vagas-para-cargos-em-niveis-medio-e-superior-saiba-mais\/#article","isPartOf":{"@id":"https:\/\/www.estrategiaconcursos.com.br\/blog\/aberto-o-periodo-de-inscricoes-para-o-concurso-pge-ro-vagas-para-cargos-em-niveis-medio-e-superior-saiba-mais\/"},"author":{"name":"Coordena\u00e7\u00e3o","@id":"https:\/\/www.estrategiaconcursos.com.br\/blog\/#\/schema\/person\/b4a388c97673c5f483d72185668afa1f"},"headline":"Aberto o per\u00edodo de inscri\u00e7\u00f5es para o concurso PGE-RO. Vagas para cargos em n\u00edveis m\u00e9dio e superior. Saiba mais!","datePublished":"2015-09-21T13:01:09+00:00","mainEntityOfPage":{"@id":"https:\/\/www.estrategiaconcursos.com.br\/blog\/aberto-o-periodo-de-inscricoes-para-o-concurso-pge-ro-vagas-para-cargos-em-niveis-medio-e-superior-saiba-mais\/"},"wordCount":292,"commentCount":0,"publisher":{"@id":"https:\/\/www.estrategiaconcursos.com.br\/blog\/#organization"},"image":{"@id":"https:\/\/www.estrategiaconcursos.com.br\/blog\/aberto-o-periodo-de-inscricoes-para-o-concurso-pge-ro-vagas-para-cargos-em-niveis-medio-e-superior-saiba-mais\/#primaryimage"},"thumbnailUrl":"https:\/\/dhg1h5j42swfq.cloudfront.net\/2015\/09\/21095709\/concurso-PGE-RO.png","keywords":["PGE-RO","Procurador Geral"],"articleSection":["Concursos P\u00fablicos"],"inLanguage":"pt-BR","potentialAction":[{"@type":"CommentAction","name":"Comment","target":["https:\/\/www.estrategiaconcursos.com.br\/blog\/aberto-o-periodo-de-inscricoes-para-o-concurso-pge-ro-vagas-para-cargos-em-niveis-medio-e-superior-saiba-mais\/#respond"]}],"copyrightYear":"2015","copyrightHolder":{"@id":"https:\/\/www.estrategiaconcursos.com.br\/blog\/#organization"}},{"@type":"WebPage","@id":"https:\/\/www.estrategiaconcursos.com.br\/blog\/aberto-o-periodo-de-inscricoes-para-o-concurso-pge-ro-vagas-para-cargos-em-niveis-medio-e-superior-saiba-mais\/","url":"https:\/\/www.estrategiaconcursos.com.br\/blog\/aberto-o-periodo-de-inscricoes-para-o-concurso-pge-ro-vagas-para-cargos-em-niveis-medio-e-superior-saiba-mais\/","name":"Aberto o per\u00edodo de inscri\u00e7\u00f5es para o concurso PGE-RO. Vagas para cargos em n\u00edveis m\u00e9dio e superior. Saiba mais!","isPartOf":{"@id":"https:\/\/www.estrategiaconcursos.com.br\/blog\/#website"},"primaryImageOfPage":{"@id":"https:\/\/www.estrategiaconcursos.com.br\/blog\/aberto-o-periodo-de-inscricoes-para-o-concurso-pge-ro-vagas-para-cargos-em-niveis-medio-e-superior-saiba-mais\/#primaryimage"},"image":{"@id":"https:\/\/www.estrategiaconcursos.com.br\/blog\/aberto-o-periodo-de-inscricoes-para-o-concurso-pge-ro-vagas-para-cargos-em-niveis-medio-e-superior-saiba-mais\/#primaryimage"},"thumbnailUrl":"https:\/\/dhg1h5j42swfq.cloudfront.net\/2015\/09\/21095709\/concurso-PGE-RO.png","datePublished":"2015-09-21T13:01:09+00:00","description":"Come\u00e7a nesta segunda-feira, dia 21 de setembro, a partir das 14 horas, o per\u00edodo de inscri\u00e7\u00f5es para o concurso PGE-RO.","breadcrumb":{"@id":"https:\/\/www.estrategiaconcursos.com.br\/blog\/aberto-o-periodo-de-inscricoes-para-o-concurso-pge-ro-vagas-para-cargos-em-niveis-medio-e-superior-saiba-mais\/#breadcrumb"},"inLanguage":"pt-BR","potentialAction":[{"@type":"ReadAction","target":["https:\/\/www.estrategiaconcursos.com.br\/blog\/aberto-o-periodo-de-inscricoes-para-o-concurso-pge-ro-vagas-para-cargos-em-niveis-medio-e-superior-saiba-mais\/"]}]},{"@type":"ImageObject","inLanguage":"pt-BR","@id":"https:\/\/www.estrategiaconcursos.com.br\/blog\/aberto-o-periodo-de-inscricoes-para-o-concurso-pge-ro-vagas-para-cargos-em-niveis-medio-e-superior-saiba-mais\/#primaryimage","url":"https:\/\/dhg1h5j42swfq.cloudfront.net\/2015\/09\/21095709\/concurso-PGE-RO.png","contentUrl":"https:\/\/dhg1h5j42swfq.cloudfront.net\/2015\/09\/21095709\/concurso-PGE-RO.png"},{"@type":"BreadcrumbList","@id":"https:\/\/www.estrategiaconcursos.com.br\/blog\/aberto-o-periodo-de-inscricoes-para-o-concurso-pge-ro-vagas-para-cargos-em-niveis-medio-e-superior-saiba-mais\/#breadcrumb","itemListElement":[{"@type":"ListItem","position":1,"name":"In\u00edcio","item":"https:\/\/www.estrategiaconcursos.com.br\/blog\/"},{"@type":"ListItem","position":2,"name":"Aberto o per\u00edodo de inscri\u00e7\u00f5es para o concurso PGE-RO. Vagas para cargos em n\u00edveis m\u00e9dio e superior. Saiba mais!"}]},{"@type":"WebSite","@id":"https:\/\/www.estrategiaconcursos.com.br\/blog\/#website","url":"https:\/\/www.estrategiaconcursos.com.br\/blog\/","name":"Estrat\u00e9gia Concursos","description":"O blog da Estrat\u00e9gia Concursos traz not\u00edcias sobre concursos e artigos de professores oferecendo cursos para concursos (pdf + videaulas) no site.","publisher":{"@id":"https:\/\/www.estrategiaconcursos.com.br\/blog\/#organization"},"potentialAction":[{"@type":"SearchAction","target":{"@type":"EntryPoint","urlTemplate":"https:\/\/www.estrategiaconcursos.com.br\/blog\/?s={search_term_string}"},"query-input":{"@type":"PropertyValueSpecification","valueRequired":true,"valueName":"search_term_string"}}],"inLanguage":"pt-BR"},{"@type":"Organization","@id":"https:\/\/www.estrategiaconcursos.com.br\/blog\/#organization","name":"Estrat\u00e9gia Concursos","url":"https:\/\/www.estrategiaconcursos.com.br\/blog\/","logo":{"@type":"ImageObject","inLanguage":"pt-BR","@id":"https:\/\/www.estrategiaconcursos.com.br\/blog\/#\/schema\/logo\/image\/","url":"https:\/\/dhg1h5j42swfq.cloudfront.net\/2025\/06\/03203428\/logo_concursos-1.jpg","contentUrl":"https:\/\/dhg1h5j42swfq.cloudfront.net\/2025\/06\/03203428\/logo_concursos-1.jpg","width":230,"height":60,"caption":"Estrat\u00e9gia Concursos"},"image":{"@id":"https:\/\/www.estrategiaconcursos.com.br\/blog\/#\/schema\/logo\/image\/"},"sameAs":["https:\/\/x.com\/EstratConcursos"]},{"@type":"Person","@id":"https:\/\/www.estrategiaconcursos.com.br\/blog\/#\/schema\/person\/b4a388c97673c5f483d72185668afa1f","name":"Coordena\u00e7\u00e3o","image":{"@type":"ImageObject","inLanguage":"pt-BR","@id":"https:\/\/secure.gravatar.com\/avatar\/b720319e4c9a967eb58678d110f4fe35452fc5d5f97b202bac7b8acceb18c6ad?s=96&d=mm&r=g","url":"https:\/\/secure.gravatar.com\/avatar\/b720319e4c9a967eb58678d110f4fe35452fc5d5f97b202bac7b8acceb18c6ad?s=96&d=mm&r=g","contentUrl":"https:\/\/secure.gravatar.com\/avatar\/b720319e4c9a967eb58678d110f4fe35452fc5d5f97b202bac7b8acceb18c6ad?s=96&d=mm&r=g","caption":"Coordena\u00e7\u00e3o"},"sameAs":["https:\/\/www.facebook.com\/EstrategiaConcursos","https:\/\/x.com\/EstratConcursos"],"url":"https:\/\/www.estrategiaconcursos.com.br\/blog\/author\/estrategia2013\/"}]}},"_links":{"self":[{"href":"https:\/\/www.estrategiaconcursos.com.br\/blog\/wp-json\/wp\/v2\/posts\/27258","targetHints":{"allow":["GET"]}}],"collection":[{"href":"https:\/\/www.estrategiaconcursos.com.br\/blog\/wp-json\/wp\/v2\/posts"}],"about":[{"href":"https:\/\/www.estrategiaconcursos.com.br\/blog\/wp-json\/wp\/v2\/types\/post"}],"author":[{"embeddable":true,"href":"https:\/\/www.estrategiaconcursos.com.br\/blog\/wp-json\/wp\/v2\/users\/1"}],"replies":[{"embeddable":true,"href":"https:\/\/www.estrategiaconcursos.com.br\/blog\/wp-json\/wp\/v2\/comments?post=27258"}],"version-history":[{"count":1,"href":"https:\/\/www.estrategiaconcursos.com.br\/blog\/wp-json\/wp\/v2\/posts\/27258\/revisions"}],"predecessor-version":[{"id":27260,"href":"https:\/\/www.estrategiaconcursos.com.br\/blog\/wp-json\/wp\/v2\/posts\/27258\/revisions\/27260"}],"wp:attachment":[{"href":"https:\/\/www.estrategiaconcursos.com.br\/blog\/wp-json\/wp\/v2\/media?parent=27258"}],"wp:term":[{"taxonomy":"category","embeddable":true,"href":"https:\/\/www.estrategiaconcursos.com.br\/blog\/wp-json\/wp\/v2\/categories?post=27258"},{"taxonomy":"post_tag","embeddable":true,"href":"https:\/\/www.estrategiaconcursos.com.br\/blog\/wp-json\/wp\/v2\/tags?post=27258"},{"taxonomy":"tax_estado","embeddable":true,"href":"https:\/\/www.estrategiaconcursos.com.br\/blog\/wp-json\/wp\/v2\/tax_estado?post=27258"}],"curies":[{"name":"wp","href":"https:\/\/api.w.org\/{rel}","templated":true}]}}