{"id":27221,"date":"2015-09-18T14:42:25","date_gmt":"2015-09-18T17:42:25","guid":{"rendered":"http:\/\/www.estrategiaconcursos.com.br\/blog\/?p=27221"},"modified":"2015-09-21T16:16:19","modified_gmt":"2015-09-21T19:16:19","slug":"cgm-sp-analise-preliminar-do-edital-auditor-de-controle-interno","status":"publish","type":"post","link":"https:\/\/www.estrategiaconcursos.com.br\/blog\/cgm-sp-analise-preliminar-do-edital-auditor-de-controle-interno\/","title":{"rendered":"CGM SP &#8211; An\u00e1lise preliminar do Edital &#8211; Auditor de Controle Interno"},"content":{"rendered":"<p>Ol\u00e1 Pessoal,<\/p>\n<p style=\"text-align: justify;\">Conforme mensagem da <a href=\"http:\/\/www.estrategiaconcursos.com.br\/blog\/concurso-cgm-sp-edital-publicado\/\">coordena\u00e7\u00e3o do Estrat\u00e9gia<\/a>, j\u00e1 temos o t\u00e3o aguardado concurso da Controladoria Geral do Munic\u00edpio de S\u00e3o Paulo. S\u00e3o <strong>TREZENTAS VAGAS!!<\/strong>! <strong>CEM<\/strong> delas para <strong>Auditor de Controle Interno<\/strong> e remunera\u00e7\u00e3o inicial de\u00a0<em><strong>13.900,00 (treze mil e novecentos reais)<\/strong><\/em>, &#8220;somada \u00e0s demais vantagens&#8221;\u00a0\u00a0E \u00e9 nesse cargo que focarei a an\u00e1lise preliminar.<\/p>\n<p style=\"text-align: justify;\">Lembrando que ainda h\u00e1 200 vagas para a mesma CGM para o cargo de <strong>Analista de Pol\u00edticas P\u00fablicas e Gest\u00e3o Governamental, c<\/strong>om remunera\u00e7\u00e3o inicial de <strong><em>R$ 9.000,00<\/em><\/strong>, conforme esse outro post (<a href=\"http:\/\/www.estrategiaconcursos.com.br\/blog\/concurso-smg-sp-200-vagas-p-analista-de-politicas-publicas-e-gestao-governamental\/\">AQUI<\/a>).<\/p>\n<p style=\"text-align: justify;\">Voltando ao cargo de Auditor: meu artigo vai trazer algumas contas preliminares sobre as mat\u00e9rias com maior peso e algumas dicas para voc\u00ea agir nesse momento.<\/p>\n<p style=\"text-align: justify;\">S\u00e3o 3 \u00e1reas\u00a0(Geral, Correi\u00e7\u00e3o e Infra)\u00a0e 100 vagas em jogo. Como a \u00e1rea <strong>GERAL<\/strong> possui mais vagas (72) e dever\u00e1 ser a mais procurada, fiz a an\u00e1lise mais direcionada\u00a0para essa prova.<\/p>\n<p style=\"text-align: justify;\">Mas j\u00e1 come\u00e7o com informa\u00e7\u00f5es\u00a0que valem para as 3 \u00e1reas.<\/p>\n<p>A VUNESP, banca dessa sele\u00e7\u00e3o, separou as disciplinas em 3 blocos:<\/p>\n<ul>\n<li>Conhecimentos B\u00e1sicos (vale para todas as \u00e1reas)<\/li>\n<li>Conhecimentos Espec\u00edficos (vale para todas as \u00e1reas)<\/li>\n<li>Conhecimentos Especializados (s\u00f3 vale para a \u00e1rea escolhida)<\/li>\n<\/ul>\n<p>&nbsp;<\/p>\n<p><a href=\"https:\/\/dhg1h5j42swfq.cloudfront.net\/2015\/09\/18121223\/peso-objetivas.png\"><img loading=\"lazy\" decoding=\"async\" class=\"  wp-image-27216 aligncenter\" src=\"https:\/\/dhg1h5j42swfq.cloudfront.net\/2015\/09\/18121223\/peso-objetivas-300x191.png\" alt=\"peso objetivas\" width=\"300\" height=\"191\" srcset=\"https:\/\/dhg1h5j42swfq.cloudfront.net\/2015\/09\/18121223\/peso-objetivas.png 300w, https:\/\/dhg1h5j42swfq.cloudfront.net\/2015\/09\/18121223\/peso-objetivas.png 361w\" sizes=\"auto, (max-width: 300px) 100vw, 300px\" \/><\/a><\/p>\n<p>&nbsp;<\/p>\n<p style=\"text-align: justify;\">Note \u00a0que no gr\u00e1fico acima o peso maior \u00e9 de Conhecimentos Especializados, o que \u00e9 \u00f3bvio, mas repare tamb\u00e9m que esse bloco vale mais do que a soma dos dois primeiros blocos! Veja \u00a0no <a href=\"http:\/\/www.estrategiaconcursos.com.br\/blog\/concurso-cgm-sp-edital-publicado\/\">post da coordena\u00e7\u00e3o<\/a> a tabela com todas as disciplinas, caso queira ver mais detalhes como pontua\u00e7\u00e3o por mat\u00e9ria.<\/p>\n<p>\u00c9 natural e esperado que a prova discursiva tamb\u00e9m priorize quest\u00f5es desse bloco. No caso da \u00e1rea Geral, elas s\u00e3o:<\/p>\n<ul>\n<li>Contabilidade Geral<\/li>\n<li>Contabilidade P\u00fablica<\/li>\n<li>Auditoria em Tecnologia<\/li>\n<li>Pol\u00edticas P\u00fablicas<\/li>\n<li>Economia<\/li>\n<\/ul>\n<p style=\"text-align: justify;\">Esse grup\u00e3o de disciplinas vale 55% de todos os pontos da prova Objetiva!!!<\/p>\n<p style=\"text-align: justify;\">Mas como nem tudo s\u00e3o flores, vamos diluir essa pontua\u00e7\u00e3o dentro da pontua\u00e7\u00e3o total, considerando as Discursivas:<\/p>\n<p><a href=\"https:\/\/dhg1h5j42swfq.cloudfront.net\/2015\/09\/18122214\/peso-com-objetivas-e-discursivas.png\"><img loading=\"lazy\" decoding=\"async\" class=\" size-medium wp-image-27217 aligncenter\" src=\"https:\/\/dhg1h5j42swfq.cloudfront.net\/2015\/09\/18122214\/peso-com-objetivas-e-discursivas-300x171.png\" alt=\"peso com objetivas e discursivas\" width=\"300\" height=\"171\" srcset=\"https:\/\/dhg1h5j42swfq.cloudfront.net\/2015\/09\/18122214\/peso-com-objetivas-e-discursivas.png 300w, https:\/\/dhg1h5j42swfq.cloudfront.net\/2015\/09\/18122214\/peso-com-objetivas-e-discursivas.png 355w\" sizes=\"auto, (max-width: 300px) 100vw, 300px\" \/><\/a><\/p>\n<p>&nbsp;<\/p>\n<p style=\"text-align: justify;\">Nota-se que ainda s\u00e3o 27% dos pontos no Grupo de Conhecimentos Especializados e&#8230;..50% de todos os pontos est\u00e3o na Discursiva! Certamente \u00e9 onde acontecer\u00e1 a decis\u00e3o final , sendo que ser\u00e3o considerados aprovados (ou habilitados) os que:<\/p>\n<ul>\n<li>N\u00e3o zerarem nenhuma mat\u00e9ria (\u00e9 mat\u00e9ria e n\u00e3o bloco de mat\u00e9rias).<\/li>\n<li>Fizerem 50% da pontua\u00e7\u00e3o total da prova, ou seja 110 pontos de 220.<\/li>\n<li>Estiverem na lista com as melhores notas, considerando o qu\u00e1druplo de vagas por \u00e1rea e considerando os empatados na \u00faltima posi\u00e7\u00e3o (288 candidatos ou mais na \u00e1rea Geral, caso haja empatados na posi\u00e7\u00e3o 288).<\/li>\n<\/ul>\n<p style=\"text-align: justify;\">Se conseguir ficar nessa lista voc\u00ea pode tirar a diferen\u00e7a de um\u00a0resultado n\u00e3o t\u00e3o bom nas\u00a0objetivas com uma discursiva exemplar. H\u00e1 v\u00e1rias e v\u00e1rias hist\u00f3rias assim nos depoimentos de aprovados. Pode conferir.<\/p>\n<p style=\"text-align: justify;\">Um outro fator positivo \u00e9 o fato de a prova discursiva \u00a0acontecer posteriormente \u00e0s objetivas. Voc\u00ea ter\u00e1 <strong><em>35\u00a0DIAS <\/em><\/strong><em>(entre 15 de novembro e 20 de dezembro)<\/em><strong><em>\u00a0<\/em><\/strong>\u00a0para se preparar e aparar as arestas. E depois poder\u00e1 descansar bastante \u00a0no Natal e Ano Novo :).<\/p>\n<p>Agora sendo mais espec\u00edfico e com a finalidade de exemplificar os pesos das disciplinas (nas objetivas) para a \u00c1rea Geral:<\/p>\n<p><a href=\"https:\/\/dhg1h5j42swfq.cloudfront.net\/2015\/09\/18123520\/treemap-Geral_sem-discursivas.png\"><img loading=\"lazy\" decoding=\"async\" class=\" size-full wp-image-27218 aligncenter\" src=\"https:\/\/dhg1h5j42swfq.cloudfront.net\/2015\/09\/18123520\/treemap-Geral_sem-discursivas.png\" alt=\"treemap Geral_sem discursivas\" width=\"282\" height=\"194\" \/><\/a><\/p>\n<p style=\"text-align: justify;\">O gr\u00e1fico acima mostra em escala real quais seriam as disciplinas mais relevantes em termos de pontua\u00e7\u00e3o. Note como <strong>Contabilidade Geral e Contabilidade P\u00fablica<\/strong> s\u00e3o important\u00edssimas com <strong>28% dos pontos<\/strong> e um grande conte\u00fado a ser estudado. E vejam que Exatas (Matem\u00e1tica Financeira, Racioc\u00ednio L\u00f3gico e Estat\u00edstica) que tamb\u00e9m \u00e9 gigantesca, mas tem \u00a0apenas <strong>2,7%<\/strong>\u00a0dos pontos de todas as provas objetivas! <span style=\"text-decoration: underline;\">Mas lembre-se que s\u00e3o 6 quest\u00f5es e voc\u00ea precisa acertar pelo menos 1 para n\u00e3o ser eliminado. <\/span>Se passou pela sua cabe\u00e7a abandonar completamente essa mat\u00e9ria, esque\u00e7a.<\/p>\n<p style=\"text-align: justify;\">E h\u00e1 situa\u00e7\u00f5es de concentra\u00e7\u00e3o de pontos ainda mais gritantes. Para a \u00c1rea de Correi\u00e7\u00e3o 28% de todos os pontos das objetivas est\u00e3o em Direito Administrativo! Fora a discursiva.<\/p>\n<p style=\"text-align: justify;\">Bom&#8230;vamos encerrando. H\u00e1 muito o que ser visto, certo?<\/p>\n<p style=\"text-align: justify;\">Independentemente da \u00e1rea que voc\u00ea escolha, \u00e9 prov\u00e1vel que haja mat\u00e9rias que voc\u00ea nunca \u00a0tenha estudado. Quem estuda para \u00c1rea Fiscal, por exemplo, n\u00e3o v\u00ea &#8220;Auditoria em Tecnologia da Informa\u00e7\u00e3o&#8221;. Minha sugest\u00e3o para esses casos de mat\u00e9rias &#8220;novas&#8221; \u00e9 que voc\u00ea aguarde.<\/p>\n<p style=\"text-align: justify;\">&#8211; Mas o edital saiu Ronaldo !!! N\u00e3o vou aguardar nada! Vou estudar que nem louco ainda hoje!<\/p>\n<p style=\"text-align: justify;\">&#8211; Sim, saiu, mas provavelmente voc\u00ea possui v\u00e1rias disciplinas que ainda precisam ser estudadas ou, no m\u00ednimo, revisadas. Fa\u00e7a isso. E aguarde, pois em quest\u00e3o de poucos dias voc\u00ea ter\u00e1 v\u00e1rias op\u00e7\u00f5es e artigos sendo escritos sobre cada uma das &#8220;novidades&#8221;. Hoje \u00e9 o dia da organiza\u00e7\u00e3o. N\u00e3o adianta se desesperar nesse momento. Invista um dia no planejamento.<\/p>\n<p style=\"text-align: justify;\">Quer outra informa\u00e7\u00e3o interessante. Essa \u00e9 a rela\u00e7\u00e3o gr\u00e1fica entre mat\u00e9rias que s\u00e3o &#8220;novas&#8221; para a maior parte dos candidatos da \u00c1rea Fiscal e disciplinas mais corriqueiras para esses estudantes. E fiz essa compara\u00e7\u00e3o porque sei que a essa altura muitos est\u00e3o analisando se devem ou n\u00e3o mirar nesse concurso.<\/p>\n<p style=\"text-align: justify;\"><a href=\"https:\/\/dhg1h5j42swfq.cloudfront.net\/2015\/09\/18142413\/BASE-AREA-FISCAL.png\"><img loading=\"lazy\" decoding=\"async\" class=\"  wp-image-27228 aligncenter\" src=\"https:\/\/dhg1h5j42swfq.cloudfront.net\/2015\/09\/18142413\/BASE-AREA-FISCAL-300x197.png\" alt=\"BASE AREA FISCAL\" width=\"343\" height=\"230\" \/><\/a><\/p>\n<p style=\"text-align: justify;\">Para a \u00e1rea <strong>GERAL<\/strong>, esses 50% dos\u00a0pontos est\u00e3o nas seguintes disciplinas:<\/p>\n<ol>\n<li style=\"text-align: justify;\">Contabilidade Geral<\/li>\n<li style=\"text-align: justify;\">L\u00edngua Portuguesa<\/li>\n<li style=\"text-align: justify;\">Exatas<\/li>\n<li style=\"text-align: justify;\">Administra\u00e7\u00e3o P\u00fablica<\/li>\n<li style=\"text-align: justify;\">Direitos (Constitucional e Administrativo)<\/li>\n<li style=\"text-align: justify;\">Economia<\/li>\n<\/ol>\n<p style=\"text-align: justify;\">Bom, pessoal, meu intuito n\u00e3o foi dissecar o edital, mas fazer uma breve an\u00e1lise macro para quem ainda n\u00e3o p\u00f4de l\u00ea-lo ( Clique <a href=\"http:\/\/www.vunesp.com.br\/SMGE1502\/\">AQUI\u00a0<\/a>para baixar o edital de Auditor e <a href=\"http:\/\/www.vunesp.com.br\/SMGE1501\/\">AQUI<\/a> para o de Analista) .<\/p>\n<p style=\"text-align: justify;\">O Estrat\u00e9gia lan\u00e7ar\u00e1 seu pacote em breve e voc\u00ea poder\u00e1 ler as aulas demonstrativas sem atropelo. Agora, sem trocadilhos, \u00e9 hora de estrat\u00e9gia, de analisar seus pontos fortes e fracos e ter CONFIAN\u00c7A nos estudos! \u00a0N\u00e3o perca tempo procurando desesperadamente pelo conte\u00fado novo. Em menos de duas semanas o cen\u00e1rio estar\u00e1 estabilizado e voc\u00ea n\u00e3o pode perder esse tempo sem estudar, pois &#8230;.<\/p>\n<p style=\"text-align: justify;\"><strong>FOI DADA A LARGADA!!<\/strong><\/p>\n<p style=\"text-align: justify;\">P.s. se voc\u00ea ainda n\u00e3o conhece nosso Canal no Youtube do Estrat\u00e9gia Concursos, recomendo uma visita (na sua hora de folga dos estudos, claro). H\u00e1 muito conte\u00fado gerado pela equipe de Professores e Coaches. Eis \u00a0o <a href=\"https:\/\/www.youtube.com\/user\/EstrategiaCursos\/videos\">LINK<\/a>.<\/p>\n<p style=\"text-align: justify;\"><a href=\"http:\/\/www.estrategiaconcursos.com.br\/blog\/author\/ronaldofonsecaestrategiaconcursos-com-br\/\">P.s. 2 &#8211; Lista dos meus artigos anteriores<\/a>. Se esse artigo tiver auxiliado, d\u00ea um \u00a0&#8220;curtir&#8221;&#8230;rs. Se n\u00e3o tiver gostado, tamb\u00e9m pode me avisar, ok? O importante \u00e9 o feedback!<\/p>\n<p style=\"text-align: justify;\">P.s. 3. Os percentuais dos gr\u00e1ficos est\u00e3o arredondados.<\/p>\n<p style=\"text-align: justify;\">Um abra\u00e7o e \u00f3timos estudos!<\/p>\n<p style=\"text-align: justify;\"><strong>P.s. 3 &#8211;<\/strong>\u00a0n\u00e3o perca o <strong>aul\u00e3o gratuito<\/strong> a ser ministrado no dia 23\/09, \u00e0s 20:00hs, sobre este concurso: <span style=\"text-decoration: underline;\"><span style=\"color: #0000ff;\"><a href=\"http:\/\/app.webinarjam.net\/register\/14759\/51b6c88911\" target=\"_blank\">http:\/\/app.webinarjam.net\/register\/14759\/51b6c88911<\/a><\/span><\/span><\/p>\n","protected":false},"excerpt":{"rendered":"<p>Ol\u00e1 Pessoal, Conforme mensagem da coordena\u00e7\u00e3o do Estrat\u00e9gia, j\u00e1 temos o t\u00e3o aguardado concurso da Controladoria Geral do Munic\u00edpio de S\u00e3o Paulo. S\u00e3o TREZENTAS VAGAS!!! CEM delas para Auditor de Controle Interno e remunera\u00e7\u00e3o inicial de\u00a013.900,00 (treze mil e novecentos reais), &#8220;somada \u00e0s demais vantagens&#8221;\u00a0\u00a0E \u00e9 nesse cargo que focarei a an\u00e1lise preliminar. Lembrando que [&hellip;]<\/p>\n","protected":false},"author":48,"featured_media":0,"comment_status":"open","ping_status":"open","sticky":false,"template":"","format":"standard","meta":{"post_tipo":"article","footnotes":""},"categories":[1],"tags":[],"tax_estado":[],"class_list":["post-27221","post","type-post","status-publish","format-standard","hentry","category-cursos-e-concursos"],"acf":[],"yoast_head":"<!-- This site is optimized with the Yoast SEO Premium plugin v27.2 (Yoast SEO v27.2) - https:\/\/yoast.com\/product\/yoast-seo-premium-wordpress\/ -->\n<title>CGM SP - An\u00e1lise preliminar do Edital - Auditor de Controle Interno<\/title>\n<meta name=\"description\" content=\"CGM, AUDITOR, ANALISTA, FISCAL\" \/>\n<meta name=\"robots\" content=\"index, follow, max-snippet:-1, max-image-preview:large, max-video-preview:-1\" \/>\n<link rel=\"canonical\" href=\"https:\/\/www.estrategiaconcursos.com.br\/blog\/cgm-sp-analise-preliminar-do-edital-auditor-de-controle-interno\/\" \/>\n<meta property=\"og:locale\" content=\"pt_BR\" \/>\n<meta property=\"og:type\" content=\"article\" \/>\n<meta property=\"og:title\" content=\"CGM SP - An\u00e1lise preliminar do Edital - Auditor de Controle Interno\" \/>\n<meta property=\"og:description\" content=\"CGM, AUDITOR, ANALISTA, FISCAL\" \/>\n<meta property=\"og:url\" content=\"https:\/\/www.estrategiaconcursos.com.br\/blog\/cgm-sp-analise-preliminar-do-edital-auditor-de-controle-interno\/\" \/>\n<meta property=\"og:site_name\" content=\"Estrat\u00e9gia Concursos\" \/>\n<meta property=\"article:published_time\" content=\"2015-09-18T17:42:25+00:00\" \/>\n<meta property=\"article:modified_time\" content=\"2015-09-21T19:16:19+00:00\" \/>\n<meta property=\"og:image\" content=\"https:\/\/dhg1h5j42swfq.cloudfront.net\/2015\/09\/18121223\/peso-objetivas-300x191.png\" \/>\n<meta name=\"author\" content=\"Coordena\u00e7\u00e3o\" \/>\n<meta name=\"twitter:card\" content=\"summary_large_image\" \/>\n<meta name=\"twitter:creator\" content=\"@EstratConcursos\" \/>\n<meta name=\"twitter:site\" content=\"@EstratConcursos\" \/>\n<meta name=\"twitter:label1\" content=\"Escrito por\" \/>\n\t<meta name=\"twitter:data1\" content=\"Coordena\u00e7\u00e3o\" \/>\n\t<meta name=\"twitter:label2\" content=\"Est. tempo de leitura\" \/>\n\t<meta name=\"twitter:data2\" content=\"6 minutos\" \/>\n<script type=\"application\/ld+json\" class=\"yoast-schema-graph\">{\"@context\":\"https:\/\/schema.org\",\"@graph\":[{\"@type\":\"NewsArticle\",\"@id\":\"https:\/\/www.estrategiaconcursos.com.br\/blog\/cgm-sp-analise-preliminar-do-edital-auditor-de-controle-interno\/#article\",\"isPartOf\":{\"@id\":\"https:\/\/www.estrategiaconcursos.com.br\/blog\/cgm-sp-analise-preliminar-do-edital-auditor-de-controle-interno\/\"},\"author\":{\"name\":\"Coordena\u00e7\u00e3o\",\"@id\":\"https:\/\/www.estrategiaconcursos.com.br\/blog\/#\/schema\/person\/cdad40b5818eb228a838461fcd656da7\"},\"headline\":\"CGM SP &#8211; An\u00e1lise preliminar do Edital &#8211; Auditor de Controle Interno\",\"datePublished\":\"2015-09-18T17:42:25+00:00\",\"dateModified\":\"2015-09-21T19:16:19+00:00\",\"mainEntityOfPage\":{\"@id\":\"https:\/\/www.estrategiaconcursos.com.br\/blog\/cgm-sp-analise-preliminar-do-edital-auditor-de-controle-interno\/\"},\"wordCount\":1127,\"commentCount\":18,\"publisher\":{\"@id\":\"https:\/\/www.estrategiaconcursos.com.br\/blog\/#organization\"},\"image\":{\"@id\":\"https:\/\/www.estrategiaconcursos.com.br\/blog\/cgm-sp-analise-preliminar-do-edital-auditor-de-controle-interno\/#primaryimage\"},\"thumbnailUrl\":\"https:\/\/dhg1h5j42swfq.cloudfront.net\/2015\/09\/18121223\/peso-objetivas-300x191.png\",\"articleSection\":[\"Concursos P\u00fablicos\"],\"inLanguage\":\"pt-BR\",\"potentialAction\":[{\"@type\":\"CommentAction\",\"name\":\"Comment\",\"target\":[\"https:\/\/www.estrategiaconcursos.com.br\/blog\/cgm-sp-analise-preliminar-do-edital-auditor-de-controle-interno\/#respond\"]}],\"copyrightYear\":\"2015\",\"copyrightHolder\":{\"@id\":\"https:\/\/www.estrategiaconcursos.com.br\/blog\/#organization\"}},{\"@type\":\"WebPage\",\"@id\":\"https:\/\/www.estrategiaconcursos.com.br\/blog\/cgm-sp-analise-preliminar-do-edital-auditor-de-controle-interno\/\",\"url\":\"https:\/\/www.estrategiaconcursos.com.br\/blog\/cgm-sp-analise-preliminar-do-edital-auditor-de-controle-interno\/\",\"name\":\"CGM SP - An\u00e1lise preliminar do Edital - Auditor de Controle Interno\",\"isPartOf\":{\"@id\":\"https:\/\/www.estrategiaconcursos.com.br\/blog\/#website\"},\"primaryImageOfPage\":{\"@id\":\"https:\/\/www.estrategiaconcursos.com.br\/blog\/cgm-sp-analise-preliminar-do-edital-auditor-de-controle-interno\/#primaryimage\"},\"image\":{\"@id\":\"https:\/\/www.estrategiaconcursos.com.br\/blog\/cgm-sp-analise-preliminar-do-edital-auditor-de-controle-interno\/#primaryimage\"},\"thumbnailUrl\":\"https:\/\/dhg1h5j42swfq.cloudfront.net\/2015\/09\/18121223\/peso-objetivas-300x191.png\",\"datePublished\":\"2015-09-18T17:42:25+00:00\",\"dateModified\":\"2015-09-21T19:16:19+00:00\",\"description\":\"CGM, AUDITOR, ANALISTA, FISCAL\",\"breadcrumb\":{\"@id\":\"https:\/\/www.estrategiaconcursos.com.br\/blog\/cgm-sp-analise-preliminar-do-edital-auditor-de-controle-interno\/#breadcrumb\"},\"inLanguage\":\"pt-BR\",\"potentialAction\":[{\"@type\":\"ReadAction\",\"target\":[\"https:\/\/www.estrategiaconcursos.com.br\/blog\/cgm-sp-analise-preliminar-do-edital-auditor-de-controle-interno\/\"]}]},{\"@type\":\"ImageObject\",\"inLanguage\":\"pt-BR\",\"@id\":\"https:\/\/www.estrategiaconcursos.com.br\/blog\/cgm-sp-analise-preliminar-do-edital-auditor-de-controle-interno\/#primaryimage\",\"url\":\"https:\/\/dhg1h5j42swfq.cloudfront.net\/2015\/09\/18121223\/peso-objetivas-300x191.png\",\"contentUrl\":\"https:\/\/dhg1h5j42swfq.cloudfront.net\/2015\/09\/18121223\/peso-objetivas-300x191.png\"},{\"@type\":\"BreadcrumbList\",\"@id\":\"https:\/\/www.estrategiaconcursos.com.br\/blog\/cgm-sp-analise-preliminar-do-edital-auditor-de-controle-interno\/#breadcrumb\",\"itemListElement\":[{\"@type\":\"ListItem\",\"position\":1,\"name\":\"In\u00edcio\",\"item\":\"https:\/\/www.estrategiaconcursos.com.br\/blog\/\"},{\"@type\":\"ListItem\",\"position\":2,\"name\":\"CGM SP &#8211; An\u00e1lise preliminar do Edital &#8211; Auditor de Controle Interno\"}]},{\"@type\":\"WebSite\",\"@id\":\"https:\/\/www.estrategiaconcursos.com.br\/blog\/#website\",\"url\":\"https:\/\/www.estrategiaconcursos.com.br\/blog\/\",\"name\":\"Estrat\u00e9gia Concursos\",\"description\":\"O blog da Estrat\u00e9gia Concursos traz not\u00edcias sobre concursos e artigos de professores oferecendo cursos para concursos (pdf + videaulas) no site.\",\"publisher\":{\"@id\":\"https:\/\/www.estrategiaconcursos.com.br\/blog\/#organization\"},\"potentialAction\":[{\"@type\":\"SearchAction\",\"target\":{\"@type\":\"EntryPoint\",\"urlTemplate\":\"https:\/\/www.estrategiaconcursos.com.br\/blog\/?s={search_term_string}\"},\"query-input\":{\"@type\":\"PropertyValueSpecification\",\"valueRequired\":true,\"valueName\":\"search_term_string\"}}],\"inLanguage\":\"pt-BR\"},{\"@type\":\"Organization\",\"@id\":\"https:\/\/www.estrategiaconcursos.com.br\/blog\/#organization\",\"name\":\"Estrat\u00e9gia Concursos\",\"url\":\"https:\/\/www.estrategiaconcursos.com.br\/blog\/\",\"logo\":{\"@type\":\"ImageObject\",\"inLanguage\":\"pt-BR\",\"@id\":\"https:\/\/www.estrategiaconcursos.com.br\/blog\/#\/schema\/logo\/image\/\",\"url\":\"https:\/\/dhg1h5j42swfq.cloudfront.net\/2025\/06\/03203428\/logo_concursos-1.jpg\",\"contentUrl\":\"https:\/\/dhg1h5j42swfq.cloudfront.net\/2025\/06\/03203428\/logo_concursos-1.jpg\",\"width\":230,\"height\":60,\"caption\":\"Estrat\u00e9gia Concursos\"},\"image\":{\"@id\":\"https:\/\/www.estrategiaconcursos.com.br\/blog\/#\/schema\/logo\/image\/\"},\"sameAs\":[\"https:\/\/x.com\/EstratConcursos\"]},{\"@type\":\"Person\",\"@id\":\"https:\/\/www.estrategiaconcursos.com.br\/blog\/#\/schema\/person\/cdad40b5818eb228a838461fcd656da7\",\"name\":\"Coordena\u00e7\u00e3o\",\"image\":{\"@type\":\"ImageObject\",\"inLanguage\":\"pt-BR\",\"@id\":\"https:\/\/secure.gravatar.com\/avatar\/a413b22da0f5009c634f6c4586a2dbe5207074fd5becd88db5183b8069ef25e4?s=96&d=mm&r=g\",\"url\":\"https:\/\/secure.gravatar.com\/avatar\/a413b22da0f5009c634f6c4586a2dbe5207074fd5becd88db5183b8069ef25e4?s=96&d=mm&r=g\",\"contentUrl\":\"https:\/\/secure.gravatar.com\/avatar\/a413b22da0f5009c634f6c4586a2dbe5207074fd5becd88db5183b8069ef25e4?s=96&d=mm&r=g\",\"caption\":\"Coordena\u00e7\u00e3o\"},\"url\":\"https:\/\/www.estrategiaconcursos.com.br\/blog\/author\/contatoestrategiaconcursos-com-br\/\"}]}<\/script>\n<!-- \/ Yoast SEO Premium plugin. -->","yoast_head_json":{"title":"CGM SP - An\u00e1lise preliminar do Edital - Auditor de Controle Interno","description":"CGM, AUDITOR, ANALISTA, FISCAL","robots":{"index":"index","follow":"follow","max-snippet":"max-snippet:-1","max-image-preview":"max-image-preview:large","max-video-preview":"max-video-preview:-1"},"canonical":"https:\/\/www.estrategiaconcursos.com.br\/blog\/cgm-sp-analise-preliminar-do-edital-auditor-de-controle-interno\/","og_locale":"pt_BR","og_type":"article","og_title":"CGM SP - An\u00e1lise preliminar do Edital - Auditor de Controle Interno","og_description":"CGM, AUDITOR, ANALISTA, FISCAL","og_url":"https:\/\/www.estrategiaconcursos.com.br\/blog\/cgm-sp-analise-preliminar-do-edital-auditor-de-controle-interno\/","og_site_name":"Estrat\u00e9gia Concursos","article_published_time":"2015-09-18T17:42:25+00:00","article_modified_time":"2015-09-21T19:16:19+00:00","og_image":[{"url":"https:\/\/dhg1h5j42swfq.cloudfront.net\/2015\/09\/18121223\/peso-objetivas-300x191.png","type":"","width":"","height":""}],"author":"Coordena\u00e7\u00e3o","twitter_card":"summary_large_image","twitter_creator":"@EstratConcursos","twitter_site":"@EstratConcursos","twitter_misc":{"Escrito por":"Coordena\u00e7\u00e3o","Est. tempo de leitura":"6 minutos"},"schema":{"@context":"https:\/\/schema.org","@graph":[{"@type":"NewsArticle","@id":"https:\/\/www.estrategiaconcursos.com.br\/blog\/cgm-sp-analise-preliminar-do-edital-auditor-de-controle-interno\/#article","isPartOf":{"@id":"https:\/\/www.estrategiaconcursos.com.br\/blog\/cgm-sp-analise-preliminar-do-edital-auditor-de-controle-interno\/"},"author":{"name":"Coordena\u00e7\u00e3o","@id":"https:\/\/www.estrategiaconcursos.com.br\/blog\/#\/schema\/person\/cdad40b5818eb228a838461fcd656da7"},"headline":"CGM SP &#8211; An\u00e1lise preliminar do Edital &#8211; Auditor de Controle Interno","datePublished":"2015-09-18T17:42:25+00:00","dateModified":"2015-09-21T19:16:19+00:00","mainEntityOfPage":{"@id":"https:\/\/www.estrategiaconcursos.com.br\/blog\/cgm-sp-analise-preliminar-do-edital-auditor-de-controle-interno\/"},"wordCount":1127,"commentCount":18,"publisher":{"@id":"https:\/\/www.estrategiaconcursos.com.br\/blog\/#organization"},"image":{"@id":"https:\/\/www.estrategiaconcursos.com.br\/blog\/cgm-sp-analise-preliminar-do-edital-auditor-de-controle-interno\/#primaryimage"},"thumbnailUrl":"https:\/\/dhg1h5j42swfq.cloudfront.net\/2015\/09\/18121223\/peso-objetivas-300x191.png","articleSection":["Concursos P\u00fablicos"],"inLanguage":"pt-BR","potentialAction":[{"@type":"CommentAction","name":"Comment","target":["https:\/\/www.estrategiaconcursos.com.br\/blog\/cgm-sp-analise-preliminar-do-edital-auditor-de-controle-interno\/#respond"]}],"copyrightYear":"2015","copyrightHolder":{"@id":"https:\/\/www.estrategiaconcursos.com.br\/blog\/#organization"}},{"@type":"WebPage","@id":"https:\/\/www.estrategiaconcursos.com.br\/blog\/cgm-sp-analise-preliminar-do-edital-auditor-de-controle-interno\/","url":"https:\/\/www.estrategiaconcursos.com.br\/blog\/cgm-sp-analise-preliminar-do-edital-auditor-de-controle-interno\/","name":"CGM SP - An\u00e1lise preliminar do Edital - Auditor de Controle Interno","isPartOf":{"@id":"https:\/\/www.estrategiaconcursos.com.br\/blog\/#website"},"primaryImageOfPage":{"@id":"https:\/\/www.estrategiaconcursos.com.br\/blog\/cgm-sp-analise-preliminar-do-edital-auditor-de-controle-interno\/#primaryimage"},"image":{"@id":"https:\/\/www.estrategiaconcursos.com.br\/blog\/cgm-sp-analise-preliminar-do-edital-auditor-de-controle-interno\/#primaryimage"},"thumbnailUrl":"https:\/\/dhg1h5j42swfq.cloudfront.net\/2015\/09\/18121223\/peso-objetivas-300x191.png","datePublished":"2015-09-18T17:42:25+00:00","dateModified":"2015-09-21T19:16:19+00:00","description":"CGM, AUDITOR, ANALISTA, FISCAL","breadcrumb":{"@id":"https:\/\/www.estrategiaconcursos.com.br\/blog\/cgm-sp-analise-preliminar-do-edital-auditor-de-controle-interno\/#breadcrumb"},"inLanguage":"pt-BR","potentialAction":[{"@type":"ReadAction","target":["https:\/\/www.estrategiaconcursos.com.br\/blog\/cgm-sp-analise-preliminar-do-edital-auditor-de-controle-interno\/"]}]},{"@type":"ImageObject","inLanguage":"pt-BR","@id":"https:\/\/www.estrategiaconcursos.com.br\/blog\/cgm-sp-analise-preliminar-do-edital-auditor-de-controle-interno\/#primaryimage","url":"https:\/\/dhg1h5j42swfq.cloudfront.net\/2015\/09\/18121223\/peso-objetivas-300x191.png","contentUrl":"https:\/\/dhg1h5j42swfq.cloudfront.net\/2015\/09\/18121223\/peso-objetivas-300x191.png"},{"@type":"BreadcrumbList","@id":"https:\/\/www.estrategiaconcursos.com.br\/blog\/cgm-sp-analise-preliminar-do-edital-auditor-de-controle-interno\/#breadcrumb","itemListElement":[{"@type":"ListItem","position":1,"name":"In\u00edcio","item":"https:\/\/www.estrategiaconcursos.com.br\/blog\/"},{"@type":"ListItem","position":2,"name":"CGM SP &#8211; An\u00e1lise preliminar do Edital &#8211; Auditor de Controle Interno"}]},{"@type":"WebSite","@id":"https:\/\/www.estrategiaconcursos.com.br\/blog\/#website","url":"https:\/\/www.estrategiaconcursos.com.br\/blog\/","name":"Estrat\u00e9gia Concursos","description":"O blog da Estrat\u00e9gia Concursos traz not\u00edcias sobre concursos e artigos de professores oferecendo cursos para concursos (pdf + videaulas) no site.","publisher":{"@id":"https:\/\/www.estrategiaconcursos.com.br\/blog\/#organization"},"potentialAction":[{"@type":"SearchAction","target":{"@type":"EntryPoint","urlTemplate":"https:\/\/www.estrategiaconcursos.com.br\/blog\/?s={search_term_string}"},"query-input":{"@type":"PropertyValueSpecification","valueRequired":true,"valueName":"search_term_string"}}],"inLanguage":"pt-BR"},{"@type":"Organization","@id":"https:\/\/www.estrategiaconcursos.com.br\/blog\/#organization","name":"Estrat\u00e9gia Concursos","url":"https:\/\/www.estrategiaconcursos.com.br\/blog\/","logo":{"@type":"ImageObject","inLanguage":"pt-BR","@id":"https:\/\/www.estrategiaconcursos.com.br\/blog\/#\/schema\/logo\/image\/","url":"https:\/\/dhg1h5j42swfq.cloudfront.net\/2025\/06\/03203428\/logo_concursos-1.jpg","contentUrl":"https:\/\/dhg1h5j42swfq.cloudfront.net\/2025\/06\/03203428\/logo_concursos-1.jpg","width":230,"height":60,"caption":"Estrat\u00e9gia Concursos"},"image":{"@id":"https:\/\/www.estrategiaconcursos.com.br\/blog\/#\/schema\/logo\/image\/"},"sameAs":["https:\/\/x.com\/EstratConcursos"]},{"@type":"Person","@id":"https:\/\/www.estrategiaconcursos.com.br\/blog\/#\/schema\/person\/cdad40b5818eb228a838461fcd656da7","name":"Coordena\u00e7\u00e3o","image":{"@type":"ImageObject","inLanguage":"pt-BR","@id":"https:\/\/secure.gravatar.com\/avatar\/a413b22da0f5009c634f6c4586a2dbe5207074fd5becd88db5183b8069ef25e4?s=96&d=mm&r=g","url":"https:\/\/secure.gravatar.com\/avatar\/a413b22da0f5009c634f6c4586a2dbe5207074fd5becd88db5183b8069ef25e4?s=96&d=mm&r=g","contentUrl":"https:\/\/secure.gravatar.com\/avatar\/a413b22da0f5009c634f6c4586a2dbe5207074fd5becd88db5183b8069ef25e4?s=96&d=mm&r=g","caption":"Coordena\u00e7\u00e3o"},"url":"https:\/\/www.estrategiaconcursos.com.br\/blog\/author\/contatoestrategiaconcursos-com-br\/"}]}},"_links":{"self":[{"href":"https:\/\/www.estrategiaconcursos.com.br\/blog\/wp-json\/wp\/v2\/posts\/27221","targetHints":{"allow":["GET"]}}],"collection":[{"href":"https:\/\/www.estrategiaconcursos.com.br\/blog\/wp-json\/wp\/v2\/posts"}],"about":[{"href":"https:\/\/www.estrategiaconcursos.com.br\/blog\/wp-json\/wp\/v2\/types\/post"}],"author":[{"embeddable":true,"href":"https:\/\/www.estrategiaconcursos.com.br\/blog\/wp-json\/wp\/v2\/users\/48"}],"replies":[{"embeddable":true,"href":"https:\/\/www.estrategiaconcursos.com.br\/blog\/wp-json\/wp\/v2\/comments?post=27221"}],"version-history":[{"count":14,"href":"https:\/\/www.estrategiaconcursos.com.br\/blog\/wp-json\/wp\/v2\/posts\/27221\/revisions"}],"predecessor-version":[{"id":27284,"href":"https:\/\/www.estrategiaconcursos.com.br\/blog\/wp-json\/wp\/v2\/posts\/27221\/revisions\/27284"}],"wp:attachment":[{"href":"https:\/\/www.estrategiaconcursos.com.br\/blog\/wp-json\/wp\/v2\/media?parent=27221"}],"wp:term":[{"taxonomy":"category","embeddable":true,"href":"https:\/\/www.estrategiaconcursos.com.br\/blog\/wp-json\/wp\/v2\/categories?post=27221"},{"taxonomy":"post_tag","embeddable":true,"href":"https:\/\/www.estrategiaconcursos.com.br\/blog\/wp-json\/wp\/v2\/tags?post=27221"},{"taxonomy":"tax_estado","embeddable":true,"href":"https:\/\/www.estrategiaconcursos.com.br\/blog\/wp-json\/wp\/v2\/tax_estado?post=27221"}],"curies":[{"name":"wp","href":"https:\/\/api.w.org\/{rel}","templated":true}]}}