{"id":27134,"date":"2015-09-16T17:52:25","date_gmt":"2015-09-16T20:52:25","guid":{"rendered":"http:\/\/www.estrategiaconcursos.com.br\/blog\/?p=27134"},"modified":"2015-09-16T17:53:40","modified_gmt":"2015-09-16T20:53:40","slug":"divulgado-edital-do-concurso-trt-pr-oportunidades-para-analista-e-tecnico-judiciario-e-remuneracao-de-ate-r8mil","status":"publish","type":"post","link":"https:\/\/www.estrategiaconcursos.com.br\/blog\/divulgado-edital-do-concurso-trt-pr-oportunidades-para-analista-e-tecnico-judiciario-e-remuneracao-de-ate-r8mil\/","title":{"rendered":"Divulgado edital do concurso TRT-PR. Oportunidades para Analista e T\u00e9cnico Judici\u00e1rio e remunera\u00e7\u00e3o de at\u00e9 R$8mil"},"content":{"rendered":"<p style=\"text-align: justify;\"><a href=\"https:\/\/dhg1h5j42swfq.cloudfront.net\/2015\/06\/concurso-TRT-PR.gif\"><img loading=\"lazy\" decoding=\"async\" class=\"alignleft wp-image-23921 size-medium\" src=\"https:\/\/dhg1h5j42swfq.cloudfront.net\/2015\/06\/concurso-TRT-PR-300x237.gif\" alt=\"concurso TRT-PR\" width=\"300\" height=\"237\" \/><\/a><span style=\"color: #000000;\">Foi divulgado nesta quarta-feira, 16, o edital do concurso do\u00a0Tribunal Regional do Trabalho da 9\u00aa Regi\u00e3o (<a href=\"https:\/\/www.estrategiaconcursos.com.br\/cursosPorConcurso\/trt-9-regiao-parana-122\/\">concurso TRT-PR<\/a>).\u00a0As\u00a0inscri\u00e7\u00f5es poder\u00e3o ser realizadas\u00a0das 10h do dia 21 de setembro \u00e0s 14h de 20 de outubro de 2015, pelo site da organizadora, a <span style=\"color: #0000ff;\"><a style=\"color: #0000ff;\" href=\"http:\/\/www.concursosfcc.com.br\/concursos\/trt9r115\/index.html\">FCC<\/a><\/span>. As taxas s\u00e3o\u00a0de R$90,00 ou R$110,00.<\/span><\/p>\n<p style=\"text-align: justify;\"><span style=\"color: #000000;\">Para quem possui n\u00edvel superior, as oportunidades do concurso TRT-PR s\u00e3o\u00a0para o cargo de Analista Judici\u00e1rio, nas \u00e1reas Judici\u00e1ria (CR), Oficial de Justi\u00e7a Avaliador Federal (CR), Administrativa (CR), e de Apoio Especializado &#8211; Tecnologia da Informa\u00e7\u00e3o (CR). A remunera\u00e7\u00e3o inicial \u00e9 de R$ 8.803,97.\u00a0A remunera\u00e7\u00e3o inicial do cargo de Analista Judici\u00e1rio, \u00c1rea Judici\u00e1ria, Especialidade Oficial de Justi\u00e7a Avaliador Federal ser\u00e1 acrescida da Gratifica\u00e7\u00e3o de Atividade Externa \u2013 GAE, no valor de R$ 1.621,78.<\/span><\/p>\n<p style=\"text-align: justify;\"><span style=\"color: #000000;\">J\u00e1 para n\u00edvel m\u00e9dio, as oportunidades s\u00e3o para\u00a0T\u00e9cnico Judici\u00e1rio nas \u00e1reas Administrativa (CR), Administrativa\/ Seguran\u00e7a (CR) e de Apoio Especializado &#8211; Tecnologia da Informa\u00e7\u00e3o (CR).\u00a0A remunera\u00e7\u00e3o \u00e9 de R$ 5.365,92.\u00a0A remunera\u00e7\u00e3o inicial do cargo de T\u00e9cnico Judici\u00e1rio, \u00c1rea Administrativa, Especialidade Seguran\u00e7a ser\u00e1 acrescida da Gratifica\u00e7\u00e3o de Atividade de Seguran\u00e7a \u2013 GAS, no valor de R$ 988,46.<\/span><\/p>\n<p style=\"text-align: justify;\"><span style=\"color: #000000;\">As provas objetivas est\u00e3o inicialmente marcadas para 29 de novembro, nos munic\u00edpios de Curitiba, Cascavel, Guarapuava, Londrina e Maring\u00e1, no Paran\u00e1.\u00a0Haver\u00e1 ainda a aplica\u00e7\u00e3o de prova pr\u00e1tica para o cargo de T\u00e9cnico Judici\u00e1rio &#8211; Especialidade Seguran\u00e7a, que ser\u00e1 realizada em 16 de mar\u00e7o de 2016 (data tamb\u00e9m sujeita a altera\u00e7\u00e3o).<\/span><\/p>\n<p><img loading=\"lazy\" decoding=\"async\" class=\"aligncenter wp-image-27135 size-large\" src=\"https:\/\/dhg1h5j42swfq.cloudfront.net\/2015\/09\/16174745\/concurso-TRT-PR-860x1024.jpg\" alt=\"concurso TRT-PR\" width=\"584\" height=\"695\" srcset=\"https:\/\/dhg1h5j42swfq.cloudfront.net\/2015\/09\/16174745\/concurso-TRT-PR.jpg 860w, https:\/\/dhg1h5j42swfq.cloudfront.net\/2015\/09\/16174745\/concurso-TRT-PR.jpg 252w, https:\/\/dhg1h5j42swfq.cloudfront.net\/2015\/09\/16174745\/concurso-TRT-PR.jpg 1902w\" sizes=\"auto, (max-width: 584px) 100vw, 584px\" \/><\/p>\n<p style=\"text-align: justify;\"><span style=\"color: #000000;\">O concurso TRT-PR\u00a0ser\u00e1 v\u00e1lido por 18 meses, podendo ser prorrogado por igual per\u00edodo.<\/span><\/p>\n<p style=\"text-align: justify;\"><span style=\"color: #000000;\">Confira o edital em:<\/span><\/p>\n<p><span style=\"color: #0000ff;\"><a style=\"color: #0000ff;\" href=\"https:\/\/dhg1h5j42swfq.cloudfront.net\/2015\/09\/16174933\/Edital-concurso-TRT-PR.pdf\">Edital concurso TRT-PR<\/a><\/span><\/p>\n<p><span style=\"color: #000000;\"><strong>O Estrat\u00e9gia Concursos j\u00e1 lan\u00e7ou cursos para o concurso TRT-PR. Confira em:<\/strong><\/span><\/p>\n<p><span style=\"color: #0000ff;\"><a style=\"color: #0000ff;\" href=\"https:\/\/www.estrategiaconcursos.com.br\/cursosPorConcurso\/trt-9-regiao-parana-122\/\">https:\/\/www.estrategiaconcursos.com.br\/cursosPorConcurso\/trt-9-regiao-parana-122\/<\/a><\/span><\/p>\n<p><span style=\"color: #000000;\">Assessoria de Comunica\u00e7\u00e3o<\/span><\/p>\n<p><span style=\"color: #000000;\">comunicacao@estrategiaconcursos.com.br<\/span><\/p>\n<p>&nbsp;<\/p>\n<p>&nbsp;<\/p>\n","protected":false},"excerpt":{"rendered":"<p>Foi divulgado nesta quarta-feira, 16, o edital do concurso do\u00a0Tribunal Regional do Trabalho da 9\u00aa Regi\u00e3o (concurso TRT-PR).\u00a0As\u00a0inscri\u00e7\u00f5es poder\u00e3o ser realizadas\u00a0das 10h do dia 21 de setembro \u00e0s 14h de 20 de outubro de 2015, pelo site da organizadora, a FCC. As taxas s\u00e3o\u00a0de R$90,00 ou R$110,00. Para quem possui n\u00edvel superior, as oportunidades do [&hellip;]<\/p>\n","protected":false},"author":1,"featured_media":0,"comment_status":"open","ping_status":"open","sticky":false,"template":"","format":"standard","meta":{"post_tipo":"news","footnotes":""},"categories":[1],"tags":[657],"tax_estado":[],"class_list":["post-27134","post","type-post","status-publish","format-standard","hentry","category-cursos-e-concursos","tag-trt-pr"],"acf":[],"yoast_head":"<!-- This site is optimized with the Yoast SEO Premium plugin v27.2 (Yoast SEO v27.2) - https:\/\/yoast.com\/product\/yoast-seo-premium-wordpress\/ -->\n<title>Divulgado edital do concurso TRT-PR. Oportunidades para Analista e T\u00e9cnico Judici\u00e1rio e remunera\u00e7\u00e3o de at\u00e9 R$8mil<\/title>\n<meta name=\"description\" content=\"Foi divulgado nesta quarta-feira, 19, o edital do concurso do Tribunal Regional do Trabalho da 9\u00aa Regi\u00e3o (concurso TRT-PR). Saiba mais!\" \/>\n<meta name=\"robots\" content=\"index, follow, max-snippet:-1, max-image-preview:large, max-video-preview:-1\" \/>\n<link rel=\"canonical\" href=\"https:\/\/www.estrategiaconcursos.com.br\/blog\/divulgado-edital-do-concurso-trt-pr-oportunidades-para-analista-e-tecnico-judiciario-e-remuneracao-de-ate-r8mil\/\" \/>\n<meta property=\"og:locale\" content=\"pt_BR\" \/>\n<meta property=\"og:type\" content=\"article\" \/>\n<meta property=\"og:title\" content=\"Divulgado edital do concurso TRT-PR. Oportunidades para Analista e T\u00e9cnico Judici\u00e1rio e remunera\u00e7\u00e3o de at\u00e9 R$8mil\" \/>\n<meta property=\"og:description\" content=\"Foi divulgado nesta quarta-feira, 19, o edital do concurso do Tribunal Regional do Trabalho da 9\u00aa Regi\u00e3o (concurso TRT-PR). Saiba mais!\" \/>\n<meta property=\"og:url\" content=\"https:\/\/www.estrategiaconcursos.com.br\/blog\/divulgado-edital-do-concurso-trt-pr-oportunidades-para-analista-e-tecnico-judiciario-e-remuneracao-de-ate-r8mil\/\" \/>\n<meta property=\"og:site_name\" content=\"Estrat\u00e9gia Concursos\" \/>\n<meta property=\"article:author\" content=\"https:\/\/www.facebook.com\/EstrategiaConcursos\" \/>\n<meta property=\"article:published_time\" content=\"2015-09-16T20:52:25+00:00\" \/>\n<meta property=\"article:modified_time\" content=\"2015-09-16T20:53:40+00:00\" \/>\n<meta property=\"og:image\" content=\"https:\/\/dhg1h5j42swfq.cloudfront.net\/2015\/06\/concurso-TRT-PR-300x237.gif\" \/>\n<meta name=\"author\" content=\"Coordena\u00e7\u00e3o\" \/>\n<meta name=\"twitter:card\" content=\"summary_large_image\" \/>\n<meta name=\"twitter:creator\" content=\"@EstratConcursos\" \/>\n<meta name=\"twitter:site\" content=\"@EstratConcursos\" \/>\n<meta name=\"twitter:label1\" content=\"Escrito por\" \/>\n\t<meta name=\"twitter:data1\" content=\"Coordena\u00e7\u00e3o\" \/>\n\t<meta name=\"twitter:label2\" content=\"Est. tempo de leitura\" \/>\n\t<meta name=\"twitter:data2\" content=\"2 minutos\" \/>\n<script type=\"application\/ld+json\" class=\"yoast-schema-graph\">{\"@context\":\"https:\/\/schema.org\",\"@graph\":[{\"@type\":\"NewsArticle\",\"@id\":\"https:\/\/www.estrategiaconcursos.com.br\/blog\/divulgado-edital-do-concurso-trt-pr-oportunidades-para-analista-e-tecnico-judiciario-e-remuneracao-de-ate-r8mil\/#article\",\"isPartOf\":{\"@id\":\"https:\/\/www.estrategiaconcursos.com.br\/blog\/divulgado-edital-do-concurso-trt-pr-oportunidades-para-analista-e-tecnico-judiciario-e-remuneracao-de-ate-r8mil\/\"},\"author\":{\"name\":\"Coordena\u00e7\u00e3o\",\"@id\":\"https:\/\/www.estrategiaconcursos.com.br\/blog\/#\/schema\/person\/b4a388c97673c5f483d72185668afa1f\"},\"headline\":\"Divulgado edital do concurso TRT-PR. Oportunidades para Analista e T\u00e9cnico Judici\u00e1rio e remunera\u00e7\u00e3o de at\u00e9 R$8mil\",\"datePublished\":\"2015-09-16T20:52:25+00:00\",\"dateModified\":\"2015-09-16T20:53:40+00:00\",\"mainEntityOfPage\":{\"@id\":\"https:\/\/www.estrategiaconcursos.com.br\/blog\/divulgado-edital-do-concurso-trt-pr-oportunidades-para-analista-e-tecnico-judiciario-e-remuneracao-de-ate-r8mil\/\"},\"wordCount\":335,\"commentCount\":4,\"publisher\":{\"@id\":\"https:\/\/www.estrategiaconcursos.com.br\/blog\/#organization\"},\"image\":{\"@id\":\"https:\/\/www.estrategiaconcursos.com.br\/blog\/divulgado-edital-do-concurso-trt-pr-oportunidades-para-analista-e-tecnico-judiciario-e-remuneracao-de-ate-r8mil\/#primaryimage\"},\"thumbnailUrl\":\"https:\/\/dhg1h5j42swfq.cloudfront.net\/2015\/06\/concurso-TRT-PR-300x237.gif\",\"keywords\":[\"TRT-PR\"],\"articleSection\":[\"Concursos P\u00fablicos\"],\"inLanguage\":\"pt-BR\",\"potentialAction\":[{\"@type\":\"CommentAction\",\"name\":\"Comment\",\"target\":[\"https:\/\/www.estrategiaconcursos.com.br\/blog\/divulgado-edital-do-concurso-trt-pr-oportunidades-para-analista-e-tecnico-judiciario-e-remuneracao-de-ate-r8mil\/#respond\"]}],\"copyrightYear\":\"2015\",\"copyrightHolder\":{\"@id\":\"https:\/\/www.estrategiaconcursos.com.br\/blog\/#organization\"}},{\"@type\":\"WebPage\",\"@id\":\"https:\/\/www.estrategiaconcursos.com.br\/blog\/divulgado-edital-do-concurso-trt-pr-oportunidades-para-analista-e-tecnico-judiciario-e-remuneracao-de-ate-r8mil\/\",\"url\":\"https:\/\/www.estrategiaconcursos.com.br\/blog\/divulgado-edital-do-concurso-trt-pr-oportunidades-para-analista-e-tecnico-judiciario-e-remuneracao-de-ate-r8mil\/\",\"name\":\"Divulgado edital do concurso TRT-PR. Oportunidades para Analista e T\u00e9cnico Judici\u00e1rio e remunera\u00e7\u00e3o de at\u00e9 R$8mil\",\"isPartOf\":{\"@id\":\"https:\/\/www.estrategiaconcursos.com.br\/blog\/#website\"},\"primaryImageOfPage\":{\"@id\":\"https:\/\/www.estrategiaconcursos.com.br\/blog\/divulgado-edital-do-concurso-trt-pr-oportunidades-para-analista-e-tecnico-judiciario-e-remuneracao-de-ate-r8mil\/#primaryimage\"},\"image\":{\"@id\":\"https:\/\/www.estrategiaconcursos.com.br\/blog\/divulgado-edital-do-concurso-trt-pr-oportunidades-para-analista-e-tecnico-judiciario-e-remuneracao-de-ate-r8mil\/#primaryimage\"},\"thumbnailUrl\":\"https:\/\/dhg1h5j42swfq.cloudfront.net\/2015\/06\/concurso-TRT-PR-300x237.gif\",\"datePublished\":\"2015-09-16T20:52:25+00:00\",\"dateModified\":\"2015-09-16T20:53:40+00:00\",\"description\":\"Foi divulgado nesta quarta-feira, 19, o edital do concurso do Tribunal Regional do Trabalho da 9\u00aa Regi\u00e3o (concurso TRT-PR). Saiba mais!\",\"breadcrumb\":{\"@id\":\"https:\/\/www.estrategiaconcursos.com.br\/blog\/divulgado-edital-do-concurso-trt-pr-oportunidades-para-analista-e-tecnico-judiciario-e-remuneracao-de-ate-r8mil\/#breadcrumb\"},\"inLanguage\":\"pt-BR\",\"potentialAction\":[{\"@type\":\"ReadAction\",\"target\":[\"https:\/\/www.estrategiaconcursos.com.br\/blog\/divulgado-edital-do-concurso-trt-pr-oportunidades-para-analista-e-tecnico-judiciario-e-remuneracao-de-ate-r8mil\/\"]}]},{\"@type\":\"ImageObject\",\"inLanguage\":\"pt-BR\",\"@id\":\"https:\/\/www.estrategiaconcursos.com.br\/blog\/divulgado-edital-do-concurso-trt-pr-oportunidades-para-analista-e-tecnico-judiciario-e-remuneracao-de-ate-r8mil\/#primaryimage\",\"url\":\"https:\/\/dhg1h5j42swfq.cloudfront.net\/2015\/06\/concurso-TRT-PR-300x237.gif\",\"contentUrl\":\"https:\/\/dhg1h5j42swfq.cloudfront.net\/2015\/06\/concurso-TRT-PR-300x237.gif\"},{\"@type\":\"BreadcrumbList\",\"@id\":\"https:\/\/www.estrategiaconcursos.com.br\/blog\/divulgado-edital-do-concurso-trt-pr-oportunidades-para-analista-e-tecnico-judiciario-e-remuneracao-de-ate-r8mil\/#breadcrumb\",\"itemListElement\":[{\"@type\":\"ListItem\",\"position\":1,\"name\":\"In\u00edcio\",\"item\":\"https:\/\/www.estrategiaconcursos.com.br\/blog\/\"},{\"@type\":\"ListItem\",\"position\":2,\"name\":\"Divulgado edital do concurso TRT-PR. Oportunidades para Analista e T\u00e9cnico Judici\u00e1rio e remunera\u00e7\u00e3o de at\u00e9 R$8mil\"}]},{\"@type\":\"WebSite\",\"@id\":\"https:\/\/www.estrategiaconcursos.com.br\/blog\/#website\",\"url\":\"https:\/\/www.estrategiaconcursos.com.br\/blog\/\",\"name\":\"Estrat\u00e9gia Concursos\",\"description\":\"O blog da Estrat\u00e9gia Concursos traz not\u00edcias sobre concursos e artigos de professores oferecendo cursos para concursos (pdf + videaulas) no site.\",\"publisher\":{\"@id\":\"https:\/\/www.estrategiaconcursos.com.br\/blog\/#organization\"},\"potentialAction\":[{\"@type\":\"SearchAction\",\"target\":{\"@type\":\"EntryPoint\",\"urlTemplate\":\"https:\/\/www.estrategiaconcursos.com.br\/blog\/?s={search_term_string}\"},\"query-input\":{\"@type\":\"PropertyValueSpecification\",\"valueRequired\":true,\"valueName\":\"search_term_string\"}}],\"inLanguage\":\"pt-BR\"},{\"@type\":\"Organization\",\"@id\":\"https:\/\/www.estrategiaconcursos.com.br\/blog\/#organization\",\"name\":\"Estrat\u00e9gia Concursos\",\"url\":\"https:\/\/www.estrategiaconcursos.com.br\/blog\/\",\"logo\":{\"@type\":\"ImageObject\",\"inLanguage\":\"pt-BR\",\"@id\":\"https:\/\/www.estrategiaconcursos.com.br\/blog\/#\/schema\/logo\/image\/\",\"url\":\"https:\/\/dhg1h5j42swfq.cloudfront.net\/2025\/06\/03203428\/logo_concursos-1.jpg\",\"contentUrl\":\"https:\/\/dhg1h5j42swfq.cloudfront.net\/2025\/06\/03203428\/logo_concursos-1.jpg\",\"width\":230,\"height\":60,\"caption\":\"Estrat\u00e9gia Concursos\"},\"image\":{\"@id\":\"https:\/\/www.estrategiaconcursos.com.br\/blog\/#\/schema\/logo\/image\/\"},\"sameAs\":[\"https:\/\/x.com\/EstratConcursos\"]},{\"@type\":\"Person\",\"@id\":\"https:\/\/www.estrategiaconcursos.com.br\/blog\/#\/schema\/person\/b4a388c97673c5f483d72185668afa1f\",\"name\":\"Coordena\u00e7\u00e3o\",\"image\":{\"@type\":\"ImageObject\",\"inLanguage\":\"pt-BR\",\"@id\":\"https:\/\/secure.gravatar.com\/avatar\/b720319e4c9a967eb58678d110f4fe35452fc5d5f97b202bac7b8acceb18c6ad?s=96&d=mm&r=g\",\"url\":\"https:\/\/secure.gravatar.com\/avatar\/b720319e4c9a967eb58678d110f4fe35452fc5d5f97b202bac7b8acceb18c6ad?s=96&d=mm&r=g\",\"contentUrl\":\"https:\/\/secure.gravatar.com\/avatar\/b720319e4c9a967eb58678d110f4fe35452fc5d5f97b202bac7b8acceb18c6ad?s=96&d=mm&r=g\",\"caption\":\"Coordena\u00e7\u00e3o\"},\"sameAs\":[\"https:\/\/www.facebook.com\/EstrategiaConcursos\",\"https:\/\/x.com\/EstratConcursos\"],\"url\":\"https:\/\/www.estrategiaconcursos.com.br\/blog\/author\/estrategia2013\/\"}]}<\/script>\n<!-- \/ Yoast SEO Premium plugin. -->","yoast_head_json":{"title":"Divulgado edital do concurso TRT-PR. Oportunidades para Analista e T\u00e9cnico Judici\u00e1rio e remunera\u00e7\u00e3o de at\u00e9 R$8mil","description":"Foi divulgado nesta quarta-feira, 19, o edital do concurso do Tribunal Regional do Trabalho da 9\u00aa Regi\u00e3o (concurso TRT-PR). Saiba mais!","robots":{"index":"index","follow":"follow","max-snippet":"max-snippet:-1","max-image-preview":"max-image-preview:large","max-video-preview":"max-video-preview:-1"},"canonical":"https:\/\/www.estrategiaconcursos.com.br\/blog\/divulgado-edital-do-concurso-trt-pr-oportunidades-para-analista-e-tecnico-judiciario-e-remuneracao-de-ate-r8mil\/","og_locale":"pt_BR","og_type":"article","og_title":"Divulgado edital do concurso TRT-PR. Oportunidades para Analista e T\u00e9cnico Judici\u00e1rio e remunera\u00e7\u00e3o de at\u00e9 R$8mil","og_description":"Foi divulgado nesta quarta-feira, 19, o edital do concurso do Tribunal Regional do Trabalho da 9\u00aa Regi\u00e3o (concurso TRT-PR). Saiba mais!","og_url":"https:\/\/www.estrategiaconcursos.com.br\/blog\/divulgado-edital-do-concurso-trt-pr-oportunidades-para-analista-e-tecnico-judiciario-e-remuneracao-de-ate-r8mil\/","og_site_name":"Estrat\u00e9gia Concursos","article_author":"https:\/\/www.facebook.com\/EstrategiaConcursos","article_published_time":"2015-09-16T20:52:25+00:00","article_modified_time":"2015-09-16T20:53:40+00:00","og_image":[{"url":"https:\/\/dhg1h5j42swfq.cloudfront.net\/2015\/06\/concurso-TRT-PR-300x237.gif","type":"","width":"","height":""}],"author":"Coordena\u00e7\u00e3o","twitter_card":"summary_large_image","twitter_creator":"@EstratConcursos","twitter_site":"@EstratConcursos","twitter_misc":{"Escrito por":"Coordena\u00e7\u00e3o","Est. tempo de leitura":"2 minutos"},"schema":{"@context":"https:\/\/schema.org","@graph":[{"@type":"NewsArticle","@id":"https:\/\/www.estrategiaconcursos.com.br\/blog\/divulgado-edital-do-concurso-trt-pr-oportunidades-para-analista-e-tecnico-judiciario-e-remuneracao-de-ate-r8mil\/#article","isPartOf":{"@id":"https:\/\/www.estrategiaconcursos.com.br\/blog\/divulgado-edital-do-concurso-trt-pr-oportunidades-para-analista-e-tecnico-judiciario-e-remuneracao-de-ate-r8mil\/"},"author":{"name":"Coordena\u00e7\u00e3o","@id":"https:\/\/www.estrategiaconcursos.com.br\/blog\/#\/schema\/person\/b4a388c97673c5f483d72185668afa1f"},"headline":"Divulgado edital do concurso TRT-PR. Oportunidades para Analista e T\u00e9cnico Judici\u00e1rio e remunera\u00e7\u00e3o de at\u00e9 R$8mil","datePublished":"2015-09-16T20:52:25+00:00","dateModified":"2015-09-16T20:53:40+00:00","mainEntityOfPage":{"@id":"https:\/\/www.estrategiaconcursos.com.br\/blog\/divulgado-edital-do-concurso-trt-pr-oportunidades-para-analista-e-tecnico-judiciario-e-remuneracao-de-ate-r8mil\/"},"wordCount":335,"commentCount":4,"publisher":{"@id":"https:\/\/www.estrategiaconcursos.com.br\/blog\/#organization"},"image":{"@id":"https:\/\/www.estrategiaconcursos.com.br\/blog\/divulgado-edital-do-concurso-trt-pr-oportunidades-para-analista-e-tecnico-judiciario-e-remuneracao-de-ate-r8mil\/#primaryimage"},"thumbnailUrl":"https:\/\/dhg1h5j42swfq.cloudfront.net\/2015\/06\/concurso-TRT-PR-300x237.gif","keywords":["TRT-PR"],"articleSection":["Concursos P\u00fablicos"],"inLanguage":"pt-BR","potentialAction":[{"@type":"CommentAction","name":"Comment","target":["https:\/\/www.estrategiaconcursos.com.br\/blog\/divulgado-edital-do-concurso-trt-pr-oportunidades-para-analista-e-tecnico-judiciario-e-remuneracao-de-ate-r8mil\/#respond"]}],"copyrightYear":"2015","copyrightHolder":{"@id":"https:\/\/www.estrategiaconcursos.com.br\/blog\/#organization"}},{"@type":"WebPage","@id":"https:\/\/www.estrategiaconcursos.com.br\/blog\/divulgado-edital-do-concurso-trt-pr-oportunidades-para-analista-e-tecnico-judiciario-e-remuneracao-de-ate-r8mil\/","url":"https:\/\/www.estrategiaconcursos.com.br\/blog\/divulgado-edital-do-concurso-trt-pr-oportunidades-para-analista-e-tecnico-judiciario-e-remuneracao-de-ate-r8mil\/","name":"Divulgado edital do concurso TRT-PR. Oportunidades para Analista e T\u00e9cnico Judici\u00e1rio e remunera\u00e7\u00e3o de at\u00e9 R$8mil","isPartOf":{"@id":"https:\/\/www.estrategiaconcursos.com.br\/blog\/#website"},"primaryImageOfPage":{"@id":"https:\/\/www.estrategiaconcursos.com.br\/blog\/divulgado-edital-do-concurso-trt-pr-oportunidades-para-analista-e-tecnico-judiciario-e-remuneracao-de-ate-r8mil\/#primaryimage"},"image":{"@id":"https:\/\/www.estrategiaconcursos.com.br\/blog\/divulgado-edital-do-concurso-trt-pr-oportunidades-para-analista-e-tecnico-judiciario-e-remuneracao-de-ate-r8mil\/#primaryimage"},"thumbnailUrl":"https:\/\/dhg1h5j42swfq.cloudfront.net\/2015\/06\/concurso-TRT-PR-300x237.gif","datePublished":"2015-09-16T20:52:25+00:00","dateModified":"2015-09-16T20:53:40+00:00","description":"Foi divulgado nesta quarta-feira, 19, o edital do concurso do Tribunal Regional do Trabalho da 9\u00aa Regi\u00e3o (concurso TRT-PR). Saiba mais!","breadcrumb":{"@id":"https:\/\/www.estrategiaconcursos.com.br\/blog\/divulgado-edital-do-concurso-trt-pr-oportunidades-para-analista-e-tecnico-judiciario-e-remuneracao-de-ate-r8mil\/#breadcrumb"},"inLanguage":"pt-BR","potentialAction":[{"@type":"ReadAction","target":["https:\/\/www.estrategiaconcursos.com.br\/blog\/divulgado-edital-do-concurso-trt-pr-oportunidades-para-analista-e-tecnico-judiciario-e-remuneracao-de-ate-r8mil\/"]}]},{"@type":"ImageObject","inLanguage":"pt-BR","@id":"https:\/\/www.estrategiaconcursos.com.br\/blog\/divulgado-edital-do-concurso-trt-pr-oportunidades-para-analista-e-tecnico-judiciario-e-remuneracao-de-ate-r8mil\/#primaryimage","url":"https:\/\/dhg1h5j42swfq.cloudfront.net\/2015\/06\/concurso-TRT-PR-300x237.gif","contentUrl":"https:\/\/dhg1h5j42swfq.cloudfront.net\/2015\/06\/concurso-TRT-PR-300x237.gif"},{"@type":"BreadcrumbList","@id":"https:\/\/www.estrategiaconcursos.com.br\/blog\/divulgado-edital-do-concurso-trt-pr-oportunidades-para-analista-e-tecnico-judiciario-e-remuneracao-de-ate-r8mil\/#breadcrumb","itemListElement":[{"@type":"ListItem","position":1,"name":"In\u00edcio","item":"https:\/\/www.estrategiaconcursos.com.br\/blog\/"},{"@type":"ListItem","position":2,"name":"Divulgado edital do concurso TRT-PR. Oportunidades para Analista e T\u00e9cnico Judici\u00e1rio e remunera\u00e7\u00e3o de at\u00e9 R$8mil"}]},{"@type":"WebSite","@id":"https:\/\/www.estrategiaconcursos.com.br\/blog\/#website","url":"https:\/\/www.estrategiaconcursos.com.br\/blog\/","name":"Estrat\u00e9gia Concursos","description":"O blog da Estrat\u00e9gia Concursos traz not\u00edcias sobre concursos e artigos de professores oferecendo cursos para concursos (pdf + videaulas) no site.","publisher":{"@id":"https:\/\/www.estrategiaconcursos.com.br\/blog\/#organization"},"potentialAction":[{"@type":"SearchAction","target":{"@type":"EntryPoint","urlTemplate":"https:\/\/www.estrategiaconcursos.com.br\/blog\/?s={search_term_string}"},"query-input":{"@type":"PropertyValueSpecification","valueRequired":true,"valueName":"search_term_string"}}],"inLanguage":"pt-BR"},{"@type":"Organization","@id":"https:\/\/www.estrategiaconcursos.com.br\/blog\/#organization","name":"Estrat\u00e9gia Concursos","url":"https:\/\/www.estrategiaconcursos.com.br\/blog\/","logo":{"@type":"ImageObject","inLanguage":"pt-BR","@id":"https:\/\/www.estrategiaconcursos.com.br\/blog\/#\/schema\/logo\/image\/","url":"https:\/\/dhg1h5j42swfq.cloudfront.net\/2025\/06\/03203428\/logo_concursos-1.jpg","contentUrl":"https:\/\/dhg1h5j42swfq.cloudfront.net\/2025\/06\/03203428\/logo_concursos-1.jpg","width":230,"height":60,"caption":"Estrat\u00e9gia Concursos"},"image":{"@id":"https:\/\/www.estrategiaconcursos.com.br\/blog\/#\/schema\/logo\/image\/"},"sameAs":["https:\/\/x.com\/EstratConcursos"]},{"@type":"Person","@id":"https:\/\/www.estrategiaconcursos.com.br\/blog\/#\/schema\/person\/b4a388c97673c5f483d72185668afa1f","name":"Coordena\u00e7\u00e3o","image":{"@type":"ImageObject","inLanguage":"pt-BR","@id":"https:\/\/secure.gravatar.com\/avatar\/b720319e4c9a967eb58678d110f4fe35452fc5d5f97b202bac7b8acceb18c6ad?s=96&d=mm&r=g","url":"https:\/\/secure.gravatar.com\/avatar\/b720319e4c9a967eb58678d110f4fe35452fc5d5f97b202bac7b8acceb18c6ad?s=96&d=mm&r=g","contentUrl":"https:\/\/secure.gravatar.com\/avatar\/b720319e4c9a967eb58678d110f4fe35452fc5d5f97b202bac7b8acceb18c6ad?s=96&d=mm&r=g","caption":"Coordena\u00e7\u00e3o"},"sameAs":["https:\/\/www.facebook.com\/EstrategiaConcursos","https:\/\/x.com\/EstratConcursos"],"url":"https:\/\/www.estrategiaconcursos.com.br\/blog\/author\/estrategia2013\/"}]}},"_links":{"self":[{"href":"https:\/\/www.estrategiaconcursos.com.br\/blog\/wp-json\/wp\/v2\/posts\/27134","targetHints":{"allow":["GET"]}}],"collection":[{"href":"https:\/\/www.estrategiaconcursos.com.br\/blog\/wp-json\/wp\/v2\/posts"}],"about":[{"href":"https:\/\/www.estrategiaconcursos.com.br\/blog\/wp-json\/wp\/v2\/types\/post"}],"author":[{"embeddable":true,"href":"https:\/\/www.estrategiaconcursos.com.br\/blog\/wp-json\/wp\/v2\/users\/1"}],"replies":[{"embeddable":true,"href":"https:\/\/www.estrategiaconcursos.com.br\/blog\/wp-json\/wp\/v2\/comments?post=27134"}],"version-history":[{"count":3,"href":"https:\/\/www.estrategiaconcursos.com.br\/blog\/wp-json\/wp\/v2\/posts\/27134\/revisions"}],"predecessor-version":[{"id":27139,"href":"https:\/\/www.estrategiaconcursos.com.br\/blog\/wp-json\/wp\/v2\/posts\/27134\/revisions\/27139"}],"wp:attachment":[{"href":"https:\/\/www.estrategiaconcursos.com.br\/blog\/wp-json\/wp\/v2\/media?parent=27134"}],"wp:term":[{"taxonomy":"category","embeddable":true,"href":"https:\/\/www.estrategiaconcursos.com.br\/blog\/wp-json\/wp\/v2\/categories?post=27134"},{"taxonomy":"post_tag","embeddable":true,"href":"https:\/\/www.estrategiaconcursos.com.br\/blog\/wp-json\/wp\/v2\/tags?post=27134"},{"taxonomy":"tax_estado","embeddable":true,"href":"https:\/\/www.estrategiaconcursos.com.br\/blog\/wp-json\/wp\/v2\/tax_estado?post=27134"}],"curies":[{"name":"wp","href":"https:\/\/api.w.org\/{rel}","templated":true}]}}