{"id":27126,"date":"2015-09-16T13:14:03","date_gmt":"2015-09-16T16:14:03","guid":{"rendered":"http:\/\/www.estrategiaconcursos.com.br\/blog\/?p=27126"},"modified":"2015-09-17T09:04:50","modified_gmt":"2015-09-17T12:04:50","slug":"suspensao-dos-concursos-federais-em-2016-consideracoes-prof-ali-mohamad-jaha","status":"publish","type":"post","link":"https:\/\/www.estrategiaconcursos.com.br\/blog\/suspensao-dos-concursos-federais-em-2016-consideracoes-prof-ali-mohamad-jaha\/","title":{"rendered":"Suspens\u00e3o dos Concursos Federais em 2016 \u2013 Considera\u00e7\u00f5es \u2013 Prof. Ali Mohamad Jaha"},"content":{"rendered":"<p style=\"text-align: justify\">Ol\u00e1 Concurseiros! =)<\/p>\n<p style=\"text-align: justify\">Depois de um per\u00edodo afastado me recuperando do longo final de semana em Bras\u00edlia gravando as atualiza\u00e7\u00f5es de Direito Previdenci\u00e1rio (deslocamento a\u00e9reo, atrasos, sono atrasado, garganta inflamada, gripe, etc.), venho aqui postar algumas considera\u00e7\u00f5es sobre a suspens\u00e3o dos concursos federais em 2016:<\/p>\n<p style=\"text-align: justify\">1. Apesar da suspens\u00e3o ser em todos os Poderes da esfera federal (Executivo, Legislativo e Judici\u00e1rio), acredito que tal suspens\u00e3o tenha efeito concreto somente sobre o Executivo. Em regra, o Legislativo e o Judici\u00e1rio gozam de boa dose de autonomia, inclusive or\u00e7ament\u00e1ria, logo, acredito que esses dois Poderes continuar\u00e3o normalmente a realiza\u00e7\u00e3o de certames. Para constar, ontem foi publicado o edital do TRT-PR.<\/p>\n<p style=\"text-align: justify\">2. Os concursos do Executivo federal j\u00e1 autorizados continuar\u00e3o o seu tramite normalmente, uma vez que j\u00e1 existe previs\u00e3o or\u00e7ament\u00e1ria para isso, como \u00e9 o caso do INSS.<\/p>\n<p style=\"text-align: justify\">3. Conforme anunciado, os pedidos de concurso do Executivo federal dever\u00e3o ser enviados ao MPOG em 2016 para autoriza\u00e7\u00e3o em 2017. Isso \u00e9 uma regra bem austera que, muito provavelmente sofrer\u00e1 um abrandamento nas \u00e1reas estrat\u00e9gicas. Vou aproveitar o t\u00f3pico e apresentar um breve hist\u00f3rico da minha vida de concurseiro\/concursado:<\/p>\n<p style=\"text-align: justify;padding-left: 60px\">3.1. Em 2008, quando iniciei a minha prepara\u00e7\u00e3o para o cargo de Auditor-Fiscal da RFB, est\u00e1vamos sob efeito da grande crise mundial (\u201cbolha imobili\u00e1ria\u201d) e mesmo assim, em 2009 tivemos concurso para AFRFB e para ATRFB. Em 2008, a minha sala de cursinho tinha 5 pessoas (contando comigo) em Maring\u00e1. No fim de 2009, no p\u00f3s-edital tinha centenas de pessoas. Adivinhe quem passou? Quem estava estudando na \u00e9poca da crise, no caso, eu e uma amiga, que tamb\u00e9m \u00e9 Auditora-Fiscal. Pense nisso.<\/p>\n<p style=\"text-align: justify;padding-left: 60px\">3.2. Em 2011, no in\u00edcio do ent\u00e3o novo governo, todos os concursos foram suspensos, novamente em fun\u00e7\u00e3o da crise econ\u00f4mica, e, alguns meses depois, os concursos sa\u00edram da suspens\u00e3o e retomaram o seu curso, normalmente. Primeiro, as \u00e1reas mais estrat\u00e9gicas, depois, as \u00e1reas menos estrat\u00e9gicas.<\/p>\n<p style=\"text-align: justify;padding-left: 60px\">3.3. Diante do recente hist\u00f3rico apresentado e da suspens\u00e3o anunciada, acredito, piamente, que ainda em 2016, algumas \u00e1reas ser\u00e3o agraciadas com novos concursos, no caso, as \u00e1reas estrat\u00e9gicas. Leia-se: Receita Federal do Brasil (arrecada\u00e7\u00e3o) e Minist\u00e9rio do Trabalho (fiscaliza\u00e7\u00e3o do trabalho).<\/p>\n<p style=\"text-align: justify\">4. As Empresas P\u00fabicas (Caixa, por exemplo) e as Sociedades de Economia Mista (Banco do Brasil, Petrobras, etc.) est\u00e3o fora da suspens\u00e3o, ou seja, podemos ter concurso a qualquer momento.<\/p>\n<p style=\"text-align: justify\">5. Os concursos estaduais, distritais e municipais continuam a todo vapor, pelo menos \u00e9 o que tenho observado nos \u00faltimos dias.<\/p>\n<p style=\"text-align: justify\">Diante do exposto, apesar do per\u00edodo de crise que se aproxima, acredito que n\u00e3o ser\u00e1 um per\u00edodo muito longo e acredito que as \u00e1reas essenciais ao Executivo ser\u00e3o menos afetadas.<\/p>\n<p style=\"text-align: justify\">Para constar, estudei o final do ano de 2008 e o in\u00edcio do ano de 2009 com todo mundo falando \u201cn\u00e3o vai sair concurso\u201d, \u201cvai demorar anos para sair a RFB\u201d, \u201cn\u00e3o adianta estudar agora, \u00e9 perda de tempo\u201d, etc. Continuei muito firme e quando saiu o meu edital, foi uma correria dos pessimistas atr\u00e1s do preju\u00edzo&#8230; e, obviamente, n\u00e3o conseguiram a aprova\u00e7\u00e3o.<\/p>\n<p style=\"text-align: justify\"><span style=\"color: #ff0000\"><strong>APROVEITE O MOMENTO, EM QUE TODOS EST\u00c3O JOGANDO A TOALHA E ESTUDE!<\/strong><\/span><\/p>\n<p style=\"text-align: justify\"><span style=\"color: #ff0000\"><strong>N\u00c3O SEJA PESSIMISTA, SEJA OTIMISTA E ESTUDE, ESTUDE MUITO E ESTUDE SEMPRE! ;)<\/strong><\/span><\/p>\n<p style=\"text-align: justify\">Bons Estudos! Fiquem com Deus!<\/p>\n<p style=\"text-align: justify\">Grande Abra\u00e7o!<\/p>\n<p style=\"text-align: justify\">Ali Mohamad Jaha<br \/>\nProfessor de Direito Previdenci\u00e1rio<br \/>\nAuditor-Fiscal da Receita Federal do Brasil<\/p>\n","protected":false},"excerpt":{"rendered":"<p>Ol\u00e1 Concurseiros! =) Depois de um per\u00edodo afastado me recuperando do longo final de semana em Bras\u00edlia gravando as atualiza\u00e7\u00f5es de Direito Previdenci\u00e1rio (deslocamento a\u00e9reo, atrasos, sono atrasado, garganta inflamada, gripe, etc.), venho aqui postar algumas considera\u00e7\u00f5es sobre a suspens\u00e3o dos concursos federais em 2016: 1. Apesar da suspens\u00e3o ser em todos os Poderes da [&hellip;]<\/p>\n","protected":false},"author":45,"featured_media":0,"comment_status":"open","ping_status":"open","sticky":false,"template":"","format":"standard","meta":{"post_tipo":"article","footnotes":""},"categories":[1],"tags":[989],"tax_estado":[],"class_list":["post-27126","post","type-post","status-publish","format-standard","hentry","category-cursos-e-concursos","tag-suspensao-dos-concursos"],"acf":[],"yoast_head":"<!-- This site is optimized with the Yoast SEO Premium plugin v27.2 (Yoast SEO v27.2) - https:\/\/yoast.com\/product\/yoast-seo-premium-wordpress\/ -->\n<title>Suspens\u00e3o dos Concursos Federais em 2016 \u2013 Considera\u00e7\u00f5es \u2013 Prof. Ali Mohamad Jaha<\/title>\n<meta name=\"robots\" content=\"index, follow, max-snippet:-1, max-image-preview:large, max-video-preview:-1\" \/>\n<link rel=\"canonical\" href=\"https:\/\/www.estrategiaconcursos.com.br\/blog\/suspensao-dos-concursos-federais-em-2016-consideracoes-prof-ali-mohamad-jaha\/\" \/>\n<meta property=\"og:locale\" content=\"pt_BR\" \/>\n<meta property=\"og:type\" content=\"article\" \/>\n<meta property=\"og:title\" content=\"Suspens\u00e3o dos Concursos Federais em 2016 \u2013 Considera\u00e7\u00f5es \u2013 Prof. Ali Mohamad Jaha\" \/>\n<meta property=\"og:description\" content=\"Ol\u00e1 Concurseiros! =) Depois de um per\u00edodo afastado me recuperando do longo final de semana em Bras\u00edlia gravando as atualiza\u00e7\u00f5es de Direito Previdenci\u00e1rio (deslocamento a\u00e9reo, atrasos, sono atrasado, garganta inflamada, gripe, etc.), venho aqui postar algumas considera\u00e7\u00f5es sobre a suspens\u00e3o dos concursos federais em 2016: 1. Apesar da suspens\u00e3o ser em todos os Poderes da [&hellip;]\" \/>\n<meta property=\"og:url\" content=\"https:\/\/www.estrategiaconcursos.com.br\/blog\/suspensao-dos-concursos-federais-em-2016-consideracoes-prof-ali-mohamad-jaha\/\" \/>\n<meta property=\"og:site_name\" content=\"Estrat\u00e9gia Concursos\" \/>\n<meta property=\"article:author\" content=\"http:\/\/www.facebook.com\/amjaha\" \/>\n<meta property=\"article:published_time\" content=\"2015-09-16T16:14:03+00:00\" \/>\n<meta property=\"article:modified_time\" content=\"2015-09-17T12:04:50+00:00\" \/>\n<meta name=\"author\" content=\"Ali Mohamad Jaha\" \/>\n<meta name=\"twitter:card\" content=\"summary_large_image\" \/>\n<meta name=\"twitter:creator\" content=\"@EstratConcursos\" \/>\n<meta name=\"twitter:site\" content=\"@EstratConcursos\" \/>\n<meta name=\"twitter:label1\" content=\"Escrito por\" \/>\n\t<meta name=\"twitter:data1\" content=\"Ali Mohamad Jaha\" \/>\n\t<meta name=\"twitter:label2\" content=\"Est. tempo de leitura\" \/>\n\t<meta name=\"twitter:data2\" content=\"3 minutos\" \/>\n<script type=\"application\/ld+json\" class=\"yoast-schema-graph\">{\"@context\":\"https:\/\/schema.org\",\"@graph\":[{\"@type\":\"NewsArticle\",\"@id\":\"https:\/\/www.estrategiaconcursos.com.br\/blog\/suspensao-dos-concursos-federais-em-2016-consideracoes-prof-ali-mohamad-jaha\/#article\",\"isPartOf\":{\"@id\":\"https:\/\/www.estrategiaconcursos.com.br\/blog\/suspensao-dos-concursos-federais-em-2016-consideracoes-prof-ali-mohamad-jaha\/\"},\"author\":{\"name\":\"Ali Mohamad Jaha\",\"@id\":\"https:\/\/www.estrategiaconcursos.com.br\/blog\/#\/schema\/person\/5caef5684d9fe56108eff29afc128dca\"},\"headline\":\"Suspens\u00e3o dos Concursos Federais em 2016 \u2013 Considera\u00e7\u00f5es \u2013 Prof. Ali Mohamad Jaha\",\"datePublished\":\"2015-09-16T16:14:03+00:00\",\"dateModified\":\"2015-09-17T12:04:50+00:00\",\"mainEntityOfPage\":{\"@id\":\"https:\/\/www.estrategiaconcursos.com.br\/blog\/suspensao-dos-concursos-federais-em-2016-consideracoes-prof-ali-mohamad-jaha\/\"},\"wordCount\":591,\"commentCount\":0,\"publisher\":{\"@id\":\"https:\/\/www.estrategiaconcursos.com.br\/blog\/#organization\"},\"keywords\":[\"Suspens\u00e3o dos Concursos\"],\"articleSection\":[\"Concursos P\u00fablicos\"],\"inLanguage\":\"pt-BR\",\"potentialAction\":[{\"@type\":\"CommentAction\",\"name\":\"Comment\",\"target\":[\"https:\/\/www.estrategiaconcursos.com.br\/blog\/suspensao-dos-concursos-federais-em-2016-consideracoes-prof-ali-mohamad-jaha\/#respond\"]}],\"copyrightYear\":\"2015\",\"copyrightHolder\":{\"@id\":\"https:\/\/www.estrategiaconcursos.com.br\/blog\/#organization\"}},{\"@type\":\"WebPage\",\"@id\":\"https:\/\/www.estrategiaconcursos.com.br\/blog\/suspensao-dos-concursos-federais-em-2016-consideracoes-prof-ali-mohamad-jaha\/\",\"url\":\"https:\/\/www.estrategiaconcursos.com.br\/blog\/suspensao-dos-concursos-federais-em-2016-consideracoes-prof-ali-mohamad-jaha\/\",\"name\":\"Suspens\u00e3o dos Concursos Federais em 2016 \u2013 Considera\u00e7\u00f5es \u2013 Prof. Ali Mohamad Jaha\",\"isPartOf\":{\"@id\":\"https:\/\/www.estrategiaconcursos.com.br\/blog\/#website\"},\"datePublished\":\"2015-09-16T16:14:03+00:00\",\"dateModified\":\"2015-09-17T12:04:50+00:00\",\"breadcrumb\":{\"@id\":\"https:\/\/www.estrategiaconcursos.com.br\/blog\/suspensao-dos-concursos-federais-em-2016-consideracoes-prof-ali-mohamad-jaha\/#breadcrumb\"},\"inLanguage\":\"pt-BR\",\"potentialAction\":[{\"@type\":\"ReadAction\",\"target\":[\"https:\/\/www.estrategiaconcursos.com.br\/blog\/suspensao-dos-concursos-federais-em-2016-consideracoes-prof-ali-mohamad-jaha\/\"]}]},{\"@type\":\"BreadcrumbList\",\"@id\":\"https:\/\/www.estrategiaconcursos.com.br\/blog\/suspensao-dos-concursos-federais-em-2016-consideracoes-prof-ali-mohamad-jaha\/#breadcrumb\",\"itemListElement\":[{\"@type\":\"ListItem\",\"position\":1,\"name\":\"In\u00edcio\",\"item\":\"https:\/\/www.estrategiaconcursos.com.br\/blog\/\"},{\"@type\":\"ListItem\",\"position\":2,\"name\":\"Suspens\u00e3o dos Concursos Federais em 2016 \u2013 Considera\u00e7\u00f5es \u2013 Prof. Ali Mohamad Jaha\"}]},{\"@type\":\"WebSite\",\"@id\":\"https:\/\/www.estrategiaconcursos.com.br\/blog\/#website\",\"url\":\"https:\/\/www.estrategiaconcursos.com.br\/blog\/\",\"name\":\"Estrat\u00e9gia Concursos\",\"description\":\"O blog da Estrat\u00e9gia Concursos traz not\u00edcias sobre concursos e artigos de professores oferecendo cursos para concursos (pdf + videaulas) no site.\",\"publisher\":{\"@id\":\"https:\/\/www.estrategiaconcursos.com.br\/blog\/#organization\"},\"potentialAction\":[{\"@type\":\"SearchAction\",\"target\":{\"@type\":\"EntryPoint\",\"urlTemplate\":\"https:\/\/www.estrategiaconcursos.com.br\/blog\/?s={search_term_string}\"},\"query-input\":{\"@type\":\"PropertyValueSpecification\",\"valueRequired\":true,\"valueName\":\"search_term_string\"}}],\"inLanguage\":\"pt-BR\"},{\"@type\":\"Organization\",\"@id\":\"https:\/\/www.estrategiaconcursos.com.br\/blog\/#organization\",\"name\":\"Estrat\u00e9gia Concursos\",\"url\":\"https:\/\/www.estrategiaconcursos.com.br\/blog\/\",\"logo\":{\"@type\":\"ImageObject\",\"inLanguage\":\"pt-BR\",\"@id\":\"https:\/\/www.estrategiaconcursos.com.br\/blog\/#\/schema\/logo\/image\/\",\"url\":\"https:\/\/dhg1h5j42swfq.cloudfront.net\/2025\/06\/03203428\/logo_concursos-1.jpg\",\"contentUrl\":\"https:\/\/dhg1h5j42swfq.cloudfront.net\/2025\/06\/03203428\/logo_concursos-1.jpg\",\"width\":230,\"height\":60,\"caption\":\"Estrat\u00e9gia Concursos\"},\"image\":{\"@id\":\"https:\/\/www.estrategiaconcursos.com.br\/blog\/#\/schema\/logo\/image\/\"},\"sameAs\":[\"https:\/\/x.com\/EstratConcursos\"]},{\"@type\":\"Person\",\"@id\":\"https:\/\/www.estrategiaconcursos.com.br\/blog\/#\/schema\/person\/5caef5684d9fe56108eff29afc128dca\",\"name\":\"Ali Mohamad Jaha\",\"image\":{\"@type\":\"ImageObject\",\"inLanguage\":\"pt-BR\",\"@id\":\"https:\/\/secure.gravatar.com\/avatar\/d2d32b2c5ba0b3d1fcbc7c351539c7f9052f5e52461adc4d346787a9c2579056?s=96&d=mm&r=g\",\"url\":\"https:\/\/secure.gravatar.com\/avatar\/d2d32b2c5ba0b3d1fcbc7c351539c7f9052f5e52461adc4d346787a9c2579056?s=96&d=mm&r=g\",\"contentUrl\":\"https:\/\/secure.gravatar.com\/avatar\/d2d32b2c5ba0b3d1fcbc7c351539c7f9052f5e52461adc4d346787a9c2579056?s=96&d=mm&r=g\",\"caption\":\"Ali Mohamad Jaha\"},\"description\":\"Professor de Direito Previdenci\u00e1rio, Legisla\u00e7\u00e3o Previdenci\u00e1ria, Legisla\u00e7\u00e3o da Sa\u00fade, Legisla\u00e7\u00e3o Espec\u00edfica e Discursivas. Auditor-Fiscal da Receita Federal do Brasil \u2013 DRF-Cascavel\/PR. Especialista em Administra\u00e7\u00e3o Tribut\u00e1ria pela Universidade Castelo Branco\/RJ. Especialista em Gest\u00e3o de Pol\u00edticas P\u00fablicas pela Universidade do Iva\u00ed\/PR. Bacharel em Engenharia Civil pela Universidade Estadual de Maring\u00e1\/PR.\",\"sameAs\":[\"http:\/\/www.facebook.com\/amjaha\"],\"url\":\"https:\/\/www.estrategiaconcursos.com.br\/blog\/author\/alijahaestrategiaconcursos-com-br\/\"}]}<\/script>\n<!-- \/ Yoast SEO Premium plugin. -->","yoast_head_json":{"title":"Suspens\u00e3o dos Concursos Federais em 2016 \u2013 Considera\u00e7\u00f5es \u2013 Prof. Ali Mohamad Jaha","robots":{"index":"index","follow":"follow","max-snippet":"max-snippet:-1","max-image-preview":"max-image-preview:large","max-video-preview":"max-video-preview:-1"},"canonical":"https:\/\/www.estrategiaconcursos.com.br\/blog\/suspensao-dos-concursos-federais-em-2016-consideracoes-prof-ali-mohamad-jaha\/","og_locale":"pt_BR","og_type":"article","og_title":"Suspens\u00e3o dos Concursos Federais em 2016 \u2013 Considera\u00e7\u00f5es \u2013 Prof. Ali Mohamad Jaha","og_description":"Ol\u00e1 Concurseiros! =) Depois de um per\u00edodo afastado me recuperando do longo final de semana em Bras\u00edlia gravando as atualiza\u00e7\u00f5es de Direito Previdenci\u00e1rio (deslocamento a\u00e9reo, atrasos, sono atrasado, garganta inflamada, gripe, etc.), venho aqui postar algumas considera\u00e7\u00f5es sobre a suspens\u00e3o dos concursos federais em 2016: 1. Apesar da suspens\u00e3o ser em todos os Poderes da [&hellip;]","og_url":"https:\/\/www.estrategiaconcursos.com.br\/blog\/suspensao-dos-concursos-federais-em-2016-consideracoes-prof-ali-mohamad-jaha\/","og_site_name":"Estrat\u00e9gia Concursos","article_author":"http:\/\/www.facebook.com\/amjaha","article_published_time":"2015-09-16T16:14:03+00:00","article_modified_time":"2015-09-17T12:04:50+00:00","author":"Ali Mohamad Jaha","twitter_card":"summary_large_image","twitter_creator":"@EstratConcursos","twitter_site":"@EstratConcursos","twitter_misc":{"Escrito por":"Ali Mohamad Jaha","Est. tempo de leitura":"3 minutos"},"schema":{"@context":"https:\/\/schema.org","@graph":[{"@type":"NewsArticle","@id":"https:\/\/www.estrategiaconcursos.com.br\/blog\/suspensao-dos-concursos-federais-em-2016-consideracoes-prof-ali-mohamad-jaha\/#article","isPartOf":{"@id":"https:\/\/www.estrategiaconcursos.com.br\/blog\/suspensao-dos-concursos-federais-em-2016-consideracoes-prof-ali-mohamad-jaha\/"},"author":{"name":"Ali Mohamad Jaha","@id":"https:\/\/www.estrategiaconcursos.com.br\/blog\/#\/schema\/person\/5caef5684d9fe56108eff29afc128dca"},"headline":"Suspens\u00e3o dos Concursos Federais em 2016 \u2013 Considera\u00e7\u00f5es \u2013 Prof. Ali Mohamad Jaha","datePublished":"2015-09-16T16:14:03+00:00","dateModified":"2015-09-17T12:04:50+00:00","mainEntityOfPage":{"@id":"https:\/\/www.estrategiaconcursos.com.br\/blog\/suspensao-dos-concursos-federais-em-2016-consideracoes-prof-ali-mohamad-jaha\/"},"wordCount":591,"commentCount":0,"publisher":{"@id":"https:\/\/www.estrategiaconcursos.com.br\/blog\/#organization"},"keywords":["Suspens\u00e3o dos Concursos"],"articleSection":["Concursos P\u00fablicos"],"inLanguage":"pt-BR","potentialAction":[{"@type":"CommentAction","name":"Comment","target":["https:\/\/www.estrategiaconcursos.com.br\/blog\/suspensao-dos-concursos-federais-em-2016-consideracoes-prof-ali-mohamad-jaha\/#respond"]}],"copyrightYear":"2015","copyrightHolder":{"@id":"https:\/\/www.estrategiaconcursos.com.br\/blog\/#organization"}},{"@type":"WebPage","@id":"https:\/\/www.estrategiaconcursos.com.br\/blog\/suspensao-dos-concursos-federais-em-2016-consideracoes-prof-ali-mohamad-jaha\/","url":"https:\/\/www.estrategiaconcursos.com.br\/blog\/suspensao-dos-concursos-federais-em-2016-consideracoes-prof-ali-mohamad-jaha\/","name":"Suspens\u00e3o dos Concursos Federais em 2016 \u2013 Considera\u00e7\u00f5es \u2013 Prof. Ali Mohamad Jaha","isPartOf":{"@id":"https:\/\/www.estrategiaconcursos.com.br\/blog\/#website"},"datePublished":"2015-09-16T16:14:03+00:00","dateModified":"2015-09-17T12:04:50+00:00","breadcrumb":{"@id":"https:\/\/www.estrategiaconcursos.com.br\/blog\/suspensao-dos-concursos-federais-em-2016-consideracoes-prof-ali-mohamad-jaha\/#breadcrumb"},"inLanguage":"pt-BR","potentialAction":[{"@type":"ReadAction","target":["https:\/\/www.estrategiaconcursos.com.br\/blog\/suspensao-dos-concursos-federais-em-2016-consideracoes-prof-ali-mohamad-jaha\/"]}]},{"@type":"BreadcrumbList","@id":"https:\/\/www.estrategiaconcursos.com.br\/blog\/suspensao-dos-concursos-federais-em-2016-consideracoes-prof-ali-mohamad-jaha\/#breadcrumb","itemListElement":[{"@type":"ListItem","position":1,"name":"In\u00edcio","item":"https:\/\/www.estrategiaconcursos.com.br\/blog\/"},{"@type":"ListItem","position":2,"name":"Suspens\u00e3o dos Concursos Federais em 2016 \u2013 Considera\u00e7\u00f5es \u2013 Prof. Ali Mohamad Jaha"}]},{"@type":"WebSite","@id":"https:\/\/www.estrategiaconcursos.com.br\/blog\/#website","url":"https:\/\/www.estrategiaconcursos.com.br\/blog\/","name":"Estrat\u00e9gia Concursos","description":"O blog da Estrat\u00e9gia Concursos traz not\u00edcias sobre concursos e artigos de professores oferecendo cursos para concursos (pdf + videaulas) no site.","publisher":{"@id":"https:\/\/www.estrategiaconcursos.com.br\/blog\/#organization"},"potentialAction":[{"@type":"SearchAction","target":{"@type":"EntryPoint","urlTemplate":"https:\/\/www.estrategiaconcursos.com.br\/blog\/?s={search_term_string}"},"query-input":{"@type":"PropertyValueSpecification","valueRequired":true,"valueName":"search_term_string"}}],"inLanguage":"pt-BR"},{"@type":"Organization","@id":"https:\/\/www.estrategiaconcursos.com.br\/blog\/#organization","name":"Estrat\u00e9gia Concursos","url":"https:\/\/www.estrategiaconcursos.com.br\/blog\/","logo":{"@type":"ImageObject","inLanguage":"pt-BR","@id":"https:\/\/www.estrategiaconcursos.com.br\/blog\/#\/schema\/logo\/image\/","url":"https:\/\/dhg1h5j42swfq.cloudfront.net\/2025\/06\/03203428\/logo_concursos-1.jpg","contentUrl":"https:\/\/dhg1h5j42swfq.cloudfront.net\/2025\/06\/03203428\/logo_concursos-1.jpg","width":230,"height":60,"caption":"Estrat\u00e9gia Concursos"},"image":{"@id":"https:\/\/www.estrategiaconcursos.com.br\/blog\/#\/schema\/logo\/image\/"},"sameAs":["https:\/\/x.com\/EstratConcursos"]},{"@type":"Person","@id":"https:\/\/www.estrategiaconcursos.com.br\/blog\/#\/schema\/person\/5caef5684d9fe56108eff29afc128dca","name":"Ali Mohamad Jaha","image":{"@type":"ImageObject","inLanguage":"pt-BR","@id":"https:\/\/secure.gravatar.com\/avatar\/d2d32b2c5ba0b3d1fcbc7c351539c7f9052f5e52461adc4d346787a9c2579056?s=96&d=mm&r=g","url":"https:\/\/secure.gravatar.com\/avatar\/d2d32b2c5ba0b3d1fcbc7c351539c7f9052f5e52461adc4d346787a9c2579056?s=96&d=mm&r=g","contentUrl":"https:\/\/secure.gravatar.com\/avatar\/d2d32b2c5ba0b3d1fcbc7c351539c7f9052f5e52461adc4d346787a9c2579056?s=96&d=mm&r=g","caption":"Ali Mohamad Jaha"},"description":"Professor de Direito Previdenci\u00e1rio, Legisla\u00e7\u00e3o Previdenci\u00e1ria, Legisla\u00e7\u00e3o da Sa\u00fade, Legisla\u00e7\u00e3o Espec\u00edfica e Discursivas. Auditor-Fiscal da Receita Federal do Brasil \u2013 DRF-Cascavel\/PR. Especialista em Administra\u00e7\u00e3o Tribut\u00e1ria pela Universidade Castelo Branco\/RJ. Especialista em Gest\u00e3o de Pol\u00edticas P\u00fablicas pela Universidade do Iva\u00ed\/PR. Bacharel em Engenharia Civil pela Universidade Estadual de Maring\u00e1\/PR.","sameAs":["http:\/\/www.facebook.com\/amjaha"],"url":"https:\/\/www.estrategiaconcursos.com.br\/blog\/author\/alijahaestrategiaconcursos-com-br\/"}]}},"_links":{"self":[{"href":"https:\/\/www.estrategiaconcursos.com.br\/blog\/wp-json\/wp\/v2\/posts\/27126","targetHints":{"allow":["GET"]}}],"collection":[{"href":"https:\/\/www.estrategiaconcursos.com.br\/blog\/wp-json\/wp\/v2\/posts"}],"about":[{"href":"https:\/\/www.estrategiaconcursos.com.br\/blog\/wp-json\/wp\/v2\/types\/post"}],"author":[{"embeddable":true,"href":"https:\/\/www.estrategiaconcursos.com.br\/blog\/wp-json\/wp\/v2\/users\/45"}],"replies":[{"embeddable":true,"href":"https:\/\/www.estrategiaconcursos.com.br\/blog\/wp-json\/wp\/v2\/comments?post=27126"}],"version-history":[{"count":1,"href":"https:\/\/www.estrategiaconcursos.com.br\/blog\/wp-json\/wp\/v2\/posts\/27126\/revisions"}],"predecessor-version":[{"id":27127,"href":"https:\/\/www.estrategiaconcursos.com.br\/blog\/wp-json\/wp\/v2\/posts\/27126\/revisions\/27127"}],"wp:attachment":[{"href":"https:\/\/www.estrategiaconcursos.com.br\/blog\/wp-json\/wp\/v2\/media?parent=27126"}],"wp:term":[{"taxonomy":"category","embeddable":true,"href":"https:\/\/www.estrategiaconcursos.com.br\/blog\/wp-json\/wp\/v2\/categories?post=27126"},{"taxonomy":"post_tag","embeddable":true,"href":"https:\/\/www.estrategiaconcursos.com.br\/blog\/wp-json\/wp\/v2\/tags?post=27126"},{"taxonomy":"tax_estado","embeddable":true,"href":"https:\/\/www.estrategiaconcursos.com.br\/blog\/wp-json\/wp\/v2\/tax_estado?post=27126"}],"curies":[{"name":"wp","href":"https:\/\/api.w.org\/{rel}","templated":true}]}}