{"id":27085,"date":"2015-09-15T16:17:13","date_gmt":"2015-09-15T19:17:13","guid":{"rendered":"http:\/\/www.estrategiaconcursos.com.br\/blog\/?p=27085"},"modified":"2015-09-15T16:17:13","modified_gmt":"2015-09-15T19:17:13","slug":"comentarios-da-prova-de-legislacao-para-tecnico-judiciario-do-trt-rs","status":"publish","type":"post","link":"https:\/\/www.estrategiaconcursos.com.br\/blog\/comentarios-da-prova-de-legislacao-para-tecnico-judiciario-do-trt-rs\/","title":{"rendered":"Coment\u00e1rios da prova de Legisla\u00e7\u00e3o para T\u00e9cnico Judici\u00e1rio do TRT-RS"},"content":{"rendered":"<p style=\"text-align: justify\">\n<p style=\"text-align: justify\">\n<p style=\"text-align: justify\">\n<p style=\"text-align: justify\">Ol\u00e1 pessoal, tudo bem?<\/p>\n<p style=\"text-align: justify\">Agora, estou passando para comentar a prova de <strong>Legisla\u00e7\u00e3o<\/strong> de T\u00e9cnico Judici\u00e1rio do Tribunal Regional do Trabalho do Rio Grande do Sul (TRT-RS). Assim como na prova de Analista, considero que a prova de Legisla\u00e7\u00e3o para T\u00e9cnico foi muito tranquila, sendo que todos os itens poderiam ser respondidos com tranquilidade para quem estudou com o nosso curso. Ademais, n\u00e3o vislumbro possibilidade de recursos.<\/p>\n<p style=\"text-align: justify\"><strong>Obs<\/strong>.: adotei como refer\u00eancia a prova Tipo I, do cargo de T\u00e9cnico Judici\u00e1rio &#8211; \u00c1rea Administrativa. Por\u00e9m, os coment\u00e1rios tamb\u00e9m valem para as demais provas para T\u00e9cnico Judici\u00e1rio, com as adapta\u00e7\u00f5es do n\u00famero da quest\u00e3o, da ordem das alternativas e do correspondente gabarito.<\/p>\n<p style=\"text-align: justify\">Vamos aos coment\u00e1rios!<\/p>\n<p style=\"text-align: justify\"><strong>21. Considere as seguintes condutas:<\/strong><\/p>\n<p style=\"text-align: justify\"><strong>I. recusar f\u00e9 a documentos p\u00fablicos.<\/strong><\/p>\n<p style=\"text-align: justify\"><strong>II. opor resist\u00eancia injustificada ao andamento de documento e processo ou execu\u00e7\u00e3o de servi\u00e7o.<\/strong><\/p>\n<p style=\"text-align: justify\"><strong>III. revelar segredo do qual se apropriou em raz\u00e3o do cargo.<\/strong><\/p>\n<p style=\"text-align: justify\"><strong>Nos termos da Lei no 8.112\/90, \u00e9 pass\u00edvel de advert\u00eancia o mencionado em<\/strong><\/p>\n<p style=\"text-align: justify\"><strong>(A) I, apenas.<\/strong><\/p>\n<p style=\"text-align: justify\"><strong>(B) I e II, apenas.<\/strong><\/p>\n<p style=\"text-align: justify\"><strong>(C) I, II e III.<\/strong><\/p>\n<p style=\"text-align: justify\"><strong>(D) III, apenas.<\/strong><\/p>\n<p style=\"text-align: justify\"><strong>(E) II, apenas.<\/strong><\/p>\n<p style=\"text-align: justify\"><span style=\"text-decoration: underline\"><strong>Coment\u00e1rio<\/strong><\/span>: a Lei 8.112\/1990 disp\u00f5e sobre uma s\u00e9rie de penalidades que podem ser aplicadas aos servidores p\u00fablicos, estabelecendo ainda as infra\u00e7\u00f5es administrativas que podem gerar essas san\u00e7\u00f5es.<\/p>\n<p style=\"text-align: justify\">Nesse contexto, disp\u00f5e o art. 129 que a advert\u00eancia ser\u00e1 aplicada por escrito, nos casos de viola\u00e7\u00e3o de proibi\u00e7\u00e3o constante do art. 117, incisos I a VIII e XIX, e de inobserv\u00e2ncia de dever funcional previsto em lei, regulamenta\u00e7\u00e3o ou norma interna, que n\u00e3o justifique imposi\u00e7\u00e3o de penalidade mais grave.<\/p>\n<p style=\"text-align: justify\">Nessa linha, as proibi\u00e7\u00f5es previstas no art. 117, incisos I a VIII e XIX, s\u00e3o as seguintes:<\/p>\n<p style=\"text-align: justify;padding-left: 60px\">Art.\u00a0117.\u00a0\u00a0Ao servidor \u00e9 proibido:<\/p>\n<p style=\"text-align: justify;padding-left: 60px\">I\u00a0&#8211;\u00a0ausentar-se do servi\u00e7o durante o expediente, sem pr\u00e9via autoriza\u00e7\u00e3o do chefe imediato;<\/p>\n<p style=\"text-align: justify;padding-left: 60px\">II\u00a0&#8211;\u00a0retirar, sem pr\u00e9via anu\u00eancia da autoridade competente, qualquer documento ou objeto da reparti\u00e7\u00e3o;<\/p>\n<p style=\"text-align: justify;padding-left: 60px\"><strong><\/strong><strong>III\u00a0&#8211;\u00a0recusar f\u00e9 a documentos p\u00fablicos; <\/strong><\/p>\n<p style=\"text-align: justify;padding-left: 60px\"><strong><\/strong><strong>IV\u00a0&#8211;\u00a0opor resist\u00eancia injustificada ao andamento de documento e processo ou execu\u00e7\u00e3o de servi\u00e7o; <\/strong><\/p>\n<p style=\"text-align: justify;padding-left: 60px\">V\u00a0&#8211;\u00a0promover manifesta\u00e7\u00e3o de apre\u00e7o ou desapre\u00e7o no recinto da reparti\u00e7\u00e3o;<\/p>\n<p style=\"text-align: justify;padding-left: 60px\">VI\u00a0&#8211;\u00a0cometer a pessoa estranha \u00e0 reparti\u00e7\u00e3o, fora dos casos previstos em lei, o desempenho de atribui\u00e7\u00e3o que seja de sua responsabilidade ou de seu subordinado;<\/p>\n<p style=\"text-align: justify;padding-left: 60px\">VII\u00a0&#8211;\u00a0coagir ou aliciar subordinados no sentido de filiarem-se a associa\u00e7\u00e3o profissional ou sindical, ou a partido pol\u00edtico;<\/p>\n<p style=\"text-align: justify;padding-left: 60px\">VIII\u00a0&#8211;\u00a0manter sob sua chefia imediata, em cargo ou fun\u00e7\u00e3o de confian\u00e7a, c\u00f4njuge, companheiro ou parente at\u00e9 o segundo grau civil;<\/p>\n<p style=\"text-align: justify;padding-left: 60px\">[&#8230;]<\/p>\n<p style=\"text-align: justify;padding-left: 60px\">XIX\u00a0&#8211;\u00a0recusar-se a atualizar seus dados cadastrais quando solicitado.<\/p>\n<p style=\"text-align: justify\">Assim, as condutas mencionadas nos itens I e II da quest\u00e3o s\u00e3o pass\u00edveis da aplica\u00e7\u00e3o da pena de <strong>advert\u00eancia<\/strong>. Por outro lado, a conduta prevista no item III ensejar\u00e1 a aplica\u00e7\u00e3o da pena de <strong>demiss\u00e3o<\/strong>, nos termos do art. 132, IX, da Lei 8.112\/1990: \u201c<em>Art. 132. A demiss\u00e3o ser\u00e1 aplicada nos seguintes casos: [&#8230;] IX &#8211; revela\u00e7\u00e3o de segredo do qual se apropriou em raz\u00e3o do cargo<\/em>\u201d.<\/p>\n<p style=\"text-align: justify\">Portanto, somente os itens I e II est\u00e3o corretos.<\/p>\n<p style=\"text-align: justify\"><strong>Gabarito preliminar: alternativa B.<\/strong><\/p>\n<p style=\"text-align: justify\">\n<p style=\"text-align: justify\"><strong>22. Considere as seguintes situa\u00e7\u00f5es:<\/strong><\/p>\n<p style=\"text-align: justify\"><strong>I. Ap\u00f3s tomar posse em cargo p\u00fablico, um servidor federal deixou de entrar em exerc\u00edcio no prazo de quinze dias.<\/strong><\/p>\n<p style=\"text-align: justify\"><strong>II. Servidor federal, n\u00e3o est\u00e1vel em outro cargo, n\u00e3o foi aprovado em est\u00e1gio probat\u00f3rio.<\/strong><\/p>\n<p style=\"text-align: justify\"><strong>III. Servidor federal, est\u00e1vel, n\u00e3o foi aprovado em est\u00e1gio probat\u00f3rio para outro cargo.<\/strong><\/p>\n<p style=\"text-align: justify\"><strong>Nos termos da Lei no 8.112\/90, cabe exonera\u00e7\u00e3o o previsto em<\/strong><\/p>\n<p style=\"text-align: justify\"><strong>(A) I, apenas.<\/strong><\/p>\n<p style=\"text-align: justify\"><strong>(B) II, apenas.<\/strong><\/p>\n<p style=\"text-align: justify\"><strong>(C) III, apenas.<\/strong><\/p>\n<p style=\"text-align: justify\"><strong>(D) I e II, apenas.<\/strong><\/p>\n<p style=\"text-align: justify\"><strong>(E) I, II e III.<\/strong><\/p>\n<p style=\"text-align: justify\"><span style=\"text-decoration: underline\"><strong>Coment\u00e1rio<\/strong><\/span>: para come\u00e7ar, vejamos o conte\u00fado do art. 34 da Lei 8.112\/1990:<\/p>\n<p style=\"text-align: justify;padding-left: 60px\">Art. 34. A exonera\u00e7\u00e3o de cargo efetivo dar-se-\u00e1 a pedido do servidor, ou de of\u00edcio.<\/p>\n<p style=\"text-align: justify;padding-left: 60px\">Par\u00e1grafo \u00fanico. A exonera\u00e7\u00e3o de of\u00edcio dar-se-\u00e1:<\/p>\n<p style=\"text-align: justify;padding-left: 60px\">I &#8211; quando n\u00e3o satisfeitas as condi\u00e7\u00f5es do est\u00e1gio probat\u00f3rio;<\/p>\n<p style=\"text-align: justify;padding-left: 60px\">II &#8211; quando, tendo tomado posse, o servidor n\u00e3o entrar em exerc\u00edcio no prazo estabelecido.<\/p>\n<p style=\"text-align: justify\">Em complemento, o art. 20, \u00a7 2\u00ba, da Lei 8.112\/1990 disp\u00f5e que o servidor n\u00e3o aprovado no est\u00e1gio probat\u00f3rio <strong>ser\u00e1 exonerado ou, se est\u00e1vel, reconduzido ao cargo anteriormente ocupado<\/strong>.<\/p>\n<p style=\"text-align: justify\">Portanto, ainda que o art. 34, par\u00e1grafo \u00fanico, I, disponha que o servidor que n\u00e3o satisfizer as condi\u00e7\u00f5es do est\u00e1gio probat\u00f3rio ser\u00e1 exonerado, tal regra s\u00f3 se aplica ao servidor n\u00e3o est\u00e1vel, uma vez que o servidor est\u00e1vel dever\u00e1 ser reconduzido ao cargo anteriormente ocupado.<\/p>\n<p style=\"text-align: justify\">Ademais, o prazo estabelecido para o servidor empossado entrar em exerc\u00edcio \u00e9 de <strong>15 dias<\/strong>, nos termos do art. 15 da Lei 8.112\/1990. Com efeito, o servidor que n\u00e3o entrar em exerc\u00edcio 15 dias ap\u00f3s a posse ser\u00e1 exonerado, nos termos do art. 15, \u00a7 2\u00ba, e art. 34, par\u00e1grafo \u00fanico, II, do Estatuto dos Servidores Federais.<\/p>\n<p style=\"text-align: justify\">Dessa forma, podemos notar que os itens I e II est\u00e3o corretos, pois representam situa\u00e7\u00f5es em que o servidor ser\u00e1 exonerado. Por outro lado, o item III representa uma situa\u00e7\u00e3o em que o servidor ser\u00e1 reconduzido ao cargo anteriormente ocupado; logo, est\u00e1 errado.<\/p>\n<p style=\"text-align: justify\">Assim, o gabarito \u00e9 a op\u00e7\u00e3o D e n\u00e3o vejo possibilidade de recurso.<\/p>\n<p style=\"text-align: justify\"><strong>Gabarito preliminar: alternativa D.<\/strong><\/p>\n<p style=\"text-align: justify\">\n<p style=\"text-align: justify\"><strong>23. Sobre o processo administrativo no \u00e2mbito da Administra\u00e7\u00e3o P\u00fablica Federal, regulado pela Lei no 9.784\/99, \u00e9 correto afirmar que<\/strong><\/p>\n<p style=\"text-align: justify\"><strong>(A) o ato de delega\u00e7\u00e3o da compet\u00eancia exercida pelos \u00f3rg\u00e3os administrativos \u00e9 irrevog\u00e1vel.<\/strong><\/p>\n<p style=\"text-align: justify\"><strong>(B) o recebimento de documentos ser\u00e1 feito sempre mediante reconhecimento de firma.<\/strong><\/p>\n<p style=\"text-align: justify\"><strong>(C) a avoca\u00e7\u00e3o tempor\u00e1ria da compet\u00eancia atribu\u00edda a \u00f3rg\u00e3o hierarquicamente inferior \u00e9 permitida em car\u00e1ter excepcional e por motivos relevantes devidamente justificados.<\/strong><\/p>\n<p style=\"text-align: justify\"><strong>(D) a \u00fanica forma admitida para a intima\u00e7\u00e3o do interessado \u00e9 a publica\u00e7\u00e3o na imprensa oficial.<\/strong><\/p>\n<p style=\"text-align: justify\"><strong>(E) a ado\u00e7\u00e3o de provid\u00eancias acauteladoras pela Administra\u00e7\u00e3o P\u00fablica depende de pr\u00e9via manifesta\u00e7\u00e3o do interessado.<\/strong><\/p>\n<p style=\"text-align: justify\"><span style=\"text-decoration: underline\"><strong>Coment\u00e1rio<\/strong><\/span>: a quest\u00e3o trata da Lei 9.784\/1999, que estabelece as regras sobre o processo administrativo no \u00e2mbito da Administra\u00e7\u00e3o P\u00fablica Federal.<\/p>\n<p style=\"text-align: justify\">Nesse contexto, devemos saber que a avoca\u00e7\u00e3o ocorre quando um \u00f3rg\u00e3o superior atrai para si a atribui\u00e7\u00e3o de um \u00f3rg\u00e3o hierarquicamente inferior. Com efeito, a Lei 9.784\/1999 disp\u00f5e que ser\u00e1 permitida, em car\u00e1ter excepcional e por motivos relevantes devidamente justificados, a <strong>avoca\u00e7\u00e3o<\/strong> tempor\u00e1ria de compet\u00eancia atribu\u00edda a \u00f3rg\u00e3o hierarquicamente inferior (art. 15). Por conseguinte, a <span style=\"color: #0000ff\"><strong>alternativa C<\/strong><\/span> constitui o nosso gabarito.<\/p>\n<p style=\"text-align: justify\">Agora, vamos analisar o erro das demais alternativas:<\/p>\n<p style=\"text-align: justify\">a) a delega\u00e7\u00e3o ocorre quando um \u00f3rg\u00e3o transfere parte de suas compet\u00eancias para outro, mediante decis\u00e3o discricion\u00e1ria, baseada na conveni\u00eancia do servi\u00e7o. Justamente por isso que a Lei 9.784\/1999 disp\u00f5e que a delega\u00e7\u00e3o \u00e9 revog\u00e1vel a qualquer tempo pela autoridade delegante (art. 14, \u00a7 2\u00ba) \u2013 <span style=\"color: #ff0000\">ERRADA<\/span>;<\/p>\n<p style=\"text-align: justify\">b) na verdade, a regra \u00e9 o recebimento de documentos sem o recebimento de firma. Nesse contexto, o art. 22, \u00a7 2\u00ba, da Lei 9.784\/1999, disp\u00f5e que, salvo imposi\u00e7\u00e3o legal, o reconhecimento de firma somente ser\u00e1 exigido quando houver d\u00favida de autenticidade \u2013 <span style=\"color: #ff0000\">ERRADA<\/span>;<\/p>\n<p style=\"text-align: justify\">d) a intima\u00e7\u00e3o pode ser efetuada por ci\u00eancia no processo, por via postal com aviso de recebimento, por telegrama ou outro meio que assegure a certeza da ci\u00eancia do interessado (art. ). Ademais, a publica\u00e7\u00e3o oficial ser\u00e1 adotada no caso de interessados indeterminados, desconhecidos ou com domic\u00edlio indefinido. Portanto, a publica\u00e7\u00e3o oficial \u00e9 apenas uma das formas de intima\u00e7\u00e3o do interessado \u2013 <span style=\"color: #ff0000\">ERRADA<\/span>;<\/p>\n<p style=\"text-align: justify\">e) a medida acautelat\u00f3ria \u00e9 aquela adotada em caso de urg\u00eancia. Por isso, a Lei 9.784\/1999 admite que, em caso de risco iminente, a Administra\u00e7\u00e3o P\u00fablica possa motivadamente adotar provid\u00eancias acauteladoras <strong><\/strong><strong>sem a pr\u00e9via manifesta\u00e7\u00e3o do interessado<\/strong> (art. 45) \u2013 <span style=\"color: #ff0000\">ERRADA<\/span>.<\/p>\n<p style=\"text-align: justify\"><strong>Gabarito preliminar: alternativa C.<\/strong><\/p>\n<p style=\"text-align: justify\">\n<p><strong>24. Nos termos regulados pela Lei no 8.429\/92, \u00e9 ato de improbidade administrativa que atenta contra os princ\u00edpios da Administra\u00e7\u00e3o P\u00fablica:<\/strong><\/p>\n<p style=\"text-align: justify\"><strong>(A) aceitar emprego, comiss\u00e3o ou exercer atividade de consultoria ou assessoramento para pessoa f\u00edsica ou jur\u00eddica que tenha interesse suscet\u00edvel de ser atingido ou amparado por a\u00e7\u00e3o ou omiss\u00e3o decorrente das atribui\u00e7\u00f5es do agente p\u00fablico, durante a atividade.<\/strong><\/p>\n<p style=\"text-align: justify\"><strong>(B) causar preju\u00edzo ao er\u00e1rio ao liberar verba p\u00fablica sem a estrita observ\u00e2ncia das normas pertinentes ou influir de qualquer forma para a sua aplica\u00e7\u00e3o irregular.<\/strong><\/p>\n<p style=\"text-align: justify\"><strong>(C) causar preju\u00edzo ao er\u00e1rio ao conceder benef\u00edcio administrativo ou fiscal sem a observ\u00e2ncia das formalidades legais ou regulamentares aplic\u00e1veis \u00e0 esp\u00e9cie.<\/strong><\/p>\n<p style=\"text-align: justify\"><strong>(D) praticar ato visando fim proibido em lei ou regulamento ou diverso daquele previsto, na regra de compet\u00eancia.<\/strong><\/p>\n<p style=\"text-align: justify\"><strong>(E) perceber vantagem econ\u00f4mica, direta ou indireta, para facilitar a aliena\u00e7\u00e3o, permuta ou loca\u00e7\u00e3o de bem p\u00fablico ou o fornecimento de servi\u00e7o por ente estatal por pre\u00e7o inferior ao valor de mercado.<\/strong><\/p>\n<p style=\"text-align: justify\"><span style=\"text-decoration: underline\"><strong>Coment\u00e1rio<\/strong><\/span>: a Lei 8.429\/1992, ou Lei da Improbidade Administrativa (LIA), classifica os atos de improbidade administrativa em tr\u00eas grupos: (i) atos que importam enriquecimento il\u00edcito (art. 9\u00ba); (ii) atos que causam preju\u00edzo ao er\u00e1rio (art. 10); (iii) atos que atentam contra os princ\u00edpios da Administra\u00e7\u00e3o P\u00fablica (art. 11).<\/p>\n<p style=\"text-align: justify\">Assim, para responder a quest\u00e3o, bastava identificar em qual das alternativas consta um ato que atenta contra os princ\u00edpios da Administra\u00e7\u00e3o P\u00fablica, cuja lista consta no art. 11 da Lei 8.429\/1992, vejamos:<\/p>\n<p style=\"text-align: justify;padding-left: 60px\">Art. 11. Constitui ato de improbidade administrativa que atenta contra os princ\u00edpios da administra\u00e7\u00e3o p\u00fablica qualquer a\u00e7\u00e3o ou omiss\u00e3o que viole os deveres de honestidade, imparcialidade, legalidade, e lealdade \u00e0s institui\u00e7\u00f5es, e notadamente:<\/p>\n<p style=\"text-align: justify;padding-left: 60px\"><strong><\/strong><strong>I &#8211; praticar ato visando fim proibido em lei ou regulamento ou diverso daquele previsto, na regra de compet\u00eancia; <span style=\"color: #0000ff\"><em>[alternativa D]<\/em><\/span><\/strong><\/p>\n<p style=\"text-align: justify;padding-left: 60px\">II &#8211; retardar ou deixar de praticar, indevidamente, ato de of\u00edcio;<\/p>\n<p style=\"text-align: justify;padding-left: 60px\">III &#8211; revelar fato ou circunst\u00e2ncia de que tem ci\u00eancia em raz\u00e3o das atribui\u00e7\u00f5es e que deva permanecer em segredo;<\/p>\n<p style=\"text-align: justify;padding-left: 60px\">IV &#8211; negar publicidade aos atos oficiais;<\/p>\n<p style=\"text-align: justify;padding-left: 60px\">V &#8211; frustrar a licitude de concurso p\u00fablico;<\/p>\n<p style=\"text-align: justify;padding-left: 60px\">VI &#8211; deixar de prestar contas quando esteja obrigado a faz\u00ea-lo;<\/p>\n<p style=\"text-align: justify;padding-left: 60px\">VII &#8211; revelar ou permitir que chegue ao conhecimento de terceiro, antes da respectiva divulga\u00e7\u00e3o oficial, teor de medida pol\u00edtica ou econ\u00f4mica capaz de afetar o pre\u00e7o de mercadoria, bem ou servi\u00e7o.<\/p>\n<p style=\"text-align: justify\">Dessa forma, a alternativa D constitui o nosso gabarito.<\/p>\n<p style=\"text-align: justify\">Vejamos, abaixo, o enquadramento das demais condutas:<\/p>\n<p style=\"text-align: justify\">(A) aceitar emprego, comiss\u00e3o ou exercer atividade de consultoria ou assessoramento para pessoa f\u00edsica ou jur\u00eddica que tenha interesse suscet\u00edvel de ser atingido ou amparado por a\u00e7\u00e3o ou omiss\u00e3o decorrente das atribui\u00e7\u00f5es do agente p\u00fablico, durante a atividade \u2013 ato que importa enriquecimento il\u00edcito (art. 9\u00ba, VIII) \u2013 <span style=\"color: #ff0000\">ERRADA<\/span>.<\/p>\n<p style=\"text-align: justify\">(B) causar preju\u00edzo ao er\u00e1rio ao liberar verba p\u00fablica sem a estrita observ\u00e2ncia das normas pertinentes ou influir de qualquer forma para a sua aplica\u00e7\u00e3o irregular \u2013 ato que causa preju\u00edzo ao er\u00e1rio (art. 10, XI) \u2013 <span style=\"color: #ff0000\">ERRADA<\/span>.<\/p>\n<p style=\"text-align: justify\">(C) causar preju\u00edzo ao er\u00e1rio ao conceder benef\u00edcio administrativo ou fiscal sem a observ\u00e2ncia das formalidades legais ou regulamentares aplic\u00e1veis \u00e0 esp\u00e9cie \u2013 ato que causa preju\u00edzo ao er\u00e1rio (art. 10, VII) \u2013 <span style=\"color: #ff0000\">ERRADA<\/span>.<\/p>\n<p style=\"text-align: justify\">(E) perceber vantagem econ\u00f4mica, direta ou indireta, para facilitar a aliena\u00e7\u00e3o, permuta ou loca\u00e7\u00e3o de bem p\u00fablico ou o fornecimento de servi\u00e7o por ente estatal por pre\u00e7o inferior ao valor de mercado \u2013 ato que importa enriquecimento il\u00edcito (art. 9\u00ba, III) \u2013 <span style=\"color: #ff0000\">ERRADA<\/span>.<\/p>\n<p style=\"text-align: justify\"><strong>Gabarito preliminar: alternativa D.<\/strong><\/p>\n<p>&#8212;-<\/p>\n<p>\u00c9 isso pessoal!<\/p>\n<p>Fico na torcida para que os nossos alunos tenham alcan\u00e7ado um \u00f3timo resultado nesta prova.<\/p>\n<p>Abra\u00e7os,<\/p>\n<p>Herbert Almeida<\/p>\n<p>Conhe\u00e7a os nossos outros cursos aqui no Estrat\u00e9gia Concursos:<\/p>\n<p><a title=\"Cursos do Prof. Herbert Almeida\" href=\"https:\/\/www.estrategiaconcursos.com.br\/cursosPorProfessor\/herbert-almeida-3314\/\" target=\"_blank\">https:\/\/www.estrategiaconcursos.com.br\/cursosPorProfessor\/herbert-almeida-3314\/<\/a><\/p>\n<p>&nbsp;<\/p>\n<p>&nbsp;<\/p>\n<p>&nbsp;<\/p>\n","protected":false},"excerpt":{"rendered":"<p>Ol\u00e1 pessoal, tudo bem? Agora, estou passando para comentar a prova de Legisla\u00e7\u00e3o de T\u00e9cnico Judici\u00e1rio do Tribunal Regional do Trabalho do Rio Grande do Sul (TRT-RS). Assim como na prova de Analista, considero que a prova de Legisla\u00e7\u00e3o para T\u00e9cnico foi muito tranquila, sendo que todos os itens poderiam ser respondidos com tranquilidade para [&hellip;]<\/p>\n","protected":false},"author":129,"featured_media":0,"comment_status":"open","ping_status":"open","sticky":false,"template":"","format":"standard","meta":{"post_tipo":"article","footnotes":""},"categories":[1],"tags":[46,40,67,984,328,980,981,983,982,700,314,661,701,680],"tax_estado":[],"class_list":["post-27085","post","type-post","status-publish","format-standard","hentry","category-cursos-e-concursos","tag-comentarios","tag-concurso","tag-direito-administrativo","tag-estatuto-dos-servidores","tag-fcc","tag-legislacao","tag-lei-8-1121990","tag-lei-8-4291992","tag-lei-9-7841999","tag-normas-aplicaveis-aos-servidores-publicos-federais","tag-questoes","tag-recursos","tag-tecnico-judiciario","tag-trt-rs"],"acf":[],"yoast_head":"<!-- This site is optimized with the Yoast SEO Premium plugin v27.2 (Yoast SEO v27.2) - https:\/\/yoast.com\/product\/yoast-seo-premium-wordpress\/ -->\n<title>Coment\u00e1rios da prova de Legisla\u00e7\u00e3o para T\u00e9cnico Judici\u00e1rio do TRT-RS<\/title>\n<meta name=\"robots\" content=\"index, follow, max-snippet:-1, max-image-preview:large, max-video-preview:-1\" \/>\n<link rel=\"canonical\" href=\"https:\/\/www.estrategiaconcursos.com.br\/blog\/comentarios-da-prova-de-legislacao-para-tecnico-judiciario-do-trt-rs\/\" \/>\n<meta property=\"og:locale\" content=\"pt_BR\" \/>\n<meta property=\"og:type\" content=\"article\" \/>\n<meta property=\"og:title\" content=\"Coment\u00e1rios da prova de Legisla\u00e7\u00e3o para T\u00e9cnico Judici\u00e1rio do TRT-RS\" \/>\n<meta property=\"og:description\" content=\"Ol\u00e1 pessoal, tudo bem? Agora, estou passando para comentar a prova de Legisla\u00e7\u00e3o de T\u00e9cnico Judici\u00e1rio do Tribunal Regional do Trabalho do Rio Grande do Sul (TRT-RS). Assim como na prova de Analista, considero que a prova de Legisla\u00e7\u00e3o para T\u00e9cnico foi muito tranquila, sendo que todos os itens poderiam ser respondidos com tranquilidade para [&hellip;]\" \/>\n<meta property=\"og:url\" content=\"https:\/\/www.estrategiaconcursos.com.br\/blog\/comentarios-da-prova-de-legislacao-para-tecnico-judiciario-do-trt-rs\/\" \/>\n<meta property=\"og:site_name\" content=\"Estrat\u00e9gia Concursos\" \/>\n<meta property=\"article:published_time\" content=\"2015-09-15T19:17:13+00:00\" \/>\n<meta name=\"author\" content=\"Herbert Almeida\" \/>\n<meta name=\"twitter:card\" content=\"summary_large_image\" \/>\n<meta name=\"twitter:creator\" content=\"@EstratConcursos\" \/>\n<meta name=\"twitter:site\" content=\"@EstratConcursos\" \/>\n<meta name=\"twitter:label1\" content=\"Escrito por\" \/>\n\t<meta name=\"twitter:data1\" content=\"Herbert Almeida\" \/>\n\t<meta name=\"twitter:label2\" content=\"Est. tempo de leitura\" \/>\n\t<meta name=\"twitter:data2\" content=\"10 minutos\" \/>\n<script type=\"application\/ld+json\" class=\"yoast-schema-graph\">{\"@context\":\"https:\/\/schema.org\",\"@graph\":[{\"@type\":\"NewsArticle\",\"@id\":\"https:\/\/www.estrategiaconcursos.com.br\/blog\/comentarios-da-prova-de-legislacao-para-tecnico-judiciario-do-trt-rs\/#article\",\"isPartOf\":{\"@id\":\"https:\/\/www.estrategiaconcursos.com.br\/blog\/comentarios-da-prova-de-legislacao-para-tecnico-judiciario-do-trt-rs\/\"},\"author\":{\"name\":\"Herbert Almeida\",\"@id\":\"https:\/\/www.estrategiaconcursos.com.br\/blog\/#\/schema\/person\/59717c75350fa01aa0fd68a52a8d02e0\"},\"headline\":\"Coment\u00e1rios da prova de Legisla\u00e7\u00e3o para T\u00e9cnico Judici\u00e1rio do TRT-RS\",\"datePublished\":\"2015-09-15T19:17:13+00:00\",\"mainEntityOfPage\":{\"@id\":\"https:\/\/www.estrategiaconcursos.com.br\/blog\/comentarios-da-prova-de-legislacao-para-tecnico-judiciario-do-trt-rs\/\"},\"wordCount\":2034,\"commentCount\":0,\"publisher\":{\"@id\":\"https:\/\/www.estrategiaconcursos.com.br\/blog\/#organization\"},\"keywords\":[\"Coment\u00e1rios\",\"Concurso\",\"Direito Administrativo\",\"Estatuto dos Servidores\",\"FCC\",\"Legisla\u00e7\u00e3o\",\"Lei 8.112\/1990\",\"Lei 8.429\/1992\",\"Lei 9.784\/1999\",\"Normas aplic\u00e1veis aos servidores p\u00fablicos federais\",\"quest\u00f5es\",\"Recursos\",\"T\u00e9cnico Judici\u00e1rio\",\"TRT-RS\"],\"articleSection\":[\"Concursos P\u00fablicos\"],\"inLanguage\":\"pt-BR\",\"potentialAction\":[{\"@type\":\"CommentAction\",\"name\":\"Comment\",\"target\":[\"https:\/\/www.estrategiaconcursos.com.br\/blog\/comentarios-da-prova-de-legislacao-para-tecnico-judiciario-do-trt-rs\/#respond\"]}],\"copyrightYear\":\"2015\",\"copyrightHolder\":{\"@id\":\"https:\/\/www.estrategiaconcursos.com.br\/blog\/#organization\"}},{\"@type\":\"WebPage\",\"@id\":\"https:\/\/www.estrategiaconcursos.com.br\/blog\/comentarios-da-prova-de-legislacao-para-tecnico-judiciario-do-trt-rs\/\",\"url\":\"https:\/\/www.estrategiaconcursos.com.br\/blog\/comentarios-da-prova-de-legislacao-para-tecnico-judiciario-do-trt-rs\/\",\"name\":\"Coment\u00e1rios da prova de Legisla\u00e7\u00e3o para T\u00e9cnico Judici\u00e1rio do TRT-RS\",\"isPartOf\":{\"@id\":\"https:\/\/www.estrategiaconcursos.com.br\/blog\/#website\"},\"datePublished\":\"2015-09-15T19:17:13+00:00\",\"breadcrumb\":{\"@id\":\"https:\/\/www.estrategiaconcursos.com.br\/blog\/comentarios-da-prova-de-legislacao-para-tecnico-judiciario-do-trt-rs\/#breadcrumb\"},\"inLanguage\":\"pt-BR\",\"potentialAction\":[{\"@type\":\"ReadAction\",\"target\":[\"https:\/\/www.estrategiaconcursos.com.br\/blog\/comentarios-da-prova-de-legislacao-para-tecnico-judiciario-do-trt-rs\/\"]}]},{\"@type\":\"BreadcrumbList\",\"@id\":\"https:\/\/www.estrategiaconcursos.com.br\/blog\/comentarios-da-prova-de-legislacao-para-tecnico-judiciario-do-trt-rs\/#breadcrumb\",\"itemListElement\":[{\"@type\":\"ListItem\",\"position\":1,\"name\":\"In\u00edcio\",\"item\":\"https:\/\/www.estrategiaconcursos.com.br\/blog\/\"},{\"@type\":\"ListItem\",\"position\":2,\"name\":\"Coment\u00e1rios da prova de Legisla\u00e7\u00e3o para T\u00e9cnico Judici\u00e1rio do TRT-RS\"}]},{\"@type\":\"WebSite\",\"@id\":\"https:\/\/www.estrategiaconcursos.com.br\/blog\/#website\",\"url\":\"https:\/\/www.estrategiaconcursos.com.br\/blog\/\",\"name\":\"Estrat\u00e9gia Concursos\",\"description\":\"O blog da Estrat\u00e9gia Concursos traz not\u00edcias sobre concursos e artigos de professores oferecendo cursos para concursos (pdf + videaulas) no site.\",\"publisher\":{\"@id\":\"https:\/\/www.estrategiaconcursos.com.br\/blog\/#organization\"},\"potentialAction\":[{\"@type\":\"SearchAction\",\"target\":{\"@type\":\"EntryPoint\",\"urlTemplate\":\"https:\/\/www.estrategiaconcursos.com.br\/blog\/?s={search_term_string}\"},\"query-input\":{\"@type\":\"PropertyValueSpecification\",\"valueRequired\":true,\"valueName\":\"search_term_string\"}}],\"inLanguage\":\"pt-BR\"},{\"@type\":\"Organization\",\"@id\":\"https:\/\/www.estrategiaconcursos.com.br\/blog\/#organization\",\"name\":\"Estrat\u00e9gia Concursos\",\"url\":\"https:\/\/www.estrategiaconcursos.com.br\/blog\/\",\"logo\":{\"@type\":\"ImageObject\",\"inLanguage\":\"pt-BR\",\"@id\":\"https:\/\/www.estrategiaconcursos.com.br\/blog\/#\/schema\/logo\/image\/\",\"url\":\"https:\/\/dhg1h5j42swfq.cloudfront.net\/2025\/06\/03203428\/logo_concursos-1.jpg\",\"contentUrl\":\"https:\/\/dhg1h5j42swfq.cloudfront.net\/2025\/06\/03203428\/logo_concursos-1.jpg\",\"width\":230,\"height\":60,\"caption\":\"Estrat\u00e9gia Concursos\"},\"image\":{\"@id\":\"https:\/\/www.estrategiaconcursos.com.br\/blog\/#\/schema\/logo\/image\/\"},\"sameAs\":[\"https:\/\/x.com\/EstratConcursos\"]},{\"@type\":\"Person\",\"@id\":\"https:\/\/www.estrategiaconcursos.com.br\/blog\/#\/schema\/person\/59717c75350fa01aa0fd68a52a8d02e0\",\"name\":\"Herbert Almeida\",\"image\":{\"@type\":\"ImageObject\",\"inLanguage\":\"pt-BR\",\"@id\":\"https:\/\/secure.gravatar.com\/avatar\/b6461a43893c24d5fc91efc433971ffec025c84c0341129f4578034d77f9a536?s=96&d=mm&r=g\",\"url\":\"https:\/\/secure.gravatar.com\/avatar\/b6461a43893c24d5fc91efc433971ffec025c84c0341129f4578034d77f9a536?s=96&d=mm&r=g\",\"contentUrl\":\"https:\/\/secure.gravatar.com\/avatar\/b6461a43893c24d5fc91efc433971ffec025c84c0341129f4578034d77f9a536?s=96&d=mm&r=g\",\"caption\":\"Herbert Almeida\"},\"url\":\"https:\/\/www.estrategiaconcursos.com.br\/blog\/author\/herbertestrategiaconcursos-com-br\/\"}]}<\/script>\n<!-- \/ Yoast SEO Premium plugin. -->","yoast_head_json":{"title":"Coment\u00e1rios da prova de Legisla\u00e7\u00e3o para T\u00e9cnico Judici\u00e1rio do TRT-RS","robots":{"index":"index","follow":"follow","max-snippet":"max-snippet:-1","max-image-preview":"max-image-preview:large","max-video-preview":"max-video-preview:-1"},"canonical":"https:\/\/www.estrategiaconcursos.com.br\/blog\/comentarios-da-prova-de-legislacao-para-tecnico-judiciario-do-trt-rs\/","og_locale":"pt_BR","og_type":"article","og_title":"Coment\u00e1rios da prova de Legisla\u00e7\u00e3o para T\u00e9cnico Judici\u00e1rio do TRT-RS","og_description":"Ol\u00e1 pessoal, tudo bem? Agora, estou passando para comentar a prova de Legisla\u00e7\u00e3o de T\u00e9cnico Judici\u00e1rio do Tribunal Regional do Trabalho do Rio Grande do Sul (TRT-RS). Assim como na prova de Analista, considero que a prova de Legisla\u00e7\u00e3o para T\u00e9cnico foi muito tranquila, sendo que todos os itens poderiam ser respondidos com tranquilidade para [&hellip;]","og_url":"https:\/\/www.estrategiaconcursos.com.br\/blog\/comentarios-da-prova-de-legislacao-para-tecnico-judiciario-do-trt-rs\/","og_site_name":"Estrat\u00e9gia Concursos","article_published_time":"2015-09-15T19:17:13+00:00","author":"Herbert Almeida","twitter_card":"summary_large_image","twitter_creator":"@EstratConcursos","twitter_site":"@EstratConcursos","twitter_misc":{"Escrito por":"Herbert Almeida","Est. tempo de leitura":"10 minutos"},"schema":{"@context":"https:\/\/schema.org","@graph":[{"@type":"NewsArticle","@id":"https:\/\/www.estrategiaconcursos.com.br\/blog\/comentarios-da-prova-de-legislacao-para-tecnico-judiciario-do-trt-rs\/#article","isPartOf":{"@id":"https:\/\/www.estrategiaconcursos.com.br\/blog\/comentarios-da-prova-de-legislacao-para-tecnico-judiciario-do-trt-rs\/"},"author":{"name":"Herbert Almeida","@id":"https:\/\/www.estrategiaconcursos.com.br\/blog\/#\/schema\/person\/59717c75350fa01aa0fd68a52a8d02e0"},"headline":"Coment\u00e1rios da prova de Legisla\u00e7\u00e3o para T\u00e9cnico Judici\u00e1rio do TRT-RS","datePublished":"2015-09-15T19:17:13+00:00","mainEntityOfPage":{"@id":"https:\/\/www.estrategiaconcursos.com.br\/blog\/comentarios-da-prova-de-legislacao-para-tecnico-judiciario-do-trt-rs\/"},"wordCount":2034,"commentCount":0,"publisher":{"@id":"https:\/\/www.estrategiaconcursos.com.br\/blog\/#organization"},"keywords":["Coment\u00e1rios","Concurso","Direito Administrativo","Estatuto dos Servidores","FCC","Legisla\u00e7\u00e3o","Lei 8.112\/1990","Lei 8.429\/1992","Lei 9.784\/1999","Normas aplic\u00e1veis aos servidores p\u00fablicos federais","quest\u00f5es","Recursos","T\u00e9cnico Judici\u00e1rio","TRT-RS"],"articleSection":["Concursos P\u00fablicos"],"inLanguage":"pt-BR","potentialAction":[{"@type":"CommentAction","name":"Comment","target":["https:\/\/www.estrategiaconcursos.com.br\/blog\/comentarios-da-prova-de-legislacao-para-tecnico-judiciario-do-trt-rs\/#respond"]}],"copyrightYear":"2015","copyrightHolder":{"@id":"https:\/\/www.estrategiaconcursos.com.br\/blog\/#organization"}},{"@type":"WebPage","@id":"https:\/\/www.estrategiaconcursos.com.br\/blog\/comentarios-da-prova-de-legislacao-para-tecnico-judiciario-do-trt-rs\/","url":"https:\/\/www.estrategiaconcursos.com.br\/blog\/comentarios-da-prova-de-legislacao-para-tecnico-judiciario-do-trt-rs\/","name":"Coment\u00e1rios da prova de Legisla\u00e7\u00e3o para T\u00e9cnico Judici\u00e1rio do TRT-RS","isPartOf":{"@id":"https:\/\/www.estrategiaconcursos.com.br\/blog\/#website"},"datePublished":"2015-09-15T19:17:13+00:00","breadcrumb":{"@id":"https:\/\/www.estrategiaconcursos.com.br\/blog\/comentarios-da-prova-de-legislacao-para-tecnico-judiciario-do-trt-rs\/#breadcrumb"},"inLanguage":"pt-BR","potentialAction":[{"@type":"ReadAction","target":["https:\/\/www.estrategiaconcursos.com.br\/blog\/comentarios-da-prova-de-legislacao-para-tecnico-judiciario-do-trt-rs\/"]}]},{"@type":"BreadcrumbList","@id":"https:\/\/www.estrategiaconcursos.com.br\/blog\/comentarios-da-prova-de-legislacao-para-tecnico-judiciario-do-trt-rs\/#breadcrumb","itemListElement":[{"@type":"ListItem","position":1,"name":"In\u00edcio","item":"https:\/\/www.estrategiaconcursos.com.br\/blog\/"},{"@type":"ListItem","position":2,"name":"Coment\u00e1rios da prova de Legisla\u00e7\u00e3o para T\u00e9cnico Judici\u00e1rio do TRT-RS"}]},{"@type":"WebSite","@id":"https:\/\/www.estrategiaconcursos.com.br\/blog\/#website","url":"https:\/\/www.estrategiaconcursos.com.br\/blog\/","name":"Estrat\u00e9gia Concursos","description":"O blog da Estrat\u00e9gia Concursos traz not\u00edcias sobre concursos e artigos de professores oferecendo cursos para concursos (pdf + videaulas) no site.","publisher":{"@id":"https:\/\/www.estrategiaconcursos.com.br\/blog\/#organization"},"potentialAction":[{"@type":"SearchAction","target":{"@type":"EntryPoint","urlTemplate":"https:\/\/www.estrategiaconcursos.com.br\/blog\/?s={search_term_string}"},"query-input":{"@type":"PropertyValueSpecification","valueRequired":true,"valueName":"search_term_string"}}],"inLanguage":"pt-BR"},{"@type":"Organization","@id":"https:\/\/www.estrategiaconcursos.com.br\/blog\/#organization","name":"Estrat\u00e9gia Concursos","url":"https:\/\/www.estrategiaconcursos.com.br\/blog\/","logo":{"@type":"ImageObject","inLanguage":"pt-BR","@id":"https:\/\/www.estrategiaconcursos.com.br\/blog\/#\/schema\/logo\/image\/","url":"https:\/\/dhg1h5j42swfq.cloudfront.net\/2025\/06\/03203428\/logo_concursos-1.jpg","contentUrl":"https:\/\/dhg1h5j42swfq.cloudfront.net\/2025\/06\/03203428\/logo_concursos-1.jpg","width":230,"height":60,"caption":"Estrat\u00e9gia Concursos"},"image":{"@id":"https:\/\/www.estrategiaconcursos.com.br\/blog\/#\/schema\/logo\/image\/"},"sameAs":["https:\/\/x.com\/EstratConcursos"]},{"@type":"Person","@id":"https:\/\/www.estrategiaconcursos.com.br\/blog\/#\/schema\/person\/59717c75350fa01aa0fd68a52a8d02e0","name":"Herbert Almeida","image":{"@type":"ImageObject","inLanguage":"pt-BR","@id":"https:\/\/secure.gravatar.com\/avatar\/b6461a43893c24d5fc91efc433971ffec025c84c0341129f4578034d77f9a536?s=96&d=mm&r=g","url":"https:\/\/secure.gravatar.com\/avatar\/b6461a43893c24d5fc91efc433971ffec025c84c0341129f4578034d77f9a536?s=96&d=mm&r=g","contentUrl":"https:\/\/secure.gravatar.com\/avatar\/b6461a43893c24d5fc91efc433971ffec025c84c0341129f4578034d77f9a536?s=96&d=mm&r=g","caption":"Herbert Almeida"},"url":"https:\/\/www.estrategiaconcursos.com.br\/blog\/author\/herbertestrategiaconcursos-com-br\/"}]}},"_links":{"self":[{"href":"https:\/\/www.estrategiaconcursos.com.br\/blog\/wp-json\/wp\/v2\/posts\/27085","targetHints":{"allow":["GET"]}}],"collection":[{"href":"https:\/\/www.estrategiaconcursos.com.br\/blog\/wp-json\/wp\/v2\/posts"}],"about":[{"href":"https:\/\/www.estrategiaconcursos.com.br\/blog\/wp-json\/wp\/v2\/types\/post"}],"author":[{"embeddable":true,"href":"https:\/\/www.estrategiaconcursos.com.br\/blog\/wp-json\/wp\/v2\/users\/129"}],"replies":[{"embeddable":true,"href":"https:\/\/www.estrategiaconcursos.com.br\/blog\/wp-json\/wp\/v2\/comments?post=27085"}],"version-history":[{"count":1,"href":"https:\/\/www.estrategiaconcursos.com.br\/blog\/wp-json\/wp\/v2\/posts\/27085\/revisions"}],"predecessor-version":[{"id":27087,"href":"https:\/\/www.estrategiaconcursos.com.br\/blog\/wp-json\/wp\/v2\/posts\/27085\/revisions\/27087"}],"wp:attachment":[{"href":"https:\/\/www.estrategiaconcursos.com.br\/blog\/wp-json\/wp\/v2\/media?parent=27085"}],"wp:term":[{"taxonomy":"category","embeddable":true,"href":"https:\/\/www.estrategiaconcursos.com.br\/blog\/wp-json\/wp\/v2\/categories?post=27085"},{"taxonomy":"post_tag","embeddable":true,"href":"https:\/\/www.estrategiaconcursos.com.br\/blog\/wp-json\/wp\/v2\/tags?post=27085"},{"taxonomy":"tax_estado","embeddable":true,"href":"https:\/\/www.estrategiaconcursos.com.br\/blog\/wp-json\/wp\/v2\/tax_estado?post=27085"}],"curies":[{"name":"wp","href":"https:\/\/api.w.org\/{rel}","templated":true}]}}