{"id":27082,"date":"2015-09-15T15:43:51","date_gmt":"2015-09-15T18:43:51","guid":{"rendered":"http:\/\/www.estrategiaconcursos.com.br\/blog\/?p=27082"},"modified":"2015-09-15T15:43:51","modified_gmt":"2015-09-15T18:43:51","slug":"trt-4ar-comentario-da-prova-de-portugues","status":"publish","type":"post","link":"https:\/\/www.estrategiaconcursos.com.br\/blog\/trt-4ar-comentario-da-prova-de-portugues\/","title":{"rendered":"TRT 4\u00aaR Coment\u00e1rio da Prova de Portugu\u00eas"},"content":{"rendered":"<p>Parab\u00e9ns, aos guerreiros e guerreiras que enfrentaram o concurso do TRT RS!!!!<\/p>\n<p>Muita gente mandando mensagem e mostrando que foi bem, isso \u00e9 \u00f3timo! \u00c9 sinal de que o esfor\u00e7o valeu a pena!<\/p>\n<p>Mas alguns concurseiros comentaram que tiveram problemas em algumas quest\u00f5es de Portugu\u00eas, basicamente a prova de Analista Administrativo, e \u00e9 por isso que vou comentar as que suscitaram d\u00favidas, ok?!<\/p>\n<p>A minha prova de refer\u00eancia \u00e9 a \u201cAA\u201d, tipo 002.<\/p>\n<p>Alguns candidatos reclamaram da quest\u00e3o 3, a qual segue abaixo:<\/p>\n<p><strong>Quest\u00e3o 3: <\/strong>A frase em que o segmento destacado expressa uma circunst\u00e2ncia restritiva \u00e9:<\/p>\n<p>(A) (linha 13) <em><span style=\"text-decoration: underline\">Nosso objetivo<\/span><\/em><em> \u00e9 lidar com uma forma de arte cujas obras mais populares e duradouras foram quase sempre escritas num distante passado europeu.<\/em><\/p>\n<p>(B) (linha 2) <em><span style=\"text-decoration: underline\">Nesse sentido<\/span><\/em><em>, \u00e9 muito \u00f3bvio que ela n\u00e3o seja real\u00edstica. <\/em>[&#8230;]<\/p>\n<p>(C) (linha 3) <em><span style=\"text-decoration: underline\">Al\u00e9m disso<\/span><\/em><em>, \u00e9 quase sempre bastante cara de se encenar e de se assistir.<\/em><\/p>\n<p>(D) (linha 4) <em><span style=\"text-decoration: underline\">Em nenhum momento da hist\u00f3ria<\/span><\/em><em> a sociedade, como um todo, conseguiu sustentar facilmente os custos exorbitantes da \u00f3pera.<\/em><\/p>\n<p>(E) (linha 10) <em><span style=\"text-decoration: underline\">Essas perguntas<\/span><\/em><em> s\u00e3o mais sobre a \u00f3pera tal como ela \u00e9 hoje em dia <\/em>[&#8230;]<\/p>\n<p>\u201cO que seria esta circunst\u00e2ncia restritiva, Terror?\u201d<\/p>\n<p>Mo\u00e7ada, para resolver esta quest\u00e3o, bastava voc\u00eas se lembrarem de que elemento restritivo \u00e9 aquele que seleciona elementos de um grupo, isto \u00e9, n\u00e3o se quer o grupo todo, mas parte dele. Sintaticamente, temos o adjunto adnominal e a ora\u00e7\u00e3o subordinada adjetiva restritiva, elementos que s\u00e3o restritivos por natureza. Assim, o pronome \u201cNosso\u201d, da alternativa (A), \u201cNesse\u201d, da alternativa (B), e \u201cEssas\u201d, da alternativa (E), j\u00e1 transmitem valor restritivo por serem adjuntos adnominais.<\/p>\n<p>Vale lembrar que a express\u00e3o \u201cAl\u00e9m disso\u201d \u00e9 denotativa de inclus\u00e3o, n\u00e3o possui valor de restri\u00e7\u00e3o, mas simples adi\u00e7\u00e3o. Assim, eliminamos a alternativa (C).<\/p>\n<p>A express\u00e3o \u201c<em>Em nenhum momento da hist\u00f3ria\u201d<\/em> \u00e9 adjunto adverbial de tempo. Note que o pronome \u201cnenhum\u201d n\u00e3o transmite valor restritivo, mas pura e simplesmente valor de anula\u00e7\u00e3o, nega\u00e7\u00e3o. Assim, tamb\u00e9m temos certeza de que a alternativa (D) deve ser exclu\u00edda.<\/p>\n<p>Relendo as alternativas (A), (B) e (E), as quais possuem pronomes com valor restritivo, e lendo novamente o pedido da quest\u00e3o, vemos que a banca quer uma <span style=\"text-decoration: underline\">circunst\u00e2ncia<\/span> restritiva. Sabemos que a circunst\u00e2ncia \u00e9 um valor peculiar do adjunto adverbial. Assim, fica f\u00e1cil notar que a express\u00e3o \u201c<em>Nesse sentido<\/em>\u201d ocupa tal fun\u00e7\u00e3o, fazendo com que a alternativa (B) seja a correta.<\/p>\n<p>As alternativas (A) e (E) n\u00e3o apresentam circunst\u00e2ncia, porque as express\u00f5es sublinhadas ocupam a fun\u00e7\u00e3o de sujeito.<\/p>\n<p>Bom, matamos a quest\u00e3o simplesmente pelos conhecimentos adquiridos da palavra \u201ccircunst\u00e2ncia\u201d e \u201crestritivo\u201d.<\/p>\n<p>Gramaticalmente, a express\u00e3o \u201c<em>Nesse sentido<\/em>\u201d tem a classifica\u00e7\u00e3o sint\u00e1tica de adjunto adverbial de enquadramento sem\u00e2ntico, segundo um dos \u201cpapas\u201d da l\u00edngua materna, Evanildo Bechara. A peculiaridade desse adjunto adverbial \u00e9 justamente transmitir uma circunst\u00e2ncia restritiva. Mas, logicamente, voc\u00ea n\u00e3o precisava ter estudado isso para resolver esta quest\u00e3o, ok?!<\/p>\n<p>Agora, vamos para outra:<\/p>\n<p><strong>Quest\u00e3o 4: <\/strong><em>Queremos investigar <span style=\"text-decoration: underline\">por qu\u00ea<\/span>. <\/em>(final do texto)<\/p>\n<p>Ficar\u00e3o preservadas a corre\u00e7\u00e3o e a clareza da frase acima, sem preju\u00edzo do sentido original, com a substitui\u00e7\u00e3o do segmento destacado por<\/p>\n<p>(A) seja qual for as motiva\u00e7\u00f5es disso.<\/p>\n<p>(B) suas raz\u00f5es.<\/p>\n<p>(C) o seu porqu\u00ea.<\/p>\n<p>(D) por que motivos.<\/p>\n<p>(E) porque ela nos transforma.<\/p>\n<p>Esta quest\u00e3o cobrou o uso dos porqu\u00eas e do pronome possessivo. Para resolv\u00ea-la rapidamente, bastaria trocar o pronome interrogativo substantivo \u201c<em>qu\u00ea<\/em>\u201d, em \u201cpor qu\u00ea\u201d pelo pronome interrogativo adjetivo \u201cque\u201d, em \u201cpor <strong><em>que<\/em><\/strong> motivos\u201d.<\/p>\n<p>Assim, j\u00e1 sabemos que a alternativa correta \u00e9 a (D).<\/p>\n<p>Por\u00e9m, esta foi a sa\u00edda gramatical e estudamos isso quando nos aprofundamos no emprego dos pronomes. Mas, se o candidato n\u00e3o estudou aprofundadamente isso, poderia muito bem matar a quest\u00e3o, sem problemas, partindo de an\u00e1lises de coer\u00eancia. Vamos achar primeiro as alternativas evidentemente erradas. Basta substituir e perceber que n\u00e3o h\u00e1 coer\u00eancia.<\/p>\n<p>A alternativa (A) est\u00e1 errada e logo se v\u00ea que a express\u00e3o &#8220;<em>seja qual for<\/em>&#8221; fica incoerente ap\u00f3s o verbo &#8220;<em>investigar<\/em>&#8220;. Se exclu\u00edssemos a express\u00e3o &#8220;<em>seja qual for<\/em>&#8220;, seria esta a resposta.<\/p>\n<p>A alternativa (E) est\u00e1 errada, pois o verbo &#8220;<em>investigar<\/em>&#8221; for\u00e7a o emprego de uma ora\u00e7\u00e3o subordinada substantiva objetiva direta, a qual faria parte de uma frase interrogativa indireta. Assim, caberia apenas a express\u00e3o interrogativa &#8220;<em>por que<\/em>&#8220;, prova disso \u00e9 que conseguimos subentender a palavra &#8220;<em>motivos<\/em>&#8220;. Veja: Queremos investigar\u00a0<strong>por que<\/strong>\u00a0(motivos) ela nos transforma.<\/p>\n<p>Agora vamos a tr\u00eas alternativas que fizeram com que alguns candidatos quebrassem a cabe\u00e7a:<\/p>\n<p>Primeiramente, veja que as express\u00f5es &#8220;<em>suas raz\u00f5es<\/em>&#8221; e &#8220;<em>o seu porqu\u00ea<\/em>&#8221; t\u00eam o mesmo sentido, a mesma ideia e estariam gramaticalmente corretas. Assim, voc\u00ea j\u00e1 sabe que h\u00e1 algo errado: n\u00e3o pode haver duas respostas corretas.<\/p>\n<p>Bom, a banca queria que voc\u00ea percebesse que o pronome possessivo (&#8220;seu&#8221;, &#8220;suas&#8221;) deve se referir a um substantivo, por exemplo: sua casa, isto \u00e9, casa de Fulano. Assim, o valor de posse <strong>deve se referir a um <span style=\"text-decoration: underline\">substantivo<\/span><\/strong>.<\/p>\n<p>Mas vamos ao contexto. Veja que a frase interrogativa indireta &#8220;<em>Queremos investigar por qu\u00ea<\/em>.&#8221; faz refer\u00eancia \u00e0 a\u00e7\u00e3o anterior: o fato de a \u00f3pera poder nos transformar. Assim, n\u00e3o \u00e9 o porqu\u00ea da \u00f3pera, n\u00e3o s\u00e3o as raz\u00f5es da \u00f3pera. Mas sim a raz\u00e3o de a \u00f3pera poder nos transformar. Por esse motivo, eliminamos as alternativas (B) e (C).<\/p>\n<p>Agora, sim, sobra a correta: a alternativa (D), pois a express\u00e3o interrogativa indireta &#8220;por qu\u00ea&#8221; tem o mesmo valor de &#8220;por que motivos&#8221;. Inclusive a banca s\u00f3 queria que voc\u00ea percebesse que, para termos certeza de que h\u00e1 uma express\u00e3o interrogativa, basta inserir a palavra &#8220;motivo&#8221; em seguida.<\/p>\n<p>A quest\u00e3o foi simples, mas deixou alguns candidatos com a pulga atr\u00e1s da orelha na hora da prova!!<\/p>\n<p>&nbsp;<\/p>\n<p>Agora, vamos a uma quest\u00e3o que foi mal formulada, mas n\u00e3o acredito que a banca a anule e mostro abaixo por qu\u00ea.<\/p>\n<p><strong>Quest\u00e3o 7:<\/strong> <em>Em nenhum momento da hist\u00f3ria a sociedade, como um todo, conseguiu <span style=\"text-decoration: underline\">sustentar<\/span> facilmente os custos exorbitantes da \u00f3pera<\/em>.<\/p>\n<p>Na frase acima, a locu\u00e7\u00e3o verbal est\u00e1 empregada com reg\u00eancia id\u00eantica \u00e0 presente em:<\/p>\n<p>(A) Jamais se afastou daquele velho conselho do pai.<\/p>\n<p>(B) O cr\u00edtico elegeu o jovem cantor o maior artista da temporada.<\/p>\n<p>(C) Apresentou-nos curr\u00edculo repleto de men\u00e7\u00f5es honrosas.<\/p>\n<p>(D) Sem falsa mod\u00e9stia, recebeu a ova\u00e7\u00e3o com eleg\u00e2ncia e alegria.<\/p>\n<p>(E) Tentou cantar de modo condizente com as recomenda\u00e7\u00f5es do maestro.<\/p>\n<p>A locu\u00e7\u00e3o verbal \u00e9 \u201c<em>conseguiu sustentar<\/em>\u201d, cujo verbo principal (\u201c<em>sustentar<\/em>\u201d) \u00e9 transitivo direto e o termo \u201c<em>os custos exorbitantes da \u00f3pera\u201d<\/em> \u00e9 o objeto direto. Vale lembrar que o adv\u00e9rbio \u201cfacilmente\u201d \u00e9 o adjunto adverbial de modo.<\/p>\n<p>Assim, a mesma reg\u00eancia seria apenas acharmos o verbo transitivo direto, com seu objeto direto.<\/p>\n<p>A alternativa (A) est\u00e1 errada, pois o verbo \u201cafastou\u201d \u00e9 transitivo direto e indireto, o pronome reflexivo \u201cse\u201d \u00e9 o objeto direto e \u201cdaquele velho conselho do pai\u201d \u00e9 o objeto indireto.<\/p>\n<p>A alternativa (B) estaria correta, pois o verbo \u201celegeu\u201d \u00e9 transitivo direto e seu objeto direto \u00e9 o termo \u201co jovem cantor\u201d. Note que o termo \u201c<em>o maior artista da temporada<\/em>\u201d \u00e9 o predicativo do objeto direto.<\/p>\n<p>A alternativa (C) est\u00e1 errada, pois o verbo \u201c<em>Apresentou<\/em>\u201d \u00e9 transitivo direto e indireto, o pronome \u201c<em>nos<\/em>\u201d \u00e9 o objeto indireto, \u201c<em>curr\u00edculo repleto<\/em>\u201d \u00e9 o objeto direto e \u201c<em>de men\u00e7\u00f5es honrosas<\/em>\u201d \u00e9 o complemento nominal.<\/p>\n<p>A alternativa (D) tamb\u00e9m estaria correta, pois o verbo \u201c<em>recebeu<\/em>\u201d \u00e9 transitivo direto e seu objeto direto \u00e9 o termo \u201c<em>a ova\u00e7\u00e3o<\/em>\u201d. Note que o termo \u201c<em>com eleg\u00e2ncia e alegria<\/em>\u201d \u00e9 o adjunto adverbial de modo.<\/p>\n<p>A alternativa (E) est\u00e1 errada, pois o verbo \u201c<em>cantar<\/em>\u201d, neste contexto, \u00e9 intransitivo e o termo \u201c<em>de modo condizente com as recomenda\u00e7\u00f5es do maestro<\/em>\u201d \u00e9 o adjunto adverbial de modo.<\/p>\n<p>Bom, vimos duas alternativas corretas. Na hora da prova, sabemos que alguma coisa est\u00e1 errada. Ent\u00e3o, devemos ver o que aproxima mais a frase da quest\u00e3o e a de uma das alternativas.<\/p>\n<p>No pedido da quest\u00e3o, temos, al\u00e9m do objeto direto, o adjunto adverbial de modo \u201c<em>facilmente<\/em>\u201d, termo que n\u00e3o aparece na alternativa (B).<\/p>\n<p>Analisando mais atentamente, a alternativa (D) \u00e9 a correta, pois, assim como ocorre na frase do pedido da quest\u00e3o, h\u00e1 o objeto direto e o adjunto adverbial de modo.<\/p>\n<p>&nbsp;<\/p>\n<p>Sinceramente, a quest\u00e3o foi mal bolada, pois reg\u00eancia trabalha a transitividade e pronto. A reg\u00eancia verbal trabalha a transitividade verbal e seus complementos verbais. A reg\u00eancia nominal trabalha a transitividade nominal e o complemento nominal. Os demais termos n\u00e3o dizem respeito \u00e0 reg\u00eancia, \u00e0 transitividade. A quest\u00e3o poderia ter pedido os mesmos valores sint\u00e1ticos. Isso deixaria a quest\u00e3o mais clara e correta.<\/p>\n<p>Acho dif\u00edcil a banca anular uma quest\u00e3o por esse v\u00edcio no pedido da quest\u00e3o, porque, por elimina\u00e7\u00e3o, todos teriam condi\u00e7\u00f5es de chegar a esta alternativa.<\/p>\n<p>&nbsp;<\/p>\n<p>&nbsp;<\/p>\n<p>&nbsp;<\/p>\n<p>Se voc\u00ea teve mais d\u00favida nesta prova ou na de n\u00edvel t\u00e9cnico, especifique a quest\u00e3o e o motivo de sua d\u00favida, eu explico a voc\u00ea.<\/p>\n<p>&nbsp;<\/p>\n<p>Tamb\u00e9m pode mandar para o meu whatsapp: (32) 8447 5981.<\/p>\n<p>&nbsp;<\/p>\n<p>Abra\u00e7o a todos!<\/p>\n<p>Professor Terror<\/p>\n","protected":false},"excerpt":{"rendered":"<p>Parab\u00e9ns, aos guerreiros e guerreiras que enfrentaram o concurso do TRT RS!!!! Muita gente mandando mensagem e mostrando que foi bem, isso \u00e9 \u00f3timo! \u00c9 sinal de que o esfor\u00e7o valeu a pena! Mas alguns concurseiros comentaram que tiveram problemas em algumas quest\u00f5es de Portugu\u00eas, basicamente a prova de Analista Administrativo, e \u00e9 por isso [&hellip;]<\/p>\n","protected":false},"author":214,"featured_media":0,"comment_status":"open","ping_status":"open","sticky":false,"template":"","format":"standard","meta":{"post_tipo":"article","footnotes":""},"categories":[1],"tags":[46,331,15,679],"tax_estado":[],"class_list":["post-27082","post","type-post","status-publish","format-standard","hentry","category-cursos-e-concursos","tag-comentarios","tag-gabarito","tag-portugues","tag-trt-4"],"acf":[],"yoast_head":"<!-- This site is optimized with the Yoast SEO Premium plugin v27.2 (Yoast SEO v27.2) - https:\/\/yoast.com\/product\/yoast-seo-premium-wordpress\/ -->\n<title>TRT 4\u00aaR Coment\u00e1rio da Prova de Portugu\u00eas<\/title>\n<meta name=\"description\" content=\"Coment\u00e1rio de algumas quest\u00f5es da prova de Portugu\u00eas TRT 4\u00aaR\" \/>\n<meta name=\"robots\" content=\"index, follow, max-snippet:-1, max-image-preview:large, max-video-preview:-1\" \/>\n<link rel=\"canonical\" href=\"https:\/\/www.estrategiaconcursos.com.br\/blog\/trt-4ar-comentario-da-prova-de-portugues\/\" \/>\n<meta property=\"og:locale\" content=\"pt_BR\" \/>\n<meta property=\"og:type\" content=\"article\" \/>\n<meta property=\"og:title\" content=\"TRT 4\u00aaR Coment\u00e1rio da Prova de Portugu\u00eas\" \/>\n<meta property=\"og:description\" content=\"Coment\u00e1rio de algumas quest\u00f5es da prova de Portugu\u00eas TRT 4\u00aaR\" \/>\n<meta property=\"og:url\" content=\"https:\/\/www.estrategiaconcursos.com.br\/blog\/trt-4ar-comentario-da-prova-de-portugues\/\" \/>\n<meta property=\"og:site_name\" content=\"Estrat\u00e9gia Concursos\" \/>\n<meta property=\"article:published_time\" content=\"2015-09-15T18:43:51+00:00\" \/>\n<meta name=\"author\" content=\"D\u00e9cio Terror Filho\" \/>\n<meta name=\"twitter:card\" content=\"summary_large_image\" \/>\n<meta name=\"twitter:creator\" content=\"@EstratConcursos\" \/>\n<meta name=\"twitter:site\" content=\"@EstratConcursos\" \/>\n<meta name=\"twitter:label1\" content=\"Escrito por\" \/>\n\t<meta name=\"twitter:data1\" content=\"D\u00e9cio Terror Filho\" \/>\n\t<meta name=\"twitter:label2\" content=\"Est. tempo de leitura\" \/>\n\t<meta name=\"twitter:data2\" content=\"8 minutos\" \/>\n<script type=\"application\/ld+json\" class=\"yoast-schema-graph\">{\"@context\":\"https:\/\/schema.org\",\"@graph\":[{\"@type\":\"NewsArticle\",\"@id\":\"https:\/\/www.estrategiaconcursos.com.br\/blog\/trt-4ar-comentario-da-prova-de-portugues\/#article\",\"isPartOf\":{\"@id\":\"https:\/\/www.estrategiaconcursos.com.br\/blog\/trt-4ar-comentario-da-prova-de-portugues\/\"},\"author\":{\"name\":\"D\u00e9cio Terror Filho\",\"@id\":\"https:\/\/www.estrategiaconcursos.com.br\/blog\/#\/schema\/person\/e8165364027a31208914fc77c3314727\"},\"headline\":\"TRT 4\u00aaR Coment\u00e1rio da Prova de Portugu\u00eas\",\"datePublished\":\"2015-09-15T18:43:51+00:00\",\"mainEntityOfPage\":{\"@id\":\"https:\/\/www.estrategiaconcursos.com.br\/blog\/trt-4ar-comentario-da-prova-de-portugues\/\"},\"wordCount\":1573,\"commentCount\":6,\"publisher\":{\"@id\":\"https:\/\/www.estrategiaconcursos.com.br\/blog\/#organization\"},\"keywords\":[\"Coment\u00e1rios\",\"Gabarito\",\"Portugu\u00eas\",\"TRT-4\"],\"articleSection\":[\"Concursos P\u00fablicos\"],\"inLanguage\":\"pt-BR\",\"potentialAction\":[{\"@type\":\"CommentAction\",\"name\":\"Comment\",\"target\":[\"https:\/\/www.estrategiaconcursos.com.br\/blog\/trt-4ar-comentario-da-prova-de-portugues\/#respond\"]}],\"copyrightYear\":\"2015\",\"copyrightHolder\":{\"@id\":\"https:\/\/www.estrategiaconcursos.com.br\/blog\/#organization\"}},{\"@type\":\"WebPage\",\"@id\":\"https:\/\/www.estrategiaconcursos.com.br\/blog\/trt-4ar-comentario-da-prova-de-portugues\/\",\"url\":\"https:\/\/www.estrategiaconcursos.com.br\/blog\/trt-4ar-comentario-da-prova-de-portugues\/\",\"name\":\"TRT 4\u00aaR Coment\u00e1rio da Prova de Portugu\u00eas\",\"isPartOf\":{\"@id\":\"https:\/\/www.estrategiaconcursos.com.br\/blog\/#website\"},\"datePublished\":\"2015-09-15T18:43:51+00:00\",\"description\":\"Coment\u00e1rio de algumas quest\u00f5es da prova de Portugu\u00eas TRT 4\u00aaR\",\"breadcrumb\":{\"@id\":\"https:\/\/www.estrategiaconcursos.com.br\/blog\/trt-4ar-comentario-da-prova-de-portugues\/#breadcrumb\"},\"inLanguage\":\"pt-BR\",\"potentialAction\":[{\"@type\":\"ReadAction\",\"target\":[\"https:\/\/www.estrategiaconcursos.com.br\/blog\/trt-4ar-comentario-da-prova-de-portugues\/\"]}]},{\"@type\":\"BreadcrumbList\",\"@id\":\"https:\/\/www.estrategiaconcursos.com.br\/blog\/trt-4ar-comentario-da-prova-de-portugues\/#breadcrumb\",\"itemListElement\":[{\"@type\":\"ListItem\",\"position\":1,\"name\":\"In\u00edcio\",\"item\":\"https:\/\/www.estrategiaconcursos.com.br\/blog\/\"},{\"@type\":\"ListItem\",\"position\":2,\"name\":\"TRT 4\u00aaR Coment\u00e1rio da Prova de Portugu\u00eas\"}]},{\"@type\":\"WebSite\",\"@id\":\"https:\/\/www.estrategiaconcursos.com.br\/blog\/#website\",\"url\":\"https:\/\/www.estrategiaconcursos.com.br\/blog\/\",\"name\":\"Estrat\u00e9gia Concursos\",\"description\":\"O blog da Estrat\u00e9gia Concursos traz not\u00edcias sobre concursos e artigos de professores oferecendo cursos para concursos (pdf + videaulas) no site.\",\"publisher\":{\"@id\":\"https:\/\/www.estrategiaconcursos.com.br\/blog\/#organization\"},\"potentialAction\":[{\"@type\":\"SearchAction\",\"target\":{\"@type\":\"EntryPoint\",\"urlTemplate\":\"https:\/\/www.estrategiaconcursos.com.br\/blog\/?s={search_term_string}\"},\"query-input\":{\"@type\":\"PropertyValueSpecification\",\"valueRequired\":true,\"valueName\":\"search_term_string\"}}],\"inLanguage\":\"pt-BR\"},{\"@type\":\"Organization\",\"@id\":\"https:\/\/www.estrategiaconcursos.com.br\/blog\/#organization\",\"name\":\"Estrat\u00e9gia Concursos\",\"url\":\"https:\/\/www.estrategiaconcursos.com.br\/blog\/\",\"logo\":{\"@type\":\"ImageObject\",\"inLanguage\":\"pt-BR\",\"@id\":\"https:\/\/www.estrategiaconcursos.com.br\/blog\/#\/schema\/logo\/image\/\",\"url\":\"https:\/\/dhg1h5j42swfq.cloudfront.net\/2025\/06\/03203428\/logo_concursos-1.jpg\",\"contentUrl\":\"https:\/\/dhg1h5j42swfq.cloudfront.net\/2025\/06\/03203428\/logo_concursos-1.jpg\",\"width\":230,\"height\":60,\"caption\":\"Estrat\u00e9gia Concursos\"},\"image\":{\"@id\":\"https:\/\/www.estrategiaconcursos.com.br\/blog\/#\/schema\/logo\/image\/\"},\"sameAs\":[\"https:\/\/x.com\/EstratConcursos\"]},{\"@type\":\"Person\",\"@id\":\"https:\/\/www.estrategiaconcursos.com.br\/blog\/#\/schema\/person\/e8165364027a31208914fc77c3314727\",\"name\":\"D\u00e9cio Terror Filho\",\"image\":{\"@type\":\"ImageObject\",\"inLanguage\":\"pt-BR\",\"@id\":\"https:\/\/secure.gravatar.com\/avatar\/a5b78e734de7c6482e965926e78344deb81abbc34282a3c9536cbb1a59728a37?s=96&d=mm&r=g\",\"url\":\"https:\/\/secure.gravatar.com\/avatar\/a5b78e734de7c6482e965926e78344deb81abbc34282a3c9536cbb1a59728a37?s=96&d=mm&r=g\",\"contentUrl\":\"https:\/\/secure.gravatar.com\/avatar\/a5b78e734de7c6482e965926e78344deb81abbc34282a3c9536cbb1a59728a37?s=96&d=mm&r=g\",\"caption\":\"D\u00e9cio Terror Filho\"},\"url\":\"https:\/\/www.estrategiaconcursos.com.br\/blog\/author\/contatoterrorportugues-com-br\/\"}]}<\/script>\n<!-- \/ Yoast SEO Premium plugin. -->","yoast_head_json":{"title":"TRT 4\u00aaR Coment\u00e1rio da Prova de Portugu\u00eas","description":"Coment\u00e1rio de algumas quest\u00f5es da prova de Portugu\u00eas TRT 4\u00aaR","robots":{"index":"index","follow":"follow","max-snippet":"max-snippet:-1","max-image-preview":"max-image-preview:large","max-video-preview":"max-video-preview:-1"},"canonical":"https:\/\/www.estrategiaconcursos.com.br\/blog\/trt-4ar-comentario-da-prova-de-portugues\/","og_locale":"pt_BR","og_type":"article","og_title":"TRT 4\u00aaR Coment\u00e1rio da Prova de Portugu\u00eas","og_description":"Coment\u00e1rio de algumas quest\u00f5es da prova de Portugu\u00eas TRT 4\u00aaR","og_url":"https:\/\/www.estrategiaconcursos.com.br\/blog\/trt-4ar-comentario-da-prova-de-portugues\/","og_site_name":"Estrat\u00e9gia Concursos","article_published_time":"2015-09-15T18:43:51+00:00","author":"D\u00e9cio Terror Filho","twitter_card":"summary_large_image","twitter_creator":"@EstratConcursos","twitter_site":"@EstratConcursos","twitter_misc":{"Escrito por":"D\u00e9cio Terror Filho","Est. tempo de leitura":"8 minutos"},"schema":{"@context":"https:\/\/schema.org","@graph":[{"@type":"NewsArticle","@id":"https:\/\/www.estrategiaconcursos.com.br\/blog\/trt-4ar-comentario-da-prova-de-portugues\/#article","isPartOf":{"@id":"https:\/\/www.estrategiaconcursos.com.br\/blog\/trt-4ar-comentario-da-prova-de-portugues\/"},"author":{"name":"D\u00e9cio Terror Filho","@id":"https:\/\/www.estrategiaconcursos.com.br\/blog\/#\/schema\/person\/e8165364027a31208914fc77c3314727"},"headline":"TRT 4\u00aaR Coment\u00e1rio da Prova de Portugu\u00eas","datePublished":"2015-09-15T18:43:51+00:00","mainEntityOfPage":{"@id":"https:\/\/www.estrategiaconcursos.com.br\/blog\/trt-4ar-comentario-da-prova-de-portugues\/"},"wordCount":1573,"commentCount":6,"publisher":{"@id":"https:\/\/www.estrategiaconcursos.com.br\/blog\/#organization"},"keywords":["Coment\u00e1rios","Gabarito","Portugu\u00eas","TRT-4"],"articleSection":["Concursos P\u00fablicos"],"inLanguage":"pt-BR","potentialAction":[{"@type":"CommentAction","name":"Comment","target":["https:\/\/www.estrategiaconcursos.com.br\/blog\/trt-4ar-comentario-da-prova-de-portugues\/#respond"]}],"copyrightYear":"2015","copyrightHolder":{"@id":"https:\/\/www.estrategiaconcursos.com.br\/blog\/#organization"}},{"@type":"WebPage","@id":"https:\/\/www.estrategiaconcursos.com.br\/blog\/trt-4ar-comentario-da-prova-de-portugues\/","url":"https:\/\/www.estrategiaconcursos.com.br\/blog\/trt-4ar-comentario-da-prova-de-portugues\/","name":"TRT 4\u00aaR Coment\u00e1rio da Prova de Portugu\u00eas","isPartOf":{"@id":"https:\/\/www.estrategiaconcursos.com.br\/blog\/#website"},"datePublished":"2015-09-15T18:43:51+00:00","description":"Coment\u00e1rio de algumas quest\u00f5es da prova de Portugu\u00eas TRT 4\u00aaR","breadcrumb":{"@id":"https:\/\/www.estrategiaconcursos.com.br\/blog\/trt-4ar-comentario-da-prova-de-portugues\/#breadcrumb"},"inLanguage":"pt-BR","potentialAction":[{"@type":"ReadAction","target":["https:\/\/www.estrategiaconcursos.com.br\/blog\/trt-4ar-comentario-da-prova-de-portugues\/"]}]},{"@type":"BreadcrumbList","@id":"https:\/\/www.estrategiaconcursos.com.br\/blog\/trt-4ar-comentario-da-prova-de-portugues\/#breadcrumb","itemListElement":[{"@type":"ListItem","position":1,"name":"In\u00edcio","item":"https:\/\/www.estrategiaconcursos.com.br\/blog\/"},{"@type":"ListItem","position":2,"name":"TRT 4\u00aaR Coment\u00e1rio da Prova de Portugu\u00eas"}]},{"@type":"WebSite","@id":"https:\/\/www.estrategiaconcursos.com.br\/blog\/#website","url":"https:\/\/www.estrategiaconcursos.com.br\/blog\/","name":"Estrat\u00e9gia Concursos","description":"O blog da Estrat\u00e9gia Concursos traz not\u00edcias sobre concursos e artigos de professores oferecendo cursos para concursos (pdf + videaulas) no site.","publisher":{"@id":"https:\/\/www.estrategiaconcursos.com.br\/blog\/#organization"},"potentialAction":[{"@type":"SearchAction","target":{"@type":"EntryPoint","urlTemplate":"https:\/\/www.estrategiaconcursos.com.br\/blog\/?s={search_term_string}"},"query-input":{"@type":"PropertyValueSpecification","valueRequired":true,"valueName":"search_term_string"}}],"inLanguage":"pt-BR"},{"@type":"Organization","@id":"https:\/\/www.estrategiaconcursos.com.br\/blog\/#organization","name":"Estrat\u00e9gia Concursos","url":"https:\/\/www.estrategiaconcursos.com.br\/blog\/","logo":{"@type":"ImageObject","inLanguage":"pt-BR","@id":"https:\/\/www.estrategiaconcursos.com.br\/blog\/#\/schema\/logo\/image\/","url":"https:\/\/dhg1h5j42swfq.cloudfront.net\/2025\/06\/03203428\/logo_concursos-1.jpg","contentUrl":"https:\/\/dhg1h5j42swfq.cloudfront.net\/2025\/06\/03203428\/logo_concursos-1.jpg","width":230,"height":60,"caption":"Estrat\u00e9gia Concursos"},"image":{"@id":"https:\/\/www.estrategiaconcursos.com.br\/blog\/#\/schema\/logo\/image\/"},"sameAs":["https:\/\/x.com\/EstratConcursos"]},{"@type":"Person","@id":"https:\/\/www.estrategiaconcursos.com.br\/blog\/#\/schema\/person\/e8165364027a31208914fc77c3314727","name":"D\u00e9cio Terror Filho","image":{"@type":"ImageObject","inLanguage":"pt-BR","@id":"https:\/\/secure.gravatar.com\/avatar\/a5b78e734de7c6482e965926e78344deb81abbc34282a3c9536cbb1a59728a37?s=96&d=mm&r=g","url":"https:\/\/secure.gravatar.com\/avatar\/a5b78e734de7c6482e965926e78344deb81abbc34282a3c9536cbb1a59728a37?s=96&d=mm&r=g","contentUrl":"https:\/\/secure.gravatar.com\/avatar\/a5b78e734de7c6482e965926e78344deb81abbc34282a3c9536cbb1a59728a37?s=96&d=mm&r=g","caption":"D\u00e9cio Terror Filho"},"url":"https:\/\/www.estrategiaconcursos.com.br\/blog\/author\/contatoterrorportugues-com-br\/"}]}},"_links":{"self":[{"href":"https:\/\/www.estrategiaconcursos.com.br\/blog\/wp-json\/wp\/v2\/posts\/27082","targetHints":{"allow":["GET"]}}],"collection":[{"href":"https:\/\/www.estrategiaconcursos.com.br\/blog\/wp-json\/wp\/v2\/posts"}],"about":[{"href":"https:\/\/www.estrategiaconcursos.com.br\/blog\/wp-json\/wp\/v2\/types\/post"}],"author":[{"embeddable":true,"href":"https:\/\/www.estrategiaconcursos.com.br\/blog\/wp-json\/wp\/v2\/users\/214"}],"replies":[{"embeddable":true,"href":"https:\/\/www.estrategiaconcursos.com.br\/blog\/wp-json\/wp\/v2\/comments?post=27082"}],"version-history":[{"count":1,"href":"https:\/\/www.estrategiaconcursos.com.br\/blog\/wp-json\/wp\/v2\/posts\/27082\/revisions"}],"predecessor-version":[{"id":27083,"href":"https:\/\/www.estrategiaconcursos.com.br\/blog\/wp-json\/wp\/v2\/posts\/27082\/revisions\/27083"}],"wp:attachment":[{"href":"https:\/\/www.estrategiaconcursos.com.br\/blog\/wp-json\/wp\/v2\/media?parent=27082"}],"wp:term":[{"taxonomy":"category","embeddable":true,"href":"https:\/\/www.estrategiaconcursos.com.br\/blog\/wp-json\/wp\/v2\/categories?post=27082"},{"taxonomy":"post_tag","embeddable":true,"href":"https:\/\/www.estrategiaconcursos.com.br\/blog\/wp-json\/wp\/v2\/tags?post=27082"},{"taxonomy":"tax_estado","embeddable":true,"href":"https:\/\/www.estrategiaconcursos.com.br\/blog\/wp-json\/wp\/v2\/tax_estado?post=27082"}],"curies":[{"name":"wp","href":"https:\/\/api.w.org\/{rel}","templated":true}]}}