{"id":27000,"date":"2015-09-14T11:52:03","date_gmt":"2015-09-14T14:52:03","guid":{"rendered":"http:\/\/www.estrategiaconcursos.com.br\/blog\/?p=27000"},"modified":"2016-03-10T11:27:30","modified_gmt":"2016-03-10T14:27:30","slug":"analista-do-seguro-social-com-formacao-em-servico-social-carreira-e-edital-do-inss","status":"publish","type":"post","link":"https:\/\/www.estrategiaconcursos.com.br\/blog\/analista-do-seguro-social-com-formacao-em-servico-social-carreira-e-edital-do-inss\/","title":{"rendered":"Analista do Seguro Social com forma\u00e7\u00e3o em Servi\u00e7o Social: carreira e edital do INSS"},"content":{"rendered":"<p style=\"text-align: left;\">Ol\u00e1 alun@s!<\/p>\n<p style=\"text-align: left;\">Sou professora do Estrat\u00e9gia e assistente social do INSS. Neste artigo vou falar um pouquinho sobre a carreira previdenci\u00e1ria para o profissional de Servi\u00e7o Social, com o intuito de motiv\u00e1-lo a estudar ainda mais para o concurso. Farei tamb\u00e9m uma breve an\u00e1lise do \u00faltimo edital do INSS para o nosso cargo (do concurso de 2008), buscando te oferecer valiosas dicas para os estudos.<\/p>\n<p style=\"text-align: left;\">O INSS \u00e9 a autarquia federal respons\u00e1vel pela operacionaliza\u00e7\u00e3o do regime geral de previd\u00eancia social no Brasil (voc\u00ea com certeza ir\u00e1 aprender mais sobre esse tema no curso de direito previdenci\u00e1rio). Atualmente existem mais de 1500 Ag\u00eancias da Previdencia Social (APS\u2019s) espalhadas por todo o pa\u00eds. Essa capilaridade da institui\u00e7\u00e3o nos munic\u00edpios brasileiros possibilita que voc\u00ea se candidate a uma vaga na sua pr\u00f3pria cidade, ou em uma regi\u00e3o pr\u00f3xima, e ainda permite, de acordo com a legisla\u00e7\u00e3o, que quando voc\u00ea se tornar servidor seja transferido de uma cidade para outra. Eu mesma iniciei minha carreira no INSS em S\u00e3o Paulo e atualmente atuo em Bras\u00edlia. Al\u00e9m do mais a institui\u00e7\u00e3o previdenci\u00e1ria em constante mudan\u00e7a abre possibilidade ao profissional para passar por diferentes \u00e1reas e n\u00edveis hier\u00e1rquicos.<\/p>\n<p style=\"text-align: left;\">Diferentemente de outras \u00e1reas e \u00f3rg\u00e3os, no INSS o Servi\u00e7o Social disp\u00f5e de uma estrutura hier\u00e1rquica para a \u00e1rea t\u00e9cnica chamada de Divis\u00e3o de Servi\u00e7o Social, com dota\u00e7\u00e3o or\u00e7ament\u00e1ria pr\u00f3pria. Na \u00e1rea previdenci\u00e1ria temos enquanto assistentes sociais atribui\u00e7\u00f5es e compet\u00eancias claras, definidas em normas internas de acordo com a legisla\u00e7\u00e3o da profiss\u00e3o. Esses dois aspectos, entre outros, conferem uma legitimidade \u00edmpar ao Servi\u00e7o Social dentro da institui\u00e7\u00e3o previdenci\u00e1ria. Se essas caracter\u00edstica acima descritas s\u00e3o compat\u00edveis \u00e0s suas expectativas profissionais voc\u00ea deve se preparar para o concurso que est\u00e1 prestes a sair, pois ele lhe proporcionar\u00e1 iniciar uma gratificante carreira. E seja bem-vindo, voc\u00ea est\u00e1 no melhor curso para ser aprovado neste concurso!!!<\/p>\n<p style=\"text-align: left;\">Atualmente a remunera\u00e7\u00e3o inicial do cargo de analista \u00e9 aproximadamente R$ 7.400,00. Ao final da carreira os vencimentos podem chegar a 14.000,00. A maior parte das ag\u00eancias de atendimento cumprem carga hor\u00e1ria de trabalho de 30 horas semanais. Ao trabalhar 6 horas corridas por dia voc\u00ea ainda ter\u00e1 tempo para a fam\u00edlia, lazer, outro emprego, ou at\u00e9 mesmo para continuar estudando para se preparar para outros carreiras p\u00fablicas mais bem remuneradas.<\/p>\n<p style=\"text-align: left;\">O Minist\u00e9rio do Planejamento, Or\u00e7amento e Gest\u00e3o autorizou 950 vagas para o INSS, sendo 800 para t\u00e9cnicos e 150 para analista do seguro social com forma\u00e7\u00e3o em Servi\u00e7o Social. Contamos \u00a0atualmente no INSS com mais de 1.300 assistentes sociais lotados\u00a0 nas ag\u00eancias, superintend\u00eancias e dire\u00e7\u00e3o central do INSS. Este \u00e9 um n\u00famero expressivo, entretanto n\u00e3o corresponde a real necessidade do \u00f3rg\u00e3o. Por isso h\u00e1 expectativa de que, al\u00e9m das 150 vagas para o cargo de analista (assistentes sociais) j\u00e1 autorizadas, sejam chamados mais 150 profissionais, totalizando 300 nomea\u00e7\u00f5es. Foi o que aconteceu no \u00faltimo concurso. No ano de 2008 o INSS realizou certame para 450 profissionais de Servi\u00e7o Social e, devido a grande necessidade desse profissional em seus quadros, recebeu autoriza\u00e7\u00e3o do MPOG para nomear o dobro &#8211; 900 pessoas. Esses s\u00e3o alguns dos motivos que fazem com que o concurso do INSS seja um dos mais aguardados do ano de 2015.<\/p>\n<p style=\"text-align: left;\">O edital ainda n\u00e3o foi lan\u00e7ado, mas deve sair em breve! Por isso este \u00e9 o melhor momento para voc\u00ea iniciar ou dar continuidade aos seus estudos, e se preparar para conquistar sua vaga de assistente social do INSS.<\/p>\n<p style=\"text-align: left;\">De acordo com o \u00faltimo edital ser\u00e3o cobrados conte\u00fados de conhecimentos b\u00e1sicos e conhecimentos espec\u00edficos:<\/p>\n<table class=\" alignleft\">\n<tbody>\n<tr>\n<td width=\"576\">Conhecimentos b\u00e1sicos: l\u00edngua portuguesa, racioc\u00ednio l\u00f3gico, no\u00e7\u00f5es de inform\u00e1tica, direito constitucional e direito administrativo.<\/td>\n<\/tr>\n<tr>\n<td width=\"576\">Conhecimentos espec\u00edficos: <strong>legisla\u00e7\u00e3o previdenci\u00e1ria, legisla\u00e7\u00e3o da assist\u00eancia social e conhecimentos espec\u00edficos do Servi\u00e7o Social. <\/strong><\/td>\n<\/tr>\n<\/tbody>\n<\/table>\n<p>&nbsp;<\/p>\n<p>Das 60 quest\u00f5es da prova 33 foram destas tr\u00eas \u00faltimas disciplinas que juntas concentraram o maior n\u00famero de quest\u00f5es, e ainda tiveram peso 2. \u00a0Al\u00e9m de ter o dobro do peso na pontua\u00e7\u00e3o final o conte\u00fado de Conhecimentos Espec\u00edficos serviu como crit\u00e9rio de desempate. Essa breve considera\u00e7\u00e3o sobre a estrutura da \u00faltima prova demonstra a import\u00e2ncia do dom\u00ednio deste conte\u00fado. <strong>A dedica\u00e7\u00e3o aos estudos de conhecimento espec\u00edficos ser\u00e1 determinante para sua aprova\u00e7\u00e3o no concurso!!! \u00a0<\/strong><\/p>\n<p>Assim aluno, a\u00ed vai um conselho: estude toda a mat\u00e9ria descrita no edital, mas dedique-se ainda mais ao conte\u00fado de conhecimentos espec\u00edficos de Servi\u00e7o Social e legisla\u00e7\u00e3o da assist\u00eancia social. No \u00faltimo concurso as duas disciplinas responderam por 23 quest\u00f5es.<\/p>\n<p style=\"text-align: left;\">Algumas pessoas acham de menor import\u00e2ncia o estudo de Conhecimentos Espec\u00edficos relativos a sua forma\u00e7\u00e3o profissional para o \u00eaxito em concursos p\u00fablicos. Pensam que j\u00e1 tem uma forma\u00e7\u00e3o de n\u00edvel superior que lhes permitir\u00e1 um bom desempenho, e preferem se dedicar mais aos outros conte\u00fados, com os quais tem menos familiaridade. Sua forma\u00e7\u00e3o profissional lhe fez chegar at\u00e9 aqui com boas no\u00e7\u00f5es, e isso ir\u00e1 ajudar. Entretanto proximidade com o tema n\u00e3o ser\u00e1 o suficiente para a aprova\u00e7\u00e3o no concurso, que certamente exigir\u00e1 um n\u00edvel mais elevado de dom\u00ednio do conhecimento, que lhe permita responder todos os tipos de quest\u00f5es, tanto as mais \u00f3bvias, quanto as mais bem elaboradas. Isto s\u00f3 este curso do Estrat\u00e9gia lhe proporcionar\u00e1.<\/p>\n<p style=\"text-align: left;\"><strong>Estamos comprometidos com a sua aprova\u00e7\u00e3o!<\/strong> Para isso preparamos o melhor material, com o que h\u00e1 de mais atualizado no conte\u00fado pedido, foco no edital e nas quest\u00f5es das bancas mais tradiconais!<\/p>\n<p style=\"text-align: left;\">Abra\u00e7os,<\/p>\n<p style=\"text-align: left;\">Ana Paula de Oliveira<\/p>\n<p style=\"text-align: left;\">Acesse o curso:\u00a0<a href=\"https:\/\/www.estrategiaconcursos.com.br\/cursosPorConcurso\/inss-analista-do-seguro-social-servico-social-391\/\">https:\/\/www.estrategiaconcursos.com.br\/cursosPorConcurso\/inss-analista-do-seguro-social-servico-social-391\/<\/a><\/p>\n<p><em><strong>Confira nosso Guia \u00a0\u00c9pico de Estudo\u00a0\u00a0Para o Concurso do INSS:<\/strong><\/em><\/p>\n<p><a href=\"https:\/\/www.estrategiaconcursos.com.br\/guia-concurso-inss\" target=\"_blank\">https:\/\/www.estrategiaconcursos.com.br\/guia-concurso-inss\u00a0<\/a><\/p>\n","protected":false},"excerpt":{"rendered":"<p>Ol\u00e1 alun@s! Sou professora do Estrat\u00e9gia e assistente social do INSS. Neste artigo vou falar um pouquinho sobre a carreira previdenci\u00e1ria para o profissional de Servi\u00e7o Social, com o intuito de motiv\u00e1-lo a estudar ainda mais para o concurso. Farei tamb\u00e9m uma breve an\u00e1lise do \u00faltimo edital do INSS para o nosso cargo (do concurso [&hellip;]<\/p>\n","protected":false},"author":213,"featured_media":0,"comment_status":"open","ping_status":"open","sticky":false,"template":"","format":"standard","meta":{"post_tipo":"article","footnotes":""},"categories":[1],"tags":[],"tax_estado":[],"class_list":["post-27000","post","type-post","status-publish","format-standard","hentry","category-cursos-e-concursos"],"acf":[],"yoast_head":"<!-- This site is optimized with the Yoast SEO Premium plugin v27.2 (Yoast SEO v27.2) - https:\/\/yoast.com\/product\/yoast-seo-premium-wordpress\/ -->\n<title>Analista do Seguro Social com forma\u00e7\u00e3o em Servi\u00e7o Social do INSS<\/title>\n<meta name=\"description\" content=\"Neste artigo vou falar um pouquinho sobre a carreira previdenci\u00e1ria para o profissional de Servi\u00e7o Social. Confira os cursos e prepare-se para o concurso INSS no Estrat\u00e9gia COncursos!\" \/>\n<meta name=\"robots\" content=\"index, follow, max-snippet:-1, max-image-preview:large, max-video-preview:-1\" \/>\n<link rel=\"canonical\" href=\"https:\/\/www.estrategiaconcursos.com.br\/blog\/analista-do-seguro-social-com-formacao-em-servico-social-carreira-e-edital-do-inss\/\" \/>\n<meta property=\"og:locale\" content=\"pt_BR\" \/>\n<meta property=\"og:type\" content=\"article\" \/>\n<meta property=\"og:title\" content=\"Analista do Seguro Social com forma\u00e7\u00e3o em Servi\u00e7o Social: carreira e edital do INSS\" \/>\n<meta property=\"og:description\" content=\"Neste artigo vou falar um pouquinho sobre a carreira previdenci\u00e1ria para o profissional de Servi\u00e7o Social. Confira os cursos e prepare-se para o concurso INSS no Estrat\u00e9gia COncursos!\" \/>\n<meta property=\"og:url\" content=\"https:\/\/www.estrategiaconcursos.com.br\/blog\/analista-do-seguro-social-com-formacao-em-servico-social-carreira-e-edital-do-inss\/\" \/>\n<meta property=\"og:site_name\" content=\"Estrat\u00e9gia Concursos\" \/>\n<meta property=\"article:published_time\" content=\"2015-09-14T14:52:03+00:00\" \/>\n<meta property=\"article:modified_time\" content=\"2016-03-10T14:27:30+00:00\" \/>\n<meta name=\"author\" content=\"Ana Paula de Oliveira\" \/>\n<meta name=\"twitter:card\" content=\"summary_large_image\" \/>\n<meta name=\"twitter:creator\" content=\"@EstratConcursos\" \/>\n<meta name=\"twitter:site\" content=\"@EstratConcursos\" \/>\n<meta name=\"twitter:label1\" content=\"Escrito por\" \/>\n\t<meta name=\"twitter:data1\" content=\"Ana Paula de Oliveira\" \/>\n\t<meta name=\"twitter:label2\" content=\"Est. tempo de leitura\" \/>\n\t<meta name=\"twitter:data2\" content=\"5 minutos\" \/>\n<script type=\"application\/ld+json\" class=\"yoast-schema-graph\">{\"@context\":\"https:\/\/schema.org\",\"@graph\":[{\"@type\":\"NewsArticle\",\"@id\":\"https:\/\/www.estrategiaconcursos.com.br\/blog\/analista-do-seguro-social-com-formacao-em-servico-social-carreira-e-edital-do-inss\/#article\",\"isPartOf\":{\"@id\":\"https:\/\/www.estrategiaconcursos.com.br\/blog\/analista-do-seguro-social-com-formacao-em-servico-social-carreira-e-edital-do-inss\/\"},\"author\":{\"name\":\"Ana Paula de Oliveira\",\"@id\":\"https:\/\/www.estrategiaconcursos.com.br\/blog\/#\/schema\/person\/968d3af0f3581a24c32c07db7a47d0d3\"},\"headline\":\"Analista do Seguro Social com forma\u00e7\u00e3o em Servi\u00e7o Social: carreira e edital do INSS\",\"datePublished\":\"2015-09-14T14:52:03+00:00\",\"dateModified\":\"2016-03-10T14:27:30+00:00\",\"mainEntityOfPage\":{\"@id\":\"https:\/\/www.estrategiaconcursos.com.br\/blog\/analista-do-seguro-social-com-formacao-em-servico-social-carreira-e-edital-do-inss\/\"},\"wordCount\":1029,\"commentCount\":12,\"publisher\":{\"@id\":\"https:\/\/www.estrategiaconcursos.com.br\/blog\/#organization\"},\"articleSection\":[\"Concursos P\u00fablicos\"],\"inLanguage\":\"pt-BR\",\"potentialAction\":[{\"@type\":\"CommentAction\",\"name\":\"Comment\",\"target\":[\"https:\/\/www.estrategiaconcursos.com.br\/blog\/analista-do-seguro-social-com-formacao-em-servico-social-carreira-e-edital-do-inss\/#respond\"]}],\"copyrightYear\":\"2015\",\"copyrightHolder\":{\"@id\":\"https:\/\/www.estrategiaconcursos.com.br\/blog\/#organization\"}},{\"@type\":\"WebPage\",\"@id\":\"https:\/\/www.estrategiaconcursos.com.br\/blog\/analista-do-seguro-social-com-formacao-em-servico-social-carreira-e-edital-do-inss\/\",\"url\":\"https:\/\/www.estrategiaconcursos.com.br\/blog\/analista-do-seguro-social-com-formacao-em-servico-social-carreira-e-edital-do-inss\/\",\"name\":\"Analista do Seguro Social com forma\u00e7\u00e3o em Servi\u00e7o Social do INSS\",\"isPartOf\":{\"@id\":\"https:\/\/www.estrategiaconcursos.com.br\/blog\/#website\"},\"datePublished\":\"2015-09-14T14:52:03+00:00\",\"dateModified\":\"2016-03-10T14:27:30+00:00\",\"description\":\"Neste artigo vou falar um pouquinho sobre a carreira previdenci\u00e1ria para o profissional de Servi\u00e7o Social. Confira os cursos e prepare-se para o concurso INSS no Estrat\u00e9gia COncursos!\",\"breadcrumb\":{\"@id\":\"https:\/\/www.estrategiaconcursos.com.br\/blog\/analista-do-seguro-social-com-formacao-em-servico-social-carreira-e-edital-do-inss\/#breadcrumb\"},\"inLanguage\":\"pt-BR\",\"potentialAction\":[{\"@type\":\"ReadAction\",\"target\":[\"https:\/\/www.estrategiaconcursos.com.br\/blog\/analista-do-seguro-social-com-formacao-em-servico-social-carreira-e-edital-do-inss\/\"]}]},{\"@type\":\"BreadcrumbList\",\"@id\":\"https:\/\/www.estrategiaconcursos.com.br\/blog\/analista-do-seguro-social-com-formacao-em-servico-social-carreira-e-edital-do-inss\/#breadcrumb\",\"itemListElement\":[{\"@type\":\"ListItem\",\"position\":1,\"name\":\"In\u00edcio\",\"item\":\"https:\/\/www.estrategiaconcursos.com.br\/blog\/\"},{\"@type\":\"ListItem\",\"position\":2,\"name\":\"Analista do Seguro Social com forma\u00e7\u00e3o em Servi\u00e7o Social: carreira e edital do INSS\"}]},{\"@type\":\"WebSite\",\"@id\":\"https:\/\/www.estrategiaconcursos.com.br\/blog\/#website\",\"url\":\"https:\/\/www.estrategiaconcursos.com.br\/blog\/\",\"name\":\"Estrat\u00e9gia Concursos\",\"description\":\"O blog da Estrat\u00e9gia Concursos traz not\u00edcias sobre concursos e artigos de professores oferecendo cursos para concursos (pdf + videaulas) no site.\",\"publisher\":{\"@id\":\"https:\/\/www.estrategiaconcursos.com.br\/blog\/#organization\"},\"potentialAction\":[{\"@type\":\"SearchAction\",\"target\":{\"@type\":\"EntryPoint\",\"urlTemplate\":\"https:\/\/www.estrategiaconcursos.com.br\/blog\/?s={search_term_string}\"},\"query-input\":{\"@type\":\"PropertyValueSpecification\",\"valueRequired\":true,\"valueName\":\"search_term_string\"}}],\"inLanguage\":\"pt-BR\"},{\"@type\":\"Organization\",\"@id\":\"https:\/\/www.estrategiaconcursos.com.br\/blog\/#organization\",\"name\":\"Estrat\u00e9gia Concursos\",\"url\":\"https:\/\/www.estrategiaconcursos.com.br\/blog\/\",\"logo\":{\"@type\":\"ImageObject\",\"inLanguage\":\"pt-BR\",\"@id\":\"https:\/\/www.estrategiaconcursos.com.br\/blog\/#\/schema\/logo\/image\/\",\"url\":\"https:\/\/dhg1h5j42swfq.cloudfront.net\/2025\/06\/03203428\/logo_concursos-1.jpg\",\"contentUrl\":\"https:\/\/dhg1h5j42swfq.cloudfront.net\/2025\/06\/03203428\/logo_concursos-1.jpg\",\"width\":230,\"height\":60,\"caption\":\"Estrat\u00e9gia Concursos\"},\"image\":{\"@id\":\"https:\/\/www.estrategiaconcursos.com.br\/blog\/#\/schema\/logo\/image\/\"},\"sameAs\":[\"https:\/\/x.com\/EstratConcursos\"]},{\"@type\":\"Person\",\"@id\":\"https:\/\/www.estrategiaconcursos.com.br\/blog\/#\/schema\/person\/968d3af0f3581a24c32c07db7a47d0d3\",\"name\":\"Ana Paula de Oliveira\",\"image\":{\"@type\":\"ImageObject\",\"inLanguage\":\"pt-BR\",\"@id\":\"https:\/\/secure.gravatar.com\/avatar\/0172d72aeb42d0b9f9721d2ea23e0ba93b1cc3153a889bac21b8dea85e627bb0?s=96&d=mm&r=g\",\"url\":\"https:\/\/secure.gravatar.com\/avatar\/0172d72aeb42d0b9f9721d2ea23e0ba93b1cc3153a889bac21b8dea85e627bb0?s=96&d=mm&r=g\",\"contentUrl\":\"https:\/\/secure.gravatar.com\/avatar\/0172d72aeb42d0b9f9721d2ea23e0ba93b1cc3153a889bac21b8dea85e627bb0?s=96&d=mm&r=g\",\"caption\":\"Ana Paula de Oliveira\"},\"url\":\"https:\/\/www.estrategiaconcursos.com.br\/blog\/author\/apb-deoliveiragmail-com\/\"}]}<\/script>\n<!-- \/ Yoast SEO Premium plugin. -->","yoast_head_json":{"title":"Analista do Seguro Social com forma\u00e7\u00e3o em Servi\u00e7o Social do INSS","description":"Neste artigo vou falar um pouquinho sobre a carreira previdenci\u00e1ria para o profissional de Servi\u00e7o Social. Confira os cursos e prepare-se para o concurso INSS no Estrat\u00e9gia COncursos!","robots":{"index":"index","follow":"follow","max-snippet":"max-snippet:-1","max-image-preview":"max-image-preview:large","max-video-preview":"max-video-preview:-1"},"canonical":"https:\/\/www.estrategiaconcursos.com.br\/blog\/analista-do-seguro-social-com-formacao-em-servico-social-carreira-e-edital-do-inss\/","og_locale":"pt_BR","og_type":"article","og_title":"Analista do Seguro Social com forma\u00e7\u00e3o em Servi\u00e7o Social: carreira e edital do INSS","og_description":"Neste artigo vou falar um pouquinho sobre a carreira previdenci\u00e1ria para o profissional de Servi\u00e7o Social. Confira os cursos e prepare-se para o concurso INSS no Estrat\u00e9gia COncursos!","og_url":"https:\/\/www.estrategiaconcursos.com.br\/blog\/analista-do-seguro-social-com-formacao-em-servico-social-carreira-e-edital-do-inss\/","og_site_name":"Estrat\u00e9gia Concursos","article_published_time":"2015-09-14T14:52:03+00:00","article_modified_time":"2016-03-10T14:27:30+00:00","author":"Ana Paula de Oliveira","twitter_card":"summary_large_image","twitter_creator":"@EstratConcursos","twitter_site":"@EstratConcursos","twitter_misc":{"Escrito por":"Ana Paula de Oliveira","Est. tempo de leitura":"5 minutos"},"schema":{"@context":"https:\/\/schema.org","@graph":[{"@type":"NewsArticle","@id":"https:\/\/www.estrategiaconcursos.com.br\/blog\/analista-do-seguro-social-com-formacao-em-servico-social-carreira-e-edital-do-inss\/#article","isPartOf":{"@id":"https:\/\/www.estrategiaconcursos.com.br\/blog\/analista-do-seguro-social-com-formacao-em-servico-social-carreira-e-edital-do-inss\/"},"author":{"name":"Ana Paula de Oliveira","@id":"https:\/\/www.estrategiaconcursos.com.br\/blog\/#\/schema\/person\/968d3af0f3581a24c32c07db7a47d0d3"},"headline":"Analista do Seguro Social com forma\u00e7\u00e3o em Servi\u00e7o Social: carreira e edital do INSS","datePublished":"2015-09-14T14:52:03+00:00","dateModified":"2016-03-10T14:27:30+00:00","mainEntityOfPage":{"@id":"https:\/\/www.estrategiaconcursos.com.br\/blog\/analista-do-seguro-social-com-formacao-em-servico-social-carreira-e-edital-do-inss\/"},"wordCount":1029,"commentCount":12,"publisher":{"@id":"https:\/\/www.estrategiaconcursos.com.br\/blog\/#organization"},"articleSection":["Concursos P\u00fablicos"],"inLanguage":"pt-BR","potentialAction":[{"@type":"CommentAction","name":"Comment","target":["https:\/\/www.estrategiaconcursos.com.br\/blog\/analista-do-seguro-social-com-formacao-em-servico-social-carreira-e-edital-do-inss\/#respond"]}],"copyrightYear":"2015","copyrightHolder":{"@id":"https:\/\/www.estrategiaconcursos.com.br\/blog\/#organization"}},{"@type":"WebPage","@id":"https:\/\/www.estrategiaconcursos.com.br\/blog\/analista-do-seguro-social-com-formacao-em-servico-social-carreira-e-edital-do-inss\/","url":"https:\/\/www.estrategiaconcursos.com.br\/blog\/analista-do-seguro-social-com-formacao-em-servico-social-carreira-e-edital-do-inss\/","name":"Analista do Seguro Social com forma\u00e7\u00e3o em Servi\u00e7o Social do INSS","isPartOf":{"@id":"https:\/\/www.estrategiaconcursos.com.br\/blog\/#website"},"datePublished":"2015-09-14T14:52:03+00:00","dateModified":"2016-03-10T14:27:30+00:00","description":"Neste artigo vou falar um pouquinho sobre a carreira previdenci\u00e1ria para o profissional de Servi\u00e7o Social. Confira os cursos e prepare-se para o concurso INSS no Estrat\u00e9gia COncursos!","breadcrumb":{"@id":"https:\/\/www.estrategiaconcursos.com.br\/blog\/analista-do-seguro-social-com-formacao-em-servico-social-carreira-e-edital-do-inss\/#breadcrumb"},"inLanguage":"pt-BR","potentialAction":[{"@type":"ReadAction","target":["https:\/\/www.estrategiaconcursos.com.br\/blog\/analista-do-seguro-social-com-formacao-em-servico-social-carreira-e-edital-do-inss\/"]}]},{"@type":"BreadcrumbList","@id":"https:\/\/www.estrategiaconcursos.com.br\/blog\/analista-do-seguro-social-com-formacao-em-servico-social-carreira-e-edital-do-inss\/#breadcrumb","itemListElement":[{"@type":"ListItem","position":1,"name":"In\u00edcio","item":"https:\/\/www.estrategiaconcursos.com.br\/blog\/"},{"@type":"ListItem","position":2,"name":"Analista do Seguro Social com forma\u00e7\u00e3o em Servi\u00e7o Social: carreira e edital do INSS"}]},{"@type":"WebSite","@id":"https:\/\/www.estrategiaconcursos.com.br\/blog\/#website","url":"https:\/\/www.estrategiaconcursos.com.br\/blog\/","name":"Estrat\u00e9gia Concursos","description":"O blog da Estrat\u00e9gia Concursos traz not\u00edcias sobre concursos e artigos de professores oferecendo cursos para concursos (pdf + videaulas) no site.","publisher":{"@id":"https:\/\/www.estrategiaconcursos.com.br\/blog\/#organization"},"potentialAction":[{"@type":"SearchAction","target":{"@type":"EntryPoint","urlTemplate":"https:\/\/www.estrategiaconcursos.com.br\/blog\/?s={search_term_string}"},"query-input":{"@type":"PropertyValueSpecification","valueRequired":true,"valueName":"search_term_string"}}],"inLanguage":"pt-BR"},{"@type":"Organization","@id":"https:\/\/www.estrategiaconcursos.com.br\/blog\/#organization","name":"Estrat\u00e9gia Concursos","url":"https:\/\/www.estrategiaconcursos.com.br\/blog\/","logo":{"@type":"ImageObject","inLanguage":"pt-BR","@id":"https:\/\/www.estrategiaconcursos.com.br\/blog\/#\/schema\/logo\/image\/","url":"https:\/\/dhg1h5j42swfq.cloudfront.net\/2025\/06\/03203428\/logo_concursos-1.jpg","contentUrl":"https:\/\/dhg1h5j42swfq.cloudfront.net\/2025\/06\/03203428\/logo_concursos-1.jpg","width":230,"height":60,"caption":"Estrat\u00e9gia Concursos"},"image":{"@id":"https:\/\/www.estrategiaconcursos.com.br\/blog\/#\/schema\/logo\/image\/"},"sameAs":["https:\/\/x.com\/EstratConcursos"]},{"@type":"Person","@id":"https:\/\/www.estrategiaconcursos.com.br\/blog\/#\/schema\/person\/968d3af0f3581a24c32c07db7a47d0d3","name":"Ana Paula de Oliveira","image":{"@type":"ImageObject","inLanguage":"pt-BR","@id":"https:\/\/secure.gravatar.com\/avatar\/0172d72aeb42d0b9f9721d2ea23e0ba93b1cc3153a889bac21b8dea85e627bb0?s=96&d=mm&r=g","url":"https:\/\/secure.gravatar.com\/avatar\/0172d72aeb42d0b9f9721d2ea23e0ba93b1cc3153a889bac21b8dea85e627bb0?s=96&d=mm&r=g","contentUrl":"https:\/\/secure.gravatar.com\/avatar\/0172d72aeb42d0b9f9721d2ea23e0ba93b1cc3153a889bac21b8dea85e627bb0?s=96&d=mm&r=g","caption":"Ana Paula de Oliveira"},"url":"https:\/\/www.estrategiaconcursos.com.br\/blog\/author\/apb-deoliveiragmail-com\/"}]}},"_links":{"self":[{"href":"https:\/\/www.estrategiaconcursos.com.br\/blog\/wp-json\/wp\/v2\/posts\/27000","targetHints":{"allow":["GET"]}}],"collection":[{"href":"https:\/\/www.estrategiaconcursos.com.br\/blog\/wp-json\/wp\/v2\/posts"}],"about":[{"href":"https:\/\/www.estrategiaconcursos.com.br\/blog\/wp-json\/wp\/v2\/types\/post"}],"author":[{"embeddable":true,"href":"https:\/\/www.estrategiaconcursos.com.br\/blog\/wp-json\/wp\/v2\/users\/213"}],"replies":[{"embeddable":true,"href":"https:\/\/www.estrategiaconcursos.com.br\/blog\/wp-json\/wp\/v2\/comments?post=27000"}],"version-history":[{"count":16,"href":"https:\/\/www.estrategiaconcursos.com.br\/blog\/wp-json\/wp\/v2\/posts\/27000\/revisions"}],"predecessor-version":[{"id":31726,"href":"https:\/\/www.estrategiaconcursos.com.br\/blog\/wp-json\/wp\/v2\/posts\/27000\/revisions\/31726"}],"wp:attachment":[{"href":"https:\/\/www.estrategiaconcursos.com.br\/blog\/wp-json\/wp\/v2\/media?parent=27000"}],"wp:term":[{"taxonomy":"category","embeddable":true,"href":"https:\/\/www.estrategiaconcursos.com.br\/blog\/wp-json\/wp\/v2\/categories?post=27000"},{"taxonomy":"post_tag","embeddable":true,"href":"https:\/\/www.estrategiaconcursos.com.br\/blog\/wp-json\/wp\/v2\/tags?post=27000"},{"taxonomy":"tax_estado","embeddable":true,"href":"https:\/\/www.estrategiaconcursos.com.br\/blog\/wp-json\/wp\/v2\/tax_estado?post=27000"}],"curies":[{"name":"wp","href":"https:\/\/api.w.org\/{rel}","templated":true}]}}