{"id":26968,"date":"2015-09-13T10:12:41","date_gmt":"2015-09-13T13:12:41","guid":{"rendered":"http:\/\/www.estrategiaconcursos.com.br\/blog\/?p=26968"},"modified":"2016-07-22T18:13:47","modified_gmt":"2016-07-22T21:13:47","slug":"atencao-ao-prazo-termina-neste-domingo-o-prazo-para-inscricoes-no-concurso-da-policia-civil-do-acre-para-o-cargo-de-perito-criminal-saiba-mais","status":"publish","type":"post","link":"https:\/\/www.estrategiaconcursos.com.br\/blog\/atencao-ao-prazo-termina-neste-domingo-o-prazo-para-inscricoes-no-concurso-da-policia-civil-do-acre-para-o-cargo-de-perito-criminal-saiba-mais\/","title":{"rendered":"ATEN\u00c7\u00c3O AO PRAZO: Termina neste domingo o prazo para inscri\u00e7\u00f5es no concurso da Pol\u00edcia Civil do Acre para o cargo de Perito Criminal. Saiba mais!"},"content":{"rendered":"<p style=\"text-align: justify;\"><span style=\"color: #000000;\"><a href=\"https:\/\/dhg1h5j42swfq.cloudfront.net\/2015\/08\/12150021\/perito-criminal.jpg\"><img loading=\"lazy\" decoding=\"async\" class=\"alignleft wp-image-25478 size-medium\" src=\"https:\/\/dhg1h5j42swfq.cloudfront.net\/2015\/08\/12150021\/perito-criminal-258x300.jpg\" alt=\"perito criminal\" width=\"258\" height=\"300\" srcset=\"https:\/\/dhg1h5j42swfq.cloudfront.net\/2015\/08\/12150021\/perito-criminal.jpg 258w, https:\/\/dhg1h5j42swfq.cloudfront.net\/2015\/08\/12150021\/perito-criminal.jpg 336w\" sizes=\"auto, (max-width: 258px) 100vw, 258px\" \/><\/a>Termina neste domingo, 13, o prazo para inscri\u00e7\u00f5es no <a href=\"https:\/\/www.estrategiaconcursos.com.br\/cursosPorConcurso\/perito-criminal-ac-402\/\" target=\"_blank\">concurso da Pol\u00edcia Civil do Acre<\/a> para os cargos de Perito Criminal (15 vagas) e Perito M\u00e9dico Legista (2 vagas). Os interessados devem acessar o site da organizadora, a\u00a0<a href=\"http:\/\/ww5.funcab.org\/inicial.asp?id=310\">FUNCAB<\/a>, at\u00e9 \u00e0s 23h59.\u00a0A taxa \u00e9 de R$ 125,00.<\/span><\/p>\n<p style=\"text-align: justify;\"><span style=\"color: #000000;\">A remunera\u00e7\u00e3o inicial dos cargos ser\u00e1 de R$ 7.680,00 e a carga hor\u00e1ria semanal \u00e9 de 44 horas semanais, sujeito a convoca\u00e7\u00f5es extraordin\u00e1rias. As fun\u00e7\u00f5es\u00a0exigem forma\u00e7\u00e3o de n\u00edvel superior em qualquer \u00e1rea, ou em Medicina com registro no conselho da classe.<\/span><\/p>\n<p style=\"text-align: justify;\"><span style=\"color: #000000;\">A primeira fase do concurso da Pol\u00edcia Civil do Acre para o cargo de Perito contar\u00e1 com tr\u00eas etapas: 1\u00aa Etapa: Prova Objetiva, de car\u00e1ter eliminat\u00f3rio e classificat\u00f3rio; 2\u00aa Etapa: Prova Discursiva, de car\u00e1ter eliminat\u00f3rio e classificat\u00f3rio; 3\u00aa Etapa: Prova de T\u00edtulos de car\u00e1ter classificat\u00f3rio.<\/span><\/p>\n<p style=\"text-align: justify;\"><span style=\"color: #000000;\">A segunda fase contar\u00e1 com cinco etapas: 1\u00aa Etapa: Prova de Aptid\u00e3o F\u00edsica, de car\u00e1ter eliminat\u00f3rio; 2\u00aa Etapa: Exame M\u00e9dico, de car\u00e1ter eliminat\u00f3rio; 3\u00aa Etapa: Exame Psicot\u00e9cnico, de car\u00e1ter eliminat\u00f3rio; 4\u00aa Etapa: Entrevista Pessoal, de car\u00e1ter eliminat\u00f3rio; 5\u00aa Etapa: Investiga\u00e7\u00e3o Criminal e Social, de car\u00e1ter eliminat\u00f3rio.<\/span><\/p>\n<p style=\"text-align: justify;\"><span style=\"color: #000000;\">Finalmente, a terceira fase avaliar\u00e1 a frequ\u00eancia e aproveitamento em Curso de Forma\u00e7\u00e3o Policial, de car\u00e1ter eliminat\u00f3rio e classificat\u00f3rio. Tanto a 5\u00b0etapa da segunda fase, quanto toda a terceira fase, ser\u00e3o realizadas pelo SEPC.<\/span><\/p>\n<p style=\"text-align: justify;\"><span style=\"color: #000000;\">As provas objetivas e discursivas ser\u00e3o realizadas na data prov\u00e1vel de e 04 de outubro de 2015, simultaneamente nas seguintes cidades do Estado do Acre: Brasil\u00e9ia; Cruzeiro do Sul; Rio Branco; Sena Madureira e Tarauac\u00e1.<\/span><\/p>\n<p style=\"text-align: justify;\"><span style=\"color: #000000;\"><strong>O Estrat\u00e9gia Concursos j\u00e1 lan\u00e7ou cursos para o cargo de Perito Criminal. Confira em:<\/strong><\/span><\/p>\n<p style=\"text-align: justify;\"><span style=\"color: #3366ff;\"><a style=\"color: #3366ff;\" href=\"https:\/\/www.estrategiaconcursos.com.br\/cursosPorConcurso\/perito-criminal-ac-402\/\">https:\/\/www.estrategiaconcursos.com.br\/cursosPorConcurso\/perito-criminal-ac-402\/<\/a><\/span><\/p>\n<p style=\"text-align: justify;\"><span style=\"color: #000000;\">Assessoria de Comunica\u00e7\u00e3o<\/span><\/p>\n<p style=\"text-align: justify;\"><span style=\"color: #000000;\">comunicacao@estrategiaconcursos.com.br<\/span><\/p>\n","protected":false},"excerpt":{"rendered":"<p>Termina neste domingo, 13, o prazo para inscri\u00e7\u00f5es no concurso da Pol\u00edcia Civil do Acre para os cargos de Perito Criminal (15 vagas) e Perito M\u00e9dico Legista (2 vagas). Os interessados devem acessar o site da organizadora, a\u00a0FUNCAB, at\u00e9 \u00e0s 23h59.\u00a0A taxa \u00e9 de R$ 125,00. A remunera\u00e7\u00e3o inicial dos cargos ser\u00e1 de R$ 7.680,00 [&hellip;]<\/p>\n","protected":false},"author":1,"featured_media":0,"comment_status":"open","ping_status":"open","sticky":false,"template":"","format":"standard","meta":{"post_tipo":"news","footnotes":""},"categories":[1,1988],"tags":[976],"tax_estado":[],"class_list":["post-26968","post","type-post","status-publish","format-standard","hentry","category-cursos-e-concursos","category-policia","tag-pc-ac"],"acf":[],"yoast_head":"<!-- This site is optimized with the Yoast SEO Premium plugin v27.2 (Yoast SEO v27.2) - https:\/\/yoast.com\/product\/yoast-seo-premium-wordpress\/ -->\n<title>ATEN\u00c7\u00c3O AO PRAZO: Termina neste domingo o prazo para inscri\u00e7\u00f5es no concurso da Pol\u00edcia Civil do Acre para o cargo de Perito Criminal. Saiba mais!<\/title>\n<meta name=\"description\" content=\"Termina neste domingo, 13, o prazo para inscri\u00e7\u00f5es no concurso da Pol\u00edcia Civil do Acre para os cargos de Perito Criminal e Perito M\u00e9dico Legista.\" \/>\n<meta name=\"robots\" content=\"index, follow, max-snippet:-1, max-image-preview:large, max-video-preview:-1\" \/>\n<link rel=\"canonical\" href=\"https:\/\/www.estrategiaconcursos.com.br\/blog\/atencao-ao-prazo-termina-neste-domingo-o-prazo-para-inscricoes-no-concurso-da-policia-civil-do-acre-para-o-cargo-de-perito-criminal-saiba-mais\/\" \/>\n<meta property=\"og:locale\" content=\"pt_BR\" \/>\n<meta property=\"og:type\" content=\"article\" \/>\n<meta property=\"og:title\" content=\"ATEN\u00c7\u00c3O AO PRAZO: Termina neste domingo o prazo para inscri\u00e7\u00f5es no concurso da Pol\u00edcia Civil do Acre para o cargo de Perito Criminal. Saiba mais!\" \/>\n<meta property=\"og:description\" content=\"Termina neste domingo, 13, o prazo para inscri\u00e7\u00f5es no concurso da Pol\u00edcia Civil do Acre para os cargos de Perito Criminal e Perito M\u00e9dico Legista.\" \/>\n<meta property=\"og:url\" content=\"https:\/\/www.estrategiaconcursos.com.br\/blog\/atencao-ao-prazo-termina-neste-domingo-o-prazo-para-inscricoes-no-concurso-da-policia-civil-do-acre-para-o-cargo-de-perito-criminal-saiba-mais\/\" \/>\n<meta property=\"og:site_name\" content=\"Estrat\u00e9gia Concursos\" \/>\n<meta property=\"article:author\" content=\"https:\/\/www.facebook.com\/EstrategiaConcursos\" \/>\n<meta property=\"article:published_time\" content=\"2015-09-13T13:12:41+00:00\" \/>\n<meta property=\"article:modified_time\" content=\"2016-07-22T21:13:47+00:00\" \/>\n<meta property=\"og:image\" content=\"https:\/\/dhg1h5j42swfq.cloudfront.net\/2015\/08\/12150021\/perito-criminal-258x300.jpg\" \/>\n<meta name=\"author\" content=\"Coordena\u00e7\u00e3o\" \/>\n<meta name=\"twitter:card\" content=\"summary_large_image\" \/>\n<meta name=\"twitter:creator\" content=\"@EstratConcursos\" \/>\n<meta name=\"twitter:site\" content=\"@EstratConcursos\" \/>\n<meta name=\"twitter:label1\" content=\"Escrito por\" \/>\n\t<meta name=\"twitter:data1\" content=\"Coordena\u00e7\u00e3o\" \/>\n\t<meta name=\"twitter:label2\" content=\"Est. tempo de leitura\" \/>\n\t<meta name=\"twitter:data2\" content=\"2 minutos\" \/>\n<script type=\"application\/ld+json\" class=\"yoast-schema-graph\">{\"@context\":\"https:\/\/schema.org\",\"@graph\":[{\"@type\":\"NewsArticle\",\"@id\":\"https:\/\/www.estrategiaconcursos.com.br\/blog\/atencao-ao-prazo-termina-neste-domingo-o-prazo-para-inscricoes-no-concurso-da-policia-civil-do-acre-para-o-cargo-de-perito-criminal-saiba-mais\/#article\",\"isPartOf\":{\"@id\":\"https:\/\/www.estrategiaconcursos.com.br\/blog\/atencao-ao-prazo-termina-neste-domingo-o-prazo-para-inscricoes-no-concurso-da-policia-civil-do-acre-para-o-cargo-de-perito-criminal-saiba-mais\/\"},\"author\":{\"name\":\"Coordena\u00e7\u00e3o\",\"@id\":\"https:\/\/www.estrategiaconcursos.com.br\/blog\/#\/schema\/person\/b4a388c97673c5f483d72185668afa1f\"},\"headline\":\"ATEN\u00c7\u00c3O AO PRAZO: Termina neste domingo o prazo para inscri\u00e7\u00f5es no concurso da Pol\u00edcia Civil do Acre para o cargo de Perito Criminal. Saiba mais!\",\"datePublished\":\"2015-09-13T13:12:41+00:00\",\"dateModified\":\"2016-07-22T21:13:47+00:00\",\"mainEntityOfPage\":{\"@id\":\"https:\/\/www.estrategiaconcursos.com.br\/blog\/atencao-ao-prazo-termina-neste-domingo-o-prazo-para-inscricoes-no-concurso-da-policia-civil-do-acre-para-o-cargo-de-perito-criminal-saiba-mais\/\"},\"wordCount\":336,\"commentCount\":0,\"publisher\":{\"@id\":\"https:\/\/www.estrategiaconcursos.com.br\/blog\/#organization\"},\"image\":{\"@id\":\"https:\/\/www.estrategiaconcursos.com.br\/blog\/atencao-ao-prazo-termina-neste-domingo-o-prazo-para-inscricoes-no-concurso-da-policia-civil-do-acre-para-o-cargo-de-perito-criminal-saiba-mais\/#primaryimage\"},\"thumbnailUrl\":\"https:\/\/dhg1h5j42swfq.cloudfront.net\/2015\/08\/12150021\/perito-criminal-258x300.jpg\",\"keywords\":[\"PC-AC\"],\"articleSection\":[\"Concursos P\u00fablicos\",\"Policial (Agente, Escriv\u00e3o e Investigador)\"],\"inLanguage\":\"pt-BR\",\"potentialAction\":[{\"@type\":\"CommentAction\",\"name\":\"Comment\",\"target\":[\"https:\/\/www.estrategiaconcursos.com.br\/blog\/atencao-ao-prazo-termina-neste-domingo-o-prazo-para-inscricoes-no-concurso-da-policia-civil-do-acre-para-o-cargo-de-perito-criminal-saiba-mais\/#respond\"]}],\"copyrightYear\":\"2015\",\"copyrightHolder\":{\"@id\":\"https:\/\/www.estrategiaconcursos.com.br\/blog\/#organization\"}},{\"@type\":\"WebPage\",\"@id\":\"https:\/\/www.estrategiaconcursos.com.br\/blog\/atencao-ao-prazo-termina-neste-domingo-o-prazo-para-inscricoes-no-concurso-da-policia-civil-do-acre-para-o-cargo-de-perito-criminal-saiba-mais\/\",\"url\":\"https:\/\/www.estrategiaconcursos.com.br\/blog\/atencao-ao-prazo-termina-neste-domingo-o-prazo-para-inscricoes-no-concurso-da-policia-civil-do-acre-para-o-cargo-de-perito-criminal-saiba-mais\/\",\"name\":\"ATEN\u00c7\u00c3O AO PRAZO: Termina neste domingo o prazo para inscri\u00e7\u00f5es no concurso da Pol\u00edcia Civil do Acre para o cargo de Perito Criminal. Saiba mais!\",\"isPartOf\":{\"@id\":\"https:\/\/www.estrategiaconcursos.com.br\/blog\/#website\"},\"primaryImageOfPage\":{\"@id\":\"https:\/\/www.estrategiaconcursos.com.br\/blog\/atencao-ao-prazo-termina-neste-domingo-o-prazo-para-inscricoes-no-concurso-da-policia-civil-do-acre-para-o-cargo-de-perito-criminal-saiba-mais\/#primaryimage\"},\"image\":{\"@id\":\"https:\/\/www.estrategiaconcursos.com.br\/blog\/atencao-ao-prazo-termina-neste-domingo-o-prazo-para-inscricoes-no-concurso-da-policia-civil-do-acre-para-o-cargo-de-perito-criminal-saiba-mais\/#primaryimage\"},\"thumbnailUrl\":\"https:\/\/dhg1h5j42swfq.cloudfront.net\/2015\/08\/12150021\/perito-criminal-258x300.jpg\",\"datePublished\":\"2015-09-13T13:12:41+00:00\",\"dateModified\":\"2016-07-22T21:13:47+00:00\",\"description\":\"Termina neste domingo, 13, o prazo para inscri\u00e7\u00f5es no concurso da Pol\u00edcia Civil do Acre para os cargos de Perito Criminal e Perito M\u00e9dico Legista.\",\"breadcrumb\":{\"@id\":\"https:\/\/www.estrategiaconcursos.com.br\/blog\/atencao-ao-prazo-termina-neste-domingo-o-prazo-para-inscricoes-no-concurso-da-policia-civil-do-acre-para-o-cargo-de-perito-criminal-saiba-mais\/#breadcrumb\"},\"inLanguage\":\"pt-BR\",\"potentialAction\":[{\"@type\":\"ReadAction\",\"target\":[\"https:\/\/www.estrategiaconcursos.com.br\/blog\/atencao-ao-prazo-termina-neste-domingo-o-prazo-para-inscricoes-no-concurso-da-policia-civil-do-acre-para-o-cargo-de-perito-criminal-saiba-mais\/\"]}]},{\"@type\":\"ImageObject\",\"inLanguage\":\"pt-BR\",\"@id\":\"https:\/\/www.estrategiaconcursos.com.br\/blog\/atencao-ao-prazo-termina-neste-domingo-o-prazo-para-inscricoes-no-concurso-da-policia-civil-do-acre-para-o-cargo-de-perito-criminal-saiba-mais\/#primaryimage\",\"url\":\"https:\/\/dhg1h5j42swfq.cloudfront.net\/2015\/08\/12150021\/perito-criminal-258x300.jpg\",\"contentUrl\":\"https:\/\/dhg1h5j42swfq.cloudfront.net\/2015\/08\/12150021\/perito-criminal-258x300.jpg\"},{\"@type\":\"BreadcrumbList\",\"@id\":\"https:\/\/www.estrategiaconcursos.com.br\/blog\/atencao-ao-prazo-termina-neste-domingo-o-prazo-para-inscricoes-no-concurso-da-policia-civil-do-acre-para-o-cargo-de-perito-criminal-saiba-mais\/#breadcrumb\",\"itemListElement\":[{\"@type\":\"ListItem\",\"position\":1,\"name\":\"In\u00edcio\",\"item\":\"https:\/\/www.estrategiaconcursos.com.br\/blog\/\"},{\"@type\":\"ListItem\",\"position\":2,\"name\":\"ATEN\u00c7\u00c3O AO PRAZO: Termina neste domingo o prazo para inscri\u00e7\u00f5es no concurso da Pol\u00edcia Civil do Acre para o cargo de Perito Criminal. Saiba mais!\"}]},{\"@type\":\"WebSite\",\"@id\":\"https:\/\/www.estrategiaconcursos.com.br\/blog\/#website\",\"url\":\"https:\/\/www.estrategiaconcursos.com.br\/blog\/\",\"name\":\"Estrat\u00e9gia Concursos\",\"description\":\"O blog da Estrat\u00e9gia Concursos traz not\u00edcias sobre concursos e artigos de professores oferecendo cursos para concursos (pdf + videaulas) no site.\",\"publisher\":{\"@id\":\"https:\/\/www.estrategiaconcursos.com.br\/blog\/#organization\"},\"potentialAction\":[{\"@type\":\"SearchAction\",\"target\":{\"@type\":\"EntryPoint\",\"urlTemplate\":\"https:\/\/www.estrategiaconcursos.com.br\/blog\/?s={search_term_string}\"},\"query-input\":{\"@type\":\"PropertyValueSpecification\",\"valueRequired\":true,\"valueName\":\"search_term_string\"}}],\"inLanguage\":\"pt-BR\"},{\"@type\":\"Organization\",\"@id\":\"https:\/\/www.estrategiaconcursos.com.br\/blog\/#organization\",\"name\":\"Estrat\u00e9gia Concursos\",\"url\":\"https:\/\/www.estrategiaconcursos.com.br\/blog\/\",\"logo\":{\"@type\":\"ImageObject\",\"inLanguage\":\"pt-BR\",\"@id\":\"https:\/\/www.estrategiaconcursos.com.br\/blog\/#\/schema\/logo\/image\/\",\"url\":\"https:\/\/dhg1h5j42swfq.cloudfront.net\/2025\/06\/03203428\/logo_concursos-1.jpg\",\"contentUrl\":\"https:\/\/dhg1h5j42swfq.cloudfront.net\/2025\/06\/03203428\/logo_concursos-1.jpg\",\"width\":230,\"height\":60,\"caption\":\"Estrat\u00e9gia Concursos\"},\"image\":{\"@id\":\"https:\/\/www.estrategiaconcursos.com.br\/blog\/#\/schema\/logo\/image\/\"},\"sameAs\":[\"https:\/\/x.com\/EstratConcursos\"]},{\"@type\":\"Person\",\"@id\":\"https:\/\/www.estrategiaconcursos.com.br\/blog\/#\/schema\/person\/b4a388c97673c5f483d72185668afa1f\",\"name\":\"Coordena\u00e7\u00e3o\",\"image\":{\"@type\":\"ImageObject\",\"inLanguage\":\"pt-BR\",\"@id\":\"https:\/\/secure.gravatar.com\/avatar\/b720319e4c9a967eb58678d110f4fe35452fc5d5f97b202bac7b8acceb18c6ad?s=96&d=mm&r=g\",\"url\":\"https:\/\/secure.gravatar.com\/avatar\/b720319e4c9a967eb58678d110f4fe35452fc5d5f97b202bac7b8acceb18c6ad?s=96&d=mm&r=g\",\"contentUrl\":\"https:\/\/secure.gravatar.com\/avatar\/b720319e4c9a967eb58678d110f4fe35452fc5d5f97b202bac7b8acceb18c6ad?s=96&d=mm&r=g\",\"caption\":\"Coordena\u00e7\u00e3o\"},\"sameAs\":[\"https:\/\/www.facebook.com\/EstrategiaConcursos\",\"https:\/\/x.com\/EstratConcursos\"],\"url\":\"https:\/\/www.estrategiaconcursos.com.br\/blog\/author\/estrategia2013\/\"}]}<\/script>\n<!-- \/ Yoast SEO Premium plugin. -->","yoast_head_json":{"title":"ATEN\u00c7\u00c3O AO PRAZO: Termina neste domingo o prazo para inscri\u00e7\u00f5es no concurso da Pol\u00edcia Civil do Acre para o cargo de Perito Criminal. Saiba mais!","description":"Termina neste domingo, 13, o prazo para inscri\u00e7\u00f5es no concurso da Pol\u00edcia Civil do Acre para os cargos de Perito Criminal e Perito M\u00e9dico Legista.","robots":{"index":"index","follow":"follow","max-snippet":"max-snippet:-1","max-image-preview":"max-image-preview:large","max-video-preview":"max-video-preview:-1"},"canonical":"https:\/\/www.estrategiaconcursos.com.br\/blog\/atencao-ao-prazo-termina-neste-domingo-o-prazo-para-inscricoes-no-concurso-da-policia-civil-do-acre-para-o-cargo-de-perito-criminal-saiba-mais\/","og_locale":"pt_BR","og_type":"article","og_title":"ATEN\u00c7\u00c3O AO PRAZO: Termina neste domingo o prazo para inscri\u00e7\u00f5es no concurso da Pol\u00edcia Civil do Acre para o cargo de Perito Criminal. Saiba mais!","og_description":"Termina neste domingo, 13, o prazo para inscri\u00e7\u00f5es no concurso da Pol\u00edcia Civil do Acre para os cargos de Perito Criminal e Perito M\u00e9dico Legista.","og_url":"https:\/\/www.estrategiaconcursos.com.br\/blog\/atencao-ao-prazo-termina-neste-domingo-o-prazo-para-inscricoes-no-concurso-da-policia-civil-do-acre-para-o-cargo-de-perito-criminal-saiba-mais\/","og_site_name":"Estrat\u00e9gia Concursos","article_author":"https:\/\/www.facebook.com\/EstrategiaConcursos","article_published_time":"2015-09-13T13:12:41+00:00","article_modified_time":"2016-07-22T21:13:47+00:00","og_image":[{"url":"https:\/\/dhg1h5j42swfq.cloudfront.net\/2015\/08\/12150021\/perito-criminal-258x300.jpg","type":"","width":"","height":""}],"author":"Coordena\u00e7\u00e3o","twitter_card":"summary_large_image","twitter_creator":"@EstratConcursos","twitter_site":"@EstratConcursos","twitter_misc":{"Escrito por":"Coordena\u00e7\u00e3o","Est. tempo de leitura":"2 minutos"},"schema":{"@context":"https:\/\/schema.org","@graph":[{"@type":"NewsArticle","@id":"https:\/\/www.estrategiaconcursos.com.br\/blog\/atencao-ao-prazo-termina-neste-domingo-o-prazo-para-inscricoes-no-concurso-da-policia-civil-do-acre-para-o-cargo-de-perito-criminal-saiba-mais\/#article","isPartOf":{"@id":"https:\/\/www.estrategiaconcursos.com.br\/blog\/atencao-ao-prazo-termina-neste-domingo-o-prazo-para-inscricoes-no-concurso-da-policia-civil-do-acre-para-o-cargo-de-perito-criminal-saiba-mais\/"},"author":{"name":"Coordena\u00e7\u00e3o","@id":"https:\/\/www.estrategiaconcursos.com.br\/blog\/#\/schema\/person\/b4a388c97673c5f483d72185668afa1f"},"headline":"ATEN\u00c7\u00c3O AO PRAZO: Termina neste domingo o prazo para inscri\u00e7\u00f5es no concurso da Pol\u00edcia Civil do Acre para o cargo de Perito Criminal. Saiba mais!","datePublished":"2015-09-13T13:12:41+00:00","dateModified":"2016-07-22T21:13:47+00:00","mainEntityOfPage":{"@id":"https:\/\/www.estrategiaconcursos.com.br\/blog\/atencao-ao-prazo-termina-neste-domingo-o-prazo-para-inscricoes-no-concurso-da-policia-civil-do-acre-para-o-cargo-de-perito-criminal-saiba-mais\/"},"wordCount":336,"commentCount":0,"publisher":{"@id":"https:\/\/www.estrategiaconcursos.com.br\/blog\/#organization"},"image":{"@id":"https:\/\/www.estrategiaconcursos.com.br\/blog\/atencao-ao-prazo-termina-neste-domingo-o-prazo-para-inscricoes-no-concurso-da-policia-civil-do-acre-para-o-cargo-de-perito-criminal-saiba-mais\/#primaryimage"},"thumbnailUrl":"https:\/\/dhg1h5j42swfq.cloudfront.net\/2015\/08\/12150021\/perito-criminal-258x300.jpg","keywords":["PC-AC"],"articleSection":["Concursos P\u00fablicos","Policial (Agente, Escriv\u00e3o e Investigador)"],"inLanguage":"pt-BR","potentialAction":[{"@type":"CommentAction","name":"Comment","target":["https:\/\/www.estrategiaconcursos.com.br\/blog\/atencao-ao-prazo-termina-neste-domingo-o-prazo-para-inscricoes-no-concurso-da-policia-civil-do-acre-para-o-cargo-de-perito-criminal-saiba-mais\/#respond"]}],"copyrightYear":"2015","copyrightHolder":{"@id":"https:\/\/www.estrategiaconcursos.com.br\/blog\/#organization"}},{"@type":"WebPage","@id":"https:\/\/www.estrategiaconcursos.com.br\/blog\/atencao-ao-prazo-termina-neste-domingo-o-prazo-para-inscricoes-no-concurso-da-policia-civil-do-acre-para-o-cargo-de-perito-criminal-saiba-mais\/","url":"https:\/\/www.estrategiaconcursos.com.br\/blog\/atencao-ao-prazo-termina-neste-domingo-o-prazo-para-inscricoes-no-concurso-da-policia-civil-do-acre-para-o-cargo-de-perito-criminal-saiba-mais\/","name":"ATEN\u00c7\u00c3O AO PRAZO: Termina neste domingo o prazo para inscri\u00e7\u00f5es no concurso da Pol\u00edcia Civil do Acre para o cargo de Perito Criminal. Saiba mais!","isPartOf":{"@id":"https:\/\/www.estrategiaconcursos.com.br\/blog\/#website"},"primaryImageOfPage":{"@id":"https:\/\/www.estrategiaconcursos.com.br\/blog\/atencao-ao-prazo-termina-neste-domingo-o-prazo-para-inscricoes-no-concurso-da-policia-civil-do-acre-para-o-cargo-de-perito-criminal-saiba-mais\/#primaryimage"},"image":{"@id":"https:\/\/www.estrategiaconcursos.com.br\/blog\/atencao-ao-prazo-termina-neste-domingo-o-prazo-para-inscricoes-no-concurso-da-policia-civil-do-acre-para-o-cargo-de-perito-criminal-saiba-mais\/#primaryimage"},"thumbnailUrl":"https:\/\/dhg1h5j42swfq.cloudfront.net\/2015\/08\/12150021\/perito-criminal-258x300.jpg","datePublished":"2015-09-13T13:12:41+00:00","dateModified":"2016-07-22T21:13:47+00:00","description":"Termina neste domingo, 13, o prazo para inscri\u00e7\u00f5es no concurso da Pol\u00edcia Civil do Acre para os cargos de Perito Criminal e Perito M\u00e9dico Legista.","breadcrumb":{"@id":"https:\/\/www.estrategiaconcursos.com.br\/blog\/atencao-ao-prazo-termina-neste-domingo-o-prazo-para-inscricoes-no-concurso-da-policia-civil-do-acre-para-o-cargo-de-perito-criminal-saiba-mais\/#breadcrumb"},"inLanguage":"pt-BR","potentialAction":[{"@type":"ReadAction","target":["https:\/\/www.estrategiaconcursos.com.br\/blog\/atencao-ao-prazo-termina-neste-domingo-o-prazo-para-inscricoes-no-concurso-da-policia-civil-do-acre-para-o-cargo-de-perito-criminal-saiba-mais\/"]}]},{"@type":"ImageObject","inLanguage":"pt-BR","@id":"https:\/\/www.estrategiaconcursos.com.br\/blog\/atencao-ao-prazo-termina-neste-domingo-o-prazo-para-inscricoes-no-concurso-da-policia-civil-do-acre-para-o-cargo-de-perito-criminal-saiba-mais\/#primaryimage","url":"https:\/\/dhg1h5j42swfq.cloudfront.net\/2015\/08\/12150021\/perito-criminal-258x300.jpg","contentUrl":"https:\/\/dhg1h5j42swfq.cloudfront.net\/2015\/08\/12150021\/perito-criminal-258x300.jpg"},{"@type":"BreadcrumbList","@id":"https:\/\/www.estrategiaconcursos.com.br\/blog\/atencao-ao-prazo-termina-neste-domingo-o-prazo-para-inscricoes-no-concurso-da-policia-civil-do-acre-para-o-cargo-de-perito-criminal-saiba-mais\/#breadcrumb","itemListElement":[{"@type":"ListItem","position":1,"name":"In\u00edcio","item":"https:\/\/www.estrategiaconcursos.com.br\/blog\/"},{"@type":"ListItem","position":2,"name":"ATEN\u00c7\u00c3O AO PRAZO: Termina neste domingo o prazo para inscri\u00e7\u00f5es no concurso da Pol\u00edcia Civil do Acre para o cargo de Perito Criminal. Saiba mais!"}]},{"@type":"WebSite","@id":"https:\/\/www.estrategiaconcursos.com.br\/blog\/#website","url":"https:\/\/www.estrategiaconcursos.com.br\/blog\/","name":"Estrat\u00e9gia Concursos","description":"O blog da Estrat\u00e9gia Concursos traz not\u00edcias sobre concursos e artigos de professores oferecendo cursos para concursos (pdf + videaulas) no site.","publisher":{"@id":"https:\/\/www.estrategiaconcursos.com.br\/blog\/#organization"},"potentialAction":[{"@type":"SearchAction","target":{"@type":"EntryPoint","urlTemplate":"https:\/\/www.estrategiaconcursos.com.br\/blog\/?s={search_term_string}"},"query-input":{"@type":"PropertyValueSpecification","valueRequired":true,"valueName":"search_term_string"}}],"inLanguage":"pt-BR"},{"@type":"Organization","@id":"https:\/\/www.estrategiaconcursos.com.br\/blog\/#organization","name":"Estrat\u00e9gia Concursos","url":"https:\/\/www.estrategiaconcursos.com.br\/blog\/","logo":{"@type":"ImageObject","inLanguage":"pt-BR","@id":"https:\/\/www.estrategiaconcursos.com.br\/blog\/#\/schema\/logo\/image\/","url":"https:\/\/dhg1h5j42swfq.cloudfront.net\/2025\/06\/03203428\/logo_concursos-1.jpg","contentUrl":"https:\/\/dhg1h5j42swfq.cloudfront.net\/2025\/06\/03203428\/logo_concursos-1.jpg","width":230,"height":60,"caption":"Estrat\u00e9gia Concursos"},"image":{"@id":"https:\/\/www.estrategiaconcursos.com.br\/blog\/#\/schema\/logo\/image\/"},"sameAs":["https:\/\/x.com\/EstratConcursos"]},{"@type":"Person","@id":"https:\/\/www.estrategiaconcursos.com.br\/blog\/#\/schema\/person\/b4a388c97673c5f483d72185668afa1f","name":"Coordena\u00e7\u00e3o","image":{"@type":"ImageObject","inLanguage":"pt-BR","@id":"https:\/\/secure.gravatar.com\/avatar\/b720319e4c9a967eb58678d110f4fe35452fc5d5f97b202bac7b8acceb18c6ad?s=96&d=mm&r=g","url":"https:\/\/secure.gravatar.com\/avatar\/b720319e4c9a967eb58678d110f4fe35452fc5d5f97b202bac7b8acceb18c6ad?s=96&d=mm&r=g","contentUrl":"https:\/\/secure.gravatar.com\/avatar\/b720319e4c9a967eb58678d110f4fe35452fc5d5f97b202bac7b8acceb18c6ad?s=96&d=mm&r=g","caption":"Coordena\u00e7\u00e3o"},"sameAs":["https:\/\/www.facebook.com\/EstrategiaConcursos","https:\/\/x.com\/EstratConcursos"],"url":"https:\/\/www.estrategiaconcursos.com.br\/blog\/author\/estrategia2013\/"}]}},"_links":{"self":[{"href":"https:\/\/www.estrategiaconcursos.com.br\/blog\/wp-json\/wp\/v2\/posts\/26968","targetHints":{"allow":["GET"]}}],"collection":[{"href":"https:\/\/www.estrategiaconcursos.com.br\/blog\/wp-json\/wp\/v2\/posts"}],"about":[{"href":"https:\/\/www.estrategiaconcursos.com.br\/blog\/wp-json\/wp\/v2\/types\/post"}],"author":[{"embeddable":true,"href":"https:\/\/www.estrategiaconcursos.com.br\/blog\/wp-json\/wp\/v2\/users\/1"}],"replies":[{"embeddable":true,"href":"https:\/\/www.estrategiaconcursos.com.br\/blog\/wp-json\/wp\/v2\/comments?post=26968"}],"version-history":[{"count":3,"href":"https:\/\/www.estrategiaconcursos.com.br\/blog\/wp-json\/wp\/v2\/posts\/26968\/revisions"}],"predecessor-version":[{"id":26979,"href":"https:\/\/www.estrategiaconcursos.com.br\/blog\/wp-json\/wp\/v2\/posts\/26968\/revisions\/26979"}],"wp:attachment":[{"href":"https:\/\/www.estrategiaconcursos.com.br\/blog\/wp-json\/wp\/v2\/media?parent=26968"}],"wp:term":[{"taxonomy":"category","embeddable":true,"href":"https:\/\/www.estrategiaconcursos.com.br\/blog\/wp-json\/wp\/v2\/categories?post=26968"},{"taxonomy":"post_tag","embeddable":true,"href":"https:\/\/www.estrategiaconcursos.com.br\/blog\/wp-json\/wp\/v2\/tags?post=26968"},{"taxonomy":"tax_estado","embeddable":true,"href":"https:\/\/www.estrategiaconcursos.com.br\/blog\/wp-json\/wp\/v2\/tax_estado?post=26968"}],"curies":[{"name":"wp","href":"https:\/\/api.w.org\/{rel}","templated":true}]}}