{"id":26805,"date":"2015-09-12T14:45:02","date_gmt":"2015-09-12T17:45:02","guid":{"rendered":"http:\/\/www.estrategiaconcursos.com.br\/blog\/?p=26805"},"modified":"2015-09-14T08:28:50","modified_gmt":"2015-09-14T11:28:50","slug":"um-assunto-certo-de-vai-cair-na-prova-do-stj-reescrita-de-texto","status":"publish","type":"post","link":"https:\/\/www.estrategiaconcursos.com.br\/blog\/um-assunto-certo-de-vai-cair-na-prova-do-stj-reescrita-de-texto\/","title":{"rendered":"Um assunto certo de cair na prova do STJ: Reescrita de texto"},"content":{"rendered":"<p>Ol\u00e1, mo\u00e7ada!<\/p>\n<p>Voc\u00eas, que v\u00e3o fazer a prova do STJ, n\u00e3o podem ir para a prova sem ter realizado algumas d\u00fazias de quest\u00f5es do assunto \u201csubstitui\u00e7\u00e3o de palavras ou de trechos de texto\u201d. A\u00a0banca CESPE usa muito esse tipo de quest\u00e3o, porque pode\u00a0cobrar qualquer assunto gramatical. Ela pode explorar a\u00a0concord\u00e2ncia, a reg\u00eancia, a crase, a pontua\u00e7\u00e3o, a sem\u00e2ntica, a coloca\u00e7\u00e3o pronominal entre outros temas muito relevantes.<\/p>\n<p>Mas, para atacarem esse tipo de quest\u00e3o e n\u00e3o terem problema, recomendo, quando o trecho for pequeno, que o reescrevam em cima do trecho original. Assim, mesmo que voc\u00eas n\u00e3o tenham dom\u00ednio gramatical de algum conte\u00fado, vendo uma estrutura sobre a outra, naturalmente perceber\u00e3o se h\u00e1 mudan\u00e7a de sentido ou preju\u00edzo gramatical.<\/p>\n<p>Vamos fazer um teste?<\/p>\n<p>A quest\u00e3o abaixo \u00e9 de uma prova realizada h\u00e1 pouco tempo, ent\u00e3o j\u00e1 nos d\u00e1 uma no\u00e7\u00e3o do que voc\u00eas v\u00e3o encarar no STJ:<\/p>\n<p><strong>TCU 2015 &#8211; Auditor Federal de Controle Externo (banca CESPE)<\/strong><\/p>\n<p><strong>Fragmento do texto<\/strong>: Para a surpresa de muitas pessoas, acostumadas a ver em nosso pa\u00eds tantas leis que n\u00e3o saem do papel, a LRF, logo nos primeiros anos, atinge boa parte de seus objetivos, notadamente em rela\u00e7\u00e3o \u00e0 observ\u00e2ncia dos limites da despesa com pessoal, o que permitiu uma descompress\u00e3o da receita l\u00edquida e propiciou maior capacidade de investimento p\u00fablico. O regulamento marca avan\u00e7os tamb\u00e9m no controle de gastos em fins de gest\u00e3o e em rela\u00e7\u00e3o ao novo papel que as leis de 16 diretrizes or\u00e7ament\u00e1rias passaram a desempenhar.<\/p>\n<p><strong>Pedido da quest\u00e3o<\/strong>: A corre\u00e7\u00e3o gramatical e o sentido original do texto seriam mantidos se o trecho \u201cPara a surpresa (&#8230;) de seus objetivos\u201d (linhas 1 a 3) fosse reescrito da seguinte forma: \u00c9 atingido, logo nos primeiros anos, boa parte dos objetivos da Lei de Responsabilidade Fiscal, resultado esse que gera surpresa em muitas pessoas, acostumadas, em nosso pa\u00eds, a ver que tantas leis n\u00e3o saem do papel.<\/p>\n<p>Para facilitar, vamos comparar as duas formas, apontando alguns detalhes que ser\u00e3o comentados a seguir:<\/p>\n<p><a href=\"https:\/\/dhg1h5j42swfq.cloudfront.net\/2015\/09\/12142357\/esquema-transposi%C3%A7%C3%A3o-da-voz-passiva21.png\"><img loading=\"lazy\" decoding=\"async\" class=\"  wp-image-26944 aligncenter\" src=\"https:\/\/dhg1h5j42swfq.cloudfront.net\/2015\/09\/12142357\/esquema-transposi%C3%A7%C3%A3o-da-voz-passiva21-300x80.png\" alt=\"esquema transposi\u00e7\u00e3o da voz passiva2\" width=\"358\" height=\"103\" \/><\/a><\/p>\n<p>A quest\u00e3o de reescrita est\u00e1 cobrando mesmo \u00e9 seu conhecimento sobre a transposi\u00e7\u00e3o de vozes verbais, concord\u00e2ncia e a aten\u00e7\u00e3o ao valor de posse do pronome \u201cseu\u201d.<\/p>\n<p>Basta ver que, no texto original, a express\u00e3o \u201ca LRF\u201d \u00e9 o sujeito agente, o verbo \u201catinge\u201d \u00e9 transitivo direto e \u201cboa parte de seus objetivos\u201d \u00e9 o objeto direto.<\/p>\n<p>Na transposi\u00e7\u00e3o para a voz passiva, o que era sujeito agente vira agente da passiva, o que era objeto direto vira sujeito paciente e o verbo simples recebe o verbo \u201cser\u201d no mesmo tempo verbal.<\/p>\n<p>Veja o esquema:<\/p>\n<p><a href=\"https:\/\/dhg1h5j42swfq.cloudfront.net\/2015\/09\/12142104\/esquema-transposi%C3%A7%C3%A3o-da-voz-passiva1.png\"><img loading=\"lazy\" decoding=\"async\" class=\"  wp-image-26942 aligncenter\" src=\"https:\/\/dhg1h5j42swfq.cloudfront.net\/2015\/09\/12142104\/esquema-transposi%C3%A7%C3%A3o-da-voz-passiva1-300x202.png\" alt=\"esquema transposi\u00e7\u00e3o da voz passiva\" width=\"328\" height=\"224\" \/><\/a><\/p>\n<p>Na transposi\u00e7\u00e3o para a voz passiva, notamos que o sujeito paciente possui uma express\u00e3o partitiva (\u201c<strong>boa parte de<\/strong>\u201d), o que faz com que a locu\u00e7\u00e3o verbal concorde com o n\u00facleo sint\u00e1tico \u201c<strong>parte<\/strong>\u201d ou com o adjunto adnominal \u201c<strong>de seus objetivos<\/strong>\u201d.<\/p>\n<p>Assim, na primeira estrutura da voz passiva, a locu\u00e7\u00e3o verbal \u201c\u00e9 atingida\u201d concorda com o n\u00facleo sint\u00e1tico \u201c<strong>parte<\/strong>\u201d; na segunda estrutura da voz passiva, a locu\u00e7\u00e3o verbal \u201cs\u00e3o atingidos\u201d concorda com o adjunto adnominal \u201c<strong>de seus objetivos<\/strong>\u201d.<\/p>\n<p>Por\u00e9m, a reescrita da quest\u00e3o j\u00e1 aponta o erro logo de in\u00edcio, com a locu\u00e7\u00e3o verbal \u201c\u00e9 atingido\u201d. Isso \u00e9 sinal de que a concord\u00e2ncia est\u00e1 equivocada, por isso j\u00e1 sabemos que h\u00e1 <strong>erro na afirma\u00e7\u00e3o<\/strong>.<\/p>\n<p>Al\u00e9m disso, a locu\u00e7\u00e3o adverbial \u201cem nosso pa\u00eds\u201d, no texto original, modifica a a\u00e7\u00e3o verbal de \u201cver\u201d e se encontra na sua\u00a0ora\u00e7\u00e3o. Assim, faz refer\u00eancia ao lugar em que a situa\u00e7\u00e3o \u00e9 vista. J\u00e1, na reescrita, tal locu\u00e7\u00e3o passou a modificar o adjetivo \u201cacostumadas\u201d, isto \u00e9, em outra ora\u00e7\u00e3o, mudando o sentido: estarem acostumadas em nosso pa\u00eds. Mesmo que o contexto permita tal entendimento, a informa\u00e7\u00e3o mudou, o sentido mudou. Assim, se voc\u00eas n\u00e3o mataram a quest\u00e3o pelo problema na concord\u00e2ncia, tiveram nova oportunidade no deslocamento equivocado dessa express\u00e3o.<\/p>\n<p>Alguns alunos me perguntaram, ap\u00f3s a realiza\u00e7\u00e3o da prova, por \u00a0que o poss\u00edvel agente da passiva &#8220;pela LRF&#8221; transformou-se numa express\u00e3o do sujeito paciente. O agente da passiva pode desaparecer assim?<\/p>\n<p>Bom, vamos observar o trecho original com o pronome possessivo \u201cseu\u201d: \u201cboa parte de <strong>seus<\/strong> objetivos\u201d. O pronome \u201cseu\u201d\u00a0 transmite a ideia de que os objetivos s\u00e3o <strong>da<\/strong> LRF. Note que esta preposi\u00e7\u00e3o negritada anteriormente tamb\u00e9m tem valor de posse. Assim, a transforma\u00e7\u00e3o do agente da passiva (pela LRF) em adjunto adnominal \u201c<strong>da<\/strong> Lei de Responsabilidade Fiscal\u201d s\u00f3 foi poss\u00edvel pela presen\u00e7a do pronome possessivo \u201cseu\u201d no texto original e a preposi\u00e7\u00e3o \u201cde\u201d na reescrita, pois ambos t\u00eam valor de posse. Como sintaticamente, o adjunto adnominal pode ter valor agente, a substitui\u00e7\u00e3o deste trecho foi perfeita.<\/p>\n<p>Mais dicas?<\/p>\n<p>Veja em nosso curso de resum\u00e3o em v\u00eddeo para o STJ, cujo link segue abaixo:<\/p>\n<p><a href=\"https:\/\/www.estrategiaconcursos.com.br\/curso\/videoaulas-aulao-revisao-de-portugues-para-stj-ajaa-8435\/\">https:\/\/www.estrategiaconcursos.com.br\/curso\/videoaulas-aulao-revisao-de-portugues-para-stj-ajaa-8435\/<\/a><\/p>\n<p>Um abra\u00e7\u00e3o!<\/p>\n<p>Professor Terror<\/p>\n<p>&nbsp;<\/p>\n","protected":false},"excerpt":{"rendered":"<p>Ol\u00e1, mo\u00e7ada! Voc\u00eas, que v\u00e3o fazer a prova do STJ, n\u00e3o podem ir para a prova sem ter realizado algumas d\u00fazias de quest\u00f5es do assunto \u201csubstitui\u00e7\u00e3o de palavras ou de trechos de texto\u201d. A\u00a0banca CESPE usa muito esse tipo de quest\u00e3o, porque pode\u00a0cobrar qualquer assunto gramatical. Ela pode explorar a\u00a0concord\u00e2ncia, a reg\u00eancia, a crase, a [&hellip;]<\/p>\n","protected":false},"author":214,"featured_media":0,"comment_status":"open","ping_status":"open","sticky":false,"template":"","format":"standard","meta":{"post_tipo":"article","footnotes":""},"categories":[1],"tags":[818],"tax_estado":[],"class_list":["post-26805","post","type-post","status-publish","format-standard","hentry","category-cursos-e-concursos","tag-stj"],"acf":[],"yoast_head":"<!-- This site is optimized with the Yoast SEO Premium plugin v27.2 (Yoast SEO v27.2) - https:\/\/yoast.com\/product\/yoast-seo-premium-wordpress\/ -->\n<title>Um assunto certo de cair na prova do STJ: Reescrita de texto<\/title>\n<meta name=\"description\" content=\"n\u00e3o podem ir para a prova STJ sem ter realizado algumas d\u00fazias de quest\u00f5es do assunto \u201csubstitui\u00e7\u00e3o de palavras ou de trechos de texto\u201d.\" \/>\n<meta name=\"robots\" content=\"index, follow, max-snippet:-1, max-image-preview:large, max-video-preview:-1\" \/>\n<link rel=\"canonical\" href=\"https:\/\/www.estrategiaconcursos.com.br\/blog\/um-assunto-certo-de-vai-cair-na-prova-do-stj-reescrita-de-texto\/\" \/>\n<meta property=\"og:locale\" content=\"pt_BR\" \/>\n<meta property=\"og:type\" content=\"article\" \/>\n<meta property=\"og:title\" content=\"Um assunto certo de cair na prova do STJ: Reescrita de texto\" \/>\n<meta property=\"og:description\" content=\"n\u00e3o podem ir para a prova STJ sem ter realizado algumas d\u00fazias de quest\u00f5es do assunto \u201csubstitui\u00e7\u00e3o de palavras ou de trechos de texto\u201d.\" \/>\n<meta property=\"og:url\" content=\"https:\/\/www.estrategiaconcursos.com.br\/blog\/um-assunto-certo-de-vai-cair-na-prova-do-stj-reescrita-de-texto\/\" \/>\n<meta property=\"og:site_name\" content=\"Estrat\u00e9gia Concursos\" \/>\n<meta property=\"article:published_time\" content=\"2015-09-12T17:45:02+00:00\" \/>\n<meta property=\"article:modified_time\" content=\"2015-09-14T11:28:50+00:00\" \/>\n<meta property=\"og:image\" content=\"https:\/\/dhg1h5j42swfq.cloudfront.net\/2015\/09\/12142357\/esquema-transposi%C3%A7%C3%A3o-da-voz-passiva21-300x80.png\" \/>\n<meta name=\"author\" content=\"D\u00e9cio Terror Filho\" \/>\n<meta name=\"twitter:card\" content=\"summary_large_image\" \/>\n<meta name=\"twitter:creator\" content=\"@EstratConcursos\" \/>\n<meta name=\"twitter:site\" content=\"@EstratConcursos\" \/>\n<meta name=\"twitter:label1\" content=\"Escrito por\" \/>\n\t<meta name=\"twitter:data1\" content=\"D\u00e9cio Terror Filho\" \/>\n\t<meta name=\"twitter:label2\" content=\"Est. tempo de leitura\" \/>\n\t<meta name=\"twitter:data2\" content=\"4 minutos\" \/>\n<script type=\"application\/ld+json\" class=\"yoast-schema-graph\">{\"@context\":\"https:\/\/schema.org\",\"@graph\":[{\"@type\":\"NewsArticle\",\"@id\":\"https:\/\/www.estrategiaconcursos.com.br\/blog\/um-assunto-certo-de-vai-cair-na-prova-do-stj-reescrita-de-texto\/#article\",\"isPartOf\":{\"@id\":\"https:\/\/www.estrategiaconcursos.com.br\/blog\/um-assunto-certo-de-vai-cair-na-prova-do-stj-reescrita-de-texto\/\"},\"author\":{\"name\":\"D\u00e9cio Terror Filho\",\"@id\":\"https:\/\/www.estrategiaconcursos.com.br\/blog\/#\/schema\/person\/e8165364027a31208914fc77c3314727\"},\"headline\":\"Um assunto certo de cair na prova do STJ: Reescrita de texto\",\"datePublished\":\"2015-09-12T17:45:02+00:00\",\"dateModified\":\"2015-09-14T11:28:50+00:00\",\"mainEntityOfPage\":{\"@id\":\"https:\/\/www.estrategiaconcursos.com.br\/blog\/um-assunto-certo-de-vai-cair-na-prova-do-stj-reescrita-de-texto\/\"},\"wordCount\":880,\"commentCount\":1,\"publisher\":{\"@id\":\"https:\/\/www.estrategiaconcursos.com.br\/blog\/#organization\"},\"image\":{\"@id\":\"https:\/\/www.estrategiaconcursos.com.br\/blog\/um-assunto-certo-de-vai-cair-na-prova-do-stj-reescrita-de-texto\/#primaryimage\"},\"thumbnailUrl\":\"https:\/\/dhg1h5j42swfq.cloudfront.net\/2015\/09\/12142357\/esquema-transposi%C3%A7%C3%A3o-da-voz-passiva21-300x80.png\",\"keywords\":[\"STJ\"],\"articleSection\":[\"Concursos P\u00fablicos\"],\"inLanguage\":\"pt-BR\",\"potentialAction\":[{\"@type\":\"CommentAction\",\"name\":\"Comment\",\"target\":[\"https:\/\/www.estrategiaconcursos.com.br\/blog\/um-assunto-certo-de-vai-cair-na-prova-do-stj-reescrita-de-texto\/#respond\"]}],\"copyrightYear\":\"2015\",\"copyrightHolder\":{\"@id\":\"https:\/\/www.estrategiaconcursos.com.br\/blog\/#organization\"}},{\"@type\":\"WebPage\",\"@id\":\"https:\/\/www.estrategiaconcursos.com.br\/blog\/um-assunto-certo-de-vai-cair-na-prova-do-stj-reescrita-de-texto\/\",\"url\":\"https:\/\/www.estrategiaconcursos.com.br\/blog\/um-assunto-certo-de-vai-cair-na-prova-do-stj-reescrita-de-texto\/\",\"name\":\"Um assunto certo de cair na prova do STJ: Reescrita de texto\",\"isPartOf\":{\"@id\":\"https:\/\/www.estrategiaconcursos.com.br\/blog\/#website\"},\"primaryImageOfPage\":{\"@id\":\"https:\/\/www.estrategiaconcursos.com.br\/blog\/um-assunto-certo-de-vai-cair-na-prova-do-stj-reescrita-de-texto\/#primaryimage\"},\"image\":{\"@id\":\"https:\/\/www.estrategiaconcursos.com.br\/blog\/um-assunto-certo-de-vai-cair-na-prova-do-stj-reescrita-de-texto\/#primaryimage\"},\"thumbnailUrl\":\"https:\/\/dhg1h5j42swfq.cloudfront.net\/2015\/09\/12142357\/esquema-transposi%C3%A7%C3%A3o-da-voz-passiva21-300x80.png\",\"datePublished\":\"2015-09-12T17:45:02+00:00\",\"dateModified\":\"2015-09-14T11:28:50+00:00\",\"description\":\"n\u00e3o podem ir para a prova STJ sem ter realizado algumas d\u00fazias de quest\u00f5es do assunto \u201csubstitui\u00e7\u00e3o de palavras ou de trechos de texto\u201d.\",\"breadcrumb\":{\"@id\":\"https:\/\/www.estrategiaconcursos.com.br\/blog\/um-assunto-certo-de-vai-cair-na-prova-do-stj-reescrita-de-texto\/#breadcrumb\"},\"inLanguage\":\"pt-BR\",\"potentialAction\":[{\"@type\":\"ReadAction\",\"target\":[\"https:\/\/www.estrategiaconcursos.com.br\/blog\/um-assunto-certo-de-vai-cair-na-prova-do-stj-reescrita-de-texto\/\"]}]},{\"@type\":\"ImageObject\",\"inLanguage\":\"pt-BR\",\"@id\":\"https:\/\/www.estrategiaconcursos.com.br\/blog\/um-assunto-certo-de-vai-cair-na-prova-do-stj-reescrita-de-texto\/#primaryimage\",\"url\":\"https:\/\/dhg1h5j42swfq.cloudfront.net\/2015\/09\/12142357\/esquema-transposi%C3%A7%C3%A3o-da-voz-passiva21-300x80.png\",\"contentUrl\":\"https:\/\/dhg1h5j42swfq.cloudfront.net\/2015\/09\/12142357\/esquema-transposi%C3%A7%C3%A3o-da-voz-passiva21-300x80.png\"},{\"@type\":\"BreadcrumbList\",\"@id\":\"https:\/\/www.estrategiaconcursos.com.br\/blog\/um-assunto-certo-de-vai-cair-na-prova-do-stj-reescrita-de-texto\/#breadcrumb\",\"itemListElement\":[{\"@type\":\"ListItem\",\"position\":1,\"name\":\"In\u00edcio\",\"item\":\"https:\/\/www.estrategiaconcursos.com.br\/blog\/\"},{\"@type\":\"ListItem\",\"position\":2,\"name\":\"Um assunto certo de cair na prova do STJ: Reescrita de texto\"}]},{\"@type\":\"WebSite\",\"@id\":\"https:\/\/www.estrategiaconcursos.com.br\/blog\/#website\",\"url\":\"https:\/\/www.estrategiaconcursos.com.br\/blog\/\",\"name\":\"Estrat\u00e9gia Concursos\",\"description\":\"O blog da Estrat\u00e9gia Concursos traz not\u00edcias sobre concursos e artigos de professores oferecendo cursos para concursos (pdf + videaulas) no site.\",\"publisher\":{\"@id\":\"https:\/\/www.estrategiaconcursos.com.br\/blog\/#organization\"},\"potentialAction\":[{\"@type\":\"SearchAction\",\"target\":{\"@type\":\"EntryPoint\",\"urlTemplate\":\"https:\/\/www.estrategiaconcursos.com.br\/blog\/?s={search_term_string}\"},\"query-input\":{\"@type\":\"PropertyValueSpecification\",\"valueRequired\":true,\"valueName\":\"search_term_string\"}}],\"inLanguage\":\"pt-BR\"},{\"@type\":\"Organization\",\"@id\":\"https:\/\/www.estrategiaconcursos.com.br\/blog\/#organization\",\"name\":\"Estrat\u00e9gia Concursos\",\"url\":\"https:\/\/www.estrategiaconcursos.com.br\/blog\/\",\"logo\":{\"@type\":\"ImageObject\",\"inLanguage\":\"pt-BR\",\"@id\":\"https:\/\/www.estrategiaconcursos.com.br\/blog\/#\/schema\/logo\/image\/\",\"url\":\"https:\/\/dhg1h5j42swfq.cloudfront.net\/2025\/06\/03203428\/logo_concursos-1.jpg\",\"contentUrl\":\"https:\/\/dhg1h5j42swfq.cloudfront.net\/2025\/06\/03203428\/logo_concursos-1.jpg\",\"width\":230,\"height\":60,\"caption\":\"Estrat\u00e9gia Concursos\"},\"image\":{\"@id\":\"https:\/\/www.estrategiaconcursos.com.br\/blog\/#\/schema\/logo\/image\/\"},\"sameAs\":[\"https:\/\/x.com\/EstratConcursos\"]},{\"@type\":\"Person\",\"@id\":\"https:\/\/www.estrategiaconcursos.com.br\/blog\/#\/schema\/person\/e8165364027a31208914fc77c3314727\",\"name\":\"D\u00e9cio Terror Filho\",\"image\":{\"@type\":\"ImageObject\",\"inLanguage\":\"pt-BR\",\"@id\":\"https:\/\/secure.gravatar.com\/avatar\/a5b78e734de7c6482e965926e78344deb81abbc34282a3c9536cbb1a59728a37?s=96&d=mm&r=g\",\"url\":\"https:\/\/secure.gravatar.com\/avatar\/a5b78e734de7c6482e965926e78344deb81abbc34282a3c9536cbb1a59728a37?s=96&d=mm&r=g\",\"contentUrl\":\"https:\/\/secure.gravatar.com\/avatar\/a5b78e734de7c6482e965926e78344deb81abbc34282a3c9536cbb1a59728a37?s=96&d=mm&r=g\",\"caption\":\"D\u00e9cio Terror Filho\"},\"url\":\"https:\/\/www.estrategiaconcursos.com.br\/blog\/author\/contatoterrorportugues-com-br\/\"}]}<\/script>\n<!-- \/ Yoast SEO Premium plugin. -->","yoast_head_json":{"title":"Um assunto certo de cair na prova do STJ: Reescrita de texto","description":"n\u00e3o podem ir para a prova STJ sem ter realizado algumas d\u00fazias de quest\u00f5es do assunto \u201csubstitui\u00e7\u00e3o de palavras ou de trechos de texto\u201d.","robots":{"index":"index","follow":"follow","max-snippet":"max-snippet:-1","max-image-preview":"max-image-preview:large","max-video-preview":"max-video-preview:-1"},"canonical":"https:\/\/www.estrategiaconcursos.com.br\/blog\/um-assunto-certo-de-vai-cair-na-prova-do-stj-reescrita-de-texto\/","og_locale":"pt_BR","og_type":"article","og_title":"Um assunto certo de cair na prova do STJ: Reescrita de texto","og_description":"n\u00e3o podem ir para a prova STJ sem ter realizado algumas d\u00fazias de quest\u00f5es do assunto \u201csubstitui\u00e7\u00e3o de palavras ou de trechos de texto\u201d.","og_url":"https:\/\/www.estrategiaconcursos.com.br\/blog\/um-assunto-certo-de-vai-cair-na-prova-do-stj-reescrita-de-texto\/","og_site_name":"Estrat\u00e9gia Concursos","article_published_time":"2015-09-12T17:45:02+00:00","article_modified_time":"2015-09-14T11:28:50+00:00","og_image":[{"url":"https:\/\/dhg1h5j42swfq.cloudfront.net\/2015\/09\/12142357\/esquema-transposi%C3%A7%C3%A3o-da-voz-passiva21-300x80.png","type":"","width":"","height":""}],"author":"D\u00e9cio Terror Filho","twitter_card":"summary_large_image","twitter_creator":"@EstratConcursos","twitter_site":"@EstratConcursos","twitter_misc":{"Escrito por":"D\u00e9cio Terror Filho","Est. tempo de leitura":"4 minutos"},"schema":{"@context":"https:\/\/schema.org","@graph":[{"@type":"NewsArticle","@id":"https:\/\/www.estrategiaconcursos.com.br\/blog\/um-assunto-certo-de-vai-cair-na-prova-do-stj-reescrita-de-texto\/#article","isPartOf":{"@id":"https:\/\/www.estrategiaconcursos.com.br\/blog\/um-assunto-certo-de-vai-cair-na-prova-do-stj-reescrita-de-texto\/"},"author":{"name":"D\u00e9cio Terror Filho","@id":"https:\/\/www.estrategiaconcursos.com.br\/blog\/#\/schema\/person\/e8165364027a31208914fc77c3314727"},"headline":"Um assunto certo de cair na prova do STJ: Reescrita de texto","datePublished":"2015-09-12T17:45:02+00:00","dateModified":"2015-09-14T11:28:50+00:00","mainEntityOfPage":{"@id":"https:\/\/www.estrategiaconcursos.com.br\/blog\/um-assunto-certo-de-vai-cair-na-prova-do-stj-reescrita-de-texto\/"},"wordCount":880,"commentCount":1,"publisher":{"@id":"https:\/\/www.estrategiaconcursos.com.br\/blog\/#organization"},"image":{"@id":"https:\/\/www.estrategiaconcursos.com.br\/blog\/um-assunto-certo-de-vai-cair-na-prova-do-stj-reescrita-de-texto\/#primaryimage"},"thumbnailUrl":"https:\/\/dhg1h5j42swfq.cloudfront.net\/2015\/09\/12142357\/esquema-transposi%C3%A7%C3%A3o-da-voz-passiva21-300x80.png","keywords":["STJ"],"articleSection":["Concursos P\u00fablicos"],"inLanguage":"pt-BR","potentialAction":[{"@type":"CommentAction","name":"Comment","target":["https:\/\/www.estrategiaconcursos.com.br\/blog\/um-assunto-certo-de-vai-cair-na-prova-do-stj-reescrita-de-texto\/#respond"]}],"copyrightYear":"2015","copyrightHolder":{"@id":"https:\/\/www.estrategiaconcursos.com.br\/blog\/#organization"}},{"@type":"WebPage","@id":"https:\/\/www.estrategiaconcursos.com.br\/blog\/um-assunto-certo-de-vai-cair-na-prova-do-stj-reescrita-de-texto\/","url":"https:\/\/www.estrategiaconcursos.com.br\/blog\/um-assunto-certo-de-vai-cair-na-prova-do-stj-reescrita-de-texto\/","name":"Um assunto certo de cair na prova do STJ: Reescrita de texto","isPartOf":{"@id":"https:\/\/www.estrategiaconcursos.com.br\/blog\/#website"},"primaryImageOfPage":{"@id":"https:\/\/www.estrategiaconcursos.com.br\/blog\/um-assunto-certo-de-vai-cair-na-prova-do-stj-reescrita-de-texto\/#primaryimage"},"image":{"@id":"https:\/\/www.estrategiaconcursos.com.br\/blog\/um-assunto-certo-de-vai-cair-na-prova-do-stj-reescrita-de-texto\/#primaryimage"},"thumbnailUrl":"https:\/\/dhg1h5j42swfq.cloudfront.net\/2015\/09\/12142357\/esquema-transposi%C3%A7%C3%A3o-da-voz-passiva21-300x80.png","datePublished":"2015-09-12T17:45:02+00:00","dateModified":"2015-09-14T11:28:50+00:00","description":"n\u00e3o podem ir para a prova STJ sem ter realizado algumas d\u00fazias de quest\u00f5es do assunto \u201csubstitui\u00e7\u00e3o de palavras ou de trechos de texto\u201d.","breadcrumb":{"@id":"https:\/\/www.estrategiaconcursos.com.br\/blog\/um-assunto-certo-de-vai-cair-na-prova-do-stj-reescrita-de-texto\/#breadcrumb"},"inLanguage":"pt-BR","potentialAction":[{"@type":"ReadAction","target":["https:\/\/www.estrategiaconcursos.com.br\/blog\/um-assunto-certo-de-vai-cair-na-prova-do-stj-reescrita-de-texto\/"]}]},{"@type":"ImageObject","inLanguage":"pt-BR","@id":"https:\/\/www.estrategiaconcursos.com.br\/blog\/um-assunto-certo-de-vai-cair-na-prova-do-stj-reescrita-de-texto\/#primaryimage","url":"https:\/\/dhg1h5j42swfq.cloudfront.net\/2015\/09\/12142357\/esquema-transposi%C3%A7%C3%A3o-da-voz-passiva21-300x80.png","contentUrl":"https:\/\/dhg1h5j42swfq.cloudfront.net\/2015\/09\/12142357\/esquema-transposi%C3%A7%C3%A3o-da-voz-passiva21-300x80.png"},{"@type":"BreadcrumbList","@id":"https:\/\/www.estrategiaconcursos.com.br\/blog\/um-assunto-certo-de-vai-cair-na-prova-do-stj-reescrita-de-texto\/#breadcrumb","itemListElement":[{"@type":"ListItem","position":1,"name":"In\u00edcio","item":"https:\/\/www.estrategiaconcursos.com.br\/blog\/"},{"@type":"ListItem","position":2,"name":"Um assunto certo de cair na prova do STJ: Reescrita de texto"}]},{"@type":"WebSite","@id":"https:\/\/www.estrategiaconcursos.com.br\/blog\/#website","url":"https:\/\/www.estrategiaconcursos.com.br\/blog\/","name":"Estrat\u00e9gia Concursos","description":"O blog da Estrat\u00e9gia Concursos traz not\u00edcias sobre concursos e artigos de professores oferecendo cursos para concursos (pdf + videaulas) no site.","publisher":{"@id":"https:\/\/www.estrategiaconcursos.com.br\/blog\/#organization"},"potentialAction":[{"@type":"SearchAction","target":{"@type":"EntryPoint","urlTemplate":"https:\/\/www.estrategiaconcursos.com.br\/blog\/?s={search_term_string}"},"query-input":{"@type":"PropertyValueSpecification","valueRequired":true,"valueName":"search_term_string"}}],"inLanguage":"pt-BR"},{"@type":"Organization","@id":"https:\/\/www.estrategiaconcursos.com.br\/blog\/#organization","name":"Estrat\u00e9gia Concursos","url":"https:\/\/www.estrategiaconcursos.com.br\/blog\/","logo":{"@type":"ImageObject","inLanguage":"pt-BR","@id":"https:\/\/www.estrategiaconcursos.com.br\/blog\/#\/schema\/logo\/image\/","url":"https:\/\/dhg1h5j42swfq.cloudfront.net\/2025\/06\/03203428\/logo_concursos-1.jpg","contentUrl":"https:\/\/dhg1h5j42swfq.cloudfront.net\/2025\/06\/03203428\/logo_concursos-1.jpg","width":230,"height":60,"caption":"Estrat\u00e9gia Concursos"},"image":{"@id":"https:\/\/www.estrategiaconcursos.com.br\/blog\/#\/schema\/logo\/image\/"},"sameAs":["https:\/\/x.com\/EstratConcursos"]},{"@type":"Person","@id":"https:\/\/www.estrategiaconcursos.com.br\/blog\/#\/schema\/person\/e8165364027a31208914fc77c3314727","name":"D\u00e9cio Terror Filho","image":{"@type":"ImageObject","inLanguage":"pt-BR","@id":"https:\/\/secure.gravatar.com\/avatar\/a5b78e734de7c6482e965926e78344deb81abbc34282a3c9536cbb1a59728a37?s=96&d=mm&r=g","url":"https:\/\/secure.gravatar.com\/avatar\/a5b78e734de7c6482e965926e78344deb81abbc34282a3c9536cbb1a59728a37?s=96&d=mm&r=g","contentUrl":"https:\/\/secure.gravatar.com\/avatar\/a5b78e734de7c6482e965926e78344deb81abbc34282a3c9536cbb1a59728a37?s=96&d=mm&r=g","caption":"D\u00e9cio Terror Filho"},"url":"https:\/\/www.estrategiaconcursos.com.br\/blog\/author\/contatoterrorportugues-com-br\/"}]}},"_links":{"self":[{"href":"https:\/\/www.estrategiaconcursos.com.br\/blog\/wp-json\/wp\/v2\/posts\/26805","targetHints":{"allow":["GET"]}}],"collection":[{"href":"https:\/\/www.estrategiaconcursos.com.br\/blog\/wp-json\/wp\/v2\/posts"}],"about":[{"href":"https:\/\/www.estrategiaconcursos.com.br\/blog\/wp-json\/wp\/v2\/types\/post"}],"author":[{"embeddable":true,"href":"https:\/\/www.estrategiaconcursos.com.br\/blog\/wp-json\/wp\/v2\/users\/214"}],"replies":[{"embeddable":true,"href":"https:\/\/www.estrategiaconcursos.com.br\/blog\/wp-json\/wp\/v2\/comments?post=26805"}],"version-history":[{"count":5,"href":"https:\/\/www.estrategiaconcursos.com.br\/blog\/wp-json\/wp\/v2\/posts\/26805\/revisions"}],"predecessor-version":[{"id":26949,"href":"https:\/\/www.estrategiaconcursos.com.br\/blog\/wp-json\/wp\/v2\/posts\/26805\/revisions\/26949"}],"wp:attachment":[{"href":"https:\/\/www.estrategiaconcursos.com.br\/blog\/wp-json\/wp\/v2\/media?parent=26805"}],"wp:term":[{"taxonomy":"category","embeddable":true,"href":"https:\/\/www.estrategiaconcursos.com.br\/blog\/wp-json\/wp\/v2\/categories?post=26805"},{"taxonomy":"post_tag","embeddable":true,"href":"https:\/\/www.estrategiaconcursos.com.br\/blog\/wp-json\/wp\/v2\/tags?post=26805"},{"taxonomy":"tax_estado","embeddable":true,"href":"https:\/\/www.estrategiaconcursos.com.br\/blog\/wp-json\/wp\/v2\/tax_estado?post=26805"}],"curies":[{"name":"wp","href":"https:\/\/api.w.org\/{rel}","templated":true}]}}