{"id":26773,"date":"2026-01-19T15:15:00","date_gmt":"2026-01-19T18:15:00","guid":{"rendered":"http:\/\/www.estrategiaconcursos.com.br\/blog\/?p=26773"},"modified":"2026-01-19T17:29:56","modified_gmt":"2026-01-19T20:29:56","slug":"concurso-abin","status":"publish","type":"post","link":"https:\/\/www.estrategiaconcursos.com.br\/blog\/concurso-abin\/","title":{"rendered":"Concurso ABIN 2026: edital em an\u00e1lise! Inicial de R$ 19 mil"},"content":{"rendered":"\n<p style=\"font-size:clamp(15.197px, 0.95rem + ((1vw - 3.2px) * 0.765), 23px);\"><strong><em>Com expectativa de ser realizado em breve, novo concurso ABIN pode contemplar os n\u00edveis m\u00e9dio e superior!<\/em><\/strong><\/p>\n\n\n\n<center><a id=\"cta-icon\" href=\"https:\/\/sndflw.com\/i\/abin-grupo\" target=\"_blank\" style=\"background:#29a61a; display:inline-flex; align-items:center; padding:10px 15px; border-radius:6px; color:#fff; text-decoration:none; font-weight:500; font-size:15px;\"><img decoding=\"async\" src=\"https:\/\/dhg1h5j42swfq.cloudfront.net\/2023\/12\/07154107\/whatsapp_13851.png\" alt=\"\" style=\"width:20px; height:20px; margin-right:8px;\"><span>Acesse agora o Grupo de Estudos para o Concurso ABIN<\/span><\/a><\/center>\n\n\n\n<hr class=\"wp-block-separator has-alpha-channel-opacity\"\/>\n\n\n\n<p>Segue em an\u00e1lise o pedido para realiza\u00e7\u00e3o de um novo <strong>concurso ABIN<\/strong> (<a href=\"https:\/\/www.estrategiaconcursos.com.br\/cursosPorConcurso\/abin-134\/\" target=\"_blank\" rel=\"noreferrer noopener\">Ag\u00eancia Brasileira de Intelig\u00eancia<\/a>)! A solicita\u00e7\u00e3o \u00e9 estudada pelo Minist\u00e9rio da Gest\u00e3o e Inova\u00e7\u00e3o em Servi\u00e7os P\u00fablicos (MGI).<\/p>\n\n\n\n<p>Segundo as informa\u00e7\u00f5es divulgadas, o provimento ser\u00e1 para<strong> as quatro carreiras de Intelig\u00eancia<\/strong>, que exigem escolaridade de n\u00edvel m\u00e9dio e superior. O quantitativo de vagas n\u00e3o foi revelado.<\/p>\n\n\n\n<p>Vale lembrar que a <a href=\"https:\/\/www.estrategiaconcursos.com.br\/blog\/concurso-abin-novo-edital-em-2025\/\" target=\"_blank\" rel=\"noreferrer noopener\"><strong>realiza\u00e7\u00e3o do certame j\u00e1 estava em estudos<\/strong><\/a>, por conta da convoca\u00e7\u00e3o dos aprovados excedentes <strong>n\u00e3o <\/strong>ser suficiente para suprir o d\u00e9ficit de funcion\u00e1rios do \u00f3rg\u00e3o.<\/p>\n\n\n\n<p>Al\u00e9m disso, surgiu a expectativa do concurso ABIN participar da 2\u00aa edi\u00e7\u00e3o do CNU. Em <a href=\"https:\/\/dhg1h5j42swfq.cloudfront.net\/2024\/07\/10175024\/oficio_no_433_2024_gab_dg_abin_cc_pr.pdf\" target=\"_blank\" rel=\"noreferrer noopener nofollow\">of\u00edcio<\/a>, Luiz Fernando Corr\u00eaa, diretor-geral da Ag\u00eancia, formalizou o seu amplo interesse: <em>&#8220;consideramos importante que a sele\u00e7\u00e3o da Ag\u00eancia possa, tamb\u00e9m, ocorrer por meio desse modelo inovador e democr\u00e1tico&#8221;<\/em>.<\/p>\n\n\n\n<ul class=\"wp-block-list has-very-light-gray-to-cyan-bluish-gray-gradient-background has-background\">\n<li><strong>Concurso ABIN<\/strong><\/li>\n\n\n\n<li><strong>Status<\/strong>: solicitado<\/li>\n\n\n\n<li><strong>Vagas<\/strong>: a definir<\/li>\n\n\n\n<li><strong>Cargos:<\/strong>&nbsp;Agente T\u00e9cnico de Intelig\u00eancia, Agente de Intelig\u00eancia, Oficial T\u00e9cnico de Intelig\u00eancia e Oficial de Intelig\u00eancia<\/li>\n\n\n\n<li><strong>Sal\u00e1rio:<\/strong>&nbsp;R$ 6.490,89 a R$ 19.022,12<\/li>\n\n\n\n<li><strong>\u00daltimo edital<\/strong>: <a href=\"https:\/\/dhg1h5j42swfq.cloudfront.net\/2019\/04\/23142633\/Edital-Abin-2017.pdf\" target=\"_blank\" rel=\"noreferrer noopener nofollow\">ABIN-2018<\/a><\/li>\n<\/ul>\n\n\n\n<p>O \u00faltimo edital ofertou <strong>300 vagas<\/strong> para os cargos de Oficial de Intelig\u00eancia, de Oficial T\u00e9cnico de Intelig\u00eancia e de Agente de Intelig\u00eancia. A validade seguiu vigente at\u00e9 agosto de 2024.<\/p>\n\n\n\n<p id=\"indice\">Neste artigo voc\u00ea encontrar\u00e1 as principais informa\u00e7\u00f5es sobre o concurso da Ag\u00eancia Brasileira de Intelig\u00eancia (ABIN), com dados importantes sobre a carreira e prepara\u00e7\u00e3o para o concurso.<\/p>\n\n\n\n<ul id=\"indice\" class=\"wp-block-list\">\n<li><a href=\"#situacao\">Situa\u00e7\u00e3o atual do concurso<\/a>\n<ul class=\"wp-block-list\">\n<li><a href=\"#solicitado\">Concurso solicitado<\/a><\/li>\n\n\n\n<li><a href=\"#edital-cnu\">Pr\u00f3ximo edital no CNU<\/a><\/li>\n\n\n\n<li><a href=\"#estudos\">Em estudos<\/a><\/li>\n<\/ul>\n<\/li>\n\n\n\n<li><a href=\"#cargos\">Sobre os cargos<\/a>\n<ul class=\"wp-block-list\">\n<li><a href=\"#requisitos\">Requisitos<\/a><\/li>\n\n\n\n<li><a href=\"#salarios\">Remunera\u00e7\u00e3o<\/a><\/li>\n\n\n\n<li><a href=\"#atribuicoes\">Atribui\u00e7\u00f5es dos cargos<\/a><\/li>\n<\/ul>\n<\/li>\n\n\n\n<li><a href=\"#ultimo\">\u00daltimo concurso<\/a>\n<ul class=\"wp-block-list\">\n<li><a href=\"#validade\">Validade prorrogada<\/a><\/li>\n\n\n\n<li><a href=\"#nomeacoes\">Nomea\u00e7\u00f5es autorizadas<\/a><\/li>\n\n\n\n<li><a href=\"#insuficientes\">Nomea\u00e7\u00f5es insuficientes<\/a><\/li>\n<\/ul>\n<\/li>\n\n\n\n<li><a href=\"#cursos-assinatura\">Cursos e assinaturas<\/a><\/li>\n\n\n\n<li><a href=\"#ficha\">Ficha t\u00e9cnica<\/a><\/li>\n<\/ul>\n\n\n\n<div class=\"container\" id=\"boxes\">\n  <div class=\"row\"> \n\n    <div class=\"col-sm\">\n      <div class=\"banner-adm\" id=\"box-assinatura\">\n        <h3 class=\"titulo-assinatura\">Concurso ABIN<\/h3>\n        <p class=\"subtitulo-assinatura\">Conhe\u00e7a os cursos<\/p>\n        <div class=\"box-botao\">\n          <a class=\"btn-assinatura\" target=\"_blank\" href=\"https:\/\/www.estrategiaconcursos.com.br\/cursosPorConcurso\/abin-134\/\" role=\"button\" rel=\"noopener noreferrer\">Conhe\u00e7a mais<\/a>\n        <\/div>\n      <\/div>\n     \n\n  <\/div>\n<\/div><\/div>\n\n\n\n<h2 class=\"wp-block-heading\" id=\"situacao\">Situa\u00e7\u00e3o atual do concurso ABIN<\/h2>\n\n\n\n<h3 class=\"wp-block-heading\" id=\"solicitado\">Concurso solicitado<\/h3>\n\n\n\n<p>Um novo concurso p\u00fablico para a Ag\u00eancia Brasileira de Intelig\u00eancia foi solicitado junto ao Minist\u00e9rio da Gest\u00e3o e Inova\u00e7\u00e3o em Servi\u00e7os P\u00fablicos (MGI).<\/p>\n\n\n\n<p>O pedido contempla os cargos de Agente T\u00e9cnico de Intelig\u00eancia, Agente de Intelig\u00eancia, Oficial T\u00e9cnico de Intelig\u00eancia e Oficial de Intelig\u00eancia. Os sal\u00e1rios variam de R$ 6.490,89 a R$ 19.022,12.<\/p>\n\n\n\n<p>Em contato com a assessoria de imprensa da ABIN, fomos informados que o aval segue em an\u00e1lise pelo MGI.<\/p>\n\n\n\n<figure class=\"wp-block-image aligncenter size-full is-resized\"><img loading=\"lazy\" decoding=\"async\" width=\"467\" height=\"523\" src=\"https:\/\/dhg1h5j42swfq.cloudfront.net\/2026\/01\/19165624\/image-218.png\" alt=\"Pedido de novo concurso ABIN segue em an\u00e1lise pelo MGI\" class=\"wp-image-1701721\" style=\"aspect-ratio:0.8929222311852051;width:467px;height:auto\" srcset=\"https:\/\/dhg1h5j42swfq.cloudfront.net\/2026\/01\/19165624\/image-218.png 467w, https:\/\/dhg1h5j42swfq.cloudfront.net\/2026\/01\/19165624\/image-218-268x300.png 268w, https:\/\/dhg1h5j42swfq.cloudfront.net\/2026\/01\/19165624\/image-218-150x168.png 150w\" sizes=\"auto, (max-width: 467px) 100vw, 467px\" \/><figcaption class=\"wp-element-caption\">Pedido de novo concurso ABIN segue em an\u00e1lise pelo MGI<\/figcaption><\/figure>\n\n\n\n<h3 class=\"wp-block-heading\" id=\"edital-cnu\">Pr\u00f3ximo edital da ABIN no CNU?<\/h3>\n\n\n\n<p>A Ag\u00eancia Brasileira de Intelig\u00eancia (ABIN) demonstrou interesse em participar da 2\u00aa edi\u00e7\u00e3o do Concurso Nacional Unificado (CNU). O of\u00edcio foi encaminhado ao Minist\u00e9rio da Gest\u00e3o e da Inova\u00e7\u00e3o (MGI).<\/p>\n\n\n\n<ul class=\"wp-block-list\">\n<li><a href=\"https:\/\/dhg1h5j42swfq.cloudfront.net\/2024\/07\/10175024\/oficio_no_433_2024_gab_dg_abin_cc_pr.pdf\" target=\"_blank\" rel=\"noreferrer noopener nofollow\">Of\u00edcio 433\/2024<\/a><\/li>\n<\/ul>\n\n\n\n<h3 class=\"wp-block-heading\" id=\"estudos\">Concurso ABIN em estudos<\/h3>\n\n\n\n<p>A realiza\u00e7\u00e3o de um novo concurso ABIN (Ag\u00eancia Brasileira de Intelig\u00eancia) est\u00e1 em estudos. Isso porque a convoca\u00e7\u00e3o dos aprovados n\u00e3o ser\u00e1 suficiente para atender o atual d\u00e9ficit de funcion\u00e1rios do \u00f3rg\u00e3o.<\/p>\n\n\n\n<p><em>\u201cEstamos discutindo com o Minist\u00e9rio da Gest\u00e3o um concurso em 2025. Precisamos aperfei\u00e7oar a ag\u00eancia e melhorar a reputa\u00e7\u00e3o junto a sociedade\u201d<\/em>, declarou o diretor-geral adjunto da Abin, Marco Cepik, em entrevista ao Valor Econ\u00f4mico.<\/p>\n\n\n\n<p>Al\u00e9m disso, segundo dados recentes da Associa\u00e7\u00e3o dos Funcion\u00e1rios da Abin (INTELIS), divulgados em fevereiro de 2024, aproximadamente 80% dos postos na Ag\u00eancia est\u00e3o vagos.<\/p>\n\n\n\n<h2 class=\"wp-block-heading\" id=\"cargos\">Informa\u00e7\u00f5es sobre os cargos do concurso ABIN<\/h2>\n\n\n\n<h3 class=\"wp-block-heading\" id=\"requisitos\">Carreiras e requisitos<\/h3>\n\n\n\n<p>Fica estruturado o Plano de Carreiras e Cargos da ABIN, composto pelas seguintes Carreiras e cargos:<\/p>\n\n\n\n<p><strong>N\u00edvel superior:<\/strong><\/p>\n\n\n\n<ul class=\"wp-block-list\">\n<li><strong>Oficial de Intelig\u00eancia<\/strong>: n\u00edvel superior em qualquer \u00e1rea<\/li>\n<\/ul>\n\n\n\n<ul class=\"wp-block-list\">\n<li><strong>Oficial T\u00e9cnico de Intelig\u00eancia<\/strong>: n\u00edvel superior nas seguintes \u00e1reas:\n<ul class=\"wp-block-list\">\n<li><span class=\"underline\" style=\"color: #000000;\">Administra\u00e7\u00e3o, Economia ou Cont\u00e1beis <\/span><\/li>\n\n\n\n<li><span class=\"underline\" style=\"color: #000000;\">Direito<\/span><\/li>\n\n\n\n<li><span class=\"underline\" style=\"color: #000000;\">Psicologia<\/span><\/li>\n\n\n\n<li><span class=\"underline\" style=\"color: #000000;\">Pedagogia<\/span><\/li>\n\n\n\n<li><span class=\"underline\" style=\"color: #000000;\">Engenharia Civil<\/span><\/li>\n\n\n\n<li><span class=\"underline\" style=\"color: #000000;\">Engenharia El\u00e9trica ou Eletr\u00f4nica<\/span><\/li>\n\n\n\n<li><span class=\"underline\" style=\"color: #000000;\">Matem\u00e1tica<\/span><\/li>\n\n\n\n<li><span class=\"underline\" style=\"color: #000000;\">Tecnologia da Informa\u00e7\u00e3o<\/span><\/li>\n\n\n\n<li><span class=\"underline\" style=\"color: #000000;\">Arquivologia<\/span><\/li>\n<\/ul>\n<\/li>\n<\/ul>\n\n\n\n<p><strong>N\u00edvel intermedi\u00e1rio:<\/strong><\/p>\n\n\n\n<ul class=\"wp-block-list\">\n<li>Agente de Intelig\u00eancia; <\/li>\n\n\n\n<li>Agente T\u00e9cnico de Intelig\u00eancia.<\/li>\n<\/ul>\n\n\n\n<h3 class=\"wp-block-heading\" id=\"salarios\">Remunera\u00e7\u00e3o da ABIN<\/h3>\n\n\n\n<p><strong>Oficial de Intelig\u00eancia<\/strong><\/p>\n\n\n\n<ul class=\"wp-block-list\">\n<li>Inicial de R$ 19.022,12<\/li>\n\n\n\n<li>Final de R$ 28.775,95<\/li>\n<\/ul>\n\n\n\n<figure class=\"wp-block-image aligncenter size-large\"><img loading=\"lazy\" decoding=\"async\" width=\"1024\" height=\"310\" src=\"https:\/\/dhg1h5j42swfq.cloudfront.net\/2025\/05\/08134417\/image-66-1024x310.png\" alt=\"Tabela salarial de Oficial de Intelig\u00eancia da ABIN\" class=\"wp-image-1586648\" srcset=\"https:\/\/dhg1h5j42swfq.cloudfront.net\/2025\/05\/08134417\/image-66-1024x310.png 1024w, https:\/\/dhg1h5j42swfq.cloudfront.net\/2025\/05\/08134417\/image-66-300x91.png 300w, https:\/\/dhg1h5j42swfq.cloudfront.net\/2025\/05\/08134417\/image-66-768x232.png 768w, https:\/\/dhg1h5j42swfq.cloudfront.net\/2025\/05\/08134417\/image-66-1536x465.png 1536w, https:\/\/dhg1h5j42swfq.cloudfront.net\/2025\/05\/08134417\/image-66-150x45.png 150w, https:\/\/dhg1h5j42swfq.cloudfront.net\/2025\/05\/08134417\/image-66.png 1883w\" sizes=\"auto, (max-width: 1024px) 100vw, 1024px\" \/><figcaption class=\"wp-element-caption\">Tabela salarial de Oficial de Intelig\u00eancia da ABIN<\/figcaption><\/figure>\n\n\n\n<p><strong>Oficial T\u00e9cnico de Intelig\u00eancia<\/strong><\/p>\n\n\n\n<ul class=\"wp-block-list\">\n<li>Inicial de R$ 17.525,44<\/li>\n\n\n\n<li>Final de R$ 25.895,45<\/li>\n<\/ul>\n\n\n\n<figure class=\"wp-block-image aligncenter size-large\"><img loading=\"lazy\" decoding=\"async\" width=\"1024\" height=\"304\" src=\"https:\/\/dhg1h5j42swfq.cloudfront.net\/2025\/05\/08134417\/image-66-1024x304.png\" alt=\"Tabela salarial de Oficial T\u00e9cnico de Intelig\u00eancia da ABIN\" class=\"wp-image-1586649\" srcset=\"https:\/\/dhg1h5j42swfq.cloudfront.net\/2025\/05\/08134417\/image-66-1024x304.png 1024w, https:\/\/dhg1h5j42swfq.cloudfront.net\/2025\/05\/08134417\/image-66-300x89.png 300w, https:\/\/dhg1h5j42swfq.cloudfront.net\/2025\/05\/08134417\/image-66-768x228.png 768w, https:\/\/dhg1h5j42swfq.cloudfront.net\/2025\/05\/08134417\/image-66-1536x456.png 1536w, https:\/\/dhg1h5j42swfq.cloudfront.net\/2025\/05\/08134417\/image-66-150x45.png 150w, https:\/\/dhg1h5j42swfq.cloudfront.net\/2025\/05\/08134417\/image-66.png 1886w\" sizes=\"auto, (max-width: 1024px) 100vw, 1024px\" \/><figcaption class=\"wp-element-caption\">Tabela salarial de Oficial T\u00e9cnico de Intelig\u00eancia da ABIN<\/figcaption><\/figure>\n\n\n\n<p><strong>Agente de Intelig\u00eancia<\/strong><\/p>\n\n\n\n<ul class=\"wp-block-list\">\n<li>Inicial de R$ 7.212,90<\/li>\n\n\n\n<li>Final de R$ 13.208,29<\/li>\n<\/ul>\n\n\n\n<figure class=\"wp-block-image aligncenter size-large\"><img loading=\"lazy\" decoding=\"async\" width=\"1024\" height=\"305\" src=\"https:\/\/dhg1h5j42swfq.cloudfront.net\/2025\/05\/08134417\/image-66-1024x305.png\" alt=\"Tabela salarial de Agente de Intelig\u00eancia da ABIN\" class=\"wp-image-1586650\" srcset=\"https:\/\/dhg1h5j42swfq.cloudfront.net\/2025\/05\/08134417\/image-66-1024x305.png 1024w, https:\/\/dhg1h5j42swfq.cloudfront.net\/2025\/05\/08134417\/image-66-300x89.png 300w, https:\/\/dhg1h5j42swfq.cloudfront.net\/2025\/05\/08134417\/image-66-768x229.png 768w, https:\/\/dhg1h5j42swfq.cloudfront.net\/2025\/05\/08134417\/image-66-1536x457.png 1536w, https:\/\/dhg1h5j42swfq.cloudfront.net\/2025\/05\/08134417\/image-66-150x45.png 150w, https:\/\/dhg1h5j42swfq.cloudfront.net\/2025\/05\/08134417\/image-66.png 1885w\" sizes=\"auto, (max-width: 1024px) 100vw, 1024px\" \/><figcaption class=\"wp-element-caption\">Tabela salarial de Agente de Intelig\u00eancia da ABIN<\/figcaption><\/figure>\n\n\n\n<p><strong>Agente T\u00e9cnico de Intelig\u00eancia<\/strong><\/p>\n\n\n\n<ul class=\"wp-block-list\">\n<li>Inicial de R$ 6.490,89<\/li>\n\n\n\n<li>Final de R$ 11.886,16<\/li>\n<\/ul>\n\n\n\n<figure class=\"wp-block-image aligncenter size-large\"><img loading=\"lazy\" decoding=\"async\" width=\"1024\" height=\"303\" src=\"https:\/\/dhg1h5j42swfq.cloudfront.net\/2025\/05\/08134417\/image-66-1024x303.png\" alt=\"Tabela salarial de Agente T\u00e9cnico de Intelig\u00eancia da ABIN\" class=\"wp-image-1586651\" srcset=\"https:\/\/dhg1h5j42swfq.cloudfront.net\/2025\/05\/08134417\/image-66-1024x303.png 1024w, https:\/\/dhg1h5j42swfq.cloudfront.net\/2025\/05\/08134417\/image-66-300x89.png 300w, https:\/\/dhg1h5j42swfq.cloudfront.net\/2025\/05\/08134417\/image-66-768x227.png 768w, https:\/\/dhg1h5j42swfq.cloudfront.net\/2025\/05\/08134417\/image-66-1536x455.png 1536w, https:\/\/dhg1h5j42swfq.cloudfront.net\/2025\/05\/08134417\/image-66-150x44.png 150w, https:\/\/dhg1h5j42swfq.cloudfront.net\/2025\/05\/08134417\/image-66.png 1888w\" sizes=\"auto, (max-width: 1024px) 100vw, 1024px\" \/><figcaption class=\"wp-element-caption\">Tabela salarial de Agente T\u00e9cnico de Intelig\u00eancia da ABIN<\/figcaption><\/figure>\n\n\n\n<h3 class=\"wp-block-heading\" id=\"atribuicoes\">Atribui\u00e7\u00f5es dos cargos das ABIN<\/h3>\n\n\n\n<p>O plano de Cargos da Ag\u00eancia Brasileira de Intelig\u00eancia \u00e9 estruturado por Carreiras de n\u00edvel superior e de n\u00edvel intermedi\u00e1rio. <\/p>\n\n\n\n<p>As carreiras de n\u00edvel superior s\u00e3o compostas pelos cargos de <strong>Oficial de Intelig\u00eancia e Oficial T\u00e9cnico de Intelig\u00eancia<\/strong>, enquanto as carreiras de n\u00edvel m\u00e9dio consiste nos cargos de <strong>Agente de Intelig\u00eancia e Agente T\u00e9cnico de Intelig\u00eancia<\/strong>.<\/p>\n\n\n\n<p>Conforme a Lei n\u00ba 11.776, de 17 de setembro de 2008, as atribui\u00e7\u00f5es das Carreiras de n\u00edvel superior englobam o planejamento, a execu\u00e7\u00e3o, a coordena\u00e7\u00e3o, a supervis\u00e3o e o controle: da \u201cprodu\u00e7\u00e3o de conhecimentos de intelig\u00eancia\u201d, de \u201ca\u00e7\u00f5es de salvaguarda de assuntos sens\u00edveis\u201d, de \u201copera\u00e7\u00f5es de intelig\u00eancia\u201d e de \u201catividades de pesquisa e desenvolvimento cient\u00edfico ou tecnol\u00f3gico direcionadas \u00e0 obten\u00e7\u00e3o e \u00e0 an\u00e1lise de dados e \u00e0 seguran\u00e7a da informa\u00e7\u00e3o\u201d.<\/p>\n\n\n\n<p>Ressalta-se que cabe ao <strong>Oficial de Intelig\u00eancia<\/strong> o \u201cdesenvolvimento de recursos humanos para a atividade de intelig\u00eancia\u201d, e ao <strong>Oficial T\u00e9cnico de Intelig\u00eancia<\/strong>, as \u201catividades de constru\u00e7\u00e3o e manuten\u00e7\u00e3o de pr\u00e9dios e outras instala\u00e7\u00f5es\u201d.<\/p>\n\n\n\n<h2 class=\"wp-block-heading\" id=\"situacao\">\u00daltimo concurso ABIN<\/h2>\n\n\n\n<p>O \u00faltimo concurso da Ag\u00eancia Brasileira de Intelig\u00eancia foi lan\u00e7ado em 2018 e teve todas as suas fases aplicadas entre 2018 e 2019. O concurso foi organizado pelo Cebraspe\/Cespe.<\/p>\n\n\n\n<p>O certame ofertou 300 vagas para os cargos de Oficial de Intelig\u00eancia, Oficial T\u00e9cnico de Intelig\u00eancia e Agente de Intelig\u00eancia. Foram registradas, ao todo, 64.882 inscri\u00e7\u00f5es. <\/p>\n\n\n\n<figure class=\"wp-block-image aligncenter\"><img loading=\"lazy\" decoding=\"async\" width=\"454\" height=\"650\" src=\"https:\/\/dhg1h5j42swfq.cloudfront.net\/2019\/04\/23140938\/image126.png\" alt=\"Demanda de inscritos \" class=\"wp-image-365383\" srcset=\"https:\/\/dhg1h5j42swfq.cloudfront.net\/2019\/04\/23140938\/image126.png 454w, https:\/\/dhg1h5j42swfq.cloudfront.net\/2019\/04\/23140938\/image126.png 210w\" sizes=\"auto, (max-width: 454px) 100vw, 454px\" \/><\/figure>\n\n\n\n<h3 class=\"wp-block-heading\" id=\"etapas\">Etapas do concurso<\/h3>\n\n\n\n<ul class=\"wp-block-list\">\n<li><strong>Etapa 1:<\/strong>\n<ul class=\"wp-block-list\">\n<li>Prova Objetiva (Conhecimentos Gerais) e Prova Objetiva (Conhecimentos Espec\u00edficos)<\/li>\n\n\n\n<li>Prova Discursiva<\/li>\n<\/ul>\n<\/li>\n\n\n\n<li><strong>Etapa 2:<\/strong>\n<ul class=\"wp-block-list\">\n<li>Prova de Capacidade F\u00edsica<\/li>\n<\/ul>\n<\/li>\n\n\n\n<li><strong>Etapa 3:<\/strong>\n<ul class=\"wp-block-list\">\n<li>Avalia\u00e7\u00e3o M\u00e9dica<\/li>\n<\/ul>\n<\/li>\n\n\n\n<li><strong>Etapa 4:<\/strong>\n<ul class=\"wp-block-list\">\n<li>Avalia\u00e7\u00e3o Psicol\u00f3gica<\/li>\n<\/ul>\n<\/li>\n\n\n\n<li><strong>Etapa 5:<\/strong>\n<ul class=\"wp-block-list\">\n<li>Investiga\u00e7\u00e3o Social<\/li>\n<\/ul>\n<\/li>\n\n\n\n<li><strong>Etapa 6:<\/strong>\n<ul class=\"wp-block-list\">\n<li>Curso de forma\u00e7\u00e3o<\/li>\n<\/ul>\n<\/li>\n<\/ul>\n\n\n\n<h4 class=\"wp-block-heading\" id=\"provas\">Provas do concurso ABIN <\/h4>\n\n\n\n<ul class=\"wp-block-list\">\n<li><em><strong>Oficial de Intelig\u00eancia e Oficial T\u00e9cnico de Intelig\u00eancia<\/strong><\/em><\/li>\n<\/ul>\n\n\n\n<p><strong>PROVA OBJETIVA: 150 itens<\/strong><\/p>\n\n\n\n<ul class=\"wp-block-list\">\n<li>Conhecimentos b\u00e1sicos &#8211; 60 itens<\/li>\n\n\n\n<li>Conhecimentos espec\u00edficos &#8211; 90 itens<\/li>\n<\/ul>\n\n\n\n<p><em>Notas m\u00ednimas:<\/em><\/p>\n\n\n\n<ul class=\"wp-block-list\">\n<li>Conhecimentos b\u00e1sicos: 12<\/li>\n\n\n\n<li>Conhecimentos espec\u00edficos: 27<\/li>\n\n\n\n<li>Total: 45<\/li>\n<\/ul>\n\n\n\n<p><strong>PROVA DISCURSIVA: 150 pontos<\/strong><\/p>\n\n\n\n<ul class=\"wp-block-list\">\n<li>Disserta\u00e7\u00e3o: 60 pontos<\/li>\n\n\n\n<li>Tr\u00eas quest\u00f5es: 30 pontos cada<\/li>\n<\/ul>\n\n\n\n<p><em>Notas m\u00ednimas<\/em><\/p>\n\n\n\n<ul class=\"wp-block-list\">\n<li>Disserta\u00e7\u00e3o: 30 (Oficial de Intelig\u00eancia ) e 45 ( Oficial T\u00e9cnico de Intelig\u00eancia)<\/li>\n\n\n\n<li>Quest\u00f5es: 30 (Oficial de Intelig\u00eancia ) e 45 ( Oficial T\u00e9cnico de Intelig\u00eancia)<\/li>\n<\/ul>\n\n\n\n<ul class=\"wp-block-list\">\n<li><em><strong>Agente de Intelig\u00eancia<\/strong><\/em><\/li>\n<\/ul>\n\n\n\n<p>Diferentemente do que ocorreu para os cargos de N\u00edvel Superior, as provas do concurso ABIN para Agente de Intelig\u00eancia foram aplicadas em um \u00fanico turno, com dura\u00e7\u00e3o de 5 horas.<\/p>\n\n\n\n<p><strong>PROVA OBJETIVA: 120 itens<\/strong><\/p>\n\n\n\n<ul class=\"wp-block-list\">\n<li>Conhecimentos b\u00e1sicos &#8211; 50  itens<\/li>\n\n\n\n<li>Conhecimentos espec\u00edficos &#8211; 70  itens<\/li>\n<\/ul>\n\n\n\n<p><em>Notas m\u00ednimas:<\/em><\/p>\n\n\n\n<ul class=\"wp-block-list\">\n<li>Conhecimentos b\u00e1sicos: 10<\/li>\n\n\n\n<li>Conhecimentos espec\u00edficos: 21<\/li>\n\n\n\n<li>Total: 36<\/li>\n<\/ul>\n\n\n\n<p><strong>PROVA DISCURSIVA: 40 pontos<\/strong><\/p>\n\n\n\n<ul class=\"wp-block-list\">\n<li>Disserta\u00e7\u00e3o de at\u00e9 30 linhas: 40 pontos<\/li>\n<\/ul>\n\n\n\n<p><em>Nota m\u00ednima<\/em>: 20 pontos.<\/p>\n\n\n\n<h3 class=\"wp-block-heading\" id=\"validade\">Validade prorrogada<\/h3>\n\n\n\n<p>Ap\u00f3s ter o prazo de validade suspenso em virtude da pandemia, em julho de 2022, o concurso ABIN foi retomado. Com isso, o certame foi prorrogado e v\u00e1lido at\u00e9 24 de agosto de 2024.<\/p>\n\n\n\n<figure class=\"wp-block-image aligncenter size-full is-resized\"><img loading=\"lazy\" decoding=\"async\" width=\"1024\" height=\"741\" src=\"https:\/\/dhg1h5j42swfq.cloudfront.net\/2023\/09\/22134820\/indice-3.jpg\" alt=\"Validade prorrogada \" class=\"wp-image-1281800\" style=\"width:684px;height:495px\" srcset=\"https:\/\/dhg1h5j42swfq.cloudfront.net\/2023\/09\/22134820\/indice-3.jpg 1024w, https:\/\/dhg1h5j42swfq.cloudfront.net\/2023\/09\/22134820\/indice-3-300x217.jpg 300w, https:\/\/dhg1h5j42swfq.cloudfront.net\/2023\/09\/22134820\/indice-3-768x556.jpg 768w, https:\/\/dhg1h5j42swfq.cloudfront.net\/2023\/09\/22134820\/indice-3-610x441.jpg 610w, https:\/\/dhg1h5j42swfq.cloudfront.net\/2023\/09\/22134820\/indice-3-150x109.jpg 150w\" sizes=\"auto, (max-width: 1024px) 100vw, 1024px\" \/><figcaption class=\"wp-element-caption\">Validade do concurso ABIN \u00e9 prorrogada<\/figcaption><\/figure>\n\n\n\n<h3 class=\"wp-block-heading\" id=\"nomeacoes\">Nomea\u00e7\u00f5es autorizadas<\/h3>\n\n\n\n<p>Ap\u00f3s o fim da validade do concurso da Ag\u00eancia Brasileira de Intelig\u00eancia (ABIN), em agosto de 2021, o Minist\u00e9rio da Economia aprovou a nomea\u00e7\u00e3o de mais 75 aprovados no \u00faltimo edital da institui\u00e7\u00e3o.<\/p>\n\n\n\n<ul class=\"wp-block-list\">\n<li><a href=\"https:\/\/www.in.gov.br\/en\/web\/dou\/-\/portaria-me-n-10.741-de-31-de-agosto-de-2021-341971204\" target=\"_blank\" rel=\"noreferrer noopener\"><strong>Novas nomea\u00e7\u00f5es autorizadas<\/strong><\/a><\/li>\n<\/ul>\n\n\n\n<h4 class=\"wp-block-heading\" id=\"insuficientes\">Nomea\u00e7\u00f5es insuficientes<\/h4>\n\n\n\n<p>A Associa\u00e7\u00e3o dos Servidores da Ag\u00eancia Brasileira de Intelig\u00eancia (ASBIN), defendeu em nota a convoca\u00e7\u00e3o de todos os aprovados no concurso para novas turmas do Curso de Forma\u00e7\u00e3o Profissional. Segundo a ASBIN, &#8221; <em>a Uni\u00e3o vai otimizar tempo e recursos, j\u00e1 que as pessoas j\u00e1 foram testadas, por meio do concurso p\u00fablico, e est\u00e3o aptas para o Curso de Forma\u00e7\u00e3o de Intelig\u00eancia<\/em> &#8220;.<\/p>\n\n\n\n<p>Em contato com a comiss\u00e3o dos candidatos aprovados no concurso ABIN, o Estrat\u00e9gia Concursos obteve informa\u00e7\u00f5es que dimensionam o quadro do d\u00e9ficit de pessoal no \u00f3rg\u00e3o: segundo o grupo de aprovados, a ABIN tem hoje 2 mil cargos vagos.<\/p>\n\n\n\n<p>O grupo pleiteia a convoca\u00e7\u00e3o de 299 Oficiais de Intelig\u00eancia, 103 Oficiais T\u00e9cnicos e 124 Agentes de Intelig\u00eancia. Todos os candidatos foram considerados aptos nas fases anteriores no concurso e est\u00e3o em condi\u00e7\u00f5es de realizar o Curso de Forma\u00e7\u00e3o Profissional.<\/p>\n\n\n\n<hr class=\"wp-block-separator has-css-opacity\"\/>\n\n\n\n<h2 class=\"wp-block-heading has-text-align-center\" id=\"h-quer-saber-tudo-sobre-concursos-previstos-confira-nossos-artigos\">Quer saber tudo sobre concursos previstos?<br \/>Confira nossos artigos!<\/h2>\n\n\n\n<ul class=\"wp-block-list\">\n<li><a href=\"https:\/\/www.estrategiaconcursos.com.br\/blog\/concursos-abertos\/\" target=\"_blank\" rel=\"noreferrer noopener\">Concursos abertos<\/a><\/li>\n\n\n\n<li><a href=\"https:\/\/www.estrategiaconcursos.com.br\/blog\/concurso-policia-federal\/\" target=\"_blank\" rel=\"noreferrer noopener\">Concurso PF<\/a><\/li>\n\n\n\n<li><a href=\"https:\/\/www.estrategiaconcursos.com.br\/blog\/concursos-2026\/\" target=\"_blank\" rel=\"noreferrer noopener\">Concursos 2026<\/a><\/li>\n\n\n\n<li><a href=\"https:\/\/www.estrategiaconcursos.com.br\/blog\/concursos-federais\/\" target=\"_blank\" rel=\"noreferrer noopener\">Concursos federais<\/a><\/li>\n<\/ul>\n\n\n\n<h2 class=\"wp-block-heading has-text-align-center\" id=\"cursos-assinatura\">Quer estudar para o concurso ABIN?<\/h2>\n\n\n\n<div class=\"container\" id=\"boxes\">\n  <div class=\"row\"> \n\n    <div class=\"col-sm\">\n      <div class=\"banner-adm\" id=\"box-assinatura\">\n        <h3 class=\"titulo-assinatura\">Concurso ABIN<\/h3>\n        <p class=\"subtitulo-assinatura\">Conhe\u00e7a os cursos<\/p>\n        <div class=\"box-botao\">\n          <a class=\"btn-assinatura\" target=\"_blank\" href=\"https:\/\/www.estrategiaconcursos.com.br\/cursosPorConcurso\/abin-134\/\" role=\"button\" rel=\"noopener noreferrer\">Conhe\u00e7a mais<\/a>\n        <\/div>\n      <\/div>\n     \n\n  <\/div>\n<\/div><\/div>\n\n\n\n<div class=\"container\" id=\"boxes\">\r\n  <div class=\"row\">\r\n\r\n    <div class=\"col-sm\">\r\n      <div class=\"estrategia\" id=\"box-assinatura\">\r\n        <h3 class=\"titulo-assinatura\">Assinatura de Concursos<\/h3>\r\n        <p class=\"subtitulo-assinatura\">Assinatura de 1 ano ou 2 anos<\/p>\r\n        <div class=\"box-botao\">\r\n          <a class=\"btn-assinatura\" target=\"_blank\" href=\"https:\/\/www.estrategiaconcursos.com.br\/assinaturas\/\" role=\"button\" rel=\"noopener noreferrer\">ASSINE AGORA<\/a>\r\n        <\/div>\r\n      <\/div>\r\n     \r\n    <\/div><\/div><\/div>\n\n\n\n<figure class=\"wp-block-image size-large is-resized\"><img loading=\"lazy\" decoding=\"async\" width=\"1024\" height=\"632\" src=\"https:\/\/dhg1h5j42swfq.cloudfront.net\/2021\/04\/30154833\/ficha-tecnica-1-1024x632-1-20.png\" alt=\"Ficha t\u00e9cnica\" class=\"wp-image-728312\" style=\"width:311px;height:192px\" srcset=\"https:\/\/dhg1h5j42swfq.cloudfront.net\/2021\/04\/30154833\/ficha-tecnica-1-1024x632-1-20.png 1024w, https:\/\/dhg1h5j42swfq.cloudfront.net\/2021\/04\/30154833\/ficha-tecnica-1-1024x632-1-20-300x185.png 300w, https:\/\/dhg1h5j42swfq.cloudfront.net\/2021\/04\/30154833\/ficha-tecnica-1-1024x632-1-20-768x474.png 768w, https:\/\/dhg1h5j42swfq.cloudfront.net\/2021\/04\/30154833\/ficha-tecnica-1-1024x632-1-20-610x376.png 610w\" sizes=\"auto, (max-width: 1024px) 100vw, 1024px\" \/><\/figure>\n\n\n\n<h3 class=\"wp-block-heading\" id=\"h-informacoes-do-proximo-concurso-abin\">Informa\u00e7\u00f5es do pr\u00f3ximo concurso ABIN<\/h3>\n\n\n\n<ul class=\"wp-block-list\">\n<li><strong>Data prevista<\/strong>: 2026<\/li>\n\n\n\n<li><strong>Vagas<\/strong>: a definir<\/li>\n\n\n\n<li><strong>Cargos<\/strong>: Agente T\u00e9cnico de Intelig\u00eancia, Agente de Intelig\u00eancia, Oficial T\u00e9cnico de Intelig\u00eancia e Oficial de Intelig\u00eancia<\/li>\n\n\n\n<li><strong>Banca<\/strong>: a definir<\/li>\n\n\n\n<li><strong>Escolaridade<\/strong>: n\u00edvel m\u00e9dio e superior<\/li>\n<\/ul>\n\n\n\n<h3 class=\"wp-block-heading\" id=\"h-informacoes-do-ultimo-concurso-abin\">Informa\u00e7\u00f5es do \u00faltimo concurso ABIN<\/h3>\n\n\n\n<ul class=\"wp-block-list\">\n<li><strong>Data<\/strong>: 2018<\/li>\n\n\n\n<li><strong>Vagas<\/strong>: 300 vagas imediatas<\/li>\n\n\n\n<li><strong>Lota\u00e7\u00f5es<\/strong>: Bras\u00edlia-DF<\/li>\n\n\n\n<li><strong>Remunera\u00e7\u00e3o inicial<\/strong>: R$ 6 mil a R$ 16 mil<\/li>\n\n\n\n<li><strong>Banca<\/strong>: Cespe\/Cebraspe<\/li>\n\n\n\n<li><strong>Escolaridade<\/strong>: n\u00edvel m\u00e9dio e superior<\/li>\n\n\n\n<li><strong>Edital<\/strong>: <a href=\"https:\/\/dhg1h5j42swfq.cloudfront.net\/2019\/04\/23142633\/Edital-Abin-2017.pdf\" target=\"_blank\" rel=\"noreferrer noopener nofollow\">ABIN-2018<\/a><\/li>\n<\/ul>\n\n\n\n<p><span class=\"underline\" style=\"color: #000000;\"><em><br \/><\/em><\/span><\/p>\n","protected":false},"excerpt":{"rendered":"<p>Com expectativa de ser realizado em breve, novo concurso ABIN pode contemplar os n\u00edveis m\u00e9dio e superior! Segue em an\u00e1lise o pedido para realiza\u00e7\u00e3o de um novo concurso ABIN (Ag\u00eancia Brasileira de Intelig\u00eancia)! A solicita\u00e7\u00e3o \u00e9 estudada pelo Minist\u00e9rio da Gest\u00e3o e Inova\u00e7\u00e3o em Servi\u00e7os P\u00fablicos (MGI). Segundo as informa\u00e7\u00f5es divulgadas, o provimento ser\u00e1 para [&hellip;]<\/p>\n","protected":false},"author":1,"featured_media":1281988,"comment_status":"open","ping_status":"open","sticky":false,"template":"","format":"standard","meta":{"post_tipo":"news_page","footnotes":""},"categories":[1988],"tags":[744],"tax_estado":[219963],"class_list":["post-26773","post","type-post","status-publish","format-standard","has-post-thumbnail","hentry","category-policia","tag-abin","tax_estado-concursos-federais"],"acf":[],"yoast_head":"<!-- This site is optimized with the Yoast SEO Premium plugin v27.2 (Yoast SEO v27.2) - https:\/\/yoast.com\/product\/yoast-seo-premium-wordpress\/ -->\n<title>Concurso ABIN 2026: edital em an\u00e1lise! Inicial de R$ 19 mil<\/title>\n<meta name=\"description\" content=\"Novo edital do Concurso ABIN \u00e9 solicitado para as carreiras de n\u00edvel m\u00e9dio e superior. Expectativa de acontecer em breve. Confira!\" \/>\n<meta name=\"robots\" content=\"index, follow, max-snippet:-1, max-image-preview:large, max-video-preview:-1\" \/>\n<link rel=\"canonical\" href=\"https:\/\/www.estrategiaconcursos.com.br\/blog\/concurso-abin\/\" \/>\n<meta property=\"og:locale\" content=\"pt_BR\" \/>\n<meta property=\"og:type\" content=\"article\" \/>\n<meta property=\"og:title\" content=\"Concurso ABIN 2026: edital em an\u00e1lise! Inicial de R$ 19 mil\" \/>\n<meta property=\"og:description\" content=\"Novo edital do Concurso ABIN \u00e9 solicitado para as carreiras de n\u00edvel m\u00e9dio e superior. Expectativa de acontecer em breve. Confira!\" \/>\n<meta property=\"og:url\" content=\"https:\/\/www.estrategiaconcursos.com.br\/blog\/concurso-abin\/\" \/>\n<meta property=\"og:site_name\" content=\"Estrat\u00e9gia Concursos\" \/>\n<meta property=\"article:author\" content=\"https:\/\/www.facebook.com\/EstrategiaConcursos\" \/>\n<meta property=\"article:published_time\" content=\"2026-01-19T18:15:00+00:00\" \/>\n<meta property=\"article:modified_time\" content=\"2026-01-19T20:29:56+00:00\" \/>\n<meta property=\"og:image\" content=\"https:\/\/dhg1h5j42swfq.cloudfront.net\/2023\/09\/22162301\/abin.jpg\" \/>\n\t<meta property=\"og:image:width\" content=\"768\" \/>\n\t<meta property=\"og:image:height\" content=\"432\" \/>\n\t<meta property=\"og:image:type\" content=\"image\/jpeg\" \/>\n<meta name=\"author\" content=\"Coordena\u00e7\u00e3o\" \/>\n<meta name=\"twitter:card\" content=\"summary_large_image\" \/>\n<meta name=\"twitter:creator\" content=\"@EstratConcursos\" \/>\n<meta name=\"twitter:site\" content=\"@EstratConcursos\" \/>\n<meta name=\"twitter:label1\" content=\"Escrito por\" \/>\n\t<meta name=\"twitter:data1\" content=\"Coordena\u00e7\u00e3o\" \/>\n\t<meta name=\"twitter:label2\" content=\"Est. tempo de leitura\" \/>\n\t<meta name=\"twitter:data2\" content=\"6 minutos\" \/>\n<script type=\"application\/ld+json\" class=\"yoast-schema-graph\">{\"@context\":\"https:\/\/schema.org\",\"@graph\":[{\"@type\":\"NewsArticle\",\"@id\":\"https:\/\/www.estrategiaconcursos.com.br\/blog\/concurso-abin\/#article\",\"isPartOf\":{\"@id\":\"https:\/\/www.estrategiaconcursos.com.br\/blog\/concurso-abin\/\"},\"author\":{\"name\":\"Coordena\u00e7\u00e3o\",\"@id\":\"https:\/\/www.estrategiaconcursos.com.br\/blog\/#\/schema\/person\/b4a388c97673c5f483d72185668afa1f\"},\"headline\":\"Concurso ABIN 2026: edital em an\u00e1lise! Inicial de R$ 19 mil\",\"datePublished\":\"2026-01-19T18:15:00+00:00\",\"dateModified\":\"2026-01-19T20:29:56+00:00\",\"mainEntityOfPage\":{\"@id\":\"https:\/\/www.estrategiaconcursos.com.br\/blog\/concurso-abin\/\"},\"wordCount\":1629,\"commentCount\":57,\"publisher\":{\"@id\":\"https:\/\/www.estrategiaconcursos.com.br\/blog\/#organization\"},\"image\":{\"@id\":\"https:\/\/www.estrategiaconcursos.com.br\/blog\/concurso-abin\/#primaryimage\"},\"thumbnailUrl\":\"https:\/\/dhg1h5j42swfq.cloudfront.net\/2023\/09\/22162301\/abin.jpg\",\"keywords\":[\"ABIN\"],\"articleSection\":[\"Policial (Agente, Escriv\u00e3o e Investigador)\"],\"inLanguage\":\"pt-BR\",\"potentialAction\":[{\"@type\":\"CommentAction\",\"name\":\"Comment\",\"target\":[\"https:\/\/www.estrategiaconcursos.com.br\/blog\/concurso-abin\/#respond\"]}],\"copyrightYear\":\"2026\",\"copyrightHolder\":{\"@id\":\"https:\/\/www.estrategiaconcursos.com.br\/blog\/#organization\"}},{\"@type\":\"WebPage\",\"@id\":\"https:\/\/www.estrategiaconcursos.com.br\/blog\/concurso-abin\/\",\"url\":\"https:\/\/www.estrategiaconcursos.com.br\/blog\/concurso-abin\/\",\"name\":\"Concurso ABIN 2026: edital em an\u00e1lise! Inicial de R$ 19 mil\",\"isPartOf\":{\"@id\":\"https:\/\/www.estrategiaconcursos.com.br\/blog\/#website\"},\"primaryImageOfPage\":{\"@id\":\"https:\/\/www.estrategiaconcursos.com.br\/blog\/concurso-abin\/#primaryimage\"},\"image\":{\"@id\":\"https:\/\/www.estrategiaconcursos.com.br\/blog\/concurso-abin\/#primaryimage\"},\"thumbnailUrl\":\"https:\/\/dhg1h5j42swfq.cloudfront.net\/2023\/09\/22162301\/abin.jpg\",\"datePublished\":\"2026-01-19T18:15:00+00:00\",\"dateModified\":\"2026-01-19T20:29:56+00:00\",\"description\":\"Novo edital do Concurso ABIN \u00e9 solicitado para as carreiras de n\u00edvel m\u00e9dio e superior. Expectativa de acontecer em breve. Confira!\",\"breadcrumb\":{\"@id\":\"https:\/\/www.estrategiaconcursos.com.br\/blog\/concurso-abin\/#breadcrumb\"},\"inLanguage\":\"pt-BR\",\"potentialAction\":[{\"@type\":\"ReadAction\",\"target\":[\"https:\/\/www.estrategiaconcursos.com.br\/blog\/concurso-abin\/\"]}]},{\"@type\":\"ImageObject\",\"inLanguage\":\"pt-BR\",\"@id\":\"https:\/\/www.estrategiaconcursos.com.br\/blog\/concurso-abin\/#primaryimage\",\"url\":\"https:\/\/dhg1h5j42swfq.cloudfront.net\/2023\/09\/22162301\/abin.jpg\",\"contentUrl\":\"https:\/\/dhg1h5j42swfq.cloudfront.net\/2023\/09\/22162301\/abin.jpg\",\"width\":768,\"height\":432,\"caption\":\"concurso abin\"},{\"@type\":\"BreadcrumbList\",\"@id\":\"https:\/\/www.estrategiaconcursos.com.br\/blog\/concurso-abin\/#breadcrumb\",\"itemListElement\":[{\"@type\":\"ListItem\",\"position\":1,\"name\":\"In\u00edcio\",\"item\":\"https:\/\/www.estrategiaconcursos.com.br\/blog\/\"},{\"@type\":\"ListItem\",\"position\":2,\"name\":\"Concurso ABIN 2026: edital em an\u00e1lise! Inicial de R$ 19 mil\"}]},{\"@type\":\"WebSite\",\"@id\":\"https:\/\/www.estrategiaconcursos.com.br\/blog\/#website\",\"url\":\"https:\/\/www.estrategiaconcursos.com.br\/blog\/\",\"name\":\"Estrat\u00e9gia Concursos\",\"description\":\"O blog da Estrat\u00e9gia Concursos traz not\u00edcias sobre concursos e artigos de professores oferecendo cursos para concursos (pdf + videaulas) no site.\",\"publisher\":{\"@id\":\"https:\/\/www.estrategiaconcursos.com.br\/blog\/#organization\"},\"potentialAction\":[{\"@type\":\"SearchAction\",\"target\":{\"@type\":\"EntryPoint\",\"urlTemplate\":\"https:\/\/www.estrategiaconcursos.com.br\/blog\/?s={search_term_string}\"},\"query-input\":{\"@type\":\"PropertyValueSpecification\",\"valueRequired\":true,\"valueName\":\"search_term_string\"}}],\"inLanguage\":\"pt-BR\"},{\"@type\":\"Organization\",\"@id\":\"https:\/\/www.estrategiaconcursos.com.br\/blog\/#organization\",\"name\":\"Estrat\u00e9gia Concursos\",\"url\":\"https:\/\/www.estrategiaconcursos.com.br\/blog\/\",\"logo\":{\"@type\":\"ImageObject\",\"inLanguage\":\"pt-BR\",\"@id\":\"https:\/\/www.estrategiaconcursos.com.br\/blog\/#\/schema\/logo\/image\/\",\"url\":\"https:\/\/dhg1h5j42swfq.cloudfront.net\/2025\/06\/03203428\/logo_concursos-1.jpg\",\"contentUrl\":\"https:\/\/dhg1h5j42swfq.cloudfront.net\/2025\/06\/03203428\/logo_concursos-1.jpg\",\"width\":230,\"height\":60,\"caption\":\"Estrat\u00e9gia Concursos\"},\"image\":{\"@id\":\"https:\/\/www.estrategiaconcursos.com.br\/blog\/#\/schema\/logo\/image\/\"},\"sameAs\":[\"https:\/\/x.com\/EstratConcursos\"]},{\"@type\":\"Person\",\"@id\":\"https:\/\/www.estrategiaconcursos.com.br\/blog\/#\/schema\/person\/b4a388c97673c5f483d72185668afa1f\",\"name\":\"Coordena\u00e7\u00e3o\",\"image\":{\"@type\":\"ImageObject\",\"inLanguage\":\"pt-BR\",\"@id\":\"https:\/\/secure.gravatar.com\/avatar\/b720319e4c9a967eb58678d110f4fe35452fc5d5f97b202bac7b8acceb18c6ad?s=96&d=mm&r=g\",\"url\":\"https:\/\/secure.gravatar.com\/avatar\/b720319e4c9a967eb58678d110f4fe35452fc5d5f97b202bac7b8acceb18c6ad?s=96&d=mm&r=g\",\"contentUrl\":\"https:\/\/secure.gravatar.com\/avatar\/b720319e4c9a967eb58678d110f4fe35452fc5d5f97b202bac7b8acceb18c6ad?s=96&d=mm&r=g\",\"caption\":\"Coordena\u00e7\u00e3o\"},\"sameAs\":[\"https:\/\/www.facebook.com\/EstrategiaConcursos\",\"https:\/\/x.com\/EstratConcursos\"],\"url\":\"https:\/\/www.estrategiaconcursos.com.br\/blog\/author\/estrategia2013\/\"}]}<\/script>\n<!-- \/ Yoast SEO Premium plugin. -->","yoast_head_json":{"title":"Concurso ABIN 2026: edital em an\u00e1lise! Inicial de R$ 19 mil","description":"Novo edital do Concurso ABIN \u00e9 solicitado para as carreiras de n\u00edvel m\u00e9dio e superior. Expectativa de acontecer em breve. Confira!","robots":{"index":"index","follow":"follow","max-snippet":"max-snippet:-1","max-image-preview":"max-image-preview:large","max-video-preview":"max-video-preview:-1"},"canonical":"https:\/\/www.estrategiaconcursos.com.br\/blog\/concurso-abin\/","og_locale":"pt_BR","og_type":"article","og_title":"Concurso ABIN 2026: edital em an\u00e1lise! Inicial de R$ 19 mil","og_description":"Novo edital do Concurso ABIN \u00e9 solicitado para as carreiras de n\u00edvel m\u00e9dio e superior. Expectativa de acontecer em breve. Confira!","og_url":"https:\/\/www.estrategiaconcursos.com.br\/blog\/concurso-abin\/","og_site_name":"Estrat\u00e9gia Concursos","article_author":"https:\/\/www.facebook.com\/EstrategiaConcursos","article_published_time":"2026-01-19T18:15:00+00:00","article_modified_time":"2026-01-19T20:29:56+00:00","og_image":[{"width":768,"height":432,"url":"https:\/\/dhg1h5j42swfq.cloudfront.net\/2023\/09\/22162301\/abin.jpg","type":"image\/jpeg"}],"author":"Coordena\u00e7\u00e3o","twitter_card":"summary_large_image","twitter_creator":"@EstratConcursos","twitter_site":"@EstratConcursos","twitter_misc":{"Escrito por":"Coordena\u00e7\u00e3o","Est. tempo de leitura":"6 minutos"},"schema":{"@context":"https:\/\/schema.org","@graph":[{"@type":"NewsArticle","@id":"https:\/\/www.estrategiaconcursos.com.br\/blog\/concurso-abin\/#article","isPartOf":{"@id":"https:\/\/www.estrategiaconcursos.com.br\/blog\/concurso-abin\/"},"author":{"name":"Coordena\u00e7\u00e3o","@id":"https:\/\/www.estrategiaconcursos.com.br\/blog\/#\/schema\/person\/b4a388c97673c5f483d72185668afa1f"},"headline":"Concurso ABIN 2026: edital em an\u00e1lise! Inicial de R$ 19 mil","datePublished":"2026-01-19T18:15:00+00:00","dateModified":"2026-01-19T20:29:56+00:00","mainEntityOfPage":{"@id":"https:\/\/www.estrategiaconcursos.com.br\/blog\/concurso-abin\/"},"wordCount":1629,"commentCount":57,"publisher":{"@id":"https:\/\/www.estrategiaconcursos.com.br\/blog\/#organization"},"image":{"@id":"https:\/\/www.estrategiaconcursos.com.br\/blog\/concurso-abin\/#primaryimage"},"thumbnailUrl":"https:\/\/dhg1h5j42swfq.cloudfront.net\/2023\/09\/22162301\/abin.jpg","keywords":["ABIN"],"articleSection":["Policial (Agente, Escriv\u00e3o e Investigador)"],"inLanguage":"pt-BR","potentialAction":[{"@type":"CommentAction","name":"Comment","target":["https:\/\/www.estrategiaconcursos.com.br\/blog\/concurso-abin\/#respond"]}],"copyrightYear":"2026","copyrightHolder":{"@id":"https:\/\/www.estrategiaconcursos.com.br\/blog\/#organization"}},{"@type":"WebPage","@id":"https:\/\/www.estrategiaconcursos.com.br\/blog\/concurso-abin\/","url":"https:\/\/www.estrategiaconcursos.com.br\/blog\/concurso-abin\/","name":"Concurso ABIN 2026: edital em an\u00e1lise! Inicial de R$ 19 mil","isPartOf":{"@id":"https:\/\/www.estrategiaconcursos.com.br\/blog\/#website"},"primaryImageOfPage":{"@id":"https:\/\/www.estrategiaconcursos.com.br\/blog\/concurso-abin\/#primaryimage"},"image":{"@id":"https:\/\/www.estrategiaconcursos.com.br\/blog\/concurso-abin\/#primaryimage"},"thumbnailUrl":"https:\/\/dhg1h5j42swfq.cloudfront.net\/2023\/09\/22162301\/abin.jpg","datePublished":"2026-01-19T18:15:00+00:00","dateModified":"2026-01-19T20:29:56+00:00","description":"Novo edital do Concurso ABIN \u00e9 solicitado para as carreiras de n\u00edvel m\u00e9dio e superior. Expectativa de acontecer em breve. Confira!","breadcrumb":{"@id":"https:\/\/www.estrategiaconcursos.com.br\/blog\/concurso-abin\/#breadcrumb"},"inLanguage":"pt-BR","potentialAction":[{"@type":"ReadAction","target":["https:\/\/www.estrategiaconcursos.com.br\/blog\/concurso-abin\/"]}]},{"@type":"ImageObject","inLanguage":"pt-BR","@id":"https:\/\/www.estrategiaconcursos.com.br\/blog\/concurso-abin\/#primaryimage","url":"https:\/\/dhg1h5j42swfq.cloudfront.net\/2023\/09\/22162301\/abin.jpg","contentUrl":"https:\/\/dhg1h5j42swfq.cloudfront.net\/2023\/09\/22162301\/abin.jpg","width":768,"height":432,"caption":"concurso abin"},{"@type":"BreadcrumbList","@id":"https:\/\/www.estrategiaconcursos.com.br\/blog\/concurso-abin\/#breadcrumb","itemListElement":[{"@type":"ListItem","position":1,"name":"In\u00edcio","item":"https:\/\/www.estrategiaconcursos.com.br\/blog\/"},{"@type":"ListItem","position":2,"name":"Concurso ABIN 2026: edital em an\u00e1lise! Inicial de R$ 19 mil"}]},{"@type":"WebSite","@id":"https:\/\/www.estrategiaconcursos.com.br\/blog\/#website","url":"https:\/\/www.estrategiaconcursos.com.br\/blog\/","name":"Estrat\u00e9gia Concursos","description":"O blog da Estrat\u00e9gia Concursos traz not\u00edcias sobre concursos e artigos de professores oferecendo cursos para concursos (pdf + videaulas) no site.","publisher":{"@id":"https:\/\/www.estrategiaconcursos.com.br\/blog\/#organization"},"potentialAction":[{"@type":"SearchAction","target":{"@type":"EntryPoint","urlTemplate":"https:\/\/www.estrategiaconcursos.com.br\/blog\/?s={search_term_string}"},"query-input":{"@type":"PropertyValueSpecification","valueRequired":true,"valueName":"search_term_string"}}],"inLanguage":"pt-BR"},{"@type":"Organization","@id":"https:\/\/www.estrategiaconcursos.com.br\/blog\/#organization","name":"Estrat\u00e9gia Concursos","url":"https:\/\/www.estrategiaconcursos.com.br\/blog\/","logo":{"@type":"ImageObject","inLanguage":"pt-BR","@id":"https:\/\/www.estrategiaconcursos.com.br\/blog\/#\/schema\/logo\/image\/","url":"https:\/\/dhg1h5j42swfq.cloudfront.net\/2025\/06\/03203428\/logo_concursos-1.jpg","contentUrl":"https:\/\/dhg1h5j42swfq.cloudfront.net\/2025\/06\/03203428\/logo_concursos-1.jpg","width":230,"height":60,"caption":"Estrat\u00e9gia Concursos"},"image":{"@id":"https:\/\/www.estrategiaconcursos.com.br\/blog\/#\/schema\/logo\/image\/"},"sameAs":["https:\/\/x.com\/EstratConcursos"]},{"@type":"Person","@id":"https:\/\/www.estrategiaconcursos.com.br\/blog\/#\/schema\/person\/b4a388c97673c5f483d72185668afa1f","name":"Coordena\u00e7\u00e3o","image":{"@type":"ImageObject","inLanguage":"pt-BR","@id":"https:\/\/secure.gravatar.com\/avatar\/b720319e4c9a967eb58678d110f4fe35452fc5d5f97b202bac7b8acceb18c6ad?s=96&d=mm&r=g","url":"https:\/\/secure.gravatar.com\/avatar\/b720319e4c9a967eb58678d110f4fe35452fc5d5f97b202bac7b8acceb18c6ad?s=96&d=mm&r=g","contentUrl":"https:\/\/secure.gravatar.com\/avatar\/b720319e4c9a967eb58678d110f4fe35452fc5d5f97b202bac7b8acceb18c6ad?s=96&d=mm&r=g","caption":"Coordena\u00e7\u00e3o"},"sameAs":["https:\/\/www.facebook.com\/EstrategiaConcursos","https:\/\/x.com\/EstratConcursos"],"url":"https:\/\/www.estrategiaconcursos.com.br\/blog\/author\/estrategia2013\/"}]}},"_links":{"self":[{"href":"https:\/\/www.estrategiaconcursos.com.br\/blog\/wp-json\/wp\/v2\/posts\/26773","targetHints":{"allow":["GET"]}}],"collection":[{"href":"https:\/\/www.estrategiaconcursos.com.br\/blog\/wp-json\/wp\/v2\/posts"}],"about":[{"href":"https:\/\/www.estrategiaconcursos.com.br\/blog\/wp-json\/wp\/v2\/types\/post"}],"author":[{"embeddable":true,"href":"https:\/\/www.estrategiaconcursos.com.br\/blog\/wp-json\/wp\/v2\/users\/1"}],"replies":[{"embeddable":true,"href":"https:\/\/www.estrategiaconcursos.com.br\/blog\/wp-json\/wp\/v2\/comments?post=26773"}],"version-history":[{"count":260,"href":"https:\/\/www.estrategiaconcursos.com.br\/blog\/wp-json\/wp\/v2\/posts\/26773\/revisions"}],"predecessor-version":[{"id":1701781,"href":"https:\/\/www.estrategiaconcursos.com.br\/blog\/wp-json\/wp\/v2\/posts\/26773\/revisions\/1701781"}],"wp:featuredmedia":[{"embeddable":true,"href":"https:\/\/www.estrategiaconcursos.com.br\/blog\/wp-json\/wp\/v2\/media\/1281988"}],"wp:attachment":[{"href":"https:\/\/www.estrategiaconcursos.com.br\/blog\/wp-json\/wp\/v2\/media?parent=26773"}],"wp:term":[{"taxonomy":"category","embeddable":true,"href":"https:\/\/www.estrategiaconcursos.com.br\/blog\/wp-json\/wp\/v2\/categories?post=26773"},{"taxonomy":"post_tag","embeddable":true,"href":"https:\/\/www.estrategiaconcursos.com.br\/blog\/wp-json\/wp\/v2\/tags?post=26773"},{"taxonomy":"tax_estado","embeddable":true,"href":"https:\/\/www.estrategiaconcursos.com.br\/blog\/wp-json\/wp\/v2\/tax_estado?post=26773"}],"curies":[{"name":"wp","href":"https:\/\/api.w.org\/{rel}","templated":true}]}}