{"id":26741,"date":"2018-01-13T05:00:01","date_gmt":"2018-01-13T08:00:01","guid":{"rendered":"http:\/\/www.estrategiaconcursos.com.br\/blog\/?p=26741"},"modified":"2020-07-10T13:50:48","modified_gmt":"2020-07-10T16:50:48","slug":"concurso-susep-2016","status":"publish","type":"post","link":"https:\/\/www.estrategiaconcursos.com.br\/blog\/concurso-susep-2016\/","title":{"rendered":"Concurso Susep: Minist\u00e9rio da Fazenda solicita concurso para Analista e Agente. S\u00e3o 55 vagas!"},"content":{"rendered":"<p style=\"text-align: left;\"><span style=\"color: #000000;\">A Superintend\u00eancia de Seguros Privados (Susep) confirmou dia 13 de junho de 2017, que o pedido feito pelo Minist\u00e9rio da Fazenda possui vagas destinadas ao \u00f3rg\u00e3o segurador (<strong>Concurso SUSEP<\/strong>). Ser\u00e3o ofertadas 55 vagas para Analista e Agente, cargos que exigem forma\u00e7\u00e3o de n\u00edvel superior e m\u00e9dio respectivamente.<\/span><\/p>\n<p style=\"text-align: left;\"><span style=\"color: #000000;\">Em 2016, o \u00f3rg\u00e3o havia solicitado pedido de certame ao&nbsp;Minist\u00e9rio do Planejamento, Or\u00e7amento e Gest\u00e3o (MPOG). A sele\u00e7\u00e3o j\u00e1 havia sido requisitada pela Susep em 2013, mas o pedido n\u00e3o foi encaminhado pelo Minist\u00e9rio da Fazenda naquele ano.<\/span><\/p>\n<p style=\"text-align: left;\"><span style=\"color: #000000;\">Isso s\u00f3 foi feito em 2015, quando houve a tentativa de inclus\u00e3o no or\u00e7amento. A libera\u00e7\u00e3o do concurso Susep agora depende da an\u00e1lise do Planejamento. A autarquia depende da nova sele\u00e7\u00e3o para suprir a sa\u00edda de servidores que se aposentaram, al\u00e9m de fazer frente \u00e0s aposentadorias por vir.<\/span><\/p>\n<p style=\"text-align: justify;\"><img loading=\"lazy\" decoding=\"async\" class=\"aligncenter wp-image-118193 size-full\" src=\"https:\/\/dhg1h5j42swfq.cloudfront.net\/2017\/06\/25133044\/protocolo.jpg\" alt=\"Protocolo Concurso Susep\" width=\"950\" height=\"255\" srcset=\"https:\/\/dhg1h5j42swfq.cloudfront.net\/2017\/06\/25133044\/protocolo.jpg 950w, https:\/\/dhg1h5j42swfq.cloudfront.net\/2017\/06\/25133044\/protocolo.jpg 300w, https:\/\/dhg1h5j42swfq.cloudfront.net\/2017\/06\/25133044\/protocolo.jpg 768w, https:\/\/dhg1h5j42swfq.cloudfront.net\/2017\/06\/25133044\/protocolo.jpg 610w\" sizes=\"auto, (max-width: 950px) 100vw, 950px\" \/><\/p>\n<h3>Sobre a Susep<\/h3>\n<p><span style=\"color: #000000;\">A SUSEP \u00e9 o \u00f3rg\u00e3o respons\u00e1vel pelo controle e fiscaliza\u00e7\u00e3o dos mercados de seguro, previd\u00eancia privada aberta, capitaliza\u00e7\u00e3o e resseguro. <\/span><\/p>\n<p><span style=\"color: #000000;\">A autarquia \u00e9 vinculada ao Minist\u00e9rio da Fazenda, e foi criada pelo Decreto-lei n\u00ba 73, de 21 de novembro de 1966.<\/span><\/p>\n<h3>Remunera\u00e7\u00e3o<\/h3>\n<p><img loading=\"lazy\" decoding=\"async\" class=\"alignnone wp-image-118216 size-full\" src=\"https:\/\/dhg1h5j42swfq.cloudfront.net\/2018\/01\/25144539\/super1.jpg\" alt=\"Remunera\u00e7\u00e3o Concurso Susep 2018\" width=\"977\" height=\"361\" srcset=\"https:\/\/dhg1h5j42swfq.cloudfront.net\/2018\/01\/25144539\/super1.jpg 977w, https:\/\/dhg1h5j42swfq.cloudfront.net\/2018\/01\/25144539\/super1.jpg 300w, https:\/\/dhg1h5j42swfq.cloudfront.net\/2018\/01\/25144539\/super1.jpg 768w, https:\/\/dhg1h5j42swfq.cloudfront.net\/2018\/01\/25144539\/super1.jpg 610w\" sizes=\"auto, (max-width: 977px) 100vw, 977px\" \/><\/p>\n<p><img loading=\"lazy\" decoding=\"async\" class=\"alignnone wp-image-118217 size-full\" src=\"https:\/\/dhg1h5j42swfq.cloudfront.net\/2018\/01\/25144556\/agene.jpg\" alt=\"Remunera\u00e7\u00e3o Concurso Susep 2018\" width=\"744\" height=\"421\" srcset=\"https:\/\/dhg1h5j42swfq.cloudfront.net\/2018\/01\/25144556\/agene.jpg 744w, https:\/\/dhg1h5j42swfq.cloudfront.net\/2018\/01\/25144556\/agene.jpg 300w, https:\/\/dhg1h5j42swfq.cloudfront.net\/2018\/01\/25144556\/agene.jpg 610w\" sizes=\"auto, (max-width: 744px) 100vw, 744px\" \/><\/p>\n<h3 style=\"text-align: justify;\">\u200bAtribui\u00e7\u00f5es dos cargos<\/h3>\n<p style=\"margin-left: 40px; text-align: left;\"><span style=\"color: #000000;\"><strong>Agente executivo:<\/strong> <\/span><\/p>\n<ul style=\"list-style-type: disc;\">\n<li style=\"margin-left: 40px; text-align: left;\"><span style=\"color: #000000;\"><em>desenvolver tarefas de suporte administrativo; <\/em><\/span><\/li>\n<li style=\"margin-left: 40px; text-align: left;\"><span style=\"color: #000000;\"><em>atualizar sistemas de informa\u00e7\u00e3o informatizados; <\/em><\/span><\/li>\n<li style=\"margin-left: 40px; text-align: left;\"><span style=\"color: #000000;\"><em>operar editores de textos, planilhas e bancos de dados; <\/em><\/span><\/li>\n<li style=\"margin-left: 40px; text-align: left;\"><span style=\"color: #000000;\"><em>arquivar documentos; prestar informa\u00e7\u00f5es; <\/em><\/span><\/li>\n<li style=\"margin-left: 40px; text-align: left;\"><span style=\"color: #000000;\"><em>providenciar apoio log\u00edstico aos servidores do grupamento de n\u00edvel superior; <\/em><\/span><\/li>\n<li style=\"margin-left: 40px; text-align: left;\"><span style=\"color: #000000;\"><em>executar outras atividades compat\u00edveis com o n\u00edvel de complexidade das atribui\u00e7\u00f5es do cargo.<\/em><\/span><\/li>\n<\/ul>\n<p style=\"margin-left: 40px; text-align: left;\"><span style=\"color: #000000;\"><strong>Analista T\u00e9cnico:<\/strong>&nbsp;<\/span><\/p>\n<ul style=\"list-style-type: disc;\">\n<li style=\"margin-left: 40px; text-align: left;\"><span style=\"color: #000000;\"><em>fazem parte das atribui\u00e7\u00f5es do cargo desenvolver atividades ligadas a controle econ\u00f4mico, financeiro e cont\u00e1bil das entidades supervisionadas; <\/em><\/span><\/li>\n<li style=\"margin-left: 40px; text-align: left;\"><span style=\"color: #000000;\"><em>fiscalizar, controlar e orientar as entidades supervisionadas; <\/em><\/span><\/li>\n<li style=\"margin-left: 40px; text-align: left;\"><span style=\"color: #000000;\"><em>estudos atuariais e de normas t\u00e9cnicas no \u00e2mbito das opera\u00e7\u00f5es realizadas pelas entidades supervisionadas; <\/em><\/span><\/li>\n<li style=\"margin-left: 40px; text-align: left;\"><span style=\"color: #000000;\"><em>analisar a autoriza\u00e7\u00e3o de produtos; <\/em><\/span><\/li>\n<li style=\"margin-left: 40px; text-align: left;\"><span style=\"color: #000000;\"><em>prestar suporte t\u00e9cnico e operacional aos usu\u00e1rios; <\/em><\/span><\/li>\n<li style=\"margin-left: 40px; text-align: left;\"><span style=\"color: #000000;\"><em>executar outras atividades compat\u00edveis com o n\u00edvel de complexidade das atribui\u00e7\u00f5es do cargo.<\/em>&nbsp;<\/span><\/li>\n<\/ul>\n<hr \/>\n<h2>\u00daltimo Concurso SUSEP<\/h2>\n<p style=\"text-align: left;\"><span style=\"color: #000000;\">O \u00faltimo concurso da Susep aconteceu em 2010 quando foram ofertadas <strong>138 vagas<\/strong> para os cargos de Analista T\u00e9cnico nas \u00e1reas de Controle e Fiscaliza\u00e7\u00e3o, Atuaria, Administra\u00e7\u00e3o e Finan\u00e7as e Tecnologia da Informa\u00e7\u00e3o. <\/span><\/p>\n<p style=\"text-align: left;\"><span style=\"color: #000000;\">O certame foi organizado pela Escola de Administra\u00e7\u00e3o Fazend\u00e1ria, ESAF.<\/span><\/p>\n<p><span style=\"color: #000000;\">Foram&nbsp;<strong>15.411 inscritos <\/strong>e a<strong>&nbsp;<\/strong>rela\u00e7\u00e3o candidato por vaga est\u00e1 dispon\u00edvel na tabela abaixo:<\/span><\/p>\n<p><img loading=\"lazy\" decoding=\"async\" class=\"alignnone wp-image-118204 size-full\" src=\"https:\/\/dhg1h5j42swfq.cloudfront.net\/2017\/06\/25135635\/por-vaga.jpg\" alt=\"Demanda por vaga Concurso Susep\" width=\"661\" height=\"328\" srcset=\"https:\/\/dhg1h5j42swfq.cloudfront.net\/2017\/06\/25135635\/por-vaga.jpg 661w, https:\/\/dhg1h5j42swfq.cloudfront.net\/2017\/06\/25135635\/por-vaga.jpg 300w, https:\/\/dhg1h5j42swfq.cloudfront.net\/2017\/06\/25135635\/por-vaga.jpg 610w\" sizes=\"auto, (max-width: 661px) 100vw, 661px\" \/><\/p>\n<p style=\"text-align: left;\"><span style=\"color: #000000;\">Para se candidatar ao cargo, conforme o edital, foi exigido que o candidato possu\u00edsse curso superior, para qualquer \u00e1rea de forma\u00e7\u00e3o. <\/span><\/p>\n<h3>Etapas do concurso Susep<\/h3>\n<p style=\"text-align: left;\"><span style=\"color: #000000;\">A avalia\u00e7\u00e3o dos candidatos aconteceu a partir da aplica\u00e7\u00e3o de provas objetivas e subjetivas, composta de 140 quest\u00f5es de m\u00faltipla escolha que exigiram dos candidatos conhecimentos nas \u00e1reas de:<\/span><\/p>\n<p style=\"margin-left: 40px;\"><span style=\"color: #000000;\"><em>L\u00edngua Portuguesa &#8211; 20 quest\u00f5es<br \/>\nIngl\u00eas &#8211; 10 quest\u00f5es<br \/>\nRacioc\u00ednio L\u00f3gico-Quantitativo &#8211; 10 quest\u00f5es<br \/>\nDireito Constitucional &#8211; 10 quest\u00f5es<br \/>\nDireito Administrativo &#8211; 10 quest\u00f5es<br \/>\nLegisla\u00e7\u00e3o B\u00e1sica &#8211; 20 quest\u00f5es<br \/>\nConhecimentos Espec\u00edficos do cargo &#8211; 60 quest\u00f5es<\/em><\/span><\/p>\n<p style=\"text-align: left;\"><span style=\"color: #000000;\">Al\u00e9m disso, os candidatos foram submetidos a uma prova discursiva, na qual versaram sobre uma quest\u00e3o sobre Direito Administrativo.<\/span><\/p>\n<h3>Nota de Corte<\/h3>\n<p>Nas imagens abaixo, \u00e9 poss\u00edvel ver a pontua\u00e7\u00e3o dos candidatos que ficaram em primeiro lugar em cada uma das \u00e1reas do cargo de Analista:<\/p>\n<p><em><strong>Controle de Fiscaliza\u00e7\u00e3o:<\/strong><\/em><\/p>\n<p><img loading=\"lazy\" decoding=\"async\" class=\"alignnone wp-image-118207 size-full\" src=\"https:\/\/dhg1h5j42swfq.cloudfront.net\/2017\/06\/25140557\/control1.jpg\" alt=\"Nota de Corte Concurso Susep 2010\" width=\"659\" height=\"207\" srcset=\"https:\/\/dhg1h5j42swfq.cloudfront.net\/2017\/06\/25140557\/control1.jpg 659w, https:\/\/dhg1h5j42swfq.cloudfront.net\/2017\/06\/25140557\/control1.jpg 300w, https:\/\/dhg1h5j42swfq.cloudfront.net\/2017\/06\/25140557\/control1.jpg 610w\" sizes=\"auto, (max-width: 659px) 100vw, 659px\" \/><\/p>\n<p><em><strong>Atuaria:<\/strong><\/em><\/p>\n<p><img loading=\"lazy\" decoding=\"async\" class=\"alignnone wp-image-118208 size-full\" src=\"https:\/\/dhg1h5j42swfq.cloudfront.net\/2017\/06\/25140828\/atuaria.jpg\" alt=\"Nota de Corte Concurso Sesup 2010\" width=\"676\" height=\"206\" srcset=\"https:\/\/dhg1h5j42swfq.cloudfront.net\/2017\/06\/25140828\/atuaria.jpg 676w, https:\/\/dhg1h5j42swfq.cloudfront.net\/2017\/06\/25140828\/atuaria.jpg 300w, https:\/\/dhg1h5j42swfq.cloudfront.net\/2017\/06\/25140828\/atuaria.jpg 610w\" sizes=\"auto, (max-width: 676px) 100vw, 676px\" \/><\/p>\n<p><em><strong>Administra\u00e7\u00e3o e Finan\u00e7as:<\/strong><\/em><\/p>\n<p><img loading=\"lazy\" decoding=\"async\" class=\"alignnone size-full wp-image-118209\" src=\"https:\/\/dhg1h5j42swfq.cloudfront.net\/2017\/06\/25141047\/adm.jpg\" alt=\"\" width=\"656\" height=\"210\" srcset=\"https:\/\/dhg1h5j42swfq.cloudfront.net\/2017\/06\/25141047\/adm.jpg 656w, https:\/\/dhg1h5j42swfq.cloudfront.net\/2017\/06\/25141047\/adm.jpg 300w, https:\/\/dhg1h5j42swfq.cloudfront.net\/2017\/06\/25141047\/adm.jpg 610w\" sizes=\"auto, (max-width: 656px) 100vw, 656px\" \/><\/p>\n<p><em><strong>Tecnologia da Informa\u00e7\u00e3o:<\/strong><\/em><\/p>\n<p><img loading=\"lazy\" decoding=\"async\" class=\"alignnone wp-image-118210 size-full\" src=\"https:\/\/dhg1h5j42swfq.cloudfront.net\/2017\/06\/25141211\/ti.jpg\" alt=\"Nota de Corte Concurso Susep 2010\" width=\"657\" height=\"84\" srcset=\"https:\/\/dhg1h5j42swfq.cloudfront.net\/2017\/06\/25141211\/ti.jpg 657w, https:\/\/dhg1h5j42swfq.cloudfront.net\/2017\/06\/25141211\/ti.jpg 300w, https:\/\/dhg1h5j42swfq.cloudfront.net\/2017\/06\/25141211\/ti.jpg 610w\" sizes=\"auto, (max-width: 657px) 100vw, 657px\" \/><\/p>\n<p style=\"text-align: center;\"><a href=\"http:\/\/www.estrategiaconcursos.com.br\/cursosPorConcurso\/susep-analista-tecnico\/\" target=\"_blank\" rel=\"noopener noreferrer\"><img loading=\"lazy\" decoding=\"async\" class=\"aligncenter size-large wp-image-77599\" title=\"\" src=\"https:\/\/dhg1h5j42swfq.cloudfront.net\/2016\/04\/13164631\/SUSEP-e1497383359896.jpg\" alt=\"concurso SUSEP\" width=\"614\" height=\"322\"\/><\/a><\/p>\n<p style=\"text-align: center;\"><span style=\"font-size: 14pt;\"><b><i>Gostou<\/i><\/b><em><strong>&nbsp;dessa oportunidade e deseja se preparar desde j\u00e1? O Estrat\u00e9gia possui cursos para este certame. Confira:<\/strong><\/em><\/span><br \/>\n<span style=\"font-size: 18pt;\"><strong><a href=\"https:\/\/www.estrategiaconcursos.com.br\/cursosPorConcurso\/susep-analista-tecnico\/\" target=\"_blank\" rel=\"noopener noreferrer\">CURSOS CONCURSOS SUSEP<\/a><\/strong><\/span><\/p>\n<p>&nbsp;<\/p>\n<p><img loading=\"lazy\" decoding=\"async\" class=\"alignnone wp-image-60957\" src=\"https:\/\/www.estrategiaconcursos.com.br\/blog\/wp-content\/uploads\/2017\/01\/coruja-ficha-tecnica-1024x347.png\" alt=\"Ficha T\u00e9cnica Concurso Susep\" width=\"357\" height=\"121\"\/><\/p>\n<p><span style=\"font-size: 14pt;\"><strong>Informa\u00e7\u00f5es do \u00faltimo concurso<\/strong><\/span><\/p>\n<p>\u25baData: <strong>2010<\/strong><br \/>\n\u25baVagas: <strong>138<\/strong><br \/>\n\u25baEscolaridade: <strong>N\u00edvel Superior<\/strong><br \/>\n\u25baBanca:&nbsp;<strong><span style=\"color: #000000;\">ESAF<\/span><\/strong><br \/>\n\u25baEdital: <strong><a href=\"https:\/\/www.estrategiaconcursos.com.br\/blog\/wp-content\/uploads\/2017\/06\/Edital-Concurso-Susep.pdf\" target=\"_blank\" rel=\"noopener noreferrer\">Edital Susep 2010<\/a><\/strong><\/p>\n<p>Fernando Brito<br \/>\n<em>Ascom Estrat\u00e9gia<\/em><br \/>\nascomestrategia@gmail.com<\/p>\n<hr \/>\n<p style=\"text-align: center;\"><span style=\"font-size: 18pt;\"><em><strong>Receba not\u00edcias de Concursos no seu WhatsApp e\/ou Telegram!<\/strong><\/em><\/span><\/p>\n<p style=\"text-align: center;\"><em><strong><span style=\"font-size: 14pt;\">Cadastre-se clicando no \u00edcone abaixo<\/span><br \/>\n<a href=\"https:\/\/www.estrategiaconcursos.com.br\/blog\/noticias-de-concursos-whatsapp-estrategia-concursos\/\" target=\"_blank\" rel=\"noopener noreferrer\"><img loading=\"lazy\" decoding=\"async\" class=\"aligncenter wp-image-112824 \" src=\"https:\/\/www.estrategiaconcursos.com.br\/blog\/wp-content\/uploads\/2018\/03\/whatsapptelegram.png\" alt=\"\" width=\"220\" height=\"124\"\/><\/a><br \/>\n<\/strong><\/em><a href=\"https:\/\/www.estrategiaconcursos.com.br\/blog\/noticias-de-concursos-whatsapp-estrategia-concursos\/\" target=\"_blank\" rel=\"noopener noreferrer\">Not\u00edcias de concursos no seu WhatsApp e\/ou Telegram<\/a><\/p>\n","protected":false},"excerpt":{"rendered":"<p>A Superintend\u00eancia de Seguros Privados (Susep) confirmou dia 13 de junho de 2017, que o pedido feito pelo Minist\u00e9rio da Fazenda possui vagas destinadas ao \u00f3rg\u00e3o segurador (Concurso SUSEP). Ser\u00e3o ofertadas 55 vagas para Analista e Agente, cargos que exigem forma\u00e7\u00e3o de n\u00edvel superior e m\u00e9dio respectivamente. Em 2016, o \u00f3rg\u00e3o havia solicitado pedido de [&hellip;]<\/p>\n","protected":false},"author":1,"featured_media":77599,"comment_status":"open","ping_status":"open","sticky":false,"template":"","format":"standard","meta":{"post_tipo":"news","footnotes":""},"categories":[1],"tags":[48,961,960],"tax_estado":[],"class_list":["post-26741","post","type-post","status-publish","format-standard","has-post-thumbnail","hentry","category-cursos-e-concursos","tag-edital","tag-superintendencia-de-seguros-privados","tag-susep"],"acf":[],"yoast_head":"<!-- This site is optimized with the Yoast SEO Premium plugin v27.2 (Yoast SEO v27.2) - https:\/\/yoast.com\/product\/yoast-seo-premium-wordpress\/ -->\n<title>Concurso Susep: Minist\u00e9rio da Fazenda solicita concurso<\/title>\n<meta name=\"description\" content=\"Concurso Susep: Confira as \u00faltimas novidades sobre o concurso da Superintend\u00eancia de Seguros Privados (Susep).\" \/>\n<meta name=\"robots\" content=\"index, follow, max-snippet:-1, max-image-preview:large, max-video-preview:-1\" \/>\n<link rel=\"canonical\" href=\"https:\/\/www.estrategiaconcursos.com.br\/blog\/concurso-susep-2016\/\" \/>\n<meta property=\"og:locale\" content=\"pt_BR\" \/>\n<meta property=\"og:type\" content=\"article\" \/>\n<meta property=\"og:title\" content=\"Concurso Susep: Minist\u00e9rio da Fazenda solicita concurso para Analista e Agente. S\u00e3o 55 vagas!\" \/>\n<meta property=\"og:description\" content=\"Concurso Susep: Confira as \u00faltimas novidades sobre o concurso da Superintend\u00eancia de Seguros Privados (Susep).\" \/>\n<meta property=\"og:url\" content=\"https:\/\/www.estrategiaconcursos.com.br\/blog\/concurso-susep-2016\/\" \/>\n<meta property=\"og:site_name\" content=\"Estrat\u00e9gia Concursos\" \/>\n<meta property=\"article:author\" content=\"https:\/\/www.facebook.com\/EstrategiaConcursos\" \/>\n<meta property=\"article:published_time\" content=\"2018-01-13T08:00:01+00:00\" \/>\n<meta property=\"article:modified_time\" content=\"2020-07-10T16:50:48+00:00\" \/>\n<meta property=\"og:image\" content=\"https:\/\/dhg1h5j42swfq.cloudfront.net\/2016\/04\/13164631\/SUSEP-e1497383359896.jpg\" \/>\n\t<meta property=\"og:image:width\" content=\"400\" \/>\n\t<meta property=\"og:image:height\" content=\"209\" \/>\n\t<meta property=\"og:image:type\" content=\"image\/jpeg\" \/>\n<meta name=\"author\" content=\"Coordena\u00e7\u00e3o\" \/>\n<meta name=\"twitter:card\" content=\"summary_large_image\" \/>\n<meta name=\"twitter:creator\" content=\"@EstratConcursos\" \/>\n<meta name=\"twitter:site\" content=\"@EstratConcursos\" \/>\n<meta name=\"twitter:label1\" content=\"Escrito por\" \/>\n\t<meta name=\"twitter:data1\" content=\"Coordena\u00e7\u00e3o\" \/>\n\t<meta name=\"twitter:label2\" content=\"Est. tempo de leitura\" \/>\n\t<meta name=\"twitter:data2\" content=\"3 minutos\" \/>\n<script type=\"application\/ld+json\" class=\"yoast-schema-graph\">{\"@context\":\"https:\/\/schema.org\",\"@graph\":[{\"@type\":\"NewsArticle\",\"@id\":\"https:\/\/www.estrategiaconcursos.com.br\/blog\/concurso-susep-2016\/#article\",\"isPartOf\":{\"@id\":\"https:\/\/www.estrategiaconcursos.com.br\/blog\/concurso-susep-2016\/\"},\"author\":{\"name\":\"Coordena\u00e7\u00e3o\",\"@id\":\"https:\/\/www.estrategiaconcursos.com.br\/blog\/#\/schema\/person\/b4a388c97673c5f483d72185668afa1f\"},\"headline\":\"Concurso Susep: Minist\u00e9rio da Fazenda solicita concurso para Analista e Agente. S\u00e3o 55 vagas!\",\"datePublished\":\"2018-01-13T08:00:01+00:00\",\"dateModified\":\"2020-07-10T16:50:48+00:00\",\"mainEntityOfPage\":{\"@id\":\"https:\/\/www.estrategiaconcursos.com.br\/blog\/concurso-susep-2016\/\"},\"wordCount\":658,\"commentCount\":5,\"publisher\":{\"@id\":\"https:\/\/www.estrategiaconcursos.com.br\/blog\/#organization\"},\"image\":{\"@id\":\"https:\/\/www.estrategiaconcursos.com.br\/blog\/concurso-susep-2016\/#primaryimage\"},\"thumbnailUrl\":\"https:\/\/dhg1h5j42swfq.cloudfront.net\/2016\/04\/13164631\/SUSEP-e1497383359896.jpg\",\"keywords\":[\"edital\",\"Superintend\u00eancia de Seguros Privados\",\"Susep\"],\"articleSection\":[\"Concursos P\u00fablicos\"],\"inLanguage\":\"pt-BR\",\"potentialAction\":[{\"@type\":\"CommentAction\",\"name\":\"Comment\",\"target\":[\"https:\/\/www.estrategiaconcursos.com.br\/blog\/concurso-susep-2016\/#respond\"]}],\"copyrightYear\":\"2018\",\"copyrightHolder\":{\"@id\":\"https:\/\/www.estrategiaconcursos.com.br\/blog\/#organization\"}},{\"@type\":\"WebPage\",\"@id\":\"https:\/\/www.estrategiaconcursos.com.br\/blog\/concurso-susep-2016\/\",\"url\":\"https:\/\/www.estrategiaconcursos.com.br\/blog\/concurso-susep-2016\/\",\"name\":\"Concurso Susep: Minist\u00e9rio da Fazenda solicita concurso\",\"isPartOf\":{\"@id\":\"https:\/\/www.estrategiaconcursos.com.br\/blog\/#website\"},\"primaryImageOfPage\":{\"@id\":\"https:\/\/www.estrategiaconcursos.com.br\/blog\/concurso-susep-2016\/#primaryimage\"},\"image\":{\"@id\":\"https:\/\/www.estrategiaconcursos.com.br\/blog\/concurso-susep-2016\/#primaryimage\"},\"thumbnailUrl\":\"https:\/\/dhg1h5j42swfq.cloudfront.net\/2016\/04\/13164631\/SUSEP-e1497383359896.jpg\",\"datePublished\":\"2018-01-13T08:00:01+00:00\",\"dateModified\":\"2020-07-10T16:50:48+00:00\",\"description\":\"Concurso Susep: Confira as \u00faltimas novidades sobre o concurso da Superintend\u00eancia de Seguros Privados (Susep).\",\"breadcrumb\":{\"@id\":\"https:\/\/www.estrategiaconcursos.com.br\/blog\/concurso-susep-2016\/#breadcrumb\"},\"inLanguage\":\"pt-BR\",\"potentialAction\":[{\"@type\":\"ReadAction\",\"target\":[\"https:\/\/www.estrategiaconcursos.com.br\/blog\/concurso-susep-2016\/\"]}]},{\"@type\":\"ImageObject\",\"inLanguage\":\"pt-BR\",\"@id\":\"https:\/\/www.estrategiaconcursos.com.br\/blog\/concurso-susep-2016\/#primaryimage\",\"url\":\"https:\/\/dhg1h5j42swfq.cloudfront.net\/2016\/04\/13164631\/SUSEP-e1497383359896.jpg\",\"contentUrl\":\"https:\/\/dhg1h5j42swfq.cloudfront.net\/2016\/04\/13164631\/SUSEP-e1497383359896.jpg\",\"width\":400,\"height\":209,\"caption\":\"concurso SUSEP\"},{\"@type\":\"BreadcrumbList\",\"@id\":\"https:\/\/www.estrategiaconcursos.com.br\/blog\/concurso-susep-2016\/#breadcrumb\",\"itemListElement\":[{\"@type\":\"ListItem\",\"position\":1,\"name\":\"In\u00edcio\",\"item\":\"https:\/\/www.estrategiaconcursos.com.br\/blog\/\"},{\"@type\":\"ListItem\",\"position\":2,\"name\":\"Concurso Susep: Minist\u00e9rio da Fazenda solicita concurso para Analista e Agente. S\u00e3o 55 vagas!\"}]},{\"@type\":\"WebSite\",\"@id\":\"https:\/\/www.estrategiaconcursos.com.br\/blog\/#website\",\"url\":\"https:\/\/www.estrategiaconcursos.com.br\/blog\/\",\"name\":\"Estrat\u00e9gia Concursos\",\"description\":\"O blog da Estrat\u00e9gia Concursos traz not\u00edcias sobre concursos e artigos de professores oferecendo cursos para concursos (pdf + videaulas) no site.\",\"publisher\":{\"@id\":\"https:\/\/www.estrategiaconcursos.com.br\/blog\/#organization\"},\"potentialAction\":[{\"@type\":\"SearchAction\",\"target\":{\"@type\":\"EntryPoint\",\"urlTemplate\":\"https:\/\/www.estrategiaconcursos.com.br\/blog\/?s={search_term_string}\"},\"query-input\":{\"@type\":\"PropertyValueSpecification\",\"valueRequired\":true,\"valueName\":\"search_term_string\"}}],\"inLanguage\":\"pt-BR\"},{\"@type\":\"Organization\",\"@id\":\"https:\/\/www.estrategiaconcursos.com.br\/blog\/#organization\",\"name\":\"Estrat\u00e9gia Concursos\",\"url\":\"https:\/\/www.estrategiaconcursos.com.br\/blog\/\",\"logo\":{\"@type\":\"ImageObject\",\"inLanguage\":\"pt-BR\",\"@id\":\"https:\/\/www.estrategiaconcursos.com.br\/blog\/#\/schema\/logo\/image\/\",\"url\":\"https:\/\/dhg1h5j42swfq.cloudfront.net\/2025\/06\/03203428\/logo_concursos-1.jpg\",\"contentUrl\":\"https:\/\/dhg1h5j42swfq.cloudfront.net\/2025\/06\/03203428\/logo_concursos-1.jpg\",\"width\":230,\"height\":60,\"caption\":\"Estrat\u00e9gia Concursos\"},\"image\":{\"@id\":\"https:\/\/www.estrategiaconcursos.com.br\/blog\/#\/schema\/logo\/image\/\"},\"sameAs\":[\"https:\/\/x.com\/EstratConcursos\"]},{\"@type\":\"Person\",\"@id\":\"https:\/\/www.estrategiaconcursos.com.br\/blog\/#\/schema\/person\/b4a388c97673c5f483d72185668afa1f\",\"name\":\"Coordena\u00e7\u00e3o\",\"image\":{\"@type\":\"ImageObject\",\"inLanguage\":\"pt-BR\",\"@id\":\"https:\/\/secure.gravatar.com\/avatar\/b720319e4c9a967eb58678d110f4fe35452fc5d5f97b202bac7b8acceb18c6ad?s=96&d=mm&r=g\",\"url\":\"https:\/\/secure.gravatar.com\/avatar\/b720319e4c9a967eb58678d110f4fe35452fc5d5f97b202bac7b8acceb18c6ad?s=96&d=mm&r=g\",\"contentUrl\":\"https:\/\/secure.gravatar.com\/avatar\/b720319e4c9a967eb58678d110f4fe35452fc5d5f97b202bac7b8acceb18c6ad?s=96&d=mm&r=g\",\"caption\":\"Coordena\u00e7\u00e3o\"},\"sameAs\":[\"https:\/\/www.facebook.com\/EstrategiaConcursos\",\"https:\/\/x.com\/EstratConcursos\"],\"url\":\"https:\/\/www.estrategiaconcursos.com.br\/blog\/author\/estrategia2013\/\"}]}<\/script>\n<!-- \/ Yoast SEO Premium plugin. -->","yoast_head_json":{"title":"Concurso Susep: Minist\u00e9rio da Fazenda solicita concurso","description":"Concurso Susep: Confira as \u00faltimas novidades sobre o concurso da Superintend\u00eancia de Seguros Privados (Susep).","robots":{"index":"index","follow":"follow","max-snippet":"max-snippet:-1","max-image-preview":"max-image-preview:large","max-video-preview":"max-video-preview:-1"},"canonical":"https:\/\/www.estrategiaconcursos.com.br\/blog\/concurso-susep-2016\/","og_locale":"pt_BR","og_type":"article","og_title":"Concurso Susep: Minist\u00e9rio da Fazenda solicita concurso para Analista e Agente. S\u00e3o 55 vagas!","og_description":"Concurso Susep: Confira as \u00faltimas novidades sobre o concurso da Superintend\u00eancia de Seguros Privados (Susep).","og_url":"https:\/\/www.estrategiaconcursos.com.br\/blog\/concurso-susep-2016\/","og_site_name":"Estrat\u00e9gia Concursos","article_author":"https:\/\/www.facebook.com\/EstrategiaConcursos","article_published_time":"2018-01-13T08:00:01+00:00","article_modified_time":"2020-07-10T16:50:48+00:00","og_image":[{"width":400,"height":209,"url":"https:\/\/dhg1h5j42swfq.cloudfront.net\/2016\/04\/13164631\/SUSEP-e1497383359896.jpg","type":"image\/jpeg"}],"author":"Coordena\u00e7\u00e3o","twitter_card":"summary_large_image","twitter_creator":"@EstratConcursos","twitter_site":"@EstratConcursos","twitter_misc":{"Escrito por":"Coordena\u00e7\u00e3o","Est. tempo de leitura":"3 minutos"},"schema":{"@context":"https:\/\/schema.org","@graph":[{"@type":"NewsArticle","@id":"https:\/\/www.estrategiaconcursos.com.br\/blog\/concurso-susep-2016\/#article","isPartOf":{"@id":"https:\/\/www.estrategiaconcursos.com.br\/blog\/concurso-susep-2016\/"},"author":{"name":"Coordena\u00e7\u00e3o","@id":"https:\/\/www.estrategiaconcursos.com.br\/blog\/#\/schema\/person\/b4a388c97673c5f483d72185668afa1f"},"headline":"Concurso Susep: Minist\u00e9rio da Fazenda solicita concurso para Analista e Agente. S\u00e3o 55 vagas!","datePublished":"2018-01-13T08:00:01+00:00","dateModified":"2020-07-10T16:50:48+00:00","mainEntityOfPage":{"@id":"https:\/\/www.estrategiaconcursos.com.br\/blog\/concurso-susep-2016\/"},"wordCount":658,"commentCount":5,"publisher":{"@id":"https:\/\/www.estrategiaconcursos.com.br\/blog\/#organization"},"image":{"@id":"https:\/\/www.estrategiaconcursos.com.br\/blog\/concurso-susep-2016\/#primaryimage"},"thumbnailUrl":"https:\/\/dhg1h5j42swfq.cloudfront.net\/2016\/04\/13164631\/SUSEP-e1497383359896.jpg","keywords":["edital","Superintend\u00eancia de Seguros Privados","Susep"],"articleSection":["Concursos P\u00fablicos"],"inLanguage":"pt-BR","potentialAction":[{"@type":"CommentAction","name":"Comment","target":["https:\/\/www.estrategiaconcursos.com.br\/blog\/concurso-susep-2016\/#respond"]}],"copyrightYear":"2018","copyrightHolder":{"@id":"https:\/\/www.estrategiaconcursos.com.br\/blog\/#organization"}},{"@type":"WebPage","@id":"https:\/\/www.estrategiaconcursos.com.br\/blog\/concurso-susep-2016\/","url":"https:\/\/www.estrategiaconcursos.com.br\/blog\/concurso-susep-2016\/","name":"Concurso Susep: Minist\u00e9rio da Fazenda solicita concurso","isPartOf":{"@id":"https:\/\/www.estrategiaconcursos.com.br\/blog\/#website"},"primaryImageOfPage":{"@id":"https:\/\/www.estrategiaconcursos.com.br\/blog\/concurso-susep-2016\/#primaryimage"},"image":{"@id":"https:\/\/www.estrategiaconcursos.com.br\/blog\/concurso-susep-2016\/#primaryimage"},"thumbnailUrl":"https:\/\/dhg1h5j42swfq.cloudfront.net\/2016\/04\/13164631\/SUSEP-e1497383359896.jpg","datePublished":"2018-01-13T08:00:01+00:00","dateModified":"2020-07-10T16:50:48+00:00","description":"Concurso Susep: Confira as \u00faltimas novidades sobre o concurso da Superintend\u00eancia de Seguros Privados (Susep).","breadcrumb":{"@id":"https:\/\/www.estrategiaconcursos.com.br\/blog\/concurso-susep-2016\/#breadcrumb"},"inLanguage":"pt-BR","potentialAction":[{"@type":"ReadAction","target":["https:\/\/www.estrategiaconcursos.com.br\/blog\/concurso-susep-2016\/"]}]},{"@type":"ImageObject","inLanguage":"pt-BR","@id":"https:\/\/www.estrategiaconcursos.com.br\/blog\/concurso-susep-2016\/#primaryimage","url":"https:\/\/dhg1h5j42swfq.cloudfront.net\/2016\/04\/13164631\/SUSEP-e1497383359896.jpg","contentUrl":"https:\/\/dhg1h5j42swfq.cloudfront.net\/2016\/04\/13164631\/SUSEP-e1497383359896.jpg","width":400,"height":209,"caption":"concurso SUSEP"},{"@type":"BreadcrumbList","@id":"https:\/\/www.estrategiaconcursos.com.br\/blog\/concurso-susep-2016\/#breadcrumb","itemListElement":[{"@type":"ListItem","position":1,"name":"In\u00edcio","item":"https:\/\/www.estrategiaconcursos.com.br\/blog\/"},{"@type":"ListItem","position":2,"name":"Concurso Susep: Minist\u00e9rio da Fazenda solicita concurso para Analista e Agente. S\u00e3o 55 vagas!"}]},{"@type":"WebSite","@id":"https:\/\/www.estrategiaconcursos.com.br\/blog\/#website","url":"https:\/\/www.estrategiaconcursos.com.br\/blog\/","name":"Estrat\u00e9gia Concursos","description":"O blog da Estrat\u00e9gia Concursos traz not\u00edcias sobre concursos e artigos de professores oferecendo cursos para concursos (pdf + videaulas) no site.","publisher":{"@id":"https:\/\/www.estrategiaconcursos.com.br\/blog\/#organization"},"potentialAction":[{"@type":"SearchAction","target":{"@type":"EntryPoint","urlTemplate":"https:\/\/www.estrategiaconcursos.com.br\/blog\/?s={search_term_string}"},"query-input":{"@type":"PropertyValueSpecification","valueRequired":true,"valueName":"search_term_string"}}],"inLanguage":"pt-BR"},{"@type":"Organization","@id":"https:\/\/www.estrategiaconcursos.com.br\/blog\/#organization","name":"Estrat\u00e9gia Concursos","url":"https:\/\/www.estrategiaconcursos.com.br\/blog\/","logo":{"@type":"ImageObject","inLanguage":"pt-BR","@id":"https:\/\/www.estrategiaconcursos.com.br\/blog\/#\/schema\/logo\/image\/","url":"https:\/\/dhg1h5j42swfq.cloudfront.net\/2025\/06\/03203428\/logo_concursos-1.jpg","contentUrl":"https:\/\/dhg1h5j42swfq.cloudfront.net\/2025\/06\/03203428\/logo_concursos-1.jpg","width":230,"height":60,"caption":"Estrat\u00e9gia Concursos"},"image":{"@id":"https:\/\/www.estrategiaconcursos.com.br\/blog\/#\/schema\/logo\/image\/"},"sameAs":["https:\/\/x.com\/EstratConcursos"]},{"@type":"Person","@id":"https:\/\/www.estrategiaconcursos.com.br\/blog\/#\/schema\/person\/b4a388c97673c5f483d72185668afa1f","name":"Coordena\u00e7\u00e3o","image":{"@type":"ImageObject","inLanguage":"pt-BR","@id":"https:\/\/secure.gravatar.com\/avatar\/b720319e4c9a967eb58678d110f4fe35452fc5d5f97b202bac7b8acceb18c6ad?s=96&d=mm&r=g","url":"https:\/\/secure.gravatar.com\/avatar\/b720319e4c9a967eb58678d110f4fe35452fc5d5f97b202bac7b8acceb18c6ad?s=96&d=mm&r=g","contentUrl":"https:\/\/secure.gravatar.com\/avatar\/b720319e4c9a967eb58678d110f4fe35452fc5d5f97b202bac7b8acceb18c6ad?s=96&d=mm&r=g","caption":"Coordena\u00e7\u00e3o"},"sameAs":["https:\/\/www.facebook.com\/EstrategiaConcursos","https:\/\/x.com\/EstratConcursos"],"url":"https:\/\/www.estrategiaconcursos.com.br\/blog\/author\/estrategia2013\/"}]}},"_links":{"self":[{"href":"https:\/\/www.estrategiaconcursos.com.br\/blog\/wp-json\/wp\/v2\/posts\/26741","targetHints":{"allow":["GET"]}}],"collection":[{"href":"https:\/\/www.estrategiaconcursos.com.br\/blog\/wp-json\/wp\/v2\/posts"}],"about":[{"href":"https:\/\/www.estrategiaconcursos.com.br\/blog\/wp-json\/wp\/v2\/types\/post"}],"author":[{"embeddable":true,"href":"https:\/\/www.estrategiaconcursos.com.br\/blog\/wp-json\/wp\/v2\/users\/1"}],"replies":[{"embeddable":true,"href":"https:\/\/www.estrategiaconcursos.com.br\/blog\/wp-json\/wp\/v2\/comments?post=26741"}],"version-history":[{"count":18,"href":"https:\/\/www.estrategiaconcursos.com.br\/blog\/wp-json\/wp\/v2\/posts\/26741\/revisions"}],"predecessor-version":[{"id":540354,"href":"https:\/\/www.estrategiaconcursos.com.br\/blog\/wp-json\/wp\/v2\/posts\/26741\/revisions\/540354"}],"wp:featuredmedia":[{"embeddable":true,"href":"https:\/\/www.estrategiaconcursos.com.br\/blog\/wp-json\/wp\/v2\/media\/77599"}],"wp:attachment":[{"href":"https:\/\/www.estrategiaconcursos.com.br\/blog\/wp-json\/wp\/v2\/media?parent=26741"}],"wp:term":[{"taxonomy":"category","embeddable":true,"href":"https:\/\/www.estrategiaconcursos.com.br\/blog\/wp-json\/wp\/v2\/categories?post=26741"},{"taxonomy":"post_tag","embeddable":true,"href":"https:\/\/www.estrategiaconcursos.com.br\/blog\/wp-json\/wp\/v2\/tags?post=26741"},{"taxonomy":"tax_estado","embeddable":true,"href":"https:\/\/www.estrategiaconcursos.com.br\/blog\/wp-json\/wp\/v2\/tax_estado?post=26741"}],"curies":[{"name":"wp","href":"https:\/\/api.w.org\/{rel}","templated":true}]}}