{"id":26650,"date":"2015-09-01T23:31:11","date_gmt":"2015-09-02T02:31:11","guid":{"rendered":"http:\/\/www.estrategiaconcursos.com.br\/blog\/?p=26650"},"modified":"2015-09-01T23:32:15","modified_gmt":"2015-09-02T02:32:15","slug":"tre-ma-tecnico-judiciario-prova-de-portugues-comentada","status":"publish","type":"post","link":"https:\/\/www.estrategiaconcursos.com.br\/blog\/tre-ma-tecnico-judiciario-prova-de-portugues-comentada\/","title":{"rendered":"TRE-MA &#8211; T\u00e9cnico Judici\u00e1rio &#8211; Prova de Portugu\u00eas COMENTADA."},"content":{"rendered":"<p>Ol\u00e1, alunos, tudo bem?<\/p>\n<p>Venho agora comentar a prova do TRE-MA para <strong>T\u00e9cnico Judici\u00e1rio<\/strong>, todas as \u00e1reas!!! Como era esperado, a banca IESES elaborou uma prova simples com pouco conte\u00fado gramatical. Al\u00e9m de interpreta\u00e7\u00e3o textual (quest\u00f5es 1 e 2), cobrou tamb\u00e9m valor sem\u00e2ntico, pontua\u00e7\u00e3o, concord\u00e2ncia, acentua\u00e7\u00e3o e novo acordo ortogr\u00e1fico. A prova foi f\u00e1cil, n\u00e3o cabendo recurso. Concordo com o gabarito!<\/p>\n<p>Confiram!!<\/p>\n<p>Leia o texto a seguir para responder as quest\u00f5es sobre seu conte\u00fado.<\/p>\n<p>A \u00c1GUA QUE VEM DO AR<\/p>\n<p>Na falta de chuvas, ningu\u00e9m precisa passar sede. E nem depender da dessaliniza\u00e7\u00e3o do mar, um processo caro e de log\u00edstica complexa. Conhe\u00e7a a regi\u00e3o no meio do deserto chileno que tira \u00e1gua do ar, sem gastar um pingo de energia.<br \/>\nPor: Fellipe Abreu; Luiz Felipe Silva. Editado por: Karin Hueck. Adaptado de: http:\/\/super.abril.com.br\/ideias\/a-agua-que-vem-do-ar Acesso em 18 jul. 2015.<\/p>\n<p>Entre a longa Cordilheira dos Andes e o Oceano Pac\u00edfico, no pa\u00eds mais esticado do mundo, est\u00e1 o maior deserto latino-americano, o chileno Atacama. A aridez domina a regi\u00e3o e os munic\u00edpios pr\u00f3ximos &#8211; s\u00e3o quase 1.500 km de extens\u00e3o onde a m\u00e9dia de chuvas \u00e9 de 0,1 mm ao ano, com \u00e1reas onde a \u00e1gua fica sem cair por s\u00e9culos. Nesse mar de sequid\u00e3o, fica a regi\u00e3o de Coquimbo, no munic\u00edpio de Chungungo, que \u00e9 banhado pelo mar, e onde choveu apenas cinco vezes em todo o ano de 2013. Na \u00e1rea, a m\u00e9dia hist\u00f3rica de chuvas \u00e9 de apenas 100 mm ao ano &#8211; contra 1.500 mm em S\u00e3o Paulo, por exemplo. Mas, ao contr\u00e1rio da capital paulista, aqui n\u00e3o falta \u00e1gua &#8211; \u00e9 poss\u00edvel tir\u00e1-la do ar.<br \/>\nO que acontece em Coquimbo \u00e9 que faltam chuvas, mas sobram nuvens hiper\u00famidas. S\u00e3o as &#8220;nieblas costeras&#8221;, que se formam sobre a orla, movem-se em dire\u00e7\u00e3o ao continente e acabam aprisionadas por uma serra, num fen\u00f4meno chamado de camanchaca, as &#8220;chuvas horizontais&#8221;. A camanchaca acontece em condi\u00e7\u00f5es muito espec\u00edficas de geografia, clima e correntes mar\u00edtimas, e \u00e9 bem comum ao longo do litoral peruano e chileno. Essa neblina \u00e9 composta por min\u00fasculas gotas de \u00e1gua, que, de t\u00e3o leves, se mant\u00eam suspensas no ar. Se a nuvem encontrar algum tipo de obst\u00e1culo, as part\u00edculas de \u00e1gua se chocam umas com as outras e come\u00e7am a se concentrar. Alcan\u00e7am, ent\u00e3o, peso suficiente para cair, virar gotas de \u00e1gua, e deixar um rastro de umidade por onde passam. Nas regi\u00f5es em que o fen\u00f4meno acontece, \u00e9 comum encontrar \u00e1rvores eternamente encharcadas e animais com os pelos molhados o tempo todo. A umidade \u00e9 vis\u00edvel por aqui. Nas altitudes entre 600 e 1.200 metros, onde o fato \u00e9 mais intenso, a vegeta\u00e7\u00e3o \u00e9 abundante e frondosa &#8211; ao contr\u00e1rio das zonas em que as neblinas costeiras n\u00e3o acontecem, e que t\u00eam solo seco e pouca flora. Foi observando esse contraste que, h\u00e1 50 anos, pesquisadores da Universidad de Chile tiveram uma ideia: se a \u00e1gua n\u00e3o cai das nuvens, ser\u00e1 que daria para peg\u00e1-la de dentro delas? Assim nasceu a ideia dos atrapanieblas (em portugu\u00eas, algo como &#8220;capta-nuvem&#8221;) &#8211; artefatos criados para tirar, literalmente, \u00e1gua do ar.<br \/>\nAs engenhocas s\u00e3o simples: basta esticar malhas de polietileno de alta densidade (parecidas com as que s\u00e3o usadas para proteger planta\u00e7\u00f5es do sol), de at\u00e9 150 metros de largura, entre dois postes de madeira ou a\u00e7o. A neblina passa pela malha, mas os fios de pl\u00e1stico ret\u00eam parte da umidade, que condensa, vira \u00e1gua e escorre at\u00e9 uma canaleta que leva a um reservat\u00f3rio. O neg\u00f3cio \u00e9 barato e eficiente: cada metro quadrado da malha capta, em m\u00e9dia, 4 litros de \u00e1gua por dia, e um atrapaniebla de 40 m2 custa entre US$ 1.000 e 1.500. Para melhorar, o modelo \u00e9 100% sustent\u00e1vel. N\u00e3o atrapalha a flora e a fauna, e funciona durante quase o ano todo, o que torna poss\u00edvel planejar a produ\u00e7\u00e3o de \u00e1gua. Mas n\u00e3o para por a\u00ed: a verdadeira vantagem \u00e9 que os atrapanieblas n\u00e3o utilizam luz el\u00e9trica. Diferentemente de outros m\u00e9todos caros de obten\u00e7\u00e3o de \u00e1gua em regi\u00f5es secas, como a dessaliniza\u00e7\u00e3o do mar, eles n\u00e3o precisam de energia para funcionar. O vento trata de espremer as nuvens pelas malhas, e a gravidade cuida de carregar a \u00e1gua at\u00e9 os baldes. Perfeito.<br \/>\nInfelizmente, o projeto n\u00e3o \u00e9 replic\u00e1vel no mundo todo por causa das condi\u00e7\u00f5es necess\u00e1rias de clima e temperatura. Mas pa\u00edses como M\u00e9xico e Peru tamb\u00e9m utilizam a t\u00e9cnica. No \u00e1rido Estado de Quer\u00e9taro, na regi\u00e3o central do M\u00e9xico, e nas secas \u00e1reas costeiras do Peru &#8211; que inclui a capital Lima, onde a m\u00e9dia anual de pluviosidade \u00e9 de menos de 10 mm, mas cuja umidade relativa do ar chega a 98% -, o projeto j\u00e1 funciona em larga escala. O maior complexo de malha do mundo, contudo, localiza-se em Tojquia, Guatemala: s\u00e3o 60 captadores que, ao todo, comp\u00f5em uma rede de 1.440 m2 e captam quase 4 mil litros de \u00e1gua diariamente, abastecendo cerca de 30 fam\u00edlias. Sem gastar energia.<\/p>\n<p>ASSUNTO: INTERPRETA\u00c7\u00c3O TEXTUAL.<br \/>\n1. Assinale a alternativa correta. O texto objetiva, principalmente, mostrar que:<br \/>\na) H\u00e1 formas in\u00e9ditas de capta\u00e7\u00e3o de \u00e1gua ainda pouco utilizadas por regi\u00f5es em que a pluviosidade \u00e9 baixa.<br \/>\nb) Apesar de econ\u00f4mico, o processo de capta\u00e7\u00e3o de \u00e1gua apresentado n\u00e3o \u00e9 aplic\u00e1vel no mundo todo.<br \/>\nc) Em regi\u00f5es como a do deserto chileno \u00e9 poss\u00edvel extrair \u00e1gua das nuvens atrav\u00e9s de uma estrutura chamada camanchaca.<br \/>\nd) Em regi\u00f5es em que as condi\u00e7\u00f5es clim\u00e1ticas permitem, \u00e9 poss\u00edvel, de forma econ\u00f4mica, captar \u00e1gua atrav\u00e9s de um processo chamado \u201catrapanieblas\u201d.<\/p>\n<p>Coment\u00e1rio: a alternativa D explicita o objetivo do texto. As outras alternativas podem at\u00e9 trazer algo que est\u00e1 no texto, como \u00e9 o caso da B e da A, mas n\u00e3o o que o texto objetiva. Vamos analisar o erro das outras:<br \/>\na) H\u00e1 formas in\u00e9ditas de capta\u00e7\u00e3o de \u00e1gua ainda pouco utilizadas por regi\u00f5es em que a pluviosidade \u00e9 baixa.<br \/>\nO texto apresenta uma forma in\u00e9dita de capta\u00e7\u00e3o de \u00e1gua, mas esse n\u00e3o \u00e9 o objetivo principal dele.<br \/>\nb) Apesar de econ\u00f4mico, o processo de capta\u00e7\u00e3o de \u00e1gua apresentado n\u00e3o \u00e9 aplic\u00e1vel no mundo todo.<br \/>\nTal informa\u00e7\u00e3o n\u00e3o \u00e9 a principal, ela est\u00e1 incompleta! Por que o processo de capta\u00e7\u00e3o de \u00e1gua apresentado n\u00e3o \u00e9 aplic\u00e1vel no mundo todo?<br \/>\nc) Em regi\u00f5es como a do deserto chileno \u00e9 poss\u00edvel extrair \u00e1gua das nuvens atrav\u00e9s de uma estrutura chamada camanchaca.<br \/>\nA estrutura usada para captar \u00e1gua das nuvens chama-se \u201catrapanieblas\u201d.<\/p>\n<p>ASSUNTO: INTERPRETA\u00c7\u00c3O TEXTUAL.<br \/>\n2. Todas as ideias est\u00e3o presentes no texto, EXCETO uma. Assinale-a.<br \/>\na) Em lugares em que a neblina costeira n\u00e3o ocorre, o solo \u00e9 seco e a vegeta\u00e7\u00e3o \u00e9 pouco abundante.<br \/>\nb) Camanchaca \u00e9 o nome dado a uma neblina (chuva horizontal) que umedece as regi\u00f5es onde ocorre.<br \/>\nc) A camanchaca, ou chuva horizontal, \u00e9 um fen\u00f4meno em que nuvens super\u00famidas se formam e acabam presas por uma serra. Esse fen\u00f4meno n\u00e3o ocorre em todo o mundo, sendo exclusivo do litoral chileno.<br \/>\nd) Os atrapanieblas s\u00e3o estruturas capazes de reter \u00e1gua das nuvens, mandando-a para um reservat\u00f3rio, num processo de baixo custo em rela\u00e7\u00e3o a outras formas de capta\u00e7\u00e3o de \u00e1gua em regi\u00f5es secas.<\/p>\n<p>Coment\u00e1rio: releia o seguinte trecho para constatar que a alternativa C est\u00e1 incorreta com rela\u00e7\u00e3o ao texto:<br \/>\n\u201cA camanchaca acontece em condi\u00e7\u00f5es muito espec\u00edficas de geografia, clima e correntes mar\u00edtimas, e \u00e9 bem comum ao longo do litoral peruano e chileno\u201d.<br \/>\nA camanchaca n\u00e3o \u00e9 exclusivo do litoral chileno!<br \/>\nGABARITO: C<\/p>\n<p>ASSUNTO: VALOR SEM\u00c2NTICO. CONCORD\u00c2NCIA. USO DA V\u00cdRGULA.<br \/>\n3. Assinale a \u00fanica alternativa correta.<br \/>\na) A express\u00e3o \u201ce nem\u201d, presente no subt\u00edtulo: \u201cE nem depender da dessaliniza\u00e7\u00e3o do mar, um processo caro e de log\u00edstica complexa.\u201d, \u00e9 uma locu\u00e7\u00e3o conjuntiva e tem valor de oposi\u00e7\u00e3o.<br \/>\nb) A simples substitui\u00e7\u00e3o do termo \u201cno munic\u00edpio\u201d por \u201cna cidade\u201d n\u00e3o alteraria a corre\u00e7\u00e3o do seguinte per\u00edodo: \u201cNesse mar de sequid\u00e3o, fica a regi\u00e3o de Coquimbo, no munic\u00edpio de Chungungo, que \u00e9 banhado pelo mar, e onde choveu apenas cinco vezes em todo o ano de 2013.\u201d.<br \/>\nc) Todas as ocorr\u00eancias do termo \u201conde\u201d, destacadas no texto, t\u00eam o mesmo valor sem\u00e2ntico.<br \/>\nd) A v\u00edrgula n\u00e3o deve aparecer antes da conjun\u00e7\u00e3o \u201ce\u201d, portanto, foi incorretamente empregada no trecho: \u201cO vento trata de espremer as nuvens pelas malhas, e a gravidade cuida de carregara \u00e1gua at\u00e9 os baldes.\u201d.<\/p>\n<p>Coment\u00e1rio: vamos analisar cada alternativa<br \/>\na) A express\u00e3o \u201ce nem\u201d, presente no subt\u00edtulo: \u201cE nem depender da dessaliniza\u00e7\u00e3o do mar, um processo caro e de log\u00edstica complexa.\u201d, \u00e9 uma locu\u00e7\u00e3o conjuntiva e tem valor de oposi\u00e7\u00e3o.<br \/>\nERRADO. \u201cE nem\u201d \u00e9 uma locu\u00e7\u00e3o conjuntiva com valor de adi\u00e7\u00e3o.<\/p>\n<p>b) A simples substitui\u00e7\u00e3o do termo \u201cno munic\u00edpio\u201d por \u201cna cidade\u201d n\u00e3o alteraria a corre\u00e7\u00e3o do seguinte per\u00edodo: \u201cNesse mar de sequid\u00e3o, fica a regi\u00e3o de Coquimbo, no munic\u00edpio de Chungungo, que \u00e9 banhado pelo mar, e onde choveu apenas cinco vezes em todo o ano de 2013.\u201d.<br \/>\nA altera\u00e7\u00e3o acarretaria em mudan\u00e7a de sentido. No texto original, \u201cbanhado\u201d concorda no masculino com \u201cmunic\u00edpio\u201d. Com a altera\u00e7\u00e3o, a concord\u00e2ncia dever\u00e1 ser feita no feminino, podendo ser tanto com \u201ccidade\u201d quanto com regi\u00e3o\u201d.<\/p>\n<p>c) Todas as ocorr\u00eancias do termo \u201conde\u201d, destacadas no texto, t\u00eam o mesmo valor sem\u00e2ntico.<br \/>\nCORRETO. Em todos os casos, o \u201conde\u201d tem valor locativo.<\/p>\n<p>d) A v\u00edrgula n\u00e3o deve aparecer antes da conjun\u00e7\u00e3o \u201ce\u201d, portanto, foi incorretamente empregada no trecho: \u201cO vento trata de espremer as nuvens pelas malhas, e a gravidade cuida de carregara \u00e1gua at\u00e9 os baldes.\u201d.<br \/>\nERRADO. A v\u00edrgula pode ser usada antes do \u201ce\u201d em tr\u00eas casos espec\u00edficos: quando as ora\u00e7\u00f5es coordenadas tiverem sujeitos diferentes, como \u00e9 o caso da alternativa em an\u00e1lise, quando a conjun\u00e7\u00e3o \u201ce\u201d vier repetida com a finalidade de dar \u00eanfase ou quando a conjun\u00e7\u00e3o assumir valores distintos que n\u00e3o seja da adi\u00e7\u00e3o (adversidade, consequ\u00eancia, por exemplo).<\/p>\n<p>GABARITO: C<\/p>\n<p>ASSUNTO: NOVO ACORDO ORTOGR\u00c1FICO.<br \/>\n4. A palavra \u201chiper\u00famidas\u201d, destacada no texto, obedece \u00e0s regras do novo acordo ortogr\u00e1fico, assim como todas as palavras que comp\u00f5em as frases de qual das alternativas? Assinale-a.<br \/>\na) A antessala estava repleta de pessoas super-preparadas para julgar o anteprojeto.<br \/>\nb) A transfer\u00eancia inter-hospitalar deve ocorrer impreterivelmente no est\u00e1gio pr\u00e9-operat\u00f3rio.<br \/>\nc) O campeonato interregional se realizar\u00e1 sob a co-ordena\u00e7\u00e3o da comiss\u00e3o pr\u00e9-definida em reuni\u00e3o.<br \/>\nd) Deu um portarretrato ao ex-aluno como presente pela formatura na p\u00f3s-gradua\u00e7\u00e3o.<\/p>\n<p>Coment\u00e1rio: vamos analisar cada alternativa:<br \/>\na) A antessala estava repleta de pessoas super-preparadas para julgar o anteprojeto.<br \/>\n&#8211; Superpreparadas &gt;&gt; se o primeiro elemento terminar com consoante e o segundo elemento come\u00e7ar com consoante diferente, n\u00e3o se usa h\u00edfen.<br \/>\nb) A transfer\u00eancia inter-hospitalar deve ocorrer impreterivelmente no est\u00e1gio pr\u00e9-operat\u00f3rio.<br \/>\n&#8211; Inter-hospitalar &gt;&gt; Ok! Quando a segunda palavra \u00e9 iniciada por \u201ch\u201d, deve ser separada por h\u00edfen.<br \/>\nc) O campeonato interregional se realizar\u00e1 sob a co-ordena\u00e7\u00e3o da comiss\u00e3o pr\u00e9-definida em reuni\u00e3o.<br \/>\n&#8211; Inter-regional &gt;&gt; O h\u00edfen permanece quando o prefixo termina com \u201cr\u201d (hiper, inter e super) e a primeira letra do segundo elemento tamb\u00e9m \u00e9 \u201cr\u201d.<br \/>\n&#8211; Coordena\u00e7\u00e3o &gt;&gt; n\u00e3o se usa h\u00edfen com o prefixo \u201cco\u201d.<br \/>\nd) Deu um portarretrato ao ex-aluno como presente pela formatura na p\u00f3s-gradua\u00e7\u00e3o.<br \/>\n&#8211; Porta-retratos &gt;&gt; temos verbo + substantivo (porta, do verbo portar), o que justifica o emprego do h\u00edfen. O novo Acordo n\u00e3o modificou esta regra.<br \/>\nGABARITO: B<\/p>\n<p>ASSUNTO: PONTUA\u00c7\u00c3O.<br \/>\n5. Assinale a alternativa em que h\u00e1 ERRO quanto ao emprego dos sinais de pontua\u00e7\u00e3o.<br \/>\na) Coquimbo, que \u00e9 banhada pelo Oceano Pac\u00edfico, possui uma \u00e1rea de 1.429,3 km\u00b2 e uma popula\u00e7\u00e3o de 163.036 habitantes.<br \/>\nb) Coquimbo, uma das 15 regi\u00f5es do Chile, \u00e9 banhada a oeste, pelo Oceano Pac\u00edfico; e faz divisa, a leste, com a Argentina.<br \/>\nc) Coquimbo faz divisa, ao norte, com a regi\u00e3o de Atacama; e ao sul, com a regi\u00e3o de Valpara\u00edso.<br \/>\nd) Coquimbo recebe grandes quantidades de turistas, que v\u00eam atra\u00eddos por extensas e estupendas praias, como La Herradura, a mais famosa de todas.<\/p>\n<p>Coment\u00e1rio: a alternativa errada \u00e9 a B, vejam:<br \/>\nb) Coquimbo, uma das 15 regi\u00f5es do Chile, \u00e9 banhada a oeste, (1 &#8211; v\u00edrgula desnecess\u00e1ria) pelo Oceano Pac\u00edfico; (2 &#8211; ponto e v\u00edrgula desnecess\u00e1rio) e faz divisa, a leste, com a Argentina.<br \/>\nO correto seria:<br \/>\nCoquimbo, uma das 15 regi\u00f5es do Chile, \u00e9 banhada a oeste pelo Oceano Pac\u00edfico e faz divisa, a leste, com a Argentina.<br \/>\n1 \u2013 n\u00e3o se separa com v\u00edrgula uma sequ\u00eancia l\u00f3gica como \u201c\u00e9 banhada a oeste pelo Oceano Pac\u00edfico\u201d.<br \/>\n2 \u2013 n\u00e3o devemos usar v\u00edrgula nem ponto e v\u00edrgula antes da conjun\u00e7\u00e3o \u201ce\u201d, a n\u00e3o ser em casos espec\u00edficos (quando as ora\u00e7\u00f5es coordenadas tiverem sujeitos diferentes, quando a conjun\u00e7\u00e3o \u201ce\u201d vier repetida com a finalidade de dar \u00eanfase ou quando a conjun\u00e7\u00e3o assumir valores distintos que n\u00e3o seja da adi\u00e7\u00e3o).<br \/>\nGABARITO: B<\/p>\n<p>ASSUNTO: ACENTUA\u00c7\u00c3O.<br \/>\n6. Observe a acentua\u00e7\u00e3o da palavra \u201cdilu\u00edda\u201d. Agora escolha a alternativa que contenha uma palavra que seja acentuada pela mesma raz\u00e3o.<br \/>\na) Conclu\u00edram.<br \/>\nb) J\u00fari.<br \/>\nc) \u00cdris.<br \/>\nd) Dif\u00edcil.<\/p>\n<p>Coment\u00e1rio: a palavra \u201cdilu\u00edda\u201d no \u201c\u00ed\u201d t\u00f4nico, sendo ele a segunda vogal do hiato (u &#8211; \u00ed) e n\u00e3o seguido por \u201cnh\u201d, o que tamb\u00e9m ocorre com \u201cconclu\u00edram\u201d, da alternativa A.<br \/>\nGABARITO: A<\/p>\n<p>\u00c9 isso, pessoal!!!<\/p>\n<p>Fiquem com Deus!!<\/p>\n<p>Rafaela Freitas.<\/p>\n","protected":false},"excerpt":{"rendered":"<p>Ol\u00e1, alunos, tudo bem? Venho agora comentar a prova do TRE-MA para T\u00e9cnico Judici\u00e1rio, todas as \u00e1reas!!! Como era esperado, a banca IESES elaborou uma prova simples com pouco conte\u00fado gramatical. Al\u00e9m de interpreta\u00e7\u00e3o textual (quest\u00f5es 1 e 2), cobrou tamb\u00e9m valor sem\u00e2ntico, pontua\u00e7\u00e3o, concord\u00e2ncia, acentua\u00e7\u00e3o e novo acordo ortogr\u00e1fico. A prova foi f\u00e1cil, n\u00e3o [&hellip;]<\/p>\n","protected":false},"author":190,"featured_media":0,"comment_status":"open","ping_status":"open","sticky":false,"template":"","format":"standard","meta":{"post_tipo":"article","footnotes":""},"categories":[],"tags":[955,953,769,954],"tax_estado":[],"class_list":["post-26650","post","type-post","status-publish","format-standard","hentry","tag-prova-de-portugues-tre_ma-comentada-2015","tag-prova-de-portugues-tre-ma-2015","tag-tre-ma","tag-tre-ma-tecnico-judiciario-comentada"],"acf":[],"yoast_head":"<!-- This site is optimized with the Yoast SEO Premium plugin v27.2 (Yoast SEO v27.2) - https:\/\/yoast.com\/product\/yoast-seo-premium-wordpress\/ -->\n<title>TRE-MA - T\u00e9cnico Judici\u00e1rio comentada<\/title>\n<meta name=\"description\" content=\"Prova de portugu\u00eas do TER-MA para t\u00e9cnico Judici\u00e1rio comentada.\" \/>\n<meta name=\"robots\" content=\"index, follow, max-snippet:-1, max-image-preview:large, max-video-preview:-1\" \/>\n<link rel=\"canonical\" href=\"https:\/\/www.estrategiaconcursos.com.br\/blog\/tre-ma-tecnico-judiciario-prova-de-portugues-comentada\/\" \/>\n<meta property=\"og:locale\" content=\"pt_BR\" \/>\n<meta property=\"og:type\" content=\"article\" \/>\n<meta property=\"og:title\" content=\"TRE-MA - T\u00e9cnico Judici\u00e1rio - Prova de Portugu\u00eas COMENTADA.\" \/>\n<meta property=\"og:description\" content=\"Prova de portugu\u00eas do TER-MA para t\u00e9cnico Judici\u00e1rio comentada.\" \/>\n<meta property=\"og:url\" content=\"https:\/\/www.estrategiaconcursos.com.br\/blog\/tre-ma-tecnico-judiciario-prova-de-portugues-comentada\/\" \/>\n<meta property=\"og:site_name\" content=\"Estrat\u00e9gia Concursos\" \/>\n<meta property=\"article:published_time\" content=\"2015-09-02T02:31:11+00:00\" \/>\n<meta property=\"article:modified_time\" content=\"2015-09-02T02:32:15+00:00\" \/>\n<meta name=\"author\" content=\"Rafaela Freitas\" \/>\n<meta name=\"twitter:card\" content=\"summary_large_image\" \/>\n<meta name=\"twitter:creator\" content=\"@EstratConcursos\" \/>\n<meta name=\"twitter:site\" content=\"@EstratConcursos\" \/>\n<meta name=\"twitter:label1\" content=\"Escrito por\" \/>\n\t<meta name=\"twitter:data1\" content=\"Rafaela Freitas\" \/>\n\t<meta name=\"twitter:label2\" content=\"Est. tempo de leitura\" \/>\n\t<meta name=\"twitter:data2\" content=\"12 minutos\" \/>\n<script type=\"application\/ld+json\" class=\"yoast-schema-graph\">{\"@context\":\"https:\/\/schema.org\",\"@graph\":[{\"@type\":\"NewsArticle\",\"@id\":\"https:\/\/www.estrategiaconcursos.com.br\/blog\/tre-ma-tecnico-judiciario-prova-de-portugues-comentada\/#article\",\"isPartOf\":{\"@id\":\"https:\/\/www.estrategiaconcursos.com.br\/blog\/tre-ma-tecnico-judiciario-prova-de-portugues-comentada\/\"},\"author\":{\"name\":\"Rafaela Freitas\",\"@id\":\"https:\/\/www.estrategiaconcursos.com.br\/blog\/#\/schema\/person\/b91f2c79fa09f992bd34e4182afb626c\"},\"headline\":\"TRE-MA &#8211; T\u00e9cnico Judici\u00e1rio &#8211; Prova de Portugu\u00eas COMENTADA.\",\"datePublished\":\"2015-09-02T02:31:11+00:00\",\"dateModified\":\"2015-09-02T02:32:15+00:00\",\"mainEntityOfPage\":{\"@id\":\"https:\/\/www.estrategiaconcursos.com.br\/blog\/tre-ma-tecnico-judiciario-prova-de-portugues-comentada\/\"},\"wordCount\":2401,\"commentCount\":4,\"publisher\":{\"@id\":\"https:\/\/www.estrategiaconcursos.com.br\/blog\/#organization\"},\"keywords\":[\"Prova de Portugu\u00eas TRE_MA comentada 2015\",\"Prova de portugu\u00eas TRE-MA 2015\",\"TRE-MA\",\"TRE-MA T\u00e9cnico Judici\u00e1rio comentada\"],\"inLanguage\":\"pt-BR\",\"potentialAction\":[{\"@type\":\"CommentAction\",\"name\":\"Comment\",\"target\":[\"https:\/\/www.estrategiaconcursos.com.br\/blog\/tre-ma-tecnico-judiciario-prova-de-portugues-comentada\/#respond\"]}],\"copyrightYear\":\"2015\",\"copyrightHolder\":{\"@id\":\"https:\/\/www.estrategiaconcursos.com.br\/blog\/#organization\"}},{\"@type\":\"WebPage\",\"@id\":\"https:\/\/www.estrategiaconcursos.com.br\/blog\/tre-ma-tecnico-judiciario-prova-de-portugues-comentada\/\",\"url\":\"https:\/\/www.estrategiaconcursos.com.br\/blog\/tre-ma-tecnico-judiciario-prova-de-portugues-comentada\/\",\"name\":\"TRE-MA - T\u00e9cnico Judici\u00e1rio comentada\",\"isPartOf\":{\"@id\":\"https:\/\/www.estrategiaconcursos.com.br\/blog\/#website\"},\"datePublished\":\"2015-09-02T02:31:11+00:00\",\"dateModified\":\"2015-09-02T02:32:15+00:00\",\"description\":\"Prova de portugu\u00eas do TER-MA para t\u00e9cnico Judici\u00e1rio comentada.\",\"breadcrumb\":{\"@id\":\"https:\/\/www.estrategiaconcursos.com.br\/blog\/tre-ma-tecnico-judiciario-prova-de-portugues-comentada\/#breadcrumb\"},\"inLanguage\":\"pt-BR\",\"potentialAction\":[{\"@type\":\"ReadAction\",\"target\":[\"https:\/\/www.estrategiaconcursos.com.br\/blog\/tre-ma-tecnico-judiciario-prova-de-portugues-comentada\/\"]}]},{\"@type\":\"BreadcrumbList\",\"@id\":\"https:\/\/www.estrategiaconcursos.com.br\/blog\/tre-ma-tecnico-judiciario-prova-de-portugues-comentada\/#breadcrumb\",\"itemListElement\":[{\"@type\":\"ListItem\",\"position\":1,\"name\":\"In\u00edcio\",\"item\":\"https:\/\/www.estrategiaconcursos.com.br\/blog\/\"},{\"@type\":\"ListItem\",\"position\":2,\"name\":\"TRE-MA &#8211; T\u00e9cnico Judici\u00e1rio &#8211; Prova de Portugu\u00eas COMENTADA.\"}]},{\"@type\":\"WebSite\",\"@id\":\"https:\/\/www.estrategiaconcursos.com.br\/blog\/#website\",\"url\":\"https:\/\/www.estrategiaconcursos.com.br\/blog\/\",\"name\":\"Estrat\u00e9gia Concursos\",\"description\":\"O blog da Estrat\u00e9gia Concursos traz not\u00edcias sobre concursos e artigos de professores oferecendo cursos para concursos (pdf + videaulas) no site.\",\"publisher\":{\"@id\":\"https:\/\/www.estrategiaconcursos.com.br\/blog\/#organization\"},\"potentialAction\":[{\"@type\":\"SearchAction\",\"target\":{\"@type\":\"EntryPoint\",\"urlTemplate\":\"https:\/\/www.estrategiaconcursos.com.br\/blog\/?s={search_term_string}\"},\"query-input\":{\"@type\":\"PropertyValueSpecification\",\"valueRequired\":true,\"valueName\":\"search_term_string\"}}],\"inLanguage\":\"pt-BR\"},{\"@type\":\"Organization\",\"@id\":\"https:\/\/www.estrategiaconcursos.com.br\/blog\/#organization\",\"name\":\"Estrat\u00e9gia Concursos\",\"url\":\"https:\/\/www.estrategiaconcursos.com.br\/blog\/\",\"logo\":{\"@type\":\"ImageObject\",\"inLanguage\":\"pt-BR\",\"@id\":\"https:\/\/www.estrategiaconcursos.com.br\/blog\/#\/schema\/logo\/image\/\",\"url\":\"https:\/\/dhg1h5j42swfq.cloudfront.net\/2025\/06\/03203428\/logo_concursos-1.jpg\",\"contentUrl\":\"https:\/\/dhg1h5j42swfq.cloudfront.net\/2025\/06\/03203428\/logo_concursos-1.jpg\",\"width\":230,\"height\":60,\"caption\":\"Estrat\u00e9gia Concursos\"},\"image\":{\"@id\":\"https:\/\/www.estrategiaconcursos.com.br\/blog\/#\/schema\/logo\/image\/\"},\"sameAs\":[\"https:\/\/x.com\/EstratConcursos\"]},{\"@type\":\"Person\",\"@id\":\"https:\/\/www.estrategiaconcursos.com.br\/blog\/#\/schema\/person\/b91f2c79fa09f992bd34e4182afb626c\",\"name\":\"Rafaela Freitas\",\"image\":{\"@type\":\"ImageObject\",\"inLanguage\":\"pt-BR\",\"@id\":\"https:\/\/secure.gravatar.com\/avatar\/97ece78bdb320995d343d6c012a26475a2b8b6a591c52fbbd62c62640f68911e?s=96&d=mm&r=g\",\"url\":\"https:\/\/secure.gravatar.com\/avatar\/97ece78bdb320995d343d6c012a26475a2b8b6a591c52fbbd62c62640f68911e?s=96&d=mm&r=g\",\"contentUrl\":\"https:\/\/secure.gravatar.com\/avatar\/97ece78bdb320995d343d6c012a26475a2b8b6a591c52fbbd62c62640f68911e?s=96&d=mm&r=g\",\"caption\":\"Rafaela Freitas\"},\"url\":\"https:\/\/www.estrategiaconcursos.com.br\/blog\/author\/rafaelafreitasestrategiaconcursos-com-br\/\"}]}<\/script>\n<!-- \/ Yoast SEO Premium plugin. -->","yoast_head_json":{"title":"TRE-MA - T\u00e9cnico Judici\u00e1rio comentada","description":"Prova de portugu\u00eas do TER-MA para t\u00e9cnico Judici\u00e1rio comentada.","robots":{"index":"index","follow":"follow","max-snippet":"max-snippet:-1","max-image-preview":"max-image-preview:large","max-video-preview":"max-video-preview:-1"},"canonical":"https:\/\/www.estrategiaconcursos.com.br\/blog\/tre-ma-tecnico-judiciario-prova-de-portugues-comentada\/","og_locale":"pt_BR","og_type":"article","og_title":"TRE-MA - T\u00e9cnico Judici\u00e1rio - Prova de Portugu\u00eas COMENTADA.","og_description":"Prova de portugu\u00eas do TER-MA para t\u00e9cnico Judici\u00e1rio comentada.","og_url":"https:\/\/www.estrategiaconcursos.com.br\/blog\/tre-ma-tecnico-judiciario-prova-de-portugues-comentada\/","og_site_name":"Estrat\u00e9gia Concursos","article_published_time":"2015-09-02T02:31:11+00:00","article_modified_time":"2015-09-02T02:32:15+00:00","author":"Rafaela Freitas","twitter_card":"summary_large_image","twitter_creator":"@EstratConcursos","twitter_site":"@EstratConcursos","twitter_misc":{"Escrito por":"Rafaela Freitas","Est. tempo de leitura":"12 minutos"},"schema":{"@context":"https:\/\/schema.org","@graph":[{"@type":"NewsArticle","@id":"https:\/\/www.estrategiaconcursos.com.br\/blog\/tre-ma-tecnico-judiciario-prova-de-portugues-comentada\/#article","isPartOf":{"@id":"https:\/\/www.estrategiaconcursos.com.br\/blog\/tre-ma-tecnico-judiciario-prova-de-portugues-comentada\/"},"author":{"name":"Rafaela Freitas","@id":"https:\/\/www.estrategiaconcursos.com.br\/blog\/#\/schema\/person\/b91f2c79fa09f992bd34e4182afb626c"},"headline":"TRE-MA &#8211; T\u00e9cnico Judici\u00e1rio &#8211; Prova de Portugu\u00eas COMENTADA.","datePublished":"2015-09-02T02:31:11+00:00","dateModified":"2015-09-02T02:32:15+00:00","mainEntityOfPage":{"@id":"https:\/\/www.estrategiaconcursos.com.br\/blog\/tre-ma-tecnico-judiciario-prova-de-portugues-comentada\/"},"wordCount":2401,"commentCount":4,"publisher":{"@id":"https:\/\/www.estrategiaconcursos.com.br\/blog\/#organization"},"keywords":["Prova de Portugu\u00eas TRE_MA comentada 2015","Prova de portugu\u00eas TRE-MA 2015","TRE-MA","TRE-MA T\u00e9cnico Judici\u00e1rio comentada"],"inLanguage":"pt-BR","potentialAction":[{"@type":"CommentAction","name":"Comment","target":["https:\/\/www.estrategiaconcursos.com.br\/blog\/tre-ma-tecnico-judiciario-prova-de-portugues-comentada\/#respond"]}],"copyrightYear":"2015","copyrightHolder":{"@id":"https:\/\/www.estrategiaconcursos.com.br\/blog\/#organization"}},{"@type":"WebPage","@id":"https:\/\/www.estrategiaconcursos.com.br\/blog\/tre-ma-tecnico-judiciario-prova-de-portugues-comentada\/","url":"https:\/\/www.estrategiaconcursos.com.br\/blog\/tre-ma-tecnico-judiciario-prova-de-portugues-comentada\/","name":"TRE-MA - T\u00e9cnico Judici\u00e1rio comentada","isPartOf":{"@id":"https:\/\/www.estrategiaconcursos.com.br\/blog\/#website"},"datePublished":"2015-09-02T02:31:11+00:00","dateModified":"2015-09-02T02:32:15+00:00","description":"Prova de portugu\u00eas do TER-MA para t\u00e9cnico Judici\u00e1rio comentada.","breadcrumb":{"@id":"https:\/\/www.estrategiaconcursos.com.br\/blog\/tre-ma-tecnico-judiciario-prova-de-portugues-comentada\/#breadcrumb"},"inLanguage":"pt-BR","potentialAction":[{"@type":"ReadAction","target":["https:\/\/www.estrategiaconcursos.com.br\/blog\/tre-ma-tecnico-judiciario-prova-de-portugues-comentada\/"]}]},{"@type":"BreadcrumbList","@id":"https:\/\/www.estrategiaconcursos.com.br\/blog\/tre-ma-tecnico-judiciario-prova-de-portugues-comentada\/#breadcrumb","itemListElement":[{"@type":"ListItem","position":1,"name":"In\u00edcio","item":"https:\/\/www.estrategiaconcursos.com.br\/blog\/"},{"@type":"ListItem","position":2,"name":"TRE-MA &#8211; T\u00e9cnico Judici\u00e1rio &#8211; Prova de Portugu\u00eas COMENTADA."}]},{"@type":"WebSite","@id":"https:\/\/www.estrategiaconcursos.com.br\/blog\/#website","url":"https:\/\/www.estrategiaconcursos.com.br\/blog\/","name":"Estrat\u00e9gia Concursos","description":"O blog da Estrat\u00e9gia Concursos traz not\u00edcias sobre concursos e artigos de professores oferecendo cursos para concursos (pdf + videaulas) no site.","publisher":{"@id":"https:\/\/www.estrategiaconcursos.com.br\/blog\/#organization"},"potentialAction":[{"@type":"SearchAction","target":{"@type":"EntryPoint","urlTemplate":"https:\/\/www.estrategiaconcursos.com.br\/blog\/?s={search_term_string}"},"query-input":{"@type":"PropertyValueSpecification","valueRequired":true,"valueName":"search_term_string"}}],"inLanguage":"pt-BR"},{"@type":"Organization","@id":"https:\/\/www.estrategiaconcursos.com.br\/blog\/#organization","name":"Estrat\u00e9gia Concursos","url":"https:\/\/www.estrategiaconcursos.com.br\/blog\/","logo":{"@type":"ImageObject","inLanguage":"pt-BR","@id":"https:\/\/www.estrategiaconcursos.com.br\/blog\/#\/schema\/logo\/image\/","url":"https:\/\/dhg1h5j42swfq.cloudfront.net\/2025\/06\/03203428\/logo_concursos-1.jpg","contentUrl":"https:\/\/dhg1h5j42swfq.cloudfront.net\/2025\/06\/03203428\/logo_concursos-1.jpg","width":230,"height":60,"caption":"Estrat\u00e9gia Concursos"},"image":{"@id":"https:\/\/www.estrategiaconcursos.com.br\/blog\/#\/schema\/logo\/image\/"},"sameAs":["https:\/\/x.com\/EstratConcursos"]},{"@type":"Person","@id":"https:\/\/www.estrategiaconcursos.com.br\/blog\/#\/schema\/person\/b91f2c79fa09f992bd34e4182afb626c","name":"Rafaela Freitas","image":{"@type":"ImageObject","inLanguage":"pt-BR","@id":"https:\/\/secure.gravatar.com\/avatar\/97ece78bdb320995d343d6c012a26475a2b8b6a591c52fbbd62c62640f68911e?s=96&d=mm&r=g","url":"https:\/\/secure.gravatar.com\/avatar\/97ece78bdb320995d343d6c012a26475a2b8b6a591c52fbbd62c62640f68911e?s=96&d=mm&r=g","contentUrl":"https:\/\/secure.gravatar.com\/avatar\/97ece78bdb320995d343d6c012a26475a2b8b6a591c52fbbd62c62640f68911e?s=96&d=mm&r=g","caption":"Rafaela Freitas"},"url":"https:\/\/www.estrategiaconcursos.com.br\/blog\/author\/rafaelafreitasestrategiaconcursos-com-br\/"}]}},"_links":{"self":[{"href":"https:\/\/www.estrategiaconcursos.com.br\/blog\/wp-json\/wp\/v2\/posts\/26650","targetHints":{"allow":["GET"]}}],"collection":[{"href":"https:\/\/www.estrategiaconcursos.com.br\/blog\/wp-json\/wp\/v2\/posts"}],"about":[{"href":"https:\/\/www.estrategiaconcursos.com.br\/blog\/wp-json\/wp\/v2\/types\/post"}],"author":[{"embeddable":true,"href":"https:\/\/www.estrategiaconcursos.com.br\/blog\/wp-json\/wp\/v2\/users\/190"}],"replies":[{"embeddable":true,"href":"https:\/\/www.estrategiaconcursos.com.br\/blog\/wp-json\/wp\/v2\/comments?post=26650"}],"version-history":[{"count":3,"href":"https:\/\/www.estrategiaconcursos.com.br\/blog\/wp-json\/wp\/v2\/posts\/26650\/revisions"}],"predecessor-version":[{"id":26664,"href":"https:\/\/www.estrategiaconcursos.com.br\/blog\/wp-json\/wp\/v2\/posts\/26650\/revisions\/26664"}],"wp:attachment":[{"href":"https:\/\/www.estrategiaconcursos.com.br\/blog\/wp-json\/wp\/v2\/media?parent=26650"}],"wp:term":[{"taxonomy":"category","embeddable":true,"href":"https:\/\/www.estrategiaconcursos.com.br\/blog\/wp-json\/wp\/v2\/categories?post=26650"},{"taxonomy":"post_tag","embeddable":true,"href":"https:\/\/www.estrategiaconcursos.com.br\/blog\/wp-json\/wp\/v2\/tags?post=26650"},{"taxonomy":"tax_estado","embeddable":true,"href":"https:\/\/www.estrategiaconcursos.com.br\/blog\/wp-json\/wp\/v2\/tax_estado?post=26650"}],"curies":[{"name":"wp","href":"https:\/\/api.w.org\/{rel}","templated":true}]}}