{"id":26648,"date":"2015-09-01T21:54:00","date_gmt":"2015-09-02T00:54:00","guid":{"rendered":"http:\/\/www.estrategiaconcursos.com.br\/blog\/?p=26648"},"modified":"2015-09-01T21:54:00","modified_gmt":"2015-09-02T00:54:00","slug":"prova-de-portugues-tre-ma-comentada","status":"publish","type":"post","link":"https:\/\/www.estrategiaconcursos.com.br\/blog\/prova-de-portugues-tre-ma-comentada\/","title":{"rendered":"Prova de Portugu\u00eas TRE-MA comentada"},"content":{"rendered":"<p>Caros alunos, tudo bem?<\/p>\n<p>Venho hoje comentar a prova do TRE-MA para Analista Judici\u00e1rio (todas as \u00e1reas)!!! Como era esperado, a banca IESES trouxe um \u00fanico texto para an\u00e1lise com tema \u201cL\u00edngua Portuguesa\u201d. Foi cobrado pouco conte\u00fado gramatical, apenas significa\u00e7\u00e3o de palavras, verbo, coloca\u00e7\u00e3o pronominal, pontua\u00e7\u00e3o, acentua\u00e7\u00e3o e novo acordo ortogr\u00e1fico. Apenas uma quest\u00e3o (5) trouxe mais de um assunto. A prova foi simples, n\u00e3o cabendo recurso. Concordo com o gabarito!<\/p>\n<p>Confiram!!<\/p>\n<p>A GLOBALIZA\u00c7\u00c3O DA L\u00cdNGUA<br \/>\nPor: John Robert Schmitz. Adaptado de: http:\/\/revistalingua.com.br\/textos\/114\/a-globalizacao-da-lingua-341353-1.asp Acesso em 18 jul 2015.<\/p>\n<p>Para alguns usu\u00e1rios do portugu\u00eas, a l\u00edngua inglesa funciona como um &#8220;algoz&#8221;, pois os voc\u00e1bulos ingressantes no idioma refletem a hegemonia dos Estados Unidos e do Reino Unido e uma suposta perda cultural e pol\u00edtica. Para outros utentes, a presen\u00e7a do ingl\u00eas e de outros idiomas representa, por um lado, a inser\u00e7\u00e3o do Brasil e dos outros pa\u00edses de l\u00edngua portuguesa no mundo globalizado, e por outro, o enriquecimento do acervo lexical do portugu\u00eas (tsunami, vernissage, impeachment, blitz, jihad, glasnost, shiitake, selfie, n\u00e9cessaire, shish-kebab, Muay Thai e muitos outros).<br \/>\nFaz 16 anos desde a apresenta\u00e7\u00e3o do projeto de Lei 1676\/99 do ent\u00e3o deputado Aldo Rebelo (PCdoB\/S\u00e3o Paulo) da legisla\u00e7\u00e3o ao Congresso Nacional. [&#8230;] cabe perguntar qual destino teria o referido projeto que reza contra o (ab)uso de palavras estrangeiras no portugu\u00eas.<br \/>\nPara ser justo, o projeto de Rebelo teve o m\u00e9rito de contribuir para um debate amplo entre v\u00e1rios segmentos da sociedade. Muito salutar foi a publica\u00e7\u00e3o de artigos, disserta\u00e7\u00f5es, teses e livros com vozes a favor e contra a presen\u00e7a de palavras estrangeiras no portugu\u00eas, [&#8230;]<br \/>\nRebelo teve ao menos a vit\u00f3ria de, em 2012, convencer a presidenta Dilma Rousseff de fazer o governo adotar, nos documentos e pe\u00e7as publicit\u00e1rias para 2016, a grafia dos jogos &#8220;paraol\u00edmpicos&#8221;, como define o Vocabul\u00e1rio Ortogr\u00e1fico da L\u00edngua Portuguesa, que \u00e9 a base de refer\u00eancia de nossos dicion\u00e1rios, e n\u00e3o &#8220;paral\u00edmpicos&#8221;, como queria o COI (Comit\u00ea Ol\u00edmpico Internacional), para seguir a tend\u00eancia internacional, inspirada na tradi\u00e7\u00e3o inglesa dos paralympics.<br \/>\nS\u00e3o significativas as implica\u00e7\u00f5es da globaliza\u00e7\u00e3o do ingl\u00eas e do portugu\u00eas (e de outros idiomas) neste momento p\u00f3s-moderno. A geopol\u00edtica do ingl\u00eas se transformou radicalmente desde os anos 50 do s\u00e9culo passado. [&#8230;]<br \/>\nA l\u00edngua inglesa se multiplicou numa gama de variedades com suas pr\u00f3prias normas, pron\u00fancia, vocabul\u00e1rio e sintaxe. O idioma tornou-se multicultural, multi\u00e9tnico, pois a maior parte dos falantes da \u00c1frica e da \u00cdndia \u00e9 bil\u00edngue ou multil\u00edngue. Da\u00ed se v\u00ea que se cunhou o termo &#8220;world englishes&#8221; no plural que destaca o n\u00famero de variedades p\u00f3s-coloniais.<br \/>\nO ingl\u00eas do s\u00e9culo 21 n\u00e3o \u00e9 propriedade particular de um s\u00f3 pa\u00eds porque o idioma tem os seus &#8220;donos&#8221; no Caribe, na \u00c1frica e no sul da \u00c1sia. Diante desse cen\u00e1rio, o ingl\u00eas n\u00e3o deve ser visto como amea\u00e7a levando em conta a sua descentraliza\u00e7\u00e3o atual. E mesmo na hip\u00f3tese do decl\u00ednio do poderio econ\u00f4mico dos Estados Unidos (n\u00e3o muito prov\u00e1vel pelo menos no futuro pr\u00f3ximo), o idioma vai continuar a ser um idioma importante dado o n\u00famero de falantes e sua expans\u00e3o territorial.<br \/>\nExiste uma semelhan\u00e7a entre o ingl\u00eas e o portugu\u00eas na atualidade. O portugu\u00eas tamb\u00e9m \u00e9 falado em quatro continentes e ocupa o 6\u00ba lugar no n\u00famero de falantes, um idioma de amplo acesso.<br \/>\nOs falantes de portugu\u00eas de Angola e de Mo\u00e7ambique s\u00e3o multil\u00edngues; a leitura dos romances do angolano Pepetela e do mo\u00e7ambicano Mia Couto mostra, como no caso de ingl\u00eas, que h\u00e1 diferen\u00e7as de pron\u00fancia e de sintaxe. Constam, nos romances dos dois autores africanos, gloss\u00e1rios que refletem o crescimento vocabular do portugu\u00eas na vertente africana.<br \/>\nDo ponto de vista geopol\u00edtico, a l\u00edngua portuguesa \u00e9 fortalecida com a presen\u00e7a atuante da Comunidade de Pa\u00edses de L\u00edngua Portuguesa (CPLP) que promove o idioma, respeitando as diferen\u00e7as de ordem lexical, fon\u00e9tica entre as diferentes variedades. \u00c9 importante estudar, pesquisar e divulgar o idioma e a respectiva produ\u00e7\u00e3o liter\u00e1ria em Cabo Verde. Guin\u00e9-Bissau, S\u00e3o Tom\u00e9 e Pr\u00edncipe e Timor-Leste.<br \/>\nA &#8220;mundializa\u00e7\u00e3o&#8221; do portugu\u00eas e tamb\u00e9m dos outros idiomas mais falados no mundo (chin\u00eas, russo, \u00e1rabe, hindi, alem\u00e3o, espanhol, franc\u00eas, japon\u00eas, italiano e ingl\u00eas) mostra que todos eles n\u00e3o podem ser isolados numa redoma, pois funcionam como &#8220;esponjas&#8221;, destinados entre si a efetuar interc\u00e2mbios culturais e trocas lingu\u00edsticas.<br \/>\nA exist\u00eancia das variedades do portugu\u00eas e do ingl\u00eas n\u00e3o implica a sua separa\u00e7\u00e3o em dialetos inintelig\u00edveis como foi o caso do latim que se transformou nas l\u00ednguas diferentes rom\u00e2nicas, pois o mundo atual \u00e9 outro com a presen\u00e7a da m\u00eddia: a imprensa, a televis\u00e3o e a internet e as grandes editoras particulares e universit\u00e1rias que funcionam como for\u00e7a centr\u00edpeta que mant\u00e9m uma unidade dentro da diversidade.<br \/>\nJohn Robert Schmitz possui gradua\u00e7\u00e3o em Letras &#8211; Brooklyn College Of The City University Of New York (1957), mestrado em Letras e Lingu\u00edstica &#8211; Columbia University (1961) e doutorado em Letras e Lingu\u00edstica pela Pontif\u00edcia Universidade Cat\u00f3lica de S\u00e3o Paulo (1975). Atualmente \u00e9 professor titular da Universidade Estadual de Campinas. Tem experi\u00eancia na \u00e1rea de Lingu\u00edstica, com \u00eanfase em Teoria e An\u00e1lise Lingu\u00edstica, atuando principalmente nos seguintes temas: estrangeirismos, lexicografia, l\u00edngua portuguesa, voz passiva e lexicologia.<\/p>\n<p>ASSUNTO: INTERPRETA\u00c7\u00c3O TEXTUAL<br \/>\n1. Assinale a alternativa correta. O texto como um todo remete, principalmente, \u00e0 ideia de que:<br \/>\na) A l\u00edngua inglesa contribui para o enriquecimento de outros idiomas, como \u00e9 o caso do portugu\u00eas, que tem inserido em seus dicion\u00e1rios palavras de origem inglesa.<br \/>\nb) Projetos de Lei defendem o idioma portugu\u00eas, protegendo-o de inser\u00e7\u00f5es indevidas de palavras estrangeiras que depreciem cultura e etnia nacionais.<br \/>\nc) \u00c9 uma atitude arrogante determinar que apenas o ingl\u00eas seja um idioma mundializado, multicultural e multi\u00e9tnico. O portugu\u00eas tamb\u00e9m pode assumir esse papel.<br \/>\nd) O portugu\u00eas segue a tend\u00eancia de mundializa\u00e7\u00e3o dos idiomas: tornar-se multicultural e multi\u00e9tnico.<\/p>\n<p>Coment\u00e1rio: a alternativa D \u00e9 a que compreende a ideia central do texto. Marcarei o erro das outras:<br \/>\na) A l\u00edngua inglesa contribui para o enriquecimento de outros idiomas, como \u00e9 o caso do portugu\u00eas, que tem inserido em seus dicion\u00e1rios palavras de origem inglesa.<br \/>\nb) Projetos de Lei defendem o idioma portugu\u00eas, protegendo-o de inser\u00e7\u00f5es indevidas de palavras estrangeiras que depreciem cultura e etnia nacionais.<br \/>\nc) \u00c9 uma atitude arrogante determinar que apenas o ingl\u00eas seja um idioma mundializado, multicultural e multi\u00e9tnico. O portugu\u00eas tamb\u00e9m pode assumir esse papel.<br \/>\nGABARITO: D<\/p>\n<p>ASSUNTO: INTERPRETA\u00c7\u00c3O TEXTUAL<br \/>\n2. S\u00e3o ideias presentes no texto, EXCETO a que consta em qual das alternativas? Assinale-a.<br \/>\na) O idioma ingl\u00eas dever\u00e1 sofrer decl\u00ednio no s\u00e9culo atual, mas vai continuar a ser importante devido ao n\u00famero de falantes e sua expans\u00e3o territorial.<br \/>\nb) O portugu\u00eas assemelha-se ao ingl\u00eas em termos de expans\u00e3o territorial e da presen\u00e7a de variantes em produ\u00e7\u00f5es liter\u00e1rias.<br \/>\nc) A inser\u00e7\u00e3o de palavras do ingl\u00eas e de outras l\u00ednguas no idioma portugu\u00eas divide opini\u00f5es entre seus usu\u00e1rios.<br \/>\nd) O ingl\u00eas se diversificou no mundo, h\u00e1 diversas variedades do idioma com caracter\u00edsticas pr\u00f3prias.<\/p>\n<p>Coment\u00e1rio: cuidado com o EXCETO! \u00c9 para marcar a errada com rela\u00e7\u00e3o ao que se afirma sobre o texto! A alternativa A traz informa\u00e7\u00f5es que n\u00e3o est\u00e3o no texto, vejam:<br \/>\na) O idioma ingl\u00eas dever\u00e1 sofrer decl\u00ednio no s\u00e9culo atual, mas vai continuar a ser importante devido ao n\u00famero de falantes e sua expans\u00e3o territorial.<br \/>\nGABARITO: A<\/p>\n<p>ASSUNTO: SIGNIFICA\u00c7\u00c3O DE PALAVRAS<br \/>\n3. Analise as proposi\u00e7\u00f5es a seguir. Em seguida, assinale a alternativa que contenha a an\u00e1lise correta sobre as mesmas.<br \/>\nI. As palavras \u201chegemonia\u201d e \u201cutentes\u201d, destacadas no primeiro par\u00e1grafo do texto, significam, respectivamente, no contexto, supremacia e usu\u00e1rios.<br \/>\nII. A palavra \u201clexical\u201d, destacada no primeiro par\u00e1grafo, refere-se ao significado das palavras quando aplicadas a um contexto e sob influ\u00eancia de outras palavras.<br \/>\nIII. A palavra \u201csalutar\u201d, destacada no terceiro par\u00e1grafo, significa algo prejudicial ou ruinoso.<br \/>\nIV. A palavra \u201csintaxe\u201d, destacada no texto, refere-se \u00e0 estrutura, \u00e0 forma\u00e7\u00e3o e classifica\u00e7\u00e3o das palavras.<br \/>\na) Apenas as proposi\u00e7\u00f5es III e IV est\u00e3o corretas.<br \/>\nb) Apenas as proposi\u00e7\u00f5es I e II est\u00e3o corretas.<br \/>\nc) Apenas a proposi\u00e7\u00e3o III est\u00e1 correta.<br \/>\nd) Apenas a proposi\u00e7\u00e3o I est\u00e1 correta.<\/p>\n<p>Coment\u00e1rio: apenas a assertiva I est\u00e1 correta. Vejamos as outras:<br \/>\nII. A palavra \u201clexical\u201d, destacada no primeiro par\u00e1grafo, refere-se ao significado das palavras quando aplicadas a um contexto e sob influ\u00eancia de outras palavras.<br \/>\nERRADA. A palavra \u201clexical\u201d significa aquilo que faz refer\u00eancia ao l\u00e9xico, ao vocabul\u00e1rio, n\u00e3o ao significado em determinados contextos.<br \/>\nIII. A palavra \u201csalutar\u201d, destacada no terceiro par\u00e1grafo, significa algo prejudicial ou ruinoso.<br \/>\nERRADA. A palavra \u201csalutar\u201d significa algo \u00fatil e favor\u00e1vel para preservar a sa\u00fade, a vida.<br \/>\nIV. A palavra \u201csintaxe\u201d, destacada no texto, refere-se \u00e0 estrutura, \u00e0 forma\u00e7\u00e3o e classifica\u00e7\u00e3o das palavras.<br \/>\nERRADA. \u201cSintaxe\u201d refere-se ao estudo da fun\u00e7\u00e3o das palavras.<br \/>\nGABARITO: D<\/p>\n<p>ASSUNTO: SEM\u00c2NTICA. VERBO. PONTUA\u00c7\u00c3O. COLOCA\u00c7\u00c3O PRONOMINAL.<br \/>\n4. Quanto aos recursos de constru\u00e7\u00e3o de sentido e corre\u00e7\u00e3o do texto, analise as proposi\u00e7\u00f5es a seguir:<br \/>\nI. H\u00e1 predom\u00ednio da linguagem conativa, pois se percebe a inten\u00e7\u00e3o do autor de influenciar seu receptor a pensar como ele em rela\u00e7\u00e3o \u00e0 tese que defende.<br \/>\nII. H\u00e1 predom\u00ednio de verbos conjugados no presente do modo indicativo, o que confere ao texto a ideia de atualidade.<br \/>\nIII. As v\u00edrgulas, presentes em: \u201dConstam, nos romances dos dois autores africanos, gloss\u00e1rios que refletem o crescimento vocabular do portugu\u00eas na vertente africana\u201d, justificam-se por isolarem um aposto.<br \/>\nIV. \u2018Da\u00ed se v\u00ea que se cunhou o termo &#8220;world englishes&#8221; no plural [&#8230;]\u2019. Nesse fragmento, a prefer\u00eancia pela pr\u00f3clise nas duas vezes em que os pronomes obl\u00edquos aparecem est\u00e1 correta, pois h\u00e1 palavras atrativas em ambas as ocorr\u00eancias.<br \/>\na) Est\u00e3o corretas apenas as proposi\u00e7\u00f5es I e III.<br \/>\nb) Est\u00e3o corretas apenas as proposi\u00e7\u00f5es I e II.<br \/>\nc) Est\u00e3o corretas apenas as proposi\u00e7\u00f5es III e IV.<br \/>\nd) Est\u00e3o corretas apenas as proposi\u00e7\u00f5es II e IV.<\/p>\n<p>Coment\u00e1rio: as proposi\u00e7\u00f5es corretas s\u00e3o apenas a II e a IV. Vamos analisar o erro das outras:<br \/>\nI. H\u00e1 predom\u00ednio da linguagem conativa, pois se percebe a inten\u00e7\u00e3o do autor de influenciar seu receptor a pensar como ele em rela\u00e7\u00e3o \u00e0 tese que defende.<br \/>\nERRADA. O predom\u00ednio \u00e9 da linguagem DENOTATIVA, ou seja, a linguagem real, com o uso das palavras esperado, tradicional.<br \/>\nIII. As v\u00edrgulas, presentes em: \u201dConstam, nos romances dos dois autores africanos, gloss\u00e1rios que refletem o crescimento vocabular do portugu\u00eas na vertente africana\u201d, justificam-se por isolarem um aposto.<br \/>\nERRADA. As v\u00edrgulas isolam o adjunto adverbial locativo \u201cnos romances dos dois autores africanos\u201d<br \/>\nGABARITO: D<\/p>\n<p>ASSUNTO: NOVO ACORDO ORTOGR\u00c1FICO. ORTOGRAFIA.<br \/>\n5. \u201cO idioma tornou-se multicultural, multi\u00e9tnico, pois a maior parte dos falantes da \u00c1frica e da \u00cdndia \u00e9 bil\u00edngue ou multil\u00edngue.\u201d A ortografia, nesse trecho, respeita as regras determinadas pelo novo acordo ortogr\u00e1fico, assim como em todas as palavras de qual alternativa? Assinale-a.<br \/>\na) O s\u00f3ciogerente participou da reuni\u00e3o com a pr\u00e9-comiss\u00e3o do evento.<br \/>\nb) O m\u00e9dico solicitou exames precir\u00fargicos, como ultrassom e coleta de sangue para an\u00e1lise.<br \/>\nc) Houve efeitos que indicaram a interrela\u00e7\u00e3o dos elementos presentes na estrutura pr\u00e9-moldada.<br \/>\nd) A infraestrutura est\u00e1 protegida por um eficiente sistema de para-raios.<\/p>\n<p>Coment\u00e1rio: apenas a alternativa D traz apenas palavras que respeitam o novo acordo ortogr\u00e1fico: \u201cinfraestrutura\u201d (prefixo terminado por uma vogal e a segunda palavra iniciando-se por vogal diferente &gt;&gt; unem-se as palavras sem uso do h\u00edfen) e \u201cpara-raios\u201d (mantem-se a ideia de composi\u00e7\u00e3o. A primeira palavra \u00e9 o verbo \u201cparar\u201d).<br \/>\nVejamos as outras alternativas:<br \/>\na) O s\u00f3ciogerente participou da reuni\u00e3o com a pr\u00e9-comiss\u00e3o do evento.<br \/>\nConsta no VOLP ap\u00f3s o Novo Acordo ortogr\u00e1fico o voc\u00e1bulo s\u00f3cio-gerente, fazendo refer\u00eancia \u00e0quele que, al\u00e9m de fazer parte da sociedade, possui cargo na empresa.<br \/>\nb) O m\u00e9dico solicitou exames precir\u00fargicos, como ultrassom e coleta de sangue para an\u00e1lise.<br \/>\nPr\u00e9-cir\u00fargico &gt;&gt; o prefixo \u201cpr\u00e9\u201d vir\u00e1 sempre separado por h\u00edfen.<br \/>\nc) Houve efeitos que indicaram a interrela\u00e7\u00e3o dos elementos presentes na estrutura pr\u00e9-moldada.<br \/>\nInter-rela\u00e7\u00e3o &gt;&gt; primeira palavra terminada com a mesma consoante da segunda, usa-se h\u00edfen.<br \/>\nGABARITO: D<\/p>\n<p>ASSUNTO: NOVO ACORDO ORTOGR\u00c1FICO. ACENTUA\u00c7\u00c3O.<br \/>\n6. Das alternativas a seguir, assinale a que apresente todas as palavras acentuadas (ou n\u00e3o) corretamente:<br \/>\na) A plateia ficou paran\u00f3ica com a entrega do trof\u00e9u para a equipe europeia.<br \/>\nb) A estreia dos personagens em seus atos heroicos marcou a carreira dos atores, que agora t\u00eam suas vidas monitoradas por f\u00e3s e pela m\u00eddia.<br \/>\nc) As raizes da carna\u00faba n\u00e3o resistiram \u00e0s intemp\u00e9ries, o que resultou em uma mol\u00e9stia que reduziu o n\u00famero de \u00e1rvores dessa esp\u00e9cie na regi\u00e3o.<br \/>\nd) Todos os \u00edtens met\u00e1licos que compunham o prot\u00f3tipo foram expostos \u00e0 for\u00e7a de um im\u00e3 com polos negativos e positivos.<\/p>\n<p>Coment\u00e1rio: apenas a alternativa B traz palavras acentuadas corretamente. Vejamos as outras:<br \/>\na) A plateia ficou paran\u00f3ica com a entrega do trof\u00e9u para a equipe europeia.<br \/>\nParanoica \u2013 n\u00e3o se acentua mais ditongo aberto em parox\u00edtonas.<br \/>\nc) As raizes da carna\u00faba n\u00e3o resistiram \u00e0s intemp\u00e9ries, o que resultou em uma mol\u00e9stia que reduziu o n\u00famero de \u00e1rvores dessa esp\u00e9cie na regi\u00e3o.<br \/>\nRa\u00edzes \u2013 I e U receber\u00e3o acento se estiverem sozinhas na s\u00edlaba, na segunda vogal do hiato e sem nh ap\u00f3s estas letras.<br \/>\nd) Todos os \u00edtens met\u00e1licos que compunham o prot\u00f3tipo foram expostos \u00e0 for\u00e7a de um im\u00e3 com polos negativos e positivos.<br \/>\nItens \u2013 n\u00e3o se acentua parox\u00edtona terminada em \u201cens\u201d.<br \/>\nGABARITO: B<\/p>\n<p>GABARITO PRELIMINAR:<br \/>\n01. D<br \/>\n02. A<br \/>\n03. D<br \/>\n04. D<br \/>\n05. D<br \/>\n06. B<\/p>\n<p>Grande abra\u00e7o!<\/p>\n<p>Professora Rafaela Freitas.<\/p>\n","protected":false},"excerpt":{"rendered":"<p>Caros alunos, tudo bem? Venho hoje comentar a prova do TRE-MA para Analista Judici\u00e1rio (todas as \u00e1reas)!!! Como era esperado, a banca IESES trouxe um \u00fanico texto para an\u00e1lise com tema \u201cL\u00edngua Portuguesa\u201d. Foi cobrado pouco conte\u00fado gramatical, apenas significa\u00e7\u00e3o de palavras, verbo, coloca\u00e7\u00e3o pronominal, pontua\u00e7\u00e3o, acentua\u00e7\u00e3o e novo acordo ortogr\u00e1fico. Apenas uma quest\u00e3o (5) [&hellip;]<\/p>\n","protected":false},"author":190,"featured_media":0,"comment_status":"open","ping_status":"open","sticky":false,"template":"","format":"standard","meta":{"post_tipo":"article","footnotes":""},"categories":[],"tags":[953,769,952],"tax_estado":[],"class_list":["post-26648","post","type-post","status-publish","format-standard","hentry","tag-prova-de-portugues-tre-ma-2015","tag-tre-ma","tag-tre-ma-2015-prova-comentada"],"acf":[],"yoast_head":"<!-- This site is optimized with the Yoast SEO Premium plugin v27.2 (Yoast SEO v27.2) - https:\/\/yoast.com\/product\/yoast-seo-premium-wordpress\/ -->\n<title>Prova de Portugu\u00eas TRE-MA comentada<\/title>\n<meta name=\"description\" content=\"Prova do TRE-MA para o cargo de Analista Judici\u00e1rio, todas as \u00e1reas.\" \/>\n<meta name=\"robots\" content=\"index, follow, max-snippet:-1, max-image-preview:large, max-video-preview:-1\" \/>\n<link rel=\"canonical\" href=\"https:\/\/www.estrategiaconcursos.com.br\/blog\/prova-de-portugues-tre-ma-comentada\/\" \/>\n<meta property=\"og:locale\" content=\"pt_BR\" \/>\n<meta property=\"og:type\" content=\"article\" \/>\n<meta property=\"og:title\" content=\"Prova de Portugu\u00eas TRE-MA comentada\" \/>\n<meta property=\"og:description\" content=\"Prova do TRE-MA para o cargo de Analista Judici\u00e1rio, todas as \u00e1reas.\" \/>\n<meta property=\"og:url\" content=\"https:\/\/www.estrategiaconcursos.com.br\/blog\/prova-de-portugues-tre-ma-comentada\/\" \/>\n<meta property=\"og:site_name\" content=\"Estrat\u00e9gia Concursos\" \/>\n<meta property=\"article:published_time\" content=\"2015-09-02T00:54:00+00:00\" \/>\n<meta name=\"author\" content=\"Rafaela Freitas\" \/>\n<meta name=\"twitter:card\" content=\"summary_large_image\" \/>\n<meta name=\"twitter:creator\" content=\"@EstratConcursos\" \/>\n<meta name=\"twitter:site\" content=\"@EstratConcursos\" \/>\n<meta name=\"twitter:label1\" content=\"Escrito por\" \/>\n\t<meta name=\"twitter:data1\" content=\"Rafaela Freitas\" \/>\n\t<meta name=\"twitter:label2\" content=\"Est. tempo de leitura\" \/>\n\t<meta name=\"twitter:data2\" content=\"12 minutos\" \/>\n<script type=\"application\/ld+json\" class=\"yoast-schema-graph\">{\"@context\":\"https:\/\/schema.org\",\"@graph\":[{\"@type\":\"NewsArticle\",\"@id\":\"https:\/\/www.estrategiaconcursos.com.br\/blog\/prova-de-portugues-tre-ma-comentada\/#article\",\"isPartOf\":{\"@id\":\"https:\/\/www.estrategiaconcursos.com.br\/blog\/prova-de-portugues-tre-ma-comentada\/\"},\"author\":{\"name\":\"Rafaela Freitas\",\"@id\":\"https:\/\/www.estrategiaconcursos.com.br\/blog\/#\/schema\/person\/b91f2c79fa09f992bd34e4182afb626c\"},\"headline\":\"Prova de Portugu\u00eas TRE-MA comentada\",\"datePublished\":\"2015-09-02T00:54:00+00:00\",\"mainEntityOfPage\":{\"@id\":\"https:\/\/www.estrategiaconcursos.com.br\/blog\/prova-de-portugues-tre-ma-comentada\/\"},\"wordCount\":2501,\"commentCount\":0,\"publisher\":{\"@id\":\"https:\/\/www.estrategiaconcursos.com.br\/blog\/#organization\"},\"keywords\":[\"Prova de portugu\u00eas TRE-MA 2015\",\"TRE-MA\",\"TRE-MA 2015 prova comentada\"],\"inLanguage\":\"pt-BR\",\"potentialAction\":[{\"@type\":\"CommentAction\",\"name\":\"Comment\",\"target\":[\"https:\/\/www.estrategiaconcursos.com.br\/blog\/prova-de-portugues-tre-ma-comentada\/#respond\"]}],\"copyrightYear\":\"2015\",\"copyrightHolder\":{\"@id\":\"https:\/\/www.estrategiaconcursos.com.br\/blog\/#organization\"}},{\"@type\":\"WebPage\",\"@id\":\"https:\/\/www.estrategiaconcursos.com.br\/blog\/prova-de-portugues-tre-ma-comentada\/\",\"url\":\"https:\/\/www.estrategiaconcursos.com.br\/blog\/prova-de-portugues-tre-ma-comentada\/\",\"name\":\"Prova de Portugu\u00eas TRE-MA comentada\",\"isPartOf\":{\"@id\":\"https:\/\/www.estrategiaconcursos.com.br\/blog\/#website\"},\"datePublished\":\"2015-09-02T00:54:00+00:00\",\"description\":\"Prova do TRE-MA para o cargo de Analista Judici\u00e1rio, todas as \u00e1reas.\",\"breadcrumb\":{\"@id\":\"https:\/\/www.estrategiaconcursos.com.br\/blog\/prova-de-portugues-tre-ma-comentada\/#breadcrumb\"},\"inLanguage\":\"pt-BR\",\"potentialAction\":[{\"@type\":\"ReadAction\",\"target\":[\"https:\/\/www.estrategiaconcursos.com.br\/blog\/prova-de-portugues-tre-ma-comentada\/\"]}]},{\"@type\":\"BreadcrumbList\",\"@id\":\"https:\/\/www.estrategiaconcursos.com.br\/blog\/prova-de-portugues-tre-ma-comentada\/#breadcrumb\",\"itemListElement\":[{\"@type\":\"ListItem\",\"position\":1,\"name\":\"In\u00edcio\",\"item\":\"https:\/\/www.estrategiaconcursos.com.br\/blog\/\"},{\"@type\":\"ListItem\",\"position\":2,\"name\":\"Prova de Portugu\u00eas TRE-MA comentada\"}]},{\"@type\":\"WebSite\",\"@id\":\"https:\/\/www.estrategiaconcursos.com.br\/blog\/#website\",\"url\":\"https:\/\/www.estrategiaconcursos.com.br\/blog\/\",\"name\":\"Estrat\u00e9gia Concursos\",\"description\":\"O blog da Estrat\u00e9gia Concursos traz not\u00edcias sobre concursos e artigos de professores oferecendo cursos para concursos (pdf + videaulas) no site.\",\"publisher\":{\"@id\":\"https:\/\/www.estrategiaconcursos.com.br\/blog\/#organization\"},\"potentialAction\":[{\"@type\":\"SearchAction\",\"target\":{\"@type\":\"EntryPoint\",\"urlTemplate\":\"https:\/\/www.estrategiaconcursos.com.br\/blog\/?s={search_term_string}\"},\"query-input\":{\"@type\":\"PropertyValueSpecification\",\"valueRequired\":true,\"valueName\":\"search_term_string\"}}],\"inLanguage\":\"pt-BR\"},{\"@type\":\"Organization\",\"@id\":\"https:\/\/www.estrategiaconcursos.com.br\/blog\/#organization\",\"name\":\"Estrat\u00e9gia Concursos\",\"url\":\"https:\/\/www.estrategiaconcursos.com.br\/blog\/\",\"logo\":{\"@type\":\"ImageObject\",\"inLanguage\":\"pt-BR\",\"@id\":\"https:\/\/www.estrategiaconcursos.com.br\/blog\/#\/schema\/logo\/image\/\",\"url\":\"https:\/\/dhg1h5j42swfq.cloudfront.net\/2025\/06\/03203428\/logo_concursos-1.jpg\",\"contentUrl\":\"https:\/\/dhg1h5j42swfq.cloudfront.net\/2025\/06\/03203428\/logo_concursos-1.jpg\",\"width\":230,\"height\":60,\"caption\":\"Estrat\u00e9gia Concursos\"},\"image\":{\"@id\":\"https:\/\/www.estrategiaconcursos.com.br\/blog\/#\/schema\/logo\/image\/\"},\"sameAs\":[\"https:\/\/x.com\/EstratConcursos\"]},{\"@type\":\"Person\",\"@id\":\"https:\/\/www.estrategiaconcursos.com.br\/blog\/#\/schema\/person\/b91f2c79fa09f992bd34e4182afb626c\",\"name\":\"Rafaela Freitas\",\"image\":{\"@type\":\"ImageObject\",\"inLanguage\":\"pt-BR\",\"@id\":\"https:\/\/secure.gravatar.com\/avatar\/97ece78bdb320995d343d6c012a26475a2b8b6a591c52fbbd62c62640f68911e?s=96&d=mm&r=g\",\"url\":\"https:\/\/secure.gravatar.com\/avatar\/97ece78bdb320995d343d6c012a26475a2b8b6a591c52fbbd62c62640f68911e?s=96&d=mm&r=g\",\"contentUrl\":\"https:\/\/secure.gravatar.com\/avatar\/97ece78bdb320995d343d6c012a26475a2b8b6a591c52fbbd62c62640f68911e?s=96&d=mm&r=g\",\"caption\":\"Rafaela Freitas\"},\"url\":\"https:\/\/www.estrategiaconcursos.com.br\/blog\/author\/rafaelafreitasestrategiaconcursos-com-br\/\"}]}<\/script>\n<!-- \/ Yoast SEO Premium plugin. -->","yoast_head_json":{"title":"Prova de Portugu\u00eas TRE-MA comentada","description":"Prova do TRE-MA para o cargo de Analista Judici\u00e1rio, todas as \u00e1reas.","robots":{"index":"index","follow":"follow","max-snippet":"max-snippet:-1","max-image-preview":"max-image-preview:large","max-video-preview":"max-video-preview:-1"},"canonical":"https:\/\/www.estrategiaconcursos.com.br\/blog\/prova-de-portugues-tre-ma-comentada\/","og_locale":"pt_BR","og_type":"article","og_title":"Prova de Portugu\u00eas TRE-MA comentada","og_description":"Prova do TRE-MA para o cargo de Analista Judici\u00e1rio, todas as \u00e1reas.","og_url":"https:\/\/www.estrategiaconcursos.com.br\/blog\/prova-de-portugues-tre-ma-comentada\/","og_site_name":"Estrat\u00e9gia Concursos","article_published_time":"2015-09-02T00:54:00+00:00","author":"Rafaela Freitas","twitter_card":"summary_large_image","twitter_creator":"@EstratConcursos","twitter_site":"@EstratConcursos","twitter_misc":{"Escrito por":"Rafaela Freitas","Est. tempo de leitura":"12 minutos"},"schema":{"@context":"https:\/\/schema.org","@graph":[{"@type":"NewsArticle","@id":"https:\/\/www.estrategiaconcursos.com.br\/blog\/prova-de-portugues-tre-ma-comentada\/#article","isPartOf":{"@id":"https:\/\/www.estrategiaconcursos.com.br\/blog\/prova-de-portugues-tre-ma-comentada\/"},"author":{"name":"Rafaela Freitas","@id":"https:\/\/www.estrategiaconcursos.com.br\/blog\/#\/schema\/person\/b91f2c79fa09f992bd34e4182afb626c"},"headline":"Prova de Portugu\u00eas TRE-MA comentada","datePublished":"2015-09-02T00:54:00+00:00","mainEntityOfPage":{"@id":"https:\/\/www.estrategiaconcursos.com.br\/blog\/prova-de-portugues-tre-ma-comentada\/"},"wordCount":2501,"commentCount":0,"publisher":{"@id":"https:\/\/www.estrategiaconcursos.com.br\/blog\/#organization"},"keywords":["Prova de portugu\u00eas TRE-MA 2015","TRE-MA","TRE-MA 2015 prova comentada"],"inLanguage":"pt-BR","potentialAction":[{"@type":"CommentAction","name":"Comment","target":["https:\/\/www.estrategiaconcursos.com.br\/blog\/prova-de-portugues-tre-ma-comentada\/#respond"]}],"copyrightYear":"2015","copyrightHolder":{"@id":"https:\/\/www.estrategiaconcursos.com.br\/blog\/#organization"}},{"@type":"WebPage","@id":"https:\/\/www.estrategiaconcursos.com.br\/blog\/prova-de-portugues-tre-ma-comentada\/","url":"https:\/\/www.estrategiaconcursos.com.br\/blog\/prova-de-portugues-tre-ma-comentada\/","name":"Prova de Portugu\u00eas TRE-MA comentada","isPartOf":{"@id":"https:\/\/www.estrategiaconcursos.com.br\/blog\/#website"},"datePublished":"2015-09-02T00:54:00+00:00","description":"Prova do TRE-MA para o cargo de Analista Judici\u00e1rio, todas as \u00e1reas.","breadcrumb":{"@id":"https:\/\/www.estrategiaconcursos.com.br\/blog\/prova-de-portugues-tre-ma-comentada\/#breadcrumb"},"inLanguage":"pt-BR","potentialAction":[{"@type":"ReadAction","target":["https:\/\/www.estrategiaconcursos.com.br\/blog\/prova-de-portugues-tre-ma-comentada\/"]}]},{"@type":"BreadcrumbList","@id":"https:\/\/www.estrategiaconcursos.com.br\/blog\/prova-de-portugues-tre-ma-comentada\/#breadcrumb","itemListElement":[{"@type":"ListItem","position":1,"name":"In\u00edcio","item":"https:\/\/www.estrategiaconcursos.com.br\/blog\/"},{"@type":"ListItem","position":2,"name":"Prova de Portugu\u00eas TRE-MA comentada"}]},{"@type":"WebSite","@id":"https:\/\/www.estrategiaconcursos.com.br\/blog\/#website","url":"https:\/\/www.estrategiaconcursos.com.br\/blog\/","name":"Estrat\u00e9gia Concursos","description":"O blog da Estrat\u00e9gia Concursos traz not\u00edcias sobre concursos e artigos de professores oferecendo cursos para concursos (pdf + videaulas) no site.","publisher":{"@id":"https:\/\/www.estrategiaconcursos.com.br\/blog\/#organization"},"potentialAction":[{"@type":"SearchAction","target":{"@type":"EntryPoint","urlTemplate":"https:\/\/www.estrategiaconcursos.com.br\/blog\/?s={search_term_string}"},"query-input":{"@type":"PropertyValueSpecification","valueRequired":true,"valueName":"search_term_string"}}],"inLanguage":"pt-BR"},{"@type":"Organization","@id":"https:\/\/www.estrategiaconcursos.com.br\/blog\/#organization","name":"Estrat\u00e9gia Concursos","url":"https:\/\/www.estrategiaconcursos.com.br\/blog\/","logo":{"@type":"ImageObject","inLanguage":"pt-BR","@id":"https:\/\/www.estrategiaconcursos.com.br\/blog\/#\/schema\/logo\/image\/","url":"https:\/\/dhg1h5j42swfq.cloudfront.net\/2025\/06\/03203428\/logo_concursos-1.jpg","contentUrl":"https:\/\/dhg1h5j42swfq.cloudfront.net\/2025\/06\/03203428\/logo_concursos-1.jpg","width":230,"height":60,"caption":"Estrat\u00e9gia Concursos"},"image":{"@id":"https:\/\/www.estrategiaconcursos.com.br\/blog\/#\/schema\/logo\/image\/"},"sameAs":["https:\/\/x.com\/EstratConcursos"]},{"@type":"Person","@id":"https:\/\/www.estrategiaconcursos.com.br\/blog\/#\/schema\/person\/b91f2c79fa09f992bd34e4182afb626c","name":"Rafaela Freitas","image":{"@type":"ImageObject","inLanguage":"pt-BR","@id":"https:\/\/secure.gravatar.com\/avatar\/97ece78bdb320995d343d6c012a26475a2b8b6a591c52fbbd62c62640f68911e?s=96&d=mm&r=g","url":"https:\/\/secure.gravatar.com\/avatar\/97ece78bdb320995d343d6c012a26475a2b8b6a591c52fbbd62c62640f68911e?s=96&d=mm&r=g","contentUrl":"https:\/\/secure.gravatar.com\/avatar\/97ece78bdb320995d343d6c012a26475a2b8b6a591c52fbbd62c62640f68911e?s=96&d=mm&r=g","caption":"Rafaela Freitas"},"url":"https:\/\/www.estrategiaconcursos.com.br\/blog\/author\/rafaelafreitasestrategiaconcursos-com-br\/"}]}},"_links":{"self":[{"href":"https:\/\/www.estrategiaconcursos.com.br\/blog\/wp-json\/wp\/v2\/posts\/26648","targetHints":{"allow":["GET"]}}],"collection":[{"href":"https:\/\/www.estrategiaconcursos.com.br\/blog\/wp-json\/wp\/v2\/posts"}],"about":[{"href":"https:\/\/www.estrategiaconcursos.com.br\/blog\/wp-json\/wp\/v2\/types\/post"}],"author":[{"embeddable":true,"href":"https:\/\/www.estrategiaconcursos.com.br\/blog\/wp-json\/wp\/v2\/users\/190"}],"replies":[{"embeddable":true,"href":"https:\/\/www.estrategiaconcursos.com.br\/blog\/wp-json\/wp\/v2\/comments?post=26648"}],"version-history":[{"count":2,"href":"https:\/\/www.estrategiaconcursos.com.br\/blog\/wp-json\/wp\/v2\/posts\/26648\/revisions"}],"predecessor-version":[{"id":26651,"href":"https:\/\/www.estrategiaconcursos.com.br\/blog\/wp-json\/wp\/v2\/posts\/26648\/revisions\/26651"}],"wp:attachment":[{"href":"https:\/\/www.estrategiaconcursos.com.br\/blog\/wp-json\/wp\/v2\/media?parent=26648"}],"wp:term":[{"taxonomy":"category","embeddable":true,"href":"https:\/\/www.estrategiaconcursos.com.br\/blog\/wp-json\/wp\/v2\/categories?post=26648"},{"taxonomy":"post_tag","embeddable":true,"href":"https:\/\/www.estrategiaconcursos.com.br\/blog\/wp-json\/wp\/v2\/tags?post=26648"},{"taxonomy":"tax_estado","embeddable":true,"href":"https:\/\/www.estrategiaconcursos.com.br\/blog\/wp-json\/wp\/v2\/tax_estado?post=26648"}],"curies":[{"name":"wp","href":"https:\/\/api.w.org\/{rel}","templated":true}]}}