{"id":26381,"date":"2015-08-28T09:02:18","date_gmt":"2015-08-28T12:02:18","guid":{"rendered":"http:\/\/www.estrategiaconcursos.com.br\/blog\/?p=26381"},"modified":"2015-08-28T09:03:28","modified_gmt":"2015-08-28T12:03:28","slug":"escolhida-a-banca-organizadora-do-concurso-trt-8","status":"publish","type":"post","link":"https:\/\/www.estrategiaconcursos.com.br\/blog\/escolhida-a-banca-organizadora-do-concurso-trt-8\/","title":{"rendered":"Escolhida a banca organizadora do concurso TRT-8. Edital em breve! Vagas ser\u00e3o para os cargos de T\u00e9cnico e Analista Judici\u00e1rio"},"content":{"rendered":"<p style=\"text-align: justify;\"><span style=\"color: #000000;\"><a href=\"https:\/\/dhg1h5j42swfq.cloudfront.net\/2015\/08\/28085557\/concurso-TRT-8.jpg\"><img loading=\"lazy\" decoding=\"async\" class=\"alignleft wp-image-26385 size-medium\" src=\"https:\/\/dhg1h5j42swfq.cloudfront.net\/2015\/08\/28085557\/concurso-TRT-8-300x84.jpg\" alt=\"concurso TRT-8\" width=\"300\" height=\"84\" srcset=\"https:\/\/dhg1h5j42swfq.cloudfront.net\/2015\/08\/28085557\/concurso-TRT-8.jpg 300w, https:\/\/dhg1h5j42swfq.cloudfront.net\/2015\/08\/28085557\/concurso-TRT-8.jpg 500w\" sizes=\"auto, (max-width: 300px) 100vw, 300px\" \/><\/a>Foi divulgado no Di\u00e1rio Oficial\u00a0da Uni\u00e3o, o extrato de licita\u00e7\u00e3o que disp\u00f5e sobre\u00a0 a contrata\u00e7\u00e3o da banca organizadora do pr\u00f3ximo concurso p\u00fablico do\u00a0Tribunal Regional do Trabalho da 8\u00aa Regi\u00e3o, que abrange\u00a0os estados do Par\u00e1 e Amap\u00e1. De acordo com a publica\u00e7\u00e3o, a organiza\u00e7\u00e3o do pr\u00f3ximo concurso TRT-8, que acontece ainda este ano, ficar\u00e1 por conta do\u00a0Centro de Sele\u00e7\u00e3o e de Promo\u00e7\u00e3o de Eventos da Universidade de Bras\u00edlia (Cespe\/UnB).<\/span><\/p>\n<p style=\"text-align: justify;\"><span style=\"color: #000000;\">O concurso TRT-8 prev\u00ea o preenchimento de\u00a031 vagas e forma\u00e7\u00e3o de cadastro de reserva nos cargos de Analista e T\u00e9cnico Judici\u00e1rio. Mais informa\u00e7\u00f5es, como\u00a0distribui\u00e7\u00e3o das vagas por especialidade, ser\u00e3o divulgados quando lan\u00e7ado o edital.<\/span><\/p>\n<p style=\"text-align: justify;\"><span style=\"color: #000000;\">Confira, na \u00edntegra, a publica\u00e7\u00e3o:<\/span><\/p>\n<p style=\"text-align: justify;\"><span style=\"color: #000000;\">&#8220;EXTRATO DE DISPENSA DE LICITA\u00c7\u00c3O <\/span><\/p>\n<p style=\"text-align: justify;\"><span style=\"color: #000000;\">Objeto: Presta\u00e7\u00e3o de servi\u00e7os t\u00e9cnico-especializados com vistas \u00e0 organiza\u00e7\u00e3o e \u00e0 realiza\u00e7\u00e3o do concurso p\u00fablico para provimento de 31 (trinta e uma) vagas e forma\u00e7\u00e3o de cadastro de reserva nos cargos de Analista Judici\u00e1rio e T\u00e9cnico Judici\u00e1rio do quadro pessoal do Tribunal. Valor Estimativo: R$5.128.820,00 (cinco milh\u00f5es, cento e vinte e oito mil, oitocentos e vinte reais); Processo: 193\/2015; Partes: Uni\u00e3o &#8211; Tribunal Regional do Trabalho da 8\u00aa Regi\u00e3o e Funda\u00e7\u00e3o Universidade de Bras\u00edlia; Dispositivo Legal: Art. 24, inciso XIII da Lei n. 8.666\/93, atendido ao disposto no par\u00e1grafo \u00fanico do art. 26, do mesmo diploma legal; Declara\u00e7\u00e3o da Dispensa: em 21.08.2015, pelo Sra. Regina Uch\u00f4a de Azevedo, Diretora da Secretaria Administrativa e Ordenadora da Despesa; Ratifica\u00e7\u00e3o: em 21.08.2015, pelo Exmo. Sr. Francisco S\u00e9rgio Silva Rocha, Presidente.&#8221;<\/span><\/p>\n<p style=\"text-align: justify;\"><strong><span style=\"color: #000000;\">\u00daltimo concurso TRT-8<\/span><\/strong><\/p>\n<p style=\"text-align: justify;\"><span style=\"color: #000000;\">O \u00faltimo concurso TRT-8 aconteceu em 2013 e tamb\u00e9m foi organizado pelo Cespe. Na ocasi\u00e3o foram ofertadas\u00a075 vagas e forma\u00e7\u00e3o de cadastro reserva nos cargos de Analista e T\u00e9cnico Judici\u00e1rio. Somente no cargo de T\u00e9cnico, j\u00e1 foram mais de 200 nomea\u00e7\u00f5es.<\/span><\/p>\n<p style=\"text-align: justify;\"><span style=\"color: #000000;\">As vagas de Analista Judici\u00e1rio foram para as especialidades Administrativa, Arquitetura, Enfermagem, Engenharia Civil, Engenharia El\u00e9trica, Medicina do Trabalho, Psicologia, Tecnologia da Informa\u00e7\u00e3o, e Judici\u00e1ria; e Oficial de Justi\u00e7a Avaliador Federal. A remunera\u00e7\u00e3o inicial ofertada foi de\u00a0R$ 8.276,42 para Analistas Judici\u00e1rios e de R$ 9.898,20 para Oficial de Justi\u00e7a Avaliador.<\/span><\/p>\n<p style=\"text-align: justify;\"><span style=\"color: #000000;\">Para T\u00e9cnico Judici\u00e1rio, as oportunidades foram nas \u00e1reas Administrativa e Enfermagem. \u00c1rea de enfermagem exigir\u00e1 ainda curso t\u00e9cnico de Enfermagem. A remunera\u00e7\u00e3o inicial foi\u00a0de R$ 5.345,03.<\/span><\/p>\n<p style=\"text-align: justify;\"><span style=\"color: #000000;\">Informa\u00e7\u00f5es sobre o concurso TRT-8 de 2013 em:<\/span><\/p>\n<p style=\"text-align: justify;\"><span style=\"color: #000000;\"><a style=\"color: #000000;\" href=\"http:\/\/www.cespe.unb.br\/concursos\/TRT8_13\/\"><span style=\"color: #0000ff;\">http:\/\/www.cespe.unb.br\/concursos\/TRT8_13\/<\/span><\/a><\/span><\/p>\n<p style=\"text-align: justify;\"><strong><span style=\"color: #000000;\">O Estrat\u00e9gia Concursos lan\u00e7ar\u00e1, em breve, cursos para este concurso. Acompanhe em:<\/span><\/strong><\/p>\n<p><span style=\"color: #0000ff;\"><a style=\"color: #0000ff;\" href=\"https:\/\/www.estrategiaconcursos.com.br\/cursos\/concurso\/\">https:\/\/www.estrategiaconcursos.com.br\/cursos\/concurso\/<\/a><\/span><\/p>\n<p><span style=\"color: #000000;\">Assessoria de Comunicacao<\/span><\/p>\n<p><span style=\"color: #000000;\">comunicacao@estrategiaconcursos.com.br<\/span><\/p>\n<p>&nbsp;<\/p>\n<p>&nbsp;<\/p>\n","protected":false},"excerpt":{"rendered":"<p>Foi divulgado no Di\u00e1rio Oficial\u00a0da Uni\u00e3o, o extrato de licita\u00e7\u00e3o que disp\u00f5e sobre\u00a0 a contrata\u00e7\u00e3o da banca organizadora do pr\u00f3ximo concurso p\u00fablico do\u00a0Tribunal Regional do Trabalho da 8\u00aa Regi\u00e3o, que abrange\u00a0os estados do Par\u00e1 e Amap\u00e1. De acordo com a publica\u00e7\u00e3o, a organiza\u00e7\u00e3o do pr\u00f3ximo concurso TRT-8, que acontece ainda este ano, ficar\u00e1 por conta [&hellip;]<\/p>\n","protected":false},"author":1,"featured_media":0,"comment_status":"open","ping_status":"open","sticky":false,"template":"","format":"standard","meta":{"post_tipo":"news","footnotes":""},"categories":[1],"tags":[48,642,20],"tax_estado":[],"class_list":["post-26381","post","type-post","status-publish","format-standard","hentry","category-cursos-e-concursos","tag-edital","tag-trt","tag-trt-8"],"acf":[],"yoast_head":"<!-- This site is optimized with the Yoast SEO Premium plugin v27.2 (Yoast SEO v27.2) - https:\/\/yoast.com\/product\/yoast-seo-premium-wordpress\/ -->\n<title>Escolhida a banca organizadora do concurso TRT-8. Edital em breve! Vagas ser\u00e3o para os cargos de T\u00e9cnico e Analista Judici\u00e1rio<\/title>\n<meta name=\"description\" content=\"Foi divulgado no Di\u00e1rio Oficial da Uni\u00e3o, o extrato de licita\u00e7\u00e3o que disp\u00f5e sobre a contrata\u00e7\u00e3o da banca organizadora do pr\u00f3ximo concurso TRT-8. Saiba mais\" \/>\n<meta name=\"robots\" content=\"index, follow, max-snippet:-1, max-image-preview:large, max-video-preview:-1\" \/>\n<link rel=\"canonical\" href=\"https:\/\/www.estrategiaconcursos.com.br\/blog\/escolhida-a-banca-organizadora-do-concurso-trt-8\/\" \/>\n<meta property=\"og:locale\" content=\"pt_BR\" \/>\n<meta property=\"og:type\" content=\"article\" \/>\n<meta property=\"og:title\" content=\"Escolhida a banca organizadora do concurso TRT-8. Edital em breve! Vagas ser\u00e3o para os cargos de T\u00e9cnico e Analista Judici\u00e1rio\" \/>\n<meta property=\"og:description\" content=\"Foi divulgado no Di\u00e1rio Oficial da Uni\u00e3o, o extrato de licita\u00e7\u00e3o que disp\u00f5e sobre a contrata\u00e7\u00e3o da banca organizadora do pr\u00f3ximo concurso TRT-8. Saiba mais\" \/>\n<meta property=\"og:url\" content=\"https:\/\/www.estrategiaconcursos.com.br\/blog\/escolhida-a-banca-organizadora-do-concurso-trt-8\/\" \/>\n<meta property=\"og:site_name\" content=\"Estrat\u00e9gia Concursos\" \/>\n<meta property=\"article:author\" content=\"https:\/\/www.facebook.com\/EstrategiaConcursos\" \/>\n<meta property=\"article:published_time\" content=\"2015-08-28T12:02:18+00:00\" \/>\n<meta property=\"article:modified_time\" content=\"2015-08-28T12:03:28+00:00\" \/>\n<meta property=\"og:image\" content=\"https:\/\/dhg1h5j42swfq.cloudfront.net\/2015\/08\/28085557\/concurso-TRT-8-300x84.jpg\" \/>\n<meta name=\"author\" content=\"Coordena\u00e7\u00e3o\" \/>\n<meta name=\"twitter:card\" content=\"summary_large_image\" \/>\n<meta name=\"twitter:creator\" content=\"@EstratConcursos\" \/>\n<meta name=\"twitter:site\" content=\"@EstratConcursos\" \/>\n<meta name=\"twitter:label1\" content=\"Escrito por\" \/>\n\t<meta name=\"twitter:data1\" content=\"Coordena\u00e7\u00e3o\" \/>\n\t<meta name=\"twitter:label2\" content=\"Est. tempo de leitura\" \/>\n\t<meta name=\"twitter:data2\" content=\"2 minutos\" \/>\n<script type=\"application\/ld+json\" class=\"yoast-schema-graph\">{\"@context\":\"https:\/\/schema.org\",\"@graph\":[{\"@type\":\"NewsArticle\",\"@id\":\"https:\/\/www.estrategiaconcursos.com.br\/blog\/escolhida-a-banca-organizadora-do-concurso-trt-8\/#article\",\"isPartOf\":{\"@id\":\"https:\/\/www.estrategiaconcursos.com.br\/blog\/escolhida-a-banca-organizadora-do-concurso-trt-8\/\"},\"author\":{\"name\":\"Coordena\u00e7\u00e3o\",\"@id\":\"https:\/\/www.estrategiaconcursos.com.br\/blog\/#\/schema\/person\/b4a388c97673c5f483d72185668afa1f\"},\"headline\":\"Escolhida a banca organizadora do concurso TRT-8. Edital em breve! Vagas ser\u00e3o para os cargos de T\u00e9cnico e Analista Judici\u00e1rio\",\"datePublished\":\"2015-08-28T12:02:18+00:00\",\"dateModified\":\"2015-08-28T12:03:28+00:00\",\"mainEntityOfPage\":{\"@id\":\"https:\/\/www.estrategiaconcursos.com.br\/blog\/escolhida-a-banca-organizadora-do-concurso-trt-8\/\"},\"wordCount\":481,\"commentCount\":2,\"publisher\":{\"@id\":\"https:\/\/www.estrategiaconcursos.com.br\/blog\/#organization\"},\"image\":{\"@id\":\"https:\/\/www.estrategiaconcursos.com.br\/blog\/escolhida-a-banca-organizadora-do-concurso-trt-8\/#primaryimage\"},\"thumbnailUrl\":\"https:\/\/dhg1h5j42swfq.cloudfront.net\/2015\/08\/28085557\/concurso-TRT-8-300x84.jpg\",\"keywords\":[\"edital\",\"trt\",\"TRT-8\"],\"articleSection\":[\"Concursos P\u00fablicos\"],\"inLanguage\":\"pt-BR\",\"potentialAction\":[{\"@type\":\"CommentAction\",\"name\":\"Comment\",\"target\":[\"https:\/\/www.estrategiaconcursos.com.br\/blog\/escolhida-a-banca-organizadora-do-concurso-trt-8\/#respond\"]}],\"copyrightYear\":\"2015\",\"copyrightHolder\":{\"@id\":\"https:\/\/www.estrategiaconcursos.com.br\/blog\/#organization\"}},{\"@type\":\"WebPage\",\"@id\":\"https:\/\/www.estrategiaconcursos.com.br\/blog\/escolhida-a-banca-organizadora-do-concurso-trt-8\/\",\"url\":\"https:\/\/www.estrategiaconcursos.com.br\/blog\/escolhida-a-banca-organizadora-do-concurso-trt-8\/\",\"name\":\"Escolhida a banca organizadora do concurso TRT-8. Edital em breve! Vagas ser\u00e3o para os cargos de T\u00e9cnico e Analista Judici\u00e1rio\",\"isPartOf\":{\"@id\":\"https:\/\/www.estrategiaconcursos.com.br\/blog\/#website\"},\"primaryImageOfPage\":{\"@id\":\"https:\/\/www.estrategiaconcursos.com.br\/blog\/escolhida-a-banca-organizadora-do-concurso-trt-8\/#primaryimage\"},\"image\":{\"@id\":\"https:\/\/www.estrategiaconcursos.com.br\/blog\/escolhida-a-banca-organizadora-do-concurso-trt-8\/#primaryimage\"},\"thumbnailUrl\":\"https:\/\/dhg1h5j42swfq.cloudfront.net\/2015\/08\/28085557\/concurso-TRT-8-300x84.jpg\",\"datePublished\":\"2015-08-28T12:02:18+00:00\",\"dateModified\":\"2015-08-28T12:03:28+00:00\",\"description\":\"Foi divulgado no Di\u00e1rio Oficial da Uni\u00e3o, o extrato de licita\u00e7\u00e3o que disp\u00f5e sobre a contrata\u00e7\u00e3o da banca organizadora do pr\u00f3ximo concurso TRT-8. Saiba mais\",\"breadcrumb\":{\"@id\":\"https:\/\/www.estrategiaconcursos.com.br\/blog\/escolhida-a-banca-organizadora-do-concurso-trt-8\/#breadcrumb\"},\"inLanguage\":\"pt-BR\",\"potentialAction\":[{\"@type\":\"ReadAction\",\"target\":[\"https:\/\/www.estrategiaconcursos.com.br\/blog\/escolhida-a-banca-organizadora-do-concurso-trt-8\/\"]}]},{\"@type\":\"ImageObject\",\"inLanguage\":\"pt-BR\",\"@id\":\"https:\/\/www.estrategiaconcursos.com.br\/blog\/escolhida-a-banca-organizadora-do-concurso-trt-8\/#primaryimage\",\"url\":\"https:\/\/dhg1h5j42swfq.cloudfront.net\/2015\/08\/28085557\/concurso-TRT-8-300x84.jpg\",\"contentUrl\":\"https:\/\/dhg1h5j42swfq.cloudfront.net\/2015\/08\/28085557\/concurso-TRT-8-300x84.jpg\"},{\"@type\":\"BreadcrumbList\",\"@id\":\"https:\/\/www.estrategiaconcursos.com.br\/blog\/escolhida-a-banca-organizadora-do-concurso-trt-8\/#breadcrumb\",\"itemListElement\":[{\"@type\":\"ListItem\",\"position\":1,\"name\":\"In\u00edcio\",\"item\":\"https:\/\/www.estrategiaconcursos.com.br\/blog\/\"},{\"@type\":\"ListItem\",\"position\":2,\"name\":\"Escolhida a banca organizadora do concurso TRT-8. Edital em breve! Vagas ser\u00e3o para os cargos de T\u00e9cnico e Analista Judici\u00e1rio\"}]},{\"@type\":\"WebSite\",\"@id\":\"https:\/\/www.estrategiaconcursos.com.br\/blog\/#website\",\"url\":\"https:\/\/www.estrategiaconcursos.com.br\/blog\/\",\"name\":\"Estrat\u00e9gia Concursos\",\"description\":\"O blog da Estrat\u00e9gia Concursos traz not\u00edcias sobre concursos e artigos de professores oferecendo cursos para concursos (pdf + videaulas) no site.\",\"publisher\":{\"@id\":\"https:\/\/www.estrategiaconcursos.com.br\/blog\/#organization\"},\"potentialAction\":[{\"@type\":\"SearchAction\",\"target\":{\"@type\":\"EntryPoint\",\"urlTemplate\":\"https:\/\/www.estrategiaconcursos.com.br\/blog\/?s={search_term_string}\"},\"query-input\":{\"@type\":\"PropertyValueSpecification\",\"valueRequired\":true,\"valueName\":\"search_term_string\"}}],\"inLanguage\":\"pt-BR\"},{\"@type\":\"Organization\",\"@id\":\"https:\/\/www.estrategiaconcursos.com.br\/blog\/#organization\",\"name\":\"Estrat\u00e9gia Concursos\",\"url\":\"https:\/\/www.estrategiaconcursos.com.br\/blog\/\",\"logo\":{\"@type\":\"ImageObject\",\"inLanguage\":\"pt-BR\",\"@id\":\"https:\/\/www.estrategiaconcursos.com.br\/blog\/#\/schema\/logo\/image\/\",\"url\":\"https:\/\/dhg1h5j42swfq.cloudfront.net\/2025\/06\/03203428\/logo_concursos-1.jpg\",\"contentUrl\":\"https:\/\/dhg1h5j42swfq.cloudfront.net\/2025\/06\/03203428\/logo_concursos-1.jpg\",\"width\":230,\"height\":60,\"caption\":\"Estrat\u00e9gia Concursos\"},\"image\":{\"@id\":\"https:\/\/www.estrategiaconcursos.com.br\/blog\/#\/schema\/logo\/image\/\"},\"sameAs\":[\"https:\/\/x.com\/EstratConcursos\"]},{\"@type\":\"Person\",\"@id\":\"https:\/\/www.estrategiaconcursos.com.br\/blog\/#\/schema\/person\/b4a388c97673c5f483d72185668afa1f\",\"name\":\"Coordena\u00e7\u00e3o\",\"image\":{\"@type\":\"ImageObject\",\"inLanguage\":\"pt-BR\",\"@id\":\"https:\/\/secure.gravatar.com\/avatar\/b720319e4c9a967eb58678d110f4fe35452fc5d5f97b202bac7b8acceb18c6ad?s=96&d=mm&r=g\",\"url\":\"https:\/\/secure.gravatar.com\/avatar\/b720319e4c9a967eb58678d110f4fe35452fc5d5f97b202bac7b8acceb18c6ad?s=96&d=mm&r=g\",\"contentUrl\":\"https:\/\/secure.gravatar.com\/avatar\/b720319e4c9a967eb58678d110f4fe35452fc5d5f97b202bac7b8acceb18c6ad?s=96&d=mm&r=g\",\"caption\":\"Coordena\u00e7\u00e3o\"},\"sameAs\":[\"https:\/\/www.facebook.com\/EstrategiaConcursos\",\"https:\/\/x.com\/EstratConcursos\"],\"url\":\"https:\/\/www.estrategiaconcursos.com.br\/blog\/author\/estrategia2013\/\"}]}<\/script>\n<!-- \/ Yoast SEO Premium plugin. -->","yoast_head_json":{"title":"Escolhida a banca organizadora do concurso TRT-8. Edital em breve! Vagas ser\u00e3o para os cargos de T\u00e9cnico e Analista Judici\u00e1rio","description":"Foi divulgado no Di\u00e1rio Oficial da Uni\u00e3o, o extrato de licita\u00e7\u00e3o que disp\u00f5e sobre a contrata\u00e7\u00e3o da banca organizadora do pr\u00f3ximo concurso TRT-8. Saiba mais","robots":{"index":"index","follow":"follow","max-snippet":"max-snippet:-1","max-image-preview":"max-image-preview:large","max-video-preview":"max-video-preview:-1"},"canonical":"https:\/\/www.estrategiaconcursos.com.br\/blog\/escolhida-a-banca-organizadora-do-concurso-trt-8\/","og_locale":"pt_BR","og_type":"article","og_title":"Escolhida a banca organizadora do concurso TRT-8. Edital em breve! Vagas ser\u00e3o para os cargos de T\u00e9cnico e Analista Judici\u00e1rio","og_description":"Foi divulgado no Di\u00e1rio Oficial da Uni\u00e3o, o extrato de licita\u00e7\u00e3o que disp\u00f5e sobre a contrata\u00e7\u00e3o da banca organizadora do pr\u00f3ximo concurso TRT-8. Saiba mais","og_url":"https:\/\/www.estrategiaconcursos.com.br\/blog\/escolhida-a-banca-organizadora-do-concurso-trt-8\/","og_site_name":"Estrat\u00e9gia Concursos","article_author":"https:\/\/www.facebook.com\/EstrategiaConcursos","article_published_time":"2015-08-28T12:02:18+00:00","article_modified_time":"2015-08-28T12:03:28+00:00","og_image":[{"url":"https:\/\/dhg1h5j42swfq.cloudfront.net\/2015\/08\/28085557\/concurso-TRT-8-300x84.jpg","type":"","width":"","height":""}],"author":"Coordena\u00e7\u00e3o","twitter_card":"summary_large_image","twitter_creator":"@EstratConcursos","twitter_site":"@EstratConcursos","twitter_misc":{"Escrito por":"Coordena\u00e7\u00e3o","Est. tempo de leitura":"2 minutos"},"schema":{"@context":"https:\/\/schema.org","@graph":[{"@type":"NewsArticle","@id":"https:\/\/www.estrategiaconcursos.com.br\/blog\/escolhida-a-banca-organizadora-do-concurso-trt-8\/#article","isPartOf":{"@id":"https:\/\/www.estrategiaconcursos.com.br\/blog\/escolhida-a-banca-organizadora-do-concurso-trt-8\/"},"author":{"name":"Coordena\u00e7\u00e3o","@id":"https:\/\/www.estrategiaconcursos.com.br\/blog\/#\/schema\/person\/b4a388c97673c5f483d72185668afa1f"},"headline":"Escolhida a banca organizadora do concurso TRT-8. Edital em breve! Vagas ser\u00e3o para os cargos de T\u00e9cnico e Analista Judici\u00e1rio","datePublished":"2015-08-28T12:02:18+00:00","dateModified":"2015-08-28T12:03:28+00:00","mainEntityOfPage":{"@id":"https:\/\/www.estrategiaconcursos.com.br\/blog\/escolhida-a-banca-organizadora-do-concurso-trt-8\/"},"wordCount":481,"commentCount":2,"publisher":{"@id":"https:\/\/www.estrategiaconcursos.com.br\/blog\/#organization"},"image":{"@id":"https:\/\/www.estrategiaconcursos.com.br\/blog\/escolhida-a-banca-organizadora-do-concurso-trt-8\/#primaryimage"},"thumbnailUrl":"https:\/\/dhg1h5j42swfq.cloudfront.net\/2015\/08\/28085557\/concurso-TRT-8-300x84.jpg","keywords":["edital","trt","TRT-8"],"articleSection":["Concursos P\u00fablicos"],"inLanguage":"pt-BR","potentialAction":[{"@type":"CommentAction","name":"Comment","target":["https:\/\/www.estrategiaconcursos.com.br\/blog\/escolhida-a-banca-organizadora-do-concurso-trt-8\/#respond"]}],"copyrightYear":"2015","copyrightHolder":{"@id":"https:\/\/www.estrategiaconcursos.com.br\/blog\/#organization"}},{"@type":"WebPage","@id":"https:\/\/www.estrategiaconcursos.com.br\/blog\/escolhida-a-banca-organizadora-do-concurso-trt-8\/","url":"https:\/\/www.estrategiaconcursos.com.br\/blog\/escolhida-a-banca-organizadora-do-concurso-trt-8\/","name":"Escolhida a banca organizadora do concurso TRT-8. Edital em breve! Vagas ser\u00e3o para os cargos de T\u00e9cnico e Analista Judici\u00e1rio","isPartOf":{"@id":"https:\/\/www.estrategiaconcursos.com.br\/blog\/#website"},"primaryImageOfPage":{"@id":"https:\/\/www.estrategiaconcursos.com.br\/blog\/escolhida-a-banca-organizadora-do-concurso-trt-8\/#primaryimage"},"image":{"@id":"https:\/\/www.estrategiaconcursos.com.br\/blog\/escolhida-a-banca-organizadora-do-concurso-trt-8\/#primaryimage"},"thumbnailUrl":"https:\/\/dhg1h5j42swfq.cloudfront.net\/2015\/08\/28085557\/concurso-TRT-8-300x84.jpg","datePublished":"2015-08-28T12:02:18+00:00","dateModified":"2015-08-28T12:03:28+00:00","description":"Foi divulgado no Di\u00e1rio Oficial da Uni\u00e3o, o extrato de licita\u00e7\u00e3o que disp\u00f5e sobre a contrata\u00e7\u00e3o da banca organizadora do pr\u00f3ximo concurso TRT-8. Saiba mais","breadcrumb":{"@id":"https:\/\/www.estrategiaconcursos.com.br\/blog\/escolhida-a-banca-organizadora-do-concurso-trt-8\/#breadcrumb"},"inLanguage":"pt-BR","potentialAction":[{"@type":"ReadAction","target":["https:\/\/www.estrategiaconcursos.com.br\/blog\/escolhida-a-banca-organizadora-do-concurso-trt-8\/"]}]},{"@type":"ImageObject","inLanguage":"pt-BR","@id":"https:\/\/www.estrategiaconcursos.com.br\/blog\/escolhida-a-banca-organizadora-do-concurso-trt-8\/#primaryimage","url":"https:\/\/dhg1h5j42swfq.cloudfront.net\/2015\/08\/28085557\/concurso-TRT-8-300x84.jpg","contentUrl":"https:\/\/dhg1h5j42swfq.cloudfront.net\/2015\/08\/28085557\/concurso-TRT-8-300x84.jpg"},{"@type":"BreadcrumbList","@id":"https:\/\/www.estrategiaconcursos.com.br\/blog\/escolhida-a-banca-organizadora-do-concurso-trt-8\/#breadcrumb","itemListElement":[{"@type":"ListItem","position":1,"name":"In\u00edcio","item":"https:\/\/www.estrategiaconcursos.com.br\/blog\/"},{"@type":"ListItem","position":2,"name":"Escolhida a banca organizadora do concurso TRT-8. Edital em breve! Vagas ser\u00e3o para os cargos de T\u00e9cnico e Analista Judici\u00e1rio"}]},{"@type":"WebSite","@id":"https:\/\/www.estrategiaconcursos.com.br\/blog\/#website","url":"https:\/\/www.estrategiaconcursos.com.br\/blog\/","name":"Estrat\u00e9gia Concursos","description":"O blog da Estrat\u00e9gia Concursos traz not\u00edcias sobre concursos e artigos de professores oferecendo cursos para concursos (pdf + videaulas) no site.","publisher":{"@id":"https:\/\/www.estrategiaconcursos.com.br\/blog\/#organization"},"potentialAction":[{"@type":"SearchAction","target":{"@type":"EntryPoint","urlTemplate":"https:\/\/www.estrategiaconcursos.com.br\/blog\/?s={search_term_string}"},"query-input":{"@type":"PropertyValueSpecification","valueRequired":true,"valueName":"search_term_string"}}],"inLanguage":"pt-BR"},{"@type":"Organization","@id":"https:\/\/www.estrategiaconcursos.com.br\/blog\/#organization","name":"Estrat\u00e9gia Concursos","url":"https:\/\/www.estrategiaconcursos.com.br\/blog\/","logo":{"@type":"ImageObject","inLanguage":"pt-BR","@id":"https:\/\/www.estrategiaconcursos.com.br\/blog\/#\/schema\/logo\/image\/","url":"https:\/\/dhg1h5j42swfq.cloudfront.net\/2025\/06\/03203428\/logo_concursos-1.jpg","contentUrl":"https:\/\/dhg1h5j42swfq.cloudfront.net\/2025\/06\/03203428\/logo_concursos-1.jpg","width":230,"height":60,"caption":"Estrat\u00e9gia Concursos"},"image":{"@id":"https:\/\/www.estrategiaconcursos.com.br\/blog\/#\/schema\/logo\/image\/"},"sameAs":["https:\/\/x.com\/EstratConcursos"]},{"@type":"Person","@id":"https:\/\/www.estrategiaconcursos.com.br\/blog\/#\/schema\/person\/b4a388c97673c5f483d72185668afa1f","name":"Coordena\u00e7\u00e3o","image":{"@type":"ImageObject","inLanguage":"pt-BR","@id":"https:\/\/secure.gravatar.com\/avatar\/b720319e4c9a967eb58678d110f4fe35452fc5d5f97b202bac7b8acceb18c6ad?s=96&d=mm&r=g","url":"https:\/\/secure.gravatar.com\/avatar\/b720319e4c9a967eb58678d110f4fe35452fc5d5f97b202bac7b8acceb18c6ad?s=96&d=mm&r=g","contentUrl":"https:\/\/secure.gravatar.com\/avatar\/b720319e4c9a967eb58678d110f4fe35452fc5d5f97b202bac7b8acceb18c6ad?s=96&d=mm&r=g","caption":"Coordena\u00e7\u00e3o"},"sameAs":["https:\/\/www.facebook.com\/EstrategiaConcursos","https:\/\/x.com\/EstratConcursos"],"url":"https:\/\/www.estrategiaconcursos.com.br\/blog\/author\/estrategia2013\/"}]}},"_links":{"self":[{"href":"https:\/\/www.estrategiaconcursos.com.br\/blog\/wp-json\/wp\/v2\/posts\/26381","targetHints":{"allow":["GET"]}}],"collection":[{"href":"https:\/\/www.estrategiaconcursos.com.br\/blog\/wp-json\/wp\/v2\/posts"}],"about":[{"href":"https:\/\/www.estrategiaconcursos.com.br\/blog\/wp-json\/wp\/v2\/types\/post"}],"author":[{"embeddable":true,"href":"https:\/\/www.estrategiaconcursos.com.br\/blog\/wp-json\/wp\/v2\/users\/1"}],"replies":[{"embeddable":true,"href":"https:\/\/www.estrategiaconcursos.com.br\/blog\/wp-json\/wp\/v2\/comments?post=26381"}],"version-history":[{"count":2,"href":"https:\/\/www.estrategiaconcursos.com.br\/blog\/wp-json\/wp\/v2\/posts\/26381\/revisions"}],"predecessor-version":[{"id":26389,"href":"https:\/\/www.estrategiaconcursos.com.br\/blog\/wp-json\/wp\/v2\/posts\/26381\/revisions\/26389"}],"wp:attachment":[{"href":"https:\/\/www.estrategiaconcursos.com.br\/blog\/wp-json\/wp\/v2\/media?parent=26381"}],"wp:term":[{"taxonomy":"category","embeddable":true,"href":"https:\/\/www.estrategiaconcursos.com.br\/blog\/wp-json\/wp\/v2\/categories?post=26381"},{"taxonomy":"post_tag","embeddable":true,"href":"https:\/\/www.estrategiaconcursos.com.br\/blog\/wp-json\/wp\/v2\/tags?post=26381"},{"taxonomy":"tax_estado","embeddable":true,"href":"https:\/\/www.estrategiaconcursos.com.br\/blog\/wp-json\/wp\/v2\/tax_estado?post=26381"}],"curies":[{"name":"wp","href":"https:\/\/api.w.org\/{rel}","templated":true}]}}