{"id":25987,"date":"2015-08-20T10:36:27","date_gmt":"2015-08-20T13:36:27","guid":{"rendered":"http:\/\/www.estrategiaconcursos.com.br\/blog\/?p=25987"},"modified":"2015-08-20T10:39:34","modified_gmt":"2015-08-20T13:39:34","slug":"concurso-tre-sergipe-edital-publicado-vagas-sao-para-os-cargos-de-analista-e-tecnico-judiciario-saiba-mais","status":"publish","type":"post","link":"https:\/\/www.estrategiaconcursos.com.br\/blog\/concurso-tre-sergipe-edital-publicado-vagas-sao-para-os-cargos-de-analista-e-tecnico-judiciario-saiba-mais\/","title":{"rendered":"Concurso TRE-Sergipe: Edital publicado! Vagas s\u00e3o para os cargos de Analista e T\u00e9cnico Judici\u00e1rio. Saiba mais!"},"content":{"rendered":"<p style=\"text-align: justify;\"><span style=\"color: #000000;\"><a href=\"https:\/\/dhg1h5j42swfq.cloudfront.net\/2015\/08\/14154243\/concurso-TRE-sergipe.jpg\"><img loading=\"lazy\" decoding=\"async\" class=\"alignleft wp-image-25632 size-full\" src=\"https:\/\/dhg1h5j42swfq.cloudfront.net\/2015\/08\/14154243\/concurso-TRE-sergipe.jpg\" alt=\"concurso TRE-Sergipe\" width=\"371\" height=\"136\" srcset=\"https:\/\/dhg1h5j42swfq.cloudfront.net\/2015\/08\/14154243\/concurso-TRE-sergipe.jpg 371w, https:\/\/dhg1h5j42swfq.cloudfront.net\/2015\/08\/14154243\/concurso-TRE-sergipe.jpg 300w\" sizes=\"auto, (max-width: 371px) 100vw, 371px\" \/><\/a>Foi divulgado nesta quinta-feira, 20, no Di\u00e1rio Oficial da Uni\u00e3o, o edital do concurso\u00a0para o Tribunal Regional Eleitoral de Sergipe (<span style=\"color: #0000ff;\"><a style=\"color: #0000ff;\" href=\"https:\/\/www.estrategiaconcursos.com.br\/cursosPorConcurso\/tre-se-tribunal-regional-eleitoral-de-sergipe-406\/\">concurso TRE-Sergipe<\/a><\/span>),\u00a0com vagas nos cargos de Analista e T\u00e9cnico Judici\u00e1rio. As inscri\u00e7\u00f5es poder\u00e3o ser realizadas entre os dias\u00a024 de agosto e\u00a022 de setembro de 2015, exclusivamente pelo site da organizadora, <span style=\"color: #0000ff;\"><a style=\"color: #0000ff;\" href=\"http:\/\/www.concursosfcc.com.br\/concursos\/trese115\/index.html\" target=\"_blank\">www.concursosfcc.com.br<\/a><\/span>. As taxas s\u00e3o de R$ 70,00 e R$ 90,00.<\/span><\/p>\n<p style=\"text-align: justify;\"><span style=\"color: #000000;\">Para analista, que exige n\u00edvel superior, o concurso TRE-Sergipe prev\u00ea o preenchimento de vagas\u00a0nas \u00e1reas Judici\u00e1ria (1) e Administrativa (CR). J\u00e1 para n\u00edvel m\u00e9dio, as vagas s\u00e3o para T\u00e9cnico Judici\u00e1rio na \u00e1rea Administrativa (10). As remunera\u00e7\u00f5es variam entre\u00a0R$ 5.425,79 e R$ 8.863,84 (Valor vigente, correspondente a Vencimento + gratifica\u00e7\u00e3o de atividade judici\u00e1ria (GAJ) + Vantagem Pecuni\u00e1ria Individual (VPI). A jornada de trabalho \u00e9 de 40 horas semanais.<\/span><\/p>\n<p><a href=\"https:\/\/dhg1h5j42swfq.cloudfront.net\/2015\/08\/20102840\/Concurso-TRE-Sergipe-.jpg\"><img loading=\"lazy\" decoding=\"async\" class=\"aligncenter wp-image-25988 size-large\" src=\"https:\/\/dhg1h5j42swfq.cloudfront.net\/2015\/08\/20102840\/Concurso-TRE-Sergipe--1024x748.jpg\" alt=\"Concurso TRE-Sergipe\" width=\"584\" height=\"427\" srcset=\"https:\/\/dhg1h5j42swfq.cloudfront.net\/2015\/08\/20102840\/Concurso-TRE-Sergipe-.jpg 1024w, https:\/\/dhg1h5j42swfq.cloudfront.net\/2015\/08\/20102840\/Concurso-TRE-Sergipe-.jpg 300w, https:\/\/dhg1h5j42swfq.cloudfront.net\/2015\/08\/20102840\/Concurso-TRE-Sergipe-.jpg 411w\" sizes=\"auto, (max-width: 584px) 100vw, 584px\" \/><\/a><\/p>\n<p><span style=\"color: #000000;\">\u00a0A aplica\u00e7\u00e3o das Provas Objetivas (todos os cargos\/\u00e1reas) e Discursiva-Reda\u00e7\u00e3o (apenas para os cargos de Analista Judici\u00e1rio \u2013 \u00c1rea Judici\u00e1ria e \u00c1rea Administrativa) est\u00e1 prevista para o dia 1\u00ba de novembro, na Cidade de Aracaju\/SE.<\/span><\/p>\n<p style=\"text-align: justify;\"><span style=\"color: #000000;\">O concurso TRE-Sergipe ter\u00e1\u00a0ser\u00e1 v\u00e1lido por dois anos, podendo ser prorrogado por igual per\u00edodo.<\/span><\/p>\n<p style=\"text-align: justify;\"><a href=\"https:\/\/dhg1h5j42swfq.cloudfront.net\/2015\/08\/20133627\/Concurso-TRE-Sergipe-cronograma.jpg\"><img loading=\"lazy\" decoding=\"async\" class=\"aligncenter wp-image-25992 size-large\" src=\"https:\/\/dhg1h5j42swfq.cloudfront.net\/2015\/08\/20133627\/Concurso-TRE-Sergipe-cronograma-1024x820.jpg\" alt=\"Concurso TRE-Sergipe - cronograma\" width=\"584\" height=\"468\" srcset=\"https:\/\/dhg1h5j42swfq.cloudfront.net\/2015\/08\/20133627\/Concurso-TRE-Sergipe-cronograma.jpg 1024w, https:\/\/dhg1h5j42swfq.cloudfront.net\/2015\/08\/20133627\/Concurso-TRE-Sergipe-cronograma.jpg 300w, https:\/\/dhg1h5j42swfq.cloudfront.net\/2015\/08\/20133627\/Concurso-TRE-Sergipe-cronograma.jpg 374w\" sizes=\"auto, (max-width: 584px) 100vw, 584px\" \/><\/a><\/p>\n<p style=\"text-align: justify;\"><span style=\"color: #000000;\">Confira o edital do concurso TRE-Sergipe em:<\/span><\/p>\n<p style=\"text-align: justify;\"><span style=\"color: #0000ff;\"><a style=\"color: #0000ff;\" href=\"https:\/\/dhg1h5j42swfq.cloudfront.net\/2015\/08\/20103606\/Edital-concurso-TRE-Sergipe.pdf\">Edital concurso TRE-Sergipe<\/a><\/span><\/p>\n<p><span style=\"color: #000000;\"><strong>O Estrat\u00e9gia Concursos j\u00e1 lan\u00e7ou cursos para o concurso TRE-Sergipe. Confira em:<\/strong><\/span><\/p>\n<p><span style=\"color: #0000ff;\"><a style=\"color: #0000ff;\" href=\"https:\/\/www.estrategiaconcursos.com.br\/cursosPorConcurso\/tre-se-tribunal-regional-eleitoral-de-sergipe-406\/\">https:\/\/www.estrategiaconcursos.com.br\/cursosPorConcurso\/tre-se-tribunal-regional-eleitoral-de-sergipe-406\/<\/a><\/span><\/p>\n<p><span style=\"color: #000000;\">Assessoria de Comunica\u00e7\u00e3o<\/span><\/p>\n<p><span style=\"color: #000000;\">comunicacao@estrategiaconcursos.com.br<\/span><\/p>\n","protected":false},"excerpt":{"rendered":"<p>Foi divulgado nesta quinta-feira, 20, no Di\u00e1rio Oficial da Uni\u00e3o, o edital do concurso\u00a0para o Tribunal Regional Eleitoral de Sergipe (concurso TRE-Sergipe),\u00a0com vagas nos cargos de Analista e T\u00e9cnico Judici\u00e1rio. As inscri\u00e7\u00f5es poder\u00e3o ser realizadas entre os dias\u00a024 de agosto e\u00a022 de setembro de 2015, exclusivamente pelo site da organizadora, www.concursosfcc.com.br. As taxas s\u00e3o de [&hellip;]<\/p>\n","protected":false},"author":1,"featured_media":0,"comment_status":"open","ping_status":"open","sticky":false,"template":"","format":"standard","meta":{"post_tipo":"news","footnotes":""},"categories":[1],"tags":[48,895],"tax_estado":[],"class_list":["post-25987","post","type-post","status-publish","format-standard","hentry","category-cursos-e-concursos","tag-edital","tag-tre-se"],"acf":[],"yoast_head":"<!-- This site is optimized with the Yoast SEO Premium plugin v27.2 (Yoast SEO v27.2) - https:\/\/yoast.com\/product\/yoast-seo-premium-wordpress\/ -->\n<title>Concurso TRE-Sergipe: Edital publicado! Vagas s\u00e3o para os cargos de Analista e T\u00e9cnico Judici\u00e1rio. Saiba mais!<\/title>\n<meta name=\"description\" content=\"Foi divulgado nesta quinta-feira, 20, no Di\u00e1rio Oficial da Uni\u00e3o, o edital do concurso TRE-Sergipe.\" \/>\n<meta name=\"robots\" content=\"index, follow, max-snippet:-1, max-image-preview:large, max-video-preview:-1\" \/>\n<link rel=\"canonical\" href=\"https:\/\/www.estrategiaconcursos.com.br\/blog\/concurso-tre-sergipe-edital-publicado-vagas-sao-para-os-cargos-de-analista-e-tecnico-judiciario-saiba-mais\/\" \/>\n<meta property=\"og:locale\" content=\"pt_BR\" \/>\n<meta property=\"og:type\" content=\"article\" \/>\n<meta property=\"og:title\" content=\"Concurso TRE-Sergipe: Edital publicado! Vagas s\u00e3o para os cargos de Analista e T\u00e9cnico Judici\u00e1rio. Saiba mais!\" \/>\n<meta property=\"og:description\" content=\"Foi divulgado nesta quinta-feira, 20, no Di\u00e1rio Oficial da Uni\u00e3o, o edital do concurso TRE-Sergipe.\" \/>\n<meta property=\"og:url\" content=\"https:\/\/www.estrategiaconcursos.com.br\/blog\/concurso-tre-sergipe-edital-publicado-vagas-sao-para-os-cargos-de-analista-e-tecnico-judiciario-saiba-mais\/\" \/>\n<meta property=\"og:site_name\" content=\"Estrat\u00e9gia Concursos\" \/>\n<meta property=\"article:author\" content=\"https:\/\/www.facebook.com\/EstrategiaConcursos\" \/>\n<meta property=\"article:published_time\" content=\"2015-08-20T13:36:27+00:00\" \/>\n<meta property=\"article:modified_time\" content=\"2015-08-20T13:39:34+00:00\" \/>\n<meta property=\"og:image\" content=\"https:\/\/dhg1h5j42swfq.cloudfront.net\/2015\/08\/14154243\/concurso-TRE-sergipe.jpg\" \/>\n<meta name=\"author\" content=\"Coordena\u00e7\u00e3o\" \/>\n<meta name=\"twitter:card\" content=\"summary_large_image\" \/>\n<meta name=\"twitter:creator\" content=\"@EstratConcursos\" \/>\n<meta name=\"twitter:site\" content=\"@EstratConcursos\" \/>\n<meta name=\"twitter:label1\" content=\"Escrito por\" \/>\n\t<meta name=\"twitter:data1\" content=\"Coordena\u00e7\u00e3o\" \/>\n\t<meta name=\"twitter:label2\" content=\"Est. tempo de leitura\" \/>\n\t<meta name=\"twitter:data2\" content=\"1 minuto\" \/>\n<script type=\"application\/ld+json\" class=\"yoast-schema-graph\">{\"@context\":\"https:\/\/schema.org\",\"@graph\":[{\"@type\":\"NewsArticle\",\"@id\":\"https:\/\/www.estrategiaconcursos.com.br\/blog\/concurso-tre-sergipe-edital-publicado-vagas-sao-para-os-cargos-de-analista-e-tecnico-judiciario-saiba-mais\/#article\",\"isPartOf\":{\"@id\":\"https:\/\/www.estrategiaconcursos.com.br\/blog\/concurso-tre-sergipe-edital-publicado-vagas-sao-para-os-cargos-de-analista-e-tecnico-judiciario-saiba-mais\/\"},\"author\":{\"name\":\"Coordena\u00e7\u00e3o\",\"@id\":\"https:\/\/www.estrategiaconcursos.com.br\/blog\/#\/schema\/person\/b4a388c97673c5f483d72185668afa1f\"},\"headline\":\"Concurso TRE-Sergipe: Edital publicado! Vagas s\u00e3o para os cargos de Analista e T\u00e9cnico Judici\u00e1rio. Saiba mais!\",\"datePublished\":\"2015-08-20T13:36:27+00:00\",\"dateModified\":\"2015-08-20T13:39:34+00:00\",\"mainEntityOfPage\":{\"@id\":\"https:\/\/www.estrategiaconcursos.com.br\/blog\/concurso-tre-sergipe-edital-publicado-vagas-sao-para-os-cargos-de-analista-e-tecnico-judiciario-saiba-mais\/\"},\"wordCount\":254,\"commentCount\":1,\"publisher\":{\"@id\":\"https:\/\/www.estrategiaconcursos.com.br\/blog\/#organization\"},\"image\":{\"@id\":\"https:\/\/www.estrategiaconcursos.com.br\/blog\/concurso-tre-sergipe-edital-publicado-vagas-sao-para-os-cargos-de-analista-e-tecnico-judiciario-saiba-mais\/#primaryimage\"},\"thumbnailUrl\":\"https:\/\/dhg1h5j42swfq.cloudfront.net\/2015\/08\/14154243\/concurso-TRE-sergipe.jpg\",\"keywords\":[\"edital\",\"TRE- SE\"],\"articleSection\":[\"Concursos P\u00fablicos\"],\"inLanguage\":\"pt-BR\",\"potentialAction\":[{\"@type\":\"CommentAction\",\"name\":\"Comment\",\"target\":[\"https:\/\/www.estrategiaconcursos.com.br\/blog\/concurso-tre-sergipe-edital-publicado-vagas-sao-para-os-cargos-de-analista-e-tecnico-judiciario-saiba-mais\/#respond\"]}],\"copyrightYear\":\"2015\",\"copyrightHolder\":{\"@id\":\"https:\/\/www.estrategiaconcursos.com.br\/blog\/#organization\"}},{\"@type\":\"WebPage\",\"@id\":\"https:\/\/www.estrategiaconcursos.com.br\/blog\/concurso-tre-sergipe-edital-publicado-vagas-sao-para-os-cargos-de-analista-e-tecnico-judiciario-saiba-mais\/\",\"url\":\"https:\/\/www.estrategiaconcursos.com.br\/blog\/concurso-tre-sergipe-edital-publicado-vagas-sao-para-os-cargos-de-analista-e-tecnico-judiciario-saiba-mais\/\",\"name\":\"Concurso TRE-Sergipe: Edital publicado! Vagas s\u00e3o para os cargos de Analista e T\u00e9cnico Judici\u00e1rio. Saiba mais!\",\"isPartOf\":{\"@id\":\"https:\/\/www.estrategiaconcursos.com.br\/blog\/#website\"},\"primaryImageOfPage\":{\"@id\":\"https:\/\/www.estrategiaconcursos.com.br\/blog\/concurso-tre-sergipe-edital-publicado-vagas-sao-para-os-cargos-de-analista-e-tecnico-judiciario-saiba-mais\/#primaryimage\"},\"image\":{\"@id\":\"https:\/\/www.estrategiaconcursos.com.br\/blog\/concurso-tre-sergipe-edital-publicado-vagas-sao-para-os-cargos-de-analista-e-tecnico-judiciario-saiba-mais\/#primaryimage\"},\"thumbnailUrl\":\"https:\/\/dhg1h5j42swfq.cloudfront.net\/2015\/08\/14154243\/concurso-TRE-sergipe.jpg\",\"datePublished\":\"2015-08-20T13:36:27+00:00\",\"dateModified\":\"2015-08-20T13:39:34+00:00\",\"description\":\"Foi divulgado nesta quinta-feira, 20, no Di\u00e1rio Oficial da Uni\u00e3o, o edital do concurso TRE-Sergipe.\",\"breadcrumb\":{\"@id\":\"https:\/\/www.estrategiaconcursos.com.br\/blog\/concurso-tre-sergipe-edital-publicado-vagas-sao-para-os-cargos-de-analista-e-tecnico-judiciario-saiba-mais\/#breadcrumb\"},\"inLanguage\":\"pt-BR\",\"potentialAction\":[{\"@type\":\"ReadAction\",\"target\":[\"https:\/\/www.estrategiaconcursos.com.br\/blog\/concurso-tre-sergipe-edital-publicado-vagas-sao-para-os-cargos-de-analista-e-tecnico-judiciario-saiba-mais\/\"]}]},{\"@type\":\"ImageObject\",\"inLanguage\":\"pt-BR\",\"@id\":\"https:\/\/www.estrategiaconcursos.com.br\/blog\/concurso-tre-sergipe-edital-publicado-vagas-sao-para-os-cargos-de-analista-e-tecnico-judiciario-saiba-mais\/#primaryimage\",\"url\":\"https:\/\/dhg1h5j42swfq.cloudfront.net\/2015\/08\/14154243\/concurso-TRE-sergipe.jpg\",\"contentUrl\":\"https:\/\/dhg1h5j42swfq.cloudfront.net\/2015\/08\/14154243\/concurso-TRE-sergipe.jpg\"},{\"@type\":\"BreadcrumbList\",\"@id\":\"https:\/\/www.estrategiaconcursos.com.br\/blog\/concurso-tre-sergipe-edital-publicado-vagas-sao-para-os-cargos-de-analista-e-tecnico-judiciario-saiba-mais\/#breadcrumb\",\"itemListElement\":[{\"@type\":\"ListItem\",\"position\":1,\"name\":\"In\u00edcio\",\"item\":\"https:\/\/www.estrategiaconcursos.com.br\/blog\/\"},{\"@type\":\"ListItem\",\"position\":2,\"name\":\"Concurso TRE-Sergipe: Edital publicado! Vagas s\u00e3o para os cargos de Analista e T\u00e9cnico Judici\u00e1rio. Saiba mais!\"}]},{\"@type\":\"WebSite\",\"@id\":\"https:\/\/www.estrategiaconcursos.com.br\/blog\/#website\",\"url\":\"https:\/\/www.estrategiaconcursos.com.br\/blog\/\",\"name\":\"Estrat\u00e9gia Concursos\",\"description\":\"O blog da Estrat\u00e9gia Concursos traz not\u00edcias sobre concursos e artigos de professores oferecendo cursos para concursos (pdf + videaulas) no site.\",\"publisher\":{\"@id\":\"https:\/\/www.estrategiaconcursos.com.br\/blog\/#organization\"},\"potentialAction\":[{\"@type\":\"SearchAction\",\"target\":{\"@type\":\"EntryPoint\",\"urlTemplate\":\"https:\/\/www.estrategiaconcursos.com.br\/blog\/?s={search_term_string}\"},\"query-input\":{\"@type\":\"PropertyValueSpecification\",\"valueRequired\":true,\"valueName\":\"search_term_string\"}}],\"inLanguage\":\"pt-BR\"},{\"@type\":\"Organization\",\"@id\":\"https:\/\/www.estrategiaconcursos.com.br\/blog\/#organization\",\"name\":\"Estrat\u00e9gia Concursos\",\"url\":\"https:\/\/www.estrategiaconcursos.com.br\/blog\/\",\"logo\":{\"@type\":\"ImageObject\",\"inLanguage\":\"pt-BR\",\"@id\":\"https:\/\/www.estrategiaconcursos.com.br\/blog\/#\/schema\/logo\/image\/\",\"url\":\"https:\/\/dhg1h5j42swfq.cloudfront.net\/2025\/06\/03203428\/logo_concursos-1.jpg\",\"contentUrl\":\"https:\/\/dhg1h5j42swfq.cloudfront.net\/2025\/06\/03203428\/logo_concursos-1.jpg\",\"width\":230,\"height\":60,\"caption\":\"Estrat\u00e9gia Concursos\"},\"image\":{\"@id\":\"https:\/\/www.estrategiaconcursos.com.br\/blog\/#\/schema\/logo\/image\/\"},\"sameAs\":[\"https:\/\/x.com\/EstratConcursos\"]},{\"@type\":\"Person\",\"@id\":\"https:\/\/www.estrategiaconcursos.com.br\/blog\/#\/schema\/person\/b4a388c97673c5f483d72185668afa1f\",\"name\":\"Coordena\u00e7\u00e3o\",\"image\":{\"@type\":\"ImageObject\",\"inLanguage\":\"pt-BR\",\"@id\":\"https:\/\/secure.gravatar.com\/avatar\/b720319e4c9a967eb58678d110f4fe35452fc5d5f97b202bac7b8acceb18c6ad?s=96&d=mm&r=g\",\"url\":\"https:\/\/secure.gravatar.com\/avatar\/b720319e4c9a967eb58678d110f4fe35452fc5d5f97b202bac7b8acceb18c6ad?s=96&d=mm&r=g\",\"contentUrl\":\"https:\/\/secure.gravatar.com\/avatar\/b720319e4c9a967eb58678d110f4fe35452fc5d5f97b202bac7b8acceb18c6ad?s=96&d=mm&r=g\",\"caption\":\"Coordena\u00e7\u00e3o\"},\"sameAs\":[\"https:\/\/www.facebook.com\/EstrategiaConcursos\",\"https:\/\/x.com\/EstratConcursos\"],\"url\":\"https:\/\/www.estrategiaconcursos.com.br\/blog\/author\/estrategia2013\/\"}]}<\/script>\n<!-- \/ Yoast SEO Premium plugin. -->","yoast_head_json":{"title":"Concurso TRE-Sergipe: Edital publicado! Vagas s\u00e3o para os cargos de Analista e T\u00e9cnico Judici\u00e1rio. Saiba mais!","description":"Foi divulgado nesta quinta-feira, 20, no Di\u00e1rio Oficial da Uni\u00e3o, o edital do concurso TRE-Sergipe.","robots":{"index":"index","follow":"follow","max-snippet":"max-snippet:-1","max-image-preview":"max-image-preview:large","max-video-preview":"max-video-preview:-1"},"canonical":"https:\/\/www.estrategiaconcursos.com.br\/blog\/concurso-tre-sergipe-edital-publicado-vagas-sao-para-os-cargos-de-analista-e-tecnico-judiciario-saiba-mais\/","og_locale":"pt_BR","og_type":"article","og_title":"Concurso TRE-Sergipe: Edital publicado! Vagas s\u00e3o para os cargos de Analista e T\u00e9cnico Judici\u00e1rio. Saiba mais!","og_description":"Foi divulgado nesta quinta-feira, 20, no Di\u00e1rio Oficial da Uni\u00e3o, o edital do concurso TRE-Sergipe.","og_url":"https:\/\/www.estrategiaconcursos.com.br\/blog\/concurso-tre-sergipe-edital-publicado-vagas-sao-para-os-cargos-de-analista-e-tecnico-judiciario-saiba-mais\/","og_site_name":"Estrat\u00e9gia Concursos","article_author":"https:\/\/www.facebook.com\/EstrategiaConcursos","article_published_time":"2015-08-20T13:36:27+00:00","article_modified_time":"2015-08-20T13:39:34+00:00","og_image":[{"url":"https:\/\/dhg1h5j42swfq.cloudfront.net\/2015\/08\/14154243\/concurso-TRE-sergipe.jpg","type":"","width":"","height":""}],"author":"Coordena\u00e7\u00e3o","twitter_card":"summary_large_image","twitter_creator":"@EstratConcursos","twitter_site":"@EstratConcursos","twitter_misc":{"Escrito por":"Coordena\u00e7\u00e3o","Est. tempo de leitura":"1 minuto"},"schema":{"@context":"https:\/\/schema.org","@graph":[{"@type":"NewsArticle","@id":"https:\/\/www.estrategiaconcursos.com.br\/blog\/concurso-tre-sergipe-edital-publicado-vagas-sao-para-os-cargos-de-analista-e-tecnico-judiciario-saiba-mais\/#article","isPartOf":{"@id":"https:\/\/www.estrategiaconcursos.com.br\/blog\/concurso-tre-sergipe-edital-publicado-vagas-sao-para-os-cargos-de-analista-e-tecnico-judiciario-saiba-mais\/"},"author":{"name":"Coordena\u00e7\u00e3o","@id":"https:\/\/www.estrategiaconcursos.com.br\/blog\/#\/schema\/person\/b4a388c97673c5f483d72185668afa1f"},"headline":"Concurso TRE-Sergipe: Edital publicado! Vagas s\u00e3o para os cargos de Analista e T\u00e9cnico Judici\u00e1rio. Saiba mais!","datePublished":"2015-08-20T13:36:27+00:00","dateModified":"2015-08-20T13:39:34+00:00","mainEntityOfPage":{"@id":"https:\/\/www.estrategiaconcursos.com.br\/blog\/concurso-tre-sergipe-edital-publicado-vagas-sao-para-os-cargos-de-analista-e-tecnico-judiciario-saiba-mais\/"},"wordCount":254,"commentCount":1,"publisher":{"@id":"https:\/\/www.estrategiaconcursos.com.br\/blog\/#organization"},"image":{"@id":"https:\/\/www.estrategiaconcursos.com.br\/blog\/concurso-tre-sergipe-edital-publicado-vagas-sao-para-os-cargos-de-analista-e-tecnico-judiciario-saiba-mais\/#primaryimage"},"thumbnailUrl":"https:\/\/dhg1h5j42swfq.cloudfront.net\/2015\/08\/14154243\/concurso-TRE-sergipe.jpg","keywords":["edital","TRE- SE"],"articleSection":["Concursos P\u00fablicos"],"inLanguage":"pt-BR","potentialAction":[{"@type":"CommentAction","name":"Comment","target":["https:\/\/www.estrategiaconcursos.com.br\/blog\/concurso-tre-sergipe-edital-publicado-vagas-sao-para-os-cargos-de-analista-e-tecnico-judiciario-saiba-mais\/#respond"]}],"copyrightYear":"2015","copyrightHolder":{"@id":"https:\/\/www.estrategiaconcursos.com.br\/blog\/#organization"}},{"@type":"WebPage","@id":"https:\/\/www.estrategiaconcursos.com.br\/blog\/concurso-tre-sergipe-edital-publicado-vagas-sao-para-os-cargos-de-analista-e-tecnico-judiciario-saiba-mais\/","url":"https:\/\/www.estrategiaconcursos.com.br\/blog\/concurso-tre-sergipe-edital-publicado-vagas-sao-para-os-cargos-de-analista-e-tecnico-judiciario-saiba-mais\/","name":"Concurso TRE-Sergipe: Edital publicado! Vagas s\u00e3o para os cargos de Analista e T\u00e9cnico Judici\u00e1rio. Saiba mais!","isPartOf":{"@id":"https:\/\/www.estrategiaconcursos.com.br\/blog\/#website"},"primaryImageOfPage":{"@id":"https:\/\/www.estrategiaconcursos.com.br\/blog\/concurso-tre-sergipe-edital-publicado-vagas-sao-para-os-cargos-de-analista-e-tecnico-judiciario-saiba-mais\/#primaryimage"},"image":{"@id":"https:\/\/www.estrategiaconcursos.com.br\/blog\/concurso-tre-sergipe-edital-publicado-vagas-sao-para-os-cargos-de-analista-e-tecnico-judiciario-saiba-mais\/#primaryimage"},"thumbnailUrl":"https:\/\/dhg1h5j42swfq.cloudfront.net\/2015\/08\/14154243\/concurso-TRE-sergipe.jpg","datePublished":"2015-08-20T13:36:27+00:00","dateModified":"2015-08-20T13:39:34+00:00","description":"Foi divulgado nesta quinta-feira, 20, no Di\u00e1rio Oficial da Uni\u00e3o, o edital do concurso TRE-Sergipe.","breadcrumb":{"@id":"https:\/\/www.estrategiaconcursos.com.br\/blog\/concurso-tre-sergipe-edital-publicado-vagas-sao-para-os-cargos-de-analista-e-tecnico-judiciario-saiba-mais\/#breadcrumb"},"inLanguage":"pt-BR","potentialAction":[{"@type":"ReadAction","target":["https:\/\/www.estrategiaconcursos.com.br\/blog\/concurso-tre-sergipe-edital-publicado-vagas-sao-para-os-cargos-de-analista-e-tecnico-judiciario-saiba-mais\/"]}]},{"@type":"ImageObject","inLanguage":"pt-BR","@id":"https:\/\/www.estrategiaconcursos.com.br\/blog\/concurso-tre-sergipe-edital-publicado-vagas-sao-para-os-cargos-de-analista-e-tecnico-judiciario-saiba-mais\/#primaryimage","url":"https:\/\/dhg1h5j42swfq.cloudfront.net\/2015\/08\/14154243\/concurso-TRE-sergipe.jpg","contentUrl":"https:\/\/dhg1h5j42swfq.cloudfront.net\/2015\/08\/14154243\/concurso-TRE-sergipe.jpg"},{"@type":"BreadcrumbList","@id":"https:\/\/www.estrategiaconcursos.com.br\/blog\/concurso-tre-sergipe-edital-publicado-vagas-sao-para-os-cargos-de-analista-e-tecnico-judiciario-saiba-mais\/#breadcrumb","itemListElement":[{"@type":"ListItem","position":1,"name":"In\u00edcio","item":"https:\/\/www.estrategiaconcursos.com.br\/blog\/"},{"@type":"ListItem","position":2,"name":"Concurso TRE-Sergipe: Edital publicado! Vagas s\u00e3o para os cargos de Analista e T\u00e9cnico Judici\u00e1rio. Saiba mais!"}]},{"@type":"WebSite","@id":"https:\/\/www.estrategiaconcursos.com.br\/blog\/#website","url":"https:\/\/www.estrategiaconcursos.com.br\/blog\/","name":"Estrat\u00e9gia Concursos","description":"O blog da Estrat\u00e9gia Concursos traz not\u00edcias sobre concursos e artigos de professores oferecendo cursos para concursos (pdf + videaulas) no site.","publisher":{"@id":"https:\/\/www.estrategiaconcursos.com.br\/blog\/#organization"},"potentialAction":[{"@type":"SearchAction","target":{"@type":"EntryPoint","urlTemplate":"https:\/\/www.estrategiaconcursos.com.br\/blog\/?s={search_term_string}"},"query-input":{"@type":"PropertyValueSpecification","valueRequired":true,"valueName":"search_term_string"}}],"inLanguage":"pt-BR"},{"@type":"Organization","@id":"https:\/\/www.estrategiaconcursos.com.br\/blog\/#organization","name":"Estrat\u00e9gia Concursos","url":"https:\/\/www.estrategiaconcursos.com.br\/blog\/","logo":{"@type":"ImageObject","inLanguage":"pt-BR","@id":"https:\/\/www.estrategiaconcursos.com.br\/blog\/#\/schema\/logo\/image\/","url":"https:\/\/dhg1h5j42swfq.cloudfront.net\/2025\/06\/03203428\/logo_concursos-1.jpg","contentUrl":"https:\/\/dhg1h5j42swfq.cloudfront.net\/2025\/06\/03203428\/logo_concursos-1.jpg","width":230,"height":60,"caption":"Estrat\u00e9gia Concursos"},"image":{"@id":"https:\/\/www.estrategiaconcursos.com.br\/blog\/#\/schema\/logo\/image\/"},"sameAs":["https:\/\/x.com\/EstratConcursos"]},{"@type":"Person","@id":"https:\/\/www.estrategiaconcursos.com.br\/blog\/#\/schema\/person\/b4a388c97673c5f483d72185668afa1f","name":"Coordena\u00e7\u00e3o","image":{"@type":"ImageObject","inLanguage":"pt-BR","@id":"https:\/\/secure.gravatar.com\/avatar\/b720319e4c9a967eb58678d110f4fe35452fc5d5f97b202bac7b8acceb18c6ad?s=96&d=mm&r=g","url":"https:\/\/secure.gravatar.com\/avatar\/b720319e4c9a967eb58678d110f4fe35452fc5d5f97b202bac7b8acceb18c6ad?s=96&d=mm&r=g","contentUrl":"https:\/\/secure.gravatar.com\/avatar\/b720319e4c9a967eb58678d110f4fe35452fc5d5f97b202bac7b8acceb18c6ad?s=96&d=mm&r=g","caption":"Coordena\u00e7\u00e3o"},"sameAs":["https:\/\/www.facebook.com\/EstrategiaConcursos","https:\/\/x.com\/EstratConcursos"],"url":"https:\/\/www.estrategiaconcursos.com.br\/blog\/author\/estrategia2013\/"}]}},"_links":{"self":[{"href":"https:\/\/www.estrategiaconcursos.com.br\/blog\/wp-json\/wp\/v2\/posts\/25987","targetHints":{"allow":["GET"]}}],"collection":[{"href":"https:\/\/www.estrategiaconcursos.com.br\/blog\/wp-json\/wp\/v2\/posts"}],"about":[{"href":"https:\/\/www.estrategiaconcursos.com.br\/blog\/wp-json\/wp\/v2\/types\/post"}],"author":[{"embeddable":true,"href":"https:\/\/www.estrategiaconcursos.com.br\/blog\/wp-json\/wp\/v2\/users\/1"}],"replies":[{"embeddable":true,"href":"https:\/\/www.estrategiaconcursos.com.br\/blog\/wp-json\/wp\/v2\/comments?post=25987"}],"version-history":[{"count":2,"href":"https:\/\/www.estrategiaconcursos.com.br\/blog\/wp-json\/wp\/v2\/posts\/25987\/revisions"}],"predecessor-version":[{"id":25993,"href":"https:\/\/www.estrategiaconcursos.com.br\/blog\/wp-json\/wp\/v2\/posts\/25987\/revisions\/25993"}],"wp:attachment":[{"href":"https:\/\/www.estrategiaconcursos.com.br\/blog\/wp-json\/wp\/v2\/media?parent=25987"}],"wp:term":[{"taxonomy":"category","embeddable":true,"href":"https:\/\/www.estrategiaconcursos.com.br\/blog\/wp-json\/wp\/v2\/categories?post=25987"},{"taxonomy":"post_tag","embeddable":true,"href":"https:\/\/www.estrategiaconcursos.com.br\/blog\/wp-json\/wp\/v2\/tags?post=25987"},{"taxonomy":"tax_estado","embeddable":true,"href":"https:\/\/www.estrategiaconcursos.com.br\/blog\/wp-json\/wp\/v2\/tax_estado?post=25987"}],"curies":[{"name":"wp","href":"https:\/\/api.w.org\/{rel}","templated":true}]}}