{"id":25959,"date":"2015-08-19T18:54:20","date_gmt":"2015-08-19T21:54:20","guid":{"rendered":"http:\/\/www.estrategiaconcursos.com.br\/blog\/?p=25959"},"modified":"2016-09-27T11:55:19","modified_gmt":"2016-09-27T14:55:19","slug":"prova-comentada-de-afo-concurso-tcu-2015","status":"publish","type":"post","link":"https:\/\/www.estrategiaconcursos.com.br\/blog\/prova-comentada-de-afo-concurso-tcu-2015\/","title":{"rendered":"Prova comentada de AFO &#8211; Concurso TCU &#8211; AUFC &#8211; 2015"},"content":{"rendered":"<p style=\"text-align: justify;\"><a href=\"https:\/\/dhg1h5j42swfq.cloudfront.net\/2014\/07\/concruso-do-TCU.jpg\"><img loading=\"lazy\" decoding=\"async\" class=\"alignleft wp-image-16560 size-medium\" src=\"https:\/\/dhg1h5j42swfq.cloudfront.net\/2014\/07\/concruso-do-TCU-300x240.jpg\" alt=\"concurso TCU\" width=\"300\" height=\"240\" srcset=\"https:\/\/dhg1h5j42swfq.cloudfront.net\/2014\/07\/concruso-do-TCU.jpg 300w, https:\/\/dhg1h5j42swfq.cloudfront.net\/2014\/07\/concruso-do-TCU.jpg 374w, https:\/\/dhg1h5j42swfq.cloudfront.net\/2014\/07\/concruso-do-TCU.jpg 586w\" sizes=\"auto, (max-width: 300px) 100vw, 300px\" \/><\/a><\/p>\n<p style=\"text-align: justify;\"><span style=\"color: #000000;\">Ol\u00e1 amigos! Como \u00e9 bom estar aqui!<\/span><\/p>\n<p style=\"text-align: justify;\"><span style=\"color: #000000;\">Segue a prova comentada do concurso TCU na disciplina Administra\u00e7\u00e3o Financeira e Or\u00e7ament\u00e1ria para\u00a0Auditor Federal de Controle Externo.<\/span><\/p>\n<p style=\"text-align: justify;\"><span style=\"color: #000000;\"><strong>Com refer\u00eancia aos aspectos doutrin\u00e1rios e hist\u00f3ricos da administra\u00e7\u00e3o financeira e or\u00e7ament\u00e1ria, julgue os itens a seguir.<\/strong><\/span><\/p>\n<p style=\"text-align: justify;\"><span style=\"color: #000000;\"><strong>173 A situa\u00e7\u00e3o do \u00f3timo de Pareto decorre da atua\u00e7\u00e3o do Estado na economia. <\/strong><\/span><\/p>\n<p style=\"text-align: justify;\"><span style=\"color: #000000;\">\u00a0\u00c9 mat\u00e9ria de \u00a0Economia, mas como est\u00e1 aqui em AFO, vou citar\u00a0o erro.\u00a0A situa\u00e7\u00e3o do \u00f3timo de Pareto\u00a0ocorre em <strong>concorr\u00eancia perfeita<\/strong> e n\u00e3o pela atua\u00e7\u00e3o do Estado.<\/span><\/p>\n<p style=\"text-align: justify;\"><span style=\"color: #000000;\">Resposta: Errada<\/span><\/p>\n<p style=\"text-align: justify;\"><span style=\"color: #000000;\">\u00a0<strong>174 Considerando a evolu\u00e7\u00e3o conceitual da terminologia usada em refer\u00eancia ao or\u00e7amento, o Brasil utilizou o or\u00e7amento legislativo, o executivo e o misto ao longo de sua hist\u00f3ria.<\/strong><\/span><\/p>\n<p style=\"text-align: justify;\"><span style=\"color: #000000;\">\u00a0Nesta \u00f3tica sobre os tipos de or\u00e7amento, tem-se a vis\u00e3o do regime pol\u00edtico em que \u00e9 elaborado o or\u00e7amento combinado com a forma de governo. O Brasil vivenciou os tr\u00eas tipos:<\/span><\/p>\n<p style=\"text-align: justify;\"><span style=\"color: #000000;\">_ Or\u00e7amento Legislativo: a elabora\u00e7\u00e3o, a vota\u00e7\u00e3o e o controle do or\u00e7amento s\u00e3o compet\u00eancias do Poder Legislativo. Normalmente ocorre em pa\u00edses parlamentaristas. Ao Executivo cabe apenas a execu\u00e7\u00e3o. Exemplo: Constitui\u00e7\u00e3o Federal de 1891.<\/span><\/p>\n<p style=\"text-align: justify;\"><span style=\"color: #000000;\">_ Or\u00e7amento Executivo: a elabora\u00e7\u00e3o, a vota\u00e7\u00e3o, o controle e a execu\u00e7\u00e3o s\u00e3o compet\u00eancias do Poder Executivo. \u00c9 t\u00edpico de regimes autorit\u00e1rios. Exemplo: Constitui\u00e7\u00e3o Federal de 1937.<\/span><\/p>\n<p style=\"text-align: justify;\"><span style=\"color: #000000;\">_ Or\u00e7amento Misto: a elabora\u00e7\u00e3o e a execu\u00e7\u00e3o s\u00e3o de compet\u00eancia do Executivo, cabendo ao Legislativo a vota\u00e7\u00e3o e o controle. Exemplo: a atual Constitui\u00e7\u00e3o Federal de 1988.<\/span><\/p>\n<p style=\"text-align: justify;\"><span style=\"color: #000000;\">\u00a0Resposta: Certa<\/span><\/p>\n<p style=\"text-align: justify;\"><span style=\"color: #000000;\">\u00a0<strong>175 Se a arrecada\u00e7\u00e3o efetivamente realizada for maior que a prevista na lei or\u00e7ament\u00e1ria anual, a diferen\u00e7a a maior poder\u00e1 ser utilizada como fonte de recursos para a abertura de cr\u00e9ditos adicionais.<\/strong><\/span><\/p>\n<p style=\"text-align: justify;\"><span style=\"color: #000000;\">\u00a0Uma das fontes para a abertura de cr\u00e9ditos adicionais \u00e9 o excesso de arrecada\u00e7\u00e3o, que corresponde ao saldo positivo das diferen\u00e7as acumuladas m\u00eas a m\u00eas entre a arrecada\u00e7\u00e3o prevista e a realizada, considerando-se, ainda, a tend\u00eancia do exerc\u00edcio.<\/span><\/p>\n<p style=\"text-align: justify;\"><span style=\"color: #000000;\">Resposta: Certa<\/span><\/p>\n<p style=\"text-align: justify;\"><span style=\"color: #000000;\">\u00a0<strong>176 O valor global dos programas constantes do plano plurianual compreende os recursos do or\u00e7amento fiscal e do or\u00e7amento da seguridade social e deve ser especificado para cada ano de execu\u00e7\u00e3o do plano.<\/strong><\/span><\/p>\n<p style=\"text-align: justify;\"><span style=\"color: #000000;\">\u00a0S\u00e3o atributos do programa tem\u00e1tico: c\u00f3digo (gerado pelo SIOP, deve ser id\u00eantico no PPA e na LOA); t\u00edtulo (nome do programa); contextualiza\u00e7\u00e3o; indicador, valor global <strong>(valor para o ano de 2012 e o consolidado para o per\u00edodo restante \u2013 2013 a 2015)<\/strong> e valor de refer\u00eancia para a individualiza\u00e7\u00e3o de projetos como iniciativas.<\/span><\/p>\n<p style=\"text-align: justify;\"><span style=\"color: #000000;\">O Valor Global \u00e9 uma estimativa dos recursos or\u00e7ament\u00e1rios, necess\u00e1rios \u00e0 consecu\u00e7\u00e3o dos Objetivos, segregadas as esferas Fiscal e da Seguridade da esfera de Investimento das Empresas Estatais, com as respectivas categorias econ\u00f4micas, e dos recursos de outras fontes (art. 6\u00b0, \u00a7\u00a7 2\u00b0 e 3\u00b0).<\/span><\/p>\n<p style=\"text-align: justify;\"><span style=\"color: #000000;\">Resposta: Errada<\/span><\/p>\n<p style=\"text-align: justify;\"><span style=\"color: #000000;\">\u00a0<strong>177 \u00c9 vedado \u00e0 lei de diretrizes or\u00e7ament\u00e1rias prever a indisponibilidade de determinadas dota\u00e7\u00f5es or\u00e7ament\u00e1rias para a limita\u00e7\u00e3o de despesas, diante da hip\u00f3tese de a realiza\u00e7\u00e3o da receita n\u00e3o comportar o cumprimento das metas de resultado prim\u00e1rio ou nominal.<\/strong><\/span><\/p>\n<p style=\"text-align: justify;\"><span style=\"color: #000000;\">\u00a0A LRF apresenta despesas que n\u00e3o podem sofrer a limita\u00e7\u00e3o de empenho. N\u00e3o ser\u00e3o objeto de limita\u00e7\u00e3o as despesas que constituam obriga\u00e7\u00f5es constitucionais e legais do ente, inclusive aquelas destinadas ao pagamento do servi\u00e7o da d\u00edvida, e <strong>as ressalvadas pela lei de diretrizes or\u00e7ament\u00e1rias<\/strong>.<\/span><\/p>\n<p style=\"text-align: justify;\"><span style=\"color: #000000;\">Resposta: Errada<\/span><\/p>\n<p style=\"text-align: justify;\"><span style=\"color: #000000;\"><strong>Com rela\u00e7\u00e3o \u00e0s t\u00e9cnicas e mecanismos de elabora\u00e7\u00e3o, \u00e0 execu\u00e7\u00e3o e ao controle do or\u00e7amento p\u00fablico, julgue os seguintes itens.<\/strong><\/span><\/p>\n<p style=\"text-align: justify;\"><span style=\"color: #000000;\"><strong>178 Se determinada funda\u00e7\u00e3o p\u00fablica mantiver seus recursos decorrentes de arrecada\u00e7\u00e3o de receitas pr\u00f3prias na conta \u00fanica do Tesouro Nacional, ela poder\u00e1 aplicar tais disponibilidades financeiras em aplica\u00e7\u00f5es a prazo fixo.<\/strong><\/span><\/p>\n<p style=\"text-align: justify;\"><span style=\"color: #000000;\">\u00a0As autarquias e funda\u00e7\u00f5es p\u00fablicas, os fundos por elas administrados, bem como os \u00f3rg\u00e3os da Administra\u00e7\u00e3o P\u00fablica Federal direta, poder\u00e3o manter na conta \u00fanica do Tesouro Nacional, em aplica\u00e7\u00f5es a prazo fixo, disponibilidades financeiras decorrentes de arrecada\u00e7\u00e3o de receitas pr\u00f3prias, na forma regulamentada pelo Minist\u00e9rio da Fazenda (art. 2\u00ba, \u00a7 4\u00ba, da Medida Provis\u00f3ria 2.170-36\/2001).<\/span><\/p>\n<p style=\"text-align: justify;\"><span style=\"color: #000000;\">Resposta: Certa<\/span><\/p>\n<p style=\"text-align: justify;\"><span style=\"color: #000000;\"><strong>179 O segmento da classifica\u00e7\u00e3o funcional da despesa p\u00fablica que se relaciona com a miss\u00e3o institucional do \u00f3rg\u00e3o \u00e9 denominado programa.<\/strong><\/span><\/p>\n<p style=\"text-align: justify;\"><span style=\"color: #000000;\">A <strong>fun\u00e7\u00e3o<\/strong> pode ser traduzida como o maior n\u00edvel de agrega\u00e7\u00e3o das diversas \u00e1reas de atua\u00e7\u00e3o do setor p\u00fablico. Est\u00e1 relacionada com a miss\u00e3o institucional do \u00f3rg\u00e3o, por exemplo, cultura, educa\u00e7\u00e3o, sa\u00fade, defesa, que guarda rela\u00e7\u00e3o com os respectivos Minist\u00e9rios.<\/span><\/p>\n<p style=\"text-align: justify;\"><span style=\"color: #000000;\">Resposta: Errada<\/span><\/p>\n<p style=\"text-align: justify;\"><span style=\"color: #000000;\"><strong>180 Deve-se usar a modalidade de aplica\u00e7\u00e3o se for preciso distinguir os recursos a serem aplicados diretamente por \u00f3rg\u00e3os ou entidades no \u00e2mbito da mesma esfera de governo daqueles transferidos para outro ente da Federa\u00e7\u00e3o.<\/strong><\/span><\/p>\n<p style=\"text-align: justify;\"><span style=\"color: #000000;\">A modalidade de aplica\u00e7\u00e3o indica se os recursos ser\u00e3o aplicados mediante transfer\u00eancia financeira, inclusive a decorrente de descentraliza\u00e7\u00e3o or\u00e7ament\u00e1ria para outros n\u00edveis de Governo, seus \u00f3rg\u00e3os ou entidades, ou diretamente para entidades privadas sem fins lucrativos e outras institui\u00e7\u00f5es; ou, ent\u00e3o, diretamente pela unidade detentora do cr\u00e9dito or\u00e7ament\u00e1rio, ou por outro \u00f3rg\u00e3o ou entidade no \u00e2mbito do mesmo n\u00edvel de Governo. A modalidade de aplica\u00e7\u00e3o \u00e9 uma informa\u00e7\u00e3o gerencial que objetiva, principalmente, eliminar a dupla contagem dos recursos transferidos ou descentralizados.<\/span><\/p>\n<p style=\"text-align: justify;\"><span style=\"color: #000000;\">Resposta: Certa<\/span><\/p>\n<p style=\"text-align: justify;\"><span style=\"color: #000000;\"><strong>181 O ingresso proveniente de outros entes da Federa\u00e7\u00e3o, efetivado mediante condi\u00e7\u00f5es preestabelecidas ou mesmo sem qualquer exig\u00eancia, deve ser classificado como outras receitas correntes.<\/strong><\/span><\/p>\n<p style=\"text-align: justify;\"><span style=\"color: #000000;\">O ingresso proveniente de outros entes ou entidades, referente a recursos pertencentes ao ente ou entidade recebedora ou ao ente ou entidade transferidora, efetivado mediante condi\u00e7\u00f5es preestabelecidas ou mesmo sem qualquer exig\u00eancia, desde que o objetivo seja a aplica\u00e7\u00e3o em despesas correntes, \u00e9 classificado como <strong>transfer\u00eancia corrente<\/strong>. Caso o objetivo seja a aplica\u00e7\u00e3o em despesas correntes, ser\u00e1 <strong>transfer\u00eancia de capital.<\/strong><\/span><\/p>\n<p style=\"text-align: justify;\"><span style=\"color: #000000;\">Resposta: Errada<\/span><\/p>\n<p style=\"text-align: justify;\"><span style=\"color: #000000;\"><strong>182 Ainda que n\u00e3o esteja compat\u00edvel com o plano plurianual, a emenda ao projeto de lei or\u00e7ament\u00e1ria que pretender consignar recursos para transfer\u00eancia a empresa estatal com o objetivo de financiar a constru\u00e7\u00e3o de uma usina hidrel\u00e9trica poder\u00e1 ser apresentada na Comiss\u00e3o Mista de Or\u00e7amento por qualquer parlamentar.<\/strong><\/span><\/p>\n<p style=\"text-align: justify;\"><span style=\"color: #000000;\">\u00a0As emendas ao projeto de lei do or\u00e7amento anual ou aos projetos que o modifiquem somente podem <span style=\"text-decoration: underline;\">ser aprovadas<\/span> caso, entre outros, <span style=\"text-decoration: underline;\">sejam compat\u00edveis com o plano plurianual<\/span> e com a lei de diretrizes or\u00e7ament\u00e1rias.<\/span><\/p>\n<p style=\"text-align: justify;\"><span style=\"color: #000000;\">Apresentar por apresentar o parlamentar pode apresentar praticamente \u201cqualquer coisa\u201d.<\/span><\/p>\n<p style=\"text-align: justify;\"><span style=\"color: #000000;\">Resposta: Certa<\/span><\/p>\n<p style=\"text-align: justify;\"><span style=\"color: #000000;\"><strong>183 A etapa do planejamento de determinada despesa p\u00fablica encerra-se com sua fixa\u00e7\u00e3o na lei or\u00e7ament\u00e1ria anual<\/strong><\/span><\/p>\n<p style=\"text-align: justify;\"><span style=\"color: #000000;\">\u00a0Etapas da despesa or\u00e7ament\u00e1ria:<\/span><\/p>\n<p style=\"text-align: justify;\"><span style=\"color: #000000;\"><span style=\"text-decoration: underline;\">Planejamento<\/span>: a etapa do planejamento abrange, de modo geral, a <span style=\"text-decoration: underline;\">fixa\u00e7\u00e3o da despesa or\u00e7ament\u00e1ria<\/span>, a descentraliza\u00e7\u00e3o\/movimenta\u00e7\u00e3o de cr\u00e9ditos, a programa\u00e7\u00e3o or\u00e7ament\u00e1ria e financeira, <strong>e o processo de licita\u00e7\u00e3o e contrata\u00e7\u00e3o<\/strong>.<\/span><\/p>\n<p style=\"text-align: justify;\"><span style=\"color: #000000;\"><span style=\"text-decoration: underline;\">Execu\u00e7\u00e3o<\/span>: \u00e9 a etapa em que os atos e fatos s\u00e3o praticados na Administra\u00e7\u00e3o P\u00fablica para implementa\u00e7\u00e3o da a\u00e7\u00e3o governamental, e na qual ocorre o processo de operacionaliza\u00e7\u00e3o objetiva e concreta de uma pol\u00edtica p\u00fablica. A Lei 4.320\/1964 estabelece como est\u00e1gios da execu\u00e7\u00e3o da despesa or\u00e7ament\u00e1ria o empenho, a liquida\u00e7\u00e3o e o pagamento.<\/span><\/p>\n<p style=\"text-align: justify;\"><span style=\"color: #000000;\"><span style=\"text-decoration: underline;\">Controle e avalia\u00e7\u00e3o<\/span>: como na receita, compreende a fiscaliza\u00e7\u00e3o realizada pelos \u00f3rg\u00e3os de controle e pela sociedade. Visa \u00e0 avalia\u00e7\u00e3o da a\u00e7\u00e3o governamental, da gest\u00e3o dos administradores p\u00fablicos e da aplica\u00e7\u00e3o de recursos p\u00fablicos por entidades de direito privado, por interm\u00e9dio da fiscaliza\u00e7\u00e3o cont\u00e1bil, financeira, or\u00e7ament\u00e1ria, operacional e patrimonial.<\/span><\/p>\n<p style=\"text-align: justify;\"><span style=\"color: #000000;\">Assim, a etapa do planejamento de determinada despesa p\u00fablica <strong>n\u00e3o<\/strong> se encerra com a fixa\u00e7\u00e3o na lei or\u00e7ament\u00e1ria anual.<\/span><\/p>\n<p style=\"text-align: justify;\"><span style=\"color: #000000;\">Resposta: Errada<\/span><\/p>\n<p style=\"text-align: justify;\"><span style=\"color: #000000;\"><strong>Julgue os itens subsequentes, relativos ao sistema de planejamento federal e \u00e0 Lei de Responsabilidade Fiscal.<\/strong><\/span><\/p>\n<p style=\"text-align: justify;\"><span style=\"color: #000000;\"><strong>184 Caso decis\u00e3o definitiva do TCU prolatada h\u00e1 menos de cinco anos tenha considerado servidor respons\u00e1vel por ato irregular, esse servidor estar\u00e1 impossibilitado de assumir cargo no \u00e2mbito do sistema de planejamento e de or\u00e7amento federal.<\/strong><\/span><\/p>\n<p style=\"text-align: justify;\"><span style=\"color: #000000;\">\u00c9 vedada a nomea\u00e7\u00e3o para o exerc\u00edcio de cargo, inclusive em comiss\u00e3o<span style=\"text-decoration: underline;\">, no \u00e2mbito dos Sistemas de que trata esta Lei<\/span>, de pessoas que tenham sido, nos \u00faltimos cinco anos (art. 29 da Lei 10.180\/2001):<\/span><\/p>\n<p style=\"text-align: justify;\"><span style=\"color: #000000;\">I &#8211; <span style=\"text-decoration: underline;\">respons\u00e1veis por atos julgados irregulares por decis\u00e3o definitiva do Tribunal de Contas da Uni\u00e3o, do tribunal de contas de Estado, do Distrito Federal ou de Munic\u00edpio, ou ainda, por conselho de contas de Munic\u00edpio<\/span>;<\/span><\/p>\n<p style=\"text-align: justify;\"><span style=\"color: #000000;\">II &#8211; punidas, em decis\u00e3o da qual n\u00e3o caiba recurso administrativo, em processo disciplinar por ato lesivo ao patrim\u00f4nio p\u00fablico de qualquer esfera de governo;<\/span><\/p>\n<p style=\"text-align: justify;\"><span style=\"color: #000000;\">III &#8211; condenadas em processo criminal por pr\u00e1tica de crimes contra a Administra\u00e7\u00e3o P\u00fablica (capitulados nos T\u00edtulos II e XI da Parte Especial do C\u00f3digo Penal Brasileiro, na\u00a0Lei n\u00ba\u00a07.492, de 16 de junho de 1986, e na\u00a0<a style=\"color: #000000;\" href=\"http:\/\/www.planalto.gov.br\/ccivil_03\/leis\/L8429.htm\">Lei n\u00ba\u00a08.429, de 2 de junho de 1992<\/a>).<\/span><\/p>\n<p style=\"text-align: justify;\"><span style=\"color: #000000;\">Resposta: Certa<\/span><\/p>\n<p style=\"text-align: justify;\"><span style=\"color: #000000;\"><strong>185 Os estados e munic\u00edpios somente poder\u00e3o receber transfer\u00eancias volunt\u00e1rias da Uni\u00e3o se, em seus or\u00e7amentos, inclu\u00edrem dota\u00e7\u00e3o destinada \u00e0 contrapartida de tais transfer\u00eancias, sem preju\u00edzo de outras condi\u00e7\u00f5es estabelecidas em lei.<\/strong><\/span><\/p>\n<p style=\"text-align: justify;\"><span style=\"color: #000000;\">S\u00e3o exig\u00eancias para a realiza\u00e7\u00e3o de transfer\u00eancia volunt\u00e1ria, al\u00e9m das estabelecidas na LDO:<\/span><\/p>\n<p style=\"text-align: justify;\"><span style=\"color: #000000;\">a) Exist\u00eancia de dota\u00e7\u00e3o espec\u00edfica;<\/span><\/p>\n<p style=\"text-align: justify;\"><span style=\"color: #000000;\">b) Observ\u00e2ncia do disposto no inciso X do art. 167 da CF\/1988, o qual veda a transfer\u00eancia volunt\u00e1ria de recursos e a concess\u00e3o de empr\u00e9stimos, inclusive por antecipa\u00e7\u00e3o de receita, pelos Governos Federal e Estaduais e suas institui\u00e7\u00f5es financeiras, para pagamento de despesas com pessoal ativo, inativo e pensionista, dos Estados, do Distrito Federal e dos Munic\u00edpios.<\/span><\/p>\n<p style=\"text-align: justify;\"><span style=\"color: #000000;\">c) Comprova\u00e7\u00e3o, por parte do benefici\u00e1rio, de:<\/span><\/p>\n<p style=\"text-align: justify;\"><span style=\"color: #000000;\">_ que se acha em dia quanto ao pagamento de tributos, empr\u00e9stimos e financiamentos devidos ao ente transferidor, bem como quanto \u00e0 presta\u00e7\u00e3o de contas de recursos anteriormente dele recebidos;<\/span><\/p>\n<p style=\"text-align: justify;\"><span style=\"color: #000000;\">_ cumprimento dos limites constitucionais relativos \u00e0 educa\u00e7\u00e3o e \u00e0 sa\u00fade;<\/span><\/p>\n<p style=\"text-align: justify;\"><span style=\"color: #000000;\">_ observ\u00e2ncia dos limites das d\u00edvidas consolidada e mobili\u00e1ria, de opera\u00e7\u00f5es de cr\u00e9dito, inclusive por antecipa\u00e7\u00e3o de receita, de inscri\u00e7\u00e3o em Restos a Pagar e de despesa total com pessoal;<\/span><\/p>\n<p style=\"text-align: justify;\"><span style=\"color: #000000;\"><span style=\"text-decoration: underline;\">_<\/span> <span style=\"text-decoration: underline;\">previs\u00e3o or\u00e7ament\u00e1ria de contrapartida<\/span>.<\/span><\/p>\n<p style=\"text-align: justify;\"><span style=\"color: #000000;\">Resposta: Certa<\/span><\/p>\n<p style=\"text-align: justify;\"><span style=\"color: #000000;\"><strong>186 Se determinado ente da Federa\u00e7\u00e3o pretender conceder empr\u00e9stimo a pessoa jur\u00eddica que n\u00e3o esteja sob seu controle direto, o encargo financeiro correspondente a essa opera\u00e7\u00e3o poder\u00e1 ser superior ao custo de capta\u00e7\u00e3o.<\/strong><\/span><\/p>\n<p style=\"text-align: justify;\"><span style=\"color: #000000;\">Na concess\u00e3o de cr\u00e9dito por ente da Federa\u00e7\u00e3o a pessoa f\u00edsica, ou jur\u00eddica que n\u00e3o esteja sob seu controle direto ou indireto, os encargos financeiros, comiss\u00f5es e despesas cong\u00eaneres <span style=\"text-decoration: underline;\">n\u00e3o ser\u00e3o inferiores<\/span> aos definidos em lei ou ao custo de capta\u00e7\u00e3o (art. 27 da LRF). Assim, <span style=\"text-decoration: underline;\">pode ser igual ou superior, o que n\u00e3o pode \u00e9 ser inferior<\/span>.<\/span><\/p>\n<p style=\"text-align: justify;\"><span style=\"color: #000000;\">Resposta: Certa<\/span><\/p>\n<p style=\"text-align: justify;\"><span style=\"color: #000000;\">Quer uma prepara\u00e7\u00e3o mais geral para diversos concursos? Fa\u00e7a o curso regular de Administra\u00e7\u00e3o Financeira e Or\u00e7ament\u00e1ria e Lei de Responsabilidade Fiscal:<\/span><\/p>\n<p style=\"text-align: justify;\"><span style=\"color: #0000ff;\"><a style=\"color: #0000ff;\" href=\"https:\/\/www.estrategiaconcursos.com.br\/curso\/curso-regular-de-administracao-financeira-e-orcamentaria-e-lei-de-resp-fiscal-com-videoaulas-6129\/\">https:\/\/www.estrategiaconcursos.com.br\/curso\/curso-regular-de-administracao-financeira-e-orcamentaria-e-lei-de-resp-fiscal-com-videoaulas-6129\/<\/a><\/span><\/p>\n<p><span style=\"color: #000000;\">Forte abra\u00e7o!<\/span><\/p>\n<p><span style=\"color: #000000;\">S\u00e9rgio Mendes<\/span><\/p>\n<p style=\"text-align: justify;\"><span style=\"color: #000000;\">e-mail: sergiomendes@estrategiaconcursos.com.br<\/span><\/p>\n<p style=\"text-align: justify;\"><span style=\"color: #000000;\">Twitter: @sergiomendesafo<\/span><\/p>\n<p style=\"text-align: justify;\"><span style=\"color: #0000ff;\"><a style=\"color: #0000ff;\" href=\"https:\/\/www.facebook.com\/profsergiomendes\">https:\/\/www.facebook.com\/profsergiomendes<\/a><\/span><\/p>\n","protected":false},"excerpt":{"rendered":"<p>Ol\u00e1 amigos! Como \u00e9 bom estar aqui! Segue a prova comentada do concurso TCU na disciplina Administra\u00e7\u00e3o Financeira e Or\u00e7ament\u00e1ria para\u00a0Auditor Federal de Controle Externo. Com refer\u00eancia aos aspectos doutrin\u00e1rios e hist\u00f3ricos da administra\u00e7\u00e3o financeira e or\u00e7ament\u00e1ria, julgue os itens a seguir. 173 A situa\u00e7\u00e3o do \u00f3timo de Pareto decorre da atua\u00e7\u00e3o do Estado na [&hellip;]<\/p>\n","protected":false},"author":29,"featured_media":0,"comment_status":"open","ping_status":"open","sticky":false,"template":"","format":"standard","meta":{"post_tipo":"article","footnotes":""},"categories":[],"tags":[894,887,598,867],"tax_estado":[],"class_list":["post-25959","post","type-post","status-publish","format-standard","hentry","tag-afo","tag-aufc","tag-tcu","tag-prova-comentada"],"acf":[],"yoast_head":"<!-- This site is optimized with the Yoast SEO Premium plugin v27.2 (Yoast SEO v27.2) - https:\/\/yoast.com\/product\/yoast-seo-premium-wordpress\/ -->\n<title>Prova Comentada de AFO<\/title>\n<meta name=\"description\" content=\"Confira a prova comentada de AFO do concurso TCU para Auditor Federal de Controle Externo.\" \/>\n<meta name=\"robots\" content=\"index, follow, max-snippet:-1, max-image-preview:large, max-video-preview:-1\" \/>\n<link rel=\"canonical\" href=\"https:\/\/www.estrategiaconcursos.com.br\/blog\/prova-comentada-de-afo-concurso-tcu-2015\/\" \/>\n<meta property=\"og:locale\" content=\"pt_BR\" \/>\n<meta property=\"og:type\" content=\"article\" \/>\n<meta property=\"og:title\" content=\"Prova comentada de AFO - Concurso TCU - AUFC - 2015\" \/>\n<meta property=\"og:description\" content=\"Confira a prova comentada de AFO do concurso TCU para Auditor Federal de Controle Externo.\" \/>\n<meta property=\"og:url\" content=\"https:\/\/www.estrategiaconcursos.com.br\/blog\/prova-comentada-de-afo-concurso-tcu-2015\/\" \/>\n<meta property=\"og:site_name\" content=\"Estrat\u00e9gia Concursos\" \/>\n<meta property=\"article:author\" content=\"https:\/\/www.facebook.com\/profsergiomendes\" \/>\n<meta property=\"article:published_time\" content=\"2015-08-19T21:54:20+00:00\" \/>\n<meta property=\"article:modified_time\" content=\"2016-09-27T14:55:19+00:00\" \/>\n<meta property=\"og:image\" content=\"https:\/\/dhg1h5j42swfq.cloudfront.net\/2014\/07\/concruso-do-TCU-300x240.jpg\" \/>\n<meta name=\"author\" content=\"S\u00e9rgio Mendes\" \/>\n<meta name=\"twitter:card\" content=\"summary_large_image\" \/>\n<meta name=\"twitter:creator\" content=\"@EstratConcursos\" \/>\n<meta name=\"twitter:site\" content=\"@EstratConcursos\" \/>\n<meta name=\"twitter:label1\" content=\"Escrito por\" \/>\n\t<meta name=\"twitter:data1\" content=\"S\u00e9rgio Mendes\" \/>\n\t<meta name=\"twitter:label2\" content=\"Est. tempo de leitura\" \/>\n\t<meta name=\"twitter:data2\" content=\"10 minutos\" \/>\n<script type=\"application\/ld+json\" class=\"yoast-schema-graph\">{\"@context\":\"https:\/\/schema.org\",\"@graph\":[{\"@type\":\"NewsArticle\",\"@id\":\"https:\/\/www.estrategiaconcursos.com.br\/blog\/prova-comentada-de-afo-concurso-tcu-2015\/#article\",\"isPartOf\":{\"@id\":\"https:\/\/www.estrategiaconcursos.com.br\/blog\/prova-comentada-de-afo-concurso-tcu-2015\/\"},\"author\":{\"name\":\"S\u00e9rgio Mendes\",\"@id\":\"https:\/\/www.estrategiaconcursos.com.br\/blog\/#\/schema\/person\/4ddc4a162b4fdffa2ea9956dbf62f583\"},\"headline\":\"Prova comentada de AFO &#8211; Concurso TCU &#8211; AUFC &#8211; 2015\",\"datePublished\":\"2015-08-19T21:54:20+00:00\",\"dateModified\":\"2016-09-27T14:55:19+00:00\",\"mainEntityOfPage\":{\"@id\":\"https:\/\/www.estrategiaconcursos.com.br\/blog\/prova-comentada-de-afo-concurso-tcu-2015\/\"},\"wordCount\":1963,\"commentCount\":2,\"publisher\":{\"@id\":\"https:\/\/www.estrategiaconcursos.com.br\/blog\/#organization\"},\"image\":{\"@id\":\"https:\/\/www.estrategiaconcursos.com.br\/blog\/prova-comentada-de-afo-concurso-tcu-2015\/#primaryimage\"},\"thumbnailUrl\":\"https:\/\/dhg1h5j42swfq.cloudfront.net\/2014\/07\/concruso-do-TCU-300x240.jpg\",\"keywords\":[\"AFO\",\"AUFC\",\"Concurso TCU\",\"prova comentada\"],\"inLanguage\":\"pt-BR\",\"potentialAction\":[{\"@type\":\"CommentAction\",\"name\":\"Comment\",\"target\":[\"https:\/\/www.estrategiaconcursos.com.br\/blog\/prova-comentada-de-afo-concurso-tcu-2015\/#respond\"]}],\"copyrightYear\":\"2015\",\"copyrightHolder\":{\"@id\":\"https:\/\/www.estrategiaconcursos.com.br\/blog\/#organization\"}},{\"@type\":\"WebPage\",\"@id\":\"https:\/\/www.estrategiaconcursos.com.br\/blog\/prova-comentada-de-afo-concurso-tcu-2015\/\",\"url\":\"https:\/\/www.estrategiaconcursos.com.br\/blog\/prova-comentada-de-afo-concurso-tcu-2015\/\",\"name\":\"Prova Comentada de AFO\",\"isPartOf\":{\"@id\":\"https:\/\/www.estrategiaconcursos.com.br\/blog\/#website\"},\"primaryImageOfPage\":{\"@id\":\"https:\/\/www.estrategiaconcursos.com.br\/blog\/prova-comentada-de-afo-concurso-tcu-2015\/#primaryimage\"},\"image\":{\"@id\":\"https:\/\/www.estrategiaconcursos.com.br\/blog\/prova-comentada-de-afo-concurso-tcu-2015\/#primaryimage\"},\"thumbnailUrl\":\"https:\/\/dhg1h5j42swfq.cloudfront.net\/2014\/07\/concruso-do-TCU-300x240.jpg\",\"datePublished\":\"2015-08-19T21:54:20+00:00\",\"dateModified\":\"2016-09-27T14:55:19+00:00\",\"description\":\"Confira a prova comentada de AFO do concurso TCU para Auditor Federal de Controle Externo.\",\"breadcrumb\":{\"@id\":\"https:\/\/www.estrategiaconcursos.com.br\/blog\/prova-comentada-de-afo-concurso-tcu-2015\/#breadcrumb\"},\"inLanguage\":\"pt-BR\",\"potentialAction\":[{\"@type\":\"ReadAction\",\"target\":[\"https:\/\/www.estrategiaconcursos.com.br\/blog\/prova-comentada-de-afo-concurso-tcu-2015\/\"]}]},{\"@type\":\"ImageObject\",\"inLanguage\":\"pt-BR\",\"@id\":\"https:\/\/www.estrategiaconcursos.com.br\/blog\/prova-comentada-de-afo-concurso-tcu-2015\/#primaryimage\",\"url\":\"https:\/\/dhg1h5j42swfq.cloudfront.net\/2014\/07\/concruso-do-TCU-300x240.jpg\",\"contentUrl\":\"https:\/\/dhg1h5j42swfq.cloudfront.net\/2014\/07\/concruso-do-TCU-300x240.jpg\"},{\"@type\":\"BreadcrumbList\",\"@id\":\"https:\/\/www.estrategiaconcursos.com.br\/blog\/prova-comentada-de-afo-concurso-tcu-2015\/#breadcrumb\",\"itemListElement\":[{\"@type\":\"ListItem\",\"position\":1,\"name\":\"In\u00edcio\",\"item\":\"https:\/\/www.estrategiaconcursos.com.br\/blog\/\"},{\"@type\":\"ListItem\",\"position\":2,\"name\":\"Prova comentada de AFO &#8211; Concurso TCU &#8211; AUFC &#8211; 2015\"}]},{\"@type\":\"WebSite\",\"@id\":\"https:\/\/www.estrategiaconcursos.com.br\/blog\/#website\",\"url\":\"https:\/\/www.estrategiaconcursos.com.br\/blog\/\",\"name\":\"Estrat\u00e9gia Concursos\",\"description\":\"O blog da Estrat\u00e9gia Concursos traz not\u00edcias sobre concursos e artigos de professores oferecendo cursos para concursos (pdf + videaulas) no site.\",\"publisher\":{\"@id\":\"https:\/\/www.estrategiaconcursos.com.br\/blog\/#organization\"},\"potentialAction\":[{\"@type\":\"SearchAction\",\"target\":{\"@type\":\"EntryPoint\",\"urlTemplate\":\"https:\/\/www.estrategiaconcursos.com.br\/blog\/?s={search_term_string}\"},\"query-input\":{\"@type\":\"PropertyValueSpecification\",\"valueRequired\":true,\"valueName\":\"search_term_string\"}}],\"inLanguage\":\"pt-BR\"},{\"@type\":\"Organization\",\"@id\":\"https:\/\/www.estrategiaconcursos.com.br\/blog\/#organization\",\"name\":\"Estrat\u00e9gia Concursos\",\"url\":\"https:\/\/www.estrategiaconcursos.com.br\/blog\/\",\"logo\":{\"@type\":\"ImageObject\",\"inLanguage\":\"pt-BR\",\"@id\":\"https:\/\/www.estrategiaconcursos.com.br\/blog\/#\/schema\/logo\/image\/\",\"url\":\"https:\/\/dhg1h5j42swfq.cloudfront.net\/2025\/06\/03203428\/logo_concursos-1.jpg\",\"contentUrl\":\"https:\/\/dhg1h5j42swfq.cloudfront.net\/2025\/06\/03203428\/logo_concursos-1.jpg\",\"width\":230,\"height\":60,\"caption\":\"Estrat\u00e9gia Concursos\"},\"image\":{\"@id\":\"https:\/\/www.estrategiaconcursos.com.br\/blog\/#\/schema\/logo\/image\/\"},\"sameAs\":[\"https:\/\/x.com\/EstratConcursos\"]},{\"@type\":\"Person\",\"@id\":\"https:\/\/www.estrategiaconcursos.com.br\/blog\/#\/schema\/person\/4ddc4a162b4fdffa2ea9956dbf62f583\",\"name\":\"S\u00e9rgio Mendes\",\"image\":{\"@type\":\"ImageObject\",\"inLanguage\":\"pt-BR\",\"@id\":\"https:\/\/secure.gravatar.com\/avatar\/4eb4b562c33f40d6f7f76579da7e07350c69579df7db305d32a69ed32ecfd5ce?s=96&d=mm&r=g\",\"url\":\"https:\/\/secure.gravatar.com\/avatar\/4eb4b562c33f40d6f7f76579da7e07350c69579df7db305d32a69ed32ecfd5ce?s=96&d=mm&r=g\",\"contentUrl\":\"https:\/\/secure.gravatar.com\/avatar\/4eb4b562c33f40d6f7f76579da7e07350c69579df7db305d32a69ed32ecfd5ce?s=96&d=mm&r=g\",\"caption\":\"S\u00e9rgio Mendes\"},\"sameAs\":[\"https:\/\/www.facebook.com\/profsergiomendes\"],\"url\":\"https:\/\/www.estrategiaconcursos.com.br\/blog\/author\/sergiomendesestrategiaconcursos-com-br\/\"}]}<\/script>\n<!-- \/ Yoast SEO Premium plugin. -->","yoast_head_json":{"title":"Prova Comentada de AFO","description":"Confira a prova comentada de AFO do concurso TCU para Auditor Federal de Controle Externo.","robots":{"index":"index","follow":"follow","max-snippet":"max-snippet:-1","max-image-preview":"max-image-preview:large","max-video-preview":"max-video-preview:-1"},"canonical":"https:\/\/www.estrategiaconcursos.com.br\/blog\/prova-comentada-de-afo-concurso-tcu-2015\/","og_locale":"pt_BR","og_type":"article","og_title":"Prova comentada de AFO - Concurso TCU - AUFC - 2015","og_description":"Confira a prova comentada de AFO do concurso TCU para Auditor Federal de Controle Externo.","og_url":"https:\/\/www.estrategiaconcursos.com.br\/blog\/prova-comentada-de-afo-concurso-tcu-2015\/","og_site_name":"Estrat\u00e9gia Concursos","article_author":"https:\/\/www.facebook.com\/profsergiomendes","article_published_time":"2015-08-19T21:54:20+00:00","article_modified_time":"2016-09-27T14:55:19+00:00","og_image":[{"url":"https:\/\/dhg1h5j42swfq.cloudfront.net\/2014\/07\/concruso-do-TCU-300x240.jpg","type":"","width":"","height":""}],"author":"S\u00e9rgio Mendes","twitter_card":"summary_large_image","twitter_creator":"@EstratConcursos","twitter_site":"@EstratConcursos","twitter_misc":{"Escrito por":"S\u00e9rgio Mendes","Est. tempo de leitura":"10 minutos"},"schema":{"@context":"https:\/\/schema.org","@graph":[{"@type":"NewsArticle","@id":"https:\/\/www.estrategiaconcursos.com.br\/blog\/prova-comentada-de-afo-concurso-tcu-2015\/#article","isPartOf":{"@id":"https:\/\/www.estrategiaconcursos.com.br\/blog\/prova-comentada-de-afo-concurso-tcu-2015\/"},"author":{"name":"S\u00e9rgio Mendes","@id":"https:\/\/www.estrategiaconcursos.com.br\/blog\/#\/schema\/person\/4ddc4a162b4fdffa2ea9956dbf62f583"},"headline":"Prova comentada de AFO &#8211; Concurso TCU &#8211; AUFC &#8211; 2015","datePublished":"2015-08-19T21:54:20+00:00","dateModified":"2016-09-27T14:55:19+00:00","mainEntityOfPage":{"@id":"https:\/\/www.estrategiaconcursos.com.br\/blog\/prova-comentada-de-afo-concurso-tcu-2015\/"},"wordCount":1963,"commentCount":2,"publisher":{"@id":"https:\/\/www.estrategiaconcursos.com.br\/blog\/#organization"},"image":{"@id":"https:\/\/www.estrategiaconcursos.com.br\/blog\/prova-comentada-de-afo-concurso-tcu-2015\/#primaryimage"},"thumbnailUrl":"https:\/\/dhg1h5j42swfq.cloudfront.net\/2014\/07\/concruso-do-TCU-300x240.jpg","keywords":["AFO","AUFC","Concurso TCU","prova comentada"],"inLanguage":"pt-BR","potentialAction":[{"@type":"CommentAction","name":"Comment","target":["https:\/\/www.estrategiaconcursos.com.br\/blog\/prova-comentada-de-afo-concurso-tcu-2015\/#respond"]}],"copyrightYear":"2015","copyrightHolder":{"@id":"https:\/\/www.estrategiaconcursos.com.br\/blog\/#organization"}},{"@type":"WebPage","@id":"https:\/\/www.estrategiaconcursos.com.br\/blog\/prova-comentada-de-afo-concurso-tcu-2015\/","url":"https:\/\/www.estrategiaconcursos.com.br\/blog\/prova-comentada-de-afo-concurso-tcu-2015\/","name":"Prova Comentada de AFO","isPartOf":{"@id":"https:\/\/www.estrategiaconcursos.com.br\/blog\/#website"},"primaryImageOfPage":{"@id":"https:\/\/www.estrategiaconcursos.com.br\/blog\/prova-comentada-de-afo-concurso-tcu-2015\/#primaryimage"},"image":{"@id":"https:\/\/www.estrategiaconcursos.com.br\/blog\/prova-comentada-de-afo-concurso-tcu-2015\/#primaryimage"},"thumbnailUrl":"https:\/\/dhg1h5j42swfq.cloudfront.net\/2014\/07\/concruso-do-TCU-300x240.jpg","datePublished":"2015-08-19T21:54:20+00:00","dateModified":"2016-09-27T14:55:19+00:00","description":"Confira a prova comentada de AFO do concurso TCU para Auditor Federal de Controle Externo.","breadcrumb":{"@id":"https:\/\/www.estrategiaconcursos.com.br\/blog\/prova-comentada-de-afo-concurso-tcu-2015\/#breadcrumb"},"inLanguage":"pt-BR","potentialAction":[{"@type":"ReadAction","target":["https:\/\/www.estrategiaconcursos.com.br\/blog\/prova-comentada-de-afo-concurso-tcu-2015\/"]}]},{"@type":"ImageObject","inLanguage":"pt-BR","@id":"https:\/\/www.estrategiaconcursos.com.br\/blog\/prova-comentada-de-afo-concurso-tcu-2015\/#primaryimage","url":"https:\/\/dhg1h5j42swfq.cloudfront.net\/2014\/07\/concruso-do-TCU-300x240.jpg","contentUrl":"https:\/\/dhg1h5j42swfq.cloudfront.net\/2014\/07\/concruso-do-TCU-300x240.jpg"},{"@type":"BreadcrumbList","@id":"https:\/\/www.estrategiaconcursos.com.br\/blog\/prova-comentada-de-afo-concurso-tcu-2015\/#breadcrumb","itemListElement":[{"@type":"ListItem","position":1,"name":"In\u00edcio","item":"https:\/\/www.estrategiaconcursos.com.br\/blog\/"},{"@type":"ListItem","position":2,"name":"Prova comentada de AFO &#8211; Concurso TCU &#8211; AUFC &#8211; 2015"}]},{"@type":"WebSite","@id":"https:\/\/www.estrategiaconcursos.com.br\/blog\/#website","url":"https:\/\/www.estrategiaconcursos.com.br\/blog\/","name":"Estrat\u00e9gia Concursos","description":"O blog da Estrat\u00e9gia Concursos traz not\u00edcias sobre concursos e artigos de professores oferecendo cursos para concursos (pdf + videaulas) no site.","publisher":{"@id":"https:\/\/www.estrategiaconcursos.com.br\/blog\/#organization"},"potentialAction":[{"@type":"SearchAction","target":{"@type":"EntryPoint","urlTemplate":"https:\/\/www.estrategiaconcursos.com.br\/blog\/?s={search_term_string}"},"query-input":{"@type":"PropertyValueSpecification","valueRequired":true,"valueName":"search_term_string"}}],"inLanguage":"pt-BR"},{"@type":"Organization","@id":"https:\/\/www.estrategiaconcursos.com.br\/blog\/#organization","name":"Estrat\u00e9gia Concursos","url":"https:\/\/www.estrategiaconcursos.com.br\/blog\/","logo":{"@type":"ImageObject","inLanguage":"pt-BR","@id":"https:\/\/www.estrategiaconcursos.com.br\/blog\/#\/schema\/logo\/image\/","url":"https:\/\/dhg1h5j42swfq.cloudfront.net\/2025\/06\/03203428\/logo_concursos-1.jpg","contentUrl":"https:\/\/dhg1h5j42swfq.cloudfront.net\/2025\/06\/03203428\/logo_concursos-1.jpg","width":230,"height":60,"caption":"Estrat\u00e9gia Concursos"},"image":{"@id":"https:\/\/www.estrategiaconcursos.com.br\/blog\/#\/schema\/logo\/image\/"},"sameAs":["https:\/\/x.com\/EstratConcursos"]},{"@type":"Person","@id":"https:\/\/www.estrategiaconcursos.com.br\/blog\/#\/schema\/person\/4ddc4a162b4fdffa2ea9956dbf62f583","name":"S\u00e9rgio Mendes","image":{"@type":"ImageObject","inLanguage":"pt-BR","@id":"https:\/\/secure.gravatar.com\/avatar\/4eb4b562c33f40d6f7f76579da7e07350c69579df7db305d32a69ed32ecfd5ce?s=96&d=mm&r=g","url":"https:\/\/secure.gravatar.com\/avatar\/4eb4b562c33f40d6f7f76579da7e07350c69579df7db305d32a69ed32ecfd5ce?s=96&d=mm&r=g","contentUrl":"https:\/\/secure.gravatar.com\/avatar\/4eb4b562c33f40d6f7f76579da7e07350c69579df7db305d32a69ed32ecfd5ce?s=96&d=mm&r=g","caption":"S\u00e9rgio Mendes"},"sameAs":["https:\/\/www.facebook.com\/profsergiomendes"],"url":"https:\/\/www.estrategiaconcursos.com.br\/blog\/author\/sergiomendesestrategiaconcursos-com-br\/"}]}},"_links":{"self":[{"href":"https:\/\/www.estrategiaconcursos.com.br\/blog\/wp-json\/wp\/v2\/posts\/25959","targetHints":{"allow":["GET"]}}],"collection":[{"href":"https:\/\/www.estrategiaconcursos.com.br\/blog\/wp-json\/wp\/v2\/posts"}],"about":[{"href":"https:\/\/www.estrategiaconcursos.com.br\/blog\/wp-json\/wp\/v2\/types\/post"}],"author":[{"embeddable":true,"href":"https:\/\/www.estrategiaconcursos.com.br\/blog\/wp-json\/wp\/v2\/users\/29"}],"replies":[{"embeddable":true,"href":"https:\/\/www.estrategiaconcursos.com.br\/blog\/wp-json\/wp\/v2\/comments?post=25959"}],"version-history":[{"count":4,"href":"https:\/\/www.estrategiaconcursos.com.br\/blog\/wp-json\/wp\/v2\/posts\/25959\/revisions"}],"predecessor-version":[{"id":50828,"href":"https:\/\/www.estrategiaconcursos.com.br\/blog\/wp-json\/wp\/v2\/posts\/25959\/revisions\/50828"}],"wp:attachment":[{"href":"https:\/\/www.estrategiaconcursos.com.br\/blog\/wp-json\/wp\/v2\/media?parent=25959"}],"wp:term":[{"taxonomy":"category","embeddable":true,"href":"https:\/\/www.estrategiaconcursos.com.br\/blog\/wp-json\/wp\/v2\/categories?post=25959"},{"taxonomy":"post_tag","embeddable":true,"href":"https:\/\/www.estrategiaconcursos.com.br\/blog\/wp-json\/wp\/v2\/tags?post=25959"},{"taxonomy":"tax_estado","embeddable":true,"href":"https:\/\/www.estrategiaconcursos.com.br\/blog\/wp-json\/wp\/v2\/tax_estado?post=25959"}],"curies":[{"name":"wp","href":"https:\/\/api.w.org\/{rel}","templated":true}]}}