{"id":25861,"date":"2015-08-19T00:03:10","date_gmt":"2015-08-19T03:03:10","guid":{"rendered":"http:\/\/www.estrategiaconcursos.com.br\/blog\/?p=25861"},"modified":"2019-12-11T15:36:05","modified_gmt":"2019-12-11T18:36:05","slug":"concurso-tcu-aufc-2015-comentarios-a-prova-de-direito-administrativo","status":"publish","type":"post","link":"https:\/\/www.estrategiaconcursos.com.br\/blog\/concurso-tcu-aufc-2015-comentarios-a-prova-de-direito-administrativo\/","title":{"rendered":"Concurso TCU (AUFC) 2015 &#8211; coment\u00e1rios \u00e0 prova de Direito Administrativo"},"content":{"rendered":"<p>Ol\u00e1 pessoal, tudo bem?<\/p>\n<p>Conforme prometido no nosso aul\u00e3o ao vivo, seguem os coment\u00e1rios \u00e0s quest\u00f5es de Direito Administrativo&nbsp;da prova de AUFC-TCU 2015. Das sete&nbsp;quest\u00f5es, penso que <strong>uma<\/strong>&nbsp;oferece possibilidade de<strong> recurso<\/strong>.<\/p>\n<p>Vamos l\u00e1!<\/p>\n<p>43. (CESPE\/ Concurso TCU &#8211; 2015) \u00c9 poss\u00edvel a licita\u00e7\u00e3o na modalidade preg\u00e3o pelo crit\u00e9rio t\u00e9cnica e pre\u00e7o, desde que o bem seja considerado comum.<\/p>\n<p><strong><span style=\"text-decoration: underline;\">Coment\u00e1rio:<\/span><\/strong> <strong>O preg\u00e3o deve ser sempre do tipo menor pre\u00e7o.<\/strong><\/p>\n<p><strong>Gabarito: Errado<\/strong><\/p>\n<p>44. (CESPE\/ Concurso TCU &#8211; 2015) Dado o princ\u00edpio da isonomia, \u00e9 vedado atribuir prefer\u00eancias para bens e servi\u00e7os produzidos e prestados no Brasil, ou por empresas brasileiras, mesmo que se trate de crit\u00e9rio de desempate em procedimentos licitat\u00f3rios, situa\u00e7\u00e3o que dever\u00e1 ser resolvida por sorteio.<\/p>\n<p><strong><span style=\"text-decoration: underline;\">Coment\u00e1rio:<\/span><\/strong> <strong>Uma <span style=\"text-decoration: underline;\">exce\u00e7\u00e3o<\/span> ao princ\u00edpio da isonomia nas licita\u00e7\u00f5es ocorre quando, em igualdade de condi\u00e7\u00f5es, h\u00e1 empate na licita\u00e7\u00e3o (ou seja, as empresas apresentam a mesma proposta). Nesse caso, a lei permite, como crit\u00e9rio de desempate, que seja assegurada prefer\u00eancia, sucessivamente, aos bens e servi\u00e7os (art. 3\u00ba, \u00a72\u00ba da Lei 8.666\/93): <\/strong><\/p>\n<p><em><strong>1\u00ba. <\/strong><strong>Produzidos no Pa\u00eds. <\/strong><\/em><\/p>\n<p><em><strong>2\u00ba. <\/strong><strong>Produzidos ou prestados por empresas brasileiras. <\/strong><\/em><\/p>\n<p><strong>3\u00ba. <\/strong><strong>Produzidos ou prestados por empresas que invistam em pesquisa e no desenvolvimento de tecnologia no Pa\u00eds. <\/strong><\/p>\n<p><strong>4\u00ba. <\/strong><strong>Sorteio (art. 45, \u00a72\u00ba). <\/strong><\/p>\n<p><strong>Gabarito: Errado<\/strong><\/p>\n<p>Com base na Portaria MPOG\/MF\/CGU 507\/2011, julgue os itens subsecutivos:<\/p>\n<p>45. (CESPE\/ Concurso TCU &#8211; 2015) O instrumento jur\u00eddico previsto para transfer\u00eancia de recursos para organiza\u00e7\u00f5es sociais de interesse p\u00fablico denomina-se termo de parceria.<\/p>\n<p><strong><span style=\"text-decoration: underline;\">Coment\u00e1rio:<\/span><\/strong> <strong>Embora<\/strong> <strong>a denomina\u00e7\u00e3o mais adequada fosse \u201corganiza\u00e7\u00f5es da sociedade civil de interesse p\u00fablico (OSCIP)\u201d, o item pode ser considerado correto, pois est\u00e1 em conformidade com o art. 1\u00ba, \u00a72\u00ba, inciso XXV da Portaria:<\/strong><\/p>\n<p><em>XXV &#8211; <strong><span style=\"text-decoration: underline;\">termo de parceria<\/span><\/strong>: instrumento jur\u00eddico previsto na Lei n\u00ba 9.790, de 23 de mar\u00e7o de 1999, para transfer\u00eancia de recursos para <strong>organiza\u00e7\u00f5es sociais de interesse p\u00fablico;<\/strong> e<\/em><\/p>\n<p><strong>Gabarito: Certo<\/strong><\/p>\n<p><strong>* 46<\/strong><strong>.&nbsp;<\/strong>(CESPE\/ Concurso TCU &#8211; 2015) Termo de coopera\u00e7\u00e3o \u00e9 o instrumento por meio do qual \u00e9 ajustada transfer\u00eancia de cr\u00e9dito de \u00f3rg\u00e3o ou entidade da administra\u00e7\u00e3o p\u00fablica federal para outro \u00f3rg\u00e3o federal da mesma natureza para autarquia, funda\u00e7\u00e3o p\u00fablica ou empresa estatal dependente.<\/p>\n<p><strong><span style=\"text-decoration: underline;\">Coment\u00e1rio:<\/span><\/strong> <strong>O item pode ser considerado <span style=\"text-decoration: underline;\">correto<\/span>, pois est\u00e1 em conformidade com o art. 1\u00ba, \u00a72\u00ba, inciso XXIV da Portaria:<\/strong><\/p>\n<p><em>XXIV &#8211; <strong><span style=\"text-decoration: underline;\">termo de coopera\u00e7\u00e3o<\/span><\/strong>: instrumento por meio do qual \u00e9 ajustada a transfer\u00eancia de cr\u00e9dito de \u00f3rg\u00e3o ou entidade da Administra\u00e7\u00e3o P\u00fablica Federal para outro \u00f3rg\u00e3o federal da mesma natureza ou autarquia, funda\u00e7\u00e3o p\u00fablica ou empresa estatal dependente;<\/em><\/p>\n<p><strong>Mas tamb\u00e9m pode ser considerado <span style=\"text-decoration: underline;\">errado<\/span>, pois est\u00e1 contr\u00e1rio ao Decreto 6.170\/2007, no qual o termo de coopera\u00e7\u00e3o foi substitu\u00eddo pelo termo de execu\u00e7\u00e3o descentralizada. Veja:<\/strong><\/p>\n<p><em><span style=\"text-decoration: line-through;\">III&nbsp;&#8211;&nbsp;termo de coopera\u00e7\u00e3o &#8211; instrumento por meio do qual \u00e9 ajustada a transfer\u00eancia de cr\u00e9dito de \u00f3rg\u00e3o da administra\u00e7\u00e3o p\u00fablica federal direta, autarquia, funda\u00e7\u00e3o p\u00fablica, ou empresa estatal dependente, para outro \u00f3rg\u00e3o ou entidade federal da mesma natureza;&nbsp;&nbsp;&nbsp;&nbsp;&nbsp;&nbsp;&nbsp;<\/span><\/em><a href=\"http:\/\/www.planalto.gov.br\/ccivil_03\/_ato2007-2010\/2008\/Decreto\/D6619.htm#art1\"><em><span style=\"text-decoration: line-through;\">(Reda\u00e7\u00e3o dada pelo Decreto n\u00ba 6.619, de 2008)<\/span><\/em><\/a><\/p>\n<p><em>III &#8211; <strong><span style=\"text-decoration: underline;\">termo de execu\u00e7\u00e3o descentralizada<\/span><\/strong> &#8211; instrumento por meio do qual \u00e9 ajustada a descentraliza\u00e7\u00e3o de cr\u00e9dito entre \u00f3rg\u00e3os e\/ou entidades integrantes dos Or\u00e7amentos Fiscal e da Seguridade Social da Uni\u00e3o, para execu\u00e7\u00e3o de a\u00e7\u00f5es de interesse da unidade or\u00e7ament\u00e1ria descentralizadora e consecu\u00e7\u00e3o do objeto previsto no programa de trabalho, respeitada fielmente a classifica\u00e7\u00e3o funcional program\u00e1tica.&nbsp;&nbsp;&nbsp;&nbsp;&nbsp;&nbsp;&nbsp;<\/em><a href=\"http:\/\/www.planalto.gov.br\/ccivil_03\/_Ato2011-2014\/2013\/Decreto\/D8180.htm\"><em>(Reda\u00e7\u00e3o dada pelo Decreto n\u00ba 8.180, de 2013)<\/em><\/a><\/p>\n<p><strong>Ressalte-se que a referida altera\u00e7\u00e3o no Decreto 6.170\/2007 ocorreu em 2013, promovida pelo Decreto 8.180\/2013. Ou seja, a Portaria, nesse ponto, est\u00e1 desatualizada em rela\u00e7\u00e3o ao Decreto, que \u00e9 uma norma de \u201chierarquia superior\u201d.<\/strong><\/p>\n<p><strong>Portanto, diante da impossibilidade de se fazer um julgamento objetivo do item, uma vez que existem duas respostas poss\u00edveis, penso que cabe recurso para anular a quest\u00e3o.<\/strong><\/p>\n<p><strong>Gabarito: Certo (cabe recurso)<\/strong><\/p>\n<p>47. (CESPE\/ Concurso TCU &#8211; 2015) De acordo com entendimento dominante, \u00e9 leg\u00edtima a publica\u00e7\u00e3o em s\u00edtio eletr\u00f4nico da administra\u00e7\u00e3o p\u00fablica dos nomes de seus servidores e do valor dos vencimentos e das vantagens pecuni\u00e1rias a que eles fazem jus.<\/p>\n<p><strong><span style=\"text-decoration: underline;\">Coment\u00e1rio:<\/span><\/strong> <strong>A jurisprud\u00eancia do STF considera <em>l\u00edcita<\/em> a divulga\u00e7\u00e3o do nome e da remunera\u00e7\u00e3o dos servidores na internet. \u00c9 uma aplica\u00e7\u00e3o do <em>princ\u00edpio da publicidade<\/em>, que assegura o acesso a informa\u00e7\u00f5es de interesse geral e coletivo. O item est\u00e1 correto, portanto.<\/strong><\/p>\n<p><strong>Vale lembrar, todavia, que o STF <em><span style=\"text-decoration: underline;\">n\u00e3o<\/span><\/em> possui o mesmo entendimento quanto \u00e0 revela\u00e7\u00e3o do CPF, da identidade e do endere\u00e7o residencial, pois a preserva\u00e7\u00e3o destes dados seria uma forma de garantir a seguran\u00e7a pessoal e familiar do servidor.<\/strong><\/p>\n<p><strong>Gabarito: Certo<\/strong><\/p>\n<p>48. (CESPE\/ Concurso TCU &#8211; 2015) O princ\u00edpio da efici\u00eancia, considerado um dos princ\u00edpios inerentes \u00e0 administra\u00e7\u00e3o p\u00fablica, n\u00e3o consta expressamente na CF.<\/p>\n<p><strong><span style=\"text-decoration: underline;\">Coment\u00e1rio:<\/span><\/strong> <strong>Ao contr\u00e1rio do afirmado no item, o princ\u00edpio da efici\u00eancia est\u00e1 previsto de forma expressa no art. 37, caput da Constitui\u00e7\u00e3o Federal.<\/strong><\/p>\n<p><em>Art. 37. A administra\u00e7\u00e3o p\u00fablica direta e indireta de qualquer dos Poderes da Uni\u00e3o, dos Estados, do Distrito Federal e dos Munic\u00edpios obedecer\u00e1 aos princ\u00edpios de legalidade, impessoalidade, moralidade, publicidade e efici\u00eancia e, tamb\u00e9m, ao seguinte:&nbsp;&nbsp;&nbsp;&nbsp;&nbsp;&nbsp; <span style=\"text-decoration: underline;\">(Reda\u00e7\u00e3o dada pela Emenda Constitucional n\u00ba 19, de 1998)<\/span><\/em><\/p>\n<p><strong>Gabarito: Errado<\/strong><\/p>\n<p>49. (CESPE\/ Concurso TCU &#8211; 2015) A exonera\u00e7\u00e3o dos ocupantes de cargos em comiss\u00e3o deve ser motivada, respeitando-se o contradit\u00f3rio e a ampla defesa.<\/p>\n<p><strong><span style=\"text-decoration: underline;\">Coment\u00e1rio:<\/span><\/strong> <strong>A doutrina cita a exonera\u00e7\u00e3o dos ocupantes de cargos em comiss\u00e3o como uma <span style=\"text-decoration: underline;\">exce\u00e7\u00e3o<\/span> ao princ\u00edpio da motiva\u00e7\u00e3o, uma vez que a Constitui\u00e7\u00e3o (art.&nbsp;37, II) afirma que esses cargos s\u00e3o de <em>livre<\/em> nomea\u00e7\u00e3o e exonera\u00e7\u00e3o.<\/strong><\/p>\n<p><strong>Assim, a autoridade competente pode, <em>livremente<\/em>, tanto nomear como exonerar pessoas para os cargos em comiss\u00e3o, sem que para tanto tenha que apresentar os motivos que fundamentaram a escolha.&nbsp; <\/strong><\/p>\n<p><strong>Gabarito: Errado<\/strong><\/p>\n<p>\u00c9 isso. Boa sorte a todos!<\/p>\n<p><em><strong>Erick Alves<\/strong><\/em><\/p>\n","protected":false},"excerpt":{"rendered":"<p>Ol\u00e1 pessoal, tudo bem? Conforme prometido no nosso aul\u00e3o ao vivo, seguem os coment\u00e1rios \u00e0s quest\u00f5es de Direito Administrativo&nbsp;da prova de AUFC-TCU 2015. Das sete&nbsp;quest\u00f5es, penso que uma&nbsp;oferece possibilidade de recurso. Vamos l\u00e1! 43. (CESPE\/ Concurso TCU &#8211; 2015) \u00c9 poss\u00edvel a licita\u00e7\u00e3o na modalidade preg\u00e3o pelo crit\u00e9rio t\u00e9cnica e pre\u00e7o, desde que o bem [&hellip;]<\/p>\n","protected":false},"author":48,"featured_media":0,"comment_status":"open","ping_status":"open","sticky":false,"template":"","format":"standard","meta":{"post_tipo":"article","footnotes":""},"categories":[],"tags":[598,67],"tax_estado":[],"class_list":["post-25861","post","type-post","status-publish","format-standard","hentry","tag-tcu","tag-direito-administrativo"],"acf":[],"yoast_head":"<!-- This site is optimized with the Yoast SEO Premium plugin v27.2 (Yoast SEO v27.2) - https:\/\/yoast.com\/product\/yoast-seo-premium-wordpress\/ -->\n<title>Coment\u00e1rios \u00e0 prova de Direito Administrativo - TCU 2015<\/title>\n<meta name=\"description\" content=\"seguem os coment\u00e1rios \u00e0s quest\u00f5es de Direito Administrativo da prova de AUFC-TCU 2015. Das sete quest\u00f5es, penso que uma oferece possibilidade de recurso.\" \/>\n<meta name=\"robots\" content=\"index, follow, max-snippet:-1, max-image-preview:large, max-video-preview:-1\" \/>\n<link rel=\"canonical\" href=\"https:\/\/www.estrategiaconcursos.com.br\/blog\/concurso-tcu-aufc-2015-comentarios-a-prova-de-direito-administrativo\/\" \/>\n<meta property=\"og:locale\" content=\"pt_BR\" \/>\n<meta property=\"og:type\" content=\"article\" \/>\n<meta property=\"og:title\" content=\"Concurso TCU (AUFC) 2015 - coment\u00e1rios \u00e0 prova de Direito Administrativo\" \/>\n<meta property=\"og:description\" content=\"seguem os coment\u00e1rios \u00e0s quest\u00f5es de Direito Administrativo da prova de AUFC-TCU 2015. Das sete quest\u00f5es, penso que uma oferece possibilidade de recurso.\" \/>\n<meta property=\"og:url\" content=\"https:\/\/www.estrategiaconcursos.com.br\/blog\/concurso-tcu-aufc-2015-comentarios-a-prova-de-direito-administrativo\/\" \/>\n<meta property=\"og:site_name\" content=\"Estrat\u00e9gia Concursos\" \/>\n<meta property=\"article:published_time\" content=\"2015-08-19T03:03:10+00:00\" \/>\n<meta property=\"article:modified_time\" content=\"2019-12-11T18:36:05+00:00\" \/>\n<meta name=\"author\" content=\"Coordena\u00e7\u00e3o\" \/>\n<meta name=\"twitter:card\" content=\"summary_large_image\" \/>\n<meta name=\"twitter:creator\" content=\"@EstratConcursos\" \/>\n<meta name=\"twitter:site\" content=\"@EstratConcursos\" \/>\n<meta name=\"twitter:label1\" content=\"Escrito por\" \/>\n\t<meta name=\"twitter:data1\" content=\"Coordena\u00e7\u00e3o\" \/>\n\t<meta name=\"twitter:label2\" content=\"Est. tempo de leitura\" \/>\n\t<meta name=\"twitter:data2\" content=\"5 minutos\" \/>\n<script type=\"application\/ld+json\" class=\"yoast-schema-graph\">{\"@context\":\"https:\/\/schema.org\",\"@graph\":[{\"@type\":\"NewsArticle\",\"@id\":\"https:\/\/www.estrategiaconcursos.com.br\/blog\/concurso-tcu-aufc-2015-comentarios-a-prova-de-direito-administrativo\/#article\",\"isPartOf\":{\"@id\":\"https:\/\/www.estrategiaconcursos.com.br\/blog\/concurso-tcu-aufc-2015-comentarios-a-prova-de-direito-administrativo\/\"},\"author\":{\"name\":\"Coordena\u00e7\u00e3o\",\"@id\":\"https:\/\/www.estrategiaconcursos.com.br\/blog\/#\/schema\/person\/cdad40b5818eb228a838461fcd656da7\"},\"headline\":\"Concurso TCU (AUFC) 2015 &#8211; coment\u00e1rios \u00e0 prova de Direito Administrativo\",\"datePublished\":\"2015-08-19T03:03:10+00:00\",\"dateModified\":\"2019-12-11T18:36:05+00:00\",\"mainEntityOfPage\":{\"@id\":\"https:\/\/www.estrategiaconcursos.com.br\/blog\/concurso-tcu-aufc-2015-comentarios-a-prova-de-direito-administrativo\/\"},\"wordCount\":1057,\"commentCount\":5,\"publisher\":{\"@id\":\"https:\/\/www.estrategiaconcursos.com.br\/blog\/#organization\"},\"keywords\":[\"Concurso TCU\",\"Direito Administrativo\"],\"inLanguage\":\"pt-BR\",\"potentialAction\":[{\"@type\":\"CommentAction\",\"name\":\"Comment\",\"target\":[\"https:\/\/www.estrategiaconcursos.com.br\/blog\/concurso-tcu-aufc-2015-comentarios-a-prova-de-direito-administrativo\/#respond\"]}],\"copyrightYear\":\"2015\",\"copyrightHolder\":{\"@id\":\"https:\/\/www.estrategiaconcursos.com.br\/blog\/#organization\"}},{\"@type\":\"WebPage\",\"@id\":\"https:\/\/www.estrategiaconcursos.com.br\/blog\/concurso-tcu-aufc-2015-comentarios-a-prova-de-direito-administrativo\/\",\"url\":\"https:\/\/www.estrategiaconcursos.com.br\/blog\/concurso-tcu-aufc-2015-comentarios-a-prova-de-direito-administrativo\/\",\"name\":\"Coment\u00e1rios \u00e0 prova de Direito Administrativo - TCU 2015\",\"isPartOf\":{\"@id\":\"https:\/\/www.estrategiaconcursos.com.br\/blog\/#website\"},\"datePublished\":\"2015-08-19T03:03:10+00:00\",\"dateModified\":\"2019-12-11T18:36:05+00:00\",\"description\":\"seguem os coment\u00e1rios \u00e0s quest\u00f5es de Direito Administrativo da prova de AUFC-TCU 2015. Das sete quest\u00f5es, penso que uma oferece possibilidade de recurso.\",\"breadcrumb\":{\"@id\":\"https:\/\/www.estrategiaconcursos.com.br\/blog\/concurso-tcu-aufc-2015-comentarios-a-prova-de-direito-administrativo\/#breadcrumb\"},\"inLanguage\":\"pt-BR\",\"potentialAction\":[{\"@type\":\"ReadAction\",\"target\":[\"https:\/\/www.estrategiaconcursos.com.br\/blog\/concurso-tcu-aufc-2015-comentarios-a-prova-de-direito-administrativo\/\"]}]},{\"@type\":\"BreadcrumbList\",\"@id\":\"https:\/\/www.estrategiaconcursos.com.br\/blog\/concurso-tcu-aufc-2015-comentarios-a-prova-de-direito-administrativo\/#breadcrumb\",\"itemListElement\":[{\"@type\":\"ListItem\",\"position\":1,\"name\":\"In\u00edcio\",\"item\":\"https:\/\/www.estrategiaconcursos.com.br\/blog\/\"},{\"@type\":\"ListItem\",\"position\":2,\"name\":\"Concurso TCU (AUFC) 2015 &#8211; coment\u00e1rios \u00e0 prova de Direito Administrativo\"}]},{\"@type\":\"WebSite\",\"@id\":\"https:\/\/www.estrategiaconcursos.com.br\/blog\/#website\",\"url\":\"https:\/\/www.estrategiaconcursos.com.br\/blog\/\",\"name\":\"Estrat\u00e9gia Concursos\",\"description\":\"O blog da Estrat\u00e9gia Concursos traz not\u00edcias sobre concursos e artigos de professores oferecendo cursos para concursos (pdf + videaulas) no site.\",\"publisher\":{\"@id\":\"https:\/\/www.estrategiaconcursos.com.br\/blog\/#organization\"},\"potentialAction\":[{\"@type\":\"SearchAction\",\"target\":{\"@type\":\"EntryPoint\",\"urlTemplate\":\"https:\/\/www.estrategiaconcursos.com.br\/blog\/?s={search_term_string}\"},\"query-input\":{\"@type\":\"PropertyValueSpecification\",\"valueRequired\":true,\"valueName\":\"search_term_string\"}}],\"inLanguage\":\"pt-BR\"},{\"@type\":\"Organization\",\"@id\":\"https:\/\/www.estrategiaconcursos.com.br\/blog\/#organization\",\"name\":\"Estrat\u00e9gia Concursos\",\"url\":\"https:\/\/www.estrategiaconcursos.com.br\/blog\/\",\"logo\":{\"@type\":\"ImageObject\",\"inLanguage\":\"pt-BR\",\"@id\":\"https:\/\/www.estrategiaconcursos.com.br\/blog\/#\/schema\/logo\/image\/\",\"url\":\"https:\/\/dhg1h5j42swfq.cloudfront.net\/2025\/06\/03203428\/logo_concursos-1.jpg\",\"contentUrl\":\"https:\/\/dhg1h5j42swfq.cloudfront.net\/2025\/06\/03203428\/logo_concursos-1.jpg\",\"width\":230,\"height\":60,\"caption\":\"Estrat\u00e9gia Concursos\"},\"image\":{\"@id\":\"https:\/\/www.estrategiaconcursos.com.br\/blog\/#\/schema\/logo\/image\/\"},\"sameAs\":[\"https:\/\/x.com\/EstratConcursos\"]},{\"@type\":\"Person\",\"@id\":\"https:\/\/www.estrategiaconcursos.com.br\/blog\/#\/schema\/person\/cdad40b5818eb228a838461fcd656da7\",\"name\":\"Coordena\u00e7\u00e3o\",\"image\":{\"@type\":\"ImageObject\",\"inLanguage\":\"pt-BR\",\"@id\":\"https:\/\/secure.gravatar.com\/avatar\/a413b22da0f5009c634f6c4586a2dbe5207074fd5becd88db5183b8069ef25e4?s=96&d=mm&r=g\",\"url\":\"https:\/\/secure.gravatar.com\/avatar\/a413b22da0f5009c634f6c4586a2dbe5207074fd5becd88db5183b8069ef25e4?s=96&d=mm&r=g\",\"contentUrl\":\"https:\/\/secure.gravatar.com\/avatar\/a413b22da0f5009c634f6c4586a2dbe5207074fd5becd88db5183b8069ef25e4?s=96&d=mm&r=g\",\"caption\":\"Coordena\u00e7\u00e3o\"},\"url\":\"https:\/\/www.estrategiaconcursos.com.br\/blog\/author\/contatoestrategiaconcursos-com-br\/\"}]}<\/script>\n<!-- \/ Yoast SEO Premium plugin. -->","yoast_head_json":{"title":"Coment\u00e1rios \u00e0 prova de Direito Administrativo - TCU 2015","description":"seguem os coment\u00e1rios \u00e0s quest\u00f5es de Direito Administrativo da prova de AUFC-TCU 2015. Das sete quest\u00f5es, penso que uma oferece possibilidade de recurso.","robots":{"index":"index","follow":"follow","max-snippet":"max-snippet:-1","max-image-preview":"max-image-preview:large","max-video-preview":"max-video-preview:-1"},"canonical":"https:\/\/www.estrategiaconcursos.com.br\/blog\/concurso-tcu-aufc-2015-comentarios-a-prova-de-direito-administrativo\/","og_locale":"pt_BR","og_type":"article","og_title":"Concurso TCU (AUFC) 2015 - coment\u00e1rios \u00e0 prova de Direito Administrativo","og_description":"seguem os coment\u00e1rios \u00e0s quest\u00f5es de Direito Administrativo da prova de AUFC-TCU 2015. Das sete quest\u00f5es, penso que uma oferece possibilidade de recurso.","og_url":"https:\/\/www.estrategiaconcursos.com.br\/blog\/concurso-tcu-aufc-2015-comentarios-a-prova-de-direito-administrativo\/","og_site_name":"Estrat\u00e9gia Concursos","article_published_time":"2015-08-19T03:03:10+00:00","article_modified_time":"2019-12-11T18:36:05+00:00","author":"Coordena\u00e7\u00e3o","twitter_card":"summary_large_image","twitter_creator":"@EstratConcursos","twitter_site":"@EstratConcursos","twitter_misc":{"Escrito por":"Coordena\u00e7\u00e3o","Est. tempo de leitura":"5 minutos"},"schema":{"@context":"https:\/\/schema.org","@graph":[{"@type":"NewsArticle","@id":"https:\/\/www.estrategiaconcursos.com.br\/blog\/concurso-tcu-aufc-2015-comentarios-a-prova-de-direito-administrativo\/#article","isPartOf":{"@id":"https:\/\/www.estrategiaconcursos.com.br\/blog\/concurso-tcu-aufc-2015-comentarios-a-prova-de-direito-administrativo\/"},"author":{"name":"Coordena\u00e7\u00e3o","@id":"https:\/\/www.estrategiaconcursos.com.br\/blog\/#\/schema\/person\/cdad40b5818eb228a838461fcd656da7"},"headline":"Concurso TCU (AUFC) 2015 &#8211; coment\u00e1rios \u00e0 prova de Direito Administrativo","datePublished":"2015-08-19T03:03:10+00:00","dateModified":"2019-12-11T18:36:05+00:00","mainEntityOfPage":{"@id":"https:\/\/www.estrategiaconcursos.com.br\/blog\/concurso-tcu-aufc-2015-comentarios-a-prova-de-direito-administrativo\/"},"wordCount":1057,"commentCount":5,"publisher":{"@id":"https:\/\/www.estrategiaconcursos.com.br\/blog\/#organization"},"keywords":["Concurso TCU","Direito Administrativo"],"inLanguage":"pt-BR","potentialAction":[{"@type":"CommentAction","name":"Comment","target":["https:\/\/www.estrategiaconcursos.com.br\/blog\/concurso-tcu-aufc-2015-comentarios-a-prova-de-direito-administrativo\/#respond"]}],"copyrightYear":"2015","copyrightHolder":{"@id":"https:\/\/www.estrategiaconcursos.com.br\/blog\/#organization"}},{"@type":"WebPage","@id":"https:\/\/www.estrategiaconcursos.com.br\/blog\/concurso-tcu-aufc-2015-comentarios-a-prova-de-direito-administrativo\/","url":"https:\/\/www.estrategiaconcursos.com.br\/blog\/concurso-tcu-aufc-2015-comentarios-a-prova-de-direito-administrativo\/","name":"Coment\u00e1rios \u00e0 prova de Direito Administrativo - TCU 2015","isPartOf":{"@id":"https:\/\/www.estrategiaconcursos.com.br\/blog\/#website"},"datePublished":"2015-08-19T03:03:10+00:00","dateModified":"2019-12-11T18:36:05+00:00","description":"seguem os coment\u00e1rios \u00e0s quest\u00f5es de Direito Administrativo da prova de AUFC-TCU 2015. Das sete quest\u00f5es, penso que uma oferece possibilidade de recurso.","breadcrumb":{"@id":"https:\/\/www.estrategiaconcursos.com.br\/blog\/concurso-tcu-aufc-2015-comentarios-a-prova-de-direito-administrativo\/#breadcrumb"},"inLanguage":"pt-BR","potentialAction":[{"@type":"ReadAction","target":["https:\/\/www.estrategiaconcursos.com.br\/blog\/concurso-tcu-aufc-2015-comentarios-a-prova-de-direito-administrativo\/"]}]},{"@type":"BreadcrumbList","@id":"https:\/\/www.estrategiaconcursos.com.br\/blog\/concurso-tcu-aufc-2015-comentarios-a-prova-de-direito-administrativo\/#breadcrumb","itemListElement":[{"@type":"ListItem","position":1,"name":"In\u00edcio","item":"https:\/\/www.estrategiaconcursos.com.br\/blog\/"},{"@type":"ListItem","position":2,"name":"Concurso TCU (AUFC) 2015 &#8211; coment\u00e1rios \u00e0 prova de Direito Administrativo"}]},{"@type":"WebSite","@id":"https:\/\/www.estrategiaconcursos.com.br\/blog\/#website","url":"https:\/\/www.estrategiaconcursos.com.br\/blog\/","name":"Estrat\u00e9gia Concursos","description":"O blog da Estrat\u00e9gia Concursos traz not\u00edcias sobre concursos e artigos de professores oferecendo cursos para concursos (pdf + videaulas) no site.","publisher":{"@id":"https:\/\/www.estrategiaconcursos.com.br\/blog\/#organization"},"potentialAction":[{"@type":"SearchAction","target":{"@type":"EntryPoint","urlTemplate":"https:\/\/www.estrategiaconcursos.com.br\/blog\/?s={search_term_string}"},"query-input":{"@type":"PropertyValueSpecification","valueRequired":true,"valueName":"search_term_string"}}],"inLanguage":"pt-BR"},{"@type":"Organization","@id":"https:\/\/www.estrategiaconcursos.com.br\/blog\/#organization","name":"Estrat\u00e9gia Concursos","url":"https:\/\/www.estrategiaconcursos.com.br\/blog\/","logo":{"@type":"ImageObject","inLanguage":"pt-BR","@id":"https:\/\/www.estrategiaconcursos.com.br\/blog\/#\/schema\/logo\/image\/","url":"https:\/\/dhg1h5j42swfq.cloudfront.net\/2025\/06\/03203428\/logo_concursos-1.jpg","contentUrl":"https:\/\/dhg1h5j42swfq.cloudfront.net\/2025\/06\/03203428\/logo_concursos-1.jpg","width":230,"height":60,"caption":"Estrat\u00e9gia Concursos"},"image":{"@id":"https:\/\/www.estrategiaconcursos.com.br\/blog\/#\/schema\/logo\/image\/"},"sameAs":["https:\/\/x.com\/EstratConcursos"]},{"@type":"Person","@id":"https:\/\/www.estrategiaconcursos.com.br\/blog\/#\/schema\/person\/cdad40b5818eb228a838461fcd656da7","name":"Coordena\u00e7\u00e3o","image":{"@type":"ImageObject","inLanguage":"pt-BR","@id":"https:\/\/secure.gravatar.com\/avatar\/a413b22da0f5009c634f6c4586a2dbe5207074fd5becd88db5183b8069ef25e4?s=96&d=mm&r=g","url":"https:\/\/secure.gravatar.com\/avatar\/a413b22da0f5009c634f6c4586a2dbe5207074fd5becd88db5183b8069ef25e4?s=96&d=mm&r=g","contentUrl":"https:\/\/secure.gravatar.com\/avatar\/a413b22da0f5009c634f6c4586a2dbe5207074fd5becd88db5183b8069ef25e4?s=96&d=mm&r=g","caption":"Coordena\u00e7\u00e3o"},"url":"https:\/\/www.estrategiaconcursos.com.br\/blog\/author\/contatoestrategiaconcursos-com-br\/"}]}},"_links":{"self":[{"href":"https:\/\/www.estrategiaconcursos.com.br\/blog\/wp-json\/wp\/v2\/posts\/25861","targetHints":{"allow":["GET"]}}],"collection":[{"href":"https:\/\/www.estrategiaconcursos.com.br\/blog\/wp-json\/wp\/v2\/posts"}],"about":[{"href":"https:\/\/www.estrategiaconcursos.com.br\/blog\/wp-json\/wp\/v2\/types\/post"}],"author":[{"embeddable":true,"href":"https:\/\/www.estrategiaconcursos.com.br\/blog\/wp-json\/wp\/v2\/users\/48"}],"replies":[{"embeddable":true,"href":"https:\/\/www.estrategiaconcursos.com.br\/blog\/wp-json\/wp\/v2\/comments?post=25861"}],"version-history":[{"count":7,"href":"https:\/\/www.estrategiaconcursos.com.br\/blog\/wp-json\/wp\/v2\/posts\/25861\/revisions"}],"predecessor-version":[{"id":387742,"href":"https:\/\/www.estrategiaconcursos.com.br\/blog\/wp-json\/wp\/v2\/posts\/25861\/revisions\/387742"}],"wp:attachment":[{"href":"https:\/\/www.estrategiaconcursos.com.br\/blog\/wp-json\/wp\/v2\/media?parent=25861"}],"wp:term":[{"taxonomy":"category","embeddable":true,"href":"https:\/\/www.estrategiaconcursos.com.br\/blog\/wp-json\/wp\/v2\/categories?post=25861"},{"taxonomy":"post_tag","embeddable":true,"href":"https:\/\/www.estrategiaconcursos.com.br\/blog\/wp-json\/wp\/v2\/tags?post=25861"},{"taxonomy":"tax_estado","embeddable":true,"href":"https:\/\/www.estrategiaconcursos.com.br\/blog\/wp-json\/wp\/v2\/tax_estado?post=25861"}],"curies":[{"name":"wp","href":"https:\/\/api.w.org\/{rel}","templated":true}]}}