{"id":25470,"date":"2015-08-12T23:29:33","date_gmt":"2015-08-13T02:29:33","guid":{"rendered":"http:\/\/www.estrategiaconcursos.com.br\/blog\/?p=25470"},"modified":"2022-01-19T08:10:48","modified_gmt":"2022-01-19T11:10:48","slug":"comentarios-prova-do-concurso-fub-2015-direito-constitucional","status":"publish","type":"post","link":"https:\/\/www.estrategiaconcursos.com.br\/blog\/comentarios-prova-do-concurso-fub-2015-direito-constitucional\/","title":{"rendered":"Coment\u00e1rios \u00e0 Prova do Concurso FUB 2015 &#8211; Direito Constitucional"},"content":{"rendered":"<p>Ol\u00e1, pessoal!<\/p>\n<p>No artigo de hoje, comentaremos a prova de <em><strong>Direito Constitucional do Concurso FUB &#8211; 2015,&nbsp;<\/strong><\/em> integrante da parte de Conhecimentos B\u00e1sicos para Todos os Cargos (Exceto o Cargo 02). \u00c9 uma excelente oportunidade de revisarmos como a mat\u00e9ria vem sendo cobrada pelo Cespe! Vamos l\u00e1?<\/p>\n<p>&#8230;&#8230;&#8230;&#8230;&#8230;&#8230;&#8230;..<\/p>\n<p><strong>(CESPE\/ Concurso FUB 2015) Acerca dos direitos e das garantias fundamentais previstos na Constitui\u00e7\u00e3o Federal de 1988 (CF), julgue os seguintes itens.<\/strong><\/p>\n<p><strong>28 Em nenhuma circunst\u00e2ncia haver\u00e1 penas cru\u00e9is ou de morte, de car\u00e1ter perp\u00e9tuo, de trabalhos for\u00e7ados e de banimento.<\/strong><\/p>\n<p><strong>Coment\u00e1rios:<\/strong><\/p>\n<p>A Constitui\u00e7\u00e3o admite, excepcionalmente, a <em><strong>pena de morte<\/strong><\/em>, no caso de <em><strong>guerra declarada<\/strong> <\/em>(art. 5o, XLVII, CF). Quest\u00e3o errada.<\/p>\n<p><strong>29 \u00c9 garantida a livre manifesta\u00e7\u00e3o do pensamento, ainda que na forma an\u00f4nima.<\/strong><\/p>\n<p><strong>Coment\u00e1rios:<\/strong><\/p>\n<p>O inciso IV do art. 5o da Constitui\u00e7\u00e3o prev\u00ea que \u00e9 livre a manifesta\u00e7\u00e3o do pensamento, sendo <em><strong>vedado o anonimato<\/strong><\/em>. Quest\u00e3o errada.<\/p>\n<p><strong>30 \u00c9 assegurada a ampla liberdade de associa\u00e7\u00e3o, independentemente de autoriza\u00e7\u00e3o dos poderes p\u00fablicos.<\/strong><\/p>\n<p><strong>Coment\u00e1rios:<\/strong><\/p>\n<p>De fato, a Carta Magna prev\u00ea que \u00e9 plena a liberdade de associa\u00e7\u00e3o para fins l\u00edcitos e que sua cria\u00e7\u00e3o independe de autoriza\u00e7\u00e3o (art. 5o, XVII e XVIII, CF). Quest\u00e3o certa.<\/p>\n<p><strong>(CESPE\/ Concurso FUB 2015)&nbsp;No que se refere \u00e0s disposi\u00e7\u00f5es gerais relacionadas aos servidores p\u00fablicos, julgue os itens a seguir.<\/strong><\/p>\n<p><strong>31 Destinam-se apenas \u00e0s atribui\u00e7\u00f5es de dire\u00e7\u00e3o, chefia e assessoramento as fun\u00e7\u00f5es de confian\u00e7a, exercidas exclusivamente por servidores ocupantes de cargo efetivo bem como os cargos em comiss\u00e3o, a serem preenchidos por servidores de carreira, nos casos, nas condi\u00e7\u00f5es e nos percentuais m\u00ednimos previstos em lei.<\/strong><\/p>\n<p><strong>Coment\u00e1rios:<\/strong><\/p>\n<p>\u00c9 o que prev\u00ea o inciso V do art. 37 da Carta Magna, segundo o qual as fun\u00e7\u00f5es de confian\u00e7a, exercidas exclusivamente por servidores ocupantes de cargo efetivo, e os cargos em comiss\u00e3o, a serem preenchidos por servidores de carreira nos casos, condi\u00e7\u00f5es e percentuais m\u00ednimos previstos em lei, destinam-se apenas \u00e0s atribui\u00e7\u00f5es de dire\u00e7\u00e3o, chefia e assessoramento. Quest\u00e3o certa.<\/p>\n<p><strong>32 De acordo com a CF, os servidores nomeados para cargo de provimento efetivo em virtude de concurso p\u00fablico adquirem a estabilidade ap\u00f3s dois anos de efetivo exerc\u00edcio.<\/strong><\/p>\n<p><strong>Coment\u00e1rios:<\/strong><\/p>\n<p>A estabilidade \u00e9 adquirida ap\u00f3s <em><strong>tr\u00eas<\/strong> <\/em>(e n\u00e3o dois!) anos de efetivo exerc\u00edcio. Quest\u00e3o errada.<\/p>\n<p><strong>(CESPE\/ Concurso FUB 2015)&nbsp;Com base nas classifica\u00e7\u00f5es da CF, julgue os pr\u00f3ximos itens.<\/strong><\/p>\n<p><strong>33 A CF, elaborada por representantes leg\u00edtimos do povo, \u00e9 exemplo de Constitui\u00e7\u00e3o outorgada.<\/strong><\/p>\n<p><strong>Coment\u00e1rios:<\/strong><\/p>\n<p>A CF\/88, elaborada por representantes leg\u00edtimos do povo reunidos em Assembleia Nacional Constituinte, \u00e9 exemplo de <em><strong>Constitui\u00e7\u00e3o democr\u00e1tica<\/strong><\/em>. Quest\u00e3o incorreta.<\/p>\n<p><strong>34 Quanto ao modo de elabora\u00e7\u00e3o, a CF \u00e9 dogm\u00e1tica, porque foi constitu\u00edda ao longo do tempo mediante lento e cont\u00ednuo processo de forma\u00e7\u00e3o, reunindo a hist\u00f3ria e as tradi\u00e7\u00f5es de um povo.<\/strong><\/p>\n<p><strong>Coment\u00e1rios:<\/strong><\/p>\n<p>A CF\/88 \u00e9 dogm\u00e1tica porque foi <em><strong>elaborada em determinado momento hist\u00f3rico<\/strong><\/em>, em Assembleia Nacional Constituinte, com base em <em><strong>dogmas<\/strong><\/em> ent\u00e3o vigentes. Quest\u00e3o errada.<\/p>\n<p><strong>35 A CF, no tocante a sua extens\u00e3o, classifica-se como sint\u00e9tica, uma vez que versa somente sobre os princ\u00edpios gerais e as regras b\u00e1sicas de organiza\u00e7\u00e3o do Estado.<\/strong><\/p>\n<p><strong>Coment\u00e1rios:<\/strong><\/p>\n<p>A CF\/88 \u00e9 <em><strong>prolixa<\/strong><\/em>, uma vez que trata de mat\u00e9rias que n\u00e3o a organiza\u00e7\u00e3o b\u00e1sica do Estado. Quest\u00e3o errada.<\/p>\n<p><strong>36 Quanto \u00e0 mutabilidade, a doutrina majorit\u00e1ria classifica a CF como r\u00edgida, visto que, para a modifica\u00e7\u00e3o do seu texto, exige-se um processo legislativo especial.<\/strong><\/p>\n<p><strong>Coment\u00e1rios:<\/strong><\/p>\n<p>De fato, a CF\/88 \u00e9 <em><strong>r\u00edgida<\/strong><\/em>, uma vez que seu texto s\u00f3 pode modificado por procedimento mais dificultoso que o de altera\u00e7\u00e3o das leis. Quest\u00e3o certa.<\/p>\n<p>&#8230;&#8230;&#8230;&#8230;<\/p>\n<p>Espero que voc\u00eas tenham gabaritado essas quest\u00f5es! Tenho certeza de que os alunos que adquiriram nosso curso se sa\u00edram muito bem nessa prova! :)<\/p>\n<p>Abra\u00e7os,<\/p>\n<p>N\u00e1dia<\/p>\n<p>PS1: Caso queiram me adicionar aos seus amigos do Facebook, o link \u00e9 este =&gt;<a title=\"FACEBOOK da N\u00c1DIA\" href=\"https:\/\/www.facebook.com\/nadia.c.santos.16\" target=\"_blank\" rel=\"noopener\">https:\/\/www.facebook.com\/nadia.c.santos.16<\/a><\/p>\n<p>PS2: Caso queiram conhecer o curso Regular de Direito Constitucional, com conte\u00fado em pdf e em v\u00eddeo, que escrevi <em><strong>em parceria com o professor Ricardo Vale<\/strong><\/em>, eis o link =&gt;<\/p>\n<p><a title=\"CURSO REGULAR DE DIREITO CONSTITUCIONAL\" href=\"https:\/\/www.estrategiaconcursos.com.br\/curso\/curso-regular-de-direito-constitucional-com-videoaulas-5973\/\" target=\"_blank\" rel=\"noopener\">https:\/\/www.estrategiaconcursos.com.br\/curso\/curso-regular-de-direito-constitucional-com-videoaulas-5973\/<\/a><\/p>\n","protected":false},"excerpt":{"rendered":"<p>Ol\u00e1, pessoal! No artigo de hoje, comentaremos a prova de Direito Constitucional do Concurso FUB &#8211; 2015,&nbsp; integrante da parte de Conhecimentos B\u00e1sicos para Todos os Cargos (Exceto o Cargo 02). \u00c9 uma excelente oportunidade de revisarmos como a mat\u00e9ria vem sendo cobrada pelo Cespe! Vamos l\u00e1? &#8230;&#8230;&#8230;&#8230;&#8230;&#8230;&#8230;.. (CESPE\/ Concurso FUB 2015) Acerca dos direitos [&hellip;]<\/p>\n","protected":false},"author":58,"featured_media":0,"comment_status":"open","ping_status":"open","sticky":false,"template":"","format":"standard","meta":{"post_tipo":"article","footnotes":""},"categories":[1],"tags":[40,854,857,855,856],"tax_estado":[],"class_list":["post-25470","post","type-post","status-publish","format-standard","hentry","category-cursos-e-concursos","tag-concurso","tag-concurso-fub","tag-edital-fub","tag-fub-2015","tag-prova-fub"],"acf":[],"yoast_head":"<!-- This site is optimized with the Yoast SEO Premium plugin v27.2 (Yoast SEO v27.2) - https:\/\/yoast.com\/product\/yoast-seo-premium-wordpress\/ -->\n<title>Concurso FUB<\/title>\n<meta name=\"description\" content=\"Coment\u00e1rios \u00e0 Prova do Concurso FUB 2015 - Direito Constitucional\" \/>\n<meta name=\"robots\" content=\"index, follow, max-snippet:-1, max-image-preview:large, max-video-preview:-1\" \/>\n<link rel=\"canonical\" href=\"https:\/\/www.estrategiaconcursos.com.br\/blog\/comentarios-prova-do-concurso-fub-2015-direito-constitucional\/\" \/>\n<meta property=\"og:locale\" content=\"pt_BR\" \/>\n<meta property=\"og:type\" content=\"article\" \/>\n<meta property=\"og:title\" content=\"Coment\u00e1rios \u00e0 Prova do Concurso FUB 2015 - Direito Constitucional\" \/>\n<meta property=\"og:description\" content=\"Coment\u00e1rios \u00e0 Prova do Concurso FUB 2015 - Direito Constitucional\" \/>\n<meta property=\"og:url\" content=\"https:\/\/www.estrategiaconcursos.com.br\/blog\/comentarios-prova-do-concurso-fub-2015-direito-constitucional\/\" \/>\n<meta property=\"og:site_name\" content=\"Estrat\u00e9gia Concursos\" \/>\n<meta property=\"article:author\" content=\"https:\/\/www.facebook.com\/nadia.c.santos.16\" \/>\n<meta property=\"article:published_time\" content=\"2015-08-13T02:29:33+00:00\" \/>\n<meta property=\"article:modified_time\" content=\"2022-01-19T11:10:48+00:00\" \/>\n<meta name=\"author\" content=\"N\u00e1dia Carolina\" \/>\n<meta name=\"twitter:card\" content=\"summary_large_image\" \/>\n<meta name=\"twitter:creator\" content=\"@EstratConcursos\" \/>\n<meta name=\"twitter:site\" content=\"@EstratConcursos\" \/>\n<meta name=\"twitter:label1\" content=\"Escrito por\" \/>\n\t<meta name=\"twitter:data1\" content=\"N\u00e1dia Carolina\" \/>\n\t<meta name=\"twitter:label2\" content=\"Est. tempo de leitura\" \/>\n\t<meta name=\"twitter:data2\" content=\"4 minutos\" \/>\n<script type=\"application\/ld+json\" class=\"yoast-schema-graph\">{\"@context\":\"https:\/\/schema.org\",\"@graph\":[{\"@type\":\"NewsArticle\",\"@id\":\"https:\/\/www.estrategiaconcursos.com.br\/blog\/comentarios-prova-do-concurso-fub-2015-direito-constitucional\/#article\",\"isPartOf\":{\"@id\":\"https:\/\/www.estrategiaconcursos.com.br\/blog\/comentarios-prova-do-concurso-fub-2015-direito-constitucional\/\"},\"author\":{\"name\":\"N\u00e1dia Carolina\",\"@id\":\"https:\/\/www.estrategiaconcursos.com.br\/blog\/#\/schema\/person\/bf1b1d1865628ae32d608d5bad5442c6\"},\"headline\":\"Coment\u00e1rios \u00e0 Prova do Concurso FUB 2015 &#8211; Direito Constitucional\",\"datePublished\":\"2015-08-13T02:29:33+00:00\",\"dateModified\":\"2022-01-19T11:10:48+00:00\",\"mainEntityOfPage\":{\"@id\":\"https:\/\/www.estrategiaconcursos.com.br\/blog\/comentarios-prova-do-concurso-fub-2015-direito-constitucional\/\"},\"wordCount\":731,\"commentCount\":2,\"publisher\":{\"@id\":\"https:\/\/www.estrategiaconcursos.com.br\/blog\/#organization\"},\"keywords\":[\"Concurso\",\"concurso fub\",\"edital fub\",\"fub 2015\",\"prova fub\"],\"articleSection\":[\"Concursos P\u00fablicos\"],\"inLanguage\":\"pt-BR\",\"potentialAction\":[{\"@type\":\"CommentAction\",\"name\":\"Comment\",\"target\":[\"https:\/\/www.estrategiaconcursos.com.br\/blog\/comentarios-prova-do-concurso-fub-2015-direito-constitucional\/#respond\"]}],\"copyrightYear\":\"2015\",\"copyrightHolder\":{\"@id\":\"https:\/\/www.estrategiaconcursos.com.br\/blog\/#organization\"}},{\"@type\":\"WebPage\",\"@id\":\"https:\/\/www.estrategiaconcursos.com.br\/blog\/comentarios-prova-do-concurso-fub-2015-direito-constitucional\/\",\"url\":\"https:\/\/www.estrategiaconcursos.com.br\/blog\/comentarios-prova-do-concurso-fub-2015-direito-constitucional\/\",\"name\":\"Concurso FUB\",\"isPartOf\":{\"@id\":\"https:\/\/www.estrategiaconcursos.com.br\/blog\/#website\"},\"datePublished\":\"2015-08-13T02:29:33+00:00\",\"dateModified\":\"2022-01-19T11:10:48+00:00\",\"description\":\"Coment\u00e1rios \u00e0 Prova do Concurso FUB 2015 - Direito Constitucional\",\"breadcrumb\":{\"@id\":\"https:\/\/www.estrategiaconcursos.com.br\/blog\/comentarios-prova-do-concurso-fub-2015-direito-constitucional\/#breadcrumb\"},\"inLanguage\":\"pt-BR\",\"potentialAction\":[{\"@type\":\"ReadAction\",\"target\":[\"https:\/\/www.estrategiaconcursos.com.br\/blog\/comentarios-prova-do-concurso-fub-2015-direito-constitucional\/\"]}]},{\"@type\":\"BreadcrumbList\",\"@id\":\"https:\/\/www.estrategiaconcursos.com.br\/blog\/comentarios-prova-do-concurso-fub-2015-direito-constitucional\/#breadcrumb\",\"itemListElement\":[{\"@type\":\"ListItem\",\"position\":1,\"name\":\"In\u00edcio\",\"item\":\"https:\/\/www.estrategiaconcursos.com.br\/blog\/\"},{\"@type\":\"ListItem\",\"position\":2,\"name\":\"Coment\u00e1rios \u00e0 Prova do Concurso FUB 2015 &#8211; Direito Constitucional\"}]},{\"@type\":\"WebSite\",\"@id\":\"https:\/\/www.estrategiaconcursos.com.br\/blog\/#website\",\"url\":\"https:\/\/www.estrategiaconcursos.com.br\/blog\/\",\"name\":\"Estrat\u00e9gia Concursos\",\"description\":\"O blog da Estrat\u00e9gia Concursos traz not\u00edcias sobre concursos e artigos de professores oferecendo cursos para concursos (pdf + videaulas) no site.\",\"publisher\":{\"@id\":\"https:\/\/www.estrategiaconcursos.com.br\/blog\/#organization\"},\"potentialAction\":[{\"@type\":\"SearchAction\",\"target\":{\"@type\":\"EntryPoint\",\"urlTemplate\":\"https:\/\/www.estrategiaconcursos.com.br\/blog\/?s={search_term_string}\"},\"query-input\":{\"@type\":\"PropertyValueSpecification\",\"valueRequired\":true,\"valueName\":\"search_term_string\"}}],\"inLanguage\":\"pt-BR\"},{\"@type\":\"Organization\",\"@id\":\"https:\/\/www.estrategiaconcursos.com.br\/blog\/#organization\",\"name\":\"Estrat\u00e9gia Concursos\",\"url\":\"https:\/\/www.estrategiaconcursos.com.br\/blog\/\",\"logo\":{\"@type\":\"ImageObject\",\"inLanguage\":\"pt-BR\",\"@id\":\"https:\/\/www.estrategiaconcursos.com.br\/blog\/#\/schema\/logo\/image\/\",\"url\":\"https:\/\/dhg1h5j42swfq.cloudfront.net\/2025\/06\/03203428\/logo_concursos-1.jpg\",\"contentUrl\":\"https:\/\/dhg1h5j42swfq.cloudfront.net\/2025\/06\/03203428\/logo_concursos-1.jpg\",\"width\":230,\"height\":60,\"caption\":\"Estrat\u00e9gia Concursos\"},\"image\":{\"@id\":\"https:\/\/www.estrategiaconcursos.com.br\/blog\/#\/schema\/logo\/image\/\"},\"sameAs\":[\"https:\/\/x.com\/EstratConcursos\"]},{\"@type\":\"Person\",\"@id\":\"https:\/\/www.estrategiaconcursos.com.br\/blog\/#\/schema\/person\/bf1b1d1865628ae32d608d5bad5442c6\",\"name\":\"N\u00e1dia Carolina\",\"image\":{\"@type\":\"ImageObject\",\"inLanguage\":\"pt-BR\",\"@id\":\"https:\/\/secure.gravatar.com\/avatar\/0ec0c484339a071f22ea5ced30956ccdaab0f83125b2dc1857c3b038404136a7?s=96&d=mm&r=g\",\"url\":\"https:\/\/secure.gravatar.com\/avatar\/0ec0c484339a071f22ea5ced30956ccdaab0f83125b2dc1857c3b038404136a7?s=96&d=mm&r=g\",\"contentUrl\":\"https:\/\/secure.gravatar.com\/avatar\/0ec0c484339a071f22ea5ced30956ccdaab0f83125b2dc1857c3b038404136a7?s=96&d=mm&r=g\",\"caption\":\"N\u00e1dia Carolina\"},\"sameAs\":[\"https:\/\/www.facebook.com\/nadia.c.santos.16\"],\"url\":\"https:\/\/www.estrategiaconcursos.com.br\/blog\/author\/nadiaestrategiaconcursos-com-br\/\"}]}<\/script>\n<!-- \/ Yoast SEO Premium plugin. -->","yoast_head_json":{"title":"Concurso FUB","description":"Coment\u00e1rios \u00e0 Prova do Concurso FUB 2015 - Direito Constitucional","robots":{"index":"index","follow":"follow","max-snippet":"max-snippet:-1","max-image-preview":"max-image-preview:large","max-video-preview":"max-video-preview:-1"},"canonical":"https:\/\/www.estrategiaconcursos.com.br\/blog\/comentarios-prova-do-concurso-fub-2015-direito-constitucional\/","og_locale":"pt_BR","og_type":"article","og_title":"Coment\u00e1rios \u00e0 Prova do Concurso FUB 2015 - Direito Constitucional","og_description":"Coment\u00e1rios \u00e0 Prova do Concurso FUB 2015 - Direito Constitucional","og_url":"https:\/\/www.estrategiaconcursos.com.br\/blog\/comentarios-prova-do-concurso-fub-2015-direito-constitucional\/","og_site_name":"Estrat\u00e9gia Concursos","article_author":"https:\/\/www.facebook.com\/nadia.c.santos.16","article_published_time":"2015-08-13T02:29:33+00:00","article_modified_time":"2022-01-19T11:10:48+00:00","author":"N\u00e1dia Carolina","twitter_card":"summary_large_image","twitter_creator":"@EstratConcursos","twitter_site":"@EstratConcursos","twitter_misc":{"Escrito por":"N\u00e1dia Carolina","Est. tempo de leitura":"4 minutos"},"schema":{"@context":"https:\/\/schema.org","@graph":[{"@type":"NewsArticle","@id":"https:\/\/www.estrategiaconcursos.com.br\/blog\/comentarios-prova-do-concurso-fub-2015-direito-constitucional\/#article","isPartOf":{"@id":"https:\/\/www.estrategiaconcursos.com.br\/blog\/comentarios-prova-do-concurso-fub-2015-direito-constitucional\/"},"author":{"name":"N\u00e1dia Carolina","@id":"https:\/\/www.estrategiaconcursos.com.br\/blog\/#\/schema\/person\/bf1b1d1865628ae32d608d5bad5442c6"},"headline":"Coment\u00e1rios \u00e0 Prova do Concurso FUB 2015 &#8211; Direito Constitucional","datePublished":"2015-08-13T02:29:33+00:00","dateModified":"2022-01-19T11:10:48+00:00","mainEntityOfPage":{"@id":"https:\/\/www.estrategiaconcursos.com.br\/blog\/comentarios-prova-do-concurso-fub-2015-direito-constitucional\/"},"wordCount":731,"commentCount":2,"publisher":{"@id":"https:\/\/www.estrategiaconcursos.com.br\/blog\/#organization"},"keywords":["Concurso","concurso fub","edital fub","fub 2015","prova fub"],"articleSection":["Concursos P\u00fablicos"],"inLanguage":"pt-BR","potentialAction":[{"@type":"CommentAction","name":"Comment","target":["https:\/\/www.estrategiaconcursos.com.br\/blog\/comentarios-prova-do-concurso-fub-2015-direito-constitucional\/#respond"]}],"copyrightYear":"2015","copyrightHolder":{"@id":"https:\/\/www.estrategiaconcursos.com.br\/blog\/#organization"}},{"@type":"WebPage","@id":"https:\/\/www.estrategiaconcursos.com.br\/blog\/comentarios-prova-do-concurso-fub-2015-direito-constitucional\/","url":"https:\/\/www.estrategiaconcursos.com.br\/blog\/comentarios-prova-do-concurso-fub-2015-direito-constitucional\/","name":"Concurso FUB","isPartOf":{"@id":"https:\/\/www.estrategiaconcursos.com.br\/blog\/#website"},"datePublished":"2015-08-13T02:29:33+00:00","dateModified":"2022-01-19T11:10:48+00:00","description":"Coment\u00e1rios \u00e0 Prova do Concurso FUB 2015 - Direito Constitucional","breadcrumb":{"@id":"https:\/\/www.estrategiaconcursos.com.br\/blog\/comentarios-prova-do-concurso-fub-2015-direito-constitucional\/#breadcrumb"},"inLanguage":"pt-BR","potentialAction":[{"@type":"ReadAction","target":["https:\/\/www.estrategiaconcursos.com.br\/blog\/comentarios-prova-do-concurso-fub-2015-direito-constitucional\/"]}]},{"@type":"BreadcrumbList","@id":"https:\/\/www.estrategiaconcursos.com.br\/blog\/comentarios-prova-do-concurso-fub-2015-direito-constitucional\/#breadcrumb","itemListElement":[{"@type":"ListItem","position":1,"name":"In\u00edcio","item":"https:\/\/www.estrategiaconcursos.com.br\/blog\/"},{"@type":"ListItem","position":2,"name":"Coment\u00e1rios \u00e0 Prova do Concurso FUB 2015 &#8211; Direito Constitucional"}]},{"@type":"WebSite","@id":"https:\/\/www.estrategiaconcursos.com.br\/blog\/#website","url":"https:\/\/www.estrategiaconcursos.com.br\/blog\/","name":"Estrat\u00e9gia Concursos","description":"O blog da Estrat\u00e9gia Concursos traz not\u00edcias sobre concursos e artigos de professores oferecendo cursos para concursos (pdf + videaulas) no site.","publisher":{"@id":"https:\/\/www.estrategiaconcursos.com.br\/blog\/#organization"},"potentialAction":[{"@type":"SearchAction","target":{"@type":"EntryPoint","urlTemplate":"https:\/\/www.estrategiaconcursos.com.br\/blog\/?s={search_term_string}"},"query-input":{"@type":"PropertyValueSpecification","valueRequired":true,"valueName":"search_term_string"}}],"inLanguage":"pt-BR"},{"@type":"Organization","@id":"https:\/\/www.estrategiaconcursos.com.br\/blog\/#organization","name":"Estrat\u00e9gia Concursos","url":"https:\/\/www.estrategiaconcursos.com.br\/blog\/","logo":{"@type":"ImageObject","inLanguage":"pt-BR","@id":"https:\/\/www.estrategiaconcursos.com.br\/blog\/#\/schema\/logo\/image\/","url":"https:\/\/dhg1h5j42swfq.cloudfront.net\/2025\/06\/03203428\/logo_concursos-1.jpg","contentUrl":"https:\/\/dhg1h5j42swfq.cloudfront.net\/2025\/06\/03203428\/logo_concursos-1.jpg","width":230,"height":60,"caption":"Estrat\u00e9gia Concursos"},"image":{"@id":"https:\/\/www.estrategiaconcursos.com.br\/blog\/#\/schema\/logo\/image\/"},"sameAs":["https:\/\/x.com\/EstratConcursos"]},{"@type":"Person","@id":"https:\/\/www.estrategiaconcursos.com.br\/blog\/#\/schema\/person\/bf1b1d1865628ae32d608d5bad5442c6","name":"N\u00e1dia Carolina","image":{"@type":"ImageObject","inLanguage":"pt-BR","@id":"https:\/\/secure.gravatar.com\/avatar\/0ec0c484339a071f22ea5ced30956ccdaab0f83125b2dc1857c3b038404136a7?s=96&d=mm&r=g","url":"https:\/\/secure.gravatar.com\/avatar\/0ec0c484339a071f22ea5ced30956ccdaab0f83125b2dc1857c3b038404136a7?s=96&d=mm&r=g","contentUrl":"https:\/\/secure.gravatar.com\/avatar\/0ec0c484339a071f22ea5ced30956ccdaab0f83125b2dc1857c3b038404136a7?s=96&d=mm&r=g","caption":"N\u00e1dia Carolina"},"sameAs":["https:\/\/www.facebook.com\/nadia.c.santos.16"],"url":"https:\/\/www.estrategiaconcursos.com.br\/blog\/author\/nadiaestrategiaconcursos-com-br\/"}]}},"_links":{"self":[{"href":"https:\/\/www.estrategiaconcursos.com.br\/blog\/wp-json\/wp\/v2\/posts\/25470","targetHints":{"allow":["GET"]}}],"collection":[{"href":"https:\/\/www.estrategiaconcursos.com.br\/blog\/wp-json\/wp\/v2\/posts"}],"about":[{"href":"https:\/\/www.estrategiaconcursos.com.br\/blog\/wp-json\/wp\/v2\/types\/post"}],"author":[{"embeddable":true,"href":"https:\/\/www.estrategiaconcursos.com.br\/blog\/wp-json\/wp\/v2\/users\/58"}],"replies":[{"embeddable":true,"href":"https:\/\/www.estrategiaconcursos.com.br\/blog\/wp-json\/wp\/v2\/comments?post=25470"}],"version-history":[{"count":6,"href":"https:\/\/www.estrategiaconcursos.com.br\/blog\/wp-json\/wp\/v2\/posts\/25470\/revisions"}],"predecessor-version":[{"id":950133,"href":"https:\/\/www.estrategiaconcursos.com.br\/blog\/wp-json\/wp\/v2\/posts\/25470\/revisions\/950133"}],"wp:attachment":[{"href":"https:\/\/www.estrategiaconcursos.com.br\/blog\/wp-json\/wp\/v2\/media?parent=25470"}],"wp:term":[{"taxonomy":"category","embeddable":true,"href":"https:\/\/www.estrategiaconcursos.com.br\/blog\/wp-json\/wp\/v2\/categories?post=25470"},{"taxonomy":"post_tag","embeddable":true,"href":"https:\/\/www.estrategiaconcursos.com.br\/blog\/wp-json\/wp\/v2\/tags?post=25470"},{"taxonomy":"tax_estado","embeddable":true,"href":"https:\/\/www.estrategiaconcursos.com.br\/blog\/wp-json\/wp\/v2\/tax_estado?post=25470"}],"curies":[{"name":"wp","href":"https:\/\/api.w.org\/{rel}","templated":true}]}}