{"id":25467,"date":"2015-08-27T08:00:02","date_gmt":"2015-08-27T11:00:02","guid":{"rendered":"http:\/\/www.estrategiaconcursos.com.br\/blog\/?p=25467"},"modified":"2020-07-31T12:35:22","modified_gmt":"2020-07-31T15:35:22","slug":"concurso-inss-autarquia-ja-se-reuniu-com-cespe-para-planejamento-do-proximo-certame-saiba-mais","status":"publish","type":"post","link":"https:\/\/www.estrategiaconcursos.com.br\/blog\/concurso-inss-autarquia-ja-se-reuniu-com-cespe-para-planejamento-do-proximo-certame-saiba-mais\/","title":{"rendered":"Concurso INSS: Autarquia j\u00e1 se reuniu com Cespe para planejamento do pr\u00f3ximo certame. Saiba mais!"},"content":{"rendered":"<p style=\"text-align: justify;\"><a href=\"https:\/\/dhg1h5j42swfq.cloudfront.net\/2015\/05\/concurso-INSS1.jpg\"><img loading=\"lazy\" decoding=\"async\" class=\"alignleft wp-image-23366 size-medium\" src=\"https:\/\/dhg1h5j42swfq.cloudfront.net\/2015\/05\/concurso-INSS1.jpg\" alt=\"concurso INSS\" width=\"300\" height=\"195\" srcset=\"https:\/\/dhg1h5j42swfq.cloudfront.net\/2015\/05\/concurso-INSS1.jpg 450w, https:\/\/dhg1h5j42swfq.cloudfront.net\/2015\/05\/concurso-INSS1.jpg 300w\" sizes=\"auto, (max-width: 300px) 100vw, 300px\" \/><\/a><span style=\"color: #000000;\">\u00c9 grande a expectativa para a realiza\u00e7\u00e3o do concurso do INSS. Isso porque no&nbsp;in\u00edcio deste m\u00eas,&nbsp;foi realizada uma reuni\u00e3o entre o diretor de Gest\u00e3o de Pessoas do Instituto Nacional do Seguro Social (INSS), Jos\u00e9 Nunes Filho, e representantes do Centro de Sele\u00e7\u00e3o e de Promo\u00e7\u00e3o de Eventos (Cespe).<\/span><\/p>\n<p style=\"text-align: justify;\"><span style=\"color: #000000;\">No encontro foi discutida a viabilidade da escolha da banca organizadora do concurso, que contar\u00e1 com 950 vagas. Isso deixa o Cespe como principal candidato a se responsabilizar pela organiza\u00e7\u00e3o do certame bem como aplica\u00e7\u00e3o de provas.<\/span><\/p>\n<p style=\"text-align: justify;\"><span style=\"color: #000000;\">A assessoria do INSS confirmou tal encontro, mas n\u00e3o afirmou a escolha do Cespe, pelo menos at\u00e9 o momento. N\u00e3o se sabe tamb\u00e9m se o INSS realizou reuni\u00f5es com outras organizadoras.<\/span><\/p>\n<p style=\"text-align: justify;\"><span style=\"color: #000000;\">Atrav\u00e9s de nota o INSS diz que \u201ca informa\u00e7\u00e3o que est\u00e1 na agenda de autoridades procede, assim como os demais encontros e reuni\u00f5es que constaram nela. Com rela\u00e7\u00e3o \u00e0 banca respons\u00e1vel por conduzir o concurso, o INSS responde que, todo o processo segue em fase de planejamento e estudos&#8221;.<\/span><\/p>\n<p style=\"text-align: justify;\"><span style=\"color: #000000;\">Como h\u00e1 pressa no lan\u00e7amento do concurso, h\u00e1 expectativa que a escolha da organizadora ocorra, por meio de licita\u00e7\u00e3o, nos pr\u00f3ximos dias. Portanto, os concurseiros que aguardam, especialmente por esse certame, devem ficar atentos e intensificarem seus estudos.<\/span><\/p>\n<p style=\"text-align: justify;\"><span style=\"color: #000000;\">Em 29 de junho, quando a autoriza\u00e7\u00e3o foi publicada, o instituto informou que, logo fossem divididas as vagas e elaborado o projeto b\u00e1sico, faria a escolha da organizadora, o que leva a crer que tais etapas j\u00e1 foram ent\u00e3o realizadas, mesmo que apenas internamente.<\/span><\/p>\n<p style=\"text-align: justify;\"><span style=\"color: #000000;\">A portaria de autoriza\u00e7\u00e3o d\u00e1 at\u00e9 o dia 29 de dezembro deste ano para que o INSS divulgue o edital, mas tudo indica que o prazo ser\u00e1 encurtado. H\u00e1 um cronograma interno no INSS, que estipula que, das 950 vagas, 800 ser\u00e3o para t\u00e9cnico, que exige n\u00edvel m\u00e9dio e tem remunera\u00e7\u00e3o inicial de at\u00e9 R$5.259,87 e 150 para analista do seguro social, onde \u00e9 exigida gradua\u00e7\u00e3o em Servi\u00e7o Social e a remunera\u00e7\u00e3o inicial \u00e9 de at\u00e9 R$7.869,09.<\/span><\/p>\n<p style=\"text-align: justify;\"><span style=\"color: #000000;\">Logo que ingressa no instituto, o t\u00e9cnico tem remunera\u00e7\u00e3o de R$4.614,87, que, ap\u00f3s seis meses de trabalho, pode passar para at\u00e9 R$5.259,87. J\u00e1 os analistas ingressam recebendo remunera\u00e7\u00e3o de R$6.832,89, que, depois de seis meses, pode subir para at\u00e9 R$7.869,09. O regime \u00e9 o estatut\u00e1rio, com estabilidade.<\/span><\/p>\n<p style=\"text-align: justify;\"><span style=\"color: #000000;\">FONTE: Com informa\u00e7\u00f5es da Folha Dirigida<\/span><\/p>\n<p><span style=\"color: #000000;\"><strong>O Estrat\u00e9gia Concursos j\u00e1 lan\u00e7ou cursos para este concurso. Confira em:<\/strong><\/span><\/p>\n<p>T\u00e9cnico:&nbsp;<a href=\"https:\/\/www.estrategiaconcursos.com.br\/cursosPorConcurso\/inss-tecnico-do-seguro-social-101\/\">https:\/\/www.estrategiaconcursos.com.br\/cursosPorConcurso\/inss-tecnico-do-seguro-social-101\/<\/a><\/p>\n<p>Analista:&nbsp;<a href=\"https:\/\/www.estrategiaconcursos.com.br\/cursosPorConcurso\/inss-analista-do-seguro-social-servico-social-391\/\">https:\/\/www.estrategiaconcursos.com.br\/cursosPorConcurso\/inss-analista-do-seguro-social-servico-social-391\/<\/a><\/p>\n<p><em><strong>Confira nosso Guia &nbsp;\u00c9pico de Estudo&nbsp;&nbsp;Para o Concurso do INSS:<\/strong><\/em><\/p>\n<p><a href=\"https:\/\/www.estrategiaconcursos.com.br\/guia-concurso-inss\" target=\"_blank\" rel=\"noopener noreferrer\">https:\/\/www.estrategiaconcursos.com.br\/guia-concurso-inss&nbsp;<\/a><\/p>\n<p>Assessoria de Comunica\u00e7\u00e3o<\/p>\n<p>comunicacao@estrategiaconcursos.com.br<\/p>\n","protected":false},"excerpt":{"rendered":"<p>\u00c9 grande a expectativa para a realiza\u00e7\u00e3o do concurso do INSS. Isso porque no&nbsp;in\u00edcio deste m\u00eas,&nbsp;foi realizada uma reuni\u00e3o entre o diretor de Gest\u00e3o de Pessoas do Instituto Nacional do Seguro Social (INSS), Jos\u00e9 Nunes Filho, e representantes do Centro de Sele\u00e7\u00e3o e de Promo\u00e7\u00e3o de Eventos (Cespe). No encontro foi discutida a viabilidade da [&hellip;]<\/p>\n","protected":false},"author":1,"featured_media":0,"comment_status":"open","ping_status":"open","sticky":false,"template":"","format":"standard","meta":{"post_tipo":"news","footnotes":""},"categories":[1],"tags":[48,18],"tax_estado":[],"class_list":["post-25467","post","type-post","status-publish","format-standard","hentry","category-cursos-e-concursos","tag-edital","tag-inss"],"acf":[],"yoast_head":"<!-- This site is optimized with the Yoast SEO Premium plugin v27.2 (Yoast SEO v27.2) - https:\/\/yoast.com\/product\/yoast-seo-premium-wordpress\/ -->\n<title>Concurso INSS: Planejamento do pr\u00f3ximo certame.<\/title>\n<meta name=\"description\" content=\"Na \u00faltima semana foi realizada uma reuni\u00e3o entre o diretor de Gest\u00e3o de Pessoas do INSS e representantes do Cespe. Saiba mais!\" \/>\n<meta name=\"robots\" content=\"index, follow, max-snippet:-1, max-image-preview:large, max-video-preview:-1\" \/>\n<link rel=\"canonical\" href=\"https:\/\/www.estrategiaconcursos.com.br\/blog\/concurso-inss-autarquia-ja-se-reuniu-com-cespe-para-planejamento-do-proximo-certame-saiba-mais\/\" \/>\n<meta property=\"og:locale\" content=\"pt_BR\" \/>\n<meta property=\"og:type\" content=\"article\" \/>\n<meta property=\"og:title\" content=\"Concurso INSS: Autarquia j\u00e1 se reuniu com Cespe para planejamento do pr\u00f3ximo certame. Saiba mais!\" \/>\n<meta property=\"og:description\" content=\"Na \u00faltima semana foi realizada uma reuni\u00e3o entre o diretor de Gest\u00e3o de Pessoas do INSS e representantes do Cespe. Saiba mais!\" \/>\n<meta property=\"og:url\" content=\"https:\/\/www.estrategiaconcursos.com.br\/blog\/concurso-inss-autarquia-ja-se-reuniu-com-cespe-para-planejamento-do-proximo-certame-saiba-mais\/\" \/>\n<meta property=\"og:site_name\" content=\"Estrat\u00e9gia Concursos\" \/>\n<meta property=\"article:author\" content=\"https:\/\/www.facebook.com\/EstrategiaConcursos\" \/>\n<meta property=\"article:published_time\" content=\"2015-08-27T11:00:02+00:00\" \/>\n<meta property=\"article:modified_time\" content=\"2020-07-31T15:35:22+00:00\" \/>\n<meta property=\"og:image\" content=\"https:\/\/www.estrategiaconcursos.com.br\/blog\/wp-content\/uploads\/2015\/05\/concurso-INSS1-300x195.jpg\" \/>\n<meta name=\"author\" content=\"Coordena\u00e7\u00e3o\" \/>\n<meta name=\"twitter:card\" content=\"summary_large_image\" \/>\n<meta name=\"twitter:creator\" content=\"@EstratConcursos\" \/>\n<meta name=\"twitter:site\" content=\"@EstratConcursos\" \/>\n<meta name=\"twitter:label1\" content=\"Escrito por\" \/>\n\t<meta name=\"twitter:data1\" content=\"Coordena\u00e7\u00e3o\" \/>\n\t<meta name=\"twitter:label2\" content=\"Est. tempo de leitura\" \/>\n\t<meta name=\"twitter:data2\" content=\"2 minutos\" \/>\n<script type=\"application\/ld+json\" class=\"yoast-schema-graph\">{\"@context\":\"https:\/\/schema.org\",\"@graph\":[{\"@type\":\"NewsArticle\",\"@id\":\"https:\/\/www.estrategiaconcursos.com.br\/blog\/concurso-inss-autarquia-ja-se-reuniu-com-cespe-para-planejamento-do-proximo-certame-saiba-mais\/#article\",\"isPartOf\":{\"@id\":\"https:\/\/www.estrategiaconcursos.com.br\/blog\/concurso-inss-autarquia-ja-se-reuniu-com-cespe-para-planejamento-do-proximo-certame-saiba-mais\/\"},\"author\":{\"name\":\"Coordena\u00e7\u00e3o\",\"@id\":\"https:\/\/www.estrategiaconcursos.com.br\/blog\/#\/schema\/person\/b4a388c97673c5f483d72185668afa1f\"},\"headline\":\"Concurso INSS: Autarquia j\u00e1 se reuniu com Cespe para planejamento do pr\u00f3ximo certame. Saiba mais!\",\"datePublished\":\"2015-08-27T11:00:02+00:00\",\"dateModified\":\"2020-07-31T15:35:22+00:00\",\"mainEntityOfPage\":{\"@id\":\"https:\/\/www.estrategiaconcursos.com.br\/blog\/concurso-inss-autarquia-ja-se-reuniu-com-cespe-para-planejamento-do-proximo-certame-saiba-mais\/\"},\"wordCount\":486,\"commentCount\":1,\"publisher\":{\"@id\":\"https:\/\/www.estrategiaconcursos.com.br\/blog\/#organization\"},\"image\":{\"@id\":\"https:\/\/www.estrategiaconcursos.com.br\/blog\/concurso-inss-autarquia-ja-se-reuniu-com-cespe-para-planejamento-do-proximo-certame-saiba-mais\/#primaryimage\"},\"thumbnailUrl\":\"https:\/\/www.estrategiaconcursos.com.br\/blog\/wp-content\/uploads\/2015\/05\/concurso-INSS1-300x195.jpg\",\"keywords\":[\"edital\",\"INSS\"],\"articleSection\":[\"Concursos P\u00fablicos\"],\"inLanguage\":\"pt-BR\",\"potentialAction\":[{\"@type\":\"CommentAction\",\"name\":\"Comment\",\"target\":[\"https:\/\/www.estrategiaconcursos.com.br\/blog\/concurso-inss-autarquia-ja-se-reuniu-com-cespe-para-planejamento-do-proximo-certame-saiba-mais\/#respond\"]}],\"copyrightYear\":\"2015\",\"copyrightHolder\":{\"@id\":\"https:\/\/www.estrategiaconcursos.com.br\/blog\/#organization\"}},{\"@type\":\"WebPage\",\"@id\":\"https:\/\/www.estrategiaconcursos.com.br\/blog\/concurso-inss-autarquia-ja-se-reuniu-com-cespe-para-planejamento-do-proximo-certame-saiba-mais\/\",\"url\":\"https:\/\/www.estrategiaconcursos.com.br\/blog\/concurso-inss-autarquia-ja-se-reuniu-com-cespe-para-planejamento-do-proximo-certame-saiba-mais\/\",\"name\":\"Concurso INSS: Planejamento do pr\u00f3ximo certame.\",\"isPartOf\":{\"@id\":\"https:\/\/www.estrategiaconcursos.com.br\/blog\/#website\"},\"primaryImageOfPage\":{\"@id\":\"https:\/\/www.estrategiaconcursos.com.br\/blog\/concurso-inss-autarquia-ja-se-reuniu-com-cespe-para-planejamento-do-proximo-certame-saiba-mais\/#primaryimage\"},\"image\":{\"@id\":\"https:\/\/www.estrategiaconcursos.com.br\/blog\/concurso-inss-autarquia-ja-se-reuniu-com-cespe-para-planejamento-do-proximo-certame-saiba-mais\/#primaryimage\"},\"thumbnailUrl\":\"https:\/\/www.estrategiaconcursos.com.br\/blog\/wp-content\/uploads\/2015\/05\/concurso-INSS1-300x195.jpg\",\"datePublished\":\"2015-08-27T11:00:02+00:00\",\"dateModified\":\"2020-07-31T15:35:22+00:00\",\"description\":\"Na \u00faltima semana foi realizada uma reuni\u00e3o entre o diretor de Gest\u00e3o de Pessoas do INSS e representantes do Cespe. Saiba mais!\",\"breadcrumb\":{\"@id\":\"https:\/\/www.estrategiaconcursos.com.br\/blog\/concurso-inss-autarquia-ja-se-reuniu-com-cespe-para-planejamento-do-proximo-certame-saiba-mais\/#breadcrumb\"},\"inLanguage\":\"pt-BR\",\"potentialAction\":[{\"@type\":\"ReadAction\",\"target\":[\"https:\/\/www.estrategiaconcursos.com.br\/blog\/concurso-inss-autarquia-ja-se-reuniu-com-cespe-para-planejamento-do-proximo-certame-saiba-mais\/\"]}]},{\"@type\":\"ImageObject\",\"inLanguage\":\"pt-BR\",\"@id\":\"https:\/\/www.estrategiaconcursos.com.br\/blog\/concurso-inss-autarquia-ja-se-reuniu-com-cespe-para-planejamento-do-proximo-certame-saiba-mais\/#primaryimage\",\"url\":\"https:\/\/dhg1h5j42swfq.cloudfront.net\/2015\/05\/concurso-INSS1.jpg\",\"contentUrl\":\"https:\/\/dhg1h5j42swfq.cloudfront.net\/2015\/05\/concurso-INSS1.jpg\",\"width\":450,\"height\":293},{\"@type\":\"BreadcrumbList\",\"@id\":\"https:\/\/www.estrategiaconcursos.com.br\/blog\/concurso-inss-autarquia-ja-se-reuniu-com-cespe-para-planejamento-do-proximo-certame-saiba-mais\/#breadcrumb\",\"itemListElement\":[{\"@type\":\"ListItem\",\"position\":1,\"name\":\"In\u00edcio\",\"item\":\"https:\/\/www.estrategiaconcursos.com.br\/blog\/\"},{\"@type\":\"ListItem\",\"position\":2,\"name\":\"Concurso INSS: Autarquia j\u00e1 se reuniu com Cespe para planejamento do pr\u00f3ximo certame. Saiba mais!\"}]},{\"@type\":\"WebSite\",\"@id\":\"https:\/\/www.estrategiaconcursos.com.br\/blog\/#website\",\"url\":\"https:\/\/www.estrategiaconcursos.com.br\/blog\/\",\"name\":\"Estrat\u00e9gia Concursos\",\"description\":\"O blog da Estrat\u00e9gia Concursos traz not\u00edcias sobre concursos e artigos de professores oferecendo cursos para concursos (pdf + videaulas) no site.\",\"publisher\":{\"@id\":\"https:\/\/www.estrategiaconcursos.com.br\/blog\/#organization\"},\"potentialAction\":[{\"@type\":\"SearchAction\",\"target\":{\"@type\":\"EntryPoint\",\"urlTemplate\":\"https:\/\/www.estrategiaconcursos.com.br\/blog\/?s={search_term_string}\"},\"query-input\":{\"@type\":\"PropertyValueSpecification\",\"valueRequired\":true,\"valueName\":\"search_term_string\"}}],\"inLanguage\":\"pt-BR\"},{\"@type\":\"Organization\",\"@id\":\"https:\/\/www.estrategiaconcursos.com.br\/blog\/#organization\",\"name\":\"Estrat\u00e9gia Concursos\",\"url\":\"https:\/\/www.estrategiaconcursos.com.br\/blog\/\",\"logo\":{\"@type\":\"ImageObject\",\"inLanguage\":\"pt-BR\",\"@id\":\"https:\/\/www.estrategiaconcursos.com.br\/blog\/#\/schema\/logo\/image\/\",\"url\":\"https:\/\/dhg1h5j42swfq.cloudfront.net\/2025\/06\/03203428\/logo_concursos-1.jpg\",\"contentUrl\":\"https:\/\/dhg1h5j42swfq.cloudfront.net\/2025\/06\/03203428\/logo_concursos-1.jpg\",\"width\":230,\"height\":60,\"caption\":\"Estrat\u00e9gia Concursos\"},\"image\":{\"@id\":\"https:\/\/www.estrategiaconcursos.com.br\/blog\/#\/schema\/logo\/image\/\"},\"sameAs\":[\"https:\/\/x.com\/EstratConcursos\"]},{\"@type\":\"Person\",\"@id\":\"https:\/\/www.estrategiaconcursos.com.br\/blog\/#\/schema\/person\/b4a388c97673c5f483d72185668afa1f\",\"name\":\"Coordena\u00e7\u00e3o\",\"image\":{\"@type\":\"ImageObject\",\"inLanguage\":\"pt-BR\",\"@id\":\"https:\/\/secure.gravatar.com\/avatar\/b720319e4c9a967eb58678d110f4fe35452fc5d5f97b202bac7b8acceb18c6ad?s=96&d=mm&r=g\",\"url\":\"https:\/\/secure.gravatar.com\/avatar\/b720319e4c9a967eb58678d110f4fe35452fc5d5f97b202bac7b8acceb18c6ad?s=96&d=mm&r=g\",\"contentUrl\":\"https:\/\/secure.gravatar.com\/avatar\/b720319e4c9a967eb58678d110f4fe35452fc5d5f97b202bac7b8acceb18c6ad?s=96&d=mm&r=g\",\"caption\":\"Coordena\u00e7\u00e3o\"},\"sameAs\":[\"https:\/\/www.facebook.com\/EstrategiaConcursos\",\"https:\/\/x.com\/EstratConcursos\"],\"url\":\"https:\/\/www.estrategiaconcursos.com.br\/blog\/author\/estrategia2013\/\"}]}<\/script>\n<!-- \/ Yoast SEO Premium plugin. -->","yoast_head_json":{"title":"Concurso INSS: Planejamento do pr\u00f3ximo certame.","description":"Na \u00faltima semana foi realizada uma reuni\u00e3o entre o diretor de Gest\u00e3o de Pessoas do INSS e representantes do Cespe. Saiba mais!","robots":{"index":"index","follow":"follow","max-snippet":"max-snippet:-1","max-image-preview":"max-image-preview:large","max-video-preview":"max-video-preview:-1"},"canonical":"https:\/\/www.estrategiaconcursos.com.br\/blog\/concurso-inss-autarquia-ja-se-reuniu-com-cespe-para-planejamento-do-proximo-certame-saiba-mais\/","og_locale":"pt_BR","og_type":"article","og_title":"Concurso INSS: Autarquia j\u00e1 se reuniu com Cespe para planejamento do pr\u00f3ximo certame. Saiba mais!","og_description":"Na \u00faltima semana foi realizada uma reuni\u00e3o entre o diretor de Gest\u00e3o de Pessoas do INSS e representantes do Cespe. Saiba mais!","og_url":"https:\/\/www.estrategiaconcursos.com.br\/blog\/concurso-inss-autarquia-ja-se-reuniu-com-cespe-para-planejamento-do-proximo-certame-saiba-mais\/","og_site_name":"Estrat\u00e9gia Concursos","article_author":"https:\/\/www.facebook.com\/EstrategiaConcursos","article_published_time":"2015-08-27T11:00:02+00:00","article_modified_time":"2020-07-31T15:35:22+00:00","og_image":[{"url":"https:\/\/www.estrategiaconcursos.com.br\/blog\/wp-content\/uploads\/2015\/05\/concurso-INSS1-300x195.jpg","type":"","width":"","height":""}],"author":"Coordena\u00e7\u00e3o","twitter_card":"summary_large_image","twitter_creator":"@EstratConcursos","twitter_site":"@EstratConcursos","twitter_misc":{"Escrito por":"Coordena\u00e7\u00e3o","Est. tempo de leitura":"2 minutos"},"schema":{"@context":"https:\/\/schema.org","@graph":[{"@type":"NewsArticle","@id":"https:\/\/www.estrategiaconcursos.com.br\/blog\/concurso-inss-autarquia-ja-se-reuniu-com-cespe-para-planejamento-do-proximo-certame-saiba-mais\/#article","isPartOf":{"@id":"https:\/\/www.estrategiaconcursos.com.br\/blog\/concurso-inss-autarquia-ja-se-reuniu-com-cespe-para-planejamento-do-proximo-certame-saiba-mais\/"},"author":{"name":"Coordena\u00e7\u00e3o","@id":"https:\/\/www.estrategiaconcursos.com.br\/blog\/#\/schema\/person\/b4a388c97673c5f483d72185668afa1f"},"headline":"Concurso INSS: Autarquia j\u00e1 se reuniu com Cespe para planejamento do pr\u00f3ximo certame. Saiba mais!","datePublished":"2015-08-27T11:00:02+00:00","dateModified":"2020-07-31T15:35:22+00:00","mainEntityOfPage":{"@id":"https:\/\/www.estrategiaconcursos.com.br\/blog\/concurso-inss-autarquia-ja-se-reuniu-com-cespe-para-planejamento-do-proximo-certame-saiba-mais\/"},"wordCount":486,"commentCount":1,"publisher":{"@id":"https:\/\/www.estrategiaconcursos.com.br\/blog\/#organization"},"image":{"@id":"https:\/\/www.estrategiaconcursos.com.br\/blog\/concurso-inss-autarquia-ja-se-reuniu-com-cespe-para-planejamento-do-proximo-certame-saiba-mais\/#primaryimage"},"thumbnailUrl":"https:\/\/www.estrategiaconcursos.com.br\/blog\/wp-content\/uploads\/2015\/05\/concurso-INSS1-300x195.jpg","keywords":["edital","INSS"],"articleSection":["Concursos P\u00fablicos"],"inLanguage":"pt-BR","potentialAction":[{"@type":"CommentAction","name":"Comment","target":["https:\/\/www.estrategiaconcursos.com.br\/blog\/concurso-inss-autarquia-ja-se-reuniu-com-cespe-para-planejamento-do-proximo-certame-saiba-mais\/#respond"]}],"copyrightYear":"2015","copyrightHolder":{"@id":"https:\/\/www.estrategiaconcursos.com.br\/blog\/#organization"}},{"@type":"WebPage","@id":"https:\/\/www.estrategiaconcursos.com.br\/blog\/concurso-inss-autarquia-ja-se-reuniu-com-cespe-para-planejamento-do-proximo-certame-saiba-mais\/","url":"https:\/\/www.estrategiaconcursos.com.br\/blog\/concurso-inss-autarquia-ja-se-reuniu-com-cespe-para-planejamento-do-proximo-certame-saiba-mais\/","name":"Concurso INSS: Planejamento do pr\u00f3ximo certame.","isPartOf":{"@id":"https:\/\/www.estrategiaconcursos.com.br\/blog\/#website"},"primaryImageOfPage":{"@id":"https:\/\/www.estrategiaconcursos.com.br\/blog\/concurso-inss-autarquia-ja-se-reuniu-com-cespe-para-planejamento-do-proximo-certame-saiba-mais\/#primaryimage"},"image":{"@id":"https:\/\/www.estrategiaconcursos.com.br\/blog\/concurso-inss-autarquia-ja-se-reuniu-com-cespe-para-planejamento-do-proximo-certame-saiba-mais\/#primaryimage"},"thumbnailUrl":"https:\/\/www.estrategiaconcursos.com.br\/blog\/wp-content\/uploads\/2015\/05\/concurso-INSS1-300x195.jpg","datePublished":"2015-08-27T11:00:02+00:00","dateModified":"2020-07-31T15:35:22+00:00","description":"Na \u00faltima semana foi realizada uma reuni\u00e3o entre o diretor de Gest\u00e3o de Pessoas do INSS e representantes do Cespe. Saiba mais!","breadcrumb":{"@id":"https:\/\/www.estrategiaconcursos.com.br\/blog\/concurso-inss-autarquia-ja-se-reuniu-com-cespe-para-planejamento-do-proximo-certame-saiba-mais\/#breadcrumb"},"inLanguage":"pt-BR","potentialAction":[{"@type":"ReadAction","target":["https:\/\/www.estrategiaconcursos.com.br\/blog\/concurso-inss-autarquia-ja-se-reuniu-com-cespe-para-planejamento-do-proximo-certame-saiba-mais\/"]}]},{"@type":"ImageObject","inLanguage":"pt-BR","@id":"https:\/\/www.estrategiaconcursos.com.br\/blog\/concurso-inss-autarquia-ja-se-reuniu-com-cespe-para-planejamento-do-proximo-certame-saiba-mais\/#primaryimage","url":"https:\/\/dhg1h5j42swfq.cloudfront.net\/2015\/05\/concurso-INSS1.jpg","contentUrl":"https:\/\/dhg1h5j42swfq.cloudfront.net\/2015\/05\/concurso-INSS1.jpg","width":450,"height":293},{"@type":"BreadcrumbList","@id":"https:\/\/www.estrategiaconcursos.com.br\/blog\/concurso-inss-autarquia-ja-se-reuniu-com-cespe-para-planejamento-do-proximo-certame-saiba-mais\/#breadcrumb","itemListElement":[{"@type":"ListItem","position":1,"name":"In\u00edcio","item":"https:\/\/www.estrategiaconcursos.com.br\/blog\/"},{"@type":"ListItem","position":2,"name":"Concurso INSS: Autarquia j\u00e1 se reuniu com Cespe para planejamento do pr\u00f3ximo certame. Saiba mais!"}]},{"@type":"WebSite","@id":"https:\/\/www.estrategiaconcursos.com.br\/blog\/#website","url":"https:\/\/www.estrategiaconcursos.com.br\/blog\/","name":"Estrat\u00e9gia Concursos","description":"O blog da Estrat\u00e9gia Concursos traz not\u00edcias sobre concursos e artigos de professores oferecendo cursos para concursos (pdf + videaulas) no site.","publisher":{"@id":"https:\/\/www.estrategiaconcursos.com.br\/blog\/#organization"},"potentialAction":[{"@type":"SearchAction","target":{"@type":"EntryPoint","urlTemplate":"https:\/\/www.estrategiaconcursos.com.br\/blog\/?s={search_term_string}"},"query-input":{"@type":"PropertyValueSpecification","valueRequired":true,"valueName":"search_term_string"}}],"inLanguage":"pt-BR"},{"@type":"Organization","@id":"https:\/\/www.estrategiaconcursos.com.br\/blog\/#organization","name":"Estrat\u00e9gia Concursos","url":"https:\/\/www.estrategiaconcursos.com.br\/blog\/","logo":{"@type":"ImageObject","inLanguage":"pt-BR","@id":"https:\/\/www.estrategiaconcursos.com.br\/blog\/#\/schema\/logo\/image\/","url":"https:\/\/dhg1h5j42swfq.cloudfront.net\/2025\/06\/03203428\/logo_concursos-1.jpg","contentUrl":"https:\/\/dhg1h5j42swfq.cloudfront.net\/2025\/06\/03203428\/logo_concursos-1.jpg","width":230,"height":60,"caption":"Estrat\u00e9gia Concursos"},"image":{"@id":"https:\/\/www.estrategiaconcursos.com.br\/blog\/#\/schema\/logo\/image\/"},"sameAs":["https:\/\/x.com\/EstratConcursos"]},{"@type":"Person","@id":"https:\/\/www.estrategiaconcursos.com.br\/blog\/#\/schema\/person\/b4a388c97673c5f483d72185668afa1f","name":"Coordena\u00e7\u00e3o","image":{"@type":"ImageObject","inLanguage":"pt-BR","@id":"https:\/\/secure.gravatar.com\/avatar\/b720319e4c9a967eb58678d110f4fe35452fc5d5f97b202bac7b8acceb18c6ad?s=96&d=mm&r=g","url":"https:\/\/secure.gravatar.com\/avatar\/b720319e4c9a967eb58678d110f4fe35452fc5d5f97b202bac7b8acceb18c6ad?s=96&d=mm&r=g","contentUrl":"https:\/\/secure.gravatar.com\/avatar\/b720319e4c9a967eb58678d110f4fe35452fc5d5f97b202bac7b8acceb18c6ad?s=96&d=mm&r=g","caption":"Coordena\u00e7\u00e3o"},"sameAs":["https:\/\/www.facebook.com\/EstrategiaConcursos","https:\/\/x.com\/EstratConcursos"],"url":"https:\/\/www.estrategiaconcursos.com.br\/blog\/author\/estrategia2013\/"}]}},"_links":{"self":[{"href":"https:\/\/www.estrategiaconcursos.com.br\/blog\/wp-json\/wp\/v2\/posts\/25467","targetHints":{"allow":["GET"]}}],"collection":[{"href":"https:\/\/www.estrategiaconcursos.com.br\/blog\/wp-json\/wp\/v2\/posts"}],"about":[{"href":"https:\/\/www.estrategiaconcursos.com.br\/blog\/wp-json\/wp\/v2\/types\/post"}],"author":[{"embeddable":true,"href":"https:\/\/www.estrategiaconcursos.com.br\/blog\/wp-json\/wp\/v2\/users\/1"}],"replies":[{"embeddable":true,"href":"https:\/\/www.estrategiaconcursos.com.br\/blog\/wp-json\/wp\/v2\/comments?post=25467"}],"version-history":[{"count":7,"href":"https:\/\/www.estrategiaconcursos.com.br\/blog\/wp-json\/wp\/v2\/posts\/25467\/revisions"}],"predecessor-version":[{"id":549701,"href":"https:\/\/www.estrategiaconcursos.com.br\/blog\/wp-json\/wp\/v2\/posts\/25467\/revisions\/549701"}],"wp:attachment":[{"href":"https:\/\/www.estrategiaconcursos.com.br\/blog\/wp-json\/wp\/v2\/media?parent=25467"}],"wp:term":[{"taxonomy":"category","embeddable":true,"href":"https:\/\/www.estrategiaconcursos.com.br\/blog\/wp-json\/wp\/v2\/categories?post=25467"},{"taxonomy":"post_tag","embeddable":true,"href":"https:\/\/www.estrategiaconcursos.com.br\/blog\/wp-json\/wp\/v2\/tags?post=25467"},{"taxonomy":"tax_estado","embeddable":true,"href":"https:\/\/www.estrategiaconcursos.com.br\/blog\/wp-json\/wp\/v2\/tax_estado?post=25467"}],"curies":[{"name":"wp","href":"https:\/\/api.w.org\/{rel}","templated":true}]}}