{"id":254291,"date":"2019-04-15T00:41:45","date_gmt":"2019-04-15T03:41:45","guid":{"rendered":"https:\/\/www.estrategiaconcursos.com.br\/blog\/?p=254291"},"modified":"2019-04-15T21:20:36","modified_gmt":"2019-04-16T00:20:36","slug":"gabarito-extraoficial-dpe-rj-tecnico-superior-especializado-direito-constitucional","status":"publish","type":"post","link":"https:\/\/www.estrategiaconcursos.com.br\/blog\/gabarito-extraoficial-dpe-rj-tecnico-superior-especializado-direito-constitucional\/","title":{"rendered":"Gabarito Extraoficial DPE RJ (T\u00e9cnico N\u00edvel M\u00e9dio) &#8211; Direito Constitucional"},"content":{"rendered":"\n<h4 class=\"wp-block-heading\">Neste artigo, voc\u00ea poder\u00e1 conferir o Gabarito Extraoficial DPE-RJ (T\u00e9cnico N\u00edvel M\u00e9dio) de Direito Constitucional<\/h4>\n\n\n\n<p>Ol\u00e1, pessoal!<\/p>\n\n\n\n<p>Neste artigo, comentaremos a prova de Direito Constitucional da DPE-RJ (T\u00e9cnico N\u00edvel M\u00e9dio). No total, foram dez quest\u00f5es da nossa mat\u00e9ria.<\/p>\n\n\n\n<p>Vamos l\u00e1?<\/p>\n\n\n\n<p>Abra\u00e7os,<\/p>\n\n\n\n<p>N\u00e1dia<\/p>\n\n\n\n<p>\u2026\u2026\u2026\u2026\u2026\u2026\u2026\u2026\u2026\u2026\u2026\u2026\u2026\u2026\u2026\u2026\u2026\u2026\u2026\u2026\u2026\u2026\u2026\u2026\u2026\u2026\u2026\u2026\u2026\u2026\u2026\u2026\u2026\u2026\u2026\u2026\u2026\u2026..<\/p>\n\n\n\n<p><strong>41. (FGV\/ DPE-RJ \u2013 2019) Ant\u00f4nio, pessoa hipossuficiente no plano econ\u00f4mico e morador de uma \u00e1rea carente do Estado, procurou a Defensoria P\u00fablica e solicitou que fosse ajuizada uma a\u00e7\u00e3o judicial para obrigar o Poder P\u00fablico a lhe fornecer certo medicamento indispens\u00e1vel \u00e0 sua sobreviv\u00eancia.<\/strong><\/p>\n\n\n\n<p><strong>\u00c0 luz da sistem\u00e1tica\nconstitucional, a a\u00e7\u00e3o ajuizada buscar\u00e1 tutelar:<\/strong><\/p>\n\n\n\n<p>a) um direito social;<\/p>\n\n\n\n<p>b) um direito coletivo;<\/p>\n\n\n\n<p>c) uma garantia coletiva;<\/p>\n\n\n\n<p>d) uma garantia individual;<\/p>\n\n\n\n<p>e) uma liberdade individual.<\/p>\n\n\n\n<p><strong>Coment\u00e1rios:<\/strong><\/p>\n\n\n\n<p>A a\u00e7\u00e3o judicial solicitada por Diogo tem como objetivo tutelar seu\ndireito \u00e0 sa\u00fade, que \u00e9 um direito social (art. 6\u00ba, CF). O gabarito \u00e9 a letra A.<\/p>\n\n\n\n<p><strong>42. (FGV\/ DPE-RJ \u2013 2019) Jo\u00e3o\nrequereu a matr\u00edcula do seu filho de dez anos em determinada escola p\u00fablica, o\nque foi indeferido pelo respectivo diretor, por escrito, de modo arbitr\u00e1rio,\nilegal e sem qualquer fundamenta\u00e7\u00e3o.<\/strong><\/p>\n\n\n\n<p><strong>Considerando a sistem\u00e1tica\nconstitucional, o instrumento constitucional pass\u00edvel de ser utilizado para se\nobter a matr\u00edcula do filho de Jo\u00e3o, que teve o seu direito l\u00edquido e certo \u00e0\neduca\u00e7\u00e3o violado, \u00e9:<\/strong><\/p>\n\n\n\n<p>a) o \u201chabeas data\u201d;<\/p>\n\n\n\n<p>b) o \u201chabeas corpus\u201d;<\/p>\n\n\n\n<p>c) o mandado de injun\u00e7\u00e3o;<\/p>\n\n\n\n<p>d) o mandado de seguran\u00e7a;<\/p>\n\n\n\n<p>e) a reclama\u00e7\u00e3o constitucional.<\/p>\n\n\n\n<p><strong>Coment\u00e1rios:<\/strong><\/p>\n\n\n\n<p>O instrumento constitucional adequado para proteger o direito\nl\u00edquido e certo de obten\u00e7\u00e3o da matr\u00edcula do filho de Jo\u00e3o em escola p\u00fablica \u00e9 o\nmandado de seguran\u00e7a. Segundo o inciso LXIX do art. 5\u00ba da Constitui\u00e7\u00e3o, \u201cconceder-se-\u00e1 mandado de seguran\u00e7a para <strong><em>proteger\ndireito l\u00edquido e certo<\/em><\/strong>, n\u00e3o amparado por&nbsp;<em>habeas corpus<\/em>&nbsp;ou&nbsp;<em>habeas\ndata<\/em>, <strong><em>quando o respons\u00e1vel pela ilegalidade ou abuso de poder for autoridade\np\u00fablica<\/em><\/strong> ou agente de pessoa jur\u00eddica no exerc\u00edcio de atribui\u00e7\u00f5es do\nPoder P\u00fablico\u201d. O gabarito \u00e9 a letra D.<\/p>\n\n\n\n<p><strong>43. (FGV\/ DPE-RJ \u2013 2019) Clara,\npessoa economicamente hipossuficiente, perguntou a um parente, com forma\u00e7\u00e3o\njur\u00eddica, se poderia procurar a Defensoria P\u00fablica para obter orienta\u00e7\u00f5es sobre\ncomo deveria proceder para vender a casa em que morava.<\/strong><\/p>\n\n\n\n<p><strong>O referido parente informou\ncorretamente que a Defensoria P\u00fablica:<\/strong><\/p>\n\n\n\n<p>a) n\u00e3o atenderia Clara, pois n\u00e3o existe uma a\u00e7\u00e3o\njudicial em curso;<\/p>\n\n\n\n<p>b) somente atenderia Clara se fosse paga a taxa\nde consulta jur\u00eddica;<\/p>\n\n\n\n<p>c) n\u00e3o atenderia Clara, pois a atua\u00e7\u00e3o no plano\nextrajudicial restringe-se \u00e0 defesa dos direitos humanos;<\/p>\n\n\n\n<p>d) atenderia Clara, pois sua atua\u00e7\u00e3o, de modo\ngratuito, estende-se ao plano judicial e ao extrajudicial;<\/p>\n\n\n\n<p>e) teria liberdade para decidir se atenderia, ou\nn\u00e3o, Clara, por se tratar de atua\u00e7\u00e3o extrajudicial.<\/p>\n\n\n\n<p><strong>Coment\u00e1rios:<\/strong><\/p>\n\n\n\n<p>A Defensoria P\u00fablica \u00e9 institui\u00e7\u00e3o permanente,\nessencial \u00e0 fun\u00e7\u00e3o jurisdicional do Estado, incumbindo-lhe, como express\u00e3o e\ninstrumento do regime democr\u00e1tico, fundamentalmente, a <strong><em>orienta\u00e7\u00e3o jur\u00eddica<\/em><\/strong>, a\npromo\u00e7\u00e3o dos direitos humanos e a defesa, em todos os graus, <strong><em>judicial\nou extrajudicial<\/em><\/strong>, dos <strong><em>direitos individuais e coletivos<\/em><\/strong>, <strong><em>de\nforma integral e gratuita<\/em><\/strong>, aos <strong><em>necessitados<\/em><\/strong>, na forma do art. 5\u00ba,\nLXXIV, CF\/88. Por isso, poder\u00e1 orientar Clara de modo gratuito, mesmo n\u00e3o\nhavendo uma a\u00e7\u00e3o judicial em curso. O gabarito \u00e9 a letra D.<\/p>\n\n\n\n<p><strong>44. (FGV\/ DPE-RJ \u2013 2019) Joana,\nPrefeita Municipal, praticou diversos il\u00edcitos em detrimento do respectivo\nMunic\u00edpio, os quais redundaram em dano ao patrim\u00f4nio p\u00fablico.<\/strong><\/p>\n\n\n\n<p><strong>Maria, cidad\u00e3 brasileira,\neconomicamente hipossuficiente, procurou a Defensoria P\u00fablica e informou que\ndesejava ajuizar a a\u00e7\u00e3o constitucional cab\u00edvel para obter, de Joana, o\nressarcimento dos danos causados ao patrim\u00f4nio p\u00fablico.<\/strong><\/p>\n\n\n\n<p><strong>Essa a\u00e7\u00e3o \u00e9:<\/strong><\/p>\n\n\n\n<p>a) a a\u00e7\u00e3o\npenal;<\/p>\n\n\n\n<p>b) a a\u00e7\u00e3o\npopular;<\/p>\n\n\n\n<p>c) o mandado\nde seguran\u00e7a;<\/p>\n\n\n\n<p>d) a a\u00e7\u00e3o\ncoletiva;<\/p>\n\n\n\n<p>e) a a\u00e7\u00e3o difusa.<\/p>\n\n\n\n<p><strong>Coment\u00e1rios:<\/strong><\/p>\n\n\n\n<p>A a\u00e7\u00e3o adequada para esse fim \u00e9 a a\u00e7\u00e3o popular, que pode ser\nproposta pelo <strong><em>cidad\u00e3o<\/em><\/strong> para anular ato lesivo ao patrim\u00f4nio p\u00fablico ou de\nentidade de que o Estado participe, \u00e0 <strong><em>moralidade administrativa <\/em><\/strong>(art. 5\u00ba,\nLXXIII, CF). O gabarito \u00e9 a letra B.<\/p>\n\n\n\n<p><strong>45. (FGV\/ DPE-RJ \u2013 2019) Na\nsistem\u00e1tica constitucional, existem mat\u00e9rias que podem ser disciplinadas por\nleis da Uni\u00e3o, dos Estados e do Distrito Federal. Nesse caso, a Uni\u00e3o se limita\n\u00e0 edi\u00e7\u00e3o de normas gerais.<\/strong><\/p>\n\n\n\n<p><strong>Trata-se de compet\u00eancia\nlegislativa:<\/strong><\/p>\n\n\n\n<p>a) concorrente;<\/p>\n\n\n\n<p>b) privativa;<\/p>\n\n\n\n<p>c) exclusiva;<\/p>\n\n\n\n<p>d) livre;<\/p>\n\n\n\n<p>e) partilhada.<\/p>\n\n\n\n<p><strong>Coment\u00e1rios:<\/strong><\/p>\n\n\n\n<p>O art. 24 da Carta Magna enumera mat\u00e9rias de compet\u00eancia\nlegislativa concorrente \u00e0 Uni\u00e3o, aos Estados e ao Distrito Federal. Nesse caso,\nnos termos do \u00a7 1\u00ba desse dispositivo, a\ncompet\u00eancia da Uni\u00e3o limitar-se-\u00e1 \u00e0 edi\u00e7\u00e3o de normas gerais. O gabarito \u00e9 a\nletra A.<\/p>\n\n\n\n<p><strong>46. (FGV\/ DPE-RJ \u2013 2019) Ad\u00e9lia\npraticou uma infra\u00e7\u00e3o penal e, ap\u00f3s amplas investiga\u00e7\u00f5es, a institui\u00e7\u00e3o com\natribui\u00e7\u00e3o constitucional ajuizou uma a\u00e7\u00e3o penal em face dela. Essa institui\u00e7\u00e3o\n\u00e9:<\/strong><\/p>\n\n\n\n<p>a) o Minist\u00e9rio P\u00fablico;<\/p>\n\n\n\n<p>b) a Defensoria P\u00fablica;<\/p>\n\n\n\n<p>c) a Procuradoria-Geral do Estado;<\/p>\n\n\n\n<p>d) a Pol\u00edcia Judici\u00e1ria;<\/p>\n\n\n\n<p>e) o Poder Judici\u00e1rio.<\/p>\n\n\n\n<p><strong>Coment\u00e1rios:<\/strong><\/p>\n\n\n\n<p>A a\u00e7\u00e3o penal foi ajuizada pelo Minist\u00e9rio P\u00fablico, ao qual\ncompete, privativamente, promover a a\u00e7\u00e3o penal p\u00fablica, na forma da lei (art.\n129, I, CF). O gabarito \u00e9 a letra A.<\/p>\n\n\n\n<p><strong>47. (FGV\/ DPE-RJ \u2013 2019) Determinado\nvereador almejava apresentar projeto de lei fixando o subs\u00eddio a ser pago aos\nintegrantes da C\u00e2mara Municipal, tendo solicitado que sua assessoria se\npronunciasse sobre a exist\u00eancia de algum limite constitucional a esse respeito.<\/strong><\/p>\n\n\n\n<p><strong>A assessoria respondeu\ncorretamente que, \u00e0 luz da sistem\u00e1tica constitucional:<\/strong><\/p>\n\n\n\n<p>a) n\u00e3o existem limites a serem observados;<\/p>\n\n\n\n<p>b) os limites existentes somente est\u00e3o relacionados \u00e0 popula\u00e7\u00e3o do\nMunic\u00edpio;<\/p>\n\n\n\n<p>c) os limites existentes est\u00e3o relacionados ao subs\u00eddio dos\ndeputados estaduais;<\/p>\n\n\n\n<p>d) os limites existentes est\u00e3o relacionados \u00e0 popula\u00e7\u00e3o do\nMunic\u00edpio e ao subs\u00eddio dos deputados estaduais;<\/p>\n\n\n\n<p>e) os limites existentes somente est\u00e3o relacionados ao subs\u00eddio\ndos deputados federais.<\/p>\n\n\n\n<p><strong>Coment\u00e1rios:<\/strong><\/p>\n\n\n\n<p>O subs\u00eddio pago aos vereadores tem seu valor limitado pela\nConstitui\u00e7\u00e3o, de acordo com a popula\u00e7\u00e3o do Munic\u00edpio, em valor percentual do\nsubs\u00eddio dos deputados estaduais (art. 29, VI, CF). A t\u00edtulo de exemplo, em\nMunic\u00edpios de at\u00e9 dez mil habitantes, o subs\u00eddio m\u00e1ximo dos Vereadores\ncorresponder\u00e1 a vinte por cento do subs\u00eddio dos Deputados Estaduais. O gabarito\n\u00e9 a letra D.<\/p>\n\n\n\n<p><strong>48. (FGV\/ DPE-RJ \u2013 2019) Determinado\nPrefeito Municipal, insatisfeito com a atua\u00e7\u00e3o do Juiz de Direito da Comarca,\nque j\u00e1 contava com dez anos de efetivo exerc\u00edcio da magistratura, solicitou ao\nPresidente do Tribunal de Justi\u00e7a que o \u201cdemitisse\u201d por decis\u00e3o administrativa.<\/strong><\/p>\n\n\n\n<p><strong>\u00c0 luz da sistem\u00e1tica\nconstitucional, o referido pedido \u00e9 incompat\u00edvel com a garantia constitucional\nda:<\/strong><\/p>\n\n\n\n<p>a) inamovibilidade;<\/p>\n\n\n\n<p>b) vitaliciedade;<\/p>\n\n\n\n<p>c) irredutibilidade;<\/p>\n\n\n\n<p>d) indisponibilidade;<\/p>\n\n\n\n<p>e) inelegibilidade.<\/p>\n\n\n\n<p><strong>Coment\u00e1rios:<\/strong><\/p>\n\n\n\n<p>Esse pedido \u00e9 incompat\u00edvel com a vitaliciedade, que, no primeiro\ngrau, \u00e9 adquirida pelos ju\u00edzes ap\u00f3s dois anos de exerc\u00edcio. Ap\u00f3s adquirida, o\njuiz s\u00f3 poder\u00e1 perder o cargo por senten\u00e7a judicial transitada em julgado (art.\n95, I, CF). O gabarito \u00e9 a letra B.<\/p>\n\n\n\n<p><strong>49. (FGV\/ DPE-RJ \u2013 2019) A C\u00e2mara\ndos Vereadores do Munic\u00edpio Alfa aprovou o diploma normativo que regeria o\nMunic\u00edpio, por dois ter\u00e7os dos seus membros, ap\u00f3s dois turnos de vota\u00e7\u00e3o, com o\ninterst\u00edcio de dez dias entre cada uma delas.<\/strong><\/p>\n\n\n\n<p><strong>O referido diploma normativo, na\nsistem\u00e1tica constitucional, \u00e9:<\/strong><\/p>\n\n\n\n<p>a) a Constitui\u00e7\u00e3o Municipal;<\/p>\n\n\n\n<p>b) a Lei Org\u00e2nica Municipal;<\/p>\n\n\n\n<p>c) a Lei Complementar Municipal;<\/p>\n\n\n\n<p>d) a Lei Ordin\u00e1ria Municipal;<\/p>\n\n\n\n<p>e) o Estatuto Municipal.<\/p>\n\n\n\n<p><strong>Coment\u00e1rios:<\/strong><\/p>\n\n\n\n<p>Esse diploma normativo \u00e9 a <strong><em>Lei Org\u00e2nica Municipal<\/em><\/strong>. O art. 29 da\nCarta Magna prev\u00ea que o Munic\u00edpio reger-se-\u00e1 por lei org\u00e2nica, votada em dois\nturnos, com o interst\u00edcio m\u00ednimo de dez dias, e aprovada por dois ter\u00e7os dos\nmembros da C\u00e2mara Municipal, que a promulgar\u00e1, atendidos os princ\u00edpios\nestabelecidos na Constitui\u00e7\u00e3o e na Constitui\u00e7\u00e3o do respectivo Estado. O\ngabarito \u00e9 a letra B.<\/p>\n\n\n\n<p><strong>50. (FGV\/ DPE-RJ \u2013 2019) O\nTribunal de Justi\u00e7a do Estado divulgou edital para a promo\u00e7\u00e3o de cinco Ju\u00edzes\nde Direito para uma entr\u00e2ncia mais elevada da carreira. <\/strong><\/p>\n\n\n\n<p><strong>De acordo com a sistem\u00e1tica\nconstitucional, essas promo\u00e7\u00f5es devem observar:<\/strong><\/p>\n\n\n\n<p>a) alternadamente, os crit\u00e9rios de antiguidade e merecimento;<\/p>\n\n\n\n<p>b) apenas o crit\u00e9rio de merecimento;<\/p>\n\n\n\n<p>c) apenas o crit\u00e9rio de antiguidade;<\/p>\n\n\n\n<p>d) alternadamente, os crit\u00e9rios de antiguidade, merecimento e\nsorteio;<\/p>\n\n\n\n<p>e) apenas o crit\u00e9rio de sorteio.<\/p>\n\n\n\n<p><strong>Coment\u00e1rios:<\/strong><\/p>\n\n\n\n<p>A Carta Magna prev\u00ea que o Estatuto da Magistratura dever\u00e1 observar a promo\u00e7\u00e3o dos Ju\u00edzes de Direito de entr\u00e2ncia para entr\u00e2ncia, alternadamente, por antiguidade e merecimento (art. 93, II, CF). O gabarito \u00e9 a letra A.<\/p>\n\n\n\n<p>&#8230;&#8230;&#8230;&#8230;&#8230;&#8230;&#8230;..<\/p>\n\n\n\n<p>Con<a href=\"https:\/\/www.estrategiaconcursos.com.br\/blog\/gabarito-dpe-rj\/\">fira o gabarito completo DPE RJ T\u00e9cnico Superior Especializado neste link!<\/a><\/p>\n","protected":false},"excerpt":{"rendered":"<p>Neste artigo, voc\u00ea poder\u00e1 conferir o Gabarito Extraoficial DPE-RJ (T\u00e9cnico N\u00edvel M\u00e9dio) de Direito Constitucional Ol\u00e1, pessoal! Neste artigo, comentaremos a prova de Direito Constitucional da DPE-RJ (T\u00e9cnico N\u00edvel M\u00e9dio). No total, foram dez quest\u00f5es da nossa mat\u00e9ria. Vamos l\u00e1? Abra\u00e7os, N\u00e1dia \u2026\u2026\u2026\u2026\u2026\u2026\u2026\u2026\u2026\u2026\u2026\u2026\u2026\u2026\u2026\u2026\u2026\u2026\u2026\u2026\u2026\u2026\u2026\u2026\u2026\u2026\u2026\u2026\u2026\u2026\u2026\u2026\u2026\u2026\u2026\u2026\u2026\u2026.. 41. (FGV\/ DPE-RJ \u2013 2019) Ant\u00f4nio, pessoa hipossuficiente no plano econ\u00f4mico e [&hellip;]<\/p>\n","protected":false},"author":58,"featured_media":254293,"comment_status":"open","ping_status":"closed","sticky":false,"template":"","format":"standard","meta":{"post_tipo":"article","footnotes":""},"categories":[1],"tags":[],"tax_estado":[],"class_list":["post-254291","post","type-post","status-publish","format-standard","has-post-thumbnail","hentry","category-cursos-e-concursos"],"acf":[],"yoast_head":"<!-- This site is optimized with the Yoast SEO Premium plugin v27.2 (Yoast SEO v27.2) - https:\/\/yoast.com\/product\/yoast-seo-premium-wordpress\/ -->\n<title>Gabarito Extraoficial DPE RJ (T\u00e9cnico N\u00edvel M\u00e9dio) - Direito Constitucional<\/title>\n<meta name=\"description\" content=\"Neste artigo, voc\u00ea poder\u00e1 conferir o Gabarito Extraoficial DPE-RJ (T\u00e9cnico Superior Especializado) de Direito Constitucional!\" \/>\n<meta name=\"robots\" content=\"index, follow, max-snippet:-1, max-image-preview:large, max-video-preview:-1\" \/>\n<link rel=\"canonical\" href=\"https:\/\/www.estrategiaconcursos.com.br\/blog\/gabarito-extraoficial-dpe-rj-tecnico-superior-especializado-direito-constitucional\/\" \/>\n<meta property=\"og:locale\" content=\"pt_BR\" \/>\n<meta property=\"og:type\" content=\"article\" \/>\n<meta property=\"og:title\" content=\"Gabarito Extraoficial DPE RJ (T\u00e9cnico N\u00edvel M\u00e9dio) - Direito Constitucional\" \/>\n<meta property=\"og:description\" content=\"Neste artigo, voc\u00ea poder\u00e1 conferir o Gabarito Extraoficial DPE-RJ (T\u00e9cnico Superior Especializado) de Direito Constitucional!\" \/>\n<meta property=\"og:url\" content=\"https:\/\/www.estrategiaconcursos.com.br\/blog\/gabarito-extraoficial-dpe-rj-tecnico-superior-especializado-direito-constitucional\/\" \/>\n<meta property=\"og:site_name\" content=\"Estrat\u00e9gia Concursos\" \/>\n<meta property=\"article:author\" content=\"https:\/\/www.facebook.com\/nadia.c.santos.16\" \/>\n<meta property=\"article:published_time\" content=\"2019-04-15T03:41:45+00:00\" \/>\n<meta property=\"article:modified_time\" content=\"2019-04-16T00:20:36+00:00\" \/>\n<meta property=\"og:image\" content=\"https:\/\/dhg1h5j42swfq.cloudfront.net\/2019\/04\/15004016\/Captura-de-Tela-2019-04-15-a%CC%80s-00.39.43.png\" \/>\n\t<meta property=\"og:image:width\" content=\"1182\" \/>\n\t<meta property=\"og:image:height\" content=\"706\" \/>\n\t<meta property=\"og:image:type\" content=\"image\/png\" \/>\n<meta name=\"author\" content=\"N\u00e1dia Carolina\" \/>\n<meta name=\"twitter:card\" content=\"summary_large_image\" \/>\n<meta name=\"twitter:creator\" content=\"@EstratConcursos\" \/>\n<meta name=\"twitter:site\" content=\"@EstratConcursos\" \/>\n<meta name=\"twitter:label1\" content=\"Escrito por\" \/>\n\t<meta name=\"twitter:data1\" content=\"N\u00e1dia Carolina\" \/>\n\t<meta name=\"twitter:label2\" content=\"Est. tempo de leitura\" \/>\n\t<meta name=\"twitter:data2\" content=\"7 minutos\" \/>\n<script type=\"application\/ld+json\" class=\"yoast-schema-graph\">{\"@context\":\"https:\/\/schema.org\",\"@graph\":[{\"@type\":\"NewsArticle\",\"@id\":\"https:\/\/www.estrategiaconcursos.com.br\/blog\/gabarito-extraoficial-dpe-rj-tecnico-superior-especializado-direito-constitucional\/#article\",\"isPartOf\":{\"@id\":\"https:\/\/www.estrategiaconcursos.com.br\/blog\/gabarito-extraoficial-dpe-rj-tecnico-superior-especializado-direito-constitucional\/\"},\"author\":{\"name\":\"N\u00e1dia Carolina\",\"@id\":\"https:\/\/www.estrategiaconcursos.com.br\/blog\/#\/schema\/person\/bf1b1d1865628ae32d608d5bad5442c6\"},\"headline\":\"Gabarito Extraoficial DPE RJ (T\u00e9cnico N\u00edvel M\u00e9dio) &#8211; Direito Constitucional\",\"datePublished\":\"2019-04-15T03:41:45+00:00\",\"dateModified\":\"2019-04-16T00:20:36+00:00\",\"mainEntityOfPage\":{\"@id\":\"https:\/\/www.estrategiaconcursos.com.br\/blog\/gabarito-extraoficial-dpe-rj-tecnico-superior-especializado-direito-constitucional\/\"},\"wordCount\":1509,\"commentCount\":0,\"publisher\":{\"@id\":\"https:\/\/www.estrategiaconcursos.com.br\/blog\/#organization\"},\"image\":{\"@id\":\"https:\/\/www.estrategiaconcursos.com.br\/blog\/gabarito-extraoficial-dpe-rj-tecnico-superior-especializado-direito-constitucional\/#primaryimage\"},\"thumbnailUrl\":\"https:\/\/dhg1h5j42swfq.cloudfront.net\/2019\/04\/15004016\/Captura-de-Tela-2019-04-15-a%CC%80s-00.39.43.png\",\"articleSection\":[\"Concursos P\u00fablicos\"],\"inLanguage\":\"pt-BR\",\"potentialAction\":[{\"@type\":\"CommentAction\",\"name\":\"Comment\",\"target\":[\"https:\/\/www.estrategiaconcursos.com.br\/blog\/gabarito-extraoficial-dpe-rj-tecnico-superior-especializado-direito-constitucional\/#respond\"]}],\"copyrightYear\":\"2019\",\"copyrightHolder\":{\"@id\":\"https:\/\/www.estrategiaconcursos.com.br\/blog\/#organization\"}},{\"@type\":\"WebPage\",\"@id\":\"https:\/\/www.estrategiaconcursos.com.br\/blog\/gabarito-extraoficial-dpe-rj-tecnico-superior-especializado-direito-constitucional\/\",\"url\":\"https:\/\/www.estrategiaconcursos.com.br\/blog\/gabarito-extraoficial-dpe-rj-tecnico-superior-especializado-direito-constitucional\/\",\"name\":\"Gabarito Extraoficial DPE RJ (T\u00e9cnico N\u00edvel M\u00e9dio) - Direito Constitucional\",\"isPartOf\":{\"@id\":\"https:\/\/www.estrategiaconcursos.com.br\/blog\/#website\"},\"primaryImageOfPage\":{\"@id\":\"https:\/\/www.estrategiaconcursos.com.br\/blog\/gabarito-extraoficial-dpe-rj-tecnico-superior-especializado-direito-constitucional\/#primaryimage\"},\"image\":{\"@id\":\"https:\/\/www.estrategiaconcursos.com.br\/blog\/gabarito-extraoficial-dpe-rj-tecnico-superior-especializado-direito-constitucional\/#primaryimage\"},\"thumbnailUrl\":\"https:\/\/dhg1h5j42swfq.cloudfront.net\/2019\/04\/15004016\/Captura-de-Tela-2019-04-15-a%CC%80s-00.39.43.png\",\"datePublished\":\"2019-04-15T03:41:45+00:00\",\"dateModified\":\"2019-04-16T00:20:36+00:00\",\"description\":\"Neste artigo, voc\u00ea poder\u00e1 conferir o Gabarito Extraoficial DPE-RJ (T\u00e9cnico Superior Especializado) de Direito Constitucional!\",\"breadcrumb\":{\"@id\":\"https:\/\/www.estrategiaconcursos.com.br\/blog\/gabarito-extraoficial-dpe-rj-tecnico-superior-especializado-direito-constitucional\/#breadcrumb\"},\"inLanguage\":\"pt-BR\",\"potentialAction\":[{\"@type\":\"ReadAction\",\"target\":[\"https:\/\/www.estrategiaconcursos.com.br\/blog\/gabarito-extraoficial-dpe-rj-tecnico-superior-especializado-direito-constitucional\/\"]}]},{\"@type\":\"ImageObject\",\"inLanguage\":\"pt-BR\",\"@id\":\"https:\/\/www.estrategiaconcursos.com.br\/blog\/gabarito-extraoficial-dpe-rj-tecnico-superior-especializado-direito-constitucional\/#primaryimage\",\"url\":\"https:\/\/dhg1h5j42swfq.cloudfront.net\/2019\/04\/15004016\/Captura-de-Tela-2019-04-15-a%CC%80s-00.39.43.png\",\"contentUrl\":\"https:\/\/dhg1h5j42swfq.cloudfront.net\/2019\/04\/15004016\/Captura-de-Tela-2019-04-15-a%CC%80s-00.39.43.png\",\"width\":1182,\"height\":706},{\"@type\":\"BreadcrumbList\",\"@id\":\"https:\/\/www.estrategiaconcursos.com.br\/blog\/gabarito-extraoficial-dpe-rj-tecnico-superior-especializado-direito-constitucional\/#breadcrumb\",\"itemListElement\":[{\"@type\":\"ListItem\",\"position\":1,\"name\":\"In\u00edcio\",\"item\":\"https:\/\/www.estrategiaconcursos.com.br\/blog\/\"},{\"@type\":\"ListItem\",\"position\":2,\"name\":\"Gabarito Extraoficial DPE RJ (T\u00e9cnico N\u00edvel M\u00e9dio) &#8211; Direito Constitucional\"}]},{\"@type\":\"WebSite\",\"@id\":\"https:\/\/www.estrategiaconcursos.com.br\/blog\/#website\",\"url\":\"https:\/\/www.estrategiaconcursos.com.br\/blog\/\",\"name\":\"Estrat\u00e9gia Concursos\",\"description\":\"O blog da Estrat\u00e9gia Concursos traz not\u00edcias sobre concursos e artigos de professores oferecendo cursos para concursos (pdf + videaulas) no site.\",\"publisher\":{\"@id\":\"https:\/\/www.estrategiaconcursos.com.br\/blog\/#organization\"},\"potentialAction\":[{\"@type\":\"SearchAction\",\"target\":{\"@type\":\"EntryPoint\",\"urlTemplate\":\"https:\/\/www.estrategiaconcursos.com.br\/blog\/?s={search_term_string}\"},\"query-input\":{\"@type\":\"PropertyValueSpecification\",\"valueRequired\":true,\"valueName\":\"search_term_string\"}}],\"inLanguage\":\"pt-BR\"},{\"@type\":\"Organization\",\"@id\":\"https:\/\/www.estrategiaconcursos.com.br\/blog\/#organization\",\"name\":\"Estrat\u00e9gia Concursos\",\"url\":\"https:\/\/www.estrategiaconcursos.com.br\/blog\/\",\"logo\":{\"@type\":\"ImageObject\",\"inLanguage\":\"pt-BR\",\"@id\":\"https:\/\/www.estrategiaconcursos.com.br\/blog\/#\/schema\/logo\/image\/\",\"url\":\"https:\/\/dhg1h5j42swfq.cloudfront.net\/2025\/06\/03203428\/logo_concursos-1.jpg\",\"contentUrl\":\"https:\/\/dhg1h5j42swfq.cloudfront.net\/2025\/06\/03203428\/logo_concursos-1.jpg\",\"width\":230,\"height\":60,\"caption\":\"Estrat\u00e9gia Concursos\"},\"image\":{\"@id\":\"https:\/\/www.estrategiaconcursos.com.br\/blog\/#\/schema\/logo\/image\/\"},\"sameAs\":[\"https:\/\/x.com\/EstratConcursos\"]},{\"@type\":\"Person\",\"@id\":\"https:\/\/www.estrategiaconcursos.com.br\/blog\/#\/schema\/person\/bf1b1d1865628ae32d608d5bad5442c6\",\"name\":\"N\u00e1dia Carolina\",\"image\":{\"@type\":\"ImageObject\",\"inLanguage\":\"pt-BR\",\"@id\":\"https:\/\/secure.gravatar.com\/avatar\/0ec0c484339a071f22ea5ced30956ccdaab0f83125b2dc1857c3b038404136a7?s=96&d=mm&r=g\",\"url\":\"https:\/\/secure.gravatar.com\/avatar\/0ec0c484339a071f22ea5ced30956ccdaab0f83125b2dc1857c3b038404136a7?s=96&d=mm&r=g\",\"contentUrl\":\"https:\/\/secure.gravatar.com\/avatar\/0ec0c484339a071f22ea5ced30956ccdaab0f83125b2dc1857c3b038404136a7?s=96&d=mm&r=g\",\"caption\":\"N\u00e1dia Carolina\"},\"sameAs\":[\"https:\/\/www.facebook.com\/nadia.c.santos.16\"],\"url\":\"https:\/\/www.estrategiaconcursos.com.br\/blog\/author\/nadiaestrategiaconcursos-com-br\/\"}]}<\/script>\n<!-- \/ Yoast SEO Premium plugin. -->","yoast_head_json":{"title":"Gabarito Extraoficial DPE RJ (T\u00e9cnico N\u00edvel M\u00e9dio) - Direito Constitucional","description":"Neste artigo, voc\u00ea poder\u00e1 conferir o Gabarito Extraoficial DPE-RJ (T\u00e9cnico Superior Especializado) de Direito Constitucional!","robots":{"index":"index","follow":"follow","max-snippet":"max-snippet:-1","max-image-preview":"max-image-preview:large","max-video-preview":"max-video-preview:-1"},"canonical":"https:\/\/www.estrategiaconcursos.com.br\/blog\/gabarito-extraoficial-dpe-rj-tecnico-superior-especializado-direito-constitucional\/","og_locale":"pt_BR","og_type":"article","og_title":"Gabarito Extraoficial DPE RJ (T\u00e9cnico N\u00edvel M\u00e9dio) - Direito Constitucional","og_description":"Neste artigo, voc\u00ea poder\u00e1 conferir o Gabarito Extraoficial DPE-RJ (T\u00e9cnico Superior Especializado) de Direito Constitucional!","og_url":"https:\/\/www.estrategiaconcursos.com.br\/blog\/gabarito-extraoficial-dpe-rj-tecnico-superior-especializado-direito-constitucional\/","og_site_name":"Estrat\u00e9gia Concursos","article_author":"https:\/\/www.facebook.com\/nadia.c.santos.16","article_published_time":"2019-04-15T03:41:45+00:00","article_modified_time":"2019-04-16T00:20:36+00:00","og_image":[{"width":1182,"height":706,"url":"https:\/\/dhg1h5j42swfq.cloudfront.net\/2019\/04\/15004016\/Captura-de-Tela-2019-04-15-a%CC%80s-00.39.43.png","type":"image\/png"}],"author":"N\u00e1dia Carolina","twitter_card":"summary_large_image","twitter_creator":"@EstratConcursos","twitter_site":"@EstratConcursos","twitter_misc":{"Escrito por":"N\u00e1dia Carolina","Est. tempo de leitura":"7 minutos"},"schema":{"@context":"https:\/\/schema.org","@graph":[{"@type":"NewsArticle","@id":"https:\/\/www.estrategiaconcursos.com.br\/blog\/gabarito-extraoficial-dpe-rj-tecnico-superior-especializado-direito-constitucional\/#article","isPartOf":{"@id":"https:\/\/www.estrategiaconcursos.com.br\/blog\/gabarito-extraoficial-dpe-rj-tecnico-superior-especializado-direito-constitucional\/"},"author":{"name":"N\u00e1dia Carolina","@id":"https:\/\/www.estrategiaconcursos.com.br\/blog\/#\/schema\/person\/bf1b1d1865628ae32d608d5bad5442c6"},"headline":"Gabarito Extraoficial DPE RJ (T\u00e9cnico N\u00edvel M\u00e9dio) &#8211; Direito Constitucional","datePublished":"2019-04-15T03:41:45+00:00","dateModified":"2019-04-16T00:20:36+00:00","mainEntityOfPage":{"@id":"https:\/\/www.estrategiaconcursos.com.br\/blog\/gabarito-extraoficial-dpe-rj-tecnico-superior-especializado-direito-constitucional\/"},"wordCount":1509,"commentCount":0,"publisher":{"@id":"https:\/\/www.estrategiaconcursos.com.br\/blog\/#organization"},"image":{"@id":"https:\/\/www.estrategiaconcursos.com.br\/blog\/gabarito-extraoficial-dpe-rj-tecnico-superior-especializado-direito-constitucional\/#primaryimage"},"thumbnailUrl":"https:\/\/dhg1h5j42swfq.cloudfront.net\/2019\/04\/15004016\/Captura-de-Tela-2019-04-15-a%CC%80s-00.39.43.png","articleSection":["Concursos P\u00fablicos"],"inLanguage":"pt-BR","potentialAction":[{"@type":"CommentAction","name":"Comment","target":["https:\/\/www.estrategiaconcursos.com.br\/blog\/gabarito-extraoficial-dpe-rj-tecnico-superior-especializado-direito-constitucional\/#respond"]}],"copyrightYear":"2019","copyrightHolder":{"@id":"https:\/\/www.estrategiaconcursos.com.br\/blog\/#organization"}},{"@type":"WebPage","@id":"https:\/\/www.estrategiaconcursos.com.br\/blog\/gabarito-extraoficial-dpe-rj-tecnico-superior-especializado-direito-constitucional\/","url":"https:\/\/www.estrategiaconcursos.com.br\/blog\/gabarito-extraoficial-dpe-rj-tecnico-superior-especializado-direito-constitucional\/","name":"Gabarito Extraoficial DPE RJ (T\u00e9cnico N\u00edvel M\u00e9dio) - Direito Constitucional","isPartOf":{"@id":"https:\/\/www.estrategiaconcursos.com.br\/blog\/#website"},"primaryImageOfPage":{"@id":"https:\/\/www.estrategiaconcursos.com.br\/blog\/gabarito-extraoficial-dpe-rj-tecnico-superior-especializado-direito-constitucional\/#primaryimage"},"image":{"@id":"https:\/\/www.estrategiaconcursos.com.br\/blog\/gabarito-extraoficial-dpe-rj-tecnico-superior-especializado-direito-constitucional\/#primaryimage"},"thumbnailUrl":"https:\/\/dhg1h5j42swfq.cloudfront.net\/2019\/04\/15004016\/Captura-de-Tela-2019-04-15-a%CC%80s-00.39.43.png","datePublished":"2019-04-15T03:41:45+00:00","dateModified":"2019-04-16T00:20:36+00:00","description":"Neste artigo, voc\u00ea poder\u00e1 conferir o Gabarito Extraoficial DPE-RJ (T\u00e9cnico Superior Especializado) de Direito Constitucional!","breadcrumb":{"@id":"https:\/\/www.estrategiaconcursos.com.br\/blog\/gabarito-extraoficial-dpe-rj-tecnico-superior-especializado-direito-constitucional\/#breadcrumb"},"inLanguage":"pt-BR","potentialAction":[{"@type":"ReadAction","target":["https:\/\/www.estrategiaconcursos.com.br\/blog\/gabarito-extraoficial-dpe-rj-tecnico-superior-especializado-direito-constitucional\/"]}]},{"@type":"ImageObject","inLanguage":"pt-BR","@id":"https:\/\/www.estrategiaconcursos.com.br\/blog\/gabarito-extraoficial-dpe-rj-tecnico-superior-especializado-direito-constitucional\/#primaryimage","url":"https:\/\/dhg1h5j42swfq.cloudfront.net\/2019\/04\/15004016\/Captura-de-Tela-2019-04-15-a%CC%80s-00.39.43.png","contentUrl":"https:\/\/dhg1h5j42swfq.cloudfront.net\/2019\/04\/15004016\/Captura-de-Tela-2019-04-15-a%CC%80s-00.39.43.png","width":1182,"height":706},{"@type":"BreadcrumbList","@id":"https:\/\/www.estrategiaconcursos.com.br\/blog\/gabarito-extraoficial-dpe-rj-tecnico-superior-especializado-direito-constitucional\/#breadcrumb","itemListElement":[{"@type":"ListItem","position":1,"name":"In\u00edcio","item":"https:\/\/www.estrategiaconcursos.com.br\/blog\/"},{"@type":"ListItem","position":2,"name":"Gabarito Extraoficial DPE RJ (T\u00e9cnico N\u00edvel M\u00e9dio) &#8211; Direito Constitucional"}]},{"@type":"WebSite","@id":"https:\/\/www.estrategiaconcursos.com.br\/blog\/#website","url":"https:\/\/www.estrategiaconcursos.com.br\/blog\/","name":"Estrat\u00e9gia Concursos","description":"O blog da Estrat\u00e9gia Concursos traz not\u00edcias sobre concursos e artigos de professores oferecendo cursos para concursos (pdf + videaulas) no site.","publisher":{"@id":"https:\/\/www.estrategiaconcursos.com.br\/blog\/#organization"},"potentialAction":[{"@type":"SearchAction","target":{"@type":"EntryPoint","urlTemplate":"https:\/\/www.estrategiaconcursos.com.br\/blog\/?s={search_term_string}"},"query-input":{"@type":"PropertyValueSpecification","valueRequired":true,"valueName":"search_term_string"}}],"inLanguage":"pt-BR"},{"@type":"Organization","@id":"https:\/\/www.estrategiaconcursos.com.br\/blog\/#organization","name":"Estrat\u00e9gia Concursos","url":"https:\/\/www.estrategiaconcursos.com.br\/blog\/","logo":{"@type":"ImageObject","inLanguage":"pt-BR","@id":"https:\/\/www.estrategiaconcursos.com.br\/blog\/#\/schema\/logo\/image\/","url":"https:\/\/dhg1h5j42swfq.cloudfront.net\/2025\/06\/03203428\/logo_concursos-1.jpg","contentUrl":"https:\/\/dhg1h5j42swfq.cloudfront.net\/2025\/06\/03203428\/logo_concursos-1.jpg","width":230,"height":60,"caption":"Estrat\u00e9gia Concursos"},"image":{"@id":"https:\/\/www.estrategiaconcursos.com.br\/blog\/#\/schema\/logo\/image\/"},"sameAs":["https:\/\/x.com\/EstratConcursos"]},{"@type":"Person","@id":"https:\/\/www.estrategiaconcursos.com.br\/blog\/#\/schema\/person\/bf1b1d1865628ae32d608d5bad5442c6","name":"N\u00e1dia Carolina","image":{"@type":"ImageObject","inLanguage":"pt-BR","@id":"https:\/\/secure.gravatar.com\/avatar\/0ec0c484339a071f22ea5ced30956ccdaab0f83125b2dc1857c3b038404136a7?s=96&d=mm&r=g","url":"https:\/\/secure.gravatar.com\/avatar\/0ec0c484339a071f22ea5ced30956ccdaab0f83125b2dc1857c3b038404136a7?s=96&d=mm&r=g","contentUrl":"https:\/\/secure.gravatar.com\/avatar\/0ec0c484339a071f22ea5ced30956ccdaab0f83125b2dc1857c3b038404136a7?s=96&d=mm&r=g","caption":"N\u00e1dia Carolina"},"sameAs":["https:\/\/www.facebook.com\/nadia.c.santos.16"],"url":"https:\/\/www.estrategiaconcursos.com.br\/blog\/author\/nadiaestrategiaconcursos-com-br\/"}]}},"_links":{"self":[{"href":"https:\/\/www.estrategiaconcursos.com.br\/blog\/wp-json\/wp\/v2\/posts\/254291","targetHints":{"allow":["GET"]}}],"collection":[{"href":"https:\/\/www.estrategiaconcursos.com.br\/blog\/wp-json\/wp\/v2\/posts"}],"about":[{"href":"https:\/\/www.estrategiaconcursos.com.br\/blog\/wp-json\/wp\/v2\/types\/post"}],"author":[{"embeddable":true,"href":"https:\/\/www.estrategiaconcursos.com.br\/blog\/wp-json\/wp\/v2\/users\/58"}],"replies":[{"embeddable":true,"href":"https:\/\/www.estrategiaconcursos.com.br\/blog\/wp-json\/wp\/v2\/comments?post=254291"}],"version-history":[{"count":4,"href":"https:\/\/www.estrategiaconcursos.com.br\/blog\/wp-json\/wp\/v2\/posts\/254291\/revisions"}],"predecessor-version":[{"id":254299,"href":"https:\/\/www.estrategiaconcursos.com.br\/blog\/wp-json\/wp\/v2\/posts\/254291\/revisions\/254299"}],"wp:featuredmedia":[{"embeddable":true,"href":"https:\/\/www.estrategiaconcursos.com.br\/blog\/wp-json\/wp\/v2\/media\/254293"}],"wp:attachment":[{"href":"https:\/\/www.estrategiaconcursos.com.br\/blog\/wp-json\/wp\/v2\/media?parent=254291"}],"wp:term":[{"taxonomy":"category","embeddable":true,"href":"https:\/\/www.estrategiaconcursos.com.br\/blog\/wp-json\/wp\/v2\/categories?post=254291"},{"taxonomy":"post_tag","embeddable":true,"href":"https:\/\/www.estrategiaconcursos.com.br\/blog\/wp-json\/wp\/v2\/tags?post=254291"},{"taxonomy":"tax_estado","embeddable":true,"href":"https:\/\/www.estrategiaconcursos.com.br\/blog\/wp-json\/wp\/v2\/tax_estado?post=254291"}],"curies":[{"name":"wp","href":"https:\/\/api.w.org\/{rel}","templated":true}]}}