{"id":254077,"date":"2019-04-14T15:29:01","date_gmt":"2019-04-14T18:29:01","guid":{"rendered":"https:\/\/www.estrategiaconcursos.com.br\/blog\/?p=254077"},"modified":"2019-04-15T21:20:42","modified_gmt":"2019-04-16T00:20:42","slug":"gabarito-dpe-rj-direito-administrativo","status":"publish","type":"post","link":"https:\/\/www.estrategiaconcursos.com.br\/blog\/gabarito-dpe-rj-direito-administrativo\/","title":{"rendered":"Gabarito DPE RJ Direito Administrativo"},"content":{"rendered":"\n<p>[Gabarito DPE RJ Direito Administrativo] Fala, pessoal! Aqui \u00e9 o Professor Herbert Almeida. Estou passando aqui para adiantar o gabarito das quest\u00f5es de Direito Administrativo da prova da DPE do Rio de Janeiro. <\/p>\n\n\n\n<p>Vou corrigir o gabarito dos cargos de <strong>T\u00e9cnico M\u00e9dio de Defensoria P\u00fablica<\/strong> e de <strong>T\u00e9cnico Superior de Administra\u00e7\u00e3o<\/strong>.<\/p>\n\n\n\n<p>Em linhas gerais, foi uma excelente prova elaborada pela FGV. Mas j\u00e1 vislumbro, desde j\u00e1, a possibilidade de recurso, conforme vamos analisar adiante.<\/p>\n\n\n\n<p>Vamos aos coment\u00e1rios!<\/p>\n\n\n\n<h3 class=\"wp-block-heading\">T\u00e9cnico M\u00e9dio de Defensoria P\u00fablica &#8211; Gabarito DPE RJ Direito Administrativo<\/h3>\n\n\n<figure class=\"wp-block-embed-youtube wp-block-embed is-type-video is-provider-youtube wp-embed-aspect-16-9 wp-has-aspect-ratio\"><div class=\"lyte-wrapper\" style=\"width:853px;max-width:100%;margin:5px;\"><div class=\"lyMe\" id=\"WYL_Y0i4lXyfZLY\"><div id=\"lyte_Y0i4lXyfZLY\" data-src=\"\/\/i.ytimg.com\/vi\/Y0i4lXyfZLY\/hqdefault.jpg\" class=\"pL\"><div class=\"tC\"><div class=\"tT\"><\/div><\/div><div class=\"play\"><\/div><div class=\"ctrl\"><div class=\"Lctrl\"><\/div><div class=\"Rctrl\"><\/div><\/div><\/div><noscript><a href=\"https:\/\/youtu.be\/Y0i4lXyfZLY\" rel=\"nofollow\"><img loading=\"lazy\" decoding=\"async\" src=\"https:\/\/i.ytimg.com\/vi\/Y0i4lXyfZLY\/0.jpg\" alt=\"YouTube video thumbnail\" width=\"853\" height=\"460\" \/><br \/>Assista a este v\u00eddeo no YouTube<\/a><\/noscript><\/div><\/div><div class=\"lL\" style=\"max-width:100%;width:853px;margin:5px;\"><\/div><figcaption><\/figcaption><\/figure>\n\n\n<figure class=\"wp-block-image\"><img loading=\"lazy\" decoding=\"async\" width=\"387\" height=\"552\" src=\"https:\/\/dhg1h5j42swfq.cloudfront.net\/2019\/04\/14152043\/512.jpeg\" alt=\"\" class=\"wp-image-254090\" srcset=\"https:\/\/dhg1h5j42swfq.cloudfront.net\/2019\/04\/14152043\/512.jpeg 387w, https:\/\/dhg1h5j42swfq.cloudfront.net\/2019\/04\/14152043\/512.jpeg 210w\" sizes=\"auto, (max-width: 387px) 100vw, 387px\" \/><\/figure>\n\n\n\n<p><strong>Coment\u00e1rio<\/strong>: o princ\u00edpio que trata da capacidade da Administra\u00e7\u00e3o de rever os seus pr\u00f3prios atos, sem precisar de ordem judicial, anulando os ilegais e revogando os inconvenientes e inoportunos \u00e9 o princ\u00edpio da <strong>autotutela<\/strong>. Logo, o gabarito \u00e9 a letra B.<\/p>\n\n\n\n<p>Agora, vejamos as\ndemais op\u00e7\u00f5es:<\/p>\n\n\n\n<p>a) a quest\u00e3o est\u00e1\nabordando a <strong>teoria dos motivos\ndeterminantes<\/strong>, que significa que, uma vez motivado, a validade do ato fica\nvinculada a veracidade dos motivos indicados na motiva\u00e7\u00e3o do ato. O princ\u00edpio\nda intranscend\u00eancia \u00e9 um princ\u00edpio do direito penal e significa que somente a\npessoa que cometeu o il\u00edcito poder\u00e1 responder pelo fato \u2013 ERRADA;<\/p>\n\n\n\n<p>c) o princ\u00edpio da\ncontinuidade significa que a presta\u00e7\u00e3o dos servi\u00e7os p\u00fablicos \u00e9 que n\u00e3o pode ser\ninterrompida. Quanto \u00e0s f\u00e9rias do servidor, em geral, \u00e9 poss\u00edvel interromp\u00ea-la\npor necessidade do servi\u00e7o, sem necessidade de ampla defesa \u2013 ERRADA;<\/p>\n\n\n\n<p>d) o princ\u00edpio da legalidade\nsignifica que a Administra\u00e7\u00e3o deve agir conforme a lei determinada, n\u00e3o\nexistindo determina\u00e7\u00e3o de contradit\u00f3rio na situa\u00e7\u00e3o em apre\u00e7o \u2013 ERRADA;<\/p>\n\n\n\n<p>e) existia justo\nmotivo para a interrup\u00e7\u00e3o das f\u00e9rias e, quando tal motivo desapareceu, a\nAdministra\u00e7\u00e3o optou por revogar a interrup\u00e7\u00e3o. Isso n\u00e3o tem correla\u00e7\u00e3o com a efici\u00eancia,\nque significa que a atua\u00e7\u00e3o da Administra\u00e7\u00e3o deve ser pautada na busca por\nmelhores resultados \u2013 ERRADA.<\/p>\n\n\n\n<p><strong>Gabarito: alternativa B.<\/strong><\/p>\n\n\n\n<figure class=\"wp-block-image\"><img loading=\"lazy\" decoding=\"async\" width=\"394\" height=\"459\" src=\"https:\/\/dhg1h5j42swfq.cloudfront.net\/2019\/04\/14152059\/521.jpeg\" alt=\"\" class=\"wp-image-254091\" srcset=\"https:\/\/dhg1h5j42swfq.cloudfront.net\/2019\/04\/14152059\/521.jpeg 394w, https:\/\/dhg1h5j42swfq.cloudfront.net\/2019\/04\/14152059\/521.jpeg 258w\" sizes=\"auto, (max-width: 394px) 100vw, 394px\" \/><\/figure>\n\n\n\n<p><strong>Coment\u00e1rio<\/strong>: a responsabilidade civil do Estado \u00e9 objetiva, ou seja, independe de dolo ou culpa do agente p\u00fablico. Al\u00e9m disso, quem deve realizar o ressarcimento ao terceiro lesado \u00e9 o pr\u00f3prio ente no qual o agente p\u00fablico atua, no caso, o Estado do Rio de Janeiro. Vale dizer que a Defensoria P\u00fablica \u00e9 um \u00f3rg\u00e3o p\u00fablico, logo n\u00e3o dota de personalidade jur\u00eddica pr\u00f3pria. Consequentemente, n\u00e3o \u00e9 a Defensoria que responde pelo dano, mas sim o Estado do Rio de Janeiro. Dessa forma, podemos eliminar as letras A, B e E, pois n\u00e3o \u00e9 a Defensoria que responde pelo dano.<\/p>\n\n\n\n<p>Tamb\u00e9m podemos\nindicar a letra D como errada, pois a responsabilidade \u00e9 objetiva.<\/p>\n\n\n\n<p>Dessa forma, o\ngabarito \u00e9 a letra C, uma vez que n\u00e3o h\u00e1 necessidade de indicar o dolo ou culpa\nde Jo\u00e3o para que o Estado do Rio responda pelo dano.<\/p>\n\n\n\n<p><strong>Gabarito: alternativa C.<\/strong><\/p>\n\n\n\n<figure class=\"wp-block-image\"><img loading=\"lazy\" decoding=\"async\" width=\"414\" height=\"407\" src=\"https:\/\/dhg1h5j42swfq.cloudfront.net\/2019\/04\/14152116\/531.jpeg\" alt=\"\" class=\"wp-image-254092\" srcset=\"https:\/\/dhg1h5j42swfq.cloudfront.net\/2019\/04\/14152116\/531.jpeg 414w, https:\/\/dhg1h5j42swfq.cloudfront.net\/2019\/04\/14152116\/531.jpeg 300w\" sizes=\"auto, (max-width: 414px) 100vw, 414px\" \/><\/figure>\n\n\n\n<p><strong>Coment\u00e1rio<\/strong>: o ato de remo\u00e7\u00e3o n\u00e3o\ntem por fim punir agentes p\u00fablicos nem pode servir de retalia\u00e7\u00e3o motivado por\nquest\u00f5es pol\u00edticas. Logo, o ato foi adotado com finalidade diversa do que\nprevisto em lei. Trata-se, portanto, de desvio de poder, tamb\u00e9m conhecido como\ndesvio de finalidade, que \u00e9 uma forma de abuso de poder. Logo, \u00e9 vi\u00e1vel o\najuizamento da a\u00e7\u00e3o para anular o ato, em virtude do abuso de poder, constitu\u00eddo\nna forma de desvio de poder, que representa um v\u00edcio de finalidade do ato\nadministrativo.<\/p>\n\n\n\n<p><strong>Gabarito: alternativa D.<\/strong><\/p>\n\n\n\n<figure class=\"wp-block-image\"><img loading=\"lazy\" decoding=\"async\" width=\"409\" height=\"633\" src=\"https:\/\/dhg1h5j42swfq.cloudfront.net\/2019\/04\/14152128\/541.jpeg\" alt=\"\" class=\"wp-image-254093\" srcset=\"https:\/\/dhg1h5j42swfq.cloudfront.net\/2019\/04\/14152128\/541.jpeg 409w, https:\/\/dhg1h5j42swfq.cloudfront.net\/2019\/04\/14152128\/541.jpeg 194w\" sizes=\"auto, (max-width: 409px) 100vw, 409px\" \/><\/figure>\n\n\n\n<p><strong>Coment\u00e1rio<\/strong>: segundo a Lei de 8.429\/1992,\nconstitui ato de improbidade que <strong>importa\nenriquecimento il\u00edcito<\/strong>: \u201cadquirir, para si ou para outrem, no exerc\u00edcio de\nmandato, cargo, emprego ou fun\u00e7\u00e3o p\u00fablica, bens de qualquer natureza cujo valor\nseja desproporcional \u00e0 evolu\u00e7\u00e3o do patrim\u00f4nio ou \u00e0 renda do agente p\u00fablico\u201d\n(art. 9\u00ba, VII). <\/p>\n\n\n\n<p>Ademais, entre\noutras san\u00e7\u00f5es, o sujeito que cometer esta esp\u00e9cie de ato de improbidade\nsubmete-se (art. 12, I) a perda da fun\u00e7\u00e3o p\u00fablica e a suspens\u00e3o dos direitos\npol\u00edticos de oito a dez anos. Logo, o gabarito \u00e9 a letra D.<\/p>\n\n\n\n<p>Podemos eliminas as\nop\u00e7\u00f5es A, B e C, j\u00e1 que houve sim improbidade. J\u00e1 o erro na letra E \u00e9 porque\nn\u00e3o se trata de ato que atenta contra os princ\u00edpios, mas sim enriquecimento\nil\u00edcito.<\/p>\n\n\n\n<p><strong>Gabarito: alternativa D.<\/strong><\/p>\n\n\n\n<figure class=\"wp-block-image\"><img loading=\"lazy\" decoding=\"async\" width=\"420\" height=\"523\" src=\"https:\/\/dhg1h5j42swfq.cloudfront.net\/2019\/04\/14152140\/551.jpeg\" alt=\"\" class=\"wp-image-254094\" srcset=\"https:\/\/dhg1h5j42swfq.cloudfront.net\/2019\/04\/14152140\/551.jpeg 420w, https:\/\/dhg1h5j42swfq.cloudfront.net\/2019\/04\/14152140\/551.jpeg 241w\" sizes=\"auto, (max-width: 420px) 100vw, 420px\" \/><\/figure>\n\n\n\n<p><strong>Coment\u00e1rio<\/strong>: segundo a Lei de\nLicita\u00e7\u00f5es, o procedimento licitat\u00f3rio ser\u00e1 dispens\u00e1vel: \u201cna contrata\u00e7\u00e3o de\nassocia\u00e7\u00e3o de portadores de defici\u00eancia f\u00edsica, sem fins lucrativos e de\ncomprovada idoneidade, por \u00f3rg\u00e3os ou entidades da Administra\u00e7\u00e3o P\u00fablica, para a\npresta\u00e7\u00e3o de servi\u00e7os ou fornecimento de m\u00e3o-de-obra, desde que o pre\u00e7o\ncontratado seja compat\u00edvel com o praticado no mercado\u201d (art. 24, XX).<\/p>\n\n\n\n<p>Portanto, a\ncontrata\u00e7\u00e3o em apre\u00e7o constitui hip\u00f3tese de dispensa de licita\u00e7\u00e3o, nos termos\ndo art. 24, XX, da Lei 8.666\/1993. Logo, o gabarito \u00e9 a op\u00e7\u00e3o A.<\/p>\n\n\n\n<p>Vamos analisar as\noutras alternativas:<\/p>\n\n\n\n<p>b) n\u00e3o \u00e9 caso de\ninexigibilidade, mas de dispensa \u2013 ERRADA;<\/p>\n\n\n\n<p>c) poderia ser uma\nsociedade empres\u00e1ria, se fosse realizada licita\u00e7\u00e3o, mas que n\u00e3o era obrigat\u00f3ria,\nem virtude da possibilidade de dispensa. Al\u00e9m disso, n\u00e3o existe obrigatoriedade\nde convite, j\u00e1 que tamb\u00e9m seriam vi\u00e1veis as outras modalidades, j\u00e1 que a modalidade\nmais complexa pode ser adotada nos casos da modalidade mais simples (considerando\nos valores novos, o convite seria poss\u00edvel at\u00e9 o limite de R$ 176 mil) \u2013\nERRADA;<\/p>\n\n\n\n<p>d) a mesma\nexplica\u00e7\u00e3o da alternativa anterior vale para este caso. A licita\u00e7\u00e3o n\u00e3o era\nobrigat\u00f3ria e a tomada de pre\u00e7os poderia ser adotada, mas n\u00e3o era obrigat\u00f3ria\n(caberia tamb\u00e9m a concorr\u00eancia, por exemplo) \u2013 ERRADA;<\/p>\n\n\n\n<p>e) o valor mais\nbaixo viabilizaria tamb\u00e9m as outras modalidades \u2013 ERRADA.<\/p>\n\n\n\n<p><strong>Gabarito: alternativa A.<\/strong><\/p>\n\n\n\n<figure class=\"wp-block-image\"><img loading=\"lazy\" decoding=\"async\" width=\"462\" height=\"786\" src=\"https:\/\/dhg1h5j42swfq.cloudfront.net\/2019\/04\/14152200\/561.jpeg\" alt=\"\" class=\"wp-image-254095\" srcset=\"https:\/\/dhg1h5j42swfq.cloudfront.net\/2019\/04\/14152200\/561.jpeg 462w, https:\/\/dhg1h5j42swfq.cloudfront.net\/2019\/04\/14152200\/561.jpeg 176w\" sizes=\"auto, (max-width: 462px) 100vw, 462px\" \/><\/figure>\n\n\n\n<p><strong>Coment\u00e1rio<\/strong>: a quest\u00e3o cobrou o\nconhecimento sobre o RE 693.456, julgado com repercuss\u00e3o geral, na qual o STF\nfirmou a seguinte tese:<\/p>\n\n\n\n<p>A administra\u00e7\u00e3o p\u00fablica deve proceder ao desconto dos dias de\nparalisa\u00e7\u00e3o decorrentes do exerc\u00edcio do direito de greve pelos servidores p\u00fablicos,\nem virtude da suspens\u00e3o do v\u00ednculo funcional que dela decorre, permitida a\ncompensa\u00e7\u00e3o em caso de acordo. O desconto ser\u00e1, contudo, incab\u00edvel se ficar\ndemonstrado que a greve foi provocada por conduta il\u00edcita do Poder P\u00fablico<\/p>\n\n\n\n<p>Portanto, a conduta\nmais adequada seria recomendar que os servidores aceitassem o acordo, uma vez\nque a Administra\u00e7\u00e3o dever\u00e1 proceder os descontos dos dias paralisados, em\nvirtude da suspens\u00e3o do v\u00ednculo funcional durante a greve. No caso, por\u00e9m,\nadmite-se a compensa\u00e7\u00e3o. Logo, o gabarito \u00e9 a letra B<\/p>\n\n\n\n<p><strong>Gabarito: alternativa B.<\/strong><\/p>\n\n\n\n<figure class=\"wp-block-image\"><img loading=\"lazy\" decoding=\"async\" width=\"402\" height=\"520\" src=\"https:\/\/dhg1h5j42swfq.cloudfront.net\/2019\/04\/14152213\/571.jpeg\" alt=\"\" class=\"wp-image-254096\" srcset=\"https:\/\/dhg1h5j42swfq.cloudfront.net\/2019\/04\/14152213\/571.jpeg 402w, https:\/\/dhg1h5j42swfq.cloudfront.net\/2019\/04\/14152213\/571.jpeg 232w\" sizes=\"auto, (max-width: 402px) 100vw, 402px\" \/><\/figure>\n\n\n\n<p><strong>Coment\u00e1rio<\/strong>: a responsabilidade\ncivil do Estado \u00e9 objetiva, logo independe de dolo ou culpa. Com efeito, quem\ndeve reparar o dano primariamente \u00e9 o ente no qual o agente p\u00fablico atua. No\ncaso, a responsabilidade civil ser\u00e1 do Estado do Rio de Janeiro. Resumindo,\nser\u00e1 poss\u00edvel mover a a\u00e7\u00e3o indenizat\u00f3ria, em face do Estado do Rio de Janeiro,\nde forma objetiva, de tal forma que n\u00e3o \u00e9 preciso demonstrar dolo ou culpa do\npolicial. Assim, o gabarito \u00e9 a op\u00e7\u00e3o D.<\/p>\n\n\n\n<p>As letras A e B\nest\u00e3o erradas, j\u00e1 que \u00e9 sim poss\u00edvel interpor a a\u00e7\u00e3o indenizat\u00f3ria. O erro na\nletra C \u00e9 que a a\u00e7\u00e3o n\u00e3o \u00e9 contra o agente p\u00fablico, que somente poder\u00e1\nresponder mediante a\u00e7\u00e3o de regresso que o Estado do Rio mover\u00e1 se houver dolo\nou culpa. Por fim, a op\u00e7\u00e3o E \u00e9 errada, pois a responsabilidade \u00e9 objetiva.<\/p>\n\n\n\n<p><strong>Gabarito: alternativa D.<\/strong><\/p>\n\n\n\n<figure class=\"wp-block-image\"><img loading=\"lazy\" decoding=\"async\" width=\"409\" height=\"437\" src=\"https:\/\/dhg1h5j42swfq.cloudfront.net\/2019\/04\/14152222\/581.jpeg\" alt=\"\" class=\"wp-image-254097\" srcset=\"https:\/\/dhg1h5j42swfq.cloudfront.net\/2019\/04\/14152222\/581.jpeg 409w, https:\/\/dhg1h5j42swfq.cloudfront.net\/2019\/04\/14152222\/581.jpeg 281w\" sizes=\"auto, (max-width: 409px) 100vw, 409px\" \/><\/figure>\n\n\n\n<p><strong>Coment\u00e1rio<\/strong>: o controle externo\nor\u00e7ament\u00e1rio e financeiro \u00e9 de titularidade do Poder Legislativo, que o exerce\ncom o aux\u00edlio do Tribunal de Contas. Al\u00e9m disso, o controle or\u00e7ament\u00e1rio e\nfinanceiro tamb\u00e9m \u00e9 realizado pelo sistema de controle interno de cada Poder.\nTal assunto \u00e9 disciplinado nos arts. 70 e 71 da Constitui\u00e7\u00e3o Federal:<\/p>\n\n\n\n<blockquote class=\"wp-block-quote is-layout-flow wp-block-quote-is-layout-flow\"><p>Art. 70. A fiscaliza\u00e7\u00e3o cont\u00e1bil, financeira, or\u00e7ament\u00e1ria, operacional e patrimonial da Uni\u00e3o e das entidades da administra\u00e7\u00e3o direta e indireta, quanto \u00e0 legalidade, legitimidade, economicidade, aplica\u00e7\u00e3o das subven\u00e7\u00f5es e ren\u00fancia de receitas, ser\u00e1 exercida pelo <strong>Congresso Nacional<\/strong>, mediante controle externo, e pelo <strong>sistema de controle interno de cada Poder<\/strong>.<\/p><p>Art. 71. O controle externo, a cargo do Congresso Nacional, ser\u00e1 exercido com o aux\u00edlio do Tribunal de Contas da Uni\u00e3o [&#8230;].<\/p><\/blockquote>\n\n\n\n<p>Portanto, o\ngabarito \u00e9 a op\u00e7\u00e3o B.<\/p>\n\n\n\n<p><strong>Gabarito: alternativa B.<\/strong><\/p>\n\n\n\n<figure class=\"wp-block-image\"><img loading=\"lazy\" decoding=\"async\" width=\"418\" height=\"588\" src=\"https:\/\/dhg1h5j42swfq.cloudfront.net\/2019\/04\/14152234\/591.jpeg\" alt=\"\" class=\"wp-image-254098\" srcset=\"https:\/\/dhg1h5j42swfq.cloudfront.net\/2019\/04\/14152234\/591.jpeg 418w, https:\/\/dhg1h5j42swfq.cloudfront.net\/2019\/04\/14152234\/591.jpeg 213w\" sizes=\"auto, (max-width: 418px) 100vw, 418px\" \/><\/figure>\n\n\n\n<p><strong>Coment\u00e1rio<\/strong>: o gabarito da\nquest\u00e3o, ao meu ver, ser\u00e1 a letra E. Mas cabe recurso, conforme indicaremos\nabaixo.<\/p>\n\n\n\n<p>Primeiramente,\nvamos analisar como a banca deve ter feito quando elaborou a quest\u00e3o.<\/p>\n\n\n\n<p>Al\u00e9m dos agentes\np\u00fablicos, tamb\u00e9m podem responder por improbidade administrativo o terceiro que\ninduzir, concorrer ou se beneficiar da pr\u00e1tica do ato de improbidade. Nessa\nsitua\u00e7\u00e3o, o terceiro, que n\u00e3o \u00e9 um agente p\u00fablico, somente poder\u00e1 responder\njuntamente com um agente p\u00fablico. Vale dizer: o terceiro nunca responder\u00e1 sozinho\npelo ato de improbidade. Logo, o gabarito ser\u00e1 a letra E, sendo invi\u00e1vel a propositura\nda a\u00e7\u00e3o de improbidade (que tem natureza de a\u00e7\u00e3o civil p\u00fablica) exclusivamente\ncontra o particular, sem a presen\u00e7a do agente p\u00fablico no polo passivo da\ndemanda.<\/p>\n\n\n\n<p>Agora, vamos analisar\nas outras alternativas:<\/p>\n\n\n\n<p>a) a exist\u00eancia de\npreju\u00edzo n\u00e3o \u00e9 condi\u00e7\u00e3o para interposi\u00e7\u00e3o da a\u00e7\u00e3o (art. 21, I) \u2013 ERRADA;<\/p>\n\n\n\n<p>b) tanto o MP como\na pessoa jur\u00eddica interessada possuem legitimidade para propor a a\u00e7\u00e3o de\nimprobidade (art. 17, <em>caput<\/em>) \u2013\nERRADA;<\/p>\n\n\n\n<p>c) os terceiros\ntamb\u00e9m podem responder, em conluio com o agente p\u00fablico (art. 3\u00ba) \u2013 ERRADA; <\/p>\n\n\n\n<p>d) no caso de ato\nque atenta contra os princ\u00edpios, tem que ter dolo, n\u00e3o sendo suficiente a mera\nculpa \u2013 ERRADA.<\/p>\n\n\n\n<p>Ok, professor, mas\nonde est\u00e1 a possibilidade de recurso? Vamos ao conceito de agente p\u00fablico\nprevisto na Lei de Improbidade:<\/p>\n\n\n\n<blockquote class=\"wp-block-quote is-layout-flow wp-block-quote-is-layout-flow\"><p>Art. 2\u00b0 Reputa-se agente p\u00fablico, para os efeitos desta lei, todo aquele que exerce, ainda que transitoriamente ou sem remunera\u00e7\u00e3o, por elei\u00e7\u00e3o, nomea\u00e7\u00e3o, designa\u00e7\u00e3o, contrata\u00e7\u00e3o ou qualquer outra forma de investidura ou v\u00ednculo, mandato, cargo, emprego ou fun\u00e7\u00e3o <strong>nas entidades mencionadas no artigo anterior<\/strong>.<\/p><\/blockquote>\n\n\n\n<p>O conceito de\nagente p\u00fablico \u00e9 adotado em sentido amplo, logo envolve qualquer pessoa que\nexer\u00e7a a fun\u00e7\u00e3o p\u00fablica. Ademais, o dispositivo menciona o exerc\u00edcio \u201c<strong>nas entidades mencionadas no artigo\nanterior\u201d<\/strong>, que \u00e9 o art. 1\u00ba da Lei de Improbidade. Nesse artigo, temos a\nmen\u00e7\u00e3o n\u00e3o s\u00f3 de entidades p\u00fablicas, como tamb\u00e9m de \u201centidade que receba\nsubven\u00e7\u00e3o, benef\u00edcio ou incentivo, fiscal ou credit\u00edcio, de \u00f3rg\u00e3o p\u00fablico\u201d. <\/p>\n\n\n\n<p>Portanto, o Jo\u00e3o,\nmencionado na quest\u00e3o, enquadra-se no conceito de agente p\u00fablico previsto na\nLei de Improbidade. Ele n\u00e3o \u00e9 o \u201cterceiro\u201d, mas o pr\u00f3prio agente p\u00fablico, j\u00e1\nque atuou em entidade privada que recebeu recursos p\u00fablicos. A banca fez uma\ninterpreta\u00e7\u00e3o incorreta do conceito de agente p\u00fablico. Trata-se de um conceito\nem sentido amplo. No caso, cabe recurso, utilizando como fundamento os arts.\n1\u00ba, 2\u00ba e 3\u00ba da Lei de Improbidade, para demonstrar que Jo\u00e3o poderia se\nenquadrar no conceito de agente p\u00fablico, ensejando a anula\u00e7\u00e3o da quest\u00e3o.<\/p>\n\n\n\n<p><strong>Gabarito: alternativa E (cabe recurso).<\/strong><\/p>\n\n\n\n<figure class=\"wp-block-image\"><img loading=\"lazy\" decoding=\"async\" width=\"410\" height=\"471\" src=\"https:\/\/dhg1h5j42swfq.cloudfront.net\/2019\/04\/14152245\/601.jpeg\" alt=\"\" class=\"wp-image-254099\" srcset=\"https:\/\/dhg1h5j42swfq.cloudfront.net\/2019\/04\/14152245\/601.jpeg 410w, https:\/\/dhg1h5j42swfq.cloudfront.net\/2019\/04\/14152245\/601.jpeg 261w\" sizes=\"auto, (max-width: 410px) 100vw, 410px\" \/><\/figure>\n\n\n\n<p><strong>Coment\u00e1rio<\/strong>: a quest\u00e3o 60 cobrou\no Estatuto dos Servidores. Tal quest\u00e3o ser\u00e1 comentada posteriormente pelo\nprofessor Marcos Gir\u00e3o. Apenas adiantando o gabarito, \u00e9 a op\u00e7\u00e3o A, uma vez que\no fato novo, n\u00e3o apurado no processo original, enseja a revis\u00e3o do PAD, sendo\nos prazos estes descritos na quest\u00e3o, conforme art. 347 do Estatuto dos\nServidores do RJ.<\/p>\n\n\n\n<p><strong>Gabarito: alternativa A.<\/strong><\/p>\n\n\n<p>\n<\/p><p><!--StartFragment--><\/p>\n\n\n<hr class=\"wp-block-separator\" \/>\n\n\n\n<p>Agora sim! Fechamos mais uma!<\/p>\n\n\n\n<p>N\u00e3o se esque\u00e7am de nos acompanhar nas redes sociais.  Para isso, basta escanear a tag a seguir: <\/p>\n\n\n\n<p><\/p>\n\n\n\n<div class=\"wp-block-image\"><figure class=\"aligncenter is-resized\"><a href=\"https:\/\/www.instagram.com\/profherbertalmeida\/\" target=\"_blank\" rel=\"noreferrer noopener\"><img loading=\"lazy\" decoding=\"async\" src=\"https:\/\/dhg1h5j42swfq.cloudfront.net\/2018\/01\/29210516\/tag-instagram-profherbertalmeida.jpeg\" alt=\"\" class=\"wp-image-149376\" width=\"301\" height=\"312\" srcset=\"https:\/\/dhg1h5j42swfq.cloudfront.net\/2018\/01\/29210516\/tag-instagram-profherbertalmeida.jpeg 743w, https:\/\/dhg1h5j42swfq.cloudfront.net\/2018\/01\/29210516\/tag-instagram-profherbertalmeida.jpeg 289w, https:\/\/dhg1h5j42swfq.cloudfront.net\/2018\/01\/29210516\/tag-instagram-profherbertalmeida.jpeg 610w\" sizes=\"auto, (max-width: 301px) 100vw, 301px\" \/><\/a><\/figure><\/div>\n\n\n\n<p>Para se inscrever no nosso canal no Youtube, basta escanear o QRCODE abaixo:<\/p>\n\n\n\n<div class=\"wp-block-image\"><figure class=\"aligncenter is-resized\"><a href=\"https:\/\/www.youtube.com\/profherbertalmeida\" target=\"_blank\" rel=\"noreferrer noopener\"><img loading=\"lazy\" decoding=\"async\" src=\"https:\/\/dhg1h5j42swfq.cloudfront.net\/2018\/10\/30182004\/qr-code.png\" alt=\"\" class=\"wp-image-149561\" width=\"296\" height=\"296\" srcset=\"https:\/\/dhg1h5j42swfq.cloudfront.net\/2018\/10\/30182004\/qr-code.png 1148w, https:\/\/dhg1h5j42swfq.cloudfront.net\/2018\/10\/30182004\/qr-code.png 150w, https:\/\/dhg1h5j42swfq.cloudfront.net\/2018\/10\/30182004\/qr-code.png 300w, https:\/\/dhg1h5j42swfq.cloudfront.net\/2018\/10\/30182004\/qr-code.png 768w, https:\/\/dhg1h5j42swfq.cloudfront.net\/2018\/10\/30182004\/qr-code.png 1024w, https:\/\/dhg1h5j42swfq.cloudfront.net\/2018\/10\/30182004\/qr-code.png 610w\" sizes=\"auto, (max-width: 296px) 100vw, 296px\" \/><\/a><\/figure><\/div>\n\n\n\n<p>Ou se preferir, pode fazer pelo modo tradicional:<\/p>\n\n\n\n<p><a href=\"http:\/\/www.youtube.com\/profherbertalmeida\" target=\"_blank\" rel=\"noreferrer noopener\" aria-label=\"www.youtube.com\/profherbertalmeida (opens in a new tab)\">www.youtube.com\/profherbertalmeida<\/a><\/p>\n\n\n\n<p><a rel=\"noreferrer noopener\" aria-label=\"www.instagram\/profherbertalmeida (opens in a new tab)\" href=\"http:\/\/www.instagram\/profherbertalmeida\" target=\"_blank\">www.instagram\/profherbertalmeida<\/a><\/p>\n\n\n\n<p><a rel=\"noreferrer noopener\" aria-label=\"www.facebook.com\/profherbertalmeida (opens in a new tab)\" href=\"http:\/\/www.facebook.com\/profherbertalmeida\" target=\"_blank\">www.facebook.com\/profherbertalmeida<\/a><\/p>\n\n\n\n<p>Um grande abra\u00e7o e at\u00e9 a pr\u00f3xima!<\/p>\n\n\n\n<p>Herbert Almeida<\/p>\n\n\n\n<p>Gabarito DPE RJ Direito Administrativo<\/p>\n\n\n<p><!--EndFragment--><\/p>\n<p><\/p>","protected":false},"excerpt":{"rendered":"<p>[Gabarito DPE RJ Direito Administrativo] Fala, pessoal! Aqui \u00e9 o Professor Herbert Almeida. Estou passando aqui para adiantar o gabarito das quest\u00f5es de Direito Administrativo da prova da DPE do Rio de Janeiro. Vou corrigir o gabarito dos cargos de T\u00e9cnico M\u00e9dio de Defensoria P\u00fablica e de T\u00e9cnico Superior de Administra\u00e7\u00e3o. Em linhas gerais, foi [&hellip;]<\/p>\n","protected":false},"author":129,"featured_media":0,"comment_status":"open","ping_status":"closed","sticky":false,"template":"","format":"standard","meta":{"post_tipo":"article","footnotes":""},"categories":[1],"tags":[],"tax_estado":[],"class_list":["post-254077","post","type-post","status-publish","format-standard","hentry","category-cursos-e-concursos"],"acf":[],"yoast_head":"<!-- This site is optimized with the Yoast SEO Premium plugin v27.2 (Yoast SEO v27.2) - https:\/\/yoast.com\/product\/yoast-seo-premium-wordpress\/ -->\n<title>Gabarito DPE RJ Direito Administrativo<\/title>\n<meta name=\"description\" content=\"Gabarito DPE RJ Direito Administrativo. Coment\u00e1rio, gabarito e recursos das quest\u00f5es da prova elaborada pela FGV para a Defensoria P\u00fablica do RJ.\" \/>\n<meta name=\"robots\" content=\"index, follow, max-snippet:-1, max-image-preview:large, max-video-preview:-1\" \/>\n<link rel=\"canonical\" href=\"https:\/\/www.estrategiaconcursos.com.br\/blog\/gabarito-dpe-rj-direito-administrativo\/\" \/>\n<meta property=\"og:locale\" content=\"pt_BR\" \/>\n<meta property=\"og:type\" content=\"article\" \/>\n<meta property=\"og:title\" content=\"Gabarito DPE RJ Direito Administrativo\" \/>\n<meta property=\"og:description\" content=\"Gabarito DPE RJ Direito Administrativo. Coment\u00e1rio, gabarito e recursos das quest\u00f5es da prova elaborada pela FGV para a Defensoria P\u00fablica do RJ.\" \/>\n<meta property=\"og:url\" content=\"https:\/\/www.estrategiaconcursos.com.br\/blog\/gabarito-dpe-rj-direito-administrativo\/\" \/>\n<meta property=\"og:site_name\" content=\"Estrat\u00e9gia Concursos\" \/>\n<meta property=\"article:published_time\" content=\"2019-04-14T18:29:01+00:00\" \/>\n<meta property=\"article:modified_time\" content=\"2019-04-16T00:20:42+00:00\" \/>\n<meta property=\"og:image\" content=\"https:\/\/www.estrategiaconcursos.com.br\/blog\/wp-content\/uploads\/2019\/04\/512.jpeg\" \/>\n<meta name=\"author\" content=\"Herbert Almeida\" \/>\n<meta name=\"twitter:card\" content=\"summary_large_image\" \/>\n<meta name=\"twitter:creator\" content=\"@EstratConcursos\" \/>\n<meta name=\"twitter:site\" content=\"@EstratConcursos\" \/>\n<meta name=\"twitter:label1\" content=\"Escrito por\" \/>\n\t<meta name=\"twitter:data1\" content=\"Herbert Almeida\" \/>\n\t<meta name=\"twitter:label2\" content=\"Est. tempo de leitura\" \/>\n\t<meta name=\"twitter:data2\" content=\"10 minutos\" \/>\n<script type=\"application\/ld+json\" class=\"yoast-schema-graph\">{\"@context\":\"https:\/\/schema.org\",\"@graph\":[{\"@type\":\"NewsArticle\",\"@id\":\"https:\/\/www.estrategiaconcursos.com.br\/blog\/gabarito-dpe-rj-direito-administrativo\/#article\",\"isPartOf\":{\"@id\":\"https:\/\/www.estrategiaconcursos.com.br\/blog\/gabarito-dpe-rj-direito-administrativo\/\"},\"author\":{\"name\":\"Herbert Almeida\",\"@id\":\"https:\/\/www.estrategiaconcursos.com.br\/blog\/#\/schema\/person\/59717c75350fa01aa0fd68a52a8d02e0\"},\"headline\":\"Gabarito DPE RJ Direito Administrativo\",\"datePublished\":\"2019-04-14T18:29:01+00:00\",\"dateModified\":\"2019-04-16T00:20:42+00:00\",\"mainEntityOfPage\":{\"@id\":\"https:\/\/www.estrategiaconcursos.com.br\/blog\/gabarito-dpe-rj-direito-administrativo\/\"},\"wordCount\":2057,\"commentCount\":2,\"publisher\":{\"@id\":\"https:\/\/www.estrategiaconcursos.com.br\/blog\/#organization\"},\"image\":{\"@id\":\"https:\/\/www.estrategiaconcursos.com.br\/blog\/gabarito-dpe-rj-direito-administrativo\/#primaryimage\"},\"thumbnailUrl\":\"https:\/\/www.estrategiaconcursos.com.br\/blog\/wp-content\/uploads\/2019\/04\/512.jpeg\",\"articleSection\":[\"Concursos P\u00fablicos\"],\"inLanguage\":\"pt-BR\",\"potentialAction\":[{\"@type\":\"CommentAction\",\"name\":\"Comment\",\"target\":[\"https:\/\/www.estrategiaconcursos.com.br\/blog\/gabarito-dpe-rj-direito-administrativo\/#respond\"]}],\"copyrightYear\":\"2019\",\"copyrightHolder\":{\"@id\":\"https:\/\/www.estrategiaconcursos.com.br\/blog\/#organization\"}},{\"@type\":\"WebPage\",\"@id\":\"https:\/\/www.estrategiaconcursos.com.br\/blog\/gabarito-dpe-rj-direito-administrativo\/\",\"url\":\"https:\/\/www.estrategiaconcursos.com.br\/blog\/gabarito-dpe-rj-direito-administrativo\/\",\"name\":\"Gabarito DPE RJ Direito Administrativo\",\"isPartOf\":{\"@id\":\"https:\/\/www.estrategiaconcursos.com.br\/blog\/#website\"},\"primaryImageOfPage\":{\"@id\":\"https:\/\/www.estrategiaconcursos.com.br\/blog\/gabarito-dpe-rj-direito-administrativo\/#primaryimage\"},\"image\":{\"@id\":\"https:\/\/www.estrategiaconcursos.com.br\/blog\/gabarito-dpe-rj-direito-administrativo\/#primaryimage\"},\"thumbnailUrl\":\"https:\/\/www.estrategiaconcursos.com.br\/blog\/wp-content\/uploads\/2019\/04\/512.jpeg\",\"datePublished\":\"2019-04-14T18:29:01+00:00\",\"dateModified\":\"2019-04-16T00:20:42+00:00\",\"description\":\"Gabarito DPE RJ Direito Administrativo. Coment\u00e1rio, gabarito e recursos das quest\u00f5es da prova elaborada pela FGV para a Defensoria P\u00fablica do RJ.\",\"breadcrumb\":{\"@id\":\"https:\/\/www.estrategiaconcursos.com.br\/blog\/gabarito-dpe-rj-direito-administrativo\/#breadcrumb\"},\"inLanguage\":\"pt-BR\",\"potentialAction\":[{\"@type\":\"ReadAction\",\"target\":[\"https:\/\/www.estrategiaconcursos.com.br\/blog\/gabarito-dpe-rj-direito-administrativo\/\"]}]},{\"@type\":\"ImageObject\",\"inLanguage\":\"pt-BR\",\"@id\":\"https:\/\/www.estrategiaconcursos.com.br\/blog\/gabarito-dpe-rj-direito-administrativo\/#primaryimage\",\"url\":\"https:\/\/dhg1h5j42swfq.cloudfront.net\/2019\/04\/14152043\/512.jpeg\",\"contentUrl\":\"https:\/\/dhg1h5j42swfq.cloudfront.net\/2019\/04\/14152043\/512.jpeg\",\"width\":387,\"height\":552},{\"@type\":\"BreadcrumbList\",\"@id\":\"https:\/\/www.estrategiaconcursos.com.br\/blog\/gabarito-dpe-rj-direito-administrativo\/#breadcrumb\",\"itemListElement\":[{\"@type\":\"ListItem\",\"position\":1,\"name\":\"In\u00edcio\",\"item\":\"https:\/\/www.estrategiaconcursos.com.br\/blog\/\"},{\"@type\":\"ListItem\",\"position\":2,\"name\":\"Gabarito DPE RJ Direito Administrativo\"}]},{\"@type\":\"WebSite\",\"@id\":\"https:\/\/www.estrategiaconcursos.com.br\/blog\/#website\",\"url\":\"https:\/\/www.estrategiaconcursos.com.br\/blog\/\",\"name\":\"Estrat\u00e9gia Concursos\",\"description\":\"O blog da Estrat\u00e9gia Concursos traz not\u00edcias sobre concursos e artigos de professores oferecendo cursos para concursos (pdf + videaulas) no site.\",\"publisher\":{\"@id\":\"https:\/\/www.estrategiaconcursos.com.br\/blog\/#organization\"},\"potentialAction\":[{\"@type\":\"SearchAction\",\"target\":{\"@type\":\"EntryPoint\",\"urlTemplate\":\"https:\/\/www.estrategiaconcursos.com.br\/blog\/?s={search_term_string}\"},\"query-input\":{\"@type\":\"PropertyValueSpecification\",\"valueRequired\":true,\"valueName\":\"search_term_string\"}}],\"inLanguage\":\"pt-BR\"},{\"@type\":\"Organization\",\"@id\":\"https:\/\/www.estrategiaconcursos.com.br\/blog\/#organization\",\"name\":\"Estrat\u00e9gia Concursos\",\"url\":\"https:\/\/www.estrategiaconcursos.com.br\/blog\/\",\"logo\":{\"@type\":\"ImageObject\",\"inLanguage\":\"pt-BR\",\"@id\":\"https:\/\/www.estrategiaconcursos.com.br\/blog\/#\/schema\/logo\/image\/\",\"url\":\"https:\/\/dhg1h5j42swfq.cloudfront.net\/2025\/06\/03203428\/logo_concursos-1.jpg\",\"contentUrl\":\"https:\/\/dhg1h5j42swfq.cloudfront.net\/2025\/06\/03203428\/logo_concursos-1.jpg\",\"width\":230,\"height\":60,\"caption\":\"Estrat\u00e9gia Concursos\"},\"image\":{\"@id\":\"https:\/\/www.estrategiaconcursos.com.br\/blog\/#\/schema\/logo\/image\/\"},\"sameAs\":[\"https:\/\/x.com\/EstratConcursos\"]},{\"@type\":\"Person\",\"@id\":\"https:\/\/www.estrategiaconcursos.com.br\/blog\/#\/schema\/person\/59717c75350fa01aa0fd68a52a8d02e0\",\"name\":\"Herbert Almeida\",\"image\":{\"@type\":\"ImageObject\",\"inLanguage\":\"pt-BR\",\"@id\":\"https:\/\/secure.gravatar.com\/avatar\/b6461a43893c24d5fc91efc433971ffec025c84c0341129f4578034d77f9a536?s=96&d=mm&r=g\",\"url\":\"https:\/\/secure.gravatar.com\/avatar\/b6461a43893c24d5fc91efc433971ffec025c84c0341129f4578034d77f9a536?s=96&d=mm&r=g\",\"contentUrl\":\"https:\/\/secure.gravatar.com\/avatar\/b6461a43893c24d5fc91efc433971ffec025c84c0341129f4578034d77f9a536?s=96&d=mm&r=g\",\"caption\":\"Herbert Almeida\"},\"url\":\"https:\/\/www.estrategiaconcursos.com.br\/blog\/author\/herbertestrategiaconcursos-com-br\/\"}]}<\/script>\n<!-- \/ Yoast SEO Premium plugin. -->","yoast_head_json":{"title":"Gabarito DPE RJ Direito Administrativo","description":"Gabarito DPE RJ Direito Administrativo. Coment\u00e1rio, gabarito e recursos das quest\u00f5es da prova elaborada pela FGV para a Defensoria P\u00fablica do RJ.","robots":{"index":"index","follow":"follow","max-snippet":"max-snippet:-1","max-image-preview":"max-image-preview:large","max-video-preview":"max-video-preview:-1"},"canonical":"https:\/\/www.estrategiaconcursos.com.br\/blog\/gabarito-dpe-rj-direito-administrativo\/","og_locale":"pt_BR","og_type":"article","og_title":"Gabarito DPE RJ Direito Administrativo","og_description":"Gabarito DPE RJ Direito Administrativo. Coment\u00e1rio, gabarito e recursos das quest\u00f5es da prova elaborada pela FGV para a Defensoria P\u00fablica do RJ.","og_url":"https:\/\/www.estrategiaconcursos.com.br\/blog\/gabarito-dpe-rj-direito-administrativo\/","og_site_name":"Estrat\u00e9gia Concursos","article_published_time":"2019-04-14T18:29:01+00:00","article_modified_time":"2019-04-16T00:20:42+00:00","og_image":[{"url":"https:\/\/www.estrategiaconcursos.com.br\/blog\/wp-content\/uploads\/2019\/04\/512.jpeg","type":"","width":"","height":""}],"author":"Herbert Almeida","twitter_card":"summary_large_image","twitter_creator":"@EstratConcursos","twitter_site":"@EstratConcursos","twitter_misc":{"Escrito por":"Herbert Almeida","Est. tempo de leitura":"10 minutos"},"schema":{"@context":"https:\/\/schema.org","@graph":[{"@type":"NewsArticle","@id":"https:\/\/www.estrategiaconcursos.com.br\/blog\/gabarito-dpe-rj-direito-administrativo\/#article","isPartOf":{"@id":"https:\/\/www.estrategiaconcursos.com.br\/blog\/gabarito-dpe-rj-direito-administrativo\/"},"author":{"name":"Herbert Almeida","@id":"https:\/\/www.estrategiaconcursos.com.br\/blog\/#\/schema\/person\/59717c75350fa01aa0fd68a52a8d02e0"},"headline":"Gabarito DPE RJ Direito Administrativo","datePublished":"2019-04-14T18:29:01+00:00","dateModified":"2019-04-16T00:20:42+00:00","mainEntityOfPage":{"@id":"https:\/\/www.estrategiaconcursos.com.br\/blog\/gabarito-dpe-rj-direito-administrativo\/"},"wordCount":2057,"commentCount":2,"publisher":{"@id":"https:\/\/www.estrategiaconcursos.com.br\/blog\/#organization"},"image":{"@id":"https:\/\/www.estrategiaconcursos.com.br\/blog\/gabarito-dpe-rj-direito-administrativo\/#primaryimage"},"thumbnailUrl":"https:\/\/www.estrategiaconcursos.com.br\/blog\/wp-content\/uploads\/2019\/04\/512.jpeg","articleSection":["Concursos P\u00fablicos"],"inLanguage":"pt-BR","potentialAction":[{"@type":"CommentAction","name":"Comment","target":["https:\/\/www.estrategiaconcursos.com.br\/blog\/gabarito-dpe-rj-direito-administrativo\/#respond"]}],"copyrightYear":"2019","copyrightHolder":{"@id":"https:\/\/www.estrategiaconcursos.com.br\/blog\/#organization"}},{"@type":"WebPage","@id":"https:\/\/www.estrategiaconcursos.com.br\/blog\/gabarito-dpe-rj-direito-administrativo\/","url":"https:\/\/www.estrategiaconcursos.com.br\/blog\/gabarito-dpe-rj-direito-administrativo\/","name":"Gabarito DPE RJ Direito Administrativo","isPartOf":{"@id":"https:\/\/www.estrategiaconcursos.com.br\/blog\/#website"},"primaryImageOfPage":{"@id":"https:\/\/www.estrategiaconcursos.com.br\/blog\/gabarito-dpe-rj-direito-administrativo\/#primaryimage"},"image":{"@id":"https:\/\/www.estrategiaconcursos.com.br\/blog\/gabarito-dpe-rj-direito-administrativo\/#primaryimage"},"thumbnailUrl":"https:\/\/www.estrategiaconcursos.com.br\/blog\/wp-content\/uploads\/2019\/04\/512.jpeg","datePublished":"2019-04-14T18:29:01+00:00","dateModified":"2019-04-16T00:20:42+00:00","description":"Gabarito DPE RJ Direito Administrativo. Coment\u00e1rio, gabarito e recursos das quest\u00f5es da prova elaborada pela FGV para a Defensoria P\u00fablica do RJ.","breadcrumb":{"@id":"https:\/\/www.estrategiaconcursos.com.br\/blog\/gabarito-dpe-rj-direito-administrativo\/#breadcrumb"},"inLanguage":"pt-BR","potentialAction":[{"@type":"ReadAction","target":["https:\/\/www.estrategiaconcursos.com.br\/blog\/gabarito-dpe-rj-direito-administrativo\/"]}]},{"@type":"ImageObject","inLanguage":"pt-BR","@id":"https:\/\/www.estrategiaconcursos.com.br\/blog\/gabarito-dpe-rj-direito-administrativo\/#primaryimage","url":"https:\/\/dhg1h5j42swfq.cloudfront.net\/2019\/04\/14152043\/512.jpeg","contentUrl":"https:\/\/dhg1h5j42swfq.cloudfront.net\/2019\/04\/14152043\/512.jpeg","width":387,"height":552},{"@type":"BreadcrumbList","@id":"https:\/\/www.estrategiaconcursos.com.br\/blog\/gabarito-dpe-rj-direito-administrativo\/#breadcrumb","itemListElement":[{"@type":"ListItem","position":1,"name":"In\u00edcio","item":"https:\/\/www.estrategiaconcursos.com.br\/blog\/"},{"@type":"ListItem","position":2,"name":"Gabarito DPE RJ Direito Administrativo"}]},{"@type":"WebSite","@id":"https:\/\/www.estrategiaconcursos.com.br\/blog\/#website","url":"https:\/\/www.estrategiaconcursos.com.br\/blog\/","name":"Estrat\u00e9gia Concursos","description":"O blog da Estrat\u00e9gia Concursos traz not\u00edcias sobre concursos e artigos de professores oferecendo cursos para concursos (pdf + videaulas) no site.","publisher":{"@id":"https:\/\/www.estrategiaconcursos.com.br\/blog\/#organization"},"potentialAction":[{"@type":"SearchAction","target":{"@type":"EntryPoint","urlTemplate":"https:\/\/www.estrategiaconcursos.com.br\/blog\/?s={search_term_string}"},"query-input":{"@type":"PropertyValueSpecification","valueRequired":true,"valueName":"search_term_string"}}],"inLanguage":"pt-BR"},{"@type":"Organization","@id":"https:\/\/www.estrategiaconcursos.com.br\/blog\/#organization","name":"Estrat\u00e9gia Concursos","url":"https:\/\/www.estrategiaconcursos.com.br\/blog\/","logo":{"@type":"ImageObject","inLanguage":"pt-BR","@id":"https:\/\/www.estrategiaconcursos.com.br\/blog\/#\/schema\/logo\/image\/","url":"https:\/\/dhg1h5j42swfq.cloudfront.net\/2025\/06\/03203428\/logo_concursos-1.jpg","contentUrl":"https:\/\/dhg1h5j42swfq.cloudfront.net\/2025\/06\/03203428\/logo_concursos-1.jpg","width":230,"height":60,"caption":"Estrat\u00e9gia Concursos"},"image":{"@id":"https:\/\/www.estrategiaconcursos.com.br\/blog\/#\/schema\/logo\/image\/"},"sameAs":["https:\/\/x.com\/EstratConcursos"]},{"@type":"Person","@id":"https:\/\/www.estrategiaconcursos.com.br\/blog\/#\/schema\/person\/59717c75350fa01aa0fd68a52a8d02e0","name":"Herbert Almeida","image":{"@type":"ImageObject","inLanguage":"pt-BR","@id":"https:\/\/secure.gravatar.com\/avatar\/b6461a43893c24d5fc91efc433971ffec025c84c0341129f4578034d77f9a536?s=96&d=mm&r=g","url":"https:\/\/secure.gravatar.com\/avatar\/b6461a43893c24d5fc91efc433971ffec025c84c0341129f4578034d77f9a536?s=96&d=mm&r=g","contentUrl":"https:\/\/secure.gravatar.com\/avatar\/b6461a43893c24d5fc91efc433971ffec025c84c0341129f4578034d77f9a536?s=96&d=mm&r=g","caption":"Herbert Almeida"},"url":"https:\/\/www.estrategiaconcursos.com.br\/blog\/author\/herbertestrategiaconcursos-com-br\/"}]}},"_links":{"self":[{"href":"https:\/\/www.estrategiaconcursos.com.br\/blog\/wp-json\/wp\/v2\/posts\/254077","targetHints":{"allow":["GET"]}}],"collection":[{"href":"https:\/\/www.estrategiaconcursos.com.br\/blog\/wp-json\/wp\/v2\/posts"}],"about":[{"href":"https:\/\/www.estrategiaconcursos.com.br\/blog\/wp-json\/wp\/v2\/types\/post"}],"author":[{"embeddable":true,"href":"https:\/\/www.estrategiaconcursos.com.br\/blog\/wp-json\/wp\/v2\/users\/129"}],"replies":[{"embeddable":true,"href":"https:\/\/www.estrategiaconcursos.com.br\/blog\/wp-json\/wp\/v2\/comments?post=254077"}],"version-history":[{"count":3,"href":"https:\/\/www.estrategiaconcursos.com.br\/blog\/wp-json\/wp\/v2\/posts\/254077\/revisions"}],"predecessor-version":[{"id":254148,"href":"https:\/\/www.estrategiaconcursos.com.br\/blog\/wp-json\/wp\/v2\/posts\/254077\/revisions\/254148"}],"wp:attachment":[{"href":"https:\/\/www.estrategiaconcursos.com.br\/blog\/wp-json\/wp\/v2\/media?parent=254077"}],"wp:term":[{"taxonomy":"category","embeddable":true,"href":"https:\/\/www.estrategiaconcursos.com.br\/blog\/wp-json\/wp\/v2\/categories?post=254077"},{"taxonomy":"post_tag","embeddable":true,"href":"https:\/\/www.estrategiaconcursos.com.br\/blog\/wp-json\/wp\/v2\/tags?post=254077"},{"taxonomy":"tax_estado","embeddable":true,"href":"https:\/\/www.estrategiaconcursos.com.br\/blog\/wp-json\/wp\/v2\/tax_estado?post=254077"}],"curies":[{"name":"wp","href":"https:\/\/api.w.org\/{rel}","templated":true}]}}