{"id":25402,"date":"2015-08-11T17:23:35","date_gmt":"2015-08-11T20:23:35","guid":{"rendered":"http:\/\/www.estrategiaconcursos.com.br\/blog\/?p=25402"},"modified":"2019-08-09T15:29:25","modified_gmt":"2019-08-09T18:29:25","slug":"concurso-tcu-tecnico-provas-e-gabaritos-nesta-terca-feira-nao-perca-nosso-aulao-ao-vivo-e-gratuito-de-correcao-da-prova-do-concurso-faca-ja-sua-inscricao","status":"publish","type":"post","link":"https:\/\/www.estrategiaconcursos.com.br\/blog\/concurso-tcu-tecnico-provas-e-gabaritos-nesta-terca-feira-nao-perca-nosso-aulao-ao-vivo-e-gratuito-de-correcao-da-prova-do-concurso-faca-ja-sua-inscricao\/","title":{"rendered":"Concurso TCU &#8211; T\u00e9cnico: Provas e gabaritos nesta ter\u00e7a-feira. Confira nosso aul\u00e3o ao vivo e gratuito de corre\u00e7\u00e3o da prova do concurso"},"content":{"rendered":"<p>&nbsp;<\/p>\n<p style=\"text-align: justify;\"><a href=\"https:\/\/dhg1h5j42swfq.cloudfront.net\/2015\/08\/10155711\/Aul%C3%A3o-TCU.jpg\"><img loading=\"lazy\" decoding=\"async\" class=\" wp-image-25349 size-medium alignleft\" src=\"https:\/\/dhg1h5j42swfq.cloudfront.net\/2015\/08\/10155711\/Aul%C3%A3o-TCU.jpg\" alt=\"Aul\u00e3o concurso TCU\" width=\"300\" height=\"221\" srcset=\"https:\/\/dhg1h5j42swfq.cloudfront.net\/2015\/08\/10155711\/Aul%C3%A3o-TCU.jpg 2547w, https:\/\/dhg1h5j42swfq.cloudfront.net\/2015\/08\/10155711\/Aul%C3%A3o-TCU.jpg 300w, https:\/\/dhg1h5j42swfq.cloudfront.net\/2015\/08\/10155711\/Aul%C3%A3o-TCU.jpg 1024w, https:\/\/dhg1h5j42swfq.cloudfront.net\/2015\/08\/10155711\/Aul%C3%A3o-TCU.jpg 407w\" sizes=\"auto, (max-width: 300px) 100vw, 300px\" \/><\/a><\/p>\n<p style=\"text-align: justify;\"><span style=\"color: #000000;\">Foram&nbsp;divulgados nesta ter\u00e7a-feira, a partir das 19h, as provas e os gabaritos preliminares do concurso para o cargo de T\u00e9cnico Federal de Controle Externo do&nbsp;Tribunal de Contas da Uni\u00e3o (concurso TCU &#8211; T\u00e9cnico). Confira&nbsp;em:<\/span><\/p>\n<p style=\"text-align: justify;\"><span style=\"color: #0000ff;\"><a style=\"color: #0000ff;\" href=\"http:\/\/www.cespe.unb.br\/concursos\/TCU_15_TFCE\/\">http:\/\/www.cespe.unb.br\/concursos\/TCU_15_TFCE\/<\/a><\/span><\/p>\n<p style=\"text-align: justify;\"><span style=\"color: #000000;\">O candidato que desejar interpor recursos contra os gabaritos ter\u00e1 das 9 horas de 12 de agosto \u00e0s 18 horas do dia 13 de agosto para faz\u00ea-lo.<\/span><\/p>\n<p style=\"text-align: justify;\"><span style=\"color: #000000;\"><em><strong>Os professores do Estrat\u00e9gia Concursos&nbsp;S\u00e9rgio Mendes, Ricardo Vale,&nbsp;Carlos Xavier, Giovanni Pacelli e Rodrigo Barreto, realizar\u00e3o nesta ter\u00e7a-feira, \u00e0s 20h, um aul\u00e3o ao vivo para a corre\u00e7\u00e3o da prova. Fa\u00e7a j\u00e1 sua inscri\u00e7\u00e3o em:<\/strong><\/em><\/span><\/p>\n<p style=\"text-align: justify;\"><span style=\"color: #0000ff;\">http:\/\/app.webinarjam.net\/register\/14759\/af74429cbe<\/span><\/p>\n<p style=\"text-align: justify;\"><span style=\"color: #000000;\"><strong>Provas concurso TCU \u2013 T\u00e9cnico<\/strong><\/span><\/p>\n<p style=\"text-align: justify;\"><span style=\"color: #000000;\">Cerca de 40 mil inscritos foram submetidos \u00e0s avalia\u00e7\u00f5es objetivas e discursivas no \u00faltimo&nbsp;domingo, 9 de agosto. Foram quase&nbsp;1.000 inscritos por vaga, sendo 38.723 para ampla concorr\u00eancia (40 vagas) e 684 para pessoas com defici\u00eancia (2 vagas).<\/span><\/p>\n<p style=\"text-align: justify;\"><span style=\"color: #000000;\">As provas objetivas tiveram duas etapas, com dura\u00e7\u00e3o de 3 horas, compostas por 50 quest\u00f5es cada, somando 100 pontos (1 ponto por quest\u00e3o). Al\u00e9m das quest\u00f5es objetivas, o concurso TCU contou com 2 quest\u00f5es discursivas sobre conhecimentos espec\u00edficos e uma pe\u00e7a de natureza t\u00e9cnica.<\/span><\/p>\n<p style=\"text-align: justify;\"><span style=\"color: #000000;\">A nota dos candidatos se dar\u00e1 da seguinte forma: 1 ponto, caso a resposta esteja certa; 1 ponto negativo, caso a resposta esteja em discord\u00e2ncia com o gabarito oficial; e 0 ponto (nem soma, nem decresce) caso n\u00e3o haja marca\u00e7\u00e3o ou marca\u00e7\u00e3o dupla. Ser\u00e1 reprovado na etapa o candidato que tiver nota inferior a 10 pontos na prova objetiva de Conhecimentos B\u00e1sicos P1; ou nota inferior a 15 pontos na prova de Conhecimentos Espec\u00edficos P2; ou ainda nota inferior a 30 pontos no conjunto das provas objetivas.<\/span><\/p>\n<p style=\"text-align: justify;\"><span style=\"color: #000000;\">Os gabaritos preliminares ser\u00e3o divulgados nesta ter\u00e7a-feira, 11 de agosto, a partir das 19 horas. O candidato que desejar interpor recursos contra os gabaritos ter\u00e1 das 9 horas de 12 de agosto \u00e0s 18 horas do dia 13 de agosto para faz\u00ea-lo.&nbsp;<\/span><\/p>\n<p style=\"text-align: justify;\"><span style=\"color: #000000;\"><strong>Mais sobre o concurso TCU \u2013 T\u00e9cnico<\/strong><\/span><\/p>\n<p style=\"text-align: justify;\"><span style=\"color: #000000;\">Para n\u00edvel m\u00e9dio, s\u00e3o 42 vagas para o cargo de T\u00e9cnico de Controle Externo na \u00e1rea de&nbsp;Apoio T\u00e9cnico e Administrativo. As mesmas s\u00e3o para s\u00e3o para Bras\u00edlia (32), Maranh\u00e3o (2), Acre (1), Mato Grosso (1), Amazonas (1), Bahia (1), Par\u00e1 (1), Pernambuco (1), Rond\u00f4nia (1) e Roraima (1).&nbsp;A remunera\u00e7\u00e3o \u00e9 de&nbsp;R$ 7.938,36&nbsp; para uma jornada de 40 horas semanais.<\/span><\/p>\n<p style=\"text-align: justify;\"><span style=\"color: #000000;\"><a style=\"color: #000000;\" href=\"https:\/\/dhg1h5j42swfq.cloudfront.net\/2015\/06\/concurso-TCU-Tecnico.jpg\"><img loading=\"lazy\" decoding=\"async\" class=\"aligncenter wp-image-23747 size-large\" src=\"https:\/\/dhg1h5j42swfq.cloudfront.net\/2015\/06\/concurso-TCU-Tecnico.jpg\" alt=\"concurso TCU - Tecnico\" width=\"584\" height=\"263\" srcset=\"https:\/\/dhg1h5j42swfq.cloudfront.net\/2015\/06\/concurso-TCU-Tecnico.jpg 2970w, https:\/\/dhg1h5j42swfq.cloudfront.net\/2015\/06\/concurso-TCU-Tecnico.jpg 300w, https:\/\/dhg1h5j42swfq.cloudfront.net\/2015\/06\/concurso-TCU-Tecnico.jpg 1024w, https:\/\/dhg1h5j42swfq.cloudfront.net\/2015\/06\/concurso-TCU-Tecnico.jpg 500w\" sizes=\"auto, (max-width: 584px) 100vw, 584px\" \/><\/a><\/span><\/p>\n<p style=\"text-align: justify;\"><span style=\"color: #000000;\">O concurso p\u00fablico tem prazo de validade de 180 dias, podendo ser prorrogado uma vez por igual per\u00edodo, contados da data da publica\u00e7\u00e3o da homologa\u00e7\u00e3o do resultado final.<\/span><\/p>\n<p style=\"text-align: justify;\"><span style=\"color: #000000;\">Assessoria de Comunica\u00e7\u00e3o<\/span><\/p>\n<p style=\"text-align: justify;\"><span style=\"color: #000000;\">comunicacao@estrategiaconcursos.com.br<\/span><\/p>\n","protected":false},"excerpt":{"rendered":"<p>&nbsp; Foram&nbsp;divulgados nesta ter\u00e7a-feira, a partir das 19h, as provas e os gabaritos preliminares do concurso para o cargo de T\u00e9cnico Federal de Controle Externo do&nbsp;Tribunal de Contas da Uni\u00e3o (concurso TCU &#8211; T\u00e9cnico). Confira&nbsp;em: http:\/\/www.cespe.unb.br\/concursos\/TCU_15_TFCE\/ O candidato que desejar interpor recursos contra os gabaritos ter\u00e1 das 9 horas de 12 de agosto \u00e0s 18 [&hellip;]<\/p>\n","protected":false},"author":1,"featured_media":0,"comment_status":"open","ping_status":"open","sticky":false,"template":"","format":"standard","meta":{"post_tipo":"news","footnotes":""},"categories":[],"tags":[598,728],"tax_estado":[],"class_list":["post-25402","post","type-post","status-publish","format-standard","hentry","tag-tcu","tag-tcu-2015"],"acf":[],"yoast_head":"<!-- This site is optimized with the Yoast SEO Premium plugin v27.2 (Yoast SEO v27.2) - https:\/\/yoast.com\/product\/yoast-seo-premium-wordpress\/ -->\n<title>Concurso TCU - T\u00e9cnico: Provas e gabaritos nesta ter\u00e7a-feira. Confira nosso aul\u00e3o ao vivo e gratuito de corre\u00e7\u00e3o da prova do concurso<\/title>\n<meta name=\"description\" content=\"Os professores do Estrat\u00e9gia Concursos realizar\u00e3o nesta ter\u00e7a-feira, \u00e0s 20h, um aul\u00e3o ao vivo para a corre\u00e7\u00e3o da prova do concurso TCU - Tecnico.\" \/>\n<meta name=\"robots\" content=\"index, follow, max-snippet:-1, max-image-preview:large, max-video-preview:-1\" \/>\n<link rel=\"canonical\" href=\"https:\/\/www.estrategiaconcursos.com.br\/blog\/concurso-tcu-tecnico-provas-e-gabaritos-nesta-terca-feira-nao-perca-nosso-aulao-ao-vivo-e-gratuito-de-correcao-da-prova-do-concurso-faca-ja-sua-inscricao\/\" \/>\n<meta property=\"og:locale\" content=\"pt_BR\" \/>\n<meta property=\"og:type\" content=\"article\" \/>\n<meta property=\"og:title\" content=\"Concurso TCU - T\u00e9cnico: Provas e gabaritos nesta ter\u00e7a-feira. Confira nosso aul\u00e3o ao vivo e gratuito de corre\u00e7\u00e3o da prova do concurso\" \/>\n<meta property=\"og:description\" content=\"Os professores do Estrat\u00e9gia Concursos realizar\u00e3o nesta ter\u00e7a-feira, \u00e0s 20h, um aul\u00e3o ao vivo para a corre\u00e7\u00e3o da prova do concurso TCU - Tecnico.\" \/>\n<meta property=\"og:url\" content=\"https:\/\/www.estrategiaconcursos.com.br\/blog\/concurso-tcu-tecnico-provas-e-gabaritos-nesta-terca-feira-nao-perca-nosso-aulao-ao-vivo-e-gratuito-de-correcao-da-prova-do-concurso-faca-ja-sua-inscricao\/\" \/>\n<meta property=\"og:site_name\" content=\"Estrat\u00e9gia Concursos\" \/>\n<meta property=\"article:author\" content=\"https:\/\/www.facebook.com\/EstrategiaConcursos\" \/>\n<meta property=\"article:published_time\" content=\"2015-08-11T20:23:35+00:00\" \/>\n<meta property=\"article:modified_time\" content=\"2019-08-09T18:29:25+00:00\" \/>\n<meta property=\"og:image\" content=\"https:\/\/www.estrategiaconcursos.com.br\/blog\/wp-content\/uploads\/2015\/06\/concurso-TCU-Tecnico-1024x462.jpg\" \/>\n<meta name=\"author\" content=\"Coordena\u00e7\u00e3o\" \/>\n<meta name=\"twitter:card\" content=\"summary_large_image\" \/>\n<meta name=\"twitter:creator\" content=\"@EstratConcursos\" \/>\n<meta name=\"twitter:site\" content=\"@EstratConcursos\" \/>\n<meta name=\"twitter:label1\" content=\"Escrito por\" \/>\n\t<meta name=\"twitter:data1\" content=\"Coordena\u00e7\u00e3o\" \/>\n\t<meta name=\"twitter:label2\" content=\"Est. tempo de leitura\" \/>\n\t<meta name=\"twitter:data2\" content=\"2 minutos\" \/>\n<script type=\"application\/ld+json\" class=\"yoast-schema-graph\">{\"@context\":\"https:\/\/schema.org\",\"@graph\":[{\"@type\":\"NewsArticle\",\"@id\":\"https:\/\/www.estrategiaconcursos.com.br\/blog\/concurso-tcu-tecnico-provas-e-gabaritos-nesta-terca-feira-nao-perca-nosso-aulao-ao-vivo-e-gratuito-de-correcao-da-prova-do-concurso-faca-ja-sua-inscricao\/#article\",\"isPartOf\":{\"@id\":\"https:\/\/www.estrategiaconcursos.com.br\/blog\/concurso-tcu-tecnico-provas-e-gabaritos-nesta-terca-feira-nao-perca-nosso-aulao-ao-vivo-e-gratuito-de-correcao-da-prova-do-concurso-faca-ja-sua-inscricao\/\"},\"author\":{\"name\":\"Coordena\u00e7\u00e3o\",\"@id\":\"https:\/\/www.estrategiaconcursos.com.br\/blog\/#\/schema\/person\/b4a388c97673c5f483d72185668afa1f\"},\"headline\":\"Concurso TCU &#8211; T\u00e9cnico: Provas e gabaritos nesta ter\u00e7a-feira. Confira nosso aul\u00e3o ao vivo e gratuito de corre\u00e7\u00e3o da prova do concurso\",\"datePublished\":\"2015-08-11T20:23:35+00:00\",\"dateModified\":\"2019-08-09T18:29:25+00:00\",\"mainEntityOfPage\":{\"@id\":\"https:\/\/www.estrategiaconcursos.com.br\/blog\/concurso-tcu-tecnico-provas-e-gabaritos-nesta-terca-feira-nao-perca-nosso-aulao-ao-vivo-e-gratuito-de-correcao-da-prova-do-concurso-faca-ja-sua-inscricao\/\"},\"wordCount\":481,\"commentCount\":3,\"publisher\":{\"@id\":\"https:\/\/www.estrategiaconcursos.com.br\/blog\/#organization\"},\"image\":{\"@id\":\"https:\/\/www.estrategiaconcursos.com.br\/blog\/concurso-tcu-tecnico-provas-e-gabaritos-nesta-terca-feira-nao-perca-nosso-aulao-ao-vivo-e-gratuito-de-correcao-da-prova-do-concurso-faca-ja-sua-inscricao\/#primaryimage\"},\"thumbnailUrl\":\"https:\/\/www.estrategiaconcursos.com.br\/blog\/wp-content\/uploads\/2015\/06\/concurso-TCU-Tecnico-1024x462.jpg\",\"keywords\":[\"Concurso TCU\",\"TCU 2015\"],\"inLanguage\":\"pt-BR\",\"potentialAction\":[{\"@type\":\"CommentAction\",\"name\":\"Comment\",\"target\":[\"https:\/\/www.estrategiaconcursos.com.br\/blog\/concurso-tcu-tecnico-provas-e-gabaritos-nesta-terca-feira-nao-perca-nosso-aulao-ao-vivo-e-gratuito-de-correcao-da-prova-do-concurso-faca-ja-sua-inscricao\/#respond\"]}],\"copyrightYear\":\"2015\",\"copyrightHolder\":{\"@id\":\"https:\/\/www.estrategiaconcursos.com.br\/blog\/#organization\"}},{\"@type\":\"WebPage\",\"@id\":\"https:\/\/www.estrategiaconcursos.com.br\/blog\/concurso-tcu-tecnico-provas-e-gabaritos-nesta-terca-feira-nao-perca-nosso-aulao-ao-vivo-e-gratuito-de-correcao-da-prova-do-concurso-faca-ja-sua-inscricao\/\",\"url\":\"https:\/\/www.estrategiaconcursos.com.br\/blog\/concurso-tcu-tecnico-provas-e-gabaritos-nesta-terca-feira-nao-perca-nosso-aulao-ao-vivo-e-gratuito-de-correcao-da-prova-do-concurso-faca-ja-sua-inscricao\/\",\"name\":\"Concurso TCU - T\u00e9cnico: Provas e gabaritos nesta ter\u00e7a-feira. Confira nosso aul\u00e3o ao vivo e gratuito de corre\u00e7\u00e3o da prova do concurso\",\"isPartOf\":{\"@id\":\"https:\/\/www.estrategiaconcursos.com.br\/blog\/#website\"},\"primaryImageOfPage\":{\"@id\":\"https:\/\/www.estrategiaconcursos.com.br\/blog\/concurso-tcu-tecnico-provas-e-gabaritos-nesta-terca-feira-nao-perca-nosso-aulao-ao-vivo-e-gratuito-de-correcao-da-prova-do-concurso-faca-ja-sua-inscricao\/#primaryimage\"},\"image\":{\"@id\":\"https:\/\/www.estrategiaconcursos.com.br\/blog\/concurso-tcu-tecnico-provas-e-gabaritos-nesta-terca-feira-nao-perca-nosso-aulao-ao-vivo-e-gratuito-de-correcao-da-prova-do-concurso-faca-ja-sua-inscricao\/#primaryimage\"},\"thumbnailUrl\":\"https:\/\/www.estrategiaconcursos.com.br\/blog\/wp-content\/uploads\/2015\/06\/concurso-TCU-Tecnico-1024x462.jpg\",\"datePublished\":\"2015-08-11T20:23:35+00:00\",\"dateModified\":\"2019-08-09T18:29:25+00:00\",\"description\":\"Os professores do Estrat\u00e9gia Concursos realizar\u00e3o nesta ter\u00e7a-feira, \u00e0s 20h, um aul\u00e3o ao vivo para a corre\u00e7\u00e3o da prova do concurso TCU - Tecnico.\",\"breadcrumb\":{\"@id\":\"https:\/\/www.estrategiaconcursos.com.br\/blog\/concurso-tcu-tecnico-provas-e-gabaritos-nesta-terca-feira-nao-perca-nosso-aulao-ao-vivo-e-gratuito-de-correcao-da-prova-do-concurso-faca-ja-sua-inscricao\/#breadcrumb\"},\"inLanguage\":\"pt-BR\",\"potentialAction\":[{\"@type\":\"ReadAction\",\"target\":[\"https:\/\/www.estrategiaconcursos.com.br\/blog\/concurso-tcu-tecnico-provas-e-gabaritos-nesta-terca-feira-nao-perca-nosso-aulao-ao-vivo-e-gratuito-de-correcao-da-prova-do-concurso-faca-ja-sua-inscricao\/\"]}]},{\"@type\":\"ImageObject\",\"inLanguage\":\"pt-BR\",\"@id\":\"https:\/\/www.estrategiaconcursos.com.br\/blog\/concurso-tcu-tecnico-provas-e-gabaritos-nesta-terca-feira-nao-perca-nosso-aulao-ao-vivo-e-gratuito-de-correcao-da-prova-do-concurso-faca-ja-sua-inscricao\/#primaryimage\",\"url\":\"https:\/\/dhg1h5j42swfq.cloudfront.net\/2015\/06\/concurso-TCU-Tecnico.jpg\",\"contentUrl\":\"https:\/\/dhg1h5j42swfq.cloudfront.net\/2015\/06\/concurso-TCU-Tecnico.jpg\",\"width\":2970,\"height\":1340},{\"@type\":\"BreadcrumbList\",\"@id\":\"https:\/\/www.estrategiaconcursos.com.br\/blog\/concurso-tcu-tecnico-provas-e-gabaritos-nesta-terca-feira-nao-perca-nosso-aulao-ao-vivo-e-gratuito-de-correcao-da-prova-do-concurso-faca-ja-sua-inscricao\/#breadcrumb\",\"itemListElement\":[{\"@type\":\"ListItem\",\"position\":1,\"name\":\"In\u00edcio\",\"item\":\"https:\/\/www.estrategiaconcursos.com.br\/blog\/\"},{\"@type\":\"ListItem\",\"position\":2,\"name\":\"Concurso TCU &#8211; T\u00e9cnico: Provas e gabaritos nesta ter\u00e7a-feira. Confira nosso aul\u00e3o ao vivo e gratuito de corre\u00e7\u00e3o da prova do concurso\"}]},{\"@type\":\"WebSite\",\"@id\":\"https:\/\/www.estrategiaconcursos.com.br\/blog\/#website\",\"url\":\"https:\/\/www.estrategiaconcursos.com.br\/blog\/\",\"name\":\"Estrat\u00e9gia Concursos\",\"description\":\"O blog da Estrat\u00e9gia Concursos traz not\u00edcias sobre concursos e artigos de professores oferecendo cursos para concursos (pdf + videaulas) no site.\",\"publisher\":{\"@id\":\"https:\/\/www.estrategiaconcursos.com.br\/blog\/#organization\"},\"potentialAction\":[{\"@type\":\"SearchAction\",\"target\":{\"@type\":\"EntryPoint\",\"urlTemplate\":\"https:\/\/www.estrategiaconcursos.com.br\/blog\/?s={search_term_string}\"},\"query-input\":{\"@type\":\"PropertyValueSpecification\",\"valueRequired\":true,\"valueName\":\"search_term_string\"}}],\"inLanguage\":\"pt-BR\"},{\"@type\":\"Organization\",\"@id\":\"https:\/\/www.estrategiaconcursos.com.br\/blog\/#organization\",\"name\":\"Estrat\u00e9gia Concursos\",\"url\":\"https:\/\/www.estrategiaconcursos.com.br\/blog\/\",\"logo\":{\"@type\":\"ImageObject\",\"inLanguage\":\"pt-BR\",\"@id\":\"https:\/\/www.estrategiaconcursos.com.br\/blog\/#\/schema\/logo\/image\/\",\"url\":\"https:\/\/dhg1h5j42swfq.cloudfront.net\/2025\/06\/03203428\/logo_concursos-1.jpg\",\"contentUrl\":\"https:\/\/dhg1h5j42swfq.cloudfront.net\/2025\/06\/03203428\/logo_concursos-1.jpg\",\"width\":230,\"height\":60,\"caption\":\"Estrat\u00e9gia Concursos\"},\"image\":{\"@id\":\"https:\/\/www.estrategiaconcursos.com.br\/blog\/#\/schema\/logo\/image\/\"},\"sameAs\":[\"https:\/\/x.com\/EstratConcursos\"]},{\"@type\":\"Person\",\"@id\":\"https:\/\/www.estrategiaconcursos.com.br\/blog\/#\/schema\/person\/b4a388c97673c5f483d72185668afa1f\",\"name\":\"Coordena\u00e7\u00e3o\",\"image\":{\"@type\":\"ImageObject\",\"inLanguage\":\"pt-BR\",\"@id\":\"https:\/\/secure.gravatar.com\/avatar\/b720319e4c9a967eb58678d110f4fe35452fc5d5f97b202bac7b8acceb18c6ad?s=96&d=mm&r=g\",\"url\":\"https:\/\/secure.gravatar.com\/avatar\/b720319e4c9a967eb58678d110f4fe35452fc5d5f97b202bac7b8acceb18c6ad?s=96&d=mm&r=g\",\"contentUrl\":\"https:\/\/secure.gravatar.com\/avatar\/b720319e4c9a967eb58678d110f4fe35452fc5d5f97b202bac7b8acceb18c6ad?s=96&d=mm&r=g\",\"caption\":\"Coordena\u00e7\u00e3o\"},\"sameAs\":[\"https:\/\/www.facebook.com\/EstrategiaConcursos\",\"https:\/\/x.com\/EstratConcursos\"],\"url\":\"https:\/\/www.estrategiaconcursos.com.br\/blog\/author\/estrategia2013\/\"}]}<\/script>\n<!-- \/ Yoast SEO Premium plugin. -->","yoast_head_json":{"title":"Concurso TCU - T\u00e9cnico: Provas e gabaritos nesta ter\u00e7a-feira. Confira nosso aul\u00e3o ao vivo e gratuito de corre\u00e7\u00e3o da prova do concurso","description":"Os professores do Estrat\u00e9gia Concursos realizar\u00e3o nesta ter\u00e7a-feira, \u00e0s 20h, um aul\u00e3o ao vivo para a corre\u00e7\u00e3o da prova do concurso TCU - Tecnico.","robots":{"index":"index","follow":"follow","max-snippet":"max-snippet:-1","max-image-preview":"max-image-preview:large","max-video-preview":"max-video-preview:-1"},"canonical":"https:\/\/www.estrategiaconcursos.com.br\/blog\/concurso-tcu-tecnico-provas-e-gabaritos-nesta-terca-feira-nao-perca-nosso-aulao-ao-vivo-e-gratuito-de-correcao-da-prova-do-concurso-faca-ja-sua-inscricao\/","og_locale":"pt_BR","og_type":"article","og_title":"Concurso TCU - T\u00e9cnico: Provas e gabaritos nesta ter\u00e7a-feira. Confira nosso aul\u00e3o ao vivo e gratuito de corre\u00e7\u00e3o da prova do concurso","og_description":"Os professores do Estrat\u00e9gia Concursos realizar\u00e3o nesta ter\u00e7a-feira, \u00e0s 20h, um aul\u00e3o ao vivo para a corre\u00e7\u00e3o da prova do concurso TCU - Tecnico.","og_url":"https:\/\/www.estrategiaconcursos.com.br\/blog\/concurso-tcu-tecnico-provas-e-gabaritos-nesta-terca-feira-nao-perca-nosso-aulao-ao-vivo-e-gratuito-de-correcao-da-prova-do-concurso-faca-ja-sua-inscricao\/","og_site_name":"Estrat\u00e9gia Concursos","article_author":"https:\/\/www.facebook.com\/EstrategiaConcursos","article_published_time":"2015-08-11T20:23:35+00:00","article_modified_time":"2019-08-09T18:29:25+00:00","og_image":[{"url":"https:\/\/www.estrategiaconcursos.com.br\/blog\/wp-content\/uploads\/2015\/06\/concurso-TCU-Tecnico-1024x462.jpg","type":"","width":"","height":""}],"author":"Coordena\u00e7\u00e3o","twitter_card":"summary_large_image","twitter_creator":"@EstratConcursos","twitter_site":"@EstratConcursos","twitter_misc":{"Escrito por":"Coordena\u00e7\u00e3o","Est. tempo de leitura":"2 minutos"},"schema":{"@context":"https:\/\/schema.org","@graph":[{"@type":"NewsArticle","@id":"https:\/\/www.estrategiaconcursos.com.br\/blog\/concurso-tcu-tecnico-provas-e-gabaritos-nesta-terca-feira-nao-perca-nosso-aulao-ao-vivo-e-gratuito-de-correcao-da-prova-do-concurso-faca-ja-sua-inscricao\/#article","isPartOf":{"@id":"https:\/\/www.estrategiaconcursos.com.br\/blog\/concurso-tcu-tecnico-provas-e-gabaritos-nesta-terca-feira-nao-perca-nosso-aulao-ao-vivo-e-gratuito-de-correcao-da-prova-do-concurso-faca-ja-sua-inscricao\/"},"author":{"name":"Coordena\u00e7\u00e3o","@id":"https:\/\/www.estrategiaconcursos.com.br\/blog\/#\/schema\/person\/b4a388c97673c5f483d72185668afa1f"},"headline":"Concurso TCU &#8211; T\u00e9cnico: Provas e gabaritos nesta ter\u00e7a-feira. Confira nosso aul\u00e3o ao vivo e gratuito de corre\u00e7\u00e3o da prova do concurso","datePublished":"2015-08-11T20:23:35+00:00","dateModified":"2019-08-09T18:29:25+00:00","mainEntityOfPage":{"@id":"https:\/\/www.estrategiaconcursos.com.br\/blog\/concurso-tcu-tecnico-provas-e-gabaritos-nesta-terca-feira-nao-perca-nosso-aulao-ao-vivo-e-gratuito-de-correcao-da-prova-do-concurso-faca-ja-sua-inscricao\/"},"wordCount":481,"commentCount":3,"publisher":{"@id":"https:\/\/www.estrategiaconcursos.com.br\/blog\/#organization"},"image":{"@id":"https:\/\/www.estrategiaconcursos.com.br\/blog\/concurso-tcu-tecnico-provas-e-gabaritos-nesta-terca-feira-nao-perca-nosso-aulao-ao-vivo-e-gratuito-de-correcao-da-prova-do-concurso-faca-ja-sua-inscricao\/#primaryimage"},"thumbnailUrl":"https:\/\/www.estrategiaconcursos.com.br\/blog\/wp-content\/uploads\/2015\/06\/concurso-TCU-Tecnico-1024x462.jpg","keywords":["Concurso TCU","TCU 2015"],"inLanguage":"pt-BR","potentialAction":[{"@type":"CommentAction","name":"Comment","target":["https:\/\/www.estrategiaconcursos.com.br\/blog\/concurso-tcu-tecnico-provas-e-gabaritos-nesta-terca-feira-nao-perca-nosso-aulao-ao-vivo-e-gratuito-de-correcao-da-prova-do-concurso-faca-ja-sua-inscricao\/#respond"]}],"copyrightYear":"2015","copyrightHolder":{"@id":"https:\/\/www.estrategiaconcursos.com.br\/blog\/#organization"}},{"@type":"WebPage","@id":"https:\/\/www.estrategiaconcursos.com.br\/blog\/concurso-tcu-tecnico-provas-e-gabaritos-nesta-terca-feira-nao-perca-nosso-aulao-ao-vivo-e-gratuito-de-correcao-da-prova-do-concurso-faca-ja-sua-inscricao\/","url":"https:\/\/www.estrategiaconcursos.com.br\/blog\/concurso-tcu-tecnico-provas-e-gabaritos-nesta-terca-feira-nao-perca-nosso-aulao-ao-vivo-e-gratuito-de-correcao-da-prova-do-concurso-faca-ja-sua-inscricao\/","name":"Concurso TCU - T\u00e9cnico: Provas e gabaritos nesta ter\u00e7a-feira. Confira nosso aul\u00e3o ao vivo e gratuito de corre\u00e7\u00e3o da prova do concurso","isPartOf":{"@id":"https:\/\/www.estrategiaconcursos.com.br\/blog\/#website"},"primaryImageOfPage":{"@id":"https:\/\/www.estrategiaconcursos.com.br\/blog\/concurso-tcu-tecnico-provas-e-gabaritos-nesta-terca-feira-nao-perca-nosso-aulao-ao-vivo-e-gratuito-de-correcao-da-prova-do-concurso-faca-ja-sua-inscricao\/#primaryimage"},"image":{"@id":"https:\/\/www.estrategiaconcursos.com.br\/blog\/concurso-tcu-tecnico-provas-e-gabaritos-nesta-terca-feira-nao-perca-nosso-aulao-ao-vivo-e-gratuito-de-correcao-da-prova-do-concurso-faca-ja-sua-inscricao\/#primaryimage"},"thumbnailUrl":"https:\/\/www.estrategiaconcursos.com.br\/blog\/wp-content\/uploads\/2015\/06\/concurso-TCU-Tecnico-1024x462.jpg","datePublished":"2015-08-11T20:23:35+00:00","dateModified":"2019-08-09T18:29:25+00:00","description":"Os professores do Estrat\u00e9gia Concursos realizar\u00e3o nesta ter\u00e7a-feira, \u00e0s 20h, um aul\u00e3o ao vivo para a corre\u00e7\u00e3o da prova do concurso TCU - Tecnico.","breadcrumb":{"@id":"https:\/\/www.estrategiaconcursos.com.br\/blog\/concurso-tcu-tecnico-provas-e-gabaritos-nesta-terca-feira-nao-perca-nosso-aulao-ao-vivo-e-gratuito-de-correcao-da-prova-do-concurso-faca-ja-sua-inscricao\/#breadcrumb"},"inLanguage":"pt-BR","potentialAction":[{"@type":"ReadAction","target":["https:\/\/www.estrategiaconcursos.com.br\/blog\/concurso-tcu-tecnico-provas-e-gabaritos-nesta-terca-feira-nao-perca-nosso-aulao-ao-vivo-e-gratuito-de-correcao-da-prova-do-concurso-faca-ja-sua-inscricao\/"]}]},{"@type":"ImageObject","inLanguage":"pt-BR","@id":"https:\/\/www.estrategiaconcursos.com.br\/blog\/concurso-tcu-tecnico-provas-e-gabaritos-nesta-terca-feira-nao-perca-nosso-aulao-ao-vivo-e-gratuito-de-correcao-da-prova-do-concurso-faca-ja-sua-inscricao\/#primaryimage","url":"https:\/\/dhg1h5j42swfq.cloudfront.net\/2015\/06\/concurso-TCU-Tecnico.jpg","contentUrl":"https:\/\/dhg1h5j42swfq.cloudfront.net\/2015\/06\/concurso-TCU-Tecnico.jpg","width":2970,"height":1340},{"@type":"BreadcrumbList","@id":"https:\/\/www.estrategiaconcursos.com.br\/blog\/concurso-tcu-tecnico-provas-e-gabaritos-nesta-terca-feira-nao-perca-nosso-aulao-ao-vivo-e-gratuito-de-correcao-da-prova-do-concurso-faca-ja-sua-inscricao\/#breadcrumb","itemListElement":[{"@type":"ListItem","position":1,"name":"In\u00edcio","item":"https:\/\/www.estrategiaconcursos.com.br\/blog\/"},{"@type":"ListItem","position":2,"name":"Concurso TCU &#8211; T\u00e9cnico: Provas e gabaritos nesta ter\u00e7a-feira. Confira nosso aul\u00e3o ao vivo e gratuito de corre\u00e7\u00e3o da prova do concurso"}]},{"@type":"WebSite","@id":"https:\/\/www.estrategiaconcursos.com.br\/blog\/#website","url":"https:\/\/www.estrategiaconcursos.com.br\/blog\/","name":"Estrat\u00e9gia Concursos","description":"O blog da Estrat\u00e9gia Concursos traz not\u00edcias sobre concursos e artigos de professores oferecendo cursos para concursos (pdf + videaulas) no site.","publisher":{"@id":"https:\/\/www.estrategiaconcursos.com.br\/blog\/#organization"},"potentialAction":[{"@type":"SearchAction","target":{"@type":"EntryPoint","urlTemplate":"https:\/\/www.estrategiaconcursos.com.br\/blog\/?s={search_term_string}"},"query-input":{"@type":"PropertyValueSpecification","valueRequired":true,"valueName":"search_term_string"}}],"inLanguage":"pt-BR"},{"@type":"Organization","@id":"https:\/\/www.estrategiaconcursos.com.br\/blog\/#organization","name":"Estrat\u00e9gia Concursos","url":"https:\/\/www.estrategiaconcursos.com.br\/blog\/","logo":{"@type":"ImageObject","inLanguage":"pt-BR","@id":"https:\/\/www.estrategiaconcursos.com.br\/blog\/#\/schema\/logo\/image\/","url":"https:\/\/dhg1h5j42swfq.cloudfront.net\/2025\/06\/03203428\/logo_concursos-1.jpg","contentUrl":"https:\/\/dhg1h5j42swfq.cloudfront.net\/2025\/06\/03203428\/logo_concursos-1.jpg","width":230,"height":60,"caption":"Estrat\u00e9gia Concursos"},"image":{"@id":"https:\/\/www.estrategiaconcursos.com.br\/blog\/#\/schema\/logo\/image\/"},"sameAs":["https:\/\/x.com\/EstratConcursos"]},{"@type":"Person","@id":"https:\/\/www.estrategiaconcursos.com.br\/blog\/#\/schema\/person\/b4a388c97673c5f483d72185668afa1f","name":"Coordena\u00e7\u00e3o","image":{"@type":"ImageObject","inLanguage":"pt-BR","@id":"https:\/\/secure.gravatar.com\/avatar\/b720319e4c9a967eb58678d110f4fe35452fc5d5f97b202bac7b8acceb18c6ad?s=96&d=mm&r=g","url":"https:\/\/secure.gravatar.com\/avatar\/b720319e4c9a967eb58678d110f4fe35452fc5d5f97b202bac7b8acceb18c6ad?s=96&d=mm&r=g","contentUrl":"https:\/\/secure.gravatar.com\/avatar\/b720319e4c9a967eb58678d110f4fe35452fc5d5f97b202bac7b8acceb18c6ad?s=96&d=mm&r=g","caption":"Coordena\u00e7\u00e3o"},"sameAs":["https:\/\/www.facebook.com\/EstrategiaConcursos","https:\/\/x.com\/EstratConcursos"],"url":"https:\/\/www.estrategiaconcursos.com.br\/blog\/author\/estrategia2013\/"}]}},"_links":{"self":[{"href":"https:\/\/www.estrategiaconcursos.com.br\/blog\/wp-json\/wp\/v2\/posts\/25402","targetHints":{"allow":["GET"]}}],"collection":[{"href":"https:\/\/www.estrategiaconcursos.com.br\/blog\/wp-json\/wp\/v2\/posts"}],"about":[{"href":"https:\/\/www.estrategiaconcursos.com.br\/blog\/wp-json\/wp\/v2\/types\/post"}],"author":[{"embeddable":true,"href":"https:\/\/www.estrategiaconcursos.com.br\/blog\/wp-json\/wp\/v2\/users\/1"}],"replies":[{"embeddable":true,"href":"https:\/\/www.estrategiaconcursos.com.br\/blog\/wp-json\/wp\/v2\/comments?post=25402"}],"version-history":[{"count":8,"href":"https:\/\/www.estrategiaconcursos.com.br\/blog\/wp-json\/wp\/v2\/posts\/25402\/revisions"}],"predecessor-version":[{"id":407940,"href":"https:\/\/www.estrategiaconcursos.com.br\/blog\/wp-json\/wp\/v2\/posts\/25402\/revisions\/407940"}],"wp:attachment":[{"href":"https:\/\/www.estrategiaconcursos.com.br\/blog\/wp-json\/wp\/v2\/media?parent=25402"}],"wp:term":[{"taxonomy":"category","embeddable":true,"href":"https:\/\/www.estrategiaconcursos.com.br\/blog\/wp-json\/wp\/v2\/categories?post=25402"},{"taxonomy":"post_tag","embeddable":true,"href":"https:\/\/www.estrategiaconcursos.com.br\/blog\/wp-json\/wp\/v2\/tags?post=25402"},{"taxonomy":"tax_estado","embeddable":true,"href":"https:\/\/www.estrategiaconcursos.com.br\/blog\/wp-json\/wp\/v2\/tax_estado?post=25402"}],"curies":[{"name":"wp","href":"https:\/\/api.w.org\/{rel}","templated":true}]}}