{"id":25390,"date":"2015-08-11T16:36:00","date_gmt":"2015-08-11T19:36:00","guid":{"rendered":"http:\/\/www.estrategiaconcursos.com.br\/blog\/?p=25390"},"modified":"2022-08-12T10:06:06","modified_gmt":"2022-08-12T13:06:06","slug":"direito-internacional-concurso-rio-branco-2015","status":"publish","type":"post","link":"https:\/\/www.estrategiaconcursos.com.br\/blog\/direito-internacional-concurso-rio-branco-2015\/","title":{"rendered":"Coment\u00e1rios \u00e0 Prova de Direito Internacional &#8211; Concurso Rio Branco 2015"},"content":{"rendered":"<p>Ol\u00e1, pessoal, tudo bem?<\/p>\n<p>Aqui \u00e9 o Ricardo Vale, coordenador e professor do Estrat\u00e9gia Concursos.<\/p>\n<p>Nesse artigo, eu comento as <em><strong>quest\u00f5es de Direito Internacional<\/strong><\/em>&nbsp;do <em><strong>Concurso Rio Branco 2015. <\/strong><\/em>Foi uma prova relativamente tranquila, mas com quest\u00f5es bastante inteligentes. Para os alunos que se preparam para o concurso de Advogado da Uni\u00e3o, a resolu\u00e7\u00e3o dessa prova serve como um excelente simulado.<\/p>\n<p><strong>65 &#8211; (CESPE \/ Concurso Rio Branco \u2013 2015) A par de constantes mudan\u00e7as verificadas na sociedade internacional, com o surgimento de novos atores e de renovadas demandas, tamb\u00e9m o direito das gentes se atualiza em terminologias e em conceitos, de modo a abranger novas fronteiras, como o com\u00e9rcio, o meio ambiente e os direitos humanos. No que concerne a esse fen\u00f4meno, julgue (C ou E) os itens a seguir. <\/strong><\/p>\n<p><strong>1 O acesso direto de indiv\u00edduos a tribunais internacionais \u00e9 <em>lege lata<\/em>, podendo ocorrer tanto na Corte Europeia de Direitos Humanos quanto na Corte Interamericana de Direitos Humanos.<\/strong><\/p>\n<p><strong>Coment\u00e1rios:<\/strong><\/p>\n<p>Os indiv\u00edduos n\u00e3o podem peticionar diretamente \u00e0 Corte Interamericana de Direitos Humanos (CIDH). Em outras palavras, n\u00e3o \u00e9 poss\u00edvel o acesso direito de indiv\u00edduos \u00e0 CIDH. Quest\u00e3o errada.<\/p>\n<p><strong>2 A denominada <em>soft law<\/em>, de utiliza\u00e7\u00e3o pol\u00eamica pela \u00edndole program\u00e1tica que comporta, embora desprovida de conte\u00fado imperativo, \u00e9 utilizada de forma flagrante em direito internacional do meio ambiente.<\/strong><\/p>\n<p><strong>Coment\u00e1rios:<\/strong><\/p>\n<p>\u00c9 exatamente isso! A express\u00e3o <em>soft law<\/em> \u00e9 usada para se referir a normas jur\u00eddicas que n\u00e3o trazem compromissos vinculantes, muito utilizadas no direito internacional ambiental. Quest\u00e3o correta.<\/p>\n<p><strong>3 Por terem reconhecida sua personalidade jur\u00eddica, e, por isso, serem consideradas sujeitos de direito internacional, as organiza\u00e7\u00f5es internacionais podem atuar como autoras ou r\u00e9s perante a Corte Internacional de Justi\u00e7a.<\/strong><\/p>\n<p><strong>Coment\u00e1rios:<\/strong><\/p>\n<p>Somente os Estados podem submeter uma controv\u00e9rsia \u00e0 Corte Internacional de Justi\u00e7a (CIJ). As organiza\u00e7\u00f5es internacionais n\u00e3o poder\u00e3o postular perante esse \u00f3rg\u00e3o. Quest\u00e3o errada.<\/p>\n<p><strong>4 O princ\u00edpio da n\u00e3o discrimina\u00e7\u00e3o, adotado como base do direito do com\u00e9rcio internacional, possui duas vertentes que n\u00e3o comportam exce\u00e7\u00f5es: a cl\u00e1usula da na\u00e7\u00e3o mais favorecida e a regra do tratamento nacional.<\/strong><\/p>\n<p><strong>Coment\u00e1rios:<\/strong><\/p>\n<p>De fato, o princ\u00edpio da n\u00e3o-discrimina\u00e7\u00e3o possui 2 (duas) vertentes: cl\u00e1usula da na\u00e7\u00e3o mais favorecida e tratamento nacional. No entanto, esses princ\u00edpios comportam exce\u00e7\u00f5es. Por exemplo, uma importante exce\u00e7\u00e3o \u00e0 cl\u00e1usula da na\u00e7\u00e3o mais favorecida \u00e9 a possibilidade de celebra\u00e7\u00e3o de acordos regionais. Quest\u00e3o errada.<\/p>\n<p><strong>66 &#8211; (CESPE \/ Concurso Rio Branco \u2013 2015) A jurisprud\u00eancia tem constitu\u00eddo importante acervo de decis\u00f5es que balizam o desenvolvimento progressivo do direito internacional, n\u00e3o apenas como previs\u00e3o ideal, mas como efetivo aporte \u00e0 pr\u00e1tica da disciplina. Acerca da aplica\u00e7\u00e3o do art. 38 do Estatuto da Corte Internacional de Justi\u00e7a, de antecedentes judici\u00e1rios, de tratados e de costumes, julgue (C ou E) os seguintes itens.<\/strong><\/p>\n<p><strong>1 Extingue-se um tratado por <em>ab-roga\u00e7\u00e3o<\/em> sempre que a vontade de termin\u00e1-lo for comum \u00e0s partes coobrigadas.<\/strong><\/p>\n<p><strong>Coment\u00e1rios:<\/strong><\/p>\n<p>A ab-roga\u00e7\u00e3o superveniente fica caracterizada quando o tratado n\u00e3o tinha qualquer disposi\u00e7\u00e3o relativa \u00e0 sua extin\u00e7\u00e3o e <strong><em>as partes<\/em><\/strong>,<strong><em> por unanimidade, decidem extingui-lo<\/em><\/strong>. Quest\u00e3o correta.<\/p>\n<p><strong>2 A no\u00e7\u00e3o de <em>jus cogens<\/em>, como a de normas imperativas <em>a priori<\/em>, embora n\u00e3o unanimemente reconhecida em doutrina, \u00e9 invocada com refer\u00eancia tanto em jurisprud\u00eancia quanto em direito internacional positivo.<\/strong><\/p>\n<p><strong>Coment\u00e1rios:<\/strong><\/p>\n<p>A no\u00e7\u00e3o de <em>jus cogens<\/em> \u00e9 prevista na jurisprud\u00eancia internacional e, ainda, objeto do direito internacional positivo, estando prevista na Conven\u00e7\u00e3o de Viena de 1969. Quest\u00e3o correta.<\/p>\n<p><strong>3 Quando do julgamento do caso Bernadotte, em jurisdi\u00e7\u00e3o contenciosa da Corte Internacional de Justi\u00e7a, prolatou-se senten\u00e7a pela qual se reconheceu personalidade jur\u00eddica \u00e0s organiza\u00e7\u00f5es internacionais.<\/strong><\/p>\n<p><strong>Coment\u00e1rios:<\/strong><\/p>\n<p>Pegadinha! O caso Bernadotte \u00e9 famoso por reconhecer personalidade jur\u00eddica \u00e0s organiza\u00e7\u00f5es internacionais. Entretanto, a decis\u00e3o n\u00e3o foi prolatada pela CIJ no exerc\u00edcio de sua jurisdi\u00e7\u00e3o contenciosa, mas sim de sua <strong><em>fun\u00e7\u00e3o consultiva<\/em><\/strong>. Quest\u00e3o errada.<\/p>\n<p><strong>4 Aos ju\u00edzes de Haia, autorizados pelo estatuto da Corte Internacional de Justi\u00e7a, \u00e9 conferido o poder de aplicar, de forma autom\u00e1tica, tanto normas escritas quanto normas n\u00e3o escritas, al\u00e9m de costume, de equidade e de princ\u00edpios gerais do direito.<\/strong><\/p>\n<p><strong>Coment\u00e1rios:<\/strong><\/p>\n<p>A equidade <strong><em>n\u00e3o pode ter aplica\u00e7\u00e3o imediata<\/em><\/strong>. A CIJ somente poder\u00e1 decidir com base na equidade caso ambas as partes litigantes com isso concordarem. Quest\u00e3o errada.<\/p>\n<p><strong>67 &#8211; (CESPE \/ Concurso Rio Branco \u2013 2015) Em prol da preemin\u00eancia do direito na ordem internacional e da solu\u00e7\u00e3o pac\u00edfica de conflitos, o moderno fen\u00f4meno da multiplicidade de tribunais internacionais abrange as mais diversas e sofisticadas \u00e1reas. Ao alastrar a jurisdi\u00e7\u00e3o internacional, o fen\u00f4meno pode, no entanto, resultar em conflitos interjurisdicionais, n\u00e3o desej\u00e1veis sob o prisma da seguran\u00e7a jur\u00eddica. Considerando a moderna atua\u00e7\u00e3o de tribunais internacionais, julgue (C ou E) os itens que se seguem.<\/strong><\/p>\n<p><strong>1 O Tribunal de Justi\u00e7a da Uni\u00e3o Europeia det\u00e9m o monop\u00f3lio de aplica\u00e7\u00e3o do direito da Uni\u00e3o Europeia, com jurisdi\u00e7\u00e3o de efeito direto e de aplica\u00e7\u00e3o imediata em todos os Estados comunit\u00e1rios.<\/strong><\/p>\n<p><strong>Coment\u00e1rios:<\/strong><\/p>\n<p>A aplica\u00e7\u00e3o do direito da Uni\u00e3o Europeia \u00e9 <strong><em>compet\u00eancia conjunta<\/em><\/strong> da Comiss\u00e3o Europeia e do Tribunal de Justi\u00e7a da Uni\u00e3o Europeia. Quest\u00e3o errada.<\/p>\n<p><strong>2 A cl\u00e1usula facultativa de jurisdi\u00e7\u00e3o obrigat\u00f3ria aplica-se t\u00e3o somente em rela\u00e7\u00e3o \u00e0 jurisdi\u00e7\u00e3o da Corte Internacional de Justi\u00e7a, n\u00e3o tendo aplica\u00e7\u00e3o no sistema de solu\u00e7\u00e3o de controv\u00e9rsias da OMC.<\/strong><\/p>\n<p><strong>Coment\u00e1rios:<\/strong><\/p>\n<p>Todos os membros da OMC est\u00e3o <strong><em>automaticamente submetidos \u00e0 jurisdi\u00e7\u00e3o do sistema de solu\u00e7\u00e3o de controv\u00e9rsias<\/em><\/strong> dessa organiza\u00e7\u00e3o internacional. Assim, no \u00e2mbito da OMC, n\u00e3o h\u00e1 que se falar em cl\u00e1usula facultativa de jurisdi\u00e7\u00e3o obrigat\u00f3ria. Quest\u00e3o correta.<\/p>\n<p><strong>3 N\u00e3o obstante os limites da compet\u00eancia consultiva conferida \u00e0 jurisdi\u00e7\u00e3o internacional n\u00e3o destinada a produzir decis\u00f5es propriamente obrigat\u00f3rias, pareceres e opini\u00f5es consultivas possuem car\u00e1ter jur\u00eddico e n\u00e3o se limitam \u00e0 Corte Internacional de Justi\u00e7a.<\/strong><\/p>\n<p><strong>Coment\u00e1rios:<\/strong><\/p>\n<p>A jurisprud\u00eancia internacional \u00e9 fonte do direito internacional p\u00fablica. Assim, pareceres e opini\u00f5es consultivas de Tribunais Internacionais possuem car\u00e1ter jur\u00eddico Quest\u00e3o correta.<\/p>\n<p><strong>4 O Estatuto de Roma, ratificado pelo Brasil, obriga a entrega, para julgamento, de brasileiros acusados de crimes contra a humanidade, bastando, para isso, solicita\u00e7\u00e3o de qualquer dos demais pa\u00edses signat\u00e1rios do tratado.<\/strong><\/p>\n<p><strong>Coment\u00e1rios:<\/strong><\/p>\n<p>\u00c9 o <strong><em>Tribunal Penal Internacional<\/em><\/strong> que solicita a entrega de indiv\u00edduo que praticou crime contra a humanidade. Essa n\u00e3o \u00e9 uma compet\u00eancia conferida aos pa\u00edses signat\u00e1rios do Estatuto de Roma. Quest\u00e3o errada.<\/p>\n<p>&#8230;<\/p>\n<p>Ent\u00e3o \u00e9 isso, pessoal! Espero que tenham gostado das quest\u00f5es do concurso Rio Branco 2015. Sem d\u00favida, foi uma prova excelente para que voc\u00ea possa revisar seus conhecimentos em Direito Internacional.<\/p>\n<p>Abra\u00e7os,<\/p>\n<p>Ricardo Vale<\/p>\n<p><em><strong>&#8220;O segredo do sucesso \u00e9 a const\u00e2ncia no objetivo&#8221;<\/strong><\/em><\/p>\n<p>Inscreva-se no meu canal do Youtube:&nbsp;<a href=\"https:\/\/www.youtube.com\/channel\/UC32LlMyS96biplI715yzS9Q\">https:\/\/www.youtube.com\/channel\/UC32LlMyS96biplI715yzS9Q<\/a><\/p>\n<p>&nbsp;<\/p>\n<p>&nbsp;<\/p>\n","protected":false},"excerpt":{"rendered":"<p>Ol\u00e1, pessoal, tudo bem? Aqui \u00e9 o Ricardo Vale, coordenador e professor do Estrat\u00e9gia Concursos. Nesse artigo, eu comento as quest\u00f5es de Direito Internacional&nbsp;do Concurso Rio Branco 2015. Foi uma prova relativamente tranquila, mas com quest\u00f5es bastante inteligentes. Para os alunos que se preparam para o concurso de Advogado da Uni\u00e3o, a resolu\u00e7\u00e3o dessa prova [&hellip;]<\/p>\n","protected":false},"author":26,"featured_media":0,"comment_status":"open","ping_status":"open","sticky":false,"template":"","format":"standard","meta":{"post_tipo":"article","footnotes":""},"categories":[220219],"tags":[846],"tax_estado":[219964],"class_list":["post-25390","post","type-post","status-publish","format-standard","hentry","category-noticias","tag-direito-internacional","tax_estado-ac"],"acf":[],"yoast_head":"<!-- This site is optimized with the Yoast SEO Premium plugin v27.2 (Yoast SEO v27.2) - https:\/\/yoast.com\/product\/yoast-seo-premium-wordpress\/ -->\n<title>Concurso Rio Branco 2015 - Direito Internacional<\/title>\n<meta name=\"description\" content=\"Nesse artigo, o Prof. Ricardo Vale comenta a prova de Direito Internacional do concurso Rio Branco 2015.\" \/>\n<meta name=\"robots\" content=\"index, follow, max-snippet:-1, max-image-preview:large, max-video-preview:-1\" \/>\n<link rel=\"canonical\" href=\"https:\/\/www.estrategiaconcursos.com.br\/blog\/direito-internacional-concurso-rio-branco-2015\/\" \/>\n<meta property=\"og:locale\" content=\"pt_BR\" \/>\n<meta property=\"og:type\" content=\"article\" \/>\n<meta property=\"og:title\" content=\"Coment\u00e1rios \u00e0 Prova de Direito Internacional - Concurso Rio Branco 2015\" \/>\n<meta property=\"og:description\" content=\"Nesse artigo, o Prof. Ricardo Vale comenta a prova de Direito Internacional do concurso Rio Branco 2015.\" \/>\n<meta property=\"og:url\" content=\"https:\/\/www.estrategiaconcursos.com.br\/blog\/direito-internacional-concurso-rio-branco-2015\/\" \/>\n<meta property=\"og:site_name\" content=\"Estrat\u00e9gia Concursos\" \/>\n<meta property=\"article:author\" content=\"https:\/\/www.facebook.com\/rvale01\" \/>\n<meta property=\"article:published_time\" content=\"2015-08-11T19:36:00+00:00\" \/>\n<meta property=\"article:modified_time\" content=\"2022-08-12T13:06:06+00:00\" \/>\n<meta name=\"author\" content=\"Ricardo Vale\" \/>\n<meta name=\"twitter:card\" content=\"summary_large_image\" \/>\n<meta name=\"twitter:creator\" content=\"@https:\/\/twitter.com\/EstratConcursos\" \/>\n<meta name=\"twitter:site\" content=\"@EstratConcursos\" \/>\n<meta name=\"twitter:label1\" content=\"Escrito por\" \/>\n\t<meta name=\"twitter:data1\" content=\"Ricardo Vale\" \/>\n\t<meta name=\"twitter:label2\" content=\"Est. tempo de leitura\" \/>\n\t<meta name=\"twitter:data2\" content=\"6 minutos\" \/>\n<script type=\"application\/ld+json\" class=\"yoast-schema-graph\">{\"@context\":\"https:\/\/schema.org\",\"@graph\":[{\"@type\":\"NewsArticle\",\"@id\":\"https:\/\/www.estrategiaconcursos.com.br\/blog\/direito-internacional-concurso-rio-branco-2015\/#article\",\"isPartOf\":{\"@id\":\"https:\/\/www.estrategiaconcursos.com.br\/blog\/direito-internacional-concurso-rio-branco-2015\/\"},\"author\":{\"name\":\"Ricardo Vale\",\"@id\":\"https:\/\/www.estrategiaconcursos.com.br\/blog\/#\/schema\/person\/c32e47dba2159cafe7796a9569a6ff7e\"},\"headline\":\"Coment\u00e1rios \u00e0 Prova de Direito Internacional &#8211; Concurso Rio Branco 2015\",\"datePublished\":\"2015-08-11T19:36:00+00:00\",\"dateModified\":\"2022-08-12T13:06:06+00:00\",\"mainEntityOfPage\":{\"@id\":\"https:\/\/www.estrategiaconcursos.com.br\/blog\/direito-internacional-concurso-rio-branco-2015\/\"},\"wordCount\":1212,\"commentCount\":2,\"publisher\":{\"@id\":\"https:\/\/www.estrategiaconcursos.com.br\/blog\/#organization\"},\"keywords\":[\"Direito Internacional\"],\"articleSection\":[\"\u00daltimas not\u00edcias\"],\"inLanguage\":\"pt-BR\",\"potentialAction\":[{\"@type\":\"CommentAction\",\"name\":\"Comment\",\"target\":[\"https:\/\/www.estrategiaconcursos.com.br\/blog\/direito-internacional-concurso-rio-branco-2015\/#respond\"]}],\"copyrightYear\":\"2015\",\"copyrightHolder\":{\"@id\":\"https:\/\/www.estrategiaconcursos.com.br\/blog\/#organization\"}},{\"@type\":\"WebPage\",\"@id\":\"https:\/\/www.estrategiaconcursos.com.br\/blog\/direito-internacional-concurso-rio-branco-2015\/\",\"url\":\"https:\/\/www.estrategiaconcursos.com.br\/blog\/direito-internacional-concurso-rio-branco-2015\/\",\"name\":\"Concurso Rio Branco 2015 - Direito Internacional\",\"isPartOf\":{\"@id\":\"https:\/\/www.estrategiaconcursos.com.br\/blog\/#website\"},\"datePublished\":\"2015-08-11T19:36:00+00:00\",\"dateModified\":\"2022-08-12T13:06:06+00:00\",\"description\":\"Nesse artigo, o Prof. Ricardo Vale comenta a prova de Direito Internacional do concurso Rio Branco 2015.\",\"breadcrumb\":{\"@id\":\"https:\/\/www.estrategiaconcursos.com.br\/blog\/direito-internacional-concurso-rio-branco-2015\/#breadcrumb\"},\"inLanguage\":\"pt-BR\",\"potentialAction\":[{\"@type\":\"ReadAction\",\"target\":[\"https:\/\/www.estrategiaconcursos.com.br\/blog\/direito-internacional-concurso-rio-branco-2015\/\"]}]},{\"@type\":\"BreadcrumbList\",\"@id\":\"https:\/\/www.estrategiaconcursos.com.br\/blog\/direito-internacional-concurso-rio-branco-2015\/#breadcrumb\",\"itemListElement\":[{\"@type\":\"ListItem\",\"position\":1,\"name\":\"In\u00edcio\",\"item\":\"https:\/\/www.estrategiaconcursos.com.br\/blog\/\"},{\"@type\":\"ListItem\",\"position\":2,\"name\":\"Coment\u00e1rios \u00e0 Prova de Direito Internacional &#8211; Concurso Rio Branco 2015\"}]},{\"@type\":\"WebSite\",\"@id\":\"https:\/\/www.estrategiaconcursos.com.br\/blog\/#website\",\"url\":\"https:\/\/www.estrategiaconcursos.com.br\/blog\/\",\"name\":\"Estrat\u00e9gia Concursos\",\"description\":\"O blog da Estrat\u00e9gia Concursos traz not\u00edcias sobre concursos e artigos de professores oferecendo cursos para concursos (pdf + videaulas) no site.\",\"publisher\":{\"@id\":\"https:\/\/www.estrategiaconcursos.com.br\/blog\/#organization\"},\"potentialAction\":[{\"@type\":\"SearchAction\",\"target\":{\"@type\":\"EntryPoint\",\"urlTemplate\":\"https:\/\/www.estrategiaconcursos.com.br\/blog\/?s={search_term_string}\"},\"query-input\":{\"@type\":\"PropertyValueSpecification\",\"valueRequired\":true,\"valueName\":\"search_term_string\"}}],\"inLanguage\":\"pt-BR\"},{\"@type\":\"Organization\",\"@id\":\"https:\/\/www.estrategiaconcursos.com.br\/blog\/#organization\",\"name\":\"Estrat\u00e9gia Concursos\",\"url\":\"https:\/\/www.estrategiaconcursos.com.br\/blog\/\",\"logo\":{\"@type\":\"ImageObject\",\"inLanguage\":\"pt-BR\",\"@id\":\"https:\/\/www.estrategiaconcursos.com.br\/blog\/#\/schema\/logo\/image\/\",\"url\":\"https:\/\/dhg1h5j42swfq.cloudfront.net\/2025\/06\/03203428\/logo_concursos-1.jpg\",\"contentUrl\":\"https:\/\/dhg1h5j42swfq.cloudfront.net\/2025\/06\/03203428\/logo_concursos-1.jpg\",\"width\":230,\"height\":60,\"caption\":\"Estrat\u00e9gia Concursos\"},\"image\":{\"@id\":\"https:\/\/www.estrategiaconcursos.com.br\/blog\/#\/schema\/logo\/image\/\"},\"sameAs\":[\"https:\/\/x.com\/EstratConcursos\"]},{\"@type\":\"Person\",\"@id\":\"https:\/\/www.estrategiaconcursos.com.br\/blog\/#\/schema\/person\/c32e47dba2159cafe7796a9569a6ff7e\",\"name\":\"Ricardo Vale\",\"image\":{\"@type\":\"ImageObject\",\"inLanguage\":\"pt-BR\",\"@id\":\"https:\/\/secure.gravatar.com\/avatar\/e5a5658c798bb49dd53314263f59f38c192d73370fb65839a372c2ae9027be74?s=96&d=mm&r=g\",\"url\":\"https:\/\/secure.gravatar.com\/avatar\/e5a5658c798bb49dd53314263f59f38c192d73370fb65839a372c2ae9027be74?s=96&d=mm&r=g\",\"contentUrl\":\"https:\/\/secure.gravatar.com\/avatar\/e5a5658c798bb49dd53314263f59f38c192d73370fb65839a372c2ae9027be74?s=96&d=mm&r=g\",\"caption\":\"Ricardo Vale\"},\"sameAs\":[\"https:\/\/www.facebook.com\/rvale01\",\"https:\/\/x.com\/https:\/\/twitter.com\/EstratConcursos\"],\"url\":\"https:\/\/www.estrategiaconcursos.com.br\/blog\/author\/ricardovaleestrategiaconcursos-com-br\/\"}]}<\/script>\n<!-- \/ Yoast SEO Premium plugin. -->","yoast_head_json":{"title":"Concurso Rio Branco 2015 - Direito Internacional","description":"Nesse artigo, o Prof. Ricardo Vale comenta a prova de Direito Internacional do concurso Rio Branco 2015.","robots":{"index":"index","follow":"follow","max-snippet":"max-snippet:-1","max-image-preview":"max-image-preview:large","max-video-preview":"max-video-preview:-1"},"canonical":"https:\/\/www.estrategiaconcursos.com.br\/blog\/direito-internacional-concurso-rio-branco-2015\/","og_locale":"pt_BR","og_type":"article","og_title":"Coment\u00e1rios \u00e0 Prova de Direito Internacional - Concurso Rio Branco 2015","og_description":"Nesse artigo, o Prof. Ricardo Vale comenta a prova de Direito Internacional do concurso Rio Branco 2015.","og_url":"https:\/\/www.estrategiaconcursos.com.br\/blog\/direito-internacional-concurso-rio-branco-2015\/","og_site_name":"Estrat\u00e9gia Concursos","article_author":"https:\/\/www.facebook.com\/rvale01","article_published_time":"2015-08-11T19:36:00+00:00","article_modified_time":"2022-08-12T13:06:06+00:00","author":"Ricardo Vale","twitter_card":"summary_large_image","twitter_creator":"@https:\/\/twitter.com\/EstratConcursos","twitter_site":"@EstratConcursos","twitter_misc":{"Escrito por":"Ricardo Vale","Est. tempo de leitura":"6 minutos"},"schema":{"@context":"https:\/\/schema.org","@graph":[{"@type":"NewsArticle","@id":"https:\/\/www.estrategiaconcursos.com.br\/blog\/direito-internacional-concurso-rio-branco-2015\/#article","isPartOf":{"@id":"https:\/\/www.estrategiaconcursos.com.br\/blog\/direito-internacional-concurso-rio-branco-2015\/"},"author":{"name":"Ricardo Vale","@id":"https:\/\/www.estrategiaconcursos.com.br\/blog\/#\/schema\/person\/c32e47dba2159cafe7796a9569a6ff7e"},"headline":"Coment\u00e1rios \u00e0 Prova de Direito Internacional &#8211; Concurso Rio Branco 2015","datePublished":"2015-08-11T19:36:00+00:00","dateModified":"2022-08-12T13:06:06+00:00","mainEntityOfPage":{"@id":"https:\/\/www.estrategiaconcursos.com.br\/blog\/direito-internacional-concurso-rio-branco-2015\/"},"wordCount":1212,"commentCount":2,"publisher":{"@id":"https:\/\/www.estrategiaconcursos.com.br\/blog\/#organization"},"keywords":["Direito Internacional"],"articleSection":["\u00daltimas not\u00edcias"],"inLanguage":"pt-BR","potentialAction":[{"@type":"CommentAction","name":"Comment","target":["https:\/\/www.estrategiaconcursos.com.br\/blog\/direito-internacional-concurso-rio-branco-2015\/#respond"]}],"copyrightYear":"2015","copyrightHolder":{"@id":"https:\/\/www.estrategiaconcursos.com.br\/blog\/#organization"}},{"@type":"WebPage","@id":"https:\/\/www.estrategiaconcursos.com.br\/blog\/direito-internacional-concurso-rio-branco-2015\/","url":"https:\/\/www.estrategiaconcursos.com.br\/blog\/direito-internacional-concurso-rio-branco-2015\/","name":"Concurso Rio Branco 2015 - Direito Internacional","isPartOf":{"@id":"https:\/\/www.estrategiaconcursos.com.br\/blog\/#website"},"datePublished":"2015-08-11T19:36:00+00:00","dateModified":"2022-08-12T13:06:06+00:00","description":"Nesse artigo, o Prof. Ricardo Vale comenta a prova de Direito Internacional do concurso Rio Branco 2015.","breadcrumb":{"@id":"https:\/\/www.estrategiaconcursos.com.br\/blog\/direito-internacional-concurso-rio-branco-2015\/#breadcrumb"},"inLanguage":"pt-BR","potentialAction":[{"@type":"ReadAction","target":["https:\/\/www.estrategiaconcursos.com.br\/blog\/direito-internacional-concurso-rio-branco-2015\/"]}]},{"@type":"BreadcrumbList","@id":"https:\/\/www.estrategiaconcursos.com.br\/blog\/direito-internacional-concurso-rio-branco-2015\/#breadcrumb","itemListElement":[{"@type":"ListItem","position":1,"name":"In\u00edcio","item":"https:\/\/www.estrategiaconcursos.com.br\/blog\/"},{"@type":"ListItem","position":2,"name":"Coment\u00e1rios \u00e0 Prova de Direito Internacional &#8211; Concurso Rio Branco 2015"}]},{"@type":"WebSite","@id":"https:\/\/www.estrategiaconcursos.com.br\/blog\/#website","url":"https:\/\/www.estrategiaconcursos.com.br\/blog\/","name":"Estrat\u00e9gia Concursos","description":"O blog da Estrat\u00e9gia Concursos traz not\u00edcias sobre concursos e artigos de professores oferecendo cursos para concursos (pdf + videaulas) no site.","publisher":{"@id":"https:\/\/www.estrategiaconcursos.com.br\/blog\/#organization"},"potentialAction":[{"@type":"SearchAction","target":{"@type":"EntryPoint","urlTemplate":"https:\/\/www.estrategiaconcursos.com.br\/blog\/?s={search_term_string}"},"query-input":{"@type":"PropertyValueSpecification","valueRequired":true,"valueName":"search_term_string"}}],"inLanguage":"pt-BR"},{"@type":"Organization","@id":"https:\/\/www.estrategiaconcursos.com.br\/blog\/#organization","name":"Estrat\u00e9gia Concursos","url":"https:\/\/www.estrategiaconcursos.com.br\/blog\/","logo":{"@type":"ImageObject","inLanguage":"pt-BR","@id":"https:\/\/www.estrategiaconcursos.com.br\/blog\/#\/schema\/logo\/image\/","url":"https:\/\/dhg1h5j42swfq.cloudfront.net\/2025\/06\/03203428\/logo_concursos-1.jpg","contentUrl":"https:\/\/dhg1h5j42swfq.cloudfront.net\/2025\/06\/03203428\/logo_concursos-1.jpg","width":230,"height":60,"caption":"Estrat\u00e9gia Concursos"},"image":{"@id":"https:\/\/www.estrategiaconcursos.com.br\/blog\/#\/schema\/logo\/image\/"},"sameAs":["https:\/\/x.com\/EstratConcursos"]},{"@type":"Person","@id":"https:\/\/www.estrategiaconcursos.com.br\/blog\/#\/schema\/person\/c32e47dba2159cafe7796a9569a6ff7e","name":"Ricardo Vale","image":{"@type":"ImageObject","inLanguage":"pt-BR","@id":"https:\/\/secure.gravatar.com\/avatar\/e5a5658c798bb49dd53314263f59f38c192d73370fb65839a372c2ae9027be74?s=96&d=mm&r=g","url":"https:\/\/secure.gravatar.com\/avatar\/e5a5658c798bb49dd53314263f59f38c192d73370fb65839a372c2ae9027be74?s=96&d=mm&r=g","contentUrl":"https:\/\/secure.gravatar.com\/avatar\/e5a5658c798bb49dd53314263f59f38c192d73370fb65839a372c2ae9027be74?s=96&d=mm&r=g","caption":"Ricardo Vale"},"sameAs":["https:\/\/www.facebook.com\/rvale01","https:\/\/x.com\/https:\/\/twitter.com\/EstratConcursos"],"url":"https:\/\/www.estrategiaconcursos.com.br\/blog\/author\/ricardovaleestrategiaconcursos-com-br\/"}]}},"_links":{"self":[{"href":"https:\/\/www.estrategiaconcursos.com.br\/blog\/wp-json\/wp\/v2\/posts\/25390","targetHints":{"allow":["GET"]}}],"collection":[{"href":"https:\/\/www.estrategiaconcursos.com.br\/blog\/wp-json\/wp\/v2\/posts"}],"about":[{"href":"https:\/\/www.estrategiaconcursos.com.br\/blog\/wp-json\/wp\/v2\/types\/post"}],"author":[{"embeddable":true,"href":"https:\/\/www.estrategiaconcursos.com.br\/blog\/wp-json\/wp\/v2\/users\/26"}],"replies":[{"embeddable":true,"href":"https:\/\/www.estrategiaconcursos.com.br\/blog\/wp-json\/wp\/v2\/comments?post=25390"}],"version-history":[{"count":2,"href":"https:\/\/www.estrategiaconcursos.com.br\/blog\/wp-json\/wp\/v2\/posts\/25390\/revisions"}],"predecessor-version":[{"id":1076721,"href":"https:\/\/www.estrategiaconcursos.com.br\/blog\/wp-json\/wp\/v2\/posts\/25390\/revisions\/1076721"}],"wp:attachment":[{"href":"https:\/\/www.estrategiaconcursos.com.br\/blog\/wp-json\/wp\/v2\/media?parent=25390"}],"wp:term":[{"taxonomy":"category","embeddable":true,"href":"https:\/\/www.estrategiaconcursos.com.br\/blog\/wp-json\/wp\/v2\/categories?post=25390"},{"taxonomy":"post_tag","embeddable":true,"href":"https:\/\/www.estrategiaconcursos.com.br\/blog\/wp-json\/wp\/v2\/tags?post=25390"},{"taxonomy":"tax_estado","embeddable":true,"href":"https:\/\/www.estrategiaconcursos.com.br\/blog\/wp-json\/wp\/v2\/tax_estado?post=25390"}],"curies":[{"name":"wp","href":"https:\/\/api.w.org\/{rel}","templated":true}]}}