{"id":25321,"date":"2015-08-10T10:49:26","date_gmt":"2015-08-10T13:49:26","guid":{"rendered":"http:\/\/www.estrategiaconcursos.com.br\/blog\/?p=25321"},"modified":"2019-08-09T15:30:02","modified_gmt":"2019-08-09T18:30:02","slug":"direito-constitucional-concurso-tcu-tecnico-2015","status":"publish","type":"post","link":"https:\/\/www.estrategiaconcursos.com.br\/blog\/direito-constitucional-concurso-tcu-tecnico-2015\/","title":{"rendered":"Coment\u00e1rios \u00e0 prova de Direito Constitucional &#8211; Concurso TCU (T\u00e9cnico) &#8211; 2015"},"content":{"rendered":"<p>Ol\u00e1, pessoal! Tudo bem?<\/p>\n<p>Farei, a seguir, alguns coment\u00e1rios \u00e0 prova de <em><strong>Direito Constitucional do Concurso TCU (T\u00e9cnico) de 2015<\/strong><\/em>, aplicada neste final de semana. As quest\u00f5es de Direito Constitucional foram relativamente f\u00e1ceis, para o candidato que se preparou adequadamente.<\/p>\n<p>Antes de come\u00e7armos a resolu\u00e7\u00e3o das quest\u00f5es da prova deste concurso, gostaria de convid\u00e1-los para o <em><strong>Aul\u00e3o ao Vivo para a Resolu\u00e7\u00e3o das Provas de T\u00e9cnico do TCU<\/strong><\/em>, a ser realizado <em><strong>amanh\u00e3<\/strong><\/em>, \u00e0s <em><strong>20 horas<\/strong><\/em>. <em><strong>Mais detalhes estar\u00e3o dispon\u00edveis ainda hoje, no site<\/strong><\/em>.<\/p>\n<p>Passemos, agora, \u00e0 resolu\u00e7\u00e3o das quest\u00f5es&#8230;<\/p>\n<p><strong>1. Compete ao TCU julgar as contas do Presidente da Rep\u00fablica.<\/strong><\/p>\n<p><strong> Coment\u00e1rios:<\/strong><\/p>\n<p>Compete ao <em><strong>Congresso Nacional<\/strong> <\/em>(e n\u00e3o ao TCU!) julgar as contas do Presidente da Rep\u00fablica (art. 49, IX, CF). O TCU dever\u00e1 <em><strong>apreciar<\/strong> <\/em>as contas prestadas anualmente pelo Presidente da Rep\u00fablica, mediante <em><strong>parecer pr\u00e9vio<\/strong> <\/em>que dever\u00e1 ser elaborado em sessenta dias a contar de seu recebimento (art. 71, I, CF). Quest\u00e3o incorreta.<\/p>\n<p><strong>2. Compete ao TCU julgar, administrativamente, as contas dos administradores e demais respons\u00e1veis por recursos p\u00fablicos no \u00e2mbito dos Poderes Executivo, Legislativo e Judici\u00e1rio.<\/strong><\/p>\n<p><strong>Coment\u00e1rios:<\/strong><\/p>\n<p>\u00c9 o que prev\u00ea o inciso II do art. 71 da Constitui\u00e7\u00e3o. Quest\u00e3o correta.<\/p>\n<p><strong>3. O TCU disp\u00f5e de compet\u00eancia para sustar diretamente a execu\u00e7\u00e3o de um contrato cuja irregularidade seja verificada.<\/strong><\/p>\n<p><strong>Coment\u00e1rios:<\/strong><\/p>\n<p>Essa \u201cpegadinha\u201d foi exaustivamente explicada em nossa aula! \u263a N\u00e3o cabe ao TCU sustar diretamente a execu\u00e7\u00e3o de um contrato cuja irregularidade seja verificada. No caso de contrato, <em><strong>o ato de susta\u00e7\u00e3o ser\u00e1 adotado diretamente pelo Congresso Nacional<\/strong><\/em>, que solicitar\u00e1, de imediato, ao Poder Executivo as medidas cab\u00edveis (art. 71, \u00a7 1o, CF). Quest\u00e3o incorreta.<\/p>\n<p><strong> Acerca dos direitos e garantias fundamentais individuais e coletivos resguardados pela Constitui\u00e7\u00e3o Federal de 1988, julgue os itens subsequentes.<\/strong><\/p>\n<p><strong>4. O mandado de seguran\u00e7a coletivo pode ser impetrado por partido pol\u00edtico que tenha representa\u00e7\u00e3o no Congresso Nacional.<\/strong><\/p>\n<p><strong>Coment\u00e1rios:<\/strong><\/p>\n<p>De acordo com o inciso LXX do art. 5o da Constitui\u00e7\u00e3o, o mandado de seguran\u00e7a coletivo pode ser impetrado por:<br \/>\na) <em><strong>partido pol\u00edtico com representa\u00e7\u00e3o no Congresso Nacional<\/strong><\/em>;<br \/>\nb) organiza\u00e7\u00e3o sindical, entidade de classe ou associa\u00e7\u00e3o legalmente constitu\u00edda e em funcionamento h\u00e1 pelo menos um ano, em defesa dos interesses de seus membros ou associados.<br \/>\nQuest\u00e3o correta.<\/p>\n<p><strong>5. A casa \u00e9 asilo inviol\u00e1vel do indiv\u00edduo, de modo que ningu\u00e9m pode nela penetrar sem o consentimento do morador, salvo por determina\u00e7\u00e3o judicial; nessa circunst\u00e2ncia, a entrada poder\u00e1 ocorrer em qualquer hor\u00e1rio.<\/strong><\/p>\n<p><strong>Coment\u00e1rios:<\/strong><\/p>\n<p>A quest\u00e3o cobra o conhecimento do inciso XI do art. 5o da Carta Magna, segundo o qual \u201ca casa \u00e9 asilo inviol\u00e1vel do indiv\u00edduo, ningu\u00e9m nela podendo penetrar sem consentimento do morador, salvo em caso de flagrante delito ou desastre, ou para prestar socorro, ou, <em><strong>durante o dia, por determina\u00e7\u00e3o judicial<\/strong><\/em>\u201d. O enunciado est\u00e1 errado ao afirmar que a entrada na casa por determina\u00e7\u00e3o judicial poder\u00e1 ocorrer em qualquer hor\u00e1rio. No caso de ordem judicial, s\u00f3 se pode penetrar na casa do indiv\u00edduo, sem o seu consentimento, <em><strong>durante o dia<\/strong><\/em>. Quest\u00e3o incorreta.<\/p>\n<p><strong>6. No Brasil, \u00e9 vedada a pena de morte em quaisquer situa\u00e7\u00f5es.<\/strong><\/p>\n<p><strong>Coment\u00e1rios:<\/strong><\/p>\n<p>No Brasil, admite-se, excepcionalmente, a pena de morte no caso de <em><strong>guerra declarada<\/strong> <\/em>(art. 5o, XLVII, \u201ca\u201d, CF). Quest\u00e3o incorreta.<\/p>\n<p><strong>7. Ofender\u00e1 o princ\u00edpio da impessoalidade a atua\u00e7\u00e3o administrativa que contrariar, al\u00e9m da lei, a moral, os bons costumes, a honestidade ou os deveres de boa administra\u00e7\u00e3o.<\/strong><\/p>\n<p><strong>Coment\u00e1rios:<\/strong><\/p>\n<p>A atua\u00e7\u00e3o administrativa que contrariar, al\u00e9m da lei, a moral, os bons costumes, a honestidade ou os deveres de boa administra\u00e7\u00e3o ofender\u00e1 o <em><strong>princ\u00edpio da moralidade<\/strong><\/em>, n\u00e3o o da impessoalidade. Quest\u00e3o incorreta.<\/p>\n<p><strong>8. A veda\u00e7\u00e3o ao acumulo remunerado de cargos, empregos ou fun\u00e7\u00f5es p\u00fablicas n\u00e3o se estende aos empregados das sociedades de economia mista.<\/strong><\/p>\n<p><strong>Coment\u00e1rios:<\/strong><\/p>\n<p>O art. 37, inciso XVII, da Constitui\u00e7\u00e3o, determina que a proibi\u00e7\u00e3o de acumular estende-se a empregos e fun\u00e7\u00f5es e abrange autarquias, funda\u00e7\u00f5es, empresas p\u00fablicas, <em><strong>sociedades de economia mista<\/strong><\/em>, suas subsidi\u00e1rias, e sociedades controladas, direta ou indiretamente, pelo poder p\u00fablico. Quest\u00e3o incorreta.<\/p>\n<p><strong>9. O prazo de validade de concurso p\u00fablico \u00e9 de at\u00e9 dois anos, podendo ele ser prorrogado enquanto houver candidatos aprovados no cadastro de reserva.<\/strong><\/p>\n<p><strong>Coment\u00e1rios:<\/strong><\/p>\n<p>O inciso III do art. 37 da Constitui\u00e7\u00e3o disp\u00f5e que o prazo de validade do concurso p\u00fablico ser\u00e1 de at\u00e9 dois anos, <em><strong>prorrog\u00e1vel uma vez, por igual per\u00edodo<\/strong><\/em>. Quest\u00e3o incorreta.<\/p>\n<p><strong>10. Se for imprescind\u00edvel \u00e0 seguran\u00e7a da sociedade e do Estado, ser\u00e1 permitido o sigilo dos atos administrativos.<\/strong><\/p>\n<p><strong>Coment\u00e1rios:<\/strong><\/p>\n<p>A Constitui\u00e7\u00e3o permite, sim, que haja sigilo de alguns atos administrativos. O inciso XXXIII da Carta Magna prev\u00ea que todos t\u00eam direito a receber dos \u00f3rg\u00e3os p\u00fablicos informa\u00e7\u00f5es de seu interesse particular, ou de interesse coletivo ou geral, que ser\u00e3o prestadas no prazo da lei, sob pena de responsabilidade, ressalvadas aquelas cujo sigilo seja imprescind\u00edvel \u00e0 seguran\u00e7a da sociedade e do Estado. Quest\u00e3o correta.<\/p>\n<p>\u00c9 isso a\u00ed, pessoal! Tenho certeza de que, quem <em><strong>estudou pelo nosso curso<\/strong><\/em>, teve totais condi\u00e7\u00f5es de gabaritar a prova do <em><strong>concurso TCU<\/strong><\/em>! Agora \u00e9 s\u00f3 esperar pelo resultado! =D<\/p>\n<p>Abra\u00e7os,<\/p>\n<p>N\u00e1dia<\/p>\n<p>PS: Caso queiram me adicionar aos seus amigos do Facebook, o link \u00e9 este =&gt;&nbsp;<a title=\"Facebook da N\u00e1dia\" href=\"https:\/\/www.facebook.com\/nadia.c.santos.16\">https:\/\/www.facebook.com\/nadia.c.santos.16<\/a><\/p>\n<p>&nbsp;<\/p>\n","protected":false},"excerpt":{"rendered":"<p>Ol\u00e1, pessoal! Tudo bem? Farei, a seguir, alguns coment\u00e1rios \u00e0 prova de Direito Constitucional do Concurso TCU (T\u00e9cnico) de 2015, aplicada neste final de semana. As quest\u00f5es de Direito Constitucional foram relativamente f\u00e1ceis, para o candidato que se preparou adequadamente. Antes de come\u00e7armos a resolu\u00e7\u00e3o das quest\u00f5es da prova deste concurso, gostaria de convid\u00e1-los para [&hellip;]<\/p>\n","protected":false},"author":58,"featured_media":0,"comment_status":"open","ping_status":"open","sticky":false,"template":"","format":"standard","meta":{"post_tipo":"article","footnotes":""},"categories":[],"tags":[598,506],"tax_estado":[],"class_list":["post-25321","post","type-post","status-publish","format-standard","hentry","tag-tcu","tag-direito-constitucional"],"acf":[],"yoast_head":"<!-- This site is optimized with the Yoast SEO Premium plugin v27.2 (Yoast SEO v27.2) - https:\/\/yoast.com\/product\/yoast-seo-premium-wordpress\/ -->\n<title>Prova de Direito Constitucional do Concurso TCU (T\u00e9cnico) - 2015<\/title>\n<meta name=\"description\" content=\"Coment\u00e1rios \u00e0 prova de Direito Constitucional do Concurso TCU, cargo de T\u00e9cnico, de 2015.\" \/>\n<meta name=\"robots\" content=\"index, follow, max-snippet:-1, max-image-preview:large, max-video-preview:-1\" \/>\n<link rel=\"canonical\" href=\"https:\/\/www.estrategiaconcursos.com.br\/blog\/direito-constitucional-concurso-tcu-tecnico-2015\/\" \/>\n<meta property=\"og:locale\" content=\"pt_BR\" \/>\n<meta property=\"og:type\" content=\"article\" \/>\n<meta property=\"og:title\" content=\"Coment\u00e1rios \u00e0 prova de Direito Constitucional - Concurso TCU (T\u00e9cnico) - 2015\" \/>\n<meta property=\"og:description\" content=\"Coment\u00e1rios \u00e0 prova de Direito Constitucional do Concurso TCU, cargo de T\u00e9cnico, de 2015.\" \/>\n<meta property=\"og:url\" content=\"https:\/\/www.estrategiaconcursos.com.br\/blog\/direito-constitucional-concurso-tcu-tecnico-2015\/\" \/>\n<meta property=\"og:site_name\" content=\"Estrat\u00e9gia Concursos\" \/>\n<meta property=\"article:author\" content=\"https:\/\/www.facebook.com\/nadia.c.santos.16\" \/>\n<meta property=\"article:published_time\" content=\"2015-08-10T13:49:26+00:00\" \/>\n<meta property=\"article:modified_time\" content=\"2019-08-09T18:30:02+00:00\" \/>\n<meta name=\"author\" content=\"N\u00e1dia Carolina\" \/>\n<meta name=\"twitter:card\" content=\"summary_large_image\" \/>\n<meta name=\"twitter:creator\" content=\"@EstratConcursos\" \/>\n<meta name=\"twitter:site\" content=\"@EstratConcursos\" \/>\n<meta name=\"twitter:label1\" content=\"Escrito por\" \/>\n\t<meta name=\"twitter:data1\" content=\"N\u00e1dia Carolina\" \/>\n\t<meta name=\"twitter:label2\" content=\"Est. tempo de leitura\" \/>\n\t<meta name=\"twitter:data2\" content=\"5 minutos\" \/>\n<script type=\"application\/ld+json\" class=\"yoast-schema-graph\">{\"@context\":\"https:\/\/schema.org\",\"@graph\":[{\"@type\":\"NewsArticle\",\"@id\":\"https:\/\/www.estrategiaconcursos.com.br\/blog\/direito-constitucional-concurso-tcu-tecnico-2015\/#article\",\"isPartOf\":{\"@id\":\"https:\/\/www.estrategiaconcursos.com.br\/blog\/direito-constitucional-concurso-tcu-tecnico-2015\/\"},\"author\":{\"name\":\"N\u00e1dia Carolina\",\"@id\":\"https:\/\/www.estrategiaconcursos.com.br\/blog\/#\/schema\/person\/bf1b1d1865628ae32d608d5bad5442c6\"},\"headline\":\"Coment\u00e1rios \u00e0 prova de Direito Constitucional &#8211; Concurso TCU (T\u00e9cnico) &#8211; 2015\",\"datePublished\":\"2015-08-10T13:49:26+00:00\",\"dateModified\":\"2019-08-09T18:30:02+00:00\",\"mainEntityOfPage\":{\"@id\":\"https:\/\/www.estrategiaconcursos.com.br\/blog\/direito-constitucional-concurso-tcu-tecnico-2015\/\"},\"wordCount\":934,\"commentCount\":13,\"publisher\":{\"@id\":\"https:\/\/www.estrategiaconcursos.com.br\/blog\/#organization\"},\"keywords\":[\"Concurso TCU\",\"Direito Constitucional\"],\"inLanguage\":\"pt-BR\",\"potentialAction\":[{\"@type\":\"CommentAction\",\"name\":\"Comment\",\"target\":[\"https:\/\/www.estrategiaconcursos.com.br\/blog\/direito-constitucional-concurso-tcu-tecnico-2015\/#respond\"]}],\"copyrightYear\":\"2015\",\"copyrightHolder\":{\"@id\":\"https:\/\/www.estrategiaconcursos.com.br\/blog\/#organization\"}},{\"@type\":\"WebPage\",\"@id\":\"https:\/\/www.estrategiaconcursos.com.br\/blog\/direito-constitucional-concurso-tcu-tecnico-2015\/\",\"url\":\"https:\/\/www.estrategiaconcursos.com.br\/blog\/direito-constitucional-concurso-tcu-tecnico-2015\/\",\"name\":\"Prova de Direito Constitucional do Concurso TCU (T\u00e9cnico) - 2015\",\"isPartOf\":{\"@id\":\"https:\/\/www.estrategiaconcursos.com.br\/blog\/#website\"},\"datePublished\":\"2015-08-10T13:49:26+00:00\",\"dateModified\":\"2019-08-09T18:30:02+00:00\",\"description\":\"Coment\u00e1rios \u00e0 prova de Direito Constitucional do Concurso TCU, cargo de T\u00e9cnico, de 2015.\",\"breadcrumb\":{\"@id\":\"https:\/\/www.estrategiaconcursos.com.br\/blog\/direito-constitucional-concurso-tcu-tecnico-2015\/#breadcrumb\"},\"inLanguage\":\"pt-BR\",\"potentialAction\":[{\"@type\":\"ReadAction\",\"target\":[\"https:\/\/www.estrategiaconcursos.com.br\/blog\/direito-constitucional-concurso-tcu-tecnico-2015\/\"]}]},{\"@type\":\"BreadcrumbList\",\"@id\":\"https:\/\/www.estrategiaconcursos.com.br\/blog\/direito-constitucional-concurso-tcu-tecnico-2015\/#breadcrumb\",\"itemListElement\":[{\"@type\":\"ListItem\",\"position\":1,\"name\":\"In\u00edcio\",\"item\":\"https:\/\/www.estrategiaconcursos.com.br\/blog\/\"},{\"@type\":\"ListItem\",\"position\":2,\"name\":\"Coment\u00e1rios \u00e0 prova de Direito Constitucional &#8211; Concurso TCU (T\u00e9cnico) &#8211; 2015\"}]},{\"@type\":\"WebSite\",\"@id\":\"https:\/\/www.estrategiaconcursos.com.br\/blog\/#website\",\"url\":\"https:\/\/www.estrategiaconcursos.com.br\/blog\/\",\"name\":\"Estrat\u00e9gia Concursos\",\"description\":\"O blog da Estrat\u00e9gia Concursos traz not\u00edcias sobre concursos e artigos de professores oferecendo cursos para concursos (pdf + videaulas) no site.\",\"publisher\":{\"@id\":\"https:\/\/www.estrategiaconcursos.com.br\/blog\/#organization\"},\"potentialAction\":[{\"@type\":\"SearchAction\",\"target\":{\"@type\":\"EntryPoint\",\"urlTemplate\":\"https:\/\/www.estrategiaconcursos.com.br\/blog\/?s={search_term_string}\"},\"query-input\":{\"@type\":\"PropertyValueSpecification\",\"valueRequired\":true,\"valueName\":\"search_term_string\"}}],\"inLanguage\":\"pt-BR\"},{\"@type\":\"Organization\",\"@id\":\"https:\/\/www.estrategiaconcursos.com.br\/blog\/#organization\",\"name\":\"Estrat\u00e9gia Concursos\",\"url\":\"https:\/\/www.estrategiaconcursos.com.br\/blog\/\",\"logo\":{\"@type\":\"ImageObject\",\"inLanguage\":\"pt-BR\",\"@id\":\"https:\/\/www.estrategiaconcursos.com.br\/blog\/#\/schema\/logo\/image\/\",\"url\":\"https:\/\/dhg1h5j42swfq.cloudfront.net\/2025\/06\/03203428\/logo_concursos-1.jpg\",\"contentUrl\":\"https:\/\/dhg1h5j42swfq.cloudfront.net\/2025\/06\/03203428\/logo_concursos-1.jpg\",\"width\":230,\"height\":60,\"caption\":\"Estrat\u00e9gia Concursos\"},\"image\":{\"@id\":\"https:\/\/www.estrategiaconcursos.com.br\/blog\/#\/schema\/logo\/image\/\"},\"sameAs\":[\"https:\/\/x.com\/EstratConcursos\"]},{\"@type\":\"Person\",\"@id\":\"https:\/\/www.estrategiaconcursos.com.br\/blog\/#\/schema\/person\/bf1b1d1865628ae32d608d5bad5442c6\",\"name\":\"N\u00e1dia Carolina\",\"image\":{\"@type\":\"ImageObject\",\"inLanguage\":\"pt-BR\",\"@id\":\"https:\/\/secure.gravatar.com\/avatar\/0ec0c484339a071f22ea5ced30956ccdaab0f83125b2dc1857c3b038404136a7?s=96&d=mm&r=g\",\"url\":\"https:\/\/secure.gravatar.com\/avatar\/0ec0c484339a071f22ea5ced30956ccdaab0f83125b2dc1857c3b038404136a7?s=96&d=mm&r=g\",\"contentUrl\":\"https:\/\/secure.gravatar.com\/avatar\/0ec0c484339a071f22ea5ced30956ccdaab0f83125b2dc1857c3b038404136a7?s=96&d=mm&r=g\",\"caption\":\"N\u00e1dia Carolina\"},\"sameAs\":[\"https:\/\/www.facebook.com\/nadia.c.santos.16\"],\"url\":\"https:\/\/www.estrategiaconcursos.com.br\/blog\/author\/nadiaestrategiaconcursos-com-br\/\"}]}<\/script>\n<!-- \/ Yoast SEO Premium plugin. -->","yoast_head_json":{"title":"Prova de Direito Constitucional do Concurso TCU (T\u00e9cnico) - 2015","description":"Coment\u00e1rios \u00e0 prova de Direito Constitucional do Concurso TCU, cargo de T\u00e9cnico, de 2015.","robots":{"index":"index","follow":"follow","max-snippet":"max-snippet:-1","max-image-preview":"max-image-preview:large","max-video-preview":"max-video-preview:-1"},"canonical":"https:\/\/www.estrategiaconcursos.com.br\/blog\/direito-constitucional-concurso-tcu-tecnico-2015\/","og_locale":"pt_BR","og_type":"article","og_title":"Coment\u00e1rios \u00e0 prova de Direito Constitucional - Concurso TCU (T\u00e9cnico) - 2015","og_description":"Coment\u00e1rios \u00e0 prova de Direito Constitucional do Concurso TCU, cargo de T\u00e9cnico, de 2015.","og_url":"https:\/\/www.estrategiaconcursos.com.br\/blog\/direito-constitucional-concurso-tcu-tecnico-2015\/","og_site_name":"Estrat\u00e9gia Concursos","article_author":"https:\/\/www.facebook.com\/nadia.c.santos.16","article_published_time":"2015-08-10T13:49:26+00:00","article_modified_time":"2019-08-09T18:30:02+00:00","author":"N\u00e1dia Carolina","twitter_card":"summary_large_image","twitter_creator":"@EstratConcursos","twitter_site":"@EstratConcursos","twitter_misc":{"Escrito por":"N\u00e1dia Carolina","Est. tempo de leitura":"5 minutos"},"schema":{"@context":"https:\/\/schema.org","@graph":[{"@type":"NewsArticle","@id":"https:\/\/www.estrategiaconcursos.com.br\/blog\/direito-constitucional-concurso-tcu-tecnico-2015\/#article","isPartOf":{"@id":"https:\/\/www.estrategiaconcursos.com.br\/blog\/direito-constitucional-concurso-tcu-tecnico-2015\/"},"author":{"name":"N\u00e1dia Carolina","@id":"https:\/\/www.estrategiaconcursos.com.br\/blog\/#\/schema\/person\/bf1b1d1865628ae32d608d5bad5442c6"},"headline":"Coment\u00e1rios \u00e0 prova de Direito Constitucional &#8211; Concurso TCU (T\u00e9cnico) &#8211; 2015","datePublished":"2015-08-10T13:49:26+00:00","dateModified":"2019-08-09T18:30:02+00:00","mainEntityOfPage":{"@id":"https:\/\/www.estrategiaconcursos.com.br\/blog\/direito-constitucional-concurso-tcu-tecnico-2015\/"},"wordCount":934,"commentCount":13,"publisher":{"@id":"https:\/\/www.estrategiaconcursos.com.br\/blog\/#organization"},"keywords":["Concurso TCU","Direito Constitucional"],"inLanguage":"pt-BR","potentialAction":[{"@type":"CommentAction","name":"Comment","target":["https:\/\/www.estrategiaconcursos.com.br\/blog\/direito-constitucional-concurso-tcu-tecnico-2015\/#respond"]}],"copyrightYear":"2015","copyrightHolder":{"@id":"https:\/\/www.estrategiaconcursos.com.br\/blog\/#organization"}},{"@type":"WebPage","@id":"https:\/\/www.estrategiaconcursos.com.br\/blog\/direito-constitucional-concurso-tcu-tecnico-2015\/","url":"https:\/\/www.estrategiaconcursos.com.br\/blog\/direito-constitucional-concurso-tcu-tecnico-2015\/","name":"Prova de Direito Constitucional do Concurso TCU (T\u00e9cnico) - 2015","isPartOf":{"@id":"https:\/\/www.estrategiaconcursos.com.br\/blog\/#website"},"datePublished":"2015-08-10T13:49:26+00:00","dateModified":"2019-08-09T18:30:02+00:00","description":"Coment\u00e1rios \u00e0 prova de Direito Constitucional do Concurso TCU, cargo de T\u00e9cnico, de 2015.","breadcrumb":{"@id":"https:\/\/www.estrategiaconcursos.com.br\/blog\/direito-constitucional-concurso-tcu-tecnico-2015\/#breadcrumb"},"inLanguage":"pt-BR","potentialAction":[{"@type":"ReadAction","target":["https:\/\/www.estrategiaconcursos.com.br\/blog\/direito-constitucional-concurso-tcu-tecnico-2015\/"]}]},{"@type":"BreadcrumbList","@id":"https:\/\/www.estrategiaconcursos.com.br\/blog\/direito-constitucional-concurso-tcu-tecnico-2015\/#breadcrumb","itemListElement":[{"@type":"ListItem","position":1,"name":"In\u00edcio","item":"https:\/\/www.estrategiaconcursos.com.br\/blog\/"},{"@type":"ListItem","position":2,"name":"Coment\u00e1rios \u00e0 prova de Direito Constitucional &#8211; Concurso TCU (T\u00e9cnico) &#8211; 2015"}]},{"@type":"WebSite","@id":"https:\/\/www.estrategiaconcursos.com.br\/blog\/#website","url":"https:\/\/www.estrategiaconcursos.com.br\/blog\/","name":"Estrat\u00e9gia Concursos","description":"O blog da Estrat\u00e9gia Concursos traz not\u00edcias sobre concursos e artigos de professores oferecendo cursos para concursos (pdf + videaulas) no site.","publisher":{"@id":"https:\/\/www.estrategiaconcursos.com.br\/blog\/#organization"},"potentialAction":[{"@type":"SearchAction","target":{"@type":"EntryPoint","urlTemplate":"https:\/\/www.estrategiaconcursos.com.br\/blog\/?s={search_term_string}"},"query-input":{"@type":"PropertyValueSpecification","valueRequired":true,"valueName":"search_term_string"}}],"inLanguage":"pt-BR"},{"@type":"Organization","@id":"https:\/\/www.estrategiaconcursos.com.br\/blog\/#organization","name":"Estrat\u00e9gia Concursos","url":"https:\/\/www.estrategiaconcursos.com.br\/blog\/","logo":{"@type":"ImageObject","inLanguage":"pt-BR","@id":"https:\/\/www.estrategiaconcursos.com.br\/blog\/#\/schema\/logo\/image\/","url":"https:\/\/dhg1h5j42swfq.cloudfront.net\/2025\/06\/03203428\/logo_concursos-1.jpg","contentUrl":"https:\/\/dhg1h5j42swfq.cloudfront.net\/2025\/06\/03203428\/logo_concursos-1.jpg","width":230,"height":60,"caption":"Estrat\u00e9gia Concursos"},"image":{"@id":"https:\/\/www.estrategiaconcursos.com.br\/blog\/#\/schema\/logo\/image\/"},"sameAs":["https:\/\/x.com\/EstratConcursos"]},{"@type":"Person","@id":"https:\/\/www.estrategiaconcursos.com.br\/blog\/#\/schema\/person\/bf1b1d1865628ae32d608d5bad5442c6","name":"N\u00e1dia Carolina","image":{"@type":"ImageObject","inLanguage":"pt-BR","@id":"https:\/\/secure.gravatar.com\/avatar\/0ec0c484339a071f22ea5ced30956ccdaab0f83125b2dc1857c3b038404136a7?s=96&d=mm&r=g","url":"https:\/\/secure.gravatar.com\/avatar\/0ec0c484339a071f22ea5ced30956ccdaab0f83125b2dc1857c3b038404136a7?s=96&d=mm&r=g","contentUrl":"https:\/\/secure.gravatar.com\/avatar\/0ec0c484339a071f22ea5ced30956ccdaab0f83125b2dc1857c3b038404136a7?s=96&d=mm&r=g","caption":"N\u00e1dia Carolina"},"sameAs":["https:\/\/www.facebook.com\/nadia.c.santos.16"],"url":"https:\/\/www.estrategiaconcursos.com.br\/blog\/author\/nadiaestrategiaconcursos-com-br\/"}]}},"_links":{"self":[{"href":"https:\/\/www.estrategiaconcursos.com.br\/blog\/wp-json\/wp\/v2\/posts\/25321","targetHints":{"allow":["GET"]}}],"collection":[{"href":"https:\/\/www.estrategiaconcursos.com.br\/blog\/wp-json\/wp\/v2\/posts"}],"about":[{"href":"https:\/\/www.estrategiaconcursos.com.br\/blog\/wp-json\/wp\/v2\/types\/post"}],"author":[{"embeddable":true,"href":"https:\/\/www.estrategiaconcursos.com.br\/blog\/wp-json\/wp\/v2\/users\/58"}],"replies":[{"embeddable":true,"href":"https:\/\/www.estrategiaconcursos.com.br\/blog\/wp-json\/wp\/v2\/comments?post=25321"}],"version-history":[{"count":10,"href":"https:\/\/www.estrategiaconcursos.com.br\/blog\/wp-json\/wp\/v2\/posts\/25321\/revisions"}],"predecessor-version":[{"id":407942,"href":"https:\/\/www.estrategiaconcursos.com.br\/blog\/wp-json\/wp\/v2\/posts\/25321\/revisions\/407942"}],"wp:attachment":[{"href":"https:\/\/www.estrategiaconcursos.com.br\/blog\/wp-json\/wp\/v2\/media?parent=25321"}],"wp:term":[{"taxonomy":"category","embeddable":true,"href":"https:\/\/www.estrategiaconcursos.com.br\/blog\/wp-json\/wp\/v2\/categories?post=25321"},{"taxonomy":"post_tag","embeddable":true,"href":"https:\/\/www.estrategiaconcursos.com.br\/blog\/wp-json\/wp\/v2\/tags?post=25321"},{"taxonomy":"tax_estado","embeddable":true,"href":"https:\/\/www.estrategiaconcursos.com.br\/blog\/wp-json\/wp\/v2\/tax_estado?post=25321"}],"curies":[{"name":"wp","href":"https:\/\/api.w.org\/{rel}","templated":true}]}}