{"id":25214,"date":"2015-08-04T17:11:19","date_gmt":"2015-08-04T20:11:19","guid":{"rendered":"http:\/\/www.estrategiaconcursos.com.br\/blog\/?p=25214"},"modified":"2015-08-06T08:52:50","modified_gmt":"2015-08-06T11:52:50","slug":"nesta-quarta-feira-aulao-online-ao-vivo-e-gratuito-enem-2015-meio-ambiente-em-debate","status":"publish","type":"post","link":"https:\/\/www.estrategiaconcursos.com.br\/blog\/nesta-quarta-feira-aulao-online-ao-vivo-e-gratuito-enem-2015-meio-ambiente-em-debate\/","title":{"rendered":"NESTA QUARTA-FEIRA: AUL\u00c3O ONLINE, AO VIVO e GRATUITO \u2013 ENEM 2015: Meio Ambiente em Debate"},"content":{"rendered":"<p><strong>Atualiza\u00e7\u00e3o 06\/08<\/strong> &#8211; Assiste de novo : <div class=\"lyte-wrapper\" style=\"width:853px;max-width:100%;margin:5px;\"><div class=\"lyMe\" id=\"WYL_7Usg1_smo58\"><div id=\"lyte_7Usg1_smo58\" data-src=\"\/\/i.ytimg.com\/vi\/7Usg1_smo58\/hqdefault.jpg\" class=\"pL\"><div class=\"tC\"><div class=\"tT\"><\/div><\/div><div class=\"play\"><\/div><div class=\"ctrl\"><div class=\"Lctrl\"><\/div><div class=\"Rctrl\"><\/div><\/div><\/div><noscript><a href=\"https:\/\/youtu.be\/7Usg1_smo58\" rel=\"nofollow\"><img loading=\"lazy\" decoding=\"async\" src=\"https:\/\/i.ytimg.com\/vi\/7Usg1_smo58\/0.jpg\" alt=\"YouTube video thumbnail\" width=\"853\" height=\"460\" \/><br \/>Assista a este v\u00eddeo no YouTube<\/a><\/noscript><\/div><\/div><div class=\"lL\" style=\"max-width:100%;width:853px;margin:5px;\"><\/div><\/p>\n<p>&gt; Assiste tamb\u00e9m o <a href=\"http:\/\/www.estrategiaconcursos.com.br\/blog\/enem-2015-crise-na-grecia\/\">Aul\u00e3o ENEM sobre a Crise na Gr\u00e9cia<\/a><\/p>\n<p style=\"text-align: justify;\"><a href=\"https:\/\/dhg1h5j42swfq.cloudfront.net\/2015\/08\/aul%C3%A3o-enem-1.jpg\"><img loading=\"lazy\" decoding=\"async\" class=\"alignleft wp-image-25215 size-medium\" src=\"https:\/\/dhg1h5j42swfq.cloudfront.net\/2015\/08\/aul%C3%A3o-enem-1-300x94.jpg\" alt=\"aul\u00e3o enem 1\" width=\"300\" height=\"94\" srcset=\"https:\/\/dhg1h5j42swfq.cloudfront.net\/2015\/08\/aul%C3%A3o-enem-1.jpg 300w, https:\/\/dhg1h5j42swfq.cloudfront.net\/2015\/08\/aul%C3%A3o-enem-1.jpg 500w, https:\/\/dhg1h5j42swfq.cloudfront.net\/2015\/08\/aul%C3%A3o-enem-1.jpg 701w\" sizes=\"auto, (max-width: 300px) 100vw, 300px\" \/><\/a><\/p>\n<p style=\"text-align: justify;\"><span style=\"color: #000000;\">Inicialmente criado apenas como instrumento para avaliar o n\u00edvel de conhecimento dos estudantes do \u00faltimo ano do ensino m\u00e9dio, hoje o <strong>Exame Nacional do Ensino M\u00e9dio<\/strong>\u2013 Enem \u00e9 utilizado como principal crit\u00e9rio para participa\u00e7\u00e3o e forma de sele\u00e7\u00e3o dos principais Programas do Minist\u00e9rio da Educa\u00e7\u00e3o voltados para o ingresso no ensino superior, (ProUni, Fies, SiSu).<\/span><\/p>\n<p style=\"text-align: justify;\"><span style=\"color: #000000;\">Por isso, os professores J\u00f4natas Gon\u00e7alves, Alexson Costa e Steve Germano\u00a0realizam na pr\u00f3xima quarta-feira, 05 de agosto, \u00e0s 20h (hor\u00e1rio de Bras\u00edlia)\u00a0um\u00a0<strong>AUL\u00c3O ONLINE, AO VIVO E GRATUITO, <\/strong>com o tema<strong> Meio Ambiente<\/strong>.<\/span><\/p>\n<p style=\"text-align: justify;\"><span style=\"color: #000000;\">Entenda as diverg\u00eancias que envolvem o meio ambiente dentro da \u00f3tica em cada bloco do conhecimento: Como o assunto mais abordado do Enem apresenta tanta diverg\u00eancia? Como um pa\u00eds com um grande potencial por recursos renov\u00e1veis, pode enfrentar problemas envolvendo a energia? Como as matrizes influenciam os ciclos bioqu\u00edmicos? Qual a \u00f3tica do Governo em rela\u00e7\u00e3o a este assunto?<\/span><\/p>\n<p style=\"text-align: justify;\"><span style=\"color: #000000;\">Voc\u00ea n\u00e3o pode perder!<\/span><\/p>\n<p style=\"text-align: justify;\"><span style=\"color: #000000;\">Assessoria de Comunica\u00e7\u00e3o<\/span><\/p>\n<p style=\"text-align: justify;\"><span style=\"color: #000000;\">comunicacao@estrategiaconcursos.com.br<\/span><\/p>\n","protected":false},"excerpt":{"rendered":"<p>Atualiza\u00e7\u00e3o 06\/08 &#8211; Assiste de novo : &gt; Assiste tamb\u00e9m o Aul\u00e3o ENEM sobre a Crise na Gr\u00e9cia Inicialmente criado apenas como instrumento para avaliar o n\u00edvel de conhecimento dos estudantes do \u00faltimo ano do ensino m\u00e9dio, hoje o Exame Nacional do Ensino M\u00e9dio\u2013 Enem \u00e9 utilizado como principal crit\u00e9rio para participa\u00e7\u00e3o e forma de [&hellip;]<\/p>\n","protected":false},"author":1,"featured_media":0,"comment_status":"open","ping_status":"open","sticky":false,"template":"","format":"standard","meta":{"post_tipo":"news","footnotes":""},"categories":[1],"tags":[775,786],"tax_estado":[],"class_list":["post-25214","post","type-post","status-publish","format-standard","hentry","category-cursos-e-concursos","tag-aulao","tag-enem"],"acf":[],"yoast_head":"<!-- This site is optimized with the Yoast SEO Premium plugin v27.2 (Yoast SEO v27.2) - https:\/\/yoast.com\/product\/yoast-seo-premium-wordpress\/ -->\n<title>NESTA QUARTA-FEIRA: AUL\u00c3O ONLINE, AO VIVO e GRATUITO \u2013 ENEM 2015: Meio Ambiente em Debate<\/title>\n<meta name=\"description\" content=\"ENEM: Os professores J\u00f4natas Gon\u00e7alves, Alexson Costa e Steve Germano realizam na pr\u00f3xima quarta-feira um AUL\u00c3O ONLINE, AO VIVO E GRATUITO. Saiba mais!\" \/>\n<meta name=\"robots\" content=\"index, follow, max-snippet:-1, max-image-preview:large, max-video-preview:-1\" \/>\n<link rel=\"canonical\" href=\"https:\/\/www.estrategiaconcursos.com.br\/blog\/nesta-quarta-feira-aulao-online-ao-vivo-e-gratuito-enem-2015-meio-ambiente-em-debate\/\" \/>\n<meta property=\"og:locale\" content=\"pt_BR\" \/>\n<meta property=\"og:type\" content=\"article\" \/>\n<meta property=\"og:title\" content=\"NESTA QUARTA-FEIRA: AUL\u00c3O ONLINE, AO VIVO e GRATUITO \u2013 ENEM 2015: Meio Ambiente em Debate\" \/>\n<meta property=\"og:description\" content=\"ENEM: Os professores J\u00f4natas Gon\u00e7alves, Alexson Costa e Steve Germano realizam na pr\u00f3xima quarta-feira um AUL\u00c3O ONLINE, AO VIVO E GRATUITO. Saiba mais!\" \/>\n<meta property=\"og:url\" content=\"https:\/\/www.estrategiaconcursos.com.br\/blog\/nesta-quarta-feira-aulao-online-ao-vivo-e-gratuito-enem-2015-meio-ambiente-em-debate\/\" \/>\n<meta property=\"og:site_name\" content=\"Estrat\u00e9gia Concursos\" \/>\n<meta property=\"article:author\" content=\"https:\/\/www.facebook.com\/EstrategiaConcursos\" \/>\n<meta property=\"article:published_time\" content=\"2015-08-04T20:11:19+00:00\" \/>\n<meta property=\"article:modified_time\" content=\"2015-08-06T11:52:50+00:00\" \/>\n<meta property=\"og:image\" content=\"https:\/\/dhg1h5j42swfq.cloudfront.net\/2015\/08\/aul%C3%A3o-enem-1-300x94.jpg\" \/>\n<meta name=\"author\" content=\"Coordena\u00e7\u00e3o\" \/>\n<meta name=\"twitter:card\" content=\"summary_large_image\" \/>\n<meta name=\"twitter:creator\" content=\"@EstratConcursos\" \/>\n<meta name=\"twitter:site\" content=\"@EstratConcursos\" \/>\n<meta name=\"twitter:label1\" content=\"Escrito por\" \/>\n\t<meta name=\"twitter:data1\" content=\"Coordena\u00e7\u00e3o\" \/>\n\t<meta name=\"twitter:label2\" content=\"Est. tempo de leitura\" \/>\n\t<meta name=\"twitter:data2\" content=\"1 minuto\" \/>\n<script type=\"application\/ld+json\" class=\"yoast-schema-graph\">{\"@context\":\"https:\/\/schema.org\",\"@graph\":[{\"@type\":\"NewsArticle\",\"@id\":\"https:\/\/www.estrategiaconcursos.com.br\/blog\/nesta-quarta-feira-aulao-online-ao-vivo-e-gratuito-enem-2015-meio-ambiente-em-debate\/#article\",\"isPartOf\":{\"@id\":\"https:\/\/www.estrategiaconcursos.com.br\/blog\/nesta-quarta-feira-aulao-online-ao-vivo-e-gratuito-enem-2015-meio-ambiente-em-debate\/\"},\"author\":{\"name\":\"Coordena\u00e7\u00e3o\",\"@id\":\"https:\/\/www.estrategiaconcursos.com.br\/blog\/#\/schema\/person\/b4a388c97673c5f483d72185668afa1f\"},\"headline\":\"NESTA QUARTA-FEIRA: AUL\u00c3O ONLINE, AO VIVO e GRATUITO \u2013 ENEM 2015: Meio Ambiente em Debate\",\"datePublished\":\"2015-08-04T20:11:19+00:00\",\"dateModified\":\"2015-08-06T11:52:50+00:00\",\"mainEntityOfPage\":{\"@id\":\"https:\/\/www.estrategiaconcursos.com.br\/blog\/nesta-quarta-feira-aulao-online-ao-vivo-e-gratuito-enem-2015-meio-ambiente-em-debate\/\"},\"wordCount\":214,\"commentCount\":0,\"publisher\":{\"@id\":\"https:\/\/www.estrategiaconcursos.com.br\/blog\/#organization\"},\"image\":{\"@id\":\"https:\/\/www.estrategiaconcursos.com.br\/blog\/nesta-quarta-feira-aulao-online-ao-vivo-e-gratuito-enem-2015-meio-ambiente-em-debate\/#primaryimage\"},\"thumbnailUrl\":\"https:\/\/dhg1h5j42swfq.cloudfront.net\/2015\/08\/aul%C3%A3o-enem-1-300x94.jpg\",\"keywords\":[\"Aul\u00e3o\",\"ENEM\"],\"articleSection\":[\"Concursos P\u00fablicos\"],\"inLanguage\":\"pt-BR\",\"potentialAction\":[{\"@type\":\"CommentAction\",\"name\":\"Comment\",\"target\":[\"https:\/\/www.estrategiaconcursos.com.br\/blog\/nesta-quarta-feira-aulao-online-ao-vivo-e-gratuito-enem-2015-meio-ambiente-em-debate\/#respond\"]}],\"copyrightYear\":\"2015\",\"copyrightHolder\":{\"@id\":\"https:\/\/www.estrategiaconcursos.com.br\/blog\/#organization\"}},{\"@type\":\"WebPage\",\"@id\":\"https:\/\/www.estrategiaconcursos.com.br\/blog\/nesta-quarta-feira-aulao-online-ao-vivo-e-gratuito-enem-2015-meio-ambiente-em-debate\/\",\"url\":\"https:\/\/www.estrategiaconcursos.com.br\/blog\/nesta-quarta-feira-aulao-online-ao-vivo-e-gratuito-enem-2015-meio-ambiente-em-debate\/\",\"name\":\"NESTA QUARTA-FEIRA: AUL\u00c3O ONLINE, AO VIVO e GRATUITO \u2013 ENEM 2015: Meio Ambiente em Debate\",\"isPartOf\":{\"@id\":\"https:\/\/www.estrategiaconcursos.com.br\/blog\/#website\"},\"primaryImageOfPage\":{\"@id\":\"https:\/\/www.estrategiaconcursos.com.br\/blog\/nesta-quarta-feira-aulao-online-ao-vivo-e-gratuito-enem-2015-meio-ambiente-em-debate\/#primaryimage\"},\"image\":{\"@id\":\"https:\/\/www.estrategiaconcursos.com.br\/blog\/nesta-quarta-feira-aulao-online-ao-vivo-e-gratuito-enem-2015-meio-ambiente-em-debate\/#primaryimage\"},\"thumbnailUrl\":\"https:\/\/dhg1h5j42swfq.cloudfront.net\/2015\/08\/aul%C3%A3o-enem-1-300x94.jpg\",\"datePublished\":\"2015-08-04T20:11:19+00:00\",\"dateModified\":\"2015-08-06T11:52:50+00:00\",\"description\":\"ENEM: Os professores J\u00f4natas Gon\u00e7alves, Alexson Costa e Steve Germano realizam na pr\u00f3xima quarta-feira um AUL\u00c3O ONLINE, AO VIVO E GRATUITO. Saiba mais!\",\"breadcrumb\":{\"@id\":\"https:\/\/www.estrategiaconcursos.com.br\/blog\/nesta-quarta-feira-aulao-online-ao-vivo-e-gratuito-enem-2015-meio-ambiente-em-debate\/#breadcrumb\"},\"inLanguage\":\"pt-BR\",\"potentialAction\":[{\"@type\":\"ReadAction\",\"target\":[\"https:\/\/www.estrategiaconcursos.com.br\/blog\/nesta-quarta-feira-aulao-online-ao-vivo-e-gratuito-enem-2015-meio-ambiente-em-debate\/\"]}]},{\"@type\":\"ImageObject\",\"inLanguage\":\"pt-BR\",\"@id\":\"https:\/\/www.estrategiaconcursos.com.br\/blog\/nesta-quarta-feira-aulao-online-ao-vivo-e-gratuito-enem-2015-meio-ambiente-em-debate\/#primaryimage\",\"url\":\"https:\/\/dhg1h5j42swfq.cloudfront.net\/2015\/08\/aul%C3%A3o-enem-1-300x94.jpg\",\"contentUrl\":\"https:\/\/dhg1h5j42swfq.cloudfront.net\/2015\/08\/aul%C3%A3o-enem-1-300x94.jpg\"},{\"@type\":\"BreadcrumbList\",\"@id\":\"https:\/\/www.estrategiaconcursos.com.br\/blog\/nesta-quarta-feira-aulao-online-ao-vivo-e-gratuito-enem-2015-meio-ambiente-em-debate\/#breadcrumb\",\"itemListElement\":[{\"@type\":\"ListItem\",\"position\":1,\"name\":\"In\u00edcio\",\"item\":\"https:\/\/www.estrategiaconcursos.com.br\/blog\/\"},{\"@type\":\"ListItem\",\"position\":2,\"name\":\"NESTA QUARTA-FEIRA: AUL\u00c3O ONLINE, AO VIVO e GRATUITO \u2013 ENEM 2015: Meio Ambiente em Debate\"}]},{\"@type\":\"WebSite\",\"@id\":\"https:\/\/www.estrategiaconcursos.com.br\/blog\/#website\",\"url\":\"https:\/\/www.estrategiaconcursos.com.br\/blog\/\",\"name\":\"Estrat\u00e9gia Concursos\",\"description\":\"O blog da Estrat\u00e9gia Concursos traz not\u00edcias sobre concursos e artigos de professores oferecendo cursos para concursos (pdf + videaulas) no site.\",\"publisher\":{\"@id\":\"https:\/\/www.estrategiaconcursos.com.br\/blog\/#organization\"},\"potentialAction\":[{\"@type\":\"SearchAction\",\"target\":{\"@type\":\"EntryPoint\",\"urlTemplate\":\"https:\/\/www.estrategiaconcursos.com.br\/blog\/?s={search_term_string}\"},\"query-input\":{\"@type\":\"PropertyValueSpecification\",\"valueRequired\":true,\"valueName\":\"search_term_string\"}}],\"inLanguage\":\"pt-BR\"},{\"@type\":\"Organization\",\"@id\":\"https:\/\/www.estrategiaconcursos.com.br\/blog\/#organization\",\"name\":\"Estrat\u00e9gia Concursos\",\"url\":\"https:\/\/www.estrategiaconcursos.com.br\/blog\/\",\"logo\":{\"@type\":\"ImageObject\",\"inLanguage\":\"pt-BR\",\"@id\":\"https:\/\/www.estrategiaconcursos.com.br\/blog\/#\/schema\/logo\/image\/\",\"url\":\"https:\/\/dhg1h5j42swfq.cloudfront.net\/2025\/06\/03203428\/logo_concursos-1.jpg\",\"contentUrl\":\"https:\/\/dhg1h5j42swfq.cloudfront.net\/2025\/06\/03203428\/logo_concursos-1.jpg\",\"width\":230,\"height\":60,\"caption\":\"Estrat\u00e9gia Concursos\"},\"image\":{\"@id\":\"https:\/\/www.estrategiaconcursos.com.br\/blog\/#\/schema\/logo\/image\/\"},\"sameAs\":[\"https:\/\/x.com\/EstratConcursos\"]},{\"@type\":\"Person\",\"@id\":\"https:\/\/www.estrategiaconcursos.com.br\/blog\/#\/schema\/person\/b4a388c97673c5f483d72185668afa1f\",\"name\":\"Coordena\u00e7\u00e3o\",\"image\":{\"@type\":\"ImageObject\",\"inLanguage\":\"pt-BR\",\"@id\":\"https:\/\/secure.gravatar.com\/avatar\/b720319e4c9a967eb58678d110f4fe35452fc5d5f97b202bac7b8acceb18c6ad?s=96&d=mm&r=g\",\"url\":\"https:\/\/secure.gravatar.com\/avatar\/b720319e4c9a967eb58678d110f4fe35452fc5d5f97b202bac7b8acceb18c6ad?s=96&d=mm&r=g\",\"contentUrl\":\"https:\/\/secure.gravatar.com\/avatar\/b720319e4c9a967eb58678d110f4fe35452fc5d5f97b202bac7b8acceb18c6ad?s=96&d=mm&r=g\",\"caption\":\"Coordena\u00e7\u00e3o\"},\"sameAs\":[\"https:\/\/www.facebook.com\/EstrategiaConcursos\",\"https:\/\/x.com\/EstratConcursos\"],\"url\":\"https:\/\/www.estrategiaconcursos.com.br\/blog\/author\/estrategia2013\/\"}]}<\/script>\n<!-- \/ Yoast SEO Premium plugin. -->","yoast_head_json":{"title":"NESTA QUARTA-FEIRA: AUL\u00c3O ONLINE, AO VIVO e GRATUITO \u2013 ENEM 2015: Meio Ambiente em Debate","description":"ENEM: Os professores J\u00f4natas Gon\u00e7alves, Alexson Costa e Steve Germano realizam na pr\u00f3xima quarta-feira um AUL\u00c3O ONLINE, AO VIVO E GRATUITO. Saiba mais!","robots":{"index":"index","follow":"follow","max-snippet":"max-snippet:-1","max-image-preview":"max-image-preview:large","max-video-preview":"max-video-preview:-1"},"canonical":"https:\/\/www.estrategiaconcursos.com.br\/blog\/nesta-quarta-feira-aulao-online-ao-vivo-e-gratuito-enem-2015-meio-ambiente-em-debate\/","og_locale":"pt_BR","og_type":"article","og_title":"NESTA QUARTA-FEIRA: AUL\u00c3O ONLINE, AO VIVO e GRATUITO \u2013 ENEM 2015: Meio Ambiente em Debate","og_description":"ENEM: Os professores J\u00f4natas Gon\u00e7alves, Alexson Costa e Steve Germano realizam na pr\u00f3xima quarta-feira um AUL\u00c3O ONLINE, AO VIVO E GRATUITO. Saiba mais!","og_url":"https:\/\/www.estrategiaconcursos.com.br\/blog\/nesta-quarta-feira-aulao-online-ao-vivo-e-gratuito-enem-2015-meio-ambiente-em-debate\/","og_site_name":"Estrat\u00e9gia Concursos","article_author":"https:\/\/www.facebook.com\/EstrategiaConcursos","article_published_time":"2015-08-04T20:11:19+00:00","article_modified_time":"2015-08-06T11:52:50+00:00","og_image":[{"url":"https:\/\/dhg1h5j42swfq.cloudfront.net\/2015\/08\/aul%C3%A3o-enem-1-300x94.jpg","type":"","width":"","height":""}],"author":"Coordena\u00e7\u00e3o","twitter_card":"summary_large_image","twitter_creator":"@EstratConcursos","twitter_site":"@EstratConcursos","twitter_misc":{"Escrito por":"Coordena\u00e7\u00e3o","Est. tempo de leitura":"1 minuto"},"schema":{"@context":"https:\/\/schema.org","@graph":[{"@type":"NewsArticle","@id":"https:\/\/www.estrategiaconcursos.com.br\/blog\/nesta-quarta-feira-aulao-online-ao-vivo-e-gratuito-enem-2015-meio-ambiente-em-debate\/#article","isPartOf":{"@id":"https:\/\/www.estrategiaconcursos.com.br\/blog\/nesta-quarta-feira-aulao-online-ao-vivo-e-gratuito-enem-2015-meio-ambiente-em-debate\/"},"author":{"name":"Coordena\u00e7\u00e3o","@id":"https:\/\/www.estrategiaconcursos.com.br\/blog\/#\/schema\/person\/b4a388c97673c5f483d72185668afa1f"},"headline":"NESTA QUARTA-FEIRA: AUL\u00c3O ONLINE, AO VIVO e GRATUITO \u2013 ENEM 2015: Meio Ambiente em Debate","datePublished":"2015-08-04T20:11:19+00:00","dateModified":"2015-08-06T11:52:50+00:00","mainEntityOfPage":{"@id":"https:\/\/www.estrategiaconcursos.com.br\/blog\/nesta-quarta-feira-aulao-online-ao-vivo-e-gratuito-enem-2015-meio-ambiente-em-debate\/"},"wordCount":214,"commentCount":0,"publisher":{"@id":"https:\/\/www.estrategiaconcursos.com.br\/blog\/#organization"},"image":{"@id":"https:\/\/www.estrategiaconcursos.com.br\/blog\/nesta-quarta-feira-aulao-online-ao-vivo-e-gratuito-enem-2015-meio-ambiente-em-debate\/#primaryimage"},"thumbnailUrl":"https:\/\/dhg1h5j42swfq.cloudfront.net\/2015\/08\/aul%C3%A3o-enem-1-300x94.jpg","keywords":["Aul\u00e3o","ENEM"],"articleSection":["Concursos P\u00fablicos"],"inLanguage":"pt-BR","potentialAction":[{"@type":"CommentAction","name":"Comment","target":["https:\/\/www.estrategiaconcursos.com.br\/blog\/nesta-quarta-feira-aulao-online-ao-vivo-e-gratuito-enem-2015-meio-ambiente-em-debate\/#respond"]}],"copyrightYear":"2015","copyrightHolder":{"@id":"https:\/\/www.estrategiaconcursos.com.br\/blog\/#organization"}},{"@type":"WebPage","@id":"https:\/\/www.estrategiaconcursos.com.br\/blog\/nesta-quarta-feira-aulao-online-ao-vivo-e-gratuito-enem-2015-meio-ambiente-em-debate\/","url":"https:\/\/www.estrategiaconcursos.com.br\/blog\/nesta-quarta-feira-aulao-online-ao-vivo-e-gratuito-enem-2015-meio-ambiente-em-debate\/","name":"NESTA QUARTA-FEIRA: AUL\u00c3O ONLINE, AO VIVO e GRATUITO \u2013 ENEM 2015: Meio Ambiente em Debate","isPartOf":{"@id":"https:\/\/www.estrategiaconcursos.com.br\/blog\/#website"},"primaryImageOfPage":{"@id":"https:\/\/www.estrategiaconcursos.com.br\/blog\/nesta-quarta-feira-aulao-online-ao-vivo-e-gratuito-enem-2015-meio-ambiente-em-debate\/#primaryimage"},"image":{"@id":"https:\/\/www.estrategiaconcursos.com.br\/blog\/nesta-quarta-feira-aulao-online-ao-vivo-e-gratuito-enem-2015-meio-ambiente-em-debate\/#primaryimage"},"thumbnailUrl":"https:\/\/dhg1h5j42swfq.cloudfront.net\/2015\/08\/aul%C3%A3o-enem-1-300x94.jpg","datePublished":"2015-08-04T20:11:19+00:00","dateModified":"2015-08-06T11:52:50+00:00","description":"ENEM: Os professores J\u00f4natas Gon\u00e7alves, Alexson Costa e Steve Germano realizam na pr\u00f3xima quarta-feira um AUL\u00c3O ONLINE, AO VIVO E GRATUITO. Saiba mais!","breadcrumb":{"@id":"https:\/\/www.estrategiaconcursos.com.br\/blog\/nesta-quarta-feira-aulao-online-ao-vivo-e-gratuito-enem-2015-meio-ambiente-em-debate\/#breadcrumb"},"inLanguage":"pt-BR","potentialAction":[{"@type":"ReadAction","target":["https:\/\/www.estrategiaconcursos.com.br\/blog\/nesta-quarta-feira-aulao-online-ao-vivo-e-gratuito-enem-2015-meio-ambiente-em-debate\/"]}]},{"@type":"ImageObject","inLanguage":"pt-BR","@id":"https:\/\/www.estrategiaconcursos.com.br\/blog\/nesta-quarta-feira-aulao-online-ao-vivo-e-gratuito-enem-2015-meio-ambiente-em-debate\/#primaryimage","url":"https:\/\/dhg1h5j42swfq.cloudfront.net\/2015\/08\/aul%C3%A3o-enem-1-300x94.jpg","contentUrl":"https:\/\/dhg1h5j42swfq.cloudfront.net\/2015\/08\/aul%C3%A3o-enem-1-300x94.jpg"},{"@type":"BreadcrumbList","@id":"https:\/\/www.estrategiaconcursos.com.br\/blog\/nesta-quarta-feira-aulao-online-ao-vivo-e-gratuito-enem-2015-meio-ambiente-em-debate\/#breadcrumb","itemListElement":[{"@type":"ListItem","position":1,"name":"In\u00edcio","item":"https:\/\/www.estrategiaconcursos.com.br\/blog\/"},{"@type":"ListItem","position":2,"name":"NESTA QUARTA-FEIRA: AUL\u00c3O ONLINE, AO VIVO e GRATUITO \u2013 ENEM 2015: Meio Ambiente em Debate"}]},{"@type":"WebSite","@id":"https:\/\/www.estrategiaconcursos.com.br\/blog\/#website","url":"https:\/\/www.estrategiaconcursos.com.br\/blog\/","name":"Estrat\u00e9gia Concursos","description":"O blog da Estrat\u00e9gia Concursos traz not\u00edcias sobre concursos e artigos de professores oferecendo cursos para concursos (pdf + videaulas) no site.","publisher":{"@id":"https:\/\/www.estrategiaconcursos.com.br\/blog\/#organization"},"potentialAction":[{"@type":"SearchAction","target":{"@type":"EntryPoint","urlTemplate":"https:\/\/www.estrategiaconcursos.com.br\/blog\/?s={search_term_string}"},"query-input":{"@type":"PropertyValueSpecification","valueRequired":true,"valueName":"search_term_string"}}],"inLanguage":"pt-BR"},{"@type":"Organization","@id":"https:\/\/www.estrategiaconcursos.com.br\/blog\/#organization","name":"Estrat\u00e9gia Concursos","url":"https:\/\/www.estrategiaconcursos.com.br\/blog\/","logo":{"@type":"ImageObject","inLanguage":"pt-BR","@id":"https:\/\/www.estrategiaconcursos.com.br\/blog\/#\/schema\/logo\/image\/","url":"https:\/\/dhg1h5j42swfq.cloudfront.net\/2025\/06\/03203428\/logo_concursos-1.jpg","contentUrl":"https:\/\/dhg1h5j42swfq.cloudfront.net\/2025\/06\/03203428\/logo_concursos-1.jpg","width":230,"height":60,"caption":"Estrat\u00e9gia Concursos"},"image":{"@id":"https:\/\/www.estrategiaconcursos.com.br\/blog\/#\/schema\/logo\/image\/"},"sameAs":["https:\/\/x.com\/EstratConcursos"]},{"@type":"Person","@id":"https:\/\/www.estrategiaconcursos.com.br\/blog\/#\/schema\/person\/b4a388c97673c5f483d72185668afa1f","name":"Coordena\u00e7\u00e3o","image":{"@type":"ImageObject","inLanguage":"pt-BR","@id":"https:\/\/secure.gravatar.com\/avatar\/b720319e4c9a967eb58678d110f4fe35452fc5d5f97b202bac7b8acceb18c6ad?s=96&d=mm&r=g","url":"https:\/\/secure.gravatar.com\/avatar\/b720319e4c9a967eb58678d110f4fe35452fc5d5f97b202bac7b8acceb18c6ad?s=96&d=mm&r=g","contentUrl":"https:\/\/secure.gravatar.com\/avatar\/b720319e4c9a967eb58678d110f4fe35452fc5d5f97b202bac7b8acceb18c6ad?s=96&d=mm&r=g","caption":"Coordena\u00e7\u00e3o"},"sameAs":["https:\/\/www.facebook.com\/EstrategiaConcursos","https:\/\/x.com\/EstratConcursos"],"url":"https:\/\/www.estrategiaconcursos.com.br\/blog\/author\/estrategia2013\/"}]}},"_links":{"self":[{"href":"https:\/\/www.estrategiaconcursos.com.br\/blog\/wp-json\/wp\/v2\/posts\/25214","targetHints":{"allow":["GET"]}}],"collection":[{"href":"https:\/\/www.estrategiaconcursos.com.br\/blog\/wp-json\/wp\/v2\/posts"}],"about":[{"href":"https:\/\/www.estrategiaconcursos.com.br\/blog\/wp-json\/wp\/v2\/types\/post"}],"author":[{"embeddable":true,"href":"https:\/\/www.estrategiaconcursos.com.br\/blog\/wp-json\/wp\/v2\/users\/1"}],"replies":[{"embeddable":true,"href":"https:\/\/www.estrategiaconcursos.com.br\/blog\/wp-json\/wp\/v2\/comments?post=25214"}],"version-history":[{"count":5,"href":"https:\/\/www.estrategiaconcursos.com.br\/blog\/wp-json\/wp\/v2\/posts\/25214\/revisions"}],"predecessor-version":[{"id":25236,"href":"https:\/\/www.estrategiaconcursos.com.br\/blog\/wp-json\/wp\/v2\/posts\/25214\/revisions\/25236"}],"wp:attachment":[{"href":"https:\/\/www.estrategiaconcursos.com.br\/blog\/wp-json\/wp\/v2\/media?parent=25214"}],"wp:term":[{"taxonomy":"category","embeddable":true,"href":"https:\/\/www.estrategiaconcursos.com.br\/blog\/wp-json\/wp\/v2\/categories?post=25214"},{"taxonomy":"post_tag","embeddable":true,"href":"https:\/\/www.estrategiaconcursos.com.br\/blog\/wp-json\/wp\/v2\/tags?post=25214"},{"taxonomy":"tax_estado","embeddable":true,"href":"https:\/\/www.estrategiaconcursos.com.br\/blog\/wp-json\/wp\/v2\/tax_estado?post=25214"}],"curies":[{"name":"wp","href":"https:\/\/api.w.org\/{rel}","templated":true}]}}