{"id":25101,"date":"2015-07-29T09:21:35","date_gmt":"2015-07-29T12:21:35","guid":{"rendered":"http:\/\/www.estrategiaconcursos.com.br\/blog\/?p=25101"},"modified":"2015-07-29T17:31:13","modified_gmt":"2015-07-29T20:31:13","slug":"recurso-concurso-trt-mg-2015-direito-do-trabalho","status":"publish","type":"post","link":"https:\/\/www.estrategiaconcursos.com.br\/blog\/recurso-concurso-trt-mg-2015-direito-do-trabalho\/","title":{"rendered":"Recurso Concurso TRT-MG 2015: Direito do Trabalho"},"content":{"rendered":"<p>Oi amigos(as),<\/p>\n<p>O professor Antonio Daud e eu fizemos uma an\u00e1lise das provas do concurso do TRT-MG e iremos postar aqui (e em outro artigo) nossas propostas de<strong> recursos em Direito do Trabalho<\/strong>.<\/p>\n<p>Na quest\u00e3o desse artigo a solu\u00e7\u00e3o seria a anula\u00e7\u00e3o, espero que a Banca acate o recurso.<\/p>\n<p>Se voc\u00ea errou a quest\u00e3o e quiser entrar com recurso, procure alterar a reda\u00e7\u00e3o abaixo &#8211; recursos id\u00eanticos (Ctrl C + Ctrl V) costumam ser ignorados.<\/p>\n<p>&#8212;&#8212;&#8212;-<\/p>\n<p><strong>Recurso Concurso TRT-MG 2015<\/strong><\/p>\n<p><strong>T\u00e9cnico Judici\u00e1rio-\u00c1rea Administrativa<\/strong><\/p>\n<p>Caderno de Prova \u2019T29\u2019, Tipo 001<\/p>\n<p><strong>Quest\u00e3o 50<\/strong><\/p>\n<p>Solicita-se a <strong>anula\u00e7\u00e3o<\/strong> da presente quest\u00e3o, por haver 2 alternativas incorretas.<\/p>\n<p>A alternativa (B), indicada como gabarito preliminar, \u00e9 sabidamente incorreta e n\u00e3o merece maiores coment\u00e1rios.<\/p>\n<p>O problema se encontra na alternativa (E), que tamb\u00e9m \u00e9 incorreta e abrange assunto n\u00e3o inclu\u00eddo no conte\u00fado program\u00e1tico do cargo de \u201cT\u00e9cnico Judici\u00e1rio-\u00c1rea Administrativa\u201d.<\/p>\n<p>Vejamos sua reda\u00e7\u00e3o:<\/p>\n<p>\u201c(E) o adicional de periculosidade ser\u00e1 devido aos trabalhadores expostos na forma da regulamenta\u00e7\u00e3o em vigor sobre a mat\u00e9ria a agentes inflam\u00e1veis, explosivos, energia el\u00e9trica e o uso de motocicleta, sendo necess\u00e1ria, nesta \u00faltima, a sua inclus\u00e3o nos quadros das atividades do Minist\u00e9rio do Trabalho para percep\u00e7\u00e3o do respectivo adicional.\u201d<\/p>\n<p>A CLT prev\u00ea genericamente que \u201c\u00a7 4\u00ba\u00a0\u00a0S\u00e3o tamb\u00e9m consideradas perigosas as atividades de trabalhador em motocicleta.\u201d<\/p>\n<p>A regulamenta\u00e7\u00e3o das atividades onde cab\u00edvel o adicional de periculosidade (inclusive Quadros com seu detalhamento, citados na alternativa) consta da <strong>Norma Regulamentadora n\u00ba 16 do MTE<\/strong>, que <strong>n\u00e3o<\/strong> estava no edital de T\u00e9cnico Judici\u00e1rio.<\/p>\n<p>Al\u00e9m disso, a alternativa fala de \u201cagentes inflam\u00e1veis, explosivos, energia el\u00e9trica e o uso de motocicleta\u201d, tendo<strong> omitido<\/strong> as &#8220;atividades e opera\u00e7\u00f5es perigosas com exposi\u00e7\u00e3o a roubos ou outras esp\u00e9cies de viol\u00eancia f\u00edsica&#8221; (artigo 193 da CLT, inclu\u00eddo em 2012 e anexo 3 da NR 16, inclu\u00eddo em 2013).<\/p>\n<p>Esta \u00faltima <strong>hip\u00f3tese de periculosidade<\/strong> consta da CLT e da NR 16, e sua aus\u00eancia na alternativa (E) suscita d\u00favidas quanto a sua corre\u00e7\u00e3o.<\/p>\n<p>Outrossim, a alternativa (E) prop\u00f5e que seja necess\u00e1ria, <strong>no caso de\u00a0uso de motocicleta<\/strong>, \u00a0\u201ca sua inclus\u00e3o nos quadros das atividades do Minist\u00e9rio do Trabalho para percep\u00e7\u00e3o do respectivo adicional.\u201d<\/p>\n<p>Isso permite [erroneamente] concluir que as demais atividades enumeradas n\u00e3o necessitariam de sua inclus\u00e3o nos quadros das atividades do MTE para o mesmo fim.<\/p>\n<p>O que se verifica \u00e9 que as demais atividades<strong> tamb\u00e9m precisam<\/strong> constar dos quadros da NR 16 para que seja cab\u00edvel o adicional de periculosidade.<\/p>\n<p>Com efeito, s\u00e3o consideradas atividades ou opera\u00e7\u00f5es perigosas com explosivos as enumeradas no quadro do Anexo 1 da NR 16. Com a regulamenta\u00e7\u00e3o se faz devido o adicional.<\/p>\n<p>Igualmente, s\u00e3o consideradas atividades ou opera\u00e7\u00f5es perigosas com inflam\u00e1veis as enumeradas no quadro do Anexo 2 da NR 16. Atendidas as condi\u00e7\u00f5es regulamentares, \u00e9 devido o adicional.<\/p>\n<p>O mesmo acontece com todas as hip\u00f3teses de periculosidade constantes da NR 16: o cabimento do adicional demanda \u201csua inclus\u00e3o nos quadros das atividades do Minist\u00e9rio do Trabalho\u201d.<\/p>\n<p>V\u00ea-se, portanto, que a regulamenta\u00e7\u00e3o pelo MTE \u00e9 fundamental para que se permita a percep\u00e7\u00e3o do adicional &#8211; <strong>nas diversas hip\u00f3teses, e n\u00e3o somente no uso de motocicletas<\/strong>.<\/p>\n<p>Ressalta-se, por fim, que talvez a banca quisesse justamente real\u00e7ar essa condi\u00e7\u00e3o (necessidade de haver regulamenta\u00e7\u00e3o do MTE para percep\u00e7\u00e3o do adicional), mas deixou de atualizar a reda\u00e7\u00e3o da alternativa (E), que pode ter sido escrita\u00a0pelo(a) examinador(a) <strong>ap\u00f3s a altera\u00e7\u00e3o da CLT (18 de junho de 2014)\u00a0<\/strong>&#8211; data em que\u00a0passou a\u00a0considerar perigosas as atividades de trabalhador em motocicleta &#8211;<strong>\u00a0e antes da efetiva regulamenta\u00e7\u00e3o\u00a0(13 de outubro de 2014)<\/strong> &#8211; data em que a NR 16 foi alterada para contemplar a hip\u00f3tese do uso de motocicleta como atividade perigosa.<\/p>\n<p>Do exposto, solicita-se \u00e0 Banca FCC que anule a presente quest\u00e3o, por haver mais de uma alternativa incorreta.<\/p>\n<p>&#8212;&#8212;-<\/p>\n<p>Espero que voc\u00ea tenha tido um \u00f3timo desempenho na prova.<\/p>\n<p>Caso tenha vislumbrado outras possibilidades de recurso entre em contato comigo!<\/p>\n<p>Grande abra\u00e7o,<\/p>\n<p>M\u00e1rio Pinheiro<\/p>\n<p><a href=\"https:\/\/www.facebook.com\/mario.pinheiro.18\">https:\/\/www.facebook.com\/mario.pinheiro.18<\/a><\/p>\n","protected":false},"excerpt":{"rendered":"<p>Oi amigos(as), O professor Antonio Daud e eu fizemos uma an\u00e1lise das provas do concurso do TRT-MG e iremos postar aqui (e em outro artigo) nossas propostas de recursos em Direito do Trabalho. Na quest\u00e3o desse artigo a solu\u00e7\u00e3o seria a anula\u00e7\u00e3o, espero que a Banca acate o recurso. Se voc\u00ea errou a quest\u00e3o e [&hellip;]<\/p>\n","protected":false},"author":22,"featured_media":0,"comment_status":"open","ping_status":"open","sticky":false,"template":"","format":"standard","meta":{"post_tipo":"article","footnotes":""},"categories":[],"tags":[627,541],"tax_estado":[],"class_list":["post-25101","post","type-post","status-publish","format-standard","hentry","tag-direito-do-trabalho","tag-trt-mg"],"acf":[],"yoast_head":"<!-- This site is optimized with the Yoast SEO Premium plugin v27.2 (Yoast SEO v27.2) - https:\/\/yoast.com\/product\/yoast-seo-premium-wordpress\/ -->\n<title>Recurso Concurso TRT-MG 2015<\/title>\n<meta name=\"description\" content=\"Recurso Concurso TRT-MG 2015: Recurso em Direito do Trabalho - T\u00e9cnico Judici\u00e1rio-\u00c1rea Administrativa. Caderno de Prova \u2019T29\u2019, Tipo 001 - Quest\u00e3o 50.\" \/>\n<meta name=\"robots\" content=\"index, follow, max-snippet:-1, max-image-preview:large, max-video-preview:-1\" \/>\n<link rel=\"canonical\" href=\"https:\/\/www.estrategiaconcursos.com.br\/blog\/recurso-concurso-trt-mg-2015-direito-do-trabalho\/\" \/>\n<meta property=\"og:locale\" content=\"pt_BR\" \/>\n<meta property=\"og:type\" content=\"article\" \/>\n<meta property=\"og:title\" content=\"Recurso Concurso TRT-MG 2015: Direito do Trabalho\" \/>\n<meta property=\"og:description\" content=\"Recurso Concurso TRT-MG 2015: Recurso em Direito do Trabalho - T\u00e9cnico Judici\u00e1rio-\u00c1rea Administrativa. Caderno de Prova \u2019T29\u2019, Tipo 001 - Quest\u00e3o 50.\" \/>\n<meta property=\"og:url\" content=\"https:\/\/www.estrategiaconcursos.com.br\/blog\/recurso-concurso-trt-mg-2015-direito-do-trabalho\/\" \/>\n<meta property=\"og:site_name\" content=\"Estrat\u00e9gia Concursos\" \/>\n<meta property=\"article:author\" content=\"https:\/\/www.facebook.com\/mario.pinheiro.18\" \/>\n<meta property=\"article:published_time\" content=\"2015-07-29T12:21:35+00:00\" \/>\n<meta property=\"article:modified_time\" content=\"2015-07-29T20:31:13+00:00\" \/>\n<meta name=\"author\" content=\"M\u00e1rio Pinheiro\" \/>\n<meta name=\"twitter:card\" content=\"summary_large_image\" \/>\n<meta name=\"twitter:creator\" content=\"@https:\/\/twitter.com\/EstratConcursos\" \/>\n<meta name=\"twitter:site\" content=\"@EstratConcursos\" \/>\n<meta name=\"twitter:label1\" content=\"Escrito por\" \/>\n\t<meta name=\"twitter:data1\" content=\"M\u00e1rio Pinheiro\" \/>\n\t<meta name=\"twitter:label2\" content=\"Est. tempo de leitura\" \/>\n\t<meta name=\"twitter:data2\" content=\"4 minutos\" \/>\n<script type=\"application\/ld+json\" class=\"yoast-schema-graph\">{\"@context\":\"https:\/\/schema.org\",\"@graph\":[{\"@type\":\"NewsArticle\",\"@id\":\"https:\/\/www.estrategiaconcursos.com.br\/blog\/recurso-concurso-trt-mg-2015-direito-do-trabalho\/#article\",\"isPartOf\":{\"@id\":\"https:\/\/www.estrategiaconcursos.com.br\/blog\/recurso-concurso-trt-mg-2015-direito-do-trabalho\/\"},\"author\":{\"name\":\"M\u00e1rio Pinheiro\",\"@id\":\"https:\/\/www.estrategiaconcursos.com.br\/blog\/#\/schema\/person\/263a505d4cf873862a093b2314df57e9\"},\"headline\":\"Recurso Concurso TRT-MG 2015: Direito do Trabalho\",\"datePublished\":\"2015-07-29T12:21:35+00:00\",\"dateModified\":\"2015-07-29T20:31:13+00:00\",\"mainEntityOfPage\":{\"@id\":\"https:\/\/www.estrategiaconcursos.com.br\/blog\/recurso-concurso-trt-mg-2015-direito-do-trabalho\/\"},\"wordCount\":719,\"commentCount\":2,\"publisher\":{\"@id\":\"https:\/\/www.estrategiaconcursos.com.br\/blog\/#organization\"},\"keywords\":[\"Direito do Trabalho\",\"TRT-MG\"],\"inLanguage\":\"pt-BR\",\"potentialAction\":[{\"@type\":\"CommentAction\",\"name\":\"Comment\",\"target\":[\"https:\/\/www.estrategiaconcursos.com.br\/blog\/recurso-concurso-trt-mg-2015-direito-do-trabalho\/#respond\"]}],\"copyrightYear\":\"2015\",\"copyrightHolder\":{\"@id\":\"https:\/\/www.estrategiaconcursos.com.br\/blog\/#organization\"}},{\"@type\":\"WebPage\",\"@id\":\"https:\/\/www.estrategiaconcursos.com.br\/blog\/recurso-concurso-trt-mg-2015-direito-do-trabalho\/\",\"url\":\"https:\/\/www.estrategiaconcursos.com.br\/blog\/recurso-concurso-trt-mg-2015-direito-do-trabalho\/\",\"name\":\"Recurso Concurso TRT-MG 2015\",\"isPartOf\":{\"@id\":\"https:\/\/www.estrategiaconcursos.com.br\/blog\/#website\"},\"datePublished\":\"2015-07-29T12:21:35+00:00\",\"dateModified\":\"2015-07-29T20:31:13+00:00\",\"description\":\"Recurso Concurso TRT-MG 2015: Recurso em Direito do Trabalho - T\u00e9cnico Judici\u00e1rio-\u00c1rea Administrativa. Caderno de Prova \u2019T29\u2019, Tipo 001 - Quest\u00e3o 50.\",\"breadcrumb\":{\"@id\":\"https:\/\/www.estrategiaconcursos.com.br\/blog\/recurso-concurso-trt-mg-2015-direito-do-trabalho\/#breadcrumb\"},\"inLanguage\":\"pt-BR\",\"potentialAction\":[{\"@type\":\"ReadAction\",\"target\":[\"https:\/\/www.estrategiaconcursos.com.br\/blog\/recurso-concurso-trt-mg-2015-direito-do-trabalho\/\"]}]},{\"@type\":\"BreadcrumbList\",\"@id\":\"https:\/\/www.estrategiaconcursos.com.br\/blog\/recurso-concurso-trt-mg-2015-direito-do-trabalho\/#breadcrumb\",\"itemListElement\":[{\"@type\":\"ListItem\",\"position\":1,\"name\":\"In\u00edcio\",\"item\":\"https:\/\/www.estrategiaconcursos.com.br\/blog\/\"},{\"@type\":\"ListItem\",\"position\":2,\"name\":\"Recurso Concurso TRT-MG 2015: Direito do Trabalho\"}]},{\"@type\":\"WebSite\",\"@id\":\"https:\/\/www.estrategiaconcursos.com.br\/blog\/#website\",\"url\":\"https:\/\/www.estrategiaconcursos.com.br\/blog\/\",\"name\":\"Estrat\u00e9gia Concursos\",\"description\":\"O blog da Estrat\u00e9gia Concursos traz not\u00edcias sobre concursos e artigos de professores oferecendo cursos para concursos (pdf + videaulas) no site.\",\"publisher\":{\"@id\":\"https:\/\/www.estrategiaconcursos.com.br\/blog\/#organization\"},\"potentialAction\":[{\"@type\":\"SearchAction\",\"target\":{\"@type\":\"EntryPoint\",\"urlTemplate\":\"https:\/\/www.estrategiaconcursos.com.br\/blog\/?s={search_term_string}\"},\"query-input\":{\"@type\":\"PropertyValueSpecification\",\"valueRequired\":true,\"valueName\":\"search_term_string\"}}],\"inLanguage\":\"pt-BR\"},{\"@type\":\"Organization\",\"@id\":\"https:\/\/www.estrategiaconcursos.com.br\/blog\/#organization\",\"name\":\"Estrat\u00e9gia Concursos\",\"url\":\"https:\/\/www.estrategiaconcursos.com.br\/blog\/\",\"logo\":{\"@type\":\"ImageObject\",\"inLanguage\":\"pt-BR\",\"@id\":\"https:\/\/www.estrategiaconcursos.com.br\/blog\/#\/schema\/logo\/image\/\",\"url\":\"https:\/\/dhg1h5j42swfq.cloudfront.net\/2025\/06\/03203428\/logo_concursos-1.jpg\",\"contentUrl\":\"https:\/\/dhg1h5j42swfq.cloudfront.net\/2025\/06\/03203428\/logo_concursos-1.jpg\",\"width\":230,\"height\":60,\"caption\":\"Estrat\u00e9gia Concursos\"},\"image\":{\"@id\":\"https:\/\/www.estrategiaconcursos.com.br\/blog\/#\/schema\/logo\/image\/\"},\"sameAs\":[\"https:\/\/x.com\/EstratConcursos\"]},{\"@type\":\"Person\",\"@id\":\"https:\/\/www.estrategiaconcursos.com.br\/blog\/#\/schema\/person\/263a505d4cf873862a093b2314df57e9\",\"name\":\"M\u00e1rio Pinheiro\",\"image\":{\"@type\":\"ImageObject\",\"inLanguage\":\"pt-BR\",\"@id\":\"https:\/\/secure.gravatar.com\/avatar\/20baf5175bad463e4e1f63d74d633d42e86b4028c320527e859914f6a57cb66a?s=96&d=mm&r=g\",\"url\":\"https:\/\/secure.gravatar.com\/avatar\/20baf5175bad463e4e1f63d74d633d42e86b4028c320527e859914f6a57cb66a?s=96&d=mm&r=g\",\"contentUrl\":\"https:\/\/secure.gravatar.com\/avatar\/20baf5175bad463e4e1f63d74d633d42e86b4028c320527e859914f6a57cb66a?s=96&d=mm&r=g\",\"caption\":\"M\u00e1rio Pinheiro\"},\"sameAs\":[\"https:\/\/www.facebook.com\/mario.pinheiro.18\",\"https:\/\/x.com\/https:\/\/twitter.com\/EstratConcursos\"],\"url\":\"https:\/\/www.estrategiaconcursos.com.br\/blog\/author\/mariopinheiroestrategiaconcursos-com-br\/\"}]}<\/script>\n<!-- \/ Yoast SEO Premium plugin. -->","yoast_head_json":{"title":"Recurso Concurso TRT-MG 2015","description":"Recurso Concurso TRT-MG 2015: Recurso em Direito do Trabalho - T\u00e9cnico Judici\u00e1rio-\u00c1rea Administrativa. Caderno de Prova \u2019T29\u2019, Tipo 001 - Quest\u00e3o 50.","robots":{"index":"index","follow":"follow","max-snippet":"max-snippet:-1","max-image-preview":"max-image-preview:large","max-video-preview":"max-video-preview:-1"},"canonical":"https:\/\/www.estrategiaconcursos.com.br\/blog\/recurso-concurso-trt-mg-2015-direito-do-trabalho\/","og_locale":"pt_BR","og_type":"article","og_title":"Recurso Concurso TRT-MG 2015: Direito do Trabalho","og_description":"Recurso Concurso TRT-MG 2015: Recurso em Direito do Trabalho - T\u00e9cnico Judici\u00e1rio-\u00c1rea Administrativa. Caderno de Prova \u2019T29\u2019, Tipo 001 - Quest\u00e3o 50.","og_url":"https:\/\/www.estrategiaconcursos.com.br\/blog\/recurso-concurso-trt-mg-2015-direito-do-trabalho\/","og_site_name":"Estrat\u00e9gia Concursos","article_author":"https:\/\/www.facebook.com\/mario.pinheiro.18","article_published_time":"2015-07-29T12:21:35+00:00","article_modified_time":"2015-07-29T20:31:13+00:00","author":"M\u00e1rio Pinheiro","twitter_card":"summary_large_image","twitter_creator":"@https:\/\/twitter.com\/EstratConcursos","twitter_site":"@EstratConcursos","twitter_misc":{"Escrito por":"M\u00e1rio Pinheiro","Est. tempo de leitura":"4 minutos"},"schema":{"@context":"https:\/\/schema.org","@graph":[{"@type":"NewsArticle","@id":"https:\/\/www.estrategiaconcursos.com.br\/blog\/recurso-concurso-trt-mg-2015-direito-do-trabalho\/#article","isPartOf":{"@id":"https:\/\/www.estrategiaconcursos.com.br\/blog\/recurso-concurso-trt-mg-2015-direito-do-trabalho\/"},"author":{"name":"M\u00e1rio Pinheiro","@id":"https:\/\/www.estrategiaconcursos.com.br\/blog\/#\/schema\/person\/263a505d4cf873862a093b2314df57e9"},"headline":"Recurso Concurso TRT-MG 2015: Direito do Trabalho","datePublished":"2015-07-29T12:21:35+00:00","dateModified":"2015-07-29T20:31:13+00:00","mainEntityOfPage":{"@id":"https:\/\/www.estrategiaconcursos.com.br\/blog\/recurso-concurso-trt-mg-2015-direito-do-trabalho\/"},"wordCount":719,"commentCount":2,"publisher":{"@id":"https:\/\/www.estrategiaconcursos.com.br\/blog\/#organization"},"keywords":["Direito do Trabalho","TRT-MG"],"inLanguage":"pt-BR","potentialAction":[{"@type":"CommentAction","name":"Comment","target":["https:\/\/www.estrategiaconcursos.com.br\/blog\/recurso-concurso-trt-mg-2015-direito-do-trabalho\/#respond"]}],"copyrightYear":"2015","copyrightHolder":{"@id":"https:\/\/www.estrategiaconcursos.com.br\/blog\/#organization"}},{"@type":"WebPage","@id":"https:\/\/www.estrategiaconcursos.com.br\/blog\/recurso-concurso-trt-mg-2015-direito-do-trabalho\/","url":"https:\/\/www.estrategiaconcursos.com.br\/blog\/recurso-concurso-trt-mg-2015-direito-do-trabalho\/","name":"Recurso Concurso TRT-MG 2015","isPartOf":{"@id":"https:\/\/www.estrategiaconcursos.com.br\/blog\/#website"},"datePublished":"2015-07-29T12:21:35+00:00","dateModified":"2015-07-29T20:31:13+00:00","description":"Recurso Concurso TRT-MG 2015: Recurso em Direito do Trabalho - T\u00e9cnico Judici\u00e1rio-\u00c1rea Administrativa. Caderno de Prova \u2019T29\u2019, Tipo 001 - Quest\u00e3o 50.","breadcrumb":{"@id":"https:\/\/www.estrategiaconcursos.com.br\/blog\/recurso-concurso-trt-mg-2015-direito-do-trabalho\/#breadcrumb"},"inLanguage":"pt-BR","potentialAction":[{"@type":"ReadAction","target":["https:\/\/www.estrategiaconcursos.com.br\/blog\/recurso-concurso-trt-mg-2015-direito-do-trabalho\/"]}]},{"@type":"BreadcrumbList","@id":"https:\/\/www.estrategiaconcursos.com.br\/blog\/recurso-concurso-trt-mg-2015-direito-do-trabalho\/#breadcrumb","itemListElement":[{"@type":"ListItem","position":1,"name":"In\u00edcio","item":"https:\/\/www.estrategiaconcursos.com.br\/blog\/"},{"@type":"ListItem","position":2,"name":"Recurso Concurso TRT-MG 2015: Direito do Trabalho"}]},{"@type":"WebSite","@id":"https:\/\/www.estrategiaconcursos.com.br\/blog\/#website","url":"https:\/\/www.estrategiaconcursos.com.br\/blog\/","name":"Estrat\u00e9gia Concursos","description":"O blog da Estrat\u00e9gia Concursos traz not\u00edcias sobre concursos e artigos de professores oferecendo cursos para concursos (pdf + videaulas) no site.","publisher":{"@id":"https:\/\/www.estrategiaconcursos.com.br\/blog\/#organization"},"potentialAction":[{"@type":"SearchAction","target":{"@type":"EntryPoint","urlTemplate":"https:\/\/www.estrategiaconcursos.com.br\/blog\/?s={search_term_string}"},"query-input":{"@type":"PropertyValueSpecification","valueRequired":true,"valueName":"search_term_string"}}],"inLanguage":"pt-BR"},{"@type":"Organization","@id":"https:\/\/www.estrategiaconcursos.com.br\/blog\/#organization","name":"Estrat\u00e9gia Concursos","url":"https:\/\/www.estrategiaconcursos.com.br\/blog\/","logo":{"@type":"ImageObject","inLanguage":"pt-BR","@id":"https:\/\/www.estrategiaconcursos.com.br\/blog\/#\/schema\/logo\/image\/","url":"https:\/\/dhg1h5j42swfq.cloudfront.net\/2025\/06\/03203428\/logo_concursos-1.jpg","contentUrl":"https:\/\/dhg1h5j42swfq.cloudfront.net\/2025\/06\/03203428\/logo_concursos-1.jpg","width":230,"height":60,"caption":"Estrat\u00e9gia Concursos"},"image":{"@id":"https:\/\/www.estrategiaconcursos.com.br\/blog\/#\/schema\/logo\/image\/"},"sameAs":["https:\/\/x.com\/EstratConcursos"]},{"@type":"Person","@id":"https:\/\/www.estrategiaconcursos.com.br\/blog\/#\/schema\/person\/263a505d4cf873862a093b2314df57e9","name":"M\u00e1rio Pinheiro","image":{"@type":"ImageObject","inLanguage":"pt-BR","@id":"https:\/\/secure.gravatar.com\/avatar\/20baf5175bad463e4e1f63d74d633d42e86b4028c320527e859914f6a57cb66a?s=96&d=mm&r=g","url":"https:\/\/secure.gravatar.com\/avatar\/20baf5175bad463e4e1f63d74d633d42e86b4028c320527e859914f6a57cb66a?s=96&d=mm&r=g","contentUrl":"https:\/\/secure.gravatar.com\/avatar\/20baf5175bad463e4e1f63d74d633d42e86b4028c320527e859914f6a57cb66a?s=96&d=mm&r=g","caption":"M\u00e1rio Pinheiro"},"sameAs":["https:\/\/www.facebook.com\/mario.pinheiro.18","https:\/\/x.com\/https:\/\/twitter.com\/EstratConcursos"],"url":"https:\/\/www.estrategiaconcursos.com.br\/blog\/author\/mariopinheiroestrategiaconcursos-com-br\/"}]}},"_links":{"self":[{"href":"https:\/\/www.estrategiaconcursos.com.br\/blog\/wp-json\/wp\/v2\/posts\/25101","targetHints":{"allow":["GET"]}}],"collection":[{"href":"https:\/\/www.estrategiaconcursos.com.br\/blog\/wp-json\/wp\/v2\/posts"}],"about":[{"href":"https:\/\/www.estrategiaconcursos.com.br\/blog\/wp-json\/wp\/v2\/types\/post"}],"author":[{"embeddable":true,"href":"https:\/\/www.estrategiaconcursos.com.br\/blog\/wp-json\/wp\/v2\/users\/22"}],"replies":[{"embeddable":true,"href":"https:\/\/www.estrategiaconcursos.com.br\/blog\/wp-json\/wp\/v2\/comments?post=25101"}],"version-history":[{"count":11,"href":"https:\/\/www.estrategiaconcursos.com.br\/blog\/wp-json\/wp\/v2\/posts\/25101\/revisions"}],"predecessor-version":[{"id":25121,"href":"https:\/\/www.estrategiaconcursos.com.br\/blog\/wp-json\/wp\/v2\/posts\/25101\/revisions\/25121"}],"wp:attachment":[{"href":"https:\/\/www.estrategiaconcursos.com.br\/blog\/wp-json\/wp\/v2\/media?parent=25101"}],"wp:term":[{"taxonomy":"category","embeddable":true,"href":"https:\/\/www.estrategiaconcursos.com.br\/blog\/wp-json\/wp\/v2\/categories?post=25101"},{"taxonomy":"post_tag","embeddable":true,"href":"https:\/\/www.estrategiaconcursos.com.br\/blog\/wp-json\/wp\/v2\/tags?post=25101"},{"taxonomy":"tax_estado","embeddable":true,"href":"https:\/\/www.estrategiaconcursos.com.br\/blog\/wp-json\/wp\/v2\/tax_estado?post=25101"}],"curies":[{"name":"wp","href":"https:\/\/api.w.org\/{rel}","templated":true}]}}