{"id":25098,"date":"2015-07-29T09:06:41","date_gmt":"2015-07-29T12:06:41","guid":{"rendered":"http:\/\/www.estrategiaconcursos.com.br\/blog\/?p=25098"},"modified":"2015-07-29T17:30:52","modified_gmt":"2015-07-29T20:30:52","slug":"recursos-direito-do-trabalho-trt-3-minas-gerais","status":"publish","type":"post","link":"https:\/\/www.estrategiaconcursos.com.br\/blog\/recursos-direito-do-trabalho-trt-3-minas-gerais\/","title":{"rendered":"Recursos &#8211; Direito do Trabalho &#8211; TRT-3 (Minas Gerais)"},"content":{"rendered":"<p>Ol\u00e1 amigos,<\/p>\n<p>Sa\u00edram as provas e os gabaritos preliminares do concurso do TRT-3 (Minas Gerais), organizado pela FCC.<\/p>\n<p>Os <strong>recursos<\/strong>\u00a0podem\u00a0ser interpostos nos <strong>dias 28 e 29 de julho<\/strong> de 2015.<\/p>\n<p>Nestas provas, foram cobradas, ao todo, 32 quest\u00f5es de Direito do Trabalho, sendo 10 quest\u00f5es para os cargos de TJAA e de OJAF e 12 para AJAJ.<\/p>\n<p>Em geral, as quest\u00f5es apresentaram um bom n\u00edvel, no estilo FCC. A banca n\u00e3o focou tanto as novidades na legisla\u00e7\u00e3o e, nesta prova, reduziu um pouco o enfoque que costuma dar \u00e0 literalidade dos dispositivos celetistas.<br \/>\nEm rela\u00e7\u00e3o aos gabaritos, entendemos que h\u00e1\u00a0possibilidade de <strong>recurso em face das seguintes quest\u00f5es<\/strong> (prova\u00a0tipo I):<\/p>\n<p>a) Cargo TJAA: quest\u00f5es 44 e 50;<br \/>\nb) Cargo OJAF: quest\u00e3o 34.<\/p>\n<p>As <strong>fundamenta\u00e7\u00f5es<\/strong> encontram-se no seguinte link:\u00a0<a href=\"https:\/\/dhg1h5j42swfq.cloudfront.net\/2015\/07\/Recursos.pdf\">Recursos &#8211; Direito do Trabalho &#8211; TRT3 (MG)<\/a>,\u00a0exceto o recurso contra a quest\u00e3o 50 de TJAA, que ser\u00e1 postada na sequ\u00eancia.<\/p>\n<p>De qualquer maneira, se algu\u00e9m achar que cabe recurso contra alguma outra quest\u00e3o, por favor entre em contato conosco.<br \/>\nUm forte abra\u00e7o!<\/p>\n<p>&nbsp;<\/p>\n","protected":false},"excerpt":{"rendered":"<p>Ol\u00e1 amigos, Sa\u00edram as provas e os gabaritos preliminares do concurso do TRT-3 (Minas Gerais), organizado pela FCC. Os recursos\u00a0podem\u00a0ser interpostos nos dias 28 e 29 de julho de 2015. Nestas provas, foram cobradas, ao todo, 32 quest\u00f5es de Direito do Trabalho, sendo 10 quest\u00f5es para os cargos de TJAA e de OJAF e 12 [&hellip;]<\/p>\n","protected":false},"author":135,"featured_media":0,"comment_status":"open","ping_status":"open","sticky":false,"template":"","format":"standard","meta":{"post_tipo":"article","footnotes":""},"categories":[],"tags":[627,8,541],"tax_estado":[],"class_list":["post-25098","post","type-post","status-publish","format-standard","hentry","tag-direito-do-trabalho","tag-recurso","tag-trt-mg"],"acf":[],"yoast_head":"<!-- This site is optimized with the Yoast SEO Premium plugin v27.2 (Yoast SEO v27.2) - https:\/\/yoast.com\/product\/yoast-seo-premium-wordpress\/ -->\n<title>Recursos - Direito do Trabalho - TRT-3 (Minas Gerais)<\/title>\n<meta name=\"robots\" content=\"index, follow, max-snippet:-1, max-image-preview:large, max-video-preview:-1\" \/>\n<link rel=\"canonical\" href=\"https:\/\/www.estrategiaconcursos.com.br\/blog\/recursos-direito-do-trabalho-trt-3-minas-gerais\/\" \/>\n<meta property=\"og:locale\" content=\"pt_BR\" \/>\n<meta property=\"og:type\" content=\"article\" \/>\n<meta property=\"og:title\" content=\"Recursos - Direito do Trabalho - TRT-3 (Minas Gerais)\" \/>\n<meta property=\"og:description\" content=\"Ol\u00e1 amigos, Sa\u00edram as provas e os gabaritos preliminares do concurso do TRT-3 (Minas Gerais), organizado pela FCC. Os recursos\u00a0podem\u00a0ser interpostos nos dias 28 e 29 de julho de 2015. Nestas provas, foram cobradas, ao todo, 32 quest\u00f5es de Direito do Trabalho, sendo 10 quest\u00f5es para os cargos de TJAA e de OJAF e 12 [&hellip;]\" \/>\n<meta property=\"og:url\" content=\"https:\/\/www.estrategiaconcursos.com.br\/blog\/recursos-direito-do-trabalho-trt-3-minas-gerais\/\" \/>\n<meta property=\"og:site_name\" content=\"Estrat\u00e9gia Concursos\" \/>\n<meta property=\"article:published_time\" content=\"2015-07-29T12:06:41+00:00\" \/>\n<meta property=\"article:modified_time\" content=\"2015-07-29T20:30:52+00:00\" \/>\n<meta name=\"author\" content=\"Antonio Daud\" \/>\n<meta name=\"twitter:card\" content=\"summary_large_image\" \/>\n<meta name=\"twitter:creator\" content=\"@EstratConcursos\" \/>\n<meta name=\"twitter:site\" content=\"@EstratConcursos\" \/>\n<meta name=\"twitter:label1\" content=\"Escrito por\" \/>\n\t<meta name=\"twitter:data1\" content=\"Antonio Daud\" \/>\n\t<meta name=\"twitter:label2\" content=\"Est. tempo de leitura\" \/>\n\t<meta name=\"twitter:data2\" content=\"1 minuto\" \/>\n<script type=\"application\/ld+json\" class=\"yoast-schema-graph\">{\"@context\":\"https:\/\/schema.org\",\"@graph\":[{\"@type\":\"NewsArticle\",\"@id\":\"https:\/\/www.estrategiaconcursos.com.br\/blog\/recursos-direito-do-trabalho-trt-3-minas-gerais\/#article\",\"isPartOf\":{\"@id\":\"https:\/\/www.estrategiaconcursos.com.br\/blog\/recursos-direito-do-trabalho-trt-3-minas-gerais\/\"},\"author\":{\"name\":\"Antonio Daud\",\"@id\":\"https:\/\/www.estrategiaconcursos.com.br\/blog\/#\/schema\/person\/90692507130b147bb9128fc093141dad\"},\"headline\":\"Recursos &#8211; Direito do Trabalho &#8211; TRT-3 (Minas Gerais)\",\"datePublished\":\"2015-07-29T12:06:41+00:00\",\"dateModified\":\"2015-07-29T20:30:52+00:00\",\"mainEntityOfPage\":{\"@id\":\"https:\/\/www.estrategiaconcursos.com.br\/blog\/recursos-direito-do-trabalho-trt-3-minas-gerais\/\"},\"wordCount\":191,\"commentCount\":5,\"publisher\":{\"@id\":\"https:\/\/www.estrategiaconcursos.com.br\/blog\/#organization\"},\"keywords\":[\"Direito do Trabalho\",\"Recurso\",\"TRT-MG\"],\"inLanguage\":\"pt-BR\",\"potentialAction\":[{\"@type\":\"CommentAction\",\"name\":\"Comment\",\"target\":[\"https:\/\/www.estrategiaconcursos.com.br\/blog\/recursos-direito-do-trabalho-trt-3-minas-gerais\/#respond\"]}],\"copyrightYear\":\"2015\",\"copyrightHolder\":{\"@id\":\"https:\/\/www.estrategiaconcursos.com.br\/blog\/#organization\"}},{\"@type\":\"WebPage\",\"@id\":\"https:\/\/www.estrategiaconcursos.com.br\/blog\/recursos-direito-do-trabalho-trt-3-minas-gerais\/\",\"url\":\"https:\/\/www.estrategiaconcursos.com.br\/blog\/recursos-direito-do-trabalho-trt-3-minas-gerais\/\",\"name\":\"Recursos - Direito do Trabalho - TRT-3 (Minas Gerais)\",\"isPartOf\":{\"@id\":\"https:\/\/www.estrategiaconcursos.com.br\/blog\/#website\"},\"datePublished\":\"2015-07-29T12:06:41+00:00\",\"dateModified\":\"2015-07-29T20:30:52+00:00\",\"breadcrumb\":{\"@id\":\"https:\/\/www.estrategiaconcursos.com.br\/blog\/recursos-direito-do-trabalho-trt-3-minas-gerais\/#breadcrumb\"},\"inLanguage\":\"pt-BR\",\"potentialAction\":[{\"@type\":\"ReadAction\",\"target\":[\"https:\/\/www.estrategiaconcursos.com.br\/blog\/recursos-direito-do-trabalho-trt-3-minas-gerais\/\"]}]},{\"@type\":\"BreadcrumbList\",\"@id\":\"https:\/\/www.estrategiaconcursos.com.br\/blog\/recursos-direito-do-trabalho-trt-3-minas-gerais\/#breadcrumb\",\"itemListElement\":[{\"@type\":\"ListItem\",\"position\":1,\"name\":\"In\u00edcio\",\"item\":\"https:\/\/www.estrategiaconcursos.com.br\/blog\/\"},{\"@type\":\"ListItem\",\"position\":2,\"name\":\"Recursos &#8211; Direito do Trabalho &#8211; TRT-3 (Minas Gerais)\"}]},{\"@type\":\"WebSite\",\"@id\":\"https:\/\/www.estrategiaconcursos.com.br\/blog\/#website\",\"url\":\"https:\/\/www.estrategiaconcursos.com.br\/blog\/\",\"name\":\"Estrat\u00e9gia Concursos\",\"description\":\"O blog da Estrat\u00e9gia Concursos traz not\u00edcias sobre concursos e artigos de professores oferecendo cursos para concursos (pdf + videaulas) no site.\",\"publisher\":{\"@id\":\"https:\/\/www.estrategiaconcursos.com.br\/blog\/#organization\"},\"potentialAction\":[{\"@type\":\"SearchAction\",\"target\":{\"@type\":\"EntryPoint\",\"urlTemplate\":\"https:\/\/www.estrategiaconcursos.com.br\/blog\/?s={search_term_string}\"},\"query-input\":{\"@type\":\"PropertyValueSpecification\",\"valueRequired\":true,\"valueName\":\"search_term_string\"}}],\"inLanguage\":\"pt-BR\"},{\"@type\":\"Organization\",\"@id\":\"https:\/\/www.estrategiaconcursos.com.br\/blog\/#organization\",\"name\":\"Estrat\u00e9gia Concursos\",\"url\":\"https:\/\/www.estrategiaconcursos.com.br\/blog\/\",\"logo\":{\"@type\":\"ImageObject\",\"inLanguage\":\"pt-BR\",\"@id\":\"https:\/\/www.estrategiaconcursos.com.br\/blog\/#\/schema\/logo\/image\/\",\"url\":\"https:\/\/dhg1h5j42swfq.cloudfront.net\/2025\/06\/03203428\/logo_concursos-1.jpg\",\"contentUrl\":\"https:\/\/dhg1h5j42swfq.cloudfront.net\/2025\/06\/03203428\/logo_concursos-1.jpg\",\"width\":230,\"height\":60,\"caption\":\"Estrat\u00e9gia Concursos\"},\"image\":{\"@id\":\"https:\/\/www.estrategiaconcursos.com.br\/blog\/#\/schema\/logo\/image\/\"},\"sameAs\":[\"https:\/\/x.com\/EstratConcursos\"]},{\"@type\":\"Person\",\"@id\":\"https:\/\/www.estrategiaconcursos.com.br\/blog\/#\/schema\/person\/90692507130b147bb9128fc093141dad\",\"name\":\"Antonio Daud\",\"image\":{\"@type\":\"ImageObject\",\"inLanguage\":\"pt-BR\",\"@id\":\"https:\/\/secure.gravatar.com\/avatar\/9a6539d0d807c3d7c2aaa709166f9aa9824103126593f30916973bcaedf16896?s=96&d=mm&r=g\",\"url\":\"https:\/\/secure.gravatar.com\/avatar\/9a6539d0d807c3d7c2aaa709166f9aa9824103126593f30916973bcaedf16896?s=96&d=mm&r=g\",\"contentUrl\":\"https:\/\/secure.gravatar.com\/avatar\/9a6539d0d807c3d7c2aaa709166f9aa9824103126593f30916973bcaedf16896?s=96&d=mm&r=g\",\"caption\":\"Antonio Daud\"},\"description\":\"Antonio Daud J\u00fanior \u00e9 bacharel em Engenharia El\u00e9trica e em Direito. Foi Analista de Finan\u00e7as e Controle da Controladoria-Geral da Uni\u00e3o\/Presid\u00eancia da Rep\u00fablica (CGU\/PR), aprovado no concurso de 2008. Atualmente \u00e9 Auditor Federal de Controle Externo (AUFC) do Tribunal de Contas da Uni\u00e3o (TCU), aprovado tamb\u00e9m em 2008.\",\"sameAs\":[\"https:\/\/www.instagram.com\/professordaud\/?hl=en\"],\"url\":\"https:\/\/www.estrategiaconcursos.com.br\/blog\/author\/antoniodaudestrategiaconcursos-com-br\/\"}]}<\/script>\n<!-- \/ Yoast SEO Premium plugin. -->","yoast_head_json":{"title":"Recursos - Direito do Trabalho - TRT-3 (Minas Gerais)","robots":{"index":"index","follow":"follow","max-snippet":"max-snippet:-1","max-image-preview":"max-image-preview:large","max-video-preview":"max-video-preview:-1"},"canonical":"https:\/\/www.estrategiaconcursos.com.br\/blog\/recursos-direito-do-trabalho-trt-3-minas-gerais\/","og_locale":"pt_BR","og_type":"article","og_title":"Recursos - Direito do Trabalho - TRT-3 (Minas Gerais)","og_description":"Ol\u00e1 amigos, Sa\u00edram as provas e os gabaritos preliminares do concurso do TRT-3 (Minas Gerais), organizado pela FCC. Os recursos\u00a0podem\u00a0ser interpostos nos dias 28 e 29 de julho de 2015. Nestas provas, foram cobradas, ao todo, 32 quest\u00f5es de Direito do Trabalho, sendo 10 quest\u00f5es para os cargos de TJAA e de OJAF e 12 [&hellip;]","og_url":"https:\/\/www.estrategiaconcursos.com.br\/blog\/recursos-direito-do-trabalho-trt-3-minas-gerais\/","og_site_name":"Estrat\u00e9gia Concursos","article_published_time":"2015-07-29T12:06:41+00:00","article_modified_time":"2015-07-29T20:30:52+00:00","author":"Antonio Daud","twitter_card":"summary_large_image","twitter_creator":"@EstratConcursos","twitter_site":"@EstratConcursos","twitter_misc":{"Escrito por":"Antonio Daud","Est. tempo de leitura":"1 minuto"},"schema":{"@context":"https:\/\/schema.org","@graph":[{"@type":"NewsArticle","@id":"https:\/\/www.estrategiaconcursos.com.br\/blog\/recursos-direito-do-trabalho-trt-3-minas-gerais\/#article","isPartOf":{"@id":"https:\/\/www.estrategiaconcursos.com.br\/blog\/recursos-direito-do-trabalho-trt-3-minas-gerais\/"},"author":{"name":"Antonio Daud","@id":"https:\/\/www.estrategiaconcursos.com.br\/blog\/#\/schema\/person\/90692507130b147bb9128fc093141dad"},"headline":"Recursos &#8211; Direito do Trabalho &#8211; TRT-3 (Minas Gerais)","datePublished":"2015-07-29T12:06:41+00:00","dateModified":"2015-07-29T20:30:52+00:00","mainEntityOfPage":{"@id":"https:\/\/www.estrategiaconcursos.com.br\/blog\/recursos-direito-do-trabalho-trt-3-minas-gerais\/"},"wordCount":191,"commentCount":5,"publisher":{"@id":"https:\/\/www.estrategiaconcursos.com.br\/blog\/#organization"},"keywords":["Direito do Trabalho","Recurso","TRT-MG"],"inLanguage":"pt-BR","potentialAction":[{"@type":"CommentAction","name":"Comment","target":["https:\/\/www.estrategiaconcursos.com.br\/blog\/recursos-direito-do-trabalho-trt-3-minas-gerais\/#respond"]}],"copyrightYear":"2015","copyrightHolder":{"@id":"https:\/\/www.estrategiaconcursos.com.br\/blog\/#organization"}},{"@type":"WebPage","@id":"https:\/\/www.estrategiaconcursos.com.br\/blog\/recursos-direito-do-trabalho-trt-3-minas-gerais\/","url":"https:\/\/www.estrategiaconcursos.com.br\/blog\/recursos-direito-do-trabalho-trt-3-minas-gerais\/","name":"Recursos - Direito do Trabalho - TRT-3 (Minas Gerais)","isPartOf":{"@id":"https:\/\/www.estrategiaconcursos.com.br\/blog\/#website"},"datePublished":"2015-07-29T12:06:41+00:00","dateModified":"2015-07-29T20:30:52+00:00","breadcrumb":{"@id":"https:\/\/www.estrategiaconcursos.com.br\/blog\/recursos-direito-do-trabalho-trt-3-minas-gerais\/#breadcrumb"},"inLanguage":"pt-BR","potentialAction":[{"@type":"ReadAction","target":["https:\/\/www.estrategiaconcursos.com.br\/blog\/recursos-direito-do-trabalho-trt-3-minas-gerais\/"]}]},{"@type":"BreadcrumbList","@id":"https:\/\/www.estrategiaconcursos.com.br\/blog\/recursos-direito-do-trabalho-trt-3-minas-gerais\/#breadcrumb","itemListElement":[{"@type":"ListItem","position":1,"name":"In\u00edcio","item":"https:\/\/www.estrategiaconcursos.com.br\/blog\/"},{"@type":"ListItem","position":2,"name":"Recursos &#8211; Direito do Trabalho &#8211; TRT-3 (Minas Gerais)"}]},{"@type":"WebSite","@id":"https:\/\/www.estrategiaconcursos.com.br\/blog\/#website","url":"https:\/\/www.estrategiaconcursos.com.br\/blog\/","name":"Estrat\u00e9gia Concursos","description":"O blog da Estrat\u00e9gia Concursos traz not\u00edcias sobre concursos e artigos de professores oferecendo cursos para concursos (pdf + videaulas) no site.","publisher":{"@id":"https:\/\/www.estrategiaconcursos.com.br\/blog\/#organization"},"potentialAction":[{"@type":"SearchAction","target":{"@type":"EntryPoint","urlTemplate":"https:\/\/www.estrategiaconcursos.com.br\/blog\/?s={search_term_string}"},"query-input":{"@type":"PropertyValueSpecification","valueRequired":true,"valueName":"search_term_string"}}],"inLanguage":"pt-BR"},{"@type":"Organization","@id":"https:\/\/www.estrategiaconcursos.com.br\/blog\/#organization","name":"Estrat\u00e9gia Concursos","url":"https:\/\/www.estrategiaconcursos.com.br\/blog\/","logo":{"@type":"ImageObject","inLanguage":"pt-BR","@id":"https:\/\/www.estrategiaconcursos.com.br\/blog\/#\/schema\/logo\/image\/","url":"https:\/\/dhg1h5j42swfq.cloudfront.net\/2025\/06\/03203428\/logo_concursos-1.jpg","contentUrl":"https:\/\/dhg1h5j42swfq.cloudfront.net\/2025\/06\/03203428\/logo_concursos-1.jpg","width":230,"height":60,"caption":"Estrat\u00e9gia Concursos"},"image":{"@id":"https:\/\/www.estrategiaconcursos.com.br\/blog\/#\/schema\/logo\/image\/"},"sameAs":["https:\/\/x.com\/EstratConcursos"]},{"@type":"Person","@id":"https:\/\/www.estrategiaconcursos.com.br\/blog\/#\/schema\/person\/90692507130b147bb9128fc093141dad","name":"Antonio Daud","image":{"@type":"ImageObject","inLanguage":"pt-BR","@id":"https:\/\/secure.gravatar.com\/avatar\/9a6539d0d807c3d7c2aaa709166f9aa9824103126593f30916973bcaedf16896?s=96&d=mm&r=g","url":"https:\/\/secure.gravatar.com\/avatar\/9a6539d0d807c3d7c2aaa709166f9aa9824103126593f30916973bcaedf16896?s=96&d=mm&r=g","contentUrl":"https:\/\/secure.gravatar.com\/avatar\/9a6539d0d807c3d7c2aaa709166f9aa9824103126593f30916973bcaedf16896?s=96&d=mm&r=g","caption":"Antonio Daud"},"description":"Antonio Daud J\u00fanior \u00e9 bacharel em Engenharia El\u00e9trica e em Direito. Foi Analista de Finan\u00e7as e Controle da Controladoria-Geral da Uni\u00e3o\/Presid\u00eancia da Rep\u00fablica (CGU\/PR), aprovado no concurso de 2008. Atualmente \u00e9 Auditor Federal de Controle Externo (AUFC) do Tribunal de Contas da Uni\u00e3o (TCU), aprovado tamb\u00e9m em 2008.","sameAs":["https:\/\/www.instagram.com\/professordaud\/?hl=en"],"url":"https:\/\/www.estrategiaconcursos.com.br\/blog\/author\/antoniodaudestrategiaconcursos-com-br\/"}]}},"_links":{"self":[{"href":"https:\/\/www.estrategiaconcursos.com.br\/blog\/wp-json\/wp\/v2\/posts\/25098","targetHints":{"allow":["GET"]}}],"collection":[{"href":"https:\/\/www.estrategiaconcursos.com.br\/blog\/wp-json\/wp\/v2\/posts"}],"about":[{"href":"https:\/\/www.estrategiaconcursos.com.br\/blog\/wp-json\/wp\/v2\/types\/post"}],"author":[{"embeddable":true,"href":"https:\/\/www.estrategiaconcursos.com.br\/blog\/wp-json\/wp\/v2\/users\/135"}],"replies":[{"embeddable":true,"href":"https:\/\/www.estrategiaconcursos.com.br\/blog\/wp-json\/wp\/v2\/comments?post=25098"}],"version-history":[{"count":5,"href":"https:\/\/www.estrategiaconcursos.com.br\/blog\/wp-json\/wp\/v2\/posts\/25098\/revisions"}],"predecessor-version":[{"id":25107,"href":"https:\/\/www.estrategiaconcursos.com.br\/blog\/wp-json\/wp\/v2\/posts\/25098\/revisions\/25107"}],"wp:attachment":[{"href":"https:\/\/www.estrategiaconcursos.com.br\/blog\/wp-json\/wp\/v2\/media?parent=25098"}],"wp:term":[{"taxonomy":"category","embeddable":true,"href":"https:\/\/www.estrategiaconcursos.com.br\/blog\/wp-json\/wp\/v2\/categories?post=25098"},{"taxonomy":"post_tag","embeddable":true,"href":"https:\/\/www.estrategiaconcursos.com.br\/blog\/wp-json\/wp\/v2\/tags?post=25098"},{"taxonomy":"tax_estado","embeddable":true,"href":"https:\/\/www.estrategiaconcursos.com.br\/blog\/wp-json\/wp\/v2\/tax_estado?post=25098"}],"curies":[{"name":"wp","href":"https:\/\/api.w.org\/{rel}","templated":true}]}}