{"id":25072,"date":"2015-07-28T20:53:53","date_gmt":"2015-07-28T23:53:53","guid":{"rendered":"http:\/\/www.estrategiaconcursos.com.br\/blog\/?p=25072"},"modified":"2019-06-10T10:57:43","modified_gmt":"2019-06-10T13:57:43","slug":"trtmg-analista-de-ti-comentarios-sobre-a-prova","status":"publish","type":"post","link":"https:\/\/www.estrategiaconcursos.com.br\/blog\/trtmg-analista-de-ti-comentarios-sobre-a-prova\/","title":{"rendered":"Concurso TRT MG &#8211; Analista de TI: Coment\u00e1rios sobre a prova"},"content":{"rendered":"<p style=\"text-align: justify;\">Ol\u00e1 amigos e amigas!<\/p>\n<p style=\"text-align: justify;\">Venho aqui para comentar, em linhas gerais, a prova de TI para Analista Judici\u00e1rio do TRT de Minas Gerais (Concurso TRT MG).<\/p>\n<p style=\"text-align: justify;\">Olhando a prova como um todo, n\u00e3o a considerei dif\u00edcil. Com rela\u00e7\u00e3o \u00e0s partes de Banco de Dados, Redes de Computadores e Desenvolvimento de Sistemas, me atrevo a dizer que foram &#8220;tranquilas&#8221;, se comparadas a outras provas para cargos similares.<\/p>\n<p style=\"text-align: justify;\">O que me surpreendeu, negativamente, foi a parte de&nbsp;<strong>Normas ISO.<\/strong>&nbsp;A FCC&nbsp;sempre explorou muito o bom senso do candidato neste tipo de quest\u00e3o. Por\u00e9m, em suas \u00faltimas provas, ela tem sido cada vez mais profunda, e exigindo muito &#8220;decoreba&#8221;, o que, a meu ver, n\u00e3o \u00e9 producente e nem mensura, com qualidade, o conhecimento daqueles que se prepararam melhor. Desconfio, inclusive, que a FCC e a ABNT est\u00e3o virando grandes parceiras, pois, em breve, os concurseiros precisar\u00e3o adquirir todas as normas citadas em edital (que n\u00e3o s\u00e3o poucas e s\u00e3o CARAS) para poder ter acesso ao conte\u00fado \u00edntegro das mesmas. E pior, ainda correrem o risco de n\u00e3o decorar o trecho que cair em quest\u00e3o de prova. Quer um exemplo? Basta olhar a quest\u00e3o da norma <strong>ISO 27004<\/strong>, que ilustra 9 atividades hipot\u00e9ticas e quer saber do candidato quais s\u00e3o as que se aplicam ao desenvolvimento das medidas e medi\u00e7\u00f5es. Que exagero!<\/p>\n<p style=\"text-align: justify;\">Enfim, mais um desafio que teremos que superar juntos.<\/p>\n<p style=\"text-align: justify;\">Quanto aos estudos de caso, a FCC novamente mostra sua capacidade de inovar e criou duas quest\u00f5es envolvendo Redes de Computadores e Desenvolvimento de Software. &#8220;Adivinhar&#8221; os temas de discursivas n\u00e3o \u00e9 uma boa ideia, e nada melhor do que conhecimento abrangente sobre TODA a TI para fazer um bom estudo de caso. Como previsto, a cobran\u00e7a foi extremamente objetiva, baseada em t\u00f3picos, e os candidatos certamente estavam muito mais preocupados com o conte\u00fado do que com o n\u00famero de linhas exigido. Pelo n\u00edvel da prova, que deve &#8220;achatar&#8221; os melhores colocados, n\u00e3o tenho d\u00favidas que a discursiva ser\u00e1 o grande filtro que definir\u00e1 os primeiros colocados, e prov\u00e1veis nomeados do tribunal.<\/p>\n<p style=\"text-align: justify;\">Quanto \u00e0s quest\u00f5es de prova cujo conte\u00fado te\u00f3rico fui respons\u00e1vel, n\u00e3o vi, por ora, possibilidade de recursos. A FCC, at\u00e9 mesmo pelo estilo de suas quest\u00f5es, dificilmente erra gabaritos em Tecnologia da Informa\u00e7\u00e3o. Mas esteja atento aos coment\u00e1rios dos outros professores de nossa equipe de TI!<\/p>\n<p style=\"text-align: justify;\">At\u00e9 mais!<\/p>\n","protected":false},"excerpt":{"rendered":"<p>Ol\u00e1 amigos e amigas! Venho aqui para comentar, em linhas gerais, a prova de TI para Analista Judici\u00e1rio do TRT de Minas Gerais (Concurso TRT MG). Olhando a prova como um todo, n\u00e3o a considerei dif\u00edcil. Com rela\u00e7\u00e3o \u00e0s partes de Banco de Dados, Redes de Computadores e Desenvolvimento de Sistemas, me atrevo a dizer [&hellip;]<\/p>\n","protected":false},"author":48,"featured_media":0,"comment_status":"open","ping_status":"open","sticky":false,"template":"","format":"standard","meta":{"post_tipo":"article","footnotes":""},"categories":[],"tags":[25,541],"tax_estado":[],"class_list":["post-25072","post","type-post","status-publish","format-standard","hentry","tag-tecnologia-da-informacao","tag-trt-mg"],"acf":[],"yoast_head":"<!-- This site is optimized with the Yoast SEO Premium plugin v27.2 (Yoast SEO v27.2) - https:\/\/yoast.com\/product\/yoast-seo-premium-wordpress\/ -->\n<title>Concurso TRT MG<\/title>\n<meta name=\"description\" content=\"Venho aqui para comentar, em linhas gerais, a prova de TI para Analista Judici\u00e1rio do TRT de Minas Gerais (Concurso TRT MG).\" \/>\n<meta name=\"robots\" content=\"index, follow, max-snippet:-1, max-image-preview:large, max-video-preview:-1\" \/>\n<link rel=\"canonical\" href=\"https:\/\/www.estrategiaconcursos.com.br\/blog\/trtmg-analista-de-ti-comentarios-sobre-a-prova\/\" \/>\n<meta property=\"og:locale\" content=\"pt_BR\" \/>\n<meta property=\"og:type\" content=\"article\" \/>\n<meta property=\"og:title\" content=\"Concurso TRT MG - Analista de TI: Coment\u00e1rios sobre a prova\" \/>\n<meta property=\"og:description\" content=\"Venho aqui para comentar, em linhas gerais, a prova de TI para Analista Judici\u00e1rio do TRT de Minas Gerais (Concurso TRT MG).\" \/>\n<meta property=\"og:url\" content=\"https:\/\/www.estrategiaconcursos.com.br\/blog\/trtmg-analista-de-ti-comentarios-sobre-a-prova\/\" \/>\n<meta property=\"og:site_name\" content=\"Estrat\u00e9gia Concursos\" \/>\n<meta property=\"article:published_time\" content=\"2015-07-28T23:53:53+00:00\" \/>\n<meta property=\"article:modified_time\" content=\"2019-06-10T13:57:43+00:00\" \/>\n<meta name=\"author\" content=\"Coordena\u00e7\u00e3o\" \/>\n<meta name=\"twitter:card\" content=\"summary_large_image\" \/>\n<meta name=\"twitter:creator\" content=\"@EstratConcursos\" \/>\n<meta name=\"twitter:site\" content=\"@EstratConcursos\" \/>\n<meta name=\"twitter:label1\" content=\"Escrito por\" \/>\n\t<meta name=\"twitter:data1\" content=\"Coordena\u00e7\u00e3o\" \/>\n\t<meta name=\"twitter:label2\" content=\"Est. tempo de leitura\" \/>\n\t<meta name=\"twitter:data2\" content=\"2 minutos\" \/>\n<script type=\"application\/ld+json\" class=\"yoast-schema-graph\">{\"@context\":\"https:\/\/schema.org\",\"@graph\":[{\"@type\":\"NewsArticle\",\"@id\":\"https:\/\/www.estrategiaconcursos.com.br\/blog\/trtmg-analista-de-ti-comentarios-sobre-a-prova\/#article\",\"isPartOf\":{\"@id\":\"https:\/\/www.estrategiaconcursos.com.br\/blog\/trtmg-analista-de-ti-comentarios-sobre-a-prova\/\"},\"author\":{\"name\":\"Coordena\u00e7\u00e3o\",\"@id\":\"https:\/\/www.estrategiaconcursos.com.br\/blog\/#\/schema\/person\/cdad40b5818eb228a838461fcd656da7\"},\"headline\":\"Concurso TRT MG &#8211; Analista de TI: Coment\u00e1rios sobre a prova\",\"datePublished\":\"2015-07-28T23:53:53+00:00\",\"dateModified\":\"2019-06-10T13:57:43+00:00\",\"mainEntityOfPage\":{\"@id\":\"https:\/\/www.estrategiaconcursos.com.br\/blog\/trtmg-analista-de-ti-comentarios-sobre-a-prova\/\"},\"wordCount\":437,\"commentCount\":1,\"publisher\":{\"@id\":\"https:\/\/www.estrategiaconcursos.com.br\/blog\/#organization\"},\"keywords\":[\"Tecnologia da Informa\u00e7\u00e3o\",\"TRT-MG\"],\"inLanguage\":\"pt-BR\",\"potentialAction\":[{\"@type\":\"CommentAction\",\"name\":\"Comment\",\"target\":[\"https:\/\/www.estrategiaconcursos.com.br\/blog\/trtmg-analista-de-ti-comentarios-sobre-a-prova\/#respond\"]}],\"copyrightYear\":\"2015\",\"copyrightHolder\":{\"@id\":\"https:\/\/www.estrategiaconcursos.com.br\/blog\/#organization\"}},{\"@type\":\"WebPage\",\"@id\":\"https:\/\/www.estrategiaconcursos.com.br\/blog\/trtmg-analista-de-ti-comentarios-sobre-a-prova\/\",\"url\":\"https:\/\/www.estrategiaconcursos.com.br\/blog\/trtmg-analista-de-ti-comentarios-sobre-a-prova\/\",\"name\":\"Concurso TRT MG\",\"isPartOf\":{\"@id\":\"https:\/\/www.estrategiaconcursos.com.br\/blog\/#website\"},\"datePublished\":\"2015-07-28T23:53:53+00:00\",\"dateModified\":\"2019-06-10T13:57:43+00:00\",\"description\":\"Venho aqui para comentar, em linhas gerais, a prova de TI para Analista Judici\u00e1rio do TRT de Minas Gerais (Concurso TRT MG).\",\"breadcrumb\":{\"@id\":\"https:\/\/www.estrategiaconcursos.com.br\/blog\/trtmg-analista-de-ti-comentarios-sobre-a-prova\/#breadcrumb\"},\"inLanguage\":\"pt-BR\",\"potentialAction\":[{\"@type\":\"ReadAction\",\"target\":[\"https:\/\/www.estrategiaconcursos.com.br\/blog\/trtmg-analista-de-ti-comentarios-sobre-a-prova\/\"]}]},{\"@type\":\"BreadcrumbList\",\"@id\":\"https:\/\/www.estrategiaconcursos.com.br\/blog\/trtmg-analista-de-ti-comentarios-sobre-a-prova\/#breadcrumb\",\"itemListElement\":[{\"@type\":\"ListItem\",\"position\":1,\"name\":\"In\u00edcio\",\"item\":\"https:\/\/www.estrategiaconcursos.com.br\/blog\/\"},{\"@type\":\"ListItem\",\"position\":2,\"name\":\"Concurso TRT MG &#8211; Analista de TI: Coment\u00e1rios sobre a prova\"}]},{\"@type\":\"WebSite\",\"@id\":\"https:\/\/www.estrategiaconcursos.com.br\/blog\/#website\",\"url\":\"https:\/\/www.estrategiaconcursos.com.br\/blog\/\",\"name\":\"Estrat\u00e9gia Concursos\",\"description\":\"O blog da Estrat\u00e9gia Concursos traz not\u00edcias sobre concursos e artigos de professores oferecendo cursos para concursos (pdf + videaulas) no site.\",\"publisher\":{\"@id\":\"https:\/\/www.estrategiaconcursos.com.br\/blog\/#organization\"},\"potentialAction\":[{\"@type\":\"SearchAction\",\"target\":{\"@type\":\"EntryPoint\",\"urlTemplate\":\"https:\/\/www.estrategiaconcursos.com.br\/blog\/?s={search_term_string}\"},\"query-input\":{\"@type\":\"PropertyValueSpecification\",\"valueRequired\":true,\"valueName\":\"search_term_string\"}}],\"inLanguage\":\"pt-BR\"},{\"@type\":\"Organization\",\"@id\":\"https:\/\/www.estrategiaconcursos.com.br\/blog\/#organization\",\"name\":\"Estrat\u00e9gia Concursos\",\"url\":\"https:\/\/www.estrategiaconcursos.com.br\/blog\/\",\"logo\":{\"@type\":\"ImageObject\",\"inLanguage\":\"pt-BR\",\"@id\":\"https:\/\/www.estrategiaconcursos.com.br\/blog\/#\/schema\/logo\/image\/\",\"url\":\"https:\/\/dhg1h5j42swfq.cloudfront.net\/2025\/06\/03203428\/logo_concursos-1.jpg\",\"contentUrl\":\"https:\/\/dhg1h5j42swfq.cloudfront.net\/2025\/06\/03203428\/logo_concursos-1.jpg\",\"width\":230,\"height\":60,\"caption\":\"Estrat\u00e9gia Concursos\"},\"image\":{\"@id\":\"https:\/\/www.estrategiaconcursos.com.br\/blog\/#\/schema\/logo\/image\/\"},\"sameAs\":[\"https:\/\/x.com\/EstratConcursos\"]},{\"@type\":\"Person\",\"@id\":\"https:\/\/www.estrategiaconcursos.com.br\/blog\/#\/schema\/person\/cdad40b5818eb228a838461fcd656da7\",\"name\":\"Coordena\u00e7\u00e3o\",\"image\":{\"@type\":\"ImageObject\",\"inLanguage\":\"pt-BR\",\"@id\":\"https:\/\/secure.gravatar.com\/avatar\/a413b22da0f5009c634f6c4586a2dbe5207074fd5becd88db5183b8069ef25e4?s=96&d=mm&r=g\",\"url\":\"https:\/\/secure.gravatar.com\/avatar\/a413b22da0f5009c634f6c4586a2dbe5207074fd5becd88db5183b8069ef25e4?s=96&d=mm&r=g\",\"contentUrl\":\"https:\/\/secure.gravatar.com\/avatar\/a413b22da0f5009c634f6c4586a2dbe5207074fd5becd88db5183b8069ef25e4?s=96&d=mm&r=g\",\"caption\":\"Coordena\u00e7\u00e3o\"},\"url\":\"https:\/\/www.estrategiaconcursos.com.br\/blog\/author\/contatoestrategiaconcursos-com-br\/\"}]}<\/script>\n<!-- \/ Yoast SEO Premium plugin. -->","yoast_head_json":{"title":"Concurso TRT MG","description":"Venho aqui para comentar, em linhas gerais, a prova de TI para Analista Judici\u00e1rio do TRT de Minas Gerais (Concurso TRT MG).","robots":{"index":"index","follow":"follow","max-snippet":"max-snippet:-1","max-image-preview":"max-image-preview:large","max-video-preview":"max-video-preview:-1"},"canonical":"https:\/\/www.estrategiaconcursos.com.br\/blog\/trtmg-analista-de-ti-comentarios-sobre-a-prova\/","og_locale":"pt_BR","og_type":"article","og_title":"Concurso TRT MG - Analista de TI: Coment\u00e1rios sobre a prova","og_description":"Venho aqui para comentar, em linhas gerais, a prova de TI para Analista Judici\u00e1rio do TRT de Minas Gerais (Concurso TRT MG).","og_url":"https:\/\/www.estrategiaconcursos.com.br\/blog\/trtmg-analista-de-ti-comentarios-sobre-a-prova\/","og_site_name":"Estrat\u00e9gia Concursos","article_published_time":"2015-07-28T23:53:53+00:00","article_modified_time":"2019-06-10T13:57:43+00:00","author":"Coordena\u00e7\u00e3o","twitter_card":"summary_large_image","twitter_creator":"@EstratConcursos","twitter_site":"@EstratConcursos","twitter_misc":{"Escrito por":"Coordena\u00e7\u00e3o","Est. tempo de leitura":"2 minutos"},"schema":{"@context":"https:\/\/schema.org","@graph":[{"@type":"NewsArticle","@id":"https:\/\/www.estrategiaconcursos.com.br\/blog\/trtmg-analista-de-ti-comentarios-sobre-a-prova\/#article","isPartOf":{"@id":"https:\/\/www.estrategiaconcursos.com.br\/blog\/trtmg-analista-de-ti-comentarios-sobre-a-prova\/"},"author":{"name":"Coordena\u00e7\u00e3o","@id":"https:\/\/www.estrategiaconcursos.com.br\/blog\/#\/schema\/person\/cdad40b5818eb228a838461fcd656da7"},"headline":"Concurso TRT MG &#8211; Analista de TI: Coment\u00e1rios sobre a prova","datePublished":"2015-07-28T23:53:53+00:00","dateModified":"2019-06-10T13:57:43+00:00","mainEntityOfPage":{"@id":"https:\/\/www.estrategiaconcursos.com.br\/blog\/trtmg-analista-de-ti-comentarios-sobre-a-prova\/"},"wordCount":437,"commentCount":1,"publisher":{"@id":"https:\/\/www.estrategiaconcursos.com.br\/blog\/#organization"},"keywords":["Tecnologia da Informa\u00e7\u00e3o","TRT-MG"],"inLanguage":"pt-BR","potentialAction":[{"@type":"CommentAction","name":"Comment","target":["https:\/\/www.estrategiaconcursos.com.br\/blog\/trtmg-analista-de-ti-comentarios-sobre-a-prova\/#respond"]}],"copyrightYear":"2015","copyrightHolder":{"@id":"https:\/\/www.estrategiaconcursos.com.br\/blog\/#organization"}},{"@type":"WebPage","@id":"https:\/\/www.estrategiaconcursos.com.br\/blog\/trtmg-analista-de-ti-comentarios-sobre-a-prova\/","url":"https:\/\/www.estrategiaconcursos.com.br\/blog\/trtmg-analista-de-ti-comentarios-sobre-a-prova\/","name":"Concurso TRT MG","isPartOf":{"@id":"https:\/\/www.estrategiaconcursos.com.br\/blog\/#website"},"datePublished":"2015-07-28T23:53:53+00:00","dateModified":"2019-06-10T13:57:43+00:00","description":"Venho aqui para comentar, em linhas gerais, a prova de TI para Analista Judici\u00e1rio do TRT de Minas Gerais (Concurso TRT MG).","breadcrumb":{"@id":"https:\/\/www.estrategiaconcursos.com.br\/blog\/trtmg-analista-de-ti-comentarios-sobre-a-prova\/#breadcrumb"},"inLanguage":"pt-BR","potentialAction":[{"@type":"ReadAction","target":["https:\/\/www.estrategiaconcursos.com.br\/blog\/trtmg-analista-de-ti-comentarios-sobre-a-prova\/"]}]},{"@type":"BreadcrumbList","@id":"https:\/\/www.estrategiaconcursos.com.br\/blog\/trtmg-analista-de-ti-comentarios-sobre-a-prova\/#breadcrumb","itemListElement":[{"@type":"ListItem","position":1,"name":"In\u00edcio","item":"https:\/\/www.estrategiaconcursos.com.br\/blog\/"},{"@type":"ListItem","position":2,"name":"Concurso TRT MG &#8211; Analista de TI: Coment\u00e1rios sobre a prova"}]},{"@type":"WebSite","@id":"https:\/\/www.estrategiaconcursos.com.br\/blog\/#website","url":"https:\/\/www.estrategiaconcursos.com.br\/blog\/","name":"Estrat\u00e9gia Concursos","description":"O blog da Estrat\u00e9gia Concursos traz not\u00edcias sobre concursos e artigos de professores oferecendo cursos para concursos (pdf + videaulas) no site.","publisher":{"@id":"https:\/\/www.estrategiaconcursos.com.br\/blog\/#organization"},"potentialAction":[{"@type":"SearchAction","target":{"@type":"EntryPoint","urlTemplate":"https:\/\/www.estrategiaconcursos.com.br\/blog\/?s={search_term_string}"},"query-input":{"@type":"PropertyValueSpecification","valueRequired":true,"valueName":"search_term_string"}}],"inLanguage":"pt-BR"},{"@type":"Organization","@id":"https:\/\/www.estrategiaconcursos.com.br\/blog\/#organization","name":"Estrat\u00e9gia Concursos","url":"https:\/\/www.estrategiaconcursos.com.br\/blog\/","logo":{"@type":"ImageObject","inLanguage":"pt-BR","@id":"https:\/\/www.estrategiaconcursos.com.br\/blog\/#\/schema\/logo\/image\/","url":"https:\/\/dhg1h5j42swfq.cloudfront.net\/2025\/06\/03203428\/logo_concursos-1.jpg","contentUrl":"https:\/\/dhg1h5j42swfq.cloudfront.net\/2025\/06\/03203428\/logo_concursos-1.jpg","width":230,"height":60,"caption":"Estrat\u00e9gia Concursos"},"image":{"@id":"https:\/\/www.estrategiaconcursos.com.br\/blog\/#\/schema\/logo\/image\/"},"sameAs":["https:\/\/x.com\/EstratConcursos"]},{"@type":"Person","@id":"https:\/\/www.estrategiaconcursos.com.br\/blog\/#\/schema\/person\/cdad40b5818eb228a838461fcd656da7","name":"Coordena\u00e7\u00e3o","image":{"@type":"ImageObject","inLanguage":"pt-BR","@id":"https:\/\/secure.gravatar.com\/avatar\/a413b22da0f5009c634f6c4586a2dbe5207074fd5becd88db5183b8069ef25e4?s=96&d=mm&r=g","url":"https:\/\/secure.gravatar.com\/avatar\/a413b22da0f5009c634f6c4586a2dbe5207074fd5becd88db5183b8069ef25e4?s=96&d=mm&r=g","contentUrl":"https:\/\/secure.gravatar.com\/avatar\/a413b22da0f5009c634f6c4586a2dbe5207074fd5becd88db5183b8069ef25e4?s=96&d=mm&r=g","caption":"Coordena\u00e7\u00e3o"},"url":"https:\/\/www.estrategiaconcursos.com.br\/blog\/author\/contatoestrategiaconcursos-com-br\/"}]}},"_links":{"self":[{"href":"https:\/\/www.estrategiaconcursos.com.br\/blog\/wp-json\/wp\/v2\/posts\/25072","targetHints":{"allow":["GET"]}}],"collection":[{"href":"https:\/\/www.estrategiaconcursos.com.br\/blog\/wp-json\/wp\/v2\/posts"}],"about":[{"href":"https:\/\/www.estrategiaconcursos.com.br\/blog\/wp-json\/wp\/v2\/types\/post"}],"author":[{"embeddable":true,"href":"https:\/\/www.estrategiaconcursos.com.br\/blog\/wp-json\/wp\/v2\/users\/48"}],"replies":[{"embeddable":true,"href":"https:\/\/www.estrategiaconcursos.com.br\/blog\/wp-json\/wp\/v2\/comments?post=25072"}],"version-history":[{"count":6,"href":"https:\/\/www.estrategiaconcursos.com.br\/blog\/wp-json\/wp\/v2\/posts\/25072\/revisions"}],"predecessor-version":[{"id":385819,"href":"https:\/\/www.estrategiaconcursos.com.br\/blog\/wp-json\/wp\/v2\/posts\/25072\/revisions\/385819"}],"wp:attachment":[{"href":"https:\/\/www.estrategiaconcursos.com.br\/blog\/wp-json\/wp\/v2\/media?parent=25072"}],"wp:term":[{"taxonomy":"category","embeddable":true,"href":"https:\/\/www.estrategiaconcursos.com.br\/blog\/wp-json\/wp\/v2\/categories?post=25072"},{"taxonomy":"post_tag","embeddable":true,"href":"https:\/\/www.estrategiaconcursos.com.br\/blog\/wp-json\/wp\/v2\/tags?post=25072"},{"taxonomy":"tax_estado","embeddable":true,"href":"https:\/\/www.estrategiaconcursos.com.br\/blog\/wp-json\/wp\/v2\/tax_estado?post=25072"}],"curies":[{"name":"wp","href":"https:\/\/api.w.org\/{rel}","templated":true}]}}