{"id":25047,"date":"2015-07-28T13:10:16","date_gmt":"2015-07-28T16:10:16","guid":{"rendered":"http:\/\/www.estrategiaconcursos.com.br\/blog\/?p=25047"},"modified":"2016-09-27T11:58:00","modified_gmt":"2016-09-27T14:58:00","slug":"prova-do-trtmg-comentada-afo-fcc-2015","status":"publish","type":"post","link":"https:\/\/www.estrategiaconcursos.com.br\/blog\/prova-do-trtmg-comentada-afo-fcc-2015\/","title":{"rendered":"Prova do TRT\/MG Comentada &#8211; AFO &#8211; FCC &#8211; 2015"},"content":{"rendered":"<p><span style=\"color: #000000;\">Ol\u00e1 amigos! Como \u00e9 bom estar aqui!<\/span><\/p>\n<p>&nbsp;<\/p>\n<p style=\"text-align: justify;\"><span style=\"color: #000000;\">Segue a prova comentada do TRT\/MG na disciplina Administra\u00e7\u00e3o Financeira e Or\u00e7ament\u00e1ria para Analista Judici\u00e1rio &#8211; \u00c1rea Administrativa.<\/span><\/p>\n<p>&nbsp;<\/p>\n<p><strong>No\u00e7\u00f5es de Administra\u00e7\u00e3o Financeira e Or\u00e7ament\u00e1ria e Or\u00e7amento P\u00fablico<\/strong><\/p>\n<p>&nbsp;<\/p>\n<p><strong>45)\u00a0<\/strong><strong>Um analista do Tribunal Regional do Trabalho da 3a Re<\/strong><strong>gi\u00e3o \u2013 TRT-3a Regi\u00e3o, ao elaborar a pe\u00e7a or\u00e7ament\u00e1ria do \u00f3rg\u00e3o, teve cuidado com os seguintes aspectos:<\/strong><\/p>\n<p><strong>I<\/strong><strong>. Incluiu somente assuntos pertinentes \u00e0 previs\u00e3o da receita e \u00e0 fixa\u00e7\u00e3o da despesa.<\/strong><\/p>\n<p><strong>II<\/strong><strong>. Incluiu todas as receitas e despesas.<\/strong><\/p>\n<p><strong>Esses aspectos s\u00e3o importantes porque atendem, respectivamente, aos princ\u00edpios or\u00e7ament\u00e1rios da <\/strong><\/p>\n<p><strong>(A) exclusividade e universalidade. <\/strong><\/p>\n<p><strong>(B) n\u00e3o-afeta\u00e7\u00e3o e universalidade. <\/strong><\/p>\n<p><strong>(C) exclusividade e unidade. <\/strong><\/p>\n<p><strong>(D) especifica\u00e7\u00e3o e unidade. <\/strong><\/p>\n<p><strong>(E) especifica\u00e7\u00e3o e equil\u00edbrio. <\/strong><\/p>\n<p>&nbsp;<\/p>\n<p>O <strong>princ\u00edpio da exclusividade<\/strong> determina que a Lei Or\u00e7ament\u00e1ria n\u00e3o poder\u00e1 conter mat\u00e9ria estranha \u00e0 previs\u00e3o das receitas e \u00e0 fixa\u00e7\u00e3o das despesas.<\/p>\n<p>O princ\u00edpio da <strong>universalidade<\/strong> determina que o or\u00e7amento deve conter todas as receitas e despesas referentes aos Poderes da Uni\u00e3o, seus fundos, \u00f3rg\u00e3os e entidades da Administra\u00e7\u00e3o direta e indireta.<\/p>\n<p>Resposta: Letra A<\/p>\n<p>&nbsp;<\/p>\n<p><strong>46)<\/strong>\u00a0<strong>Considere as informa\u00e7\u00f5es:<\/strong><\/p>\n<p><strong>I<\/strong><strong>. Diretrizes da Administra\u00e7\u00e3o p\u00fablica para despesas relativas aos programas de dura\u00e7\u00e3o continuada.<\/strong><\/p>\n<p><strong>II<\/strong><strong>. Crit\u00e9rios e forma de limita\u00e7\u00e3o de empenho.<\/strong><\/p>\n<p><strong>III<\/strong><strong>. Normas relativas ao controle de custos e \u00e0 avalia\u00e7\u00e3o dos resultados dos programas financiados com recursos do or\u00e7amento.<\/strong><\/p>\n<p><strong>IV<\/strong><strong>. Reserva de conting\u00eancia.<\/strong><\/p>\n<p><strong>V<\/strong><strong>. Forma de utiliza\u00e7\u00e3o da reserva de conting\u00eancia.<\/strong><\/p>\n<p><strong>Sendo PPA \u2212 Plano Plurianual; LDO \u2212 Lei de Diretrizes Or\u00e7ament\u00e1rias e LOA \u2212 Lei Or\u00e7ament\u00e1ria Anual, esses conte\u00fados devem constar, respectivamente, dos seguintes instrumentos de planejamento: <\/strong><\/p>\n<p><strong>(A) PPA \u2212 PPA \u2212 LDO \u2212 LDO e LOA. <\/strong><\/p>\n<p><strong>(B) PPA \u2212 LDO \u2212 LDO \u2212 LOA e LDO. <\/strong><\/p>\n<p><strong>(C) PPA \u2212 LDO \u2212 LDO \u2212 LOA e LOA. <\/strong><\/p>\n<p><strong>(D) LDO \u2212 LDO \u2212 LDO \u2212 LOA e LOA. <\/strong><\/p>\n<p><strong>(E) LDO \u2212 LOA \u2212 PPA \u2212 LDO e LDO.<\/strong><\/p>\n<p>&nbsp;<\/p>\n<p>&nbsp;<\/p>\n<p><span style=\"text-decoration: underline;\">I<\/span><span style=\"text-decoration: underline;\">. Diretrizes da Administra\u00e7\u00e3o p\u00fablica para despesas relativas aos programas de dura\u00e7\u00e3o continuada: <strong>PPA<\/strong><\/span><\/p>\n<p>&nbsp;<\/p>\n<p>A lei que instituir o <span style=\"text-decoration: underline;\">plano plurianual<\/span> estabelecer\u00e1, de forma regionalizada, as diretrizes, objetivos e metas da administra\u00e7\u00e3o p\u00fablica federal para as despesas de capital e outras delas decorrentes e para as relativas aos programas de dura\u00e7\u00e3o continuada (art. 165, \u00a7 1\u00ba, da CF\/1988).<\/p>\n<p>&nbsp;<\/p>\n<p><span style=\"text-decoration: underline;\">II<\/span><span style=\"text-decoration: underline;\">. Crit\u00e9rios e forma de limita\u00e7\u00e3o de empenho: <strong>LDO<\/strong><\/span><\/p>\n<p><span style=\"text-decoration: underline;\">III<\/span><span style=\"text-decoration: underline;\">. Normas relativas ao controle de custos e \u00e0 avalia\u00e7\u00e3o dos resultados dos programas financiados com recursos do or\u00e7amento: <strong>LDO<\/strong><\/span><\/p>\n<p>&nbsp;<\/p>\n<p>Na LRF<\/p>\n<p>\u201cArt. 4\u00ba A <span style=\"text-decoration: underline;\">lei de diretrizes or\u00e7ament\u00e1rias<\/span> atender\u00e1 o disposto no \u00a7 2\u00ba do art. 165 da Constitui\u00e7\u00e3o e:<\/p>\n<p>I \u2013\u2002dispor\u00e1 tamb\u00e9m sobre:<\/p>\n<p>(&#8230;)<\/p>\n<p>b) crit\u00e9rios e forma de limita\u00e7\u00e3o de empenho, a ser efetivada nas hip\u00f3teses previstas na al\u00ednea b do inciso II deste artigo, no art. 9\u00ba e no inciso II do \u00a7 1\u00ba do art. 31;<\/p>\n<p>(&#8230;)<\/p>\n<p>e) normas relativas ao controle de custos e \u00e0 avalia\u00e7\u00e3o dos resultados dos programas financiados com recursos dos or\u00e7amentos;<\/p>\n<p>(&#8230;)<\/p>\n<p>&nbsp;<\/p>\n<p><span style=\"text-decoration: underline;\">IV<\/span><span style=\"text-decoration: underline;\">. Reserva de conting\u00eancia: <strong>LOA<\/strong><\/span><\/p>\n<p><span style=\"text-decoration: underline;\">V<\/span><span style=\"text-decoration: underline;\">. Forma de utiliza\u00e7\u00e3o da reserva de conting\u00eancia: <strong>LDO<\/strong><\/span><\/p>\n<p>&nbsp;<\/p>\n<p>Segundo o art. 5\u00ba da LRF, o projeto de <span style=\"text-decoration: underline;\">lei or\u00e7ament\u00e1ria anual<\/span>, elaborado de forma compat\u00edvel com o plano plurianual e com a lei de diretrizes or\u00e7ament\u00e1rias:<\/p>\n<p>(&#8230;)<\/p>\n<p>III \u2013\u00a0 conter\u00e1 reserva de conting\u00eancia, cuja forma de utiliza\u00e7\u00e3o e montante, definido com base na receita corrente l\u00edquida, ser\u00e3o estabelecidos na <span style=\"text-decoration: underline;\">lei de diretrizes or\u00e7ament\u00e1rias<\/span>, destinada ao atendimento de passivos contingentes e outros riscos e eventos fiscais imprevistos.<\/p>\n<p>&nbsp;<\/p>\n<p>Logo, a sequ\u00eancia correta \u00e9<strong> PPA \u2212 LDO \u2212 LDO \u2212 LOA e LDO. <\/strong><\/p>\n<p>Resposta: Letra B<\/p>\n<p>&nbsp;<\/p>\n<p><strong>47)<\/strong>\u00a0<strong>Durante a execu\u00e7\u00e3o do or\u00e7amento houve a necessidade de aquisi\u00e7\u00e3o de 500 litros de \u00e1gua, al\u00e9m do que estava previsto originalmente. A solu\u00e7\u00e3o para esse problema \u00e9 a abertura de cr\u00e9dito adicional<\/strong><\/p>\n<p><strong>(A) suplementar, que depende da exist\u00eancia de recursos dispon\u00edveis para ocorrer a despesa. <\/strong><\/p>\n<p><strong>(B) suplementar, que independe da exist\u00eancia de recursos dispon\u00edveis para ocorrer a despesa. <\/strong><\/p>\n<p><strong>(C) especial, que depende da exist\u00eancia de recursos dispon\u00edveis para ocorrer a despesa. <\/strong><\/p>\n<p><strong>(D) especial, que independe da exist\u00eancia de recursos dispon\u00edveis para ocorrer a despesa. <\/strong><\/p>\n<p><strong>(E) extraordin\u00e1rio, que depende da exist\u00eancia de recursos dispon\u00edveis para ocorrer a despesa. <\/strong><\/p>\n<p>&nbsp;<\/p>\n<p>Os cr\u00e9ditos <span style=\"text-decoration: underline;\">suplementares<\/span> s\u00e3o os destinados a refor\u00e7o de dota\u00e7\u00e3o or\u00e7ament\u00e1ria. Ter\u00e3o vig\u00eancia limitada ao exerc\u00edcio em que forem autorizados e sua abertura <span style=\"text-decoration: underline;\">depende da exist\u00eancia de recursos dispon\u00edveis<\/span> e de exposi\u00e7\u00e3o que a justifique.<\/p>\n<p>Resposta: Letra A<\/p>\n<p>&nbsp;<\/p>\n<p><strong>48) Durante o exerc\u00edcio houve a necessidade da realiza\u00e7\u00e3o de opera\u00e7\u00e3o de cr\u00e9dito que n\u00e3o estava prevista originalmente no or\u00e7amento. Essa opera\u00e7\u00e3o n\u00e3o teve a natureza de antecipa\u00e7\u00e3o de receita. Essa receita dever\u00e1 ser classificada como<\/strong><\/p>\n<p><strong>(A) bruta. <\/strong><\/p>\n<p><strong>(B) paraor\u00e7ament\u00e1ria. <\/strong><\/p>\n<p><strong>(C) extraor\u00e7ament\u00e1ria. <\/strong><\/p>\n<p><strong>(D) or\u00e7ament\u00e1ria. <\/strong><\/p>\n<p><strong>(E) a classificar. <\/strong><\/p>\n<p>&nbsp;<\/p>\n<p>As opera\u00e7\u00f5es de cr\u00e9dito (exceto as opera\u00e7\u00f5es por ARO) s\u00e3o receitas <strong>or\u00e7ament\u00e1rias<\/strong>.<\/p>\n<p>Resposta: Letra D<\/p>\n<p>&nbsp;<\/p>\n<p><strong>49) Considere, abaixo, as defini\u00e7\u00f5es relacionadas \u00e0s fases da despesa p\u00fablica:<\/strong><\/p>\n<p><strong>I<\/strong><strong>. Verifica\u00e7\u00e3o do direito adquirido pelo credor tendo por base os t\u00edtulos e documentos comprobat\u00f3rios do respectivo cr\u00e9dito.<\/strong><\/p>\n<p><strong>II<\/strong><strong>. Ato emanado de autoridade competente que cria para o Estado obriga\u00e7\u00e3o de pagamento pendente ou n\u00e3o de implemento de condi\u00e7\u00e3o.<\/strong><\/p>\n<p><strong>III<\/strong><strong>. Inclus\u00e3o da despesa na lei or\u00e7ament\u00e1ria.<\/strong><\/p>\n<p><strong>IV<\/strong><strong>. Despacho exarado por autoridade competente, determinando que a despesa seja paga.<\/strong><\/p>\n<p><strong>Essas defini\u00e7\u00f5es devem ocorrer na seguinte ordem: <\/strong><\/p>\n<p><strong>(A) <\/strong><strong>I<\/strong><strong>, <\/strong><strong>II<\/strong><strong>, <\/strong><strong>IV <\/strong><strong>e <\/strong><strong>III<\/strong><strong>. <\/strong><\/p>\n<p><strong>(B) <\/strong><strong>I<\/strong><strong>, <\/strong><strong>II<\/strong><strong>, <\/strong><strong>III e IV<\/strong><strong>. <\/strong><\/p>\n<p><strong>(C) <\/strong><strong>II<\/strong><strong>, <\/strong><strong>III<\/strong><strong>, <\/strong><strong>I <\/strong><strong>e <\/strong><strong>IV<\/strong><strong>. <\/strong><\/p>\n<p><strong>(D) <\/strong><strong>III<\/strong><strong>, <\/strong><strong>I<\/strong><strong>, <\/strong><strong>IV <\/strong><strong>e <\/strong><strong>II<\/strong><strong>. <\/strong><\/p>\n<p><strong>(E) <\/strong><strong>III<\/strong><strong>, <\/strong><strong>II<\/strong><strong>, <\/strong><strong>I <\/strong><strong>e <\/strong><strong>IV<\/strong><strong>. <\/strong><\/p>\n<p>&nbsp;<\/p>\n<p>A ordem dos est\u00e1gios da despesa deve ser o seguinte:<\/p>\n<p><strong>Fixa\u00e7\u00e3o.<\/strong> III. Inclus\u00e3o da despesa na lei or\u00e7ament\u00e1ria.<\/p>\n<p><strong>Empenho.<\/strong> II. Ato emanado de autoridade competente que cria para o Estado obriga\u00e7\u00e3o de pagamento pendente ou n\u00e3o de implemento de condi\u00e7\u00e3o.<\/p>\n<p><strong>Liquida\u00e7\u00e3o.<\/strong> I. Verifica\u00e7\u00e3o do direito adquirido pelo credor tendo por base os t\u00edtulos e documentos comprobat\u00f3rios do respectivo cr\u00e9dito.<\/p>\n<p><strong>Pagamento.<\/strong> IV. Despacho exarado por autoridade competente, determinando que a despesa seja paga.<\/p>\n<p>&nbsp;<\/p>\n<p>Logo, a sequ\u00eancia deve ser: <strong>III<\/strong><strong>, <\/strong><strong>II<\/strong><strong>, <\/strong><strong>I <\/strong><strong>e <\/strong><strong>IV<\/strong><strong>.<\/strong><\/p>\n<p>Resposta: Letra E<\/p>\n<p>&nbsp;<\/p>\n<p><strong>50) A Lei de Responsabilidade Fiscal \u2013 LRF disciplina a despesa com pessoal da Administra\u00e7\u00e3o p\u00fablica em todas as esferas de governo sob a forma de limites. No caso do Poder Judici\u00e1rio Federal, que abrange o TRT-3a Regi\u00e3o, o limite de gastos com pessoal sobre a receita corrente l\u00edquida da Uni\u00e3o \u00e9, em %, igual a<\/strong><\/p>\n<p><strong>(A) 2,5. <\/strong><\/p>\n<p><strong>(B) 0,6. <\/strong><\/p>\n<p><strong>(C) 6. <\/strong><\/p>\n<p><strong>(D) 50. <\/strong><\/p>\n<p><strong>(E) 40,9.<\/strong><\/p>\n<p>&nbsp;<\/p>\n<p>No \u00e2mbito federal, o limite das despesas com pessoal do Poder Judici\u00e1rio \u00e9 <strong>6% <\/strong>da receita corrente l\u00edquida.<\/p>\n<p>Resposta: Letra C<\/p>\n<p>&nbsp;<\/p>\n<p><strong>51) Uma das esp\u00e9cies de d\u00edvida da Administra\u00e7\u00e3o p\u00fablica compreende os compromissos de exigibilidade superior a doze meses, contra\u00eddos para atender a desequil\u00edbrio or\u00e7ament\u00e1rio ou financeiro de obras e servi\u00e7os p\u00fablicos. Nos termos da Lei n\u00ba 4.320\/1964, essa esp\u00e9cie de d\u00edvida \u00e9 denominada<\/strong><\/p>\n<p><strong>(A) flutuante.<\/strong><\/p>\n<p><strong>(B) fundada. <\/strong><\/p>\n<p><strong>(C) d\u00e9bitos de tesouraria. <\/strong><\/p>\n<p><strong>(D) servi\u00e7os da d\u00edvida a pagar. <\/strong><\/p>\n<p><strong>(E) extraor\u00e7ament\u00e1ria. <\/strong><\/p>\n<p>&nbsp;<\/p>\n<p>A d\u00edvida <strong>fundada<\/strong> compreende os compromissos de exigibilidade superior a doze meses, contra\u00eddos para atender a desequil\u00edbrio or\u00e7ament\u00e1rio ou a financeiro de obras e servi\u00e7os p\u00fablicos (art. 98 da Lei 4320\/1964).<\/p>\n<p>Resposta: Letra B<\/p>\n<p>&nbsp;<\/p>\n<p><strong>52) O regime de suprimento de fundos<\/strong><\/p>\n<p><strong>(A) \u00e9 aplic\u00e1vel a qualquer tipo de despesa. <\/strong><\/p>\n<p><strong>(B) pode ou n\u00e3o ser precedido de empenhamento. <\/strong><\/p>\n<p><strong>(C) pode ser feito por meio de dota\u00e7\u00e3o gen\u00e9rica. <\/strong><\/p>\n<p><strong>(D) \u00e9 vedado o adiantamento de numer\u00e1rio a servidor respons\u00e1vel por um adiantamento. <\/strong><\/p>\n<p><strong>(E) \u00e9 aplic\u00e1vel a despesas que n\u00e3o se subordinam ao processo normal de aplica\u00e7\u00e3o.<\/strong><\/p>\n<p>&nbsp;<\/p>\n<p>O regime de adiantamento \u00e9 aplic\u00e1vel aos casos de <span style=\"text-decoration: underline;\">despesas expressamente <strong>definidos em lei<\/strong><\/span> e consiste na entrega de numer\u00e1rio a servidor, <strong><span style=\"text-decoration: underline;\">sempre<\/span><\/strong><span style=\"text-decoration: underline;\"> precedida de empenho<\/span> <span style=\"text-decoration: underline;\">na dota\u00e7\u00e3o <strong>pr\u00f3pria<\/strong><\/span> para o fim de realizar despesas, <span style=\"text-decoration: underline;\">que n\u00e3o possam subordinar-se ao processo normal de aplica\u00e7\u00e3o<\/span> (art. 68 da Lei 4320\/1964).<\/p>\n<p>Ainda, \u00e9 vedado, entre outros, o adiantamento de numer\u00e1rio a servidor respons\u00e1vel por <strong>dois<\/strong> adiantamentos.<\/p>\n<p>Resposta: Letra E<\/p>\n<p>&nbsp;<\/p>\n<p style=\"text-align: justify;\"><span style=\"color: #000000;\">Quer uma prepara\u00e7\u00e3o mais geral para diversos concursos? Fa\u00e7a o curso regular de Administra\u00e7\u00e3o Financeira e Or\u00e7ament\u00e1ria e Lei de Responsabilidade Fiscal:<\/span><\/p>\n<p style=\"text-align: justify;\"><span style=\"color: #0000ff;\"><a style=\"color: #0000ff;\" href=\"https:\/\/www.estrategiaconcursos.com.br\/curso\/curso-regular-de-administracao-financeira-e-orcamentaria-e-lei-de-resp-fiscal-com-videoaulas-6129\/\">https:\/\/www.estrategiaconcursos.com.br\/curso\/curso-regular-de-administracao-financeira-e-orcamentaria-e-lei-de-resp-fiscal-com-videoaulas-6129\/<\/a><\/span><\/p>\n<p>Forte abra\u00e7o!<\/p>\n<p>S\u00e9rgio Mendes<\/p>\n<p>&nbsp;<\/p>\n<p style=\"text-align: justify;\"><span style=\"color: #000000;\">Cursos online:\u00a0\u00a0<span style=\"color: #0000ff;\"><a style=\"color: #0000ff;\" href=\"http:\/\/www.estrategiaconcursos.com.br\/cursosPorProfessor\/sergio-mendes-3000\/\">http:\/\/www.estrategiaconcursos.com.br\/cursosPorProfessor\/sergio-mendes-3000\/<\/a><\/span><\/span><\/p>\n<p style=\"text-align: justify;\"><span style=\"color: #000000;\">e-mail: sergiomendes@estrategiaconcursos.com.br<\/span><\/p>\n<p style=\"text-align: justify;\"><span style=\"color: #000000;\">Twitter: @sergiomendesafo<\/span><\/p>\n<p style=\"text-align: justify;\"><span style=\"color: #0000ff;\"><a style=\"color: #0000ff;\" href=\"https:\/\/www.facebook.com\/profsergiomendes\">https:\/\/www.facebook.com\/profsergiomendes<\/a><\/span><\/p>\n","protected":false},"excerpt":{"rendered":"<p>Ol\u00e1 amigos! Como \u00e9 bom estar aqui! &nbsp; Segue a prova comentada do TRT\/MG na disciplina Administra\u00e7\u00e3o Financeira e Or\u00e7ament\u00e1ria para Analista Judici\u00e1rio &#8211; \u00c1rea Administrativa. &nbsp; No\u00e7\u00f5es de Administra\u00e7\u00e3o Financeira e Or\u00e7ament\u00e1ria e Or\u00e7amento P\u00fablico &nbsp; 45)\u00a0Um analista do Tribunal Regional do Trabalho da 3a Regi\u00e3o \u2013 TRT-3a Regi\u00e3o, ao elaborar a pe\u00e7a or\u00e7ament\u00e1ria [&hellip;]<\/p>\n","protected":false},"author":29,"featured_media":0,"comment_status":"open","ping_status":"open","sticky":false,"template":"","format":"standard","meta":{"post_tipo":"article","footnotes":""},"categories":[],"tags":[541],"tax_estado":[],"class_list":["post-25047","post","type-post","status-publish","format-standard","hentry","tag-trt-mg"],"acf":[],"yoast_head":"<!-- This site is optimized with the Yoast SEO Premium plugin v27.2 (Yoast SEO v27.2) - https:\/\/yoast.com\/product\/yoast-seo-premium-wordpress\/ -->\n<title>Prova do TRT\/MG Comentada - AFO - FCC - 2015<\/title>\n<meta name=\"robots\" content=\"index, follow, max-snippet:-1, max-image-preview:large, max-video-preview:-1\" \/>\n<link rel=\"canonical\" href=\"https:\/\/www.estrategiaconcursos.com.br\/blog\/prova-do-trtmg-comentada-afo-fcc-2015\/\" \/>\n<meta property=\"og:locale\" content=\"pt_BR\" \/>\n<meta property=\"og:type\" content=\"article\" \/>\n<meta property=\"og:title\" content=\"Prova do TRT\/MG Comentada - AFO - FCC - 2015\" \/>\n<meta property=\"og:description\" content=\"Ol\u00e1 amigos! Como \u00e9 bom estar aqui! &nbsp; Segue a prova comentada do TRT\/MG na disciplina Administra\u00e7\u00e3o Financeira e Or\u00e7ament\u00e1ria para Analista Judici\u00e1rio &#8211; \u00c1rea Administrativa. &nbsp; No\u00e7\u00f5es de Administra\u00e7\u00e3o Financeira e Or\u00e7ament\u00e1ria e Or\u00e7amento P\u00fablico &nbsp; 45)\u00a0Um analista do Tribunal Regional do Trabalho da 3a Regi\u00e3o \u2013 TRT-3a Regi\u00e3o, ao elaborar a pe\u00e7a or\u00e7ament\u00e1ria [&hellip;]\" \/>\n<meta property=\"og:url\" content=\"https:\/\/www.estrategiaconcursos.com.br\/blog\/prova-do-trtmg-comentada-afo-fcc-2015\/\" \/>\n<meta property=\"og:site_name\" content=\"Estrat\u00e9gia Concursos\" \/>\n<meta property=\"article:author\" content=\"https:\/\/www.facebook.com\/profsergiomendes\" \/>\n<meta property=\"article:published_time\" content=\"2015-07-28T16:10:16+00:00\" \/>\n<meta property=\"article:modified_time\" content=\"2016-09-27T14:58:00+00:00\" \/>\n<meta name=\"author\" content=\"S\u00e9rgio Mendes\" \/>\n<meta name=\"twitter:card\" content=\"summary_large_image\" \/>\n<meta name=\"twitter:creator\" content=\"@EstratConcursos\" \/>\n<meta name=\"twitter:site\" content=\"@EstratConcursos\" \/>\n<meta name=\"twitter:label1\" content=\"Escrito por\" \/>\n\t<meta name=\"twitter:data1\" content=\"S\u00e9rgio Mendes\" \/>\n\t<meta name=\"twitter:label2\" content=\"Est. tempo de leitura\" \/>\n\t<meta name=\"twitter:data2\" content=\"7 minutos\" \/>\n<script type=\"application\/ld+json\" class=\"yoast-schema-graph\">{\"@context\":\"https:\/\/schema.org\",\"@graph\":[{\"@type\":\"NewsArticle\",\"@id\":\"https:\/\/www.estrategiaconcursos.com.br\/blog\/prova-do-trtmg-comentada-afo-fcc-2015\/#article\",\"isPartOf\":{\"@id\":\"https:\/\/www.estrategiaconcursos.com.br\/blog\/prova-do-trtmg-comentada-afo-fcc-2015\/\"},\"author\":{\"name\":\"S\u00e9rgio Mendes\",\"@id\":\"https:\/\/www.estrategiaconcursos.com.br\/blog\/#\/schema\/person\/4ddc4a162b4fdffa2ea9956dbf62f583\"},\"headline\":\"Prova do TRT\/MG Comentada &#8211; AFO &#8211; FCC &#8211; 2015\",\"datePublished\":\"2015-07-28T16:10:16+00:00\",\"dateModified\":\"2016-09-27T14:58:00+00:00\",\"mainEntityOfPage\":{\"@id\":\"https:\/\/www.estrategiaconcursos.com.br\/blog\/prova-do-trtmg-comentada-afo-fcc-2015\/\"},\"wordCount\":1504,\"commentCount\":18,\"publisher\":{\"@id\":\"https:\/\/www.estrategiaconcursos.com.br\/blog\/#organization\"},\"keywords\":[\"TRT-MG\"],\"inLanguage\":\"pt-BR\",\"potentialAction\":[{\"@type\":\"CommentAction\",\"name\":\"Comment\",\"target\":[\"https:\/\/www.estrategiaconcursos.com.br\/blog\/prova-do-trtmg-comentada-afo-fcc-2015\/#respond\"]}],\"copyrightYear\":\"2015\",\"copyrightHolder\":{\"@id\":\"https:\/\/www.estrategiaconcursos.com.br\/blog\/#organization\"}},{\"@type\":\"WebPage\",\"@id\":\"https:\/\/www.estrategiaconcursos.com.br\/blog\/prova-do-trtmg-comentada-afo-fcc-2015\/\",\"url\":\"https:\/\/www.estrategiaconcursos.com.br\/blog\/prova-do-trtmg-comentada-afo-fcc-2015\/\",\"name\":\"Prova do TRT\/MG Comentada - AFO - FCC - 2015\",\"isPartOf\":{\"@id\":\"https:\/\/www.estrategiaconcursos.com.br\/blog\/#website\"},\"datePublished\":\"2015-07-28T16:10:16+00:00\",\"dateModified\":\"2016-09-27T14:58:00+00:00\",\"breadcrumb\":{\"@id\":\"https:\/\/www.estrategiaconcursos.com.br\/blog\/prova-do-trtmg-comentada-afo-fcc-2015\/#breadcrumb\"},\"inLanguage\":\"pt-BR\",\"potentialAction\":[{\"@type\":\"ReadAction\",\"target\":[\"https:\/\/www.estrategiaconcursos.com.br\/blog\/prova-do-trtmg-comentada-afo-fcc-2015\/\"]}]},{\"@type\":\"BreadcrumbList\",\"@id\":\"https:\/\/www.estrategiaconcursos.com.br\/blog\/prova-do-trtmg-comentada-afo-fcc-2015\/#breadcrumb\",\"itemListElement\":[{\"@type\":\"ListItem\",\"position\":1,\"name\":\"In\u00edcio\",\"item\":\"https:\/\/www.estrategiaconcursos.com.br\/blog\/\"},{\"@type\":\"ListItem\",\"position\":2,\"name\":\"Prova do TRT\/MG Comentada &#8211; AFO &#8211; FCC &#8211; 2015\"}]},{\"@type\":\"WebSite\",\"@id\":\"https:\/\/www.estrategiaconcursos.com.br\/blog\/#website\",\"url\":\"https:\/\/www.estrategiaconcursos.com.br\/blog\/\",\"name\":\"Estrat\u00e9gia Concursos\",\"description\":\"O blog da Estrat\u00e9gia Concursos traz not\u00edcias sobre concursos e artigos de professores oferecendo cursos para concursos (pdf + videaulas) no site.\",\"publisher\":{\"@id\":\"https:\/\/www.estrategiaconcursos.com.br\/blog\/#organization\"},\"potentialAction\":[{\"@type\":\"SearchAction\",\"target\":{\"@type\":\"EntryPoint\",\"urlTemplate\":\"https:\/\/www.estrategiaconcursos.com.br\/blog\/?s={search_term_string}\"},\"query-input\":{\"@type\":\"PropertyValueSpecification\",\"valueRequired\":true,\"valueName\":\"search_term_string\"}}],\"inLanguage\":\"pt-BR\"},{\"@type\":\"Organization\",\"@id\":\"https:\/\/www.estrategiaconcursos.com.br\/blog\/#organization\",\"name\":\"Estrat\u00e9gia Concursos\",\"url\":\"https:\/\/www.estrategiaconcursos.com.br\/blog\/\",\"logo\":{\"@type\":\"ImageObject\",\"inLanguage\":\"pt-BR\",\"@id\":\"https:\/\/www.estrategiaconcursos.com.br\/blog\/#\/schema\/logo\/image\/\",\"url\":\"https:\/\/dhg1h5j42swfq.cloudfront.net\/2025\/06\/03203428\/logo_concursos-1.jpg\",\"contentUrl\":\"https:\/\/dhg1h5j42swfq.cloudfront.net\/2025\/06\/03203428\/logo_concursos-1.jpg\",\"width\":230,\"height\":60,\"caption\":\"Estrat\u00e9gia Concursos\"},\"image\":{\"@id\":\"https:\/\/www.estrategiaconcursos.com.br\/blog\/#\/schema\/logo\/image\/\"},\"sameAs\":[\"https:\/\/x.com\/EstratConcursos\"]},{\"@type\":\"Person\",\"@id\":\"https:\/\/www.estrategiaconcursos.com.br\/blog\/#\/schema\/person\/4ddc4a162b4fdffa2ea9956dbf62f583\",\"name\":\"S\u00e9rgio Mendes\",\"image\":{\"@type\":\"ImageObject\",\"inLanguage\":\"pt-BR\",\"@id\":\"https:\/\/secure.gravatar.com\/avatar\/4eb4b562c33f40d6f7f76579da7e07350c69579df7db305d32a69ed32ecfd5ce?s=96&d=mm&r=g\",\"url\":\"https:\/\/secure.gravatar.com\/avatar\/4eb4b562c33f40d6f7f76579da7e07350c69579df7db305d32a69ed32ecfd5ce?s=96&d=mm&r=g\",\"contentUrl\":\"https:\/\/secure.gravatar.com\/avatar\/4eb4b562c33f40d6f7f76579da7e07350c69579df7db305d32a69ed32ecfd5ce?s=96&d=mm&r=g\",\"caption\":\"S\u00e9rgio Mendes\"},\"sameAs\":[\"https:\/\/www.facebook.com\/profsergiomendes\"],\"url\":\"https:\/\/www.estrategiaconcursos.com.br\/blog\/author\/sergiomendesestrategiaconcursos-com-br\/\"}]}<\/script>\n<!-- \/ Yoast SEO Premium plugin. -->","yoast_head_json":{"title":"Prova do TRT\/MG Comentada - AFO - FCC - 2015","robots":{"index":"index","follow":"follow","max-snippet":"max-snippet:-1","max-image-preview":"max-image-preview:large","max-video-preview":"max-video-preview:-1"},"canonical":"https:\/\/www.estrategiaconcursos.com.br\/blog\/prova-do-trtmg-comentada-afo-fcc-2015\/","og_locale":"pt_BR","og_type":"article","og_title":"Prova do TRT\/MG Comentada - AFO - FCC - 2015","og_description":"Ol\u00e1 amigos! Como \u00e9 bom estar aqui! &nbsp; Segue a prova comentada do TRT\/MG na disciplina Administra\u00e7\u00e3o Financeira e Or\u00e7ament\u00e1ria para Analista Judici\u00e1rio &#8211; \u00c1rea Administrativa. &nbsp; No\u00e7\u00f5es de Administra\u00e7\u00e3o Financeira e Or\u00e7ament\u00e1ria e Or\u00e7amento P\u00fablico &nbsp; 45)\u00a0Um analista do Tribunal Regional do Trabalho da 3a Regi\u00e3o \u2013 TRT-3a Regi\u00e3o, ao elaborar a pe\u00e7a or\u00e7ament\u00e1ria [&hellip;]","og_url":"https:\/\/www.estrategiaconcursos.com.br\/blog\/prova-do-trtmg-comentada-afo-fcc-2015\/","og_site_name":"Estrat\u00e9gia Concursos","article_author":"https:\/\/www.facebook.com\/profsergiomendes","article_published_time":"2015-07-28T16:10:16+00:00","article_modified_time":"2016-09-27T14:58:00+00:00","author":"S\u00e9rgio Mendes","twitter_card":"summary_large_image","twitter_creator":"@EstratConcursos","twitter_site":"@EstratConcursos","twitter_misc":{"Escrito por":"S\u00e9rgio Mendes","Est. tempo de leitura":"7 minutos"},"schema":{"@context":"https:\/\/schema.org","@graph":[{"@type":"NewsArticle","@id":"https:\/\/www.estrategiaconcursos.com.br\/blog\/prova-do-trtmg-comentada-afo-fcc-2015\/#article","isPartOf":{"@id":"https:\/\/www.estrategiaconcursos.com.br\/blog\/prova-do-trtmg-comentada-afo-fcc-2015\/"},"author":{"name":"S\u00e9rgio Mendes","@id":"https:\/\/www.estrategiaconcursos.com.br\/blog\/#\/schema\/person\/4ddc4a162b4fdffa2ea9956dbf62f583"},"headline":"Prova do TRT\/MG Comentada &#8211; AFO &#8211; FCC &#8211; 2015","datePublished":"2015-07-28T16:10:16+00:00","dateModified":"2016-09-27T14:58:00+00:00","mainEntityOfPage":{"@id":"https:\/\/www.estrategiaconcursos.com.br\/blog\/prova-do-trtmg-comentada-afo-fcc-2015\/"},"wordCount":1504,"commentCount":18,"publisher":{"@id":"https:\/\/www.estrategiaconcursos.com.br\/blog\/#organization"},"keywords":["TRT-MG"],"inLanguage":"pt-BR","potentialAction":[{"@type":"CommentAction","name":"Comment","target":["https:\/\/www.estrategiaconcursos.com.br\/blog\/prova-do-trtmg-comentada-afo-fcc-2015\/#respond"]}],"copyrightYear":"2015","copyrightHolder":{"@id":"https:\/\/www.estrategiaconcursos.com.br\/blog\/#organization"}},{"@type":"WebPage","@id":"https:\/\/www.estrategiaconcursos.com.br\/blog\/prova-do-trtmg-comentada-afo-fcc-2015\/","url":"https:\/\/www.estrategiaconcursos.com.br\/blog\/prova-do-trtmg-comentada-afo-fcc-2015\/","name":"Prova do TRT\/MG Comentada - AFO - FCC - 2015","isPartOf":{"@id":"https:\/\/www.estrategiaconcursos.com.br\/blog\/#website"},"datePublished":"2015-07-28T16:10:16+00:00","dateModified":"2016-09-27T14:58:00+00:00","breadcrumb":{"@id":"https:\/\/www.estrategiaconcursos.com.br\/blog\/prova-do-trtmg-comentada-afo-fcc-2015\/#breadcrumb"},"inLanguage":"pt-BR","potentialAction":[{"@type":"ReadAction","target":["https:\/\/www.estrategiaconcursos.com.br\/blog\/prova-do-trtmg-comentada-afo-fcc-2015\/"]}]},{"@type":"BreadcrumbList","@id":"https:\/\/www.estrategiaconcursos.com.br\/blog\/prova-do-trtmg-comentada-afo-fcc-2015\/#breadcrumb","itemListElement":[{"@type":"ListItem","position":1,"name":"In\u00edcio","item":"https:\/\/www.estrategiaconcursos.com.br\/blog\/"},{"@type":"ListItem","position":2,"name":"Prova do TRT\/MG Comentada &#8211; AFO &#8211; FCC &#8211; 2015"}]},{"@type":"WebSite","@id":"https:\/\/www.estrategiaconcursos.com.br\/blog\/#website","url":"https:\/\/www.estrategiaconcursos.com.br\/blog\/","name":"Estrat\u00e9gia Concursos","description":"O blog da Estrat\u00e9gia Concursos traz not\u00edcias sobre concursos e artigos de professores oferecendo cursos para concursos (pdf + videaulas) no site.","publisher":{"@id":"https:\/\/www.estrategiaconcursos.com.br\/blog\/#organization"},"potentialAction":[{"@type":"SearchAction","target":{"@type":"EntryPoint","urlTemplate":"https:\/\/www.estrategiaconcursos.com.br\/blog\/?s={search_term_string}"},"query-input":{"@type":"PropertyValueSpecification","valueRequired":true,"valueName":"search_term_string"}}],"inLanguage":"pt-BR"},{"@type":"Organization","@id":"https:\/\/www.estrategiaconcursos.com.br\/blog\/#organization","name":"Estrat\u00e9gia Concursos","url":"https:\/\/www.estrategiaconcursos.com.br\/blog\/","logo":{"@type":"ImageObject","inLanguage":"pt-BR","@id":"https:\/\/www.estrategiaconcursos.com.br\/blog\/#\/schema\/logo\/image\/","url":"https:\/\/dhg1h5j42swfq.cloudfront.net\/2025\/06\/03203428\/logo_concursos-1.jpg","contentUrl":"https:\/\/dhg1h5j42swfq.cloudfront.net\/2025\/06\/03203428\/logo_concursos-1.jpg","width":230,"height":60,"caption":"Estrat\u00e9gia Concursos"},"image":{"@id":"https:\/\/www.estrategiaconcursos.com.br\/blog\/#\/schema\/logo\/image\/"},"sameAs":["https:\/\/x.com\/EstratConcursos"]},{"@type":"Person","@id":"https:\/\/www.estrategiaconcursos.com.br\/blog\/#\/schema\/person\/4ddc4a162b4fdffa2ea9956dbf62f583","name":"S\u00e9rgio Mendes","image":{"@type":"ImageObject","inLanguage":"pt-BR","@id":"https:\/\/secure.gravatar.com\/avatar\/4eb4b562c33f40d6f7f76579da7e07350c69579df7db305d32a69ed32ecfd5ce?s=96&d=mm&r=g","url":"https:\/\/secure.gravatar.com\/avatar\/4eb4b562c33f40d6f7f76579da7e07350c69579df7db305d32a69ed32ecfd5ce?s=96&d=mm&r=g","contentUrl":"https:\/\/secure.gravatar.com\/avatar\/4eb4b562c33f40d6f7f76579da7e07350c69579df7db305d32a69ed32ecfd5ce?s=96&d=mm&r=g","caption":"S\u00e9rgio Mendes"},"sameAs":["https:\/\/www.facebook.com\/profsergiomendes"],"url":"https:\/\/www.estrategiaconcursos.com.br\/blog\/author\/sergiomendesestrategiaconcursos-com-br\/"}]}},"_links":{"self":[{"href":"https:\/\/www.estrategiaconcursos.com.br\/blog\/wp-json\/wp\/v2\/posts\/25047","targetHints":{"allow":["GET"]}}],"collection":[{"href":"https:\/\/www.estrategiaconcursos.com.br\/blog\/wp-json\/wp\/v2\/posts"}],"about":[{"href":"https:\/\/www.estrategiaconcursos.com.br\/blog\/wp-json\/wp\/v2\/types\/post"}],"author":[{"embeddable":true,"href":"https:\/\/www.estrategiaconcursos.com.br\/blog\/wp-json\/wp\/v2\/users\/29"}],"replies":[{"embeddable":true,"href":"https:\/\/www.estrategiaconcursos.com.br\/blog\/wp-json\/wp\/v2\/comments?post=25047"}],"version-history":[{"count":5,"href":"https:\/\/www.estrategiaconcursos.com.br\/blog\/wp-json\/wp\/v2\/posts\/25047\/revisions"}],"predecessor-version":[{"id":50830,"href":"https:\/\/www.estrategiaconcursos.com.br\/blog\/wp-json\/wp\/v2\/posts\/25047\/revisions\/50830"}],"wp:attachment":[{"href":"https:\/\/www.estrategiaconcursos.com.br\/blog\/wp-json\/wp\/v2\/media?parent=25047"}],"wp:term":[{"taxonomy":"category","embeddable":true,"href":"https:\/\/www.estrategiaconcursos.com.br\/blog\/wp-json\/wp\/v2\/categories?post=25047"},{"taxonomy":"post_tag","embeddable":true,"href":"https:\/\/www.estrategiaconcursos.com.br\/blog\/wp-json\/wp\/v2\/tags?post=25047"},{"taxonomy":"tax_estado","embeddable":true,"href":"https:\/\/www.estrategiaconcursos.com.br\/blog\/wp-json\/wp\/v2\/tax_estado?post=25047"}],"curies":[{"name":"wp","href":"https:\/\/api.w.org\/{rel}","templated":true}]}}