{"id":25012,"date":"2015-07-27T17:19:24","date_gmt":"2015-07-27T20:19:24","guid":{"rendered":"http:\/\/www.estrategiaconcursos.com.br\/blog\/?p=25012"},"modified":"2015-07-28T10:42:43","modified_gmt":"2015-07-28T13:42:43","slug":"concurso-trt-mg-divulgados-provas-e-gabaritos-preliminares-confira","status":"publish","type":"post","link":"https:\/\/www.estrategiaconcursos.com.br\/blog\/concurso-trt-mg-divulgados-provas-e-gabaritos-preliminares-confira\/","title":{"rendered":"Concurso TRT-MG: Divulgados provas e gabaritos preliminares. Confira!"},"content":{"rendered":"<p style=\"text-align: justify;\"><a href=\"https:\/\/dhg1h5j42swfq.cloudfront.net\/2014\/07\/TRT-3-Minas-Gerais-MG.jpg\"><img loading=\"lazy\" decoding=\"async\" class=\"alignleft wp-image-16769 size-medium\" src=\"https:\/\/dhg1h5j42swfq.cloudfront.net\/2014\/07\/TRT-3-Minas-Gerais-MG-300x220.jpg\" alt=\"concurso TRT-MG\" width=\"300\" height=\"220\" srcset=\"https:\/\/dhg1h5j42swfq.cloudfront.net\/2014\/07\/TRT-3-Minas-Gerais-MG.jpg 300w, https:\/\/dhg1h5j42swfq.cloudfront.net\/2014\/07\/TRT-3-Minas-Gerais-MG.jpg 408w, https:\/\/dhg1h5j42swfq.cloudfront.net\/2014\/07\/TRT-3-Minas-Gerais-MG.jpg 472w\" sizes=\"auto, (max-width: 300px) 100vw, 300px\" \/><\/a><span style=\"color: #000000;\">Foram divulgados na tarde desta segunda-feira, 27, as provas e os gabaritos preliminares do concurso\u00a0do Tribunal Regional do Trabalho da 3\u00aa Regi\u00e3o (concurso TRT-MG). Os recursos poder\u00e3o ser interpostos nesta ter\u00e7a-feira, 28, e quarta-feira, 29, pelo site da organizadora, a<\/span> <span style=\"color: #0000ff;\"><a style=\"color: #0000ff;\" href=\"http:\/\/www.concursosfcc.com.br\/concursos\/trt3r114\/index.html\">FCC<\/a><\/span>.<\/p>\n<p style=\"text-align: justify;\"><span style=\"color: #000000;\">Confira as provas e os gabaritos em (tenha em m\u00e3os o n\u00famero do caderno e o c\u00f3digo de acesso):<\/span><\/p>\n<p style=\"text-align: justify;\"><span style=\"color: #0000ff;\"><a style=\"color: #0000ff;\" href=\"http:\/\/www.concursosfcc.com.br\/concursos\/trt3r114\/provas\/index.html\">http:\/\/www.concursosfcc.com.br\/concursos\/trt3r114\/provas\/index.html<\/a><\/span><\/p>\n<p style=\"text-align: justify;\"><strong><span style=\"color: #000000;\">Concurso TRT-MG<\/span><\/strong><\/p>\n<p style=\"text-align: justify;\"><span style=\"color: #000000;\">O concurso\u00a0TRT-MG foi\u00a0realizado no \u00faltimo\u00a0domingo, 26, em Belo Horizonte. De acordo a assessoria do \u00f3rg\u00e3o, houve um recorde no n\u00famero de inscritos: o n\u00famero de candidatos chegou a 134.270, para um total de 32 cargos.<\/span><\/p>\n<p style=\"text-align: justify;\"><span style=\"color: #000000;\">Para os interessados de n\u00edvel superior as oportunidades ser\u00e3o para o cargo de Analista Judici\u00e1rio na \u00c1rea Judici\u00e1ria; \u00c1rea Judici\u00e1ria na Especialidade Oficial de Justi\u00e7a Avaliador Federal; \u00c1rea Administrativa; \u00c1rea Apoio Especializado na Especialidade Estat\u00edstica; \u00c1rea Apoio Especializado na Especialidade Arquitetura; \u00c1rea Apoio Especializado na Especialidade Arquivologia; \u00c1rea Apoio Especializado na Especialidade Biblioteconomia; \u00c1rea Apoio Especializado na Especialidade Comunica\u00e7\u00e3o Social; \u00c1rea Apoio Especializado na Especialidade Enfermagem; \u00c1rea Apoio Especializado nas Especialidades Engenharia Civil, El\u00e9trica, Mec\u00e2nica e Seguran\u00e7a do Trabalho; \u00c1rea Apoio Especializado na Especialidade Fisioterapia; \u00c1rea Apoio Especializado na Especialidade Historiador;\u00a0\u00c1rea Apoio Especializado na Especialidades Medicina (Geral, Cardiologia, do Trabalho e Psiquiatria); \u00c1rea Apoio Especializado na Especialidade Odontologia (Odonto, Endodontia, Pediatria e Pr\u00f3tese); \u00c1rea Apoio Especializado na Especialidade Psicologia; \u00c1rea Apoio Especializado na Especialidade Servi\u00e7o Social e \u00c1rea Apoio Especializado na Especialidade Tecnologia da Informa\u00e7\u00e3o. A remunera\u00e7\u00e3o para esses cargos variam entre\u00a0R$ 8.863,84 e\u00a0R$ 10.485,62.<\/span><\/p>\n<p style=\"text-align: justify;\"><span style=\"color: #000000;\">Para n\u00edvel m\u00e9dio, as oportunidades do concurso TRT-MG ser\u00e3o para o cargo de T\u00e9cnico Judici\u00e1rio na\u00a0\u00c1rea Administrativa; \u00c1rea Administrativa na Especialidade Contabilidade; \u00c1rea Apoio Especializado na Especialidade Enfermagem e \u00c1rea Apoio Especializado na Especialidade Tecnologia da Informa\u00e7\u00e3o. A remunera\u00e7\u00e3o inicial ser\u00e1 de\u00a0R$ 5.425,79.<\/span><\/p>\n<p style=\"text-align: justify;\"><span style=\"color: #000000;\">Todas as oportunidades do concurso TRT-MG s\u00e3o para forma\u00e7\u00e3o de cadastro de reserva e os nomeados ser\u00e3o alocados na capital mineira e nas cidades da sub-regi\u00e3o.<\/span><\/p>\n<p style=\"text-align: justify;\"><span style=\"color: #000000;\">O concurso TRT-MG\u00a0ter\u00e1 validade de dois anos, a contar da data da publica\u00e7\u00e3o da homologa\u00e7\u00e3o do resultado final, podendo ser prorrogado por igual per\u00edodo, a crit\u00e9rio do Tribunal Regional do Trabalho da 3\u00aa Regi\u00e3o.<\/span><\/p>\n<p><span style=\"color: #000000;\"><strong>Os professores do Estrat\u00e9gia Concursos comentar\u00e3o, em seus artigos, sobre possibilidades de recurso. Acompanhe em:<\/strong><\/span><\/p>\n<p><span style=\"color: #0000ff;\"><a style=\"color: #0000ff;\" href=\"http:\/\/www.estrategiaconcursos.com.br\/blog\/\">http:\/\/www.estrategiaconcursos.com.br\/blog\/<\/a><\/span><\/p>\n<p style=\"text-align: justify;\"><span style=\"color: #000000;\">Assessoria de Comunica\u00e7\u00e3o<\/span><\/p>\n<p style=\"text-align: justify;\"><span style=\"color: #000000;\">comunicacao@estrategiaconcursos.com.br<\/span><\/p>\n","protected":false},"excerpt":{"rendered":"<p>Foram divulgados na tarde desta segunda-feira, 27, as provas e os gabaritos preliminares do concurso\u00a0do Tribunal Regional do Trabalho da 3\u00aa Regi\u00e3o (concurso TRT-MG). Os recursos poder\u00e3o ser interpostos nesta ter\u00e7a-feira, 28, e quarta-feira, 29, pelo site da organizadora, a FCC. Confira as provas e os gabaritos em (tenha em m\u00e3os o n\u00famero do caderno [&hellip;]<\/p>\n","protected":false},"author":1,"featured_media":0,"comment_status":"open","ping_status":"open","sticky":false,"template":"","format":"standard","meta":{"post_tipo":"news","footnotes":""},"categories":[1],"tags":[697,712,541],"tax_estado":[],"class_list":["post-25012","post","type-post","status-publish","format-standard","hentry","category-cursos-e-concursos","tag-gabaritos","tag-provas","tag-trt-mg"],"acf":[],"yoast_head":"<!-- This site is optimized with the Yoast SEO Premium plugin v27.2 (Yoast SEO v27.2) - https:\/\/yoast.com\/product\/yoast-seo-premium-wordpress\/ -->\n<title>Concurso TRT-MG: Divulgados provas e gabaritos preliminares. Confira!<\/title>\n<meta name=\"description\" content=\"Concurso TRT-MG: Os recursos poder\u00e3o ser interpostos nesta ter\u00e7a-feira, 28, e quarta-feira, 29, pelo site da organizadora. Saiba mais!\" \/>\n<meta name=\"robots\" content=\"index, follow, max-snippet:-1, max-image-preview:large, max-video-preview:-1\" \/>\n<link rel=\"canonical\" href=\"https:\/\/www.estrategiaconcursos.com.br\/blog\/concurso-trt-mg-divulgados-provas-e-gabaritos-preliminares-confira\/\" \/>\n<meta property=\"og:locale\" content=\"pt_BR\" \/>\n<meta property=\"og:type\" content=\"article\" \/>\n<meta property=\"og:title\" content=\"Concurso TRT-MG: Divulgados provas e gabaritos preliminares. Confira!\" \/>\n<meta property=\"og:description\" content=\"Concurso TRT-MG: Os recursos poder\u00e3o ser interpostos nesta ter\u00e7a-feira, 28, e quarta-feira, 29, pelo site da organizadora. Saiba mais!\" \/>\n<meta property=\"og:url\" content=\"https:\/\/www.estrategiaconcursos.com.br\/blog\/concurso-trt-mg-divulgados-provas-e-gabaritos-preliminares-confira\/\" \/>\n<meta property=\"og:site_name\" content=\"Estrat\u00e9gia Concursos\" \/>\n<meta property=\"article:author\" content=\"https:\/\/www.facebook.com\/EstrategiaConcursos\" \/>\n<meta property=\"article:published_time\" content=\"2015-07-27T20:19:24+00:00\" \/>\n<meta property=\"article:modified_time\" content=\"2015-07-28T13:42:43+00:00\" \/>\n<meta property=\"og:image\" content=\"https:\/\/dhg1h5j42swfq.cloudfront.net\/2014\/07\/TRT-3-Minas-Gerais-MG-300x220.jpg\" \/>\n<meta name=\"author\" content=\"Coordena\u00e7\u00e3o\" \/>\n<meta name=\"twitter:card\" content=\"summary_large_image\" \/>\n<meta name=\"twitter:creator\" content=\"@EstratConcursos\" \/>\n<meta name=\"twitter:site\" content=\"@EstratConcursos\" \/>\n<meta name=\"twitter:label1\" content=\"Escrito por\" \/>\n\t<meta name=\"twitter:data1\" content=\"Coordena\u00e7\u00e3o\" \/>\n\t<meta name=\"twitter:label2\" content=\"Est. tempo de leitura\" \/>\n\t<meta name=\"twitter:data2\" content=\"2 minutos\" \/>\n<script type=\"application\/ld+json\" class=\"yoast-schema-graph\">{\"@context\":\"https:\/\/schema.org\",\"@graph\":[{\"@type\":\"NewsArticle\",\"@id\":\"https:\/\/www.estrategiaconcursos.com.br\/blog\/concurso-trt-mg-divulgados-provas-e-gabaritos-preliminares-confira\/#article\",\"isPartOf\":{\"@id\":\"https:\/\/www.estrategiaconcursos.com.br\/blog\/concurso-trt-mg-divulgados-provas-e-gabaritos-preliminares-confira\/\"},\"author\":{\"name\":\"Coordena\u00e7\u00e3o\",\"@id\":\"https:\/\/www.estrategiaconcursos.com.br\/blog\/#\/schema\/person\/b4a388c97673c5f483d72185668afa1f\"},\"headline\":\"Concurso TRT-MG: Divulgados provas e gabaritos preliminares. Confira!\",\"datePublished\":\"2015-07-27T20:19:24+00:00\",\"dateModified\":\"2015-07-28T13:42:43+00:00\",\"mainEntityOfPage\":{\"@id\":\"https:\/\/www.estrategiaconcursos.com.br\/blog\/concurso-trt-mg-divulgados-provas-e-gabaritos-preliminares-confira\/\"},\"wordCount\":434,\"commentCount\":17,\"publisher\":{\"@id\":\"https:\/\/www.estrategiaconcursos.com.br\/blog\/#organization\"},\"image\":{\"@id\":\"https:\/\/www.estrategiaconcursos.com.br\/blog\/concurso-trt-mg-divulgados-provas-e-gabaritos-preliminares-confira\/#primaryimage\"},\"thumbnailUrl\":\"https:\/\/dhg1h5j42swfq.cloudfront.net\/2014\/07\/TRT-3-Minas-Gerais-MG-300x220.jpg\",\"keywords\":[\"Gabaritos\",\"Provas\",\"TRT-MG\"],\"articleSection\":[\"Concursos P\u00fablicos\"],\"inLanguage\":\"pt-BR\",\"potentialAction\":[{\"@type\":\"CommentAction\",\"name\":\"Comment\",\"target\":[\"https:\/\/www.estrategiaconcursos.com.br\/blog\/concurso-trt-mg-divulgados-provas-e-gabaritos-preliminares-confira\/#respond\"]}],\"copyrightYear\":\"2015\",\"copyrightHolder\":{\"@id\":\"https:\/\/www.estrategiaconcursos.com.br\/blog\/#organization\"}},{\"@type\":\"WebPage\",\"@id\":\"https:\/\/www.estrategiaconcursos.com.br\/blog\/concurso-trt-mg-divulgados-provas-e-gabaritos-preliminares-confira\/\",\"url\":\"https:\/\/www.estrategiaconcursos.com.br\/blog\/concurso-trt-mg-divulgados-provas-e-gabaritos-preliminares-confira\/\",\"name\":\"Concurso TRT-MG: Divulgados provas e gabaritos preliminares. Confira!\",\"isPartOf\":{\"@id\":\"https:\/\/www.estrategiaconcursos.com.br\/blog\/#website\"},\"primaryImageOfPage\":{\"@id\":\"https:\/\/www.estrategiaconcursos.com.br\/blog\/concurso-trt-mg-divulgados-provas-e-gabaritos-preliminares-confira\/#primaryimage\"},\"image\":{\"@id\":\"https:\/\/www.estrategiaconcursos.com.br\/blog\/concurso-trt-mg-divulgados-provas-e-gabaritos-preliminares-confira\/#primaryimage\"},\"thumbnailUrl\":\"https:\/\/dhg1h5j42swfq.cloudfront.net\/2014\/07\/TRT-3-Minas-Gerais-MG-300x220.jpg\",\"datePublished\":\"2015-07-27T20:19:24+00:00\",\"dateModified\":\"2015-07-28T13:42:43+00:00\",\"description\":\"Concurso TRT-MG: Os recursos poder\u00e3o ser interpostos nesta ter\u00e7a-feira, 28, e quarta-feira, 29, pelo site da organizadora. Saiba mais!\",\"breadcrumb\":{\"@id\":\"https:\/\/www.estrategiaconcursos.com.br\/blog\/concurso-trt-mg-divulgados-provas-e-gabaritos-preliminares-confira\/#breadcrumb\"},\"inLanguage\":\"pt-BR\",\"potentialAction\":[{\"@type\":\"ReadAction\",\"target\":[\"https:\/\/www.estrategiaconcursos.com.br\/blog\/concurso-trt-mg-divulgados-provas-e-gabaritos-preliminares-confira\/\"]}]},{\"@type\":\"ImageObject\",\"inLanguage\":\"pt-BR\",\"@id\":\"https:\/\/www.estrategiaconcursos.com.br\/blog\/concurso-trt-mg-divulgados-provas-e-gabaritos-preliminares-confira\/#primaryimage\",\"url\":\"https:\/\/dhg1h5j42swfq.cloudfront.net\/2014\/07\/TRT-3-Minas-Gerais-MG-300x220.jpg\",\"contentUrl\":\"https:\/\/dhg1h5j42swfq.cloudfront.net\/2014\/07\/TRT-3-Minas-Gerais-MG-300x220.jpg\"},{\"@type\":\"BreadcrumbList\",\"@id\":\"https:\/\/www.estrategiaconcursos.com.br\/blog\/concurso-trt-mg-divulgados-provas-e-gabaritos-preliminares-confira\/#breadcrumb\",\"itemListElement\":[{\"@type\":\"ListItem\",\"position\":1,\"name\":\"In\u00edcio\",\"item\":\"https:\/\/www.estrategiaconcursos.com.br\/blog\/\"},{\"@type\":\"ListItem\",\"position\":2,\"name\":\"Concurso TRT-MG: Divulgados provas e gabaritos preliminares. Confira!\"}]},{\"@type\":\"WebSite\",\"@id\":\"https:\/\/www.estrategiaconcursos.com.br\/blog\/#website\",\"url\":\"https:\/\/www.estrategiaconcursos.com.br\/blog\/\",\"name\":\"Estrat\u00e9gia Concursos\",\"description\":\"O blog da Estrat\u00e9gia Concursos traz not\u00edcias sobre concursos e artigos de professores oferecendo cursos para concursos (pdf + videaulas) no site.\",\"publisher\":{\"@id\":\"https:\/\/www.estrategiaconcursos.com.br\/blog\/#organization\"},\"potentialAction\":[{\"@type\":\"SearchAction\",\"target\":{\"@type\":\"EntryPoint\",\"urlTemplate\":\"https:\/\/www.estrategiaconcursos.com.br\/blog\/?s={search_term_string}\"},\"query-input\":{\"@type\":\"PropertyValueSpecification\",\"valueRequired\":true,\"valueName\":\"search_term_string\"}}],\"inLanguage\":\"pt-BR\"},{\"@type\":\"Organization\",\"@id\":\"https:\/\/www.estrategiaconcursos.com.br\/blog\/#organization\",\"name\":\"Estrat\u00e9gia Concursos\",\"url\":\"https:\/\/www.estrategiaconcursos.com.br\/blog\/\",\"logo\":{\"@type\":\"ImageObject\",\"inLanguage\":\"pt-BR\",\"@id\":\"https:\/\/www.estrategiaconcursos.com.br\/blog\/#\/schema\/logo\/image\/\",\"url\":\"https:\/\/dhg1h5j42swfq.cloudfront.net\/2025\/06\/03203428\/logo_concursos-1.jpg\",\"contentUrl\":\"https:\/\/dhg1h5j42swfq.cloudfront.net\/2025\/06\/03203428\/logo_concursos-1.jpg\",\"width\":230,\"height\":60,\"caption\":\"Estrat\u00e9gia Concursos\"},\"image\":{\"@id\":\"https:\/\/www.estrategiaconcursos.com.br\/blog\/#\/schema\/logo\/image\/\"},\"sameAs\":[\"https:\/\/x.com\/EstratConcursos\"]},{\"@type\":\"Person\",\"@id\":\"https:\/\/www.estrategiaconcursos.com.br\/blog\/#\/schema\/person\/b4a388c97673c5f483d72185668afa1f\",\"name\":\"Coordena\u00e7\u00e3o\",\"image\":{\"@type\":\"ImageObject\",\"inLanguage\":\"pt-BR\",\"@id\":\"https:\/\/secure.gravatar.com\/avatar\/b720319e4c9a967eb58678d110f4fe35452fc5d5f97b202bac7b8acceb18c6ad?s=96&d=mm&r=g\",\"url\":\"https:\/\/secure.gravatar.com\/avatar\/b720319e4c9a967eb58678d110f4fe35452fc5d5f97b202bac7b8acceb18c6ad?s=96&d=mm&r=g\",\"contentUrl\":\"https:\/\/secure.gravatar.com\/avatar\/b720319e4c9a967eb58678d110f4fe35452fc5d5f97b202bac7b8acceb18c6ad?s=96&d=mm&r=g\",\"caption\":\"Coordena\u00e7\u00e3o\"},\"sameAs\":[\"https:\/\/www.facebook.com\/EstrategiaConcursos\",\"https:\/\/x.com\/EstratConcursos\"],\"url\":\"https:\/\/www.estrategiaconcursos.com.br\/blog\/author\/estrategia2013\/\"}]}<\/script>\n<!-- \/ Yoast SEO Premium plugin. -->","yoast_head_json":{"title":"Concurso TRT-MG: Divulgados provas e gabaritos preliminares. Confira!","description":"Concurso TRT-MG: Os recursos poder\u00e3o ser interpostos nesta ter\u00e7a-feira, 28, e quarta-feira, 29, pelo site da organizadora. Saiba mais!","robots":{"index":"index","follow":"follow","max-snippet":"max-snippet:-1","max-image-preview":"max-image-preview:large","max-video-preview":"max-video-preview:-1"},"canonical":"https:\/\/www.estrategiaconcursos.com.br\/blog\/concurso-trt-mg-divulgados-provas-e-gabaritos-preliminares-confira\/","og_locale":"pt_BR","og_type":"article","og_title":"Concurso TRT-MG: Divulgados provas e gabaritos preliminares. Confira!","og_description":"Concurso TRT-MG: Os recursos poder\u00e3o ser interpostos nesta ter\u00e7a-feira, 28, e quarta-feira, 29, pelo site da organizadora. Saiba mais!","og_url":"https:\/\/www.estrategiaconcursos.com.br\/blog\/concurso-trt-mg-divulgados-provas-e-gabaritos-preliminares-confira\/","og_site_name":"Estrat\u00e9gia Concursos","article_author":"https:\/\/www.facebook.com\/EstrategiaConcursos","article_published_time":"2015-07-27T20:19:24+00:00","article_modified_time":"2015-07-28T13:42:43+00:00","og_image":[{"url":"https:\/\/dhg1h5j42swfq.cloudfront.net\/2014\/07\/TRT-3-Minas-Gerais-MG-300x220.jpg","type":"","width":"","height":""}],"author":"Coordena\u00e7\u00e3o","twitter_card":"summary_large_image","twitter_creator":"@EstratConcursos","twitter_site":"@EstratConcursos","twitter_misc":{"Escrito por":"Coordena\u00e7\u00e3o","Est. tempo de leitura":"2 minutos"},"schema":{"@context":"https:\/\/schema.org","@graph":[{"@type":"NewsArticle","@id":"https:\/\/www.estrategiaconcursos.com.br\/blog\/concurso-trt-mg-divulgados-provas-e-gabaritos-preliminares-confira\/#article","isPartOf":{"@id":"https:\/\/www.estrategiaconcursos.com.br\/blog\/concurso-trt-mg-divulgados-provas-e-gabaritos-preliminares-confira\/"},"author":{"name":"Coordena\u00e7\u00e3o","@id":"https:\/\/www.estrategiaconcursos.com.br\/blog\/#\/schema\/person\/b4a388c97673c5f483d72185668afa1f"},"headline":"Concurso TRT-MG: Divulgados provas e gabaritos preliminares. Confira!","datePublished":"2015-07-27T20:19:24+00:00","dateModified":"2015-07-28T13:42:43+00:00","mainEntityOfPage":{"@id":"https:\/\/www.estrategiaconcursos.com.br\/blog\/concurso-trt-mg-divulgados-provas-e-gabaritos-preliminares-confira\/"},"wordCount":434,"commentCount":17,"publisher":{"@id":"https:\/\/www.estrategiaconcursos.com.br\/blog\/#organization"},"image":{"@id":"https:\/\/www.estrategiaconcursos.com.br\/blog\/concurso-trt-mg-divulgados-provas-e-gabaritos-preliminares-confira\/#primaryimage"},"thumbnailUrl":"https:\/\/dhg1h5j42swfq.cloudfront.net\/2014\/07\/TRT-3-Minas-Gerais-MG-300x220.jpg","keywords":["Gabaritos","Provas","TRT-MG"],"articleSection":["Concursos P\u00fablicos"],"inLanguage":"pt-BR","potentialAction":[{"@type":"CommentAction","name":"Comment","target":["https:\/\/www.estrategiaconcursos.com.br\/blog\/concurso-trt-mg-divulgados-provas-e-gabaritos-preliminares-confira\/#respond"]}],"copyrightYear":"2015","copyrightHolder":{"@id":"https:\/\/www.estrategiaconcursos.com.br\/blog\/#organization"}},{"@type":"WebPage","@id":"https:\/\/www.estrategiaconcursos.com.br\/blog\/concurso-trt-mg-divulgados-provas-e-gabaritos-preliminares-confira\/","url":"https:\/\/www.estrategiaconcursos.com.br\/blog\/concurso-trt-mg-divulgados-provas-e-gabaritos-preliminares-confira\/","name":"Concurso TRT-MG: Divulgados provas e gabaritos preliminares. Confira!","isPartOf":{"@id":"https:\/\/www.estrategiaconcursos.com.br\/blog\/#website"},"primaryImageOfPage":{"@id":"https:\/\/www.estrategiaconcursos.com.br\/blog\/concurso-trt-mg-divulgados-provas-e-gabaritos-preliminares-confira\/#primaryimage"},"image":{"@id":"https:\/\/www.estrategiaconcursos.com.br\/blog\/concurso-trt-mg-divulgados-provas-e-gabaritos-preliminares-confira\/#primaryimage"},"thumbnailUrl":"https:\/\/dhg1h5j42swfq.cloudfront.net\/2014\/07\/TRT-3-Minas-Gerais-MG-300x220.jpg","datePublished":"2015-07-27T20:19:24+00:00","dateModified":"2015-07-28T13:42:43+00:00","description":"Concurso TRT-MG: Os recursos poder\u00e3o ser interpostos nesta ter\u00e7a-feira, 28, e quarta-feira, 29, pelo site da organizadora. Saiba mais!","breadcrumb":{"@id":"https:\/\/www.estrategiaconcursos.com.br\/blog\/concurso-trt-mg-divulgados-provas-e-gabaritos-preliminares-confira\/#breadcrumb"},"inLanguage":"pt-BR","potentialAction":[{"@type":"ReadAction","target":["https:\/\/www.estrategiaconcursos.com.br\/blog\/concurso-trt-mg-divulgados-provas-e-gabaritos-preliminares-confira\/"]}]},{"@type":"ImageObject","inLanguage":"pt-BR","@id":"https:\/\/www.estrategiaconcursos.com.br\/blog\/concurso-trt-mg-divulgados-provas-e-gabaritos-preliminares-confira\/#primaryimage","url":"https:\/\/dhg1h5j42swfq.cloudfront.net\/2014\/07\/TRT-3-Minas-Gerais-MG-300x220.jpg","contentUrl":"https:\/\/dhg1h5j42swfq.cloudfront.net\/2014\/07\/TRT-3-Minas-Gerais-MG-300x220.jpg"},{"@type":"BreadcrumbList","@id":"https:\/\/www.estrategiaconcursos.com.br\/blog\/concurso-trt-mg-divulgados-provas-e-gabaritos-preliminares-confira\/#breadcrumb","itemListElement":[{"@type":"ListItem","position":1,"name":"In\u00edcio","item":"https:\/\/www.estrategiaconcursos.com.br\/blog\/"},{"@type":"ListItem","position":2,"name":"Concurso TRT-MG: Divulgados provas e gabaritos preliminares. Confira!"}]},{"@type":"WebSite","@id":"https:\/\/www.estrategiaconcursos.com.br\/blog\/#website","url":"https:\/\/www.estrategiaconcursos.com.br\/blog\/","name":"Estrat\u00e9gia Concursos","description":"O blog da Estrat\u00e9gia Concursos traz not\u00edcias sobre concursos e artigos de professores oferecendo cursos para concursos (pdf + videaulas) no site.","publisher":{"@id":"https:\/\/www.estrategiaconcursos.com.br\/blog\/#organization"},"potentialAction":[{"@type":"SearchAction","target":{"@type":"EntryPoint","urlTemplate":"https:\/\/www.estrategiaconcursos.com.br\/blog\/?s={search_term_string}"},"query-input":{"@type":"PropertyValueSpecification","valueRequired":true,"valueName":"search_term_string"}}],"inLanguage":"pt-BR"},{"@type":"Organization","@id":"https:\/\/www.estrategiaconcursos.com.br\/blog\/#organization","name":"Estrat\u00e9gia Concursos","url":"https:\/\/www.estrategiaconcursos.com.br\/blog\/","logo":{"@type":"ImageObject","inLanguage":"pt-BR","@id":"https:\/\/www.estrategiaconcursos.com.br\/blog\/#\/schema\/logo\/image\/","url":"https:\/\/dhg1h5j42swfq.cloudfront.net\/2025\/06\/03203428\/logo_concursos-1.jpg","contentUrl":"https:\/\/dhg1h5j42swfq.cloudfront.net\/2025\/06\/03203428\/logo_concursos-1.jpg","width":230,"height":60,"caption":"Estrat\u00e9gia Concursos"},"image":{"@id":"https:\/\/www.estrategiaconcursos.com.br\/blog\/#\/schema\/logo\/image\/"},"sameAs":["https:\/\/x.com\/EstratConcursos"]},{"@type":"Person","@id":"https:\/\/www.estrategiaconcursos.com.br\/blog\/#\/schema\/person\/b4a388c97673c5f483d72185668afa1f","name":"Coordena\u00e7\u00e3o","image":{"@type":"ImageObject","inLanguage":"pt-BR","@id":"https:\/\/secure.gravatar.com\/avatar\/b720319e4c9a967eb58678d110f4fe35452fc5d5f97b202bac7b8acceb18c6ad?s=96&d=mm&r=g","url":"https:\/\/secure.gravatar.com\/avatar\/b720319e4c9a967eb58678d110f4fe35452fc5d5f97b202bac7b8acceb18c6ad?s=96&d=mm&r=g","contentUrl":"https:\/\/secure.gravatar.com\/avatar\/b720319e4c9a967eb58678d110f4fe35452fc5d5f97b202bac7b8acceb18c6ad?s=96&d=mm&r=g","caption":"Coordena\u00e7\u00e3o"},"sameAs":["https:\/\/www.facebook.com\/EstrategiaConcursos","https:\/\/x.com\/EstratConcursos"],"url":"https:\/\/www.estrategiaconcursos.com.br\/blog\/author\/estrategia2013\/"}]}},"_links":{"self":[{"href":"https:\/\/www.estrategiaconcursos.com.br\/blog\/wp-json\/wp\/v2\/posts\/25012","targetHints":{"allow":["GET"]}}],"collection":[{"href":"https:\/\/www.estrategiaconcursos.com.br\/blog\/wp-json\/wp\/v2\/posts"}],"about":[{"href":"https:\/\/www.estrategiaconcursos.com.br\/blog\/wp-json\/wp\/v2\/types\/post"}],"author":[{"embeddable":true,"href":"https:\/\/www.estrategiaconcursos.com.br\/blog\/wp-json\/wp\/v2\/users\/1"}],"replies":[{"embeddable":true,"href":"https:\/\/www.estrategiaconcursos.com.br\/blog\/wp-json\/wp\/v2\/comments?post=25012"}],"version-history":[{"count":3,"href":"https:\/\/www.estrategiaconcursos.com.br\/blog\/wp-json\/wp\/v2\/posts\/25012\/revisions"}],"predecessor-version":[{"id":25028,"href":"https:\/\/www.estrategiaconcursos.com.br\/blog\/wp-json\/wp\/v2\/posts\/25012\/revisions\/25028"}],"wp:attachment":[{"href":"https:\/\/www.estrategiaconcursos.com.br\/blog\/wp-json\/wp\/v2\/media?parent=25012"}],"wp:term":[{"taxonomy":"category","embeddable":true,"href":"https:\/\/www.estrategiaconcursos.com.br\/blog\/wp-json\/wp\/v2\/categories?post=25012"},{"taxonomy":"post_tag","embeddable":true,"href":"https:\/\/www.estrategiaconcursos.com.br\/blog\/wp-json\/wp\/v2\/tags?post=25012"},{"taxonomy":"tax_estado","embeddable":true,"href":"https:\/\/www.estrategiaconcursos.com.br\/blog\/wp-json\/wp\/v2\/tax_estado?post=25012"}],"curies":[{"name":"wp","href":"https:\/\/api.w.org\/{rel}","templated":true}]}}