{"id":24998,"date":"2015-07-27T10:14:12","date_gmt":"2015-07-27T13:14:12","guid":{"rendered":"http:\/\/www.estrategiaconcursos.com.br\/blog\/?p=24998"},"modified":"2015-07-27T10:15:16","modified_gmt":"2015-07-27T13:15:16","slug":"atencao-ao-prazo-termina-nesta-segunda-feira-o-prazo-para-inscricoes-no-concurso-apo-saiba-mais","status":"publish","type":"post","link":"https:\/\/www.estrategiaconcursos.com.br\/blog\/atencao-ao-prazo-termina-nesta-segunda-feira-o-prazo-para-inscricoes-no-concurso-apo-saiba-mais\/","title":{"rendered":"ATEN\u00c7\u00c3O AO PRAZO: Termina nesta segunda-feira o prazo para inscri\u00e7\u00f5es no concurso APO. Saiba mais!"},"content":{"rendered":"<p style=\"text-align: justify;\"><span style=\"color: #000000;\"><a href=\"https:\/\/dhg1h5j42swfq.cloudfront.net\/2015\/01\/concurso-mpog.jpg\"><img loading=\"lazy\" decoding=\"async\" class=\"alignleft wp-image-20230 size-full\" src=\"https:\/\/dhg1h5j42swfq.cloudfront.net\/2015\/01\/concurso-mpog.jpg\" alt=\"concurso APO\" width=\"320\" height=\"184\" srcset=\"https:\/\/dhg1h5j42swfq.cloudfront.net\/2015\/01\/concurso-mpog.jpg 320w, https:\/\/dhg1h5j42swfq.cloudfront.net\/2015\/01\/concurso-mpog.jpg 300w\" sizes=\"auto, (max-width: 320px) 100vw, 320px\" \/><\/a>Termina nesta segunda-feira, 27, o per\u00edodo de\u00a0inscri\u00e7\u00f5es do concurso com 80 vagas para o cargo de Analista de Planejamento e Or\u00e7amento \u2013 APO, do Minist\u00e9rio do Planejamento, Or\u00e7amento e Gest\u00e3o. Os interessados devem acessar o site da organizadora, a <span style=\"color: #0000ff;\"><a style=\"color: #0000ff;\" href=\"http:\/\/www.esaf.fazenda.gov.br\/concursos_publicos\/novos-e-inscricoes-abertas\/analista-de-planejamento-e-orcamento-apo\">Esaf<\/a><\/span>, at\u00e9 as 23h59 (hor\u00e1rio de Bras\u00edlia).\u00a0A taxa\u00a0\u00e9 de R$ 165,00.<\/span><\/p>\n<p style=\"text-align: justify;\"><span style=\"color: #000000;\">O concurso APO prev\u00ea o preenchimento de vagas nas \u00e1reas de\u00a0Planejamento e Or\u00e7amento (62 vagas); Tecnologia da Informa\u00e7\u00e3o: TI\/Gest\u00e3o e Desenvolvimento de Sistemas (10 vagas); TI\/Gest\u00e3o de Infraestrutura de TI (4 vagas); e Ger\u00eancia de Projetos e Governan\u00e7a de TI (4 vagas). Para concorrer a uma vaga \u00e9 necess\u00e1rio possuir n\u00edvel superior em qualquer \u00e1rea de forma\u00e7\u00e3o.\u00a0A remunera\u00e7\u00e3o \u00e9 de R$ 15.003,70 e os profissionais ser\u00e3o lotados\u00a0em Bras\u00edlia \u2013 DF.<\/span><\/p>\n<p><a href=\"https:\/\/dhg1h5j42swfq.cloudfront.net\/2015\/06\/concurso-APO.jpg\"><img loading=\"lazy\" decoding=\"async\" class=\"aligncenter wp-image-24218 size-large\" src=\"https:\/\/dhg1h5j42swfq.cloudfront.net\/2015\/06\/concurso-APO-1024x244.jpg\" alt=\"concurso APO\" width=\"584\" height=\"139\" srcset=\"https:\/\/dhg1h5j42swfq.cloudfront.net\/2015\/06\/concurso-APO.jpg 1024w, https:\/\/dhg1h5j42swfq.cloudfront.net\/2015\/06\/concurso-APO.jpg 300w, https:\/\/dhg1h5j42swfq.cloudfront.net\/2015\/06\/concurso-APO.jpg 500w\" sizes=\"auto, (max-width: 584px) 100vw, 584px\" \/><\/a><\/p>\n<p style=\"text-align: justify;\"><span style=\"color: #000000;\">As provas objetivas de conhecimentos gerais e as prova discursiva do concurso APO ser\u00e3o aplicadas na data prov\u00e1vel de\u00a004 de outubro nas cidades de Bel\u00e9m \u2013 PA, Belo Horizonte \u2013 MG; Bras\u00edlia \u2013 DF; Curitiba \u2013 PR; Fortaleza \u2013 CE; Porto Alegre \u2013 RS; Recife \u2013 PE; Rio de Janeiro \u2013 RJ; Salvador \u2013 BA; e S\u00e3o Paulo \u2013 SP. Ainda haver\u00e1\u00a0Prova de T\u00edtulo, al\u00e9m do Curso de Forma\u00e7\u00e3o ao qual ser\u00e3o submetidos somente os candidatos habilitados e classificados nas avalia\u00e7\u00f5es.<\/span><\/p>\n<p style=\"text-align: justify;\"><span style=\"color: #000000;\">O prazo de validade do concurso APO\u00a0ser\u00e1 de um ano, prorrog\u00e1vel por igual per\u00edodo, contado a partir da data de publica\u00e7\u00e3o do edital de homologa\u00e7\u00e3o do resultado da Segunda Etapa do concurso.<\/span><\/p>\n<p style=\"text-align: justify;\"><span style=\"color: #000000;\">Confira\u00a0todas as informa\u00e7\u00f5es do concurso APO em:<\/span><\/p>\n<p><span style=\"color: #0000ff;\"><a style=\"color: #0000ff;\" href=\"http:\/\/www.esaf.fazenda.gov.br\/concursos_publicos\/novos-e-inscricoes-abertas\/analista-de-planejamento-e-orcamento-apo\">http:\/\/www.esaf.fazenda.gov.br\/concursos_publicos\/novos-e-inscricoes-abertas\/analista-de-planejamento-e-orcamento-apo<\/a><\/span><\/p>\n<p><span style=\"color: #000000;\"><strong>O Estrat\u00e9gia Concurso j\u00e1 lan\u00e7ou cursos para este concurso. Confira em:<\/strong><\/span><\/p>\n<p><span style=\"color: #0000ff;\"><a style=\"color: #0000ff;\" href=\"https:\/\/www.estrategiaconcursos.com.br\/cursosPorConcurso\/apo-area-planejamento-e-orcamento-356\/\">https:\/\/www.estrategiaconcursos.com.br\/cursosPorConcurso\/apo-area-planejamento-e-orcamento-356\/<\/a><\/span><\/p>\n<p><span style=\"color: #0000ff;\"><a style=\"color: #0000ff;\" href=\"https:\/\/www.estrategiaconcursos.com.br\/cursosPorConcurso\/apo-area-tecnologia-da-informacao-358\/\">https:\/\/www.estrategiaconcursos.com.br\/cursosPorConcurso\/apo-area-tecnologia-da-informacao-358\/<\/a><\/span><\/p>\n<p><span style=\"color: #000000;\">Assessoria de Comunica\u00e7\u00e3o<\/span><\/p>\n<p><span style=\"color: #000000;\">comunicacao@estrategiaconcursos.com.br<\/span><\/p>\n","protected":false},"excerpt":{"rendered":"<p>Termina nesta segunda-feira, 27, o per\u00edodo de\u00a0inscri\u00e7\u00f5es do concurso com 80 vagas para o cargo de Analista de Planejamento e Or\u00e7amento \u2013 APO, do Minist\u00e9rio do Planejamento, Or\u00e7amento e Gest\u00e3o. Os interessados devem acessar o site da organizadora, a Esaf, at\u00e9 as 23h59 (hor\u00e1rio de Bras\u00edlia).\u00a0A taxa\u00a0\u00e9 de R$ 165,00. O concurso APO prev\u00ea o [&hellip;]<\/p>\n","protected":false},"author":1,"featured_media":0,"comment_status":"open","ping_status":"open","sticky":false,"template":"","format":"standard","meta":{"post_tipo":"news","footnotes":""},"categories":[1],"tags":[704,674],"tax_estado":[],"class_list":["post-24998","post","type-post","status-publish","format-standard","hentry","category-cursos-e-concursos","tag-apo","tag-inscricoes"],"acf":[],"yoast_head":"<!-- This site is optimized with the Yoast SEO Premium plugin v27.2 (Yoast SEO v27.2) - https:\/\/yoast.com\/product\/yoast-seo-premium-wordpress\/ -->\n<title>ATEN\u00c7\u00c3O AO PRAZO: Termina nesta segunda-feira o prazo para inscri\u00e7\u00f5es no concurso APO. Saiba mais!<\/title>\n<meta name=\"description\" content=\"Termina nesta segunda-feira, 27, o per\u00edodo para inscri\u00e7\u00f5es no concurso. Saiba mais!\" \/>\n<meta name=\"robots\" content=\"index, follow, max-snippet:-1, max-image-preview:large, max-video-preview:-1\" \/>\n<link rel=\"canonical\" href=\"https:\/\/www.estrategiaconcursos.com.br\/blog\/atencao-ao-prazo-termina-nesta-segunda-feira-o-prazo-para-inscricoes-no-concurso-apo-saiba-mais\/\" \/>\n<meta property=\"og:locale\" content=\"pt_BR\" \/>\n<meta property=\"og:type\" content=\"article\" \/>\n<meta property=\"og:title\" content=\"ATEN\u00c7\u00c3O AO PRAZO: Termina nesta segunda-feira o prazo para inscri\u00e7\u00f5es no concurso APO. Saiba mais!\" \/>\n<meta property=\"og:description\" content=\"Termina nesta segunda-feira, 27, o per\u00edodo para inscri\u00e7\u00f5es no concurso. Saiba mais!\" \/>\n<meta property=\"og:url\" content=\"https:\/\/www.estrategiaconcursos.com.br\/blog\/atencao-ao-prazo-termina-nesta-segunda-feira-o-prazo-para-inscricoes-no-concurso-apo-saiba-mais\/\" \/>\n<meta property=\"og:site_name\" content=\"Estrat\u00e9gia Concursos\" \/>\n<meta property=\"article:author\" content=\"https:\/\/www.facebook.com\/EstrategiaConcursos\" \/>\n<meta property=\"article:published_time\" content=\"2015-07-27T13:14:12+00:00\" \/>\n<meta property=\"article:modified_time\" content=\"2015-07-27T13:15:16+00:00\" \/>\n<meta property=\"og:image\" content=\"https:\/\/dhg1h5j42swfq.cloudfront.net\/2015\/01\/concurso-mpog.jpg\" \/>\n<meta name=\"author\" content=\"Coordena\u00e7\u00e3o\" \/>\n<meta name=\"twitter:card\" content=\"summary_large_image\" \/>\n<meta name=\"twitter:creator\" content=\"@EstratConcursos\" \/>\n<meta name=\"twitter:site\" content=\"@EstratConcursos\" \/>\n<meta name=\"twitter:label1\" content=\"Escrito por\" \/>\n\t<meta name=\"twitter:data1\" content=\"Coordena\u00e7\u00e3o\" \/>\n\t<meta name=\"twitter:label2\" content=\"Est. tempo de leitura\" \/>\n\t<meta name=\"twitter:data2\" content=\"2 minutos\" \/>\n<script type=\"application\/ld+json\" class=\"yoast-schema-graph\">{\"@context\":\"https:\/\/schema.org\",\"@graph\":[{\"@type\":\"NewsArticle\",\"@id\":\"https:\/\/www.estrategiaconcursos.com.br\/blog\/atencao-ao-prazo-termina-nesta-segunda-feira-o-prazo-para-inscricoes-no-concurso-apo-saiba-mais\/#article\",\"isPartOf\":{\"@id\":\"https:\/\/www.estrategiaconcursos.com.br\/blog\/atencao-ao-prazo-termina-nesta-segunda-feira-o-prazo-para-inscricoes-no-concurso-apo-saiba-mais\/\"},\"author\":{\"name\":\"Coordena\u00e7\u00e3o\",\"@id\":\"https:\/\/www.estrategiaconcursos.com.br\/blog\/#\/schema\/person\/b4a388c97673c5f483d72185668afa1f\"},\"headline\":\"ATEN\u00c7\u00c3O AO PRAZO: Termina nesta segunda-feira o prazo para inscri\u00e7\u00f5es no concurso APO. Saiba mais!\",\"datePublished\":\"2015-07-27T13:14:12+00:00\",\"dateModified\":\"2015-07-27T13:15:16+00:00\",\"mainEntityOfPage\":{\"@id\":\"https:\/\/www.estrategiaconcursos.com.br\/blog\/atencao-ao-prazo-termina-nesta-segunda-feira-o-prazo-para-inscricoes-no-concurso-apo-saiba-mais\/\"},\"wordCount\":325,\"commentCount\":0,\"publisher\":{\"@id\":\"https:\/\/www.estrategiaconcursos.com.br\/blog\/#organization\"},\"image\":{\"@id\":\"https:\/\/www.estrategiaconcursos.com.br\/blog\/atencao-ao-prazo-termina-nesta-segunda-feira-o-prazo-para-inscricoes-no-concurso-apo-saiba-mais\/#primaryimage\"},\"thumbnailUrl\":\"https:\/\/dhg1h5j42swfq.cloudfront.net\/2015\/01\/concurso-mpog.jpg\",\"keywords\":[\"APO\",\"inscri\u00e7\u00f5es\"],\"articleSection\":[\"Concursos P\u00fablicos\"],\"inLanguage\":\"pt-BR\",\"potentialAction\":[{\"@type\":\"CommentAction\",\"name\":\"Comment\",\"target\":[\"https:\/\/www.estrategiaconcursos.com.br\/blog\/atencao-ao-prazo-termina-nesta-segunda-feira-o-prazo-para-inscricoes-no-concurso-apo-saiba-mais\/#respond\"]}],\"copyrightYear\":\"2015\",\"copyrightHolder\":{\"@id\":\"https:\/\/www.estrategiaconcursos.com.br\/blog\/#organization\"}},{\"@type\":\"WebPage\",\"@id\":\"https:\/\/www.estrategiaconcursos.com.br\/blog\/atencao-ao-prazo-termina-nesta-segunda-feira-o-prazo-para-inscricoes-no-concurso-apo-saiba-mais\/\",\"url\":\"https:\/\/www.estrategiaconcursos.com.br\/blog\/atencao-ao-prazo-termina-nesta-segunda-feira-o-prazo-para-inscricoes-no-concurso-apo-saiba-mais\/\",\"name\":\"ATEN\u00c7\u00c3O AO PRAZO: Termina nesta segunda-feira o prazo para inscri\u00e7\u00f5es no concurso APO. Saiba mais!\",\"isPartOf\":{\"@id\":\"https:\/\/www.estrategiaconcursos.com.br\/blog\/#website\"},\"primaryImageOfPage\":{\"@id\":\"https:\/\/www.estrategiaconcursos.com.br\/blog\/atencao-ao-prazo-termina-nesta-segunda-feira-o-prazo-para-inscricoes-no-concurso-apo-saiba-mais\/#primaryimage\"},\"image\":{\"@id\":\"https:\/\/www.estrategiaconcursos.com.br\/blog\/atencao-ao-prazo-termina-nesta-segunda-feira-o-prazo-para-inscricoes-no-concurso-apo-saiba-mais\/#primaryimage\"},\"thumbnailUrl\":\"https:\/\/dhg1h5j42swfq.cloudfront.net\/2015\/01\/concurso-mpog.jpg\",\"datePublished\":\"2015-07-27T13:14:12+00:00\",\"dateModified\":\"2015-07-27T13:15:16+00:00\",\"description\":\"Termina nesta segunda-feira, 27, o per\u00edodo para inscri\u00e7\u00f5es no concurso. Saiba mais!\",\"breadcrumb\":{\"@id\":\"https:\/\/www.estrategiaconcursos.com.br\/blog\/atencao-ao-prazo-termina-nesta-segunda-feira-o-prazo-para-inscricoes-no-concurso-apo-saiba-mais\/#breadcrumb\"},\"inLanguage\":\"pt-BR\",\"potentialAction\":[{\"@type\":\"ReadAction\",\"target\":[\"https:\/\/www.estrategiaconcursos.com.br\/blog\/atencao-ao-prazo-termina-nesta-segunda-feira-o-prazo-para-inscricoes-no-concurso-apo-saiba-mais\/\"]}]},{\"@type\":\"ImageObject\",\"inLanguage\":\"pt-BR\",\"@id\":\"https:\/\/www.estrategiaconcursos.com.br\/blog\/atencao-ao-prazo-termina-nesta-segunda-feira-o-prazo-para-inscricoes-no-concurso-apo-saiba-mais\/#primaryimage\",\"url\":\"https:\/\/dhg1h5j42swfq.cloudfront.net\/2015\/01\/concurso-mpog.jpg\",\"contentUrl\":\"https:\/\/dhg1h5j42swfq.cloudfront.net\/2015\/01\/concurso-mpog.jpg\"},{\"@type\":\"BreadcrumbList\",\"@id\":\"https:\/\/www.estrategiaconcursos.com.br\/blog\/atencao-ao-prazo-termina-nesta-segunda-feira-o-prazo-para-inscricoes-no-concurso-apo-saiba-mais\/#breadcrumb\",\"itemListElement\":[{\"@type\":\"ListItem\",\"position\":1,\"name\":\"In\u00edcio\",\"item\":\"https:\/\/www.estrategiaconcursos.com.br\/blog\/\"},{\"@type\":\"ListItem\",\"position\":2,\"name\":\"ATEN\u00c7\u00c3O AO PRAZO: Termina nesta segunda-feira o prazo para inscri\u00e7\u00f5es no concurso APO. Saiba mais!\"}]},{\"@type\":\"WebSite\",\"@id\":\"https:\/\/www.estrategiaconcursos.com.br\/blog\/#website\",\"url\":\"https:\/\/www.estrategiaconcursos.com.br\/blog\/\",\"name\":\"Estrat\u00e9gia Concursos\",\"description\":\"O blog da Estrat\u00e9gia Concursos traz not\u00edcias sobre concursos e artigos de professores oferecendo cursos para concursos (pdf + videaulas) no site.\",\"publisher\":{\"@id\":\"https:\/\/www.estrategiaconcursos.com.br\/blog\/#organization\"},\"potentialAction\":[{\"@type\":\"SearchAction\",\"target\":{\"@type\":\"EntryPoint\",\"urlTemplate\":\"https:\/\/www.estrategiaconcursos.com.br\/blog\/?s={search_term_string}\"},\"query-input\":{\"@type\":\"PropertyValueSpecification\",\"valueRequired\":true,\"valueName\":\"search_term_string\"}}],\"inLanguage\":\"pt-BR\"},{\"@type\":\"Organization\",\"@id\":\"https:\/\/www.estrategiaconcursos.com.br\/blog\/#organization\",\"name\":\"Estrat\u00e9gia Concursos\",\"url\":\"https:\/\/www.estrategiaconcursos.com.br\/blog\/\",\"logo\":{\"@type\":\"ImageObject\",\"inLanguage\":\"pt-BR\",\"@id\":\"https:\/\/www.estrategiaconcursos.com.br\/blog\/#\/schema\/logo\/image\/\",\"url\":\"https:\/\/dhg1h5j42swfq.cloudfront.net\/2025\/06\/03203428\/logo_concursos-1.jpg\",\"contentUrl\":\"https:\/\/dhg1h5j42swfq.cloudfront.net\/2025\/06\/03203428\/logo_concursos-1.jpg\",\"width\":230,\"height\":60,\"caption\":\"Estrat\u00e9gia Concursos\"},\"image\":{\"@id\":\"https:\/\/www.estrategiaconcursos.com.br\/blog\/#\/schema\/logo\/image\/\"},\"sameAs\":[\"https:\/\/x.com\/EstratConcursos\"]},{\"@type\":\"Person\",\"@id\":\"https:\/\/www.estrategiaconcursos.com.br\/blog\/#\/schema\/person\/b4a388c97673c5f483d72185668afa1f\",\"name\":\"Coordena\u00e7\u00e3o\",\"image\":{\"@type\":\"ImageObject\",\"inLanguage\":\"pt-BR\",\"@id\":\"https:\/\/secure.gravatar.com\/avatar\/b720319e4c9a967eb58678d110f4fe35452fc5d5f97b202bac7b8acceb18c6ad?s=96&d=mm&r=g\",\"url\":\"https:\/\/secure.gravatar.com\/avatar\/b720319e4c9a967eb58678d110f4fe35452fc5d5f97b202bac7b8acceb18c6ad?s=96&d=mm&r=g\",\"contentUrl\":\"https:\/\/secure.gravatar.com\/avatar\/b720319e4c9a967eb58678d110f4fe35452fc5d5f97b202bac7b8acceb18c6ad?s=96&d=mm&r=g\",\"caption\":\"Coordena\u00e7\u00e3o\"},\"sameAs\":[\"https:\/\/www.facebook.com\/EstrategiaConcursos\",\"https:\/\/x.com\/EstratConcursos\"],\"url\":\"https:\/\/www.estrategiaconcursos.com.br\/blog\/author\/estrategia2013\/\"}]}<\/script>\n<!-- \/ Yoast SEO Premium plugin. -->","yoast_head_json":{"title":"ATEN\u00c7\u00c3O AO PRAZO: Termina nesta segunda-feira o prazo para inscri\u00e7\u00f5es no concurso APO. Saiba mais!","description":"Termina nesta segunda-feira, 27, o per\u00edodo para inscri\u00e7\u00f5es no concurso. Saiba mais!","robots":{"index":"index","follow":"follow","max-snippet":"max-snippet:-1","max-image-preview":"max-image-preview:large","max-video-preview":"max-video-preview:-1"},"canonical":"https:\/\/www.estrategiaconcursos.com.br\/blog\/atencao-ao-prazo-termina-nesta-segunda-feira-o-prazo-para-inscricoes-no-concurso-apo-saiba-mais\/","og_locale":"pt_BR","og_type":"article","og_title":"ATEN\u00c7\u00c3O AO PRAZO: Termina nesta segunda-feira o prazo para inscri\u00e7\u00f5es no concurso APO. Saiba mais!","og_description":"Termina nesta segunda-feira, 27, o per\u00edodo para inscri\u00e7\u00f5es no concurso. Saiba mais!","og_url":"https:\/\/www.estrategiaconcursos.com.br\/blog\/atencao-ao-prazo-termina-nesta-segunda-feira-o-prazo-para-inscricoes-no-concurso-apo-saiba-mais\/","og_site_name":"Estrat\u00e9gia Concursos","article_author":"https:\/\/www.facebook.com\/EstrategiaConcursos","article_published_time":"2015-07-27T13:14:12+00:00","article_modified_time":"2015-07-27T13:15:16+00:00","og_image":[{"url":"https:\/\/dhg1h5j42swfq.cloudfront.net\/2015\/01\/concurso-mpog.jpg","type":"","width":"","height":""}],"author":"Coordena\u00e7\u00e3o","twitter_card":"summary_large_image","twitter_creator":"@EstratConcursos","twitter_site":"@EstratConcursos","twitter_misc":{"Escrito por":"Coordena\u00e7\u00e3o","Est. tempo de leitura":"2 minutos"},"schema":{"@context":"https:\/\/schema.org","@graph":[{"@type":"NewsArticle","@id":"https:\/\/www.estrategiaconcursos.com.br\/blog\/atencao-ao-prazo-termina-nesta-segunda-feira-o-prazo-para-inscricoes-no-concurso-apo-saiba-mais\/#article","isPartOf":{"@id":"https:\/\/www.estrategiaconcursos.com.br\/blog\/atencao-ao-prazo-termina-nesta-segunda-feira-o-prazo-para-inscricoes-no-concurso-apo-saiba-mais\/"},"author":{"name":"Coordena\u00e7\u00e3o","@id":"https:\/\/www.estrategiaconcursos.com.br\/blog\/#\/schema\/person\/b4a388c97673c5f483d72185668afa1f"},"headline":"ATEN\u00c7\u00c3O AO PRAZO: Termina nesta segunda-feira o prazo para inscri\u00e7\u00f5es no concurso APO. Saiba mais!","datePublished":"2015-07-27T13:14:12+00:00","dateModified":"2015-07-27T13:15:16+00:00","mainEntityOfPage":{"@id":"https:\/\/www.estrategiaconcursos.com.br\/blog\/atencao-ao-prazo-termina-nesta-segunda-feira-o-prazo-para-inscricoes-no-concurso-apo-saiba-mais\/"},"wordCount":325,"commentCount":0,"publisher":{"@id":"https:\/\/www.estrategiaconcursos.com.br\/blog\/#organization"},"image":{"@id":"https:\/\/www.estrategiaconcursos.com.br\/blog\/atencao-ao-prazo-termina-nesta-segunda-feira-o-prazo-para-inscricoes-no-concurso-apo-saiba-mais\/#primaryimage"},"thumbnailUrl":"https:\/\/dhg1h5j42swfq.cloudfront.net\/2015\/01\/concurso-mpog.jpg","keywords":["APO","inscri\u00e7\u00f5es"],"articleSection":["Concursos P\u00fablicos"],"inLanguage":"pt-BR","potentialAction":[{"@type":"CommentAction","name":"Comment","target":["https:\/\/www.estrategiaconcursos.com.br\/blog\/atencao-ao-prazo-termina-nesta-segunda-feira-o-prazo-para-inscricoes-no-concurso-apo-saiba-mais\/#respond"]}],"copyrightYear":"2015","copyrightHolder":{"@id":"https:\/\/www.estrategiaconcursos.com.br\/blog\/#organization"}},{"@type":"WebPage","@id":"https:\/\/www.estrategiaconcursos.com.br\/blog\/atencao-ao-prazo-termina-nesta-segunda-feira-o-prazo-para-inscricoes-no-concurso-apo-saiba-mais\/","url":"https:\/\/www.estrategiaconcursos.com.br\/blog\/atencao-ao-prazo-termina-nesta-segunda-feira-o-prazo-para-inscricoes-no-concurso-apo-saiba-mais\/","name":"ATEN\u00c7\u00c3O AO PRAZO: Termina nesta segunda-feira o prazo para inscri\u00e7\u00f5es no concurso APO. Saiba mais!","isPartOf":{"@id":"https:\/\/www.estrategiaconcursos.com.br\/blog\/#website"},"primaryImageOfPage":{"@id":"https:\/\/www.estrategiaconcursos.com.br\/blog\/atencao-ao-prazo-termina-nesta-segunda-feira-o-prazo-para-inscricoes-no-concurso-apo-saiba-mais\/#primaryimage"},"image":{"@id":"https:\/\/www.estrategiaconcursos.com.br\/blog\/atencao-ao-prazo-termina-nesta-segunda-feira-o-prazo-para-inscricoes-no-concurso-apo-saiba-mais\/#primaryimage"},"thumbnailUrl":"https:\/\/dhg1h5j42swfq.cloudfront.net\/2015\/01\/concurso-mpog.jpg","datePublished":"2015-07-27T13:14:12+00:00","dateModified":"2015-07-27T13:15:16+00:00","description":"Termina nesta segunda-feira, 27, o per\u00edodo para inscri\u00e7\u00f5es no concurso. Saiba mais!","breadcrumb":{"@id":"https:\/\/www.estrategiaconcursos.com.br\/blog\/atencao-ao-prazo-termina-nesta-segunda-feira-o-prazo-para-inscricoes-no-concurso-apo-saiba-mais\/#breadcrumb"},"inLanguage":"pt-BR","potentialAction":[{"@type":"ReadAction","target":["https:\/\/www.estrategiaconcursos.com.br\/blog\/atencao-ao-prazo-termina-nesta-segunda-feira-o-prazo-para-inscricoes-no-concurso-apo-saiba-mais\/"]}]},{"@type":"ImageObject","inLanguage":"pt-BR","@id":"https:\/\/www.estrategiaconcursos.com.br\/blog\/atencao-ao-prazo-termina-nesta-segunda-feira-o-prazo-para-inscricoes-no-concurso-apo-saiba-mais\/#primaryimage","url":"https:\/\/dhg1h5j42swfq.cloudfront.net\/2015\/01\/concurso-mpog.jpg","contentUrl":"https:\/\/dhg1h5j42swfq.cloudfront.net\/2015\/01\/concurso-mpog.jpg"},{"@type":"BreadcrumbList","@id":"https:\/\/www.estrategiaconcursos.com.br\/blog\/atencao-ao-prazo-termina-nesta-segunda-feira-o-prazo-para-inscricoes-no-concurso-apo-saiba-mais\/#breadcrumb","itemListElement":[{"@type":"ListItem","position":1,"name":"In\u00edcio","item":"https:\/\/www.estrategiaconcursos.com.br\/blog\/"},{"@type":"ListItem","position":2,"name":"ATEN\u00c7\u00c3O AO PRAZO: Termina nesta segunda-feira o prazo para inscri\u00e7\u00f5es no concurso APO. Saiba mais!"}]},{"@type":"WebSite","@id":"https:\/\/www.estrategiaconcursos.com.br\/blog\/#website","url":"https:\/\/www.estrategiaconcursos.com.br\/blog\/","name":"Estrat\u00e9gia Concursos","description":"O blog da Estrat\u00e9gia Concursos traz not\u00edcias sobre concursos e artigos de professores oferecendo cursos para concursos (pdf + videaulas) no site.","publisher":{"@id":"https:\/\/www.estrategiaconcursos.com.br\/blog\/#organization"},"potentialAction":[{"@type":"SearchAction","target":{"@type":"EntryPoint","urlTemplate":"https:\/\/www.estrategiaconcursos.com.br\/blog\/?s={search_term_string}"},"query-input":{"@type":"PropertyValueSpecification","valueRequired":true,"valueName":"search_term_string"}}],"inLanguage":"pt-BR"},{"@type":"Organization","@id":"https:\/\/www.estrategiaconcursos.com.br\/blog\/#organization","name":"Estrat\u00e9gia Concursos","url":"https:\/\/www.estrategiaconcursos.com.br\/blog\/","logo":{"@type":"ImageObject","inLanguage":"pt-BR","@id":"https:\/\/www.estrategiaconcursos.com.br\/blog\/#\/schema\/logo\/image\/","url":"https:\/\/dhg1h5j42swfq.cloudfront.net\/2025\/06\/03203428\/logo_concursos-1.jpg","contentUrl":"https:\/\/dhg1h5j42swfq.cloudfront.net\/2025\/06\/03203428\/logo_concursos-1.jpg","width":230,"height":60,"caption":"Estrat\u00e9gia Concursos"},"image":{"@id":"https:\/\/www.estrategiaconcursos.com.br\/blog\/#\/schema\/logo\/image\/"},"sameAs":["https:\/\/x.com\/EstratConcursos"]},{"@type":"Person","@id":"https:\/\/www.estrategiaconcursos.com.br\/blog\/#\/schema\/person\/b4a388c97673c5f483d72185668afa1f","name":"Coordena\u00e7\u00e3o","image":{"@type":"ImageObject","inLanguage":"pt-BR","@id":"https:\/\/secure.gravatar.com\/avatar\/b720319e4c9a967eb58678d110f4fe35452fc5d5f97b202bac7b8acceb18c6ad?s=96&d=mm&r=g","url":"https:\/\/secure.gravatar.com\/avatar\/b720319e4c9a967eb58678d110f4fe35452fc5d5f97b202bac7b8acceb18c6ad?s=96&d=mm&r=g","contentUrl":"https:\/\/secure.gravatar.com\/avatar\/b720319e4c9a967eb58678d110f4fe35452fc5d5f97b202bac7b8acceb18c6ad?s=96&d=mm&r=g","caption":"Coordena\u00e7\u00e3o"},"sameAs":["https:\/\/www.facebook.com\/EstrategiaConcursos","https:\/\/x.com\/EstratConcursos"],"url":"https:\/\/www.estrategiaconcursos.com.br\/blog\/author\/estrategia2013\/"}]}},"_links":{"self":[{"href":"https:\/\/www.estrategiaconcursos.com.br\/blog\/wp-json\/wp\/v2\/posts\/24998","targetHints":{"allow":["GET"]}}],"collection":[{"href":"https:\/\/www.estrategiaconcursos.com.br\/blog\/wp-json\/wp\/v2\/posts"}],"about":[{"href":"https:\/\/www.estrategiaconcursos.com.br\/blog\/wp-json\/wp\/v2\/types\/post"}],"author":[{"embeddable":true,"href":"https:\/\/www.estrategiaconcursos.com.br\/blog\/wp-json\/wp\/v2\/users\/1"}],"replies":[{"embeddable":true,"href":"https:\/\/www.estrategiaconcursos.com.br\/blog\/wp-json\/wp\/v2\/comments?post=24998"}],"version-history":[{"count":4,"href":"https:\/\/www.estrategiaconcursos.com.br\/blog\/wp-json\/wp\/v2\/posts\/24998\/revisions"}],"predecessor-version":[{"id":25002,"href":"https:\/\/www.estrategiaconcursos.com.br\/blog\/wp-json\/wp\/v2\/posts\/24998\/revisions\/25002"}],"wp:attachment":[{"href":"https:\/\/www.estrategiaconcursos.com.br\/blog\/wp-json\/wp\/v2\/media?parent=24998"}],"wp:term":[{"taxonomy":"category","embeddable":true,"href":"https:\/\/www.estrategiaconcursos.com.br\/blog\/wp-json\/wp\/v2\/categories?post=24998"},{"taxonomy":"post_tag","embeddable":true,"href":"https:\/\/www.estrategiaconcursos.com.br\/blog\/wp-json\/wp\/v2\/tags?post=24998"},{"taxonomy":"tax_estado","embeddable":true,"href":"https:\/\/www.estrategiaconcursos.com.br\/blog\/wp-json\/wp\/v2\/tax_estado?post=24998"}],"curies":[{"name":"wp","href":"https:\/\/api.w.org\/{rel}","templated":true}]}}