{"id":24984,"date":"2015-07-24T11:10:07","date_gmt":"2015-07-24T14:10:07","guid":{"rendered":"http:\/\/www.estrategiaconcursos.com.br\/blog\/?p=24984"},"modified":"2015-08-06T08:51:48","modified_gmt":"2015-08-06T11:51:48","slug":"enem-2015-crise-na-grecia","status":"publish","type":"post","link":"https:\/\/www.estrategiaconcursos.com.br\/blog\/enem-2015-crise-na-grecia\/","title":{"rendered":"ENEM 2015 &#8211; Crise na Gr\u00e9cia"},"content":{"rendered":"<p>Assiste de novo:<div class=\"lyte-wrapper\" style=\"width:853px;max-width:100%;margin:5px;\"><div class=\"lyMe\" id=\"WYL_6lR2OpcR3BU\"><div id=\"lyte_6lR2OpcR3BU\" data-src=\"\/\/i.ytimg.com\/vi\/6lR2OpcR3BU\/hqdefault.jpg\" class=\"pL\"><div class=\"tC\"><div class=\"tT\"><\/div><\/div><div class=\"play\"><\/div><div class=\"ctrl\"><div class=\"Lctrl\"><\/div><div class=\"Rctrl\"><\/div><\/div><\/div><noscript><a href=\"https:\/\/youtu.be\/6lR2OpcR3BU\" rel=\"nofollow\"><img loading=\"lazy\" decoding=\"async\" src=\"https:\/\/i.ytimg.com\/vi\/6lR2OpcR3BU\/0.jpg\" alt=\"YouTube video thumbnail\" width=\"853\" height=\"460\" \/><br \/>Assista a este v\u00eddeo no YouTube<\/a><\/noscript><\/div><\/div><div class=\"lL\" style=\"max-width:100%;width:853px;margin:5px;\"><\/div><\/p>\n<p>&gt; Assiste tamb\u00e9m o <a href=\"http:\/\/www.estrategiaconcursos.com.br\/blog\/nesta-quarta-feira-aulao-online-ao-vivo-e-gratuito-enem-2015-meio-ambiente-em-debate\/\">Aul\u00e3o ENEM &#8216;Meio Ambiente em Debate<\/a>&#8216;<\/p>\n<p>&gt;Assiste tamb\u00e9m &#8216;<a href=\"http:\/\/www.estrategiaconcursos.com.br\/blog\/explicando-o-enem\/\">Esclarecendo o ENEM<\/a>&#8216;<\/p>\n<p class=\"western\"><span style=\"color: #333333;\"><span style=\"font-family: 'Helvetica Neue', Helvetica, Arial, sans-serif;\"><span style=\"font-size: medium;\">Estudante do ENEM<\/span><\/span><\/span>,<\/p>\n<p class=\"western\">Participe do webin\u00e1rio (aula ao vivo) totalmente gratuito do dia 29\/07\/15 \u00e0s 20h (hor\u00e1rio de Bras\u00edlia), tema: ENEM 2015, com os professores J\u00f4natas Gon\u00e7alves, Admilson Costa, Alexson Costa, Ant\u00f4nio Guilherme e Thiago Henrrique.<\/p>\n<p class=\"western\"><b>A aula ser\u00e1 sobre como a Crise na Gr\u00e9cia pode influenciar a prova do ENEM.<\/b><\/p>\n<ul>\n<li>\n<p class=\"western\">A Origem das Ci\u00eancias da Natureza<\/p>\n<\/li>\n<li>\n<p class=\"western\">Ber\u00e7o do Pensamento Filos\u00f3fico<\/p>\n<\/li>\n<li>\n<p class=\"western\">Democracia e Participa\u00e7\u00e3o Popular<\/p>\n<\/li>\n<li>\n<p class=\"western\">Bloco Econ\u00f4mico do Euro<\/p>\n<\/li>\n<\/ul>\n<p>&nbsp;<\/p>\n<p class=\"western\">Fa\u00e7a a sua inscri\u00e7\u00e3o no link abaixo.<\/p>\n<p class=\"western\"><a href=\"http:\/\/app.webinarjam.net\/register\/14759\/0643ed2039\" target=\"_blank\">http:\/\/app.webinarjam.net\/register\/14759\/0643ed2039<\/a><\/p>\n<p>&nbsp;<\/p>\n<p>At\u00e9 breve.<\/p>\n<p>&nbsp;<\/p>\n<p class=\"western\">Um abra\u00e7o,<\/p>\n<p class=\"western\">equipe Estrat\u00e9gia Concursos.<\/p>\n","protected":false},"excerpt":{"rendered":"<p>Assiste de novo: &gt; Assiste tamb\u00e9m o Aul\u00e3o ENEM &#8216;Meio Ambiente em Debate&#8216; &gt;Assiste tamb\u00e9m &#8216;Esclarecendo o ENEM&#8216; Estudante do ENEM, Participe do webin\u00e1rio (aula ao vivo) totalmente gratuito do dia 29\/07\/15 \u00e0s 20h (hor\u00e1rio de Bras\u00edlia), tema: ENEM 2015, com os professores J\u00f4natas Gon\u00e7alves, Admilson Costa, Alexson Costa, Ant\u00f4nio Guilherme e Thiago Henrrique. A [&hellip;]<\/p>\n","protected":false},"author":1,"featured_media":0,"comment_status":"open","ping_status":"open","sticky":false,"template":"","format":"standard","meta":{"post_tipo":"news","footnotes":""},"categories":[],"tags":[829,830,775,826,786,825,827,828,831,765],"tax_estado":[],"class_list":["post-24984","post","type-post","status-publish","format-standard","hentry","tag-admilson-costa","tag-alexson-costa","tag-aulao","tag-crise-na-grecia","tag-enem","tag-enem-2015","tag-grecia","tag-jonatas-goncalves","tag-thiago-henrrique","tag-videoaula"],"acf":[],"yoast_head":"<!-- This site is optimized with the Yoast SEO Premium plugin v27.2 (Yoast SEO v27.2) - https:\/\/yoast.com\/product\/yoast-seo-premium-wordpress\/ -->\n<title>ENEM 2015 Crise na Gr\u00e9cia<\/title>\n<meta name=\"description\" content=\"Temas ENEM: A Origem das Ci\u00eancias da Natureza, Ber\u00e7o do Pensamento Filos\u00f3fico, Democracia e Participa\u00e7\u00e3o Popular, Bloco Econ\u00f4mico do Euro.\" \/>\n<meta name=\"robots\" content=\"index, follow, max-snippet:-1, max-image-preview:large, max-video-preview:-1\" \/>\n<link rel=\"canonical\" href=\"https:\/\/www.estrategiaconcursos.com.br\/blog\/enem-2015-crise-na-grecia\/\" \/>\n<meta property=\"og:locale\" content=\"pt_BR\" \/>\n<meta property=\"og:type\" content=\"article\" \/>\n<meta property=\"og:title\" content=\"ENEM 2015 - Crise na Gr\u00e9cia\" \/>\n<meta property=\"og:description\" content=\"Temas ENEM: A Origem das Ci\u00eancias da Natureza, Ber\u00e7o do Pensamento Filos\u00f3fico, Democracia e Participa\u00e7\u00e3o Popular, Bloco Econ\u00f4mico do Euro.\" \/>\n<meta property=\"og:url\" content=\"https:\/\/www.estrategiaconcursos.com.br\/blog\/enem-2015-crise-na-grecia\/\" \/>\n<meta property=\"og:site_name\" content=\"Estrat\u00e9gia Concursos\" \/>\n<meta property=\"article:author\" content=\"https:\/\/www.facebook.com\/EstrategiaConcursos\" \/>\n<meta property=\"article:published_time\" content=\"2015-07-24T14:10:07+00:00\" \/>\n<meta property=\"article:modified_time\" content=\"2015-08-06T11:51:48+00:00\" \/>\n<meta name=\"author\" content=\"Coordena\u00e7\u00e3o\" \/>\n<meta name=\"twitter:card\" content=\"summary_large_image\" \/>\n<meta name=\"twitter:creator\" content=\"@EstratConcursos\" \/>\n<meta name=\"twitter:site\" content=\"@EstratConcursos\" \/>\n<meta name=\"twitter:label1\" content=\"Escrito por\" \/>\n\t<meta name=\"twitter:data1\" content=\"Coordena\u00e7\u00e3o\" \/>\n\t<meta name=\"twitter:label2\" content=\"Est. tempo de leitura\" \/>\n\t<meta name=\"twitter:data2\" content=\"1 minuto\" \/>\n<script type=\"application\/ld+json\" class=\"yoast-schema-graph\">{\"@context\":\"https:\/\/schema.org\",\"@graph\":[{\"@type\":\"NewsArticle\",\"@id\":\"https:\/\/www.estrategiaconcursos.com.br\/blog\/enem-2015-crise-na-grecia\/#article\",\"isPartOf\":{\"@id\":\"https:\/\/www.estrategiaconcursos.com.br\/blog\/enem-2015-crise-na-grecia\/\"},\"author\":{\"name\":\"Coordena\u00e7\u00e3o\",\"@id\":\"https:\/\/www.estrategiaconcursos.com.br\/blog\/#\/schema\/person\/b4a388c97673c5f483d72185668afa1f\"},\"headline\":\"ENEM 2015 &#8211; Crise na Gr\u00e9cia\",\"datePublished\":\"2015-07-24T14:10:07+00:00\",\"dateModified\":\"2015-08-06T11:51:48+00:00\",\"mainEntityOfPage\":{\"@id\":\"https:\/\/www.estrategiaconcursos.com.br\/blog\/enem-2015-crise-na-grecia\/\"},\"wordCount\":134,\"commentCount\":0,\"publisher\":{\"@id\":\"https:\/\/www.estrategiaconcursos.com.br\/blog\/#organization\"},\"keywords\":[\"Admilson Costa\",\"Alexson Costa\",\"Aul\u00e3o\",\"Crise na Gr\u00e9cia\",\"ENEM\",\"ENEM 2015\",\"Gr\u00e9cia\",\"J\u00f4natas Gon\u00e7alves\",\"Thiago Henrrique\",\"videoaula\"],\"inLanguage\":\"pt-BR\",\"potentialAction\":[{\"@type\":\"CommentAction\",\"name\":\"Comment\",\"target\":[\"https:\/\/www.estrategiaconcursos.com.br\/blog\/enem-2015-crise-na-grecia\/#respond\"]}],\"copyrightYear\":\"2015\",\"copyrightHolder\":{\"@id\":\"https:\/\/www.estrategiaconcursos.com.br\/blog\/#organization\"}},{\"@type\":\"WebPage\",\"@id\":\"https:\/\/www.estrategiaconcursos.com.br\/blog\/enem-2015-crise-na-grecia\/\",\"url\":\"https:\/\/www.estrategiaconcursos.com.br\/blog\/enem-2015-crise-na-grecia\/\",\"name\":\"ENEM 2015 Crise na Gr\u00e9cia\",\"isPartOf\":{\"@id\":\"https:\/\/www.estrategiaconcursos.com.br\/blog\/#website\"},\"datePublished\":\"2015-07-24T14:10:07+00:00\",\"dateModified\":\"2015-08-06T11:51:48+00:00\",\"description\":\"Temas ENEM: A Origem das Ci\u00eancias da Natureza, Ber\u00e7o do Pensamento Filos\u00f3fico, Democracia e Participa\u00e7\u00e3o Popular, Bloco Econ\u00f4mico do Euro.\",\"breadcrumb\":{\"@id\":\"https:\/\/www.estrategiaconcursos.com.br\/blog\/enem-2015-crise-na-grecia\/#breadcrumb\"},\"inLanguage\":\"pt-BR\",\"potentialAction\":[{\"@type\":\"ReadAction\",\"target\":[\"https:\/\/www.estrategiaconcursos.com.br\/blog\/enem-2015-crise-na-grecia\/\"]}]},{\"@type\":\"BreadcrumbList\",\"@id\":\"https:\/\/www.estrategiaconcursos.com.br\/blog\/enem-2015-crise-na-grecia\/#breadcrumb\",\"itemListElement\":[{\"@type\":\"ListItem\",\"position\":1,\"name\":\"In\u00edcio\",\"item\":\"https:\/\/www.estrategiaconcursos.com.br\/blog\/\"},{\"@type\":\"ListItem\",\"position\":2,\"name\":\"ENEM 2015 &#8211; Crise na Gr\u00e9cia\"}]},{\"@type\":\"WebSite\",\"@id\":\"https:\/\/www.estrategiaconcursos.com.br\/blog\/#website\",\"url\":\"https:\/\/www.estrategiaconcursos.com.br\/blog\/\",\"name\":\"Estrat\u00e9gia Concursos\",\"description\":\"O blog da Estrat\u00e9gia Concursos traz not\u00edcias sobre concursos e artigos de professores oferecendo cursos para concursos (pdf + videaulas) no site.\",\"publisher\":{\"@id\":\"https:\/\/www.estrategiaconcursos.com.br\/blog\/#organization\"},\"potentialAction\":[{\"@type\":\"SearchAction\",\"target\":{\"@type\":\"EntryPoint\",\"urlTemplate\":\"https:\/\/www.estrategiaconcursos.com.br\/blog\/?s={search_term_string}\"},\"query-input\":{\"@type\":\"PropertyValueSpecification\",\"valueRequired\":true,\"valueName\":\"search_term_string\"}}],\"inLanguage\":\"pt-BR\"},{\"@type\":\"Organization\",\"@id\":\"https:\/\/www.estrategiaconcursos.com.br\/blog\/#organization\",\"name\":\"Estrat\u00e9gia Concursos\",\"url\":\"https:\/\/www.estrategiaconcursos.com.br\/blog\/\",\"logo\":{\"@type\":\"ImageObject\",\"inLanguage\":\"pt-BR\",\"@id\":\"https:\/\/www.estrategiaconcursos.com.br\/blog\/#\/schema\/logo\/image\/\",\"url\":\"https:\/\/dhg1h5j42swfq.cloudfront.net\/2025\/06\/03203428\/logo_concursos-1.jpg\",\"contentUrl\":\"https:\/\/dhg1h5j42swfq.cloudfront.net\/2025\/06\/03203428\/logo_concursos-1.jpg\",\"width\":230,\"height\":60,\"caption\":\"Estrat\u00e9gia Concursos\"},\"image\":{\"@id\":\"https:\/\/www.estrategiaconcursos.com.br\/blog\/#\/schema\/logo\/image\/\"},\"sameAs\":[\"https:\/\/x.com\/EstratConcursos\"]},{\"@type\":\"Person\",\"@id\":\"https:\/\/www.estrategiaconcursos.com.br\/blog\/#\/schema\/person\/b4a388c97673c5f483d72185668afa1f\",\"name\":\"Coordena\u00e7\u00e3o\",\"image\":{\"@type\":\"ImageObject\",\"inLanguage\":\"pt-BR\",\"@id\":\"https:\/\/secure.gravatar.com\/avatar\/b720319e4c9a967eb58678d110f4fe35452fc5d5f97b202bac7b8acceb18c6ad?s=96&d=mm&r=g\",\"url\":\"https:\/\/secure.gravatar.com\/avatar\/b720319e4c9a967eb58678d110f4fe35452fc5d5f97b202bac7b8acceb18c6ad?s=96&d=mm&r=g\",\"contentUrl\":\"https:\/\/secure.gravatar.com\/avatar\/b720319e4c9a967eb58678d110f4fe35452fc5d5f97b202bac7b8acceb18c6ad?s=96&d=mm&r=g\",\"caption\":\"Coordena\u00e7\u00e3o\"},\"sameAs\":[\"https:\/\/www.facebook.com\/EstrategiaConcursos\",\"https:\/\/x.com\/EstratConcursos\"],\"url\":\"https:\/\/www.estrategiaconcursos.com.br\/blog\/author\/estrategia2013\/\"}]}<\/script>\n<!-- \/ Yoast SEO Premium plugin. -->","yoast_head_json":{"title":"ENEM 2015 Crise na Gr\u00e9cia","description":"Temas ENEM: A Origem das Ci\u00eancias da Natureza, Ber\u00e7o do Pensamento Filos\u00f3fico, Democracia e Participa\u00e7\u00e3o Popular, Bloco Econ\u00f4mico do Euro.","robots":{"index":"index","follow":"follow","max-snippet":"max-snippet:-1","max-image-preview":"max-image-preview:large","max-video-preview":"max-video-preview:-1"},"canonical":"https:\/\/www.estrategiaconcursos.com.br\/blog\/enem-2015-crise-na-grecia\/","og_locale":"pt_BR","og_type":"article","og_title":"ENEM 2015 - Crise na Gr\u00e9cia","og_description":"Temas ENEM: A Origem das Ci\u00eancias da Natureza, Ber\u00e7o do Pensamento Filos\u00f3fico, Democracia e Participa\u00e7\u00e3o Popular, Bloco Econ\u00f4mico do Euro.","og_url":"https:\/\/www.estrategiaconcursos.com.br\/blog\/enem-2015-crise-na-grecia\/","og_site_name":"Estrat\u00e9gia Concursos","article_author":"https:\/\/www.facebook.com\/EstrategiaConcursos","article_published_time":"2015-07-24T14:10:07+00:00","article_modified_time":"2015-08-06T11:51:48+00:00","author":"Coordena\u00e7\u00e3o","twitter_card":"summary_large_image","twitter_creator":"@EstratConcursos","twitter_site":"@EstratConcursos","twitter_misc":{"Escrito por":"Coordena\u00e7\u00e3o","Est. tempo de leitura":"1 minuto"},"schema":{"@context":"https:\/\/schema.org","@graph":[{"@type":"NewsArticle","@id":"https:\/\/www.estrategiaconcursos.com.br\/blog\/enem-2015-crise-na-grecia\/#article","isPartOf":{"@id":"https:\/\/www.estrategiaconcursos.com.br\/blog\/enem-2015-crise-na-grecia\/"},"author":{"name":"Coordena\u00e7\u00e3o","@id":"https:\/\/www.estrategiaconcursos.com.br\/blog\/#\/schema\/person\/b4a388c97673c5f483d72185668afa1f"},"headline":"ENEM 2015 &#8211; Crise na Gr\u00e9cia","datePublished":"2015-07-24T14:10:07+00:00","dateModified":"2015-08-06T11:51:48+00:00","mainEntityOfPage":{"@id":"https:\/\/www.estrategiaconcursos.com.br\/blog\/enem-2015-crise-na-grecia\/"},"wordCount":134,"commentCount":0,"publisher":{"@id":"https:\/\/www.estrategiaconcursos.com.br\/blog\/#organization"},"keywords":["Admilson Costa","Alexson Costa","Aul\u00e3o","Crise na Gr\u00e9cia","ENEM","ENEM 2015","Gr\u00e9cia","J\u00f4natas Gon\u00e7alves","Thiago Henrrique","videoaula"],"inLanguage":"pt-BR","potentialAction":[{"@type":"CommentAction","name":"Comment","target":["https:\/\/www.estrategiaconcursos.com.br\/blog\/enem-2015-crise-na-grecia\/#respond"]}],"copyrightYear":"2015","copyrightHolder":{"@id":"https:\/\/www.estrategiaconcursos.com.br\/blog\/#organization"}},{"@type":"WebPage","@id":"https:\/\/www.estrategiaconcursos.com.br\/blog\/enem-2015-crise-na-grecia\/","url":"https:\/\/www.estrategiaconcursos.com.br\/blog\/enem-2015-crise-na-grecia\/","name":"ENEM 2015 Crise na Gr\u00e9cia","isPartOf":{"@id":"https:\/\/www.estrategiaconcursos.com.br\/blog\/#website"},"datePublished":"2015-07-24T14:10:07+00:00","dateModified":"2015-08-06T11:51:48+00:00","description":"Temas ENEM: A Origem das Ci\u00eancias da Natureza, Ber\u00e7o do Pensamento Filos\u00f3fico, Democracia e Participa\u00e7\u00e3o Popular, Bloco Econ\u00f4mico do Euro.","breadcrumb":{"@id":"https:\/\/www.estrategiaconcursos.com.br\/blog\/enem-2015-crise-na-grecia\/#breadcrumb"},"inLanguage":"pt-BR","potentialAction":[{"@type":"ReadAction","target":["https:\/\/www.estrategiaconcursos.com.br\/blog\/enem-2015-crise-na-grecia\/"]}]},{"@type":"BreadcrumbList","@id":"https:\/\/www.estrategiaconcursos.com.br\/blog\/enem-2015-crise-na-grecia\/#breadcrumb","itemListElement":[{"@type":"ListItem","position":1,"name":"In\u00edcio","item":"https:\/\/www.estrategiaconcursos.com.br\/blog\/"},{"@type":"ListItem","position":2,"name":"ENEM 2015 &#8211; Crise na Gr\u00e9cia"}]},{"@type":"WebSite","@id":"https:\/\/www.estrategiaconcursos.com.br\/blog\/#website","url":"https:\/\/www.estrategiaconcursos.com.br\/blog\/","name":"Estrat\u00e9gia Concursos","description":"O blog da Estrat\u00e9gia Concursos traz not\u00edcias sobre concursos e artigos de professores oferecendo cursos para concursos (pdf + videaulas) no site.","publisher":{"@id":"https:\/\/www.estrategiaconcursos.com.br\/blog\/#organization"},"potentialAction":[{"@type":"SearchAction","target":{"@type":"EntryPoint","urlTemplate":"https:\/\/www.estrategiaconcursos.com.br\/blog\/?s={search_term_string}"},"query-input":{"@type":"PropertyValueSpecification","valueRequired":true,"valueName":"search_term_string"}}],"inLanguage":"pt-BR"},{"@type":"Organization","@id":"https:\/\/www.estrategiaconcursos.com.br\/blog\/#organization","name":"Estrat\u00e9gia Concursos","url":"https:\/\/www.estrategiaconcursos.com.br\/blog\/","logo":{"@type":"ImageObject","inLanguage":"pt-BR","@id":"https:\/\/www.estrategiaconcursos.com.br\/blog\/#\/schema\/logo\/image\/","url":"https:\/\/dhg1h5j42swfq.cloudfront.net\/2025\/06\/03203428\/logo_concursos-1.jpg","contentUrl":"https:\/\/dhg1h5j42swfq.cloudfront.net\/2025\/06\/03203428\/logo_concursos-1.jpg","width":230,"height":60,"caption":"Estrat\u00e9gia Concursos"},"image":{"@id":"https:\/\/www.estrategiaconcursos.com.br\/blog\/#\/schema\/logo\/image\/"},"sameAs":["https:\/\/x.com\/EstratConcursos"]},{"@type":"Person","@id":"https:\/\/www.estrategiaconcursos.com.br\/blog\/#\/schema\/person\/b4a388c97673c5f483d72185668afa1f","name":"Coordena\u00e7\u00e3o","image":{"@type":"ImageObject","inLanguage":"pt-BR","@id":"https:\/\/secure.gravatar.com\/avatar\/b720319e4c9a967eb58678d110f4fe35452fc5d5f97b202bac7b8acceb18c6ad?s=96&d=mm&r=g","url":"https:\/\/secure.gravatar.com\/avatar\/b720319e4c9a967eb58678d110f4fe35452fc5d5f97b202bac7b8acceb18c6ad?s=96&d=mm&r=g","contentUrl":"https:\/\/secure.gravatar.com\/avatar\/b720319e4c9a967eb58678d110f4fe35452fc5d5f97b202bac7b8acceb18c6ad?s=96&d=mm&r=g","caption":"Coordena\u00e7\u00e3o"},"sameAs":["https:\/\/www.facebook.com\/EstrategiaConcursos","https:\/\/x.com\/EstratConcursos"],"url":"https:\/\/www.estrategiaconcursos.com.br\/blog\/author\/estrategia2013\/"}]}},"_links":{"self":[{"href":"https:\/\/www.estrategiaconcursos.com.br\/blog\/wp-json\/wp\/v2\/posts\/24984","targetHints":{"allow":["GET"]}}],"collection":[{"href":"https:\/\/www.estrategiaconcursos.com.br\/blog\/wp-json\/wp\/v2\/posts"}],"about":[{"href":"https:\/\/www.estrategiaconcursos.com.br\/blog\/wp-json\/wp\/v2\/types\/post"}],"author":[{"embeddable":true,"href":"https:\/\/www.estrategiaconcursos.com.br\/blog\/wp-json\/wp\/v2\/users\/1"}],"replies":[{"embeddable":true,"href":"https:\/\/www.estrategiaconcursos.com.br\/blog\/wp-json\/wp\/v2\/comments?post=24984"}],"version-history":[{"count":10,"href":"https:\/\/www.estrategiaconcursos.com.br\/blog\/wp-json\/wp\/v2\/posts\/24984\/revisions"}],"predecessor-version":[{"id":25235,"href":"https:\/\/www.estrategiaconcursos.com.br\/blog\/wp-json\/wp\/v2\/posts\/24984\/revisions\/25235"}],"wp:attachment":[{"href":"https:\/\/www.estrategiaconcursos.com.br\/blog\/wp-json\/wp\/v2\/media?parent=24984"}],"wp:term":[{"taxonomy":"category","embeddable":true,"href":"https:\/\/www.estrategiaconcursos.com.br\/blog\/wp-json\/wp\/v2\/categories?post=24984"},{"taxonomy":"post_tag","embeddable":true,"href":"https:\/\/www.estrategiaconcursos.com.br\/blog\/wp-json\/wp\/v2\/tags?post=24984"},{"taxonomy":"tax_estado","embeddable":true,"href":"https:\/\/www.estrategiaconcursos.com.br\/blog\/wp-json\/wp\/v2\/tax_estado?post=24984"}],"curies":[{"name":"wp","href":"https:\/\/api.w.org\/{rel}","templated":true}]}}