{"id":24787,"date":"2025-12-23T16:57:00","date_gmt":"2025-12-23T19:57:00","guid":{"rendered":"http:\/\/www.estrategiaconcursos.com.br\/blog\/?p=24787"},"modified":"2026-02-11T09:08:18","modified_gmt":"2026-02-11T12:08:18","slug":"concurso-trf-1","status":"publish","type":"post","link":"https:\/\/www.estrategiaconcursos.com.br\/blog\/concurso-trf-1\/","title":{"rendered":"Concurso TRF 1 ter\u00e1 novos sal\u00e1rios em 2026; veja!"},"content":{"rendered":"\n<p>Foi divulgada a homologa\u00e7\u00e3o do resultado final do <strong>concurso TRF 1<\/strong> (<a href=\"https:\/\/www.estrategiaconcursos.com.br\/cursosPorConcurso\/trf-1-regiao-tribunal-regional-federal\/\" target=\"_blank\" rel=\"noreferrer noopener\">Tribunal Regional Federal da 1\u00aa Regi\u00e3o<\/a>).<\/p>\n\n\n\n<ul class=\"wp-block-list\">\n<li><a href=\"https:\/\/www.in.gov.br\/en\/web\/dou\/-\/edital-de-25-de-abril-de-2025-homologacao-do-resultado-final-do-concurso-publico-626372476\" target=\"_blank\" rel=\"noreferrer noopener\">Homologa\u00e7\u00e3o do resultado final<\/a>.<\/li>\n<\/ul>\n\n\n\n<p>Vale lembrar que, em mar\u00e7o de 2025, j\u00e1 havia sido publicada, no Di\u00e1rio Oficial da Uni\u00e3o, a <a href=\"https:\/\/www.estrategiaconcursos.com.br\/blog\/concurso-trf-1-resultado-homologacao-retificado\/\">homologa\u00e7\u00e3o<\/a> do resultado final para os cargos que n\u00e3o possu\u00edam TAF. <\/p>\n\n\n\n<p>Ao todo, foram registradas mais de 86 mil inscri\u00e7\u00f5es! A sele\u00e7\u00e3o ofertou o total de <strong>17 vagas imediatas e para forma\u00e7\u00e3o de cadastro reserva<\/strong> para <strong>Analista e T\u00e9cnico Judici\u00e1rio<\/strong>.<\/p>\n\n\n\n<p>Importante lembrar que a partir de julho de 2026, os aprovados ter\u00e3o novos sal\u00e1rios previstos na&nbsp;<strong>Lei 15293\/25<\/strong>. Assim, as remunera\u00e7\u00f5es iniciais passam a ter os valores abaixo:<\/p>\n\n\n\n<ul class=\"wp-block-list\">\n<li><strong>Analista Judici\u00e1rio:<\/strong>&nbsp;R$ 16.041,21.<\/li>\n\n\n\n<li><strong>T\u00e9cnico Judici\u00e1rio:<\/strong>&nbsp;R$ 9.776,74.<\/li>\n<\/ul>\n\n\n\n<p>Confira mais informa\u00e7\u00f5es no decorrer do artigo!<\/p>\n\n\n\n<ul id=\"block-ee678516-e9d1-48bd-b327-7b9acd55f0fd\" class=\"wp-block-list has-blush-light-purple-gradient-background has-background\">\n<li><strong>Concurso TRF1<\/strong><\/li>\n\n\n\n<li><strong>Status:<\/strong> resultado homologado<\/li>\n\n\n\n<li><strong>Banca:&nbsp;<\/strong><a href=\"https:\/\/conhecimento.fgv.br\/concursos\/trf1servidor24\" target=\"_blank\" rel=\"noreferrer noopener\">FGV<\/a><\/li>\n\n\n\n<li><strong>Vagas:&nbsp;<\/strong>17 + CR<\/li>\n\n\n\n<li><strong>Requisito: <\/strong>n\u00edvel superior <\/li>\n\n\n\n<li><strong>Sal\u00e1rios a partir de Jul. de 2026:&nbsp;<\/strong>R$ 9.776,74 (T\u00e9cnico)\/R$ 16.041,21 (Analista)<\/li>\n\n\n\n<li><strong>Edital<\/strong>: <a href=\"https:\/\/dhg1h5j42swfq.cloudfront.net\/2024\/06\/14055028\/trf1-edital-de-abertura-1.pdf\" target=\"_blank\" rel=\"noreferrer noopener nofollow\">TRF 1 2024<\/a><\/li>\n<\/ul>\n\n\n\n<div class=\"container\" id=\"boxes\">\n  <div class=\"row\">\n\n    <div class=\"col-sm\">\n      <div class=\"banner-tribunal\" id=\"box-assinatura\">\n        <h3 class=\"titulo-assinatura\">Curso TRF 1<\/h3>\n        <p class=\"subtitulo-assinatura\">Conhe\u00e7a os cursos<\/p>\n        <div class=\"box-botao\">\n          <a class=\"btn-assinatura\" target=\"_blank\" href=\"https:\/\/www.estrategiaconcursos.com.br\/cursosPorConcurso\/trf-1-regiao-tribunal-regional-federal\/\" role=\"button\" rel=\"noopener noreferrer\">Conhe\u00e7a mais<\/a>\n        <\/div>\n      <\/div>\n      <p class=\"texto-auxiliar\">Prepare-se com o melhor material e com quem mais aprova em Concursos P\u00fablicos em todo o pa\u00eds.<\/p>\n    <\/div>\n\n  <\/div>\n<\/div>\n\n\n\n<ul class=\"wp-block-list\">\n<li><strong><a href=\"#atual\">Situa\u00e7\u00e3o atual do concurso<\/a><\/strong><\/li>\n\n\n\n<li><strong><a href=\"#cargos-vagas\">Cargos e vagas<\/a><\/strong><\/li>\n\n\n\n<li><strong><a href=\"#h-remuneracoes-do-edital-trf-1\">Remunera\u00e7\u00e3o<\/a><\/strong><\/li>\n\n\n\n<li><strong><a href=\"#etapas\">Etapas e provas<\/a><\/strong><\/li>\n\n\n\n<li><strong><a href=\"#carreira\">Carreira<\/a><\/strong>\n<ul class=\"wp-block-list\">\n<li><strong><a href=\"#vagos-trf1\">Cargos vagos do TRF 1<\/a><\/strong><\/li>\n\n\n\n<li><strong><a href=\"#vara-trf1\">Nova vara e novas vagas<\/a><\/strong><\/li>\n<\/ul>\n<\/li>\n\n\n\n<li><strong><a href=\"#etapa-trf1\">Etapas do \u00faltimo concurso<\/a><\/strong><\/li>\n\n\n\n<li><a href=\"#guia\"><strong>Guia estrat\u00e9gico<\/strong><\/a><\/li>\n\n\n\n<li><strong><a href=\"#curso\">Cursos e Assinaturas<\/a><\/strong><\/li>\n\n\n\n<li><strong><a href=\"#ficha-tecnica\">Ficha T\u00e9cnica<\/a><\/strong><\/li>\n<\/ul>\n\n\n\n<h2 class=\"wp-block-heading\" id=\"atual\">Concurso TRF 1: situa\u00e7\u00e3o atual<\/h2>\n\n\n\n<h3 class=\"wp-block-heading\" id=\"h-salarios-e-adicionais-de-qualificacao-reajustados\">Sal\u00e1rios e adicionais de qualifica\u00e7\u00e3o reajustados<\/h3>\n\n\n\n<p>A Justi\u00e7a Federal teve o&nbsp;<a href=\"https:\/\/www.estrategiaconcursos.com.br\/blog\/lula-sancionou-reajuste-salarial-aos-servidores-para-2026\/\">reajuste salarial de 8%<\/a>&nbsp;para todas as carreiras sancionado pelo governo federal. Com isso, os sal\u00e1rios iniciais podem&nbsp;<strong>chegar a R$&nbsp;16.041,21<\/strong>, al\u00e9m de benef\u00edcios.<\/p>\n\n\n\n<p>O adicional de qualifica\u00e7\u00e3o tamb\u00e9m foi reajustado. Atualmente, um analista em final de carreira pode somar R$ 1.161,52 se tiver doutorado, por exemplo.&nbsp;<\/p>\n\n\n\n<p>Com a mudan\u00e7a, o valor vai para&nbsp;<strong>R$ 3.857,75<\/strong>&nbsp;a partir de 2026, considerando-se o reajuste de 8% a partir do pr\u00f3ximo ano, previsto na&nbsp;Lei 15.293, de 19 de dezembro de 2025.<\/p>\n\n\n\n<p>Tamb\u00e9m a partir de 2026, o mestrado valer\u00e1&nbsp;<strong>R$ 2.700,43 (contra os atuais R$ 929,21)<\/strong>. Essas duas qualifica\u00e7\u00f5es n\u00e3o podem ser acumuladas entre si e absorvem outras de valores menores.<\/p>\n\n\n\n<p>Com o reajuste, os vencimentos b\u00e1sicos iniciais para os cargos ficam com os seguintes valores a partir de julho de 2026:<\/p>\n\n\n\n<ul class=\"wp-block-list\">\n<li><strong>R$ 9.776,74 (T\u00e9cnico)&nbsp;<\/strong><\/li>\n\n\n\n<li><strong>R$ 16.041,21 (Analista)<\/strong><\/li>\n<\/ul>\n\n\n\n<p>Al\u00e9m do vencimento b\u00e1sico atualizado, os aprovados ter\u00e3o direito a benef\u00edcios como&nbsp;<strong>aux\u00edlio pr\u00e9-escolar<\/strong>&nbsp;no valor de&nbsp;<strong><\/strong><strong>R$ 1.288,47<\/strong>, e&nbsp;<strong>aux\u00edlio alimenta\u00e7\u00e3o<\/strong>&nbsp;no valor de&nbsp;<strong><\/strong><strong>R$ 1.860,51<\/strong>,&nbsp;<strong>Aux\u00edlio-Natalidade<\/strong>&nbsp;no valor de&nbsp;<strong>R$718,58<\/strong>&nbsp;e&nbsp;<strong>Aux\u00edlio-Sa\u00fade&nbsp;<\/strong>no valor de&nbsp;<strong>R$579,39<\/strong>.<\/p>\n\n\n\n<h3 class=\"wp-block-heading\" id=\"h-resultado-final-de-aprovados\">Resultado final de aprovados<\/h3>\n\n\n\n<p>Est\u00e1 dispon\u00edvel o resultado final com os aprovados do concurso TRF 1 que n\u00e3o precisavam prestar o TAF e o resultado do TAF para os demais cargos, confira:<\/p>\n\n\n\n<ul class=\"wp-block-list\">\n<li><a href=\"https:\/\/www.in.gov.br\/en\/web\/dou\/-\/edital-de-25-de-abril-de-2025-homologacao-do-resultado-final-do-concurso-publico-626372476\" target=\"_blank\" rel=\"noreferrer noopener\">Homologa\u00e7\u00e3o<\/a>.<\/li>\n<\/ul>\n\n\n\n<h3 class=\"wp-block-heading\" id=\"inscritos\">Inscritos <\/h3>\n\n\n\n<p>O <a href=\"https:\/\/www.estrategiaconcursos.com.br\/cursosPorConcurso\/trf-1-regiao-tribunal-regional-federal\/\" target=\"_blank\" rel=\"noreferrer noopener\">TRF 1<\/a>, por meio do portal da FGV, a banca organizadora do seu novo concurso, divulgou a lista oficial com a quantidade de <a href=\"https:\/\/conhecimento.fgv.br\/sites\/default\/files\/concursos\/940-tribunal-regional-federal-da-1a-regiao-demanda-por-vaga.pdf\" target=\"_blank\" rel=\"noreferrer noopener\">inscritos por vaga<\/a>.<\/p>\n\n\n\n<p>Foram registradas mais de <a href=\"https:\/\/conhecimento.fgv.br\/sites\/default\/files\/concursos\/940-tribunal-regional-federal-da-1a-regiao-demanda-por-vaga.pdf\">86 mil pessoas inscritas<\/a> que disputaram as vagas oferecidas pelo concurso do Tribunal Regional Federal da 1\u00aa Regi\u00e3o.<\/p>\n\n\n\n<h2 class=\"wp-block-heading\" id=\"cargos-vagas\">Cargos e vagas do Concurso TRF1<\/h2>\n\n\n\n<p><strong>ACRE<\/strong><\/p>\n\n\n\n<figure class=\"wp-block-table is-style-stripes\"><table><thead><tr><th>CARGOS<\/th><th class=\"has-text-align-center\" data-align=\"center\">VAGAS<\/th><\/tr><\/thead><tbody><tr><td>ANALISTA JUDICI\u00c1RIO, \u00c1REA JUDICI\u00c1RIA<\/td><td class=\"has-text-align-center\" data-align=\"center\">CR<\/td><\/tr><tr><td>ANALISTA JUDICI\u00c1RIO, \u00c1REA JUDICI\u00c1RIA, ESPECIALIDADE OFICIAL DE JUSTI\u00c7A AVALIADOR FEDERAL<\/td><td class=\"has-text-align-center\" data-align=\"center\">CR<\/td><\/tr><tr><td>ANALISTA JUDICI\u00c1RIO, \u00c1REA ADMINISTRATIVA<\/td><td class=\"has-text-align-center\" data-align=\"center\">CR<\/td><\/tr><tr><td>ANALISTA JUDICI\u00c1RIO &#8211; \u00c1REA APOIO ESPECIALIZADO &#8211; ESPECIALIDADE: TECNOLOGIA DA INFORMA\u00c7\u00c3O<\/td><td class=\"has-text-align-center\" data-align=\"center\">CR<\/td><\/tr><tr><td>T\u00c9CNICO JUDICI\u00c1RIO, \u00c1REA ADMINISTRATIVA<\/td><td class=\"has-text-align-center\" data-align=\"center\">CR<\/td><\/tr><tr><td>T\u00c9CNICO JUDICI\u00c1RIO, \u00c1REA ADMINISTRATIVA, ESPECIALIDADE AGENTE DA POLICIA JUDICIAL<\/td><td class=\"has-text-align-center\" data-align=\"center\">CR<\/td><\/tr><\/tbody><\/table><figcaption class=\"wp-element-caption\">Cargos e vagas &#8211; Acre<\/figcaption><\/figure>\n\n\n\n<p><strong>AMAP\u00c1<\/strong><\/p>\n\n\n\n<figure class=\"wp-block-table is-style-stripes\"><table><thead><tr><th>CARGOS<\/th><th class=\"has-text-align-center\" data-align=\"center\">VAGAS<\/th><\/tr><\/thead><tbody><tr><td>ANALISTA JUDICI\u00c1RIO, \u00c1REA JUDICI\u00c1RIA<\/td><td class=\"has-text-align-center\" data-align=\"center\">CR<\/td><\/tr><tr><td>ANALISTA JUDICI\u00c1RIO, \u00c1REA JUDICI\u00c1RIA, ESPECIALIDADE OFICIAL DE JUSTI\u00c7A AVALIADOR FEDERAL<\/td><td class=\"has-text-align-center\" data-align=\"center\">CR<\/td><\/tr><tr><td>ANALISTA JUDICI\u00c1RIO-\u00c1REA APOIO ESPECIALIZADO-ESPECIALIDADE:CONTABILIDADE<\/td><td class=\"has-text-align-center\" data-align=\"center\">CR<\/td><\/tr><tr><td>ANALISTA JUDICI\u00c1RIO, \u00c1REA ADMINISTRATIVA<\/td><td class=\"has-text-align-center\" data-align=\"center\">CR<\/td><\/tr><tr><td>T\u00c9CNICO JUDICI\u00c1RIO, \u00c1REA ADMINISTRATIVA<\/td><td class=\"has-text-align-center\" data-align=\"center\">CR<\/td><\/tr><tr><td>T\u00c9CNICO JUDICI\u00c1RIO, \u00c1REA ADMINISTRATIVA, ESPECIALIDADE AGENTE DA POLICIA JUDICIAL<\/td><td class=\"has-text-align-center\" data-align=\"center\">CR<\/td><\/tr><tr><td>T\u00c9CNICO JUDICI\u00c1RIO -\u00c1REA APOIO ESPECIALIZADO, ESPECIALIDADE: CONTABILIDADE<\/td><td class=\"has-text-align-center\" data-align=\"center\">CR<\/td><\/tr><tr><td>T\u00c9CNICO JUDICI\u00c1RIO -\u00c1REA APOIO ESPECIALIZADO, ESPECIALIDADE: SUPORTE T\u00c9CNICO<\/td><td class=\"has-text-align-center\" data-align=\"center\">CR<\/td><\/tr><\/tbody><\/table><figcaption class=\"wp-element-caption\">Cargos e vagas &#8211; Amap\u00e1<\/figcaption><\/figure>\n\n\n\n<p><strong>AMAZONAS<\/strong><\/p>\n\n\n\n<figure class=\"wp-block-table is-style-stripes\"><table><thead><tr><th>CARGOS<\/th><th class=\"has-text-align-center\" data-align=\"center\">VAGAS<\/th><\/tr><\/thead><tbody><tr><td>ANALISTA JUDICI\u00c1RIO, \u00c1REA JUDICI\u00c1RIA<\/td><td class=\"has-text-align-center\" data-align=\"center\">CR<\/td><\/tr><tr><td>ANALISTA JUDICI\u00c1RIO, \u00c1REA JUDICI\u00c1RIA, ESPECIALIDADE OFICIAL DE JUSTI\u00c7A AVALIADOR FEDERAL<\/td><td class=\"has-text-align-center\" data-align=\"center\">CR<\/td><\/tr><tr><td>ANALISTA JUDICI\u00c1RIO, \u00c1REA ADMINISTRATIVA<\/td><td class=\"has-text-align-center\" data-align=\"center\">CR<\/td><\/tr><tr><td>ANALISTA JUDICI\u00c1RIO, ENGENHARIA CIVIL<\/td><td class=\"has-text-align-center\" data-align=\"center\">CR<\/td><\/tr><tr><td>T\u00c9CNICO JUDICI\u00c1RIO, \u00c1REA ADMINISTRATIVA<\/td><td class=\"has-text-align-center\" data-align=\"center\">1 + CR<\/td><\/tr><tr><td>T\u00c9CNICO JUDICI\u00c1RIO, \u00c1REA ADMINISTRATIVA, ESPECIALIDADE AGENTE DA POLICIA JUDICIAL<\/td><td class=\"has-text-align-center\" data-align=\"center\">CR<\/td><\/tr><\/tbody><\/table><figcaption class=\"wp-element-caption\">Cargos e vagas &#8211; Amazonas<\/figcaption><\/figure>\n\n\n\n<p><strong>BAHIA<\/strong><\/p>\n\n\n\n<figure class=\"wp-block-table is-style-stripes\"><table><thead><tr><th>CARGOS<\/th><th class=\"has-text-align-center\" data-align=\"center\">VAGAS<\/th><\/tr><\/thead><tbody><tr><td>ANALISTA JUDICI\u00c1RIO, \u00c1REA JUDICI\u00c1RIA<\/td><td class=\"has-text-align-center\" data-align=\"center\">CR<\/td><\/tr><tr><td>ANALISTA JUDICI\u00c1RIO, \u00c1REA JUDICI\u00c1RIA, ESPECIALIDADE OFICIAL DE JUSTI\u00c7A AVALIADOR FEDERAL<\/td><td class=\"has-text-align-center\" data-align=\"center\">CR<\/td><\/tr><tr><td>ANALISTA JUDICI\u00c1RIO, \u00c1REA ADMINISTRATIVA<\/td><td class=\"has-text-align-center\" data-align=\"center\">1 + CR<\/td><\/tr><tr><td>T\u00c9CNICO JUDICI\u00c1RIO, \u00c1REA ADMINISTRATIVA<\/td><td class=\"has-text-align-center\" data-align=\"center\">CR<\/td><\/tr><tr><td>T\u00c9CNICO JUDICI\u00c1RIO, \u00c1REA ADMINISTRATIVA, ESPECIALIDADE AGENTE DA POLICIA JUDICIAL<\/td><td class=\"has-text-align-center\" data-align=\"center\">CR<\/td><\/tr><tr><td>T\u00c9CNICO JUDICI\u00c1RIO -\u00c1REA APOIO ESPECIALIZADO, ESPECIALIDADE: CONTABILIDADE<\/td><td class=\"has-text-align-center\" data-align=\"center\">CR<\/td><\/tr><tr><td>T\u00c9CNICO JUDICI\u00c1RIO -\u00c1REA APOIO ESPECIALIZADO, ESPECIALIDADE: ENFERMAGEM<\/td><td class=\"has-text-align-center\" data-align=\"center\">CR<\/td><\/tr><tr><td>T\u00c9CNICO JUDICI\u00c1RIO -\u00c1REA APOIO ESPECIALIZADO, ESPECIALIDADE: SUPORTE T\u00c9CNICO<\/td><td class=\"has-text-align-center\" data-align=\"center\">CR<\/td><\/tr><\/tbody><\/table><figcaption class=\"wp-element-caption\">Cargos e vagas &#8211; Bahia<\/figcaption><\/figure>\n\n\n\n<p><strong>GOI\u00c1S<\/strong><\/p>\n\n\n\n<figure class=\"wp-block-table is-style-stripes\"><table><thead><tr><th>CARGOS<\/th><th>VAGAS<\/th><\/tr><\/thead><tbody><tr><td>ANALISTA JUDICI\u00c1RIO, \u00c1REA JUDICI\u00c1RIA<\/td><td>CR<\/td><\/tr><tr><td>ANALISTA JUDICI\u00c1RIO, \u00c1REA JUDICI\u00c1RIA, ESPECIALIDADE OFICIAL DE JUSTI\u00c7A AVALIADOR FEDERAL<\/td><td>CR<\/td><\/tr><tr><td>ANALISTA JUDICI\u00c1RIO, \u00c1REA ADMINISTRATIVA<\/td><td>CR<\/td><\/tr><tr><td>ANALISTA JUDICI\u00c1RIO &#8211; \u00c1REA APOIO ESPECIALIZADO &#8211; ESPECIALIDADE: TECNOLOGIA DA INFORMA\u00c7\u00c3O<\/td><td>CR<\/td><\/tr><tr><td>ANALISTA JUDICI\u00c1RIO &#8211; \u00c1REA APOIO ESPECIALIZADO, ESPECIALIDADE: CONTABILIDADE<\/td><td>1 + CR<\/td><\/tr><tr><td>ANALISTA JUDICI\u00c1RIO &#8211; \u00c1REA APOIO ESPECIALIZADO &#8211; ESPECIALIDADE: ARQUITETURA<\/td><td>CR<\/td><\/tr><tr><td>T\u00c9CNICO JUDICI\u00c1RIO, \u00c1REA ADMINISTRATIVA<\/td><td>CR<\/td><\/tr><tr><td>T\u00c9CNICO JUDICI\u00c1RIO, \u00c1REA ADMINISTRATIVA, ESPECIALIDADE AGENTE DA POLICIA JUDICIAL<\/td><td>CR<\/td><\/tr><\/tbody><\/table><figcaption class=\"wp-element-caption\">Cargos e vagas &#8211; Goi\u00e1s<\/figcaption><\/figure>\n\n\n\n<p><strong>MARANH\u00c3O<\/strong><\/p>\n\n\n\n<figure class=\"wp-block-table is-style-stripes\"><table><thead><tr><th>CARGOS<\/th><th>VAGAS<\/th><\/tr><\/thead><tbody><tr><td>ANALISTA JUDICI\u00c1RIO, \u00c1REA JUDICI\u00c1RIA<\/td><td>CR<\/td><\/tr><tr><td>ANALISTA JUDICI\u00c1RIO, \u00c1REA JUDICI\u00c1RIA, ESPECIALIDADE OFICIAL DE JUSTI\u00c7A AVALIADOR FEDERAL<\/td><td>CR<\/td><\/tr><tr><td>ANALISTA JUDICI\u00c1RIO, \u00c1REA ADMINISTRATIVA<\/td><td>CR<\/td><\/tr><tr><td>ANALISTA JUDICI\u00c1RIO &#8211; \u00c1REA APOIO ESPECIALIZADO, ESPECIALIDADE: CONTABILIDADE<\/td><td><\/td><\/tr><tr><td>ANALISTA JUDICI\u00c1RIO &#8211; \u00c1REA APOIO ESPECIALIZADO &#8211; ESPECIALIDADE: TECNOLOGIA DA INFORMA\u00c7\u00c3O<\/td><td>CR<\/td><\/tr><tr><td>T\u00c9CNICO JUDICI\u00c1RIO, \u00c1REA ADMINISTRATIVA<\/td><td>1 + CR<\/td><\/tr><tr><td>T\u00c9CNICO JUDICI\u00c1RIO, \u00c1REA ADMINISTRATIVA, ESPECIALIDADE AGENTE DA POLICIA JUDICIAL<\/td><td>CR<\/td><\/tr><tr><td>T\u00c9CNICO JUDICI\u00c1RIO -\u00c1REA APOIO ESPECIALIZADO, ESPECIALIDADE: CONTABILIDADE<\/td><td>CR<\/td><\/tr><tr><td>T\u00c9CNICO JUDICI\u00c1RIO -\u00c1REA APOIO ESPECIALIZADO, ESPECIALIDADE: SUPORTE T\u00c9CNICO<\/td><td>CR<\/td><\/tr><tr><td>T\u00c9CNICO JUDICI\u00c1RIO -\u00c1REA APOIO ESPECIALIZADO, ESPECIALIDADE: EDIFICA\u00c7\u00d5ES<\/td><td>CR<\/td><\/tr><\/tbody><\/table><figcaption class=\"wp-element-caption\">Cargos e vagas &#8211; Maranh\u00e3o<\/figcaption><\/figure>\n\n\n\n<p><strong>MATO GROSSO<\/strong><\/p>\n\n\n\n<figure class=\"wp-block-table is-style-stripes\"><table><thead><tr><th>CARGOS<\/th><th>VAGAS<\/th><\/tr><\/thead><tbody><tr><td>ANALISTA JUDICI\u00c1RIO, \u00c1REA JUDICI\u00c1RIA<\/td><td>1 + CR<\/td><\/tr><tr><td>ANALISTA JUDICI\u00c1RIO, \u00c1REA JUDICI\u00c1RIA, ESPECIALIDADE OFICIAL DE JUSTI\u00c7A AVALIADOR FEDERAL<\/td><td>1 + CR<\/td><\/tr><tr><td>ANALISTA JUDICI\u00c1RIO, \u00c1REA ADMINISTRATIVA<\/td><td>CR<\/td><\/tr><tr><td>ANALISTA JUDICI\u00c1RIO &#8211; \u00c1REA APOIO ESPECIALIZADO, ESPECIALIDADE: CONTABILIDADE<\/td><td>CR<\/td><\/tr><tr><td>ANALISTA JUDICI\u00c1RIO &#8211; \u00c1REA APOIO ESPECIALIZADO &#8211; ESPECIALIDADE: TECNOLOGIA DA INFORMA\u00c7\u00c3O<\/td><td>CR<\/td><\/tr><tr><td>T\u00c9CNICO JUDICI\u00c1RIO, \u00c1REA ADMINISTRATIVA<\/td><td>CR<\/td><\/tr><tr><td>T\u00c9CNICO JUDICI\u00c1RIO, \u00c1REA ADMINISTRATIVA, ESPECIALIDADE AGENTE DA POLICIA JUDICIAL<\/td><td>CR<\/td><\/tr><tr><td>T\u00c9CNICO JUDICI\u00c1RIO &#8211; \u00c1REA APOIO ESPECIALIZADO &#8211; ESPECIALIDADE: CONTABILIDADE<\/td><td>CR<\/td><\/tr><tr><td>T\u00c9CNICO JUDICI\u00c1RIO &#8211; \u00c1REA APOIO ESPECIALIZADO &#8211; ESPECIALIDADE: SUPORTE T\u00c9CNICO<\/td><td>CR<\/td><\/tr><\/tbody><\/table><figcaption class=\"wp-element-caption\">Cargos e vagas &#8211; Mato Grosso<\/figcaption><\/figure>\n\n\n\n<p><strong>PAR\u00c1<\/strong><\/p>\n\n\n\n<figure class=\"wp-block-table is-style-stripes\"><table><thead><tr><th>CARGOS<\/th><th>VAGAS<\/th><\/tr><\/thead><tbody><tr><td>ANALISTA JUDICI\u00c1RIO, \u00c1REA JUDICI\u00c1RIA<\/td><td>CR<\/td><\/tr><tr><td>ANALISTA JUDICI\u00c1RIO, \u00c1REA JUDICI\u00c1RIA, ESPECIALIDADE OFICIAL DE JUSTI\u00c7A AVALIADOR FEDERAL<\/td><td>CR<\/td><\/tr><tr><td>ANALISTA JUDICI\u00c1RIO, \u00c1REA ADMINISTRATIVA<\/td><td>CR<\/td><\/tr><tr><td>ANALISTA JUDICI\u00c1RIO &#8211; \u00c1REA APOIO ESPECIALIZADO, ESPECIALIDADE: CONTABILIDADE<\/td><td>CR<\/td><\/tr><tr><td>ANALISTA JUDICI\u00c1RIO &#8211; \u00c1REA APOIO ESPECIALIZADO, ESPECIALIDADE: ENGENHARIA CIVIL<\/td><td>CR<\/td><\/tr><tr><td>T\u00c9CNICO JUDICI\u00c1RIO, \u00c1REA ADMINISTRATIVA<\/td><td>CR<\/td><\/tr><tr><td>T\u00c9CNICO JUDICI\u00c1RIO, \u00c1REA ADMINISTRATIVA, ESPECIALIDADE AGENTE DA POLICIA JUDICIAL<\/td><td>CR<\/td><\/tr><tr><td>T\u00c9CNICO JUDICI\u00c1RIO -\u00c1REA APOIO ESPECIALIZADO, ESPECIALIDADE: SUPORTE T\u00c9CNICO<\/td><td>CR<\/td><\/tr><\/tbody><\/table><figcaption class=\"wp-element-caption\">Cargos e vagas &#8211; Par\u00e1<\/figcaption><\/figure>\n\n\n\n<p><strong>PIAU\u00cd<\/strong><\/p>\n\n\n\n<figure class=\"wp-block-table is-style-stripes\"><table><thead><tr><th>CARGOS<\/th><th>VAGAS<\/th><\/tr><\/thead><tbody><tr><td>ANALISTA JUDICI\u00c1RIO, \u00c1REA JUDICI\u00c1RIA<\/td><td>CR<\/td><\/tr><tr><td>ANALISTA JUDICI\u00c1RIO, \u00c1REA JUDICI\u00c1RIA, ESPECIALIDADE OFICIAL DE JUSTI\u00c7A AVALIADOR FEDERAL<\/td><td>CR<\/td><\/tr><tr><td>ANALISTA JUDICI\u00c1RIO, \u00c1REA ADMINISTRATIVA<\/td><td>CR<\/td><\/tr><tr><td>ANALISTA JUDICI\u00c1RIO &#8211; \u00c1REA APOIO ESPECIALIZADO, ESPECIALIDADE: CONTABILIDADE<\/td><td>CR<\/td><\/tr><tr><td>T\u00c9CNICO JUDICI\u00c1RIO, \u00c1REA ADMINISTRATIVA<\/td><td>CR<\/td><\/tr><tr><td>T\u00c9CNICO JUDICI\u00c1RIO, \u00c1REA ADMINISTRATIVA, ESPECIALIDADE AGENTE DA POLICIA JUDICIAL<\/td><td>CR<\/td><\/tr><\/tbody><\/table><figcaption class=\"wp-element-caption\">Cargos e vagas &#8211; Piau\u00ed<\/figcaption><\/figure>\n\n\n\n<p><strong>ROND\u00d4NIA<\/strong><\/p>\n\n\n\n<figure class=\"wp-block-table is-style-stripes\"><table><thead><tr><th>CARGOS<\/th><th>VAGAS<\/th><\/tr><\/thead><tbody><tr><td>ANALISTA JUDICI\u00c1RIO, \u00c1REA JUDICI\u00c1RIA<\/td><td>CR<\/td><\/tr><tr><td>ANALISTA JUDICI\u00c1RIO, \u00c1REA JUDICI\u00c1RIA, ESPECIALIDADE OFICIAL DE JUSTI\u00c7A AVALIADOR FEDERAL<\/td><td>CR<\/td><\/tr><tr><td>ANALISTA JUDICI\u00c1RIO, \u00c1REA ADMINISTRATIVA<\/td><td>CR<\/td><\/tr><tr><td>ANALISTA JUDICI\u00c1RIO, \u00c1REA ADMINISTRATIVA, ESPECIALIDADE: INSPETOR DA POLICIA JUDICIAL<\/td><td>CR<\/td><\/tr><tr><td>ANALISTA JUDICI\u00c1RIO &#8211; \u00c1REA APOIO ESPECIALIZADO, ESPECIALIDADE: CONTABILIDADE<\/td><td>CR<\/td><\/tr><tr><td>T\u00c9CNICO JUDICI\u00c1RIO, \u00c1REA ADMINISTRATIVA<\/td><td>CR<\/td><\/tr><tr><td>T\u00c9CNICO JUDICI\u00c1RIO, \u00c1REA ADMINISTRATIVA, ESPECIALIDADE AGENTE DA POLICIA JUDICIAL<\/td><td>CR<\/td><\/tr><tr><td>T\u00c9CNICO JUDICI\u00c1RIO &#8211; \u00c1REA APOIO ESPECIALIZADO, ESPECIALIDADE: CONTABILIDADE<\/td><td>CR<\/td><\/tr><tr><td>T\u00c9CNICO JUDICI\u00c1RIO &#8211; \u00c1REA APOIO ESPECIALIZADO, ESPECIALIDADE: SUPORTE T\u00c9CNICO<\/td><td>CR<\/td><\/tr><\/tbody><\/table><figcaption class=\"wp-element-caption\">Cargos e vagas &#8211; Rond\u00f4nia <\/figcaption><\/figure>\n\n\n\n<p><strong>RORAIMA<\/strong><\/p>\n\n\n\n<figure class=\"wp-block-table is-style-stripes\"><table><thead><tr><th>CARGOS<\/th><th>VAGAS<\/th><\/tr><\/thead><tbody><tr><td>ANALISTA JUDICI\u00c1RIO, \u00c1REA JUDICI\u00c1RIA<\/td><td>CR<\/td><\/tr><tr><td>ANALISTA JUDICI\u00c1RIO, \u00c1REA JUDICI\u00c1RIA, ESPECIALIDADE OFICIAL DE JUSTI\u00c7A AVALIADOR FEDERAL<\/td><td>CR<\/td><\/tr><tr><td>ANALISTA JUDICI\u00c1RIO, \u00c1REA ADMINISTRATIVA<\/td><td>CR<\/td><\/tr><tr><td>ANALISTA JUDICI\u00c1RIO &#8211; \u00c1REA APOIO ESPECIALIZADO, ESPECIALIDADE: CONTABILIDADE<\/td><td>CR<\/td><\/tr><tr><td>T\u00c9CNICO JUDICI\u00c1RIO, \u00c1REA ADMINISTRATIVA<\/td><td>1 + CR<\/td><\/tr><tr><td>T\u00c9CNICO JUDICI\u00c1RIO, \u00c1REA ADMINISTRATIVA, ESPECIALIDADE AGENTE DA POLICIA JUDICIAL<\/td><td>CR<\/td><\/tr><tr><td>T\u00c9CNICO JUDICI\u00c1RIO &#8211; \u00c1REA APOIO ESPECIALIZADO &#8211; ESPECIALIDADE: SUPORTE T\u00c9CNICO<\/td><td>CR<\/td><\/tr><\/tbody><\/table><figcaption class=\"wp-element-caption\">Cargos e vagas &#8211; Roraima<\/figcaption><\/figure>\n\n\n\n<p><strong>TOCANTINS<\/strong><\/p>\n\n\n\n<figure class=\"wp-block-table is-style-stripes\"><table><thead><tr><th>CARGOS<\/th><th>VAGAS<\/th><\/tr><\/thead><tbody><tr><td>ANALISTA JUDICI\u00c1RIO, \u00c1REA JUDICI\u00c1RIA<\/td><td>CR<\/td><\/tr><tr><td>ANALISTA JUDICI\u00c1RIO, \u00c1REA JUDICI\u00c1RIA, ESPECIALIDADE OFICIAL DE JUSTI\u00c7A AVALIADOR FEDERAL<\/td><td>CR<\/td><\/tr><tr><td>ANALISTA JUDICI\u00c1RIO, \u00c1REA ADMINISTRATIVA<\/td><td>CR<\/td><\/tr><tr><td>ANALISTA JUDICI\u00c1RIO &#8211; \u00c1REA APOIO ESPECIALIZADO, ESPECIALIDADE: CONTABILIDADE<\/td><td>CR<\/td><\/tr><tr><td>T\u00c9CNICO JUDICI\u00c1RIO, \u00c1REA ADMINISTRATIVA<\/td><td>CR<\/td><\/tr><tr><td>T\u00c9CNICO JUDICI\u00c1RIO, \u00c1REA ADMINISTRATIVA, ESPECIALIDADE AGENTE DA POLICIA JUDICIAL<\/td><td>CR<\/td><\/tr><\/tbody><\/table><figcaption class=\"wp-element-caption\">Cargos e vagas &#8211; Tocantins<\/figcaption><\/figure>\n\n\n\n<p><strong>DISTRITO FEDERAL<\/strong><\/p>\n\n\n\n<figure class=\"wp-block-table is-style-stripes\"><table><thead><tr><th>CARGOS<\/th><th>VAGAS<\/th><\/tr><\/thead><tbody><tr><td>ANALISTA JUDICI\u00c1RIO, \u00c1REA JUDICI\u00c1RIA<\/td><td>1 + CR<\/td><\/tr><tr><td>ANALISTA JUDICI\u00c1RIO, \u00c1REA JUDICI\u00c1RIA, ESPECIALIDADE OFICIAL DE JUSTI\u00c7A AVALIADOR FEDERAL<\/td><td>CR<\/td><\/tr><tr><td>ANALISTA JUDICI\u00c1RIO, \u00c1REA ADMINISTRATIVA<\/td><td>CR<\/td><\/tr><tr><td>ANALISTA JUDICI\u00c1RIO &#8211; \u00c1REA APOIO ESPECIALIZADO, ESPECIALIDADE: MEDICINA (CL\u00cdNICA GERAL)<\/td><td>CR<\/td><\/tr><tr><td>ANALISTA JUDICI\u00c1RIO &#8211; \u00c1REA APOIO ESPECIALIZADO, ESPECIALIDADE: MEDICINA (ORTOPEDIA)<\/td><td>CR<\/td><\/tr><tr><td>ANALISTA JUDICI\u00c1RIO &#8211; \u00c1REA APOIO ESPECIALIZADO, ESPECIALIDADE: MEDICINA (CARDIOLOGIA)<\/td><td>CR<\/td><\/tr><tr><td>ANALISTA JUDICI\u00c1RIO &#8211; \u00c1REA APOIO ESPECIALIZADO, ESPECIALIDADE: MEDICINA (DO TRABALHO)<\/td><td>CR<\/td><\/tr><tr><td>ANALISTA JUDICI\u00c1RIO &#8211; \u00c1REA APOIO ESPECIALIZADO, ESPECIALIDADE: ENFERMAGEM<\/td><td>CR<\/td><\/tr><tr><td>ANALISTA JUDICI\u00c1RIO &#8211; \u00c1REA APOIO ESPECIALIZADO, ESPECIALIDADE: ODONTOLOGIA<\/td><td>CR<\/td><\/tr><tr><td>ANALISTA JUDICI\u00c1RIO &#8211; \u00c1REA APOIO ESPECIALIZADO, ESPECIALIDADE: SERVI\u00c7O SOCIAL<\/td><td>CR<\/td><\/tr><tr><td>ANALISTA JUDICI\u00c1RIO &#8211; \u00c1REA APOIO ESPECIALIZADO, ESPECIALIDADE: PSICOLOGIA<\/td><td>CR<\/td><\/tr><tr><td>ANALISTA JUDICI\u00c1RIO &#8211; \u00c1REA APOIO ESPECIALIZADO, ESPECIALIDADE: FISIOTERAPIA<\/td><td>CR<\/td><\/tr><tr><td>ANALISTA JUDICI\u00c1RIO &#8211; \u00c1REA APOIO ESPECIALIZADO, ESPECIALIDADE: ENGENHARIA DE SEGURAN\u00c7A DO TRABALHO<\/td><td>CR<\/td><\/tr><tr><td>ANALISTA JUDICI\u00c1RIO &#8211; \u00c1REA APOIO ESPECIALIZADO, ESPECIALIDADE: ENGENHARIA CIVIL<\/td><td>1 + CR<\/td><\/tr><tr><td>ANALISTA JUDICI\u00c1RIO &#8211; \u00c1REA APOIO ESPECIALIZADO, ESPECIALIDADE: ENGENHARIA EL\u00c9TRICA<\/td><td>CR<\/td><\/tr><tr><td>ANALISTA JUDICI\u00c1RIO &#8211; \u00c1REA APOIO ESPECIALIZADO, ESPECIALIDADE: ENGENHARIA MEC\u00c2NICA<\/td><td>CR<\/td><\/tr><tr><td>ANALISTA JUDICI\u00c1RIO &#8211; \u00c1REA APOIO ESPECIALIZADO, ESPECIALIDADE: ARQUITETURA<\/td><td>1 + CR<\/td><\/tr><tr><td>ANALISTA JUDICI\u00c1RIO &#8211; \u00c1REA APOIO ESPECIALIZADO, ESPECIALIDADE: AN\u00c1LISE DE DADOS<\/td><td>CR<\/td><\/tr><tr><td>ANALISTA JUDICI\u00c1RIO &#8211; \u00c1REA APOIO ESPECIALIZADO, ESPECIALIDADE: AN\u00c1LISE DE SISTEMAS DE INFORMA\u00c7\u00c3O<\/td><td>CR<\/td><\/tr><tr><td>ANALISTA JUDICI\u00c1RIO &#8211; \u00c1REA APOIO ESPECIALIZADO, ESPECIALIDADE: GOVERNAN\u00c7A E GEST\u00c3O DE TECNOLOGIA DA INFORMA\u00c7\u00c3O<\/td><td>CR<\/td><\/tr><tr><td>ANALISTA JUDICI\u00c1RIO &#8211; \u00c1REA APOIO ESPECIALIZADO, ESPECIALIDADE: SUPORTE EM TECNOLOGIA DA INFORMA\u00c7\u00c3O<\/td><td>CR<\/td><\/tr><tr><td>ANALISTA JUDICI\u00c1RIO &#8211; \u00c1REA APOIO ESPECIALIZADO, ESPECIALIDADE: SEGURAN\u00c7A DA INFORMA\u00c7\u00c3O<\/td><td>CR<\/td><\/tr><tr><td>ANALISTA JUDICI\u00c1RIO &#8211; \u00c1REA APOIO ESPECIALIZADO &#8211; ESPECIALIDADE: TECNOLOGIA DA INFORMA\u00c7\u00c3O<\/td><td>CR<\/td><\/tr><tr><td>T\u00c9CNICO JUDICI\u00c1RIO, \u00c1REA ADMINISTRATIVA<\/td><td>4 + CR<\/td><\/tr><tr><td>T\u00c9CNICO JUDICI\u00c1RIO, \u00c1REA ADMINISTRATIVA, ESPECIALIDADE AGENTE DA POLICIA JUDICIAL<\/td><td>CR<\/td><\/tr><tr><td>T\u00c9CNICO JUDICI\u00c1RIO -\u00c1REA APOIO ESPECIALIZADO, ESPECIALIDADE: CONTABILIDADE<\/td><td>CR<\/td><\/tr><tr><td>T\u00c9CNICO JUDICI\u00c1RIO -\u00c1REA APOIO ESPECIALIZADO, ESPECIALIDADE: ENFERMAGEM<\/td><td>CR<\/td><\/tr><tr><td>T\u00c9CNICO JUDICI\u00c1RIO -\u00c1REA APOIO ESPECIALIZADO, ESPECIALIDADE: DESENVOLVIMENTO DE SISTEMAS DE INFORMA\u00c7\u00c3O<\/td><td>2 + CR<\/td><\/tr><tr><td>T\u00c9CNICO JUDICI\u00c1RIO -\u00c1REA APOIO ESPECIALIZADO, ESPECIALIDADE: SUPORTE T\u00c9CNICO<\/td><td>CR<\/td><\/tr><tr><td>T\u00c9CNICO JUDICI\u00c1RIO -\u00c1REA APOIO ESPECIALIZADO, ESPECIALIDADE: TECNOLOGIA DA INFORMA\u00c7\u00c3O<\/td><td>2 + CR<\/td><\/tr><\/tbody><\/table><figcaption class=\"wp-element-caption\">Cargos e vagas &#8211; DF<\/figcaption><\/figure>\n\n\n\n<h2 class=\"wp-block-heading\" id=\"etapas\">Etapas e provas do concurso TRF 1<\/h2>\n\n\n\n<p>Sob organiza\u00e7\u00e3o da banca FGV, os candidatos inscritos no edital do concurso TRF 1 s\u00e3o avaliados por meio da aplica\u00e7\u00e3o das seguintes etapas:<\/p>\n\n\n\n<ul class=\"wp-block-list\">\n<li><strong>Prova objetiva <\/strong>(eliminat\u00f3rio e classificat\u00f3rio);<\/li>\n\n\n\n<li><strong>Prova discursiva <\/strong>(eliminat\u00f3rio e classificat\u00f3rio);<\/li>\n\n\n\n<li><strong>Teste de Aptid\u00e3o F\u00edsica<\/strong> (eliminat\u00f3rio \u2013 apenas para Analista Judici\u00e1rio (Inspetor de Pol\u00edcia Judicial) e T\u00e9cnico Judici\u00e1rio (Agente da Pol\u00edcia Judicial);<\/li>\n\n\n\n<li><strong>Heteroidentifica\u00e7\u00e3o<\/strong>; e<\/li>\n\n\n\n<li><strong>Per\u00edcia M\u00e9dica<\/strong>.<\/li>\n<\/ul>\n\n\n\n<p>As provas objetivas e discursiva foram realizadas no dia 29 de setembro de 2024, nos turnos da manh\u00e3 e da tarde, sendo:<\/p>\n\n\n\n<ul class=\"wp-block-list\">\n<li>Das 8h at\u00e9 \u00e0s 13h para Analista Judici\u00e1rio; e<\/li>\n\n\n\n<li>Das 15h at\u00e9 \u00e0s 20h para T\u00e9cnico Judici\u00e1rio.<\/li>\n<\/ul>\n\n\n\n<p>O edital teve provas aplicadas nas seguintes localidades:<\/p>\n\n\n\n<ul class=\"wp-block-list\">\n<li>S\u00e3o Lu\u00eds<\/li>\n\n\n\n<li>Bel\u00e9m<\/li>\n\n\n\n<li>Boa Vista<\/li>\n\n\n\n<li>Macap\u00e1<\/li>\n\n\n\n<li>Manaus<\/li>\n\n\n\n<li>Cuiab\u00e1<\/li>\n\n\n\n<li>Goi\u00e2nia<\/li>\n\n\n\n<li>Salvador<\/li>\n\n\n\n<li>Teresina<\/li>\n\n\n\n<li>Palmas<\/li>\n\n\n\n<li>Porto Velho<\/li>\n\n\n\n<li>Bras\u00edlia<\/li>\n<\/ul>\n\n\n\n<h3 class=\"wp-block-heading\" id=\"h-prova-objetiva\">Prova objetiva<\/h3>\n\n\n\n<p>Para todos os cargos, a Prova Objetiva foi composta por 80 quest\u00f5es de m\u00faltipla escolha, numeradas sequencialmente, com cinco alternativas e apenas uma resposta correta.<\/p>\n\n\n\n<p>Os candidatos responderam quest\u00f5es das seguintes disciplinas:<\/p>\n\n\n\n<ul class=\"wp-block-list\">\n<li>L\u00edngua Portuguesa;<\/li>\n\n\n\n<li>Racioc\u00ednio L\u00f3gico e Matem\u00e1tico;<\/li>\n\n\n\n<li>No\u00e7\u00f5es de sustentabilidade;<\/li>\n\n\n\n<li>No\u00e7\u00f5es de direitos humanos e fundamentais e de acessibilidade; e<\/li>\n\n\n\n<li>Conhecimentos Espec\u00edficos.<\/li>\n<\/ul>\n\n\n\n<h3 class=\"wp-block-heading\" id=\"h-prova-discursiva\">Prova discursiva<\/h3>\n\n\n\n<p>A prova discursiva foi aplicada no mesmo dia da prova objetiva, composta pela realiza\u00e7\u00e3o de uma reda\u00e7\u00e3o que teve que ser redigida em g\u00eanero dissertativo-argumentativo, com n\u00famero m\u00ednimo de 15 e m\u00e1ximo de 20 linhas. A etapa valeu 20 pontos.<\/p>\n\n\n\n<h3 class=\"wp-block-heading\" id=\"h-teste-de-aptidao-fisica-taf\">Teste de Aptid\u00e3o F\u00edsica (TAF)<\/h3>\n\n\n\n<p>O teste de aptid\u00e3o f\u00edsica, de car\u00e1ter eliminat\u00f3rio, foi realizado exclusivamente para os seguintes cargos:<\/p>\n\n\n\n<ul class=\"wp-block-list\">\n<li>Analista Judici\u00e1rio \u2013 \u00c1rea Administrativa \u2013 Especialidade: Inspetor de Pol\u00edcia Judicial e<\/li>\n\n\n\n<li>T\u00e9cnico Judici\u00e1rio \u2013 \u00c0rea Administrativa \u2013 Especialidade: Agente da Pol\u00edcia Judicial.<\/li>\n<\/ul>\n\n\n\n<p>A etapa foi composta pelos seguintes exerc\u00edcios:<\/p>\n\n\n\n<ul class=\"wp-block-list\">\n<li>FLEX\u00c3O NA BARRA FIXA para o sexo masculino;<\/li>\n\n\n\n<li>SUSPENS\u00c3O NA BARRA FIXA para o sexo feminino;<\/li>\n\n\n\n<li>ABDOMINAL REMADOR para o sexo masculino e feminino;<\/li>\n\n\n\n<li>CORRIDA DE 12 MINUTOS para o sexo masculino e feminino.<\/li>\n<\/ul>\n\n\n\n<p>Ser\u00e3o convocados para o TAF todos os candidatos aprovados nas provas objetivas e discursivas.<\/p>\n\n\n\n<h2 class=\"wp-block-heading\" id=\"carreira\">Carreira no TRF1<\/h2>\n\n\n\n<h3 class=\"wp-block-heading\" id=\"h-alteracao-de-escolaridade\">Altera\u00e7\u00e3o de escolaridade<\/h3>\n\n\n\n<p>Foi promulgado o Projeto de Lei <strong>3662\/21<\/strong>, que altera a escolaridade do cargo de T\u00e9cnico Judici\u00e1rio e estabelece o n\u00edvel superior como requisito aos <strong>concursos Tribunais<\/strong>.<\/p>\n\n\n\n<p>Segundo a Federa\u00e7\u00e3o Nacional dos Trabalhadores e Trabalhadoras do Judici\u00e1rio Federal e Minist\u00e9rio P\u00fablico da Uni\u00e3o (Fenajufe) a altera\u00e7\u00e3o da escolaridade valoriza a carreira de T\u00e9cnico Judici\u00e1rio, visto que as atividades desempenhadas pelos t\u00e9cnicos s\u00e3o complexas e sua import\u00e2ncia necessitava de reconhecimento.<\/p>\n\n\n\n<p>Sendo assim, para assumir o cargo de T\u00e9cnico Judici\u00e1rio, os candidatos agora devem possuir como requisito n\u00edvel superior de escolaridade. <\/p>\n\n\n\n<h3 class=\"wp-block-heading\" id=\"vagos-trf1\">Cargos vagos <\/h3>\n\n\n\n<p>Conforme o \u00faltimo levantamento disponibilizado pelo TRF 1, <a href=\"https:\/\/www.trf1.jus.br\/trf1\/pessoal-e-beneficios\/cargos-vagos-da-justica-federal-da-1-regiao\">de janeiro de 2025<\/a>, a situa\u00e7\u00e3o do quadro de cargos vagos \u00e9 a seguinte:<\/p>\n\n\n\n<ul class=\"wp-block-list\">\n<li><strong>Analista &#8211; N\u00edvel Superior: <\/strong>49 cargos vagos<\/li>\n\n\n\n<li><strong>T\u00e9cnico &#8211; Administrativo &#8211; N\u00edvel superior: <\/strong>70 cargos vagos<\/li>\n<\/ul>\n\n\n\n<h3 class=\"wp-block-heading\" id=\"vara-trf1\">Nova vara e novas vagas do TRF 1<\/h3>\n\n\n\n<p><span style=\"color: #000000;\">O \u00f3rg\u00e3o publicou uma portaria que autoriza a instala\u00e7\u00e3o da 2\u00aa Vara Federal da Subse\u00e7\u00e3o Judici\u00e1ria de Aragua\u00edna\/TO. <\/span><\/p>\n\n\n\n<p><span style=\"color: #000000;\">A portaria de n\u00ba 276\/2017 definiu a data para a instala\u00e7\u00e3o da 2\u00aa Vara Federal: dia 16 de outubro. O documento foi publicado no site oficial da Justi\u00e7a Federal, Se\u00e7\u00e3o de Tocantins. <\/span><\/p>\n\n\n\n<h2 class=\"wp-block-heading has-text-align-center\" id=\"guia\"><a href=\"https:\/\/docs.google.com\/spreadsheets\/d\/1jf-XwSvX-22DfaZjQrLOn5EfQjBgKAQW\/edit?gid=995775976#gid=995775976\"><em>Guia estrat\u00e9gico TRF 1<\/em><\/a><\/h2>\n\n\n\n<h2 class=\"wp-block-heading has-text-align-center\" id=\"h-quer-saber-tudo-sobre-concursos-previstos-confira-nossos-artigos\">Quer saber tudo sobre concursos previstos?<br \/>Confira nossos artigos!<\/h2>\n\n\n\n<ul class=\"wp-block-list\">\n<li><a href=\"https:\/\/www.estrategiaconcursos.com.br\/blog\/concursos-abertos\/\" target=\"_blank\" rel=\"noreferrer noopener\">Concursos abertos<\/a><\/li>\n\n\n\n<li><a href=\"https:\/\/www.estrategiaconcursos.com.br\/blog\/concursos-tribunais\/\">Concursos tribunais<\/a><\/li>\n\n\n\n<li><a href=\"https:\/\/www.estrategiaconcursos.com.br\/blog\/concursos-trf\/\">Concursos TRF<\/a><\/li>\n\n\n\n<li><a href=\"https:\/\/www.estrategiaconcursos.com.br\/blog\/concursos-2026\/\" target=\"_blank\" rel=\"noreferrer noopener\">Concursos 2026<\/a><br \/><\/li>\n<\/ul>\n\n\n\n<h2 class=\"wp-block-heading has-text-align-center\" id=\"cursos-assinatura\"><em>Quer estudar para Concurso TRF1?<\/em><\/h2>\n\n\n\n<p class=\"has-text-align-center\" id=\"curso\"><em><strong>Gostou desta oportunidade e deseja come\u00e7ar se preparar agora mesmo? Ent\u00e3o, confira os nossos cursos e comece a estudar para TRF1:<\/strong><\/em><\/p>\n\n\n\n<div class=\"container\" id=\"boxes\">\n  <div class=\"row\">\n\n    <div class=\"col-sm\">\n      <div class=\"banner-tribunal\" id=\"box-assinatura\">\n        <h3 class=\"titulo-assinatura\">Curso TRF 1<\/h3>\n        <p class=\"subtitulo-assinatura\">Conhe\u00e7a os cursos<\/p>\n        <div class=\"box-botao\">\n          <a class=\"btn-assinatura\" target=\"_blank\" href=\"https:\/\/www.estrategiaconcursos.com.br\/cursosPorConcurso\/trf-1-regiao-tribunal-regional-federal\/\" role=\"button\" rel=\"noopener noreferrer\">Conhe\u00e7a mais<\/a>\n        <\/div>\n      <\/div>\n      <p class=\"texto-auxiliar\">Prepare-se com o melhor material e com quem mais aprova em Concursos P\u00fablicos em todo o pa\u00eds.<\/p>\n    <\/div>\n\n  <\/div>\n<\/div>\n\n\n\n<div class=\"container\" id=\"boxes\">\n  <div class=\"row\">\n    <div class=\"col-sm\">\n      <div class=\"estrategia\" id=\"box-assinatura\">\n        <h3 class=\"titulo-assinatura\">Assinatura Concursos<\/h3>\n        <p class=\"subtitulo-assinatura\">Assinatura de 1 ano ou 2 anos*<\/p>\n        <div class=\"box-botao\">\n          <a class=\"btn-assinatura\" target=\"_blank\" href=\"https:\/\/www.estrategiaconcursos.com.br\/assinaturas\/\" role=\"button\" rel=\"noopener noreferrer\">ASSINE AGORA<\/a>\n        <\/div>\n      <\/div>\n      <p class=\"texto-auxiliar\"><\/p>\n    <\/div>\n    <div class=\"col-sm\">\n      <div class=\"questoes\" id=\"box-assinatura\">\n        <h3 class=\"titulo-assinatura\">Sistema de Quest\u00f5es<\/h3>\n        <p class=\"subtitulo-assinatura\">Assinatura de 1 ano ou 2 anos\n<\/p>\n        <div class=\"box-botao\">\n          <a class=\"btn-assinatura\" target=\"_blank\" href=\"https:\/\/www.estrategiaconcursos.com.br\/cursosPorConcurso\/sistema-de-questoes\/#\/\" role=\"button\" rel=\"noopener noreferrer\">ASSINE AGORA<\/a>\n        <\/div>\n      <\/div>\n      <p class=\"texto-auxiliar\"><\/p>\n    <\/div>\n  <\/div>\n<\/div>\n\n\n\n<figure class=\"wp-block-image size-large is-resized\"><img loading=\"lazy\" decoding=\"async\" width=\"1024\" height=\"632\" src=\"https:\/\/dhg1h5j42swfq.cloudfront.net\/2021\/04\/06121605\/ficha-tecnica-98-1024x632.png\" alt=\"Ficha t\u00e9cnica concurso TRF 1\" class=\"wp-image-708469\" style=\"width:223px;height:auto\" srcset=\"https:\/\/dhg1h5j42swfq.cloudfront.net\/2021\/04\/06121605\/ficha-tecnica-98-1024x632.png 1024w, https:\/\/dhg1h5j42swfq.cloudfront.net\/2021\/04\/06121605\/ficha-tecnica-98-300x185.png 300w, https:\/\/dhg1h5j42swfq.cloudfront.net\/2021\/04\/06121605\/ficha-tecnica-98-768x474.png 768w, https:\/\/dhg1h5j42swfq.cloudfront.net\/2021\/04\/06121605\/ficha-tecnica-98-1536x948.png 1536w, https:\/\/dhg1h5j42swfq.cloudfront.net\/2021\/04\/06121605\/ficha-tecnica-98-610x377.png 610w, https:\/\/dhg1h5j42swfq.cloudfront.net\/2021\/04\/06121605\/ficha-tecnica-98.png 1571w\" sizes=\"auto, (max-width: 1024px) 100vw, 1024px\" \/><\/figure>\n\n\n\n<h3 class=\"wp-block-heading\" id=\"block-ba1614b5-988b-41ef-892d-f4c9f7e9dd42\">Informa\u00e7\u00f5es do edital TRF 1<\/h3>\n\n\n\n<ul id=\"block-46dd482c-33cf-409c-8762-75c111403f14\" class=\"wp-block-list\">\n<li><strong>Provas<\/strong>: <s>29\/09\/2024<\/s><\/li>\n\n\n\n<li><strong>Vagas<\/strong>: 17 + CR<\/li>\n\n\n\n<li><strong>Cargos<\/strong>: Analista e T\u00e9cnico <\/li>\n\n\n\n<li><strong>Banca<\/strong>: FGV<\/li>\n\n\n\n<li><strong>Escolaridade<\/strong>: Superior <\/li>\n\n\n\n<li><strong>Edital<\/strong>:&nbsp; <a href=\"https:\/\/dhg1h5j42swfq.cloudfront.net\/2024\/06\/14055028\/trf1-edital-de-abertura-1.pdf\" target=\"_blank\" rel=\"noreferrer noopener nofollow\">TRF 1 2024<\/a><\/li>\n<\/ul>\n","protected":false},"excerpt":{"rendered":"<p>Foi divulgada a homologa\u00e7\u00e3o do resultado final do concurso TRF 1 (Tribunal Regional Federal da 1\u00aa Regi\u00e3o). Vale lembrar que, em mar\u00e7o de 2025, j\u00e1 havia sido publicada, no Di\u00e1rio Oficial da Uni\u00e3o, a homologa\u00e7\u00e3o do resultado final para os cargos que n\u00e3o possu\u00edam TAF. Ao todo, foram registradas mais de 86 mil inscri\u00e7\u00f5es! A [&hellip;]<\/p>\n","protected":false},"author":1,"featured_media":1329168,"comment_status":"open","ping_status":"open","sticky":false,"template":"","format":"standard","meta":{"post_tipo":"news_page","footnotes":""},"categories":[1984],"tags":[947,814],"tax_estado":[219964,219966,219967,219968,219970,219972,219973,219974,219976,219977,219980,219984,219985,219990],"class_list":["post-24787","post","type-post","status-publish","format-standard","has-post-thumbnail","hentry","category-tribunais","tag-concurso-trf-1","tag-trf-1","tax_estado-ac","tax_estado-am","tax_estado-ap","tax_estado-ba","tax_estado-df","tax_estado-go","tax_estado-ma","tax_estado-mg","tax_estado-mt","tax_estado-pa","tax_estado-pi","tax_estado-ro","tax_estado-rr","tax_estado-to"],"acf":[],"yoast_head":"<!-- This site is optimized with the Yoast SEO Premium plugin v27.2 (Yoast SEO v27.2) - https:\/\/yoast.com\/product\/yoast-seo-premium-wordpress\/ -->\n<title>Concurso TRF 1 ter\u00e1 novos sal\u00e1rios em 2026; veja!<\/title>\n<meta name=\"description\" content=\"Concurso TRF 1: edital ofertou 17 vagas + CR aos cargos de T\u00e9cnico e Analista Judici\u00e1rio. Resultado homologado!\" \/>\n<meta name=\"robots\" content=\"index, follow, max-snippet:-1, max-image-preview:large, max-video-preview:-1\" \/>\n<link rel=\"canonical\" href=\"https:\/\/www.estrategiaconcursos.com.br\/blog\/concurso-trf-1\/\" \/>\n<meta property=\"og:locale\" content=\"pt_BR\" \/>\n<meta property=\"og:type\" content=\"article\" \/>\n<meta property=\"og:title\" content=\"Concurso TRF 1 ter\u00e1 novos sal\u00e1rios em 2026; veja!\" \/>\n<meta property=\"og:description\" content=\"Concurso TRF 1: edital ofertou 17 vagas + CR aos cargos de T\u00e9cnico e Analista Judici\u00e1rio. Resultado homologado!\" \/>\n<meta property=\"og:url\" content=\"https:\/\/www.estrategiaconcursos.com.br\/blog\/concurso-trf-1\/\" \/>\n<meta property=\"og:site_name\" content=\"Estrat\u00e9gia Concursos\" \/>\n<meta property=\"article:author\" content=\"https:\/\/www.facebook.com\/EstrategiaConcursos\" \/>\n<meta property=\"article:published_time\" content=\"2025-12-23T19:57:00+00:00\" \/>\n<meta property=\"article:modified_time\" content=\"2026-02-11T12:08:18+00:00\" \/>\n<meta property=\"og:image\" content=\"https:\/\/dhg1h5j42swfq.cloudfront.net\/2023\/12\/03175539\/trf-1.jpg\" \/>\n\t<meta property=\"og:image:width\" content=\"768\" \/>\n\t<meta property=\"og:image:height\" content=\"432\" \/>\n\t<meta property=\"og:image:type\" content=\"image\/jpeg\" \/>\n<meta name=\"author\" content=\"Coordena\u00e7\u00e3o\" \/>\n<meta name=\"twitter:card\" content=\"summary_large_image\" \/>\n<meta name=\"twitter:creator\" content=\"@EstratConcursos\" \/>\n<meta name=\"twitter:site\" content=\"@EstratConcursos\" \/>\n<meta name=\"twitter:label1\" content=\"Escrito por\" \/>\n\t<meta name=\"twitter:data1\" content=\"Coordena\u00e7\u00e3o\" \/>\n\t<meta name=\"twitter:label2\" content=\"Est. tempo de leitura\" \/>\n\t<meta name=\"twitter:data2\" content=\"6 minutos\" \/>\n<script type=\"application\/ld+json\" class=\"yoast-schema-graph\">{\"@context\":\"https:\/\/schema.org\",\"@graph\":[{\"@type\":\"NewsArticle\",\"@id\":\"https:\/\/www.estrategiaconcursos.com.br\/blog\/concurso-trf-1\/#article\",\"isPartOf\":{\"@id\":\"https:\/\/www.estrategiaconcursos.com.br\/blog\/concurso-trf-1\/\"},\"author\":{\"name\":\"Coordena\u00e7\u00e3o\",\"@id\":\"https:\/\/www.estrategiaconcursos.com.br\/blog\/#\/schema\/person\/b4a388c97673c5f483d72185668afa1f\"},\"headline\":\"Concurso TRF 1 ter\u00e1 novos sal\u00e1rios em 2026; veja!\",\"datePublished\":\"2025-12-23T19:57:00+00:00\",\"dateModified\":\"2026-02-11T12:08:18+00:00\",\"mainEntityOfPage\":{\"@id\":\"https:\/\/www.estrategiaconcursos.com.br\/blog\/concurso-trf-1\/\"},\"wordCount\":2624,\"commentCount\":63,\"publisher\":{\"@id\":\"https:\/\/www.estrategiaconcursos.com.br\/blog\/#organization\"},\"image\":{\"@id\":\"https:\/\/www.estrategiaconcursos.com.br\/blog\/concurso-trf-1\/#primaryimage\"},\"thumbnailUrl\":\"https:\/\/dhg1h5j42swfq.cloudfront.net\/2023\/12\/03175539\/trf-1.jpg\",\"keywords\":[\"concurso trf 1\",\"TRF 1\"],\"articleSection\":[\"Tribunais\"],\"inLanguage\":\"pt-BR\",\"potentialAction\":[{\"@type\":\"CommentAction\",\"name\":\"Comment\",\"target\":[\"https:\/\/www.estrategiaconcursos.com.br\/blog\/concurso-trf-1\/#respond\"]}],\"copyrightYear\":\"2025\",\"copyrightHolder\":{\"@id\":\"https:\/\/www.estrategiaconcursos.com.br\/blog\/#organization\"}},{\"@type\":\"WebPage\",\"@id\":\"https:\/\/www.estrategiaconcursos.com.br\/blog\/concurso-trf-1\/\",\"url\":\"https:\/\/www.estrategiaconcursos.com.br\/blog\/concurso-trf-1\/\",\"name\":\"Concurso TRF 1 ter\u00e1 novos sal\u00e1rios em 2026; veja!\",\"isPartOf\":{\"@id\":\"https:\/\/www.estrategiaconcursos.com.br\/blog\/#website\"},\"primaryImageOfPage\":{\"@id\":\"https:\/\/www.estrategiaconcursos.com.br\/blog\/concurso-trf-1\/#primaryimage\"},\"image\":{\"@id\":\"https:\/\/www.estrategiaconcursos.com.br\/blog\/concurso-trf-1\/#primaryimage\"},\"thumbnailUrl\":\"https:\/\/dhg1h5j42swfq.cloudfront.net\/2023\/12\/03175539\/trf-1.jpg\",\"datePublished\":\"2025-12-23T19:57:00+00:00\",\"dateModified\":\"2026-02-11T12:08:18+00:00\",\"description\":\"Concurso TRF 1: edital ofertou 17 vagas + CR aos cargos de T\u00e9cnico e Analista Judici\u00e1rio. Resultado homologado!\",\"breadcrumb\":{\"@id\":\"https:\/\/www.estrategiaconcursos.com.br\/blog\/concurso-trf-1\/#breadcrumb\"},\"inLanguage\":\"pt-BR\",\"potentialAction\":[{\"@type\":\"ReadAction\",\"target\":[\"https:\/\/www.estrategiaconcursos.com.br\/blog\/concurso-trf-1\/\"]}]},{\"@type\":\"ImageObject\",\"inLanguage\":\"pt-BR\",\"@id\":\"https:\/\/www.estrategiaconcursos.com.br\/blog\/concurso-trf-1\/#primaryimage\",\"url\":\"https:\/\/dhg1h5j42swfq.cloudfront.net\/2023\/12\/03175539\/trf-1.jpg\",\"contentUrl\":\"https:\/\/dhg1h5j42swfq.cloudfront.net\/2023\/12\/03175539\/trf-1.jpg\",\"width\":768,\"height\":432,\"caption\":\"TRF 1\"},{\"@type\":\"BreadcrumbList\",\"@id\":\"https:\/\/www.estrategiaconcursos.com.br\/blog\/concurso-trf-1\/#breadcrumb\",\"itemListElement\":[{\"@type\":\"ListItem\",\"position\":1,\"name\":\"In\u00edcio\",\"item\":\"https:\/\/www.estrategiaconcursos.com.br\/blog\/\"},{\"@type\":\"ListItem\",\"position\":2,\"name\":\"Concurso TRF 1 ter\u00e1 novos sal\u00e1rios em 2026; veja!\"}]},{\"@type\":\"WebSite\",\"@id\":\"https:\/\/www.estrategiaconcursos.com.br\/blog\/#website\",\"url\":\"https:\/\/www.estrategiaconcursos.com.br\/blog\/\",\"name\":\"Estrat\u00e9gia Concursos\",\"description\":\"O blog da Estrat\u00e9gia Concursos traz not\u00edcias sobre concursos e artigos de professores oferecendo cursos para concursos (pdf + videaulas) no site.\",\"publisher\":{\"@id\":\"https:\/\/www.estrategiaconcursos.com.br\/blog\/#organization\"},\"potentialAction\":[{\"@type\":\"SearchAction\",\"target\":{\"@type\":\"EntryPoint\",\"urlTemplate\":\"https:\/\/www.estrategiaconcursos.com.br\/blog\/?s={search_term_string}\"},\"query-input\":{\"@type\":\"PropertyValueSpecification\",\"valueRequired\":true,\"valueName\":\"search_term_string\"}}],\"inLanguage\":\"pt-BR\"},{\"@type\":\"Organization\",\"@id\":\"https:\/\/www.estrategiaconcursos.com.br\/blog\/#organization\",\"name\":\"Estrat\u00e9gia Concursos\",\"url\":\"https:\/\/www.estrategiaconcursos.com.br\/blog\/\",\"logo\":{\"@type\":\"ImageObject\",\"inLanguage\":\"pt-BR\",\"@id\":\"https:\/\/www.estrategiaconcursos.com.br\/blog\/#\/schema\/logo\/image\/\",\"url\":\"https:\/\/dhg1h5j42swfq.cloudfront.net\/2025\/06\/03203428\/logo_concursos-1.jpg\",\"contentUrl\":\"https:\/\/dhg1h5j42swfq.cloudfront.net\/2025\/06\/03203428\/logo_concursos-1.jpg\",\"width\":230,\"height\":60,\"caption\":\"Estrat\u00e9gia Concursos\"},\"image\":{\"@id\":\"https:\/\/www.estrategiaconcursos.com.br\/blog\/#\/schema\/logo\/image\/\"},\"sameAs\":[\"https:\/\/x.com\/EstratConcursos\"]},{\"@type\":\"Person\",\"@id\":\"https:\/\/www.estrategiaconcursos.com.br\/blog\/#\/schema\/person\/b4a388c97673c5f483d72185668afa1f\",\"name\":\"Coordena\u00e7\u00e3o\",\"image\":{\"@type\":\"ImageObject\",\"inLanguage\":\"pt-BR\",\"@id\":\"https:\/\/secure.gravatar.com\/avatar\/b720319e4c9a967eb58678d110f4fe35452fc5d5f97b202bac7b8acceb18c6ad?s=96&d=mm&r=g\",\"url\":\"https:\/\/secure.gravatar.com\/avatar\/b720319e4c9a967eb58678d110f4fe35452fc5d5f97b202bac7b8acceb18c6ad?s=96&d=mm&r=g\",\"contentUrl\":\"https:\/\/secure.gravatar.com\/avatar\/b720319e4c9a967eb58678d110f4fe35452fc5d5f97b202bac7b8acceb18c6ad?s=96&d=mm&r=g\",\"caption\":\"Coordena\u00e7\u00e3o\"},\"sameAs\":[\"https:\/\/www.facebook.com\/EstrategiaConcursos\",\"https:\/\/x.com\/EstratConcursos\"],\"url\":\"https:\/\/www.estrategiaconcursos.com.br\/blog\/author\/estrategia2013\/\"}]}<\/script>\n<!-- \/ Yoast SEO Premium plugin. -->","yoast_head_json":{"title":"Concurso TRF 1 ter\u00e1 novos sal\u00e1rios em 2026; veja!","description":"Concurso TRF 1: edital ofertou 17 vagas + CR aos cargos de T\u00e9cnico e Analista Judici\u00e1rio. Resultado homologado!","robots":{"index":"index","follow":"follow","max-snippet":"max-snippet:-1","max-image-preview":"max-image-preview:large","max-video-preview":"max-video-preview:-1"},"canonical":"https:\/\/www.estrategiaconcursos.com.br\/blog\/concurso-trf-1\/","og_locale":"pt_BR","og_type":"article","og_title":"Concurso TRF 1 ter\u00e1 novos sal\u00e1rios em 2026; veja!","og_description":"Concurso TRF 1: edital ofertou 17 vagas + CR aos cargos de T\u00e9cnico e Analista Judici\u00e1rio. Resultado homologado!","og_url":"https:\/\/www.estrategiaconcursos.com.br\/blog\/concurso-trf-1\/","og_site_name":"Estrat\u00e9gia Concursos","article_author":"https:\/\/www.facebook.com\/EstrategiaConcursos","article_published_time":"2025-12-23T19:57:00+00:00","article_modified_time":"2026-02-11T12:08:18+00:00","og_image":[{"width":768,"height":432,"url":"https:\/\/dhg1h5j42swfq.cloudfront.net\/2023\/12\/03175539\/trf-1.jpg","type":"image\/jpeg"}],"author":"Coordena\u00e7\u00e3o","twitter_card":"summary_large_image","twitter_creator":"@EstratConcursos","twitter_site":"@EstratConcursos","twitter_misc":{"Escrito por":"Coordena\u00e7\u00e3o","Est. tempo de leitura":"6 minutos"},"schema":{"@context":"https:\/\/schema.org","@graph":[{"@type":"NewsArticle","@id":"https:\/\/www.estrategiaconcursos.com.br\/blog\/concurso-trf-1\/#article","isPartOf":{"@id":"https:\/\/www.estrategiaconcursos.com.br\/blog\/concurso-trf-1\/"},"author":{"name":"Coordena\u00e7\u00e3o","@id":"https:\/\/www.estrategiaconcursos.com.br\/blog\/#\/schema\/person\/b4a388c97673c5f483d72185668afa1f"},"headline":"Concurso TRF 1 ter\u00e1 novos sal\u00e1rios em 2026; veja!","datePublished":"2025-12-23T19:57:00+00:00","dateModified":"2026-02-11T12:08:18+00:00","mainEntityOfPage":{"@id":"https:\/\/www.estrategiaconcursos.com.br\/blog\/concurso-trf-1\/"},"wordCount":2624,"commentCount":63,"publisher":{"@id":"https:\/\/www.estrategiaconcursos.com.br\/blog\/#organization"},"image":{"@id":"https:\/\/www.estrategiaconcursos.com.br\/blog\/concurso-trf-1\/#primaryimage"},"thumbnailUrl":"https:\/\/dhg1h5j42swfq.cloudfront.net\/2023\/12\/03175539\/trf-1.jpg","keywords":["concurso trf 1","TRF 1"],"articleSection":["Tribunais"],"inLanguage":"pt-BR","potentialAction":[{"@type":"CommentAction","name":"Comment","target":["https:\/\/www.estrategiaconcursos.com.br\/blog\/concurso-trf-1\/#respond"]}],"copyrightYear":"2025","copyrightHolder":{"@id":"https:\/\/www.estrategiaconcursos.com.br\/blog\/#organization"}},{"@type":"WebPage","@id":"https:\/\/www.estrategiaconcursos.com.br\/blog\/concurso-trf-1\/","url":"https:\/\/www.estrategiaconcursos.com.br\/blog\/concurso-trf-1\/","name":"Concurso TRF 1 ter\u00e1 novos sal\u00e1rios em 2026; veja!","isPartOf":{"@id":"https:\/\/www.estrategiaconcursos.com.br\/blog\/#website"},"primaryImageOfPage":{"@id":"https:\/\/www.estrategiaconcursos.com.br\/blog\/concurso-trf-1\/#primaryimage"},"image":{"@id":"https:\/\/www.estrategiaconcursos.com.br\/blog\/concurso-trf-1\/#primaryimage"},"thumbnailUrl":"https:\/\/dhg1h5j42swfq.cloudfront.net\/2023\/12\/03175539\/trf-1.jpg","datePublished":"2025-12-23T19:57:00+00:00","dateModified":"2026-02-11T12:08:18+00:00","description":"Concurso TRF 1: edital ofertou 17 vagas + CR aos cargos de T\u00e9cnico e Analista Judici\u00e1rio. Resultado homologado!","breadcrumb":{"@id":"https:\/\/www.estrategiaconcursos.com.br\/blog\/concurso-trf-1\/#breadcrumb"},"inLanguage":"pt-BR","potentialAction":[{"@type":"ReadAction","target":["https:\/\/www.estrategiaconcursos.com.br\/blog\/concurso-trf-1\/"]}]},{"@type":"ImageObject","inLanguage":"pt-BR","@id":"https:\/\/www.estrategiaconcursos.com.br\/blog\/concurso-trf-1\/#primaryimage","url":"https:\/\/dhg1h5j42swfq.cloudfront.net\/2023\/12\/03175539\/trf-1.jpg","contentUrl":"https:\/\/dhg1h5j42swfq.cloudfront.net\/2023\/12\/03175539\/trf-1.jpg","width":768,"height":432,"caption":"TRF 1"},{"@type":"BreadcrumbList","@id":"https:\/\/www.estrategiaconcursos.com.br\/blog\/concurso-trf-1\/#breadcrumb","itemListElement":[{"@type":"ListItem","position":1,"name":"In\u00edcio","item":"https:\/\/www.estrategiaconcursos.com.br\/blog\/"},{"@type":"ListItem","position":2,"name":"Concurso TRF 1 ter\u00e1 novos sal\u00e1rios em 2026; veja!"}]},{"@type":"WebSite","@id":"https:\/\/www.estrategiaconcursos.com.br\/blog\/#website","url":"https:\/\/www.estrategiaconcursos.com.br\/blog\/","name":"Estrat\u00e9gia Concursos","description":"O blog da Estrat\u00e9gia Concursos traz not\u00edcias sobre concursos e artigos de professores oferecendo cursos para concursos (pdf + videaulas) no site.","publisher":{"@id":"https:\/\/www.estrategiaconcursos.com.br\/blog\/#organization"},"potentialAction":[{"@type":"SearchAction","target":{"@type":"EntryPoint","urlTemplate":"https:\/\/www.estrategiaconcursos.com.br\/blog\/?s={search_term_string}"},"query-input":{"@type":"PropertyValueSpecification","valueRequired":true,"valueName":"search_term_string"}}],"inLanguage":"pt-BR"},{"@type":"Organization","@id":"https:\/\/www.estrategiaconcursos.com.br\/blog\/#organization","name":"Estrat\u00e9gia Concursos","url":"https:\/\/www.estrategiaconcursos.com.br\/blog\/","logo":{"@type":"ImageObject","inLanguage":"pt-BR","@id":"https:\/\/www.estrategiaconcursos.com.br\/blog\/#\/schema\/logo\/image\/","url":"https:\/\/dhg1h5j42swfq.cloudfront.net\/2025\/06\/03203428\/logo_concursos-1.jpg","contentUrl":"https:\/\/dhg1h5j42swfq.cloudfront.net\/2025\/06\/03203428\/logo_concursos-1.jpg","width":230,"height":60,"caption":"Estrat\u00e9gia Concursos"},"image":{"@id":"https:\/\/www.estrategiaconcursos.com.br\/blog\/#\/schema\/logo\/image\/"},"sameAs":["https:\/\/x.com\/EstratConcursos"]},{"@type":"Person","@id":"https:\/\/www.estrategiaconcursos.com.br\/blog\/#\/schema\/person\/b4a388c97673c5f483d72185668afa1f","name":"Coordena\u00e7\u00e3o","image":{"@type":"ImageObject","inLanguage":"pt-BR","@id":"https:\/\/secure.gravatar.com\/avatar\/b720319e4c9a967eb58678d110f4fe35452fc5d5f97b202bac7b8acceb18c6ad?s=96&d=mm&r=g","url":"https:\/\/secure.gravatar.com\/avatar\/b720319e4c9a967eb58678d110f4fe35452fc5d5f97b202bac7b8acceb18c6ad?s=96&d=mm&r=g","contentUrl":"https:\/\/secure.gravatar.com\/avatar\/b720319e4c9a967eb58678d110f4fe35452fc5d5f97b202bac7b8acceb18c6ad?s=96&d=mm&r=g","caption":"Coordena\u00e7\u00e3o"},"sameAs":["https:\/\/www.facebook.com\/EstrategiaConcursos","https:\/\/x.com\/EstratConcursos"],"url":"https:\/\/www.estrategiaconcursos.com.br\/blog\/author\/estrategia2013\/"}]}},"_links":{"self":[{"href":"https:\/\/www.estrategiaconcursos.com.br\/blog\/wp-json\/wp\/v2\/posts\/24787","targetHints":{"allow":["GET"]}}],"collection":[{"href":"https:\/\/www.estrategiaconcursos.com.br\/blog\/wp-json\/wp\/v2\/posts"}],"about":[{"href":"https:\/\/www.estrategiaconcursos.com.br\/blog\/wp-json\/wp\/v2\/types\/post"}],"author":[{"embeddable":true,"href":"https:\/\/www.estrategiaconcursos.com.br\/blog\/wp-json\/wp\/v2\/users\/1"}],"replies":[{"embeddable":true,"href":"https:\/\/www.estrategiaconcursos.com.br\/blog\/wp-json\/wp\/v2\/comments?post=24787"}],"version-history":[{"count":377,"href":"https:\/\/www.estrategiaconcursos.com.br\/blog\/wp-json\/wp\/v2\/posts\/24787\/revisions"}],"predecessor-version":[{"id":1714271,"href":"https:\/\/www.estrategiaconcursos.com.br\/blog\/wp-json\/wp\/v2\/posts\/24787\/revisions\/1714271"}],"wp:featuredmedia":[{"embeddable":true,"href":"https:\/\/www.estrategiaconcursos.com.br\/blog\/wp-json\/wp\/v2\/media\/1329168"}],"wp:attachment":[{"href":"https:\/\/www.estrategiaconcursos.com.br\/blog\/wp-json\/wp\/v2\/media?parent=24787"}],"wp:term":[{"taxonomy":"category","embeddable":true,"href":"https:\/\/www.estrategiaconcursos.com.br\/blog\/wp-json\/wp\/v2\/categories?post=24787"},{"taxonomy":"post_tag","embeddable":true,"href":"https:\/\/www.estrategiaconcursos.com.br\/blog\/wp-json\/wp\/v2\/tags?post=24787"},{"taxonomy":"tax_estado","embeddable":true,"href":"https:\/\/www.estrategiaconcursos.com.br\/blog\/wp-json\/wp\/v2\/tax_estado?post=24787"}],"curies":[{"name":"wp","href":"https:\/\/api.w.org\/{rel}","templated":true}]}}