{"id":24600,"date":"2015-07-10T08:57:05","date_gmt":"2015-07-10T11:57:05","guid":{"rendered":"http:\/\/www.estrategiaconcursos.com.br\/blog\/?p=24600"},"modified":"2023-05-22T15:26:38","modified_gmt":"2023-05-22T18:26:38","slug":"fim-do-prazo-do-concurso-tre-ma-cargos-nivel-medio-superior","status":"publish","type":"post","link":"https:\/\/www.estrategiaconcursos.com.br\/blog\/fim-do-prazo-do-concurso-tre-ma-cargos-nivel-medio-superior\/","title":{"rendered":"ATEN\u00c7\u00c3O AO PRAZO: Termina nesta sexta-feira o per\u00edodo de inscri\u00e7\u00f5es do concurso TRE-MA. Vagas em cargos de n\u00edvel m\u00e9dio e superior e remunera\u00e7\u00e3o de at\u00e9 R$9,6 mil"},"content":{"rendered":"<p style=\"text-align: justify;\"><a href=\"https:\/\/dhg1h5j42swfq.cloudfront.net\/2015\/06\/tre-ma.jpeg\"><img loading=\"lazy\" decoding=\"async\" class=\"alignleft wp-image-23953 size-full\" src=\"https:\/\/dhg1h5j42swfq.cloudfront.net\/2015\/06\/tre-ma.jpeg\" alt=\"tre-ma\" width=\"256\" height=\"256\" srcset=\"https:\/\/dhg1h5j42swfq.cloudfront.net\/2015\/06\/tre-ma.jpeg 256w, https:\/\/dhg1h5j42swfq.cloudfront.net\/2015\/06\/tre-ma.jpeg 150w\" sizes=\"auto, (max-width: 256px) 100vw, 256px\" \/><\/a><span style=\"color: #000000;\">Termina nesta sexta-feira, 10, o per\u00edodo de inscri\u00e7\u00f5es do concurso do&nbsp;Tribunal Regional Eleitoral do Maranh\u00e3o <a style=\"color: #000000;\" href=\"https:\/\/www.estrategiaconcursos.com.br\/cursosPorConcurso\/tre-ma-tribunal-regional-eleitoral-do-maranhao-388\/\">(<span style=\"color: #0000ff;\">concurso TRE-MA<\/span><\/a>). Os interessados devem acessar endere\u00e7o o eletr\u00f4nico <span style=\"color: #0000ff;\"><a style=\"color: #0000ff;\" href=\"http:\/\/www.tre-ma.ieses.org\/index.htm\">www.tre-ma.ieses.org<\/a><\/span>&nbsp;at\u00e9 \u00e0s 16h. As taxas s\u00e3o de R$ 60 (para n\u00edvel m\u00e9dio) e R$ 75 (n\u00edvel superior).<\/span><\/p>\n<p style=\"text-align: justify;\"><span style=\"color: #000000;\">O concurso TRE-MA prev\u00ea o preenchimento de 13 vagas mais cadastro de reserva para os cargos de Analista e T\u00e9cnico Judici\u00e1rio. Os sal\u00e1rios variam de R$6.224,79 a R$9.692,84, com jornadas de trabalho de 20 horas a 40 horas semanais.<\/span><\/p>\n<p style=\"text-align: justify;\"><span style=\"color: #000000;\">O concurso ser\u00e1 efetuado mediante aplica\u00e7\u00e3o de provas objetiva e discursiva a serem realizadas em S\u00e3o Lu\u00eds (MA), na data prov\u00e1vel de 30 de agosto.&nbsp;<\/span><\/p>\n<p style=\"text-align: justify;\"><span style=\"color: #000000;\"><strong>Veja a rela\u00e7\u00e3o completa de vagas no concurso TRE-MA:<\/strong><\/span><\/p>\n<p style=\"text-align: justify;\"><span style=\"color: #000000;\">T\u00e9cnico judici\u00e1rio \u2013 \u00e1rea administrativa (9 vagas regulares e 1 para pessoa com defici\u00eancia).<\/span><\/p>\n<p style=\"text-align: justify;\"><span style=\"color: #000000;\"><strong>Vagas para cadastro de reserva:<\/strong><\/span><\/p>\n<p style=\"text-align: justify;\"><span style=\"color: #000000;\">T\u00e9cnico judici\u00e1rio \u2013 opera\u00e7\u00e3o de computadores;<\/span><br \/>\n<span style=\"color: #000000;\">Analista judici\u00e1rio \u2013 \u00e1rea judici\u00e1ria;<\/span><br \/>\n<span style=\"color: #000000;\">Analista judici\u00e1rio \u2013 \u00e1rea administrativa;<\/span><br \/>\n<span style=\"color: #000000;\">Analista judici\u00e1rio \u2013 an\u00e1lise de sistemas.<\/span><\/p>\n<p style=\"text-align: justify;\"><span style=\"color: #000000;\"><strong>Vagas para cadastro de reserva para pessoa com defici\u00eancia:<\/strong><\/span><\/p>\n<p style=\"text-align: justify;\"><span style=\"color: #000000;\">T\u00e9cnico judici\u00e1rio \u2013 programa\u00e7\u00e3o de sistemas \u2013 1 vaga regular ;<\/span><br \/>\n<span style=\"color: #000000;\">T\u00e9cnico judici\u00e1rio \u2013 edifica\u00e7\u00f5es \u2013 1 vaga regular;<\/span><br \/>\n<span style=\"color: #000000;\">Analista judici\u00e1rio \u2013 medicina \u2013 1 vaga regular;<\/span><br \/>\n<span style=\"color: #000000;\">Analista judici\u00e1rio \u2013 contabilidade \u2013 1 vaga regular.<\/span><\/p>\n<p style=\"text-align: justify;\"><span style=\"color: #000000;\"><strong>Confira o edital em:<\/strong><\/span><\/p>\n<p style=\"text-align: justify;\"><span style=\"color: #0000ff;\"><a style=\"color: #0000ff;\" href=\"https:\/\/dhg1h5j42swfq.cloudfront.net\/2015\/06\/edital_TRE-MA.pdf\">edital_TRE-MA<\/a><\/span><\/p>\n<p style=\"text-align: justify;\"><span style=\"color: #000000;\"><strong>O Estrat\u00e9gia Concurso j\u00e1 lan\u00e7ou&nbsp;cursos para o concurso TRE-MA. Veja em:<\/strong><\/span><\/p>\n<p style=\"text-align: justify;\"><span style=\"color: #0000ff;\"><a style=\"color: #0000ff;\" href=\"https:\/\/www.estrategiaconcursos.com.br\/cursosPorConcurso\/tre-ma-tribunal-regional-eleitoral-do-maranhao-388\/\">https:\/\/www.estrategiaconcursos.com.br\/cursosPorConcurso\/tre-ma-tribunal-regional-eleitoral-do-maranhao-388\/<\/a><\/span><\/p>\n<p style=\"text-align: justify;\"><span style=\"color: #000000;\">Assessoria de Comunica\u00e7\u00e3o<\/span><\/p>\n<p style=\"text-align: justify;\"><span style=\"color: #000000;\">comunicacao@estrategiaconcursos.com.br<\/span><\/p>\n","protected":false},"excerpt":{"rendered":"<p>Termina nesta sexta-feira, 10, o per\u00edodo de inscri\u00e7\u00f5es do concurso do&nbsp;Tribunal Regional Eleitoral do Maranh\u00e3o (concurso TRE-MA). Os interessados devem acessar endere\u00e7o o eletr\u00f4nico www.tre-ma.ieses.org&nbsp;at\u00e9 \u00e0s 16h. As taxas s\u00e3o de R$ 60 (para n\u00edvel m\u00e9dio) e R$ 75 (n\u00edvel superior). O concurso TRE-MA prev\u00ea o preenchimento de 13 vagas mais cadastro de reserva para [&hellip;]<\/p>\n","protected":false},"author":1,"featured_media":0,"comment_status":"open","ping_status":"open","sticky":false,"template":"","format":"standard","meta":{"post_tipo":"news","footnotes":""},"categories":[1],"tags":[674,769],"tax_estado":[219973],"class_list":["post-24600","post","type-post","status-publish","format-standard","hentry","category-cursos-e-concursos","tag-inscricoes","tag-tre-ma","tax_estado-ma"],"acf":[],"yoast_head":"<!-- This site is optimized with the Yoast SEO Premium plugin v27.2 (Yoast SEO v27.2) - https:\/\/yoast.com\/product\/yoast-seo-premium-wordpress\/ -->\n<title>ATEN\u00c7\u00c3O AO PRAZO: Termina nesta sexta-feira o per\u00edodo de inscri\u00e7\u00f5es do concurso TRE-MA. Vagas em cargos de n\u00edvel m\u00e9dio e superior e remunera\u00e7\u00e3o de at\u00e9 R$9,6 mil<\/title>\n<meta name=\"description\" content=\"Termina nesta sexta-feira, 10, o per\u00edodo de inscri\u00e7\u00f5es do concurso TRE-MA. Saiba mais sobre as inscri\u00e7\u00f5es.\" \/>\n<meta name=\"robots\" content=\"index, follow, max-snippet:-1, max-image-preview:large, max-video-preview:-1\" \/>\n<link rel=\"canonical\" href=\"https:\/\/www.estrategiaconcursos.com.br\/blog\/fim-do-prazo-do-concurso-tre-ma-cargos-nivel-medio-superior\/\" \/>\n<meta property=\"og:locale\" content=\"pt_BR\" \/>\n<meta property=\"og:type\" content=\"article\" \/>\n<meta property=\"og:title\" content=\"ATEN\u00c7\u00c3O AO PRAZO: Termina nesta sexta-feira o per\u00edodo de inscri\u00e7\u00f5es do concurso TRE-MA. Vagas em cargos de n\u00edvel m\u00e9dio e superior e remunera\u00e7\u00e3o de at\u00e9 R$9,6 mil\" \/>\n<meta property=\"og:description\" content=\"Termina nesta sexta-feira, 10, o per\u00edodo de inscri\u00e7\u00f5es do concurso TRE-MA. Saiba mais sobre as inscri\u00e7\u00f5es.\" \/>\n<meta property=\"og:url\" content=\"https:\/\/www.estrategiaconcursos.com.br\/blog\/fim-do-prazo-do-concurso-tre-ma-cargos-nivel-medio-superior\/\" \/>\n<meta property=\"og:site_name\" content=\"Estrat\u00e9gia Concursos\" \/>\n<meta property=\"article:author\" content=\"https:\/\/www.facebook.com\/EstrategiaConcursos\" \/>\n<meta property=\"article:published_time\" content=\"2015-07-10T11:57:05+00:00\" \/>\n<meta property=\"article:modified_time\" content=\"2023-05-22T18:26:38+00:00\" \/>\n<meta property=\"og:image\" content=\"https:\/\/www.estrategiaconcursos.com.br\/blog\/wp-content\/uploads\/2015\/06\/tre-ma.jpeg\" \/>\n<meta name=\"author\" content=\"Coordena\u00e7\u00e3o\" \/>\n<meta name=\"twitter:card\" content=\"summary_large_image\" \/>\n<meta name=\"twitter:creator\" content=\"@EstratConcursos\" \/>\n<meta name=\"twitter:site\" content=\"@EstratConcursos\" \/>\n<meta name=\"twitter:label1\" content=\"Escrito por\" \/>\n\t<meta name=\"twitter:data1\" content=\"Coordena\u00e7\u00e3o\" \/>\n\t<meta name=\"twitter:label2\" content=\"Est. tempo de leitura\" \/>\n\t<meta name=\"twitter:data2\" content=\"1 minuto\" \/>\n<script type=\"application\/ld+json\" class=\"yoast-schema-graph\">{\"@context\":\"https:\/\/schema.org\",\"@graph\":[{\"@type\":\"NewsArticle\",\"@id\":\"https:\/\/www.estrategiaconcursos.com.br\/blog\/fim-do-prazo-do-concurso-tre-ma-cargos-nivel-medio-superior\/#article\",\"isPartOf\":{\"@id\":\"https:\/\/www.estrategiaconcursos.com.br\/blog\/fim-do-prazo-do-concurso-tre-ma-cargos-nivel-medio-superior\/\"},\"author\":{\"name\":\"Coordena\u00e7\u00e3o\",\"@id\":\"https:\/\/www.estrategiaconcursos.com.br\/blog\/#\/schema\/person\/b4a388c97673c5f483d72185668afa1f\"},\"headline\":\"ATEN\u00c7\u00c3O AO PRAZO: Termina nesta sexta-feira o per\u00edodo de inscri\u00e7\u00f5es do concurso TRE-MA. Vagas em cargos de n\u00edvel m\u00e9dio e superior e remunera\u00e7\u00e3o de at\u00e9 R$9,6 mil\",\"datePublished\":\"2015-07-10T11:57:05+00:00\",\"dateModified\":\"2023-05-22T18:26:38+00:00\",\"mainEntityOfPage\":{\"@id\":\"https:\/\/www.estrategiaconcursos.com.br\/blog\/fim-do-prazo-do-concurso-tre-ma-cargos-nivel-medio-superior\/\"},\"wordCount\":286,\"commentCount\":0,\"publisher\":{\"@id\":\"https:\/\/www.estrategiaconcursos.com.br\/blog\/#organization\"},\"image\":{\"@id\":\"https:\/\/www.estrategiaconcursos.com.br\/blog\/fim-do-prazo-do-concurso-tre-ma-cargos-nivel-medio-superior\/#primaryimage\"},\"thumbnailUrl\":\"https:\/\/www.estrategiaconcursos.com.br\/blog\/wp-content\/uploads\/2015\/06\/tre-ma.jpeg\",\"keywords\":[\"inscri\u00e7\u00f5es\",\"TRE-MA\"],\"articleSection\":[\"Concursos P\u00fablicos\"],\"inLanguage\":\"pt-BR\",\"potentialAction\":[{\"@type\":\"CommentAction\",\"name\":\"Comment\",\"target\":[\"https:\/\/www.estrategiaconcursos.com.br\/blog\/fim-do-prazo-do-concurso-tre-ma-cargos-nivel-medio-superior\/#respond\"]}],\"copyrightYear\":\"2015\",\"copyrightHolder\":{\"@id\":\"https:\/\/www.estrategiaconcursos.com.br\/blog\/#organization\"}},{\"@type\":\"WebPage\",\"@id\":\"https:\/\/www.estrategiaconcursos.com.br\/blog\/fim-do-prazo-do-concurso-tre-ma-cargos-nivel-medio-superior\/\",\"url\":\"https:\/\/www.estrategiaconcursos.com.br\/blog\/fim-do-prazo-do-concurso-tre-ma-cargos-nivel-medio-superior\/\",\"name\":\"ATEN\u00c7\u00c3O AO PRAZO: Termina nesta sexta-feira o per\u00edodo de inscri\u00e7\u00f5es do concurso TRE-MA. Vagas em cargos de n\u00edvel m\u00e9dio e superior e remunera\u00e7\u00e3o de at\u00e9 R$9,6 mil\",\"isPartOf\":{\"@id\":\"https:\/\/www.estrategiaconcursos.com.br\/blog\/#website\"},\"primaryImageOfPage\":{\"@id\":\"https:\/\/www.estrategiaconcursos.com.br\/blog\/fim-do-prazo-do-concurso-tre-ma-cargos-nivel-medio-superior\/#primaryimage\"},\"image\":{\"@id\":\"https:\/\/www.estrategiaconcursos.com.br\/blog\/fim-do-prazo-do-concurso-tre-ma-cargos-nivel-medio-superior\/#primaryimage\"},\"thumbnailUrl\":\"https:\/\/www.estrategiaconcursos.com.br\/blog\/wp-content\/uploads\/2015\/06\/tre-ma.jpeg\",\"datePublished\":\"2015-07-10T11:57:05+00:00\",\"dateModified\":\"2023-05-22T18:26:38+00:00\",\"description\":\"Termina nesta sexta-feira, 10, o per\u00edodo de inscri\u00e7\u00f5es do concurso TRE-MA. Saiba mais sobre as inscri\u00e7\u00f5es.\",\"breadcrumb\":{\"@id\":\"https:\/\/www.estrategiaconcursos.com.br\/blog\/fim-do-prazo-do-concurso-tre-ma-cargos-nivel-medio-superior\/#breadcrumb\"},\"inLanguage\":\"pt-BR\",\"potentialAction\":[{\"@type\":\"ReadAction\",\"target\":[\"https:\/\/www.estrategiaconcursos.com.br\/blog\/fim-do-prazo-do-concurso-tre-ma-cargos-nivel-medio-superior\/\"]}]},{\"@type\":\"ImageObject\",\"inLanguage\":\"pt-BR\",\"@id\":\"https:\/\/www.estrategiaconcursos.com.br\/blog\/fim-do-prazo-do-concurso-tre-ma-cargos-nivel-medio-superior\/#primaryimage\",\"url\":\"https:\/\/dhg1h5j42swfq.cloudfront.net\/2015\/06\/tre-ma.jpeg\",\"contentUrl\":\"https:\/\/dhg1h5j42swfq.cloudfront.net\/2015\/06\/tre-ma.jpeg\",\"width\":256,\"height\":256},{\"@type\":\"BreadcrumbList\",\"@id\":\"https:\/\/www.estrategiaconcursos.com.br\/blog\/fim-do-prazo-do-concurso-tre-ma-cargos-nivel-medio-superior\/#breadcrumb\",\"itemListElement\":[{\"@type\":\"ListItem\",\"position\":1,\"name\":\"In\u00edcio\",\"item\":\"https:\/\/www.estrategiaconcursos.com.br\/blog\/\"},{\"@type\":\"ListItem\",\"position\":2,\"name\":\"ATEN\u00c7\u00c3O AO PRAZO: Termina nesta sexta-feira o per\u00edodo de inscri\u00e7\u00f5es do concurso TRE-MA. Vagas em cargos de n\u00edvel m\u00e9dio e superior e remunera\u00e7\u00e3o de at\u00e9 R$9,6 mil\"}]},{\"@type\":\"WebSite\",\"@id\":\"https:\/\/www.estrategiaconcursos.com.br\/blog\/#website\",\"url\":\"https:\/\/www.estrategiaconcursos.com.br\/blog\/\",\"name\":\"Estrat\u00e9gia Concursos\",\"description\":\"O blog da Estrat\u00e9gia Concursos traz not\u00edcias sobre concursos e artigos de professores oferecendo cursos para concursos (pdf + videaulas) no site.\",\"publisher\":{\"@id\":\"https:\/\/www.estrategiaconcursos.com.br\/blog\/#organization\"},\"potentialAction\":[{\"@type\":\"SearchAction\",\"target\":{\"@type\":\"EntryPoint\",\"urlTemplate\":\"https:\/\/www.estrategiaconcursos.com.br\/blog\/?s={search_term_string}\"},\"query-input\":{\"@type\":\"PropertyValueSpecification\",\"valueRequired\":true,\"valueName\":\"search_term_string\"}}],\"inLanguage\":\"pt-BR\"},{\"@type\":\"Organization\",\"@id\":\"https:\/\/www.estrategiaconcursos.com.br\/blog\/#organization\",\"name\":\"Estrat\u00e9gia Concursos\",\"url\":\"https:\/\/www.estrategiaconcursos.com.br\/blog\/\",\"logo\":{\"@type\":\"ImageObject\",\"inLanguage\":\"pt-BR\",\"@id\":\"https:\/\/www.estrategiaconcursos.com.br\/blog\/#\/schema\/logo\/image\/\",\"url\":\"https:\/\/dhg1h5j42swfq.cloudfront.net\/2025\/06\/03203428\/logo_concursos-1.jpg\",\"contentUrl\":\"https:\/\/dhg1h5j42swfq.cloudfront.net\/2025\/06\/03203428\/logo_concursos-1.jpg\",\"width\":230,\"height\":60,\"caption\":\"Estrat\u00e9gia Concursos\"},\"image\":{\"@id\":\"https:\/\/www.estrategiaconcursos.com.br\/blog\/#\/schema\/logo\/image\/\"},\"sameAs\":[\"https:\/\/x.com\/EstratConcursos\"]},{\"@type\":\"Person\",\"@id\":\"https:\/\/www.estrategiaconcursos.com.br\/blog\/#\/schema\/person\/b4a388c97673c5f483d72185668afa1f\",\"name\":\"Coordena\u00e7\u00e3o\",\"image\":{\"@type\":\"ImageObject\",\"inLanguage\":\"pt-BR\",\"@id\":\"https:\/\/secure.gravatar.com\/avatar\/b720319e4c9a967eb58678d110f4fe35452fc5d5f97b202bac7b8acceb18c6ad?s=96&d=mm&r=g\",\"url\":\"https:\/\/secure.gravatar.com\/avatar\/b720319e4c9a967eb58678d110f4fe35452fc5d5f97b202bac7b8acceb18c6ad?s=96&d=mm&r=g\",\"contentUrl\":\"https:\/\/secure.gravatar.com\/avatar\/b720319e4c9a967eb58678d110f4fe35452fc5d5f97b202bac7b8acceb18c6ad?s=96&d=mm&r=g\",\"caption\":\"Coordena\u00e7\u00e3o\"},\"sameAs\":[\"https:\/\/www.facebook.com\/EstrategiaConcursos\",\"https:\/\/x.com\/EstratConcursos\"],\"url\":\"https:\/\/www.estrategiaconcursos.com.br\/blog\/author\/estrategia2013\/\"}]}<\/script>\n<!-- \/ Yoast SEO Premium plugin. -->","yoast_head_json":{"title":"ATEN\u00c7\u00c3O AO PRAZO: Termina nesta sexta-feira o per\u00edodo de inscri\u00e7\u00f5es do concurso TRE-MA. Vagas em cargos de n\u00edvel m\u00e9dio e superior e remunera\u00e7\u00e3o de at\u00e9 R$9,6 mil","description":"Termina nesta sexta-feira, 10, o per\u00edodo de inscri\u00e7\u00f5es do concurso TRE-MA. Saiba mais sobre as inscri\u00e7\u00f5es.","robots":{"index":"index","follow":"follow","max-snippet":"max-snippet:-1","max-image-preview":"max-image-preview:large","max-video-preview":"max-video-preview:-1"},"canonical":"https:\/\/www.estrategiaconcursos.com.br\/blog\/fim-do-prazo-do-concurso-tre-ma-cargos-nivel-medio-superior\/","og_locale":"pt_BR","og_type":"article","og_title":"ATEN\u00c7\u00c3O AO PRAZO: Termina nesta sexta-feira o per\u00edodo de inscri\u00e7\u00f5es do concurso TRE-MA. Vagas em cargos de n\u00edvel m\u00e9dio e superior e remunera\u00e7\u00e3o de at\u00e9 R$9,6 mil","og_description":"Termina nesta sexta-feira, 10, o per\u00edodo de inscri\u00e7\u00f5es do concurso TRE-MA. Saiba mais sobre as inscri\u00e7\u00f5es.","og_url":"https:\/\/www.estrategiaconcursos.com.br\/blog\/fim-do-prazo-do-concurso-tre-ma-cargos-nivel-medio-superior\/","og_site_name":"Estrat\u00e9gia Concursos","article_author":"https:\/\/www.facebook.com\/EstrategiaConcursos","article_published_time":"2015-07-10T11:57:05+00:00","article_modified_time":"2023-05-22T18:26:38+00:00","og_image":[{"url":"https:\/\/www.estrategiaconcursos.com.br\/blog\/wp-content\/uploads\/2015\/06\/tre-ma.jpeg","type":"","width":"","height":""}],"author":"Coordena\u00e7\u00e3o","twitter_card":"summary_large_image","twitter_creator":"@EstratConcursos","twitter_site":"@EstratConcursos","twitter_misc":{"Escrito por":"Coordena\u00e7\u00e3o","Est. tempo de leitura":"1 minuto"},"schema":{"@context":"https:\/\/schema.org","@graph":[{"@type":"NewsArticle","@id":"https:\/\/www.estrategiaconcursos.com.br\/blog\/fim-do-prazo-do-concurso-tre-ma-cargos-nivel-medio-superior\/#article","isPartOf":{"@id":"https:\/\/www.estrategiaconcursos.com.br\/blog\/fim-do-prazo-do-concurso-tre-ma-cargos-nivel-medio-superior\/"},"author":{"name":"Coordena\u00e7\u00e3o","@id":"https:\/\/www.estrategiaconcursos.com.br\/blog\/#\/schema\/person\/b4a388c97673c5f483d72185668afa1f"},"headline":"ATEN\u00c7\u00c3O AO PRAZO: Termina nesta sexta-feira o per\u00edodo de inscri\u00e7\u00f5es do concurso TRE-MA. Vagas em cargos de n\u00edvel m\u00e9dio e superior e remunera\u00e7\u00e3o de at\u00e9 R$9,6 mil","datePublished":"2015-07-10T11:57:05+00:00","dateModified":"2023-05-22T18:26:38+00:00","mainEntityOfPage":{"@id":"https:\/\/www.estrategiaconcursos.com.br\/blog\/fim-do-prazo-do-concurso-tre-ma-cargos-nivel-medio-superior\/"},"wordCount":286,"commentCount":0,"publisher":{"@id":"https:\/\/www.estrategiaconcursos.com.br\/blog\/#organization"},"image":{"@id":"https:\/\/www.estrategiaconcursos.com.br\/blog\/fim-do-prazo-do-concurso-tre-ma-cargos-nivel-medio-superior\/#primaryimage"},"thumbnailUrl":"https:\/\/www.estrategiaconcursos.com.br\/blog\/wp-content\/uploads\/2015\/06\/tre-ma.jpeg","keywords":["inscri\u00e7\u00f5es","TRE-MA"],"articleSection":["Concursos P\u00fablicos"],"inLanguage":"pt-BR","potentialAction":[{"@type":"CommentAction","name":"Comment","target":["https:\/\/www.estrategiaconcursos.com.br\/blog\/fim-do-prazo-do-concurso-tre-ma-cargos-nivel-medio-superior\/#respond"]}],"copyrightYear":"2015","copyrightHolder":{"@id":"https:\/\/www.estrategiaconcursos.com.br\/blog\/#organization"}},{"@type":"WebPage","@id":"https:\/\/www.estrategiaconcursos.com.br\/blog\/fim-do-prazo-do-concurso-tre-ma-cargos-nivel-medio-superior\/","url":"https:\/\/www.estrategiaconcursos.com.br\/blog\/fim-do-prazo-do-concurso-tre-ma-cargos-nivel-medio-superior\/","name":"ATEN\u00c7\u00c3O AO PRAZO: Termina nesta sexta-feira o per\u00edodo de inscri\u00e7\u00f5es do concurso TRE-MA. Vagas em cargos de n\u00edvel m\u00e9dio e superior e remunera\u00e7\u00e3o de at\u00e9 R$9,6 mil","isPartOf":{"@id":"https:\/\/www.estrategiaconcursos.com.br\/blog\/#website"},"primaryImageOfPage":{"@id":"https:\/\/www.estrategiaconcursos.com.br\/blog\/fim-do-prazo-do-concurso-tre-ma-cargos-nivel-medio-superior\/#primaryimage"},"image":{"@id":"https:\/\/www.estrategiaconcursos.com.br\/blog\/fim-do-prazo-do-concurso-tre-ma-cargos-nivel-medio-superior\/#primaryimage"},"thumbnailUrl":"https:\/\/www.estrategiaconcursos.com.br\/blog\/wp-content\/uploads\/2015\/06\/tre-ma.jpeg","datePublished":"2015-07-10T11:57:05+00:00","dateModified":"2023-05-22T18:26:38+00:00","description":"Termina nesta sexta-feira, 10, o per\u00edodo de inscri\u00e7\u00f5es do concurso TRE-MA. Saiba mais sobre as inscri\u00e7\u00f5es.","breadcrumb":{"@id":"https:\/\/www.estrategiaconcursos.com.br\/blog\/fim-do-prazo-do-concurso-tre-ma-cargos-nivel-medio-superior\/#breadcrumb"},"inLanguage":"pt-BR","potentialAction":[{"@type":"ReadAction","target":["https:\/\/www.estrategiaconcursos.com.br\/blog\/fim-do-prazo-do-concurso-tre-ma-cargos-nivel-medio-superior\/"]}]},{"@type":"ImageObject","inLanguage":"pt-BR","@id":"https:\/\/www.estrategiaconcursos.com.br\/blog\/fim-do-prazo-do-concurso-tre-ma-cargos-nivel-medio-superior\/#primaryimage","url":"https:\/\/dhg1h5j42swfq.cloudfront.net\/2015\/06\/tre-ma.jpeg","contentUrl":"https:\/\/dhg1h5j42swfq.cloudfront.net\/2015\/06\/tre-ma.jpeg","width":256,"height":256},{"@type":"BreadcrumbList","@id":"https:\/\/www.estrategiaconcursos.com.br\/blog\/fim-do-prazo-do-concurso-tre-ma-cargos-nivel-medio-superior\/#breadcrumb","itemListElement":[{"@type":"ListItem","position":1,"name":"In\u00edcio","item":"https:\/\/www.estrategiaconcursos.com.br\/blog\/"},{"@type":"ListItem","position":2,"name":"ATEN\u00c7\u00c3O AO PRAZO: Termina nesta sexta-feira o per\u00edodo de inscri\u00e7\u00f5es do concurso TRE-MA. Vagas em cargos de n\u00edvel m\u00e9dio e superior e remunera\u00e7\u00e3o de at\u00e9 R$9,6 mil"}]},{"@type":"WebSite","@id":"https:\/\/www.estrategiaconcursos.com.br\/blog\/#website","url":"https:\/\/www.estrategiaconcursos.com.br\/blog\/","name":"Estrat\u00e9gia Concursos","description":"O blog da Estrat\u00e9gia Concursos traz not\u00edcias sobre concursos e artigos de professores oferecendo cursos para concursos (pdf + videaulas) no site.","publisher":{"@id":"https:\/\/www.estrategiaconcursos.com.br\/blog\/#organization"},"potentialAction":[{"@type":"SearchAction","target":{"@type":"EntryPoint","urlTemplate":"https:\/\/www.estrategiaconcursos.com.br\/blog\/?s={search_term_string}"},"query-input":{"@type":"PropertyValueSpecification","valueRequired":true,"valueName":"search_term_string"}}],"inLanguage":"pt-BR"},{"@type":"Organization","@id":"https:\/\/www.estrategiaconcursos.com.br\/blog\/#organization","name":"Estrat\u00e9gia Concursos","url":"https:\/\/www.estrategiaconcursos.com.br\/blog\/","logo":{"@type":"ImageObject","inLanguage":"pt-BR","@id":"https:\/\/www.estrategiaconcursos.com.br\/blog\/#\/schema\/logo\/image\/","url":"https:\/\/dhg1h5j42swfq.cloudfront.net\/2025\/06\/03203428\/logo_concursos-1.jpg","contentUrl":"https:\/\/dhg1h5j42swfq.cloudfront.net\/2025\/06\/03203428\/logo_concursos-1.jpg","width":230,"height":60,"caption":"Estrat\u00e9gia Concursos"},"image":{"@id":"https:\/\/www.estrategiaconcursos.com.br\/blog\/#\/schema\/logo\/image\/"},"sameAs":["https:\/\/x.com\/EstratConcursos"]},{"@type":"Person","@id":"https:\/\/www.estrategiaconcursos.com.br\/blog\/#\/schema\/person\/b4a388c97673c5f483d72185668afa1f","name":"Coordena\u00e7\u00e3o","image":{"@type":"ImageObject","inLanguage":"pt-BR","@id":"https:\/\/secure.gravatar.com\/avatar\/b720319e4c9a967eb58678d110f4fe35452fc5d5f97b202bac7b8acceb18c6ad?s=96&d=mm&r=g","url":"https:\/\/secure.gravatar.com\/avatar\/b720319e4c9a967eb58678d110f4fe35452fc5d5f97b202bac7b8acceb18c6ad?s=96&d=mm&r=g","contentUrl":"https:\/\/secure.gravatar.com\/avatar\/b720319e4c9a967eb58678d110f4fe35452fc5d5f97b202bac7b8acceb18c6ad?s=96&d=mm&r=g","caption":"Coordena\u00e7\u00e3o"},"sameAs":["https:\/\/www.facebook.com\/EstrategiaConcursos","https:\/\/x.com\/EstratConcursos"],"url":"https:\/\/www.estrategiaconcursos.com.br\/blog\/author\/estrategia2013\/"}]}},"_links":{"self":[{"href":"https:\/\/www.estrategiaconcursos.com.br\/blog\/wp-json\/wp\/v2\/posts\/24600","targetHints":{"allow":["GET"]}}],"collection":[{"href":"https:\/\/www.estrategiaconcursos.com.br\/blog\/wp-json\/wp\/v2\/posts"}],"about":[{"href":"https:\/\/www.estrategiaconcursos.com.br\/blog\/wp-json\/wp\/v2\/types\/post"}],"author":[{"embeddable":true,"href":"https:\/\/www.estrategiaconcursos.com.br\/blog\/wp-json\/wp\/v2\/users\/1"}],"replies":[{"embeddable":true,"href":"https:\/\/www.estrategiaconcursos.com.br\/blog\/wp-json\/wp\/v2\/comments?post=24600"}],"version-history":[{"count":2,"href":"https:\/\/www.estrategiaconcursos.com.br\/blog\/wp-json\/wp\/v2\/posts\/24600\/revisions"}],"predecessor-version":[{"id":1220058,"href":"https:\/\/www.estrategiaconcursos.com.br\/blog\/wp-json\/wp\/v2\/posts\/24600\/revisions\/1220058"}],"wp:attachment":[{"href":"https:\/\/www.estrategiaconcursos.com.br\/blog\/wp-json\/wp\/v2\/media?parent=24600"}],"wp:term":[{"taxonomy":"category","embeddable":true,"href":"https:\/\/www.estrategiaconcursos.com.br\/blog\/wp-json\/wp\/v2\/categories?post=24600"},{"taxonomy":"post_tag","embeddable":true,"href":"https:\/\/www.estrategiaconcursos.com.br\/blog\/wp-json\/wp\/v2\/tags?post=24600"},{"taxonomy":"tax_estado","embeddable":true,"href":"https:\/\/www.estrategiaconcursos.com.br\/blog\/wp-json\/wp\/v2\/tax_estado?post=24600"}],"curies":[{"name":"wp","href":"https:\/\/api.w.org\/{rel}","templated":true}]}}