{"id":24557,"date":"2015-07-09T10:06:32","date_gmt":"2015-07-09T13:06:32","guid":{"rendered":"http:\/\/www.estrategiaconcursos.com.br\/blog\/?p=24557"},"modified":"2015-07-09T10:06:32","modified_gmt":"2015-07-09T13:06:32","slug":"atencao-ao-prazo-termina-nesta-quinta-feira-o-prazo-para-inscricoes-no-2o-exame-de-suficiencia-de-2015","status":"publish","type":"post","link":"https:\/\/www.estrategiaconcursos.com.br\/blog\/atencao-ao-prazo-termina-nesta-quinta-feira-o-prazo-para-inscricoes-no-2o-exame-de-suficiencia-de-2015\/","title":{"rendered":"ATEN\u00c7\u00c3O AO PRAZO: Termina nesta quinta-feira o prazo para inscri\u00e7\u00f5es no 2\u00ba EXAME DE SUFICI\u00caNCIA DE 2015"},"content":{"rendered":"<p style=\"text-align: justify;\"><span style=\"color: #000000;\"><a href=\"https:\/\/dhg1h5j42swfq.cloudfront.net\/2014\/11\/cfc1.png\"><img loading=\"lazy\" decoding=\"async\" class=\"alignleft wp-image-19161 size-medium\" src=\"https:\/\/dhg1h5j42swfq.cloudfront.net\/2014\/11\/cfc1-300x140.png\" alt=\"exame de sufici\u00eancia\" width=\"300\" height=\"140\" srcset=\"https:\/\/dhg1h5j42swfq.cloudfront.net\/2014\/11\/cfc1.png 300w, https:\/\/dhg1h5j42swfq.cloudfront.net\/2014\/11\/cfc1.png 380w\" sizes=\"auto, (max-width: 300px) 100vw, 300px\" \/><\/a>Termina nesta quinta-feira, 09, o prazo para inscri\u00e7\u00f5es no 2\u00ba\u00a0Exame de Sufici\u00eancia de 2015,\u00a0 destinado \u00e0 comprova\u00e7\u00e3o dos conhecimentos de alunos concluintes do curso superior em Ci\u00eancias Cont\u00e1beis. Os interessados devem acessar o\u00a0site\u00a0da FBC (<span style=\"color: #0000ff;\"><a style=\"color: #0000ff;\" href=\"http:\/\/www.fbc.org.br\/\">www.fbc.org.br<\/a><\/span>) ou no\u00a0site do CFC <span style=\"color: #0000ff;\">(<a style=\"color: #0000ff;\" href=\"http:\/\/portalcfc.org.br\/\">www.cfc.org.br<\/a><\/span>) at\u00e9 as 23h59.\u00a0A taxa de inscri\u00e7\u00e3o \u00e9 de R$100,00.<\/span><\/p>\n<p style=\"text-align: justify;\"><span style=\"color: #000000;\">As provas ser\u00e3o aplicadas no dia 20 de setembro, no turno da manh\u00e3. Os locais de realiza\u00e7\u00e3o das provas ser\u00e3o divulgados aos candidatos, a partir do dia 08 de setembro, via sistema de acompanhamento de inscri\u00e7\u00e3o.<\/span><\/p>\n<p style=\"text-align: justify;\"><span style=\"color: #000000;\"><strong>O Exame de Sufici\u00eancia<\/strong><\/span><\/p>\n<p style=\"text-align: justify;\"><span style=\"color: #000000;\">O Exame de Sufici\u00eancia \u00e9 uma prova obrigat\u00f3ria institu\u00edda pela Lei 12.249\/2010 e pela Resolu\u00e7\u00e3o CFC 1.373\/2011 destinada \u00e0 comprova\u00e7\u00e3o dos conhecimentos de alunos concluintes dos cursos T\u00e9cnico em Contabilidade e do curso superior em Ci\u00eancias Cont\u00e1beis.<\/span><\/p>\n<p style=\"text-align: justify;\"><span style=\"color: #000000;\">A aprova\u00e7\u00e3o no Exame \u00e9 um dos requisitos para a obten\u00e7\u00e3o ou restabelecimento de registro profissional em Conselho Regional de Contabilidade.<\/span><\/p>\n<p style=\"text-align: justify;\"><span style=\"color: #000000;\">O exame foi criado em 2000 e derrubado em 2004 (dez edi\u00e7\u00f5es) por uma liminar que questionava o fato de a prova n\u00e3o ser uma lei federal e sim uma resolu\u00e7\u00e3o do CFC.<\/span><\/p>\n<p style=\"text-align: justify;\"><span style=\"color: #000000;\">Em 2010, a lei federal 12.249 instituiu a aprova\u00e7\u00e3o no exame como condi\u00e7\u00e3o para obter o registro no conselho de classe. Desde ent\u00e3o, o exame vem acontecendo duas vezes por ano e \u00e9 composto por quest\u00f5es abrangendo as disciplinas: Contabilidade Geral, Contabilidade de Custos, No\u00e7\u00f5es de Direito, Matem\u00e1tica Financeira, Legisla\u00e7\u00e3o e \u00c9tica Profissional, Princ\u00edpios de Contabilidade e Normas Brasileiras de Contabilidade e L\u00edngua Portuguesa.<\/span><\/p>\n<p style=\"text-align: justify;\"><span style=\"color: #000000;\">Confira o edital clicando em:<\/span><\/p>\n<p style=\"text-align: justify;\"><span style=\"color: #0000ff;\"><a style=\"color: #0000ff;\" href=\"https:\/\/dhg1h5j42swfq.cloudfront.net\/2015\/06\/Edital_2_Exame_de_Suficiencia.pdf\">Edital_2_Exame_de_Suficiencia<\/a><\/span><\/p>\n<p style=\"text-align: justify;\"><span style=\"color: #000000;\"><strong>O Estrat\u00e9gia Concursos j\u00e1 preparou cursos avulsos e o pacote completo para o 2\u00ba\u00a0Exame de Sufici\u00eancia de 2015. \u00a0<\/strong><strong>No Exame 01\/2015,\u00a0tivemos\u00a0162 alunos aprovados!\u00a0Confira em:<\/strong><\/span><\/p>\n<p style=\"text-align: justify;\"><span style=\"color: #0000ff;\"><a style=\"color: #0000ff;\" href=\"https:\/\/www.estrategiaconcursos.com.br\/cursosPorConcurso\/exame-de-suficiencia-do-cfc-2015-316\/\">https:\/\/www.estrategiaconcursos.com.br\/cursosPorConcurso\/exame-de-suficiencia-do-cfc-2015-316\/<\/a><\/span><\/p>\n<p style=\"text-align: justify;\"><span style=\"color: #000000;\">Assessoria de Comunica\u00e7\u00e3o<\/span><\/p>\n<p style=\"text-align: justify;\"><span style=\"color: #000000;\">comunicacao@estrategiaconcursos.com.br<\/span><\/p>\n","protected":false},"excerpt":{"rendered":"<p>Termina nesta quinta-feira, 09, o prazo para inscri\u00e7\u00f5es no 2\u00ba\u00a0Exame de Sufici\u00eancia de 2015,\u00a0 destinado \u00e0 comprova\u00e7\u00e3o dos conhecimentos de alunos concluintes do curso superior em Ci\u00eancias Cont\u00e1beis. Os interessados devem acessar o\u00a0site\u00a0da FBC (www.fbc.org.br) ou no\u00a0site do CFC (www.cfc.org.br) at\u00e9 as 23h59.\u00a0A taxa de inscri\u00e7\u00e3o \u00e9 de R$100,00. As provas ser\u00e3o aplicadas no dia [&hellip;]<\/p>\n","protected":false},"author":1,"featured_media":0,"comment_status":"open","ping_status":"open","sticky":false,"template":"","format":"standard","meta":{"post_tipo":"news","footnotes":""},"categories":[1],"tags":[766,767,674],"tax_estado":[],"class_list":["post-24557","post","type-post","status-publish","format-standard","hentry","category-cursos-e-concursos","tag-cfc","tag-exame-de-suficiencia","tag-inscricoes"],"acf":[],"yoast_head":"<!-- This site is optimized with the Yoast SEO Premium plugin v27.2 (Yoast SEO v27.2) - https:\/\/yoast.com\/product\/yoast-seo-premium-wordpress\/ -->\n<title>ATEN\u00c7\u00c3O AO PRAZO: Termina nesta quinta-feira o prazo para inscri\u00e7\u00f5es no 2\u00ba EXAME DE SUFICI\u00caNCIA DE 2015<\/title>\n<meta name=\"description\" content=\"Termina nesta quinta-feira, 09, o prazo para inscri\u00e7\u00f5es no 2\u00ba Exame de Sufici\u00eancia de 2015. Saiba mais!\" \/>\n<meta name=\"robots\" content=\"index, follow, max-snippet:-1, max-image-preview:large, max-video-preview:-1\" \/>\n<link rel=\"canonical\" href=\"https:\/\/www.estrategiaconcursos.com.br\/blog\/atencao-ao-prazo-termina-nesta-quinta-feira-o-prazo-para-inscricoes-no-2o-exame-de-suficiencia-de-2015\/\" \/>\n<meta property=\"og:locale\" content=\"pt_BR\" \/>\n<meta property=\"og:type\" content=\"article\" \/>\n<meta property=\"og:title\" content=\"ATEN\u00c7\u00c3O AO PRAZO: Termina nesta quinta-feira o prazo para inscri\u00e7\u00f5es no 2\u00ba EXAME DE SUFICI\u00caNCIA DE 2015\" \/>\n<meta property=\"og:description\" content=\"Termina nesta quinta-feira, 09, o prazo para inscri\u00e7\u00f5es no 2\u00ba Exame de Sufici\u00eancia de 2015. Saiba mais!\" \/>\n<meta property=\"og:url\" content=\"https:\/\/www.estrategiaconcursos.com.br\/blog\/atencao-ao-prazo-termina-nesta-quinta-feira-o-prazo-para-inscricoes-no-2o-exame-de-suficiencia-de-2015\/\" \/>\n<meta property=\"og:site_name\" content=\"Estrat\u00e9gia Concursos\" \/>\n<meta property=\"article:author\" content=\"https:\/\/www.facebook.com\/EstrategiaConcursos\" \/>\n<meta property=\"article:published_time\" content=\"2015-07-09T13:06:32+00:00\" \/>\n<meta property=\"og:image\" content=\"https:\/\/dhg1h5j42swfq.cloudfront.net\/2014\/11\/cfc1-300x140.png\" \/>\n<meta name=\"author\" content=\"Coordena\u00e7\u00e3o\" \/>\n<meta name=\"twitter:card\" content=\"summary_large_image\" \/>\n<meta name=\"twitter:creator\" content=\"@EstratConcursos\" \/>\n<meta name=\"twitter:site\" content=\"@EstratConcursos\" \/>\n<meta name=\"twitter:label1\" content=\"Escrito por\" \/>\n\t<meta name=\"twitter:data1\" content=\"Coordena\u00e7\u00e3o\" \/>\n\t<meta name=\"twitter:label2\" content=\"Est. tempo de leitura\" \/>\n\t<meta name=\"twitter:data2\" content=\"2 minutos\" \/>\n<script type=\"application\/ld+json\" class=\"yoast-schema-graph\">{\"@context\":\"https:\/\/schema.org\",\"@graph\":[{\"@type\":\"NewsArticle\",\"@id\":\"https:\/\/www.estrategiaconcursos.com.br\/blog\/atencao-ao-prazo-termina-nesta-quinta-feira-o-prazo-para-inscricoes-no-2o-exame-de-suficiencia-de-2015\/#article\",\"isPartOf\":{\"@id\":\"https:\/\/www.estrategiaconcursos.com.br\/blog\/atencao-ao-prazo-termina-nesta-quinta-feira-o-prazo-para-inscricoes-no-2o-exame-de-suficiencia-de-2015\/\"},\"author\":{\"name\":\"Coordena\u00e7\u00e3o\",\"@id\":\"https:\/\/www.estrategiaconcursos.com.br\/blog\/#\/schema\/person\/b4a388c97673c5f483d72185668afa1f\"},\"headline\":\"ATEN\u00c7\u00c3O AO PRAZO: Termina nesta quinta-feira o prazo para inscri\u00e7\u00f5es no 2\u00ba EXAME DE SUFICI\u00caNCIA DE 2015\",\"datePublished\":\"2015-07-09T13:06:32+00:00\",\"mainEntityOfPage\":{\"@id\":\"https:\/\/www.estrategiaconcursos.com.br\/blog\/atencao-ao-prazo-termina-nesta-quinta-feira-o-prazo-para-inscricoes-no-2o-exame-de-suficiencia-de-2015\/\"},\"wordCount\":340,\"commentCount\":0,\"publisher\":{\"@id\":\"https:\/\/www.estrategiaconcursos.com.br\/blog\/#organization\"},\"image\":{\"@id\":\"https:\/\/www.estrategiaconcursos.com.br\/blog\/atencao-ao-prazo-termina-nesta-quinta-feira-o-prazo-para-inscricoes-no-2o-exame-de-suficiencia-de-2015\/#primaryimage\"},\"thumbnailUrl\":\"https:\/\/dhg1h5j42swfq.cloudfront.net\/2014\/11\/cfc1-300x140.png\",\"keywords\":[\"CFC\",\"Exame de Sufici\u00eancia\",\"inscri\u00e7\u00f5es\"],\"articleSection\":[\"Concursos P\u00fablicos\"],\"inLanguage\":\"pt-BR\",\"potentialAction\":[{\"@type\":\"CommentAction\",\"name\":\"Comment\",\"target\":[\"https:\/\/www.estrategiaconcursos.com.br\/blog\/atencao-ao-prazo-termina-nesta-quinta-feira-o-prazo-para-inscricoes-no-2o-exame-de-suficiencia-de-2015\/#respond\"]}],\"copyrightYear\":\"2015\",\"copyrightHolder\":{\"@id\":\"https:\/\/www.estrategiaconcursos.com.br\/blog\/#organization\"}},{\"@type\":\"WebPage\",\"@id\":\"https:\/\/www.estrategiaconcursos.com.br\/blog\/atencao-ao-prazo-termina-nesta-quinta-feira-o-prazo-para-inscricoes-no-2o-exame-de-suficiencia-de-2015\/\",\"url\":\"https:\/\/www.estrategiaconcursos.com.br\/blog\/atencao-ao-prazo-termina-nesta-quinta-feira-o-prazo-para-inscricoes-no-2o-exame-de-suficiencia-de-2015\/\",\"name\":\"ATEN\u00c7\u00c3O AO PRAZO: Termina nesta quinta-feira o prazo para inscri\u00e7\u00f5es no 2\u00ba EXAME DE SUFICI\u00caNCIA DE 2015\",\"isPartOf\":{\"@id\":\"https:\/\/www.estrategiaconcursos.com.br\/blog\/#website\"},\"primaryImageOfPage\":{\"@id\":\"https:\/\/www.estrategiaconcursos.com.br\/blog\/atencao-ao-prazo-termina-nesta-quinta-feira-o-prazo-para-inscricoes-no-2o-exame-de-suficiencia-de-2015\/#primaryimage\"},\"image\":{\"@id\":\"https:\/\/www.estrategiaconcursos.com.br\/blog\/atencao-ao-prazo-termina-nesta-quinta-feira-o-prazo-para-inscricoes-no-2o-exame-de-suficiencia-de-2015\/#primaryimage\"},\"thumbnailUrl\":\"https:\/\/dhg1h5j42swfq.cloudfront.net\/2014\/11\/cfc1-300x140.png\",\"datePublished\":\"2015-07-09T13:06:32+00:00\",\"description\":\"Termina nesta quinta-feira, 09, o prazo para inscri\u00e7\u00f5es no 2\u00ba Exame de Sufici\u00eancia de 2015. Saiba mais!\",\"breadcrumb\":{\"@id\":\"https:\/\/www.estrategiaconcursos.com.br\/blog\/atencao-ao-prazo-termina-nesta-quinta-feira-o-prazo-para-inscricoes-no-2o-exame-de-suficiencia-de-2015\/#breadcrumb\"},\"inLanguage\":\"pt-BR\",\"potentialAction\":[{\"@type\":\"ReadAction\",\"target\":[\"https:\/\/www.estrategiaconcursos.com.br\/blog\/atencao-ao-prazo-termina-nesta-quinta-feira-o-prazo-para-inscricoes-no-2o-exame-de-suficiencia-de-2015\/\"]}]},{\"@type\":\"ImageObject\",\"inLanguage\":\"pt-BR\",\"@id\":\"https:\/\/www.estrategiaconcursos.com.br\/blog\/atencao-ao-prazo-termina-nesta-quinta-feira-o-prazo-para-inscricoes-no-2o-exame-de-suficiencia-de-2015\/#primaryimage\",\"url\":\"https:\/\/dhg1h5j42swfq.cloudfront.net\/2014\/11\/cfc1-300x140.png\",\"contentUrl\":\"https:\/\/dhg1h5j42swfq.cloudfront.net\/2014\/11\/cfc1-300x140.png\"},{\"@type\":\"BreadcrumbList\",\"@id\":\"https:\/\/www.estrategiaconcursos.com.br\/blog\/atencao-ao-prazo-termina-nesta-quinta-feira-o-prazo-para-inscricoes-no-2o-exame-de-suficiencia-de-2015\/#breadcrumb\",\"itemListElement\":[{\"@type\":\"ListItem\",\"position\":1,\"name\":\"In\u00edcio\",\"item\":\"https:\/\/www.estrategiaconcursos.com.br\/blog\/\"},{\"@type\":\"ListItem\",\"position\":2,\"name\":\"ATEN\u00c7\u00c3O AO PRAZO: Termina nesta quinta-feira o prazo para inscri\u00e7\u00f5es no 2\u00ba EXAME DE SUFICI\u00caNCIA DE 2015\"}]},{\"@type\":\"WebSite\",\"@id\":\"https:\/\/www.estrategiaconcursos.com.br\/blog\/#website\",\"url\":\"https:\/\/www.estrategiaconcursos.com.br\/blog\/\",\"name\":\"Estrat\u00e9gia Concursos\",\"description\":\"O blog da Estrat\u00e9gia Concursos traz not\u00edcias sobre concursos e artigos de professores oferecendo cursos para concursos (pdf + videaulas) no site.\",\"publisher\":{\"@id\":\"https:\/\/www.estrategiaconcursos.com.br\/blog\/#organization\"},\"potentialAction\":[{\"@type\":\"SearchAction\",\"target\":{\"@type\":\"EntryPoint\",\"urlTemplate\":\"https:\/\/www.estrategiaconcursos.com.br\/blog\/?s={search_term_string}\"},\"query-input\":{\"@type\":\"PropertyValueSpecification\",\"valueRequired\":true,\"valueName\":\"search_term_string\"}}],\"inLanguage\":\"pt-BR\"},{\"@type\":\"Organization\",\"@id\":\"https:\/\/www.estrategiaconcursos.com.br\/blog\/#organization\",\"name\":\"Estrat\u00e9gia Concursos\",\"url\":\"https:\/\/www.estrategiaconcursos.com.br\/blog\/\",\"logo\":{\"@type\":\"ImageObject\",\"inLanguage\":\"pt-BR\",\"@id\":\"https:\/\/www.estrategiaconcursos.com.br\/blog\/#\/schema\/logo\/image\/\",\"url\":\"https:\/\/dhg1h5j42swfq.cloudfront.net\/2025\/06\/03203428\/logo_concursos-1.jpg\",\"contentUrl\":\"https:\/\/dhg1h5j42swfq.cloudfront.net\/2025\/06\/03203428\/logo_concursos-1.jpg\",\"width\":230,\"height\":60,\"caption\":\"Estrat\u00e9gia Concursos\"},\"image\":{\"@id\":\"https:\/\/www.estrategiaconcursos.com.br\/blog\/#\/schema\/logo\/image\/\"},\"sameAs\":[\"https:\/\/x.com\/EstratConcursos\"]},{\"@type\":\"Person\",\"@id\":\"https:\/\/www.estrategiaconcursos.com.br\/blog\/#\/schema\/person\/b4a388c97673c5f483d72185668afa1f\",\"name\":\"Coordena\u00e7\u00e3o\",\"image\":{\"@type\":\"ImageObject\",\"inLanguage\":\"pt-BR\",\"@id\":\"https:\/\/secure.gravatar.com\/avatar\/b720319e4c9a967eb58678d110f4fe35452fc5d5f97b202bac7b8acceb18c6ad?s=96&d=mm&r=g\",\"url\":\"https:\/\/secure.gravatar.com\/avatar\/b720319e4c9a967eb58678d110f4fe35452fc5d5f97b202bac7b8acceb18c6ad?s=96&d=mm&r=g\",\"contentUrl\":\"https:\/\/secure.gravatar.com\/avatar\/b720319e4c9a967eb58678d110f4fe35452fc5d5f97b202bac7b8acceb18c6ad?s=96&d=mm&r=g\",\"caption\":\"Coordena\u00e7\u00e3o\"},\"sameAs\":[\"https:\/\/www.facebook.com\/EstrategiaConcursos\",\"https:\/\/x.com\/EstratConcursos\"],\"url\":\"https:\/\/www.estrategiaconcursos.com.br\/blog\/author\/estrategia2013\/\"}]}<\/script>\n<!-- \/ Yoast SEO Premium plugin. -->","yoast_head_json":{"title":"ATEN\u00c7\u00c3O AO PRAZO: Termina nesta quinta-feira o prazo para inscri\u00e7\u00f5es no 2\u00ba EXAME DE SUFICI\u00caNCIA DE 2015","description":"Termina nesta quinta-feira, 09, o prazo para inscri\u00e7\u00f5es no 2\u00ba Exame de Sufici\u00eancia de 2015. Saiba mais!","robots":{"index":"index","follow":"follow","max-snippet":"max-snippet:-1","max-image-preview":"max-image-preview:large","max-video-preview":"max-video-preview:-1"},"canonical":"https:\/\/www.estrategiaconcursos.com.br\/blog\/atencao-ao-prazo-termina-nesta-quinta-feira-o-prazo-para-inscricoes-no-2o-exame-de-suficiencia-de-2015\/","og_locale":"pt_BR","og_type":"article","og_title":"ATEN\u00c7\u00c3O AO PRAZO: Termina nesta quinta-feira o prazo para inscri\u00e7\u00f5es no 2\u00ba EXAME DE SUFICI\u00caNCIA DE 2015","og_description":"Termina nesta quinta-feira, 09, o prazo para inscri\u00e7\u00f5es no 2\u00ba Exame de Sufici\u00eancia de 2015. Saiba mais!","og_url":"https:\/\/www.estrategiaconcursos.com.br\/blog\/atencao-ao-prazo-termina-nesta-quinta-feira-o-prazo-para-inscricoes-no-2o-exame-de-suficiencia-de-2015\/","og_site_name":"Estrat\u00e9gia Concursos","article_author":"https:\/\/www.facebook.com\/EstrategiaConcursos","article_published_time":"2015-07-09T13:06:32+00:00","og_image":[{"url":"https:\/\/dhg1h5j42swfq.cloudfront.net\/2014\/11\/cfc1-300x140.png","type":"","width":"","height":""}],"author":"Coordena\u00e7\u00e3o","twitter_card":"summary_large_image","twitter_creator":"@EstratConcursos","twitter_site":"@EstratConcursos","twitter_misc":{"Escrito por":"Coordena\u00e7\u00e3o","Est. tempo de leitura":"2 minutos"},"schema":{"@context":"https:\/\/schema.org","@graph":[{"@type":"NewsArticle","@id":"https:\/\/www.estrategiaconcursos.com.br\/blog\/atencao-ao-prazo-termina-nesta-quinta-feira-o-prazo-para-inscricoes-no-2o-exame-de-suficiencia-de-2015\/#article","isPartOf":{"@id":"https:\/\/www.estrategiaconcursos.com.br\/blog\/atencao-ao-prazo-termina-nesta-quinta-feira-o-prazo-para-inscricoes-no-2o-exame-de-suficiencia-de-2015\/"},"author":{"name":"Coordena\u00e7\u00e3o","@id":"https:\/\/www.estrategiaconcursos.com.br\/blog\/#\/schema\/person\/b4a388c97673c5f483d72185668afa1f"},"headline":"ATEN\u00c7\u00c3O AO PRAZO: Termina nesta quinta-feira o prazo para inscri\u00e7\u00f5es no 2\u00ba EXAME DE SUFICI\u00caNCIA DE 2015","datePublished":"2015-07-09T13:06:32+00:00","mainEntityOfPage":{"@id":"https:\/\/www.estrategiaconcursos.com.br\/blog\/atencao-ao-prazo-termina-nesta-quinta-feira-o-prazo-para-inscricoes-no-2o-exame-de-suficiencia-de-2015\/"},"wordCount":340,"commentCount":0,"publisher":{"@id":"https:\/\/www.estrategiaconcursos.com.br\/blog\/#organization"},"image":{"@id":"https:\/\/www.estrategiaconcursos.com.br\/blog\/atencao-ao-prazo-termina-nesta-quinta-feira-o-prazo-para-inscricoes-no-2o-exame-de-suficiencia-de-2015\/#primaryimage"},"thumbnailUrl":"https:\/\/dhg1h5j42swfq.cloudfront.net\/2014\/11\/cfc1-300x140.png","keywords":["CFC","Exame de Sufici\u00eancia","inscri\u00e7\u00f5es"],"articleSection":["Concursos P\u00fablicos"],"inLanguage":"pt-BR","potentialAction":[{"@type":"CommentAction","name":"Comment","target":["https:\/\/www.estrategiaconcursos.com.br\/blog\/atencao-ao-prazo-termina-nesta-quinta-feira-o-prazo-para-inscricoes-no-2o-exame-de-suficiencia-de-2015\/#respond"]}],"copyrightYear":"2015","copyrightHolder":{"@id":"https:\/\/www.estrategiaconcursos.com.br\/blog\/#organization"}},{"@type":"WebPage","@id":"https:\/\/www.estrategiaconcursos.com.br\/blog\/atencao-ao-prazo-termina-nesta-quinta-feira-o-prazo-para-inscricoes-no-2o-exame-de-suficiencia-de-2015\/","url":"https:\/\/www.estrategiaconcursos.com.br\/blog\/atencao-ao-prazo-termina-nesta-quinta-feira-o-prazo-para-inscricoes-no-2o-exame-de-suficiencia-de-2015\/","name":"ATEN\u00c7\u00c3O AO PRAZO: Termina nesta quinta-feira o prazo para inscri\u00e7\u00f5es no 2\u00ba EXAME DE SUFICI\u00caNCIA DE 2015","isPartOf":{"@id":"https:\/\/www.estrategiaconcursos.com.br\/blog\/#website"},"primaryImageOfPage":{"@id":"https:\/\/www.estrategiaconcursos.com.br\/blog\/atencao-ao-prazo-termina-nesta-quinta-feira-o-prazo-para-inscricoes-no-2o-exame-de-suficiencia-de-2015\/#primaryimage"},"image":{"@id":"https:\/\/www.estrategiaconcursos.com.br\/blog\/atencao-ao-prazo-termina-nesta-quinta-feira-o-prazo-para-inscricoes-no-2o-exame-de-suficiencia-de-2015\/#primaryimage"},"thumbnailUrl":"https:\/\/dhg1h5j42swfq.cloudfront.net\/2014\/11\/cfc1-300x140.png","datePublished":"2015-07-09T13:06:32+00:00","description":"Termina nesta quinta-feira, 09, o prazo para inscri\u00e7\u00f5es no 2\u00ba Exame de Sufici\u00eancia de 2015. Saiba mais!","breadcrumb":{"@id":"https:\/\/www.estrategiaconcursos.com.br\/blog\/atencao-ao-prazo-termina-nesta-quinta-feira-o-prazo-para-inscricoes-no-2o-exame-de-suficiencia-de-2015\/#breadcrumb"},"inLanguage":"pt-BR","potentialAction":[{"@type":"ReadAction","target":["https:\/\/www.estrategiaconcursos.com.br\/blog\/atencao-ao-prazo-termina-nesta-quinta-feira-o-prazo-para-inscricoes-no-2o-exame-de-suficiencia-de-2015\/"]}]},{"@type":"ImageObject","inLanguage":"pt-BR","@id":"https:\/\/www.estrategiaconcursos.com.br\/blog\/atencao-ao-prazo-termina-nesta-quinta-feira-o-prazo-para-inscricoes-no-2o-exame-de-suficiencia-de-2015\/#primaryimage","url":"https:\/\/dhg1h5j42swfq.cloudfront.net\/2014\/11\/cfc1-300x140.png","contentUrl":"https:\/\/dhg1h5j42swfq.cloudfront.net\/2014\/11\/cfc1-300x140.png"},{"@type":"BreadcrumbList","@id":"https:\/\/www.estrategiaconcursos.com.br\/blog\/atencao-ao-prazo-termina-nesta-quinta-feira-o-prazo-para-inscricoes-no-2o-exame-de-suficiencia-de-2015\/#breadcrumb","itemListElement":[{"@type":"ListItem","position":1,"name":"In\u00edcio","item":"https:\/\/www.estrategiaconcursos.com.br\/blog\/"},{"@type":"ListItem","position":2,"name":"ATEN\u00c7\u00c3O AO PRAZO: Termina nesta quinta-feira o prazo para inscri\u00e7\u00f5es no 2\u00ba EXAME DE SUFICI\u00caNCIA DE 2015"}]},{"@type":"WebSite","@id":"https:\/\/www.estrategiaconcursos.com.br\/blog\/#website","url":"https:\/\/www.estrategiaconcursos.com.br\/blog\/","name":"Estrat\u00e9gia Concursos","description":"O blog da Estrat\u00e9gia Concursos traz not\u00edcias sobre concursos e artigos de professores oferecendo cursos para concursos (pdf + videaulas) no site.","publisher":{"@id":"https:\/\/www.estrategiaconcursos.com.br\/blog\/#organization"},"potentialAction":[{"@type":"SearchAction","target":{"@type":"EntryPoint","urlTemplate":"https:\/\/www.estrategiaconcursos.com.br\/blog\/?s={search_term_string}"},"query-input":{"@type":"PropertyValueSpecification","valueRequired":true,"valueName":"search_term_string"}}],"inLanguage":"pt-BR"},{"@type":"Organization","@id":"https:\/\/www.estrategiaconcursos.com.br\/blog\/#organization","name":"Estrat\u00e9gia Concursos","url":"https:\/\/www.estrategiaconcursos.com.br\/blog\/","logo":{"@type":"ImageObject","inLanguage":"pt-BR","@id":"https:\/\/www.estrategiaconcursos.com.br\/blog\/#\/schema\/logo\/image\/","url":"https:\/\/dhg1h5j42swfq.cloudfront.net\/2025\/06\/03203428\/logo_concursos-1.jpg","contentUrl":"https:\/\/dhg1h5j42swfq.cloudfront.net\/2025\/06\/03203428\/logo_concursos-1.jpg","width":230,"height":60,"caption":"Estrat\u00e9gia Concursos"},"image":{"@id":"https:\/\/www.estrategiaconcursos.com.br\/blog\/#\/schema\/logo\/image\/"},"sameAs":["https:\/\/x.com\/EstratConcursos"]},{"@type":"Person","@id":"https:\/\/www.estrategiaconcursos.com.br\/blog\/#\/schema\/person\/b4a388c97673c5f483d72185668afa1f","name":"Coordena\u00e7\u00e3o","image":{"@type":"ImageObject","inLanguage":"pt-BR","@id":"https:\/\/secure.gravatar.com\/avatar\/b720319e4c9a967eb58678d110f4fe35452fc5d5f97b202bac7b8acceb18c6ad?s=96&d=mm&r=g","url":"https:\/\/secure.gravatar.com\/avatar\/b720319e4c9a967eb58678d110f4fe35452fc5d5f97b202bac7b8acceb18c6ad?s=96&d=mm&r=g","contentUrl":"https:\/\/secure.gravatar.com\/avatar\/b720319e4c9a967eb58678d110f4fe35452fc5d5f97b202bac7b8acceb18c6ad?s=96&d=mm&r=g","caption":"Coordena\u00e7\u00e3o"},"sameAs":["https:\/\/www.facebook.com\/EstrategiaConcursos","https:\/\/x.com\/EstratConcursos"],"url":"https:\/\/www.estrategiaconcursos.com.br\/blog\/author\/estrategia2013\/"}]}},"_links":{"self":[{"href":"https:\/\/www.estrategiaconcursos.com.br\/blog\/wp-json\/wp\/v2\/posts\/24557","targetHints":{"allow":["GET"]}}],"collection":[{"href":"https:\/\/www.estrategiaconcursos.com.br\/blog\/wp-json\/wp\/v2\/posts"}],"about":[{"href":"https:\/\/www.estrategiaconcursos.com.br\/blog\/wp-json\/wp\/v2\/types\/post"}],"author":[{"embeddable":true,"href":"https:\/\/www.estrategiaconcursos.com.br\/blog\/wp-json\/wp\/v2\/users\/1"}],"replies":[{"embeddable":true,"href":"https:\/\/www.estrategiaconcursos.com.br\/blog\/wp-json\/wp\/v2\/comments?post=24557"}],"version-history":[{"count":1,"href":"https:\/\/www.estrategiaconcursos.com.br\/blog\/wp-json\/wp\/v2\/posts\/24557\/revisions"}],"predecessor-version":[{"id":24558,"href":"https:\/\/www.estrategiaconcursos.com.br\/blog\/wp-json\/wp\/v2\/posts\/24557\/revisions\/24558"}],"wp:attachment":[{"href":"https:\/\/www.estrategiaconcursos.com.br\/blog\/wp-json\/wp\/v2\/media?parent=24557"}],"wp:term":[{"taxonomy":"category","embeddable":true,"href":"https:\/\/www.estrategiaconcursos.com.br\/blog\/wp-json\/wp\/v2\/categories?post=24557"},{"taxonomy":"post_tag","embeddable":true,"href":"https:\/\/www.estrategiaconcursos.com.br\/blog\/wp-json\/wp\/v2\/tags?post=24557"},{"taxonomy":"tax_estado","embeddable":true,"href":"https:\/\/www.estrategiaconcursos.com.br\/blog\/wp-json\/wp\/v2\/tax_estado?post=24557"}],"curies":[{"name":"wp","href":"https:\/\/api.w.org\/{rel}","templated":true}]}}