{"id":24464,"date":"2015-07-07T10:56:33","date_gmt":"2015-07-07T13:56:33","guid":{"rendered":"http:\/\/www.estrategiaconcursos.com.br\/blog\/?p=24464"},"modified":"2015-07-07T10:58:43","modified_gmt":"2015-07-07T13:58:43","slug":"divulgado-edital-do-concurso-para-procurador-da-fazenda-nacional-sao-150-vagas-e-remuneracao-de-mais-de-r17mil","status":"publish","type":"post","link":"https:\/\/www.estrategiaconcursos.com.br\/blog\/divulgado-edital-do-concurso-para-procurador-da-fazenda-nacional-sao-150-vagas-e-remuneracao-de-mais-de-r17mil\/","title":{"rendered":"Divulgado edital do concurso para Procurador da Fazenda Nacional. S\u00e3o 150 vagas e remunera\u00e7\u00e3o de mais de R$17mil"},"content":{"rendered":"<p style=\"text-align: justify;\"><span style=\"color: #000000;\"><a href=\"https:\/\/dhg1h5j42swfq.cloudfront.net\/2015\/07\/Concurso-para-Procurador-da-Fazenda-Nacional.jpg\"><img loading=\"lazy\" decoding=\"async\" class=\"alignleft wp-image-24467 size-full\" src=\"https:\/\/dhg1h5j42swfq.cloudfront.net\/2015\/07\/Concurso-para-Procurador-da-Fazenda-Nacional.jpg\" alt=\"Concurso para Procurador da Fazenda Nacional\" width=\"180\" height=\"180\" srcset=\"https:\/\/dhg1h5j42swfq.cloudfront.net\/2015\/07\/Concurso-para-Procurador-da-Fazenda-Nacional.jpg 180w, https:\/\/dhg1h5j42swfq.cloudfront.net\/2015\/07\/Concurso-para-Procurador-da-Fazenda-Nacional.jpg 150w\" sizes=\"auto, (max-width: 180px) 100vw, 180px\" \/><\/a>Foi divulgado nesta ter\u00e7a-feira, 07, pela Escola\u00a0de Administra\u00e7\u00e3o Fazend\u00e1ria, o edital do <a href=\"https:\/\/www.estrategiaconcursos.com.br\/cursosPorConcurso\/procurador-da-fazenda-nacional-pgfn-301\/\">concurso para Procurador da Fazenda Nacional<\/a>, que prev\u00ea o preenchimento de 150 vagas sendo, do total de vagas, 5% destinada aos candidatos portadores de defici\u00eancia e 20% aos candidatos negros ou pardos. As inscri\u00e7\u00f5es poder\u00e3o ser realizadas entre \u00e0s\u00a010 horas do dia 20 de julho de 2015 e 23h59min do dia 10 de agosto de 2015, pelo site da <span style=\"color: #0000ff;\"><a style=\"color: #0000ff;\" href=\"http:\/\/www.esaf.fazenda.gov.br\/concursos_publicos\/novos-e-inscricoes-abertas\/procurador-da-fazenda-nacional-pnf\">Esaf<\/a><\/span>. A taxa \u00e9 de\u00a0R$ 195,00.<\/span><\/p>\n<p style=\"text-align: justify;\"><span style=\"color: #000000;\">Para concorrer \u00e0 fun\u00e7\u00e3o de Procurador da Fazenda Nacional, o candidato deve possuir diploma de Bacharel em Direito, estar inscrito junto \u00e0 Ordem dos Advogados do Brasil (OAB) e ter, ainda, dois anos de pr\u00e1tica forense. A remunera\u00e7\u00e3o inicial dos Procuradores \u00e9 de\u00a0R$ 17.330,33 e a jornada de trabalho \u00e9 de 40 horas semanais.\u00a0A nomea\u00e7\u00e3o dos candidatos aprovados ficar\u00e1 condicionada ao interesse da administra\u00e7\u00e3o, \u00e0 ordem de classifica\u00e7\u00e3o e ao prazo de validade do concurso.<\/span><\/p>\n<p style=\"text-align: justify;\"><span style=\"color: #000000;\">Al\u00e9m de provas objetiva e discursivas, o concurso contar\u00e1 ainda com\u00a0prova oral, avalia\u00e7\u00e3o de t\u00edtulos e sindic\u00e2ncia de vida pregressa. \u00a0A prova objetiva e as provas discursivas ser\u00e3o realizadas no dia 20 de setembro de 2015, nas cidades de Aracaju-SE, Bel\u00e9m-PA, Belo Horizonte-MG, Boa Vista-RR, Bras\u00edlia-DF, Campo Grande-MS, Cuiab\u00e1-MT, Curitiba-PR, Florian\u00f3polis-SC, Fortaleza-CE, Goi\u00e2nia-GO, Jo\u00e3o Pessoa-PB, Macap\u00e1-AP, Macei\u00f3-AL, Manaus-AM, Natal-RN, Palmas-TO, Porto Alegre-RS, Porto Velho-RO, Recife-PE, Rio Branco-AC, Rio de Janeiro-RJ, Salvador-BA, S\u00e3o Lu\u00eds-MA, S\u00e3o Paulo-SP, Teresina-PI e Vit\u00f3ria-ES.<\/span><\/p>\n<p style=\"text-align: justify;\"><span style=\"color: #000000;\">O prazo de validade do concurso para Procurador da Fazenda Nacional\u00a0ser\u00e1 de um ano a contar da data de homologa\u00e7\u00e3o do resultado final, podendo ser prorrogado, a crit\u00e9rio do Conselho Superior da Advocacia-Geral da Uni\u00e3o.<\/span><\/p>\n<p style=\"text-align: justify;\"><span style=\"color: #000000;\">Confira o edital em:<\/span><\/p>\n<p><span style=\"color: #0000ff;\"><a style=\"color: #0000ff;\" href=\"https:\/\/dhg1h5j42swfq.cloudfront.net\/2015\/07\/Edital-concurso-para-Procurador-Nacional-da-Fazenda.pdf\">Edital concurso para Procurador Nacional da Fazenda<\/a><\/span><\/p>\n<p><span style=\"color: #000000;\"><strong>O Estrat\u00e9gia Concursos j\u00e1 lan\u00e7ou cursos para este concurso. Confira em:<\/strong><\/span><\/p>\n<p><span style=\"color: #0000ff;\"><a style=\"color: #0000ff;\" href=\"https:\/\/www.estrategiaconcursos.com.br\/cursosPorConcurso\/procurador-da-fazenda-nacional-pgfn-301\/\">https:\/\/www.estrategiaconcursos.com.br\/cursosPorConcurso\/procurador-da-fazenda-nacional-pgfn-301\/<\/a><\/span><\/p>\n<p><span style=\"color: #000000;\">Assessoria de Comunica\u00e7\u00e3o<\/span><\/p>\n<p><span style=\"color: #000000;\">comunicacao@estrategiaconcursos.com.br<\/span><\/p>\n<p>&nbsp;<\/p>\n<p>&nbsp;<\/p>\n","protected":false},"excerpt":{"rendered":"<p>Foi divulgado nesta ter\u00e7a-feira, 07, pela Escola\u00a0de Administra\u00e7\u00e3o Fazend\u00e1ria, o edital do concurso para Procurador da Fazenda Nacional, que prev\u00ea o preenchimento de 150 vagas sendo, do total de vagas, 5% destinada aos candidatos portadores de defici\u00eancia e 20% aos candidatos negros ou pardos. As inscri\u00e7\u00f5es poder\u00e3o ser realizadas entre \u00e0s\u00a010 horas do dia 20 [&hellip;]<\/p>\n","protected":false},"author":1,"featured_media":0,"comment_status":"open","ping_status":"open","sticky":false,"template":"","format":"standard","meta":{"post_tipo":"news","footnotes":""},"categories":[1],"tags":[48,644],"tax_estado":[],"class_list":["post-24464","post","type-post","status-publish","format-standard","hentry","category-cursos-e-concursos","tag-edital","tag-pgfn"],"acf":[],"yoast_head":"<!-- This site is optimized with the Yoast SEO Premium plugin v27.2 (Yoast SEO v27.2) - https:\/\/yoast.com\/product\/yoast-seo-premium-wordpress\/ -->\n<title>Divulgado edital do concurso para Procurador da Fazenda Nacional. S\u00e3o 150 vagas e remunera\u00e7\u00e3o de mais de R$17mil<\/title>\n<meta name=\"description\" content=\"Foi divulgado nesta ter\u00e7a-feira, 07, o edital do concurso para Procurador da Fazenda Nacional, que prev\u00ea o preenchimento de 150 vagas. Saiba mais!\" \/>\n<meta name=\"robots\" content=\"index, follow, max-snippet:-1, max-image-preview:large, max-video-preview:-1\" \/>\n<link rel=\"canonical\" href=\"https:\/\/www.estrategiaconcursos.com.br\/blog\/divulgado-edital-do-concurso-para-procurador-da-fazenda-nacional-sao-150-vagas-e-remuneracao-de-mais-de-r17mil\/\" \/>\n<meta property=\"og:locale\" content=\"pt_BR\" \/>\n<meta property=\"og:type\" content=\"article\" \/>\n<meta property=\"og:title\" content=\"Divulgado edital do concurso para Procurador da Fazenda Nacional. S\u00e3o 150 vagas e remunera\u00e7\u00e3o de mais de R$17mil\" \/>\n<meta property=\"og:description\" content=\"Foi divulgado nesta ter\u00e7a-feira, 07, o edital do concurso para Procurador da Fazenda Nacional, que prev\u00ea o preenchimento de 150 vagas. Saiba mais!\" \/>\n<meta property=\"og:url\" content=\"https:\/\/www.estrategiaconcursos.com.br\/blog\/divulgado-edital-do-concurso-para-procurador-da-fazenda-nacional-sao-150-vagas-e-remuneracao-de-mais-de-r17mil\/\" \/>\n<meta property=\"og:site_name\" content=\"Estrat\u00e9gia Concursos\" \/>\n<meta property=\"article:author\" content=\"https:\/\/www.facebook.com\/EstrategiaConcursos\" \/>\n<meta property=\"article:published_time\" content=\"2015-07-07T13:56:33+00:00\" \/>\n<meta property=\"article:modified_time\" content=\"2015-07-07T13:58:43+00:00\" \/>\n<meta property=\"og:image\" content=\"https:\/\/dhg1h5j42swfq.cloudfront.net\/2015\/07\/Concurso-para-Procurador-da-Fazenda-Nacional.jpg\" \/>\n<meta name=\"author\" content=\"Coordena\u00e7\u00e3o\" \/>\n<meta name=\"twitter:card\" content=\"summary_large_image\" \/>\n<meta name=\"twitter:creator\" content=\"@EstratConcursos\" \/>\n<meta name=\"twitter:site\" content=\"@EstratConcursos\" \/>\n<meta name=\"twitter:label1\" content=\"Escrito por\" \/>\n\t<meta name=\"twitter:data1\" content=\"Coordena\u00e7\u00e3o\" \/>\n\t<meta name=\"twitter:label2\" content=\"Est. tempo de leitura\" \/>\n\t<meta name=\"twitter:data2\" content=\"2 minutos\" \/>\n<script type=\"application\/ld+json\" class=\"yoast-schema-graph\">{\"@context\":\"https:\/\/schema.org\",\"@graph\":[{\"@type\":\"NewsArticle\",\"@id\":\"https:\/\/www.estrategiaconcursos.com.br\/blog\/divulgado-edital-do-concurso-para-procurador-da-fazenda-nacional-sao-150-vagas-e-remuneracao-de-mais-de-r17mil\/#article\",\"isPartOf\":{\"@id\":\"https:\/\/www.estrategiaconcursos.com.br\/blog\/divulgado-edital-do-concurso-para-procurador-da-fazenda-nacional-sao-150-vagas-e-remuneracao-de-mais-de-r17mil\/\"},\"author\":{\"name\":\"Coordena\u00e7\u00e3o\",\"@id\":\"https:\/\/www.estrategiaconcursos.com.br\/blog\/#\/schema\/person\/b4a388c97673c5f483d72185668afa1f\"},\"headline\":\"Divulgado edital do concurso para Procurador da Fazenda Nacional. S\u00e3o 150 vagas e remunera\u00e7\u00e3o de mais de R$17mil\",\"datePublished\":\"2015-07-07T13:56:33+00:00\",\"dateModified\":\"2015-07-07T13:58:43+00:00\",\"mainEntityOfPage\":{\"@id\":\"https:\/\/www.estrategiaconcursos.com.br\/blog\/divulgado-edital-do-concurso-para-procurador-da-fazenda-nacional-sao-150-vagas-e-remuneracao-de-mais-de-r17mil\/\"},\"wordCount\":346,\"commentCount\":0,\"publisher\":{\"@id\":\"https:\/\/www.estrategiaconcursos.com.br\/blog\/#organization\"},\"image\":{\"@id\":\"https:\/\/www.estrategiaconcursos.com.br\/blog\/divulgado-edital-do-concurso-para-procurador-da-fazenda-nacional-sao-150-vagas-e-remuneracao-de-mais-de-r17mil\/#primaryimage\"},\"thumbnailUrl\":\"https:\/\/dhg1h5j42swfq.cloudfront.net\/2015\/07\/Concurso-para-Procurador-da-Fazenda-Nacional.jpg\",\"keywords\":[\"edital\",\"PGFN\"],\"articleSection\":[\"Concursos P\u00fablicos\"],\"inLanguage\":\"pt-BR\",\"potentialAction\":[{\"@type\":\"CommentAction\",\"name\":\"Comment\",\"target\":[\"https:\/\/www.estrategiaconcursos.com.br\/blog\/divulgado-edital-do-concurso-para-procurador-da-fazenda-nacional-sao-150-vagas-e-remuneracao-de-mais-de-r17mil\/#respond\"]}],\"copyrightYear\":\"2015\",\"copyrightHolder\":{\"@id\":\"https:\/\/www.estrategiaconcursos.com.br\/blog\/#organization\"}},{\"@type\":\"WebPage\",\"@id\":\"https:\/\/www.estrategiaconcursos.com.br\/blog\/divulgado-edital-do-concurso-para-procurador-da-fazenda-nacional-sao-150-vagas-e-remuneracao-de-mais-de-r17mil\/\",\"url\":\"https:\/\/www.estrategiaconcursos.com.br\/blog\/divulgado-edital-do-concurso-para-procurador-da-fazenda-nacional-sao-150-vagas-e-remuneracao-de-mais-de-r17mil\/\",\"name\":\"Divulgado edital do concurso para Procurador da Fazenda Nacional. S\u00e3o 150 vagas e remunera\u00e7\u00e3o de mais de R$17mil\",\"isPartOf\":{\"@id\":\"https:\/\/www.estrategiaconcursos.com.br\/blog\/#website\"},\"primaryImageOfPage\":{\"@id\":\"https:\/\/www.estrategiaconcursos.com.br\/blog\/divulgado-edital-do-concurso-para-procurador-da-fazenda-nacional-sao-150-vagas-e-remuneracao-de-mais-de-r17mil\/#primaryimage\"},\"image\":{\"@id\":\"https:\/\/www.estrategiaconcursos.com.br\/blog\/divulgado-edital-do-concurso-para-procurador-da-fazenda-nacional-sao-150-vagas-e-remuneracao-de-mais-de-r17mil\/#primaryimage\"},\"thumbnailUrl\":\"https:\/\/dhg1h5j42swfq.cloudfront.net\/2015\/07\/Concurso-para-Procurador-da-Fazenda-Nacional.jpg\",\"datePublished\":\"2015-07-07T13:56:33+00:00\",\"dateModified\":\"2015-07-07T13:58:43+00:00\",\"description\":\"Foi divulgado nesta ter\u00e7a-feira, 07, o edital do concurso para Procurador da Fazenda Nacional, que prev\u00ea o preenchimento de 150 vagas. Saiba mais!\",\"breadcrumb\":{\"@id\":\"https:\/\/www.estrategiaconcursos.com.br\/blog\/divulgado-edital-do-concurso-para-procurador-da-fazenda-nacional-sao-150-vagas-e-remuneracao-de-mais-de-r17mil\/#breadcrumb\"},\"inLanguage\":\"pt-BR\",\"potentialAction\":[{\"@type\":\"ReadAction\",\"target\":[\"https:\/\/www.estrategiaconcursos.com.br\/blog\/divulgado-edital-do-concurso-para-procurador-da-fazenda-nacional-sao-150-vagas-e-remuneracao-de-mais-de-r17mil\/\"]}]},{\"@type\":\"ImageObject\",\"inLanguage\":\"pt-BR\",\"@id\":\"https:\/\/www.estrategiaconcursos.com.br\/blog\/divulgado-edital-do-concurso-para-procurador-da-fazenda-nacional-sao-150-vagas-e-remuneracao-de-mais-de-r17mil\/#primaryimage\",\"url\":\"https:\/\/dhg1h5j42swfq.cloudfront.net\/2015\/07\/Concurso-para-Procurador-da-Fazenda-Nacional.jpg\",\"contentUrl\":\"https:\/\/dhg1h5j42swfq.cloudfront.net\/2015\/07\/Concurso-para-Procurador-da-Fazenda-Nacional.jpg\"},{\"@type\":\"BreadcrumbList\",\"@id\":\"https:\/\/www.estrategiaconcursos.com.br\/blog\/divulgado-edital-do-concurso-para-procurador-da-fazenda-nacional-sao-150-vagas-e-remuneracao-de-mais-de-r17mil\/#breadcrumb\",\"itemListElement\":[{\"@type\":\"ListItem\",\"position\":1,\"name\":\"In\u00edcio\",\"item\":\"https:\/\/www.estrategiaconcursos.com.br\/blog\/\"},{\"@type\":\"ListItem\",\"position\":2,\"name\":\"Divulgado edital do concurso para Procurador da Fazenda Nacional. S\u00e3o 150 vagas e remunera\u00e7\u00e3o de mais de R$17mil\"}]},{\"@type\":\"WebSite\",\"@id\":\"https:\/\/www.estrategiaconcursos.com.br\/blog\/#website\",\"url\":\"https:\/\/www.estrategiaconcursos.com.br\/blog\/\",\"name\":\"Estrat\u00e9gia Concursos\",\"description\":\"O blog da Estrat\u00e9gia Concursos traz not\u00edcias sobre concursos e artigos de professores oferecendo cursos para concursos (pdf + videaulas) no site.\",\"publisher\":{\"@id\":\"https:\/\/www.estrategiaconcursos.com.br\/blog\/#organization\"},\"potentialAction\":[{\"@type\":\"SearchAction\",\"target\":{\"@type\":\"EntryPoint\",\"urlTemplate\":\"https:\/\/www.estrategiaconcursos.com.br\/blog\/?s={search_term_string}\"},\"query-input\":{\"@type\":\"PropertyValueSpecification\",\"valueRequired\":true,\"valueName\":\"search_term_string\"}}],\"inLanguage\":\"pt-BR\"},{\"@type\":\"Organization\",\"@id\":\"https:\/\/www.estrategiaconcursos.com.br\/blog\/#organization\",\"name\":\"Estrat\u00e9gia Concursos\",\"url\":\"https:\/\/www.estrategiaconcursos.com.br\/blog\/\",\"logo\":{\"@type\":\"ImageObject\",\"inLanguage\":\"pt-BR\",\"@id\":\"https:\/\/www.estrategiaconcursos.com.br\/blog\/#\/schema\/logo\/image\/\",\"url\":\"https:\/\/dhg1h5j42swfq.cloudfront.net\/2025\/06\/03203428\/logo_concursos-1.jpg\",\"contentUrl\":\"https:\/\/dhg1h5j42swfq.cloudfront.net\/2025\/06\/03203428\/logo_concursos-1.jpg\",\"width\":230,\"height\":60,\"caption\":\"Estrat\u00e9gia Concursos\"},\"image\":{\"@id\":\"https:\/\/www.estrategiaconcursos.com.br\/blog\/#\/schema\/logo\/image\/\"},\"sameAs\":[\"https:\/\/x.com\/EstratConcursos\"]},{\"@type\":\"Person\",\"@id\":\"https:\/\/www.estrategiaconcursos.com.br\/blog\/#\/schema\/person\/b4a388c97673c5f483d72185668afa1f\",\"name\":\"Coordena\u00e7\u00e3o\",\"image\":{\"@type\":\"ImageObject\",\"inLanguage\":\"pt-BR\",\"@id\":\"https:\/\/secure.gravatar.com\/avatar\/b720319e4c9a967eb58678d110f4fe35452fc5d5f97b202bac7b8acceb18c6ad?s=96&d=mm&r=g\",\"url\":\"https:\/\/secure.gravatar.com\/avatar\/b720319e4c9a967eb58678d110f4fe35452fc5d5f97b202bac7b8acceb18c6ad?s=96&d=mm&r=g\",\"contentUrl\":\"https:\/\/secure.gravatar.com\/avatar\/b720319e4c9a967eb58678d110f4fe35452fc5d5f97b202bac7b8acceb18c6ad?s=96&d=mm&r=g\",\"caption\":\"Coordena\u00e7\u00e3o\"},\"sameAs\":[\"https:\/\/www.facebook.com\/EstrategiaConcursos\",\"https:\/\/x.com\/EstratConcursos\"],\"url\":\"https:\/\/www.estrategiaconcursos.com.br\/blog\/author\/estrategia2013\/\"}]}<\/script>\n<!-- \/ Yoast SEO Premium plugin. -->","yoast_head_json":{"title":"Divulgado edital do concurso para Procurador da Fazenda Nacional. S\u00e3o 150 vagas e remunera\u00e7\u00e3o de mais de R$17mil","description":"Foi divulgado nesta ter\u00e7a-feira, 07, o edital do concurso para Procurador da Fazenda Nacional, que prev\u00ea o preenchimento de 150 vagas. Saiba mais!","robots":{"index":"index","follow":"follow","max-snippet":"max-snippet:-1","max-image-preview":"max-image-preview:large","max-video-preview":"max-video-preview:-1"},"canonical":"https:\/\/www.estrategiaconcursos.com.br\/blog\/divulgado-edital-do-concurso-para-procurador-da-fazenda-nacional-sao-150-vagas-e-remuneracao-de-mais-de-r17mil\/","og_locale":"pt_BR","og_type":"article","og_title":"Divulgado edital do concurso para Procurador da Fazenda Nacional. S\u00e3o 150 vagas e remunera\u00e7\u00e3o de mais de R$17mil","og_description":"Foi divulgado nesta ter\u00e7a-feira, 07, o edital do concurso para Procurador da Fazenda Nacional, que prev\u00ea o preenchimento de 150 vagas. Saiba mais!","og_url":"https:\/\/www.estrategiaconcursos.com.br\/blog\/divulgado-edital-do-concurso-para-procurador-da-fazenda-nacional-sao-150-vagas-e-remuneracao-de-mais-de-r17mil\/","og_site_name":"Estrat\u00e9gia Concursos","article_author":"https:\/\/www.facebook.com\/EstrategiaConcursos","article_published_time":"2015-07-07T13:56:33+00:00","article_modified_time":"2015-07-07T13:58:43+00:00","og_image":[{"url":"https:\/\/dhg1h5j42swfq.cloudfront.net\/2015\/07\/Concurso-para-Procurador-da-Fazenda-Nacional.jpg","type":"","width":"","height":""}],"author":"Coordena\u00e7\u00e3o","twitter_card":"summary_large_image","twitter_creator":"@EstratConcursos","twitter_site":"@EstratConcursos","twitter_misc":{"Escrito por":"Coordena\u00e7\u00e3o","Est. tempo de leitura":"2 minutos"},"schema":{"@context":"https:\/\/schema.org","@graph":[{"@type":"NewsArticle","@id":"https:\/\/www.estrategiaconcursos.com.br\/blog\/divulgado-edital-do-concurso-para-procurador-da-fazenda-nacional-sao-150-vagas-e-remuneracao-de-mais-de-r17mil\/#article","isPartOf":{"@id":"https:\/\/www.estrategiaconcursos.com.br\/blog\/divulgado-edital-do-concurso-para-procurador-da-fazenda-nacional-sao-150-vagas-e-remuneracao-de-mais-de-r17mil\/"},"author":{"name":"Coordena\u00e7\u00e3o","@id":"https:\/\/www.estrategiaconcursos.com.br\/blog\/#\/schema\/person\/b4a388c97673c5f483d72185668afa1f"},"headline":"Divulgado edital do concurso para Procurador da Fazenda Nacional. S\u00e3o 150 vagas e remunera\u00e7\u00e3o de mais de R$17mil","datePublished":"2015-07-07T13:56:33+00:00","dateModified":"2015-07-07T13:58:43+00:00","mainEntityOfPage":{"@id":"https:\/\/www.estrategiaconcursos.com.br\/blog\/divulgado-edital-do-concurso-para-procurador-da-fazenda-nacional-sao-150-vagas-e-remuneracao-de-mais-de-r17mil\/"},"wordCount":346,"commentCount":0,"publisher":{"@id":"https:\/\/www.estrategiaconcursos.com.br\/blog\/#organization"},"image":{"@id":"https:\/\/www.estrategiaconcursos.com.br\/blog\/divulgado-edital-do-concurso-para-procurador-da-fazenda-nacional-sao-150-vagas-e-remuneracao-de-mais-de-r17mil\/#primaryimage"},"thumbnailUrl":"https:\/\/dhg1h5j42swfq.cloudfront.net\/2015\/07\/Concurso-para-Procurador-da-Fazenda-Nacional.jpg","keywords":["edital","PGFN"],"articleSection":["Concursos P\u00fablicos"],"inLanguage":"pt-BR","potentialAction":[{"@type":"CommentAction","name":"Comment","target":["https:\/\/www.estrategiaconcursos.com.br\/blog\/divulgado-edital-do-concurso-para-procurador-da-fazenda-nacional-sao-150-vagas-e-remuneracao-de-mais-de-r17mil\/#respond"]}],"copyrightYear":"2015","copyrightHolder":{"@id":"https:\/\/www.estrategiaconcursos.com.br\/blog\/#organization"}},{"@type":"WebPage","@id":"https:\/\/www.estrategiaconcursos.com.br\/blog\/divulgado-edital-do-concurso-para-procurador-da-fazenda-nacional-sao-150-vagas-e-remuneracao-de-mais-de-r17mil\/","url":"https:\/\/www.estrategiaconcursos.com.br\/blog\/divulgado-edital-do-concurso-para-procurador-da-fazenda-nacional-sao-150-vagas-e-remuneracao-de-mais-de-r17mil\/","name":"Divulgado edital do concurso para Procurador da Fazenda Nacional. S\u00e3o 150 vagas e remunera\u00e7\u00e3o de mais de R$17mil","isPartOf":{"@id":"https:\/\/www.estrategiaconcursos.com.br\/blog\/#website"},"primaryImageOfPage":{"@id":"https:\/\/www.estrategiaconcursos.com.br\/blog\/divulgado-edital-do-concurso-para-procurador-da-fazenda-nacional-sao-150-vagas-e-remuneracao-de-mais-de-r17mil\/#primaryimage"},"image":{"@id":"https:\/\/www.estrategiaconcursos.com.br\/blog\/divulgado-edital-do-concurso-para-procurador-da-fazenda-nacional-sao-150-vagas-e-remuneracao-de-mais-de-r17mil\/#primaryimage"},"thumbnailUrl":"https:\/\/dhg1h5j42swfq.cloudfront.net\/2015\/07\/Concurso-para-Procurador-da-Fazenda-Nacional.jpg","datePublished":"2015-07-07T13:56:33+00:00","dateModified":"2015-07-07T13:58:43+00:00","description":"Foi divulgado nesta ter\u00e7a-feira, 07, o edital do concurso para Procurador da Fazenda Nacional, que prev\u00ea o preenchimento de 150 vagas. Saiba mais!","breadcrumb":{"@id":"https:\/\/www.estrategiaconcursos.com.br\/blog\/divulgado-edital-do-concurso-para-procurador-da-fazenda-nacional-sao-150-vagas-e-remuneracao-de-mais-de-r17mil\/#breadcrumb"},"inLanguage":"pt-BR","potentialAction":[{"@type":"ReadAction","target":["https:\/\/www.estrategiaconcursos.com.br\/blog\/divulgado-edital-do-concurso-para-procurador-da-fazenda-nacional-sao-150-vagas-e-remuneracao-de-mais-de-r17mil\/"]}]},{"@type":"ImageObject","inLanguage":"pt-BR","@id":"https:\/\/www.estrategiaconcursos.com.br\/blog\/divulgado-edital-do-concurso-para-procurador-da-fazenda-nacional-sao-150-vagas-e-remuneracao-de-mais-de-r17mil\/#primaryimage","url":"https:\/\/dhg1h5j42swfq.cloudfront.net\/2015\/07\/Concurso-para-Procurador-da-Fazenda-Nacional.jpg","contentUrl":"https:\/\/dhg1h5j42swfq.cloudfront.net\/2015\/07\/Concurso-para-Procurador-da-Fazenda-Nacional.jpg"},{"@type":"BreadcrumbList","@id":"https:\/\/www.estrategiaconcursos.com.br\/blog\/divulgado-edital-do-concurso-para-procurador-da-fazenda-nacional-sao-150-vagas-e-remuneracao-de-mais-de-r17mil\/#breadcrumb","itemListElement":[{"@type":"ListItem","position":1,"name":"In\u00edcio","item":"https:\/\/www.estrategiaconcursos.com.br\/blog\/"},{"@type":"ListItem","position":2,"name":"Divulgado edital do concurso para Procurador da Fazenda Nacional. S\u00e3o 150 vagas e remunera\u00e7\u00e3o de mais de R$17mil"}]},{"@type":"WebSite","@id":"https:\/\/www.estrategiaconcursos.com.br\/blog\/#website","url":"https:\/\/www.estrategiaconcursos.com.br\/blog\/","name":"Estrat\u00e9gia Concursos","description":"O blog da Estrat\u00e9gia Concursos traz not\u00edcias sobre concursos e artigos de professores oferecendo cursos para concursos (pdf + videaulas) no site.","publisher":{"@id":"https:\/\/www.estrategiaconcursos.com.br\/blog\/#organization"},"potentialAction":[{"@type":"SearchAction","target":{"@type":"EntryPoint","urlTemplate":"https:\/\/www.estrategiaconcursos.com.br\/blog\/?s={search_term_string}"},"query-input":{"@type":"PropertyValueSpecification","valueRequired":true,"valueName":"search_term_string"}}],"inLanguage":"pt-BR"},{"@type":"Organization","@id":"https:\/\/www.estrategiaconcursos.com.br\/blog\/#organization","name":"Estrat\u00e9gia Concursos","url":"https:\/\/www.estrategiaconcursos.com.br\/blog\/","logo":{"@type":"ImageObject","inLanguage":"pt-BR","@id":"https:\/\/www.estrategiaconcursos.com.br\/blog\/#\/schema\/logo\/image\/","url":"https:\/\/dhg1h5j42swfq.cloudfront.net\/2025\/06\/03203428\/logo_concursos-1.jpg","contentUrl":"https:\/\/dhg1h5j42swfq.cloudfront.net\/2025\/06\/03203428\/logo_concursos-1.jpg","width":230,"height":60,"caption":"Estrat\u00e9gia Concursos"},"image":{"@id":"https:\/\/www.estrategiaconcursos.com.br\/blog\/#\/schema\/logo\/image\/"},"sameAs":["https:\/\/x.com\/EstratConcursos"]},{"@type":"Person","@id":"https:\/\/www.estrategiaconcursos.com.br\/blog\/#\/schema\/person\/b4a388c97673c5f483d72185668afa1f","name":"Coordena\u00e7\u00e3o","image":{"@type":"ImageObject","inLanguage":"pt-BR","@id":"https:\/\/secure.gravatar.com\/avatar\/b720319e4c9a967eb58678d110f4fe35452fc5d5f97b202bac7b8acceb18c6ad?s=96&d=mm&r=g","url":"https:\/\/secure.gravatar.com\/avatar\/b720319e4c9a967eb58678d110f4fe35452fc5d5f97b202bac7b8acceb18c6ad?s=96&d=mm&r=g","contentUrl":"https:\/\/secure.gravatar.com\/avatar\/b720319e4c9a967eb58678d110f4fe35452fc5d5f97b202bac7b8acceb18c6ad?s=96&d=mm&r=g","caption":"Coordena\u00e7\u00e3o"},"sameAs":["https:\/\/www.facebook.com\/EstrategiaConcursos","https:\/\/x.com\/EstratConcursos"],"url":"https:\/\/www.estrategiaconcursos.com.br\/blog\/author\/estrategia2013\/"}]}},"_links":{"self":[{"href":"https:\/\/www.estrategiaconcursos.com.br\/blog\/wp-json\/wp\/v2\/posts\/24464","targetHints":{"allow":["GET"]}}],"collection":[{"href":"https:\/\/www.estrategiaconcursos.com.br\/blog\/wp-json\/wp\/v2\/posts"}],"about":[{"href":"https:\/\/www.estrategiaconcursos.com.br\/blog\/wp-json\/wp\/v2\/types\/post"}],"author":[{"embeddable":true,"href":"https:\/\/www.estrategiaconcursos.com.br\/blog\/wp-json\/wp\/v2\/users\/1"}],"replies":[{"embeddable":true,"href":"https:\/\/www.estrategiaconcursos.com.br\/blog\/wp-json\/wp\/v2\/comments?post=24464"}],"version-history":[{"count":2,"href":"https:\/\/www.estrategiaconcursos.com.br\/blog\/wp-json\/wp\/v2\/posts\/24464\/revisions"}],"predecessor-version":[{"id":24470,"href":"https:\/\/www.estrategiaconcursos.com.br\/blog\/wp-json\/wp\/v2\/posts\/24464\/revisions\/24470"}],"wp:attachment":[{"href":"https:\/\/www.estrategiaconcursos.com.br\/blog\/wp-json\/wp\/v2\/media?parent=24464"}],"wp:term":[{"taxonomy":"category","embeddable":true,"href":"https:\/\/www.estrategiaconcursos.com.br\/blog\/wp-json\/wp\/v2\/categories?post=24464"},{"taxonomy":"post_tag","embeddable":true,"href":"https:\/\/www.estrategiaconcursos.com.br\/blog\/wp-json\/wp\/v2\/tags?post=24464"},{"taxonomy":"tax_estado","embeddable":true,"href":"https:\/\/www.estrategiaconcursos.com.br\/blog\/wp-json\/wp\/v2\/tax_estado?post=24464"}],"curies":[{"name":"wp","href":"https:\/\/api.w.org\/{rel}","templated":true}]}}