{"id":24460,"date":"2015-07-07T07:01:31","date_gmt":"2015-07-07T10:01:31","guid":{"rendered":"http:\/\/www.estrategiaconcursos.com.br\/blog\/?p=24460"},"modified":"2015-07-07T15:01:24","modified_gmt":"2015-07-07T18:01:24","slug":"tcu-veja-como-o-cespe-ja-cobrou-raciocinio-analitico","status":"publish","type":"post","link":"https:\/\/www.estrategiaconcursos.com.br\/blog\/tcu-veja-como-o-cespe-ja-cobrou-raciocinio-analitico\/","title":{"rendered":"TCU &#8211; veja como o CESPE j\u00e1 cobrou Racioc\u00ednio Anal\u00edtico"},"content":{"rendered":"<p style=\"text-align: justify;\">Caros alunos,<\/p>\n<p style=\"text-align: justify;\">A\u00a0disciplina <a title=\"Cursos de Racioc\u00ednio Anal\u00edtico para Concurso\" href=\"https:\/\/www.estrategiaconcursos.com.br\/cursosPorMateria\/raciocinio-analitico-228\/\" target=\"_blank\">Racioc\u00ednio Anal\u00edtico<\/a> n\u00e3o foi explorada diretamente\u00a0pelo CESPE at\u00e9 o momento, o que gera uma grande inseguran\u00e7a\u00a0nos alunos, que est\u00e3o habituados a se preparar para as provas de concurso utilizando v\u00e1rias quest\u00f5es anteriores da pr\u00f3pria banca. Visando auxili\u00e1-los a vislumbrar como o CESPE deve cobrar essa disciplina, venho &#8220;garimpando&#8221; quest\u00f5es anteriores desta banca, inclusive de outras disciplinas (como Portugu\u00eas e Filosofia), buscando situa\u00e7\u00f5es onde elementos de Racioc\u00ednio Anal\u00edtico tenham sido \u00a0explorados direta ou indiretamente. Vejam abaixo dois exemplos:<\/p>\n<p style=\"text-align: justify;\"><strong>CESPE \u2013 Pol\u00edcia Federal \u2013 2004)<\/strong><\/p>\n<p style=\"text-align: center;\">TEXTO I<\/p>\n<p style=\"text-align: justify;\">A pol\u00eamica sobre o porte de armas pela popula\u00e7\u00e3o n\u00e3o tem consenso nem mesmo dentro da esfera jur\u00eddica, na qual h\u00e1 v\u00e1rios entendimentos como: \u201co cidad\u00e3o tem direito a reagir em leg\u00edtima defesa e n\u00e3o pode ter cerceado seu acesso aos instrumentos de defesa\u201d, ou \u201ca utiliza\u00e7\u00e3o da for\u00e7a \u00e9 direito exclusivo do Estado\u201d, ou \u201co armamento da popula\u00e7\u00e3o mostra que o Estado \u00e9 incapaz de garantir a seguran\u00e7a p\u00fablica\u201d. Independente de qu\u00e3o caloroso seja o debate, as estat\u00edsticas est\u00e3o corretas: mais armas potencializam a ocorr\u00eancia de crimes, sobretudo em um ambiente em que essas sejam obtidas por meios clandestinos. A partir da\u00ed, qualquer fato corriqueiro pode tornar-se letal. O porte de arma pelo cidad\u00e3o pode dar uma falsa sensa\u00e7\u00e3o de seguran\u00e7a, mas na realidade \u00e9 o caminho mais curto para os registros de assalto com morte de seu portador.<\/p>\n<p style=\"text-align: right;\"><em>Fonte: Internet<\/em><\/p>\n<p style=\"text-align: justify;\">Os itens abaixo apresentam opini\u00f5es ou relatos acerca do porte de armas, extra\u00eddos e adaptados de publica\u00e7\u00f5es recentes da imprensa nacional. Julgue cada item como certo se a ideia nele contida <strong>enfraquece o argumento defendido<\/strong> no texto I.<\/p>\n<p style=\"text-align: justify;\">( ) O f\u00e1cil acesso \u00e0s armas deu um novo status aos pequenos delitos, que passaram a ser letais, al\u00e9m de aumentar consideravelmente o poderio da marginalidade\u00a0 frente ao dos policiais.<\/p>\n<p style=\"text-align: justify;\">( ) Embora as camadas de menor poder aquisitivo sejam mais afetadas pelos efeitos da viol\u00eancia, \u00e9 claro que os jovens das classes A e B tamb\u00e9m n\u00e3o est\u00e3o livres dessa amea\u00e7a. Na \u00e2nsia de dar um basta \u00e0 situa\u00e7\u00e3o, a maioria deles defende medidas como a redu\u00e7\u00e3o da idade penal para menos de 18 anos e a proibi\u00e7\u00e3o de venda de armas.<\/p>\n<p style=\"text-align: justify;\">( ) Menos de duas horas depois da abertura de um posto de recolhimento de armas, \u00e0s 9 h, a Pol\u00edcia Federal j\u00e1 havia recebido 15 rev\u00f3lveres e tr\u00eas espingardas. Cada pessoa que devolvia uma arma ganhava uma rosa.<\/p>\n<p style=\"text-align: justify;\">( ) &#8220;A gente tem de refletir se a arma em casa serve para alguma coisa&#8221;, afirmou o chefe do Servi\u00e7o Nacional de Armas da Pol\u00edcia Federal. &#8220;Onde os bandidos compraram essas armas? No mercado negro, que, por sua vez, roubou das pessoas de bem, porque nenhum ladr\u00e3o jamais comprou arma em loja.&#8221;<\/p>\n<p style=\"text-align: justify;\"><strong>Resposta: \u00a0E E E E<\/strong><\/p>\n<p style=\"text-align: justify;\"><strong>CESPE \u2013 Pol\u00edcia Civil\/ES \u2013 2009)<\/strong>\u00a0Considere que o delegado fa\u00e7a a seguinte afirma\u00e7\u00e3o para o acusado: \u201cO senhor espanca a sua esposa, pois foi acusado de maltrat\u00e1-la&#8221;. Nesse caso, \u00e9 correto afirmar que o argumento formulado pelo delegado constitui uma fal\u00e1cia.<\/p>\n<p style=\"text-align: justify;\"><strong>Resposta: C<\/strong><\/p>\n<p style=\"text-align: justify;\"><span style=\"text-decoration: underline;\"><strong>Essas quest\u00f5es estar\u00e3o resolv<\/strong><\/span><span style=\"text-decoration: underline;\"><strong>idas na aula 05 do nosso curso<\/strong><\/span>, assim como algumas outras do CESPE\u00a0que estou conseguindo encontrar, e v\u00e1rias quest\u00f5es in\u00e9ditas, criadas por mim no &#8220;padr\u00e3o CESPE&#8221; para que voc\u00ea possa praticar bem antes da prova.<\/p>\n<p style=\"text-align: justify;\">Para saber mais sobre o nosso curso de Racioc\u00ednio Anal\u00edtico, clique no link abaixo:<\/p>\n<p style=\"text-align: justify;\"><strong><span style=\"color: #0000ff;\"><a style=\"color: #0000ff;\" href=\"https:\/\/www.estrategiaconcursos.com.br\/curso\/raciocinio-analitico-p-tcu-2015-auditoria-governamental-e-tecnologia-da-informacao-7164\/\" target=\"_blank\">&#8211; CURSO COMPLETO DE RACIOC\u00cdNIO ANAL\u00cdTICO P\/ TCU<\/a><\/span><\/strong><\/p>\n<p style=\"text-align: justify;\">Trata-se de um curso bem completo, formado por aulas em PDF, aulas em v\u00eddeo e f\u00f3rum de d\u00favidas!<\/p>\n<p style=\"text-align: justify;\">Aproveito para dizer que tamb\u00e9m lancei cursos de quest\u00f5es comentadas de Matem\u00e1tica Financeira e de No\u00e7\u00f5es de Estat\u00edstica para o TCU. Veja-os clicando abaixo:<\/p>\n<p style=\"text-align: justify;\"><span style=\"color: #0000ff;\"><strong>&#8211; <a style=\"color: #0000ff;\" href=\"https:\/\/www.estrategiaconcursos.com.br\/curso\/reta-final-questoes-comentadas-de-matematica-financeira-p-tcu-auditor-governamental-6698\/\" target=\"_blank\">CURSO DE QUEST\u00d5ES COMENTADAS DE MAT. FINANCEIRA P\/ TCU<\/a><\/strong><\/span><\/p>\n<p style=\"text-align: justify;\"><span style=\"color: #0000ff;\"><strong>&#8211; <a style=\"color: #0000ff;\" href=\"https:\/\/www.estrategiaconcursos.com.br\/curso\/reta-final-questoes-comentadas-de-estatistica-p-tcu-auditor-governamental-7193\/\" target=\"_blank\">CURSO DE QUEST\u00d5ES COMENTADAS DE ESTAT\u00cdSTICA P\/ TCU<\/a><\/strong><\/span><\/p>\n<p style=\"text-align: justify;\">Bons estudos a todos!<\/p>\n<p style=\"text-align: justify;\">Sauda\u00e7\u00f5es,<\/p>\n<p style=\"text-align: justify;\">Prof. Arthur Lima<\/p>\n<p style=\"text-align: justify;\">(<span style=\"color: #0000ff;\"><strong><a style=\"color: #0000ff;\" href=\"http:\/\/www.facebook.com\/ProfessorArthurLima\" target=\"_blank\">www.facebook.com\/ProfessorArthurLima<\/a><\/strong><\/span>)<\/p>\n","protected":false},"excerpt":{"rendered":"<p>Caros alunos, A\u00a0disciplina Racioc\u00ednio Anal\u00edtico n\u00e3o foi explorada diretamente\u00a0pelo CESPE at\u00e9 o momento, o que gera uma grande inseguran\u00e7a\u00a0nos alunos, que est\u00e3o habituados a se preparar para as provas de concurso utilizando v\u00e1rias quest\u00f5es anteriores da pr\u00f3pria banca. Visando auxili\u00e1-los a vislumbrar como o CESPE deve cobrar essa disciplina, venho &#8220;garimpando&#8221; quest\u00f5es anteriores desta banca, [&hellip;]<\/p>\n","protected":false},"author":48,"featured_media":0,"comment_status":"open","ping_status":"open","sticky":false,"template":"","format":"standard","meta":{"post_tipo":"article","footnotes":""},"categories":[1],"tags":[598,771],"tax_estado":[],"class_list":["post-24460","post","type-post","status-publish","format-standard","hentry","category-cursos-e-concursos","tag-tcu","tag-raciocinio-analitico"],"acf":[],"yoast_head":"<!-- This site is optimized with the Yoast SEO Premium plugin v27.2 (Yoast SEO v27.2) - https:\/\/yoast.com\/product\/yoast-seo-premium-wordpress\/ -->\n<title>TCU - veja como o CESPE j\u00e1 cobrou Racioc\u00ednio Anal\u00edtico<\/title>\n<meta name=\"description\" content=\"A disciplina Racioc\u00ednio Anal\u00edtico gera uma grande inseguran\u00e7a nos alunos. Veja aqui como Racioc\u00ednio Anal\u00edtico j\u00e1 foi cobrado pela banca Cespe.\" \/>\n<meta name=\"robots\" content=\"index, follow, max-snippet:-1, max-image-preview:large, max-video-preview:-1\" \/>\n<link rel=\"canonical\" href=\"https:\/\/www.estrategiaconcursos.com.br\/blog\/tcu-veja-como-o-cespe-ja-cobrou-raciocinio-analitico\/\" \/>\n<meta property=\"og:locale\" content=\"pt_BR\" \/>\n<meta property=\"og:type\" content=\"article\" \/>\n<meta property=\"og:title\" content=\"TCU - veja como o CESPE j\u00e1 cobrou Racioc\u00ednio Anal\u00edtico\" \/>\n<meta property=\"og:description\" content=\"A disciplina Racioc\u00ednio Anal\u00edtico gera uma grande inseguran\u00e7a nos alunos. Veja aqui como Racioc\u00ednio Anal\u00edtico j\u00e1 foi cobrado pela banca Cespe.\" \/>\n<meta property=\"og:url\" content=\"https:\/\/www.estrategiaconcursos.com.br\/blog\/tcu-veja-como-o-cespe-ja-cobrou-raciocinio-analitico\/\" \/>\n<meta property=\"og:site_name\" content=\"Estrat\u00e9gia Concursos\" \/>\n<meta property=\"article:published_time\" content=\"2015-07-07T10:01:31+00:00\" \/>\n<meta property=\"article:modified_time\" content=\"2015-07-07T18:01:24+00:00\" \/>\n<meta name=\"author\" content=\"Coordena\u00e7\u00e3o\" \/>\n<meta name=\"twitter:card\" content=\"summary_large_image\" \/>\n<meta name=\"twitter:creator\" content=\"@EstratConcursos\" \/>\n<meta name=\"twitter:site\" content=\"@EstratConcursos\" \/>\n<meta name=\"twitter:label1\" content=\"Escrito por\" \/>\n\t<meta name=\"twitter:data1\" content=\"Coordena\u00e7\u00e3o\" \/>\n\t<meta name=\"twitter:label2\" content=\"Est. tempo de leitura\" \/>\n\t<meta name=\"twitter:data2\" content=\"3 minutos\" \/>\n<script type=\"application\/ld+json\" class=\"yoast-schema-graph\">{\"@context\":\"https:\/\/schema.org\",\"@graph\":[{\"@type\":\"NewsArticle\",\"@id\":\"https:\/\/www.estrategiaconcursos.com.br\/blog\/tcu-veja-como-o-cespe-ja-cobrou-raciocinio-analitico\/#article\",\"isPartOf\":{\"@id\":\"https:\/\/www.estrategiaconcursos.com.br\/blog\/tcu-veja-como-o-cespe-ja-cobrou-raciocinio-analitico\/\"},\"author\":{\"name\":\"Coordena\u00e7\u00e3o\",\"@id\":\"https:\/\/www.estrategiaconcursos.com.br\/blog\/#\/schema\/person\/cdad40b5818eb228a838461fcd656da7\"},\"headline\":\"TCU &#8211; veja como o CESPE j\u00e1 cobrou Racioc\u00ednio Anal\u00edtico\",\"datePublished\":\"2015-07-07T10:01:31+00:00\",\"dateModified\":\"2015-07-07T18:01:24+00:00\",\"mainEntityOfPage\":{\"@id\":\"https:\/\/www.estrategiaconcursos.com.br\/blog\/tcu-veja-como-o-cespe-ja-cobrou-raciocinio-analitico\/\"},\"wordCount\":711,\"commentCount\":1,\"publisher\":{\"@id\":\"https:\/\/www.estrategiaconcursos.com.br\/blog\/#organization\"},\"keywords\":[\"Concurso TCU\",\"Racioc\u00ednio Anal\u00edtico\"],\"articleSection\":[\"Concursos P\u00fablicos\"],\"inLanguage\":\"pt-BR\",\"potentialAction\":[{\"@type\":\"CommentAction\",\"name\":\"Comment\",\"target\":[\"https:\/\/www.estrategiaconcursos.com.br\/blog\/tcu-veja-como-o-cespe-ja-cobrou-raciocinio-analitico\/#respond\"]}],\"copyrightYear\":\"2015\",\"copyrightHolder\":{\"@id\":\"https:\/\/www.estrategiaconcursos.com.br\/blog\/#organization\"}},{\"@type\":\"WebPage\",\"@id\":\"https:\/\/www.estrategiaconcursos.com.br\/blog\/tcu-veja-como-o-cespe-ja-cobrou-raciocinio-analitico\/\",\"url\":\"https:\/\/www.estrategiaconcursos.com.br\/blog\/tcu-veja-como-o-cespe-ja-cobrou-raciocinio-analitico\/\",\"name\":\"TCU - veja como o CESPE j\u00e1 cobrou Racioc\u00ednio Anal\u00edtico\",\"isPartOf\":{\"@id\":\"https:\/\/www.estrategiaconcursos.com.br\/blog\/#website\"},\"datePublished\":\"2015-07-07T10:01:31+00:00\",\"dateModified\":\"2015-07-07T18:01:24+00:00\",\"description\":\"A disciplina Racioc\u00ednio Anal\u00edtico gera uma grande inseguran\u00e7a nos alunos. Veja aqui como Racioc\u00ednio Anal\u00edtico j\u00e1 foi cobrado pela banca Cespe.\",\"breadcrumb\":{\"@id\":\"https:\/\/www.estrategiaconcursos.com.br\/blog\/tcu-veja-como-o-cespe-ja-cobrou-raciocinio-analitico\/#breadcrumb\"},\"inLanguage\":\"pt-BR\",\"potentialAction\":[{\"@type\":\"ReadAction\",\"target\":[\"https:\/\/www.estrategiaconcursos.com.br\/blog\/tcu-veja-como-o-cespe-ja-cobrou-raciocinio-analitico\/\"]}]},{\"@type\":\"BreadcrumbList\",\"@id\":\"https:\/\/www.estrategiaconcursos.com.br\/blog\/tcu-veja-como-o-cespe-ja-cobrou-raciocinio-analitico\/#breadcrumb\",\"itemListElement\":[{\"@type\":\"ListItem\",\"position\":1,\"name\":\"In\u00edcio\",\"item\":\"https:\/\/www.estrategiaconcursos.com.br\/blog\/\"},{\"@type\":\"ListItem\",\"position\":2,\"name\":\"TCU &#8211; veja como o CESPE j\u00e1 cobrou Racioc\u00ednio Anal\u00edtico\"}]},{\"@type\":\"WebSite\",\"@id\":\"https:\/\/www.estrategiaconcursos.com.br\/blog\/#website\",\"url\":\"https:\/\/www.estrategiaconcursos.com.br\/blog\/\",\"name\":\"Estrat\u00e9gia Concursos\",\"description\":\"O blog da Estrat\u00e9gia Concursos traz not\u00edcias sobre concursos e artigos de professores oferecendo cursos para concursos (pdf + videaulas) no site.\",\"publisher\":{\"@id\":\"https:\/\/www.estrategiaconcursos.com.br\/blog\/#organization\"},\"potentialAction\":[{\"@type\":\"SearchAction\",\"target\":{\"@type\":\"EntryPoint\",\"urlTemplate\":\"https:\/\/www.estrategiaconcursos.com.br\/blog\/?s={search_term_string}\"},\"query-input\":{\"@type\":\"PropertyValueSpecification\",\"valueRequired\":true,\"valueName\":\"search_term_string\"}}],\"inLanguage\":\"pt-BR\"},{\"@type\":\"Organization\",\"@id\":\"https:\/\/www.estrategiaconcursos.com.br\/blog\/#organization\",\"name\":\"Estrat\u00e9gia Concursos\",\"url\":\"https:\/\/www.estrategiaconcursos.com.br\/blog\/\",\"logo\":{\"@type\":\"ImageObject\",\"inLanguage\":\"pt-BR\",\"@id\":\"https:\/\/www.estrategiaconcursos.com.br\/blog\/#\/schema\/logo\/image\/\",\"url\":\"https:\/\/dhg1h5j42swfq.cloudfront.net\/2025\/06\/03203428\/logo_concursos-1.jpg\",\"contentUrl\":\"https:\/\/dhg1h5j42swfq.cloudfront.net\/2025\/06\/03203428\/logo_concursos-1.jpg\",\"width\":230,\"height\":60,\"caption\":\"Estrat\u00e9gia Concursos\"},\"image\":{\"@id\":\"https:\/\/www.estrategiaconcursos.com.br\/blog\/#\/schema\/logo\/image\/\"},\"sameAs\":[\"https:\/\/x.com\/EstratConcursos\"]},{\"@type\":\"Person\",\"@id\":\"https:\/\/www.estrategiaconcursos.com.br\/blog\/#\/schema\/person\/cdad40b5818eb228a838461fcd656da7\",\"name\":\"Coordena\u00e7\u00e3o\",\"image\":{\"@type\":\"ImageObject\",\"inLanguage\":\"pt-BR\",\"@id\":\"https:\/\/secure.gravatar.com\/avatar\/a413b22da0f5009c634f6c4586a2dbe5207074fd5becd88db5183b8069ef25e4?s=96&d=mm&r=g\",\"url\":\"https:\/\/secure.gravatar.com\/avatar\/a413b22da0f5009c634f6c4586a2dbe5207074fd5becd88db5183b8069ef25e4?s=96&d=mm&r=g\",\"contentUrl\":\"https:\/\/secure.gravatar.com\/avatar\/a413b22da0f5009c634f6c4586a2dbe5207074fd5becd88db5183b8069ef25e4?s=96&d=mm&r=g\",\"caption\":\"Coordena\u00e7\u00e3o\"},\"url\":\"https:\/\/www.estrategiaconcursos.com.br\/blog\/author\/contatoestrategiaconcursos-com-br\/\"}]}<\/script>\n<!-- \/ Yoast SEO Premium plugin. -->","yoast_head_json":{"title":"TCU - veja como o CESPE j\u00e1 cobrou Racioc\u00ednio Anal\u00edtico","description":"A disciplina Racioc\u00ednio Anal\u00edtico gera uma grande inseguran\u00e7a nos alunos. Veja aqui como Racioc\u00ednio Anal\u00edtico j\u00e1 foi cobrado pela banca Cespe.","robots":{"index":"index","follow":"follow","max-snippet":"max-snippet:-1","max-image-preview":"max-image-preview:large","max-video-preview":"max-video-preview:-1"},"canonical":"https:\/\/www.estrategiaconcursos.com.br\/blog\/tcu-veja-como-o-cespe-ja-cobrou-raciocinio-analitico\/","og_locale":"pt_BR","og_type":"article","og_title":"TCU - veja como o CESPE j\u00e1 cobrou Racioc\u00ednio Anal\u00edtico","og_description":"A disciplina Racioc\u00ednio Anal\u00edtico gera uma grande inseguran\u00e7a nos alunos. Veja aqui como Racioc\u00ednio Anal\u00edtico j\u00e1 foi cobrado pela banca Cespe.","og_url":"https:\/\/www.estrategiaconcursos.com.br\/blog\/tcu-veja-como-o-cespe-ja-cobrou-raciocinio-analitico\/","og_site_name":"Estrat\u00e9gia Concursos","article_published_time":"2015-07-07T10:01:31+00:00","article_modified_time":"2015-07-07T18:01:24+00:00","author":"Coordena\u00e7\u00e3o","twitter_card":"summary_large_image","twitter_creator":"@EstratConcursos","twitter_site":"@EstratConcursos","twitter_misc":{"Escrito por":"Coordena\u00e7\u00e3o","Est. tempo de leitura":"3 minutos"},"schema":{"@context":"https:\/\/schema.org","@graph":[{"@type":"NewsArticle","@id":"https:\/\/www.estrategiaconcursos.com.br\/blog\/tcu-veja-como-o-cespe-ja-cobrou-raciocinio-analitico\/#article","isPartOf":{"@id":"https:\/\/www.estrategiaconcursos.com.br\/blog\/tcu-veja-como-o-cespe-ja-cobrou-raciocinio-analitico\/"},"author":{"name":"Coordena\u00e7\u00e3o","@id":"https:\/\/www.estrategiaconcursos.com.br\/blog\/#\/schema\/person\/cdad40b5818eb228a838461fcd656da7"},"headline":"TCU &#8211; veja como o CESPE j\u00e1 cobrou Racioc\u00ednio Anal\u00edtico","datePublished":"2015-07-07T10:01:31+00:00","dateModified":"2015-07-07T18:01:24+00:00","mainEntityOfPage":{"@id":"https:\/\/www.estrategiaconcursos.com.br\/blog\/tcu-veja-como-o-cespe-ja-cobrou-raciocinio-analitico\/"},"wordCount":711,"commentCount":1,"publisher":{"@id":"https:\/\/www.estrategiaconcursos.com.br\/blog\/#organization"},"keywords":["Concurso TCU","Racioc\u00ednio Anal\u00edtico"],"articleSection":["Concursos P\u00fablicos"],"inLanguage":"pt-BR","potentialAction":[{"@type":"CommentAction","name":"Comment","target":["https:\/\/www.estrategiaconcursos.com.br\/blog\/tcu-veja-como-o-cespe-ja-cobrou-raciocinio-analitico\/#respond"]}],"copyrightYear":"2015","copyrightHolder":{"@id":"https:\/\/www.estrategiaconcursos.com.br\/blog\/#organization"}},{"@type":"WebPage","@id":"https:\/\/www.estrategiaconcursos.com.br\/blog\/tcu-veja-como-o-cespe-ja-cobrou-raciocinio-analitico\/","url":"https:\/\/www.estrategiaconcursos.com.br\/blog\/tcu-veja-como-o-cespe-ja-cobrou-raciocinio-analitico\/","name":"TCU - veja como o CESPE j\u00e1 cobrou Racioc\u00ednio Anal\u00edtico","isPartOf":{"@id":"https:\/\/www.estrategiaconcursos.com.br\/blog\/#website"},"datePublished":"2015-07-07T10:01:31+00:00","dateModified":"2015-07-07T18:01:24+00:00","description":"A disciplina Racioc\u00ednio Anal\u00edtico gera uma grande inseguran\u00e7a nos alunos. Veja aqui como Racioc\u00ednio Anal\u00edtico j\u00e1 foi cobrado pela banca Cespe.","breadcrumb":{"@id":"https:\/\/www.estrategiaconcursos.com.br\/blog\/tcu-veja-como-o-cespe-ja-cobrou-raciocinio-analitico\/#breadcrumb"},"inLanguage":"pt-BR","potentialAction":[{"@type":"ReadAction","target":["https:\/\/www.estrategiaconcursos.com.br\/blog\/tcu-veja-como-o-cespe-ja-cobrou-raciocinio-analitico\/"]}]},{"@type":"BreadcrumbList","@id":"https:\/\/www.estrategiaconcursos.com.br\/blog\/tcu-veja-como-o-cespe-ja-cobrou-raciocinio-analitico\/#breadcrumb","itemListElement":[{"@type":"ListItem","position":1,"name":"In\u00edcio","item":"https:\/\/www.estrategiaconcursos.com.br\/blog\/"},{"@type":"ListItem","position":2,"name":"TCU &#8211; veja como o CESPE j\u00e1 cobrou Racioc\u00ednio Anal\u00edtico"}]},{"@type":"WebSite","@id":"https:\/\/www.estrategiaconcursos.com.br\/blog\/#website","url":"https:\/\/www.estrategiaconcursos.com.br\/blog\/","name":"Estrat\u00e9gia Concursos","description":"O blog da Estrat\u00e9gia Concursos traz not\u00edcias sobre concursos e artigos de professores oferecendo cursos para concursos (pdf + videaulas) no site.","publisher":{"@id":"https:\/\/www.estrategiaconcursos.com.br\/blog\/#organization"},"potentialAction":[{"@type":"SearchAction","target":{"@type":"EntryPoint","urlTemplate":"https:\/\/www.estrategiaconcursos.com.br\/blog\/?s={search_term_string}"},"query-input":{"@type":"PropertyValueSpecification","valueRequired":true,"valueName":"search_term_string"}}],"inLanguage":"pt-BR"},{"@type":"Organization","@id":"https:\/\/www.estrategiaconcursos.com.br\/blog\/#organization","name":"Estrat\u00e9gia Concursos","url":"https:\/\/www.estrategiaconcursos.com.br\/blog\/","logo":{"@type":"ImageObject","inLanguage":"pt-BR","@id":"https:\/\/www.estrategiaconcursos.com.br\/blog\/#\/schema\/logo\/image\/","url":"https:\/\/dhg1h5j42swfq.cloudfront.net\/2025\/06\/03203428\/logo_concursos-1.jpg","contentUrl":"https:\/\/dhg1h5j42swfq.cloudfront.net\/2025\/06\/03203428\/logo_concursos-1.jpg","width":230,"height":60,"caption":"Estrat\u00e9gia Concursos"},"image":{"@id":"https:\/\/www.estrategiaconcursos.com.br\/blog\/#\/schema\/logo\/image\/"},"sameAs":["https:\/\/x.com\/EstratConcursos"]},{"@type":"Person","@id":"https:\/\/www.estrategiaconcursos.com.br\/blog\/#\/schema\/person\/cdad40b5818eb228a838461fcd656da7","name":"Coordena\u00e7\u00e3o","image":{"@type":"ImageObject","inLanguage":"pt-BR","@id":"https:\/\/secure.gravatar.com\/avatar\/a413b22da0f5009c634f6c4586a2dbe5207074fd5becd88db5183b8069ef25e4?s=96&d=mm&r=g","url":"https:\/\/secure.gravatar.com\/avatar\/a413b22da0f5009c634f6c4586a2dbe5207074fd5becd88db5183b8069ef25e4?s=96&d=mm&r=g","contentUrl":"https:\/\/secure.gravatar.com\/avatar\/a413b22da0f5009c634f6c4586a2dbe5207074fd5becd88db5183b8069ef25e4?s=96&d=mm&r=g","caption":"Coordena\u00e7\u00e3o"},"url":"https:\/\/www.estrategiaconcursos.com.br\/blog\/author\/contatoestrategiaconcursos-com-br\/"}]}},"_links":{"self":[{"href":"https:\/\/www.estrategiaconcursos.com.br\/blog\/wp-json\/wp\/v2\/posts\/24460","targetHints":{"allow":["GET"]}}],"collection":[{"href":"https:\/\/www.estrategiaconcursos.com.br\/blog\/wp-json\/wp\/v2\/posts"}],"about":[{"href":"https:\/\/www.estrategiaconcursos.com.br\/blog\/wp-json\/wp\/v2\/types\/post"}],"author":[{"embeddable":true,"href":"https:\/\/www.estrategiaconcursos.com.br\/blog\/wp-json\/wp\/v2\/users\/48"}],"replies":[{"embeddable":true,"href":"https:\/\/www.estrategiaconcursos.com.br\/blog\/wp-json\/wp\/v2\/comments?post=24460"}],"version-history":[{"count":5,"href":"https:\/\/www.estrategiaconcursos.com.br\/blog\/wp-json\/wp\/v2\/posts\/24460\/revisions"}],"predecessor-version":[{"id":24488,"href":"https:\/\/www.estrategiaconcursos.com.br\/blog\/wp-json\/wp\/v2\/posts\/24460\/revisions\/24488"}],"wp:attachment":[{"href":"https:\/\/www.estrategiaconcursos.com.br\/blog\/wp-json\/wp\/v2\/media?parent=24460"}],"wp:term":[{"taxonomy":"category","embeddable":true,"href":"https:\/\/www.estrategiaconcursos.com.br\/blog\/wp-json\/wp\/v2\/categories?post=24460"},{"taxonomy":"post_tag","embeddable":true,"href":"https:\/\/www.estrategiaconcursos.com.br\/blog\/wp-json\/wp\/v2\/tags?post=24460"},{"taxonomy":"tax_estado","embeddable":true,"href":"https:\/\/www.estrategiaconcursos.com.br\/blog\/wp-json\/wp\/v2\/tax_estado?post=24460"}],"curies":[{"name":"wp","href":"https:\/\/api.w.org\/{rel}","templated":true}]}}