{"id":24266,"date":"2015-06-30T22:58:57","date_gmt":"2015-07-01T01:58:57","guid":{"rendered":"http:\/\/www.estrategiaconcursos.com.br\/blog\/?p=24266"},"modified":"2015-07-01T08:17:49","modified_gmt":"2015-07-01T11:17:49","slug":"prova-de-afo-comentada-depencespe","status":"publish","type":"post","link":"https:\/\/www.estrategiaconcursos.com.br\/blog\/prova-de-afo-comentada-depencespe\/","title":{"rendered":"Prova de AFO Comentada &#8211; Concurso DEPEN \/ CESPE &#8211; 2015"},"content":{"rendered":"<p><span style=\"color: #000000;\">Ol\u00e1 amigos! Como \u00e9 bom estar aqui!<\/span><\/p>\n<p style=\"text-align: justify;\"><span style=\"color: #000000;\">Segue a prova comentada de Administra\u00e7\u00e3o Financeira e Or\u00e7ament\u00e1ria p\/ o DEPEN. \u00c9 o concurso para agente Penitenci\u00e1rio Nacional (Cargo 7).<\/span><\/p>\n<p style=\"text-align: justify;\"><span style=\"color: #000000;\"><strong>Acerca das no\u00e7\u00f5es b\u00e1sicas de or\u00e7amento p\u00fablico e de administra\u00e7\u00e3o financeira e or\u00e7ament\u00e1ria, julgue os itens a seguir. <\/strong><\/span><\/p>\n<p style=\"text-align: justify;\"><span style=\"color: #000000;\"><strong>95 SITUA\u00c7\u00c3O HIPOT\u00c9TICA: Um deputado apresentou proposta de emenda a projeto de lei de or\u00e7amento indicando como recurso quantia proveniente de anula\u00e7\u00e3o de despesa incidente sobre servi\u00e7o da d\u00edvida. ASSERTIVA: Nessa situa\u00e7\u00e3o, a proposta de emenda \u00e9 inconstitucional, e a despesa n\u00e3o dever\u00e1 ser executada<\/strong>.<\/span><\/p>\n<p style=\"text-align: justify;\"><span style=\"color: #000000;\">\u00a0<\/span><\/p>\n<p style=\"text-align: justify;\"><span style=\"color: #000000;\">As emendas ao projeto de lei do or\u00e7amento anual ou aos projetos que o modifiquem somente podem ser aprovadas caso, entre outros requisitos, indiquem os recursos necess\u00e1rios, admitidos apenas os provenientes de anula\u00e7\u00e3o de despesa, <span style=\"text-decoration: underline;\">exclu\u00eddas as que incidam sobre<\/span>: dota\u00e7\u00f5es para pessoal e seus encargos; <span style=\"text-decoration: underline;\">servi\u00e7o da d\u00edvida<\/span>; transfer\u00eancias tribut\u00e1rias constitucionais para Estados, Munic\u00edpios e o Distrito Federal (art. 166, \u00a7 3\u00ba, II, da CF\/1988).<\/span><\/p>\n<p style=\"text-align: justify;\"><span style=\"color: #000000;\">\u00a0<\/span><\/p>\n<p style=\"text-align: justify;\"><span style=\"color: #000000;\">Assim, uma emenda que anule despesa sobre servi\u00e7o da d\u00edvida \u00e9 inconstitucional.<\/span><\/p>\n<p style=\"text-align: justify;\"><span style=\"color: #000000;\">Resposta: Certa<\/span><\/p>\n<p style=\"text-align: justify;\"><span style=\"color: #000000;\">\u00a0<\/span><\/p>\n<p style=\"text-align: justify;\"><span style=\"color: #000000;\"><strong>96 O or\u00e7amento tradicional, cuja principal fun\u00e7\u00e3o \u00e9 servir de instrumento de administra\u00e7\u00e3o, \u00e9 fundamental para disciplinar as finan\u00e7as p\u00fablicas, manter o equil\u00edbrio financeiro e evitar a expans\u00e3o dos gastos.<\/strong><\/span><\/p>\n<p style=\"text-align: justify;\"><span style=\"color: #000000;\">\u00a0<\/span><\/p>\n<p style=\"text-align: justify;\"><span style=\"color: #000000;\">O or\u00e7amento-<strong>programa<\/strong> \u00e9 um instrumento de administra\u00e7\u00e3o.<\/span><\/p>\n<p style=\"text-align: justify;\"><span style=\"color: #000000;\">Resposta: Errada<\/span><\/p>\n<p style=\"text-align: justify;\"><span style=\"color: #000000;\">\u00a0<\/span><\/p>\n<p style=\"text-align: justify;\"><span style=\"color: #000000;\"><strong>97 De acordo com o princ\u00edpio da universalidade, o or\u00e7amento deve englobar todas as receitas e despesas do Estado para que seja realizada a programa\u00e7\u00e3o financeira de arrecada\u00e7\u00e3o de tributos necess\u00e1rios para custear as despesas projetadas pelo governo.<\/strong><\/span><\/p>\n<p style=\"text-align: justify;\"><span style=\"color: #000000;\">\u00a0<\/span><\/p>\n<p style=\"text-align: justify;\"><span style=\"color: #000000;\">De acordo com o princ\u00edpio da universalidade, o or\u00e7amento deve conter todas as receitas e despesas referentes aos Poderes da Uni\u00e3o, seus fundos, \u00f3rg\u00e3os e entidades da Administra\u00e7\u00e3o direta e indireta.<\/span><\/p>\n<p style=\"text-align: justify;\"><span style=\"color: #000000;\">Por meio da LOA \u00e9 realizada a programa\u00e7\u00e3o financeira de arrecada\u00e7\u00e3o de tributos necess\u00e1rios para custear as despesas projetadas pelo governo.<\/span><\/p>\n<p style=\"text-align: justify;\"><span style=\"color: #000000;\">Resposta: Certa<\/span><\/p>\n<p style=\"text-align: justify;\"><span style=\"color: #000000;\">\u00a0<\/span><\/p>\n<p style=\"text-align: justify;\"><span style=\"color: #000000;\"><strong>98 Ser\u00e1 inconstitucional a lei de iniciativa da C\u00e2mara dos Deputados que estabelecer as diretrizes or\u00e7ament\u00e1rias para o exerc\u00edcio financeiro subsequente.<\/strong><\/span><\/p>\n<p style=\"text-align: justify;\"><span style=\"color: #000000;\">\u00a0<\/span><\/p>\n<p style=\"text-align: justify;\"><span style=\"color: #000000;\">Segundo o art. 165, I a III, da Constitui\u00e7\u00e3o Federal de 1988:<\/span><\/p>\n<p style=\"text-align: justify;\"><span style=\"color: #000000;\"><em>Art. 165. Leis de iniciativa do <strong>Poder Executivo<\/strong> estabelecer\u00e3o:<\/em><\/span><\/p>\n<p style=\"text-align: justify;\"><span style=\"color: #000000;\"><em>I \u2013 o plano plurianual;<\/em><\/span><\/p>\n<p style=\"text-align: justify;\"><span style=\"color: #000000;\"><em>II \u2013 as diretrizes or\u00e7ament\u00e1rias;<\/em><\/span><\/p>\n<p style=\"text-align: justify;\"><span style=\"color: #000000;\"><em>III \u2013 os or\u00e7amentos anuais.<\/em><\/span><\/p>\n<p style=\"text-align: justify;\"><span style=\"color: #000000;\">\u00a0<\/span><\/p>\n<p style=\"text-align: justify;\"><span style=\"color: #000000;\">Assim, ser\u00e1 inconstitucional a lei de iniciativa de outro Poder que estabelecer as diretrizes or\u00e7ament\u00e1rias para o exerc\u00edcio financeiro subsequente.<\/span><\/p>\n<p style=\"text-align: justify;\"><span style=\"color: #000000;\">Resposta: Certa<\/span><\/p>\n<p style=\"text-align: justify;\"><span style=\"color: #000000;\">\u00a0<\/span><\/p>\n<p style=\"text-align: justify;\"><span style=\"color: #000000;\"><strong>99 O princ\u00edpio or\u00e7ament\u00e1rio da unidade, que prescreve a formula\u00e7\u00e3o de um or\u00e7amento \u00fanico, n\u00e3o \u00e9 observado pela Constitui\u00e7\u00e3o Federal brasileira, que determina a exist\u00eancia dos or\u00e7amentos fiscal, da seguridade social e de investimentos das estatais.<\/strong><\/span><\/p>\n<p style=\"text-align: justify;\"><span style=\"color: #000000;\">\u00a0<\/span><\/p>\n<p style=\"text-align: justify;\"><span style=\"color: #000000;\">A Constitui\u00e7\u00e3o trouxe um modelo que, em linhas gerais, <strong>segue o princ\u00edpio da totalidade<\/strong>, pois a composi\u00e7\u00e3o do or\u00e7amento anual passou a ser a seguinte: or\u00e7amento fiscal, or\u00e7amento da seguridade social e or\u00e7amento de investimentos das estatais. Tal triparti\u00e7\u00e3o or\u00e7ament\u00e1ria \u00e9 apenas de cunho instrumental, n\u00e3o implica disson\u00e2ncia e, portanto, <strong>n\u00e3o viola o princ\u00edpio da unidade ou da totalidade<\/strong>.<\/span><\/p>\n<p style=\"text-align: justify;\"><span style=\"color: #000000;\">Resposta: Errada<\/span><\/p>\n<p style=\"text-align: justify;\"><span style=\"color: #000000;\">\u00a0<\/span><\/p>\n<p style=\"text-align: justify;\"><span style=\"color: #000000;\"><strong>No que se refere a or\u00e7amento p\u00fablico e sua execu\u00e7\u00e3o no Brasil, julgue os itens que se seguem. <\/strong><\/span><\/p>\n<p style=\"text-align: justify;\"><span style=\"color: #000000;\"><strong>100 Em observ\u00e2ncia ao princ\u00edpio da separa\u00e7\u00e3o de poderes, o presidente da Rep\u00fablica n\u00e3o poder\u00e1 propor modifica\u00e7\u00f5es no projeto de lei relativo ao PPA.<\/strong><\/span><\/p>\n<p style=\"text-align: justify;\"><span style=\"color: #000000;\"><strong>\u00a0<\/strong><\/span><\/p>\n<p style=\"text-align: justify;\"><span style=\"color: #000000;\">O Presidente da Rep\u00fablica<strong> poder\u00e1<\/strong> enviar mensagem ao Congresso Nacional para propor modifica\u00e7\u00e3o nos projetos a que se refere o art. 166 da CF\/1988 (<span style=\"text-decoration: underline;\">PPA<\/span>, LDO, LOA e cr\u00e9dito adicionais) enquanto n\u00e3o iniciada a vota\u00e7\u00e3o, na comiss\u00e3o mista, da parte cuja altera\u00e7\u00e3o \u00e9 proposta.<\/span><\/p>\n<p style=\"text-align: justify;\"><span style=\"color: #000000;\">Resposta: Errada<\/span><\/p>\n<p style=\"text-align: justify;\"><span style=\"color: #000000;\">\u00a0<\/span><\/p>\n<p style=\"text-align: justify;\"><span style=\"color: #000000;\"><strong>101 Conforme a regra geral do princ\u00edpio da n\u00e3o afeta\u00e7\u00e3o, estabelecido na Carta Magna brasileira, \u00e9 vedada a vincula\u00e7\u00e3o da receita de impostos a \u00f3rg\u00e3o, fundo ou despesa.<\/strong><\/span><\/p>\n<p style=\"text-align: justify;\"><span style=\"color: #000000;\">\u00a0<\/span><\/p>\n<p style=\"text-align: justify;\"><span style=\"color: #000000;\">O princ\u00edpio da n\u00e3o vincula\u00e7\u00e3o de receitas disp\u00f5e que nenhuma receita de impostos poder\u00e1 ser reservada ou comprometida para atender a certos e determinados gastos, salvo as ressalvas constitucionais.<\/span><\/p>\n<p style=\"text-align: justify;\"><span style=\"color: #000000;\">Resposta: Certa<\/span><\/p>\n<p style=\"text-align: justify;\"><span style=\"color: #000000;\">\u00a0<\/span><\/p>\n<p style=\"text-align: justify;\"><span style=\"color: #000000;\"><strong>102 A lei or\u00e7ament\u00e1ria anual deve incluir or\u00e7amento de investimento das empresas em que a Uni\u00e3o, direta ou indiretamente, detenha a maioria do capital social votante; no entanto, a autoriza\u00e7\u00e3o para a abertura de cr\u00e9dito suplementar deve ser conte\u00fado de lei complementar espec\u00edfica.<\/strong><\/span><\/p>\n<p style=\"text-align: justify;\"><span style=\"color: #000000;\">\u00a0<\/span><\/p>\n<p style=\"text-align: justify;\"><span style=\"color: #000000;\">A lei or\u00e7ament\u00e1ria anual deve incluir or\u00e7amento de investimento das empresas em que a Uni\u00e3o, direta ou indiretamente, detenha a maioria do capital social votante.<\/span><\/p>\n<p style=\"text-align: justify;\"><span style=\"color: #000000;\">Ainda, pelo princ\u00edpio da exclusividade, a pr\u00f3pria <strong>LOA<\/strong> poder\u00e1 autorizar a abertura de cr\u00e9ditos adicionais suplementares.<\/span><\/p>\n<p style=\"text-align: justify;\"><span style=\"color: #000000;\">Resposta: Errada<\/span><\/p>\n<p style=\"text-align: justify;\"><span style=\"color: #000000;\">\u00a0<\/span><\/p>\n<p style=\"text-align: justify;\"><span style=\"color: #000000;\"><strong>103 O administrador p\u00fablico que autorizar investimento cuja execu\u00e7\u00e3o ultrapasse um exerc\u00edcio financeiro sem sua pr\u00e9via inclus\u00e3o no PPA poder\u00e1 responder por crime de responsabilidade.<\/strong><\/span><\/p>\n<p style=\"text-align: justify;\"><span style=\"color: #000000;\">\u00a0<\/span><\/p>\n<p style=\"text-align: justify;\"><span style=\"color: #000000;\">\u00c9 a \u00fanica quest\u00e3o pol\u00eamica.<\/span><\/p>\n<p style=\"text-align: justify;\"><span style=\"color: #000000;\">\u00a0<\/span><\/p>\n<p style=\"text-align: justify;\"><span style=\"color: #000000;\">Nenhum investimento cuja execu\u00e7\u00e3o ultrapasse um exerc\u00edcio financeiro poder\u00e1 ser iniciado sem pr\u00e9via inclus\u00e3o no plano plurianual, <strong>ou sem lei que autorize a inclus\u00e3o, sob pena de crime de responsabilidade<\/strong> (art. 167, \u00a7 1\u00ba, da CF\/1988).<\/span><\/p>\n<p style=\"text-align: justify;\"><span style=\"color: #000000;\">\u00a0<\/span><\/p>\n<p style=\"text-align: justify;\"><span style=\"color: #000000;\">Assim, o administrador p\u00fablico pode autorizar investimento cuja execu\u00e7\u00e3o ultrapasse um exerc\u00edcio financeiro sem sua pr\u00e9via inclus\u00e3o no PPA, <strong>desde que<\/strong> exista uma lei que autorize a inclus\u00e3o.<\/span><\/p>\n<p style=\"text-align: justify;\"><span style=\"color: #000000;\">\u00a0<\/span><\/p>\n<p style=\"text-align: justify;\"><span style=\"color: #000000;\">Aparentemente, ent\u00e3o, a quest\u00e3o estaria errada.<\/span><\/p>\n<p style=\"text-align: justify;\"><span style=\"color: #000000;\">\u00a0<\/span><\/p>\n<p style=\"text-align: justify;\"><span style=\"color: #000000;\">S\u00f3 que a quest\u00e3o diz \u201cpoder\u00e1\u201d. Realmente, no caso em tela, o administrador poder\u00e1 responder por crime de responsabilidade, caso tamb\u00e9m n\u00e3o exista uma lei que autorize a inclus\u00e3o.<\/span><\/p>\n<p style=\"text-align: justify;\"><span style=\"color: #000000;\">\u00a0<\/span><\/p>\n<p style=\"text-align: justify;\"><span style=\"color: #000000;\">Resposta da Banca: Certa<\/span><\/p>\n<p style=\"text-align: justify;\"><span style=\"color: #000000;\">\u00a0<\/span><\/p>\n<p style=\"text-align: justify;\"><span style=\"color: #000000;\">Gabarito proposto: <strong>Anulada, por n\u00e3o possibilitar uma interpreta\u00e7\u00e3o objetiva por parte do candidato.<\/strong><\/span><\/p>\n<p style=\"text-align: justify;\"><span style=\"color: #000000;\">\u00a0<\/span><\/p>\n<p style=\"text-align: justify;\"><span style=\"color: #000000;\"><strong>Com rela\u00e7\u00e3o ao disposto na CF acerca de ciclo or\u00e7ament\u00e1rio e or\u00e7amento p\u00fablico, julgue os itens subsecutivos. <\/strong><\/span><\/p>\n<p style=\"text-align: justify;\"><span style=\"color: #000000;\"><strong>104 O ciclo or\u00e7ament\u00e1rio inicia-se com a formula\u00e7\u00e3o do planejamento plurianual pelo Poder Executivo e encerra-se com a avalia\u00e7\u00e3o da execu\u00e7\u00e3o e do julgamento das contas.<\/strong><\/span><\/p>\n<p style=\"text-align: justify;\"><span style=\"color: #000000;\">\u00a0<\/span><\/p>\n<p style=\"text-align: justify;\"><span style=\"color: #000000;\">Nos termos da CF\/1988, o ciclo or\u00e7ament\u00e1rio ampliado desdobrar-se em oito fases, quais sejam:<\/span><\/p>\n<p style=\"text-align: justify;\"><span style=\"color: #000000;\">_ formula\u00e7\u00e3o do planejamento plurianual, pelo Executivo;<\/span><\/p>\n<p style=\"text-align: justify;\"><span style=\"color: #000000;\">_ aprecia\u00e7\u00e3o e adequa\u00e7\u00e3o do plano, pelo Legislativo;<\/span><\/p>\n<p style=\"text-align: justify;\"><span style=\"color: #000000;\">_ proposi\u00e7\u00e3o de metas e prioridades para a administra\u00e7\u00e3o e da pol\u00edtica de aloca\u00e7\u00e3o de recursos pelo Executivo;<\/span><\/p>\n<p style=\"text-align: justify;\"><span style=\"color: #000000;\">_ aprecia\u00e7\u00e3o e adequa\u00e7\u00e3o da LDO, pelo Legislativo;<\/span><\/p>\n<p style=\"text-align: justify;\"><span style=\"color: #000000;\">_ elabora\u00e7\u00e3o da proposta de or\u00e7amento, pelo Executivo;<\/span><\/p>\n<p style=\"text-align: justify;\"><span style=\"color: #000000;\">_ aprecia\u00e7\u00e3o, adequa\u00e7\u00e3o e autoriza\u00e7\u00e3o legislativa;<\/span><\/p>\n<p style=\"text-align: justify;\"><span style=\"color: #000000;\">_ execu\u00e7\u00e3o dos or\u00e7amentos aprovados;<\/span><\/p>\n<p style=\"text-align: justify;\"><span style=\"color: #000000;\">_ avalia\u00e7\u00e3o da execu\u00e7\u00e3o e julgamento das contas.<\/span><\/p>\n<p style=\"text-align: justify;\"><span style=\"color: #000000;\">\u00a0<\/span><\/p>\n<p style=\"text-align: justify;\"><span style=\"color: #000000;\">Resposta: Certa<\/span><\/p>\n<p style=\"text-align: justify;\"><span style=\"color: #000000;\">\u00a0<\/span><\/p>\n<p style=\"text-align: justify;\"><span style=\"color: #000000;\"><strong>105 As fases do ciclo or\u00e7ament\u00e1rio podem ser aglutinadas de acordo com suas finalidades e periodicidades.<\/strong><\/span><\/p>\n<p style=\"text-align: justify;\"><span style=\"color: #000000;\">\u00a0<\/span><\/p>\n<p style=\"text-align: justify;\"><span style=\"color: #000000;\">As fases do ciclo or\u00e7ament\u00e1rio s\u00e3o <strong>insuscet\u00edveis<\/strong> de aglutina\u00e7\u00e3o, dado que cada uma possui ritmo pr\u00f3prio, finalidade distinta e periodicidade definida.<\/span><\/p>\n<p style=\"text-align: justify;\"><span style=\"color: #000000;\">Resposta: Errada<\/span><\/p>\n<p style=\"text-align: justify;\"><span style=\"color: #000000;\">\u00a0<\/span><\/p>\n<p style=\"text-align: justify;\"><span style=\"color: #000000;\"><strong>106 Compete ao Poder Legislativo propor, no ciclo or\u00e7ament\u00e1rio, as metas e as prioridades para a administra\u00e7\u00e3o p\u00fablica.<\/strong><\/span><\/p>\n<p style=\"text-align: justify;\"><span style=\"color: #000000;\">\u00a0<\/span><\/p>\n<p style=\"text-align: justify;\"><span style=\"color: #000000;\">A <span style=\"text-decoration: underline;\">lei de diretrizes or\u00e7ament\u00e1rias compreender\u00e1 as metas e prioridades<\/span> da administra\u00e7\u00e3o p\u00fablica federal, incluindo as despesas de capital para o exerc\u00edcio financeiro subsequente, orientar\u00e1 a elabora\u00e7\u00e3o da lei or\u00e7ament\u00e1ria anual, dispor\u00e1 sobre as altera\u00e7\u00f5es na legisla\u00e7\u00e3o tribut\u00e1ria e estabelecer\u00e1 a pol\u00edtica de aplica\u00e7\u00e3o das ag\u00eancias financeiras oficiais de fomento (art. 165, \u00a7 2\u00ba, da CF\/1988).<\/span><\/p>\n<p style=\"text-align: justify;\"><span style=\"color: #000000;\">\u00a0<\/span><\/p>\n<p style=\"text-align: justify;\"><span style=\"color: #000000;\">Segundo o art. 165, I a III, da Constitui\u00e7\u00e3o Federal de 1988:<\/span><\/p>\n<p style=\"text-align: justify;\"><span style=\"color: #000000;\"><em>Art. 165. Leis de iniciativa do <strong>Poder Executivo<\/strong> estabelecer\u00e3o:<\/em><\/span><\/p>\n<p style=\"text-align: justify;\"><span style=\"color: #000000;\"><em>I \u2013 o plano plurianual;<\/em><\/span><\/p>\n<p style=\"text-align: justify;\"><span style=\"color: #000000;\"><em>II \u2013 as <span style=\"text-decoration: underline;\">diretrizes or\u00e7ament\u00e1rias<\/span>;<\/em><\/span><\/p>\n<p style=\"text-align: justify;\"><span style=\"color: #000000;\"><em>III \u2013 os or\u00e7amentos anuais.<\/em><\/span><\/p>\n<p style=\"text-align: justify;\"><span style=\"color: #000000;\">\u00a0<\/span><\/p>\n<p style=\"text-align: justify;\"><span style=\"color: #000000;\">Assim, a quest\u00e3o est\u00e1 incorreta porque compete ao Poder <strong>Executivo<\/strong> propor, no ciclo or\u00e7ament\u00e1rio, as metas e as prioridades para a administra\u00e7\u00e3o p\u00fablica.<\/span><\/p>\n<p style=\"text-align: justify;\"><span style=\"color: #000000;\">\u00a0<\/span><\/p>\n<p style=\"text-align: justify;\"><span style=\"color: #000000;\">Outra forma de resolver a quest\u00e3o \u00e9 o conhecimento do ciclo or\u00e7ament\u00e1rio ampliado:<\/span><\/p>\n<p style=\"text-align: justify;\"><span style=\"color: #000000;\">\u00a0<\/span><\/p>\n<p style=\"text-align: justify;\"><span style=\"color: #000000;\">Nos termos da CF\/1988, o ciclo or\u00e7ament\u00e1rio ampliado desdobrar-se em oito fases, quais sejam:<\/span><\/p>\n<p style=\"text-align: justify;\"><span style=\"color: #000000;\">_ formula\u00e7\u00e3o do planejamento plurianual, pelo Executivo;<\/span><\/p>\n<p style=\"text-align: justify;\"><span style=\"color: #000000;\">_ aprecia\u00e7\u00e3o e adequa\u00e7\u00e3o do plano, pelo Legislativo;<\/span><\/p>\n<p style=\"text-align: justify;\"><span style=\"color: #000000;\">_ proposi\u00e7\u00e3o de metas e prioridades para a administra\u00e7\u00e3o e da pol\u00edtica de aloca\u00e7\u00e3o de recursos pelo <strong>Executivo<\/strong>;<\/span><\/p>\n<p style=\"text-align: justify;\"><span style=\"color: #000000;\">_ aprecia\u00e7\u00e3o e adequa\u00e7\u00e3o da LDO, pelo Legislativo;<\/span><\/p>\n<p style=\"text-align: justify;\"><span style=\"color: #000000;\">_ elabora\u00e7\u00e3o da proposta de or\u00e7amento, pelo Executivo;<\/span><\/p>\n<p style=\"text-align: justify;\"><span style=\"color: #000000;\">_ aprecia\u00e7\u00e3o, adequa\u00e7\u00e3o e autoriza\u00e7\u00e3o legislativa;<\/span><\/p>\n<p style=\"text-align: justify;\"><span style=\"color: #000000;\">_ execu\u00e7\u00e3o dos or\u00e7amentos aprovados;<\/span><\/p>\n<p style=\"text-align: justify;\"><span style=\"color: #000000;\">_ avalia\u00e7\u00e3o da execu\u00e7\u00e3o e julgamento das contas.<\/span><\/p>\n<p style=\"text-align: justify;\"><span style=\"color: #000000;\">\u00a0<\/span><\/p>\n<p style=\"text-align: justify;\"><span style=\"color: #000000;\">Resposta: Errada<\/span><\/p>\n<p style=\"text-align: justify;\"><span style=\"color: #000000;\">\u00a0<\/span><\/p>\n<p style=\"text-align: justify;\"><span style=\"color: #000000;\"><strong>107 A norma legal que institui o or\u00e7amento p\u00fablico anual deve definir, de forma regionalizada, as despesas para custear os investimentos em programas de dura\u00e7\u00e3o continuada.<\/strong><\/span><\/p>\n<p style=\"text-align: justify;\"><span style=\"color: #000000;\">\u00a0<\/span><\/p>\n<p style=\"text-align: justify;\"><span style=\"color: #000000;\">A lei que instituir o <strong>plano plurianual<\/strong> estabelecer\u00e1, de forma regionalizada, as diretrizes, objetivos e metas da administra\u00e7\u00e3o p\u00fablica federal para as despesas de capital e outras delas decorrentes e para as relativas aos programas de dura\u00e7\u00e3o continuada (art. 165, \u00a7 1\u00ba, da CF\/1988).<\/span><\/p>\n<p style=\"text-align: justify;\"><span style=\"color: #000000;\">Resposta: Errada<\/span><\/p>\n<p style=\"text-align: justify;\"><span style=\"color: #000000;\">\u00a0<\/span><\/p>\n<p style=\"text-align: justify;\"><span style=\"color: #000000;\"><strong>108 Se uma dota\u00e7\u00e3o or\u00e7ament\u00e1ria for cancelada em decorr\u00eancia de emenda parlamentar, e o valor da referida dota\u00e7\u00e3o for destinado para uma despesa vetada pelo chefe do Poder Executivo, esse valor poder\u00e1 ser empregado para abertura de cr\u00e9dito especial durante o exerc\u00edcio de vig\u00eancia da lei que tenha sofrido o veto.<\/strong><\/span><\/p>\n<p style=\"text-align: justify;\"><span style=\"color: #000000;\"><strong><span style=\"text-decoration: underline;\">\u00a0<\/span><\/strong><\/span><\/p>\n<p style=\"text-align: justify;\"><span style=\"color: #000000;\">Os recursos que, em decorr\u00eancia de <span style=\"text-decoration: underline;\">veto<\/span>, emenda ou rejei\u00e7\u00e3o do projeto de lei or\u00e7ament\u00e1ria anual, ficarem sem despesas correspondentes poder\u00e3o ser utilizados, conforme o caso, mediante <span style=\"text-decoration: underline;\">cr\u00e9ditos especiais<\/span> ou suplementares, com pr\u00e9via e espec\u00edfica autoriza\u00e7\u00e3o legislativa (art. 166, \u00a7 8, da CF\/1988).<\/span><\/p>\n<p style=\"text-align: justify;\"><span style=\"color: #000000;\">Resposta: Certa<\/span><\/p>\n<p style=\"text-align: justify;\">\n<p style=\"text-align: justify;\"><span style=\"color: #000000;\">Quer uma prepara\u00e7\u00e3o mais geral para diversos concursos? Fa\u00e7a o curso regular de Administra\u00e7\u00e3o Financeira e Or\u00e7ament\u00e1ria e Lei de Responsabilidade Fiscal:<\/span><\/p>\n<p style=\"text-align: justify;\"><span style=\"color: #0000ff;\"><a style=\"color: #0000ff;\" href=\"https:\/\/www.estrategiaconcursos.com.br\/curso\/curso-regular-de-administracao-financeira-e-orcamentaria-e-lei-de-resp-fiscal-com-videoaulas-6129\/\">https:\/\/www.estrategiaconcursos.com.br\/curso\/curso-regular-de-administracao-financeira-e-orcamentaria-e-lei-de-resp-fiscal-com-videoaulas-6129\/<\/a><\/span><\/p>\n<p style=\"text-align: justify;\"><span style=\"color: #000000;\">Forte abra\u00e7o!<\/span><\/p>\n<p style=\"text-align: justify;\"><span style=\"color: #000000;\">S\u00e9rgio Mendes<\/span><\/p>\n<p style=\"text-align: justify;\"><span style=\"color: #000000;\">Cursos online:\u00a0\u00a0<span style=\"color: #0000ff;\"><a style=\"color: #0000ff;\" href=\"http:\/\/www.estrategiaconcursos.com.br\/cursosPorProfessor\/sergio-mendes-3000\/\">http:\/\/www.estrategiaconcursos.com.br\/cursosPorProfessor\/sergio-mendes-3000\/<\/a><\/span><\/span><\/p>\n<p style=\"text-align: justify;\"><span style=\"color: #000000;\">Blog:\u00a0<span style=\"color: #0000ff;\"><a style=\"color: #0000ff;\" href=\"http:\/\/www.portaldoorcamento.com.br\/\">http:\/\/www.portaldoorcamento.com.br\/<\/a><\/span><\/span><\/p>\n<p style=\"text-align: justify;\"><span style=\"color: #000000;\">e-mail: sergiomendes@estrategiaconcursos.com.br<\/span><\/p>\n<p style=\"text-align: justify;\"><span style=\"color: #000000;\">Twitter: @sergiomendesafo<\/span><\/p>\n<p style=\"text-align: justify;\"><span style=\"color: #0000ff;\"><a style=\"color: #0000ff;\" href=\"https:\/\/www.facebook.com\/profsergiomendes\">https:\/\/www.facebook.com\/profsergiomendes<\/a><\/span><\/p>\n","protected":false},"excerpt":{"rendered":"<p>Ol\u00e1 amigos! Como \u00e9 bom estar aqui! Segue a prova comentada de Administra\u00e7\u00e3o Financeira e Or\u00e7ament\u00e1ria p\/ o DEPEN. \u00c9 o concurso para agente Penitenci\u00e1rio Nacional (Cargo 7). Acerca das no\u00e7\u00f5es b\u00e1sicas de or\u00e7amento p\u00fablico e de administra\u00e7\u00e3o financeira e or\u00e7ament\u00e1ria, julgue os itens a seguir. 95 SITUA\u00c7\u00c3O HIPOT\u00c9TICA: Um deputado apresentou proposta de emenda [&hellip;]<\/p>\n","protected":false},"author":29,"featured_media":0,"comment_status":"open","ping_status":"open","sticky":false,"template":"","format":"standard","meta":{"post_tipo":"article","footnotes":""},"categories":[],"tags":[46,641,697,712],"tax_estado":[],"class_list":["post-24266","post","type-post","status-publish","format-standard","hentry","tag-comentarios","tag-depen","tag-gabaritos","tag-provas"],"acf":[],"yoast_head":"<!-- This site is optimized with the Yoast SEO Premium plugin v27.2 (Yoast SEO v27.2) - https:\/\/yoast.com\/product\/yoast-seo-premium-wordpress\/ -->\n<title>Prova de AFO Comentada - Concurso DEPEN \/ CESPE - 2015<\/title>\n<meta name=\"description\" content=\"Confira os coment\u00e1rios \u00e0 prova de AFO do concurso Depen 2015.\" \/>\n<meta name=\"robots\" content=\"index, follow, max-snippet:-1, max-image-preview:large, max-video-preview:-1\" \/>\n<link rel=\"canonical\" href=\"https:\/\/www.estrategiaconcursos.com.br\/blog\/prova-de-afo-comentada-depencespe\/\" \/>\n<meta property=\"og:locale\" content=\"pt_BR\" \/>\n<meta property=\"og:type\" content=\"article\" \/>\n<meta property=\"og:title\" content=\"Prova de AFO Comentada - Concurso DEPEN \/ CESPE - 2015\" \/>\n<meta property=\"og:description\" content=\"Confira os coment\u00e1rios \u00e0 prova de AFO do concurso Depen 2015.\" \/>\n<meta property=\"og:url\" content=\"https:\/\/www.estrategiaconcursos.com.br\/blog\/prova-de-afo-comentada-depencespe\/\" \/>\n<meta property=\"og:site_name\" content=\"Estrat\u00e9gia Concursos\" \/>\n<meta property=\"article:author\" content=\"https:\/\/www.facebook.com\/profsergiomendes\" \/>\n<meta property=\"article:published_time\" content=\"2015-07-01T01:58:57+00:00\" \/>\n<meta property=\"article:modified_time\" content=\"2015-07-01T11:17:49+00:00\" \/>\n<meta name=\"author\" content=\"S\u00e9rgio Mendes\" \/>\n<meta name=\"twitter:card\" content=\"summary_large_image\" \/>\n<meta name=\"twitter:creator\" content=\"@EstratConcursos\" \/>\n<meta name=\"twitter:site\" content=\"@EstratConcursos\" \/>\n<meta name=\"twitter:label1\" content=\"Escrito por\" \/>\n\t<meta name=\"twitter:data1\" content=\"S\u00e9rgio Mendes\" \/>\n\t<meta name=\"twitter:label2\" content=\"Est. tempo de leitura\" \/>\n\t<meta name=\"twitter:data2\" content=\"8 minutos\" \/>\n<script type=\"application\/ld+json\" class=\"yoast-schema-graph\">{\"@context\":\"https:\/\/schema.org\",\"@graph\":[{\"@type\":\"NewsArticle\",\"@id\":\"https:\/\/www.estrategiaconcursos.com.br\/blog\/prova-de-afo-comentada-depencespe\/#article\",\"isPartOf\":{\"@id\":\"https:\/\/www.estrategiaconcursos.com.br\/blog\/prova-de-afo-comentada-depencespe\/\"},\"author\":{\"name\":\"S\u00e9rgio Mendes\",\"@id\":\"https:\/\/www.estrategiaconcursos.com.br\/blog\/#\/schema\/person\/4ddc4a162b4fdffa2ea9956dbf62f583\"},\"headline\":\"Prova de AFO Comentada &#8211; Concurso DEPEN \/ CESPE &#8211; 2015\",\"datePublished\":\"2015-07-01T01:58:57+00:00\",\"dateModified\":\"2015-07-01T11:17:49+00:00\",\"mainEntityOfPage\":{\"@id\":\"https:\/\/www.estrategiaconcursos.com.br\/blog\/prova-de-afo-comentada-depencespe\/\"},\"wordCount\":1690,\"commentCount\":3,\"publisher\":{\"@id\":\"https:\/\/www.estrategiaconcursos.com.br\/blog\/#organization\"},\"keywords\":[\"Coment\u00e1rios\",\"DEPEN\",\"Gabaritos\",\"Provas\"],\"inLanguage\":\"pt-BR\",\"potentialAction\":[{\"@type\":\"CommentAction\",\"name\":\"Comment\",\"target\":[\"https:\/\/www.estrategiaconcursos.com.br\/blog\/prova-de-afo-comentada-depencespe\/#respond\"]}],\"copyrightYear\":\"2015\",\"copyrightHolder\":{\"@id\":\"https:\/\/www.estrategiaconcursos.com.br\/blog\/#organization\"}},{\"@type\":\"WebPage\",\"@id\":\"https:\/\/www.estrategiaconcursos.com.br\/blog\/prova-de-afo-comentada-depencespe\/\",\"url\":\"https:\/\/www.estrategiaconcursos.com.br\/blog\/prova-de-afo-comentada-depencespe\/\",\"name\":\"Prova de AFO Comentada - Concurso DEPEN \/ CESPE - 2015\",\"isPartOf\":{\"@id\":\"https:\/\/www.estrategiaconcursos.com.br\/blog\/#website\"},\"datePublished\":\"2015-07-01T01:58:57+00:00\",\"dateModified\":\"2015-07-01T11:17:49+00:00\",\"description\":\"Confira os coment\u00e1rios \u00e0 prova de AFO do concurso Depen 2015.\",\"breadcrumb\":{\"@id\":\"https:\/\/www.estrategiaconcursos.com.br\/blog\/prova-de-afo-comentada-depencespe\/#breadcrumb\"},\"inLanguage\":\"pt-BR\",\"potentialAction\":[{\"@type\":\"ReadAction\",\"target\":[\"https:\/\/www.estrategiaconcursos.com.br\/blog\/prova-de-afo-comentada-depencespe\/\"]}]},{\"@type\":\"BreadcrumbList\",\"@id\":\"https:\/\/www.estrategiaconcursos.com.br\/blog\/prova-de-afo-comentada-depencespe\/#breadcrumb\",\"itemListElement\":[{\"@type\":\"ListItem\",\"position\":1,\"name\":\"In\u00edcio\",\"item\":\"https:\/\/www.estrategiaconcursos.com.br\/blog\/\"},{\"@type\":\"ListItem\",\"position\":2,\"name\":\"Prova de AFO Comentada &#8211; Concurso DEPEN \/ CESPE &#8211; 2015\"}]},{\"@type\":\"WebSite\",\"@id\":\"https:\/\/www.estrategiaconcursos.com.br\/blog\/#website\",\"url\":\"https:\/\/www.estrategiaconcursos.com.br\/blog\/\",\"name\":\"Estrat\u00e9gia Concursos\",\"description\":\"O blog da Estrat\u00e9gia Concursos traz not\u00edcias sobre concursos e artigos de professores oferecendo cursos para concursos (pdf + videaulas) no site.\",\"publisher\":{\"@id\":\"https:\/\/www.estrategiaconcursos.com.br\/blog\/#organization\"},\"potentialAction\":[{\"@type\":\"SearchAction\",\"target\":{\"@type\":\"EntryPoint\",\"urlTemplate\":\"https:\/\/www.estrategiaconcursos.com.br\/blog\/?s={search_term_string}\"},\"query-input\":{\"@type\":\"PropertyValueSpecification\",\"valueRequired\":true,\"valueName\":\"search_term_string\"}}],\"inLanguage\":\"pt-BR\"},{\"@type\":\"Organization\",\"@id\":\"https:\/\/www.estrategiaconcursos.com.br\/blog\/#organization\",\"name\":\"Estrat\u00e9gia Concursos\",\"url\":\"https:\/\/www.estrategiaconcursos.com.br\/blog\/\",\"logo\":{\"@type\":\"ImageObject\",\"inLanguage\":\"pt-BR\",\"@id\":\"https:\/\/www.estrategiaconcursos.com.br\/blog\/#\/schema\/logo\/image\/\",\"url\":\"https:\/\/dhg1h5j42swfq.cloudfront.net\/2025\/06\/03203428\/logo_concursos-1.jpg\",\"contentUrl\":\"https:\/\/dhg1h5j42swfq.cloudfront.net\/2025\/06\/03203428\/logo_concursos-1.jpg\",\"width\":230,\"height\":60,\"caption\":\"Estrat\u00e9gia Concursos\"},\"image\":{\"@id\":\"https:\/\/www.estrategiaconcursos.com.br\/blog\/#\/schema\/logo\/image\/\"},\"sameAs\":[\"https:\/\/x.com\/EstratConcursos\"]},{\"@type\":\"Person\",\"@id\":\"https:\/\/www.estrategiaconcursos.com.br\/blog\/#\/schema\/person\/4ddc4a162b4fdffa2ea9956dbf62f583\",\"name\":\"S\u00e9rgio Mendes\",\"image\":{\"@type\":\"ImageObject\",\"inLanguage\":\"pt-BR\",\"@id\":\"https:\/\/secure.gravatar.com\/avatar\/4eb4b562c33f40d6f7f76579da7e07350c69579df7db305d32a69ed32ecfd5ce?s=96&d=mm&r=g\",\"url\":\"https:\/\/secure.gravatar.com\/avatar\/4eb4b562c33f40d6f7f76579da7e07350c69579df7db305d32a69ed32ecfd5ce?s=96&d=mm&r=g\",\"contentUrl\":\"https:\/\/secure.gravatar.com\/avatar\/4eb4b562c33f40d6f7f76579da7e07350c69579df7db305d32a69ed32ecfd5ce?s=96&d=mm&r=g\",\"caption\":\"S\u00e9rgio Mendes\"},\"sameAs\":[\"https:\/\/www.facebook.com\/profsergiomendes\"],\"url\":\"https:\/\/www.estrategiaconcursos.com.br\/blog\/author\/sergiomendesestrategiaconcursos-com-br\/\"}]}<\/script>\n<!-- \/ Yoast SEO Premium plugin. -->","yoast_head_json":{"title":"Prova de AFO Comentada - Concurso DEPEN \/ CESPE - 2015","description":"Confira os coment\u00e1rios \u00e0 prova de AFO do concurso Depen 2015.","robots":{"index":"index","follow":"follow","max-snippet":"max-snippet:-1","max-image-preview":"max-image-preview:large","max-video-preview":"max-video-preview:-1"},"canonical":"https:\/\/www.estrategiaconcursos.com.br\/blog\/prova-de-afo-comentada-depencespe\/","og_locale":"pt_BR","og_type":"article","og_title":"Prova de AFO Comentada - Concurso DEPEN \/ CESPE - 2015","og_description":"Confira os coment\u00e1rios \u00e0 prova de AFO do concurso Depen 2015.","og_url":"https:\/\/www.estrategiaconcursos.com.br\/blog\/prova-de-afo-comentada-depencespe\/","og_site_name":"Estrat\u00e9gia Concursos","article_author":"https:\/\/www.facebook.com\/profsergiomendes","article_published_time":"2015-07-01T01:58:57+00:00","article_modified_time":"2015-07-01T11:17:49+00:00","author":"S\u00e9rgio Mendes","twitter_card":"summary_large_image","twitter_creator":"@EstratConcursos","twitter_site":"@EstratConcursos","twitter_misc":{"Escrito por":"S\u00e9rgio Mendes","Est. tempo de leitura":"8 minutos"},"schema":{"@context":"https:\/\/schema.org","@graph":[{"@type":"NewsArticle","@id":"https:\/\/www.estrategiaconcursos.com.br\/blog\/prova-de-afo-comentada-depencespe\/#article","isPartOf":{"@id":"https:\/\/www.estrategiaconcursos.com.br\/blog\/prova-de-afo-comentada-depencespe\/"},"author":{"name":"S\u00e9rgio Mendes","@id":"https:\/\/www.estrategiaconcursos.com.br\/blog\/#\/schema\/person\/4ddc4a162b4fdffa2ea9956dbf62f583"},"headline":"Prova de AFO Comentada &#8211; Concurso DEPEN \/ CESPE &#8211; 2015","datePublished":"2015-07-01T01:58:57+00:00","dateModified":"2015-07-01T11:17:49+00:00","mainEntityOfPage":{"@id":"https:\/\/www.estrategiaconcursos.com.br\/blog\/prova-de-afo-comentada-depencespe\/"},"wordCount":1690,"commentCount":3,"publisher":{"@id":"https:\/\/www.estrategiaconcursos.com.br\/blog\/#organization"},"keywords":["Coment\u00e1rios","DEPEN","Gabaritos","Provas"],"inLanguage":"pt-BR","potentialAction":[{"@type":"CommentAction","name":"Comment","target":["https:\/\/www.estrategiaconcursos.com.br\/blog\/prova-de-afo-comentada-depencespe\/#respond"]}],"copyrightYear":"2015","copyrightHolder":{"@id":"https:\/\/www.estrategiaconcursos.com.br\/blog\/#organization"}},{"@type":"WebPage","@id":"https:\/\/www.estrategiaconcursos.com.br\/blog\/prova-de-afo-comentada-depencespe\/","url":"https:\/\/www.estrategiaconcursos.com.br\/blog\/prova-de-afo-comentada-depencespe\/","name":"Prova de AFO Comentada - Concurso DEPEN \/ CESPE - 2015","isPartOf":{"@id":"https:\/\/www.estrategiaconcursos.com.br\/blog\/#website"},"datePublished":"2015-07-01T01:58:57+00:00","dateModified":"2015-07-01T11:17:49+00:00","description":"Confira os coment\u00e1rios \u00e0 prova de AFO do concurso Depen 2015.","breadcrumb":{"@id":"https:\/\/www.estrategiaconcursos.com.br\/blog\/prova-de-afo-comentada-depencespe\/#breadcrumb"},"inLanguage":"pt-BR","potentialAction":[{"@type":"ReadAction","target":["https:\/\/www.estrategiaconcursos.com.br\/blog\/prova-de-afo-comentada-depencespe\/"]}]},{"@type":"BreadcrumbList","@id":"https:\/\/www.estrategiaconcursos.com.br\/blog\/prova-de-afo-comentada-depencespe\/#breadcrumb","itemListElement":[{"@type":"ListItem","position":1,"name":"In\u00edcio","item":"https:\/\/www.estrategiaconcursos.com.br\/blog\/"},{"@type":"ListItem","position":2,"name":"Prova de AFO Comentada &#8211; Concurso DEPEN \/ CESPE &#8211; 2015"}]},{"@type":"WebSite","@id":"https:\/\/www.estrategiaconcursos.com.br\/blog\/#website","url":"https:\/\/www.estrategiaconcursos.com.br\/blog\/","name":"Estrat\u00e9gia Concursos","description":"O blog da Estrat\u00e9gia Concursos traz not\u00edcias sobre concursos e artigos de professores oferecendo cursos para concursos (pdf + videaulas) no site.","publisher":{"@id":"https:\/\/www.estrategiaconcursos.com.br\/blog\/#organization"},"potentialAction":[{"@type":"SearchAction","target":{"@type":"EntryPoint","urlTemplate":"https:\/\/www.estrategiaconcursos.com.br\/blog\/?s={search_term_string}"},"query-input":{"@type":"PropertyValueSpecification","valueRequired":true,"valueName":"search_term_string"}}],"inLanguage":"pt-BR"},{"@type":"Organization","@id":"https:\/\/www.estrategiaconcursos.com.br\/blog\/#organization","name":"Estrat\u00e9gia Concursos","url":"https:\/\/www.estrategiaconcursos.com.br\/blog\/","logo":{"@type":"ImageObject","inLanguage":"pt-BR","@id":"https:\/\/www.estrategiaconcursos.com.br\/blog\/#\/schema\/logo\/image\/","url":"https:\/\/dhg1h5j42swfq.cloudfront.net\/2025\/06\/03203428\/logo_concursos-1.jpg","contentUrl":"https:\/\/dhg1h5j42swfq.cloudfront.net\/2025\/06\/03203428\/logo_concursos-1.jpg","width":230,"height":60,"caption":"Estrat\u00e9gia Concursos"},"image":{"@id":"https:\/\/www.estrategiaconcursos.com.br\/blog\/#\/schema\/logo\/image\/"},"sameAs":["https:\/\/x.com\/EstratConcursos"]},{"@type":"Person","@id":"https:\/\/www.estrategiaconcursos.com.br\/blog\/#\/schema\/person\/4ddc4a162b4fdffa2ea9956dbf62f583","name":"S\u00e9rgio Mendes","image":{"@type":"ImageObject","inLanguage":"pt-BR","@id":"https:\/\/secure.gravatar.com\/avatar\/4eb4b562c33f40d6f7f76579da7e07350c69579df7db305d32a69ed32ecfd5ce?s=96&d=mm&r=g","url":"https:\/\/secure.gravatar.com\/avatar\/4eb4b562c33f40d6f7f76579da7e07350c69579df7db305d32a69ed32ecfd5ce?s=96&d=mm&r=g","contentUrl":"https:\/\/secure.gravatar.com\/avatar\/4eb4b562c33f40d6f7f76579da7e07350c69579df7db305d32a69ed32ecfd5ce?s=96&d=mm&r=g","caption":"S\u00e9rgio Mendes"},"sameAs":["https:\/\/www.facebook.com\/profsergiomendes"],"url":"https:\/\/www.estrategiaconcursos.com.br\/blog\/author\/sergiomendesestrategiaconcursos-com-br\/"}]}},"_links":{"self":[{"href":"https:\/\/www.estrategiaconcursos.com.br\/blog\/wp-json\/wp\/v2\/posts\/24266","targetHints":{"allow":["GET"]}}],"collection":[{"href":"https:\/\/www.estrategiaconcursos.com.br\/blog\/wp-json\/wp\/v2\/posts"}],"about":[{"href":"https:\/\/www.estrategiaconcursos.com.br\/blog\/wp-json\/wp\/v2\/types\/post"}],"author":[{"embeddable":true,"href":"https:\/\/www.estrategiaconcursos.com.br\/blog\/wp-json\/wp\/v2\/users\/29"}],"replies":[{"embeddable":true,"href":"https:\/\/www.estrategiaconcursos.com.br\/blog\/wp-json\/wp\/v2\/comments?post=24266"}],"version-history":[{"count":3,"href":"https:\/\/www.estrategiaconcursos.com.br\/blog\/wp-json\/wp\/v2\/posts\/24266\/revisions"}],"predecessor-version":[{"id":24270,"href":"https:\/\/www.estrategiaconcursos.com.br\/blog\/wp-json\/wp\/v2\/posts\/24266\/revisions\/24270"}],"wp:attachment":[{"href":"https:\/\/www.estrategiaconcursos.com.br\/blog\/wp-json\/wp\/v2\/media?parent=24266"}],"wp:term":[{"taxonomy":"category","embeddable":true,"href":"https:\/\/www.estrategiaconcursos.com.br\/blog\/wp-json\/wp\/v2\/categories?post=24266"},{"taxonomy":"post_tag","embeddable":true,"href":"https:\/\/www.estrategiaconcursos.com.br\/blog\/wp-json\/wp\/v2\/tags?post=24266"},{"taxonomy":"tax_estado","embeddable":true,"href":"https:\/\/www.estrategiaconcursos.com.br\/blog\/wp-json\/wp\/v2\/tax_estado?post=24266"}],"curies":[{"name":"wp","href":"https:\/\/api.w.org\/{rel}","templated":true}]}}