{"id":24190,"date":"2015-06-29T20:21:20","date_gmt":"2015-06-29T23:21:20","guid":{"rendered":"http:\/\/www.estrategiaconcursos.com.br\/blog\/?p=24190"},"modified":"2015-06-29T20:23:10","modified_gmt":"2015-06-29T23:23:10","slug":"comentarios-a-prova-de-direitos-humanos-e-participacao-social-do-depen","status":"publish","type":"post","link":"https:\/\/www.estrategiaconcursos.com.br\/blog\/comentarios-a-prova-de-direitos-humanos-e-participacao-social-do-depen\/","title":{"rendered":"Coment\u00e1rios \u00e0 prova de Direitos Humanos e Participa\u00e7\u00e3o Social do DEPEN"},"content":{"rendered":"<p><a href=\"https:\/\/dhg1h5j42swfq.cloudfront.net\/2015\/06\/download.jpg\"><img loading=\"lazy\" decoding=\"async\" class=\" size-full wp-image-24191 alignleft\" src=\"https:\/\/dhg1h5j42swfq.cloudfront.net\/2015\/06\/download.jpg\" alt=\"download\" width=\"218\" height=\"231\" \/><\/a>Pessoal, analisamos a prova realizada neste \u00faltimo domingo \u2013 dia 29.06.2015 \u2013 para os cargos de Agente Penitenci\u00e1rio Federal do Departamento Penitenci\u00e1rio Nacional (DEPEN) em concurso realizado pelo CESPE.<\/p>\n<p>Em rela\u00e7\u00e3o \u00e0 prova de Direitos Humanos, as quest\u00f5es foram variadas e com um n\u00edvel de complexidade relativamente tranquilo. Tal como esper\u00e1vamos, a disciplina de Direitos Humanos teve grande destaque na prova e abrangeu 16 das 50 assertivas da prova de conhecimentos b\u00e1sicos.<\/p>\n<p>A prova foi estruturada em tr\u00eas blocos de cinco quest\u00f5es. No primeiro bloco as quest\u00f5es foram concentradas no Decreto n\u00ba 8.243\/2014, que instituiu a Pol\u00edtica Nacional de Participa\u00e7\u00e3o Social (PNPS) e o Sistema Nacional de Participa\u00e7\u00e3o Social (SNPS). No segundo bloco, tivemos quest\u00f5es abordando a tem\u00e1tica da Declara\u00e7\u00e3o Universal dos Direitos Humanos. Por fim, no \u00faltimo bloco houve a cobran\u00e7a de temas variados, com destaque para os Direitos Humanos na CF.<\/p>\n<p>A prova, portanto, abrangeu os seguintes temas:<\/p>\n<ul>\n<li>Decreto n\u00ba 8.243\/2014 (cinco quest\u00f5es)<\/li>\n<li>Declara\u00e7\u00e3o Universal dos Direitos Humanos (5 quest\u00f5es)<\/li>\n<li>Direitos Humanos na Constitui\u00e7\u00e3o Federal (4 quest\u00f5es)<\/li>\n<li>Direitos Humanos na Lei de Execu\u00e7\u00e3o Penal (2 quest\u00f5es)<\/li>\n<\/ul>\n<p>Felizmente, todas as seis quest\u00f5es da nossa prova foram abordadas em aula.<\/p>\n<p>Quanto \u00e0 possibilidade de recursos cremos que \u00e9 poss\u00edvel argumentar que a seguinte assertiva est\u00e1 fora do edital:<\/p>\n<blockquote><p><em>Compete privativamente ao Poder Executivo propor projeto de lei que obrigue o cidad\u00e3o a fazer ou deixar de fazer alguma coisa.<\/em><\/p><\/blockquote>\n<p>Vide nossos coment\u00e1rios! Assim, independentemente do gabarito provis\u00f3rio, a assertiva dever\u00e1 ser anulada em nosso entender.<\/p>\n<p>Segue, abaixo, coment\u00e1rios das quest\u00f5es.<\/p>\n<p style=\"text-align: center\"><strong><a href=\"https:\/\/dhg1h5j42swfq.cloudfront.net\/2015\/06\/23-29.06.2015-Coment%C3%A1rios-%C3%A0-Prova-de-Direitos-Humanos-do-DEPEN.pdf\">Coment\u00e1rios \u00e0 Prova de Direitos Humanos do DEPEN<\/a><\/strong><\/p>\n<p>Bons estudos a todos!<\/p>\n<p>Ricardo Torques<\/p>\n<p><a href=\"mailto:rst.estrategia@gmail.com\">rst.estrategia@gmail.com<\/a><\/p>\n<p><a href=\"https:\/\/www.facebook.com\/ricardo.s.torques\">https:\/\/www.facebook.com\/ricardo.s.torques<\/a><\/p>\n","protected":false},"excerpt":{"rendered":"<p>Pessoal, analisamos a prova realizada neste \u00faltimo domingo \u2013 dia 29.06.2015 \u2013 para os cargos de Agente Penitenci\u00e1rio Federal do Departamento Penitenci\u00e1rio Nacional (DEPEN) em concurso realizado pelo CESPE. Em rela\u00e7\u00e3o \u00e0 prova de Direitos Humanos, as quest\u00f5es foram variadas e com um n\u00edvel de complexidade relativamente tranquilo. Tal como esper\u00e1vamos, a disciplina de Direitos [&hellip;]<\/p>\n","protected":false},"author":180,"featured_media":0,"comment_status":"open","ping_status":"open","sticky":false,"template":"","format":"standard","meta":{"post_tipo":"article","footnotes":""},"categories":[1],"tags":[],"tax_estado":[],"class_list":["post-24190","post","type-post","status-publish","format-standard","hentry","category-cursos-e-concursos"],"acf":[],"yoast_head":"<!-- This site is optimized with the Yoast SEO Premium plugin v27.2 (Yoast SEO v27.2) - https:\/\/yoast.com\/product\/yoast-seo-premium-wordpress\/ -->\n<title>Coment\u00e1rios \u00e0 prova de Direitos Humanos e Participa\u00e7\u00e3o Social do DEPEN<\/title>\n<meta name=\"robots\" content=\"index, follow, max-snippet:-1, max-image-preview:large, max-video-preview:-1\" \/>\n<link rel=\"canonical\" href=\"https:\/\/www.estrategiaconcursos.com.br\/blog\/comentarios-a-prova-de-direitos-humanos-e-participacao-social-do-depen\/\" \/>\n<meta property=\"og:locale\" content=\"pt_BR\" \/>\n<meta property=\"og:type\" content=\"article\" \/>\n<meta property=\"og:title\" content=\"Coment\u00e1rios \u00e0 prova de Direitos Humanos e Participa\u00e7\u00e3o Social do DEPEN\" \/>\n<meta property=\"og:description\" content=\"Pessoal, analisamos a prova realizada neste \u00faltimo domingo \u2013 dia 29.06.2015 \u2013 para os cargos de Agente Penitenci\u00e1rio Federal do Departamento Penitenci\u00e1rio Nacional (DEPEN) em concurso realizado pelo CESPE. Em rela\u00e7\u00e3o \u00e0 prova de Direitos Humanos, as quest\u00f5es foram variadas e com um n\u00edvel de complexidade relativamente tranquilo. Tal como esper\u00e1vamos, a disciplina de Direitos [&hellip;]\" \/>\n<meta property=\"og:url\" content=\"https:\/\/www.estrategiaconcursos.com.br\/blog\/comentarios-a-prova-de-direitos-humanos-e-participacao-social-do-depen\/\" \/>\n<meta property=\"og:site_name\" content=\"Estrat\u00e9gia Concursos\" \/>\n<meta property=\"article:author\" content=\"https:\/\/www.facebook.com\/ricardo.s.torques\" \/>\n<meta property=\"article:published_time\" content=\"2015-06-29T23:21:20+00:00\" \/>\n<meta property=\"article:modified_time\" content=\"2015-06-29T23:23:10+00:00\" \/>\n<meta property=\"og:image\" content=\"https:\/\/dhg1h5j42swfq.cloudfront.net\/2015\/06\/download.jpg\" \/>\n<meta name=\"author\" content=\"Ricardo Torques\" \/>\n<meta name=\"twitter:card\" content=\"summary_large_image\" \/>\n<meta name=\"twitter:creator\" content=\"@EstratConcursos\" \/>\n<meta name=\"twitter:site\" content=\"@EstratConcursos\" \/>\n<meta name=\"twitter:label1\" content=\"Escrito por\" \/>\n\t<meta name=\"twitter:data1\" content=\"Ricardo Torques\" \/>\n\t<meta name=\"twitter:label2\" content=\"Est. tempo de leitura\" \/>\n\t<meta name=\"twitter:data2\" content=\"1 minuto\" \/>\n<script type=\"application\/ld+json\" class=\"yoast-schema-graph\">{\"@context\":\"https:\/\/schema.org\",\"@graph\":[{\"@type\":\"NewsArticle\",\"@id\":\"https:\/\/www.estrategiaconcursos.com.br\/blog\/comentarios-a-prova-de-direitos-humanos-e-participacao-social-do-depen\/#article\",\"isPartOf\":{\"@id\":\"https:\/\/www.estrategiaconcursos.com.br\/blog\/comentarios-a-prova-de-direitos-humanos-e-participacao-social-do-depen\/\"},\"author\":{\"name\":\"Ricardo Torques\",\"@id\":\"https:\/\/www.estrategiaconcursos.com.br\/blog\/#\/schema\/person\/aa39cf5ddb518e5bdce27c35788405e2\"},\"headline\":\"Coment\u00e1rios \u00e0 prova de Direitos Humanos e Participa\u00e7\u00e3o Social do DEPEN\",\"datePublished\":\"2015-06-29T23:21:20+00:00\",\"dateModified\":\"2015-06-29T23:23:10+00:00\",\"mainEntityOfPage\":{\"@id\":\"https:\/\/www.estrategiaconcursos.com.br\/blog\/comentarios-a-prova-de-direitos-humanos-e-participacao-social-do-depen\/\"},\"wordCount\":305,\"commentCount\":0,\"publisher\":{\"@id\":\"https:\/\/www.estrategiaconcursos.com.br\/blog\/#organization\"},\"image\":{\"@id\":\"https:\/\/www.estrategiaconcursos.com.br\/blog\/comentarios-a-prova-de-direitos-humanos-e-participacao-social-do-depen\/#primaryimage\"},\"thumbnailUrl\":\"https:\/\/dhg1h5j42swfq.cloudfront.net\/2015\/06\/download.jpg\",\"articleSection\":[\"Concursos P\u00fablicos\"],\"inLanguage\":\"pt-BR\",\"potentialAction\":[{\"@type\":\"CommentAction\",\"name\":\"Comment\",\"target\":[\"https:\/\/www.estrategiaconcursos.com.br\/blog\/comentarios-a-prova-de-direitos-humanos-e-participacao-social-do-depen\/#respond\"]}],\"copyrightYear\":\"2015\",\"copyrightHolder\":{\"@id\":\"https:\/\/www.estrategiaconcursos.com.br\/blog\/#organization\"}},{\"@type\":\"WebPage\",\"@id\":\"https:\/\/www.estrategiaconcursos.com.br\/blog\/comentarios-a-prova-de-direitos-humanos-e-participacao-social-do-depen\/\",\"url\":\"https:\/\/www.estrategiaconcursos.com.br\/blog\/comentarios-a-prova-de-direitos-humanos-e-participacao-social-do-depen\/\",\"name\":\"Coment\u00e1rios \u00e0 prova de Direitos Humanos e Participa\u00e7\u00e3o Social do DEPEN\",\"isPartOf\":{\"@id\":\"https:\/\/www.estrategiaconcursos.com.br\/blog\/#website\"},\"primaryImageOfPage\":{\"@id\":\"https:\/\/www.estrategiaconcursos.com.br\/blog\/comentarios-a-prova-de-direitos-humanos-e-participacao-social-do-depen\/#primaryimage\"},\"image\":{\"@id\":\"https:\/\/www.estrategiaconcursos.com.br\/blog\/comentarios-a-prova-de-direitos-humanos-e-participacao-social-do-depen\/#primaryimage\"},\"thumbnailUrl\":\"https:\/\/dhg1h5j42swfq.cloudfront.net\/2015\/06\/download.jpg\",\"datePublished\":\"2015-06-29T23:21:20+00:00\",\"dateModified\":\"2015-06-29T23:23:10+00:00\",\"breadcrumb\":{\"@id\":\"https:\/\/www.estrategiaconcursos.com.br\/blog\/comentarios-a-prova-de-direitos-humanos-e-participacao-social-do-depen\/#breadcrumb\"},\"inLanguage\":\"pt-BR\",\"potentialAction\":[{\"@type\":\"ReadAction\",\"target\":[\"https:\/\/www.estrategiaconcursos.com.br\/blog\/comentarios-a-prova-de-direitos-humanos-e-participacao-social-do-depen\/\"]}]},{\"@type\":\"ImageObject\",\"inLanguage\":\"pt-BR\",\"@id\":\"https:\/\/www.estrategiaconcursos.com.br\/blog\/comentarios-a-prova-de-direitos-humanos-e-participacao-social-do-depen\/#primaryimage\",\"url\":\"https:\/\/dhg1h5j42swfq.cloudfront.net\/2015\/06\/download.jpg\",\"contentUrl\":\"https:\/\/dhg1h5j42swfq.cloudfront.net\/2015\/06\/download.jpg\"},{\"@type\":\"BreadcrumbList\",\"@id\":\"https:\/\/www.estrategiaconcursos.com.br\/blog\/comentarios-a-prova-de-direitos-humanos-e-participacao-social-do-depen\/#breadcrumb\",\"itemListElement\":[{\"@type\":\"ListItem\",\"position\":1,\"name\":\"In\u00edcio\",\"item\":\"https:\/\/www.estrategiaconcursos.com.br\/blog\/\"},{\"@type\":\"ListItem\",\"position\":2,\"name\":\"Coment\u00e1rios \u00e0 prova de Direitos Humanos e Participa\u00e7\u00e3o Social do DEPEN\"}]},{\"@type\":\"WebSite\",\"@id\":\"https:\/\/www.estrategiaconcursos.com.br\/blog\/#website\",\"url\":\"https:\/\/www.estrategiaconcursos.com.br\/blog\/\",\"name\":\"Estrat\u00e9gia Concursos\",\"description\":\"O blog da Estrat\u00e9gia Concursos traz not\u00edcias sobre concursos e artigos de professores oferecendo cursos para concursos (pdf + videaulas) no site.\",\"publisher\":{\"@id\":\"https:\/\/www.estrategiaconcursos.com.br\/blog\/#organization\"},\"potentialAction\":[{\"@type\":\"SearchAction\",\"target\":{\"@type\":\"EntryPoint\",\"urlTemplate\":\"https:\/\/www.estrategiaconcursos.com.br\/blog\/?s={search_term_string}\"},\"query-input\":{\"@type\":\"PropertyValueSpecification\",\"valueRequired\":true,\"valueName\":\"search_term_string\"}}],\"inLanguage\":\"pt-BR\"},{\"@type\":\"Organization\",\"@id\":\"https:\/\/www.estrategiaconcursos.com.br\/blog\/#organization\",\"name\":\"Estrat\u00e9gia Concursos\",\"url\":\"https:\/\/www.estrategiaconcursos.com.br\/blog\/\",\"logo\":{\"@type\":\"ImageObject\",\"inLanguage\":\"pt-BR\",\"@id\":\"https:\/\/www.estrategiaconcursos.com.br\/blog\/#\/schema\/logo\/image\/\",\"url\":\"https:\/\/dhg1h5j42swfq.cloudfront.net\/2025\/06\/03203428\/logo_concursos-1.jpg\",\"contentUrl\":\"https:\/\/dhg1h5j42swfq.cloudfront.net\/2025\/06\/03203428\/logo_concursos-1.jpg\",\"width\":230,\"height\":60,\"caption\":\"Estrat\u00e9gia Concursos\"},\"image\":{\"@id\":\"https:\/\/www.estrategiaconcursos.com.br\/blog\/#\/schema\/logo\/image\/\"},\"sameAs\":[\"https:\/\/x.com\/EstratConcursos\"]},{\"@type\":\"Person\",\"@id\":\"https:\/\/www.estrategiaconcursos.com.br\/blog\/#\/schema\/person\/aa39cf5ddb518e5bdce27c35788405e2\",\"name\":\"Ricardo Torques\",\"image\":{\"@type\":\"ImageObject\",\"inLanguage\":\"pt-BR\",\"@id\":\"https:\/\/secure.gravatar.com\/avatar\/ce9ac6c3cff25fe86d15ed568ebc64d1724baf5c0693133bcb1f6073f712f92a?s=96&d=mm&r=g\",\"url\":\"https:\/\/secure.gravatar.com\/avatar\/ce9ac6c3cff25fe86d15ed568ebc64d1724baf5c0693133bcb1f6073f712f92a?s=96&d=mm&r=g\",\"contentUrl\":\"https:\/\/secure.gravatar.com\/avatar\/ce9ac6c3cff25fe86d15ed568ebc64d1724baf5c0693133bcb1f6073f712f92a?s=96&d=mm&r=g\",\"caption\":\"Ricardo Torques\"},\"sameAs\":[\"https:\/\/www.facebook.com\/ricardo.s.torques\"],\"url\":\"https:\/\/www.estrategiaconcursos.com.br\/blog\/author\/ricardotorquesestrategiaconcursos-com-br\/\"}]}<\/script>\n<!-- \/ Yoast SEO Premium plugin. -->","yoast_head_json":{"title":"Coment\u00e1rios \u00e0 prova de Direitos Humanos e Participa\u00e7\u00e3o Social do DEPEN","robots":{"index":"index","follow":"follow","max-snippet":"max-snippet:-1","max-image-preview":"max-image-preview:large","max-video-preview":"max-video-preview:-1"},"canonical":"https:\/\/www.estrategiaconcursos.com.br\/blog\/comentarios-a-prova-de-direitos-humanos-e-participacao-social-do-depen\/","og_locale":"pt_BR","og_type":"article","og_title":"Coment\u00e1rios \u00e0 prova de Direitos Humanos e Participa\u00e7\u00e3o Social do DEPEN","og_description":"Pessoal, analisamos a prova realizada neste \u00faltimo domingo \u2013 dia 29.06.2015 \u2013 para os cargos de Agente Penitenci\u00e1rio Federal do Departamento Penitenci\u00e1rio Nacional (DEPEN) em concurso realizado pelo CESPE. Em rela\u00e7\u00e3o \u00e0 prova de Direitos Humanos, as quest\u00f5es foram variadas e com um n\u00edvel de complexidade relativamente tranquilo. Tal como esper\u00e1vamos, a disciplina de Direitos [&hellip;]","og_url":"https:\/\/www.estrategiaconcursos.com.br\/blog\/comentarios-a-prova-de-direitos-humanos-e-participacao-social-do-depen\/","og_site_name":"Estrat\u00e9gia Concursos","article_author":"https:\/\/www.facebook.com\/ricardo.s.torques","article_published_time":"2015-06-29T23:21:20+00:00","article_modified_time":"2015-06-29T23:23:10+00:00","og_image":[{"url":"https:\/\/dhg1h5j42swfq.cloudfront.net\/2015\/06\/download.jpg","type":"","width":"","height":""}],"author":"Ricardo Torques","twitter_card":"summary_large_image","twitter_creator":"@EstratConcursos","twitter_site":"@EstratConcursos","twitter_misc":{"Escrito por":"Ricardo Torques","Est. tempo de leitura":"1 minuto"},"schema":{"@context":"https:\/\/schema.org","@graph":[{"@type":"NewsArticle","@id":"https:\/\/www.estrategiaconcursos.com.br\/blog\/comentarios-a-prova-de-direitos-humanos-e-participacao-social-do-depen\/#article","isPartOf":{"@id":"https:\/\/www.estrategiaconcursos.com.br\/blog\/comentarios-a-prova-de-direitos-humanos-e-participacao-social-do-depen\/"},"author":{"name":"Ricardo Torques","@id":"https:\/\/www.estrategiaconcursos.com.br\/blog\/#\/schema\/person\/aa39cf5ddb518e5bdce27c35788405e2"},"headline":"Coment\u00e1rios \u00e0 prova de Direitos Humanos e Participa\u00e7\u00e3o Social do DEPEN","datePublished":"2015-06-29T23:21:20+00:00","dateModified":"2015-06-29T23:23:10+00:00","mainEntityOfPage":{"@id":"https:\/\/www.estrategiaconcursos.com.br\/blog\/comentarios-a-prova-de-direitos-humanos-e-participacao-social-do-depen\/"},"wordCount":305,"commentCount":0,"publisher":{"@id":"https:\/\/www.estrategiaconcursos.com.br\/blog\/#organization"},"image":{"@id":"https:\/\/www.estrategiaconcursos.com.br\/blog\/comentarios-a-prova-de-direitos-humanos-e-participacao-social-do-depen\/#primaryimage"},"thumbnailUrl":"https:\/\/dhg1h5j42swfq.cloudfront.net\/2015\/06\/download.jpg","articleSection":["Concursos P\u00fablicos"],"inLanguage":"pt-BR","potentialAction":[{"@type":"CommentAction","name":"Comment","target":["https:\/\/www.estrategiaconcursos.com.br\/blog\/comentarios-a-prova-de-direitos-humanos-e-participacao-social-do-depen\/#respond"]}],"copyrightYear":"2015","copyrightHolder":{"@id":"https:\/\/www.estrategiaconcursos.com.br\/blog\/#organization"}},{"@type":"WebPage","@id":"https:\/\/www.estrategiaconcursos.com.br\/blog\/comentarios-a-prova-de-direitos-humanos-e-participacao-social-do-depen\/","url":"https:\/\/www.estrategiaconcursos.com.br\/blog\/comentarios-a-prova-de-direitos-humanos-e-participacao-social-do-depen\/","name":"Coment\u00e1rios \u00e0 prova de Direitos Humanos e Participa\u00e7\u00e3o Social do DEPEN","isPartOf":{"@id":"https:\/\/www.estrategiaconcursos.com.br\/blog\/#website"},"primaryImageOfPage":{"@id":"https:\/\/www.estrategiaconcursos.com.br\/blog\/comentarios-a-prova-de-direitos-humanos-e-participacao-social-do-depen\/#primaryimage"},"image":{"@id":"https:\/\/www.estrategiaconcursos.com.br\/blog\/comentarios-a-prova-de-direitos-humanos-e-participacao-social-do-depen\/#primaryimage"},"thumbnailUrl":"https:\/\/dhg1h5j42swfq.cloudfront.net\/2015\/06\/download.jpg","datePublished":"2015-06-29T23:21:20+00:00","dateModified":"2015-06-29T23:23:10+00:00","breadcrumb":{"@id":"https:\/\/www.estrategiaconcursos.com.br\/blog\/comentarios-a-prova-de-direitos-humanos-e-participacao-social-do-depen\/#breadcrumb"},"inLanguage":"pt-BR","potentialAction":[{"@type":"ReadAction","target":["https:\/\/www.estrategiaconcursos.com.br\/blog\/comentarios-a-prova-de-direitos-humanos-e-participacao-social-do-depen\/"]}]},{"@type":"ImageObject","inLanguage":"pt-BR","@id":"https:\/\/www.estrategiaconcursos.com.br\/blog\/comentarios-a-prova-de-direitos-humanos-e-participacao-social-do-depen\/#primaryimage","url":"https:\/\/dhg1h5j42swfq.cloudfront.net\/2015\/06\/download.jpg","contentUrl":"https:\/\/dhg1h5j42swfq.cloudfront.net\/2015\/06\/download.jpg"},{"@type":"BreadcrumbList","@id":"https:\/\/www.estrategiaconcursos.com.br\/blog\/comentarios-a-prova-de-direitos-humanos-e-participacao-social-do-depen\/#breadcrumb","itemListElement":[{"@type":"ListItem","position":1,"name":"In\u00edcio","item":"https:\/\/www.estrategiaconcursos.com.br\/blog\/"},{"@type":"ListItem","position":2,"name":"Coment\u00e1rios \u00e0 prova de Direitos Humanos e Participa\u00e7\u00e3o Social do DEPEN"}]},{"@type":"WebSite","@id":"https:\/\/www.estrategiaconcursos.com.br\/blog\/#website","url":"https:\/\/www.estrategiaconcursos.com.br\/blog\/","name":"Estrat\u00e9gia Concursos","description":"O blog da Estrat\u00e9gia Concursos traz not\u00edcias sobre concursos e artigos de professores oferecendo cursos para concursos (pdf + videaulas) no site.","publisher":{"@id":"https:\/\/www.estrategiaconcursos.com.br\/blog\/#organization"},"potentialAction":[{"@type":"SearchAction","target":{"@type":"EntryPoint","urlTemplate":"https:\/\/www.estrategiaconcursos.com.br\/blog\/?s={search_term_string}"},"query-input":{"@type":"PropertyValueSpecification","valueRequired":true,"valueName":"search_term_string"}}],"inLanguage":"pt-BR"},{"@type":"Organization","@id":"https:\/\/www.estrategiaconcursos.com.br\/blog\/#organization","name":"Estrat\u00e9gia Concursos","url":"https:\/\/www.estrategiaconcursos.com.br\/blog\/","logo":{"@type":"ImageObject","inLanguage":"pt-BR","@id":"https:\/\/www.estrategiaconcursos.com.br\/blog\/#\/schema\/logo\/image\/","url":"https:\/\/dhg1h5j42swfq.cloudfront.net\/2025\/06\/03203428\/logo_concursos-1.jpg","contentUrl":"https:\/\/dhg1h5j42swfq.cloudfront.net\/2025\/06\/03203428\/logo_concursos-1.jpg","width":230,"height":60,"caption":"Estrat\u00e9gia Concursos"},"image":{"@id":"https:\/\/www.estrategiaconcursos.com.br\/blog\/#\/schema\/logo\/image\/"},"sameAs":["https:\/\/x.com\/EstratConcursos"]},{"@type":"Person","@id":"https:\/\/www.estrategiaconcursos.com.br\/blog\/#\/schema\/person\/aa39cf5ddb518e5bdce27c35788405e2","name":"Ricardo Torques","image":{"@type":"ImageObject","inLanguage":"pt-BR","@id":"https:\/\/secure.gravatar.com\/avatar\/ce9ac6c3cff25fe86d15ed568ebc64d1724baf5c0693133bcb1f6073f712f92a?s=96&d=mm&r=g","url":"https:\/\/secure.gravatar.com\/avatar\/ce9ac6c3cff25fe86d15ed568ebc64d1724baf5c0693133bcb1f6073f712f92a?s=96&d=mm&r=g","contentUrl":"https:\/\/secure.gravatar.com\/avatar\/ce9ac6c3cff25fe86d15ed568ebc64d1724baf5c0693133bcb1f6073f712f92a?s=96&d=mm&r=g","caption":"Ricardo Torques"},"sameAs":["https:\/\/www.facebook.com\/ricardo.s.torques"],"url":"https:\/\/www.estrategiaconcursos.com.br\/blog\/author\/ricardotorquesestrategiaconcursos-com-br\/"}]}},"_links":{"self":[{"href":"https:\/\/www.estrategiaconcursos.com.br\/blog\/wp-json\/wp\/v2\/posts\/24190","targetHints":{"allow":["GET"]}}],"collection":[{"href":"https:\/\/www.estrategiaconcursos.com.br\/blog\/wp-json\/wp\/v2\/posts"}],"about":[{"href":"https:\/\/www.estrategiaconcursos.com.br\/blog\/wp-json\/wp\/v2\/types\/post"}],"author":[{"embeddable":true,"href":"https:\/\/www.estrategiaconcursos.com.br\/blog\/wp-json\/wp\/v2\/users\/180"}],"replies":[{"embeddable":true,"href":"https:\/\/www.estrategiaconcursos.com.br\/blog\/wp-json\/wp\/v2\/comments?post=24190"}],"version-history":[{"count":4,"href":"https:\/\/www.estrategiaconcursos.com.br\/blog\/wp-json\/wp\/v2\/posts\/24190\/revisions"}],"predecessor-version":[{"id":24194,"href":"https:\/\/www.estrategiaconcursos.com.br\/blog\/wp-json\/wp\/v2\/posts\/24190\/revisions\/24194"}],"wp:attachment":[{"href":"https:\/\/www.estrategiaconcursos.com.br\/blog\/wp-json\/wp\/v2\/media?parent=24190"}],"wp:term":[{"taxonomy":"category","embeddable":true,"href":"https:\/\/www.estrategiaconcursos.com.br\/blog\/wp-json\/wp\/v2\/categories?post=24190"},{"taxonomy":"post_tag","embeddable":true,"href":"https:\/\/www.estrategiaconcursos.com.br\/blog\/wp-json\/wp\/v2\/tags?post=24190"},{"taxonomy":"tax_estado","embeddable":true,"href":"https:\/\/www.estrategiaconcursos.com.br\/blog\/wp-json\/wp\/v2\/tax_estado?post=24190"}],"curies":[{"name":"wp","href":"https:\/\/api.w.org\/{rel}","templated":true}]}}